{"id":8720,"date":"2023-07-27T13:18:35","date_gmt":"2023-07-27T11:18:35","guid":{"rendered":"https:\/\/bialcon.pl\/blog\/?p=8720"},"modified":"2025-11-24T10:17:50","modified_gmt":"2025-11-24T09:17:50","slug":"jak-ukryc-brak-talii-poznaj-porady-stylistek-z-mysla-o-swojej-figurze","status":"publish","type":"post","link":"https:\/\/bialcon.pl\/blog\/jak-ukryc-brak-talii-poznaj-porady-stylistek-z-mysla-o-swojej-figurze\/","title":{"rendered":"Jak ukry\u0107 brak talii? Poznaj porady stylistek z my\u015bl\u0105 o swojej figurze"},"content":{"rendered":"<div id=\"ez-toc-container\" class=\"ez-toc-v2_0_82_2 counter-hierarchy ez-toc-counter ez-toc-custom ez-toc-container-direction\">\n<div class=\"ez-toc-title-container\"><p class=\"ez-toc-title\" style=\"cursor:inherit\">Spis Tre\u015bci<\/p>\n<\/div><nav><ul class='ez-toc-list ez-toc-list-level-1 ' ><li class='ez-toc-page-1 ez-toc-heading-level-2'><a class=\"ez-toc-link ez-toc-heading-1\" href=\"https:\/\/bialcon.pl\/blog\/jak-ukryc-brak-talii-poznaj-porady-stylistek-z-mysla-o-swojej-figurze\/#Brak_talii_%E2%80%93_jak_wyrownac_proporcje_sylwetki\" >Brak talii &#8211; jak wyr\u00f3wna\u0107 proporcje sylwetki?<\/a><\/li><li class='ez-toc-page-1 ez-toc-heading-level-2'><a class=\"ez-toc-link ez-toc-heading-2\" href=\"https:\/\/bialcon.pl\/blog\/jak-ukryc-brak-talii-poznaj-porady-stylistek-z-mysla-o-swojej-figurze\/#Rozkloszowane_spodnice_na_brak_wciecia_w_talii\" >Rozkloszowane sp\u00f3dnice na brak wci\u0119cia w talii<\/a><\/li><li class='ez-toc-page-1 ez-toc-heading-level-2'><a class=\"ez-toc-link ez-toc-heading-3\" href=\"https:\/\/bialcon.pl\/blog\/jak-ukryc-brak-talii-poznaj-porady-stylistek-z-mysla-o-swojej-figurze\/#Jakie_fasony_tuszuja_brak_wciecia_w_talii\" >Jakie fasony tuszuj\u0105 brak wci\u0119cia w talii?<\/a><\/li><li class='ez-toc-page-1 ez-toc-heading-level-2'><a class=\"ez-toc-link ez-toc-heading-4\" href=\"https:\/\/bialcon.pl\/blog\/jak-ukryc-brak-talii-poznaj-porady-stylistek-z-mysla-o-swojej-figurze\/#Pasek_%E2%80%93_czyli_sposob_na_brak_talii\" >Pasek &#8211; czyli spos\u00f3b na brak talii<\/a><\/li><li class='ez-toc-page-1 ez-toc-heading-level-2'><a class=\"ez-toc-link ez-toc-heading-5\" href=\"https:\/\/bialcon.pl\/blog\/jak-ukryc-brak-talii-poznaj-porady-stylistek-z-mysla-o-swojej-figurze\/#Czy_spodnie_z_wysokim_stanem_sa_dobre_na_brak_talii\" >Czy spodnie z wysokim stanem s\u0105 dobre na brak talii?<\/a><\/li><li class='ez-toc-page-1 ez-toc-heading-level-2'><a class=\"ez-toc-link ez-toc-heading-6\" href=\"https:\/\/bialcon.pl\/blog\/jak-ukryc-brak-talii-poznaj-porady-stylistek-z-mysla-o-swojej-figurze\/#Jakie_sukienki_wyczaruja_talie_osy\" >Jakie sukienki wyczaruj\u0105 tali\u0119 osy?<\/a><\/li><li class='ez-toc-page-1 ez-toc-heading-level-2'><a class=\"ez-toc-link ez-toc-heading-7\" href=\"https:\/\/bialcon.pl\/blog\/jak-ukryc-brak-talii-poznaj-porady-stylistek-z-mysla-o-swojej-figurze\/#Modowe_sztuczki_pomocne_przy_braku_talii\" >Modowe sztuczki pomocne przy braku talii<\/a><\/li><li class='ez-toc-page-1 ez-toc-heading-level-2'><a class=\"ez-toc-link ez-toc-heading-8\" href=\"https:\/\/bialcon.pl\/blog\/jak-ukryc-brak-talii-poznaj-porady-stylistek-z-mysla-o-swojej-figurze\/#Kolory_i_wzory_%E2%80%93_sposob_na_brak_wciecia_w_pasie\" >Kolory i wzory &#8211; spos\u00f3b na brak wci\u0119cia w pasie<\/a><\/li><li class='ez-toc-page-1 ez-toc-heading-level-2'><a class=\"ez-toc-link ez-toc-heading-9\" href=\"https:\/\/bialcon.pl\/blog\/jak-ukryc-brak-talii-poznaj-porady-stylistek-z-mysla-o-swojej-figurze\/#Brak_wciecia_w_talii_Zobacz_czego_lepiej_unikac\" >Brak wci\u0119cia w talii? Zobacz, czego lepiej unika\u0107!<\/a><\/li><li class='ez-toc-page-1 ez-toc-heading-level-2'><a class=\"ez-toc-link ez-toc-heading-10\" href=\"https:\/\/bialcon.pl\/blog\/jak-ukryc-brak-talii-poznaj-porady-stylistek-z-mysla-o-swojej-figurze\/#Czy_juz_wiesz_jak_zyskac_wciecie_w_talii\" >Czy ju\u017c wiesz, jak zyska\u0107 wci\u0119cie w talii?<\/a><\/li><\/ul><\/nav><\/div>\n\n<p>Chocia\u017c filozofia body positive jest Ci bliska, brak talii to Tw\u00f3j kompleks? Je\u015bli ten mankament budowy cia\u0142a sp\u0119dza Ci sen z powiek, najwy\u017cszy czas si\u0119 z nim rozprawi\u0107. I nie mamy na my\u015bli noszenia obciskaj\u0105cych gorset\u00f3w, morderczych \u0107wicze\u0144 albo, co gorsza, dokonywanych przez niekt\u00f3re celebrytki operacji usuwania \u017ceber. Tak, jak istniej\u0105 proste i sprawdzone sposoby na to, by ukry\u0107 szerokie ramiona, tak samo dost\u0119pne s\u0105 modowe sztuczki tuszuj\u0105ce brak wci\u0119cia w talii. Dowiedz si\u0119, ile mo\u017ce zdzia\u0142a\u0107 dla sylwetki dobrze dobrany str\u00f3j i ciesz si\u0119 kszta\u0142tn\u0105 figur\u0105 o kobiecych proporcjach.<\/p>\n\n\n\n<h2 class=\"wp-block-heading\"><span class=\"ez-toc-section\" id=\"Brak_talii_%E2%80%93_jak_wyrownac_proporcje_sylwetki\"><\/span>Brak talii &#8211; jak wyr\u00f3wna\u0107 proporcje sylwetki?<span class=\"ez-toc-section-end\"><\/span><\/h2>\n\n\n\n<p>Talia odgrywa wa\u017cn\u0105 rol\u0119 w tym, jak jest postrzegana kobieca figura. Naturalne przew\u0119\u017cenie znajduje si\u0119 w po\u0142owie sylwetki i \u0142\u0105czy g\u00f3rne oraz dolne cz\u0119\u015bci cia\u0142a. Wyra\u017anie wyodr\u0119bniona talia sprawia, \u017ce ca\u0142o\u015b\u0107 zyskuje na lekko\u015bci i kobiecych proporcjach. Analogicznie &#8211; brak talii mo\u017ce optycznie przeci\u0105\u017ca\u0107 figur\u0119, co jest szczeg\u00f3lnie niekorzystne dla Pa\u0144 nosz\u0105cych wi\u0119ksze rozmiary. Warto jednak zaznaczy\u0107, \u017ce problem ma\u0142o widocznej talii jest tak samo popularny w\u015br\u00f3d kobiet tak o szczup\u0142ej, jak i bardziej kr\u0105g\u0142ej figurze, poniewa\u017c wynika nie tyle z masy cia\u0142a, co z typu jego budowy.<\/p>\n\n\n\n<p>Brak wci\u0119cia w talii powinien sk\u0142ania\u0107 do si\u0119gania po te modele ubra\u0144, dzi\u0119ki kt\u00f3rym mo\u017cna wyr\u00f3wna\u0107 proporcje sylwetki. Czasami rozwi\u0105zanie jest niewiarygodnie proste &#8211; tak, jak zapi\u0119cie \u015brodkowego guzika w marynarce, zamiast noszenia jej ca\u0142kiem rozpi\u0119tej. Innym razem trzeba troch\u0119 pog\u0142\u00f3wkowa\u0107, szukaj\u0105c optymalnego pomys\u0142u na wci\u0119cie w pasie. Je\u015bli Twoj\u0105 bol\u0105czk\u0105 jest nie tylko brak wci\u0119cia w talii, ale tak\u017ce masywne ramiona, nie \u0142am si\u0119! Wystarczy bowiem poszuka\u0107 takich ubra\u0144, kt\u00f3re wizualnie wyr\u00f3wnaj\u0105 biodra z lini\u0105 ramion, uzyskuj\u0105c wra\u017cenie w\u0119\u017cszego obwodu w pasie. Co powiesz na rozkloszowan\u0105 sp\u00f3dniczk\u0119?<\/p>\n\n\n\n<h2 class=\"wp-block-heading\"><span class=\"ez-toc-section\" id=\"Rozkloszowane_spodnice_na_brak_wciecia_w_talii\"><\/span>Rozkloszowane sp\u00f3dnice na brak wci\u0119cia w talii<span class=\"ez-toc-section-end\"><\/span><\/h2>\n\n\n\n<p>Sp\u00f3dnice rozkloszowane to modowe remedium na brak talii. Warto mie\u0107 je w swojej szafie, poniewa\u017c w\u0142a\u015bnie dzi\u0119ki nim proporcjonalna staje si\u0119 nawet sylwetka o szerokich ramionach, kt\u00f3re cz\u0119sto wyst\u0119puj\u0105 w parze ze s\u0142abo widocznym przew\u0119\u017ceniem w pasie. Rozkloszowana mini, midi, a nawet maxi powinna by\u0107 wszyta w pasek o szeroko\u015bci oko\u0142o 2-3 centymetr\u00f3w. Dzi\u0119ki nim talia wydaje si\u0119 o wiele w\u0119\u017csza.<\/p>\n\n\n\n<p>Warto mie\u0107 co najmniej kilka sp\u00f3dnic z ko\u0142a stosownych na r\u00f3\u017cne okazje. Zastanawiasz si\u0119, czy o\u0142\u00f3wkowe sp\u00f3dnice pomog\u0105 kobietom, kt\u00f3re dotyczy brak wci\u0119cia w talii? Odpowied\u017a nie jest jednoznaczna. Je\u015bli masz bardzo w\u0105skie biodra i szerok\u0105 tali\u0119, przylegaj\u0105ca sp\u00f3dnica tylko to uwidoczni. Jednak je\u017celi masz cho\u0107 troch\u0119 szersze biodra ni\u017c tali\u0119, a do tego wybierzesz zw\u0119\u017caj\u0105c\u0105 si\u0119 ku do\u0142owi sp\u00f3dnic\u0119 o\u0142\u00f3wkow\u0105 z karczkiem, masz szans\u0119 na sukces, poniewa\u017c ten kr\u00f3j uwydatni kobiece kr\u0105g\u0142o\u015bci.<\/p>\n\n\n\r\n<div class=\"product-block-container swiper mySwiperProductBlock\">\r\n    <div class=\"product-block-swiper swiper-wrapper\">\r\n                    <div class=\"swiper-slide product-block-item\" data-id=\"147719\">\r\n                <a href=\"https:\/\/bialcon.pl\/bezowa-asymetryczna-spodnica-w-eleganckim-wydaniu?utm_source=blog&utm_medium=wyprzedaz&utm_campaign=270723\" class=\"product-block-url\" target=\"_blank\">\r\n                    <div class=\"product-block-image\">\r\n                        <img decoding=\"async\" width=\"300\" height=\"400\" src=\"https:\/\/bialcon.pl\/picture\/bezowa-asymetryczna-spodnica-w-eleganckim-wydaniu.jpg\" alt=\"Be\u017cowa asymetryczna sp\u00f3dnica w eleganckim wydaniu\">\r\n                    <\/div>\r\n                    <div class=\"product-block-name\">\r\n                        <p>Be\u017cowa asymetryczna sp\u00f3dnica w eleganckim wydaniu<\/p>\r\n                    <\/div>\r\n                <\/a>\r\n            <\/div>\r\n                    <div class=\"swiper-slide product-block-item\" data-id=\"147765\">\r\n                <a href=\"https:\/\/bialcon.pl\/trapezowa-wzorzysta-spodnica-z-rozcieciem-z-przodu?utm_source=blog&utm_medium=wyprzedaz&utm_campaign=270723\" class=\"product-block-url\" target=\"_blank\">\r\n                    <div class=\"product-block-image\">\r\n                        <img decoding=\"async\" width=\"300\" height=\"400\" src=\"https:\/\/bialcon.pl\/picture\/trapezowa-wzorzysta-spodnica-z-rozporkiem-na-nodze.jpg\" alt=\"Trapezowa wzorzysta sp\u00f3dnica z rozci\u0119ciem z przodu\">\r\n                    <\/div>\r\n                    <div class=\"product-block-name\">\r\n                        <p>Trapezowa wzorzysta sp\u00f3dnica z rozci\u0119ciem z przodu<\/p>\r\n                    <\/div>\r\n                <\/a>\r\n            <\/div>\r\n                    <div class=\"swiper-slide product-block-item\" data-id=\"147766\">\r\n                <a href=\"https:\/\/bialcon.pl\/letnia-wiskozowa-spodnica-w-brazowe-kwiaty?utm_source=blog&utm_medium=wyprzedaz&utm_campaign=270723\" class=\"product-block-url\" target=\"_blank\">\r\n                    <div class=\"product-block-image\">\r\n                        <img decoding=\"async\" width=\"300\" height=\"400\" src=\"https:\/\/bialcon.pl\/picture\/letnia-wiskozowa-spodnica-w-brazowe-kwiaty.jpg\" alt=\"Letnia wiskozowa sp\u00f3dnica w br\u0105zowe kwiaty\">\r\n                    <\/div>\r\n                    <div class=\"product-block-name\">\r\n                        <p>Letnia wiskozowa sp\u00f3dnica w br\u0105zowe kwiaty<\/p>\r\n                    <\/div>\r\n                <\/a>\r\n            <\/div>\r\n            <\/div>\r\n<\/div>\r\n\n\n\n\n<h2 class=\"wp-block-heading\"><span class=\"ez-toc-section\" id=\"Jakie_fasony_tuszuja_brak_wciecia_w_talii\"><\/span>Jakie fasony tuszuj\u0105 brak wci\u0119cia w talii?<span class=\"ez-toc-section-end\"><\/span><\/h2>\n\n\n\n<p>Rozkloszowana sp\u00f3dnica to nie jedyna kreacja, w kt\u00f3rej b\u0119dziesz bosko wygl\u0105da\u0107. Opr\u00f3cz niej warto mie\u0107 w zanadrzu bluzki i topy z dekoltami w kszta\u0142cie litery v oraz wszelkiego rodzaju kardigany, blezery, narzutki, trencze i sukienki z wi\u0105zaniem w talii. Wi\u0105zanie szarf\u0105, paskiem lub ko\u0144cami bluzki dzia\u0142a cuda i prezentuje si\u0119 atrakcyjnie na damskiej sylwetce. To absolutny must have w szafie kobiety, kt\u00f3rej doskwiera brak wci\u0119cia w talii.<\/p>\n\n\n\n<p>Innym pomys\u0142em na brak talii jest si\u0119gni\u0119cie po fasony oversize. Wprawdzie nie wyczaruj\u0105 one iluzji wci\u0119cia w pasie, ale pozwol\u0105 ca\u0142kowicie zamaskowa\u0107 &#8222;problem.&#8221; Lu\u017ana tunika lub sukienka zatuszuj\u0105 dodatkowo wystaj\u0105cy brzuch i boczki. Jednak aby ca\u0142o\u015b\u0107 wygl\u0105da\u0142a kobieco, szerok\u0105 g\u00f3r\u0119 dobrze jest skontrastowa\u0107 z dopasowanym do\u0142em, eksponuj\u0105cym zgrabne nogi. Sprawdzi si\u0119 zatem miks, jaki stworz\u0105 kr\u00f3tkie sukienki o lu\u017anym kroju lub oversizowa bluzka i obcis\u0142e spodnie lub jegginsy.<\/p>\n\n\n\r\n<div class=\"product-block-container swiper mySwiperProductBlock\">\r\n    <div class=\"product-block-swiper swiper-wrapper\">\r\n                    <div class=\"swiper-slide product-block-item\" data-id=\"147688\">\r\n                <a href=\"https:\/\/bialcon.pl\/letnia-luzna-bluzka-w-brazowe-kwiaty?utm_source=blog&utm_medium=wyprzedaz&utm_campaign=270723\" class=\"product-block-url\" target=\"_blank\">\r\n                    <div class=\"product-block-image\">\r\n                        <img decoding=\"async\" width=\"300\" height=\"400\" src=\"https:\/\/bialcon.pl\/picture\/letnia-luzna-bluzka-w-brazowe-kwiaty_1.jpg\" alt=\"Letnia lu\u017ana bluzka w br\u0105zowe kwiaty\">\r\n                    <\/div>\r\n                    <div class=\"product-block-name\">\r\n                        <p>Letnia lu\u017ana bluzka w br\u0105zowe kwiaty<\/p>\r\n                    <\/div>\r\n                <\/a>\r\n            <\/div>\r\n                    <div class=\"swiper-slide product-block-item\" data-id=\"147734\">\r\n                <a href=\"https:\/\/bialcon.pl\/bluzka-w-letnich-kolorach-z-regulowanym-dekoltem?utm_source=blog&utm_medium=wyprzedaz&utm_campaign=270723\" class=\"product-block-url\" target=\"_blank\">\r\n                    <div class=\"product-block-image\">\r\n                        <img decoding=\"async\" width=\"300\" height=\"400\" src=\"https:\/\/bialcon.pl\/picture\/bluzka-w-letnich-kolorach-z-regulowanym-dekoltem_5.jpg\" alt=\"Bluzka w letnich kolorach z regulowanym dekoltem\">\r\n                    <\/div>\r\n                    <div class=\"product-block-name\">\r\n                        <p>Bluzka w letnich kolorach z regulowanym dekoltem<\/p>\r\n                    <\/div>\r\n                <\/a>\r\n            <\/div>\r\n                    <div class=\"swiper-slide product-block-item\" data-id=\"147735\">\r\n                <a href=\"https:\/\/bialcon.pl\/kobieca-dzianinowa-bluzka-z-rozkloszowanym-rekawkiem?utm_source=blog&utm_medium=wyprzedaz&utm_campaign=270723\" class=\"product-block-url\" target=\"_blank\">\r\n                    <div class=\"product-block-image\">\r\n                        <img decoding=\"async\" width=\"300\" height=\"400\" src=\"https:\/\/bialcon.pl\/picture\/kobieca-dzianinowa-bluzka-z-rozkloszowanym-rekawkiem.jpg\" alt=\"Kobieca dzianinowa bluzka z rozkloszowanym r\u0119kawkiem\">\r\n                    <\/div>\r\n                    <div class=\"product-block-name\">\r\n                        <p>Kobieca dzianinowa bluzka z rozkloszowanym r\u0119kawkiem<\/p>\r\n                    <\/div>\r\n                <\/a>\r\n            <\/div>\r\n            <\/div>\r\n<\/div>\r\n\n\n\n\n<h2 class=\"wp-block-heading\"><span class=\"ez-toc-section\" id=\"Pasek_%E2%80%93_czyli_sposob_na_brak_talii\"><\/span>Pasek &#8211; czyli spos\u00f3b na brak talii<span class=\"ez-toc-section-end\"><\/span><\/h2>\n\n\n\n<p>Co jeszcze zrobi\u0107, by mie\u0107 wci\u0119cie w pasie? Prostym sposobem na brak wci\u0119cia w talii s\u0105 oczywi\u015bcie paski zapinane w jej obr\u0119bie. Najbardziej uniwersalne s\u0105 te o szeroko\u015bci oko\u0142o 4 centymetr\u00f3w, jednak je\u015bli jeste\u015b do\u015b\u0107 szczup\u0142a, mo\u017cesz zdecydowa\u0107 si\u0119 na szerszy pas. Wybierz model w ciemniejszym ni\u017c reszta stylizacji kolorze i b\u0105d\u017a pewna spektakularnego efektu. Na pewno niewskazane s\u0105 paski zbyt ciasne, kt\u00f3re nieestetycznie \u015bciskaj\u0105 cia\u0142o, wcinaj\u0105c si\u0119 w brzuch i uwidaczniaj\u0105c fa\u0142dki. Bardzo cienkie paseczki nie s\u0105 po\u017c\u0105dane, szczeg\u00f3lnie je\u017celi nosisz wi\u0119kszy rozmiar. Je\u015bli i tak zamierzasz uzupe\u0142ni\u0107 cienkim paskiem stylizacj\u0119, unikaj kolorystycznego kontrastu, stawiaj\u0105c na podobne odcienie akcesorium i reszty stroju.<\/p>\n\n\n\r\n<div class=\"product-block-container swiper mySwiperProductBlock\">\r\n    <div class=\"product-block-swiper swiper-wrapper\">\r\n                    <div class=\"swiper-slide product-block-item\" data-id=\"147889\">\r\n                <a href=\"https:\/\/bialcon.pl\/szeroki-brazowy-pasek-z-naturalnej-skory-licowej?utm_source=blog&utm_medium=wyprzedaz&utm_campaign=270723\" class=\"product-block-url\" target=\"_blank\">\r\n                    <div class=\"product-block-image\">\r\n                        <img decoding=\"async\" width=\"300\" height=\"400\" src=\"https:\/\/bialcon.pl\/picture\/szeroki-brazowy-pasek-z-naturalnej-skory-licowej.png\" alt=\"Szeroki br\u0105zowy pasek z naturalnej sk\u00f3ry licowej\">\r\n                    <\/div>\r\n                    <div class=\"product-block-name\">\r\n                        <p>Szeroki br\u0105zowy pasek z naturalnej sk\u00f3ry licowej<\/p>\r\n                    <\/div>\r\n                <\/a>\r\n            <\/div>\r\n                    <div class=\"swiper-slide product-block-item\" data-id=\"147888\">\r\n                <a href=\"https:\/\/bialcon.pl\/czarny-szeroki-pasek-z-gladkiej-skory-naturalnej?utm_source=blog&utm_medium=wyprzedaz&utm_campaign=270723\" class=\"product-block-url\" target=\"_blank\">\r\n                    <div class=\"product-block-image\">\r\n                        <img decoding=\"async\" width=\"300\" height=\"400\" src=\"https:\/\/bialcon.pl\/picture\/czarny-szeroki-pasek-z-gladkiej-skory-naturalnej.png\" alt=\"Czarny szeroki pasek z g\u0142adkiej sk\u00f3ry naturalnej\">\r\n                    <\/div>\r\n                    <div class=\"product-block-name\">\r\n                        <p>Czarny szeroki pasek z g\u0142adkiej sk\u00f3ry naturalnej<\/p>\r\n                    <\/div>\r\n                <\/a>\r\n            <\/div>\r\n                    <div class=\"swiper-slide product-block-item\" data-id=\"147890\">\r\n                <a href=\"https:\/\/bialcon.pl\/szeroki-bezowy-pasek-ze-skory-zamszowej?utm_source=blog&utm_medium=wyprzedaz&utm_campaign=270723\" class=\"product-block-url\" target=\"_blank\">\r\n                    <div class=\"product-block-image\">\r\n                        <img decoding=\"async\" width=\"300\" height=\"400\" src=\"https:\/\/bialcon.pl\/picture\/szeroki-bezowy-pasek-ze-skory-zamszowej.png\" alt=\"Szeroki be\u017cowy pasek ze sk\u00f3ry zamszowej\">\r\n                    <\/div>\r\n                    <div class=\"product-block-name\">\r\n                        <p>Szeroki be\u017cowy pasek ze sk\u00f3ry zamszowej<\/p>\r\n                    <\/div>\r\n                <\/a>\r\n            <\/div>\r\n            <\/div>\r\n<\/div>\r\n\n\n\n\n<h2 class=\"wp-block-heading\"><span class=\"ez-toc-section\" id=\"Czy_spodnie_z_wysokim_stanem_sa_dobre_na_brak_talii\"><\/span>Czy spodnie z wysokim stanem s\u0105 dobre na brak talii?<span class=\"ez-toc-section-end\"><\/span><\/h2>\n\n\n\n<p>Wed\u0142ug obiegowej opinii, spodnie z wysokim stanem poprawiaj\u0105 wi\u0119kszo\u015b\u0107 mankament\u00f3w figury. Czy jest tak naprawd\u0119? Chocia\u017c podwy\u017cszony stan pomaga uzyska\u0107 bardziej p\u0142aski brzuch i wyg\u0142adzone fa\u0142dki, nie zawsze pomo\u017ce zatuszowa\u0107 brak wci\u0119cia w talii. Wszystko zale\u017cy od modelu i og\u00f3lnych kszta\u0142t\u00f3w sylwetki. Wybieraj\u0105c spodnie z wysokim stanem, trzeba uwa\u017cnie przyjrze\u0107 si\u0119 temu, czy w Twoim przypadku s\u0142u\u017c\u0105 one podkre\u015bleniu wci\u0119cia w pasie czy wr\u0119cz przeciwnie &#8211; czyni\u0105 z sylwetki kolumn\u0119.<\/p>\n\n\n\n<p>Podstaw\u0105 jest przymierzanie i ocena swojej sylwetki w lustrze. Nie da si\u0119 bowiem ukry\u0107, \u017ce ten model to wyb\u00f3r dla szczuplejszych Pa\u0144. O ile podwy\u017cszony stan i lu\u017aniejsze nogawki lub rozkloszowana sp\u00f3dnica z wy\u017cszym stanem rzeczywi\u015bcie mog\u0105 zaradzi\u0107 na brak wci\u0119cia w talii, o tyle proste spodnie i podwy\u017cszony stan nie s\u0105 dobrym pomys\u0142em dla kobiet, u kt\u00f3rych obw\u00f3d pasa nie r\u00f3\u017cni si\u0119 znacz\u0105co od obwodu bioder. Zamiast spodni z wysokim stanem bardzo cz\u0119sto lepiej sprawdz\u0105 si\u0119 biodr\u00f3wki.<\/p>\n\n\n\r\n<div class=\"product-block-container swiper mySwiperProductBlock\">\r\n    <div class=\"product-block-swiper swiper-wrapper\">\r\n                    <div class=\"swiper-slide product-block-item\" data-id=\"147720\">\r\n                <a href=\"https:\/\/bialcon.pl\/proste-luzne-spodnie-na-lato-w-kolorze-denim?utm_source=blog&utm_medium=wyprzedaz&utm_campaign=270723\" class=\"product-block-url\" target=\"_blank\">\r\n                    <div class=\"product-block-image\">\r\n                        <img decoding=\"async\" width=\"300\" height=\"400\" src=\"https:\/\/bialcon.pl\/picture\/proste-luzne-spodnie-na-lato-w-kolorze-denim.jpg\" alt=\"Proste lu\u017ane spodnie na lato w kolorze denim\">\r\n                    <\/div>\r\n                    <div class=\"product-block-name\">\r\n                        <p>Proste lu\u017ane spodnie na lato w kolorze denim<\/p>\r\n                    <\/div>\r\n                <\/a>\r\n            <\/div>\r\n                    <div class=\"swiper-slide product-block-item\" data-id=\"147740\">\r\n                <a href=\"https:\/\/bialcon.pl\/lekkie-wiskozowe-spodnie-z-malarskim-motywem?utm_source=blog&utm_medium=wyprzedaz&utm_campaign=270723\" class=\"product-block-url\" target=\"_blank\">\r\n                    <div class=\"product-block-image\">\r\n                        <img decoding=\"async\" width=\"300\" height=\"400\" src=\"https:\/\/bialcon.pl\/picture\/lekkie-wiskozowe-spodnie-z-malarskim-motywem_1.jpg\" alt=\"Lekkie wiskozowe spodnie z malarskim motywem\">\r\n                    <\/div>\r\n                    <div class=\"product-block-name\">\r\n                        <p>Lekkie wiskozowe spodnie z malarskim motywem<\/p>\r\n                    <\/div>\r\n                <\/a>\r\n            <\/div>\r\n                    <div class=\"swiper-slide product-block-item\" data-id=\"147754\">\r\n                <a href=\"https:\/\/bialcon.pl\/czarne-zwiewne-spodnie-palazzo-w-eleganckim-stylu?utm_source=blog&utm_medium=wyprzedaz&utm_campaign=270723\" class=\"product-block-url\" target=\"_blank\">\r\n                    <div class=\"product-block-image\">\r\n                        <img decoding=\"async\" width=\"300\" height=\"400\" src=\"https:\/\/bialcon.pl\/picture\/czarne-zwiewne-spodnie-palazzo-w-eleganckim-stylu_1.jpg\" alt=\"Czarne zwiewne spodnie palazzo w eleganckim stylu\">\r\n                    <\/div>\r\n                    <div class=\"product-block-name\">\r\n                        <p>Czarne zwiewne spodnie palazzo w eleganckim stylu<\/p>\r\n                    <\/div>\r\n                <\/a>\r\n            <\/div>\r\n            <\/div>\r\n<\/div>\r\n\n\n\n\n<h2 class=\"wp-block-heading\"><span class=\"ez-toc-section\" id=\"Jakie_sukienki_wyczaruja_talie_osy\"><\/span>Jakie sukienki wyczaruj\u0105 tali\u0119 osy?<span class=\"ez-toc-section-end\"><\/span><\/h2>\n\n\n\n<p>Chcesz uzyska\u0107 wyra\u017anie zarysowane wci\u0119cie w pasie? Zdecyduj si\u0119 na sukienki z dekoltem w kszta\u0142cie v, kt\u00f3ry dodaje figurze smuk\u0142o\u015bci. Wierzcho\u0142ek tr\u00f3jk\u0105tnego dekoltu skierowany jest w stron\u0119 talii, przez co wygl\u0105da ona na szczuplejsz\u0105. Je\u015bli do tego wybierzesz sukienk\u0119 o rozkloszowanym dole lub wi\u0105zan\u0105 w pasie szmizjerk\u0119, b\u0119dziesz wygl\u0105da\u0107 zgrabnie i kobieco.<\/p>\n\n\n\n<p>Modowym remedium na brak wci\u0119cia w talii s\u0105 kopertowe sukienki, kt\u00f3re modeluj\u0105 sylwetk\u0119, wysmuklaj\u0105c j\u0105 w pasie. Je\u015bli portfelowe kroje Ci\u0119 nie przekonuj\u0105, zwr\u00f3\u0107 uwag\u0119 na sukienki odcinane pod biustem, czyli swobodnie uk\u0142adaj\u0105ce si\u0119 na ciele fasony typu empire. Na wi\u0119ksze wyj\u015bcia pomocna mo\u017ce okaza\u0107 si\u0119 bielizna modeluj\u0105ca, kt\u00f3ra pomo\u017ce utrzyma\u0107 w ryzach nadmiarowe centymetry w pasie.<\/p>\n\n\n\r\n<div class=\"product-block-container swiper mySwiperProductBlock\">\r\n    <div class=\"product-block-swiper swiper-wrapper\">\r\n                    <div class=\"swiper-slide product-block-item\" data-id=\"147575\">\r\n                <a href=\"https:\/\/bialcon.pl\/dluga-satynowa-sukienka-z-odkrytym-ramieniem?utm_source=blog&utm_medium=wyprzedaz&utm_campaign=270723\" class=\"product-block-url\" target=\"_blank\">\r\n                    <div class=\"product-block-image\">\r\n                        <img decoding=\"async\" width=\"300\" height=\"400\" src=\"https:\/\/bialcon.pl\/picture\/dluga-satynowa-sukienka-z-odkrytym-ramieniem_1.jpg\" alt=\"D\u0142uga satynowa sukienka z odkrytym ramieniem\">\r\n                    <\/div>\r\n                    <div class=\"product-block-name\">\r\n                        <p>D\u0142uga satynowa sukienka z odkrytym ramieniem<\/p>\r\n                    <\/div>\r\n                <\/a>\r\n            <\/div>\r\n                    <div class=\"swiper-slide product-block-item\" data-id=\"147755\">\r\n                <a href=\"https:\/\/bialcon.pl\/zwiewna-asymetryczna-sukienka-midi-w-kolorze-morskim?utm_source=blog&utm_medium=wyprzedaz&utm_campaign=270723\" class=\"product-block-url\" target=\"_blank\">\r\n                    <div class=\"product-block-image\">\r\n                        <img decoding=\"async\" width=\"300\" height=\"400\" src=\"https:\/\/bialcon.pl\/picture\/zwiewna-asymetryczna-sukienka-midi-w-kolorze-morskim_1.jpg\" alt=\"Zwiewna asymetryczna sukienka midi w kolorze morskim\">\r\n                    <\/div>\r\n                    <div class=\"product-block-name\">\r\n                        <p>Zwiewna asymetryczna sukienka midi w kolorze morskim<\/p>\r\n                    <\/div>\r\n                <\/a>\r\n            <\/div>\r\n                    <div class=\"swiper-slide product-block-item\" data-id=\"147768\">\r\n                <a href=\"https:\/\/bialcon.pl\/lekka-sukienka-z-paskiem-z-satyny-wiskozowej?utm_source=blog&utm_medium=wyprzedaz&utm_campaign=270723\" class=\"product-block-url\" target=\"_blank\">\r\n                    <div class=\"product-block-image\">\r\n                        <img decoding=\"async\" width=\"300\" height=\"400\" src=\"https:\/\/bialcon.pl\/picture\/lekka-sukienka-z-paskiem-z-satyny-wiskozowej.jpg\" alt=\"Lekka sukienka z paskiem z satyny wiskozowej\">\r\n                    <\/div>\r\n                    <div class=\"product-block-name\">\r\n                        <p>Lekka sukienka z paskiem z satyny wiskozowej<\/p>\r\n                    <\/div>\r\n                <\/a>\r\n            <\/div>\r\n            <\/div>\r\n<\/div>\r\n\n\n\n\n<h2 class=\"wp-block-heading\"><span class=\"ez-toc-section\" id=\"Modowe_sztuczki_pomocne_przy_braku_talii\"><\/span>Modowe sztuczki pomocne przy braku talii<span class=\"ez-toc-section-end\"><\/span><\/h2>\n\n\n\n<p>Tak naprawd\u0119 brak wci\u0119cia w talii to nie pow\u00f3d, by postrzega\u0107 sylwetk\u0119 jako mniej atrakcyjn\u0105. Wr\u0119cz przeciwnie &#8211; ka\u017cda z nas posiada co najmniej kilka atut\u00f3w, kt\u00f3rymi warto si\u0119 chlubi\u0107. Ich podkre\u015blanie jednocze\u015bnie odci\u0105ga uwag\u0119 od ewentualnych niedoskona\u0142o\u015bci. D\u0142ugie nogi, pe\u0142ny biust, pi\u0119kna linia ramion lub zjawiskowo regularne rysy twarzy mog\u0105 znakomicie odwr\u00f3ci\u0107 uwag\u0119 od s\u0142abo zaznaczonej talii. Wybieraj fasony, kt\u00f3re z jednej strony nie uwypuklaj\u0105 nadmiernie okolic talii, kieruj\u0105c spojrzenia na to, czym chcesz si\u0119 pochwali\u0107.<\/p>\n\n\n\n<p>Zbyt w\u0105skie, drobne biodra mo\u017cesz lekko poszerzy\u0107, si\u0119gaj\u0105c po ubrania z baskink\u0105, pasami, zak\u0142adkami lub falbanami umiejscowionymi w okolicach bioder. Ta prosta sztuczka zatuszuje brak talii, dzi\u0119ki czemu poczujesz si\u0119 niczym idealna klepsydra. Jak jeszcze optycznie wysmukli\u0107 tali\u0119? Korzystnie zadzia\u0142aj\u0105 tak\u017ce gorsetowe topy i sukienki z gorsetow\u0105 g\u00f3r\u0105, szczeg\u00f3lnie je\u015bli towarzysz\u0105 im spodnie z szerokimi nogawkami lub rozkloszowana sp\u00f3dnica. Aby zyska\u0107 optyczne wci\u0119cie w talii, zainwestuj tak\u017ce w taliowane \u017cakiety. Szczeg\u00f3lnie te w ciemniejszych odcieniach b\u0142yskawicznie poprawi\u0105 proporcje ca\u0142ej sylwetki.<\/p>\n\n\n\r\n<div class=\"product-block-container swiper mySwiperProductBlock\">\r\n    <div class=\"product-block-swiper swiper-wrapper\">\r\n                    <div class=\"swiper-slide product-block-item\" data-id=\"147768\">\r\n                <a href=\"https:\/\/bialcon.pl\/lekka-sukienka-z-paskiem-z-satyny-wiskozowej?utm_source=blog&utm_medium=wyprzedaz&utm_campaign=270723\" class=\"product-block-url\" target=\"_blank\">\r\n                    <div class=\"product-block-image\">\r\n                        <img decoding=\"async\" width=\"300\" height=\"400\" src=\"https:\/\/bialcon.pl\/picture\/lekka-sukienka-z-paskiem-z-satyny-wiskozowej.jpg\" alt=\"Lekka sukienka z paskiem z satyny wiskozowej\">\r\n                    <\/div>\r\n                    <div class=\"product-block-name\">\r\n                        <p>Lekka sukienka z paskiem z satyny wiskozowej<\/p>\r\n                    <\/div>\r\n                <\/a>\r\n            <\/div>\r\n                    <div class=\"swiper-slide product-block-item\" data-id=\"147620\">\r\n                <a href=\"https:\/\/bialcon.pl\/oryginalna-sukienka-inspirowana-malarstwem-chelmonskiego?utm_source=blog&utm_medium=wyprzedaz&utm_campaign=270723\" class=\"product-block-url\" target=\"_blank\">\r\n                    <div class=\"product-block-image\">\r\n                        <img decoding=\"async\" width=\"300\" height=\"400\" src=\"https:\/\/bialcon.pl\/picture\/oryginalna-sukienka-inspirowana-malarstwem-chelmonskiego_1.jpg\" alt=\"Oryginalna sukienka inspirowana malarstwem Che\u0142mo\u0144skiego\">\r\n                    <\/div>\r\n                    <div class=\"product-block-name\">\r\n                        <p>Oryginalna sukienka inspirowana malarstwem Che\u0142mo\u0144skiego<\/p>\r\n                    <\/div>\r\n                <\/a>\r\n            <\/div>\r\n                    <div class=\"swiper-slide product-block-item\" data-id=\"147621\">\r\n                <a href=\"https:\/\/bialcon.pl\/efektowna-rozowa-sukienka-z-tafty?utm_source=blog&utm_medium=wyprzedaz&utm_campaign=270723\" class=\"product-block-url\" target=\"_blank\">\r\n                    <div class=\"product-block-image\">\r\n                        <img decoding=\"async\" width=\"300\" height=\"400\" src=\"https:\/\/bialcon.pl\/picture\/efektowna-rozowa-sukienka-z-tafty.jpg\" alt=\"Efektowna r\u00f3\u017cowa sukienka z tafty\">\r\n                    <\/div>\r\n                    <div class=\"product-block-name\">\r\n                        <p>Efektowna r\u00f3\u017cowa sukienka z tafty<\/p>\r\n                    <\/div>\r\n                <\/a>\r\n            <\/div>\r\n            <\/div>\r\n<\/div>\r\n\n\n\n\n<h2 class=\"wp-block-heading\"><span class=\"ez-toc-section\" id=\"Kolory_i_wzory_%E2%80%93_sposob_na_brak_wciecia_w_pasie\"><\/span>Kolory i wzory &#8211; spos\u00f3b na brak wci\u0119cia w pasie<span class=\"ez-toc-section-end\"><\/span><\/h2>\n\n\n\n<p>Kolejnym patentem na tali\u0119 osy s\u0105 wyraziste wzory, kt\u00f3re pomog\u0105 uzyska\u0107 wymarzony efekt. Tu sprawdz\u0105 tak\u017ce modele z ciemniejszym gradientem w okolicach talii, jak r\u00f3wnie\u017c sukienki z nadrukiem dw\u00f3ch stykaj\u0105cych si\u0119 wierzcho\u0142kami tr\u00f3jk\u0105t\u00f3w sprawiaj\u0105cych, \u017ce sylwetka ulega optycznemu zw\u0119\u017ceniu.<\/p>\n\n\n\n<p>Warte uwagi s\u0105 wszelkiego rodzaju wzory tworz\u0105ce iluzje optycznie zw\u0119\u017caj\u0105ce cia\u0142o w pasie. Je\u015bli chcesz, przetestuj te\u017c kreacje z ciemniejszymi panelami. Kontrastowe po\u0142\u0105czenie kolor\u00f3w pozwala zmyli\u0107 wzrok obserwatora, a brak talii przestaje by\u0107 dostrzegalny. Dobrze dzia\u0142a r\u00f3wnie\u017c zak\u0142adanie g\u00f3ry i do\u0142u stroju w odmiennych barwach. Warto by oddzielaj\u0105ca je linia wypada\u0142a w\u0142a\u015bnie w po\u0142owie sylwetki, co odchudzi j\u0105 w tym obr\u0119bie.<\/p>\n\n\n\n<h2 class=\"wp-block-heading\"><span class=\"ez-toc-section\" id=\"Brak_wciecia_w_talii_Zobacz_czego_lepiej_unikac\"><\/span>Brak wci\u0119cia w talii? Zobacz, czego lepiej unika\u0107!<span class=\"ez-toc-section-end\"><\/span><\/h2>\n\n\n\n<p>Warto wiedzie\u0107 tak\u017ce, czego powinny unika\u0107 kobiety, kt\u00f3rych zmor\u0105 jest brak wci\u0119cia w talii. Przede wszystkim wystrzegaj si\u0119 bardzo obcis\u0142ych dzianinowych stroj\u00f3w, kt\u00f3re dok\u0142adnie odwzorowuj\u0105 budow\u0119 cia\u0142a. D\u017cersejowa sukienka tuba nie prezentuje si\u0119 najlepiej na sylwetce ze s\u0142abo widoczn\u0105 tali\u0105 lub boczkami. Przyjrzyj si\u0119 tak\u017ce temu, czy zapinana w pasie torebka nerka nie jest zbyt du\u017ca i nie dodaje Ci centymetr\u00f3w. Unikaj tak\u017ce rozkloszowanych r\u0119kaw\u00f3w o d\u0142ugo\u015bci 3\/4.<\/p>\n\n\n\n<p>W\u015br\u00f3d element\u00f3w garderoby, kt\u00f3re nie przys\u0142u\u017c\u0105 si\u0119 zgrabnej talii wymieni\u0107 trzeba ubrania w szerokie poziome paski, szczeg\u00f3lnie wtedy gdy poszerzaj\u0105cy print wyst\u0119puje w okolicy \u015brodka tu\u0142owia. Innym typem odzie\u017cy, kt\u00f3ra nie b\u0119dzie korzystna dla Pa\u0144, kt\u00f3rym doskwiera brak talii, s\u0105 modele ubra\u0144 z falbankami i pe\u0142nymi obj\u0119to\u015bciami marszczeniami w pasie. Przestrzenne detale powinny znajdowa\u0107 si\u0119 jedynie na wysoko\u015bci bioder, poniewa\u017c w przeciwnym wypadku talia dodatkowo si\u0119 poszerzy. Co do zasady lepiej tak\u017ce trzyma\u0107 si\u0119 z dala od dwurz\u0119dowych marynarek i p\u0142aszczy uszytych z grubych tkanin. O wiele lepiej stawia\u0107 na rozkloszowana kroje z odci\u0119ciem w pasie.<\/p>\n\n\n\n<h2 class=\"wp-block-heading\"><span class=\"ez-toc-section\" id=\"Czy_juz_wiesz_jak_zyskac_wciecie_w_talii\"><\/span>Czy ju\u017c wiesz, jak zyska\u0107 wci\u0119cie w talii?<span class=\"ez-toc-section-end\"><\/span><\/h2>\n\n\n\n<p>Brak talii to nie pow\u00f3d do rozpaczy. Istnieje mn\u00f3stwo fason\u00f3w i modowych sztuczek, kt\u00f3re pozwalaj\u0105 cieszy\u0107 si\u0119 wyszczuplon\u0105 tali\u0105 i kszta\u0142tn\u0105 sylwetk\u0105. Mo\u017cesz stosowa\u0107 je wymiennie lub po\u0142\u0105czy\u0107 par\u0119 rozwi\u0105za\u0144 w jednej stylizacji, intensyfikuj\u0105c jej wysmuklaj\u0105cy potencja\u0142. Co powiesz na rozkloszowan\u0105 sp\u00f3dnic\u0119 noszon\u0105 z taliowanym \u017cakietem w ja\u015bniejszym kolorze albo obcis\u0142\u0105 bluzk\u0119 z dekoltem w serek i szerokie spodnie lekko dopasowane w miejscu talii? Je\u015bli chcesz wizualnie zw\u0119zi\u0107 obw\u00f3d pasa, odpowiednio skrojone ubrania przyjd\u0105 Ci z pomoc\u0105. Co wa\u017cne, znajdziesz je w\u0142a\u015bnie w kolekcji Bialcon.<\/p>\n","protected":false},"excerpt":{"rendered":"<p>Chocia\u017c filozofia body positive jest Ci bliska, brak talii to Tw\u00f3j kompleks? Je\u015bli ten mankament budowy cia\u0142a sp\u0119dza Ci sen z powiek, najwy\u017cszy czas si\u0119 z nim rozprawi\u0107. I nie mamy na my\u015bli noszenia obciskaj\u0105cych gorset\u00f3w, morderczych \u0107wicze\u0144 albo, co gorsza, dokonywanych przez niekt\u00f3re celebrytki operacji usuwania \u017ceber. Tak, jak istniej\u0105 proste i sprawdzone sposoby [&hellip;]<\/p>\n","protected":false},"author":14,"featured_media":8748,"comment_status":"closed","ping_status":"open","sticky":false,"template":"","format":"standard","meta":{"_acf_changed":false,"site-sidebar-layout":"default","site-content-layout":"","ast-site-content-layout":"default","site-content-style":"default","site-sidebar-style":"default","ast-global-header-display":"","ast-banner-title-visibility":"","ast-main-header-display":"","ast-hfb-above-header-display":"","ast-hfb-below-header-display":"","ast-hfb-mobile-header-display":"","site-post-title":"","ast-breadcrumbs-content":"","ast-featured-img":"","footer-sml-layout":"","theme-transparent-header-meta":"","adv-header-id-meta":"","stick-header-meta":"","header-above-stick-meta":"","header-main-stick-meta":"","header-below-stick-meta":"","astra-migrate-meta-layouts":"set","ast-page-background-enabled":"default","ast-page-background-meta":{"desktop":{"background-color":"","background-image":"","background-repeat":"repeat","background-position":"center center","background-size":"auto","background-attachment":"scroll","background-type":"","background-media":"","overlay-type":"","overlay-color":"","overlay-opacity":"","overlay-gradient":""},"tablet":{"background-color":"","background-image":"","background-repeat":"repeat","background-position":"center center","background-size":"auto","background-attachment":"scroll","background-type":"","background-media":"","overlay-type":"","overlay-color":"","overlay-opacity":"","overlay-gradient":""},"mobile":{"background-color":"","background-image":"","background-repeat":"repeat","background-position":"center center","background-size":"auto","background-attachment":"scroll","background-type":"","background-media":"","overlay-type":"","overlay-color":"","overlay-opacity":"","overlay-gradient":""}},"ast-content-background-meta":{"desktop":{"background-color":"var(--ast-global-color-5)","background-image":"","background-repeat":"repeat","background-position":"center center","background-size":"auto","background-attachment":"scroll","background-type":"","background-media":"","overlay-type":"","overlay-color":"","overlay-opacity":"","overlay-gradient":""},"tablet":{"background-color":"var(--ast-global-color-5)","background-image":"","background-repeat":"repeat","background-position":"center center","background-size":"auto","background-attachment":"scroll","background-type":"","background-media":"","overlay-type":"","overlay-color":"","overlay-opacity":"","overlay-gradient":""},"mobile":{"background-color":"var(--ast-global-color-5)","background-image":"","background-repeat":"repeat","background-position":"center center","background-size":"auto","background-attachment":"scroll","background-type":"","background-media":"","overlay-type":"","overlay-color":"","overlay-opacity":"","overlay-gradient":""}},"footnotes":""},"categories":[10,14],"tags":[],"class_list":["post-8720","post","type-post","status-publish","format-standard","has-post-thumbnail","hentry","category-porady-stylistki","category-wszystkie-wpisy"],"acf":[],"yoast_head":"<!-- This site is optimized with the Yoast SEO plugin v27.4 - https:\/\/yoast.com\/product\/yoast-seo-wordpress\/ -->\n<title>Jak ukry\u0107 brak talii? Poznaj porady stylistek | bialcon.pl<\/title>\n<meta name=\"description\" content=\"Chocia\u017c filozofia body positive jest Ci bliska, brak talii to Tw\u00f3j kompleks? Dowiedz si\u0119, ile mo\u017ce zdzia\u0142a\u0107 dla sylwetki dobrze dobrany str\u00f3j.\" \/>\n<meta name=\"robots\" content=\"index, follow, max-snippet:-1, max-image-preview:large, max-video-preview:-1\" \/>\n<link rel=\"canonical\" href=\"https:\/\/bialcon.pl\/blog\/jak-ukryc-brak-talii-poznaj-porady-stylistek-z-mysla-o-swojej-figurze\/\" \/>\n<meta name=\"twitter:label1\" content=\"Napisane przez\" \/>\n\t<meta name=\"twitter:data1\" content=\"Daria Woszczaty\u0144ska-Przybylska\" \/>\n\t<meta name=\"twitter:label2\" content=\"Szacowany czas czytania\" \/>\n\t<meta name=\"twitter:data2\" content=\"10 minut\" \/>\n<script type=\"application\/ld+json\" class=\"yoast-schema-graph\">{\"@context\":\"https:\\\/\\\/schema.org\",\"@graph\":[{\"@type\":\"Article\",\"@id\":\"https:\\\/\\\/bialcon.pl\\\/blog\\\/jak-ukryc-brak-talii-poznaj-porady-stylistek-z-mysla-o-swojej-figurze\\\/#article\",\"isPartOf\":{\"@id\":\"https:\\\/\\\/bialcon.pl\\\/blog\\\/jak-ukryc-brak-talii-poznaj-porady-stylistek-z-mysla-o-swojej-figurze\\\/\"},\"author\":{\"name\":\"Daria Woszczaty\u0144ska-Przybylska\",\"@id\":\"https:\\\/\\\/bialcon.pl\\\/blog\\\/#\\\/schema\\\/person\\\/ba17cc8b0900b2a06eecf843eb117760\"},\"headline\":\"Jak ukry\u0107 brak talii? Poznaj porady stylistek z my\u015bl\u0105 o swojej figurze\",\"datePublished\":\"2023-07-27T11:18:35+00:00\",\"dateModified\":\"2025-11-24T09:17:50+00:00\",\"mainEntityOfPage\":{\"@id\":\"https:\\\/\\\/bialcon.pl\\\/blog\\\/jak-ukryc-brak-talii-poznaj-porady-stylistek-z-mysla-o-swojej-figurze\\\/\"},\"wordCount\":1916,\"image\":{\"@id\":\"https:\\\/\\\/bialcon.pl\\\/blog\\\/jak-ukryc-brak-talii-poznaj-porady-stylistek-z-mysla-o-swojej-figurze\\\/#primaryimage\"},\"thumbnailUrl\":\"https:\\\/\\\/bialcon.pl\\\/blog\\\/wp-content\\\/uploads\\\/2023\\\/07\\\/2023-07-14-BIALCON-303.jpg\",\"articleSection\":[\"Porady Stylistki\",\"Wszystkie wpisy\"],\"inLanguage\":\"pl-PL\"},{\"@type\":\"WebPage\",\"@id\":\"https:\\\/\\\/bialcon.pl\\\/blog\\\/jak-ukryc-brak-talii-poznaj-porady-stylistek-z-mysla-o-swojej-figurze\\\/\",\"url\":\"https:\\\/\\\/bialcon.pl\\\/blog\\\/jak-ukryc-brak-talii-poznaj-porady-stylistek-z-mysla-o-swojej-figurze\\\/\",\"name\":\"Jak ukry\u0107 brak talii? Poznaj porady stylistek | bialcon.pl\",\"isPartOf\":{\"@id\":\"https:\\\/\\\/bialcon.pl\\\/blog\\\/#website\"},\"primaryImageOfPage\":{\"@id\":\"https:\\\/\\\/bialcon.pl\\\/blog\\\/jak-ukryc-brak-talii-poznaj-porady-stylistek-z-mysla-o-swojej-figurze\\\/#primaryimage\"},\"image\":{\"@id\":\"https:\\\/\\\/bialcon.pl\\\/blog\\\/jak-ukryc-brak-talii-poznaj-porady-stylistek-z-mysla-o-swojej-figurze\\\/#primaryimage\"},\"thumbnailUrl\":\"https:\\\/\\\/bialcon.pl\\\/blog\\\/wp-content\\\/uploads\\\/2023\\\/07\\\/2023-07-14-BIALCON-303.jpg\",\"datePublished\":\"2023-07-27T11:18:35+00:00\",\"dateModified\":\"2025-11-24T09:17:50+00:00\",\"author\":{\"@id\":\"https:\\\/\\\/bialcon.pl\\\/blog\\\/#\\\/schema\\\/person\\\/ba17cc8b0900b2a06eecf843eb117760\"},\"description\":\"Chocia\u017c filozofia body positive jest Ci bliska, brak talii to Tw\u00f3j kompleks? Dowiedz si\u0119, ile mo\u017ce zdzia\u0142a\u0107 dla sylwetki dobrze dobrany str\u00f3j.\",\"breadcrumb\":{\"@id\":\"https:\\\/\\\/bialcon.pl\\\/blog\\\/jak-ukryc-brak-talii-poznaj-porady-stylistek-z-mysla-o-swojej-figurze\\\/#breadcrumb\"},\"inLanguage\":\"pl-PL\",\"potentialAction\":[{\"@type\":\"ReadAction\",\"target\":[\"https:\\\/\\\/bialcon.pl\\\/blog\\\/jak-ukryc-brak-talii-poznaj-porady-stylistek-z-mysla-o-swojej-figurze\\\/\"]}]},{\"@type\":\"ImageObject\",\"inLanguage\":\"pl-PL\",\"@id\":\"https:\\\/\\\/bialcon.pl\\\/blog\\\/jak-ukryc-brak-talii-poznaj-porady-stylistek-z-mysla-o-swojej-figurze\\\/#primaryimage\",\"url\":\"https:\\\/\\\/bialcon.pl\\\/blog\\\/wp-content\\\/uploads\\\/2023\\\/07\\\/2023-07-14-BIALCON-303.jpg\",\"contentUrl\":\"https:\\\/\\\/bialcon.pl\\\/blog\\\/wp-content\\\/uploads\\\/2023\\\/07\\\/2023-07-14-BIALCON-303.jpg\",\"width\":1500,\"height\":1000,\"caption\":\"Wizualizacja kobiety w czarnej sukience midi w bia\u0142e grochy, z dekoltem V i d\u0142ugimi r\u0119kawami\"},{\"@type\":\"BreadcrumbList\",\"@id\":\"https:\\\/\\\/bialcon.pl\\\/blog\\\/jak-ukryc-brak-talii-poznaj-porady-stylistek-z-mysla-o-swojej-figurze\\\/#breadcrumb\",\"itemListElement\":[{\"@type\":\"ListItem\",\"position\":1,\"name\":\"Strona g\u0142\u00f3wna\",\"item\":\"https:\\\/\\\/bialcon.pl\\\/blog\\\/\"},{\"@type\":\"ListItem\",\"position\":2,\"name\":\"Porady Stylistki\",\"item\":\"https:\\\/\\\/bialcon.pl\\\/blog\\\/porady-stylistki\\\/\"},{\"@type\":\"ListItem\",\"position\":3,\"name\":\"Jak ukry\u0107 brak talii? Poznaj porady stylistek z my\u015bl\u0105 o swojej figurze\"}]},{\"@type\":\"WebSite\",\"@id\":\"https:\\\/\\\/bialcon.pl\\\/blog\\\/#website\",\"url\":\"https:\\\/\\\/bialcon.pl\\\/blog\\\/\",\"name\":\"bialcon.pl\\\/blog\\\/\",\"description\":\"Fashion Blog w zasi\u0119gu Twojej r\u0119ki\",\"potentialAction\":[{\"@type\":\"SearchAction\",\"target\":{\"@type\":\"EntryPoint\",\"urlTemplate\":\"https:\\\/\\\/bialcon.pl\\\/blog\\\/?s={search_term_string}\"},\"query-input\":{\"@type\":\"PropertyValueSpecification\",\"valueRequired\":true,\"valueName\":\"search_term_string\"}}],\"inLanguage\":\"pl-PL\"},{\"@type\":\"Person\",\"@id\":\"https:\\\/\\\/bialcon.pl\\\/blog\\\/#\\\/schema\\\/person\\\/ba17cc8b0900b2a06eecf843eb117760\",\"name\":\"Daria Woszczaty\u0144ska-Przybylska\",\"image\":{\"@type\":\"ImageObject\",\"inLanguage\":\"pl-PL\",\"@id\":\"https:\\\/\\\/secure.gravatar.com\\\/avatar\\\/624792ad5428294ab99ef3d7d452e28d140144dac597c3725127e5d3ea759f0b?s=96&d=mm&r=g\",\"url\":\"https:\\\/\\\/secure.gravatar.com\\\/avatar\\\/624792ad5428294ab99ef3d7d452e28d140144dac597c3725127e5d3ea759f0b?s=96&d=mm&r=g\",\"contentUrl\":\"https:\\\/\\\/secure.gravatar.com\\\/avatar\\\/624792ad5428294ab99ef3d7d452e28d140144dac597c3725127e5d3ea759f0b?s=96&d=mm&r=g\",\"caption\":\"Daria Woszczaty\u0144ska-Przybylska\"},\"description\":\"Autorka tre\u015bci o modzie, copywriterka i content writerka, z wykszta\u0142cenia projektantka ubioru. Zajmuje si\u0119 analiz\u0105 przemian w modzie oraz przyst\u0119pnym wyja\u015bnianiem trend\u00f3w, pomagaj\u0105c odbiorcom \u015bwiadomie budowa\u0107 w\u0142asny styl. Interesuje j\u0105 kreowanie osobistego stylu, ilustracja modowa oraz ubi\u00f3r traktowany jako forma sztuki. Jej najnowsze teksty o modzie znajdziesz na blogu Bialcon.\",\"sameAs\":[\"https:\\\/\\\/www.facebook.com\\\/daria.woszczatynska\\\/\"],\"url\":\"https:\\\/\\\/bialcon.pl\\\/blog\\\/author\\\/daria-woszczatynska-przybylska\\\/\"}]}<\/script>\n<!-- \/ Yoast SEO plugin. -->","yoast_head_json":{"title":"Jak ukry\u0107 brak talii? Poznaj porady stylistek | bialcon.pl","description":"Chocia\u017c filozofia body positive jest Ci bliska, brak talii to Tw\u00f3j kompleks? Dowiedz si\u0119, ile mo\u017ce zdzia\u0142a\u0107 dla sylwetki dobrze dobrany str\u00f3j.","robots":{"index":"index","follow":"follow","max-snippet":"max-snippet:-1","max-image-preview":"max-image-preview:large","max-video-preview":"max-video-preview:-1"},"canonical":"https:\/\/bialcon.pl\/blog\/jak-ukryc-brak-talii-poznaj-porady-stylistek-z-mysla-o-swojej-figurze\/","twitter_misc":{"Napisane przez":"Daria Woszczaty\u0144ska-Przybylska","Szacowany czas czytania":"10 minut"},"schema":{"@context":"https:\/\/schema.org","@graph":[{"@type":"Article","@id":"https:\/\/bialcon.pl\/blog\/jak-ukryc-brak-talii-poznaj-porady-stylistek-z-mysla-o-swojej-figurze\/#article","isPartOf":{"@id":"https:\/\/bialcon.pl\/blog\/jak-ukryc-brak-talii-poznaj-porady-stylistek-z-mysla-o-swojej-figurze\/"},"author":{"name":"Daria Woszczaty\u0144ska-Przybylska","@id":"https:\/\/bialcon.pl\/blog\/#\/schema\/person\/ba17cc8b0900b2a06eecf843eb117760"},"headline":"Jak ukry\u0107 brak talii? Poznaj porady stylistek z my\u015bl\u0105 o swojej figurze","datePublished":"2023-07-27T11:18:35+00:00","dateModified":"2025-11-24T09:17:50+00:00","mainEntityOfPage":{"@id":"https:\/\/bialcon.pl\/blog\/jak-ukryc-brak-talii-poznaj-porady-stylistek-z-mysla-o-swojej-figurze\/"},"wordCount":1916,"image":{"@id":"https:\/\/bialcon.pl\/blog\/jak-ukryc-brak-talii-poznaj-porady-stylistek-z-mysla-o-swojej-figurze\/#primaryimage"},"thumbnailUrl":"https:\/\/bialcon.pl\/blog\/wp-content\/uploads\/2023\/07\/2023-07-14-BIALCON-303.jpg","articleSection":["Porady Stylistki","Wszystkie wpisy"],"inLanguage":"pl-PL"},{"@type":"WebPage","@id":"https:\/\/bialcon.pl\/blog\/jak-ukryc-brak-talii-poznaj-porady-stylistek-z-mysla-o-swojej-figurze\/","url":"https:\/\/bialcon.pl\/blog\/jak-ukryc-brak-talii-poznaj-porady-stylistek-z-mysla-o-swojej-figurze\/","name":"Jak ukry\u0107 brak talii? Poznaj porady stylistek | bialcon.pl","isPartOf":{"@id":"https:\/\/bialcon.pl\/blog\/#website"},"primaryImageOfPage":{"@id":"https:\/\/bialcon.pl\/blog\/jak-ukryc-brak-talii-poznaj-porady-stylistek-z-mysla-o-swojej-figurze\/#primaryimage"},"image":{"@id":"https:\/\/bialcon.pl\/blog\/jak-ukryc-brak-talii-poznaj-porady-stylistek-z-mysla-o-swojej-figurze\/#primaryimage"},"thumbnailUrl":"https:\/\/bialcon.pl\/blog\/wp-content\/uploads\/2023\/07\/2023-07-14-BIALCON-303.jpg","datePublished":"2023-07-27T11:18:35+00:00","dateModified":"2025-11-24T09:17:50+00:00","author":{"@id":"https:\/\/bialcon.pl\/blog\/#\/schema\/person\/ba17cc8b0900b2a06eecf843eb117760"},"description":"Chocia\u017c filozofia body positive jest Ci bliska, brak talii to Tw\u00f3j kompleks? Dowiedz si\u0119, ile mo\u017ce zdzia\u0142a\u0107 dla sylwetki dobrze dobrany str\u00f3j.","breadcrumb":{"@id":"https:\/\/bialcon.pl\/blog\/jak-ukryc-brak-talii-poznaj-porady-stylistek-z-mysla-o-swojej-figurze\/#breadcrumb"},"inLanguage":"pl-PL","potentialAction":[{"@type":"ReadAction","target":["https:\/\/bialcon.pl\/blog\/jak-ukryc-brak-talii-poznaj-porady-stylistek-z-mysla-o-swojej-figurze\/"]}]},{"@type":"ImageObject","inLanguage":"pl-PL","@id":"https:\/\/bialcon.pl\/blog\/jak-ukryc-brak-talii-poznaj-porady-stylistek-z-mysla-o-swojej-figurze\/#primaryimage","url":"https:\/\/bialcon.pl\/blog\/wp-content\/uploads\/2023\/07\/2023-07-14-BIALCON-303.jpg","contentUrl":"https:\/\/bialcon.pl\/blog\/wp-content\/uploads\/2023\/07\/2023-07-14-BIALCON-303.jpg","width":1500,"height":1000,"caption":"Wizualizacja kobiety w czarnej sukience midi w bia\u0142e grochy, z dekoltem V i d\u0142ugimi r\u0119kawami"},{"@type":"BreadcrumbList","@id":"https:\/\/bialcon.pl\/blog\/jak-ukryc-brak-talii-poznaj-porady-stylistek-z-mysla-o-swojej-figurze\/#breadcrumb","itemListElement":[{"@type":"ListItem","position":1,"name":"Strona g\u0142\u00f3wna","item":"https:\/\/bialcon.pl\/blog\/"},{"@type":"ListItem","position":2,"name":"Porady Stylistki","item":"https:\/\/bialcon.pl\/blog\/porady-stylistki\/"},{"@type":"ListItem","position":3,"name":"Jak ukry\u0107 brak talii? Poznaj porady stylistek z my\u015bl\u0105 o swojej figurze"}]},{"@type":"WebSite","@id":"https:\/\/bialcon.pl\/blog\/#website","url":"https:\/\/bialcon.pl\/blog\/","name":"bialcon.pl\/blog\/","description":"Fashion Blog w zasi\u0119gu Twojej r\u0119ki","potentialAction":[{"@type":"SearchAction","target":{"@type":"EntryPoint","urlTemplate":"https:\/\/bialcon.pl\/blog\/?s={search_term_string}"},"query-input":{"@type":"PropertyValueSpecification","valueRequired":true,"valueName":"search_term_string"}}],"inLanguage":"pl-PL"},{"@type":"Person","@id":"https:\/\/bialcon.pl\/blog\/#\/schema\/person\/ba17cc8b0900b2a06eecf843eb117760","name":"Daria Woszczaty\u0144ska-Przybylska","image":{"@type":"ImageObject","inLanguage":"pl-PL","@id":"https:\/\/secure.gravatar.com\/avatar\/624792ad5428294ab99ef3d7d452e28d140144dac597c3725127e5d3ea759f0b?s=96&d=mm&r=g","url":"https:\/\/secure.gravatar.com\/avatar\/624792ad5428294ab99ef3d7d452e28d140144dac597c3725127e5d3ea759f0b?s=96&d=mm&r=g","contentUrl":"https:\/\/secure.gravatar.com\/avatar\/624792ad5428294ab99ef3d7d452e28d140144dac597c3725127e5d3ea759f0b?s=96&d=mm&r=g","caption":"Daria Woszczaty\u0144ska-Przybylska"},"description":"Autorka tre\u015bci o modzie, copywriterka i content writerka, z wykszta\u0142cenia projektantka ubioru. Zajmuje si\u0119 analiz\u0105 przemian w modzie oraz przyst\u0119pnym wyja\u015bnianiem trend\u00f3w, pomagaj\u0105c odbiorcom \u015bwiadomie budowa\u0107 w\u0142asny styl. Interesuje j\u0105 kreowanie osobistego stylu, ilustracja modowa oraz ubi\u00f3r traktowany jako forma sztuki. Jej najnowsze teksty o modzie znajdziesz na blogu Bialcon.","sameAs":["https:\/\/www.facebook.com\/daria.woszczatynska\/"],"url":"https:\/\/bialcon.pl\/blog\/author\/daria-woszczatynska-przybylska\/"}]}},"_links":{"self":[{"href":"https:\/\/bialcon.pl\/blog\/wp-json\/wp\/v2\/posts\/8720","targetHints":{"allow":["GET"]}}],"collection":[{"href":"https:\/\/bialcon.pl\/blog\/wp-json\/wp\/v2\/posts"}],"about":[{"href":"https:\/\/bialcon.pl\/blog\/wp-json\/wp\/v2\/types\/post"}],"author":[{"embeddable":true,"href":"https:\/\/bialcon.pl\/blog\/wp-json\/wp\/v2\/users\/14"}],"replies":[{"embeddable":true,"href":"https:\/\/bialcon.pl\/blog\/wp-json\/wp\/v2\/comments?post=8720"}],"version-history":[{"count":5,"href":"https:\/\/bialcon.pl\/blog\/wp-json\/wp\/v2\/posts\/8720\/revisions"}],"predecessor-version":[{"id":11675,"href":"https:\/\/bialcon.pl\/blog\/wp-json\/wp\/v2\/posts\/8720\/revisions\/11675"}],"wp:featuredmedia":[{"embeddable":true,"href":"https:\/\/bialcon.pl\/blog\/wp-json\/wp\/v2\/media\/8748"}],"wp:attachment":[{"href":"https:\/\/bialcon.pl\/blog\/wp-json\/wp\/v2\/media?parent=8720"}],"wp:term":[{"taxonomy":"category","embeddable":true,"href":"https:\/\/bialcon.pl\/blog\/wp-json\/wp\/v2\/categories?post=8720"},{"taxonomy":"post_tag","embeddable":true,"href":"https:\/\/bialcon.pl\/blog\/wp-json\/wp\/v2\/tags?post=8720"}],"curies":[{"name":"wp","href":"https:\/\/api.w.org\/{rel}","templated":true}]}}