{"id":8294,"date":"2023-06-15T21:18:27","date_gmt":"2023-06-15T19:18:27","guid":{"rendered":"https:\/\/bialcon.pl\/blog\/?p=8294"},"modified":"2025-11-24T10:05:12","modified_gmt":"2025-11-24T09:05:12","slug":"jak-sie-ubrac-by-podkreslic-wciecie-w-talii","status":"publish","type":"post","link":"https:\/\/bialcon.pl\/blog\/jak-sie-ubrac-by-podkreslic-wciecie-w-talii\/","title":{"rendered":"Jak si\u0119 ubra\u0107, by podkre\u015bli\u0107 wci\u0119cie w talii?"},"content":{"rendered":"<div id=\"ez-toc-container\" class=\"ez-toc-v2_0_82_2 counter-hierarchy ez-toc-counter ez-toc-custom ez-toc-container-direction\">\n<div class=\"ez-toc-title-container\"><p class=\"ez-toc-title\" style=\"cursor:inherit\">Spis Tre\u015bci<\/p>\n<\/div><nav><ul class='ez-toc-list ez-toc-list-level-1 ' ><li class='ez-toc-page-1 ez-toc-heading-level-2'><a class=\"ez-toc-link ez-toc-heading-1\" href=\"https:\/\/bialcon.pl\/blog\/jak-sie-ubrac-by-podkreslic-wciecie-w-talii\/#Rozkloszowana_spodnica_%E2%80%93_szczupla_talia_gwarantowana\" >Rozkloszowana sp\u00f3dnica \u2013 szczup\u0142a talia gwarantowana<\/a><\/li><li class='ez-toc-page-1 ez-toc-heading-level-2'><a class=\"ez-toc-link ez-toc-heading-2\" href=\"https:\/\/bialcon.pl\/blog\/jak-sie-ubrac-by-podkreslic-wciecie-w-talii\/#_Sukienka_kopertowa_pomaga_uzyskac_talie_osy\" >&nbsp;Sukienka kopertowa pomaga uzyska\u0107 tali\u0119 osy<\/a><\/li><li class='ez-toc-page-1 ez-toc-heading-level-2'><a class=\"ez-toc-link ez-toc-heading-3\" href=\"https:\/\/bialcon.pl\/blog\/jak-sie-ubrac-by-podkreslic-wciecie-w-talii\/#Akcenty_w_okolicy_pasa_%E2%80%93_pomysl_na_wciecie_w_talii\" >Akcenty w okolicy pasa \u2013 pomys\u0142 na wci\u0119cie w talii<\/a><\/li><li class='ez-toc-page-1 ez-toc-heading-level-2'><a class=\"ez-toc-link ez-toc-heading-4\" href=\"https:\/\/bialcon.pl\/blog\/jak-sie-ubrac-by-podkreslic-wciecie-w-talii\/#Elegancki_kombinezon_damski_%E2%80%93_talia_dobrze_podkreslona\" >Elegancki kombinezon damski \u2013 talia dobrze podkre\u015blona<\/a><\/li><li class='ez-toc-page-1 ez-toc-heading-level-2'><a class=\"ez-toc-link ez-toc-heading-5\" href=\"https:\/\/bialcon.pl\/blog\/jak-sie-ubrac-by-podkreslic-wciecie-w-talii\/#Spodnie_w_wysokim_stanem_%E2%80%93_trick_stylizacyjny\" >Spodnie w wysokim stanem \u2013 trick stylizacyjny<\/a><\/li><\/ul><\/nav><\/div>\n\n<p><strong>Wyra\u017anie zarysowane wci\u0119cie w talii to pragnienie wielu kobiet. Taka sylwetka wydaje si\u0119 bardziej lekka, zgrabna i proporcjonalna. Nie ka\u017cda z nas zosta\u0142a obdarzona przez natur\u0119 tali\u0105 osy, niestety \u0107wiczenia fizyczne nie przynios\u0105 wi\u0119kszej poprawy w okolicy talii. Lecz na szcz\u0119\u015bcie efekt zbli\u017cony do idea\u0142u mo\u017cemy \u0142atwo uzyska\u0107, odpowiednio dobieraj\u0105c ubrania.<\/strong><\/p>\n\n\n\n<p>Szerokie biodra, linia ramion podobnej szeroko\u015bci oraz talia osy \u2013 oto figura klepsydry, kt\u00f3ra przez wiele os\u00f3b uwa\u017cana jest za najbardziej po\u017c\u0105dan\u0105 sylwetk\u0119 kobiety. Je\u015bli nie masz takich kszta\u0142t\u00f3w, powinna\u015b robi\u0107 wszystko, by zwi\u0119kszy\u0107 wci\u0119cie w talii. Kiedy\u015b noszono gorset, dzi\u015b s\u0105 to na \u0142atwiejsze sposoby.<\/p>\n\n\n\n<p>Warto w\u00f3wczas <a href=\"http:\/\/m.in\"><u>m.in<\/u><\/a>. akcentowa\u0107 parti\u0119 cia\u0142a pod biustem \u2013 gdy\u017c jest to najw\u0119\u017csza cz\u0119\u015b\u0107 figury u kobiety. Stosowanie kontrastowych kolor\u00f3w w stylizacji np. jasny top i ciemny d\u00f3\u0142 tak\u017ce daje dobry efekt.<\/p>\n\n\n\n<p>Jednak, je\u015bli nie jeste\u015bmy zadowolone z naszego wci\u0119cia w talii, najwi\u0119ksz\u0105 uwag\u0119 powinny\u015bmy przyk\u0142ada\u0107 do konkretnych fason\u00f3w ubra\u0144, kt\u00f3re b\u0142yskawicznie zrobi\u0105 iluzj\u0119 talii osy.<\/p>\n\n\n\r\n<div class=\"product-block-container swiper mySwiperProductBlock\">\r\n    <div class=\"product-block-swiper swiper-wrapper\">\r\n                    <div class=\"swiper-slide product-block-item\" data-id=\"147597\">\r\n                <a href=\"https:\/\/bialcon.pl\/spodnica-olowkowa-w-kolorze-ecru?utm_source=blog&utm_medium=wyprzedaz&utm_campaign=150623\" class=\"product-block-url\" target=\"_blank\">\r\n                    <div class=\"product-block-image\">\r\n                        <img decoding=\"async\" width=\"300\" height=\"400\" src=\"https:\/\/bialcon.pl\/picture\/spodnica-olowkowa-w-kolorze-ecru_4.jpg\" alt=\"Sp\u00f3dnica o\u0142\u00f3wkowa w kolorze \u00e9cru\">\r\n                    <\/div>\r\n                    <div class=\"product-block-name\">\r\n                        <p>Sp\u00f3dnica o\u0142\u00f3wkowa w kolorze \u00e9cru<\/p>\r\n                    <\/div>\r\n                <\/a>\r\n            <\/div>\r\n                    <div class=\"swiper-slide product-block-item\" data-id=\"147601\">\r\n                <a href=\"https:\/\/bialcon.pl\/spodnica-olowkowa-w-kolorze-bezowym?utm_source=blog&utm_medium=wyprzedaz&utm_campaign=150623\" class=\"product-block-url\" target=\"_blank\">\r\n                    <div class=\"product-block-image\">\r\n                        <img decoding=\"async\" width=\"300\" height=\"400\" src=\"https:\/\/bialcon.pl\/picture\/spodnica-olowkowa-w-kolorze-bezowym_3.jpg\" alt=\"Sp\u00f3dnica o\u0142\u00f3wkowa w kolorze be\u017cowym\">\r\n                    <\/div>\r\n                    <div class=\"product-block-name\">\r\n                        <p>Sp\u00f3dnica o\u0142\u00f3wkowa w kolorze be\u017cowym<\/p>\r\n                    <\/div>\r\n                <\/a>\r\n            <\/div>\r\n                    <div class=\"swiper-slide product-block-item\" data-id=\"147363\">\r\n                <a href=\"https:\/\/bialcon.pl\/dopasowana-spodnica-midi-z-rozporkiem-z-tylu?utm_source=blog&utm_medium=wyprzedaz&utm_campaign=150623\" class=\"product-block-url\" target=\"_blank\">\r\n                    <div class=\"product-block-image\">\r\n                        <img decoding=\"async\" width=\"300\" height=\"400\" src=\"https:\/\/bialcon.pl\/picture\/dopasowana-spodnica-midi-z-rozporkiem-z-tylu_1.jpg\" alt=\"Dopasowana sp\u00f3dnica midi z rozporkiem z ty\u0142u\">\r\n                    <\/div>\r\n                    <div class=\"product-block-name\">\r\n                        <p>Dopasowana sp\u00f3dnica midi z rozporkiem z ty\u0142u<\/p>\r\n                    <\/div>\r\n                <\/a>\r\n            <\/div>\r\n            <\/div>\r\n<\/div>\r\n\n\n\n\n<h2 class=\"wp-block-heading\"><span class=\"ez-toc-section\" id=\"Rozkloszowana_spodnica_%E2%80%93_szczupla_talia_gwarantowana\"><\/span><strong>Rozkloszowana sp\u00f3dnica \u2013 szczup\u0142a talia gwarantowana<\/strong><span class=\"ez-toc-section-end\"><\/span><\/h2>\n\n\n\n<p>Rozszerzana sp\u00f3dnica pi\u0119knie podkre\u015bla pas, a jednocze\u015bnie pozwala zamaskowa\u0107 biodra i masywne uda. Dzi\u0119ki temu \u0142adnie wyr\u00f3wnuje proporcje sylwetki i daje wci\u0119cie w talii.<\/p>\n\n\n\n<p>Bardzo dobrze sprawdzi si\u0119 sp\u00f3dnica w liliowym odcieniu o rozkloszowanym kroju. Wyr\u00f3\u017cnia j\u0105 nie tylko twarzowy odcie\u0144, lecz tak\u017ce d\u0142ugo\u015b\u0107 midi \u2013 modna i idealnie pasuj\u0105ca do szpilek lub kozak\u00f3w. Klasyczny fason rozszerzaj\u0105cy si\u0119 ku do\u0142owi, pi\u0119knie modeluje tali\u0119, kryje brzuch. Model posiada te\u017c wszyte kieszenie, co podnosi komfort noszenia oraz ukryty zamek.<\/p>\n\n\n\n<p>Do sp\u00f3dnicy warto za\u0142o\u017cy\u0107 w\u0105ski top bia\u0142y lub czarny (czer\u0144 pozwoli stworzy\u0107 kontrast), mo\u017cemy te\u017c do\u0142o\u017cy\u0107 pasek i kr\u00f3tki taliowany \u017cakiet oraz buty na obcasie. Wyeksponowany dekolt warto zaakcentowa\u0107 delikatnym \u0142a\u0144cuszkiem.<\/p>\n\n\n\n<p>W takiej stylizacji bez wysi\u0142ku osi\u0105gniemy wci\u0119cie w pasie. Rozkloszowane sukienki i sp\u00f3dnice maj\u0105 jeszcze jeden wa\u017cny atut \u2013 bardzo efektownie prezentuj\u0105 si\u0119, gdy cia\u0142o znajduje si\u0119 w ruchu.<\/p>\n\n\n\n<p><a href=\"https:\/\/bialcon.pl\/liliowa-rozkloszowana-spodnica\" target=\"_blank\" rel=\"noreferrer noopener\">https:\/\/bialcon.pl\/liliowa-rozkloszowana-spodnica<\/a><\/p>\n\n\n\r\n<div class=\"product-block-container swiper mySwiperProductBlock\">\r\n    <div class=\"product-block-swiper swiper-wrapper\">\r\n                    <div class=\"swiper-slide product-block-item\" data-id=\"147719\">\r\n                <a href=\"https:\/\/bialcon.pl\/bezowa-asymetryczna-spodnica-w-eleganckim-wydaniu?utm_source=blog&utm_medium=wyprzedaz&utm_campaign=150623\" class=\"product-block-url\" target=\"_blank\">\r\n                    <div class=\"product-block-image\">\r\n                        <img decoding=\"async\" width=\"300\" height=\"400\" src=\"https:\/\/bialcon.pl\/picture\/bezowa-asymetryczna-spodnica-w-eleganckim-wydaniu.jpg\" alt=\"Be\u017cowa asymetryczna sp\u00f3dnica w eleganckim wydaniu\">\r\n                    <\/div>\r\n                    <div class=\"product-block-name\">\r\n                        <p>Be\u017cowa asymetryczna sp\u00f3dnica w eleganckim wydaniu<\/p>\r\n                    <\/div>\r\n                <\/a>\r\n            <\/div>\r\n                    <div class=\"swiper-slide product-block-item\" data-id=\"147605\">\r\n                <a href=\"https:\/\/bialcon.pl\/marszczona-ciemnozielona-spodnica-z-dzianiny-wiskozowej?utm_source=blog&utm_medium=wyprzedaz&utm_campaign=150623\" class=\"product-block-url\" target=\"_blank\">\r\n                    <div class=\"product-block-image\">\r\n                        <img decoding=\"async\" width=\"300\" height=\"400\" src=\"https:\/\/bialcon.pl\/picture\/marszczona-ciemnozielona-spodnica-z-dzianiny-wiskozowej_2.jpg\" alt=\"Marszczona ciemnozielona sp\u00f3dnica z dzianiny wiskozowej\">\r\n                    <\/div>\r\n                    <div class=\"product-block-name\">\r\n                        <p>Marszczona ciemnozielona sp\u00f3dnica z dzianiny wiskozowej<\/p>\r\n                    <\/div>\r\n                <\/a>\r\n            <\/div>\r\n                    <div class=\"swiper-slide product-block-item\" data-id=\"147613\">\r\n                <a href=\"https:\/\/bialcon.pl\/dzianinowa-rozkloszowana-spodnica-z-wywijanym-pasem?utm_source=blog&utm_medium=wyprzedaz&utm_campaign=150623\" class=\"product-block-url\" target=\"_blank\">\r\n                    <div class=\"product-block-image\">\r\n                        <img decoding=\"async\" width=\"300\" height=\"400\" src=\"https:\/\/bialcon.pl\/picture\/dzianinowa-rozkloszowana-spodnica-z-wywijanym-pasem_3.jpg\" alt=\"Dzianinowa rozkloszowana sp\u00f3dnica z wywijanym pasem\">\r\n                    <\/div>\r\n                    <div class=\"product-block-name\">\r\n                        <p>Dzianinowa rozkloszowana sp\u00f3dnica z wywijanym pasem<\/p>\r\n                    <\/div>\r\n                <\/a>\r\n            <\/div>\r\n            <\/div>\r\n<\/div>\r\n\n\n\n\n<h2 class=\"wp-block-heading\"><span class=\"ez-toc-section\" id=\"_Sukienka_kopertowa_pomaga_uzyskac_talie_osy\"><\/span>&nbsp;<strong>Sukienka kopertowa pomaga uzyska\u0107 tali\u0119 osy<\/strong><span class=\"ez-toc-section-end\"><\/span><\/h2>\n\n\n\n<p>Fason kopertowy wygl\u0105da \u015bwietnie na ka\u017cdej sylwetce, podkre\u015bla biust, a w\u0105ska talia jest wr\u0119cz zapewniona, ponadto tuszuje szerokie biodra, po\u015bladki, brzuch i uda, przywraca proporcje. Ten model jest szczeg\u00f3lnie godny polecenia, z uwagi na to, \u017ce posiada wi\u0105zanie w pasie, wi\u0119c skupia uwag\u0119 na talii.<\/p>\n\n\n\n<p>Warto te\u017c zwr\u00f3ci\u0107 uwag\u0119 na stonowan\u0105, ciekaw\u0105 kolorystyk\u0119 i charakterystyczne, geometryczne wzory. Ca\u0142o\u015b\u0107 prezentuje si\u0119 elegancko i oryginalnie, a przede wszystkim mo\u017cemy liczy\u0107 na wci\u0119cie w talii.<\/p>\n\n\n\n<p>Sukienka bez r\u0119kaw\u00f3w nie zawiedzie nas latem, gdy\u017c uszyta jest wiskozy z dodatkiem lnu, a wi\u0119c materia\u0142\u00f3w, kt\u00f3re pozwalaj\u0105 sk\u00f3rze oddycha\u0107.<\/p>\n\n\n\n<p>Powinna\u015b za\u0142o\u017cy\u0107 do niej lekki kardigan (je\u015bli zale\u017cy Ci na stylizacji do pracy) oraz espadryle na koturnach. Modna sukienka modeluje figur\u0119 i robi wci\u0119cie w talii &#8211; jest to idealna propozycja wakacyjna.<\/p>\n\n\n\n<p><a href=\"https:\/\/bialcon.pl\/sukienka-bez-rekawka-wiazana-w-pasie\" target=\"_blank\" rel=\"noreferrer noopener\">https:\/\/bialcon.pl\/sukienka-bez-rekawka-wiazana-w-pasie<\/a><\/p>\n\n\n\r\n<div class=\"product-block-container swiper mySwiperProductBlock\">\r\n    <div class=\"product-block-swiper swiper-wrapper\">\r\n                    <div class=\"swiper-slide product-block-item\" data-id=\"147575\">\r\n                <a href=\"https:\/\/bialcon.pl\/dluga-satynowa-sukienka-z-odkrytym-ramieniem?utm_source=blog&utm_medium=wyprzedaz&utm_campaign=150623\" class=\"product-block-url\" target=\"_blank\">\r\n                    <div class=\"product-block-image\">\r\n                        <img decoding=\"async\" width=\"300\" height=\"400\" src=\"https:\/\/bialcon.pl\/picture\/dluga-satynowa-sukienka-z-odkrytym-ramieniem_1.jpg\" alt=\"D\u0142uga satynowa sukienka z odkrytym ramieniem\">\r\n                    <\/div>\r\n                    <div class=\"product-block-name\">\r\n                        <p>D\u0142uga satynowa sukienka z odkrytym ramieniem<\/p>\r\n                    <\/div>\r\n                <\/a>\r\n            <\/div>\r\n                    <div class=\"swiper-slide product-block-item\" data-id=\"147620\">\r\n                <a href=\"https:\/\/bialcon.pl\/oryginalna-sukienka-inspirowana-malarstwem-chelmonskiego?utm_source=blog&utm_medium=wyprzedaz&utm_campaign=150623\" class=\"product-block-url\" target=\"_blank\">\r\n                    <div class=\"product-block-image\">\r\n                        <img decoding=\"async\" width=\"300\" height=\"400\" src=\"https:\/\/bialcon.pl\/picture\/oryginalna-sukienka-inspirowana-malarstwem-chelmonskiego_1.jpg\" alt=\"Oryginalna sukienka inspirowana malarstwem Che\u0142mo\u0144skiego\">\r\n                    <\/div>\r\n                    <div class=\"product-block-name\">\r\n                        <p>Oryginalna sukienka inspirowana malarstwem Che\u0142mo\u0144skiego<\/p>\r\n                    <\/div>\r\n                <\/a>\r\n            <\/div>\r\n                    <div class=\"swiper-slide product-block-item\" data-id=\"147690\">\r\n                <a href=\"https:\/\/bialcon.pl\/dzianinowa-sukienka-z-szerokim-krotkim-rekawem?utm_source=blog&utm_medium=wyprzedaz&utm_campaign=150623\" class=\"product-block-url\" target=\"_blank\">\r\n                    <div class=\"product-block-image\">\r\n                        <img decoding=\"async\" width=\"300\" height=\"400\" src=\"https:\/\/bialcon.pl\/picture\/dzianinowa-sukienka-z-szerokim-krotkim-rekawem.jpg\" alt=\"Dzianinowa sukienka z szerokim kr\u00f3tkim r\u0119kawem\">\r\n                    <\/div>\r\n                    <div class=\"product-block-name\">\r\n                        <p>Dzianinowa sukienka z szerokim kr\u00f3tkim r\u0119kawem<\/p>\r\n                    <\/div>\r\n                <\/a>\r\n            <\/div>\r\n            <\/div>\r\n<\/div>\r\n\n\n\n\n<h2 class=\"wp-block-heading\"><span class=\"ez-toc-section\" id=\"Akcenty_w_okolicy_pasa_%E2%80%93_pomysl_na_wciecie_w_talii\"><\/span><strong>Akcenty w okolicy pasa \u2013 pomys\u0142 na wci\u0119cie w talii<\/strong><span class=\"ez-toc-section-end\"><\/span><\/h2>\n\n\n\n<p>Nie tylko pas za\u0142o\u017cony do sukienki lub wi\u0105zanie, lecz tak\u017ce wszelkie klamerki, zdobienia, marszczenia akcentuj\u0105 wci\u0119cie w talii. W tym kontek\u015bcie na specjaln\u0105 uwag\u0119 zas\u0142uguje dopasowana do figury sukienka za kolano z klamerk\u0105 w okolicy pasa \u2013 oryginalne zdobienie pomaga wymodelowa\u0107 sylwetk\u0119 optycznie.<\/p>\n\n\n\n<p>Kolejnym wyr\u00f3\u017cnikiem jest niebanalny wz\u00f3r w krat\u0119. Dekolt w \u0142\u00f3dk\u0119 nie eksponuje mocno klatki piersiowej, wi\u0119c sukienka sprawdzi si\u0119 jako baza stylizacji biurowej.<\/p>\n\n\n\n<p>Do kreacji polecamy ciemny \u017cakiet taliowany, kardigan lub bolerko. Na nogi sanda\u0142ki z paskami, szpilki lub wygodne baleriny. Sukienka sprawdzi si\u0119 jako ubranie do biura i na spotkanie ze znajomymi. Z uwagi na kr\u00f3tkie r\u0119kawy, ods\u0142aniaj\u0105ce r\u0119ce, \u015bwietnie b\u0119dzie si\u0119 j\u0105 nosi\u0142o latem.<\/p>\n\n\n\n<p><a href=\"https:\/\/bialcon.pl\/dzianinowa-sukienka-z-ozdobna-klamerka\" target=\"_blank\" rel=\"noreferrer noopener\">https:\/\/bialcon.pl\/dzianinowa-sukienka-z-ozdobna-klamerka<\/a><\/p>\n\n\n\r\n<div class=\"product-block-container swiper mySwiperProductBlock\">\r\n    <div class=\"product-block-swiper swiper-wrapper\">\r\n                    <div class=\"swiper-slide product-block-item\" data-id=\"147620\">\r\n                <a href=\"https:\/\/bialcon.pl\/oryginalna-sukienka-inspirowana-malarstwem-chelmonskiego?utm_source=blog&utm_medium=wyprzedaz&utm_campaign=150623\" class=\"product-block-url\" target=\"_blank\">\r\n                    <div class=\"product-block-image\">\r\n                        <img decoding=\"async\" width=\"300\" height=\"400\" src=\"https:\/\/bialcon.pl\/picture\/oryginalna-sukienka-inspirowana-malarstwem-chelmonskiego_1.jpg\" alt=\"Oryginalna sukienka inspirowana malarstwem Che\u0142mo\u0144skiego\">\r\n                    <\/div>\r\n                    <div class=\"product-block-name\">\r\n                        <p>Oryginalna sukienka inspirowana malarstwem Che\u0142mo\u0144skiego<\/p>\r\n                    <\/div>\r\n                <\/a>\r\n            <\/div>\r\n                    <div class=\"swiper-slide product-block-item\" data-id=\"147621\">\r\n                <a href=\"https:\/\/bialcon.pl\/efektowna-rozowa-sukienka-z-tafty?utm_source=blog&utm_medium=wyprzedaz&utm_campaign=150623\" class=\"product-block-url\" target=\"_blank\">\r\n                    <div class=\"product-block-image\">\r\n                        <img decoding=\"async\" width=\"300\" height=\"400\" src=\"https:\/\/bialcon.pl\/picture\/efektowna-rozowa-sukienka-z-tafty.jpg\" alt=\"Efektowna r\u00f3\u017cowa sukienka z tafty\">\r\n                    <\/div>\r\n                    <div class=\"product-block-name\">\r\n                        <p>Efektowna r\u00f3\u017cowa sukienka z tafty<\/p>\r\n                    <\/div>\r\n                <\/a>\r\n            <\/div>\r\n                    <div class=\"swiper-slide product-block-item\" data-id=\"147626\">\r\n                <a href=\"https:\/\/bialcon.pl\/taftowa-sukienka-midi-z-paskiem-i-kieszeniami?utm_source=blog&utm_medium=wyprzedaz&utm_campaign=150623\" class=\"product-block-url\" target=\"_blank\">\r\n                    <div class=\"product-block-image\">\r\n                        <img decoding=\"async\" width=\"300\" height=\"400\" src=\"https:\/\/bialcon.pl\/picture\/taftowa-sukienka-midi-z-paskiem-i-kieszeniami.jpg\" alt=\"Taftowa sukienka midi z paskiem i kieszeniami\">\r\n                    <\/div>\r\n                    <div class=\"product-block-name\">\r\n                        <p>Taftowa sukienka midi z paskiem i kieszeniami<\/p>\r\n                    <\/div>\r\n                <\/a>\r\n            <\/div>\r\n            <\/div>\r\n<\/div>\r\n\n\n\n\n<h2 class=\"wp-block-heading\"><span class=\"ez-toc-section\" id=\"Elegancki_kombinezon_damski_%E2%80%93_talia_dobrze_podkreslona\"><\/span><strong>Elegancki kombinezon damski \u2013 talia dobrze podkre\u015blona<\/strong><span class=\"ez-toc-section-end\"><\/span><\/h2>\n\n\n\n<p>Chcesz us\u0142ysze\u0107 komplement, \u017ce jeste\u015b w\u0105ska w pasie? Wybierz \u015bwietnie skrojony kombinezon damski. Jest to wymarzona propozycja dla pa\u0144, kt\u00f3re nie przepadaj\u0105 za sukienkami, wol\u0105 styl sportowy, lecz zale\u017cy im te\u017c na kobiecym wygl\u0105dzie i optycznym wyszczupleniu talii.<\/p>\n\n\n\n<p>Polecamy model w twarzowym, stylowym odcieniu pudrowego r\u00f3\u017cu, z kopertowym topem, tali\u0105 dobrze zaznaczon\u0105 pasem oraz \u015bci\u0105gaczami na dole nogawek. Rewelacyjnie wyszczupla nie tylko tali\u0119, lecz ca\u0142y tu\u0142\u00f3w.<\/p>\n\n\n\n<p>Ten wizytowy kombinezon ma jeszcze wi\u0119cej zalet \u2013 \u0142adnie eksponuje dekolt i tali\u0119, posiada kr\u00f3tkie r\u0119kawki, nogawki zw\u0119\u017caj\u0105 si\u0119 ku do\u0142owi, co pozwala zamaskowa\u0107 masywne uda.<\/p>\n\n\n\n<p>Mo\u017cna powiedzie\u0107, \u017ce jest to kreacja do zada\u0144 specjalnych, bo zapewnia elegancki wygl\u0105d i wyszczupla. Polecamy dobra\u0107 cieliste szpilki, delikatn\u0105 srebrn\u0105 bi\u017cuteri\u0119 lub apaszk\u0119. Oto nasz kolejny stylowy spos\u00f3b na wci\u0119cie w talii.<\/p>\n\n\n\r\n<div class=\"product-block-container swiper mySwiperProductBlock\">\r\n    <div class=\"product-block-swiper swiper-wrapper\">\r\n                    <div class=\"swiper-slide product-block-item\" data-id=\"147743\">\r\n                <a href=\"https:\/\/bialcon.pl\/wiskozowy-kolorowy-kombinezon-z-krotkim-rekawem?utm_source=blog&utm_medium=wyprzedaz&utm_campaign=150623\" class=\"product-block-url\" target=\"_blank\">\r\n                    <div class=\"product-block-image\">\r\n                        <img decoding=\"async\" width=\"300\" height=\"400\" src=\"https:\/\/bialcon.pl\/picture\/wiskozowy-kolorowy-kombinezon-z-krotkim-rekawem.jpg\" alt=\"Wiskozowy kolorowy kombinezon z kr\u00f3tkim r\u0119kawem\">\r\n                    <\/div>\r\n                    <div class=\"product-block-name\">\r\n                        <p>Wiskozowy kolorowy kombinezon z kr\u00f3tkim r\u0119kawem<\/p>\r\n                    <\/div>\r\n                <\/a>\r\n            <\/div>\r\n                    <div class=\"swiper-slide product-block-item\" data-id=\"147767\">\r\n                <a href=\"https:\/\/bialcon.pl\/wiskozowy-kombinezon-na-ramiaczkach-z-malarskim-wzorem?utm_source=blog&utm_medium=wyprzedaz&utm_campaign=150623\" class=\"product-block-url\" target=\"_blank\">\r\n                    <div class=\"product-block-image\">\r\n                        <img decoding=\"async\" width=\"300\" height=\"400\" src=\"https:\/\/bialcon.pl\/picture\/wiskozowy-kombinezon-na-ramiaczkach-z-malarskim-wzorem_2.jpg\" alt=\"Wiskozowy kombinezon na rami\u0105czkach z malarskim wzorem\">\r\n                    <\/div>\r\n                    <div class=\"product-block-name\">\r\n                        <p>Wiskozowy kombinezon na rami\u0105czkach z malarskim wzorem<\/p>\r\n                    <\/div>\r\n                <\/a>\r\n            <\/div>\r\n                    <div class=\"swiper-slide product-block-item\" data-id=\"147552\">\r\n                <a href=\"https:\/\/bialcon.pl\/chabrowy-zwiewny-kombinezon-z-szerokimi-nogawkami?utm_source=blog&utm_medium=wyprzedaz&utm_campaign=150623\" class=\"product-block-url\" target=\"_blank\">\r\n                    <div class=\"product-block-image\">\r\n                        <img decoding=\"async\" width=\"300\" height=\"400\" src=\"https:\/\/bialcon.pl\/picture\/chabrowy-zwiewny-kombinezon-z-szerokimi-nogawkami_2.jpg\" alt=\"Chabrowy zwiewny kombinezon z szerokimi nogawkami\">\r\n                    <\/div>\r\n                    <div class=\"product-block-name\">\r\n                        <p>Chabrowy zwiewny kombinezon z szerokimi nogawkami<\/p>\r\n                    <\/div>\r\n                <\/a>\r\n            <\/div>\r\n            <\/div>\r\n<\/div>\r\n\n\n\n\n<h2 class=\"wp-block-heading\"><span class=\"ez-toc-section\" id=\"Spodnie_w_wysokim_stanem_%E2%80%93_trick_stylizacyjny\"><\/span><strong>Spodnie w wysokim stanem \u2013 trick stylizacyjny<\/strong><span class=\"ez-toc-section-end\"><\/span><\/h2>\n\n\n\n<p>Czy szczup\u0142a kobieta mo\u017ce narzeka\u0107 na brak mocno zarysowanej talii? Oczywi\u015bcie, jest to cecha anatomiczna, niezale\u017cna od rozmiaru, jaki nosimy. W przypadku pa\u0144 o bardziej filigranowej budowie cia\u0142a, spodnie z podwy\u017cszonym stanem pomog\u0105 uzyska\u0107 wci\u0119cie w talii.<\/p>\n\n\n\n<p>Dobrym wyborem b\u0119d\u0105 klasyczne spodnie z nogawkami w kant. Nie tylko idealnie modeluj\u0105 tali\u0119, lecz tak\u017ce wyd\u0142u\u017caj\u0105 nogi. Dopasowany kr\u00f3j i energiczny odcie\u0144 r\u00f3\u017cu tworz\u0105 ciekaw\u0105 ca\u0142o\u015b\u0107. Niespotykany kolor nieco prze\u0142amuje klasyk\u0119.<\/p>\n\n\n\n<p>Warto dobra\u0107 cienki sk\u00f3rzany pasek, bia\u0142\u0105 bluzk\u0119 oraz kr\u00f3tki \u017cakiet. Buty w zale\u017cno\u015bci od preferencji mog\u0105 by\u0107 na obcasie (jeszcze bardziej wyd\u0142u\u017c\u0105 nogi) lub p\u0142askie \u2013 komfortowe w noszeniu mokasyny albo balerinki.<\/p>\n\n\n\n<p><a href=\"https:\/\/bialcon.pl\/rozowe-spodnie-zapinane-z-boku\" target=\"_blank\" rel=\"noreferrer noopener\">https:\/\/bialcon.pl\/rozowe-spodnie-zapinane-z-boku<\/a><\/p>\n\n\n\n<p>Je\u015bli martwisz si\u0119 swoim wci\u0119ciem w talii, pomocne s\u0105 tak\u017ce takie elementy garderoby jak: gorset, sukienka o linii A, sp\u00f3dnice marszczone na biodrze. Wypr\u00f3buj te sprawdzone sposoby i zapomnij o kompleksach.<\/p>\n\n\n\r\n<div class=\"product-block-container swiper mySwiperProductBlock\">\r\n    <div class=\"product-block-swiper swiper-wrapper\">\r\n                    <div class=\"swiper-slide product-block-item\" data-id=\"147609\">\r\n                <a href=\"https:\/\/bialcon.pl\/bezowe-letnie-spodnie-garniturowe-z-przewiewnej-tkaniny?utm_source=blog&utm_medium=wyprzedaz&utm_campaign=150623\" class=\"product-block-url\" target=\"_blank\">\r\n                    <div class=\"product-block-image\">\r\n                        <img decoding=\"async\" width=\"300\" height=\"400\" src=\"https:\/\/bialcon.pl\/picture\/bezowe-letnie-spodnie-z-przewiewnej-tkaniny_1.jpg\" alt=\"Be\u017cowe letnie spodnie garniturowe z przewiewnej tkaniny\">\r\n                    <\/div>\r\n                    <div class=\"product-block-name\">\r\n                        <p>Be\u017cowe letnie spodnie garniturowe z przewiewnej tkaniny<\/p>\r\n                    <\/div>\r\n                <\/a>\r\n            <\/div>\r\n                    <div class=\"swiper-slide product-block-item\" data-id=\"147610\">\r\n                <a href=\"https:\/\/bialcon.pl\/brazowe-lekkie-spodnie-o-satynowym-polysku?utm_source=blog&utm_medium=wyprzedaz&utm_campaign=150623\" class=\"product-block-url\" target=\"_blank\">\r\n                    <div class=\"product-block-image\">\r\n                        <img decoding=\"async\" width=\"300\" height=\"400\" src=\"https:\/\/bialcon.pl\/picture\/brazowe-lekkie-spodnie-o-satynowym-polysku_3.jpg\" alt=\"Br\u0105zowe lekkie spodnie o satynowym po\u0142ysku\">\r\n                    <\/div>\r\n                    <div class=\"product-block-name\">\r\n                        <p>Br\u0105zowe lekkie spodnie o satynowym po\u0142ysku<\/p>\r\n                    <\/div>\r\n                <\/a>\r\n            <\/div>\r\n                    <div class=\"swiper-slide product-block-item\" data-id=\"147619\">\r\n                <a href=\"https:\/\/bialcon.pl\/luzne-ceglaste-spodnie-z-letniej-wiskozy?utm_source=blog&utm_medium=wyprzedaz&utm_campaign=150623\" class=\"product-block-url\" target=\"_blank\">\r\n                    <div class=\"product-block-image\">\r\n                        <img decoding=\"async\" width=\"300\" height=\"400\" src=\"https:\/\/bialcon.pl\/picture\/luzne-ceglaste-spodnie-z-letniej-wiskozy_1.jpg\" alt=\"Lu\u017ane ceglaste spodnie z letniej wiskozy\">\r\n                    <\/div>\r\n                    <div class=\"product-block-name\">\r\n                        <p>Lu\u017ane ceglaste spodnie z letniej wiskozy<\/p>\r\n                    <\/div>\r\n                <\/a>\r\n            <\/div>\r\n            <\/div>\r\n<\/div>\r\n\n","protected":false},"excerpt":{"rendered":"<p>Wyra\u017anie zarysowane wci\u0119cie w talii to pragnienie wielu kobiet. Taka sylwetka wydaje si\u0119 bardziej lekka, zgrabna i proporcjonalna. Nie ka\u017cda z nas zosta\u0142a obdarzona przez natur\u0119 tali\u0105 osy, niestety \u0107wiczenia fizyczne nie przynios\u0105 wi\u0119kszej poprawy w okolicy talii. Lecz na szcz\u0119\u015bcie efekt zbli\u017cony do idea\u0142u mo\u017cemy \u0142atwo uzyska\u0107, odpowiednio dobieraj\u0105c ubrania. Szerokie biodra, linia ramion [&hellip;]<\/p>\n","protected":false},"author":10,"featured_media":8342,"comment_status":"closed","ping_status":"open","sticky":false,"template":"","format":"standard","meta":{"_acf_changed":false,"site-sidebar-layout":"default","site-content-layout":"","ast-site-content-layout":"default","site-content-style":"default","site-sidebar-style":"default","ast-global-header-display":"","ast-banner-title-visibility":"","ast-main-header-display":"","ast-hfb-above-header-display":"","ast-hfb-below-header-display":"","ast-hfb-mobile-header-display":"","site-post-title":"","ast-breadcrumbs-content":"","ast-featured-img":"","footer-sml-layout":"","theme-transparent-header-meta":"","adv-header-id-meta":"","stick-header-meta":"","header-above-stick-meta":"","header-main-stick-meta":"","header-below-stick-meta":"","astra-migrate-meta-layouts":"set","ast-page-background-enabled":"default","ast-page-background-meta":{"desktop":{"background-color":"","background-image":"","background-repeat":"repeat","background-position":"center center","background-size":"auto","background-attachment":"scroll","background-type":"","background-media":"","overlay-type":"","overlay-color":"","overlay-opacity":"","overlay-gradient":""},"tablet":{"background-color":"","background-image":"","background-repeat":"repeat","background-position":"center center","background-size":"auto","background-attachment":"scroll","background-type":"","background-media":"","overlay-type":"","overlay-color":"","overlay-opacity":"","overlay-gradient":""},"mobile":{"background-color":"","background-image":"","background-repeat":"repeat","background-position":"center center","background-size":"auto","background-attachment":"scroll","background-type":"","background-media":"","overlay-type":"","overlay-color":"","overlay-opacity":"","overlay-gradient":""}},"ast-content-background-meta":{"desktop":{"background-color":"var(--ast-global-color-5)","background-image":"","background-repeat":"repeat","background-position":"center center","background-size":"auto","background-attachment":"scroll","background-type":"","background-media":"","overlay-type":"","overlay-color":"","overlay-opacity":"","overlay-gradient":""},"tablet":{"background-color":"var(--ast-global-color-5)","background-image":"","background-repeat":"repeat","background-position":"center center","background-size":"auto","background-attachment":"scroll","background-type":"","background-media":"","overlay-type":"","overlay-color":"","overlay-opacity":"","overlay-gradient":""},"mobile":{"background-color":"var(--ast-global-color-5)","background-image":"","background-repeat":"repeat","background-position":"center center","background-size":"auto","background-attachment":"scroll","background-type":"","background-media":"","overlay-type":"","overlay-color":"","overlay-opacity":"","overlay-gradient":""}},"footnotes":""},"categories":[10,14],"tags":[],"class_list":["post-8294","post","type-post","status-publish","format-standard","has-post-thumbnail","hentry","category-porady-stylistki","category-wszystkie-wpisy"],"acf":[],"yoast_head":"<!-- This site is optimized with the Yoast SEO plugin v27.4 - https:\/\/yoast.com\/product\/yoast-seo-wordpress\/ -->\n<title>Jak si\u0119 ubra\u0107, by podkre\u015bli\u0107 wci\u0119cie w talii? - Bialcon<\/title>\n<meta name=\"description\" content=\"Wyra\u017anie zarysowane wci\u0119cie w talii to pragnienie wielu kobiet. Taka sylwetka wydaje si\u0119 bardziej lekka, zgrabna i proporcjonalna.\" \/>\n<meta name=\"robots\" content=\"index, follow, max-snippet:-1, max-image-preview:large, max-video-preview:-1\" \/>\n<link rel=\"canonical\" href=\"https:\/\/bialcon.pl\/blog\/jak-sie-ubrac-by-podkreslic-wciecie-w-talii\/\" \/>\n<meta name=\"twitter:label1\" content=\"Napisane przez\" \/>\n\t<meta name=\"twitter:data1\" content=\"Ma\u0142gorzata Brzezi\u0144ska\" \/>\n\t<meta name=\"twitter:label2\" content=\"Szacowany czas czytania\" \/>\n\t<meta name=\"twitter:data2\" content=\"6 minut\" \/>\n<script type=\"application\/ld+json\" class=\"yoast-schema-graph\">{\"@context\":\"https:\\\/\\\/schema.org\",\"@graph\":[{\"@type\":\"Article\",\"@id\":\"https:\\\/\\\/bialcon.pl\\\/blog\\\/jak-sie-ubrac-by-podkreslic-wciecie-w-talii\\\/#article\",\"isPartOf\":{\"@id\":\"https:\\\/\\\/bialcon.pl\\\/blog\\\/jak-sie-ubrac-by-podkreslic-wciecie-w-talii\\\/\"},\"author\":{\"name\":\"Ma\u0142gorzata Brzezi\u0144ska\",\"@id\":\"https:\\\/\\\/bialcon.pl\\\/blog\\\/#\\\/schema\\\/person\\\/cbbe4ae2297c5abd7376399985d5fabb\"},\"headline\":\"Jak si\u0119 ubra\u0107, by podkre\u015bli\u0107 wci\u0119cie w talii?\",\"datePublished\":\"2023-06-15T19:18:27+00:00\",\"dateModified\":\"2025-11-24T09:05:12+00:00\",\"mainEntityOfPage\":{\"@id\":\"https:\\\/\\\/bialcon.pl\\\/blog\\\/jak-sie-ubrac-by-podkreslic-wciecie-w-talii\\\/\"},\"wordCount\":1081,\"image\":{\"@id\":\"https:\\\/\\\/bialcon.pl\\\/blog\\\/jak-sie-ubrac-by-podkreslic-wciecie-w-talii\\\/#primaryimage\"},\"thumbnailUrl\":\"https:\\\/\\\/bialcon.pl\\\/blog\\\/wp-content\\\/uploads\\\/2023\\\/06\\\/Projekt-bez-nazwy-2.png\",\"articleSection\":[\"Porady Stylistki\",\"Wszystkie wpisy\"],\"inLanguage\":\"pl-PL\"},{\"@type\":\"WebPage\",\"@id\":\"https:\\\/\\\/bialcon.pl\\\/blog\\\/jak-sie-ubrac-by-podkreslic-wciecie-w-talii\\\/\",\"url\":\"https:\\\/\\\/bialcon.pl\\\/blog\\\/jak-sie-ubrac-by-podkreslic-wciecie-w-talii\\\/\",\"name\":\"Jak si\u0119 ubra\u0107, by podkre\u015bli\u0107 wci\u0119cie w talii? - Bialcon\",\"isPartOf\":{\"@id\":\"https:\\\/\\\/bialcon.pl\\\/blog\\\/#website\"},\"primaryImageOfPage\":{\"@id\":\"https:\\\/\\\/bialcon.pl\\\/blog\\\/jak-sie-ubrac-by-podkreslic-wciecie-w-talii\\\/#primaryimage\"},\"image\":{\"@id\":\"https:\\\/\\\/bialcon.pl\\\/blog\\\/jak-sie-ubrac-by-podkreslic-wciecie-w-talii\\\/#primaryimage\"},\"thumbnailUrl\":\"https:\\\/\\\/bialcon.pl\\\/blog\\\/wp-content\\\/uploads\\\/2023\\\/06\\\/Projekt-bez-nazwy-2.png\",\"datePublished\":\"2023-06-15T19:18:27+00:00\",\"dateModified\":\"2025-11-24T09:05:12+00:00\",\"author\":{\"@id\":\"https:\\\/\\\/bialcon.pl\\\/blog\\\/#\\\/schema\\\/person\\\/cbbe4ae2297c5abd7376399985d5fabb\"},\"description\":\"Wyra\u017anie zarysowane wci\u0119cie w talii to pragnienie wielu kobiet. Taka sylwetka wydaje si\u0119 bardziej lekka, zgrabna i proporcjonalna.\",\"breadcrumb\":{\"@id\":\"https:\\\/\\\/bialcon.pl\\\/blog\\\/jak-sie-ubrac-by-podkreslic-wciecie-w-talii\\\/#breadcrumb\"},\"inLanguage\":\"pl-PL\",\"potentialAction\":[{\"@type\":\"ReadAction\",\"target\":[\"https:\\\/\\\/bialcon.pl\\\/blog\\\/jak-sie-ubrac-by-podkreslic-wciecie-w-talii\\\/\"]}]},{\"@type\":\"ImageObject\",\"inLanguage\":\"pl-PL\",\"@id\":\"https:\\\/\\\/bialcon.pl\\\/blog\\\/jak-sie-ubrac-by-podkreslic-wciecie-w-talii\\\/#primaryimage\",\"url\":\"https:\\\/\\\/bialcon.pl\\\/blog\\\/wp-content\\\/uploads\\\/2023\\\/06\\\/Projekt-bez-nazwy-2.png\",\"contentUrl\":\"https:\\\/\\\/bialcon.pl\\\/blog\\\/wp-content\\\/uploads\\\/2023\\\/06\\\/Projekt-bez-nazwy-2.png\",\"width\":960,\"height\":850,\"caption\":\"Wizualizacja kobiety w czarno-bia\u0142ej sukience maxi z asymetrycznym dekoltem na jedno rami\u0119\"},{\"@type\":\"BreadcrumbList\",\"@id\":\"https:\\\/\\\/bialcon.pl\\\/blog\\\/jak-sie-ubrac-by-podkreslic-wciecie-w-talii\\\/#breadcrumb\",\"itemListElement\":[{\"@type\":\"ListItem\",\"position\":1,\"name\":\"Strona g\u0142\u00f3wna\",\"item\":\"https:\\\/\\\/bialcon.pl\\\/blog\\\/\"},{\"@type\":\"ListItem\",\"position\":2,\"name\":\"Porady Stylistki\",\"item\":\"https:\\\/\\\/bialcon.pl\\\/blog\\\/porady-stylistki\\\/\"},{\"@type\":\"ListItem\",\"position\":3,\"name\":\"Jak si\u0119 ubra\u0107, by podkre\u015bli\u0107 wci\u0119cie w talii?\"}]},{\"@type\":\"WebSite\",\"@id\":\"https:\\\/\\\/bialcon.pl\\\/blog\\\/#website\",\"url\":\"https:\\\/\\\/bialcon.pl\\\/blog\\\/\",\"name\":\"bialcon.pl\\\/blog\\\/\",\"description\":\"Fashion Blog w zasi\u0119gu Twojej r\u0119ki\",\"potentialAction\":[{\"@type\":\"SearchAction\",\"target\":{\"@type\":\"EntryPoint\",\"urlTemplate\":\"https:\\\/\\\/bialcon.pl\\\/blog\\\/?s={search_term_string}\"},\"query-input\":{\"@type\":\"PropertyValueSpecification\",\"valueRequired\":true,\"valueName\":\"search_term_string\"}}],\"inLanguage\":\"pl-PL\"},{\"@type\":\"Person\",\"@id\":\"https:\\\/\\\/bialcon.pl\\\/blog\\\/#\\\/schema\\\/person\\\/cbbe4ae2297c5abd7376399985d5fabb\",\"name\":\"Ma\u0142gorzata Brzezi\u0144ska\",\"image\":{\"@type\":\"ImageObject\",\"inLanguage\":\"pl-PL\",\"@id\":\"https:\\\/\\\/secure.gravatar.com\\\/avatar\\\/3fc4a4cdba63586f503a5c5711e9b04d01ab1234b186b03e727ad902b6f4912d?s=96&d=mm&r=g\",\"url\":\"https:\\\/\\\/secure.gravatar.com\\\/avatar\\\/3fc4a4cdba63586f503a5c5711e9b04d01ab1234b186b03e727ad902b6f4912d?s=96&d=mm&r=g\",\"contentUrl\":\"https:\\\/\\\/secure.gravatar.com\\\/avatar\\\/3fc4a4cdba63586f503a5c5711e9b04d01ab1234b186b03e727ad902b6f4912d?s=96&d=mm&r=g\",\"caption\":\"Ma\u0142gorzata Brzezi\u0144ska\"},\"description\":\"Autorka tre\u015bci z zakresu mody, urody i stylu \u017cycia. Tworzy artyku\u0142y i poradniki oparte na analizie trend\u00f3w oraz potrzeb u\u017cytkownik\u00f3w, \u0142\u0105cz\u0105c wiedz\u0119 z zakresu komunikacji marketingowej i praktyki contentowej. Specjalizuje si\u0119 w bran\u017cach fashion, beauty &amp; health oraz gourmet food, przygotowuj\u0105c tre\u015bci dopasowane do realnych sytuacji i wybor\u00f3w konsumenckich. Na co dzie\u0144 zajmuje si\u0119 r\u00f3wnie\u017c content marketingiem i SEO.\",\"sameAs\":[\"https:\\\/\\\/www.linkedin.com\\\/in\\\/gosia-brzezinska-827052b4\\\/\"],\"url\":\"https:\\\/\\\/bialcon.pl\\\/blog\\\/author\\\/brzezinska\\\/\"}]}<\/script>\n<!-- \/ Yoast SEO plugin. -->","yoast_head_json":{"title":"Jak si\u0119 ubra\u0107, by podkre\u015bli\u0107 wci\u0119cie w talii? - Bialcon","description":"Wyra\u017anie zarysowane wci\u0119cie w talii to pragnienie wielu kobiet. Taka sylwetka wydaje si\u0119 bardziej lekka, zgrabna i proporcjonalna.","robots":{"index":"index","follow":"follow","max-snippet":"max-snippet:-1","max-image-preview":"max-image-preview:large","max-video-preview":"max-video-preview:-1"},"canonical":"https:\/\/bialcon.pl\/blog\/jak-sie-ubrac-by-podkreslic-wciecie-w-talii\/","twitter_misc":{"Napisane przez":"Ma\u0142gorzata Brzezi\u0144ska","Szacowany czas czytania":"6 minut"},"schema":{"@context":"https:\/\/schema.org","@graph":[{"@type":"Article","@id":"https:\/\/bialcon.pl\/blog\/jak-sie-ubrac-by-podkreslic-wciecie-w-talii\/#article","isPartOf":{"@id":"https:\/\/bialcon.pl\/blog\/jak-sie-ubrac-by-podkreslic-wciecie-w-talii\/"},"author":{"name":"Ma\u0142gorzata Brzezi\u0144ska","@id":"https:\/\/bialcon.pl\/blog\/#\/schema\/person\/cbbe4ae2297c5abd7376399985d5fabb"},"headline":"Jak si\u0119 ubra\u0107, by podkre\u015bli\u0107 wci\u0119cie w talii?","datePublished":"2023-06-15T19:18:27+00:00","dateModified":"2025-11-24T09:05:12+00:00","mainEntityOfPage":{"@id":"https:\/\/bialcon.pl\/blog\/jak-sie-ubrac-by-podkreslic-wciecie-w-talii\/"},"wordCount":1081,"image":{"@id":"https:\/\/bialcon.pl\/blog\/jak-sie-ubrac-by-podkreslic-wciecie-w-talii\/#primaryimage"},"thumbnailUrl":"https:\/\/bialcon.pl\/blog\/wp-content\/uploads\/2023\/06\/Projekt-bez-nazwy-2.png","articleSection":["Porady Stylistki","Wszystkie wpisy"],"inLanguage":"pl-PL"},{"@type":"WebPage","@id":"https:\/\/bialcon.pl\/blog\/jak-sie-ubrac-by-podkreslic-wciecie-w-talii\/","url":"https:\/\/bialcon.pl\/blog\/jak-sie-ubrac-by-podkreslic-wciecie-w-talii\/","name":"Jak si\u0119 ubra\u0107, by podkre\u015bli\u0107 wci\u0119cie w talii? - Bialcon","isPartOf":{"@id":"https:\/\/bialcon.pl\/blog\/#website"},"primaryImageOfPage":{"@id":"https:\/\/bialcon.pl\/blog\/jak-sie-ubrac-by-podkreslic-wciecie-w-talii\/#primaryimage"},"image":{"@id":"https:\/\/bialcon.pl\/blog\/jak-sie-ubrac-by-podkreslic-wciecie-w-talii\/#primaryimage"},"thumbnailUrl":"https:\/\/bialcon.pl\/blog\/wp-content\/uploads\/2023\/06\/Projekt-bez-nazwy-2.png","datePublished":"2023-06-15T19:18:27+00:00","dateModified":"2025-11-24T09:05:12+00:00","author":{"@id":"https:\/\/bialcon.pl\/blog\/#\/schema\/person\/cbbe4ae2297c5abd7376399985d5fabb"},"description":"Wyra\u017anie zarysowane wci\u0119cie w talii to pragnienie wielu kobiet. Taka sylwetka wydaje si\u0119 bardziej lekka, zgrabna i proporcjonalna.","breadcrumb":{"@id":"https:\/\/bialcon.pl\/blog\/jak-sie-ubrac-by-podkreslic-wciecie-w-talii\/#breadcrumb"},"inLanguage":"pl-PL","potentialAction":[{"@type":"ReadAction","target":["https:\/\/bialcon.pl\/blog\/jak-sie-ubrac-by-podkreslic-wciecie-w-talii\/"]}]},{"@type":"ImageObject","inLanguage":"pl-PL","@id":"https:\/\/bialcon.pl\/blog\/jak-sie-ubrac-by-podkreslic-wciecie-w-talii\/#primaryimage","url":"https:\/\/bialcon.pl\/blog\/wp-content\/uploads\/2023\/06\/Projekt-bez-nazwy-2.png","contentUrl":"https:\/\/bialcon.pl\/blog\/wp-content\/uploads\/2023\/06\/Projekt-bez-nazwy-2.png","width":960,"height":850,"caption":"Wizualizacja kobiety w czarno-bia\u0142ej sukience maxi z asymetrycznym dekoltem na jedno rami\u0119"},{"@type":"BreadcrumbList","@id":"https:\/\/bialcon.pl\/blog\/jak-sie-ubrac-by-podkreslic-wciecie-w-talii\/#breadcrumb","itemListElement":[{"@type":"ListItem","position":1,"name":"Strona g\u0142\u00f3wna","item":"https:\/\/bialcon.pl\/blog\/"},{"@type":"ListItem","position":2,"name":"Porady Stylistki","item":"https:\/\/bialcon.pl\/blog\/porady-stylistki\/"},{"@type":"ListItem","position":3,"name":"Jak si\u0119 ubra\u0107, by podkre\u015bli\u0107 wci\u0119cie w talii?"}]},{"@type":"WebSite","@id":"https:\/\/bialcon.pl\/blog\/#website","url":"https:\/\/bialcon.pl\/blog\/","name":"bialcon.pl\/blog\/","description":"Fashion Blog w zasi\u0119gu Twojej r\u0119ki","potentialAction":[{"@type":"SearchAction","target":{"@type":"EntryPoint","urlTemplate":"https:\/\/bialcon.pl\/blog\/?s={search_term_string}"},"query-input":{"@type":"PropertyValueSpecification","valueRequired":true,"valueName":"search_term_string"}}],"inLanguage":"pl-PL"},{"@type":"Person","@id":"https:\/\/bialcon.pl\/blog\/#\/schema\/person\/cbbe4ae2297c5abd7376399985d5fabb","name":"Ma\u0142gorzata Brzezi\u0144ska","image":{"@type":"ImageObject","inLanguage":"pl-PL","@id":"https:\/\/secure.gravatar.com\/avatar\/3fc4a4cdba63586f503a5c5711e9b04d01ab1234b186b03e727ad902b6f4912d?s=96&d=mm&r=g","url":"https:\/\/secure.gravatar.com\/avatar\/3fc4a4cdba63586f503a5c5711e9b04d01ab1234b186b03e727ad902b6f4912d?s=96&d=mm&r=g","contentUrl":"https:\/\/secure.gravatar.com\/avatar\/3fc4a4cdba63586f503a5c5711e9b04d01ab1234b186b03e727ad902b6f4912d?s=96&d=mm&r=g","caption":"Ma\u0142gorzata Brzezi\u0144ska"},"description":"Autorka tre\u015bci z zakresu mody, urody i stylu \u017cycia. Tworzy artyku\u0142y i poradniki oparte na analizie trend\u00f3w oraz potrzeb u\u017cytkownik\u00f3w, \u0142\u0105cz\u0105c wiedz\u0119 z zakresu komunikacji marketingowej i praktyki contentowej. Specjalizuje si\u0119 w bran\u017cach fashion, beauty &amp; health oraz gourmet food, przygotowuj\u0105c tre\u015bci dopasowane do realnych sytuacji i wybor\u00f3w konsumenckich. Na co dzie\u0144 zajmuje si\u0119 r\u00f3wnie\u017c content marketingiem i SEO.","sameAs":["https:\/\/www.linkedin.com\/in\/gosia-brzezinska-827052b4\/"],"url":"https:\/\/bialcon.pl\/blog\/author\/brzezinska\/"}]}},"_links":{"self":[{"href":"https:\/\/bialcon.pl\/blog\/wp-json\/wp\/v2\/posts\/8294","targetHints":{"allow":["GET"]}}],"collection":[{"href":"https:\/\/bialcon.pl\/blog\/wp-json\/wp\/v2\/posts"}],"about":[{"href":"https:\/\/bialcon.pl\/blog\/wp-json\/wp\/v2\/types\/post"}],"author":[{"embeddable":true,"href":"https:\/\/bialcon.pl\/blog\/wp-json\/wp\/v2\/users\/10"}],"replies":[{"embeddable":true,"href":"https:\/\/bialcon.pl\/blog\/wp-json\/wp\/v2\/comments?post=8294"}],"version-history":[{"count":13,"href":"https:\/\/bialcon.pl\/blog\/wp-json\/wp\/v2\/posts\/8294\/revisions"}],"predecessor-version":[{"id":11655,"href":"https:\/\/bialcon.pl\/blog\/wp-json\/wp\/v2\/posts\/8294\/revisions\/11655"}],"wp:featuredmedia":[{"embeddable":true,"href":"https:\/\/bialcon.pl\/blog\/wp-json\/wp\/v2\/media\/8342"}],"wp:attachment":[{"href":"https:\/\/bialcon.pl\/blog\/wp-json\/wp\/v2\/media?parent=8294"}],"wp:term":[{"taxonomy":"category","embeddable":true,"href":"https:\/\/bialcon.pl\/blog\/wp-json\/wp\/v2\/categories?post=8294"},{"taxonomy":"post_tag","embeddable":true,"href":"https:\/\/bialcon.pl\/blog\/wp-json\/wp\/v2\/tags?post=8294"}],"curies":[{"name":"wp","href":"https:\/\/api.w.org\/{rel}","templated":true}]}}