{"id":7781,"date":"2023-03-17T14:00:00","date_gmt":"2023-03-17T13:00:00","guid":{"rendered":"https:\/\/bialcon.pl\/blog\/?p=7781"},"modified":"2025-11-24T09:53:38","modified_gmt":"2025-11-24T08:53:38","slug":"czas-na-sukienki-co-podpowiadaja-wybiegi-na-sezon-wiosna-lato","status":"publish","type":"post","link":"https:\/\/bialcon.pl\/blog\/czas-na-sukienki-co-podpowiadaja-wybiegi-na-sezon-wiosna-lato\/","title":{"rendered":"Czas na sukienki \u2013 co podpowiadaj\u0105 wybiegi na sezon wiosna-lato?"},"content":{"rendered":"<div id=\"ez-toc-container\" class=\"ez-toc-v2_0_82_2 counter-hierarchy ez-toc-counter ez-toc-custom ez-toc-container-direction\">\n<div class=\"ez-toc-title-container\"><p class=\"ez-toc-title\" style=\"cursor:inherit\">Spis Tre\u015bci<\/p>\n<\/div><nav><ul class='ez-toc-list ez-toc-list-level-1 ' ><li class='ez-toc-page-1 ez-toc-heading-level-2'><a class=\"ez-toc-link ez-toc-heading-1\" href=\"https:\/\/bialcon.pl\/blog\/czas-na-sukienki-co-podpowiadaja-wybiegi-na-sezon-wiosna-lato\/#Sukienka_rozkloszowana_z_kwiecistym_wzorem\" >Sukienka rozkloszowana z kwiecistym wzorem<\/a><\/li><li class='ez-toc-page-1 ez-toc-heading-level-2'><a class=\"ez-toc-link ez-toc-heading-2\" href=\"https:\/\/bialcon.pl\/blog\/czas-na-sukienki-co-podpowiadaja-wybiegi-na-sezon-wiosna-lato\/#Sukienka_rozkloszowana_w_kolorze_pudrowego_rozu\" >Sukienka rozkloszowana w kolorze pudrowego r\u00f3\u017cu<\/a><\/li><li class='ez-toc-page-1 ez-toc-heading-level-2'><a class=\"ez-toc-link ez-toc-heading-3\" href=\"https:\/\/bialcon.pl\/blog\/czas-na-sukienki-co-podpowiadaja-wybiegi-na-sezon-wiosna-lato\/#Sukienka_rozkloszowana_z_falbankami\" >Sukienka rozkloszowana z falbankami<\/a><\/li><li class='ez-toc-page-1 ez-toc-heading-level-2'><a class=\"ez-toc-link ez-toc-heading-4\" href=\"https:\/\/bialcon.pl\/blog\/czas-na-sukienki-co-podpowiadaja-wybiegi-na-sezon-wiosna-lato\/#Sukienka_z_bawelny_w_kolorze_czarnym\" >Sukienka z bawe\u0142ny w kolorze czarnym<\/a><\/li><li class='ez-toc-page-1 ez-toc-heading-level-2'><a class=\"ez-toc-link ez-toc-heading-5\" href=\"https:\/\/bialcon.pl\/blog\/czas-na-sukienki-co-podpowiadaja-wybiegi-na-sezon-wiosna-lato\/#Sukienka_bawelniana_z_blekitnym_printem\" >Sukienka bawe\u0142niana z b\u0142\u0119kitnym printem<\/a><\/li><\/ul><\/nav><\/div>\n\n<p><strong>Wraz z sezonem wiosenno-letnim zaczyna si\u0119 wielki powr\u00f3t kobieco\u015bci w modzie. Wreszcie wyskakujemy z grubych swetr\u00f3w, d\u017cins\u00f3w i bluz dresowych, a zak\u0142adamy pi\u0119kne sukienki bawe\u0142niane i rozkloszowane. Sprawd\u017amy, co podpowiadaj\u0105 trendy na nadchodz\u0105ce cieplejsze pory roku.<\/strong><\/p>\n\n\n\n<p>Kochamy sukienki za to, \u017ce pozwalaj\u0105 nam si\u0119 czu\u0107 kobieco, modnie i wyj\u0105tkowo. Mnogo\u015b\u0107 fason\u00f3w, d\u0142ugo\u015bci i wzor\u00f3w sprawia, \u017ce ka\u017cda kobieta znajdzie model pasuj\u0105cy do jej gustu, sylwetki oraz okazji. Trendy zapowiadaj\u0105, \u017ce tej wiosny b\u0119dziemy nosi\u0107 ch\u0119tnie <strong><a href=\"https:\/\/bialcon.pl\/odziez\/sukienki\/sukienki-rozkloszowane\" target=\"_blank\" rel=\"noreferrer noopener\">sukienki rozkloszowane<\/a><\/strong> \u2013 co jest bardzo dobr\u0105 wiadomo\u015bci\u0105, gdy\u017c ten klasyczny fason pi\u0119knie podkre\u015bla i modeluje sylwetk\u0119.<\/p>\n\n\n\n<p>Warto te\u017c zwr\u00f3ci\u0107 uwag\u0119 na <strong><a href=\"https:\/\/bialcon.pl\/odziez\/sukienki\/sukienki-bawelniane\" target=\"_blank\" rel=\"noreferrer noopener\">sukienki bawe\u0142niane<\/a><\/strong>, szczeg\u00f3lnie w cieplejsze dni, poniewa\u017c bawe\u0142na jest materia\u0142em naturalnym i pozwala sk\u00f3rze oddycha\u0107, a poza tym nie gniecie si\u0119 i \u0142adnie uk\u0142ada na ciele. W ramach przygotowa\u0144 do od\u015bwie\u017cenia garderoby na wiosn\u0119 sprawd\u017a koniecznie jakich sukienek ci brakuje, by wygl\u0105da\u0107 na czasie.<\/p>\n\n\n\n<h2 class=\"wp-block-heading\"><span class=\"ez-toc-section\" id=\"Sukienka_rozkloszowana_z_kwiecistym_wzorem\"><\/span><strong>Sukienka rozkloszowana z kwiecistym wzorem<\/strong><span class=\"ez-toc-section-end\"><\/span><\/h2>\n\n\n\n<p>Trendy na wiosn\u0119 i lato 2023 roku wskazuj\u0105 na kwieciste wzory. Szczeg\u00f3lnie warto zwr\u00f3ci\u0107 uwag\u0119 na zwiewne d\u0142ugie sukienki w kwiaty. <a href=\"https:\/\/bialcon.pl\/odziez\/sukienki\/sukienki-rozkloszowane\" target=\"_blank\" rel=\"noreferrer noopener\"><strong>Sukienka rozkloszowana<\/strong><\/a> o d\u0142ugo\u015bci midi z ro\u015blinnym printem doskonale wpisuje si\u0119 w ten trend. Klasyczny kr\u00f3j z dopasowan\u0105 g\u00f3r\u0105 i rozkloszowanym do\u0142em jest bardzo korzystny dla sylwetki i akcentuje tali\u0119. D\u0142ugo\u015b\u0107 midi, si\u0119gaj\u0105ca po\u0142owy \u0142ydki, jest bardzo stylowa. Do sukienki mo\u017cna za\u0142o\u017cy\u0107 modne botki. Kwiecisty wz\u00f3r w kolorow\u0105 \u0142\u0105czk\u0119 dodaje kreacji \u015bwie\u017co\u015bci i uroku. Jednocze\u015bnie czu\u0107 tutaj nutki klimatu retro. W tej sukience b\u0119dziemy wygl\u0105da\u0107 na czasie i elegancko. <\/p>\n\n\n\r\n<div class=\"product-block-container swiper mySwiperProductBlock\">\r\n    <div class=\"product-block-swiper swiper-wrapper\">\r\n                    <div class=\"swiper-slide product-block-item\" data-id=\"147722\">\r\n                <a href=\"https:\/\/bialcon.pl\/czarna-dzianinowa-sukienka-w-rozowe-kwiaty?utm_source=blog&utm_medium=wyprzedaz&utm_campaign=170323\" class=\"product-block-url\" target=\"_blank\">\r\n                    <div class=\"product-block-image\">\r\n                        <img decoding=\"async\" width=\"300\" height=\"400\" src=\"https:\/\/bialcon.pl\/picture\/czarna-dzianinowa-sukienka-w-rozowe-kwiaty.jpg\" alt=\"Czarna dzianinowa sukienka w r\u00f3\u017cowe kwiaty\">\r\n                    <\/div>\r\n                    <div class=\"product-block-name\">\r\n                        <p>Czarna dzianinowa sukienka w r\u00f3\u017cowe kwiaty<\/p>\r\n                    <\/div>\r\n                <\/a>\r\n            <\/div>\r\n                    <div class=\"swiper-slide product-block-item\" data-id=\"147742\">\r\n                <a href=\"https:\/\/bialcon.pl\/czarna-dzianinowa-sukienka-z-nadrukiem-czerwonej-rozy?utm_source=blog&utm_medium=wyprzedaz&utm_campaign=170323\" class=\"product-block-url\" target=\"_blank\">\r\n                    <div class=\"product-block-image\">\r\n                        <img decoding=\"async\" width=\"300\" height=\"400\" src=\"https:\/\/bialcon.pl\/picture\/czarna-dzianinowa-sukienka-z-nadrukiem-czerwonej-rozy.jpg\" alt=\"Czarna dzianinowa sukienka z nadrukiem czerwonej r\u00f3\u017cy\">\r\n                    <\/div>\r\n                    <div class=\"product-block-name\">\r\n                        <p>Czarna dzianinowa sukienka z nadrukiem czerwonej r\u00f3\u017cy<\/p>\r\n                    <\/div>\r\n                <\/a>\r\n            <\/div>\r\n                    <div class=\"swiper-slide product-block-item\" data-id=\"147743\">\r\n                <a href=\"https:\/\/bialcon.pl\/wiskozowy-kolorowy-kombinezon-z-krotkim-rekawem?utm_source=blog&utm_medium=wyprzedaz&utm_campaign=170323\" class=\"product-block-url\" target=\"_blank\">\r\n                    <div class=\"product-block-image\">\r\n                        <img decoding=\"async\" width=\"300\" height=\"400\" src=\"https:\/\/bialcon.pl\/picture\/wiskozowy-kolorowy-kombinezon-z-krotkim-rekawem.jpg\" alt=\"Wiskozowy kolorowy kombinezon z kr\u00f3tkim r\u0119kawem\">\r\n                    <\/div>\r\n                    <div class=\"product-block-name\">\r\n                        <p>Wiskozowy kolorowy kombinezon z kr\u00f3tkim r\u0119kawem<\/p>\r\n                    <\/div>\r\n                <\/a>\r\n            <\/div>\r\n            <\/div>\r\n<\/div>\r\n\n\n\n\n<h2 class=\"wp-block-heading\"><span class=\"ez-toc-section\" id=\"Sukienka_rozkloszowana_w_kolorze_pudrowego_rozu\"><\/span><strong>Sukienka rozkloszowana w kolorze pudrowego r\u00f3\u017cu<\/strong><span class=\"ez-toc-section-end\"><\/span><\/h2>\n\n\n\n<p>W tym sezonie nie zabraknie r\u00f3\u017cu w odcieniach jasnych, pastelowych i pudrowych. Kolor ten jest optycznie lekki i elegancki, szczeg\u00f3lnie wytwornie prezentuje si\u0119 w towarzystwie czerni. Dlatego warto zwr\u00f3ci\u0107 uwag\u0119 na designersk\u0105 kreacj\u0119 czarno-r\u00f3\u017cow\u0105. Oryginalny kr\u00f3j tej sukienki spodoba si\u0119 kobietom, kt\u00f3re lubi\u0105 przyci\u0105ga\u0107 uwag\u0119 ubiorem.<\/p>\n\n\n\n<p>Ca\u0142o\u015b\u0107 wygl\u0105da jak po\u0142\u0105czenie zgrabnego taliowanego \u017cakietu z szerok\u0105 sp\u00f3dnic\u0105. Oryginalnym akcentem jest asymetryczny kr\u00f3j \u017cakietu. Bez w\u0105tpienia ta <a href=\"https:\/\/bialcon.pl\/odziez\/sukienki\/sukienki-rozkloszowane\" target=\"_blank\" rel=\"noreferrer noopener\"><strong>sukienka rozkloszowana<\/strong><\/a> jest idealna na specjalne okazje \u2013 np. wyj\u015bcie do opery, kolacja urodzinowa. <\/p>\n\n\n\r\n<div class=\"product-block-container swiper mySwiperProductBlock\">\r\n    <div class=\"product-block-swiper swiper-wrapper\">\r\n                    <div class=\"swiper-slide product-block-item\" data-id=\"147776\">\r\n                <a href=\"https:\/\/bialcon.pl\/satynowa-sukienka-o-trapezowym-fasonie-z-ozdoba-przy-dekolcie?utm_source=blog&utm_medium=wyprzedaz&utm_campaign=170323\" class=\"product-block-url\" target=\"_blank\">\r\n                    <div class=\"product-block-image\">\r\n                        <img decoding=\"async\" width=\"300\" height=\"400\" src=\"https:\/\/bialcon.pl\/picture\/satynowa-sukienka-o-trapezowym-fasonie-z-ozdoba-przy-dekolcie.jpg\" alt=\"Satynowa sukienka o trapezowym fasonie z ozdoba przy dekolcie\">\r\n                    <\/div>\r\n                    <div class=\"product-block-name\">\r\n                        <p>Satynowa sukienka o trapezowym fasonie z ozdoba przy dekolcie<\/p>\r\n                    <\/div>\r\n                <\/a>\r\n            <\/div>\r\n                    <div class=\"swiper-slide product-block-item\" data-id=\"147810\">\r\n                <a href=\"https:\/\/bialcon.pl\/sukienka-z-koronki-w-kolorze-zgaszonego-rozu?utm_source=blog&utm_medium=wyprzedaz&utm_campaign=170323\" class=\"product-block-url\" target=\"_blank\">\r\n                    <div class=\"product-block-image\">\r\n                        <img decoding=\"async\" width=\"300\" height=\"400\" src=\"https:\/\/bialcon.pl\/picture\/sukienka-z-koronki-w-kolorze-zgaszonego-rozu_1.jpg\" alt=\"Sukienka z koronki w kolorze zgaszonego r\u00f3\u017cu\">\r\n                    <\/div>\r\n                    <div class=\"product-block-name\">\r\n                        <p>Sukienka z koronki w kolorze zgaszonego r\u00f3\u017cu<\/p>\r\n                    <\/div>\r\n                <\/a>\r\n            <\/div>\r\n                    <div class=\"swiper-slide product-block-item\" data-id=\"147811\">\r\n                <a href=\"https:\/\/bialcon.pl\/wizytowa-sukienka-z-pastelowego-zwiewnego-szyfonu?utm_source=blog&utm_medium=wyprzedaz&utm_campaign=170323\" class=\"product-block-url\" target=\"_blank\">\r\n                    <div class=\"product-block-image\">\r\n                        <img decoding=\"async\" width=\"300\" height=\"400\" src=\"https:\/\/bialcon.pl\/picture\/wizytowa-sukienka-z-pastelowego-zwiewnego-szyfonu_1.jpg\" alt=\"Wizytowa sukienka z pastelowego zwiewnego szyfonu\">\r\n                    <\/div>\r\n                    <div class=\"product-block-name\">\r\n                        <p>Wizytowa sukienka z pastelowego zwiewnego szyfonu<\/p>\r\n                    <\/div>\r\n                <\/a>\r\n            <\/div>\r\n            <\/div>\r\n<\/div>\r\n\n\n\n\n<h2 class=\"wp-block-heading\"><span class=\"ez-toc-section\" id=\"Sukienka_rozkloszowana_z_falbankami\"><\/span><strong>Sukienka rozkloszowana z falbankami<\/strong><span class=\"ez-toc-section-end\"><\/span><\/h2>\n\n\n\n<p>Falbany wracaj\u0105 do gry! Jest to jeden z mocnych trend\u00f3w na wiosn\u0119\/lato 2023. Efektowna sukienka z falbankami i kwiecistym wzorem to dobry wyb\u00f3r na nadchodz\u0105cy sezon. Kreacja wygl\u0105da bardzo zgrabnie i ma pewien dziewcz\u0119cy urok, a przy tym dzi\u0119ki zastosowaniu kontrastu mi\u0119dzy ascetyczn\u0105 g\u00f3r\u0105 i barwnym, zwiewnym do\u0142em prezentuje si\u0119 niebanalnie. Naprawd\u0119 trudno przej\u015b\u0107 oboj\u0119tnie obok tej kwiecistej <a href=\"https:\/\/bialcon.pl\/odziez\/sukienki\/sukienki-rozkloszowane\" target=\"_blank\" rel=\"noreferrer noopener\"><strong>sukienki rozkloszowanej<\/strong><\/a>.<\/p>\n\n\n\n<p>Polecamy za\u0142o\u017cy\u0107 do niej szpilki lub botki. Delikatna srebrna lub z\u0142ota bi\u017cuteria doskonale uzupe\u0142ni stylizacj\u0119.<\/p>\n\n\n\r\n<div class=\"product-block-container swiper mySwiperProductBlock\">\r\n    <div class=\"product-block-swiper swiper-wrapper\">\r\n                    <div class=\"swiper-slide product-block-item\" data-id=\"147621\">\r\n                <a href=\"https:\/\/bialcon.pl\/efektowna-rozowa-sukienka-z-tafty?utm_source=blog&utm_medium=wyprzedaz&utm_campaign=170323\" class=\"product-block-url\" target=\"_blank\">\r\n                    <div class=\"product-block-image\">\r\n                        <img decoding=\"async\" width=\"300\" height=\"400\" src=\"https:\/\/bialcon.pl\/picture\/efektowna-rozowa-sukienka-z-tafty.jpg\" alt=\"Efektowna r\u00f3\u017cowa sukienka z tafty\">\r\n                    <\/div>\r\n                    <div class=\"product-block-name\">\r\n                        <p>Efektowna r\u00f3\u017cowa sukienka z tafty<\/p>\r\n                    <\/div>\r\n                <\/a>\r\n            <\/div>\r\n                    <div class=\"swiper-slide product-block-item\" data-id=\"147655\">\r\n                <a href=\"https:\/\/bialcon.pl\/kolorowa-sukienka-ze-zwiewnej-wiskozy-z-falbana?utm_source=blog&utm_medium=wyprzedaz&utm_campaign=170323\" class=\"product-block-url\" target=\"_blank\">\r\n                    <div class=\"product-block-image\">\r\n                        <img decoding=\"async\" width=\"300\" height=\"400\" src=\"https:\/\/bialcon.pl\/picture\/kolorowa-sukienka-ze-zwiewnej-wiskozy-z-falbana_2.jpg\" alt=\"Kolorowa sukienka ze zwiewnej wiskozy z falban\u0105\">\r\n                    <\/div>\r\n                    <div class=\"product-block-name\">\r\n                        <p>Kolorowa sukienka ze zwiewnej wiskozy z falban\u0105<\/p>\r\n                    <\/div>\r\n                <\/a>\r\n            <\/div>\r\n                    <div class=\"swiper-slide product-block-item\" data-id=\"147700\">\r\n                <a href=\"https:\/\/bialcon.pl\/asymetryczna-rozkloszowana-sukienka-maxi-z-falbana?utm_source=blog&utm_medium=wyprzedaz&utm_campaign=170323\" class=\"product-block-url\" target=\"_blank\">\r\n                    <div class=\"product-block-image\">\r\n                        <img decoding=\"async\" width=\"300\" height=\"400\" src=\"https:\/\/bialcon.pl\/picture\/asymetryczna-rozkloszowana-sukienka-maxi-z-falbana_1.jpg\" alt=\"Asymetryczna rozkloszowana sukienka maxi z falban\u0105\">\r\n                    <\/div>\r\n                    <div class=\"product-block-name\">\r\n                        <p>Asymetryczna rozkloszowana sukienka maxi z falban\u0105<\/p>\r\n                    <\/div>\r\n                <\/a>\r\n            <\/div>\r\n            <\/div>\r\n<\/div>\r\n\n\n\n\n<h2 class=\"wp-block-heading\"><span class=\"ez-toc-section\" id=\"Sukienka_z_bawelny_w_kolorze_czarnym\"><\/span><strong>Sukienka z bawe\u0142ny w kolorze czarnym<\/strong><span class=\"ez-toc-section-end\"><\/span><\/h2>\n\n\n\n<p>Czarny kolor przewija\u0142 si\u0119 cz\u0119sto na wybiegach podczas pokaz\u00f3w mody na wiosn\u0119\/lato 2023. Moda lubi nas zaskakiwa\u0107, gdy\u017c czer\u0144 kojarzy si\u0119 raczej z ch\u0142odniejszymi porami roku. Je\u015bli szukasz eleganckiej a jednocze\u015bnie casualowej <a href=\"https:\/\/bialcon.pl\/odziez\/sukienki\/sukienki-bawelniane\" target=\"_blank\" rel=\"noreferrer noopener\"><strong>sukienki bawe\u0142nianej<\/strong><\/a> w kolorze czarnym, zwr\u00f3\u0107 uwag\u0119 na model uszyty z dzianiny i tkaniny. Kreacja zdecydowanie nawi\u0105zuje do stylu sportowego i przypomina po\u0142\u0105czenie wygodnej bluzy ze sp\u00f3dnic\u0105.<\/p>\n\n\n\n<p>Lu\u017any fason i du\u017ce, pojemne kieszenie sprawi\u0105, \u017ce b\u0119dzie nam wygodnie w tej sukience i mo\u017cemy j\u0105 za\u0142o\u017cy\u0107 nawet je\u015bli czeka nas intensywny dzie\u0144, gdy b\u0119dziemy wiele godzin w ruchu. Minimalistyczny charakter kreacji daje nam wiele mo\u017cliwo\u015bci stylizacyjnych. Polecamy dobra\u0107 jasne kolorowe dodatki i wygodne sportowe buty. <\/p>\n\n\n\r\n<div class=\"product-block-container swiper mySwiperProductBlock\">\r\n    <div class=\"product-block-swiper swiper-wrapper\">\r\n                    <div class=\"swiper-slide product-block-item\" data-id=\"147722\">\r\n                <a href=\"https:\/\/bialcon.pl\/czarna-dzianinowa-sukienka-w-rozowe-kwiaty?utm_source=blog&utm_medium=wyprzedaz&utm_campaign=170323\" class=\"product-block-url\" target=\"_blank\">\r\n                    <div class=\"product-block-image\">\r\n                        <img decoding=\"async\" width=\"300\" height=\"400\" src=\"https:\/\/bialcon.pl\/picture\/czarna-dzianinowa-sukienka-w-rozowe-kwiaty.jpg\" alt=\"Czarna dzianinowa sukienka w r\u00f3\u017cowe kwiaty\">\r\n                    <\/div>\r\n                    <div class=\"product-block-name\">\r\n                        <p>Czarna dzianinowa sukienka w r\u00f3\u017cowe kwiaty<\/p>\r\n                    <\/div>\r\n                <\/a>\r\n            <\/div>\r\n                    <div class=\"swiper-slide product-block-item\" data-id=\"147742\">\r\n                <a href=\"https:\/\/bialcon.pl\/czarna-dzianinowa-sukienka-z-nadrukiem-czerwonej-rozy?utm_source=blog&utm_medium=wyprzedaz&utm_campaign=170323\" class=\"product-block-url\" target=\"_blank\">\r\n                    <div class=\"product-block-image\">\r\n                        <img decoding=\"async\" width=\"300\" height=\"400\" src=\"https:\/\/bialcon.pl\/picture\/czarna-dzianinowa-sukienka-z-nadrukiem-czerwonej-rozy.jpg\" alt=\"Czarna dzianinowa sukienka z nadrukiem czerwonej r\u00f3\u017cy\">\r\n                    <\/div>\r\n                    <div class=\"product-block-name\">\r\n                        <p>Czarna dzianinowa sukienka z nadrukiem czerwonej r\u00f3\u017cy<\/p>\r\n                    <\/div>\r\n                <\/a>\r\n            <\/div>\r\n                    <div class=\"swiper-slide product-block-item\" data-id=\"147787\">\r\n                <a href=\"https:\/\/bialcon.pl\/bawelniana-czarna-sukienka-midi-z-dzianinowa-gora?utm_source=blog&utm_medium=wyprzedaz&utm_campaign=170323\" class=\"product-block-url\" target=\"_blank\">\r\n                    <div class=\"product-block-image\">\r\n                        <img decoding=\"async\" width=\"300\" height=\"400\" src=\"https:\/\/bialcon.pl\/picture\/bawelniana-czarna-sukienka-midi-z-dzianinowa-gora.jpg\" alt=\"Bawe\u0142niana czarna sukienka midi z dzianinow\u0105 g\u00f3r\u0105\">\r\n                    <\/div>\r\n                    <div class=\"product-block-name\">\r\n                        <p>Bawe\u0142niana czarna sukienka midi z dzianinow\u0105 g\u00f3r\u0105<\/p>\r\n                    <\/div>\r\n                <\/a>\r\n            <\/div>\r\n            <\/div>\r\n<\/div>\r\n\n\n\n\n<h2 class=\"wp-block-heading\"><span class=\"ez-toc-section\" id=\"Sukienka_bawelniana_z_blekitnym_printem\"><\/span><strong>Sukienka bawe\u0142niana z b\u0142\u0119kitnym printem<\/strong><span class=\"ez-toc-section-end\"><\/span><\/h2>\n\n\n\n<p>Tej wiosny zauwa\u017cymy w sklepach odzie\u017cowych du\u017co b\u0142\u0119kitu. Ciekaw\u0105 inspiracj\u0105 na wykorzystanie tego trendu jest stylowa szmizjerka zdobiona malarskim printem. Wiele kobiet kocha szmizjerki za prosty i wygodny fason. Ta bawe\u0142niana sukienka wygl\u0105da jak d\u0142uga koszula. Jej wielk\u0105 ozdob\u0105 jest pi\u0119kny malarski print w r\u00f3\u017cnych odcieniach b\u0142\u0119kitu.<\/p>\n\n\n\n<p>Chocia\u017c kr\u00f3j tej <a href=\"https:\/\/bialcon.pl\/odziez\/sukienki\/sukienki-bawelniane\" target=\"_blank\" rel=\"noreferrer noopener\"><strong>sukienki bawe\u0142nianej<\/strong><\/a> jest dosy\u0107 lu\u017any, pasek w talii powoduje, \u017ce sylwetka jest dobrze podkre\u015blona. Do b\u0142\u0119kitnej kreacji \u015bwietnie b\u0119d\u0105 pasowa\u0142y be\u017cowe dodatki i skromna srebrna bi\u017cuteria.<\/p>\n","protected":false},"excerpt":{"rendered":"<p>Wraz z sezonem wiosenno-letnim zaczyna si\u0119 wielki powr\u00f3t kobieco\u015bci w modzie. Wreszcie wyskakujemy z grubych swetr\u00f3w, d\u017cins\u00f3w i bluz dresowych, a zak\u0142adamy pi\u0119kne sukienki bawe\u0142niane i rozkloszowane. Sprawd\u017amy, co podpowiadaj\u0105 trendy na nadchodz\u0105ce cieplejsze pory roku. Kochamy sukienki za to, \u017ce pozwalaj\u0105 nam si\u0119 czu\u0107 kobieco, modnie i wyj\u0105tkowo. Mnogo\u015b\u0107 fason\u00f3w, d\u0142ugo\u015bci i wzor\u00f3w sprawia, [&hellip;]<\/p>\n","protected":false},"author":10,"featured_media":7782,"comment_status":"closed","ping_status":"open","sticky":false,"template":"","format":"standard","meta":{"_acf_changed":false,"site-sidebar-layout":"default","site-content-layout":"","ast-site-content-layout":"default","site-content-style":"default","site-sidebar-style":"default","ast-global-header-display":"","ast-banner-title-visibility":"","ast-main-header-display":"","ast-hfb-above-header-display":"","ast-hfb-below-header-display":"","ast-hfb-mobile-header-display":"","site-post-title":"","ast-breadcrumbs-content":"","ast-featured-img":"","footer-sml-layout":"","theme-transparent-header-meta":"","adv-header-id-meta":"","stick-header-meta":"","header-above-stick-meta":"","header-main-stick-meta":"","header-below-stick-meta":"","astra-migrate-meta-layouts":"set","ast-page-background-enabled":"default","ast-page-background-meta":{"desktop":{"background-color":"","background-image":"","background-repeat":"repeat","background-position":"center center","background-size":"auto","background-attachment":"scroll","background-type":"","background-media":"","overlay-type":"","overlay-color":"","overlay-opacity":"","overlay-gradient":""},"tablet":{"background-color":"","background-image":"","background-repeat":"repeat","background-position":"center center","background-size":"auto","background-attachment":"scroll","background-type":"","background-media":"","overlay-type":"","overlay-color":"","overlay-opacity":"","overlay-gradient":""},"mobile":{"background-color":"","background-image":"","background-repeat":"repeat","background-position":"center center","background-size":"auto","background-attachment":"scroll","background-type":"","background-media":"","overlay-type":"","overlay-color":"","overlay-opacity":"","overlay-gradient":""}},"ast-content-background-meta":{"desktop":{"background-color":"var(--ast-global-color-5)","background-image":"","background-repeat":"repeat","background-position":"center center","background-size":"auto","background-attachment":"scroll","background-type":"","background-media":"","overlay-type":"","overlay-color":"","overlay-opacity":"","overlay-gradient":""},"tablet":{"background-color":"var(--ast-global-color-5)","background-image":"","background-repeat":"repeat","background-position":"center center","background-size":"auto","background-attachment":"scroll","background-type":"","background-media":"","overlay-type":"","overlay-color":"","overlay-opacity":"","overlay-gradient":""},"mobile":{"background-color":"var(--ast-global-color-5)","background-image":"","background-repeat":"repeat","background-position":"center center","background-size":"auto","background-attachment":"scroll","background-type":"","background-media":"","overlay-type":"","overlay-color":"","overlay-opacity":"","overlay-gradient":""}},"footnotes":""},"categories":[9,14],"tags":[],"class_list":["post-7781","post","type-post","status-publish","format-standard","has-post-thumbnail","hentry","category-trendy-w-branzy-fashion","category-wszystkie-wpisy"],"acf":[],"yoast_head":"<!-- This site is optimized with the Yoast SEO plugin v27.4 - https:\/\/yoast.com\/product\/yoast-seo-wordpress\/ -->\n<title>Czas na sukienki \u2013 co radz\u0105 trendy na sezon wiosna-lato? - Bialcon<\/title>\n<meta name=\"description\" content=\"Wraz z sezonem wiosenno-letnim zaczyna si\u0119 wielki powr\u00f3t kobieco\u015bci w modzie. Sprawd\u017a, co m\u00f3wi\u0105 trendy na nadchodz\u0105ce cieplejsze pory roku.\" \/>\n<meta name=\"robots\" content=\"index, follow, max-snippet:-1, max-image-preview:large, max-video-preview:-1\" \/>\n<link rel=\"canonical\" href=\"https:\/\/bialcon.pl\/blog\/czas-na-sukienki-co-podpowiadaja-wybiegi-na-sezon-wiosna-lato\/\" \/>\n<meta name=\"twitter:label1\" content=\"Napisane przez\" \/>\n\t<meta name=\"twitter:data1\" content=\"Ma\u0142gorzata Brzezi\u0144ska\" \/>\n\t<meta name=\"twitter:label2\" content=\"Szacowany czas czytania\" \/>\n\t<meta name=\"twitter:data2\" content=\"4 minuty\" \/>\n<script type=\"application\/ld+json\" class=\"yoast-schema-graph\">{\"@context\":\"https:\\\/\\\/schema.org\",\"@graph\":[{\"@type\":\"Article\",\"@id\":\"https:\\\/\\\/bialcon.pl\\\/blog\\\/czas-na-sukienki-co-podpowiadaja-wybiegi-na-sezon-wiosna-lato\\\/#article\",\"isPartOf\":{\"@id\":\"https:\\\/\\\/bialcon.pl\\\/blog\\\/czas-na-sukienki-co-podpowiadaja-wybiegi-na-sezon-wiosna-lato\\\/\"},\"author\":{\"name\":\"Ma\u0142gorzata Brzezi\u0144ska\",\"@id\":\"https:\\\/\\\/bialcon.pl\\\/blog\\\/#\\\/schema\\\/person\\\/cbbe4ae2297c5abd7376399985d5fabb\"},\"headline\":\"Czas na sukienki \u2013 co podpowiadaj\u0105 wybiegi na sezon wiosna-lato?\",\"datePublished\":\"2023-03-17T13:00:00+00:00\",\"dateModified\":\"2025-11-24T08:53:38+00:00\",\"mainEntityOfPage\":{\"@id\":\"https:\\\/\\\/bialcon.pl\\\/blog\\\/czas-na-sukienki-co-podpowiadaja-wybiegi-na-sezon-wiosna-lato\\\/\"},\"wordCount\":784,\"image\":{\"@id\":\"https:\\\/\\\/bialcon.pl\\\/blog\\\/czas-na-sukienki-co-podpowiadaja-wybiegi-na-sezon-wiosna-lato\\\/#primaryimage\"},\"thumbnailUrl\":\"https:\\\/\\\/bialcon.pl\\\/blog\\\/wp-content\\\/uploads\\\/2023\\\/03\\\/Projekt-bez-tytulu-3.png\",\"articleSection\":[\"Trendy\",\"Wszystkie wpisy\"],\"inLanguage\":\"pl-PL\"},{\"@type\":\"WebPage\",\"@id\":\"https:\\\/\\\/bialcon.pl\\\/blog\\\/czas-na-sukienki-co-podpowiadaja-wybiegi-na-sezon-wiosna-lato\\\/\",\"url\":\"https:\\\/\\\/bialcon.pl\\\/blog\\\/czas-na-sukienki-co-podpowiadaja-wybiegi-na-sezon-wiosna-lato\\\/\",\"name\":\"Czas na sukienki \u2013 co radz\u0105 trendy na sezon wiosna-lato? - Bialcon\",\"isPartOf\":{\"@id\":\"https:\\\/\\\/bialcon.pl\\\/blog\\\/#website\"},\"primaryImageOfPage\":{\"@id\":\"https:\\\/\\\/bialcon.pl\\\/blog\\\/czas-na-sukienki-co-podpowiadaja-wybiegi-na-sezon-wiosna-lato\\\/#primaryimage\"},\"image\":{\"@id\":\"https:\\\/\\\/bialcon.pl\\\/blog\\\/czas-na-sukienki-co-podpowiadaja-wybiegi-na-sezon-wiosna-lato\\\/#primaryimage\"},\"thumbnailUrl\":\"https:\\\/\\\/bialcon.pl\\\/blog\\\/wp-content\\\/uploads\\\/2023\\\/03\\\/Projekt-bez-tytulu-3.png\",\"datePublished\":\"2023-03-17T13:00:00+00:00\",\"dateModified\":\"2025-11-24T08:53:38+00:00\",\"author\":{\"@id\":\"https:\\\/\\\/bialcon.pl\\\/blog\\\/#\\\/schema\\\/person\\\/cbbe4ae2297c5abd7376399985d5fabb\"},\"description\":\"Wraz z sezonem wiosenno-letnim zaczyna si\u0119 wielki powr\u00f3t kobieco\u015bci w modzie. Sprawd\u017a, co m\u00f3wi\u0105 trendy na nadchodz\u0105ce cieplejsze pory roku.\",\"breadcrumb\":{\"@id\":\"https:\\\/\\\/bialcon.pl\\\/blog\\\/czas-na-sukienki-co-podpowiadaja-wybiegi-na-sezon-wiosna-lato\\\/#breadcrumb\"},\"inLanguage\":\"pl-PL\",\"potentialAction\":[{\"@type\":\"ReadAction\",\"target\":[\"https:\\\/\\\/bialcon.pl\\\/blog\\\/czas-na-sukienki-co-podpowiadaja-wybiegi-na-sezon-wiosna-lato\\\/\"]}]},{\"@type\":\"ImageObject\",\"inLanguage\":\"pl-PL\",\"@id\":\"https:\\\/\\\/bialcon.pl\\\/blog\\\/czas-na-sukienki-co-podpowiadaja-wybiegi-na-sezon-wiosna-lato\\\/#primaryimage\",\"url\":\"https:\\\/\\\/bialcon.pl\\\/blog\\\/wp-content\\\/uploads\\\/2023\\\/03\\\/Projekt-bez-tytulu-3.png\",\"contentUrl\":\"https:\\\/\\\/bialcon.pl\\\/blog\\\/wp-content\\\/uploads\\\/2023\\\/03\\\/Projekt-bez-tytulu-3.png\",\"width\":960,\"height\":850,\"caption\":\"Wizualizacja kobiety w sukience midi bez r\u0119kaw\u00f3w w r\u00f3\u017cowo-szary, abstrakcyjny wz\u00f3r z paskiem\"},{\"@type\":\"BreadcrumbList\",\"@id\":\"https:\\\/\\\/bialcon.pl\\\/blog\\\/czas-na-sukienki-co-podpowiadaja-wybiegi-na-sezon-wiosna-lato\\\/#breadcrumb\",\"itemListElement\":[{\"@type\":\"ListItem\",\"position\":1,\"name\":\"Strona g\u0142\u00f3wna\",\"item\":\"https:\\\/\\\/bialcon.pl\\\/blog\\\/\"},{\"@type\":\"ListItem\",\"position\":2,\"name\":\"Trendy\",\"item\":\"https:\\\/\\\/bialcon.pl\\\/blog\\\/trendy-w-branzy-fashion\\\/\"},{\"@type\":\"ListItem\",\"position\":3,\"name\":\"Czas na sukienki \u2013 co podpowiadaj\u0105 wybiegi na sezon wiosna-lato?\"}]},{\"@type\":\"WebSite\",\"@id\":\"https:\\\/\\\/bialcon.pl\\\/blog\\\/#website\",\"url\":\"https:\\\/\\\/bialcon.pl\\\/blog\\\/\",\"name\":\"bialcon.pl\\\/blog\\\/\",\"description\":\"Fashion Blog w zasi\u0119gu Twojej r\u0119ki\",\"potentialAction\":[{\"@type\":\"SearchAction\",\"target\":{\"@type\":\"EntryPoint\",\"urlTemplate\":\"https:\\\/\\\/bialcon.pl\\\/blog\\\/?s={search_term_string}\"},\"query-input\":{\"@type\":\"PropertyValueSpecification\",\"valueRequired\":true,\"valueName\":\"search_term_string\"}}],\"inLanguage\":\"pl-PL\"},{\"@type\":\"Person\",\"@id\":\"https:\\\/\\\/bialcon.pl\\\/blog\\\/#\\\/schema\\\/person\\\/cbbe4ae2297c5abd7376399985d5fabb\",\"name\":\"Ma\u0142gorzata Brzezi\u0144ska\",\"image\":{\"@type\":\"ImageObject\",\"inLanguage\":\"pl-PL\",\"@id\":\"https:\\\/\\\/secure.gravatar.com\\\/avatar\\\/3fc4a4cdba63586f503a5c5711e9b04d01ab1234b186b03e727ad902b6f4912d?s=96&d=mm&r=g\",\"url\":\"https:\\\/\\\/secure.gravatar.com\\\/avatar\\\/3fc4a4cdba63586f503a5c5711e9b04d01ab1234b186b03e727ad902b6f4912d?s=96&d=mm&r=g\",\"contentUrl\":\"https:\\\/\\\/secure.gravatar.com\\\/avatar\\\/3fc4a4cdba63586f503a5c5711e9b04d01ab1234b186b03e727ad902b6f4912d?s=96&d=mm&r=g\",\"caption\":\"Ma\u0142gorzata Brzezi\u0144ska\"},\"description\":\"Autorka tre\u015bci z zakresu mody, urody i stylu \u017cycia. Tworzy artyku\u0142y i poradniki oparte na analizie trend\u00f3w oraz potrzeb u\u017cytkownik\u00f3w, \u0142\u0105cz\u0105c wiedz\u0119 z zakresu komunikacji marketingowej i praktyki contentowej. Specjalizuje si\u0119 w bran\u017cach fashion, beauty &amp; health oraz gourmet food, przygotowuj\u0105c tre\u015bci dopasowane do realnych sytuacji i wybor\u00f3w konsumenckich. Na co dzie\u0144 zajmuje si\u0119 r\u00f3wnie\u017c content marketingiem i SEO.\",\"sameAs\":[\"https:\\\/\\\/www.linkedin.com\\\/in\\\/gosia-brzezinska-827052b4\\\/\"],\"url\":\"https:\\\/\\\/bialcon.pl\\\/blog\\\/author\\\/brzezinska\\\/\"}]}<\/script>\n<!-- \/ Yoast SEO plugin. -->","yoast_head_json":{"title":"Czas na sukienki \u2013 co radz\u0105 trendy na sezon wiosna-lato? - Bialcon","description":"Wraz z sezonem wiosenno-letnim zaczyna si\u0119 wielki powr\u00f3t kobieco\u015bci w modzie. Sprawd\u017a, co m\u00f3wi\u0105 trendy na nadchodz\u0105ce cieplejsze pory roku.","robots":{"index":"index","follow":"follow","max-snippet":"max-snippet:-1","max-image-preview":"max-image-preview:large","max-video-preview":"max-video-preview:-1"},"canonical":"https:\/\/bialcon.pl\/blog\/czas-na-sukienki-co-podpowiadaja-wybiegi-na-sezon-wiosna-lato\/","twitter_misc":{"Napisane przez":"Ma\u0142gorzata Brzezi\u0144ska","Szacowany czas czytania":"4 minuty"},"schema":{"@context":"https:\/\/schema.org","@graph":[{"@type":"Article","@id":"https:\/\/bialcon.pl\/blog\/czas-na-sukienki-co-podpowiadaja-wybiegi-na-sezon-wiosna-lato\/#article","isPartOf":{"@id":"https:\/\/bialcon.pl\/blog\/czas-na-sukienki-co-podpowiadaja-wybiegi-na-sezon-wiosna-lato\/"},"author":{"name":"Ma\u0142gorzata Brzezi\u0144ska","@id":"https:\/\/bialcon.pl\/blog\/#\/schema\/person\/cbbe4ae2297c5abd7376399985d5fabb"},"headline":"Czas na sukienki \u2013 co podpowiadaj\u0105 wybiegi na sezon wiosna-lato?","datePublished":"2023-03-17T13:00:00+00:00","dateModified":"2025-11-24T08:53:38+00:00","mainEntityOfPage":{"@id":"https:\/\/bialcon.pl\/blog\/czas-na-sukienki-co-podpowiadaja-wybiegi-na-sezon-wiosna-lato\/"},"wordCount":784,"image":{"@id":"https:\/\/bialcon.pl\/blog\/czas-na-sukienki-co-podpowiadaja-wybiegi-na-sezon-wiosna-lato\/#primaryimage"},"thumbnailUrl":"https:\/\/bialcon.pl\/blog\/wp-content\/uploads\/2023\/03\/Projekt-bez-tytulu-3.png","articleSection":["Trendy","Wszystkie wpisy"],"inLanguage":"pl-PL"},{"@type":"WebPage","@id":"https:\/\/bialcon.pl\/blog\/czas-na-sukienki-co-podpowiadaja-wybiegi-na-sezon-wiosna-lato\/","url":"https:\/\/bialcon.pl\/blog\/czas-na-sukienki-co-podpowiadaja-wybiegi-na-sezon-wiosna-lato\/","name":"Czas na sukienki \u2013 co radz\u0105 trendy na sezon wiosna-lato? - Bialcon","isPartOf":{"@id":"https:\/\/bialcon.pl\/blog\/#website"},"primaryImageOfPage":{"@id":"https:\/\/bialcon.pl\/blog\/czas-na-sukienki-co-podpowiadaja-wybiegi-na-sezon-wiosna-lato\/#primaryimage"},"image":{"@id":"https:\/\/bialcon.pl\/blog\/czas-na-sukienki-co-podpowiadaja-wybiegi-na-sezon-wiosna-lato\/#primaryimage"},"thumbnailUrl":"https:\/\/bialcon.pl\/blog\/wp-content\/uploads\/2023\/03\/Projekt-bez-tytulu-3.png","datePublished":"2023-03-17T13:00:00+00:00","dateModified":"2025-11-24T08:53:38+00:00","author":{"@id":"https:\/\/bialcon.pl\/blog\/#\/schema\/person\/cbbe4ae2297c5abd7376399985d5fabb"},"description":"Wraz z sezonem wiosenno-letnim zaczyna si\u0119 wielki powr\u00f3t kobieco\u015bci w modzie. Sprawd\u017a, co m\u00f3wi\u0105 trendy na nadchodz\u0105ce cieplejsze pory roku.","breadcrumb":{"@id":"https:\/\/bialcon.pl\/blog\/czas-na-sukienki-co-podpowiadaja-wybiegi-na-sezon-wiosna-lato\/#breadcrumb"},"inLanguage":"pl-PL","potentialAction":[{"@type":"ReadAction","target":["https:\/\/bialcon.pl\/blog\/czas-na-sukienki-co-podpowiadaja-wybiegi-na-sezon-wiosna-lato\/"]}]},{"@type":"ImageObject","inLanguage":"pl-PL","@id":"https:\/\/bialcon.pl\/blog\/czas-na-sukienki-co-podpowiadaja-wybiegi-na-sezon-wiosna-lato\/#primaryimage","url":"https:\/\/bialcon.pl\/blog\/wp-content\/uploads\/2023\/03\/Projekt-bez-tytulu-3.png","contentUrl":"https:\/\/bialcon.pl\/blog\/wp-content\/uploads\/2023\/03\/Projekt-bez-tytulu-3.png","width":960,"height":850,"caption":"Wizualizacja kobiety w sukience midi bez r\u0119kaw\u00f3w w r\u00f3\u017cowo-szary, abstrakcyjny wz\u00f3r z paskiem"},{"@type":"BreadcrumbList","@id":"https:\/\/bialcon.pl\/blog\/czas-na-sukienki-co-podpowiadaja-wybiegi-na-sezon-wiosna-lato\/#breadcrumb","itemListElement":[{"@type":"ListItem","position":1,"name":"Strona g\u0142\u00f3wna","item":"https:\/\/bialcon.pl\/blog\/"},{"@type":"ListItem","position":2,"name":"Trendy","item":"https:\/\/bialcon.pl\/blog\/trendy-w-branzy-fashion\/"},{"@type":"ListItem","position":3,"name":"Czas na sukienki \u2013 co podpowiadaj\u0105 wybiegi na sezon wiosna-lato?"}]},{"@type":"WebSite","@id":"https:\/\/bialcon.pl\/blog\/#website","url":"https:\/\/bialcon.pl\/blog\/","name":"bialcon.pl\/blog\/","description":"Fashion Blog w zasi\u0119gu Twojej r\u0119ki","potentialAction":[{"@type":"SearchAction","target":{"@type":"EntryPoint","urlTemplate":"https:\/\/bialcon.pl\/blog\/?s={search_term_string}"},"query-input":{"@type":"PropertyValueSpecification","valueRequired":true,"valueName":"search_term_string"}}],"inLanguage":"pl-PL"},{"@type":"Person","@id":"https:\/\/bialcon.pl\/blog\/#\/schema\/person\/cbbe4ae2297c5abd7376399985d5fabb","name":"Ma\u0142gorzata Brzezi\u0144ska","image":{"@type":"ImageObject","inLanguage":"pl-PL","@id":"https:\/\/secure.gravatar.com\/avatar\/3fc4a4cdba63586f503a5c5711e9b04d01ab1234b186b03e727ad902b6f4912d?s=96&d=mm&r=g","url":"https:\/\/secure.gravatar.com\/avatar\/3fc4a4cdba63586f503a5c5711e9b04d01ab1234b186b03e727ad902b6f4912d?s=96&d=mm&r=g","contentUrl":"https:\/\/secure.gravatar.com\/avatar\/3fc4a4cdba63586f503a5c5711e9b04d01ab1234b186b03e727ad902b6f4912d?s=96&d=mm&r=g","caption":"Ma\u0142gorzata Brzezi\u0144ska"},"description":"Autorka tre\u015bci z zakresu mody, urody i stylu \u017cycia. Tworzy artyku\u0142y i poradniki oparte na analizie trend\u00f3w oraz potrzeb u\u017cytkownik\u00f3w, \u0142\u0105cz\u0105c wiedz\u0119 z zakresu komunikacji marketingowej i praktyki contentowej. Specjalizuje si\u0119 w bran\u017cach fashion, beauty &amp; health oraz gourmet food, przygotowuj\u0105c tre\u015bci dopasowane do realnych sytuacji i wybor\u00f3w konsumenckich. Na co dzie\u0144 zajmuje si\u0119 r\u00f3wnie\u017c content marketingiem i SEO.","sameAs":["https:\/\/www.linkedin.com\/in\/gosia-brzezinska-827052b4\/"],"url":"https:\/\/bialcon.pl\/blog\/author\/brzezinska\/"}]}},"_links":{"self":[{"href":"https:\/\/bialcon.pl\/blog\/wp-json\/wp\/v2\/posts\/7781","targetHints":{"allow":["GET"]}}],"collection":[{"href":"https:\/\/bialcon.pl\/blog\/wp-json\/wp\/v2\/posts"}],"about":[{"href":"https:\/\/bialcon.pl\/blog\/wp-json\/wp\/v2\/types\/post"}],"author":[{"embeddable":true,"href":"https:\/\/bialcon.pl\/blog\/wp-json\/wp\/v2\/users\/10"}],"replies":[{"embeddable":true,"href":"https:\/\/bialcon.pl\/blog\/wp-json\/wp\/v2\/comments?post=7781"}],"version-history":[{"count":6,"href":"https:\/\/bialcon.pl\/blog\/wp-json\/wp\/v2\/posts\/7781\/revisions"}],"predecessor-version":[{"id":11626,"href":"https:\/\/bialcon.pl\/blog\/wp-json\/wp\/v2\/posts\/7781\/revisions\/11626"}],"wp:featuredmedia":[{"embeddable":true,"href":"https:\/\/bialcon.pl\/blog\/wp-json\/wp\/v2\/media\/7782"}],"wp:attachment":[{"href":"https:\/\/bialcon.pl\/blog\/wp-json\/wp\/v2\/media?parent=7781"}],"wp:term":[{"taxonomy":"category","embeddable":true,"href":"https:\/\/bialcon.pl\/blog\/wp-json\/wp\/v2\/categories?post=7781"},{"taxonomy":"post_tag","embeddable":true,"href":"https:\/\/bialcon.pl\/blog\/wp-json\/wp\/v2\/tags?post=7781"}],"curies":[{"name":"wp","href":"https:\/\/api.w.org\/{rel}","templated":true}]}}