{"id":7321,"date":"2023-02-01T12:10:00","date_gmt":"2023-02-01T11:10:00","guid":{"rendered":"https:\/\/bialcon.pl\/blog\/?p=7321"},"modified":"2025-11-24T09:47:34","modified_gmt":"2025-11-24T08:47:34","slug":"karnawalowa-czesc-3-jakie-dodatki-oprocz-maski","status":"publish","type":"post","link":"https:\/\/bialcon.pl\/blog\/karnawalowa-czesc-3-jakie-dodatki-oprocz-maski\/","title":{"rendered":"Karnawa\u0142owa cz\u0119\u015b\u0107 3: jakie dodatki opr\u00f3cz maski?"},"content":{"rendered":"<div id=\"ez-toc-container\" class=\"ez-toc-v2_0_82_2 counter-hierarchy ez-toc-counter ez-toc-custom ez-toc-container-direction\">\n<div class=\"ez-toc-title-container\"><p class=\"ez-toc-title\" style=\"cursor:inherit\">Spis Tre\u015bci<\/p>\n<\/div><nav><ul class='ez-toc-list ez-toc-list-level-1 ' ><li class='ez-toc-page-1 ez-toc-heading-level-2'><a class=\"ez-toc-link ez-toc-heading-1\" href=\"https:\/\/bialcon.pl\/blog\/karnawalowa-czesc-3-jakie-dodatki-oprocz-maski\/#Sukienka_z_dekoltem_%E2%80%93_kreacja_ktora_robi_wrazenie\" >Sukienka z dekoltem \u2013 kreacja, kt\u00f3ra robi wra\u017cenie<\/a><\/li><li class='ez-toc-page-1 ez-toc-heading-level-2'><a class=\"ez-toc-link ez-toc-heading-2\" href=\"https:\/\/bialcon.pl\/blog\/karnawalowa-czesc-3-jakie-dodatki-oprocz-maski\/#Jaka_torebka_do_sukienki_z_dekoltem_na_bal\" >Jaka torebka do sukienki z dekoltem na bal?<\/a><\/li><li class='ez-toc-page-1 ez-toc-heading-level-2'><a class=\"ez-toc-link ez-toc-heading-3\" href=\"https:\/\/bialcon.pl\/blog\/karnawalowa-czesc-3-jakie-dodatki-oprocz-maski\/#Jakie_buty_do_karnawalowej_sukienki\" >Jakie buty do karnawa\u0142owej sukienki?<\/a><\/li><li class='ez-toc-page-1 ez-toc-heading-level-2'><a class=\"ez-toc-link ez-toc-heading-4\" href=\"https:\/\/bialcon.pl\/blog\/karnawalowa-czesc-3-jakie-dodatki-oprocz-maski\/#Jaka_bizuteria_pasuje_do_sukienki_z_dekoltem\" >Jaka bi\u017cuteria pasuje do sukienki z dekoltem?<\/a><\/li><li class='ez-toc-page-1 ez-toc-heading-level-2'><a class=\"ez-toc-link ez-toc-heading-5\" href=\"https:\/\/bialcon.pl\/blog\/karnawalowa-czesc-3-jakie-dodatki-oprocz-maski\/#Wyjatkowe_dodatki_ktore_pasuja_do_sukienki_na_karnawal\" >Wyj\u0105tkowe dodatki, kt\u00f3re pasuj\u0105 do sukienki na karnawa\u0142<\/a><\/li><li class='ez-toc-page-1 ez-toc-heading-level-2'><a class=\"ez-toc-link ez-toc-heading-6\" href=\"https:\/\/bialcon.pl\/blog\/karnawalowa-czesc-3-jakie-dodatki-oprocz-maski\/#Stylowe_dodatki_do_sukienki_%E2%80%93_modowy_klucz_do_sukcesu\" >Stylowe dodatki do sukienki &#8211; modowy klucz do sukcesu<\/a><\/li><\/ul><\/nav><\/div>\n\n<p><strong>Na idealn\u0105 karnawa\u0142ow\u0105 stylizacj\u0119 sk\u0142ada si\u0119 kilka element\u00f3w. I cho\u0107 kluczow\u0105 jest kreacja, na kt\u00f3r\u0105 si\u0119 zdecydujesz, istotne jest te\u017c to, jakie akcesoria do niej do\u0142\u0105czysz. Dowiedz si\u0119, jakie dodatki pasuj\u0105 do sukienki z dekoltem i przygotuj look, w kt\u00f3rym Twoja uroda zal\u015bni pe\u0142ni\u0105 blasku.<\/strong><\/p>\n\n\n\n<h2 class=\"wp-block-heading\"><span class=\"ez-toc-section\" id=\"Sukienka_z_dekoltem_%E2%80%93_kreacja_ktora_robi_wrazenie\"><\/span><strong>Sukienka z dekoltem \u2013 kreacja, kt\u00f3ra robi wra\u017cenie<\/strong><span class=\"ez-toc-section-end\"><\/span><\/h2>\n\n\n\n<p><a href=\"https:\/\/bialcon.pl\/odziez\/sukienki\/sukienki-z-dekoltem\" target=\"_blank\" rel=\"noreferrer noopener\"><strong>Sukienka z dekoltem<\/strong><\/a> to popularny wyb\u00f3r na imprezy w karnawale. Trendy sprzyjaj\u0105 r\u00f3\u017cnorodno\u015bci \u2013 mniej lub bardziej wydekoltowane suknie wyst\u0119puj\u0105 w wielu wartych uwagi fasonach, co zapewnia do\u015b\u0107 du\u017c\u0105 swobod\u0119 przy wyborze. Komponuj\u0105c karnawa\u0142owy look, zdecyduj si\u0119 na t\u0119, kt\u00f3ra jest \u015bwietnie uszyta, prawdziwie elegancka i najbardziej pasuje do Twojej urody. Warto pami\u0119ta\u0107 o tym, \u017ce wieczorowa sukienka z dekoltem wcale nie musi ods\u0142ania\u0107 zbyt wiele, szczeg\u00f3lnie je\u015bli zale\u017cy Ci na stylizacji z klas\u0105. <a href=\"https:\/\/bialcon.pl\/odziez\/sukienki\/sukienki-na-karnawal\" target=\"_blank\" rel=\"noreferrer noopener\"><strong>Sukienki na karnawa\u0142<\/strong><\/a> mog\u0105 by\u0107 zarazem kobiece, ale niewyzywaj\u0105ce, efektowne, lecz niemaj\u0105ce nic wsp\u00f3lnego z ostentacj\u0105. Jednak sama <a href=\"https:\/\/bialcon.pl\/odziez\/sukienki\/sukienki-wieczorowe\" target=\"_blank\" rel=\"noreferrer noopener\"><strong>wieczorowa sukienka<\/strong><\/a> to zbyt ma\u0142o, by m\u00f3wi\u0107 o udanej stylizacji. Niezb\u0119dne s\u0105 eleganckie dodatki, kt\u00f3re sprawi\u0105, \u017ce zestaw b\u0119dzie kompletny.<\/p>\n\n\n\r\n<div class=\"product-block-container swiper mySwiperProductBlock\">\r\n    <div class=\"product-block-swiper swiper-wrapper\">\r\n                    <div class=\"swiper-slide product-block-item\" data-id=\"147611\">\r\n                <a href=\"https:\/\/bialcon.pl\/dzianinowa-casualowa-sukienka-z-dekoltem-w-serek?utm_source=blog&utm_medium=wyprzedaz&utm_campaign=010223\" class=\"product-block-url\" target=\"_blank\">\r\n                    <div class=\"product-block-image\">\r\n                        <img decoding=\"async\" width=\"300\" height=\"400\" src=\"https:\/\/bialcon.pl\/picture\/dzianinowa-casualowa-sukienka-z-dekoltem-w-serek_1.jpg\" alt=\"Dzianinowa casualowa sukienka z dekoltem w serek\">\r\n                    <\/div>\r\n                    <div class=\"product-block-name\">\r\n                        <p>Dzianinowa casualowa sukienka z dekoltem w serek<\/p>\r\n                    <\/div>\r\n                <\/a>\r\n            <\/div>\r\n                    <div class=\"swiper-slide product-block-item\" data-id=\"147620\">\r\n                <a href=\"https:\/\/bialcon.pl\/oryginalna-sukienka-inspirowana-malarstwem-chelmonskiego?utm_source=blog&utm_medium=wyprzedaz&utm_campaign=010223\" class=\"product-block-url\" target=\"_blank\">\r\n                    <div class=\"product-block-image\">\r\n                        <img decoding=\"async\" width=\"300\" height=\"400\" src=\"https:\/\/bialcon.pl\/picture\/oryginalna-sukienka-inspirowana-malarstwem-chelmonskiego_1.jpg\" alt=\"Oryginalna sukienka inspirowana malarstwem Che\u0142mo\u0144skiego\">\r\n                    <\/div>\r\n                    <div class=\"product-block-name\">\r\n                        <p>Oryginalna sukienka inspirowana malarstwem Che\u0142mo\u0144skiego<\/p>\r\n                    <\/div>\r\n                <\/a>\r\n            <\/div>\r\n                    <div class=\"swiper-slide product-block-item\" data-id=\"147635\">\r\n                <a href=\"https:\/\/bialcon.pl\/zwiewna-morska-sukienka-odcinana-pod-biustem?utm_source=blog&utm_medium=wyprzedaz&utm_campaign=010223\" class=\"product-block-url\" target=\"_blank\">\r\n                    <div class=\"product-block-image\">\r\n                        <img decoding=\"async\" width=\"300\" height=\"400\" src=\"https:\/\/bialcon.pl\/picture\/zwiewna-morska-sukienka-odcinana-pod-biustem_2.jpg\" alt=\"Zwiewna morska sukienka odcinana pod biustem\">\r\n                    <\/div>\r\n                    <div class=\"product-block-name\">\r\n                        <p>Zwiewna morska sukienka odcinana pod biustem<\/p>\r\n                    <\/div>\r\n                <\/a>\r\n            <\/div>\r\n            <\/div>\r\n<\/div>\r\n\n\n\n\n<h2 class=\"wp-block-heading\"><span class=\"ez-toc-section\" id=\"Jaka_torebka_do_sukienki_z_dekoltem_na_bal\"><\/span><strong>Jaka torebka do sukienki z dekoltem na bal?<\/strong><span class=\"ez-toc-section-end\"><\/span><\/h2>\n\n\n\n<p>W karnawale lubimy wyr\u00f3\u017cnia\u0107 si\u0119 z t\u0142umu i bawi\u0107 si\u0119 mod\u0105. Przyda Ci si\u0119 wi\u0119c wyj\u015bciowa torebka, kt\u00f3ra przyci\u0105ga spojrzenia i pozwala mie\u0107 przy sobie szmink\u0119 oraz matuj\u0105ce bibu\u0142ki. <a href=\"https:\/\/bialcon.pl\/odziez\/sukienki\/sukienki-rozkloszowane\" target=\"_blank\" rel=\"noreferrer noopener\"><strong>Rozkloszowana taftowa sukienka<\/strong><\/a> z okr\u0105g\u0142ym dekoltem jest stylowa, a zarazem klasycznie prosta. W takim przypadku dobrze spisz\u0105 si\u0119 po\u0142yskliwe, mieni\u0105ce si\u0119 mn\u00f3stwem \u015bwiecide\u0142ek torebki z fr\u0119dzlami z kryszta\u0142k\u00f3w albo wieczorowe kopert\u00f3wki z pi\u00f3rami. Nie wahaj si\u0119 doda\u0107 wyj\u015bciowej styl\u00f3wce charakteru, si\u0119gaj\u0105c po bogato zdobione lub obszyte cekinami modele \u2013 finalny efekt na pewno wpisze si\u0119 w karnawa\u0142ow\u0105 estetyk\u0119. Je\u015bli jednak spodoba\u0142a Ci si\u0119 bardziej ekstrawagancka <a href=\"https:\/\/bialcon.pl\/odziez\/sukienki\/sukienki-asymetryczne\" target=\"_blank\" rel=\"noreferrer noopener\"><strong>sukienka z asymetryczn\u0105 g\u00f3r\u0105<\/strong><\/a><strong> <\/strong>lub bogato zdobiona<a href=\"https:\/\/bialcon.pl\/odziez\/sukienki\/sukienki-z-dekoltem\" target=\"_blank\" rel=\"noreferrer noopener\"> <strong>sukienka z dekoltem w serduszko<\/strong><\/a>, lepszym wyborem b\u0119d\u0105 dodatki o szlachetnie prostej linii. Niewielkich rozmiar\u00f3w satynowa kopert\u00f3wka albo subtelnie mieni\u0105ce si\u0119 brokatem puzderko to doskona\u0142e uzupe\u0142nienie stylizacji.<\/p>\n\n\n\r\n<div class=\"product-block-container swiper mySwiperProductBlock\">\r\n    <div class=\"product-block-swiper swiper-wrapper\">\r\n                    <div class=\"swiper-slide product-block-item\" data-id=\"147797\">\r\n                <a href=\"https:\/\/bialcon.pl\/duza-skorzana-brazowa-torba-na-co-dzien?utm_source=blog&utm_medium=wyprzedaz&utm_campaign=250123\" class=\"product-block-url\" target=\"_blank\">\r\n                    <div class=\"product-block-image\">\r\n                        <img decoding=\"async\" width=\"300\" height=\"400\" src=\"https:\/\/bialcon.pl\/picture\/duza-skorzana-brazowa-torba-na-co-dzien.jpg\" alt=\"Du\u017ca sk\u00f3rzana br\u0105zowa torba na co dzie\u0144\">\r\n                    <\/div>\r\n                    <div class=\"product-block-name\">\r\n                        <p>Du\u017ca sk\u00f3rzana br\u0105zowa torba na co dzie\u0144<\/p>\r\n                    <\/div>\r\n                <\/a>\r\n            <\/div>\r\n                    <div class=\"swiper-slide product-block-item\" data-id=\"147798\">\r\n                <a href=\"https:\/\/bialcon.pl\/duza-skorzana-bezowa-torba-na-co-dzien?utm_source=blog&utm_medium=wyprzedaz&utm_campaign=250123\" class=\"product-block-url\" target=\"_blank\">\r\n                    <div class=\"product-block-image\">\r\n                        <img decoding=\"async\" width=\"300\" height=\"400\" src=\"https:\/\/bialcon.pl\/picture\/torba-m8044-bezowy-karen.jpg\" alt=\"Du\u017ca sk\u00f3rzana be\u017cowa torba na co dzie\u0144\">\r\n                    <\/div>\r\n                    <div class=\"product-block-name\">\r\n                        <p>Du\u017ca sk\u00f3rzana be\u017cowa torba na co dzie\u0144<\/p>\r\n                    <\/div>\r\n                <\/a>\r\n            <\/div>\r\n                    <div class=\"swiper-slide product-block-item\" data-id=\"147799\">\r\n                <a href=\"https:\/\/bialcon.pl\/karmelowa-torebka-z-wysokogatunkowej-skory-naturalnej?utm_source=blog&utm_medium=wyprzedaz&utm_campaign=250123\" class=\"product-block-url\" target=\"_blank\">\r\n                    <div class=\"product-block-image\">\r\n                        <img decoding=\"async\" width=\"300\" height=\"400\" src=\"https:\/\/bialcon.pl\/picture\/torba-k772-bis-bezowy-karen_3.webp\" alt=\"Karmelowa torebka z wysokogatunkowej sk\u00f3ry naturalnej\">\r\n                    <\/div>\r\n                    <div class=\"product-block-name\">\r\n                        <p>Karmelowa torebka z wysokogatunkowej sk\u00f3ry naturalnej<\/p>\r\n                    <\/div>\r\n                <\/a>\r\n            <\/div>\r\n            <\/div>\r\n<\/div>\r\n\n\n\n\n<h2 class=\"wp-block-heading\"><span class=\"ez-toc-section\" id=\"Jakie_buty_do_karnawalowej_sukienki\"><\/span><strong>Jakie buty do karnawa\u0142owej sukienki?<\/strong><span class=\"ez-toc-section-end\"><\/span><\/h2>\n\n\n\n<p>Nie potrzebowa\u0142a\u015b wiele czasu, by wybra\u0107 <a href=\"https:\/\/bialcon.pl\/odziez\/sukienki\/sukienki-na-bal\" target=\"_blank\" rel=\"noreferrer noopener\"><strong>balow\u0105 sukienk\u0119<\/strong><\/a>, jednak kwestia tego, na jakie buty si\u0119 zdecydowa\u0107 sp\u0119dza Ci sen z powiek? D\u0142uga, <strong><a href=\"https:\/\/bialcon.pl\/odziez\/sukienki\/sukienki-rozkloszowane\" target=\"_blank\" rel=\"noreferrer noopener\">rozkloszowana sukienka <\/a><\/strong>najlepiej wsp\u00f3\u0142gra z wysokimi szpilkami, kt\u00f3re zadbaj\u0105 o to, by pe\u0142na obj\u0119to\u015bci kreacja wygl\u0105da\u0142a lekko i stylowo. Warte polecenia s\u0105 zar\u00f3wno klasycznie proste, zakryte szpilki, jak i modele z bardziej fantazyjnym (inkrustowanym, p\u00f3\u0142przejrzystym lub metalicznym) cienkim obcasem. Do mody wracaj\u0105 wysmuklaj\u0105ce sylwetk\u0119 szpilki na platformie, kt\u00f3re zjawiskowo zaprezentuj\u0105 si\u0119 w towarzystwie sukienki z rozci\u0119ciem. Alternatyw\u0105 dla nich s\u0105 delikatne sanda\u0142ki zapinane w kostce albo cz\u00f3\u0142enka z ozdobn\u0105 klamerk\u0105 z przodu. Je\u015bli masz w planach du\u017co ta\u0144czy\u0107, koniecznie upewnij si\u0119, \u017ce Twoje buty temu sprostaj\u0105 albo zabierz na zmian\u0119 drug\u0105 par\u0119, kt\u00f3r\u0105 mog\u0105 by\u0107 pasuj\u0105ce do <a href=\"https:\/\/bialcon.pl\/odziez\/sukienki\/sukienki-z-dekoltem\" target=\"_blank\" rel=\"noreferrer noopener\"><strong>sukienki z dekoltem<\/strong><\/a> at\u0142asowe baleriny.<\/p>\n\n\n\n<h2 class=\"wp-block-heading\"><span class=\"ez-toc-section\" id=\"Jaka_bizuteria_pasuje_do_sukienki_z_dekoltem\"><\/span><strong>Jaka bi\u017cuteria pasuje do sukienki z dekoltem?<\/strong><span class=\"ez-toc-section-end\"><\/span><\/h2>\n\n\n\n<p><a href=\"https:\/\/bialcon.pl\/odziez\/sukienki\/sukienki-z-dekoltem\" target=\"_blank\" rel=\"noreferrer noopener\"><strong>Sukienka z dekoltem<\/strong><\/a> jest kreacj\u0105, kt\u00f3ra szczeg\u00f3lnie zas\u0142uguje na towarzystwo bi\u017cuterii. W karnawa\u0142owej stylizacji nieodzowna jest cho\u0107 odrobina b\u0142ysku, a rol\u0119 t\u0119 mog\u0105 spe\u0142ni\u0107 l\u015bni\u0105ce kolczyki, d\u0142ugi sznur pere\u0142 (idealnie pasuje zw\u0142aszcza do ma\u0142ej czarnej) albo bransoletki. Wybieraj\u0105c sukienk\u0119 o gorsetowej g\u00f3rze, mo\u017cesz si\u0119ga\u0107 zar\u00f3wno po delikatne \u0142a\u0144cuszki, jak i masywne, bogato zdobione kolie. W pozosta\u0142ych przypadkach musisz bardziej zwraca\u0107 uwag\u0119 na proporcje \u2013 przy tr\u00f3jk\u0105tnym dekolcie zdecyduj si\u0119 na naszyjnik typu choker lub za\u0142\u00f3\u017c kr\u00f3tki uk\u0142adaj\u0105cy si\u0119 w literk\u0119 V wisiorek. <a href=\"https:\/\/bialcon.pl\/odziez\/sukienki\/sukienki-na-karnawal\" target=\"_blank\" rel=\"noreferrer noopener\"><strong>Karnawa\u0142owa sukienka<\/strong> <\/a>z okr\u0105g\u0142ym dekoltem doskonale wygl\u0105da z okr\u0105g\u0142ym naszyjnikiem lub d\u0142ugim wisiorem. Ten drugi dodatkowo wyszczupla sylwetk\u0119 i pasuje tak\u017ce do<a href=\"https:\/\/bialcon.pl\/odziez\/sukienki\/sukienki-z-dekoltem\" target=\"_blank\" rel=\"noreferrer noopener\"> <strong>sukienki z hiszpa\u0144skim dekoltem<\/strong><\/a>.<\/p>\n\n\n\r\n<div class=\"product-block-container swiper mySwiperProductBlock\">\r\n    <div class=\"product-block-swiper swiper-wrapper\">\r\n                    <div class=\"swiper-slide product-block-item\" data-id=\"147707\">\r\n                <a href=\"https:\/\/bialcon.pl\/broszka-kwiat-z-czarnego-tiulu?utm_source=blog&utm_medium=wyprzedaz&utm_campaign=250123\" class=\"product-block-url\" target=\"_blank\">\r\n                    <div class=\"product-block-image\">\r\n                        <img decoding=\"async\" width=\"300\" height=\"400\" src=\"https:\/\/bialcon.pl\/picture\/broszka-kwiat-czarny.jpg\" alt=\"Broszka kwiat z czarnego tiulu\">\r\n                    <\/div>\r\n                    <div class=\"product-block-name\">\r\n                        <p>Broszka kwiat z czarnego tiulu<\/p>\r\n                    <\/div>\r\n                <\/a>\r\n            <\/div>\r\n                    <div class=\"swiper-slide product-block-item\" data-id=\"147656\">\r\n                <a href=\"https:\/\/bialcon.pl\/stylowa-broszka-z-efektowym-zielonym-kamieniem?utm_source=blog&utm_medium=wyprzedaz&utm_campaign=250123\" class=\"product-block-url\" target=\"_blank\">\r\n                    <div class=\"product-block-image\">\r\n                        <img decoding=\"async\" width=\"300\" height=\"400\" src=\"https:\/\/bialcon.pl\/picture\/broszka-br97494.jpeg\" alt=\"Stylowa broszka z efektowym zielonym kamieniem\">\r\n                    <\/div>\r\n                    <div class=\"product-block-name\">\r\n                        <p>Stylowa broszka z efektowym zielonym kamieniem<\/p>\r\n                    <\/div>\r\n                <\/a>\r\n            <\/div>\r\n                    <div class=\"swiper-slide product-block-item\" data-id=\"147658\">\r\n                <a href=\"https:\/\/bialcon.pl\/bransoletka-z-metalu-szczotkowanego-i-skory-naturalnej?utm_source=blog&utm_medium=wyprzedaz&utm_campaign=250123\" class=\"product-block-url\" target=\"_blank\">\r\n                    <div class=\"product-block-image\">\r\n                        <img decoding=\"async\" width=\"300\" height=\"400\" src=\"https:\/\/bialcon.pl\/picture\/bransoletka-z-metalu-szczotkowanego-i-skory-naturalnej.jpeg\" alt=\"Bransoletka z metalu szczotkowanego i sk\u00f3ry naturalnej\">\r\n                    <\/div>\r\n                    <div class=\"product-block-name\">\r\n                        <p>Bransoletka z metalu szczotkowanego i sk\u00f3ry naturalnej<\/p>\r\n                    <\/div>\r\n                <\/a>\r\n            <\/div>\r\n            <\/div>\r\n<\/div>\r\n\n\n\n\n<h2 class=\"wp-block-heading\"><span class=\"ez-toc-section\" id=\"Wyjatkowe_dodatki_ktore_pasuja_do_sukienki_na_karnawal\"><\/span><strong>Wyj\u0105tkowe dodatki, kt\u00f3re pasuj\u0105 do sukienki na karnawa\u0142<\/strong><span class=\"ez-toc-section-end\"><\/span><\/h2>\n\n\n\n<p>Bez wzgl\u0119du na to, czy wybierasz si\u0119 na maskowy bal, czy innego rodzaju karnawa\u0142owe przyj\u0119cie, mo\u017cesz rozwa\u017cy\u0107 tak\u017ce inne dodatki. W\u015br\u00f3d nich wysoko plasuj\u0105 si\u0119 satynowe d\u0142ugie r\u0119kawiczki pasuj\u0105ce do <a href=\"https:\/\/bialcon.pl\/odziez\/sukienki\/sukienki-na-bal\" target=\"_blank\" rel=\"noreferrer noopener\"><strong>balowych sukni<\/strong><\/a><a href=\"https:\/\/bialcon.pl\/odziez\/sukienki\/sukienki-na-bal\"> <\/a>w stylu starego Hollywood. Taki dodatek to przepis na look prawdziwej damy.<\/p>\n\n\n\n<p>Oryginalna ozdoba we w\u0142osach tak\u017ce sprawia, \u017ce stylizacja dodatkowo zyskuje na uroku. Opr\u00f3cz r\u00f3\u017cnego typu bi\u017cuteryjnych diadem\u00f3w, wysadzanych per\u0142ami spinek lub mi\u0119kkich aksamitnych kokard, interesuj\u0105c\u0105 propozycj\u0105 na karnawa\u0142 s\u0105 fascynatory, kt\u00f3re przypominaj\u0105 po\u0142\u0105czenie arystokratycznego toczka i wyj\u0105tkowo fiku\u015bnej opaski. Taka ozdoba szczeg\u00f3lnie dobrze sprawdzi si\u0119 jako towarzysz <strong><a href=\"https:\/\/bialcon.pl\/odziez\/sukienki\/sukienki-koktajlowe\" target=\"_blank\" rel=\"noreferrer noopener\">sukienki koktajlowej<\/a><a href=\"https:\/\/bialcon.pl\/odziez\/sukienki\/sukienki-koktajlowe\"> <\/a><\/strong>lub do\u015b\u0107 prostej <a href=\"https:\/\/bialcon.pl\/odziez\/sukienki\/sukienki-z-dekoltem\" target=\"_blank\" rel=\"noreferrer noopener\"><strong>sukienki z dekoltem<\/strong><\/a>.<\/p>\n\n\n\n<p>Twoim wyborem sta\u0142a si\u0119<a href=\"https:\/\/bialcon.pl\/odziez\/sukienki\/sukienki-na-ramiaczkach\"> <\/a><a href=\"https:\/\/bialcon.pl\/odziez\/sukienki\/sukienki-na-ramiaczkach\" target=\"_blank\" rel=\"noreferrer noopener\"><strong>sukienka z odkrytymi ramionami<\/strong><\/a><a href=\"https:\/\/bialcon.pl\/odziez\/sukienki\/sukienki-na-ramiaczkach\"> <\/a>lub gorsetem? Zastan\u00f3w si\u0119, czy do Twojego outfitu nie pasowa\u0142aby zwiewna wyszywana paciorkami koronkowa narzutka albo mi\u0119kko uk\u0142adaj\u0105ca si\u0119 etola. Takiego dodatku nie powstydzi\u0142aby si\u0119 bohaterka melodramatu \u201eWielki Gatsby\u201d, kt\u00f3ry jest cz\u0119stym motywem przewodnim karnawa\u0142owych imprez. Je\u015bli jednak retro to nie Tw\u00f3j styl, a Twoja stylizacja jest na wskro\u015b nowoczesna \u2013 rozwa\u017c si\u0119gni\u0119cie po kr\u00f3tki, taliowany <a href=\"https:\/\/bialcon.pl\/odziez\/zakiety\/zakiety-do-sukienek\" target=\"_blank\" rel=\"noreferrer noopener\"><strong>\u017cakiet do sukienki<\/strong><\/a>.<\/p>\n\n\n\n<h2 class=\"wp-block-heading\"><span class=\"ez-toc-section\" id=\"Stylowe_dodatki_do_sukienki_%E2%80%93_modowy_klucz_do_sukcesu\"><\/span><strong>Stylowe dodatki do sukienki &#8211; modowy klucz do sukcesu<\/strong><span class=\"ez-toc-section-end\"><\/span><\/h2>\n\n\n\n<p>Jakie dodatki najlepiej skomponuj\u0105 si\u0119 z Twoj\u0105 kreacj\u0105? Ka\u017cda <a href=\"https:\/\/bialcon.pl\/odziez\/sukienki\/sukienki-z-dekoltem\" target=\"_blank\" rel=\"noreferrer noopener\"><strong>sukienka z dekoltem<\/strong><\/a><a href=\"https:\/\/bialcon.pl\/odziez\/sukienki\/sukienki-z-dekoltem\"> <\/a>zas\u0142uguje na indywidualne podej\u015bcie. Jedna zasada jest jednak uniwersalna: im bardziej strojna suknia, na tym bardziej minimalistyczne dodatki warto si\u0119 zdecydowa\u0107. Ta zasada dzia\u0142a tak\u017ce w drug\u0105 stron\u0119 \u2013 nawet skromna <a href=\"https:\/\/bialcon.pl\/odziez\/sukienki\/sukienki-czarne\" target=\"_blank\" rel=\"noreferrer noopener\"><strong>czarna sukienka<\/strong><\/a> zyskuje bardziej wykwintny charakter, gdy wzbogacisz j\u0105 o stylowe akcesoria. Skorzystaj z naszych wskaz\u00f3wek i zosta\u0144 kr\u00f3low\u0105 balu!<\/p>\n","protected":false},"excerpt":{"rendered":"<p>Na idealn\u0105 karnawa\u0142ow\u0105 stylizacj\u0119 sk\u0142ada si\u0119 kilka element\u00f3w. I cho\u0107 kluczow\u0105 jest kreacja, na kt\u00f3r\u0105 si\u0119 zdecydujesz, istotne jest te\u017c to, jakie akcesoria do niej do\u0142\u0105czysz. Dowiedz si\u0119, jakie dodatki pasuj\u0105 do sukienki z dekoltem i przygotuj look, w kt\u00f3rym Twoja uroda zal\u015bni pe\u0142ni\u0105 blasku. Sukienka z dekoltem \u2013 kreacja, kt\u00f3ra robi wra\u017cenie Sukienka z [&hellip;]<\/p>\n","protected":false},"author":14,"featured_media":7327,"comment_status":"closed","ping_status":"open","sticky":false,"template":"","format":"standard","meta":{"_acf_changed":false,"site-sidebar-layout":"default","site-content-layout":"","ast-site-content-layout":"default","site-content-style":"default","site-sidebar-style":"default","ast-global-header-display":"","ast-banner-title-visibility":"","ast-main-header-display":"","ast-hfb-above-header-display":"","ast-hfb-below-header-display":"","ast-hfb-mobile-header-display":"","site-post-title":"","ast-breadcrumbs-content":"","ast-featured-img":"","footer-sml-layout":"","theme-transparent-header-meta":"","adv-header-id-meta":"","stick-header-meta":"","header-above-stick-meta":"","header-main-stick-meta":"","header-below-stick-meta":"","astra-migrate-meta-layouts":"set","ast-page-background-enabled":"default","ast-page-background-meta":{"desktop":{"background-color":"","background-image":"","background-repeat":"repeat","background-position":"center center","background-size":"auto","background-attachment":"scroll","background-type":"","background-media":"","overlay-type":"","overlay-color":"","overlay-opacity":"","overlay-gradient":""},"tablet":{"background-color":"","background-image":"","background-repeat":"repeat","background-position":"center center","background-size":"auto","background-attachment":"scroll","background-type":"","background-media":"","overlay-type":"","overlay-color":"","overlay-opacity":"","overlay-gradient":""},"mobile":{"background-color":"","background-image":"","background-repeat":"repeat","background-position":"center center","background-size":"auto","background-attachment":"scroll","background-type":"","background-media":"","overlay-type":"","overlay-color":"","overlay-opacity":"","overlay-gradient":""}},"ast-content-background-meta":{"desktop":{"background-color":"var(--ast-global-color-5)","background-image":"","background-repeat":"repeat","background-position":"center center","background-size":"auto","background-attachment":"scroll","background-type":"","background-media":"","overlay-type":"","overlay-color":"","overlay-opacity":"","overlay-gradient":""},"tablet":{"background-color":"var(--ast-global-color-5)","background-image":"","background-repeat":"repeat","background-position":"center center","background-size":"auto","background-attachment":"scroll","background-type":"","background-media":"","overlay-type":"","overlay-color":"","overlay-opacity":"","overlay-gradient":""},"mobile":{"background-color":"var(--ast-global-color-5)","background-image":"","background-repeat":"repeat","background-position":"center center","background-size":"auto","background-attachment":"scroll","background-type":"","background-media":"","overlay-type":"","overlay-color":"","overlay-opacity":"","overlay-gradient":""}},"footnotes":""},"categories":[10,14],"tags":[],"class_list":["post-7321","post","type-post","status-publish","format-standard","has-post-thumbnail","hentry","category-porady-stylistki","category-wszystkie-wpisy"],"acf":[],"yoast_head":"<!-- This site is optimized with the Yoast SEO plugin v27.4 - https:\/\/yoast.com\/product\/yoast-seo-wordpress\/ -->\n<title>Karnawa\u0142owa cz\u0119\u015b\u0107 3: jakie dodatki opr\u00f3cz maski? - Bialcon<\/title>\n<meta name=\"description\" content=\"Na idealn\u0105 karnawa\u0142ow\u0105 stylizacj\u0119 sk\u0142ada si\u0119 kilka element\u00f3w. I cho\u0107 kluczow\u0105 jest kreacja, na kt\u00f3r\u0105 si\u0119 zdecydujesz, istotne jest te\u017c to...\" \/>\n<meta name=\"robots\" content=\"index, follow, max-snippet:-1, max-image-preview:large, max-video-preview:-1\" \/>\n<link rel=\"canonical\" href=\"https:\/\/bialcon.pl\/blog\/karnawalowa-czesc-3-jakie-dodatki-oprocz-maski\/\" \/>\n<meta name=\"twitter:label1\" content=\"Napisane przez\" \/>\n\t<meta name=\"twitter:data1\" content=\"Daria Woszczaty\u0144ska-Przybylska\" \/>\n\t<meta name=\"twitter:label2\" content=\"Szacowany czas czytania\" \/>\n\t<meta name=\"twitter:data2\" content=\"5 minut\" \/>\n<script type=\"application\/ld+json\" class=\"yoast-schema-graph\">{\"@context\":\"https:\\\/\\\/schema.org\",\"@graph\":[{\"@type\":\"Article\",\"@id\":\"https:\\\/\\\/bialcon.pl\\\/blog\\\/karnawalowa-czesc-3-jakie-dodatki-oprocz-maski\\\/#article\",\"isPartOf\":{\"@id\":\"https:\\\/\\\/bialcon.pl\\\/blog\\\/karnawalowa-czesc-3-jakie-dodatki-oprocz-maski\\\/\"},\"author\":{\"name\":\"Daria Woszczaty\u0144ska-Przybylska\",\"@id\":\"https:\\\/\\\/bialcon.pl\\\/blog\\\/#\\\/schema\\\/person\\\/ba17cc8b0900b2a06eecf843eb117760\"},\"headline\":\"Karnawa\u0142owa cz\u0119\u015b\u0107 3: jakie dodatki opr\u00f3cz maski?\",\"datePublished\":\"2023-02-01T11:10:00+00:00\",\"dateModified\":\"2025-11-24T08:47:34+00:00\",\"mainEntityOfPage\":{\"@id\":\"https:\\\/\\\/bialcon.pl\\\/blog\\\/karnawalowa-czesc-3-jakie-dodatki-oprocz-maski\\\/\"},\"wordCount\":1008,\"image\":{\"@id\":\"https:\\\/\\\/bialcon.pl\\\/blog\\\/karnawalowa-czesc-3-jakie-dodatki-oprocz-maski\\\/#primaryimage\"},\"thumbnailUrl\":\"https:\\\/\\\/bialcon.pl\\\/blog\\\/wp-content\\\/uploads\\\/2023\\\/01\\\/Projekt-bez-tytulu-6.jpg\",\"articleSection\":[\"Porady Stylistki\",\"Wszystkie wpisy\"],\"inLanguage\":\"pl-PL\"},{\"@type\":\"WebPage\",\"@id\":\"https:\\\/\\\/bialcon.pl\\\/blog\\\/karnawalowa-czesc-3-jakie-dodatki-oprocz-maski\\\/\",\"url\":\"https:\\\/\\\/bialcon.pl\\\/blog\\\/karnawalowa-czesc-3-jakie-dodatki-oprocz-maski\\\/\",\"name\":\"Karnawa\u0142owa cz\u0119\u015b\u0107 3: jakie dodatki opr\u00f3cz maski? - Bialcon\",\"isPartOf\":{\"@id\":\"https:\\\/\\\/bialcon.pl\\\/blog\\\/#website\"},\"primaryImageOfPage\":{\"@id\":\"https:\\\/\\\/bialcon.pl\\\/blog\\\/karnawalowa-czesc-3-jakie-dodatki-oprocz-maski\\\/#primaryimage\"},\"image\":{\"@id\":\"https:\\\/\\\/bialcon.pl\\\/blog\\\/karnawalowa-czesc-3-jakie-dodatki-oprocz-maski\\\/#primaryimage\"},\"thumbnailUrl\":\"https:\\\/\\\/bialcon.pl\\\/blog\\\/wp-content\\\/uploads\\\/2023\\\/01\\\/Projekt-bez-tytulu-6.jpg\",\"datePublished\":\"2023-02-01T11:10:00+00:00\",\"dateModified\":\"2025-11-24T08:47:34+00:00\",\"author\":{\"@id\":\"https:\\\/\\\/bialcon.pl\\\/blog\\\/#\\\/schema\\\/person\\\/ba17cc8b0900b2a06eecf843eb117760\"},\"description\":\"Na idealn\u0105 karnawa\u0142ow\u0105 stylizacj\u0119 sk\u0142ada si\u0119 kilka element\u00f3w. I cho\u0107 kluczow\u0105 jest kreacja, na kt\u00f3r\u0105 si\u0119 zdecydujesz, istotne jest te\u017c to...\",\"breadcrumb\":{\"@id\":\"https:\\\/\\\/bialcon.pl\\\/blog\\\/karnawalowa-czesc-3-jakie-dodatki-oprocz-maski\\\/#breadcrumb\"},\"inLanguage\":\"pl-PL\",\"potentialAction\":[{\"@type\":\"ReadAction\",\"target\":[\"https:\\\/\\\/bialcon.pl\\\/blog\\\/karnawalowa-czesc-3-jakie-dodatki-oprocz-maski\\\/\"]}]},{\"@type\":\"ImageObject\",\"inLanguage\":\"pl-PL\",\"@id\":\"https:\\\/\\\/bialcon.pl\\\/blog\\\/karnawalowa-czesc-3-jakie-dodatki-oprocz-maski\\\/#primaryimage\",\"url\":\"https:\\\/\\\/bialcon.pl\\\/blog\\\/wp-content\\\/uploads\\\/2023\\\/01\\\/Projekt-bez-tytulu-6.jpg\",\"contentUrl\":\"https:\\\/\\\/bialcon.pl\\\/blog\\\/wp-content\\\/uploads\\\/2023\\\/01\\\/Projekt-bez-tytulu-6.jpg\",\"width\":960,\"height\":850,\"caption\":\"Wizualizacja kobiety w zielonej sukience mini z dekoltem V i szerokimi plisowanymi r\u0119kawami\"},{\"@type\":\"BreadcrumbList\",\"@id\":\"https:\\\/\\\/bialcon.pl\\\/blog\\\/karnawalowa-czesc-3-jakie-dodatki-oprocz-maski\\\/#breadcrumb\",\"itemListElement\":[{\"@type\":\"ListItem\",\"position\":1,\"name\":\"Strona g\u0142\u00f3wna\",\"item\":\"https:\\\/\\\/bialcon.pl\\\/blog\\\/\"},{\"@type\":\"ListItem\",\"position\":2,\"name\":\"Wszystkie wpisy\",\"item\":\"https:\\\/\\\/bialcon.pl\\\/blog\\\/wszystkie-wpisy\\\/\"},{\"@type\":\"ListItem\",\"position\":3,\"name\":\"Karnawa\u0142owa cz\u0119\u015b\u0107 3: jakie dodatki opr\u00f3cz maski?\"}]},{\"@type\":\"WebSite\",\"@id\":\"https:\\\/\\\/bialcon.pl\\\/blog\\\/#website\",\"url\":\"https:\\\/\\\/bialcon.pl\\\/blog\\\/\",\"name\":\"bialcon.pl\\\/blog\\\/\",\"description\":\"Fashion Blog w zasi\u0119gu Twojej r\u0119ki\",\"potentialAction\":[{\"@type\":\"SearchAction\",\"target\":{\"@type\":\"EntryPoint\",\"urlTemplate\":\"https:\\\/\\\/bialcon.pl\\\/blog\\\/?s={search_term_string}\"},\"query-input\":{\"@type\":\"PropertyValueSpecification\",\"valueRequired\":true,\"valueName\":\"search_term_string\"}}],\"inLanguage\":\"pl-PL\"},{\"@type\":\"Person\",\"@id\":\"https:\\\/\\\/bialcon.pl\\\/blog\\\/#\\\/schema\\\/person\\\/ba17cc8b0900b2a06eecf843eb117760\",\"name\":\"Daria Woszczaty\u0144ska-Przybylska\",\"image\":{\"@type\":\"ImageObject\",\"inLanguage\":\"pl-PL\",\"@id\":\"https:\\\/\\\/secure.gravatar.com\\\/avatar\\\/624792ad5428294ab99ef3d7d452e28d140144dac597c3725127e5d3ea759f0b?s=96&d=mm&r=g\",\"url\":\"https:\\\/\\\/secure.gravatar.com\\\/avatar\\\/624792ad5428294ab99ef3d7d452e28d140144dac597c3725127e5d3ea759f0b?s=96&d=mm&r=g\",\"contentUrl\":\"https:\\\/\\\/secure.gravatar.com\\\/avatar\\\/624792ad5428294ab99ef3d7d452e28d140144dac597c3725127e5d3ea759f0b?s=96&d=mm&r=g\",\"caption\":\"Daria Woszczaty\u0144ska-Przybylska\"},\"description\":\"Autorka tre\u015bci o modzie, copywriterka i content writerka, z wykszta\u0142cenia projektantka ubioru. Zajmuje si\u0119 analiz\u0105 przemian w modzie oraz przyst\u0119pnym wyja\u015bnianiem trend\u00f3w, pomagaj\u0105c odbiorcom \u015bwiadomie budowa\u0107 w\u0142asny styl. Interesuje j\u0105 kreowanie osobistego stylu, ilustracja modowa oraz ubi\u00f3r traktowany jako forma sztuki. Jej najnowsze teksty o modzie znajdziesz na blogu Bialcon.\",\"sameAs\":[\"https:\\\/\\\/www.facebook.com\\\/daria.woszczatynska\\\/\"],\"url\":\"https:\\\/\\\/bialcon.pl\\\/blog\\\/author\\\/daria-woszczatynska-przybylska\\\/\"}]}<\/script>\n<!-- \/ Yoast SEO plugin. -->","yoast_head_json":{"title":"Karnawa\u0142owa cz\u0119\u015b\u0107 3: jakie dodatki opr\u00f3cz maski? - Bialcon","description":"Na idealn\u0105 karnawa\u0142ow\u0105 stylizacj\u0119 sk\u0142ada si\u0119 kilka element\u00f3w. I cho\u0107 kluczow\u0105 jest kreacja, na kt\u00f3r\u0105 si\u0119 zdecydujesz, istotne jest te\u017c to...","robots":{"index":"index","follow":"follow","max-snippet":"max-snippet:-1","max-image-preview":"max-image-preview:large","max-video-preview":"max-video-preview:-1"},"canonical":"https:\/\/bialcon.pl\/blog\/karnawalowa-czesc-3-jakie-dodatki-oprocz-maski\/","twitter_misc":{"Napisane przez":"Daria Woszczaty\u0144ska-Przybylska","Szacowany czas czytania":"5 minut"},"schema":{"@context":"https:\/\/schema.org","@graph":[{"@type":"Article","@id":"https:\/\/bialcon.pl\/blog\/karnawalowa-czesc-3-jakie-dodatki-oprocz-maski\/#article","isPartOf":{"@id":"https:\/\/bialcon.pl\/blog\/karnawalowa-czesc-3-jakie-dodatki-oprocz-maski\/"},"author":{"name":"Daria Woszczaty\u0144ska-Przybylska","@id":"https:\/\/bialcon.pl\/blog\/#\/schema\/person\/ba17cc8b0900b2a06eecf843eb117760"},"headline":"Karnawa\u0142owa cz\u0119\u015b\u0107 3: jakie dodatki opr\u00f3cz maski?","datePublished":"2023-02-01T11:10:00+00:00","dateModified":"2025-11-24T08:47:34+00:00","mainEntityOfPage":{"@id":"https:\/\/bialcon.pl\/blog\/karnawalowa-czesc-3-jakie-dodatki-oprocz-maski\/"},"wordCount":1008,"image":{"@id":"https:\/\/bialcon.pl\/blog\/karnawalowa-czesc-3-jakie-dodatki-oprocz-maski\/#primaryimage"},"thumbnailUrl":"https:\/\/bialcon.pl\/blog\/wp-content\/uploads\/2023\/01\/Projekt-bez-tytulu-6.jpg","articleSection":["Porady Stylistki","Wszystkie wpisy"],"inLanguage":"pl-PL"},{"@type":"WebPage","@id":"https:\/\/bialcon.pl\/blog\/karnawalowa-czesc-3-jakie-dodatki-oprocz-maski\/","url":"https:\/\/bialcon.pl\/blog\/karnawalowa-czesc-3-jakie-dodatki-oprocz-maski\/","name":"Karnawa\u0142owa cz\u0119\u015b\u0107 3: jakie dodatki opr\u00f3cz maski? - Bialcon","isPartOf":{"@id":"https:\/\/bialcon.pl\/blog\/#website"},"primaryImageOfPage":{"@id":"https:\/\/bialcon.pl\/blog\/karnawalowa-czesc-3-jakie-dodatki-oprocz-maski\/#primaryimage"},"image":{"@id":"https:\/\/bialcon.pl\/blog\/karnawalowa-czesc-3-jakie-dodatki-oprocz-maski\/#primaryimage"},"thumbnailUrl":"https:\/\/bialcon.pl\/blog\/wp-content\/uploads\/2023\/01\/Projekt-bez-tytulu-6.jpg","datePublished":"2023-02-01T11:10:00+00:00","dateModified":"2025-11-24T08:47:34+00:00","author":{"@id":"https:\/\/bialcon.pl\/blog\/#\/schema\/person\/ba17cc8b0900b2a06eecf843eb117760"},"description":"Na idealn\u0105 karnawa\u0142ow\u0105 stylizacj\u0119 sk\u0142ada si\u0119 kilka element\u00f3w. I cho\u0107 kluczow\u0105 jest kreacja, na kt\u00f3r\u0105 si\u0119 zdecydujesz, istotne jest te\u017c to...","breadcrumb":{"@id":"https:\/\/bialcon.pl\/blog\/karnawalowa-czesc-3-jakie-dodatki-oprocz-maski\/#breadcrumb"},"inLanguage":"pl-PL","potentialAction":[{"@type":"ReadAction","target":["https:\/\/bialcon.pl\/blog\/karnawalowa-czesc-3-jakie-dodatki-oprocz-maski\/"]}]},{"@type":"ImageObject","inLanguage":"pl-PL","@id":"https:\/\/bialcon.pl\/blog\/karnawalowa-czesc-3-jakie-dodatki-oprocz-maski\/#primaryimage","url":"https:\/\/bialcon.pl\/blog\/wp-content\/uploads\/2023\/01\/Projekt-bez-tytulu-6.jpg","contentUrl":"https:\/\/bialcon.pl\/blog\/wp-content\/uploads\/2023\/01\/Projekt-bez-tytulu-6.jpg","width":960,"height":850,"caption":"Wizualizacja kobiety w zielonej sukience mini z dekoltem V i szerokimi plisowanymi r\u0119kawami"},{"@type":"BreadcrumbList","@id":"https:\/\/bialcon.pl\/blog\/karnawalowa-czesc-3-jakie-dodatki-oprocz-maski\/#breadcrumb","itemListElement":[{"@type":"ListItem","position":1,"name":"Strona g\u0142\u00f3wna","item":"https:\/\/bialcon.pl\/blog\/"},{"@type":"ListItem","position":2,"name":"Wszystkie wpisy","item":"https:\/\/bialcon.pl\/blog\/wszystkie-wpisy\/"},{"@type":"ListItem","position":3,"name":"Karnawa\u0142owa cz\u0119\u015b\u0107 3: jakie dodatki opr\u00f3cz maski?"}]},{"@type":"WebSite","@id":"https:\/\/bialcon.pl\/blog\/#website","url":"https:\/\/bialcon.pl\/blog\/","name":"bialcon.pl\/blog\/","description":"Fashion Blog w zasi\u0119gu Twojej r\u0119ki","potentialAction":[{"@type":"SearchAction","target":{"@type":"EntryPoint","urlTemplate":"https:\/\/bialcon.pl\/blog\/?s={search_term_string}"},"query-input":{"@type":"PropertyValueSpecification","valueRequired":true,"valueName":"search_term_string"}}],"inLanguage":"pl-PL"},{"@type":"Person","@id":"https:\/\/bialcon.pl\/blog\/#\/schema\/person\/ba17cc8b0900b2a06eecf843eb117760","name":"Daria Woszczaty\u0144ska-Przybylska","image":{"@type":"ImageObject","inLanguage":"pl-PL","@id":"https:\/\/secure.gravatar.com\/avatar\/624792ad5428294ab99ef3d7d452e28d140144dac597c3725127e5d3ea759f0b?s=96&d=mm&r=g","url":"https:\/\/secure.gravatar.com\/avatar\/624792ad5428294ab99ef3d7d452e28d140144dac597c3725127e5d3ea759f0b?s=96&d=mm&r=g","contentUrl":"https:\/\/secure.gravatar.com\/avatar\/624792ad5428294ab99ef3d7d452e28d140144dac597c3725127e5d3ea759f0b?s=96&d=mm&r=g","caption":"Daria Woszczaty\u0144ska-Przybylska"},"description":"Autorka tre\u015bci o modzie, copywriterka i content writerka, z wykszta\u0142cenia projektantka ubioru. Zajmuje si\u0119 analiz\u0105 przemian w modzie oraz przyst\u0119pnym wyja\u015bnianiem trend\u00f3w, pomagaj\u0105c odbiorcom \u015bwiadomie budowa\u0107 w\u0142asny styl. Interesuje j\u0105 kreowanie osobistego stylu, ilustracja modowa oraz ubi\u00f3r traktowany jako forma sztuki. Jej najnowsze teksty o modzie znajdziesz na blogu Bialcon.","sameAs":["https:\/\/www.facebook.com\/daria.woszczatynska\/"],"url":"https:\/\/bialcon.pl\/blog\/author\/daria-woszczatynska-przybylska\/"}]}},"_links":{"self":[{"href":"https:\/\/bialcon.pl\/blog\/wp-json\/wp\/v2\/posts\/7321","targetHints":{"allow":["GET"]}}],"collection":[{"href":"https:\/\/bialcon.pl\/blog\/wp-json\/wp\/v2\/posts"}],"about":[{"href":"https:\/\/bialcon.pl\/blog\/wp-json\/wp\/v2\/types\/post"}],"author":[{"embeddable":true,"href":"https:\/\/bialcon.pl\/blog\/wp-json\/wp\/v2\/users\/14"}],"replies":[{"embeddable":true,"href":"https:\/\/bialcon.pl\/blog\/wp-json\/wp\/v2\/comments?post=7321"}],"version-history":[{"count":6,"href":"https:\/\/bialcon.pl\/blog\/wp-json\/wp\/v2\/posts\/7321\/revisions"}],"predecessor-version":[{"id":11572,"href":"https:\/\/bialcon.pl\/blog\/wp-json\/wp\/v2\/posts\/7321\/revisions\/11572"}],"wp:featuredmedia":[{"embeddable":true,"href":"https:\/\/bialcon.pl\/blog\/wp-json\/wp\/v2\/media\/7327"}],"wp:attachment":[{"href":"https:\/\/bialcon.pl\/blog\/wp-json\/wp\/v2\/media?parent=7321"}],"wp:term":[{"taxonomy":"category","embeddable":true,"href":"https:\/\/bialcon.pl\/blog\/wp-json\/wp\/v2\/categories?post=7321"},{"taxonomy":"post_tag","embeddable":true,"href":"https:\/\/bialcon.pl\/blog\/wp-json\/wp\/v2\/tags?post=7321"}],"curies":[{"name":"wp","href":"https:\/\/api.w.org\/{rel}","templated":true}]}}