{"id":7151,"date":"2023-01-05T14:30:00","date_gmt":"2023-01-05T13:30:00","guid":{"rendered":"https:\/\/bialcon.pl\/blog\/?p=7151"},"modified":"2025-11-24T09:44:14","modified_gmt":"2025-11-24T08:44:14","slug":"karnawalowa-moda-czesc-1-co-zalozyc-na-bal","status":"publish","type":"post","link":"https:\/\/bialcon.pl\/blog\/karnawalowa-moda-czesc-1-co-zalozyc-na-bal\/","title":{"rendered":"Karnawa\u0142owa moda&nbsp;cz\u0119\u015b\u0107 1: co za\u0142o\u017cy\u0107 na bal?"},"content":{"rendered":"<div id=\"ez-toc-container\" class=\"ez-toc-v2_0_82_2 counter-hierarchy ez-toc-counter ez-toc-custom ez-toc-container-direction\">\n<div class=\"ez-toc-title-container\"><p class=\"ez-toc-title\" style=\"cursor:inherit\">Spis Tre\u015bci<\/p>\n<\/div><nav><ul class='ez-toc-list ez-toc-list-level-1 ' ><li class='ez-toc-page-1 ez-toc-heading-level-2'><a class=\"ez-toc-link ez-toc-heading-1\" href=\"https:\/\/bialcon.pl\/blog\/karnawalowa-moda-czesc-1-co-zalozyc-na-bal\/#Sukienka_dopasowana_do_figury_z_drapowaniem\" >Sukienka dopasowana do figury z drapowaniem<\/a><\/li><li class='ez-toc-page-1 ez-toc-heading-level-2'><a class=\"ez-toc-link ez-toc-heading-2\" href=\"https:\/\/bialcon.pl\/blog\/karnawalowa-moda-czesc-1-co-zalozyc-na-bal\/#Czarna_sukienka_dopasowana_z_rozcieciem_z_przodu\" >Czarna sukienka dopasowana z rozci\u0119ciem z przodu<\/a><\/li><li class='ez-toc-page-1 ez-toc-heading-level-2'><a class=\"ez-toc-link ez-toc-heading-3\" href=\"https:\/\/bialcon.pl\/blog\/karnawalowa-moda-czesc-1-co-zalozyc-na-bal\/#Sukienka_dopasowana_z_czarnej_tafty\" >Sukienka dopasowana z czarnej tafty<\/a><\/li><li class='ez-toc-page-1 ez-toc-heading-level-2'><a class=\"ez-toc-link ez-toc-heading-4\" href=\"https:\/\/bialcon.pl\/blog\/karnawalowa-moda-czesc-1-co-zalozyc-na-bal\/#Sukienka_asymetryczna_wizytowa\" >Sukienka asymetryczna wizytowa<\/a><\/li><li class='ez-toc-page-1 ez-toc-heading-level-2'><a class=\"ez-toc-link ez-toc-heading-5\" href=\"https:\/\/bialcon.pl\/blog\/karnawalowa-moda-czesc-1-co-zalozyc-na-bal\/#Jakie_dodatki_wybrac_do_kreacji_balowej\" >Jakie dodatki wybra\u0107 do kreacji balowej?<\/a><\/li><\/ul><\/nav><\/div>\n\n<p><strong>Koniec starego i pocz\u0105tek nowego roku to okres zabaw, spotka\u0144 towarzyskich i prywatek. Przed nami karnawa\u0142, czyli czas, gdy organizowane s\u0105 liczne bale. Wyj\u0105tkowe okazje, na kt\u00f3rych chcemy wygl\u0105da\u0107 zjawiskowo i dobrze si\u0119 bawi\u0107. Sprawd\u017amy, jak wybra\u0107 idealn\u0105 kreacj\u0119 na bal.<\/strong><\/p>\n\n\n\n<p>Pi\u0119knie udekorowana sala, wyborne jedzenie, muzyka na \u017cywo, toasty i ta\u0144ce \u2013 bal, to wyj\u0105tkowy rodzaj przyj\u0119cia, kt\u00f3ry wyr\u00f3\u017cnia si\u0119 rozmachem i opraw\u0105. Nasz str\u00f3j tak\u017ce powinien wpisywa\u0107 si\u0119 w stylistyk\u0119 wydarzenia. Nie oznacza to, \u017ce musimy zak\u0142ada\u0107 na ten wiecz\u00f3r kreacj\u0119 balow\u0105, kt\u00f3ra kojarzy si\u0119 z przepychem, pi\u00f3rami i wieloma warstwami materia\u0142u. Jednak bal sylwestrowy lub karnawa\u0142owy to okazja, by b\u0142yszcze\u0107 i zrobi\u0107 si\u0119 na b\u00f3stwo. Niekoniecznie sprawdzi si\u0119 tu stylizacja casualowa lub nawet elegancka ma\u0142a czarna. Je\u015bli nie przepadamy za wytwornymi kreacjami wieczorowymi, wybierzmy <a href=\"https:\/\/bialcon.pl\/odziez\/sukienki\/sukienki-dopasowane\" target=\"_blank\" rel=\"noreferrer noopener\"><strong>sukienk\u0119 dopasowan\u0105<\/strong><\/a> lub <a href=\"https:\/\/bialcon.pl\/odziez\/sukienki\/sukienki-asymetryczne\" target=\"_blank\" rel=\"noreferrer noopener\"><strong>sukienk\u0119 asymetryczn\u0105<\/strong><\/a>.<\/p>\n\n\n\n<p>Nie ma jednoznacznej odpowiedzi na pytanie &#8211; co za\u0142o\u017cy\u0107 na bal? Najwa\u017cniejsze, by\u015bmy wybra\u0142y str\u00f3j, w kt\u00f3rym b\u0119dziemy si\u0119 czu\u0142y wygodnie, pewnie i b\u0119dziemy mia\u0142y swobod\u0119 ruch\u00f3w, by ta\u0144czy\u0107. W\u0142a\u015bnie po to idziemy na wyj\u0105tkowe przyj\u0119cie, by dobrze si\u0119 bawi\u0107 w gronie bliskich os\u00f3b. Je\u015bli wybierzemy bardziej skromn\u0105 kreacj\u0119, zawsze mo\u017cemy doda\u0107 jej elegancji i podkre\u015bli\u0107 wytworny charakter stylizacji poprzez umiej\u0119tny dob\u00f3r dodatk\u00f3w. Nie musimy obawia\u0107 si\u0119, \u017ce przesadzimy z bi\u017cuteri\u0105, akcesoria typu d\u0142ugie r\u0119kawiczki lub fascynator na g\u0142owie, tak\u017ce b\u0119d\u0105 na miejscu. Gdy wybieramy si\u0105 na bal, mo\u017cemy zapomnie\u0107 o zasadzie \u2013 mniej znaczy wi\u0119cej.<\/p>\n\n\n\r\n<div class=\"product-block-container swiper mySwiperProductBlock\">\r\n    <div class=\"product-block-swiper swiper-wrapper\">\r\n                    <div class=\"swiper-slide product-block-item\" data-id=\"147575\">\r\n                <a href=\"https:\/\/bialcon.pl\/dluga-satynowa-sukienka-z-odkrytym-ramieniem?utm_source=blog&utm_medium=wyprzedaz&utm_campaign=050123\" class=\"product-block-url\" target=\"_blank\">\r\n                    <div class=\"product-block-image\">\r\n                        <img decoding=\"async\" width=\"300\" height=\"400\" src=\"https:\/\/bialcon.pl\/picture\/dluga-satynowa-sukienka-z-odkrytym-ramieniem_1.jpg\" alt=\"D\u0142uga satynowa sukienka z odkrytym ramieniem\">\r\n                    <\/div>\r\n                    <div class=\"product-block-name\">\r\n                        <p>D\u0142uga satynowa sukienka z odkrytym ramieniem<\/p>\r\n                    <\/div>\r\n                <\/a>\r\n            <\/div>\r\n                    <div class=\"swiper-slide product-block-item\" data-id=\"147606\">\r\n                <a href=\"https:\/\/bialcon.pl\/wizytowa-turkusowa-sukienka-z-lekkiej-posykujacej-tafty?utm_source=blog&utm_medium=wyprzedaz&utm_campaign=050123\" class=\"product-block-url\" target=\"_blank\">\r\n                    <div class=\"product-block-image\">\r\n                        <img decoding=\"async\" width=\"300\" height=\"400\" src=\"https:\/\/bialcon.pl\/picture\/wizytowa-turkusowa-sukienka-z-lekkiej-posykujacej-tafty_2.jpg\" alt=\"Wizytowa turkusowa sukienka z lekkiej posykuj\u0105cej tafty\">\r\n                    <\/div>\r\n                    <div class=\"product-block-name\">\r\n                        <p>Wizytowa turkusowa sukienka z lekkiej posykuj\u0105cej tafty<\/p>\r\n                    <\/div>\r\n                <\/a>\r\n            <\/div>\r\n                    <div class=\"swiper-slide product-block-item\" data-id=\"147620\">\r\n                <a href=\"https:\/\/bialcon.pl\/oryginalna-sukienka-inspirowana-malarstwem-chelmonskiego?utm_source=blog&utm_medium=wyprzedaz&utm_campaign=050123\" class=\"product-block-url\" target=\"_blank\">\r\n                    <div class=\"product-block-image\">\r\n                        <img decoding=\"async\" width=\"300\" height=\"400\" src=\"https:\/\/bialcon.pl\/picture\/oryginalna-sukienka-inspirowana-malarstwem-chelmonskiego_1.jpg\" alt=\"Oryginalna sukienka inspirowana malarstwem Che\u0142mo\u0144skiego\">\r\n                    <\/div>\r\n                    <div class=\"product-block-name\">\r\n                        <p>Oryginalna sukienka inspirowana malarstwem Che\u0142mo\u0144skiego<\/p>\r\n                    <\/div>\r\n                <\/a>\r\n            <\/div>\r\n            <\/div>\r\n<\/div>\r\n\n\n\n\n<h2 class=\"wp-block-heading\"><span class=\"ez-toc-section\" id=\"Sukienka_dopasowana_do_figury_z_drapowaniem\"><\/span><strong>Sukienka dopasowana do figury z drapowaniem<\/strong><span class=\"ez-toc-section-end\"><\/span><\/h2>\n\n\n\n<p>D\u0142uga <a href=\"https:\/\/bialcon.pl\/odziez\/sukienki\/sukienki-dopasowane\" target=\"_blank\" rel=\"noreferrer noopener\"><strong>sukienka dopasowana<\/strong><\/a> do figury efektownie drapowana w talii \u015bwietnie sprawdzi si\u0119 w roli kreacji balowej. Taki fason nie tylko wygl\u0105da elegancko, ale tak\u017ce pi\u0119knie modeluje sylwetk\u0119, nadaj\u0105c jej po\u017c\u0105dany kszta\u0142t klepsydry. Ponadto zapewnia nam wizualne wyszczuplenie. Zalet\u0105 tej kreacji jest tak\u017ce zgrabny dekolt w kszta\u0142cie V, wyd\u0142u\u017caj\u0105cy szyj\u0119 i eksponuj\u0105cy klatk\u0119 piersiow\u0105. Aby nada\u0107 stylizacji wytworny, wieczorowy charakter warto za\u0142o\u017cy\u0107 spektakularny d\u0142ugi naszyjnik. Ciemnozielony kolor stanowi bardzo dobr\u0105 alternatyw\u0119 do popularnej czerni. W tej sukni bez w\u0105tpienia b\u0119dziemy czu\u0142y si\u0119 wygodnie i wygl\u0105da\u0142y ol\u015bniewaj\u0105co. Wystarczy doda\u0107 pi\u0119kn\u0105 bi\u017cuteri\u0119, torebk\u0119 kopert\u00f3wk\u0119 oraz klasyczne szpilki, by stworzy\u0107 stylizacj\u0105 godn\u0105 zapami\u0119tania. <a href=\"https:\/\/bialcon.pl\/dzianinowa-sukienka-z-drapowaniem\">https:\/\/bialcon.pl\/dzianinowa-sukienka-z-drapowaniem<\/a><\/p>\n\n\n\r\n<div class=\"product-block-container swiper mySwiperProductBlock\">\r\n    <div class=\"product-block-swiper swiper-wrapper\">\r\n                    <div class=\"swiper-slide product-block-item\" data-id=\"147615\">\r\n                <a href=\"https:\/\/bialcon.pl\/dzianinowa-sukienka-z-marszczeniem-i-ozdoba-w-talii?utm_source=blog&utm_medium=wyprzedaz&utm_campaign=050123\" class=\"product-block-url\" target=\"_blank\">\r\n                    <div class=\"product-block-image\">\r\n                        <img decoding=\"async\" width=\"300\" height=\"400\" src=\"https:\/\/bialcon.pl\/picture\/dzianinowa-sukienka-z-marszczeniem-i-ozdoba-w-talii_3.jpg\" alt=\"Dzianinowa sukienka z marszczeniem i ozdob\u0105 w talii\">\r\n                    <\/div>\r\n                    <div class=\"product-block-name\">\r\n                        <p>Dzianinowa sukienka z marszczeniem i ozdob\u0105 w talii<\/p>\r\n                    <\/div>\r\n                <\/a>\r\n            <\/div>\r\n                    <div class=\"swiper-slide product-block-item\" data-id=\"147636\">\r\n                <a href=\"https:\/\/bialcon.pl\/brokatowa-zlota-sukienka-o-klasycznym-kroju?utm_source=blog&utm_medium=wyprzedaz&utm_campaign=050123\" class=\"product-block-url\" target=\"_blank\">\r\n                    <div class=\"product-block-image\">\r\n                        <img decoding=\"async\" width=\"300\" height=\"400\" src=\"https:\/\/bialcon.pl\/picture\/brokatowa-zlota-sukienka-o-klasycznym-kroju.jpg\" alt=\"Brokatowa z\u0142ota sukienka o klasycznym kroju\">\r\n                    <\/div>\r\n                    <div class=\"product-block-name\">\r\n                        <p>Brokatowa z\u0142ota sukienka o klasycznym kroju<\/p>\r\n                    <\/div>\r\n                <\/a>\r\n            <\/div>\r\n                    <div class=\"swiper-slide product-block-item\" data-id=\"147694\">\r\n                <a href=\"https:\/\/bialcon.pl\/elegancka-granatowa-sukienka-kopertowa-z-bawelna?utm_source=blog&utm_medium=wyprzedaz&utm_campaign=050123\" class=\"product-block-url\" target=\"_blank\">\r\n                    <div class=\"product-block-image\">\r\n                        <img decoding=\"async\" width=\"300\" height=\"400\" src=\"https:\/\/bialcon.pl\/picture\/elegancka-granatowa-sukienka-kopertowa-z-bawelna_1.jpg\" alt=\"Elegancka granatowa sukienka kopertowa z bawe\u0142n\u0105\">\r\n                    <\/div>\r\n                    <div class=\"product-block-name\">\r\n                        <p>Elegancka granatowa sukienka kopertowa z bawe\u0142n\u0105<\/p>\r\n                    <\/div>\r\n                <\/a>\r\n            <\/div>\r\n            <\/div>\r\n<\/div>\r\n\n\n\n\n<h2 class=\"wp-block-heading\"><span class=\"ez-toc-section\" id=\"Czarna_sukienka_dopasowana_z_rozcieciem_z_przodu\"><\/span><strong>Czarna sukienka dopasowana z rozci\u0119ciem z przodu<\/strong><span class=\"ez-toc-section-end\"><\/span><\/h2>\n\n\n\n<p>Dla kobiet, kt\u00f3re lubi\u0105 eksponowa\u0107 nogi, idealn\u0105 propozycj\u0105 na bal, b\u0119dzie d\u0142uga <a href=\"https:\/\/bialcon.pl\/odziez\/sukienki\/sukienki-dopasowane\" target=\"_blank\" rel=\"noreferrer noopener\"><strong>sukienka dopasowana<\/strong><\/a> z g\u0142\u0119bokim rozci\u0119ciem z przodu. Nie musisz nosi\u0107 mini, by pokaza\u0107 nogi, o wiele bardziej ciekaw\u0105 i eleganck\u0105 opcj\u0105 jest za\u0142o\u017cenie d\u0142ugiej sukni z efektownym rozci\u0119ciem. Takie kreacje budz\u0105 skojarzenia z hollywoodzkim czerwonym dywanem. Ozdobne marszczenie, g\u0142\u0119boki dekolt oraz uniwersalny kolor sprawiaj\u0105, \u017ce ten str\u00f3j mo\u017cna za\u0142o\u017cy\u0107 na wiele okazji. Je\u015bli wybieramy si\u0119 na bal, zaszalejmy z dodatkami, d\u0142ugie, b\u0142yszcz\u0105ce kozaki za kolano oraz efektowna kolia to przepis na stylizacj\u0119 glamour.<\/p>\n\n\n\n<p><a href=\"https:\/\/bialcon.pl\/dzianinowa-czarna-sukienka-z-dekoltem\">https:\/\/bialcon.pl\/dzianinowa-czarna-sukienka-z-dekoltem<\/a><\/p>\n\n\n\n<h2 class=\"wp-block-heading\"><span class=\"ez-toc-section\" id=\"Sukienka_dopasowana_z_czarnej_tafty\"><\/span><strong>Sukienka dopasowana z czarnej tafty<\/strong><span class=\"ez-toc-section-end\"><\/span><\/h2>\n\n\n\n<p>Masz ochot\u0119 na fantazyjn\u0105 kreacj\u0119, kt\u00f3rej pozazdro\u015bci\u0142aby Ci gwiazda filmowa? Bal jest idealn\u0105 okazj\u0119, by za\u0142o\u017cy\u0107 co\u015b naprawd\u0119 spektakularnego np. d\u0142ug\u0105 <a href=\"https:\/\/bialcon.pl\/odziez\/sukienki\/sukienki-asymetryczne\" target=\"_blank\" rel=\"noreferrer noopener\"><strong>sukienk\u0119 asymetryczn\u0105<\/strong><\/a> z czarnej tafty. Zak\u0142adany fason, kt\u00f3ry zmys\u0142owo ods\u0142ania nogi, efektowny kopertowy dekolt oraz oryginalne rozszerzane r\u0119kawy to cechy, kt\u00f3re nadaj\u0105 tej sukni wyj\u0105tkowy charakter. Lekko b\u0142yszcz\u0105ca tafta jest idealnym materia\u0142em na bal. Wystarczy z\u0142ota bi\u017cuteria i czarne szpilki, by wygl\u0105da\u0107 wytwornie i niepowtarzalnie. Bez w\u0105tpienia jest to stylizacja dla kobiet, kt\u00f3re lubi\u0105 si\u0119 wyr\u00f3\u017cnia\u0107 wygl\u0105dem i lubi\u0105 przyci\u0105ga\u0107 spojrzenia. <a href=\"https:\/\/bialcon.pl\/balowa-sukienka-z-czarnej-tafty\">https:\/\/bialcon.pl\/balowa-sukienka-z-czarnej-tafty<\/a><\/p>\n\n\n\r\n<div class=\"product-block-container swiper mySwiperProductBlock\">\r\n    <div class=\"product-block-swiper swiper-wrapper\">\r\n                    <div class=\"swiper-slide product-block-item\" data-id=\"147693\">\r\n                <a href=\"https:\/\/bialcon.pl\/czarna-wiskozowa-sukienka-midi-na-ramiaczkach?utm_source=blog&utm_medium=wyprzedaz&utm_campaign=050123\" class=\"product-block-url\" target=\"_blank\">\r\n                    <div class=\"product-block-image\">\r\n                        <img decoding=\"async\" width=\"300\" height=\"400\" src=\"https:\/\/bialcon.pl\/picture\/czarna-wiskozowa-sukienka-midi-na-ramiaczkach_1.jpg\" alt=\"Czarna wiskozowa sukienka midi na rami\u0105czkach\">\r\n                    <\/div>\r\n                    <div class=\"product-block-name\">\r\n                        <p>Czarna wiskozowa sukienka midi na rami\u0105czkach<\/p>\r\n                    <\/div>\r\n                <\/a>\r\n            <\/div>\r\n                    <div class=\"swiper-slide product-block-item\" data-id=\"147722\">\r\n                <a href=\"https:\/\/bialcon.pl\/czarna-dzianinowa-sukienka-w-rozowe-kwiaty?utm_source=blog&utm_medium=wyprzedaz&utm_campaign=050123\" class=\"product-block-url\" target=\"_blank\">\r\n                    <div class=\"product-block-image\">\r\n                        <img decoding=\"async\" width=\"300\" height=\"400\" src=\"https:\/\/bialcon.pl\/picture\/czarna-dzianinowa-sukienka-w-rozowe-kwiaty.jpg\" alt=\"Czarna dzianinowa sukienka w r\u00f3\u017cowe kwiaty\">\r\n                    <\/div>\r\n                    <div class=\"product-block-name\">\r\n                        <p>Czarna dzianinowa sukienka w r\u00f3\u017cowe kwiaty<\/p>\r\n                    <\/div>\r\n                <\/a>\r\n            <\/div>\r\n                    <div class=\"swiper-slide product-block-item\" data-id=\"147742\">\r\n                <a href=\"https:\/\/bialcon.pl\/czarna-dzianinowa-sukienka-z-nadrukiem-czerwonej-rozy?utm_source=blog&utm_medium=wyprzedaz&utm_campaign=050123\" class=\"product-block-url\" target=\"_blank\">\r\n                    <div class=\"product-block-image\">\r\n                        <img decoding=\"async\" width=\"300\" height=\"400\" src=\"https:\/\/bialcon.pl\/picture\/czarna-dzianinowa-sukienka-z-nadrukiem-czerwonej-rozy.jpg\" alt=\"Czarna dzianinowa sukienka z nadrukiem czerwonej r\u00f3\u017cy\">\r\n                    <\/div>\r\n                    <div class=\"product-block-name\">\r\n                        <p>Czarna dzianinowa sukienka z nadrukiem czerwonej r\u00f3\u017cy<\/p>\r\n                    <\/div>\r\n                <\/a>\r\n            <\/div>\r\n            <\/div>\r\n<\/div>\r\n\n\n\n\n<h2 class=\"wp-block-heading\"><span class=\"ez-toc-section\" id=\"Sukienka_asymetryczna_wizytowa\"><\/span><strong>Sukienka asymetryczna wizytowa<\/strong><span class=\"ez-toc-section-end\"><\/span><\/h2>\n\n\n\n<p>Szmaragdowa suknia wieczorowa, kt\u00f3ra swoj\u0105 oryginalno\u015b\u0107 zawdzi\u0119cza asymetrii, jest wprost wymarzon\u0105 kreacj\u0105 na bal. Twarzowy odcie\u0144, kobiecy kr\u00f3j i elegancki pasek sprawiaj\u0105, \u017ce nie mo\u017cna przej\u015b\u0107 oboj\u0119tnie obok tej <a href=\"https:\/\/bialcon.pl\/odziez\/sukienki\/sukienki-asymetryczne\" target=\"_blank\" rel=\"noreferrer noopener\"><strong>sukienki asymetrycznej<\/strong><\/a>. Suknia pi\u0119knie uk\u0142ada si\u0119 na sylwetce, eksponuje tali\u0119 i zmys\u0142owo wygl\u0105da w ta\u0144cu. Nie potrzebujesz wyszukanych dodatk\u00f3w, by stworzy\u0107 z niej wytworn\u0105 stylizacj\u0119. Po prostu zakr\u0119\u0107 w\u0142osy w fale, na\u0142\u00f3\u017c czerwon\u0105 szmink\u0119 na usta i poczuj si\u0119 jak milion dolar\u00f3w. <a href=\"https:\/\/bialcon.pl\/dluga-wizytowa-sukienka\">https:\/\/bialcon.pl\/dluga-wizytowa-sukienka<\/a><\/p>\n\n\n\r\n<div class=\"product-block-container swiper mySwiperProductBlock\">\r\n    <div class=\"product-block-swiper swiper-wrapper\">\r\n                    <div class=\"swiper-slide product-block-item\" data-id=\"147575\">\r\n                <a href=\"https:\/\/bialcon.pl\/dluga-satynowa-sukienka-z-odkrytym-ramieniem?utm_source=blog&utm_medium=wyprzedaz&utm_campaign=050123\" class=\"product-block-url\" target=\"_blank\">\r\n                    <div class=\"product-block-image\">\r\n                        <img decoding=\"async\" width=\"300\" height=\"400\" src=\"https:\/\/bialcon.pl\/picture\/dluga-satynowa-sukienka-z-odkrytym-ramieniem_1.jpg\" alt=\"D\u0142uga satynowa sukienka z odkrytym ramieniem\">\r\n                    <\/div>\r\n                    <div class=\"product-block-name\">\r\n                        <p>D\u0142uga satynowa sukienka z odkrytym ramieniem<\/p>\r\n                    <\/div>\r\n                <\/a>\r\n            <\/div>\r\n                    <div class=\"swiper-slide product-block-item\" data-id=\"147607\">\r\n                <a href=\"https:\/\/bialcon.pl\/sukienka-z-dzianiny-bawelnianej-w-kolorze-indyjskiego-rozu?utm_source=blog&utm_medium=wyprzedaz&utm_campaign=050123\" class=\"product-block-url\" target=\"_blank\">\r\n                    <div class=\"product-block-image\">\r\n                        <img decoding=\"async\" width=\"300\" height=\"400\" src=\"https:\/\/bialcon.pl\/picture\/sukienka-z-dzianiny-bawelnianej-w-kolorze-indyjskiego-rozu_3.jpg\" alt=\"Sukienka z dzianiny bawe\u0142nianej w kolorze indyjskiego r\u00f3\u017cu\">\r\n                    <\/div>\r\n                    <div class=\"product-block-name\">\r\n                        <p>Sukienka z dzianiny bawe\u0142nianej w kolorze indyjskiego r\u00f3\u017cu<\/p>\r\n                    <\/div>\r\n                <\/a>\r\n            <\/div>\r\n                    <div class=\"swiper-slide product-block-item\" data-id=\"147633\">\r\n                <a href=\"https:\/\/bialcon.pl\/sukienka-szmizjerka-maxi-o-luznym-kroju?utm_source=blog&utm_medium=wyprzedaz&utm_campaign=050123\" class=\"product-block-url\" target=\"_blank\">\r\n                    <div class=\"product-block-image\">\r\n                        <img decoding=\"async\" width=\"300\" height=\"400\" src=\"https:\/\/bialcon.pl\/picture\/sukienka-szmizjerka-o-luznym-oversizowym-kroju_5.jpg\" alt=\"Sukienka szmizjerka maxi o lu\u017anym kroju\">\r\n                    <\/div>\r\n                    <div class=\"product-block-name\">\r\n                        <p>Sukienka szmizjerka maxi o lu\u017anym kroju<\/p>\r\n                    <\/div>\r\n                <\/a>\r\n            <\/div>\r\n            <\/div>\r\n<\/div>\r\n\n\n\n\n<h2 class=\"wp-block-heading\"><span class=\"ez-toc-section\" id=\"Jakie_dodatki_wybrac_do_kreacji_balowej\"><\/span><strong>Jakie dodatki wybra\u0107 do kreacji balowej?<\/strong><span class=\"ez-toc-section-end\"><\/span><\/h2>\n\n\n\n<p>Bal to niepowtarzalna okazja, by zaszale\u0107 z dodatkami. Mo\u017cemy si\u0119gn\u0105\u0107 po b\u0142yszcz\u0105ce szale, etole ze sztucznego futra, szale boa z pi\u00f3r oraz fiku\u015bne narycia g\u0142owy \u2013 bi\u017cuteryjne opaski, fascynatory z woalkami, kwiaty. Im bardziej skromna i prosta sukienka, tym wi\u0119cej szale\u0144stwa w dodatkach i na odwr\u00f3t \u2013 trzymaj\u0105c si\u0119 tej zasady, nie musimy si\u0119 obawia\u0107, \u017ce przesadzimy z b\u0142yskotkami.<\/p>\n","protected":false},"excerpt":{"rendered":"<p>Koniec starego i pocz\u0105tek nowego roku to okres zabaw, spotka\u0144 towarzyskich i prywatek. Przed nami karnawa\u0142, czyli czas, gdy organizowane s\u0105 liczne bale. Wyj\u0105tkowe okazje, na kt\u00f3rych chcemy wygl\u0105da\u0107 zjawiskowo i dobrze si\u0119 bawi\u0107. Sprawd\u017amy, jak wybra\u0107 idealn\u0105 kreacj\u0119 na bal. Pi\u0119knie udekorowana sala, wyborne jedzenie, muzyka na \u017cywo, toasty i ta\u0144ce \u2013 bal, to [&hellip;]<\/p>\n","protected":false},"author":10,"featured_media":7158,"comment_status":"closed","ping_status":"open","sticky":false,"template":"","format":"standard","meta":{"_acf_changed":false,"site-sidebar-layout":"default","site-content-layout":"","ast-site-content-layout":"default","site-content-style":"default","site-sidebar-style":"default","ast-global-header-display":"","ast-banner-title-visibility":"","ast-main-header-display":"","ast-hfb-above-header-display":"","ast-hfb-below-header-display":"","ast-hfb-mobile-header-display":"","site-post-title":"","ast-breadcrumbs-content":"","ast-featured-img":"","footer-sml-layout":"","theme-transparent-header-meta":"","adv-header-id-meta":"","stick-header-meta":"","header-above-stick-meta":"","header-main-stick-meta":"","header-below-stick-meta":"","astra-migrate-meta-layouts":"set","ast-page-background-enabled":"default","ast-page-background-meta":{"desktop":{"background-color":"","background-image":"","background-repeat":"repeat","background-position":"center center","background-size":"auto","background-attachment":"scroll","background-type":"","background-media":"","overlay-type":"","overlay-color":"","overlay-opacity":"","overlay-gradient":""},"tablet":{"background-color":"","background-image":"","background-repeat":"repeat","background-position":"center center","background-size":"auto","background-attachment":"scroll","background-type":"","background-media":"","overlay-type":"","overlay-color":"","overlay-opacity":"","overlay-gradient":""},"mobile":{"background-color":"","background-image":"","background-repeat":"repeat","background-position":"center center","background-size":"auto","background-attachment":"scroll","background-type":"","background-media":"","overlay-type":"","overlay-color":"","overlay-opacity":"","overlay-gradient":""}},"ast-content-background-meta":{"desktop":{"background-color":"var(--ast-global-color-5)","background-image":"","background-repeat":"repeat","background-position":"center center","background-size":"auto","background-attachment":"scroll","background-type":"","background-media":"","overlay-type":"","overlay-color":"","overlay-opacity":"","overlay-gradient":""},"tablet":{"background-color":"var(--ast-global-color-5)","background-image":"","background-repeat":"repeat","background-position":"center center","background-size":"auto","background-attachment":"scroll","background-type":"","background-media":"","overlay-type":"","overlay-color":"","overlay-opacity":"","overlay-gradient":""},"mobile":{"background-color":"var(--ast-global-color-5)","background-image":"","background-repeat":"repeat","background-position":"center center","background-size":"auto","background-attachment":"scroll","background-type":"","background-media":"","overlay-type":"","overlay-color":"","overlay-opacity":"","overlay-gradient":""}},"footnotes":""},"categories":[10,14],"tags":[],"class_list":["post-7151","post","type-post","status-publish","format-standard","has-post-thumbnail","hentry","category-porady-stylistki","category-wszystkie-wpisy"],"acf":[],"yoast_head":"<!-- This site is optimized with the Yoast SEO plugin v27.4 - https:\/\/yoast.com\/product\/yoast-seo-wordpress\/ -->\n<title>Karnawa\u0142owa moda&nbsp;cz\u0119\u015b\u0107 1: co za\u0142o\u017cy\u0107 na bal? - Bialcon<\/title>\n<meta name=\"description\" content=\"Koniec starego i pocz\u0105tek nowego roku to okres zabaw, spotka\u0144 towarzyskich i prywatek. Przed nami karnawa\u0142, czyli czas, gdy...\" \/>\n<meta name=\"robots\" content=\"index, follow, max-snippet:-1, max-image-preview:large, max-video-preview:-1\" \/>\n<link rel=\"canonical\" href=\"https:\/\/bialcon.pl\/blog\/karnawalowa-moda-czesc-1-co-zalozyc-na-bal\/\" \/>\n<meta name=\"twitter:label1\" content=\"Napisane przez\" \/>\n\t<meta name=\"twitter:data1\" content=\"Ma\u0142gorzata Brzezi\u0144ska\" \/>\n\t<meta name=\"twitter:label2\" content=\"Szacowany czas czytania\" \/>\n\t<meta name=\"twitter:data2\" content=\"5 minut\" \/>\n<script type=\"application\/ld+json\" class=\"yoast-schema-graph\">{\"@context\":\"https:\\\/\\\/schema.org\",\"@graph\":[{\"@type\":\"Article\",\"@id\":\"https:\\\/\\\/bialcon.pl\\\/blog\\\/karnawalowa-moda-czesc-1-co-zalozyc-na-bal\\\/#article\",\"isPartOf\":{\"@id\":\"https:\\\/\\\/bialcon.pl\\\/blog\\\/karnawalowa-moda-czesc-1-co-zalozyc-na-bal\\\/\"},\"author\":{\"name\":\"Ma\u0142gorzata Brzezi\u0144ska\",\"@id\":\"https:\\\/\\\/bialcon.pl\\\/blog\\\/#\\\/schema\\\/person\\\/cbbe4ae2297c5abd7376399985d5fabb\"},\"headline\":\"Karnawa\u0142owa moda&nbsp;cz\u0119\u015b\u0107 1: co za\u0142o\u017cy\u0107 na bal?\",\"datePublished\":\"2023-01-05T13:30:00+00:00\",\"dateModified\":\"2025-11-24T08:44:14+00:00\",\"mainEntityOfPage\":{\"@id\":\"https:\\\/\\\/bialcon.pl\\\/blog\\\/karnawalowa-moda-czesc-1-co-zalozyc-na-bal\\\/\"},\"wordCount\":885,\"image\":{\"@id\":\"https:\\\/\\\/bialcon.pl\\\/blog\\\/karnawalowa-moda-czesc-1-co-zalozyc-na-bal\\\/#primaryimage\"},\"thumbnailUrl\":\"https:\\\/\\\/bialcon.pl\\\/blog\\\/wp-content\\\/uploads\\\/2023\\\/01\\\/Projekt-bez-tytulu.jpg\",\"articleSection\":[\"Porady Stylistki\",\"Wszystkie wpisy\"],\"inLanguage\":\"pl-PL\"},{\"@type\":\"WebPage\",\"@id\":\"https:\\\/\\\/bialcon.pl\\\/blog\\\/karnawalowa-moda-czesc-1-co-zalozyc-na-bal\\\/\",\"url\":\"https:\\\/\\\/bialcon.pl\\\/blog\\\/karnawalowa-moda-czesc-1-co-zalozyc-na-bal\\\/\",\"name\":\"Karnawa\u0142owa moda&nbsp;cz\u0119\u015b\u0107 1: co za\u0142o\u017cy\u0107 na bal? - Bialcon\",\"isPartOf\":{\"@id\":\"https:\\\/\\\/bialcon.pl\\\/blog\\\/#website\"},\"primaryImageOfPage\":{\"@id\":\"https:\\\/\\\/bialcon.pl\\\/blog\\\/karnawalowa-moda-czesc-1-co-zalozyc-na-bal\\\/#primaryimage\"},\"image\":{\"@id\":\"https:\\\/\\\/bialcon.pl\\\/blog\\\/karnawalowa-moda-czesc-1-co-zalozyc-na-bal\\\/#primaryimage\"},\"thumbnailUrl\":\"https:\\\/\\\/bialcon.pl\\\/blog\\\/wp-content\\\/uploads\\\/2023\\\/01\\\/Projekt-bez-tytulu.jpg\",\"datePublished\":\"2023-01-05T13:30:00+00:00\",\"dateModified\":\"2025-11-24T08:44:14+00:00\",\"author\":{\"@id\":\"https:\\\/\\\/bialcon.pl\\\/blog\\\/#\\\/schema\\\/person\\\/cbbe4ae2297c5abd7376399985d5fabb\"},\"description\":\"Koniec starego i pocz\u0105tek nowego roku to okres zabaw, spotka\u0144 towarzyskich i prywatek. Przed nami karnawa\u0142, czyli czas, gdy...\",\"breadcrumb\":{\"@id\":\"https:\\\/\\\/bialcon.pl\\\/blog\\\/karnawalowa-moda-czesc-1-co-zalozyc-na-bal\\\/#breadcrumb\"},\"inLanguage\":\"pl-PL\",\"potentialAction\":[{\"@type\":\"ReadAction\",\"target\":[\"https:\\\/\\\/bialcon.pl\\\/blog\\\/karnawalowa-moda-czesc-1-co-zalozyc-na-bal\\\/\"]}]},{\"@type\":\"ImageObject\",\"inLanguage\":\"pl-PL\",\"@id\":\"https:\\\/\\\/bialcon.pl\\\/blog\\\/karnawalowa-moda-czesc-1-co-zalozyc-na-bal\\\/#primaryimage\",\"url\":\"https:\\\/\\\/bialcon.pl\\\/blog\\\/wp-content\\\/uploads\\\/2023\\\/01\\\/Projekt-bez-tytulu.jpg\",\"contentUrl\":\"https:\\\/\\\/bialcon.pl\\\/blog\\\/wp-content\\\/uploads\\\/2023\\\/01\\\/Projekt-bez-tytulu.jpg\",\"width\":960,\"height\":850,\"caption\":\"Wizualizacja kobiety w d\u0142ugiej czarnej sukience kopertowej z rozci\u0119ciem i rozszerzanymi r\u0119kawami\"},{\"@type\":\"BreadcrumbList\",\"@id\":\"https:\\\/\\\/bialcon.pl\\\/blog\\\/karnawalowa-moda-czesc-1-co-zalozyc-na-bal\\\/#breadcrumb\",\"itemListElement\":[{\"@type\":\"ListItem\",\"position\":1,\"name\":\"Strona g\u0142\u00f3wna\",\"item\":\"https:\\\/\\\/bialcon.pl\\\/blog\\\/\"},{\"@type\":\"ListItem\",\"position\":2,\"name\":\"Porady Stylistki\",\"item\":\"https:\\\/\\\/bialcon.pl\\\/blog\\\/porady-stylistki\\\/\"},{\"@type\":\"ListItem\",\"position\":3,\"name\":\"Karnawa\u0142owa moda&nbsp;cz\u0119\u015b\u0107 1: co za\u0142o\u017cy\u0107 na bal?\"}]},{\"@type\":\"WebSite\",\"@id\":\"https:\\\/\\\/bialcon.pl\\\/blog\\\/#website\",\"url\":\"https:\\\/\\\/bialcon.pl\\\/blog\\\/\",\"name\":\"bialcon.pl\\\/blog\\\/\",\"description\":\"Fashion Blog w zasi\u0119gu Twojej r\u0119ki\",\"potentialAction\":[{\"@type\":\"SearchAction\",\"target\":{\"@type\":\"EntryPoint\",\"urlTemplate\":\"https:\\\/\\\/bialcon.pl\\\/blog\\\/?s={search_term_string}\"},\"query-input\":{\"@type\":\"PropertyValueSpecification\",\"valueRequired\":true,\"valueName\":\"search_term_string\"}}],\"inLanguage\":\"pl-PL\"},{\"@type\":\"Person\",\"@id\":\"https:\\\/\\\/bialcon.pl\\\/blog\\\/#\\\/schema\\\/person\\\/cbbe4ae2297c5abd7376399985d5fabb\",\"name\":\"Ma\u0142gorzata Brzezi\u0144ska\",\"image\":{\"@type\":\"ImageObject\",\"inLanguage\":\"pl-PL\",\"@id\":\"https:\\\/\\\/secure.gravatar.com\\\/avatar\\\/3fc4a4cdba63586f503a5c5711e9b04d01ab1234b186b03e727ad902b6f4912d?s=96&d=mm&r=g\",\"url\":\"https:\\\/\\\/secure.gravatar.com\\\/avatar\\\/3fc4a4cdba63586f503a5c5711e9b04d01ab1234b186b03e727ad902b6f4912d?s=96&d=mm&r=g\",\"contentUrl\":\"https:\\\/\\\/secure.gravatar.com\\\/avatar\\\/3fc4a4cdba63586f503a5c5711e9b04d01ab1234b186b03e727ad902b6f4912d?s=96&d=mm&r=g\",\"caption\":\"Ma\u0142gorzata Brzezi\u0144ska\"},\"description\":\"Autorka tre\u015bci z zakresu mody, urody i stylu \u017cycia. Tworzy artyku\u0142y i poradniki oparte na analizie trend\u00f3w oraz potrzeb u\u017cytkownik\u00f3w, \u0142\u0105cz\u0105c wiedz\u0119 z zakresu komunikacji marketingowej i praktyki contentowej. Specjalizuje si\u0119 w bran\u017cach fashion, beauty &amp; health oraz gourmet food, przygotowuj\u0105c tre\u015bci dopasowane do realnych sytuacji i wybor\u00f3w konsumenckich. Na co dzie\u0144 zajmuje si\u0119 r\u00f3wnie\u017c content marketingiem i SEO.\",\"sameAs\":[\"https:\\\/\\\/www.linkedin.com\\\/in\\\/gosia-brzezinska-827052b4\\\/\"],\"url\":\"https:\\\/\\\/bialcon.pl\\\/blog\\\/author\\\/brzezinska\\\/\"}]}<\/script>\n<!-- \/ Yoast SEO plugin. -->","yoast_head_json":{"title":"Karnawa\u0142owa moda&nbsp;cz\u0119\u015b\u0107 1: co za\u0142o\u017cy\u0107 na bal? - Bialcon","description":"Koniec starego i pocz\u0105tek nowego roku to okres zabaw, spotka\u0144 towarzyskich i prywatek. Przed nami karnawa\u0142, czyli czas, gdy...","robots":{"index":"index","follow":"follow","max-snippet":"max-snippet:-1","max-image-preview":"max-image-preview:large","max-video-preview":"max-video-preview:-1"},"canonical":"https:\/\/bialcon.pl\/blog\/karnawalowa-moda-czesc-1-co-zalozyc-na-bal\/","twitter_misc":{"Napisane przez":"Ma\u0142gorzata Brzezi\u0144ska","Szacowany czas czytania":"5 minut"},"schema":{"@context":"https:\/\/schema.org","@graph":[{"@type":"Article","@id":"https:\/\/bialcon.pl\/blog\/karnawalowa-moda-czesc-1-co-zalozyc-na-bal\/#article","isPartOf":{"@id":"https:\/\/bialcon.pl\/blog\/karnawalowa-moda-czesc-1-co-zalozyc-na-bal\/"},"author":{"name":"Ma\u0142gorzata Brzezi\u0144ska","@id":"https:\/\/bialcon.pl\/blog\/#\/schema\/person\/cbbe4ae2297c5abd7376399985d5fabb"},"headline":"Karnawa\u0142owa moda&nbsp;cz\u0119\u015b\u0107 1: co za\u0142o\u017cy\u0107 na bal?","datePublished":"2023-01-05T13:30:00+00:00","dateModified":"2025-11-24T08:44:14+00:00","mainEntityOfPage":{"@id":"https:\/\/bialcon.pl\/blog\/karnawalowa-moda-czesc-1-co-zalozyc-na-bal\/"},"wordCount":885,"image":{"@id":"https:\/\/bialcon.pl\/blog\/karnawalowa-moda-czesc-1-co-zalozyc-na-bal\/#primaryimage"},"thumbnailUrl":"https:\/\/bialcon.pl\/blog\/wp-content\/uploads\/2023\/01\/Projekt-bez-tytulu.jpg","articleSection":["Porady Stylistki","Wszystkie wpisy"],"inLanguage":"pl-PL"},{"@type":"WebPage","@id":"https:\/\/bialcon.pl\/blog\/karnawalowa-moda-czesc-1-co-zalozyc-na-bal\/","url":"https:\/\/bialcon.pl\/blog\/karnawalowa-moda-czesc-1-co-zalozyc-na-bal\/","name":"Karnawa\u0142owa moda&nbsp;cz\u0119\u015b\u0107 1: co za\u0142o\u017cy\u0107 na bal? - Bialcon","isPartOf":{"@id":"https:\/\/bialcon.pl\/blog\/#website"},"primaryImageOfPage":{"@id":"https:\/\/bialcon.pl\/blog\/karnawalowa-moda-czesc-1-co-zalozyc-na-bal\/#primaryimage"},"image":{"@id":"https:\/\/bialcon.pl\/blog\/karnawalowa-moda-czesc-1-co-zalozyc-na-bal\/#primaryimage"},"thumbnailUrl":"https:\/\/bialcon.pl\/blog\/wp-content\/uploads\/2023\/01\/Projekt-bez-tytulu.jpg","datePublished":"2023-01-05T13:30:00+00:00","dateModified":"2025-11-24T08:44:14+00:00","author":{"@id":"https:\/\/bialcon.pl\/blog\/#\/schema\/person\/cbbe4ae2297c5abd7376399985d5fabb"},"description":"Koniec starego i pocz\u0105tek nowego roku to okres zabaw, spotka\u0144 towarzyskich i prywatek. Przed nami karnawa\u0142, czyli czas, gdy...","breadcrumb":{"@id":"https:\/\/bialcon.pl\/blog\/karnawalowa-moda-czesc-1-co-zalozyc-na-bal\/#breadcrumb"},"inLanguage":"pl-PL","potentialAction":[{"@type":"ReadAction","target":["https:\/\/bialcon.pl\/blog\/karnawalowa-moda-czesc-1-co-zalozyc-na-bal\/"]}]},{"@type":"ImageObject","inLanguage":"pl-PL","@id":"https:\/\/bialcon.pl\/blog\/karnawalowa-moda-czesc-1-co-zalozyc-na-bal\/#primaryimage","url":"https:\/\/bialcon.pl\/blog\/wp-content\/uploads\/2023\/01\/Projekt-bez-tytulu.jpg","contentUrl":"https:\/\/bialcon.pl\/blog\/wp-content\/uploads\/2023\/01\/Projekt-bez-tytulu.jpg","width":960,"height":850,"caption":"Wizualizacja kobiety w d\u0142ugiej czarnej sukience kopertowej z rozci\u0119ciem i rozszerzanymi r\u0119kawami"},{"@type":"BreadcrumbList","@id":"https:\/\/bialcon.pl\/blog\/karnawalowa-moda-czesc-1-co-zalozyc-na-bal\/#breadcrumb","itemListElement":[{"@type":"ListItem","position":1,"name":"Strona g\u0142\u00f3wna","item":"https:\/\/bialcon.pl\/blog\/"},{"@type":"ListItem","position":2,"name":"Porady Stylistki","item":"https:\/\/bialcon.pl\/blog\/porady-stylistki\/"},{"@type":"ListItem","position":3,"name":"Karnawa\u0142owa moda&nbsp;cz\u0119\u015b\u0107 1: co za\u0142o\u017cy\u0107 na bal?"}]},{"@type":"WebSite","@id":"https:\/\/bialcon.pl\/blog\/#website","url":"https:\/\/bialcon.pl\/blog\/","name":"bialcon.pl\/blog\/","description":"Fashion Blog w zasi\u0119gu Twojej r\u0119ki","potentialAction":[{"@type":"SearchAction","target":{"@type":"EntryPoint","urlTemplate":"https:\/\/bialcon.pl\/blog\/?s={search_term_string}"},"query-input":{"@type":"PropertyValueSpecification","valueRequired":true,"valueName":"search_term_string"}}],"inLanguage":"pl-PL"},{"@type":"Person","@id":"https:\/\/bialcon.pl\/blog\/#\/schema\/person\/cbbe4ae2297c5abd7376399985d5fabb","name":"Ma\u0142gorzata Brzezi\u0144ska","image":{"@type":"ImageObject","inLanguage":"pl-PL","@id":"https:\/\/secure.gravatar.com\/avatar\/3fc4a4cdba63586f503a5c5711e9b04d01ab1234b186b03e727ad902b6f4912d?s=96&d=mm&r=g","url":"https:\/\/secure.gravatar.com\/avatar\/3fc4a4cdba63586f503a5c5711e9b04d01ab1234b186b03e727ad902b6f4912d?s=96&d=mm&r=g","contentUrl":"https:\/\/secure.gravatar.com\/avatar\/3fc4a4cdba63586f503a5c5711e9b04d01ab1234b186b03e727ad902b6f4912d?s=96&d=mm&r=g","caption":"Ma\u0142gorzata Brzezi\u0144ska"},"description":"Autorka tre\u015bci z zakresu mody, urody i stylu \u017cycia. Tworzy artyku\u0142y i poradniki oparte na analizie trend\u00f3w oraz potrzeb u\u017cytkownik\u00f3w, \u0142\u0105cz\u0105c wiedz\u0119 z zakresu komunikacji marketingowej i praktyki contentowej. Specjalizuje si\u0119 w bran\u017cach fashion, beauty &amp; health oraz gourmet food, przygotowuj\u0105c tre\u015bci dopasowane do realnych sytuacji i wybor\u00f3w konsumenckich. Na co dzie\u0144 zajmuje si\u0119 r\u00f3wnie\u017c content marketingiem i SEO.","sameAs":["https:\/\/www.linkedin.com\/in\/gosia-brzezinska-827052b4\/"],"url":"https:\/\/bialcon.pl\/blog\/author\/brzezinska\/"}]}},"_links":{"self":[{"href":"https:\/\/bialcon.pl\/blog\/wp-json\/wp\/v2\/posts\/7151","targetHints":{"allow":["GET"]}}],"collection":[{"href":"https:\/\/bialcon.pl\/blog\/wp-json\/wp\/v2\/posts"}],"about":[{"href":"https:\/\/bialcon.pl\/blog\/wp-json\/wp\/v2\/types\/post"}],"author":[{"embeddable":true,"href":"https:\/\/bialcon.pl\/blog\/wp-json\/wp\/v2\/users\/10"}],"replies":[{"embeddable":true,"href":"https:\/\/bialcon.pl\/blog\/wp-json\/wp\/v2\/comments?post=7151"}],"version-history":[{"count":9,"href":"https:\/\/bialcon.pl\/blog\/wp-json\/wp\/v2\/posts\/7151\/revisions"}],"predecessor-version":[{"id":11556,"href":"https:\/\/bialcon.pl\/blog\/wp-json\/wp\/v2\/posts\/7151\/revisions\/11556"}],"wp:featuredmedia":[{"embeddable":true,"href":"https:\/\/bialcon.pl\/blog\/wp-json\/wp\/v2\/media\/7158"}],"wp:attachment":[{"href":"https:\/\/bialcon.pl\/blog\/wp-json\/wp\/v2\/media?parent=7151"}],"wp:term":[{"taxonomy":"category","embeddable":true,"href":"https:\/\/bialcon.pl\/blog\/wp-json\/wp\/v2\/categories?post=7151"},{"taxonomy":"post_tag","embeddable":true,"href":"https:\/\/bialcon.pl\/blog\/wp-json\/wp\/v2\/tags?post=7151"}],"curies":[{"name":"wp","href":"https:\/\/api.w.org\/{rel}","templated":true}]}}