{"id":7068,"date":"2022-12-22T10:00:00","date_gmt":"2022-12-22T09:00:00","guid":{"rendered":"https:\/\/bialcon.pl\/blog\/?p=7068"},"modified":"2025-11-24T09:42:24","modified_gmt":"2025-11-24T08:42:24","slug":"kurtki-puchowe-wrocily-do-lask-jak-przelamac-ich-sportowy-ton","status":"publish","type":"post","link":"https:\/\/bialcon.pl\/blog\/kurtki-puchowe-wrocily-do-lask-jak-przelamac-ich-sportowy-ton\/","title":{"rendered":"Kurtki puchowe wr\u00f3ci\u0142y do \u0142ask \u2013 jak prze\u0142ama\u0107 ich sportowy ton?"},"content":{"rendered":"<div id=\"ez-toc-container\" class=\"ez-toc-v2_0_82_2 counter-hierarchy ez-toc-counter ez-toc-custom ez-toc-container-direction\">\n<div class=\"ez-toc-title-container\"><p class=\"ez-toc-title\" style=\"cursor:inherit\">Spis Tre\u015bci<\/p>\n<\/div><nav><ul class='ez-toc-list ez-toc-list-level-1 ' ><li class='ez-toc-page-1 ez-toc-heading-level-2'><a class=\"ez-toc-link ez-toc-heading-1\" href=\"https:\/\/bialcon.pl\/blog\/kurtki-puchowe-wrocily-do-lask-jak-przelamac-ich-sportowy-ton\/#Jak_wybrac_elegancka_kurtke_puchowa_damska\" >Jak wybra\u0107 eleganck\u0105 kurtk\u0119 puchow\u0105 damsk\u0105?<\/a><\/li><li class='ez-toc-page-1 ez-toc-heading-level-2'><a class=\"ez-toc-link ez-toc-heading-2\" href=\"https:\/\/bialcon.pl\/blog\/kurtki-puchowe-wrocily-do-lask-jak-przelamac-ich-sportowy-ton\/#Kurtka_puchowa_damska_w_odcieniu_szmaragdowym\" >Kurtka puchowa damska w odcieniu szmaragdowym<\/a><\/li><li class='ez-toc-page-1 ez-toc-heading-level-2'><a class=\"ez-toc-link ez-toc-heading-3\" href=\"https:\/\/bialcon.pl\/blog\/kurtki-puchowe-wrocily-do-lask-jak-przelamac-ich-sportowy-ton\/#Kurtka_puchowa_z_futrzanym_kapturem\" >Kurtka puchowa z futrzanym kapturem<\/a><\/li><li class='ez-toc-page-1 ez-toc-heading-level-2'><a class=\"ez-toc-link ez-toc-heading-4\" href=\"https:\/\/bialcon.pl\/blog\/kurtki-puchowe-wrocily-do-lask-jak-przelamac-ich-sportowy-ton\/#Pikowany_plaszcz_puchowy_damski\" >Pikowany p\u0142aszcz puchowy damski<\/a><\/li><li class='ez-toc-page-1 ez-toc-heading-level-2'><a class=\"ez-toc-link ez-toc-heading-5\" href=\"https:\/\/bialcon.pl\/blog\/kurtki-puchowe-wrocily-do-lask-jak-przelamac-ich-sportowy-ton\/#Puchowy_plaszcz_damski_o_trapezowym_kroju\" >Puchowy p\u0142aszcz damski o trapezowym kroju<\/a><\/li><\/ul><\/nav><\/div>\n\n<p><strong>Kurtka puchowa damska przyjemnie otula i chroni nas przed zimnem nawet w najbardziej mro\u017ane dni. Dzi\u0119ki puch\u00f3wkom nie musimy rezygnowa\u0107 ze spacer\u00f3w, nawet gdy temperatura spada do zera. S\u0105 bardzo wygodne w noszeniu, lecz kojarz\u0105 si\u0119 raczej ze stylem sportowym. Sprawd\u017amy wi\u0119c, jak mo\u017cna wygl\u0105da\u0107 elegancko w kurtce puchowej?<\/strong><\/p>\n\n\n\n<p>Kupuj\u0105c <a href=\"https:\/\/bialcon.pl\/odziez\/kurtki-damskie\/kurtki-puchowe-damskie\" target=\"_blank\" rel=\"noreferrer noopener\"><strong>kurtk\u0119 puchow\u0105 damsk\u0105<\/strong><\/a> warto zwr\u00f3ci\u0107 uwag\u0119 na jako\u015b\u0107. Bardziej op\u0142aca si\u0119 zainwestowa\u0107 w porz\u0105dn\u0105 puch\u00f3wk\u0119 uszyt\u0105 z dobrego materia\u0142u i wype\u0142nion\u0105 pierzem naturalnym (najlepsze g\u0119sie lub kacze) lub jako\u015bciowym syntetycznym (tak\u0105 opcj\u0119 wybieraj\u0105 osoby, kt\u00f3re nie stosuj\u0105 \u017cadnych materia\u0142\u00f3w i sk\u0142adnik\u00f3w pochodzenia zwierz\u0119cego). O praktycznych zaletach noszenia puch\u00f3wek nie trzeba przekonywa\u0107 nikogo, kto ju\u017c cho\u0107 raz j\u0105 za\u0142o\u017cy\u0142. W\u0105tpliwo\u015bci mo\u017ce budzi\u0107 jednak to, czy w takiej kurtce mo\u017cna wygl\u0105da\u0107 elegancko, bo czasami budzi skojarzenia z oversizowym, bezkszta\u0142tnym workiem, kt\u00f3ry sprawia, \u017ce wygl\u0105damy masywnie i zaburza proporcje sylwetki.<\/p>\n\n\n\r\n<div class=\"product-block-container swiper mySwiperProductBlock\">\r\n    <div class=\"product-block-swiper swiper-wrapper\">\r\n                    <div class=\"swiper-slide product-block-item\" data-id=\"147041\">\r\n                <a href=\"https:\/\/bialcon.pl\/puchowa-wygodna-kurtka-z-kapturem-i-futerkiem?utm_source=blog&utm_medium=wyprzedaz&utm_campaign=221222\" class=\"product-block-url\" target=\"_blank\">\r\n                    <div class=\"product-block-image\">\r\n                        <img decoding=\"async\" width=\"300\" height=\"400\" src=\"https:\/\/bialcon.pl\/picture\/kurtka-blh-254152-fxr-ecru.png\" alt=\"Puchowa wygodna kurtka z kapturem i futerkiem\">\r\n                    <\/div>\r\n                    <div class=\"product-block-name\">\r\n                        <p>Puchowa wygodna kurtka z kapturem i futerkiem<\/p>\r\n                    <\/div>\r\n                <\/a>\r\n            <\/div>\r\n                    <div class=\"swiper-slide product-block-item\" data-id=\"147043\">\r\n                <a href=\"https:\/\/bialcon.pl\/puchowa-dluga-kurtka-w-kolorze-cappuccino?utm_source=blog&utm_medium=wyprzedaz&utm_campaign=221222\" class=\"product-block-url\" target=\"_blank\">\r\n                    <div class=\"product-block-image\">\r\n                        <img decoding=\"async\" width=\"300\" height=\"400\" src=\"https:\/\/bialcon.pl\/picture\/kurtka-blh-251050-fxr-braz_1.png\" alt=\"Puchowa d\u0142uga kurtka w kolorze cappuccino\">\r\n                    <\/div>\r\n                    <div class=\"product-block-name\">\r\n                        <p>Puchowa d\u0142uga kurtka w kolorze cappuccino<\/p>\r\n                    <\/div>\r\n                <\/a>\r\n            <\/div>\r\n                    <div class=\"swiper-slide product-block-item\" data-id=\"147044\">\r\n                <a href=\"https:\/\/bialcon.pl\/czarna-krotka-kurtka-z-naturalnym-wypelnieniem?utm_source=blog&utm_medium=wyprzedaz&utm_campaign=221222\" class=\"product-block-url\" target=\"_blank\">\r\n                    <div class=\"product-block-image\">\r\n                        <img decoding=\"async\" width=\"300\" height=\"400\" src=\"https:\/\/bialcon.pl\/picture\/kurtka-blh-252517-fxr-czarny.png\" alt=\"Czarna kr\u00f3tka kurtka z naturalnym wype\u0142nieniem\">\r\n                    <\/div>\r\n                    <div class=\"product-block-name\">\r\n                        <p>Czarna kr\u00f3tka kurtka z naturalnym wype\u0142nieniem<\/p>\r\n                    <\/div>\r\n                <\/a>\r\n            <\/div>\r\n            <\/div>\r\n<\/div>\r\n\n\n\n\n<h2 class=\"wp-block-heading\"><span class=\"ez-toc-section\" id=\"Jak_wybrac_elegancka_kurtke_puchowa_damska\"><\/span><strong>Jak wybra\u0107 eleganck\u0105 kurtk\u0119 puchow\u0105 damsk\u0105?<\/strong><span class=\"ez-toc-section-end\"><\/span><\/h2>\n\n\n\n<p>Na rynku mamy ogromny wyb\u00f3r <strong><a href=\"https:\/\/bialcon.pl\/odziez\/kurtki-damskie\/kurtki-puchowe-damskie\" target=\"_blank\" rel=\"noreferrer noopener\">kurtek puchowych damskich<\/a><\/strong> i bez problemu znajdziemy modele bardziej subtelne, l\u017cejsze i ozdobione stylowymi detalami. Je\u015bli zale\u017cy nam na elegancji, wybierzmy puch\u00f3wk\u0119 bardziej cienk\u0105, pikowan\u0105, taliowan\u0105. Wytworno\u015bci doda jej elegancki pasek lub wyk\u0142adany ko\u0142nierz. Futrzane obszycie wok\u00f3\u0142 mankiet\u00f3w lub przy kapturze to tak\u017ce pi\u0119kny detal, kt\u00f3ry prze\u0142amuje sportowy charakter kurtki. Odpowiednio dobrany do naszego typu urody twarzowy kolor to kolejny aspekt, kt\u00f3ry warto rozwa\u017cy\u0107, je\u015bli chcemy wygl\u0105da\u0107 gustownie. Lepiej unika\u0107 barw neonowych \u2013 jaskrawych zieleni, r\u00f3\u017cu, \u017c\u00f3\u0142ci.<\/p>\n\n\n\n<p>\u015awietnym pomys\u0142em na elegancki zimowy look jest <a href=\"https:\/\/bialcon.pl\/odziez\/plaszcze-damskie\/plaszcze-puchowe\" target=\"_blank\" rel=\"noreferrer noopener\"><strong>p\u0142aszcz puchowy damski<\/strong><\/a>. Ten str\u00f3j idealnie \u0142\u0105czy zalety puch\u00f3wki i trenczu, czyli jest wygodny w noszeniu, ciep\u0142y a przy tym wygl\u0105da bardziej stylowo ni\u017c puch\u00f3wka. Na szczeg\u00f3ln\u0105 uwag\u0119 zas\u0142uguj\u0105 modele pikowane z wi\u0105zaniem w talii.<\/p>\n\n\n\n<h2 class=\"wp-block-heading\"><span class=\"ez-toc-section\" id=\"Kurtka_puchowa_damska_w_odcieniu_szmaragdowym\"><\/span><strong>Kurtka puchowa damska w odcieniu szmaragdowym<\/strong><span class=\"ez-toc-section-end\"><\/span><\/h2>\n\n\n\n<p>Kolor szmaragdowy to szlachetny odcie\u0144 ch\u0142odnej zieleni, je\u015bli szukamy bardziej eleganckiej puch\u00f3wki, ten wyb\u00f3r spe\u0142ni nasze oczekiwania. Z pewno\u015bci\u0105 wyr\u00f3\u017cnimy si\u0119 z t\u0142umu, gdy\u017c zimowa garderoba przewa\u017cnie utrzymana jest w ciemnej, stonowanej kolorystyce. Delikatnie taliowany fason oraz modne przeszycia to kolejne atuty tej <a href=\"https:\/\/bialcon.pl\/odziez\/kurtki-damskie\/kurtki-puchowe-damskie\" target=\"_blank\" rel=\"noreferrer noopener\"><strong>kurtki puchowej damskiej<\/strong><\/a>, dzi\u0119ki kt\u00f3rym wydaje si\u0119 optycznie l\u017cejsza i bardziej zgrabna. D\u0142ugo\u015b\u0107 do po\u0142owy uda zapewni nam ciep\u0142o i komfort noszenia. Puch\u00f3wk\u0119 mo\u017cemy zestawi\u0107 z eleganckim szalem, w\u0105skimi spodniami i d\u0142ugimi zamszowymi lub sk\u00f3rzanymi kozakami. <a href=\"https:\/\/bialcon.pl\/szmaragdowa-kurtka-z-lekkim-ociepleniem\">Szmaragdowa kurtka z lekkim ociepleniem | Bialcon.pl<\/a><\/p>\n\n\n\n<h2 class=\"wp-block-heading\"><span class=\"ez-toc-section\" id=\"Kurtka_puchowa_z_futrzanym_kapturem\"><\/span><strong>Kurtka puchowa z futrzanym kapturem<\/strong><span class=\"ez-toc-section-end\"><\/span><\/h2>\n\n\n\n<p>Futrzane zdobienia sprawiaj\u0105, \u017ce nawet zwyk\u0142a puch\u00f3wka nabiera elegancji. W przypadku tego modelu mamy jeszcze wi\u0119cej stylowych detali \u2013 \u015bci\u0105gane mankiety, soczysty odcie\u0144 czerwieni, nieregularne przeszycia. Dzi\u0119ki temu, \u017ce talia jest wyra\u017aniej zaakcentowana, sylwetka nie b\u0119dzie w tej <a href=\"https:\/\/bialcon.pl\/odziez\/kurtki-damskie\/kurtki-puchowe-damskie\" target=\"_blank\" rel=\"noreferrer noopener\"><strong>kurtce zimowej damskiej<\/strong><\/a> wygl\u0105da\u0142a masywnie. Malinowa puch\u00f3wka zapewni nam ciep\u0142o oraz elegancki wygl\u0105d nawet w te dni, gdy z uwagi na pogod\u0119, nie mamy ochoty wyj\u015b\u0107 z domu. <a href=\"https:\/\/bialcon.pl\/kurtka-z-kapturem-w-kolorze-czerwieni\">https:\/\/bialcon.pl\/kurtka-z-kapturem-w-kolorze-czerwieni<\/a><\/p>\n\n\n\n<h2 class=\"wp-block-heading\"><span class=\"ez-toc-section\" id=\"Pikowany_plaszcz_puchowy_damski\"><\/span><strong>Pikowany p\u0142aszcz puchowy damski<\/strong><span class=\"ez-toc-section-end\"><\/span><\/h2>\n\n\n\n<p>Fason, kt\u00f3ry idealnie odzwierciedla klasyczny trencz, stylowo wyk\u0142adany ko\u0142nierz, wi\u0105zanie w pasie to najwi\u0119ksze atuty tego modelu. W takim <a href=\"https:\/\/bialcon.pl\/odziez\/plaszcze-damskie\/plaszcze-puchowe\" target=\"_blank\" rel=\"noreferrer noopener\"><strong>p\u0142aszczu puchowym damskim<\/strong><\/a> b\u0119dziemy wygl\u0105da\u0107 i czu\u0107 si\u0119 elegancko. Pikowany materia\u0142 oraz dwa rz\u0119dy guzik\u00f3w jeszcze podkre\u015blaj\u0105 stylowy charakter tego stroju. Na uwag\u0119 zas\u0142uguje te\u017c subtelny odcie\u0144 szaro\u015bci \u2013 \u015bwietna alternatywa dla klasycznej czerni. Ten p\u0142aszcz stanowi wysmakowane po\u0142\u0105czenie elegancji i wygody, zaspokoi wi\u0119c nawet najbardziej wyg\u00f3rowane oczekiwania. Dobierz do niego stylowe botki lub d\u0142ugie kozaki i poka\u017c wszystkim, \u017ce nawet zim\u0105 mo\u017cna wygl\u0105da\u0107 modnie i z klas\u0105. <a href=\"https:\/\/bialcon.pl\/dwurzedowy-pikowany-plaszcz\">https:\/\/bialcon.pl\/dwurzedowy-pikowany-plaszcz<\/a><\/p>\n\n\n\r\n<div class=\"product-block-container swiper mySwiperProductBlock\">\r\n    <div class=\"product-block-swiper swiper-wrapper\">\r\n                    <div class=\"swiper-slide product-block-item\" data-id=\"147072\">\r\n                <a href=\"https:\/\/bialcon.pl\/zimowa-stalowa-kurtka-za-kolano-z-naturalnym-ociepleniem?utm_source=blog&utm_medium=wyprzedaz&utm_campaign=221222\" class=\"product-block-url\" target=\"_blank\">\r\n                    <div class=\"product-block-image\">\r\n                        <img decoding=\"async\" width=\"300\" height=\"400\" src=\"https:\/\/bialcon.pl\/picture\/kurtka-blh-251037-fx-niebieski.png\" alt=\"Zimowa stalowa kurtka za kolano z naturalnym ociepleniem\">\r\n                    <\/div>\r\n                    <div class=\"product-block-name\">\r\n                        <p>Zimowa stalowa kurtka za kolano z naturalnym ociepleniem<\/p>\r\n                    <\/div>\r\n                <\/a>\r\n            <\/div>\r\n                    <div class=\"swiper-slide product-block-item\" data-id=\"147075\">\r\n                <a href=\"https:\/\/bialcon.pl\/prosta-funkcjonalna-kurtka-zimowa-w-kolorze-czarnym?utm_source=blog&utm_medium=wyprzedaz&utm_campaign=221222\" class=\"product-block-url\" target=\"_blank\">\r\n                    <div class=\"product-block-image\">\r\n                        <img decoding=\"async\" width=\"300\" height=\"400\" src=\"https:\/\/bialcon.pl\/picture\/kurtka-blh-251010-f-czarny.png\" alt=\"Prosta funkcjonalna kurtka zimowa w kolorze czarnym\">\r\n                    <\/div>\r\n                    <div class=\"product-block-name\">\r\n                        <p>Prosta funkcjonalna kurtka zimowa w kolorze czarnym<\/p>\r\n                    <\/div>\r\n                <\/a>\r\n            <\/div>\r\n                    <div class=\"swiper-slide product-block-item\" data-id=\"147076\">\r\n                <a href=\"https:\/\/bialcon.pl\/prosta-funkcjonalna-kurtka-zimowa-w-kolorze-khaki?utm_source=blog&utm_medium=wyprzedaz&utm_campaign=221222\" class=\"product-block-url\" target=\"_blank\">\r\n                    <div class=\"product-block-image\">\r\n                        <img decoding=\"async\" width=\"300\" height=\"400\" src=\"https:\/\/bialcon.pl\/picture\/kurtka-blh-251010-f-khaki_6.png\" alt=\"Prosta funkcjonalna kurtka zimowa w kolorze khaki\">\r\n                    <\/div>\r\n                    <div class=\"product-block-name\">\r\n                        <p>Prosta funkcjonalna kurtka zimowa w kolorze khaki<\/p>\r\n                    <\/div>\r\n                <\/a>\r\n            <\/div>\r\n            <\/div>\r\n<\/div>\r\n\n\n\n\n<h2 class=\"wp-block-heading\"><span class=\"ez-toc-section\" id=\"Puchowy_plaszcz_damski_o_trapezowym_kroju\"><\/span><strong>Puchowy p\u0142aszcz damski o trapezowym kroju<\/strong><span class=\"ez-toc-section-end\"><\/span><\/h2>\n\n\n\n<p>Trapezowy kr\u00f3j sprawia, \u017ce p\u0142aszcz wygl\u0105da bardzo zgrabnie i nieco przypomina sukienk\u0119. Lekko modeluje sylwetk\u0119 i podkre\u015bla tali\u0119. Efektowne, sko\u015bne przeszycia zapewniaj\u0105 efekt optycznego wyszczuplenia, wi\u0119c nie nale\u017cy si\u0119 obawia\u0107, \u017ce w tym <a href=\"https:\/\/bialcon.pl\/odziez\/plaszcze-damskie\/plaszcze-puchowe\" target=\"_blank\" rel=\"noreferrer noopener\"><strong>puchowym p\u0142aszczu damskim<\/strong><\/a> b\u0119dziemy wygl\u0105da\u0107 masywnie. Wi\u0105zanie w formie kokardki to kolejny efektowny detal, kt\u00f3ry dodaje uroku. Na uwag\u0119 zas\u0142uguje te\u017c pi\u0119kny stalowy odcie\u0144 szaro\u015bci gdy\u017c \u015bwietne komponuje si\u0119 z po\u0142yskuj\u0105c\u0105 tkanin\u0105. P\u0142aszcz wygl\u0105da i elegancko, a przy tym jest ciep\u0142y i komfortowy w noszeniu \u2013 dobrze sprawdzi si\u0119 nawet w te dni, gdy temperatura spada poni\u017cej zera. <a href=\"https:\/\/bialcon.pl\/pikowany-plaszcz-o-trapezowym-kroju\">https:\/\/bialcon.pl\/pikowany-plaszcz-o-trapezowym-kroju<\/a><\/p>\n\n\n\r\n<div class=\"product-block-container swiper mySwiperProductBlock\">\r\n    <div class=\"product-block-swiper swiper-wrapper\">\r\n                    <div class=\"swiper-slide product-block-item\" data-id=\"147028\">\r\n                <a href=\"https:\/\/bialcon.pl\/pikowana-brazowa-kurtka-z-wykladanym-kolnierzem?utm_source=blog&utm_medium=wyprzedaz&utm_campaign=221222\" class=\"product-block-url\" target=\"_blank\">\r\n                    <div class=\"product-block-image\">\r\n                        <img decoding=\"async\" width=\"300\" height=\"400\" src=\"https:\/\/bialcon.pl\/picture\/pikowana-brazowa-kurtka-z-wykladanym-kolnierzem_1.jpg\" alt=\"Pikowana br\u0105zowa kurtka z wyk\u0142adanym ko\u0142nierzem\">\r\n                    <\/div>\r\n                    <div class=\"product-block-name\">\r\n                        <p>Pikowana br\u0105zowa kurtka z wyk\u0142adanym ko\u0142nierzem<\/p>\r\n                    <\/div>\r\n                <\/a>\r\n            <\/div>\r\n                    <div class=\"swiper-slide product-block-item\" data-id=\"147047\">\r\n                <a href=\"https:\/\/bialcon.pl\/brazowa-zimowa-kurtka-z-polyskujacej-tkaniny?utm_source=blog&utm_medium=wyprzedaz&utm_campaign=221222\" class=\"product-block-url\" target=\"_blank\">\r\n                    <div class=\"product-block-image\">\r\n                        <img decoding=\"async\" width=\"300\" height=\"400\" src=\"https:\/\/bialcon.pl\/picture\/kurtka-blh-252519-fr-braz_1.png\" alt=\"Br\u0105zowa zimowa kurtka z po\u0142yskuj\u0105cej tkaniny\">\r\n                    <\/div>\r\n                    <div class=\"product-block-name\">\r\n                        <p>Br\u0105zowa zimowa kurtka z po\u0142yskuj\u0105cej tkaniny<\/p>\r\n                    <\/div>\r\n                <\/a>\r\n            <\/div>\r\n                    <div class=\"swiper-slide product-block-item\" data-id=\"147069\">\r\n                <a href=\"https:\/\/bialcon.pl\/plaszcz-puchowy-z-kapturem-w-kolorze-czarnym?utm_source=blog&utm_medium=wyprzedaz&utm_campaign=221222\" class=\"product-block-url\" target=\"_blank\">\r\n                    <div class=\"product-block-image\">\r\n                        <img decoding=\"async\" width=\"300\" height=\"400\" src=\"https:\/\/bialcon.pl\/picture\/kurtka-blh-250869-fx-czarny.png\" alt=\"P\u0142aszcz puchowy z kapturem w kolorze czarnym\">\r\n                    <\/div>\r\n                    <div class=\"product-block-name\">\r\n                        <p>P\u0142aszcz puchowy z kapturem w kolorze czarnym<\/p>\r\n                    <\/div>\r\n                <\/a>\r\n            <\/div>\r\n            <\/div>\r\n<\/div>\r\n\n","protected":false},"excerpt":{"rendered":"<p>Kurtka puchowa damska przyjemnie otula i chroni nas przed zimnem nawet w najbardziej mro\u017ane dni. Dzi\u0119ki puch\u00f3wkom nie musimy rezygnowa\u0107 ze spacer\u00f3w, nawet gdy temperatura spada do zera. S\u0105 bardzo wygodne w noszeniu, lecz kojarz\u0105 si\u0119 raczej ze stylem sportowym. Sprawd\u017amy wi\u0119c, jak mo\u017cna wygl\u0105da\u0107 elegancko w kurtce puchowej? Kupuj\u0105c kurtk\u0119 puchow\u0105 damsk\u0105 warto zwr\u00f3ci\u0107 [&hellip;]<\/p>\n","protected":false},"author":10,"featured_media":7073,"comment_status":"closed","ping_status":"open","sticky":false,"template":"","format":"standard","meta":{"_acf_changed":false,"site-sidebar-layout":"default","site-content-layout":"","ast-site-content-layout":"default","site-content-style":"default","site-sidebar-style":"default","ast-global-header-display":"","ast-banner-title-visibility":"","ast-main-header-display":"","ast-hfb-above-header-display":"","ast-hfb-below-header-display":"","ast-hfb-mobile-header-display":"","site-post-title":"","ast-breadcrumbs-content":"","ast-featured-img":"","footer-sml-layout":"","theme-transparent-header-meta":"","adv-header-id-meta":"","stick-header-meta":"","header-above-stick-meta":"","header-main-stick-meta":"","header-below-stick-meta":"","astra-migrate-meta-layouts":"set","ast-page-background-enabled":"default","ast-page-background-meta":{"desktop":{"background-color":"","background-image":"","background-repeat":"repeat","background-position":"center center","background-size":"auto","background-attachment":"scroll","background-type":"","background-media":"","overlay-type":"","overlay-color":"","overlay-opacity":"","overlay-gradient":""},"tablet":{"background-color":"","background-image":"","background-repeat":"repeat","background-position":"center center","background-size":"auto","background-attachment":"scroll","background-type":"","background-media":"","overlay-type":"","overlay-color":"","overlay-opacity":"","overlay-gradient":""},"mobile":{"background-color":"","background-image":"","background-repeat":"repeat","background-position":"center center","background-size":"auto","background-attachment":"scroll","background-type":"","background-media":"","overlay-type":"","overlay-color":"","overlay-opacity":"","overlay-gradient":""}},"ast-content-background-meta":{"desktop":{"background-color":"var(--ast-global-color-5)","background-image":"","background-repeat":"repeat","background-position":"center center","background-size":"auto","background-attachment":"scroll","background-type":"","background-media":"","overlay-type":"","overlay-color":"","overlay-opacity":"","overlay-gradient":""},"tablet":{"background-color":"var(--ast-global-color-5)","background-image":"","background-repeat":"repeat","background-position":"center center","background-size":"auto","background-attachment":"scroll","background-type":"","background-media":"","overlay-type":"","overlay-color":"","overlay-opacity":"","overlay-gradient":""},"mobile":{"background-color":"var(--ast-global-color-5)","background-image":"","background-repeat":"repeat","background-position":"center center","background-size":"auto","background-attachment":"scroll","background-type":"","background-media":"","overlay-type":"","overlay-color":"","overlay-opacity":"","overlay-gradient":""}},"footnotes":""},"categories":[9,14],"tags":[],"class_list":["post-7068","post","type-post","status-publish","format-standard","has-post-thumbnail","hentry","category-trendy-w-branzy-fashion","category-wszystkie-wpisy"],"acf":[],"yoast_head":"<!-- This site is optimized with the Yoast SEO plugin v27.4 - https:\/\/yoast.com\/product\/yoast-seo-wordpress\/ -->\n<title>Kurtki puchowe \u2013 jak prze\u0142ama\u0107 ich sportowy styl? - Bialcon<\/title>\n<meta name=\"description\" content=\"Kurtka puchowa przyjemnie otula i chroni nas przed zimnem nawet w najbardziej mro\u017ane dni. Sprawd\u017a, jak wygl\u0105da\u0107 elegancko w kurtce puchowej!\" \/>\n<meta name=\"robots\" content=\"index, follow, max-snippet:-1, max-image-preview:large, max-video-preview:-1\" \/>\n<link rel=\"canonical\" href=\"https:\/\/bialcon.pl\/blog\/kurtki-puchowe-wrocily-do-lask-jak-przelamac-ich-sportowy-ton\/\" \/>\n<meta name=\"twitter:label1\" content=\"Napisane przez\" \/>\n\t<meta name=\"twitter:data1\" content=\"Ma\u0142gorzata Brzezi\u0144ska\" \/>\n\t<meta name=\"twitter:label2\" content=\"Szacowany czas czytania\" \/>\n\t<meta name=\"twitter:data2\" content=\"4 minuty\" \/>\n<script type=\"application\/ld+json\" class=\"yoast-schema-graph\">{\"@context\":\"https:\\\/\\\/schema.org\",\"@graph\":[{\"@type\":\"Article\",\"@id\":\"https:\\\/\\\/bialcon.pl\\\/blog\\\/kurtki-puchowe-wrocily-do-lask-jak-przelamac-ich-sportowy-ton\\\/#article\",\"isPartOf\":{\"@id\":\"https:\\\/\\\/bialcon.pl\\\/blog\\\/kurtki-puchowe-wrocily-do-lask-jak-przelamac-ich-sportowy-ton\\\/\"},\"author\":{\"name\":\"Ma\u0142gorzata Brzezi\u0144ska\",\"@id\":\"https:\\\/\\\/bialcon.pl\\\/blog\\\/#\\\/schema\\\/person\\\/cbbe4ae2297c5abd7376399985d5fabb\"},\"headline\":\"Kurtki puchowe wr\u00f3ci\u0142y do \u0142ask \u2013 jak prze\u0142ama\u0107 ich sportowy ton?\",\"datePublished\":\"2022-12-22T09:00:00+00:00\",\"dateModified\":\"2025-11-24T08:42:24+00:00\",\"mainEntityOfPage\":{\"@id\":\"https:\\\/\\\/bialcon.pl\\\/blog\\\/kurtki-puchowe-wrocily-do-lask-jak-przelamac-ich-sportowy-ton\\\/\"},\"wordCount\":820,\"image\":{\"@id\":\"https:\\\/\\\/bialcon.pl\\\/blog\\\/kurtki-puchowe-wrocily-do-lask-jak-przelamac-ich-sportowy-ton\\\/#primaryimage\"},\"thumbnailUrl\":\"https:\\\/\\\/bialcon.pl\\\/blog\\\/wp-content\\\/uploads\\\/2022\\\/12\\\/Projekt-bez-tytulu-1-1.jpg\",\"articleSection\":[\"Trendy\",\"Wszystkie wpisy\"],\"inLanguage\":\"pl-PL\"},{\"@type\":\"WebPage\",\"@id\":\"https:\\\/\\\/bialcon.pl\\\/blog\\\/kurtki-puchowe-wrocily-do-lask-jak-przelamac-ich-sportowy-ton\\\/\",\"url\":\"https:\\\/\\\/bialcon.pl\\\/blog\\\/kurtki-puchowe-wrocily-do-lask-jak-przelamac-ich-sportowy-ton\\\/\",\"name\":\"Kurtki puchowe \u2013 jak prze\u0142ama\u0107 ich sportowy styl? - Bialcon\",\"isPartOf\":{\"@id\":\"https:\\\/\\\/bialcon.pl\\\/blog\\\/#website\"},\"primaryImageOfPage\":{\"@id\":\"https:\\\/\\\/bialcon.pl\\\/blog\\\/kurtki-puchowe-wrocily-do-lask-jak-przelamac-ich-sportowy-ton\\\/#primaryimage\"},\"image\":{\"@id\":\"https:\\\/\\\/bialcon.pl\\\/blog\\\/kurtki-puchowe-wrocily-do-lask-jak-przelamac-ich-sportowy-ton\\\/#primaryimage\"},\"thumbnailUrl\":\"https:\\\/\\\/bialcon.pl\\\/blog\\\/wp-content\\\/uploads\\\/2022\\\/12\\\/Projekt-bez-tytulu-1-1.jpg\",\"datePublished\":\"2022-12-22T09:00:00+00:00\",\"dateModified\":\"2025-11-24T08:42:24+00:00\",\"author\":{\"@id\":\"https:\\\/\\\/bialcon.pl\\\/blog\\\/#\\\/schema\\\/person\\\/cbbe4ae2297c5abd7376399985d5fabb\"},\"description\":\"Kurtka puchowa przyjemnie otula i chroni nas przed zimnem nawet w najbardziej mro\u017ane dni. Sprawd\u017a, jak wygl\u0105da\u0107 elegancko w kurtce puchowej!\",\"breadcrumb\":{\"@id\":\"https:\\\/\\\/bialcon.pl\\\/blog\\\/kurtki-puchowe-wrocily-do-lask-jak-przelamac-ich-sportowy-ton\\\/#breadcrumb\"},\"inLanguage\":\"pl-PL\",\"potentialAction\":[{\"@type\":\"ReadAction\",\"target\":[\"https:\\\/\\\/bialcon.pl\\\/blog\\\/kurtki-puchowe-wrocily-do-lask-jak-przelamac-ich-sportowy-ton\\\/\"]}]},{\"@type\":\"ImageObject\",\"inLanguage\":\"pl-PL\",\"@id\":\"https:\\\/\\\/bialcon.pl\\\/blog\\\/kurtki-puchowe-wrocily-do-lask-jak-przelamac-ich-sportowy-ton\\\/#primaryimage\",\"url\":\"https:\\\/\\\/bialcon.pl\\\/blog\\\/wp-content\\\/uploads\\\/2022\\\/12\\\/Projekt-bez-tytulu-1-1.jpg\",\"contentUrl\":\"https:\\\/\\\/bialcon.pl\\\/blog\\\/wp-content\\\/uploads\\\/2022\\\/12\\\/Projekt-bez-tytulu-1-1.jpg\",\"width\":960,\"height\":850,\"caption\":\"Wizualizacja kobiety w d\u0142ugiej, czarnej kurtce z kapturem, z przeszyciami i paskiem w talii\"},{\"@type\":\"BreadcrumbList\",\"@id\":\"https:\\\/\\\/bialcon.pl\\\/blog\\\/kurtki-puchowe-wrocily-do-lask-jak-przelamac-ich-sportowy-ton\\\/#breadcrumb\",\"itemListElement\":[{\"@type\":\"ListItem\",\"position\":1,\"name\":\"Strona g\u0142\u00f3wna\",\"item\":\"https:\\\/\\\/bialcon.pl\\\/blog\\\/\"},{\"@type\":\"ListItem\",\"position\":2,\"name\":\"Trendy\",\"item\":\"https:\\\/\\\/bialcon.pl\\\/blog\\\/trendy-w-branzy-fashion\\\/\"},{\"@type\":\"ListItem\",\"position\":3,\"name\":\"Kurtki puchowe wr\u00f3ci\u0142y do \u0142ask \u2013 jak prze\u0142ama\u0107 ich sportowy ton?\"}]},{\"@type\":\"WebSite\",\"@id\":\"https:\\\/\\\/bialcon.pl\\\/blog\\\/#website\",\"url\":\"https:\\\/\\\/bialcon.pl\\\/blog\\\/\",\"name\":\"bialcon.pl\\\/blog\\\/\",\"description\":\"Fashion Blog w zasi\u0119gu Twojej r\u0119ki\",\"potentialAction\":[{\"@type\":\"SearchAction\",\"target\":{\"@type\":\"EntryPoint\",\"urlTemplate\":\"https:\\\/\\\/bialcon.pl\\\/blog\\\/?s={search_term_string}\"},\"query-input\":{\"@type\":\"PropertyValueSpecification\",\"valueRequired\":true,\"valueName\":\"search_term_string\"}}],\"inLanguage\":\"pl-PL\"},{\"@type\":\"Person\",\"@id\":\"https:\\\/\\\/bialcon.pl\\\/blog\\\/#\\\/schema\\\/person\\\/cbbe4ae2297c5abd7376399985d5fabb\",\"name\":\"Ma\u0142gorzata Brzezi\u0144ska\",\"image\":{\"@type\":\"ImageObject\",\"inLanguage\":\"pl-PL\",\"@id\":\"https:\\\/\\\/secure.gravatar.com\\\/avatar\\\/3fc4a4cdba63586f503a5c5711e9b04d01ab1234b186b03e727ad902b6f4912d?s=96&d=mm&r=g\",\"url\":\"https:\\\/\\\/secure.gravatar.com\\\/avatar\\\/3fc4a4cdba63586f503a5c5711e9b04d01ab1234b186b03e727ad902b6f4912d?s=96&d=mm&r=g\",\"contentUrl\":\"https:\\\/\\\/secure.gravatar.com\\\/avatar\\\/3fc4a4cdba63586f503a5c5711e9b04d01ab1234b186b03e727ad902b6f4912d?s=96&d=mm&r=g\",\"caption\":\"Ma\u0142gorzata Brzezi\u0144ska\"},\"description\":\"Autorka tre\u015bci z zakresu mody, urody i stylu \u017cycia. Tworzy artyku\u0142y i poradniki oparte na analizie trend\u00f3w oraz potrzeb u\u017cytkownik\u00f3w, \u0142\u0105cz\u0105c wiedz\u0119 z zakresu komunikacji marketingowej i praktyki contentowej. Specjalizuje si\u0119 w bran\u017cach fashion, beauty &amp; health oraz gourmet food, przygotowuj\u0105c tre\u015bci dopasowane do realnych sytuacji i wybor\u00f3w konsumenckich. Na co dzie\u0144 zajmuje si\u0119 r\u00f3wnie\u017c content marketingiem i SEO.\",\"sameAs\":[\"https:\\\/\\\/www.linkedin.com\\\/in\\\/gosia-brzezinska-827052b4\\\/\"],\"url\":\"https:\\\/\\\/bialcon.pl\\\/blog\\\/author\\\/brzezinska\\\/\"}]}<\/script>\n<!-- \/ Yoast SEO plugin. -->","yoast_head_json":{"title":"Kurtki puchowe \u2013 jak prze\u0142ama\u0107 ich sportowy styl? - Bialcon","description":"Kurtka puchowa przyjemnie otula i chroni nas przed zimnem nawet w najbardziej mro\u017ane dni. Sprawd\u017a, jak wygl\u0105da\u0107 elegancko w kurtce puchowej!","robots":{"index":"index","follow":"follow","max-snippet":"max-snippet:-1","max-image-preview":"max-image-preview:large","max-video-preview":"max-video-preview:-1"},"canonical":"https:\/\/bialcon.pl\/blog\/kurtki-puchowe-wrocily-do-lask-jak-przelamac-ich-sportowy-ton\/","twitter_misc":{"Napisane przez":"Ma\u0142gorzata Brzezi\u0144ska","Szacowany czas czytania":"4 minuty"},"schema":{"@context":"https:\/\/schema.org","@graph":[{"@type":"Article","@id":"https:\/\/bialcon.pl\/blog\/kurtki-puchowe-wrocily-do-lask-jak-przelamac-ich-sportowy-ton\/#article","isPartOf":{"@id":"https:\/\/bialcon.pl\/blog\/kurtki-puchowe-wrocily-do-lask-jak-przelamac-ich-sportowy-ton\/"},"author":{"name":"Ma\u0142gorzata Brzezi\u0144ska","@id":"https:\/\/bialcon.pl\/blog\/#\/schema\/person\/cbbe4ae2297c5abd7376399985d5fabb"},"headline":"Kurtki puchowe wr\u00f3ci\u0142y do \u0142ask \u2013 jak prze\u0142ama\u0107 ich sportowy ton?","datePublished":"2022-12-22T09:00:00+00:00","dateModified":"2025-11-24T08:42:24+00:00","mainEntityOfPage":{"@id":"https:\/\/bialcon.pl\/blog\/kurtki-puchowe-wrocily-do-lask-jak-przelamac-ich-sportowy-ton\/"},"wordCount":820,"image":{"@id":"https:\/\/bialcon.pl\/blog\/kurtki-puchowe-wrocily-do-lask-jak-przelamac-ich-sportowy-ton\/#primaryimage"},"thumbnailUrl":"https:\/\/bialcon.pl\/blog\/wp-content\/uploads\/2022\/12\/Projekt-bez-tytulu-1-1.jpg","articleSection":["Trendy","Wszystkie wpisy"],"inLanguage":"pl-PL"},{"@type":"WebPage","@id":"https:\/\/bialcon.pl\/blog\/kurtki-puchowe-wrocily-do-lask-jak-przelamac-ich-sportowy-ton\/","url":"https:\/\/bialcon.pl\/blog\/kurtki-puchowe-wrocily-do-lask-jak-przelamac-ich-sportowy-ton\/","name":"Kurtki puchowe \u2013 jak prze\u0142ama\u0107 ich sportowy styl? - Bialcon","isPartOf":{"@id":"https:\/\/bialcon.pl\/blog\/#website"},"primaryImageOfPage":{"@id":"https:\/\/bialcon.pl\/blog\/kurtki-puchowe-wrocily-do-lask-jak-przelamac-ich-sportowy-ton\/#primaryimage"},"image":{"@id":"https:\/\/bialcon.pl\/blog\/kurtki-puchowe-wrocily-do-lask-jak-przelamac-ich-sportowy-ton\/#primaryimage"},"thumbnailUrl":"https:\/\/bialcon.pl\/blog\/wp-content\/uploads\/2022\/12\/Projekt-bez-tytulu-1-1.jpg","datePublished":"2022-12-22T09:00:00+00:00","dateModified":"2025-11-24T08:42:24+00:00","author":{"@id":"https:\/\/bialcon.pl\/blog\/#\/schema\/person\/cbbe4ae2297c5abd7376399985d5fabb"},"description":"Kurtka puchowa przyjemnie otula i chroni nas przed zimnem nawet w najbardziej mro\u017ane dni. Sprawd\u017a, jak wygl\u0105da\u0107 elegancko w kurtce puchowej!","breadcrumb":{"@id":"https:\/\/bialcon.pl\/blog\/kurtki-puchowe-wrocily-do-lask-jak-przelamac-ich-sportowy-ton\/#breadcrumb"},"inLanguage":"pl-PL","potentialAction":[{"@type":"ReadAction","target":["https:\/\/bialcon.pl\/blog\/kurtki-puchowe-wrocily-do-lask-jak-przelamac-ich-sportowy-ton\/"]}]},{"@type":"ImageObject","inLanguage":"pl-PL","@id":"https:\/\/bialcon.pl\/blog\/kurtki-puchowe-wrocily-do-lask-jak-przelamac-ich-sportowy-ton\/#primaryimage","url":"https:\/\/bialcon.pl\/blog\/wp-content\/uploads\/2022\/12\/Projekt-bez-tytulu-1-1.jpg","contentUrl":"https:\/\/bialcon.pl\/blog\/wp-content\/uploads\/2022\/12\/Projekt-bez-tytulu-1-1.jpg","width":960,"height":850,"caption":"Wizualizacja kobiety w d\u0142ugiej, czarnej kurtce z kapturem, z przeszyciami i paskiem w talii"},{"@type":"BreadcrumbList","@id":"https:\/\/bialcon.pl\/blog\/kurtki-puchowe-wrocily-do-lask-jak-przelamac-ich-sportowy-ton\/#breadcrumb","itemListElement":[{"@type":"ListItem","position":1,"name":"Strona g\u0142\u00f3wna","item":"https:\/\/bialcon.pl\/blog\/"},{"@type":"ListItem","position":2,"name":"Trendy","item":"https:\/\/bialcon.pl\/blog\/trendy-w-branzy-fashion\/"},{"@type":"ListItem","position":3,"name":"Kurtki puchowe wr\u00f3ci\u0142y do \u0142ask \u2013 jak prze\u0142ama\u0107 ich sportowy ton?"}]},{"@type":"WebSite","@id":"https:\/\/bialcon.pl\/blog\/#website","url":"https:\/\/bialcon.pl\/blog\/","name":"bialcon.pl\/blog\/","description":"Fashion Blog w zasi\u0119gu Twojej r\u0119ki","potentialAction":[{"@type":"SearchAction","target":{"@type":"EntryPoint","urlTemplate":"https:\/\/bialcon.pl\/blog\/?s={search_term_string}"},"query-input":{"@type":"PropertyValueSpecification","valueRequired":true,"valueName":"search_term_string"}}],"inLanguage":"pl-PL"},{"@type":"Person","@id":"https:\/\/bialcon.pl\/blog\/#\/schema\/person\/cbbe4ae2297c5abd7376399985d5fabb","name":"Ma\u0142gorzata Brzezi\u0144ska","image":{"@type":"ImageObject","inLanguage":"pl-PL","@id":"https:\/\/secure.gravatar.com\/avatar\/3fc4a4cdba63586f503a5c5711e9b04d01ab1234b186b03e727ad902b6f4912d?s=96&d=mm&r=g","url":"https:\/\/secure.gravatar.com\/avatar\/3fc4a4cdba63586f503a5c5711e9b04d01ab1234b186b03e727ad902b6f4912d?s=96&d=mm&r=g","contentUrl":"https:\/\/secure.gravatar.com\/avatar\/3fc4a4cdba63586f503a5c5711e9b04d01ab1234b186b03e727ad902b6f4912d?s=96&d=mm&r=g","caption":"Ma\u0142gorzata Brzezi\u0144ska"},"description":"Autorka tre\u015bci z zakresu mody, urody i stylu \u017cycia. Tworzy artyku\u0142y i poradniki oparte na analizie trend\u00f3w oraz potrzeb u\u017cytkownik\u00f3w, \u0142\u0105cz\u0105c wiedz\u0119 z zakresu komunikacji marketingowej i praktyki contentowej. Specjalizuje si\u0119 w bran\u017cach fashion, beauty &amp; health oraz gourmet food, przygotowuj\u0105c tre\u015bci dopasowane do realnych sytuacji i wybor\u00f3w konsumenckich. Na co dzie\u0144 zajmuje si\u0119 r\u00f3wnie\u017c content marketingiem i SEO.","sameAs":["https:\/\/www.linkedin.com\/in\/gosia-brzezinska-827052b4\/"],"url":"https:\/\/bialcon.pl\/blog\/author\/brzezinska\/"}]}},"_links":{"self":[{"href":"https:\/\/bialcon.pl\/blog\/wp-json\/wp\/v2\/posts\/7068","targetHints":{"allow":["GET"]}}],"collection":[{"href":"https:\/\/bialcon.pl\/blog\/wp-json\/wp\/v2\/posts"}],"about":[{"href":"https:\/\/bialcon.pl\/blog\/wp-json\/wp\/v2\/types\/post"}],"author":[{"embeddable":true,"href":"https:\/\/bialcon.pl\/blog\/wp-json\/wp\/v2\/users\/10"}],"replies":[{"embeddable":true,"href":"https:\/\/bialcon.pl\/blog\/wp-json\/wp\/v2\/comments?post=7068"}],"version-history":[{"count":7,"href":"https:\/\/bialcon.pl\/blog\/wp-json\/wp\/v2\/posts\/7068\/revisions"}],"predecessor-version":[{"id":11518,"href":"https:\/\/bialcon.pl\/blog\/wp-json\/wp\/v2\/posts\/7068\/revisions\/11518"}],"wp:featuredmedia":[{"embeddable":true,"href":"https:\/\/bialcon.pl\/blog\/wp-json\/wp\/v2\/media\/7073"}],"wp:attachment":[{"href":"https:\/\/bialcon.pl\/blog\/wp-json\/wp\/v2\/media?parent=7068"}],"wp:term":[{"taxonomy":"category","embeddable":true,"href":"https:\/\/bialcon.pl\/blog\/wp-json\/wp\/v2\/categories?post=7068"},{"taxonomy":"post_tag","embeddable":true,"href":"https:\/\/bialcon.pl\/blog\/wp-json\/wp\/v2\/tags?post=7068"}],"curies":[{"name":"wp","href":"https:\/\/api.w.org\/{rel}","templated":true}]}}