{"id":6796,"date":"2022-11-22T10:00:00","date_gmt":"2022-11-22T09:00:00","guid":{"rendered":"https:\/\/bialcon.pl\/blog\/?p=6796"},"modified":"2025-11-24T09:36:57","modified_gmt":"2025-11-24T08:36:57","slug":"maksymalizm-vs-minimalizm-rozne-oblicza-mody","status":"publish","type":"post","link":"https:\/\/bialcon.pl\/blog\/maksymalizm-vs-minimalizm-rozne-oblicza-mody\/","title":{"rendered":"Maksymalizm vs minimalizm \u2013 r\u00f3\u017cne oblicza mody"},"content":{"rendered":"<div id=\"ez-toc-container\" class=\"ez-toc-v2_0_82_2 counter-hierarchy ez-toc-counter ez-toc-custom ez-toc-container-direction\">\n<div class=\"ez-toc-title-container\"><p class=\"ez-toc-title\" style=\"cursor:inherit\">Spis Tre\u015bci<\/p>\n<\/div><nav><ul class='ez-toc-list ez-toc-list-level-1 ' ><li class='ez-toc-page-1 ez-toc-heading-level-2'><a class=\"ez-toc-link ez-toc-heading-1\" href=\"https:\/\/bialcon.pl\/blog\/maksymalizm-vs-minimalizm-rozne-oblicza-mody\/#Sukienki_klasyczne_%E2%80%93_nowoczesne_wzory\" >Sukienki klasyczne \u2013 nowoczesne wzory<\/a><\/li><li class='ez-toc-page-1 ez-toc-heading-level-2'><a class=\"ez-toc-link ez-toc-heading-2\" href=\"https:\/\/bialcon.pl\/blog\/maksymalizm-vs-minimalizm-rozne-oblicza-mody\/#Szmizjerki_%E2%80%93_sportowe_oblicze_klasycznych_sukienek\" >Szmizjerki \u2013 sportowe oblicze klasycznych sukienek<\/a><\/li><li class='ez-toc-page-1 ez-toc-heading-level-2'><a class=\"ez-toc-link ez-toc-heading-3\" href=\"https:\/\/bialcon.pl\/blog\/maksymalizm-vs-minimalizm-rozne-oblicza-mody\/#Modne_sukienki_boho\" >Modne sukienki boho<\/a><\/li><li class='ez-toc-page-1 ez-toc-heading-level-2'><a class=\"ez-toc-link ez-toc-heading-4\" href=\"https:\/\/bialcon.pl\/blog\/maksymalizm-vs-minimalizm-rozne-oblicza-mody\/#Sukienki_boho_%E2%80%93_z_czym_je_nosic\" >Sukienki boho \u2013 z czym je nosi\u0107?<\/a><\/li><\/ul><\/nav><\/div>\n\n<p><strong>Od kilku sezon\u00f3w trwa moda na minimalizm \u2013 klasyczne kroje, stonowane kolory, zredukowane zdobienia. Liczy si\u0119 prostota i dobra jako\u015b\u0107. Z drugiej strony nie brakuje te\u017c fanek maksymalizmu, kt\u00f3re kochaj\u0105 nosi\u0107 sukienki boho, etniczn\u0105 bi\u017cuteri\u0119 i oryginalne dodatki. Je\u015bli nie jeste\u015b pewna, kt\u00f3ry styl jest Ci bli\u017cszy \u2013 po prostu czerp z jednego i drugiego. Moda jest od tego, by si\u0119 ni\u0105 bawi\u0107.<\/strong><\/p>\n\n\n\n<p>Minimalizm opiera si\u0119 na \u017celaznej zasadzie mniej znaczy wi\u0119cej. Zamiast goni\u0107 za trendami, polowa\u0107 na wyprzeda\u017cach, zapycha\u0107 szaf\u0119 nowymi zdobyczami, stawiamy na mniejsz\u0105 ilo\u015b\u0107 ubra\u0144, ale dobrej jako\u015bci. Nic dziwnego, \u017ce osoby, kt\u00f3re ceni\u0105 minimalizm, cz\u0119sto wybieraj\u0105 stroje uniwersalne np. <a href=\"https:\/\/bialcon.pl\/odziez\/sukienki\/sukienki-klasyczne\" target=\"_blank\" rel=\"noreferrer noopener\"><strong>sukienki klasyczne<\/strong><\/a>, a nie sp\u00f3dnice z falbanami czy kolorowe sztuczne futerka. Mniej ubra\u0144 o prostej formie mo\u017ce oznacza\u0107 wi\u0119cej mo\u017cliwo\u015bci, kreatywno\u015bci. Jest to zwi\u0105zane z tym, \u017ce szafa minimalistki jest bardzo uporz\u0105dkowana, trafiaj\u0105 do niej rzeczy przemy\u015blane, kt\u00f3re mo\u017cna \u0142\u0105czy\u0107 ze sob\u0105 i tworzy\u0107 wiele stylizacji. Kobiety, kt\u00f3re preferuj\u0105 ten styl ubierania, kupuj\u0105c np. spodnie, zwracaj\u0105 uwag\u0119 na to, czy b\u0119d\u0105 one pasowa\u0142y do innych ubra\u0144, kt\u00f3re ju\u017c posiadaj\u0105 i czy b\u0119d\u0105 mog\u0142y je za\u0142o\u017cy\u0107 na r\u00f3\u017cne okazje. Szafa minimalistki nie zmienia si\u0119 wraz z ka\u017cdym nadchodz\u0105cym sezonem, bo <a href=\"https:\/\/bialcon.pl\/odziez\/bialcon-art\" target=\"_blank\" rel=\"noreferrer noopener\"><strong>sukienki klasyczne<\/strong><\/a> lub eleganckie koszule stanowi\u0105 filary jej stylu.<\/p>\n\n\n\r\n<div class=\"product-block-container swiper mySwiperProductBlock\">\r\n    <div class=\"product-block-swiper swiper-wrapper\">\r\n                    <div class=\"swiper-slide product-block-item\" data-id=\"147694\">\r\n                <a href=\"https:\/\/bialcon.pl\/elegancka-granatowa-sukienka-kopertowa-z-bawelna?utm_source=blog&utm_medium=wyprzedaz&utm_campaign=221122\" class=\"product-block-url\" target=\"_blank\">\r\n                    <div class=\"product-block-image\">\r\n                        <img decoding=\"async\" width=\"300\" height=\"400\" src=\"https:\/\/bialcon.pl\/picture\/elegancka-granatowa-sukienka-kopertowa-z-bawelna_1.jpg\" alt=\"Elegancka granatowa sukienka kopertowa z bawe\u0142n\u0105\">\r\n                    <\/div>\r\n                    <div class=\"product-block-name\">\r\n                        <p>Elegancka granatowa sukienka kopertowa z bawe\u0142n\u0105<\/p>\r\n                    <\/div>\r\n                <\/a>\r\n            <\/div>\r\n                    <div class=\"swiper-slide product-block-item\" data-id=\"147818\">\r\n                <a href=\"https:\/\/bialcon.pl\/letnia-czarna-sukienka-z-dzianiny-wiskozowej?utm_source=blog&utm_medium=wyprzedaz&utm_campaign=221122\" class=\"product-block-url\" target=\"_blank\">\r\n                    <div class=\"product-block-image\">\r\n                        <img decoding=\"async\" width=\"300\" height=\"400\" src=\"https:\/\/bialcon.pl\/picture\/letnia-czarna-sukienka-z-dzianiny-wiskozowej_1.jpg\" alt=\"Letnia czarna sukienka z dzianiny wiskozowej\">\r\n                    <\/div>\r\n                    <div class=\"product-block-name\">\r\n                        <p>Letnia czarna sukienka z dzianiny wiskozowej<\/p>\r\n                    <\/div>\r\n                <\/a>\r\n            <\/div>\r\n                    <div class=\"swiper-slide product-block-item\" data-id=\"147513\">\r\n                <a href=\"https:\/\/bialcon.pl\/dopasowana-burgundowa-sukienka-z-dekoltem-w-serek?utm_source=blog&utm_medium=wyprzedaz&utm_campaign=221122\" class=\"product-block-url\" target=\"_blank\">\r\n                    <div class=\"product-block-image\">\r\n                        <img decoding=\"async\" width=\"300\" height=\"400\" src=\"https:\/\/bialcon.pl\/picture\/dopasowana-burgundowa-sukienka-z-dekoltem-w-serek.jpg\" alt=\"Dopasowana burgundowa sukienka z dekoltem w serek\">\r\n                    <\/div>\r\n                    <div class=\"product-block-name\">\r\n                        <p>Dopasowana burgundowa sukienka z dekoltem w serek<\/p>\r\n                    <\/div>\r\n                <\/a>\r\n            <\/div>\r\n            <\/div>\r\n<\/div>\r\n\n\n\n\n<h2 class=\"wp-block-heading\"><span class=\"ez-toc-section\" id=\"Sukienki_klasyczne_%E2%80%93_nowoczesne_wzory\"><\/span><strong>Sukienki klasyczne \u2013 nowoczesne wzory<\/strong><span class=\"ez-toc-section-end\"><\/span><\/h2>\n\n\n\n<p>Ikoniczne sukienki maj\u0105 nieodparty urok. Ich najwi\u0119kszym atutem jest fason np. kopertowy, kt\u00f3ry \u0142adnie modeluje sylwetk\u0119. Lekko wyci\u0119ty dekolt, podkre\u015blona talia oraz d\u0142ugo\u015b\u0107 midi sprawiaj\u0105, \u017ce w takiej kreacji ka\u017cda kobieta wygl\u0105da elegancko i po prostu z klas\u0105. Je\u015bli nie czujemy si\u0119 dobrze w stonowanych kolorach, bo kojarz\u0105 nam si\u0119 z md\u0142ym lookiem, w\u00f3wczas mo\u017cemy wybra\u0107 sukienk\u0119 klasyczn\u0105 w nowoczesne wzory. Kolorystyka nadal jest utrzymana w odcieniach neutralnych, lecz ciekawy print \u0142adnie o\u017cywia stylizacj\u0119. <\/p>\n\n\n\n<h2 class=\"wp-block-heading\"><span class=\"ez-toc-section\" id=\"Szmizjerki_%E2%80%93_sportowe_oblicze_klasycznych_sukienek\"><\/span><strong>Szmizjerki \u2013 sportowe oblicze klasycznych sukienek<\/strong><span class=\"ez-toc-section-end\"><\/span><\/h2>\n\n\n\n<p>Nazwa szmizjerka pochodzi od francuskiego s\u0142owa \u201echemisier\u201d, czyli bluza koszulowa. I rzeczywi\u015bcie trudno si\u0119 nie zgodzi\u0107, \u017ce fason tej <a href=\"https:\/\/bialcon.pl\/odziez\/bialcon-art\" target=\"_blank\" rel=\"noreferrer noopener\"><strong>klasycznej sukienki<\/strong><\/a> przypomina koszul\u0119. G\u00f3rna cz\u0119\u015b\u0107 jest zapinana na guziki, ma ko\u0142nierzyk a nawet ma\u0142e kieszonki na przodzie. Model z paskiem podkre\u015blaj\u0105cym tali\u0119 jest jednocze\u015bnie elegancki i wygodny, zapewnia komfort noszenia. Nie potrzeba prawie \u017cadnych dodatk\u00f3w, by na bazie bia\u0142o-granatowej szmizjerki stworzy\u0107 ciekaw\u0105 stylizacj\u0119.<\/p>\n\n\n\n<p>W szafie modowej minimalistki opr\u00f3cz <a href=\"https:\/\/bialcon.pl\/odziez\/sukienki\/sukienki-klasyczne\"><strong>klasycznych sukienek<\/strong><\/a> mo\u017cna znale\u017a\u0107 jeszcze: g\u0142adki t-shirt, sp\u00f3dnic\u0119 o\u0142\u00f3wkow\u0105, klasyczne spodnie z dobrej tkaniny, damsk\u0105 marynark\u0119 lub prost\u0105 koszul\u0119.<\/p>\n\n\n\r\n<div class=\"product-block-container swiper mySwiperProductBlock\">\r\n    <div class=\"product-block-swiper swiper-wrapper\">\r\n                    <div class=\"swiper-slide product-block-item\" data-id=\"147633\">\r\n                <a href=\"https:\/\/bialcon.pl\/sukienka-szmizjerka-maxi-o-luznym-kroju?utm_source=blog&utm_medium=wyprzedaz&utm_campaign=221122\" class=\"product-block-url\" target=\"_blank\">\r\n                    <div class=\"product-block-image\">\r\n                        <img decoding=\"async\" width=\"300\" height=\"400\" src=\"https:\/\/bialcon.pl\/picture\/sukienka-szmizjerka-o-luznym-oversizowym-kroju_5.jpg\" alt=\"Sukienka szmizjerka maxi o lu\u017anym kroju\">\r\n                    <\/div>\r\n                    <div class=\"product-block-name\">\r\n                        <p>Sukienka szmizjerka maxi o lu\u017anym kroju<\/p>\r\n                    <\/div>\r\n                <\/a>\r\n            <\/div>\r\n                    <div class=\"swiper-slide product-block-item\" data-id=\"147744\">\r\n                <a href=\"https:\/\/bialcon.pl\/wiskozowa-sukienka-szmizjerka-z-regulowana-talia?utm_source=blog&utm_medium=wyprzedaz&utm_campaign=221122\" class=\"product-block-url\" target=\"_blank\">\r\n                    <div class=\"product-block-image\">\r\n                        <img decoding=\"async\" width=\"300\" height=\"400\" src=\"https:\/\/bialcon.pl\/picture\/wiskozowa-sukienka-szmizjerka-z-regulowana-talia.jpg\" alt=\"Wiskozowa sukienka szmizjerka z regulowana tali\u0105\">\r\n                    <\/div>\r\n                    <div class=\"product-block-name\">\r\n                        <p>Wiskozowa sukienka szmizjerka z regulowana tali\u0105<\/p>\r\n                    <\/div>\r\n                <\/a>\r\n            <\/div>\r\n                    <div class=\"swiper-slide product-block-item\" data-id=\"147207\">\r\n                <a href=\"https:\/\/bialcon.pl\/elegancka-bawelniana-szmizjerka-z-szarfa?utm_source=blog&utm_medium=wyprzedaz&utm_campaign=221122\" class=\"product-block-url\" target=\"_blank\">\r\n                    <div class=\"product-block-image\">\r\n                        <img decoding=\"async\" width=\"300\" height=\"400\" src=\"https:\/\/bialcon.pl\/picture\/elegancka-bawelniana-szmizjerka-z-szarfa_1.jpg\" alt=\"Elegancka bawe\u0142niana szmizjerka z szarf\u0105\">\r\n                    <\/div>\r\n                    <div class=\"product-block-name\">\r\n                        <p>Elegancka bawe\u0142niana szmizjerka z szarf\u0105<\/p>\r\n                    <\/div>\r\n                <\/a>\r\n            <\/div>\r\n            <\/div>\r\n<\/div>\r\n\n\n\n\n<h2 class=\"wp-block-heading\"><span class=\"ez-toc-section\" id=\"Modne_sukienki_boho\"><\/span><strong>Modne sukienki boho<\/strong><span class=\"ez-toc-section-end\"><\/span><\/h2>\n\n\n\n<p>Etniczne wzory, nieprzymijaj\u0105cy czar retro, falbany lub fr\u0119dzle, ciemniejsze kolory \u2013 <a href=\"https:\/\/bialcon.pl\/odziez\/rabarbar\" target=\"_blank\" rel=\"noreferrer noopener\"><strong>sukienki boho<\/strong><\/a> nie wypadaj\u0105 z trend\u00f3w w modzie ju\u017c od lat. Takie kreacje cz\u0119sto wybieraj\u0105 kobiety, kt\u00f3re preferuj\u0105 maksymalizm, czyli po prostu lubi\u0105, gdy w ich szafach i stylizacjach du\u017co si\u0119 dzieje. Wzory, r\u00f3\u017cnorodne faktury tkanin, nietypowe fasony, mnogo\u015b\u0107 kolor\u00f3w i odwaga do eksperyment\u00f3w modowych \u2013 tak mo\u017cna w skr\u00f3cie okre\u015bli\u0107 podej\u015bcie maksymalistek.<\/p>\n\n\n\n<p><a href=\"https:\/\/bialcon.pl\/odziez\/rabarbar\" target=\"_blank\" rel=\"noreferrer noopener\"><strong>Sukienki boho<\/strong><\/a> idealnie wpisuj\u0105 si\u0119 w maksymalizm z uwagi na to, \u017ce pozwalaj\u0105 wyr\u00f3\u017cni\u0107 si\u0119 z t\u0142umu. Kobiety lubi\u0105 te\u017c podkre\u015bla\u0107 wyj\u0105tkowy charakter tych kreacji odpowiednio dobranymi dodatkami \u2013 np. etniczn\u0105 bi\u017cuteri\u0105, futrzan\u0105 kamizelk\u0105, butami typu kowbojki itp.<\/p>\n\n\n\r\n<div class=\"product-block-container swiper mySwiperProductBlock\">\r\n    <div class=\"product-block-swiper swiper-wrapper\">\r\n                    <div class=\"swiper-slide product-block-item\" data-id=\"147644\">\r\n                <a href=\"https:\/\/bialcon.pl\/wiskozowa-letnia-sukienka-z-kimonowym-rekawem?utm_source=blog&utm_medium=wyprzedaz&utm_campaign=221122\" class=\"product-block-url\" target=\"_blank\">\r\n                    <div class=\"product-block-image\">\r\n                        <img decoding=\"async\" width=\"300\" height=\"400\" src=\"https:\/\/bialcon.pl\/picture\/wiskozowa-letnia-sukienka-z-kimonowym-rekawem.jpg\" alt=\"Wiskozowa letnia sukienka z kimonowym r\u0119kawem\">\r\n                    <\/div>\r\n                    <div class=\"product-block-name\">\r\n                        <p>Wiskozowa letnia sukienka z kimonowym r\u0119kawem<\/p>\r\n                    <\/div>\r\n                <\/a>\r\n            <\/div>\r\n                    <div class=\"swiper-slide product-block-item\" data-id=\"147655\">\r\n                <a href=\"https:\/\/bialcon.pl\/kolorowa-sukienka-ze-zwiewnej-wiskozy-z-falbana?utm_source=blog&utm_medium=wyprzedaz&utm_campaign=221122\" class=\"product-block-url\" target=\"_blank\">\r\n                    <div class=\"product-block-image\">\r\n                        <img decoding=\"async\" width=\"300\" height=\"400\" src=\"https:\/\/bialcon.pl\/picture\/kolorowa-sukienka-ze-zwiewnej-wiskozy-z-falbana_2.jpg\" alt=\"Kolorowa sukienka ze zwiewnej wiskozy z falban\u0105\">\r\n                    <\/div>\r\n                    <div class=\"product-block-name\">\r\n                        <p>Kolorowa sukienka ze zwiewnej wiskozy z falban\u0105<\/p>\r\n                    <\/div>\r\n                <\/a>\r\n            <\/div>\r\n                    <div class=\"swiper-slide product-block-item\" data-id=\"147449\">\r\n                <a href=\"https:\/\/bialcon.pl\/bezowa-azurowa-sukienka-z-krotkim-rekawem?utm_source=blog&utm_medium=wyprzedaz&utm_campaign=221122\" class=\"product-block-url\" target=\"_blank\">\r\n                    <div class=\"product-block-image\">\r\n                        <img decoding=\"async\" width=\"300\" height=\"400\" src=\"https:\/\/bialcon.pl\/picture\/bezowa-azurowa-sukienka-z-krotkim-rekawem_3.jpg\" alt=\"Be\u017cowa a\u017curowa sukienka z kr\u00f3tkim r\u0119kawem\">\r\n                    <\/div>\r\n                    <div class=\"product-block-name\">\r\n                        <p>Be\u017cowa a\u017curowa sukienka z kr\u00f3tkim r\u0119kawem<\/p>\r\n                    <\/div>\r\n                <\/a>\r\n            <\/div>\r\n            <\/div>\r\n<\/div>\r\n\n\n\n\n<h2 class=\"wp-block-heading\"><span class=\"ez-toc-section\" id=\"Sukienki_boho_%E2%80%93_z_czym_je_nosic\"><\/span><strong>Sukienki boho \u2013 z czym je nosi\u0107?<\/strong><span class=\"ez-toc-section-end\"><\/span><\/h2>\n\n\n\n<p>Sukienka za kolano w orientalne wzory to propozycja, obok kt\u00f3rej trudno przej\u015b\u0107 oboj\u0119tnie. Pi\u0119kny, r\u00f3\u017cnobarwny print oraz czarna lam\u00f3wka przy dekolcie i mankietach przypadnie do gustu niejednej modowej maksymalistce. Nasycenie kolor\u00f3w i wzor\u00f3w, kt\u00f3re wyr\u00f3\u017cnia t\u0119 <a href=\"https:\/\/bialcon.pl\/odziez\/rabarbar\" target=\"_blank\" rel=\"noreferrer noopener\"><strong>sukienk\u0119 boho<\/strong><\/a>, sprawi, \u017ce b\u0119dziemy czu\u0107 si\u0119 w niej wyj\u0105tkowo \u2013 kobieco i oryginalnie. Zamszowe kozaki za kolano i narzutka typu ponczo idealnie uzupe\u0142ni\u0105 stylizacj\u0119. <\/p>\n\n\n\n<p>Zwiewna zak\u0142adana <a href=\"https:\/\/bialcon.pl\/odziez\/rabarbar\" target=\"_blank\" rel=\"noreferrer noopener\"><strong>sukienka boho<\/strong><\/a> z wi\u0105zaniem w pasie pozwoli nam si\u0119 poczu\u0107 kobieco i odrobin\u0119 nonszalancko. Z uwagi na takie elementy, jak dekolt w kszta\u0142cie V, mocno zaakcentowana talia, fason tej kreacji \u0142adnie modeluje sylwetk\u0119, a zwiewny materia\u0142 i falbana nadaj\u0105 jej lekko\u015bci. Ciemniejsze kolory nawi\u0105zuj\u0105 do stylu retro, uwag\u0119 przyci\u0105gaj\u0105 te\u017c pi\u0119kne wzory. Do sukienki warto za\u0142o\u017cy\u0107 botki za kostk\u0119 na obcasie i z\u0142oty naszyjnik z zawieszk\u0105, by zaakcentowa\u0107 dekolt. <\/p>\n\n\n\n<p><\/p>\n","protected":false},"excerpt":{"rendered":"<p>Od kilku sezon\u00f3w trwa moda na minimalizm \u2013 klasyczne kroje, stonowane kolory, zredukowane zdobienia. Liczy si\u0119 prostota i dobra jako\u015b\u0107. Z drugiej strony nie brakuje te\u017c fanek maksymalizmu, kt\u00f3re kochaj\u0105 nosi\u0107 sukienki boho, etniczn\u0105 bi\u017cuteri\u0119 i oryginalne dodatki. Je\u015bli nie jeste\u015b pewna, kt\u00f3ry styl jest Ci bli\u017cszy \u2013 po prostu czerp z jednego i drugiego. [&hellip;]<\/p>\n","protected":false},"author":10,"featured_media":6802,"comment_status":"closed","ping_status":"open","sticky":false,"template":"","format":"standard","meta":{"_acf_changed":false,"site-sidebar-layout":"default","site-content-layout":"","ast-site-content-layout":"default","site-content-style":"default","site-sidebar-style":"default","ast-global-header-display":"","ast-banner-title-visibility":"","ast-main-header-display":"","ast-hfb-above-header-display":"","ast-hfb-below-header-display":"","ast-hfb-mobile-header-display":"","site-post-title":"","ast-breadcrumbs-content":"","ast-featured-img":"","footer-sml-layout":"","theme-transparent-header-meta":"","adv-header-id-meta":"","stick-header-meta":"","header-above-stick-meta":"","header-main-stick-meta":"","header-below-stick-meta":"","astra-migrate-meta-layouts":"set","ast-page-background-enabled":"default","ast-page-background-meta":{"desktop":{"background-color":"","background-image":"","background-repeat":"repeat","background-position":"center center","background-size":"auto","background-attachment":"scroll","background-type":"","background-media":"","overlay-type":"","overlay-color":"","overlay-opacity":"","overlay-gradient":""},"tablet":{"background-color":"","background-image":"","background-repeat":"repeat","background-position":"center center","background-size":"auto","background-attachment":"scroll","background-type":"","background-media":"","overlay-type":"","overlay-color":"","overlay-opacity":"","overlay-gradient":""},"mobile":{"background-color":"","background-image":"","background-repeat":"repeat","background-position":"center center","background-size":"auto","background-attachment":"scroll","background-type":"","background-media":"","overlay-type":"","overlay-color":"","overlay-opacity":"","overlay-gradient":""}},"ast-content-background-meta":{"desktop":{"background-color":"var(--ast-global-color-5)","background-image":"","background-repeat":"repeat","background-position":"center center","background-size":"auto","background-attachment":"scroll","background-type":"","background-media":"","overlay-type":"","overlay-color":"","overlay-opacity":"","overlay-gradient":""},"tablet":{"background-color":"var(--ast-global-color-5)","background-image":"","background-repeat":"repeat","background-position":"center center","background-size":"auto","background-attachment":"scroll","background-type":"","background-media":"","overlay-type":"","overlay-color":"","overlay-opacity":"","overlay-gradient":""},"mobile":{"background-color":"var(--ast-global-color-5)","background-image":"","background-repeat":"repeat","background-position":"center center","background-size":"auto","background-attachment":"scroll","background-type":"","background-media":"","overlay-type":"","overlay-color":"","overlay-opacity":"","overlay-gradient":""}},"footnotes":""},"categories":[1,14],"tags":[],"class_list":["post-6796","post","type-post","status-publish","format-standard","has-post-thumbnail","hentry","category-styl-zycia","category-wszystkie-wpisy"],"acf":[],"yoast_head":"<!-- This site is optimized with the Yoast SEO plugin v27.4 - https:\/\/yoast.com\/product\/yoast-seo-wordpress\/ -->\n<title>Maksymalizm vs minimalizm \u2013 r\u00f3\u017cne oblicza mody - Bialcon<\/title>\n<meta name=\"description\" content=\"Od kilku sezon\u00f3w trwa moda na minimalizm \u2013 klasyczne kroje, stonowane kolory, zredukowane zdobienia. Liczy si\u0119 prostota i dobra jako\u015b\u0107.\" \/>\n<meta name=\"robots\" content=\"index, follow, max-snippet:-1, max-image-preview:large, max-video-preview:-1\" \/>\n<link rel=\"canonical\" href=\"https:\/\/bialcon.pl\/blog\/maksymalizm-vs-minimalizm-rozne-oblicza-mody\/\" \/>\n<meta name=\"twitter:label1\" content=\"Napisane przez\" \/>\n\t<meta name=\"twitter:data1\" content=\"Ma\u0142gorzata Brzezi\u0144ska\" \/>\n\t<meta name=\"twitter:label2\" content=\"Szacowany czas czytania\" \/>\n\t<meta name=\"twitter:data2\" content=\"4 minuty\" \/>\n<script type=\"application\/ld+json\" class=\"yoast-schema-graph\">{\"@context\":\"https:\\\/\\\/schema.org\",\"@graph\":[{\"@type\":\"Article\",\"@id\":\"https:\\\/\\\/bialcon.pl\\\/blog\\\/maksymalizm-vs-minimalizm-rozne-oblicza-mody\\\/#article\",\"isPartOf\":{\"@id\":\"https:\\\/\\\/bialcon.pl\\\/blog\\\/maksymalizm-vs-minimalizm-rozne-oblicza-mody\\\/\"},\"author\":{\"name\":\"Ma\u0142gorzata Brzezi\u0144ska\",\"@id\":\"https:\\\/\\\/bialcon.pl\\\/blog\\\/#\\\/schema\\\/person\\\/cbbe4ae2297c5abd7376399985d5fabb\"},\"headline\":\"Maksymalizm vs minimalizm \u2013 r\u00f3\u017cne oblicza mody\",\"datePublished\":\"2022-11-22T09:00:00+00:00\",\"dateModified\":\"2025-11-24T08:36:57+00:00\",\"mainEntityOfPage\":{\"@id\":\"https:\\\/\\\/bialcon.pl\\\/blog\\\/maksymalizm-vs-minimalizm-rozne-oblicza-mody\\\/\"},\"wordCount\":761,\"image\":{\"@id\":\"https:\\\/\\\/bialcon.pl\\\/blog\\\/maksymalizm-vs-minimalizm-rozne-oblicza-mody\\\/#primaryimage\"},\"thumbnailUrl\":\"https:\\\/\\\/bialcon.pl\\\/blog\\\/wp-content\\\/uploads\\\/2022\\\/11\\\/Projekt-bez-tytulu.jpg\",\"articleSection\":[\"Styl \u017bycia\",\"Wszystkie wpisy\"],\"inLanguage\":\"pl-PL\"},{\"@type\":\"WebPage\",\"@id\":\"https:\\\/\\\/bialcon.pl\\\/blog\\\/maksymalizm-vs-minimalizm-rozne-oblicza-mody\\\/\",\"url\":\"https:\\\/\\\/bialcon.pl\\\/blog\\\/maksymalizm-vs-minimalizm-rozne-oblicza-mody\\\/\",\"name\":\"Maksymalizm vs minimalizm \u2013 r\u00f3\u017cne oblicza mody - Bialcon\",\"isPartOf\":{\"@id\":\"https:\\\/\\\/bialcon.pl\\\/blog\\\/#website\"},\"primaryImageOfPage\":{\"@id\":\"https:\\\/\\\/bialcon.pl\\\/blog\\\/maksymalizm-vs-minimalizm-rozne-oblicza-mody\\\/#primaryimage\"},\"image\":{\"@id\":\"https:\\\/\\\/bialcon.pl\\\/blog\\\/maksymalizm-vs-minimalizm-rozne-oblicza-mody\\\/#primaryimage\"},\"thumbnailUrl\":\"https:\\\/\\\/bialcon.pl\\\/blog\\\/wp-content\\\/uploads\\\/2022\\\/11\\\/Projekt-bez-tytulu.jpg\",\"datePublished\":\"2022-11-22T09:00:00+00:00\",\"dateModified\":\"2025-11-24T08:36:57+00:00\",\"author\":{\"@id\":\"https:\\\/\\\/bialcon.pl\\\/blog\\\/#\\\/schema\\\/person\\\/cbbe4ae2297c5abd7376399985d5fabb\"},\"description\":\"Od kilku sezon\u00f3w trwa moda na minimalizm \u2013 klasyczne kroje, stonowane kolory, zredukowane zdobienia. Liczy si\u0119 prostota i dobra jako\u015b\u0107.\",\"breadcrumb\":{\"@id\":\"https:\\\/\\\/bialcon.pl\\\/blog\\\/maksymalizm-vs-minimalizm-rozne-oblicza-mody\\\/#breadcrumb\"},\"inLanguage\":\"pl-PL\",\"potentialAction\":[{\"@type\":\"ReadAction\",\"target\":[\"https:\\\/\\\/bialcon.pl\\\/blog\\\/maksymalizm-vs-minimalizm-rozne-oblicza-mody\\\/\"]}]},{\"@type\":\"ImageObject\",\"inLanguage\":\"pl-PL\",\"@id\":\"https:\\\/\\\/bialcon.pl\\\/blog\\\/maksymalizm-vs-minimalizm-rozne-oblicza-mody\\\/#primaryimage\",\"url\":\"https:\\\/\\\/bialcon.pl\\\/blog\\\/wp-content\\\/uploads\\\/2022\\\/11\\\/Projekt-bez-tytulu.jpg\",\"contentUrl\":\"https:\\\/\\\/bialcon.pl\\\/blog\\\/wp-content\\\/uploads\\\/2022\\\/11\\\/Projekt-bez-tytulu.jpg\",\"width\":960,\"height\":850,\"caption\":\"Wizualizacja kobiety w granatowej sukience midi kopertowej w niebieskie kwiaty z d\u0142ugim r\u0119kawem\"},{\"@type\":\"BreadcrumbList\",\"@id\":\"https:\\\/\\\/bialcon.pl\\\/blog\\\/maksymalizm-vs-minimalizm-rozne-oblicza-mody\\\/#breadcrumb\",\"itemListElement\":[{\"@type\":\"ListItem\",\"position\":1,\"name\":\"Strona g\u0142\u00f3wna\",\"item\":\"https:\\\/\\\/bialcon.pl\\\/blog\\\/\"},{\"@type\":\"ListItem\",\"position\":2,\"name\":\"Styl \u017bycia\",\"item\":\"https:\\\/\\\/bialcon.pl\\\/blog\\\/styl-zycia\\\/\"},{\"@type\":\"ListItem\",\"position\":3,\"name\":\"Maksymalizm vs minimalizm \u2013 r\u00f3\u017cne oblicza mody\"}]},{\"@type\":\"WebSite\",\"@id\":\"https:\\\/\\\/bialcon.pl\\\/blog\\\/#website\",\"url\":\"https:\\\/\\\/bialcon.pl\\\/blog\\\/\",\"name\":\"bialcon.pl\\\/blog\\\/\",\"description\":\"Fashion Blog w zasi\u0119gu Twojej r\u0119ki\",\"potentialAction\":[{\"@type\":\"SearchAction\",\"target\":{\"@type\":\"EntryPoint\",\"urlTemplate\":\"https:\\\/\\\/bialcon.pl\\\/blog\\\/?s={search_term_string}\"},\"query-input\":{\"@type\":\"PropertyValueSpecification\",\"valueRequired\":true,\"valueName\":\"search_term_string\"}}],\"inLanguage\":\"pl-PL\"},{\"@type\":\"Person\",\"@id\":\"https:\\\/\\\/bialcon.pl\\\/blog\\\/#\\\/schema\\\/person\\\/cbbe4ae2297c5abd7376399985d5fabb\",\"name\":\"Ma\u0142gorzata Brzezi\u0144ska\",\"image\":{\"@type\":\"ImageObject\",\"inLanguage\":\"pl-PL\",\"@id\":\"https:\\\/\\\/secure.gravatar.com\\\/avatar\\\/3fc4a4cdba63586f503a5c5711e9b04d01ab1234b186b03e727ad902b6f4912d?s=96&d=mm&r=g\",\"url\":\"https:\\\/\\\/secure.gravatar.com\\\/avatar\\\/3fc4a4cdba63586f503a5c5711e9b04d01ab1234b186b03e727ad902b6f4912d?s=96&d=mm&r=g\",\"contentUrl\":\"https:\\\/\\\/secure.gravatar.com\\\/avatar\\\/3fc4a4cdba63586f503a5c5711e9b04d01ab1234b186b03e727ad902b6f4912d?s=96&d=mm&r=g\",\"caption\":\"Ma\u0142gorzata Brzezi\u0144ska\"},\"description\":\"Autorka tre\u015bci z zakresu mody, urody i stylu \u017cycia. Tworzy artyku\u0142y i poradniki oparte na analizie trend\u00f3w oraz potrzeb u\u017cytkownik\u00f3w, \u0142\u0105cz\u0105c wiedz\u0119 z zakresu komunikacji marketingowej i praktyki contentowej. Specjalizuje si\u0119 w bran\u017cach fashion, beauty &amp; health oraz gourmet food, przygotowuj\u0105c tre\u015bci dopasowane do realnych sytuacji i wybor\u00f3w konsumenckich. Na co dzie\u0144 zajmuje si\u0119 r\u00f3wnie\u017c content marketingiem i SEO.\",\"sameAs\":[\"https:\\\/\\\/www.linkedin.com\\\/in\\\/gosia-brzezinska-827052b4\\\/\"],\"url\":\"https:\\\/\\\/bialcon.pl\\\/blog\\\/author\\\/brzezinska\\\/\"}]}<\/script>\n<!-- \/ Yoast SEO plugin. -->","yoast_head_json":{"title":"Maksymalizm vs minimalizm \u2013 r\u00f3\u017cne oblicza mody - Bialcon","description":"Od kilku sezon\u00f3w trwa moda na minimalizm \u2013 klasyczne kroje, stonowane kolory, zredukowane zdobienia. Liczy si\u0119 prostota i dobra jako\u015b\u0107.","robots":{"index":"index","follow":"follow","max-snippet":"max-snippet:-1","max-image-preview":"max-image-preview:large","max-video-preview":"max-video-preview:-1"},"canonical":"https:\/\/bialcon.pl\/blog\/maksymalizm-vs-minimalizm-rozne-oblicza-mody\/","twitter_misc":{"Napisane przez":"Ma\u0142gorzata Brzezi\u0144ska","Szacowany czas czytania":"4 minuty"},"schema":{"@context":"https:\/\/schema.org","@graph":[{"@type":"Article","@id":"https:\/\/bialcon.pl\/blog\/maksymalizm-vs-minimalizm-rozne-oblicza-mody\/#article","isPartOf":{"@id":"https:\/\/bialcon.pl\/blog\/maksymalizm-vs-minimalizm-rozne-oblicza-mody\/"},"author":{"name":"Ma\u0142gorzata Brzezi\u0144ska","@id":"https:\/\/bialcon.pl\/blog\/#\/schema\/person\/cbbe4ae2297c5abd7376399985d5fabb"},"headline":"Maksymalizm vs minimalizm \u2013 r\u00f3\u017cne oblicza mody","datePublished":"2022-11-22T09:00:00+00:00","dateModified":"2025-11-24T08:36:57+00:00","mainEntityOfPage":{"@id":"https:\/\/bialcon.pl\/blog\/maksymalizm-vs-minimalizm-rozne-oblicza-mody\/"},"wordCount":761,"image":{"@id":"https:\/\/bialcon.pl\/blog\/maksymalizm-vs-minimalizm-rozne-oblicza-mody\/#primaryimage"},"thumbnailUrl":"https:\/\/bialcon.pl\/blog\/wp-content\/uploads\/2022\/11\/Projekt-bez-tytulu.jpg","articleSection":["Styl \u017bycia","Wszystkie wpisy"],"inLanguage":"pl-PL"},{"@type":"WebPage","@id":"https:\/\/bialcon.pl\/blog\/maksymalizm-vs-minimalizm-rozne-oblicza-mody\/","url":"https:\/\/bialcon.pl\/blog\/maksymalizm-vs-minimalizm-rozne-oblicza-mody\/","name":"Maksymalizm vs minimalizm \u2013 r\u00f3\u017cne oblicza mody - Bialcon","isPartOf":{"@id":"https:\/\/bialcon.pl\/blog\/#website"},"primaryImageOfPage":{"@id":"https:\/\/bialcon.pl\/blog\/maksymalizm-vs-minimalizm-rozne-oblicza-mody\/#primaryimage"},"image":{"@id":"https:\/\/bialcon.pl\/blog\/maksymalizm-vs-minimalizm-rozne-oblicza-mody\/#primaryimage"},"thumbnailUrl":"https:\/\/bialcon.pl\/blog\/wp-content\/uploads\/2022\/11\/Projekt-bez-tytulu.jpg","datePublished":"2022-11-22T09:00:00+00:00","dateModified":"2025-11-24T08:36:57+00:00","author":{"@id":"https:\/\/bialcon.pl\/blog\/#\/schema\/person\/cbbe4ae2297c5abd7376399985d5fabb"},"description":"Od kilku sezon\u00f3w trwa moda na minimalizm \u2013 klasyczne kroje, stonowane kolory, zredukowane zdobienia. Liczy si\u0119 prostota i dobra jako\u015b\u0107.","breadcrumb":{"@id":"https:\/\/bialcon.pl\/blog\/maksymalizm-vs-minimalizm-rozne-oblicza-mody\/#breadcrumb"},"inLanguage":"pl-PL","potentialAction":[{"@type":"ReadAction","target":["https:\/\/bialcon.pl\/blog\/maksymalizm-vs-minimalizm-rozne-oblicza-mody\/"]}]},{"@type":"ImageObject","inLanguage":"pl-PL","@id":"https:\/\/bialcon.pl\/blog\/maksymalizm-vs-minimalizm-rozne-oblicza-mody\/#primaryimage","url":"https:\/\/bialcon.pl\/blog\/wp-content\/uploads\/2022\/11\/Projekt-bez-tytulu.jpg","contentUrl":"https:\/\/bialcon.pl\/blog\/wp-content\/uploads\/2022\/11\/Projekt-bez-tytulu.jpg","width":960,"height":850,"caption":"Wizualizacja kobiety w granatowej sukience midi kopertowej w niebieskie kwiaty z d\u0142ugim r\u0119kawem"},{"@type":"BreadcrumbList","@id":"https:\/\/bialcon.pl\/blog\/maksymalizm-vs-minimalizm-rozne-oblicza-mody\/#breadcrumb","itemListElement":[{"@type":"ListItem","position":1,"name":"Strona g\u0142\u00f3wna","item":"https:\/\/bialcon.pl\/blog\/"},{"@type":"ListItem","position":2,"name":"Styl \u017bycia","item":"https:\/\/bialcon.pl\/blog\/styl-zycia\/"},{"@type":"ListItem","position":3,"name":"Maksymalizm vs minimalizm \u2013 r\u00f3\u017cne oblicza mody"}]},{"@type":"WebSite","@id":"https:\/\/bialcon.pl\/blog\/#website","url":"https:\/\/bialcon.pl\/blog\/","name":"bialcon.pl\/blog\/","description":"Fashion Blog w zasi\u0119gu Twojej r\u0119ki","potentialAction":[{"@type":"SearchAction","target":{"@type":"EntryPoint","urlTemplate":"https:\/\/bialcon.pl\/blog\/?s={search_term_string}"},"query-input":{"@type":"PropertyValueSpecification","valueRequired":true,"valueName":"search_term_string"}}],"inLanguage":"pl-PL"},{"@type":"Person","@id":"https:\/\/bialcon.pl\/blog\/#\/schema\/person\/cbbe4ae2297c5abd7376399985d5fabb","name":"Ma\u0142gorzata Brzezi\u0144ska","image":{"@type":"ImageObject","inLanguage":"pl-PL","@id":"https:\/\/secure.gravatar.com\/avatar\/3fc4a4cdba63586f503a5c5711e9b04d01ab1234b186b03e727ad902b6f4912d?s=96&d=mm&r=g","url":"https:\/\/secure.gravatar.com\/avatar\/3fc4a4cdba63586f503a5c5711e9b04d01ab1234b186b03e727ad902b6f4912d?s=96&d=mm&r=g","contentUrl":"https:\/\/secure.gravatar.com\/avatar\/3fc4a4cdba63586f503a5c5711e9b04d01ab1234b186b03e727ad902b6f4912d?s=96&d=mm&r=g","caption":"Ma\u0142gorzata Brzezi\u0144ska"},"description":"Autorka tre\u015bci z zakresu mody, urody i stylu \u017cycia. Tworzy artyku\u0142y i poradniki oparte na analizie trend\u00f3w oraz potrzeb u\u017cytkownik\u00f3w, \u0142\u0105cz\u0105c wiedz\u0119 z zakresu komunikacji marketingowej i praktyki contentowej. Specjalizuje si\u0119 w bran\u017cach fashion, beauty &amp; health oraz gourmet food, przygotowuj\u0105c tre\u015bci dopasowane do realnych sytuacji i wybor\u00f3w konsumenckich. Na co dzie\u0144 zajmuje si\u0119 r\u00f3wnie\u017c content marketingiem i SEO.","sameAs":["https:\/\/www.linkedin.com\/in\/gosia-brzezinska-827052b4\/"],"url":"https:\/\/bialcon.pl\/blog\/author\/brzezinska\/"}]}},"_links":{"self":[{"href":"https:\/\/bialcon.pl\/blog\/wp-json\/wp\/v2\/posts\/6796","targetHints":{"allow":["GET"]}}],"collection":[{"href":"https:\/\/bialcon.pl\/blog\/wp-json\/wp\/v2\/posts"}],"about":[{"href":"https:\/\/bialcon.pl\/blog\/wp-json\/wp\/v2\/types\/post"}],"author":[{"embeddable":true,"href":"https:\/\/bialcon.pl\/blog\/wp-json\/wp\/v2\/users\/10"}],"replies":[{"embeddable":true,"href":"https:\/\/bialcon.pl\/blog\/wp-json\/wp\/v2\/comments?post=6796"}],"version-history":[{"count":7,"href":"https:\/\/bialcon.pl\/blog\/wp-json\/wp\/v2\/posts\/6796\/revisions"}],"predecessor-version":[{"id":11494,"href":"https:\/\/bialcon.pl\/blog\/wp-json\/wp\/v2\/posts\/6796\/revisions\/11494"}],"wp:featuredmedia":[{"embeddable":true,"href":"https:\/\/bialcon.pl\/blog\/wp-json\/wp\/v2\/media\/6802"}],"wp:attachment":[{"href":"https:\/\/bialcon.pl\/blog\/wp-json\/wp\/v2\/media?parent=6796"}],"wp:term":[{"taxonomy":"category","embeddable":true,"href":"https:\/\/bialcon.pl\/blog\/wp-json\/wp\/v2\/categories?post=6796"},{"taxonomy":"post_tag","embeddable":true,"href":"https:\/\/bialcon.pl\/blog\/wp-json\/wp\/v2\/tags?post=6796"}],"curies":[{"name":"wp","href":"https:\/\/api.w.org\/{rel}","templated":true}]}}