{"id":6774,"date":"2022-11-17T10:00:00","date_gmt":"2022-11-17T09:00:00","guid":{"rendered":"https:\/\/bialcon.pl\/blog\/?p=6774"},"modified":"2025-11-24T09:36:30","modified_gmt":"2025-11-24T08:36:30","slug":"modne-kurtki-na-zime-puch-czy-pik","status":"publish","type":"post","link":"https:\/\/bialcon.pl\/blog\/modne-kurtki-na-zime-puch-czy-pik\/","title":{"rendered":"Modne kurtki na zim\u0119. Puch czy pik?"},"content":{"rendered":"<div id=\"ez-toc-container\" class=\"ez-toc-v2_0_82_2 counter-hierarchy ez-toc-counter ez-toc-custom ez-toc-container-direction\">\n<div class=\"ez-toc-title-container\"><p class=\"ez-toc-title\" style=\"cursor:inherit\">Spis Tre\u015bci<\/p>\n<\/div><nav><ul class='ez-toc-list ez-toc-list-level-1 ' ><li class='ez-toc-page-1 ez-toc-heading-level-2'><a class=\"ez-toc-link ez-toc-heading-1\" href=\"https:\/\/bialcon.pl\/blog\/modne-kurtki-na-zime-puch-czy-pik\/#Kurtki_pikowane_i_puchowe_idealne_na_zime\" >Kurtki pikowane i puchowe idealne na zim\u0119!<\/a><\/li><li class='ez-toc-page-1 ez-toc-heading-level-2'><a class=\"ez-toc-link ez-toc-heading-2\" href=\"https:\/\/bialcon.pl\/blog\/modne-kurtki-na-zime-puch-czy-pik\/#Kurtki_puchowe_vs_kurtki_pikowane_%E2%80%93_ktore_sa_lepsze\" >Kurtki puchowe vs kurtki pikowane \u2013 kt\u00f3re s\u0105 lepsze?<\/a><\/li><li class='ez-toc-page-1 ez-toc-heading-level-2'><a class=\"ez-toc-link ez-toc-heading-3\" href=\"https:\/\/bialcon.pl\/blog\/modne-kurtki-na-zime-puch-czy-pik\/#Jaka_kurtke_zimowa_wybrac_Stylowe_wskazowki\" >Jak\u0105 kurtk\u0119 zimow\u0105 wybra\u0107? Stylowe wskaz\u00f3wki<\/a><\/li><li class='ez-toc-page-1 ez-toc-heading-level-2'><a class=\"ez-toc-link ez-toc-heading-4\" href=\"https:\/\/bialcon.pl\/blog\/modne-kurtki-na-zime-puch-czy-pik\/#Funkcjonalnosc_modelu\" >Funkcjonalno\u015b\u0107 modelu<\/a><\/li><li class='ez-toc-page-1 ez-toc-heading-level-2'><a class=\"ez-toc-link ez-toc-heading-5\" href=\"https:\/\/bialcon.pl\/blog\/modne-kurtki-na-zime-puch-czy-pik\/#Preferowany_styl_i_kolor\" >Preferowany styl i kolor<\/a><\/li><li class='ez-toc-page-1 ez-toc-heading-level-2'><a class=\"ez-toc-link ez-toc-heading-6\" href=\"https:\/\/bialcon.pl\/blog\/modne-kurtki-na-zime-puch-czy-pik\/#Ciepla_kurtka_czyli_sposob_na_zimowy_sezon\" >Ciep\u0142a kurtka czyli spos\u00f3b na zimowy sezon<\/a><\/li><\/ul><\/nav><\/div>\n\n<p><strong>Wraz z nadej\u015bciem ni\u017cszych temperatur, chowamy do szafy lekkie trencze i ramoneski, si\u0119gaj\u0105c po ciep\u0142e okrycia wierzchnie, takie jak pikowane i puchowe kurtki. Kt\u00f3re z nich stanowi\u0105 lepsz\u0105 opcj\u0119 na zim\u0119? Chcesz wiedzie\u0107, jak wybra\u0107 idealn\u0105 ciep\u0142\u0105 kurtk\u0119? Tego wszystkiego dowiesz si\u0119 z dzisiejszego wpisu.<\/strong><\/p>\n\n\n\n<h2 class=\"wp-block-heading\"><span class=\"ez-toc-section\" id=\"Kurtki_pikowane_i_puchowe_idealne_na_zime\"><\/span><strong>Kurtki pikowane i puchowe idealne na zim\u0119!<\/strong><span class=\"ez-toc-section-end\"><\/span><\/h2>\n\n\n\n<p><a href=\"https:\/\/bialcon.pl\/odziez\/plaszcze-damskie\/plaszcze-pikowane\" target=\"_blank\" rel=\"noreferrer noopener\"><strong>Kurtki zimowe damskie<\/strong><\/a> wyst\u0119puj\u0105 w wielu ods\u0142onach. Czym r\u00f3\u017cni si\u0119 zimowa <a href=\"https:\/\/bialcon.pl\/odziez\/kurtki-damskie\" target=\"_blank\" rel=\"noreferrer noopener\"><strong>kurtka pikowana damska<\/strong><\/a> od tej puchowej? Pierwsza z nich posiada charakterystyczne przeszycia, czyli pikowania, kt\u00f3re maj\u0105 na celu r\u00f3wnomierne rozprowadzenie i przytrzymanie w wyznaczonym miejscu warstwy ocieplacza. Pikowanie spe\u0142nia tak\u017ce funkcj\u0119 ozdobn\u0105, a dzi\u0119ki niemu kurtka staje si\u0119 bardziej efektowna. Pikowane kurtki mog\u0105 mie\u0107 przeszycia nie tylko w postaci popularnych pas\u00f3w, ale tak\u017ce w innych kszta\u0142tach, takich jak romby, jode\u0142ka oraz plastry miodu.<\/p>\n\n\n\n<p><a href=\"https:\/\/bialcon.pl\/odziez\/plaszcze-damskie\/plaszcze-puchowe\" target=\"_blank\" rel=\"noreferrer noopener\"><strong>Kurtka puchowa damska<\/strong><\/a> to po prostu kurtka wype\u0142niona puchem &#8211; tym syntetycznym, wykonanym najcz\u0119\u015bciej z poliestru b\u0105d\u017a puchem naturalnym, pochodz\u0105cym od kaczek lub g\u0119si. Chocia\u017c istniej\u0105 puchowe kurtki i p\u0142aszcze bez klasycznego pikowania, w wi\u0119kszo\u015bci przypadk\u00f3w, kurtka wype\u0142niona puchem posiada przeszycia, co sprawia, \u017ce okre\u015blenia kurtka puchowa lub kurtka pikowana s\u0105 stosowane wymiennie.<\/p>\n\n\n\n<h2 class=\"wp-block-heading\"><span class=\"ez-toc-section\" id=\"Kurtki_puchowe_vs_kurtki_pikowane_%E2%80%93_ktore_sa_lepsze\"><\/span><strong>Kurtki puchowe vs kurtki pikowane \u2013 kt\u00f3re s\u0105 lepsze?<\/strong><span class=\"ez-toc-section-end\"><\/span><\/h2>\n\n\n\n<p>Czy kurtka pikowana z ociepleniem jest lepsza ni\u017c kurtka puchowa? Zar\u00f3wno jedna, jak i druga <a href=\"https:\/\/bialcon.pl\/odziez\/kurtki-damskie\/kurtki-zimowe-damskie\" target=\"_blank\" rel=\"noreferrer noopener\"><strong>zimowa kurtka<\/strong><\/a> izoluje od zimna, otulaj\u0105c sylwetk\u0119. Kurtka z pikowaniem czasem bywa cie\u0144sza i kr\u00f3tsza ni\u017c ta z puchowym wype\u0142nieniem. Jednocze\u015bnie jednak kurtka z naturalnym puchem jest mniej odporna na intensywne opady, ni\u017c pikowany model z ocieplin\u0105 syntetyczn\u0105, kt\u00f3rego wierzchnia warstwa nierzadko jest uszyta z impregnowanego materia\u0142u. Ponadto okrycia wierzchnie z naturalnym puchem w \u015brodku bywaj\u0105 wi\u0119kszym wydatkiem i wymagaj\u0105 nieco wi\u0119cej uwagi przy piel\u0119gnacji ani\u017celi <a href=\"https:\/\/bialcon.pl\/odziez\/kurtki-damskie\" target=\"_blank\" rel=\"noreferrer noopener\"><strong>kurtka pikowana damska<\/strong> <\/a>z warstw\u0105 poliestrowego ocieplacza lub <a href=\"https:\/\/bialcon.pl\/odziez\/plaszcze-damskie\/plaszcze-puchowe\" target=\"_blank\" rel=\"noreferrer noopener\"><strong>kurtka puchowa<\/strong><\/a> z puchem syntetycznym. Niezale\u017cnie od nazewnictwa, najlepszym wyborem jest zimowa kurtka, kt\u00f3ra spe\u0142nia Twoje oczekiwania &#8211; zar\u00f3wno pod wzgl\u0119dem wygl\u0105du, jak i walor\u00f3w u\u017cytkowych.<\/p>\n\n\n\r\n<div class=\"product-block-container swiper mySwiperProductBlock\">\r\n    <div class=\"product-block-swiper swiper-wrapper\">\r\n                    <div class=\"swiper-slide product-block-item\" data-id=\"147728\">\r\n                <a href=\"https:\/\/bialcon.pl\/pikowana-przejsciowa-kurtka-w-kolorze-czarnym?utm_source=blog&utm_medium=wyprzedaz&utm_campaign=171122\" class=\"product-block-url\" target=\"_blank\">\r\n                    <div class=\"product-block-image\">\r\n                        <img decoding=\"async\" width=\"300\" height=\"400\" src=\"https:\/\/bialcon.pl\/picture\/pikowana-przejsciowa-kurtka-w-kolorze-czarnym.jpg\" alt=\"Pikowana przej\u015bciowa kurtka w kolorze czarnym\">\r\n                    <\/div>\r\n                    <div class=\"product-block-name\">\r\n                        <p>Pikowana przej\u015bciowa kurtka w kolorze czarnym<\/p>\r\n                    <\/div>\r\n                <\/a>\r\n            <\/div>\r\n                    <div class=\"swiper-slide product-block-item\" data-id=\"147729\">\r\n                <a href=\"https:\/\/bialcon.pl\/pikowana-przejsciowa-kurtka-w-kolorze-ciemnego-granatu?utm_source=blog&utm_medium=wyprzedaz&utm_campaign=171122\" class=\"product-block-url\" target=\"_blank\">\r\n                    <div class=\"product-block-image\">\r\n                        <img decoding=\"async\" width=\"300\" height=\"400\" src=\"https:\/\/bialcon.pl\/picture\/pikowana-przejsciowa-kurtka-w-kolorze-ciemnego-granatu.jpg\" alt=\"Pikowana przej\u015bciowa kurtka w kolorze ciemnego granatu\">\r\n                    <\/div>\r\n                    <div class=\"product-block-name\">\r\n                        <p>Pikowana przej\u015bciowa kurtka w kolorze ciemnego granatu<\/p>\r\n                    <\/div>\r\n                <\/a>\r\n            <\/div>\r\n                    <div class=\"swiper-slide product-block-item\" data-id=\"147730\">\r\n                <a href=\"https:\/\/bialcon.pl\/przejsciowa-kurtka-z-pikowanej-czarnej-tkaniny?utm_source=blog&utm_medium=wyprzedaz&utm_campaign=171122\" class=\"product-block-url\" target=\"_blank\">\r\n                    <div class=\"product-block-image\">\r\n                        <img decoding=\"async\" width=\"300\" height=\"400\" src=\"https:\/\/bialcon.pl\/picture\/kurtka-ble-260048-f-czarny_2.jpg\" alt=\"Przej\u015bciowa kurtka z pikowanej czarnej tkaniny\">\r\n                    <\/div>\r\n                    <div class=\"product-block-name\">\r\n                        <p>Przej\u015bciowa kurtka z pikowanej czarnej tkaniny<\/p>\r\n                    <\/div>\r\n                <\/a>\r\n            <\/div>\r\n            <\/div>\r\n<\/div>\r\n\n\n\n\n<h2 class=\"wp-block-heading\"><span class=\"ez-toc-section\" id=\"Jaka_kurtke_zimowa_wybrac_Stylowe_wskazowki\"><\/span><strong>Jak\u0105 kurtk\u0119 zimow\u0105 wybra\u0107? Stylowe wskaz\u00f3wki<\/strong><span class=\"ez-toc-section-end\"><\/span><\/h2>\n\n\n\n<p>Je\u015bli chcesz wybra\u0107 dla siebie now\u0105 kurtk\u0119, spieszymy z podpowiedziami, dzi\u0119ki kt\u00f3rym wybierzesz t\u0119 najlepsz\u0105 dla siebie. Niezale\u017cnie, czy skusi Ci\u0119 prosta kurtka pikowana, czy d\u0142uga <a href=\"https:\/\/bialcon.pl\/odziez\/plaszcze-damskie\/plaszcze-puchowe\" target=\"_blank\" rel=\"noreferrer noopener\"><strong>kurtka puchowa damska<\/strong><\/a>, wa\u017cne jest to, by\u015b by\u0142a z niej zadowolona w 100%. Chodzi przecie\u017c o towarzyszk\u0119 na d\u0142ugie zimowe miesi\u0105ce! Aktualizuj\u0105c garderob\u0119, we\u017a pod uwag\u0119:<\/p>\n\n\n\n<p><strong>Fason i d\u0142ugo\u015b\u0107 kurtki<\/strong><\/p>\n\n\n\n<p>Puchowe i <a href=\"https:\/\/bialcon.pl\/odziez\/kurtki-damskie\" target=\"_blank\" rel=\"noreferrer noopener\"><strong>pikowane kurtki<\/strong><\/a> nie zawsze musz\u0105 by\u0107 kr\u00f3tkie, a ich noszenie nie musi optycznie dodawa\u0107 kilogram\u00f3w. Twojemu zainteresowaniu polecamy zar\u00f3wno zimowe kurtki o d\u0142ugo\u015bci si\u0119gaj\u0105cej bioder, jak i te o nieco wyd\u0142u\u017conej linii, ko\u0144cz\u0105ce si\u0119 na przyk\u0142ad w okolicy uda. Na topie s\u0105 lekko oversizowe kurtki puchowe, kt\u00f3re rewelacyjnie kontrastuj\u0105 ze smuk\u0142o\u015bci\u0105 n\u00f3g, jak i bardziej dopasowane modele, nierzadko wzbogacone paskiem w talii. Je\u015bli chcia\u0142aby\u015b nosi\u0107 <a href=\"https:\/\/bialcon.pl\/odziez\/plaszcze-damskie\/plaszcze-puchowe\" target=\"_blank\" rel=\"noreferrer noopener\"><strong>puchow\u0105 kurtk\u0119<\/strong><\/a>, ale obawiasz si\u0119 poszerzenia sylwetki, \u015bmia\u0142o si\u0119gaj po egzemplarze o nieregularnie zag\u0119szczonym pikowaniu oraz kieruj si\u0119 ku modelom o nieco mniejszej obj\u0119to\u015bci.<\/p>\n\n\n\r\n<div class=\"product-block-container swiper mySwiperProductBlock\">\r\n    <div class=\"product-block-swiper swiper-wrapper\">\r\n                    <div class=\"swiper-slide product-block-item\" data-id=\"147041\">\r\n                <a href=\"https:\/\/bialcon.pl\/puchowa-wygodna-kurtka-z-kapturem-i-futerkiem?utm_source=blog&utm_medium=wyprzedaz&utm_campaign=171122\" class=\"product-block-url\" target=\"_blank\">\r\n                    <div class=\"product-block-image\">\r\n                        <img decoding=\"async\" width=\"300\" height=\"400\" src=\"https:\/\/bialcon.pl\/picture\/kurtka-blh-254152-fxr-ecru.png\" alt=\"Puchowa wygodna kurtka z kapturem i futerkiem\">\r\n                    <\/div>\r\n                    <div class=\"product-block-name\">\r\n                        <p>Puchowa wygodna kurtka z kapturem i futerkiem<\/p>\r\n                    <\/div>\r\n                <\/a>\r\n            <\/div>\r\n                    <div class=\"swiper-slide product-block-item\" data-id=\"147043\">\r\n                <a href=\"https:\/\/bialcon.pl\/puchowa-dluga-kurtka-w-kolorze-cappuccino?utm_source=blog&utm_medium=wyprzedaz&utm_campaign=171122\" class=\"product-block-url\" target=\"_blank\">\r\n                    <div class=\"product-block-image\">\r\n                        <img decoding=\"async\" width=\"300\" height=\"400\" src=\"https:\/\/bialcon.pl\/picture\/kurtka-blh-251050-fxr-braz_1.png\" alt=\"Puchowa d\u0142uga kurtka w kolorze cappuccino\">\r\n                    <\/div>\r\n                    <div class=\"product-block-name\">\r\n                        <p>Puchowa d\u0142uga kurtka w kolorze cappuccino<\/p>\r\n                    <\/div>\r\n                <\/a>\r\n            <\/div>\r\n                    <div class=\"swiper-slide product-block-item\" data-id=\"147044\">\r\n                <a href=\"https:\/\/bialcon.pl\/czarna-krotka-kurtka-z-naturalnym-wypelnieniem?utm_source=blog&utm_medium=wyprzedaz&utm_campaign=171122\" class=\"product-block-url\" target=\"_blank\">\r\n                    <div class=\"product-block-image\">\r\n                        <img decoding=\"async\" width=\"300\" height=\"400\" src=\"https:\/\/bialcon.pl\/picture\/kurtka-blh-252517-fxr-czarny.png\" alt=\"Czarna kr\u00f3tka kurtka z naturalnym wype\u0142nieniem\">\r\n                    <\/div>\r\n                    <div class=\"product-block-name\">\r\n                        <p>Czarna kr\u00f3tka kurtka z naturalnym wype\u0142nieniem<\/p>\r\n                    <\/div>\r\n                <\/a>\r\n            <\/div>\r\n            <\/div>\r\n<\/div>\r\n\n\n\n\n<h2 class=\"wp-block-heading\"><span class=\"ez-toc-section\" id=\"Funkcjonalnosc_modelu\"><\/span><strong>Funkcjonalno\u015b\u0107 modelu<\/strong><span class=\"ez-toc-section-end\"><\/span><\/h2>\n\n\n\n<p>A wi\u0119c &#8211; materia\u0142, z kt\u00f3rego uszyta jest kurtka i wype\u0142nienie, kt\u00f3re jej towarzyszy. Zar\u00f3wno <a href=\"https:\/\/bialcon.pl\/odziez\/kurtki-damskie\" target=\"_blank\" rel=\"noreferrer noopener\"><strong>pikowana kurtka damska<\/strong><\/a>, jak i okrycie wierzchnie z naturalnym puchem posiadaj\u0105 wiele niezaprzeczalnych zalet. Je\u015bli zale\u017cy Ci na ochronie przed wiatrem i \u015bnie\u017cyc\u0105, zainteresuj si\u0119 modelami ze st\u00f3jk\u0105, kapturem i sztormowymi mankietami, a je\u015bli lubisz mi\u0119kkie przytulne wyko\u0144czenia, zerknij na kurtki wyko\u0144czone futerkiem. Istotne jest tak\u017ce to, jak zapinany jest wybrany przez Ciebie model- posiada zatrzaski, czy suwak? A mo\u017ce jest zapinany podw\u00f3jnie, co zapewnia jeszcze lepsz\u0105 ochron\u0119 przed ch\u0142odnym powietrzem? Wybieraj\u0105c <a href=\"https:\/\/bialcon.pl\/odziez\/plaszcze-damskie\/plaszcze-puchowe\" target=\"_blank\" rel=\"noreferrer noopener\"><strong>puchow\u0105 kurtk\u0119<\/strong><\/a>, dobrze jest zastanowi\u0107 si\u0119, z czym najcz\u0119\u015bciej b\u0119dziesz j\u0105 nosi\u0107. Kr\u00f3tsze, lu\u017aniejsze modele najlepiej wygl\u0105daj\u0105 ze spodniami, a <a href=\"https:\/\/bialcon.pl\/odziez\/kurtki-damskie\/dlugie-kurtki-damskie\" target=\"_blank\" rel=\"noreferrer noopener\"><strong>d\u0142u\u017csze kurtki<\/strong><\/a> nadaj\u0105 si\u0119 te\u017c do sp\u00f3dnic i sukienek.<\/p>\n\n\n\n<h2 class=\"wp-block-heading\"><span class=\"ez-toc-section\" id=\"Preferowany_styl_i_kolor\"><\/span><strong>Preferowany styl i kolor<\/strong><span class=\"ez-toc-section-end\"><\/span><\/h2>\n\n\n\n<p><a href=\"https:\/\/bialcon.pl\/odziez\/kurtki-damskie\/kurtki-zimowe-damskie\" target=\"_blank\" rel=\"noreferrer noopener\"><strong>Zimowa kurtka<\/strong><\/a> powinna wsp\u00f3\u0142gra\u0107 z tym, jak si\u0119 nosisz, poniewa\u017c tylko wtedy b\u0119dziesz zak\u0142ada\u0107 j\u0105 z prawdziw\u0105 przyjemno\u015bci\u0105. Inna <a href=\"https:\/\/bialcon.pl\/odziez\/plaszcze-damskie\/plaszcze-puchowe\" target=\"_blank\" rel=\"noreferrer noopener\"><strong>kurtka puchowa damska<\/strong><\/a> pasuje do mi\u0142o\u015bniczki sportowego luzu, a nieco odmienny model sprosta gustom kobiety, kt\u00f3ra ceni wielkomiejsk\u0105 elegancj\u0119. Bardzo istotny jest tak\u017ce odcie\u0144 okrycia wierzchniego, na kt\u00f3re si\u0119 zdecydujesz. B\u0142\u0119kitna, czerwona lub zielona kurtka to wyb\u00f3r, kt\u00f3ry znakomicie podkr\u0119ci ciep\u0142e stylizacje. Czarna i be\u017cowa <a href=\"https:\/\/bialcon.pl\/odziez\/kurtki-damskie\" target=\"_blank\" rel=\"noreferrer noopener\"><strong>kurtka pikowana damska<\/strong><\/a> s\u0105 ponadczasowe i harmonizuj\u0105 z wieloma dodatkami. Natomiast designerska kurtka we wzory wyr\u00f3\u017cni Ci\u0119 z t\u0142umu.<\/p>\n\n\n\n<h2 class=\"wp-block-heading\"><span class=\"ez-toc-section\" id=\"Ciepla_kurtka_czyli_sposob_na_zimowy_sezon\"><\/span><strong>Ciep\u0142a kurtka czyli spos\u00f3b na zimowy sezon<\/strong><span class=\"ez-toc-section-end\"><\/span><\/h2>\n\n\n\n<p><a href=\"https:\/\/bialcon.pl\/odziez\/plaszcze-damskie\/plaszcze-pikowane\" target=\"_blank\" rel=\"noreferrer noopener\"><strong>Kurtki zimowe damskie<\/strong><\/a> to najlepsza inwestycja w ciep\u0142y look. Dzi\u0119ki nim nie zaznasz wych\u0142odzenia i b\u0119dziesz wygl\u0105da\u0107 kobieco nawet w wielowarstwowym zestawie, na kt\u00f3ry sk\u0142ada si\u0119 kilka koszulek i <a href=\"https:\/\/bialcon.pl\/odziez\/swetry-damskie\" target=\"_blank\" rel=\"noreferrer noopener\"><strong>ciep\u0142y sweter<\/strong><\/a>. Wybieraj\u0105c model o klasycznym wzornictwie, mo\u017cesz by\u0107 pewna tego, \u017ce nie wyjdzie on z mody przez kolejne sezony. W\u0142a\u015bnie takie kurtki znajdziesz w naszym sklepie internetowym. Ocieplana kurtka w ponadczasowym stylu pasuje do niemal ka\u017cdego zestawu, szczeg\u00f3lnie dobrze sprawdzaj\u0105c si\u0119 w towarzystwie casualowych ubra\u0144. Nawet je\u015bli do tej pory w Twoich stylizacjach niepodzielnie rz\u0105dzi\u0142y <a href=\"https:\/\/bialcon.pl\/odziez\/plaszcze-damskie\/plaszcze-damskie-zimowe\" target=\"_blank\" rel=\"noreferrer noopener\"><strong>zimowe p\u0142aszcze<\/strong><\/a>, w tym sezonie wzboga\u0107 garderob\u0119 o doskona\u0142e na jesie\u0144, zim\u0119 oraz wczesn\u0105 wiosn\u0119 uniwersalne okrycie wierzchnie, jakim jest kurtka pikowana lub <a href=\"https:\/\/bialcon.pl\/odziez\/plaszcze-damskie\/plaszcze-puchowe\" target=\"_blank\" rel=\"noreferrer noopener\"><strong>kurtka puchowa damska.<\/strong><\/a><\/p>\n","protected":false},"excerpt":{"rendered":"<p>Wraz z nadej\u015bciem ni\u017cszych temperatur, chowamy do szafy lekkie trencze i ramoneski, si\u0119gaj\u0105c po ciep\u0142e okrycia wierzchnie, takie jak pikowane i puchowe kurtki. Kt\u00f3re z nich stanowi\u0105 lepsz\u0105 opcj\u0119 na zim\u0119? Chcesz wiedzie\u0107, jak wybra\u0107 idealn\u0105 ciep\u0142\u0105 kurtk\u0119? Tego wszystkiego dowiesz si\u0119 z dzisiejszego wpisu. Kurtki pikowane i puchowe idealne na zim\u0119! Kurtki zimowe damskie [&hellip;]<\/p>\n","protected":false},"author":14,"featured_media":6793,"comment_status":"closed","ping_status":"open","sticky":false,"template":"","format":"standard","meta":{"_acf_changed":false,"site-sidebar-layout":"default","site-content-layout":"","ast-site-content-layout":"default","site-content-style":"default","site-sidebar-style":"default","ast-global-header-display":"","ast-banner-title-visibility":"","ast-main-header-display":"","ast-hfb-above-header-display":"","ast-hfb-below-header-display":"","ast-hfb-mobile-header-display":"","site-post-title":"","ast-breadcrumbs-content":"","ast-featured-img":"","footer-sml-layout":"","theme-transparent-header-meta":"","adv-header-id-meta":"","stick-header-meta":"","header-above-stick-meta":"","header-main-stick-meta":"","header-below-stick-meta":"","astra-migrate-meta-layouts":"set","ast-page-background-enabled":"default","ast-page-background-meta":{"desktop":{"background-color":"","background-image":"","background-repeat":"repeat","background-position":"center center","background-size":"auto","background-attachment":"scroll","background-type":"","background-media":"","overlay-type":"","overlay-color":"","overlay-opacity":"","overlay-gradient":""},"tablet":{"background-color":"","background-image":"","background-repeat":"repeat","background-position":"center center","background-size":"auto","background-attachment":"scroll","background-type":"","background-media":"","overlay-type":"","overlay-color":"","overlay-opacity":"","overlay-gradient":""},"mobile":{"background-color":"","background-image":"","background-repeat":"repeat","background-position":"center center","background-size":"auto","background-attachment":"scroll","background-type":"","background-media":"","overlay-type":"","overlay-color":"","overlay-opacity":"","overlay-gradient":""}},"ast-content-background-meta":{"desktop":{"background-color":"var(--ast-global-color-5)","background-image":"","background-repeat":"repeat","background-position":"center center","background-size":"auto","background-attachment":"scroll","background-type":"","background-media":"","overlay-type":"","overlay-color":"","overlay-opacity":"","overlay-gradient":""},"tablet":{"background-color":"var(--ast-global-color-5)","background-image":"","background-repeat":"repeat","background-position":"center center","background-size":"auto","background-attachment":"scroll","background-type":"","background-media":"","overlay-type":"","overlay-color":"","overlay-opacity":"","overlay-gradient":""},"mobile":{"background-color":"var(--ast-global-color-5)","background-image":"","background-repeat":"repeat","background-position":"center center","background-size":"auto","background-attachment":"scroll","background-type":"","background-media":"","overlay-type":"","overlay-color":"","overlay-opacity":"","overlay-gradient":""}},"footnotes":""},"categories":[10,14],"tags":[],"class_list":["post-6774","post","type-post","status-publish","format-standard","has-post-thumbnail","hentry","category-porady-stylistki","category-wszystkie-wpisy"],"acf":[],"yoast_head":"<!-- This site is optimized with the Yoast SEO plugin v27.4 - https:\/\/yoast.com\/product\/yoast-seo-wordpress\/ -->\n<title>Modne kurtki na zim\u0119. Puch czy pik? - Bialcon<\/title>\n<meta name=\"description\" content=\"Wraz z nadej\u015bciem ni\u017cszych temperatur, chowamy do szafy lekkie trencze i ramoneski, si\u0119gaj\u0105c po ciep\u0142e okrycia wierzchnie.\" \/>\n<meta name=\"robots\" content=\"index, follow, max-snippet:-1, max-image-preview:large, max-video-preview:-1\" \/>\n<link rel=\"canonical\" href=\"https:\/\/bialcon.pl\/blog\/modne-kurtki-na-zime-puch-czy-pik\/\" \/>\n<meta name=\"twitter:label1\" content=\"Napisane przez\" \/>\n\t<meta name=\"twitter:data1\" content=\"Daria Woszczaty\u0144ska-Przybylska\" \/>\n\t<meta name=\"twitter:label2\" content=\"Szacowany czas czytania\" \/>\n\t<meta name=\"twitter:data2\" content=\"5 minut\" \/>\n<script type=\"application\/ld+json\" class=\"yoast-schema-graph\">{\"@context\":\"https:\\\/\\\/schema.org\",\"@graph\":[{\"@type\":\"Article\",\"@id\":\"https:\\\/\\\/bialcon.pl\\\/blog\\\/modne-kurtki-na-zime-puch-czy-pik\\\/#article\",\"isPartOf\":{\"@id\":\"https:\\\/\\\/bialcon.pl\\\/blog\\\/modne-kurtki-na-zime-puch-czy-pik\\\/\"},\"author\":{\"name\":\"Daria Woszczaty\u0144ska-Przybylska\",\"@id\":\"https:\\\/\\\/bialcon.pl\\\/blog\\\/#\\\/schema\\\/person\\\/ba17cc8b0900b2a06eecf843eb117760\"},\"headline\":\"Modne kurtki na zim\u0119. Puch czy pik?\",\"datePublished\":\"2022-11-17T09:00:00+00:00\",\"dateModified\":\"2025-11-24T08:36:30+00:00\",\"mainEntityOfPage\":{\"@id\":\"https:\\\/\\\/bialcon.pl\\\/blog\\\/modne-kurtki-na-zime-puch-czy-pik\\\/\"},\"wordCount\":964,\"image\":{\"@id\":\"https:\\\/\\\/bialcon.pl\\\/blog\\\/modne-kurtki-na-zime-puch-czy-pik\\\/#primaryimage\"},\"thumbnailUrl\":\"https:\\\/\\\/bialcon.pl\\\/blog\\\/wp-content\\\/uploads\\\/2022\\\/11\\\/na-tytul.jpg\",\"articleSection\":[\"Porady Stylistki\",\"Wszystkie wpisy\"],\"inLanguage\":\"pl-PL\"},{\"@type\":\"WebPage\",\"@id\":\"https:\\\/\\\/bialcon.pl\\\/blog\\\/modne-kurtki-na-zime-puch-czy-pik\\\/\",\"url\":\"https:\\\/\\\/bialcon.pl\\\/blog\\\/modne-kurtki-na-zime-puch-czy-pik\\\/\",\"name\":\"Modne kurtki na zim\u0119. Puch czy pik? - Bialcon\",\"isPartOf\":{\"@id\":\"https:\\\/\\\/bialcon.pl\\\/blog\\\/#website\"},\"primaryImageOfPage\":{\"@id\":\"https:\\\/\\\/bialcon.pl\\\/blog\\\/modne-kurtki-na-zime-puch-czy-pik\\\/#primaryimage\"},\"image\":{\"@id\":\"https:\\\/\\\/bialcon.pl\\\/blog\\\/modne-kurtki-na-zime-puch-czy-pik\\\/#primaryimage\"},\"thumbnailUrl\":\"https:\\\/\\\/bialcon.pl\\\/blog\\\/wp-content\\\/uploads\\\/2022\\\/11\\\/na-tytul.jpg\",\"datePublished\":\"2022-11-17T09:00:00+00:00\",\"dateModified\":\"2025-11-24T08:36:30+00:00\",\"author\":{\"@id\":\"https:\\\/\\\/bialcon.pl\\\/blog\\\/#\\\/schema\\\/person\\\/ba17cc8b0900b2a06eecf843eb117760\"},\"description\":\"Wraz z nadej\u015bciem ni\u017cszych temperatur, chowamy do szafy lekkie trencze i ramoneski, si\u0119gaj\u0105c po ciep\u0142e okrycia wierzchnie.\",\"breadcrumb\":{\"@id\":\"https:\\\/\\\/bialcon.pl\\\/blog\\\/modne-kurtki-na-zime-puch-czy-pik\\\/#breadcrumb\"},\"inLanguage\":\"pl-PL\",\"potentialAction\":[{\"@type\":\"ReadAction\",\"target\":[\"https:\\\/\\\/bialcon.pl\\\/blog\\\/modne-kurtki-na-zime-puch-czy-pik\\\/\"]}]},{\"@type\":\"ImageObject\",\"inLanguage\":\"pl-PL\",\"@id\":\"https:\\\/\\\/bialcon.pl\\\/blog\\\/modne-kurtki-na-zime-puch-czy-pik\\\/#primaryimage\",\"url\":\"https:\\\/\\\/bialcon.pl\\\/blog\\\/wp-content\\\/uploads\\\/2022\\\/11\\\/na-tytul.jpg\",\"contentUrl\":\"https:\\\/\\\/bialcon.pl\\\/blog\\\/wp-content\\\/uploads\\\/2022\\\/11\\\/na-tytul.jpg\",\"width\":960,\"height\":850,\"caption\":\"Wizualizacja kobiety w pikowanym p\u0142aszczu z paskiem i wysokim ko\u0142nierzem w kolorze szarym\"},{\"@type\":\"BreadcrumbList\",\"@id\":\"https:\\\/\\\/bialcon.pl\\\/blog\\\/modne-kurtki-na-zime-puch-czy-pik\\\/#breadcrumb\",\"itemListElement\":[{\"@type\":\"ListItem\",\"position\":1,\"name\":\"Strona g\u0142\u00f3wna\",\"item\":\"https:\\\/\\\/bialcon.pl\\\/blog\\\/\"},{\"@type\":\"ListItem\",\"position\":2,\"name\":\"Porady Stylistki\",\"item\":\"https:\\\/\\\/bialcon.pl\\\/blog\\\/porady-stylistki\\\/\"},{\"@type\":\"ListItem\",\"position\":3,\"name\":\"Modne kurtki na zim\u0119. Puch czy pik?\"}]},{\"@type\":\"WebSite\",\"@id\":\"https:\\\/\\\/bialcon.pl\\\/blog\\\/#website\",\"url\":\"https:\\\/\\\/bialcon.pl\\\/blog\\\/\",\"name\":\"bialcon.pl\\\/blog\\\/\",\"description\":\"Fashion Blog w zasi\u0119gu Twojej r\u0119ki\",\"potentialAction\":[{\"@type\":\"SearchAction\",\"target\":{\"@type\":\"EntryPoint\",\"urlTemplate\":\"https:\\\/\\\/bialcon.pl\\\/blog\\\/?s={search_term_string}\"},\"query-input\":{\"@type\":\"PropertyValueSpecification\",\"valueRequired\":true,\"valueName\":\"search_term_string\"}}],\"inLanguage\":\"pl-PL\"},{\"@type\":\"Person\",\"@id\":\"https:\\\/\\\/bialcon.pl\\\/blog\\\/#\\\/schema\\\/person\\\/ba17cc8b0900b2a06eecf843eb117760\",\"name\":\"Daria Woszczaty\u0144ska-Przybylska\",\"image\":{\"@type\":\"ImageObject\",\"inLanguage\":\"pl-PL\",\"@id\":\"https:\\\/\\\/secure.gravatar.com\\\/avatar\\\/624792ad5428294ab99ef3d7d452e28d140144dac597c3725127e5d3ea759f0b?s=96&d=mm&r=g\",\"url\":\"https:\\\/\\\/secure.gravatar.com\\\/avatar\\\/624792ad5428294ab99ef3d7d452e28d140144dac597c3725127e5d3ea759f0b?s=96&d=mm&r=g\",\"contentUrl\":\"https:\\\/\\\/secure.gravatar.com\\\/avatar\\\/624792ad5428294ab99ef3d7d452e28d140144dac597c3725127e5d3ea759f0b?s=96&d=mm&r=g\",\"caption\":\"Daria Woszczaty\u0144ska-Przybylska\"},\"description\":\"Autorka tre\u015bci o modzie, copywriterka i content writerka, z wykszta\u0142cenia projektantka ubioru. Zajmuje si\u0119 analiz\u0105 przemian w modzie oraz przyst\u0119pnym wyja\u015bnianiem trend\u00f3w, pomagaj\u0105c odbiorcom \u015bwiadomie budowa\u0107 w\u0142asny styl. Interesuje j\u0105 kreowanie osobistego stylu, ilustracja modowa oraz ubi\u00f3r traktowany jako forma sztuki. Jej najnowsze teksty o modzie znajdziesz na blogu Bialcon.\",\"sameAs\":[\"https:\\\/\\\/www.facebook.com\\\/daria.woszczatynska\\\/\"],\"url\":\"https:\\\/\\\/bialcon.pl\\\/blog\\\/author\\\/daria-woszczatynska-przybylska\\\/\"}]}<\/script>\n<!-- \/ Yoast SEO plugin. -->","yoast_head_json":{"title":"Modne kurtki na zim\u0119. Puch czy pik? - Bialcon","description":"Wraz z nadej\u015bciem ni\u017cszych temperatur, chowamy do szafy lekkie trencze i ramoneski, si\u0119gaj\u0105c po ciep\u0142e okrycia wierzchnie.","robots":{"index":"index","follow":"follow","max-snippet":"max-snippet:-1","max-image-preview":"max-image-preview:large","max-video-preview":"max-video-preview:-1"},"canonical":"https:\/\/bialcon.pl\/blog\/modne-kurtki-na-zime-puch-czy-pik\/","twitter_misc":{"Napisane przez":"Daria Woszczaty\u0144ska-Przybylska","Szacowany czas czytania":"5 minut"},"schema":{"@context":"https:\/\/schema.org","@graph":[{"@type":"Article","@id":"https:\/\/bialcon.pl\/blog\/modne-kurtki-na-zime-puch-czy-pik\/#article","isPartOf":{"@id":"https:\/\/bialcon.pl\/blog\/modne-kurtki-na-zime-puch-czy-pik\/"},"author":{"name":"Daria Woszczaty\u0144ska-Przybylska","@id":"https:\/\/bialcon.pl\/blog\/#\/schema\/person\/ba17cc8b0900b2a06eecf843eb117760"},"headline":"Modne kurtki na zim\u0119. Puch czy pik?","datePublished":"2022-11-17T09:00:00+00:00","dateModified":"2025-11-24T08:36:30+00:00","mainEntityOfPage":{"@id":"https:\/\/bialcon.pl\/blog\/modne-kurtki-na-zime-puch-czy-pik\/"},"wordCount":964,"image":{"@id":"https:\/\/bialcon.pl\/blog\/modne-kurtki-na-zime-puch-czy-pik\/#primaryimage"},"thumbnailUrl":"https:\/\/bialcon.pl\/blog\/wp-content\/uploads\/2022\/11\/na-tytul.jpg","articleSection":["Porady Stylistki","Wszystkie wpisy"],"inLanguage":"pl-PL"},{"@type":"WebPage","@id":"https:\/\/bialcon.pl\/blog\/modne-kurtki-na-zime-puch-czy-pik\/","url":"https:\/\/bialcon.pl\/blog\/modne-kurtki-na-zime-puch-czy-pik\/","name":"Modne kurtki na zim\u0119. Puch czy pik? - Bialcon","isPartOf":{"@id":"https:\/\/bialcon.pl\/blog\/#website"},"primaryImageOfPage":{"@id":"https:\/\/bialcon.pl\/blog\/modne-kurtki-na-zime-puch-czy-pik\/#primaryimage"},"image":{"@id":"https:\/\/bialcon.pl\/blog\/modne-kurtki-na-zime-puch-czy-pik\/#primaryimage"},"thumbnailUrl":"https:\/\/bialcon.pl\/blog\/wp-content\/uploads\/2022\/11\/na-tytul.jpg","datePublished":"2022-11-17T09:00:00+00:00","dateModified":"2025-11-24T08:36:30+00:00","author":{"@id":"https:\/\/bialcon.pl\/blog\/#\/schema\/person\/ba17cc8b0900b2a06eecf843eb117760"},"description":"Wraz z nadej\u015bciem ni\u017cszych temperatur, chowamy do szafy lekkie trencze i ramoneski, si\u0119gaj\u0105c po ciep\u0142e okrycia wierzchnie.","breadcrumb":{"@id":"https:\/\/bialcon.pl\/blog\/modne-kurtki-na-zime-puch-czy-pik\/#breadcrumb"},"inLanguage":"pl-PL","potentialAction":[{"@type":"ReadAction","target":["https:\/\/bialcon.pl\/blog\/modne-kurtki-na-zime-puch-czy-pik\/"]}]},{"@type":"ImageObject","inLanguage":"pl-PL","@id":"https:\/\/bialcon.pl\/blog\/modne-kurtki-na-zime-puch-czy-pik\/#primaryimage","url":"https:\/\/bialcon.pl\/blog\/wp-content\/uploads\/2022\/11\/na-tytul.jpg","contentUrl":"https:\/\/bialcon.pl\/blog\/wp-content\/uploads\/2022\/11\/na-tytul.jpg","width":960,"height":850,"caption":"Wizualizacja kobiety w pikowanym p\u0142aszczu z paskiem i wysokim ko\u0142nierzem w kolorze szarym"},{"@type":"BreadcrumbList","@id":"https:\/\/bialcon.pl\/blog\/modne-kurtki-na-zime-puch-czy-pik\/#breadcrumb","itemListElement":[{"@type":"ListItem","position":1,"name":"Strona g\u0142\u00f3wna","item":"https:\/\/bialcon.pl\/blog\/"},{"@type":"ListItem","position":2,"name":"Porady Stylistki","item":"https:\/\/bialcon.pl\/blog\/porady-stylistki\/"},{"@type":"ListItem","position":3,"name":"Modne kurtki na zim\u0119. Puch czy pik?"}]},{"@type":"WebSite","@id":"https:\/\/bialcon.pl\/blog\/#website","url":"https:\/\/bialcon.pl\/blog\/","name":"bialcon.pl\/blog\/","description":"Fashion Blog w zasi\u0119gu Twojej r\u0119ki","potentialAction":[{"@type":"SearchAction","target":{"@type":"EntryPoint","urlTemplate":"https:\/\/bialcon.pl\/blog\/?s={search_term_string}"},"query-input":{"@type":"PropertyValueSpecification","valueRequired":true,"valueName":"search_term_string"}}],"inLanguage":"pl-PL"},{"@type":"Person","@id":"https:\/\/bialcon.pl\/blog\/#\/schema\/person\/ba17cc8b0900b2a06eecf843eb117760","name":"Daria Woszczaty\u0144ska-Przybylska","image":{"@type":"ImageObject","inLanguage":"pl-PL","@id":"https:\/\/secure.gravatar.com\/avatar\/624792ad5428294ab99ef3d7d452e28d140144dac597c3725127e5d3ea759f0b?s=96&d=mm&r=g","url":"https:\/\/secure.gravatar.com\/avatar\/624792ad5428294ab99ef3d7d452e28d140144dac597c3725127e5d3ea759f0b?s=96&d=mm&r=g","contentUrl":"https:\/\/secure.gravatar.com\/avatar\/624792ad5428294ab99ef3d7d452e28d140144dac597c3725127e5d3ea759f0b?s=96&d=mm&r=g","caption":"Daria Woszczaty\u0144ska-Przybylska"},"description":"Autorka tre\u015bci o modzie, copywriterka i content writerka, z wykszta\u0142cenia projektantka ubioru. Zajmuje si\u0119 analiz\u0105 przemian w modzie oraz przyst\u0119pnym wyja\u015bnianiem trend\u00f3w, pomagaj\u0105c odbiorcom \u015bwiadomie budowa\u0107 w\u0142asny styl. Interesuje j\u0105 kreowanie osobistego stylu, ilustracja modowa oraz ubi\u00f3r traktowany jako forma sztuki. Jej najnowsze teksty o modzie znajdziesz na blogu Bialcon.","sameAs":["https:\/\/www.facebook.com\/daria.woszczatynska\/"],"url":"https:\/\/bialcon.pl\/blog\/author\/daria-woszczatynska-przybylska\/"}]}},"_links":{"self":[{"href":"https:\/\/bialcon.pl\/blog\/wp-json\/wp\/v2\/posts\/6774","targetHints":{"allow":["GET"]}}],"collection":[{"href":"https:\/\/bialcon.pl\/blog\/wp-json\/wp\/v2\/posts"}],"about":[{"href":"https:\/\/bialcon.pl\/blog\/wp-json\/wp\/v2\/types\/post"}],"author":[{"embeddable":true,"href":"https:\/\/bialcon.pl\/blog\/wp-json\/wp\/v2\/users\/14"}],"replies":[{"embeddable":true,"href":"https:\/\/bialcon.pl\/blog\/wp-json\/wp\/v2\/comments?post=6774"}],"version-history":[{"count":5,"href":"https:\/\/bialcon.pl\/blog\/wp-json\/wp\/v2\/posts\/6774\/revisions"}],"predecessor-version":[{"id":11495,"href":"https:\/\/bialcon.pl\/blog\/wp-json\/wp\/v2\/posts\/6774\/revisions\/11495"}],"wp:featuredmedia":[{"embeddable":true,"href":"https:\/\/bialcon.pl\/blog\/wp-json\/wp\/v2\/media\/6793"}],"wp:attachment":[{"href":"https:\/\/bialcon.pl\/blog\/wp-json\/wp\/v2\/media?parent=6774"}],"wp:term":[{"taxonomy":"category","embeddable":true,"href":"https:\/\/bialcon.pl\/blog\/wp-json\/wp\/v2\/categories?post=6774"},{"taxonomy":"post_tag","embeddable":true,"href":"https:\/\/bialcon.pl\/blog\/wp-json\/wp\/v2\/tags?post=6774"}],"curies":[{"name":"wp","href":"https:\/\/api.w.org\/{rel}","templated":true}]}}