{"id":6662,"date":"2022-11-01T09:00:00","date_gmt":"2022-11-01T08:00:00","guid":{"rendered":"https:\/\/bialcon.pl\/blog\/?p=6662"},"modified":"2025-11-24T09:34:02","modified_gmt":"2025-11-24T08:34:02","slug":"w-spodniach-czy-w-sukience-swiateczny-poradnik-biurowy","status":"publish","type":"post","link":"https:\/\/bialcon.pl\/blog\/w-spodniach-czy-w-sukience-swiateczny-poradnik-biurowy\/","title":{"rendered":"W spodniach czy w sukience \u2013 \u015bwi\u0105teczny poradnik biurowy"},"content":{"rendered":"<div id=\"ez-toc-container\" class=\"ez-toc-v2_0_82_2 counter-hierarchy ez-toc-counter ez-toc-custom ez-toc-container-direction\">\n<div class=\"ez-toc-title-container\"><p class=\"ez-toc-title\" style=\"cursor:inherit\">Spis Tre\u015bci<\/p>\n<\/div><nav><ul class='ez-toc-list ez-toc-list-level-1 ' ><li class='ez-toc-page-1 ez-toc-heading-level-2'><a class=\"ez-toc-link ez-toc-heading-1\" href=\"https:\/\/bialcon.pl\/blog\/w-spodniach-czy-w-sukience-swiateczny-poradnik-biurowy\/#Jak_sie_ubrac_na_swiateczne_spotkanie_w_pracy\" >Jak si\u0119 ubra\u0107 na \u015bwi\u0105teczne spotkanie w pracy?<\/a><\/li><li class='ez-toc-page-1 ez-toc-heading-level-2'><a class=\"ez-toc-link ez-toc-heading-2\" href=\"https:\/\/bialcon.pl\/blog\/w-spodniach-czy-w-sukience-swiateczny-poradnik-biurowy\/#Stworz_odswietny_look_postaw_na_wizytowe_spodnie\" >Stw\u00f3rz od\u015bwi\u0119tny look, postaw na wizytowe spodnie<\/a><\/li><li class='ez-toc-page-1 ez-toc-heading-level-2'><a class=\"ez-toc-link ez-toc-heading-3\" href=\"https:\/\/bialcon.pl\/blog\/w-spodniach-czy-w-sukience-swiateczny-poradnik-biurowy\/#Elegancka_sukienka_%E2%80%93_idealna_na_wigilijne_spotkanie\" >Elegancka sukienka \u2013 idealna na wigilijne spotkanie<\/a><\/li><li class='ez-toc-page-1 ez-toc-heading-level-2'><a class=\"ez-toc-link ez-toc-heading-4\" href=\"https:\/\/bialcon.pl\/blog\/w-spodniach-czy-w-sukience-swiateczny-poradnik-biurowy\/#Niekoniecznie_spodnie_niekoniecznie_sukienka\" >Niekoniecznie spodnie, niekoniecznie sukienka<\/a><\/li><li class='ez-toc-page-1 ez-toc-heading-level-2'><a class=\"ez-toc-link ez-toc-heading-5\" href=\"https:\/\/bialcon.pl\/blog\/w-spodniach-czy-w-sukience-swiateczny-poradnik-biurowy\/#Gwiazdkowe_spotkanie_firmowe_w_swietnym_stylu\" >Gwiazdkowe spotkanie firmowe w \u015bwietnym stylu<\/a><\/li><\/ul><\/nav><\/div>\n\n<p><strong>W wi\u0119kszo\u015bci firm nadchodz\u0105ce tygodnie b\u0119d\u0105 obfitowa\u0107 w \u015bwi\u0105teczne spotkania i wigilijne kolacje. Zastanawiasz si\u0119, czy lepszym wyborem na t\u0119 okazj\u0119 b\u0119dzie sukienka, czy klasyczne spodnie? A mo\u017ce w og\u00f3le nie masz pomys\u0142u na to, jak\u0105 stylizacj\u0119 przygotowa\u0107? Dowiedz si\u0119, jak ubra\u0107 si\u0119 na tego rodzaju event, by wygl\u0105da\u0107 wyj\u0105tkowo!<\/strong><\/p>\n\n\n\n<h2 class=\"wp-block-heading\"><span class=\"ez-toc-section\" id=\"Jak_sie_ubrac_na_swiateczne_spotkanie_w_pracy\"><\/span><strong>Jak si\u0119 ubra\u0107 na \u015bwi\u0105teczne spotkanie w pracy?<\/strong><span class=\"ez-toc-section-end\"><\/span><\/h2>\n\n\n\n<p>Nie wyobra\u017casz sobie eleganckiego looku bez <a href=\"https:\/\/bialcon.pl\/odziez\/sukienki-1\" target=\"_blank\" rel=\"noreferrer noopener\"><strong>sukienki<\/strong><\/a>? A mo\u017ce powinna\u015b wybra\u0107 <a href=\"https:\/\/bialcon.pl\/odziez\/spodnie-damskie\" target=\"_blank\" rel=\"noreferrer noopener\"><strong>spodnie<\/strong><\/a> albo <a href=\"https:\/\/bialcon.pl\/odziez\/spodnice\" target=\"_blank\" rel=\"noreferrer noopener\"><strong>sp\u00f3dnice<\/strong><\/a> i <a href=\"https:\/\/bialcon.pl\/odziez\/koszule-damskie\/koszule-damskie-eleganckie\" target=\"_blank\" rel=\"noreferrer noopener\"><strong>klasyczne koszule<\/strong><\/a>? Kt\u00f3re z nich bardziej nadaj\u0105 si\u0119 na firmowe spotkanie w bo\u017conarodzeniowym klimacie? Taka okazja to sposobno\u015b\u0107 do tego, by zaprezentowa\u0107 si\u0119 z jak najlepszej strony. Stylizacja na pracownicz\u0105 wigili\u0119 powinna podkre\u015bla\u0107 od\u015bwi\u0119tny charakter wydarzenia. Nie ma w niej miejsca na przesad\u0119 lub ostentacj\u0119, najlepszym wyborem b\u0119dzie klasyczna elegancja, kt\u00f3rej wydanie warto dostosowa\u0107 do charakteru op\u0142atkowego spotkania. Wigilijna kolacja w luksusowej restauracji b\u0119dzie mie\u0107 przecie\u017c bardziej uroczysty charakter ni\u017c \u015bwi\u0105teczna impreza koszykowa w biurze. W pierwszej sytuacji, szczeg\u00f3lnie je\u015bli spotkanie odbywa si\u0119 w p\u00f3\u017aniejszych godzinach, stylizacja mo\u017ce mie\u0107 bardziej wieczorowy charakter, natomiast w drugim przypadku dobrze sprawdzi si\u0119 smart casualowa elegancja. Warto podkre\u015bli\u0107, \u017ce w obu wypadkach mo\u017cna si\u0119gn\u0105\u0107 zar\u00f3wno po <a href=\"https:\/\/bialcon.pl\/odziez\/spodnie-damskie\/spodnie-damskie-eleganckie\" target=\"_blank\" rel=\"noreferrer noopener\"><strong>eleganckie spodnie<\/strong><\/a>, jak i <a href=\"https:\/\/bialcon.pl\/odziez\/sukienki\/sukienki-wizytowe\" target=\"_blank\" rel=\"noreferrer noopener\"><strong>wizytowe sukienki Bialcon<\/strong><\/a>. Podpowiadamy, kt\u00f3re z nich szczeg\u00f3lnie dobrze spisz\u0105 si\u0119 na gwiazdkowym spotkaniu.<\/p>\n\n\n\n<h2 class=\"wp-block-heading\"><span class=\"ez-toc-section\" id=\"Stworz_odswietny_look_postaw_na_wizytowe_spodnie\"><\/span><strong>Stw\u00f3rz od\u015bwi\u0119tny look, postaw na wizytowe spodnie<\/strong><span class=\"ez-toc-section-end\"><\/span><\/h2>\n\n\n\n<p>Je\u015bli przez wszystkie dni w ci\u0105gu roku chodzisz w spodniach, nic nie stoi na przeszkodzie, by wybra\u0107 je tak\u017ce na od\u015bwi\u0119tny event. <a href=\"https:\/\/bialcon.pl\/odziez\/spodnie-damskie\" target=\"_blank\" rel=\"noreferrer noopener\"><strong>Spodnie<\/strong><\/a> sprawdz\u0105 si\u0119 u Pa\u0144, kt\u00f3re nie lubi\u0105 nosi\u0107 sukienek albo nie lubi\u0105 eksponowa\u0107 n\u00f3g. Wybieraj\u0105c model, z kt\u00f3rym stworzysz stylizacj\u0119 na firmowego \u015bledzika, podaruj sobie zwyczajne jeansy, zamiast tego si\u0119gaj\u0105c po doskonale skrojone<a href=\"https:\/\/bialcon.pl\/odziez\/spodnie-damskie\/spodnie-cygaretki-damskie\" target=\"_blank\" rel=\"noreferrer noopener\"><strong> cygaretki<\/strong><\/a>, <a href=\"https:\/\/bialcon.pl\/odziez\/spodnie-damskie\/spodnie-w-kant-damskie\" target=\"_blank\" rel=\"noreferrer noopener\"><strong>spodnie z kantem<\/strong><\/a>, wygodne i korzystne dla ka\u017cdej figury <a href=\"https:\/\/bialcon.pl\/odziez\/spodnie-damskie\/spodnie-szerokie\" target=\"_blank\" rel=\"noreferrer noopener\"><strong>spodnie o szerokich nogawkach<\/strong><\/a> albo szykowne <a href=\"https:\/\/bialcon.pl\/odziez\/spodnie-damskie\/spodnie-dzwony\" target=\"_blank\" rel=\"noreferrer noopener\"><strong>spodnie dzwony<\/strong><\/a> z tkaniny.<\/p>\n\n\n\n<p>Spodnie na \u015bwi\u0105teczne spotkanie wcale nie musz\u0105 by\u0107 czarne. Godne polecenia, tak\u017ce w przypadku sukienek, s\u0105 odcienie bordo, butelkowej zieleni, ciemnego granatu, grafitu oraz czerwieni. <a href=\"https:\/\/bialcon.pl\/odziez\/spodnie-damskie\/spodnie-damskie-eleganckie\" target=\"_blank\" rel=\"noreferrer noopener\"><strong>Eleganckie spodnie<\/strong><\/a> najlepiej sparowa\u0107 z eleganck\u0105 g\u00f3r\u0105 stroju (szczeg\u00f3lnie polecamy <a href=\"https:\/\/bialcon.pl\/odziez\/koszule-damskie\/koszule-damskie-biale\" target=\"_blank\" rel=\"noreferrer noopener\"><strong>jasne koszule<\/strong><\/a>, kt\u00f3re zawsze nadaj\u0105 stylizacjom od\u015bwi\u0119tny charakter), ewentualnie uzupe\u0142niaj\u0105c set o pasuj\u0105cy \u017cakiet. Je\u015bli chcesz mo\u017cesz tak\u017ce postawi\u0107 na cienki czarny lub bia\u0142y golf noszony razem z klasycznym naszyjnikiem lub subtelnie mieni\u0105c\u0105 si\u0119 broszk\u0105.<\/p>\n\n\n\r\n<div class=\"product-block-container swiper mySwiperProductBlock\">\r\n    <div class=\"product-block-swiper swiper-wrapper\">\r\n                    <div class=\"swiper-slide product-block-item\" data-id=\"147574\">\r\n                <a href=\"https:\/\/bialcon.pl\/oliwkowe-bawelniane-spodnie-w-kant?utm_source=blog&utm_medium=wyprzedaz&utm_campaign=011122\" class=\"product-block-url\" target=\"_blank\">\r\n                    <div class=\"product-block-image\">\r\n                        <img decoding=\"async\" width=\"300\" height=\"400\" src=\"https:\/\/bialcon.pl\/picture\/oliwkowe-bawelniane-spodnie-w-kant_1.jpg\" alt=\"Oliwkowe bawe\u0142niane spodnie w kant\">\r\n                    <\/div>\r\n                    <div class=\"product-block-name\">\r\n                        <p>Oliwkowe bawe\u0142niane spodnie w kant<\/p>\r\n                    <\/div>\r\n                <\/a>\r\n            <\/div>\r\n                    <div class=\"swiper-slide product-block-item\" data-id=\"147590\">\r\n                <a href=\"https:\/\/bialcon.pl\/zwezane-jasne-spodnie-w-kant-o-klasycznym-fasonie?utm_source=blog&utm_medium=wyprzedaz&utm_campaign=011122\" class=\"product-block-url\" target=\"_blank\">\r\n                    <div class=\"product-block-image\">\r\n                        <img decoding=\"async\" width=\"300\" height=\"400\" src=\"https:\/\/bialcon.pl\/picture\/zwezane-jasne-spodnie-w-kant-o-klasycznym-fasonie_5.jpg\" alt=\"Zw\u0119\u017cane jasne spodnie w kant o klasycznym fasonie\">\r\n                    <\/div>\r\n                    <div class=\"product-block-name\">\r\n                        <p>Zw\u0119\u017cane jasne spodnie w kant o klasycznym fasonie<\/p>\r\n                    <\/div>\r\n                <\/a>\r\n            <\/div>\r\n                    <div class=\"swiper-slide product-block-item\" data-id=\"147602\">\r\n                <a href=\"https:\/\/bialcon.pl\/zwezane-bezowe-spodnie-w-kant-o-klasycznym-fasonie?utm_source=blog&utm_medium=wyprzedaz&utm_campaign=011122\" class=\"product-block-url\" target=\"_blank\">\r\n                    <div class=\"product-block-image\">\r\n                        <img decoding=\"async\" width=\"300\" height=\"400\" src=\"https:\/\/bialcon.pl\/picture\/zwezane-bezowe-spodnie-w-kant-o-klasycznym-fasonie_5.jpg\" alt=\"Zw\u0119\u017cane be\u017cowe spodnie w kant o klasycznym fasonie\">\r\n                    <\/div>\r\n                    <div class=\"product-block-name\">\r\n                        <p>Zw\u0119\u017cane be\u017cowe spodnie w kant o klasycznym fasonie<\/p>\r\n                    <\/div>\r\n                <\/a>\r\n            <\/div>\r\n            <\/div>\r\n<\/div>\r\n\n\n\n\n<h2 class=\"wp-block-heading\"><span class=\"ez-toc-section\" id=\"Elegancka_sukienka_%E2%80%93_idealna_na_wigilijne_spotkanie\"><\/span><strong>Elegancka sukienka \u2013 idealna na wigilijne spotkanie<\/strong><span class=\"ez-toc-section-end\"><\/span><\/h2>\n\n\n\n<p><a href=\"https:\/\/bialcon.pl\/odziez\/sukienki-1\" target=\"_blank\" rel=\"noreferrer noopener\"><strong>Sukienka<\/strong><\/a> to dla wielu z nas domy\u015blna opcja na wigilijn\u0105 kolacj\u0119 w rodzinnym gronie. Dlaczego zatem nie wybra\u0107 jej na od\u015bwi\u0119tne spotkanie w pracy? Niew\u0105tpliw\u0105 przewag\u0105 sukienki nad innymi modowymi propozycjami jest to, \u017ce nie musisz zbyt wiele zastanawia\u0107 si\u0119 nad reszt\u0105 stroju. Wystarczy <a href=\"https:\/\/bialcon.pl\/odziez\/sukienki\/sukienki-czarne\" target=\"_blank\" rel=\"noreferrer noopener\"><strong>ma\u0142a czarna sukienka<\/strong><\/a>, delikatna bi\u017cuteria i eleganckie szpilki b\u0105d\u017a cz\u00f3\u0142enka i ju\u017c jeste\u015b gotowa do wyj\u015bcia! Jakie kroje sukienek u\u015bwietni\u0105 wigilijne spotkanie? Wizytowe i<a href=\"https:\/\/bialcon.pl\/odziez\/sukienki\/sukienki-koktajlowe\" target=\"_blank\" rel=\"noreferrer noopener\"><strong> koktajlowe sukienki<\/strong> <\/a>posiadaj\u0105 wiele r\u00f3\u017cnych fason\u00f3w, dzi\u0119ki czemu niezale\u017cnie od tego, jaka jest Twoja sylwetka, mo\u017cesz wybra\u0107 ten najbardziej dla siebie odpowiedni.<\/p>\n\n\n\n<p>Na firmow\u0105 Gwiazdk\u0119 nasi styli\u015bci polecaj\u0105 efektowne <a href=\"https:\/\/bialcon.pl\/odziez\/sukienki\/sukienki-kopertowe\" target=\"_blank\" rel=\"noreferrer noopener\"><strong>sukienki kopertowe<\/strong><\/a>, wyrafinowane<a href=\"https:\/\/bialcon.pl\/odziez\/sukienki\/sukienki-biznesowe\" target=\"_blank\" rel=\"noreferrer noopener\"> <strong>sukienki \u017cakietowe<\/strong><\/a>, pe\u0142ne uroku <a href=\"https:\/\/bialcon.pl\/odziez\/sukienki\/sukienki-rozkloszowane\" target=\"_blank\" rel=\"noreferrer noopener\"><strong>sukienki rozkloszowane<\/strong><\/a> b\u0105d\u017a trapezowe kreacje (szczeg\u00f3lnie popularne s\u0105 te z r\u0119kawami \u00be). Doceni\u0107 trzeba te\u017c minimalistyczne <a href=\"https:\/\/bialcon.pl\/odziez\/sukienki\/sukienki-olowkowe\" target=\"_blank\" rel=\"noreferrer noopener\"><strong>sukienki o\u0142\u00f3wkowe<\/strong><\/a>, kt\u00f3re w towarzystwie skromniejszych dodatk\u00f3w sprawdzaj\u0105 si\u0119 tak\u017ce na co dzie\u0144 w biurze. <a href=\"https:\/\/bialcon.pl\/odziez\/sukienki\/sukienki-na-swieta\" target=\"_blank\" rel=\"noreferrer noopener\"><strong>Sukienka na \u015awi\u0119ta <\/strong><\/a>mo\u017ce by\u0107 ca\u0142kowicie g\u0142adka, wzbogacona koronk\u0105 albo klasycznym deseniem. Nam ze \u015bwi\u0119towaniem kojarz\u0105 si\u0119 eleganckie <a href=\"https:\/\/bialcon.pl\/odziez\/sukienki\/sukienki-w-kratke\" target=\"_blank\" rel=\"noreferrer noopener\"><strong>sukienki w angielsk\u0105 krat\u0119<\/strong><\/a>.<\/p>\n\n\n\r\n<div class=\"product-block-container swiper mySwiperProductBlock\">\r\n    <div class=\"product-block-swiper swiper-wrapper\">\r\n                    <div class=\"swiper-slide product-block-item\" data-id=\"147575\">\r\n                <a href=\"https:\/\/bialcon.pl\/dluga-satynowa-sukienka-z-odkrytym-ramieniem?utm_source=blog&utm_medium=wyprzedaz&utm_campaign=011122\" class=\"product-block-url\" target=\"_blank\">\r\n                    <div class=\"product-block-image\">\r\n                        <img decoding=\"async\" width=\"300\" height=\"400\" src=\"https:\/\/bialcon.pl\/picture\/dluga-satynowa-sukienka-z-odkrytym-ramieniem_1.jpg\" alt=\"D\u0142uga satynowa sukienka z odkrytym ramieniem\">\r\n                    <\/div>\r\n                    <div class=\"product-block-name\">\r\n                        <p>D\u0142uga satynowa sukienka z odkrytym ramieniem<\/p>\r\n                    <\/div>\r\n                <\/a>\r\n            <\/div>\r\n                    <div class=\"swiper-slide product-block-item\" data-id=\"147755\">\r\n                <a href=\"https:\/\/bialcon.pl\/zwiewna-asymetryczna-sukienka-midi-w-kolorze-morskim?utm_source=blog&utm_medium=wyprzedaz&utm_campaign=011122\" class=\"product-block-url\" target=\"_blank\">\r\n                    <div class=\"product-block-image\">\r\n                        <img decoding=\"async\" width=\"300\" height=\"400\" src=\"https:\/\/bialcon.pl\/picture\/zwiewna-asymetryczna-sukienka-midi-w-kolorze-morskim_1.jpg\" alt=\"Zwiewna asymetryczna sukienka midi w kolorze morskim\">\r\n                    <\/div>\r\n                    <div class=\"product-block-name\">\r\n                        <p>Zwiewna asymetryczna sukienka midi w kolorze morskim<\/p>\r\n                    <\/div>\r\n                <\/a>\r\n            <\/div>\r\n                    <div class=\"swiper-slide product-block-item\" data-id=\"147768\">\r\n                <a href=\"https:\/\/bialcon.pl\/lekka-sukienka-z-paskiem-z-satyny-wiskozowej?utm_source=blog&utm_medium=wyprzedaz&utm_campaign=011122\" class=\"product-block-url\" target=\"_blank\">\r\n                    <div class=\"product-block-image\">\r\n                        <img decoding=\"async\" width=\"300\" height=\"400\" src=\"https:\/\/bialcon.pl\/picture\/lekka-sukienka-z-paskiem-z-satyny-wiskozowej.jpg\" alt=\"Lekka sukienka z paskiem z satyny wiskozowej\">\r\n                    <\/div>\r\n                    <div class=\"product-block-name\">\r\n                        <p>Lekka sukienka z paskiem z satyny wiskozowej<\/p>\r\n                    <\/div>\r\n                <\/a>\r\n            <\/div>\r\n            <\/div>\r\n<\/div>\r\n\n\n\n\n<h2 class=\"wp-block-heading\"><span class=\"ez-toc-section\" id=\"Niekoniecznie_spodnie_niekoniecznie_sukienka\"><\/span><strong>Niekoniecznie spodnie, niekoniecznie sukienka<\/strong><span class=\"ez-toc-section-end\"><\/span><\/h2>\n\n\n\n<p>Tym razem nie masz ochoty ani na spodnie, ani na sukienk\u0119? R\u00f3wnie dobr\u0105 opcj\u0105 s\u0105 <a href=\"https:\/\/bialcon.pl\/odziez\/spodnice\" target=\"_blank\" rel=\"noreferrer noopener\"><strong>eleganckie sp\u00f3dnice<\/strong><\/a>. Po\u0142\u0105cz je z koszul\u0105,<a href=\"https:\/\/bialcon.pl\/odziez\/bluzki-damskie\/bluzki-wizytowe-damskie\" target=\"_blank\" rel=\"noreferrer noopener\"> <strong>wizytow\u0105 bluzk\u0105<\/strong><\/a> lub taliowanym kr\u00f3tkim sweterkiem i ciesz si\u0119 \u015bwi\u0105teczn\u0105 atmosfer\u0105 spotkania. W\u015br\u00f3d fason\u00f3w szczeg\u00f3lnie dobrze sprawdzaj\u0105cych si\u0119 przy takiej okazji prym wiod\u0105 szykowne i korzystne dla sylwetki <a href=\"https:\/\/bialcon.pl\/odziez\/spodnice\/spodnice-rozkloszowane\" target=\"_blank\" rel=\"noreferrer noopener\"><strong>sp\u00f3dnice rozkloszowane<\/strong><\/a>, zgrabne <a href=\"https:\/\/bialcon.pl\/odziez\/spodnice\/spodnice-olowkowe\" target=\"_blank\" rel=\"noreferrer noopener\"><strong>sp\u00f3dnice o\u0142\u00f3wkowe<\/strong><\/a> oraz <a href=\"https:\/\/bialcon.pl\/odziez\/spodnice\/spodnice-plisowane\" target=\"_blank\" rel=\"noreferrer noopener\"><strong>sp\u00f3dniczki plisowane<\/strong><\/a> i trapezowe. Tu, ponownie, najlepszym wyborem b\u0119d\u0105 d\u0142ugo\u015bci do kolan oraz klasyczne midi, kt\u00f3re pasuj\u0105 kobietom o r\u00f3\u017cnych typach budowy cia\u0142a. Najpopularniejszym wyborem na eleganckie spotkanie jest ciemna b\u0105d\u017a <a href=\"https:\/\/bialcon.pl\/odziez\/spodnice\/spodnice-czarne\" target=\"_blank\" rel=\"noreferrer noopener\"><strong>czarna sp\u00f3dnica<\/strong><\/a> tworz\u0105ca efektowny kontrast z jasn\u0105 g\u00f3r\u0105 stroju. R\u00f3wnie warte uwagi s\u0105 <a href=\"https:\/\/bialcon.pl\/odziez\/spodnice\/spodnice-w-kratke\" target=\"_blank\" rel=\"noreferrer noopener\"><strong>sp\u00f3dnice w krat\u0119<\/strong><\/a> lub pepitk\u0119, kt\u00f3re pasuj\u0105 do szykownych stylizacji na wyj\u0105tkowe okazje.<\/p>\n\n\n\r\n<div class=\"product-block-container swiper mySwiperProductBlock\">\r\n    <div class=\"product-block-swiper swiper-wrapper\">\r\n                    <div class=\"swiper-slide product-block-item\" data-id=\"147597\">\r\n                <a href=\"https:\/\/bialcon.pl\/spodnica-olowkowa-w-kolorze-ecru?utm_source=blog&utm_medium=wyprzedaz&utm_campaign=011122\" class=\"product-block-url\" target=\"_blank\">\r\n                    <div class=\"product-block-image\">\r\n                        <img decoding=\"async\" width=\"300\" height=\"400\" src=\"https:\/\/bialcon.pl\/picture\/spodnica-olowkowa-w-kolorze-ecru_4.jpg\" alt=\"Sp\u00f3dnica o\u0142\u00f3wkowa w kolorze \u00e9cru\">\r\n                    <\/div>\r\n                    <div class=\"product-block-name\">\r\n                        <p>Sp\u00f3dnica o\u0142\u00f3wkowa w kolorze \u00e9cru<\/p>\r\n                    <\/div>\r\n                <\/a>\r\n            <\/div>\r\n                    <div class=\"swiper-slide product-block-item\" data-id=\"147601\">\r\n                <a href=\"https:\/\/bialcon.pl\/spodnica-olowkowa-w-kolorze-bezowym?utm_source=blog&utm_medium=wyprzedaz&utm_campaign=011122\" class=\"product-block-url\" target=\"_blank\">\r\n                    <div class=\"product-block-image\">\r\n                        <img decoding=\"async\" width=\"300\" height=\"400\" src=\"https:\/\/bialcon.pl\/picture\/spodnica-olowkowa-w-kolorze-bezowym_3.jpg\" alt=\"Sp\u00f3dnica o\u0142\u00f3wkowa w kolorze be\u017cowym\">\r\n                    <\/div>\r\n                    <div class=\"product-block-name\">\r\n                        <p>Sp\u00f3dnica o\u0142\u00f3wkowa w kolorze be\u017cowym<\/p>\r\n                    <\/div>\r\n                <\/a>\r\n            <\/div>\r\n                    <div class=\"swiper-slide product-block-item\" data-id=\"147363\">\r\n                <a href=\"https:\/\/bialcon.pl\/dopasowana-spodnica-midi-z-rozporkiem-z-tylu?utm_source=blog&utm_medium=wyprzedaz&utm_campaign=011122\" class=\"product-block-url\" target=\"_blank\">\r\n                    <div class=\"product-block-image\">\r\n                        <img decoding=\"async\" width=\"300\" height=\"400\" src=\"https:\/\/bialcon.pl\/picture\/dopasowana-spodnica-midi-z-rozporkiem-z-tylu_1.jpg\" alt=\"Dopasowana sp\u00f3dnica midi z rozporkiem z ty\u0142u\">\r\n                    <\/div>\r\n                    <div class=\"product-block-name\">\r\n                        <p>Dopasowana sp\u00f3dnica midi z rozporkiem z ty\u0142u<\/p>\r\n                    <\/div>\r\n                <\/a>\r\n            <\/div>\r\n            <\/div>\r\n<\/div>\r\n\n\n\n\n<h2 class=\"wp-block-heading\"><span class=\"ez-toc-section\" id=\"Gwiazdkowe_spotkanie_firmowe_w_swietnym_stylu\"><\/span><strong>Gwiazdkowe spotkanie firmowe w \u015bwietnym stylu<\/strong><span class=\"ez-toc-section-end\"><\/span><\/h2>\n\n\n\n<p>Komponuj\u0105c elegancki zestaw pami\u0119taj, \u017ce mo\u017cesz o\u017cywi\u0107 go interesuj\u0105cym akcentem lub subtelnym zdobieniem na kt\u00f3rej\u015b z cz\u0119\u015bci ubioru. Odrobina po\u0142ysku b\u0119dzie jak najbardziej na miejscu, a szlachetne jedwabie, satyny, aksamity lub lekko brokatowe materia\u0142y zniewalaj\u0105co mieni\u0105 si\u0119 zar\u00f3wno w \u015bwietle \u015bwiec, jak i przy sztucznym, biurowym o\u015bwietleniu. Miej na uwadze umiar, poniewa\u017c w s\u0142u\u017cbowych relacjach to w\u0142a\u015bnie stonowana elegancja zawsze zdaje egzamin, w przeciwie\u0144stwie do stylizacji przerysowanych i zanadto odwa\u017cnych. W\u0142a\u015bnie dlatego zar\u00f3wno <a href=\"https:\/\/bialcon.pl\/odziez\/spodnie-damskie\/spodnie-damskie-eleganckie\" target=\"_blank\" rel=\"noreferrer noopener\"><strong>wizytowe spodnie<\/strong><\/a>, <a href=\"https:\/\/bialcon.pl\/odziez\/spodnice\" target=\"_blank\" rel=\"noreferrer noopener\"><strong>sp\u00f3dnice<\/strong><\/a> jak i <a href=\"https:\/\/bialcon.pl\/odziez\/sukienki\/sukienki-wizytowe\" target=\"_blank\" rel=\"noreferrer noopener\"><strong>szykowna sukienka<\/strong><\/a> doskonale spisz\u0105 si\u0119 na wigilijnym spotkaniu ze wsp\u00f3\u0142pracownikami. Najwa\u017cniejsze jest to, aby\u015b dobrze czu\u0142a si\u0119 w od\u015bwi\u0119tnej stylizacji, poniewa\u017c Twoje samopoczucie decyduje o tym, jak odbierany jest Tw\u00f3j look. Skompletuj szykown\u0105 stylizacj\u0119 razem z nami i celebruj wyj\u0105tkowy, przed\u015bwi\u0105teczny czas.<\/p>\n","protected":false},"excerpt":{"rendered":"<p>W wi\u0119kszo\u015bci firm nadchodz\u0105ce tygodnie b\u0119d\u0105 obfitowa\u0107 w \u015bwi\u0105teczne spotkania i wigilijne kolacje. Zastanawiasz si\u0119, czy lepszym wyborem na t\u0119 okazj\u0119 b\u0119dzie sukienka, czy klasyczne spodnie? A mo\u017ce w og\u00f3le nie masz pomys\u0142u na to, jak\u0105 stylizacj\u0119 przygotowa\u0107? Dowiedz si\u0119, jak ubra\u0107 si\u0119 na tego rodzaju event, by wygl\u0105da\u0107 wyj\u0105tkowo! Jak si\u0119 ubra\u0107 na \u015bwi\u0105teczne [&hellip;]<\/p>\n","protected":false},"author":14,"featured_media":6663,"comment_status":"closed","ping_status":"open","sticky":false,"template":"","format":"standard","meta":{"_acf_changed":false,"site-sidebar-layout":"default","site-content-layout":"","ast-site-content-layout":"default","site-content-style":"default","site-sidebar-style":"default","ast-global-header-display":"","ast-banner-title-visibility":"","ast-main-header-display":"","ast-hfb-above-header-display":"","ast-hfb-below-header-display":"","ast-hfb-mobile-header-display":"","site-post-title":"","ast-breadcrumbs-content":"","ast-featured-img":"","footer-sml-layout":"","theme-transparent-header-meta":"","adv-header-id-meta":"","stick-header-meta":"","header-above-stick-meta":"","header-main-stick-meta":"","header-below-stick-meta":"","astra-migrate-meta-layouts":"set","ast-page-background-enabled":"default","ast-page-background-meta":{"desktop":{"background-color":"","background-image":"","background-repeat":"repeat","background-position":"center center","background-size":"auto","background-attachment":"scroll","background-type":"","background-media":"","overlay-type":"","overlay-color":"","overlay-opacity":"","overlay-gradient":""},"tablet":{"background-color":"","background-image":"","background-repeat":"repeat","background-position":"center center","background-size":"auto","background-attachment":"scroll","background-type":"","background-media":"","overlay-type":"","overlay-color":"","overlay-opacity":"","overlay-gradient":""},"mobile":{"background-color":"","background-image":"","background-repeat":"repeat","background-position":"center center","background-size":"auto","background-attachment":"scroll","background-type":"","background-media":"","overlay-type":"","overlay-color":"","overlay-opacity":"","overlay-gradient":""}},"ast-content-background-meta":{"desktop":{"background-color":"var(--ast-global-color-5)","background-image":"","background-repeat":"repeat","background-position":"center center","background-size":"auto","background-attachment":"scroll","background-type":"","background-media":"","overlay-type":"","overlay-color":"","overlay-opacity":"","overlay-gradient":""},"tablet":{"background-color":"var(--ast-global-color-5)","background-image":"","background-repeat":"repeat","background-position":"center center","background-size":"auto","background-attachment":"scroll","background-type":"","background-media":"","overlay-type":"","overlay-color":"","overlay-opacity":"","overlay-gradient":""},"mobile":{"background-color":"var(--ast-global-color-5)","background-image":"","background-repeat":"repeat","background-position":"center center","background-size":"auto","background-attachment":"scroll","background-type":"","background-media":"","overlay-type":"","overlay-color":"","overlay-opacity":"","overlay-gradient":""}},"footnotes":""},"categories":[10,14],"tags":[],"class_list":["post-6662","post","type-post","status-publish","format-standard","has-post-thumbnail","hentry","category-porady-stylistki","category-wszystkie-wpisy"],"acf":[],"yoast_head":"<!-- This site is optimized with the Yoast SEO plugin v27.4 - https:\/\/yoast.com\/product\/yoast-seo-wordpress\/ -->\n<title>W spodniach czy w sukience \u2013 \u015bwi\u0105teczny poradnik biurowy - Bialcon<\/title>\n<meta name=\"description\" content=\"Zastanawiasz si\u0119, czy lepszym wyborem na \u015bwi\u0105teczne spotkanie b\u0119dzie sukienka, czy klasyczne spodnie?\" \/>\n<meta name=\"robots\" content=\"index, follow, max-snippet:-1, max-image-preview:large, max-video-preview:-1\" \/>\n<link rel=\"canonical\" href=\"https:\/\/bialcon.pl\/blog\/w-spodniach-czy-w-sukience-swiateczny-poradnik-biurowy\/\" \/>\n<meta name=\"twitter:label1\" content=\"Napisane przez\" \/>\n\t<meta name=\"twitter:data1\" content=\"Daria Woszczaty\u0144ska-Przybylska\" \/>\n\t<meta name=\"twitter:label2\" content=\"Szacowany czas czytania\" \/>\n\t<meta name=\"twitter:data2\" content=\"5 minut\" \/>\n<script type=\"application\/ld+json\" class=\"yoast-schema-graph\">{\"@context\":\"https:\\\/\\\/schema.org\",\"@graph\":[{\"@type\":\"Article\",\"@id\":\"https:\\\/\\\/bialcon.pl\\\/blog\\\/w-spodniach-czy-w-sukience-swiateczny-poradnik-biurowy\\\/#article\",\"isPartOf\":{\"@id\":\"https:\\\/\\\/bialcon.pl\\\/blog\\\/w-spodniach-czy-w-sukience-swiateczny-poradnik-biurowy\\\/\"},\"author\":{\"name\":\"Daria Woszczaty\u0144ska-Przybylska\",\"@id\":\"https:\\\/\\\/bialcon.pl\\\/blog\\\/#\\\/schema\\\/person\\\/ba17cc8b0900b2a06eecf843eb117760\"},\"headline\":\"W spodniach czy w sukience \u2013 \u015bwi\u0105teczny poradnik biurowy\",\"datePublished\":\"2022-11-01T08:00:00+00:00\",\"dateModified\":\"2025-11-24T08:34:02+00:00\",\"mainEntityOfPage\":{\"@id\":\"https:\\\/\\\/bialcon.pl\\\/blog\\\/w-spodniach-czy-w-sukience-swiateczny-poradnik-biurowy\\\/\"},\"wordCount\":968,\"image\":{\"@id\":\"https:\\\/\\\/bialcon.pl\\\/blog\\\/w-spodniach-czy-w-sukience-swiateczny-poradnik-biurowy\\\/#primaryimage\"},\"thumbnailUrl\":\"https:\\\/\\\/bialcon.pl\\\/blog\\\/wp-content\\\/uploads\\\/2022\\\/10\\\/Projekt-bez-tytulu-1-1.png\",\"articleSection\":[\"Porady Stylistki\",\"Wszystkie wpisy\"],\"inLanguage\":\"pl-PL\"},{\"@type\":\"WebPage\",\"@id\":\"https:\\\/\\\/bialcon.pl\\\/blog\\\/w-spodniach-czy-w-sukience-swiateczny-poradnik-biurowy\\\/\",\"url\":\"https:\\\/\\\/bialcon.pl\\\/blog\\\/w-spodniach-czy-w-sukience-swiateczny-poradnik-biurowy\\\/\",\"name\":\"W spodniach czy w sukience \u2013 \u015bwi\u0105teczny poradnik biurowy - Bialcon\",\"isPartOf\":{\"@id\":\"https:\\\/\\\/bialcon.pl\\\/blog\\\/#website\"},\"primaryImageOfPage\":{\"@id\":\"https:\\\/\\\/bialcon.pl\\\/blog\\\/w-spodniach-czy-w-sukience-swiateczny-poradnik-biurowy\\\/#primaryimage\"},\"image\":{\"@id\":\"https:\\\/\\\/bialcon.pl\\\/blog\\\/w-spodniach-czy-w-sukience-swiateczny-poradnik-biurowy\\\/#primaryimage\"},\"thumbnailUrl\":\"https:\\\/\\\/bialcon.pl\\\/blog\\\/wp-content\\\/uploads\\\/2022\\\/10\\\/Projekt-bez-tytulu-1-1.png\",\"datePublished\":\"2022-11-01T08:00:00+00:00\",\"dateModified\":\"2025-11-24T08:34:02+00:00\",\"author\":{\"@id\":\"https:\\\/\\\/bialcon.pl\\\/blog\\\/#\\\/schema\\\/person\\\/ba17cc8b0900b2a06eecf843eb117760\"},\"description\":\"Zastanawiasz si\u0119, czy lepszym wyborem na \u015bwi\u0105teczne spotkanie b\u0119dzie sukienka, czy klasyczne spodnie?\",\"breadcrumb\":{\"@id\":\"https:\\\/\\\/bialcon.pl\\\/blog\\\/w-spodniach-czy-w-sukience-swiateczny-poradnik-biurowy\\\/#breadcrumb\"},\"inLanguage\":\"pl-PL\",\"potentialAction\":[{\"@type\":\"ReadAction\",\"target\":[\"https:\\\/\\\/bialcon.pl\\\/blog\\\/w-spodniach-czy-w-sukience-swiateczny-poradnik-biurowy\\\/\"]}]},{\"@type\":\"ImageObject\",\"inLanguage\":\"pl-PL\",\"@id\":\"https:\\\/\\\/bialcon.pl\\\/blog\\\/w-spodniach-czy-w-sukience-swiateczny-poradnik-biurowy\\\/#primaryimage\",\"url\":\"https:\\\/\\\/bialcon.pl\\\/blog\\\/wp-content\\\/uploads\\\/2022\\\/10\\\/Projekt-bez-tytulu-1-1.png\",\"contentUrl\":\"https:\\\/\\\/bialcon.pl\\\/blog\\\/wp-content\\\/uploads\\\/2022\\\/10\\\/Projekt-bez-tytulu-1-1.png\",\"width\":960,\"height\":850,\"caption\":\"Wizualizacja kobiety w sukience koszulowej w kolorowy kwiatowy wz\u00f3r z d\u0142ugimi, lekko rozszerzanymi r\u0119kawami\"},{\"@type\":\"BreadcrumbList\",\"@id\":\"https:\\\/\\\/bialcon.pl\\\/blog\\\/w-spodniach-czy-w-sukience-swiateczny-poradnik-biurowy\\\/#breadcrumb\",\"itemListElement\":[{\"@type\":\"ListItem\",\"position\":1,\"name\":\"Strona g\u0142\u00f3wna\",\"item\":\"https:\\\/\\\/bialcon.pl\\\/blog\\\/\"},{\"@type\":\"ListItem\",\"position\":2,\"name\":\"Porady Stylistki\",\"item\":\"https:\\\/\\\/bialcon.pl\\\/blog\\\/porady-stylistki\\\/\"},{\"@type\":\"ListItem\",\"position\":3,\"name\":\"W spodniach czy w sukience \u2013 \u015bwi\u0105teczny poradnik biurowy\"}]},{\"@type\":\"WebSite\",\"@id\":\"https:\\\/\\\/bialcon.pl\\\/blog\\\/#website\",\"url\":\"https:\\\/\\\/bialcon.pl\\\/blog\\\/\",\"name\":\"bialcon.pl\\\/blog\\\/\",\"description\":\"Fashion Blog w zasi\u0119gu Twojej r\u0119ki\",\"potentialAction\":[{\"@type\":\"SearchAction\",\"target\":{\"@type\":\"EntryPoint\",\"urlTemplate\":\"https:\\\/\\\/bialcon.pl\\\/blog\\\/?s={search_term_string}\"},\"query-input\":{\"@type\":\"PropertyValueSpecification\",\"valueRequired\":true,\"valueName\":\"search_term_string\"}}],\"inLanguage\":\"pl-PL\"},{\"@type\":\"Person\",\"@id\":\"https:\\\/\\\/bialcon.pl\\\/blog\\\/#\\\/schema\\\/person\\\/ba17cc8b0900b2a06eecf843eb117760\",\"name\":\"Daria Woszczaty\u0144ska-Przybylska\",\"image\":{\"@type\":\"ImageObject\",\"inLanguage\":\"pl-PL\",\"@id\":\"https:\\\/\\\/secure.gravatar.com\\\/avatar\\\/624792ad5428294ab99ef3d7d452e28d140144dac597c3725127e5d3ea759f0b?s=96&d=mm&r=g\",\"url\":\"https:\\\/\\\/secure.gravatar.com\\\/avatar\\\/624792ad5428294ab99ef3d7d452e28d140144dac597c3725127e5d3ea759f0b?s=96&d=mm&r=g\",\"contentUrl\":\"https:\\\/\\\/secure.gravatar.com\\\/avatar\\\/624792ad5428294ab99ef3d7d452e28d140144dac597c3725127e5d3ea759f0b?s=96&d=mm&r=g\",\"caption\":\"Daria Woszczaty\u0144ska-Przybylska\"},\"description\":\"Autorka tre\u015bci o modzie, copywriterka i content writerka, z wykszta\u0142cenia projektantka ubioru. Zajmuje si\u0119 analiz\u0105 przemian w modzie oraz przyst\u0119pnym wyja\u015bnianiem trend\u00f3w, pomagaj\u0105c odbiorcom \u015bwiadomie budowa\u0107 w\u0142asny styl. Interesuje j\u0105 kreowanie osobistego stylu, ilustracja modowa oraz ubi\u00f3r traktowany jako forma sztuki. Jej najnowsze teksty o modzie znajdziesz na blogu Bialcon.\",\"sameAs\":[\"https:\\\/\\\/www.facebook.com\\\/daria.woszczatynska\\\/\"],\"url\":\"https:\\\/\\\/bialcon.pl\\\/blog\\\/author\\\/daria-woszczatynska-przybylska\\\/\"}]}<\/script>\n<!-- \/ Yoast SEO plugin. -->","yoast_head_json":{"title":"W spodniach czy w sukience \u2013 \u015bwi\u0105teczny poradnik biurowy - Bialcon","description":"Zastanawiasz si\u0119, czy lepszym wyborem na \u015bwi\u0105teczne spotkanie b\u0119dzie sukienka, czy klasyczne spodnie?","robots":{"index":"index","follow":"follow","max-snippet":"max-snippet:-1","max-image-preview":"max-image-preview:large","max-video-preview":"max-video-preview:-1"},"canonical":"https:\/\/bialcon.pl\/blog\/w-spodniach-czy-w-sukience-swiateczny-poradnik-biurowy\/","twitter_misc":{"Napisane przez":"Daria Woszczaty\u0144ska-Przybylska","Szacowany czas czytania":"5 minut"},"schema":{"@context":"https:\/\/schema.org","@graph":[{"@type":"Article","@id":"https:\/\/bialcon.pl\/blog\/w-spodniach-czy-w-sukience-swiateczny-poradnik-biurowy\/#article","isPartOf":{"@id":"https:\/\/bialcon.pl\/blog\/w-spodniach-czy-w-sukience-swiateczny-poradnik-biurowy\/"},"author":{"name":"Daria Woszczaty\u0144ska-Przybylska","@id":"https:\/\/bialcon.pl\/blog\/#\/schema\/person\/ba17cc8b0900b2a06eecf843eb117760"},"headline":"W spodniach czy w sukience \u2013 \u015bwi\u0105teczny poradnik biurowy","datePublished":"2022-11-01T08:00:00+00:00","dateModified":"2025-11-24T08:34:02+00:00","mainEntityOfPage":{"@id":"https:\/\/bialcon.pl\/blog\/w-spodniach-czy-w-sukience-swiateczny-poradnik-biurowy\/"},"wordCount":968,"image":{"@id":"https:\/\/bialcon.pl\/blog\/w-spodniach-czy-w-sukience-swiateczny-poradnik-biurowy\/#primaryimage"},"thumbnailUrl":"https:\/\/bialcon.pl\/blog\/wp-content\/uploads\/2022\/10\/Projekt-bez-tytulu-1-1.png","articleSection":["Porady Stylistki","Wszystkie wpisy"],"inLanguage":"pl-PL"},{"@type":"WebPage","@id":"https:\/\/bialcon.pl\/blog\/w-spodniach-czy-w-sukience-swiateczny-poradnik-biurowy\/","url":"https:\/\/bialcon.pl\/blog\/w-spodniach-czy-w-sukience-swiateczny-poradnik-biurowy\/","name":"W spodniach czy w sukience \u2013 \u015bwi\u0105teczny poradnik biurowy - Bialcon","isPartOf":{"@id":"https:\/\/bialcon.pl\/blog\/#website"},"primaryImageOfPage":{"@id":"https:\/\/bialcon.pl\/blog\/w-spodniach-czy-w-sukience-swiateczny-poradnik-biurowy\/#primaryimage"},"image":{"@id":"https:\/\/bialcon.pl\/blog\/w-spodniach-czy-w-sukience-swiateczny-poradnik-biurowy\/#primaryimage"},"thumbnailUrl":"https:\/\/bialcon.pl\/blog\/wp-content\/uploads\/2022\/10\/Projekt-bez-tytulu-1-1.png","datePublished":"2022-11-01T08:00:00+00:00","dateModified":"2025-11-24T08:34:02+00:00","author":{"@id":"https:\/\/bialcon.pl\/blog\/#\/schema\/person\/ba17cc8b0900b2a06eecf843eb117760"},"description":"Zastanawiasz si\u0119, czy lepszym wyborem na \u015bwi\u0105teczne spotkanie b\u0119dzie sukienka, czy klasyczne spodnie?","breadcrumb":{"@id":"https:\/\/bialcon.pl\/blog\/w-spodniach-czy-w-sukience-swiateczny-poradnik-biurowy\/#breadcrumb"},"inLanguage":"pl-PL","potentialAction":[{"@type":"ReadAction","target":["https:\/\/bialcon.pl\/blog\/w-spodniach-czy-w-sukience-swiateczny-poradnik-biurowy\/"]}]},{"@type":"ImageObject","inLanguage":"pl-PL","@id":"https:\/\/bialcon.pl\/blog\/w-spodniach-czy-w-sukience-swiateczny-poradnik-biurowy\/#primaryimage","url":"https:\/\/bialcon.pl\/blog\/wp-content\/uploads\/2022\/10\/Projekt-bez-tytulu-1-1.png","contentUrl":"https:\/\/bialcon.pl\/blog\/wp-content\/uploads\/2022\/10\/Projekt-bez-tytulu-1-1.png","width":960,"height":850,"caption":"Wizualizacja kobiety w sukience koszulowej w kolorowy kwiatowy wz\u00f3r z d\u0142ugimi, lekko rozszerzanymi r\u0119kawami"},{"@type":"BreadcrumbList","@id":"https:\/\/bialcon.pl\/blog\/w-spodniach-czy-w-sukience-swiateczny-poradnik-biurowy\/#breadcrumb","itemListElement":[{"@type":"ListItem","position":1,"name":"Strona g\u0142\u00f3wna","item":"https:\/\/bialcon.pl\/blog\/"},{"@type":"ListItem","position":2,"name":"Porady Stylistki","item":"https:\/\/bialcon.pl\/blog\/porady-stylistki\/"},{"@type":"ListItem","position":3,"name":"W spodniach czy w sukience \u2013 \u015bwi\u0105teczny poradnik biurowy"}]},{"@type":"WebSite","@id":"https:\/\/bialcon.pl\/blog\/#website","url":"https:\/\/bialcon.pl\/blog\/","name":"bialcon.pl\/blog\/","description":"Fashion Blog w zasi\u0119gu Twojej r\u0119ki","potentialAction":[{"@type":"SearchAction","target":{"@type":"EntryPoint","urlTemplate":"https:\/\/bialcon.pl\/blog\/?s={search_term_string}"},"query-input":{"@type":"PropertyValueSpecification","valueRequired":true,"valueName":"search_term_string"}}],"inLanguage":"pl-PL"},{"@type":"Person","@id":"https:\/\/bialcon.pl\/blog\/#\/schema\/person\/ba17cc8b0900b2a06eecf843eb117760","name":"Daria Woszczaty\u0144ska-Przybylska","image":{"@type":"ImageObject","inLanguage":"pl-PL","@id":"https:\/\/secure.gravatar.com\/avatar\/624792ad5428294ab99ef3d7d452e28d140144dac597c3725127e5d3ea759f0b?s=96&d=mm&r=g","url":"https:\/\/secure.gravatar.com\/avatar\/624792ad5428294ab99ef3d7d452e28d140144dac597c3725127e5d3ea759f0b?s=96&d=mm&r=g","contentUrl":"https:\/\/secure.gravatar.com\/avatar\/624792ad5428294ab99ef3d7d452e28d140144dac597c3725127e5d3ea759f0b?s=96&d=mm&r=g","caption":"Daria Woszczaty\u0144ska-Przybylska"},"description":"Autorka tre\u015bci o modzie, copywriterka i content writerka, z wykszta\u0142cenia projektantka ubioru. Zajmuje si\u0119 analiz\u0105 przemian w modzie oraz przyst\u0119pnym wyja\u015bnianiem trend\u00f3w, pomagaj\u0105c odbiorcom \u015bwiadomie budowa\u0107 w\u0142asny styl. Interesuje j\u0105 kreowanie osobistego stylu, ilustracja modowa oraz ubi\u00f3r traktowany jako forma sztuki. Jej najnowsze teksty o modzie znajdziesz na blogu Bialcon.","sameAs":["https:\/\/www.facebook.com\/daria.woszczatynska\/"],"url":"https:\/\/bialcon.pl\/blog\/author\/daria-woszczatynska-przybylska\/"}]}},"_links":{"self":[{"href":"https:\/\/bialcon.pl\/blog\/wp-json\/wp\/v2\/posts\/6662","targetHints":{"allow":["GET"]}}],"collection":[{"href":"https:\/\/bialcon.pl\/blog\/wp-json\/wp\/v2\/posts"}],"about":[{"href":"https:\/\/bialcon.pl\/blog\/wp-json\/wp\/v2\/types\/post"}],"author":[{"embeddable":true,"href":"https:\/\/bialcon.pl\/blog\/wp-json\/wp\/v2\/users\/14"}],"replies":[{"embeddable":true,"href":"https:\/\/bialcon.pl\/blog\/wp-json\/wp\/v2\/comments?post=6662"}],"version-history":[{"count":5,"href":"https:\/\/bialcon.pl\/blog\/wp-json\/wp\/v2\/posts\/6662\/revisions"}],"predecessor-version":[{"id":11478,"href":"https:\/\/bialcon.pl\/blog\/wp-json\/wp\/v2\/posts\/6662\/revisions\/11478"}],"wp:featuredmedia":[{"embeddable":true,"href":"https:\/\/bialcon.pl\/blog\/wp-json\/wp\/v2\/media\/6663"}],"wp:attachment":[{"href":"https:\/\/bialcon.pl\/blog\/wp-json\/wp\/v2\/media?parent=6662"}],"wp:term":[{"taxonomy":"category","embeddable":true,"href":"https:\/\/bialcon.pl\/blog\/wp-json\/wp\/v2\/categories?post=6662"},{"taxonomy":"post_tag","embeddable":true,"href":"https:\/\/bialcon.pl\/blog\/wp-json\/wp\/v2\/tags?post=6662"}],"curies":[{"name":"wp","href":"https:\/\/api.w.org\/{rel}","templated":true}]}}