{"id":6596,"date":"2022-10-20T14:55:00","date_gmt":"2022-10-20T12:55:00","guid":{"rendered":"https:\/\/bialcon.pl\/blog\/?p=6596"},"modified":"2025-11-24T09:32:24","modified_gmt":"2025-11-24T08:32:24","slug":"krotki-plaszcz-do-czego-zalozyc-by-wygladac-kobieco","status":"publish","type":"post","link":"https:\/\/bialcon.pl\/blog\/krotki-plaszcz-do-czego-zalozyc-by-wygladac-kobieco\/","title":{"rendered":"Kr\u00f3tki p\u0142aszcz? Do czego za\u0142o\u017cy\u0107, by wygl\u0105da\u0107 kobieco"},"content":{"rendered":"<div id=\"ez-toc-container\" class=\"ez-toc-v2_0_82_2 counter-hierarchy ez-toc-counter ez-toc-custom ez-toc-container-direction\">\n<div class=\"ez-toc-title-container\"><p class=\"ez-toc-title\" style=\"cursor:inherit\">Spis Tre\u015bci<\/p>\n<\/div><nav><ul class='ez-toc-list ez-toc-list-level-1 ' ><li class='ez-toc-page-1 ez-toc-heading-level-2'><a class=\"ez-toc-link ez-toc-heading-1\" href=\"https:\/\/bialcon.pl\/blog\/krotki-plaszcz-do-czego-zalozyc-by-wygladac-kobieco\/#Krotki_plaszcz_zapinany_jednorzedowo\" >Kr\u00f3tki p\u0142aszcz zapinany jednorz\u0119dowo<\/a><\/li><li class='ez-toc-page-1 ez-toc-heading-level-2'><a class=\"ez-toc-link ez-toc-heading-2\" href=\"https:\/\/bialcon.pl\/blog\/krotki-plaszcz-do-czego-zalozyc-by-wygladac-kobieco\/#Krotki_plaszczyk_z_kapturem\" >Kr\u00f3tki p\u0142aszczyk z kapturem<\/a><\/li><li class='ez-toc-page-1 ez-toc-heading-level-2'><a class=\"ez-toc-link ez-toc-heading-3\" href=\"https:\/\/bialcon.pl\/blog\/krotki-plaszcz-do-czego-zalozyc-by-wygladac-kobieco\/#Dopasowany_krotki_plaszcz_w_kwiaty\" >Dopasowany kr\u00f3tki p\u0142aszcz w kwiaty<\/a><\/li><li class='ez-toc-page-1 ez-toc-heading-level-2'><a class=\"ez-toc-link ez-toc-heading-4\" href=\"https:\/\/bialcon.pl\/blog\/krotki-plaszcz-do-czego-zalozyc-by-wygladac-kobieco\/#Krotki_plaszcz_z_welny_i_alpaki\" >Kr\u00f3tki p\u0142aszcz z we\u0142ny i alpaki<\/a><\/li><\/ul><\/nav><\/div>\n\n<p><strong>Jesie\u0144 to sezon bardziej subtelnych, nieco przygaszonych, ciemniejszych kolor\u00f3w oraz ciep\u0142ych i mi\u0119kkich w dotyku tkanin. W okresie, gdy li\u015bcie na drzewach zaczynaj\u0105 si\u0119 przebarwia\u0107, ch\u0119tnie si\u0119gamy te\u017c po kr\u00f3tkie p\u0142aszcze \u2013 sprawd\u017amy wi\u0119c, do czego mo\u017cemy je za\u0142o\u017cy\u0107.<\/strong><\/p>\n\n\n\n<p><a href=\"https:\/\/bialcon.pl\/odziez\/plaszcze-damskie\/plaszcze-krotkie\" target=\"_blank\" rel=\"noreferrer noopener\"><strong>Kr\u00f3tki p\u0142aszcz<\/strong><\/a> ma wiele zalet, jego prosty, przypominaj\u0105cy marynark\u0119 kr\u00f3j, optycznie wyszczupla sylwetk\u0119, szczeg\u00f3lnie je\u015bli wybierzemy model z wi\u0105zaniem w talii. Zapewnia nam te\u017c ciep\u0142o i sprawia, \u017ce wygl\u0105damy stylowo i elegancko. Dodatkowo jest wygodny w noszeniu, pozwala na swobod\u0119 ruch\u00f3w i bez problemu mo\u017cemy stworzy\u0107 na bazie <a href=\"https:\/\/bialcon.pl\/odziez\/plaszcze-damskie\/plaszcze-krotkie\" target=\"_blank\" rel=\"noreferrer noopener\"><strong>kr\u00f3tkiego p\u0142aszcza<\/strong><\/a> eleganck\u0105 jesienn\u0105 lub zimow\u0105 stylizacj\u0119. Czasem wzbraniamy si\u0119 przed kupnem tego ubrania wierzchniego, bo mamy w\u0105tpliwo\u015bci, z czym go nosi\u0107? Mo\u017cliwo\u015bci stylizacyjnych jest bardzo wiele, gdy\u017c <a href=\"https:\/\/bialcon.pl\/odziez\/plaszcze-damskie\/plaszcze-krotkie\" target=\"_blank\" rel=\"noreferrer noopener\"><strong>kr\u00f3tki p\u0142aszcz<\/strong><\/a> pasuje zar\u00f3wno do jeans\u00f3w, jak i szykownych spodni, sp\u00f3dnicy, a nawet d\u0142ugiej sukienki. Wszystko zale\u017cy od tego, jaki model wybierzemy i na jak\u0105 okazj\u0119 szykujemy stylizacj\u0119.<\/p>\n\n\n\n<h2 class=\"wp-block-heading\"><span class=\"ez-toc-section\" id=\"Krotki_plaszcz_zapinany_jednorzedowo\"><\/span><strong>Kr\u00f3tki p\u0142aszcz zapinany jednorz\u0119dowo<\/strong><span class=\"ez-toc-section-end\"><\/span><\/h2>\n\n\n\n<p>Najbardziej klasycznym modelem jest tzw. dyplomatka, czyli <a href=\"https:\/\/bialcon.pl\/odziez\/plaszcze-damskie\/plaszcze-krotkie\" target=\"_blank\" rel=\"noreferrer noopener\"><strong>kr\u00f3tki p\u0142aszcz<\/strong><\/a> si\u0119gaj\u0105cy przed kolano zapinany jednorz\u0119dowo o prostym kroju. Idealnie sprawdzi si\u0119 w stylizacjach biznesowych oraz na wszelkie bardziej uroczyste i formalne okazje. Je\u015bli chcemy wygl\u0105da\u0107 szykownie, za\u0142\u00f3\u017cmy do dyplomatki spodnie z nogawkami w kant lub cygaretki. Dobrym pomys\u0142em b\u0119dzie te\u017c w\u0105ska sp\u00f3dnica, o d\u0142ugo\u015bci dopasowanej do p\u0142aszcza. W wersji casualowej eleganckie spodnie zast\u0105pimy jeansami.<\/p>\n\n\n\n<p>Poniewa\u017c ten model p\u0142aszcza jest zapinany na jeden rz\u0105d guzik\u00f3w i ma klasyczny fason oraz niedu\u017cy ko\u0142nierz, mog\u0105 go nosi\u0107 kobiety, kt\u00f3rym zale\u017cy na optycznym wyszczupleniu i wyd\u0142u\u017ceniu sylwetki. Warto zwr\u00f3ci\u0107 uwag\u0119 na praktyczne i stylowe detale, takie jak kieszenie po bokach czy eleganckie guziki przy mankietach. &nbsp;Klasyczny<strong> <a href=\"https:\/\/bialcon.pl\/odziez\/plaszcze-damskie\/plaszcze-krotkie\">kr\u00f3tki p\u0142aszcz<\/a> <\/strong>we\u0142niany mo\u017cemy wybra\u0107 w r\u00f3\u017cnych kolorach czarnym, br\u0105zowym lub granatowym \u2013 je\u015bli cenimy uniwersalno\u015b\u0107. Subtelne i eleganckie odcienie be\u017cu nadaj\u0105 lekko\u015bci nawet stylizacjom z\u0142o\u017conym z kilku warstw ubra\u0144. <a href=\"https:\/\/bialcon.pl\/odziez\/plaszcze-damskie\/plaszcze-krotkie\" target=\"_blank\" rel=\"noreferrer noopener\"><strong>Kr\u00f3tki p\u0142aszcz<\/strong><\/a> w odcieniu czerwonym przypadnie do gustu kobietom, kt\u00f3re lubi\u0105 si\u0119 wyr\u00f3\u017cnia\u0107 z t\u0142umu, a model w kolorze ciemniej zieleni to idealna propozycja dla pa\u0144 rudow\u0142osych, o jesiennym typie urody.<\/p>\n\n\n\n<p><a href=\"https:\/\/bialcon.pl\/czarny-plaszcz-przed-kolano\" target=\"_blank\" rel=\"noreferrer noopener\">Czarny p\u0142aszcz przed kolano | Bialcon.pl<\/a><\/p>\n\n\n\r\n<div class=\"product-block-container swiper mySwiperProductBlock\">\r\n    <div class=\"product-block-swiper swiper-wrapper\">\r\n                    <div class=\"swiper-slide product-block-item\" data-id=\"147686\">\r\n                <a href=\"https:\/\/bialcon.pl\/bawelniany-czarny-plaszcz-wiosenny-przed-kolano?utm_source=blog&utm_medium=wyprzedaz&utm_campaign=201022\" class=\"product-block-url\" target=\"_blank\">\r\n                    <div class=\"product-block-image\">\r\n                        <img decoding=\"async\" width=\"300\" height=\"400\" src=\"https:\/\/bialcon.pl\/picture\/plaszcz-natasza-czarny-relis.jpg\" alt=\"Bawe\u0142niany czarny p\u0142aszcz wiosenny przed kolano\">\r\n                    <\/div>\r\n                    <div class=\"product-block-name\">\r\n                        <p>Bawe\u0142niany czarny p\u0142aszcz wiosenny przed kolano<\/p>\r\n                    <\/div>\r\n                <\/a>\r\n            <\/div>\r\n                    <div class=\"swiper-slide product-block-item\" data-id=\"147687\">\r\n                <a href=\"https:\/\/bialcon.pl\/bawelniany-bezowy-plaszcz-wiosenny-przed-kolano?utm_source=blog&utm_medium=wyprzedaz&utm_campaign=201022\" class=\"product-block-url\" target=\"_blank\">\r\n                    <div class=\"product-block-image\">\r\n                        <img decoding=\"async\" width=\"300\" height=\"400\" src=\"https:\/\/bialcon.pl\/picture\/bawelniany-bezowy-plaszcz-wiosenny-przed-kolano_1.jpg\" alt=\"Bawe\u0142niany be\u017cowy p\u0142aszcz wiosenny przed kolano\">\r\n                    <\/div>\r\n                    <div class=\"product-block-name\">\r\n                        <p>Bawe\u0142niany be\u017cowy p\u0142aszcz wiosenny przed kolano<\/p>\r\n                    <\/div>\r\n                <\/a>\r\n            <\/div>\r\n                    <div class=\"swiper-slide product-block-item\" data-id=\"147726\">\r\n                <a href=\"https:\/\/bialcon.pl\/krotki-dwurzedowy-trencz-pastelowy-z-paskiem-i-podszewka?utm_source=blog&utm_medium=wyprzedaz&utm_campaign=201022\" class=\"product-block-url\" target=\"_blank\">\r\n                    <div class=\"product-block-image\">\r\n                        <img decoding=\"async\" width=\"300\" height=\"400\" src=\"https:\/\/bialcon.pl\/picture\/kurtka-ble-252682-f-j-rozowy_2.jpg\" alt=\"Kr\u00f3tki dwurz\u0119dowy trencz pastelowy z paskiem i podszewk\u0105\">\r\n                    <\/div>\r\n                    <div class=\"product-block-name\">\r\n                        <p>Kr\u00f3tki dwurz\u0119dowy trencz pastelowy z paskiem i podszewk\u0105<\/p>\r\n                    <\/div>\r\n                <\/a>\r\n            <\/div>\r\n            <\/div>\r\n<\/div>\r\n\n\n\n\n<h2 class=\"wp-block-heading\"><span class=\"ez-toc-section\" id=\"Krotki_plaszczyk_z_kapturem\"><\/span><strong>Kr\u00f3tki p\u0142aszczyk z kapturem<\/strong><span class=\"ez-toc-section-end\"><\/span><\/h2>\n\n\n\n<p>Szukamy odrobiny luzu i zamiast dopasowanego do figury kr\u00f3tkiego p\u0142aszcza, wolimy model nieco bardziej w sportowym stylu i z kapturem? W tym wypadku warto zwr\u00f3ci\u0107 uwag\u0119 na <a href=\"https:\/\/bialcon.pl\/odziez\/plaszcze-damskie\/plaszcze-krotkie\" target=\"_blank\" rel=\"noreferrer noopener\"><strong>kr\u00f3tki p\u0142aszcz<\/strong><\/a>, kt\u00f3rego fason przypomina d\u0142ug\u0105 kurtk\u0119. Lu\u017any kr\u00f3j, brak wci\u0119cia w talii, zapi\u0119cie na jeden guzik oraz naszywane g\u0142\u0119bokie kieszenie, to wszystko czego potrzebujemy, gdy szukamy komfortu i swobody ruch\u00f3w. Mo\u017cemy do niego za\u0142o\u017cy\u0107 ulubione jeansy lub nawet bardziej modne spodnie dresowe. Gdy jednak chcemy wykreowa\u0107 wyszukan\u0105 stylizacj\u0119, dobierzmy do tego <a href=\"https:\/\/bialcon.pl\/odziez\/plaszcze-damskie\/plaszcze-krotkie\" target=\"_blank\" rel=\"noreferrer noopener\"><strong>kr\u00f3tkiego p\u0142aszcza<\/strong><\/a> z kapturem jasne spodnie i szpilki.<\/p>\n\n\n\n<p><a href=\"https:\/\/bialcon.pl\/krotki-zielony-plaszczyk\" target=\"_blank\" rel=\"noreferrer noopener\">Kr\u00f3tki zielony p\u0142aszczyk | Bialcon.pl<\/a><\/p>\n\n\n\r\n<div class=\"product-block-container swiper mySwiperProductBlock\">\r\n    <div class=\"product-block-swiper swiper-wrapper\">\r\n                    <div class=\"swiper-slide product-block-item\" data-id=\"147072\">\r\n                <a href=\"https:\/\/bialcon.pl\/zimowa-stalowa-kurtka-za-kolano-z-naturalnym-ociepleniem?utm_source=blog&utm_medium=wyprzedaz&utm_campaign=201022\" class=\"product-block-url\" target=\"_blank\">\r\n                    <div class=\"product-block-image\">\r\n                        <img decoding=\"async\" width=\"300\" height=\"400\" src=\"https:\/\/bialcon.pl\/picture\/kurtka-blh-251037-fx-niebieski.png\" alt=\"Zimowa stalowa kurtka za kolano z naturalnym ociepleniem\">\r\n                    <\/div>\r\n                    <div class=\"product-block-name\">\r\n                        <p>Zimowa stalowa kurtka za kolano z naturalnym ociepleniem<\/p>\r\n                    <\/div>\r\n                <\/a>\r\n            <\/div>\r\n                    <div class=\"swiper-slide product-block-item\" data-id=\"147075\">\r\n                <a href=\"https:\/\/bialcon.pl\/prosta-funkcjonalna-kurtka-zimowa-w-kolorze-czarnym?utm_source=blog&utm_medium=wyprzedaz&utm_campaign=201022\" class=\"product-block-url\" target=\"_blank\">\r\n                    <div class=\"product-block-image\">\r\n                        <img decoding=\"async\" width=\"300\" height=\"400\" src=\"https:\/\/bialcon.pl\/picture\/kurtka-blh-251010-f-czarny.png\" alt=\"Prosta funkcjonalna kurtka zimowa w kolorze czarnym\">\r\n                    <\/div>\r\n                    <div class=\"product-block-name\">\r\n                        <p>Prosta funkcjonalna kurtka zimowa w kolorze czarnym<\/p>\r\n                    <\/div>\r\n                <\/a>\r\n            <\/div>\r\n                    <div class=\"swiper-slide product-block-item\" data-id=\"147076\">\r\n                <a href=\"https:\/\/bialcon.pl\/prosta-funkcjonalna-kurtka-zimowa-w-kolorze-khaki?utm_source=blog&utm_medium=wyprzedaz&utm_campaign=201022\" class=\"product-block-url\" target=\"_blank\">\r\n                    <div class=\"product-block-image\">\r\n                        <img decoding=\"async\" width=\"300\" height=\"400\" src=\"https:\/\/bialcon.pl\/picture\/kurtka-blh-251010-f-khaki_6.png\" alt=\"Prosta funkcjonalna kurtka zimowa w kolorze khaki\">\r\n                    <\/div>\r\n                    <div class=\"product-block-name\">\r\n                        <p>Prosta funkcjonalna kurtka zimowa w kolorze khaki<\/p>\r\n                    <\/div>\r\n                <\/a>\r\n            <\/div>\r\n            <\/div>\r\n<\/div>\r\n\n\n\n\n<h2 class=\"wp-block-heading\"><span class=\"ez-toc-section\" id=\"Dopasowany_krotki_plaszcz_w_kwiaty\"><\/span><strong>Dopasowany kr\u00f3tki p\u0142aszcz w kwiaty<\/strong><span class=\"ez-toc-section-end\"><\/span><\/h2>\n\n\n\n<p><a href=\"https:\/\/bialcon.pl\/odziez\/plaszcze-damskie\/plaszcze-krotkie\" target=\"_blank\" rel=\"noreferrer noopener\"><strong>Kr\u00f3tki p\u0142aszcz<\/strong><\/a><strong> <\/strong>o prostym fasonie, bez ko\u0142nierza, zw\u0119\u017cany w talii do z\u0142udzenia przypomina eleganck\u0105 sukienk\u0119. Smaczku dodaje nietypowy, jak na p\u0142aszcz, dekolt w kszta\u0142cie litery V oraz zapi\u0119cie na jeden guzik. Kwiatowy, kolorowy print na czarnym tle powoduje, \u017ce ca\u0142o\u015b\u0107 wygl\u0105da bardzo oryginalnie i szykownie. Tego typu <a href=\"https:\/\/bialcon.pl\/odziez\/plaszcze-damskie\/plaszcze-krotkie\" target=\"_blank\" rel=\"noreferrer noopener\"><strong>kr\u00f3tki p\u0142aszcz<\/strong><\/a> idealnie mo\u017ce zast\u0105pi\u0107 nam marynark\u0119 lub kardigan. Wz\u00f3r w kwiaty to \u015bwietny pomys\u0142 na prze\u0142amanie jesiennej s\u0142oty. Zdecydowanie jest to model dla kobiet, kt\u00f3re lubi\u0105 si\u0119 wyr\u00f3\u017cnia\u0107 z t\u0142umu. Reszt\u0119 stylizacji warto stonowa\u0107 \u2013 czarny lub bia\u0142y golf pod sp\u00f3d i kr\u00f3tka sp\u00f3dnica lub w\u0105skie spodnie, cygaretki, idealnie dope\u0142ni\u0105 ca\u0142o\u015bci.<\/p>\n\n\n\n<p><a href=\"https:\/\/bialcon.pl\/prosty-dopasowany-plaszcz-damski-zapinany-na-jeden-guzik-1\" target=\"_blank\" rel=\"noreferrer noopener\">Prosty dopasowany p\u0142aszcz damski zapinany na jeden guzik | Bialcon.pl<\/a><\/p>\n\n\n\r\n<div class=\"product-block-container swiper mySwiperProductBlock\">\r\n    <div class=\"product-block-swiper swiper-wrapper\">\r\n                    <div class=\"swiper-slide product-block-item\" data-id=\"147681\">\r\n                <a href=\"https:\/\/bialcon.pl\/prosty-kremowy-plaszcz-z-wiazaniem?utm_source=blog&utm_medium=wyprzedaz&utm_campaign=201022\" class=\"product-block-url\" target=\"_blank\">\r\n                    <div class=\"product-block-image\">\r\n                        <img decoding=\"async\" width=\"300\" height=\"400\" src=\"https:\/\/bialcon.pl\/picture\/plaszcz-carmen-ecru-relis.jpg\" alt=\"Prosty kremowy p\u0142aszcz z wi\u0105zaniem\">\r\n                    <\/div>\r\n                    <div class=\"product-block-name\">\r\n                        <p>Prosty kremowy p\u0142aszcz z wi\u0105zaniem<\/p>\r\n                    <\/div>\r\n                <\/a>\r\n            <\/div>\r\n                    <div class=\"swiper-slide product-block-item\" data-id=\"147682\">\r\n                <a href=\"https:\/\/bialcon.pl\/prosty-kamelowy-plaszcz-z-wiazaniem?utm_source=blog&utm_medium=wyprzedaz&utm_campaign=201022\" class=\"product-block-url\" target=\"_blank\">\r\n                    <div class=\"product-block-image\">\r\n                        <img decoding=\"async\" width=\"300\" height=\"400\" src=\"https:\/\/bialcon.pl\/picture\/plaszcz-carmen-bezowy-relis.jpg\" alt=\"Prosty kamelowy p\u0142aszcz z wi\u0105zaniem\">\r\n                    <\/div>\r\n                    <div class=\"product-block-name\">\r\n                        <p>Prosty kamelowy p\u0142aszcz z wi\u0105zaniem<\/p>\r\n                    <\/div>\r\n                <\/a>\r\n            <\/div>\r\n                    <div class=\"swiper-slide product-block-item\" data-id=\"147683\">\r\n                <a href=\"https:\/\/bialcon.pl\/czarny-dwurzedowy-plaszcz-na-wiosne?utm_source=blog&utm_medium=wyprzedaz&utm_campaign=201022\" class=\"product-block-url\" target=\"_blank\">\r\n                    <div class=\"product-block-image\">\r\n                        <img decoding=\"async\" width=\"300\" height=\"400\" src=\"https:\/\/bialcon.pl\/picture\/plaszcz-flora-czarny-relis.jpg\" alt=\"Czarny dwurz\u0119dowy p\u0142aszcz na wiosn\u0119\">\r\n                    <\/div>\r\n                    <div class=\"product-block-name\">\r\n                        <p>Czarny dwurz\u0119dowy p\u0142aszcz na wiosn\u0119<\/p>\r\n                    <\/div>\r\n                <\/a>\r\n            <\/div>\r\n            <\/div>\r\n<\/div>\r\n\n\n\n\n<h2 class=\"wp-block-heading\"><span class=\"ez-toc-section\" id=\"Krotki_plaszcz_z_welny_i_alpaki\"><\/span><strong>Kr\u00f3tki p\u0142aszcz z we\u0142ny i alpaki<\/strong><span class=\"ez-toc-section-end\"><\/span><\/h2>\n\n\n\n<p>Gdy zimno daje si\u0119 nam we znaki, dobrym pomys\u0142em jest zakup p\u0142aszcza z alpaki. Ten rodzaj we\u0142ny posiada wyj\u0105tkowe w\u0142a\u015bciwo\u015bci termoochronne, a to znaczy, \u017ce zapobiega utracie ciep\u0142a. Co wa\u017cne, przy tym pozwala sk\u00f3rze oddycha\u0107, wi\u0119c nie b\u0119dziemy si\u0119 w nim poci\u0107. Zakup <a href=\"https:\/\/bialcon.pl\/odziez\/plaszcze-damskie\/plaszcze-krotkie\" target=\"_blank\" rel=\"noreferrer noopener\"><strong>kr\u00f3tkiego p\u0142aszcza<\/strong><\/a> z alpaki to inwestycja, gdy\u017c jest to drogi materia\u0142, ale odporny na zniszczenia. Czarny p\u0142aszcz o klasycznym kroju, z wi\u0105zaniem w talii i wyk\u0142adanym ko\u0142nierzem mo\u017cna \u015bmia\u0142o nosi\u0107 do eleganckich spodni garniturowych, jeans\u00f3w i kr\u00f3tkich sp\u00f3dnic. Je\u015bli lubisz nutk\u0119 nonszalancji, za\u0142\u00f3\u017c do niego d\u0142ugie zamszowe kozaki za kolano. Gdy szukasz uniwersalnego kr\u00f3tkiego p\u0142aszcza, na bazie kt\u00f3rego da si\u0119 stworzy\u0107 wiele stylizacji i pos\u0142u\u017cy Ci na kilka sezon\u00f3w, ten model spe\u0142ni wszystkie Twoje oczekiwania.<\/p>\n\n\n\r\n<div class=\"product-block-container swiper mySwiperProductBlock\">\r\n    <div class=\"product-block-swiper swiper-wrapper\">\r\n                    <div class=\"swiper-slide product-block-item\" data-id=\"146871\">\r\n                <a href=\"https:\/\/bialcon.pl\/jesienny-plaszcz-w-jodelke-o-skroconym-fasonie?utm_source=blog&utm_medium=wyprzedaz&utm_campaign=201022\" class=\"product-block-url\" target=\"_blank\">\r\n                    <div class=\"product-block-image\">\r\n                        <img decoding=\"async\" width=\"300\" height=\"400\" src=\"https:\/\/bialcon.pl\/picture\/jesienny-plaszcz-w-jodelke-o-skroconym-fasonie_1.jpg\" alt=\"Jesienny p\u0142aszcz w jode\u0142k\u0119 o skr\u00f3conym fasonie\">\r\n                    <\/div>\r\n                    <div class=\"product-block-name\">\r\n                        <p>Jesienny p\u0142aszcz w jode\u0142k\u0119 o skr\u00f3conym fasonie<\/p>\r\n                    <\/div>\r\n                <\/a>\r\n            <\/div>\r\n                    <div class=\"swiper-slide product-block-item\" data-id=\"146872\">\r\n                <a href=\"https:\/\/bialcon.pl\/blekitny-jesienny-plaszcz-z-welny-zapinany-na-napy?utm_source=blog&utm_medium=wyprzedaz&utm_campaign=201022\" class=\"product-block-url\" target=\"_blank\">\r\n                    <div class=\"product-block-image\">\r\n                        <img decoding=\"async\" width=\"300\" height=\"400\" src=\"https:\/\/bialcon.pl\/picture\/blekitny-plaszcz-z-welny-zapinany-na-napy.jpg\" alt=\"B\u0142\u0119kitny jesienny p\u0142aszcz z we\u0142ny zapinany na napy\">\r\n                    <\/div>\r\n                    <div class=\"product-block-name\">\r\n                        <p>B\u0142\u0119kitny jesienny p\u0142aszcz z we\u0142ny zapinany na napy<\/p>\r\n                    <\/div>\r\n                <\/a>\r\n            <\/div>\r\n                    <div class=\"swiper-slide product-block-item\" data-id=\"147008\">\r\n                <a href=\"https:\/\/bialcon.pl\/plaszcz-z-grubej-tkaniny-boucle-z-dodatkiem-welny?utm_source=blog&utm_medium=wyprzedaz&utm_campaign=201022\" class=\"product-block-url\" target=\"_blank\">\r\n                    <div class=\"product-block-image\">\r\n                        <img decoding=\"async\" width=\"300\" height=\"400\" src=\"https:\/\/bialcon.pl\/picture\/plaszcz-z-grubej-tkaniny-boucle-z-dodatkiem-welny_1.jpg\" alt=\"P\u0142aszcz z grubej tkaniny boucle z dodatkiem we\u0142ny\">\r\n                    <\/div>\r\n                    <div class=\"product-block-name\">\r\n                        <p>P\u0142aszcz z grubej tkaniny boucle z dodatkiem we\u0142ny<\/p>\r\n                    <\/div>\r\n                <\/a>\r\n            <\/div>\r\n            <\/div>\r\n<\/div>\r\n\n","protected":false},"excerpt":{"rendered":"<p>Jesie\u0144 to sezon bardziej subtelnych, nieco przygaszonych, ciemniejszych kolor\u00f3w oraz ciep\u0142ych i mi\u0119kkich w dotyku tkanin. W okresie, gdy li\u015bcie na drzewach zaczynaj\u0105 si\u0119 przebarwia\u0107, ch\u0119tnie si\u0119gamy te\u017c po kr\u00f3tkie p\u0142aszcze \u2013 sprawd\u017amy wi\u0119c, do czego mo\u017cemy je za\u0142o\u017cy\u0107. Kr\u00f3tki p\u0142aszcz ma wiele zalet, jego prosty, przypominaj\u0105cy marynark\u0119 kr\u00f3j, optycznie wyszczupla sylwetk\u0119, szczeg\u00f3lnie je\u015bli wybierzemy [&hellip;]<\/p>\n","protected":false},"author":10,"featured_media":6616,"comment_status":"closed","ping_status":"open","sticky":false,"template":"","format":"standard","meta":{"_acf_changed":false,"site-sidebar-layout":"default","site-content-layout":"","ast-site-content-layout":"default","site-content-style":"default","site-sidebar-style":"default","ast-global-header-display":"","ast-banner-title-visibility":"","ast-main-header-display":"","ast-hfb-above-header-display":"","ast-hfb-below-header-display":"","ast-hfb-mobile-header-display":"","site-post-title":"","ast-breadcrumbs-content":"","ast-featured-img":"","footer-sml-layout":"","theme-transparent-header-meta":"","adv-header-id-meta":"","stick-header-meta":"","header-above-stick-meta":"","header-main-stick-meta":"","header-below-stick-meta":"","astra-migrate-meta-layouts":"set","ast-page-background-enabled":"default","ast-page-background-meta":{"desktop":{"background-color":"","background-image":"","background-repeat":"repeat","background-position":"center center","background-size":"auto","background-attachment":"scroll","background-type":"","background-media":"","overlay-type":"","overlay-color":"","overlay-opacity":"","overlay-gradient":""},"tablet":{"background-color":"","background-image":"","background-repeat":"repeat","background-position":"center center","background-size":"auto","background-attachment":"scroll","background-type":"","background-media":"","overlay-type":"","overlay-color":"","overlay-opacity":"","overlay-gradient":""},"mobile":{"background-color":"","background-image":"","background-repeat":"repeat","background-position":"center center","background-size":"auto","background-attachment":"scroll","background-type":"","background-media":"","overlay-type":"","overlay-color":"","overlay-opacity":"","overlay-gradient":""}},"ast-content-background-meta":{"desktop":{"background-color":"var(--ast-global-color-5)","background-image":"","background-repeat":"repeat","background-position":"center center","background-size":"auto","background-attachment":"scroll","background-type":"","background-media":"","overlay-type":"","overlay-color":"","overlay-opacity":"","overlay-gradient":""},"tablet":{"background-color":"var(--ast-global-color-5)","background-image":"","background-repeat":"repeat","background-position":"center center","background-size":"auto","background-attachment":"scroll","background-type":"","background-media":"","overlay-type":"","overlay-color":"","overlay-opacity":"","overlay-gradient":""},"mobile":{"background-color":"var(--ast-global-color-5)","background-image":"","background-repeat":"repeat","background-position":"center center","background-size":"auto","background-attachment":"scroll","background-type":"","background-media":"","overlay-type":"","overlay-color":"","overlay-opacity":"","overlay-gradient":""}},"footnotes":""},"categories":[9,14],"tags":[],"class_list":["post-6596","post","type-post","status-publish","format-standard","has-post-thumbnail","hentry","category-trendy-w-branzy-fashion","category-wszystkie-wpisy"],"acf":[],"yoast_head":"<!-- This site is optimized with the Yoast SEO plugin v27.4 - https:\/\/yoast.com\/product\/yoast-seo-wordpress\/ -->\n<title>Kr\u00f3tki p\u0142aszcz? Do czego za\u0142o\u017cy\u0107, by wygl\u0105da\u0107 kobieco - Bialcon<\/title>\n<meta name=\"description\" content=\"W okresie, gdy li\u015bcie na drzewach zaczynaj\u0105 si\u0119 przebarwia\u0107, ch\u0119tnie si\u0119gamy te\u017c po kr\u00f3tkie p\u0142aszcze \u2013 sprawd\u017amy wi\u0119c, do czego mo\u017cemy je za\u0142o\u017cy\u0107.\" \/>\n<meta name=\"robots\" content=\"index, follow, max-snippet:-1, max-image-preview:large, max-video-preview:-1\" \/>\n<link rel=\"canonical\" href=\"https:\/\/bialcon.pl\/blog\/krotki-plaszcz-do-czego-zalozyc-by-wygladac-kobieco\/\" \/>\n<meta name=\"twitter:label1\" content=\"Napisane przez\" \/>\n\t<meta name=\"twitter:data1\" content=\"Ma\u0142gorzata Brzezi\u0144ska\" \/>\n\t<meta name=\"twitter:label2\" content=\"Szacowany czas czytania\" \/>\n\t<meta name=\"twitter:data2\" content=\"5 minut\" \/>\n<script type=\"application\/ld+json\" class=\"yoast-schema-graph\">{\"@context\":\"https:\\\/\\\/schema.org\",\"@graph\":[{\"@type\":\"Article\",\"@id\":\"https:\\\/\\\/bialcon.pl\\\/blog\\\/krotki-plaszcz-do-czego-zalozyc-by-wygladac-kobieco\\\/#article\",\"isPartOf\":{\"@id\":\"https:\\\/\\\/bialcon.pl\\\/blog\\\/krotki-plaszcz-do-czego-zalozyc-by-wygladac-kobieco\\\/\"},\"author\":{\"name\":\"Ma\u0142gorzata Brzezi\u0144ska\",\"@id\":\"https:\\\/\\\/bialcon.pl\\\/blog\\\/#\\\/schema\\\/person\\\/cbbe4ae2297c5abd7376399985d5fabb\"},\"headline\":\"Kr\u00f3tki p\u0142aszcz? Do czego za\u0142o\u017cy\u0107, by wygl\u0105da\u0107 kobieco\",\"datePublished\":\"2022-10-20T12:55:00+00:00\",\"dateModified\":\"2025-11-24T08:32:24+00:00\",\"mainEntityOfPage\":{\"@id\":\"https:\\\/\\\/bialcon.pl\\\/blog\\\/krotki-plaszcz-do-czego-zalozyc-by-wygladac-kobieco\\\/\"},\"wordCount\":902,\"image\":{\"@id\":\"https:\\\/\\\/bialcon.pl\\\/blog\\\/krotki-plaszcz-do-czego-zalozyc-by-wygladac-kobieco\\\/#primaryimage\"},\"thumbnailUrl\":\"https:\\\/\\\/bialcon.pl\\\/blog\\\/wp-content\\\/uploads\\\/2022\\\/10\\\/Projekt-bez-tytulu_13.jpg\",\"articleSection\":[\"Trendy\",\"Wszystkie wpisy\"],\"inLanguage\":\"pl-PL\"},{\"@type\":\"WebPage\",\"@id\":\"https:\\\/\\\/bialcon.pl\\\/blog\\\/krotki-plaszcz-do-czego-zalozyc-by-wygladac-kobieco\\\/\",\"url\":\"https:\\\/\\\/bialcon.pl\\\/blog\\\/krotki-plaszcz-do-czego-zalozyc-by-wygladac-kobieco\\\/\",\"name\":\"Kr\u00f3tki p\u0142aszcz? Do czego za\u0142o\u017cy\u0107, by wygl\u0105da\u0107 kobieco - Bialcon\",\"isPartOf\":{\"@id\":\"https:\\\/\\\/bialcon.pl\\\/blog\\\/#website\"},\"primaryImageOfPage\":{\"@id\":\"https:\\\/\\\/bialcon.pl\\\/blog\\\/krotki-plaszcz-do-czego-zalozyc-by-wygladac-kobieco\\\/#primaryimage\"},\"image\":{\"@id\":\"https:\\\/\\\/bialcon.pl\\\/blog\\\/krotki-plaszcz-do-czego-zalozyc-by-wygladac-kobieco\\\/#primaryimage\"},\"thumbnailUrl\":\"https:\\\/\\\/bialcon.pl\\\/blog\\\/wp-content\\\/uploads\\\/2022\\\/10\\\/Projekt-bez-tytulu_13.jpg\",\"datePublished\":\"2022-10-20T12:55:00+00:00\",\"dateModified\":\"2025-11-24T08:32:24+00:00\",\"author\":{\"@id\":\"https:\\\/\\\/bialcon.pl\\\/blog\\\/#\\\/schema\\\/person\\\/cbbe4ae2297c5abd7376399985d5fabb\"},\"description\":\"W okresie, gdy li\u015bcie na drzewach zaczynaj\u0105 si\u0119 przebarwia\u0107, ch\u0119tnie si\u0119gamy te\u017c po kr\u00f3tkie p\u0142aszcze \u2013 sprawd\u017amy wi\u0119c, do czego mo\u017cemy je za\u0142o\u017cy\u0107.\",\"breadcrumb\":{\"@id\":\"https:\\\/\\\/bialcon.pl\\\/blog\\\/krotki-plaszcz-do-czego-zalozyc-by-wygladac-kobieco\\\/#breadcrumb\"},\"inLanguage\":\"pl-PL\",\"potentialAction\":[{\"@type\":\"ReadAction\",\"target\":[\"https:\\\/\\\/bialcon.pl\\\/blog\\\/krotki-plaszcz-do-czego-zalozyc-by-wygladac-kobieco\\\/\"]}]},{\"@type\":\"ImageObject\",\"inLanguage\":\"pl-PL\",\"@id\":\"https:\\\/\\\/bialcon.pl\\\/blog\\\/krotki-plaszcz-do-czego-zalozyc-by-wygladac-kobieco\\\/#primaryimage\",\"url\":\"https:\\\/\\\/bialcon.pl\\\/blog\\\/wp-content\\\/uploads\\\/2022\\\/10\\\/Projekt-bez-tytulu_13.jpg\",\"contentUrl\":\"https:\\\/\\\/bialcon.pl\\\/blog\\\/wp-content\\\/uploads\\\/2022\\\/10\\\/Projekt-bez-tytulu_13.jpg\",\"width\":960,\"height\":850,\"caption\":\"Wizualizacja kobiety w kr\u00f3tkim we\u0142nianym p\u0142aszczu z kapturem w kolorze butelkowej zieleni\"},{\"@type\":\"BreadcrumbList\",\"@id\":\"https:\\\/\\\/bialcon.pl\\\/blog\\\/krotki-plaszcz-do-czego-zalozyc-by-wygladac-kobieco\\\/#breadcrumb\",\"itemListElement\":[{\"@type\":\"ListItem\",\"position\":1,\"name\":\"Strona g\u0142\u00f3wna\",\"item\":\"https:\\\/\\\/bialcon.pl\\\/blog\\\/\"},{\"@type\":\"ListItem\",\"position\":2,\"name\":\"Trendy\",\"item\":\"https:\\\/\\\/bialcon.pl\\\/blog\\\/trendy-w-branzy-fashion\\\/\"},{\"@type\":\"ListItem\",\"position\":3,\"name\":\"Kr\u00f3tki p\u0142aszcz? Do czego za\u0142o\u017cy\u0107, by wygl\u0105da\u0107 kobieco\"}]},{\"@type\":\"WebSite\",\"@id\":\"https:\\\/\\\/bialcon.pl\\\/blog\\\/#website\",\"url\":\"https:\\\/\\\/bialcon.pl\\\/blog\\\/\",\"name\":\"bialcon.pl\\\/blog\\\/\",\"description\":\"Fashion Blog w zasi\u0119gu Twojej r\u0119ki\",\"potentialAction\":[{\"@type\":\"SearchAction\",\"target\":{\"@type\":\"EntryPoint\",\"urlTemplate\":\"https:\\\/\\\/bialcon.pl\\\/blog\\\/?s={search_term_string}\"},\"query-input\":{\"@type\":\"PropertyValueSpecification\",\"valueRequired\":true,\"valueName\":\"search_term_string\"}}],\"inLanguage\":\"pl-PL\"},{\"@type\":\"Person\",\"@id\":\"https:\\\/\\\/bialcon.pl\\\/blog\\\/#\\\/schema\\\/person\\\/cbbe4ae2297c5abd7376399985d5fabb\",\"name\":\"Ma\u0142gorzata Brzezi\u0144ska\",\"image\":{\"@type\":\"ImageObject\",\"inLanguage\":\"pl-PL\",\"@id\":\"https:\\\/\\\/secure.gravatar.com\\\/avatar\\\/3fc4a4cdba63586f503a5c5711e9b04d01ab1234b186b03e727ad902b6f4912d?s=96&d=mm&r=g\",\"url\":\"https:\\\/\\\/secure.gravatar.com\\\/avatar\\\/3fc4a4cdba63586f503a5c5711e9b04d01ab1234b186b03e727ad902b6f4912d?s=96&d=mm&r=g\",\"contentUrl\":\"https:\\\/\\\/secure.gravatar.com\\\/avatar\\\/3fc4a4cdba63586f503a5c5711e9b04d01ab1234b186b03e727ad902b6f4912d?s=96&d=mm&r=g\",\"caption\":\"Ma\u0142gorzata Brzezi\u0144ska\"},\"description\":\"Autorka tre\u015bci z zakresu mody, urody i stylu \u017cycia. Tworzy artyku\u0142y i poradniki oparte na analizie trend\u00f3w oraz potrzeb u\u017cytkownik\u00f3w, \u0142\u0105cz\u0105c wiedz\u0119 z zakresu komunikacji marketingowej i praktyki contentowej. Specjalizuje si\u0119 w bran\u017cach fashion, beauty &amp; health oraz gourmet food, przygotowuj\u0105c tre\u015bci dopasowane do realnych sytuacji i wybor\u00f3w konsumenckich. Na co dzie\u0144 zajmuje si\u0119 r\u00f3wnie\u017c content marketingiem i SEO.\",\"sameAs\":[\"https:\\\/\\\/www.linkedin.com\\\/in\\\/gosia-brzezinska-827052b4\\\/\"],\"url\":\"https:\\\/\\\/bialcon.pl\\\/blog\\\/author\\\/brzezinska\\\/\"}]}<\/script>\n<!-- \/ Yoast SEO plugin. -->","yoast_head_json":{"title":"Kr\u00f3tki p\u0142aszcz? Do czego za\u0142o\u017cy\u0107, by wygl\u0105da\u0107 kobieco - Bialcon","description":"W okresie, gdy li\u015bcie na drzewach zaczynaj\u0105 si\u0119 przebarwia\u0107, ch\u0119tnie si\u0119gamy te\u017c po kr\u00f3tkie p\u0142aszcze \u2013 sprawd\u017amy wi\u0119c, do czego mo\u017cemy je za\u0142o\u017cy\u0107.","robots":{"index":"index","follow":"follow","max-snippet":"max-snippet:-1","max-image-preview":"max-image-preview:large","max-video-preview":"max-video-preview:-1"},"canonical":"https:\/\/bialcon.pl\/blog\/krotki-plaszcz-do-czego-zalozyc-by-wygladac-kobieco\/","twitter_misc":{"Napisane przez":"Ma\u0142gorzata Brzezi\u0144ska","Szacowany czas czytania":"5 minut"},"schema":{"@context":"https:\/\/schema.org","@graph":[{"@type":"Article","@id":"https:\/\/bialcon.pl\/blog\/krotki-plaszcz-do-czego-zalozyc-by-wygladac-kobieco\/#article","isPartOf":{"@id":"https:\/\/bialcon.pl\/blog\/krotki-plaszcz-do-czego-zalozyc-by-wygladac-kobieco\/"},"author":{"name":"Ma\u0142gorzata Brzezi\u0144ska","@id":"https:\/\/bialcon.pl\/blog\/#\/schema\/person\/cbbe4ae2297c5abd7376399985d5fabb"},"headline":"Kr\u00f3tki p\u0142aszcz? Do czego za\u0142o\u017cy\u0107, by wygl\u0105da\u0107 kobieco","datePublished":"2022-10-20T12:55:00+00:00","dateModified":"2025-11-24T08:32:24+00:00","mainEntityOfPage":{"@id":"https:\/\/bialcon.pl\/blog\/krotki-plaszcz-do-czego-zalozyc-by-wygladac-kobieco\/"},"wordCount":902,"image":{"@id":"https:\/\/bialcon.pl\/blog\/krotki-plaszcz-do-czego-zalozyc-by-wygladac-kobieco\/#primaryimage"},"thumbnailUrl":"https:\/\/bialcon.pl\/blog\/wp-content\/uploads\/2022\/10\/Projekt-bez-tytulu_13.jpg","articleSection":["Trendy","Wszystkie wpisy"],"inLanguage":"pl-PL"},{"@type":"WebPage","@id":"https:\/\/bialcon.pl\/blog\/krotki-plaszcz-do-czego-zalozyc-by-wygladac-kobieco\/","url":"https:\/\/bialcon.pl\/blog\/krotki-plaszcz-do-czego-zalozyc-by-wygladac-kobieco\/","name":"Kr\u00f3tki p\u0142aszcz? Do czego za\u0142o\u017cy\u0107, by wygl\u0105da\u0107 kobieco - Bialcon","isPartOf":{"@id":"https:\/\/bialcon.pl\/blog\/#website"},"primaryImageOfPage":{"@id":"https:\/\/bialcon.pl\/blog\/krotki-plaszcz-do-czego-zalozyc-by-wygladac-kobieco\/#primaryimage"},"image":{"@id":"https:\/\/bialcon.pl\/blog\/krotki-plaszcz-do-czego-zalozyc-by-wygladac-kobieco\/#primaryimage"},"thumbnailUrl":"https:\/\/bialcon.pl\/blog\/wp-content\/uploads\/2022\/10\/Projekt-bez-tytulu_13.jpg","datePublished":"2022-10-20T12:55:00+00:00","dateModified":"2025-11-24T08:32:24+00:00","author":{"@id":"https:\/\/bialcon.pl\/blog\/#\/schema\/person\/cbbe4ae2297c5abd7376399985d5fabb"},"description":"W okresie, gdy li\u015bcie na drzewach zaczynaj\u0105 si\u0119 przebarwia\u0107, ch\u0119tnie si\u0119gamy te\u017c po kr\u00f3tkie p\u0142aszcze \u2013 sprawd\u017amy wi\u0119c, do czego mo\u017cemy je za\u0142o\u017cy\u0107.","breadcrumb":{"@id":"https:\/\/bialcon.pl\/blog\/krotki-plaszcz-do-czego-zalozyc-by-wygladac-kobieco\/#breadcrumb"},"inLanguage":"pl-PL","potentialAction":[{"@type":"ReadAction","target":["https:\/\/bialcon.pl\/blog\/krotki-plaszcz-do-czego-zalozyc-by-wygladac-kobieco\/"]}]},{"@type":"ImageObject","inLanguage":"pl-PL","@id":"https:\/\/bialcon.pl\/blog\/krotki-plaszcz-do-czego-zalozyc-by-wygladac-kobieco\/#primaryimage","url":"https:\/\/bialcon.pl\/blog\/wp-content\/uploads\/2022\/10\/Projekt-bez-tytulu_13.jpg","contentUrl":"https:\/\/bialcon.pl\/blog\/wp-content\/uploads\/2022\/10\/Projekt-bez-tytulu_13.jpg","width":960,"height":850,"caption":"Wizualizacja kobiety w kr\u00f3tkim we\u0142nianym p\u0142aszczu z kapturem w kolorze butelkowej zieleni"},{"@type":"BreadcrumbList","@id":"https:\/\/bialcon.pl\/blog\/krotki-plaszcz-do-czego-zalozyc-by-wygladac-kobieco\/#breadcrumb","itemListElement":[{"@type":"ListItem","position":1,"name":"Strona g\u0142\u00f3wna","item":"https:\/\/bialcon.pl\/blog\/"},{"@type":"ListItem","position":2,"name":"Trendy","item":"https:\/\/bialcon.pl\/blog\/trendy-w-branzy-fashion\/"},{"@type":"ListItem","position":3,"name":"Kr\u00f3tki p\u0142aszcz? Do czego za\u0142o\u017cy\u0107, by wygl\u0105da\u0107 kobieco"}]},{"@type":"WebSite","@id":"https:\/\/bialcon.pl\/blog\/#website","url":"https:\/\/bialcon.pl\/blog\/","name":"bialcon.pl\/blog\/","description":"Fashion Blog w zasi\u0119gu Twojej r\u0119ki","potentialAction":[{"@type":"SearchAction","target":{"@type":"EntryPoint","urlTemplate":"https:\/\/bialcon.pl\/blog\/?s={search_term_string}"},"query-input":{"@type":"PropertyValueSpecification","valueRequired":true,"valueName":"search_term_string"}}],"inLanguage":"pl-PL"},{"@type":"Person","@id":"https:\/\/bialcon.pl\/blog\/#\/schema\/person\/cbbe4ae2297c5abd7376399985d5fabb","name":"Ma\u0142gorzata Brzezi\u0144ska","image":{"@type":"ImageObject","inLanguage":"pl-PL","@id":"https:\/\/secure.gravatar.com\/avatar\/3fc4a4cdba63586f503a5c5711e9b04d01ab1234b186b03e727ad902b6f4912d?s=96&d=mm&r=g","url":"https:\/\/secure.gravatar.com\/avatar\/3fc4a4cdba63586f503a5c5711e9b04d01ab1234b186b03e727ad902b6f4912d?s=96&d=mm&r=g","contentUrl":"https:\/\/secure.gravatar.com\/avatar\/3fc4a4cdba63586f503a5c5711e9b04d01ab1234b186b03e727ad902b6f4912d?s=96&d=mm&r=g","caption":"Ma\u0142gorzata Brzezi\u0144ska"},"description":"Autorka tre\u015bci z zakresu mody, urody i stylu \u017cycia. Tworzy artyku\u0142y i poradniki oparte na analizie trend\u00f3w oraz potrzeb u\u017cytkownik\u00f3w, \u0142\u0105cz\u0105c wiedz\u0119 z zakresu komunikacji marketingowej i praktyki contentowej. Specjalizuje si\u0119 w bran\u017cach fashion, beauty &amp; health oraz gourmet food, przygotowuj\u0105c tre\u015bci dopasowane do realnych sytuacji i wybor\u00f3w konsumenckich. Na co dzie\u0144 zajmuje si\u0119 r\u00f3wnie\u017c content marketingiem i SEO.","sameAs":["https:\/\/www.linkedin.com\/in\/gosia-brzezinska-827052b4\/"],"url":"https:\/\/bialcon.pl\/blog\/author\/brzezinska\/"}]}},"_links":{"self":[{"href":"https:\/\/bialcon.pl\/blog\/wp-json\/wp\/v2\/posts\/6596","targetHints":{"allow":["GET"]}}],"collection":[{"href":"https:\/\/bialcon.pl\/blog\/wp-json\/wp\/v2\/posts"}],"about":[{"href":"https:\/\/bialcon.pl\/blog\/wp-json\/wp\/v2\/types\/post"}],"author":[{"embeddable":true,"href":"https:\/\/bialcon.pl\/blog\/wp-json\/wp\/v2\/users\/10"}],"replies":[{"embeddable":true,"href":"https:\/\/bialcon.pl\/blog\/wp-json\/wp\/v2\/comments?post=6596"}],"version-history":[{"count":13,"href":"https:\/\/bialcon.pl\/blog\/wp-json\/wp\/v2\/posts\/6596\/revisions"}],"predecessor-version":[{"id":11466,"href":"https:\/\/bialcon.pl\/blog\/wp-json\/wp\/v2\/posts\/6596\/revisions\/11466"}],"wp:featuredmedia":[{"embeddable":true,"href":"https:\/\/bialcon.pl\/blog\/wp-json\/wp\/v2\/media\/6616"}],"wp:attachment":[{"href":"https:\/\/bialcon.pl\/blog\/wp-json\/wp\/v2\/media?parent=6596"}],"wp:term":[{"taxonomy":"category","embeddable":true,"href":"https:\/\/bialcon.pl\/blog\/wp-json\/wp\/v2\/categories?post=6596"},{"taxonomy":"post_tag","embeddable":true,"href":"https:\/\/bialcon.pl\/blog\/wp-json\/wp\/v2\/tags?post=6596"}],"curies":[{"name":"wp","href":"https:\/\/api.w.org\/{rel}","templated":true}]}}