{"id":6266,"date":"2022-09-22T10:51:00","date_gmt":"2022-09-22T08:51:00","guid":{"rendered":"https:\/\/bialcon.pl\/blog\/?p=6266"},"modified":"2025-11-24T09:29:13","modified_gmt":"2025-11-24T08:29:13","slug":"kurtka-przejsciowa-damska-gracja-i-styl","status":"publish","type":"post","link":"https:\/\/bialcon.pl\/blog\/kurtka-przejsciowa-damska-gracja-i-styl\/","title":{"rendered":"Kurtka przej\u015bciowa damska \u2013 gracja i styl"},"content":{"rendered":"\n<p><strong>Zmiana p\u00f3r roku np. gdy lato przechodzi w jesie\u0144, to czas dynamicznych zwrot\u00f3w akcji w pogodzie. Rano mo\u017ce by\u0107 ch\u0142odno, w po\u0142udnie \u2013 s\u0142onecznie. Nasza garderoba powinna by\u0107 przygotowana na takie warunki atmosferyczne, wi\u0119c warto zaopatrzy\u0107 si\u0119 w kurtk\u0119 przej\u015bciow\u0105 damsk\u0105.<\/strong><\/p>\n\n\n\n<p><a href=\"https:\/\/bialcon.pl\/odziez\/kurtki-damskie\/kurtki-przejsciowe-damskie\" target=\"_blank\" rel=\"noreferrer noopener\"><strong>Kurtka przej\u015bciowa damska<\/strong><\/a> to taka, kt\u00f3ra ochroni nas przed ch\u0142odem (lecz nie przed mrozem), wiatrem i deszczem. Wa\u017cne jest to, by spe\u0142nia\u0142a swoje funkcje, ale tak\u017ce wygl\u0105da\u0142a \u0142adnie i gustownie. Wszak chcemy wygl\u0105da\u0107 dobrze niezale\u017cnie od pogody. Dobrze sprawdz\u0105 si\u0119 kurtki pikowane, z kapturem, sk\u00f3rzane lub przeciwdeszczowe. Mo\u017cesz do nich dobiera\u0107 torebki, czapki, szale i tworzy\u0107 atrakcyjne stylizacje. Pogoda, nawet najbardziej kapry\u015bna, nie jest przeszkod\u0105, by wygl\u0105da\u0107 modnie. Co wi\u0119cej modny look mo\u017ce nam poprawi\u0107 humor, w te dni, gdy pogoda zmienia si\u0119 jak w kalejdoskopie, a my musimy wyj\u015b\u0107 z domu. Za\u0142\u00f3\u017c stylow\u0105 <a href=\"https:\/\/bialcon.pl\/odziez\/kurtki-damskie\/kurtki-przejsciowe-damskie\" target=\"_blank\" rel=\"noreferrer noopener\"><strong>kurtk\u0119 przej\u015bciow\u0105 damsk\u0105<\/strong><\/a>, dobierz do niej gustowne kalosze i nie przejmuj si\u0119 deszczem lub wiatrem.<\/p>\n\n\n\n<h2 class=\"wp-block-heading\"><strong>Kurtka przej\u015bciowa damska z kapturem i kieszeniami<\/strong><\/h2>\n\n\n\n<p>Kurtka z tkaniny impregnowanej z kapturem to najlepsza ochrona przed wiatrem i deszczem. Wype\u0142nienie z syntetycznego puchu doskonale zabezpiecza przed ch\u0142odem. D\u0142ugo\u015b\u0107 si\u0119gaj\u0105ca poni\u017cej po\u015bladk\u00f3w sprawia, \u017ce nie grozi nam przewianie. Taka <a href=\"https:\/\/bialcon.pl\/odziez\/kurtki-damskie\/kurtki-przejsciowe-damskie\" target=\"_blank\" rel=\"noreferrer noopener\"><strong>kurtka przej\u015bciowa damska<\/strong><\/a> ma prosty kr\u00f3j, jest lekka i zgrabna, a przy tym praktyczna, jej dodatkow\u0105 zalet\u0105 s\u0105 pojemne kieszenie zamykane na zamek. Granatowy kolor stanowi dobr\u0105 alternatyw\u0119 dla czerni lub br\u0105zu, czyli popularnych kolor\u00f3w kurtek. Do takiego modelu <a href=\"https:\/\/bialcon.pl\/odziez\/kurtki-damskie\/kurtki-przejsciowe-damskie\" target=\"_blank\" rel=\"noreferrer noopener\"><strong>kurtki przej\u015bciowej damskiej<\/strong><\/a> mo\u017cesz dobra\u0107 jeansy, spodnie dresowe, spodnie cygaretki lub kr\u00f3tk\u0105 sukienk\u0119. Szal w jasnym lub bardziej nasyconym kolorze \u0142adnie o\u017cywi stylizacj\u0119. Je\u015bli chodzi o obuwie, warto wybra\u0107 kr\u00f3tkie botki, d\u0142u\u017csze kozaki lub bardziej masywne oficerki. Mo\u017cliwo\u015bci stylizacyjnych mamy &nbsp;wi\u0119c naprawd\u0119 wiele. <a href=\"https:\/\/bialcon.pl\/kurtka-z-kapturem-i-kieszeniami\" target=\"_blank\" rel=\"noreferrer noopener\">Kurtka z kapturem i kieszeniami | Bialcon.pl<\/a><\/p>\n\n\n\r\n<div class=\"product-block-container swiper mySwiperProductBlock\">\r\n    <div class=\"product-block-swiper swiper-wrapper\">\r\n                    <div class=\"swiper-slide product-block-item\" data-id=\"147724\">\r\n                <a href=\"https:\/\/bialcon.pl\/bawelniana-kurtka-khaki-sciagana-w-talii?utm_source=blog&utm_medium=wyprzedaz&utm_campaign=220922\" class=\"product-block-url\" target=\"_blank\">\r\n                    <div class=\"product-block-image\">\r\n                        <img decoding=\"async\" width=\"300\" height=\"400\" src=\"https:\/\/bialcon.pl\/picture\/kurtka-ble-252679-f-khaki_2.jpg\" alt=\"Bawe\u0142niana kurtka khaki \u015bci\u0105gana w talii\">\r\n                    <\/div>\r\n                    <div class=\"product-block-name\">\r\n                        <p>Bawe\u0142niana kurtka khaki \u015bci\u0105gana w talii<\/p>\r\n                    <\/div>\r\n                <\/a>\r\n            <\/div>\r\n                    <div class=\"swiper-slide product-block-item\" data-id=\"147725\">\r\n                <a href=\"https:\/\/bialcon.pl\/ciemnogranatowa-bawelniana-kurtka-sciagana-w-talii?utm_source=blog&utm_medium=wyprzedaz&utm_campaign=220922\" class=\"product-block-url\" target=\"_blank\">\r\n                    <div class=\"product-block-image\">\r\n                        <img decoding=\"async\" width=\"300\" height=\"400\" src=\"https:\/\/bialcon.pl\/picture\/kurtka-ble-252679-f-granat_3.jpg\" alt=\"Ciemnogranatowa bawe\u0142niana kurtka \u015bci\u0105gana w talii\">\r\n                    <\/div>\r\n                    <div class=\"product-block-name\">\r\n                        <p>Ciemnogranatowa bawe\u0142niana kurtka \u015bci\u0105gana w talii<\/p>\r\n                    <\/div>\r\n                <\/a>\r\n            <\/div>\r\n                    <div class=\"swiper-slide product-block-item\" data-id=\"147726\">\r\n                <a href=\"https:\/\/bialcon.pl\/krotki-dwurzedowy-trencz-pastelowy-z-paskiem-i-podszewka?utm_source=blog&utm_medium=wyprzedaz&utm_campaign=220922\" class=\"product-block-url\" target=\"_blank\">\r\n                    <div class=\"product-block-image\">\r\n                        <img decoding=\"async\" width=\"300\" height=\"400\" src=\"https:\/\/bialcon.pl\/picture\/kurtka-ble-252682-f-j-rozowy_2.jpg\" alt=\"Kr\u00f3tki dwurz\u0119dowy trencz pastelowy z paskiem i podszewk\u0105\">\r\n                    <\/div>\r\n                    <div class=\"product-block-name\">\r\n                        <p>Kr\u00f3tki dwurz\u0119dowy trencz pastelowy z paskiem i podszewk\u0105<\/p>\r\n                    <\/div>\r\n                <\/a>\r\n            <\/div>\r\n            <\/div>\r\n<\/div>\r\n\n\n\n\n<h2 class=\"wp-block-heading\"><strong>Kurtka przej\u015bciowa damska \u2013 ramoneska<\/strong><\/h2>\n\n\n\n<p>Ramoneska to model uwa\u017cany za kultowy, s\u0142yn\u0105ce z dobrego stylu Pary\u017canki zaliczaj\u0105 j\u0105 wr\u0119cz do kanonu wsp\u00f3\u0142czesnej mody klasycznej. Ramoneska \u015bwietnie sprawdzi si\u0119 jako <a href=\"https:\/\/bialcon.pl\/odziez\/kurtki-damskie\/kurtki-przejsciowe-damskie\" target=\"_blank\" rel=\"noreferrer noopener\"><strong>kurtka przej\u015bciowa damska<\/strong><\/a>. Warto zainwestowa\u0107 w dobr\u0105 jako\u015b\u0107 i model uszyty z szlachetnej jagni\u0119cej sk\u00f3ry, gdy\u017c pos\u0142u\u017cy nam na d\u0142ugo, a oto, \u017ce ramoneska kiedykolwiek wyjdzie z mody, nie musimy si\u0119 martwi\u0107. Klasyka si\u0119 nie starzeje. Fason, kt\u00f3ry \u015bwietnie podkre\u015bla atuty figury np. wci\u0119cie w talii, jest dodatkowym atutem tej <a href=\"https:\/\/bialcon.pl\/odziez\/kurtki-damskie\/kurtki-przejsciowe-damskie\" target=\"_blank\" rel=\"noreferrer noopener\"><strong>kurtki przej\u015bciowej damskiej<\/strong><\/a>. Wyk\u0142adany ko\u0142nierz z klapami i zatrzaski to typowe elementy ramoneski. Warto j\u0105 nosi\u0107 z jeansami, zwiewnymi sukienkami, sp\u00f3dnicami mini lub w\u0105skimi cygaretkami. Ciekawym po\u0142\u0105czeniem jest ramoneska i sukienka w kwiaty lub sp\u00f3dnica tiulowa. Pami\u0119taj, \u017ce kurtka sk\u00f3rzana nie musi by\u0107 koniecznie czarna, mo\u017cesz wybra\u0107 kolor br\u0105zowy, czerwony itp. <a href=\"https:\/\/bialcon.pl\/czarna-skorzana-ramoneska\" target=\"_blank\" rel=\"noreferrer noopener\">Czarna sk\u00f3rzana ramoneska | Bialcon.pl<\/a><\/p>\n\n\n\r\n<div class=\"product-block-container swiper mySwiperProductBlock\">\r\n    <div class=\"product-block-swiper swiper-wrapper\">\r\n                    <div class=\"swiper-slide product-block-item\" data-id=\"142615\">\r\n                <a href=\"https:\/\/bialcon.pl\/jasna-skorzana-kurtka?utm_source=blog&utm_medium=wyprzedaz&utm_campaign=220922\" class=\"product-block-url\" target=\"_blank\">\r\n                    <div class=\"product-block-image\">\r\n                        <img decoding=\"async\" width=\"300\" height=\"400\" src=\"https:\/\/bialcon.pl\/picture\/jasnoszara-skorzana-kurtka_1.jpg\" alt=\"Jasna sk\u00f3rzana kurtka\">\r\n                    <\/div>\r\n                    <div class=\"product-block-name\">\r\n                        <p>Jasna sk\u00f3rzana kurtka<\/p>\r\n                    <\/div>\r\n                <\/a>\r\n            <\/div>\r\n                    <div class=\"swiper-slide product-block-item\" data-id=\"142569\">\r\n                <a href=\"https:\/\/bialcon.pl\/skorzana-kurtka-w-stylu-ramoneski?utm_source=blog&utm_medium=wyprzedaz&utm_campaign=220922\" class=\"product-block-url\" target=\"_blank\">\r\n                    <div class=\"product-block-image\">\r\n                        <img decoding=\"async\" width=\"300\" height=\"400\" src=\"https:\/\/bialcon.pl\/picture\/skorzana-kurtka-w-stylu-ramoneski_1.jpg\" alt=\"Sk\u00f3rzana kurtka w stylu ramoneski\">\r\n                    <\/div>\r\n                    <div class=\"product-block-name\">\r\n                        <p>Sk\u00f3rzana kurtka w stylu ramoneski<\/p>\r\n                    <\/div>\r\n                <\/a>\r\n            <\/div>\r\n                    <div class=\"swiper-slide product-block-item\" data-id=\"142571\">\r\n                <a href=\"https:\/\/bialcon.pl\/bezowa-skorzana-kurtka?utm_source=blog&utm_medium=wyprzedaz&utm_campaign=220922\" class=\"product-block-url\" target=\"_blank\">\r\n                    <div class=\"product-block-image\">\r\n                        <img decoding=\"async\" width=\"300\" height=\"400\" src=\"https:\/\/bialcon.pl\/picture\/bezowa-skorzana-kurtka_1.jpg\" alt=\"Be\u017cowa sk\u00f3rzana kurtka\">\r\n                    <\/div>\r\n                    <div class=\"product-block-name\">\r\n                        <p>Be\u017cowa sk\u00f3rzana kurtka<\/p>\r\n                    <\/div>\r\n                <\/a>\r\n            <\/div>\r\n            <\/div>\r\n<\/div>\r\n\n\n\n\n<h2 class=\"wp-block-heading\"><strong>Kurtka przej\u015bciowa damska \u2013 chroni\u0105ca przed wiatrem<\/strong><\/h2>\n\n\n\n<p>Lu\u017ana wiatr\u00f3wka z kapturem zapinana na zamek b\u0142yskawiczny dobrze sprawdzi si\u0119 w roli <a href=\"https:\/\/bialcon.pl\/odziez\/kurtki-damskie\/kurtki-przejsciowe-damskie\" target=\"_blank\" rel=\"noreferrer noopener\"><strong>kurtki przej\u015bciowej damskiej<\/strong><\/a>. \u015aci\u0105gacz w pasie podkre\u015bli tali\u0119, dzi\u0119ki temu sylwetka b\u0119dzie wygl\u0105da\u0142a zgrabnie. Praktycznym rozwi\u0105zaniem jest kaptur, kt\u00f3ry chroni nas w razie mocnego wiatru i deszczu. \u015aci\u0105gacze przy r\u0119kawach zapobiegaj\u0105 utracie ciep\u0142a. Be\u017cowy kolor tej <a href=\"https:\/\/bialcon.pl\/odziez\/kurtki-damskie\/kurtki-przejsciowe-damskie\" target=\"_blank\" rel=\"noreferrer noopener\"><strong>kurtki przej\u015bciowej damskiej<\/strong><\/a> jest uniwersalny i pozwala na \u0142\u0105czenie jej z wszelkimi innymi odcieniami. Ciekawy fason wiatr\u00f3wki \u2013 kr\u00f3tszy prz\u00f3d i d\u0142u\u017cszy d\u00f3\u0142 \u2013 sprawia, \u017ce mo\u017cemy j\u0105 wykorzystywa\u0107 w stylizacjach eleganckich oraz bardziej casualowych. Ta kurtka bardzo \u0142adnie b\u0119dzie wygl\u0105da\u0107 w po\u0142\u0105czeniu z klasycznymi d\u017cinsami. <a href=\"https:\/\/bialcon.pl\/bezowa-wiosenna-kurtka-z-kapturem\" target=\"_blank\" rel=\"noreferrer noopener\">Be\u017cowa wiosenna kurtka z kapturem | Bialcon.pl<\/a><\/p>\n\n\n\n<h2 class=\"wp-block-heading\"><strong>Co nosi\u0107 do kurtki przej\u015bciowej damskiej?<\/strong><\/h2>\n\n\n\n<p>Je\u015bli chcemy, by by\u0142o nam ciep\u0142o i wygodnie w czasie przej\u015bciowym, gdy pogoda jest nieprzewidywalna, opr\u00f3cz odpowiedniej kurtki, musimy te\u017c zadba\u0107 o dodatki. Warto wybra\u0107 czapk\u0119 lub opask\u0119 na g\u0142ow\u0119, kt\u00f3ra ochroni uszy przed zimnem. Je\u015bli nie chcemy mie\u0107 czerwonych, zmarzni\u0119tych d\u0142oni, nie nale\u017cy zapomina\u0107 o r\u0119kawiczkach np. z cienkiej sk\u00f3ry \u2013 kt\u00f3re s\u0105 bardzo stylowe i dodaj\u0105 elegancji ka\u017cdej kurtce. Szal to najwa\u017cniejszy dodatek poniewa\u017c \u015bwietnie zabezpiecza przed ch\u0142odem, ale tak\u017ce daje nam ogromne mo\u017cliwo\u015bci stylizacyjne i mo\u017ce odmieni\u0107 wygl\u0105d <a href=\"https:\/\/bialcon.pl\/odziez\/kurtki-damskie\/kurtki-przejsciowe-damskie\" target=\"_blank\" rel=\"noreferrer noopener\"><strong>kurtki przej\u015bciowej damskiej<\/strong><\/a>. Nie zapominajmy te\u017c o butach \u2013 gustowne kalosze s\u0105 wr\u0119cz wymarzone na ten moment, gdy zmieniaj\u0105 si\u0119 pory roku.<\/p>\n","protected":false},"excerpt":{"rendered":"<p>Zmiana p\u00f3r roku np. gdy lato przechodzi w jesie\u0144, to czas dynamicznych zwrot\u00f3w akcji w pogodzie. Rano mo\u017ce by\u0107 ch\u0142odno, w po\u0142udnie \u2013 s\u0142onecznie. Nasza garderoba powinna by\u0107 przygotowana na takie warunki atmosferyczne, wi\u0119c warto zaopatrzy\u0107 si\u0119 w kurtk\u0119 przej\u015bciow\u0105 damsk\u0105. Kurtka przej\u015bciowa damska to taka, kt\u00f3ra ochroni nas przed ch\u0142odem (lecz nie przed mrozem), [&hellip;]<\/p>\n","protected":false},"author":10,"featured_media":6368,"comment_status":"closed","ping_status":"open","sticky":false,"template":"","format":"standard","meta":{"_acf_changed":false,"site-sidebar-layout":"default","site-content-layout":"","ast-site-content-layout":"default","site-content-style":"default","site-sidebar-style":"default","ast-global-header-display":"","ast-banner-title-visibility":"","ast-main-header-display":"","ast-hfb-above-header-display":"","ast-hfb-below-header-display":"","ast-hfb-mobile-header-display":"","site-post-title":"","ast-breadcrumbs-content":"","ast-featured-img":"","footer-sml-layout":"","theme-transparent-header-meta":"","adv-header-id-meta":"","stick-header-meta":"","header-above-stick-meta":"","header-main-stick-meta":"","header-below-stick-meta":"","astra-migrate-meta-layouts":"set","ast-page-background-enabled":"default","ast-page-background-meta":{"desktop":{"background-color":"","background-image":"","background-repeat":"repeat","background-position":"center center","background-size":"auto","background-attachment":"scroll","background-type":"","background-media":"","overlay-type":"","overlay-color":"","overlay-opacity":"","overlay-gradient":""},"tablet":{"background-color":"","background-image":"","background-repeat":"repeat","background-position":"center center","background-size":"auto","background-attachment":"scroll","background-type":"","background-media":"","overlay-type":"","overlay-color":"","overlay-opacity":"","overlay-gradient":""},"mobile":{"background-color":"","background-image":"","background-repeat":"repeat","background-position":"center center","background-size":"auto","background-attachment":"scroll","background-type":"","background-media":"","overlay-type":"","overlay-color":"","overlay-opacity":"","overlay-gradient":""}},"ast-content-background-meta":{"desktop":{"background-color":"var(--ast-global-color-5)","background-image":"","background-repeat":"repeat","background-position":"center center","background-size":"auto","background-attachment":"scroll","background-type":"","background-media":"","overlay-type":"","overlay-color":"","overlay-opacity":"","overlay-gradient":""},"tablet":{"background-color":"var(--ast-global-color-5)","background-image":"","background-repeat":"repeat","background-position":"center center","background-size":"auto","background-attachment":"scroll","background-type":"","background-media":"","overlay-type":"","overlay-color":"","overlay-opacity":"","overlay-gradient":""},"mobile":{"background-color":"var(--ast-global-color-5)","background-image":"","background-repeat":"repeat","background-position":"center center","background-size":"auto","background-attachment":"scroll","background-type":"","background-media":"","overlay-type":"","overlay-color":"","overlay-opacity":"","overlay-gradient":""}},"footnotes":""},"categories":[1,14],"tags":[],"class_list":["post-6266","post","type-post","status-publish","format-standard","has-post-thumbnail","hentry","category-styl-zycia","category-wszystkie-wpisy"],"acf":[],"yoast_head":"<!-- This site is optimized with the Yoast SEO plugin v27.4 - https:\/\/yoast.com\/product\/yoast-seo-wordpress\/ -->\n<title>Kurtka przej\u015bciowa damska \u2013 gracja i styl - Bialcon<\/title>\n<meta name=\"description\" content=\"Przygotuj si\u0119 na kapry\u015bn\u0105 jesienn\u0105 pogod\u0119 i ju\u017c dzi\u015b poznaj ofert\u0119 przej\u015bciowych kurtek! Dowiedz si\u0119, kt\u00f3r\u0105 najlepiej wybra\u0107.\" \/>\n<meta name=\"robots\" content=\"index, follow, max-snippet:-1, max-image-preview:large, max-video-preview:-1\" \/>\n<link rel=\"canonical\" href=\"https:\/\/bialcon.pl\/blog\/kurtka-przejsciowa-damska-gracja-i-styl\/\" \/>\n<meta name=\"twitter:label1\" content=\"Napisane przez\" \/>\n\t<meta name=\"twitter:data1\" content=\"Ma\u0142gorzata Brzezi\u0144ska\" \/>\n\t<meta name=\"twitter:label2\" content=\"Szacowany czas czytania\" \/>\n\t<meta name=\"twitter:data2\" content=\"5 minut\" \/>\n<script type=\"application\/ld+json\" class=\"yoast-schema-graph\">{\"@context\":\"https:\\\/\\\/schema.org\",\"@graph\":[{\"@type\":\"Article\",\"@id\":\"https:\\\/\\\/bialcon.pl\\\/blog\\\/kurtka-przejsciowa-damska-gracja-i-styl\\\/#article\",\"isPartOf\":{\"@id\":\"https:\\\/\\\/bialcon.pl\\\/blog\\\/kurtka-przejsciowa-damska-gracja-i-styl\\\/\"},\"author\":{\"name\":\"Ma\u0142gorzata Brzezi\u0144ska\",\"@id\":\"https:\\\/\\\/bialcon.pl\\\/blog\\\/#\\\/schema\\\/person\\\/cbbe4ae2297c5abd7376399985d5fabb\"},\"headline\":\"Kurtka przej\u015bciowa damska \u2013 gracja i styl\",\"datePublished\":\"2022-09-22T08:51:00+00:00\",\"dateModified\":\"2025-11-24T08:29:13+00:00\",\"mainEntityOfPage\":{\"@id\":\"https:\\\/\\\/bialcon.pl\\\/blog\\\/kurtka-przejsciowa-damska-gracja-i-styl\\\/\"},\"wordCount\":795,\"image\":{\"@id\":\"https:\\\/\\\/bialcon.pl\\\/blog\\\/kurtka-przejsciowa-damska-gracja-i-styl\\\/#primaryimage\"},\"thumbnailUrl\":\"https:\\\/\\\/bialcon.pl\\\/blog\\\/wp-content\\\/uploads\\\/2022\\\/09\\\/Projekt-bez-tytulu-2.png\",\"articleSection\":[\"Styl \u017bycia\",\"Wszystkie wpisy\"],\"inLanguage\":\"pl-PL\"},{\"@type\":\"WebPage\",\"@id\":\"https:\\\/\\\/bialcon.pl\\\/blog\\\/kurtka-przejsciowa-damska-gracja-i-styl\\\/\",\"url\":\"https:\\\/\\\/bialcon.pl\\\/blog\\\/kurtka-przejsciowa-damska-gracja-i-styl\\\/\",\"name\":\"Kurtka przej\u015bciowa damska \u2013 gracja i styl - Bialcon\",\"isPartOf\":{\"@id\":\"https:\\\/\\\/bialcon.pl\\\/blog\\\/#website\"},\"primaryImageOfPage\":{\"@id\":\"https:\\\/\\\/bialcon.pl\\\/blog\\\/kurtka-przejsciowa-damska-gracja-i-styl\\\/#primaryimage\"},\"image\":{\"@id\":\"https:\\\/\\\/bialcon.pl\\\/blog\\\/kurtka-przejsciowa-damska-gracja-i-styl\\\/#primaryimage\"},\"thumbnailUrl\":\"https:\\\/\\\/bialcon.pl\\\/blog\\\/wp-content\\\/uploads\\\/2022\\\/09\\\/Projekt-bez-tytulu-2.png\",\"datePublished\":\"2022-09-22T08:51:00+00:00\",\"dateModified\":\"2025-11-24T08:29:13+00:00\",\"author\":{\"@id\":\"https:\\\/\\\/bialcon.pl\\\/blog\\\/#\\\/schema\\\/person\\\/cbbe4ae2297c5abd7376399985d5fabb\"},\"description\":\"Przygotuj si\u0119 na kapry\u015bn\u0105 jesienn\u0105 pogod\u0119 i ju\u017c dzi\u015b poznaj ofert\u0119 przej\u015bciowych kurtek! Dowiedz si\u0119, kt\u00f3r\u0105 najlepiej wybra\u0107.\",\"breadcrumb\":{\"@id\":\"https:\\\/\\\/bialcon.pl\\\/blog\\\/kurtka-przejsciowa-damska-gracja-i-styl\\\/#breadcrumb\"},\"inLanguage\":\"pl-PL\",\"potentialAction\":[{\"@type\":\"ReadAction\",\"target\":[\"https:\\\/\\\/bialcon.pl\\\/blog\\\/kurtka-przejsciowa-damska-gracja-i-styl\\\/\"]}]},{\"@type\":\"ImageObject\",\"inLanguage\":\"pl-PL\",\"@id\":\"https:\\\/\\\/bialcon.pl\\\/blog\\\/kurtka-przejsciowa-damska-gracja-i-styl\\\/#primaryimage\",\"url\":\"https:\\\/\\\/bialcon.pl\\\/blog\\\/wp-content\\\/uploads\\\/2022\\\/09\\\/Projekt-bez-tytulu-2.png\",\"contentUrl\":\"https:\\\/\\\/bialcon.pl\\\/blog\\\/wp-content\\\/uploads\\\/2022\\\/09\\\/Projekt-bez-tytulu-2.png\",\"width\":960,\"height\":850,\"caption\":\"Wizualizacja kobiety w pikowanej be\u017cowej kurtce z kapturem i koszulce w granatowo-bia\u0142e pasy\"},{\"@type\":\"BreadcrumbList\",\"@id\":\"https:\\\/\\\/bialcon.pl\\\/blog\\\/kurtka-przejsciowa-damska-gracja-i-styl\\\/#breadcrumb\",\"itemListElement\":[{\"@type\":\"ListItem\",\"position\":1,\"name\":\"Strona g\u0142\u00f3wna\",\"item\":\"https:\\\/\\\/bialcon.pl\\\/blog\\\/\"},{\"@type\":\"ListItem\",\"position\":2,\"name\":\"Styl \u017bycia\",\"item\":\"https:\\\/\\\/bialcon.pl\\\/blog\\\/styl-zycia\\\/\"},{\"@type\":\"ListItem\",\"position\":3,\"name\":\"Kurtka przej\u015bciowa damska \u2013 gracja i styl\"}]},{\"@type\":\"WebSite\",\"@id\":\"https:\\\/\\\/bialcon.pl\\\/blog\\\/#website\",\"url\":\"https:\\\/\\\/bialcon.pl\\\/blog\\\/\",\"name\":\"bialcon.pl\\\/blog\\\/\",\"description\":\"Fashion Blog w zasi\u0119gu Twojej r\u0119ki\",\"potentialAction\":[{\"@type\":\"SearchAction\",\"target\":{\"@type\":\"EntryPoint\",\"urlTemplate\":\"https:\\\/\\\/bialcon.pl\\\/blog\\\/?s={search_term_string}\"},\"query-input\":{\"@type\":\"PropertyValueSpecification\",\"valueRequired\":true,\"valueName\":\"search_term_string\"}}],\"inLanguage\":\"pl-PL\"},{\"@type\":\"Person\",\"@id\":\"https:\\\/\\\/bialcon.pl\\\/blog\\\/#\\\/schema\\\/person\\\/cbbe4ae2297c5abd7376399985d5fabb\",\"name\":\"Ma\u0142gorzata Brzezi\u0144ska\",\"image\":{\"@type\":\"ImageObject\",\"inLanguage\":\"pl-PL\",\"@id\":\"https:\\\/\\\/secure.gravatar.com\\\/avatar\\\/3fc4a4cdba63586f503a5c5711e9b04d01ab1234b186b03e727ad902b6f4912d?s=96&d=mm&r=g\",\"url\":\"https:\\\/\\\/secure.gravatar.com\\\/avatar\\\/3fc4a4cdba63586f503a5c5711e9b04d01ab1234b186b03e727ad902b6f4912d?s=96&d=mm&r=g\",\"contentUrl\":\"https:\\\/\\\/secure.gravatar.com\\\/avatar\\\/3fc4a4cdba63586f503a5c5711e9b04d01ab1234b186b03e727ad902b6f4912d?s=96&d=mm&r=g\",\"caption\":\"Ma\u0142gorzata Brzezi\u0144ska\"},\"description\":\"Autorka tre\u015bci z zakresu mody, urody i stylu \u017cycia. Tworzy artyku\u0142y i poradniki oparte na analizie trend\u00f3w oraz potrzeb u\u017cytkownik\u00f3w, \u0142\u0105cz\u0105c wiedz\u0119 z zakresu komunikacji marketingowej i praktyki contentowej. Specjalizuje si\u0119 w bran\u017cach fashion, beauty &amp; health oraz gourmet food, przygotowuj\u0105c tre\u015bci dopasowane do realnych sytuacji i wybor\u00f3w konsumenckich. Na co dzie\u0144 zajmuje si\u0119 r\u00f3wnie\u017c content marketingiem i SEO.\",\"sameAs\":[\"https:\\\/\\\/www.linkedin.com\\\/in\\\/gosia-brzezinska-827052b4\\\/\"],\"url\":\"https:\\\/\\\/bialcon.pl\\\/blog\\\/author\\\/brzezinska\\\/\"}]}<\/script>\n<!-- \/ Yoast SEO plugin. -->","yoast_head_json":{"title":"Kurtka przej\u015bciowa damska \u2013 gracja i styl - Bialcon","description":"Przygotuj si\u0119 na kapry\u015bn\u0105 jesienn\u0105 pogod\u0119 i ju\u017c dzi\u015b poznaj ofert\u0119 przej\u015bciowych kurtek! Dowiedz si\u0119, kt\u00f3r\u0105 najlepiej wybra\u0107.","robots":{"index":"index","follow":"follow","max-snippet":"max-snippet:-1","max-image-preview":"max-image-preview:large","max-video-preview":"max-video-preview:-1"},"canonical":"https:\/\/bialcon.pl\/blog\/kurtka-przejsciowa-damska-gracja-i-styl\/","twitter_misc":{"Napisane przez":"Ma\u0142gorzata Brzezi\u0144ska","Szacowany czas czytania":"5 minut"},"schema":{"@context":"https:\/\/schema.org","@graph":[{"@type":"Article","@id":"https:\/\/bialcon.pl\/blog\/kurtka-przejsciowa-damska-gracja-i-styl\/#article","isPartOf":{"@id":"https:\/\/bialcon.pl\/blog\/kurtka-przejsciowa-damska-gracja-i-styl\/"},"author":{"name":"Ma\u0142gorzata Brzezi\u0144ska","@id":"https:\/\/bialcon.pl\/blog\/#\/schema\/person\/cbbe4ae2297c5abd7376399985d5fabb"},"headline":"Kurtka przej\u015bciowa damska \u2013 gracja i styl","datePublished":"2022-09-22T08:51:00+00:00","dateModified":"2025-11-24T08:29:13+00:00","mainEntityOfPage":{"@id":"https:\/\/bialcon.pl\/blog\/kurtka-przejsciowa-damska-gracja-i-styl\/"},"wordCount":795,"image":{"@id":"https:\/\/bialcon.pl\/blog\/kurtka-przejsciowa-damska-gracja-i-styl\/#primaryimage"},"thumbnailUrl":"https:\/\/bialcon.pl\/blog\/wp-content\/uploads\/2022\/09\/Projekt-bez-tytulu-2.png","articleSection":["Styl \u017bycia","Wszystkie wpisy"],"inLanguage":"pl-PL"},{"@type":"WebPage","@id":"https:\/\/bialcon.pl\/blog\/kurtka-przejsciowa-damska-gracja-i-styl\/","url":"https:\/\/bialcon.pl\/blog\/kurtka-przejsciowa-damska-gracja-i-styl\/","name":"Kurtka przej\u015bciowa damska \u2013 gracja i styl - Bialcon","isPartOf":{"@id":"https:\/\/bialcon.pl\/blog\/#website"},"primaryImageOfPage":{"@id":"https:\/\/bialcon.pl\/blog\/kurtka-przejsciowa-damska-gracja-i-styl\/#primaryimage"},"image":{"@id":"https:\/\/bialcon.pl\/blog\/kurtka-przejsciowa-damska-gracja-i-styl\/#primaryimage"},"thumbnailUrl":"https:\/\/bialcon.pl\/blog\/wp-content\/uploads\/2022\/09\/Projekt-bez-tytulu-2.png","datePublished":"2022-09-22T08:51:00+00:00","dateModified":"2025-11-24T08:29:13+00:00","author":{"@id":"https:\/\/bialcon.pl\/blog\/#\/schema\/person\/cbbe4ae2297c5abd7376399985d5fabb"},"description":"Przygotuj si\u0119 na kapry\u015bn\u0105 jesienn\u0105 pogod\u0119 i ju\u017c dzi\u015b poznaj ofert\u0119 przej\u015bciowych kurtek! Dowiedz si\u0119, kt\u00f3r\u0105 najlepiej wybra\u0107.","breadcrumb":{"@id":"https:\/\/bialcon.pl\/blog\/kurtka-przejsciowa-damska-gracja-i-styl\/#breadcrumb"},"inLanguage":"pl-PL","potentialAction":[{"@type":"ReadAction","target":["https:\/\/bialcon.pl\/blog\/kurtka-przejsciowa-damska-gracja-i-styl\/"]}]},{"@type":"ImageObject","inLanguage":"pl-PL","@id":"https:\/\/bialcon.pl\/blog\/kurtka-przejsciowa-damska-gracja-i-styl\/#primaryimage","url":"https:\/\/bialcon.pl\/blog\/wp-content\/uploads\/2022\/09\/Projekt-bez-tytulu-2.png","contentUrl":"https:\/\/bialcon.pl\/blog\/wp-content\/uploads\/2022\/09\/Projekt-bez-tytulu-2.png","width":960,"height":850,"caption":"Wizualizacja kobiety w pikowanej be\u017cowej kurtce z kapturem i koszulce w granatowo-bia\u0142e pasy"},{"@type":"BreadcrumbList","@id":"https:\/\/bialcon.pl\/blog\/kurtka-przejsciowa-damska-gracja-i-styl\/#breadcrumb","itemListElement":[{"@type":"ListItem","position":1,"name":"Strona g\u0142\u00f3wna","item":"https:\/\/bialcon.pl\/blog\/"},{"@type":"ListItem","position":2,"name":"Styl \u017bycia","item":"https:\/\/bialcon.pl\/blog\/styl-zycia\/"},{"@type":"ListItem","position":3,"name":"Kurtka przej\u015bciowa damska \u2013 gracja i styl"}]},{"@type":"WebSite","@id":"https:\/\/bialcon.pl\/blog\/#website","url":"https:\/\/bialcon.pl\/blog\/","name":"bialcon.pl\/blog\/","description":"Fashion Blog w zasi\u0119gu Twojej r\u0119ki","potentialAction":[{"@type":"SearchAction","target":{"@type":"EntryPoint","urlTemplate":"https:\/\/bialcon.pl\/blog\/?s={search_term_string}"},"query-input":{"@type":"PropertyValueSpecification","valueRequired":true,"valueName":"search_term_string"}}],"inLanguage":"pl-PL"},{"@type":"Person","@id":"https:\/\/bialcon.pl\/blog\/#\/schema\/person\/cbbe4ae2297c5abd7376399985d5fabb","name":"Ma\u0142gorzata Brzezi\u0144ska","image":{"@type":"ImageObject","inLanguage":"pl-PL","@id":"https:\/\/secure.gravatar.com\/avatar\/3fc4a4cdba63586f503a5c5711e9b04d01ab1234b186b03e727ad902b6f4912d?s=96&d=mm&r=g","url":"https:\/\/secure.gravatar.com\/avatar\/3fc4a4cdba63586f503a5c5711e9b04d01ab1234b186b03e727ad902b6f4912d?s=96&d=mm&r=g","contentUrl":"https:\/\/secure.gravatar.com\/avatar\/3fc4a4cdba63586f503a5c5711e9b04d01ab1234b186b03e727ad902b6f4912d?s=96&d=mm&r=g","caption":"Ma\u0142gorzata Brzezi\u0144ska"},"description":"Autorka tre\u015bci z zakresu mody, urody i stylu \u017cycia. Tworzy artyku\u0142y i poradniki oparte na analizie trend\u00f3w oraz potrzeb u\u017cytkownik\u00f3w, \u0142\u0105cz\u0105c wiedz\u0119 z zakresu komunikacji marketingowej i praktyki contentowej. Specjalizuje si\u0119 w bran\u017cach fashion, beauty &amp; health oraz gourmet food, przygotowuj\u0105c tre\u015bci dopasowane do realnych sytuacji i wybor\u00f3w konsumenckich. Na co dzie\u0144 zajmuje si\u0119 r\u00f3wnie\u017c content marketingiem i SEO.","sameAs":["https:\/\/www.linkedin.com\/in\/gosia-brzezinska-827052b4\/"],"url":"https:\/\/bialcon.pl\/blog\/author\/brzezinska\/"}]}},"_links":{"self":[{"href":"https:\/\/bialcon.pl\/blog\/wp-json\/wp\/v2\/posts\/6266","targetHints":{"allow":["GET"]}}],"collection":[{"href":"https:\/\/bialcon.pl\/blog\/wp-json\/wp\/v2\/posts"}],"about":[{"href":"https:\/\/bialcon.pl\/blog\/wp-json\/wp\/v2\/types\/post"}],"author":[{"embeddable":true,"href":"https:\/\/bialcon.pl\/blog\/wp-json\/wp\/v2\/users\/10"}],"replies":[{"embeddable":true,"href":"https:\/\/bialcon.pl\/blog\/wp-json\/wp\/v2\/comments?post=6266"}],"version-history":[{"count":10,"href":"https:\/\/bialcon.pl\/blog\/wp-json\/wp\/v2\/posts\/6266\/revisions"}],"predecessor-version":[{"id":11451,"href":"https:\/\/bialcon.pl\/blog\/wp-json\/wp\/v2\/posts\/6266\/revisions\/11451"}],"wp:featuredmedia":[{"embeddable":true,"href":"https:\/\/bialcon.pl\/blog\/wp-json\/wp\/v2\/media\/6368"}],"wp:attachment":[{"href":"https:\/\/bialcon.pl\/blog\/wp-json\/wp\/v2\/media?parent=6266"}],"wp:term":[{"taxonomy":"category","embeddable":true,"href":"https:\/\/bialcon.pl\/blog\/wp-json\/wp\/v2\/categories?post=6266"},{"taxonomy":"post_tag","embeddable":true,"href":"https:\/\/bialcon.pl\/blog\/wp-json\/wp\/v2\/tags?post=6266"}],"curies":[{"name":"wp","href":"https:\/\/api.w.org\/{rel}","templated":true}]}}