{"id":6257,"date":"2022-09-20T09:12:00","date_gmt":"2022-09-20T07:12:00","guid":{"rendered":"https:\/\/bialcon.pl\/blog\/?p=6257"},"modified":"2025-11-24T09:28:45","modified_gmt":"2025-11-24T08:28:45","slug":"idealny-plaszcz-damski-czym-sie-charakteryzuje","status":"publish","type":"post","link":"https:\/\/bialcon.pl\/blog\/idealny-plaszcz-damski-czym-sie-charakteryzuje\/","title":{"rendered":"Idealny p\u0142aszcz damski \u2013 czym si\u0119 charakteryzuje?"},"content":{"rendered":"\n<p>Nie da si\u0119 ukry\u0107, \u017ce w naszym klimacie okrycia wierzchnie, takie jak p\u0142aszcze damskie, s\u0105 potrzebne przez wiele miesi\u0119cy w roku. I dlatego w\u0142a\u015bnie warto wybra\u0107 taki model, kt\u00f3ry b\u0119dziesz nosi\u0107 z przyjemno\u015bci\u0105, ciesz\u0105c si\u0119 stylowym lookiem i komfortem. Dowiedz si\u0119, czym cechuje si\u0119 p\u0142aszcz idealny.<\/p>\n\n\n\n<h2 class=\"wp-block-heading\"><strong>Dlaczego warto doceni\u0107 p\u0142aszcze damskie?&nbsp;<\/strong><\/h2>\n\n\n\n<p>Nawet je\u015bli do tej pory nosi\u0142a\u015b g\u0142\u00f3wnie<strong> <a href=\"https:\/\/bialcon.pl\/odziez\/kurtki-damskie\" target=\"_blank\" rel=\"noreferrer noopener\">kurtki<\/a><\/strong>, to w\u0142a\u015bnie dobrze uszyty<strong> <a href=\"https:\/\/bialcon.pl\/odziez\/plaszcze-damskie\" target=\"_blank\" rel=\"noreferrer noopener\">p\u0142aszcz damski<\/a><\/strong> ma w sobie niepowtarzalny urok, kt\u00f3remu trudno si\u0119 oprze\u0107. Opr\u00f3cz niewymuszonej elegancji jego zalet\u0105 jest r\u00f3wnie\u017c to, \u017ce jest d\u0142u\u017cszy ni\u017c wi\u0119kszo\u015b\u0107 kurtek, dzi\u0119ki czemu znakomicie chroni przed zimnem i wiatrem. Je\u015bli lubisz nosi\u0107<strong> <a href=\"https:\/\/bialcon.pl\/odziez\/sukienki-1\" target=\"_blank\" rel=\"noreferrer noopener\">sukienki<\/a><\/strong> i <a href=\"https:\/\/bialcon.pl\/odziez\/spodnice\" target=\"_blank\" rel=\"noreferrer noopener\"><strong>sp\u00f3dnice<\/strong><\/a> wiele z nich lepiej komponuje si\u0119 z p\u0142aszczem ni\u017c z kurtk\u0105. Nie lubisz nadmiaru w szafie, wi\u0119c zastanawiasz si\u0119, czy jeden<a href=\"https:\/\/bialcon.pl\/odziez\/plaszcze-damskie\" target=\"_blank\" rel=\"noreferrer noopener\"> <strong>p\u0142aszcz damski<\/strong><\/a> starczy Ci na ca\u0142y rok? Zdecydowanie nie, i nie chodzi tu jedynie o konieczno\u015b\u0107 dostosowania grubo\u015bci okrycia wierzchniego do pory roku. Dobrze wyposa\u017cona garderoba powinna uwzgl\u0119dnia\u0107 co najmniej dwa r\u00f3\u017cne p\u0142aszcze, dzi\u0119ki kt\u00f3rym Tw\u00f3j ubi\u00f3r b\u0119dzie modny i adekwatny do temperatury na zewn\u0105trz. Pami\u0119taj o tym, \u017ce<strong> <a href=\"https:\/\/bialcon.pl\/odziez\/plaszcze-damskie\/plaszcze-pikowane\" target=\"_blank\" rel=\"noreferrer noopener\">oversizowy pikowany p\u0142aszcz<\/a><\/strong> z kontrastowymi lam\u00f3wkami mo\u017ce nie by\u0107 najlepszym towarzyszem dla wieczorowej kreacji i szpilek, a elegancki<strong> <a href=\"https:\/\/bialcon.pl\/odziez\/plaszcze-damskie\/plaszcze-rozkloszowane\" target=\"_blank\" rel=\"noreferrer noopener\">rozkloszowany p\u0142aszcz<\/a><\/strong> nie do ko\u0144ca wsp\u00f3\u0142gra ze sportowym zestawem w drodze na si\u0142owni\u0119.<\/p>\n\n\n\n<h2 class=\"wp-block-heading\"><strong>Idealny p\u0142aszcz damski \u2013 jak go rozpozna\u0107?<\/strong><\/h2>\n\n\n\n<p>Czym powinien wyr\u00f3\u017cnia\u0107 si\u0119 wzorcowy p\u0142aszcz? Przede wszystkim powinien by\u0107 doskonale skrojony i starannie odszyty, wliczaj\u0105c w to wszystkie detale, takie jak na przyk\u0142ad patki, pasek lub kieszenie. Nie mniej istotne jest jego wn\u0119trze: a wi\u0119c rodzaj zastosowanej podszewki i ewentualnego wype\u0142nienia. Kupuj\u0105c nowy<strong> <a href=\"https:\/\/bialcon.pl\/odziez\/plaszcze-damskie\" target=\"_blank\" rel=\"noreferrer noopener\">p\u0142aszcz damski<\/a><\/strong>, koniecznie zwr\u00f3\u0107 uwag\u0119 na to, z jakiego materia\u0142u zosta\u0142 wykonany. Chodzi tu zar\u00f3wno o jego jako\u015b\u0107, jak i gramatur\u0119. Jesieni\u0105 i zim\u0105 dobrze sprawdz\u0105 si\u0119 grubsze<strong> <a href=\"https:\/\/bialcon.pl\/odziez\/plaszcze-damskie\/plaszcze-welniane\" target=\"_blank\" rel=\"noreferrer noopener\">p\u0142aszcze we\u0142niane<\/a><\/strong> lub<a href=\"https:\/\/bialcon.pl\/odziez\/plaszcze-damskie\/plaszcze-pikowane\" target=\"_blank\" rel=\"noreferrer noopener\"><strong> p\u0142aszcze pikowane<\/strong><\/a> z impregnowanych tkanin, podczas gdy<strong> <a href=\"https:\/\/bialcon.pl\/odziez\/plaszcze-damskie\/plaszcze-damskie-wiosenne\" target=\"_blank\" rel=\"noreferrer noopener\">p\u0142aszcze wiosenne damskie<\/a><\/strong> i te przeznaczone na lato powinny by\u0107 uszyte z l\u017cejszych materia\u0142\u00f3w z udzia\u0142em bawe\u0142ny lub cienkiej we\u0142ny.<\/p>\n\n\n\n<p>Bardzo wa\u017cny jest tak\u017ce fason p\u0142aszcza i jego og\u00f3lna funkcjonalno\u015b\u0107. Musisz wiedzie\u0107, czy zale\u017cy Ci na modelu z kieszeniami, p\u0142aszczu z kapturem i ociepleniem, czy te\u017c marzy Ci si\u0119 ciemny<strong> <a href=\"https:\/\/bialcon.pl\/odziez\/plaszcze-damskie\/plaszcze-dlugie\" target=\"_blank\" rel=\"noreferrer noopener\">d\u0142ugi p\u0142aszczyk<\/a><\/strong>, kt\u00f3ry optycznie Ci\u0119 wyszczupli? Zwr\u00f3\u0107 tak\u017ce uwag\u0119 na to, w jakiego rodzaju zapi\u0119cia wyposa\u017cono p\u0142aszcz. Pami\u0119taj, \u017ce idealny fason to taki, kt\u00f3ry jest sam w sobie szykowny, a zarazem perfekcyjnie wsp\u00f3\u0142gra z Twoj\u0105 figur\u0105.<\/p>\n\n\n\r\n<div class=\"product-block-container swiper mySwiperProductBlock\">\r\n    <div class=\"product-block-swiper swiper-wrapper\">\r\n                    <div class=\"swiper-slide product-block-item\" data-id=\"147681\">\r\n                <a href=\"https:\/\/bialcon.pl\/prosty-kremowy-plaszcz-z-wiazaniem?utm_source=blog&utm_medium=wyprzedaz&utm_campaign=200922\" class=\"product-block-url\" target=\"_blank\">\r\n                    <div class=\"product-block-image\">\r\n                        <img decoding=\"async\" width=\"300\" height=\"400\" src=\"https:\/\/bialcon.pl\/picture\/plaszcz-carmen-ecru-relis.jpg\" alt=\"Prosty kremowy p\u0142aszcz z wi\u0105zaniem\">\r\n                    <\/div>\r\n                    <div class=\"product-block-name\">\r\n                        <p>Prosty kremowy p\u0142aszcz z wi\u0105zaniem<\/p>\r\n                    <\/div>\r\n                <\/a>\r\n            <\/div>\r\n                    <div class=\"swiper-slide product-block-item\" data-id=\"147682\">\r\n                <a href=\"https:\/\/bialcon.pl\/prosty-kamelowy-plaszcz-z-wiazaniem?utm_source=blog&utm_medium=wyprzedaz&utm_campaign=200922\" class=\"product-block-url\" target=\"_blank\">\r\n                    <div class=\"product-block-image\">\r\n                        <img decoding=\"async\" width=\"300\" height=\"400\" src=\"https:\/\/bialcon.pl\/picture\/plaszcz-carmen-bezowy-relis.jpg\" alt=\"Prosty kamelowy p\u0142aszcz z wi\u0105zaniem\">\r\n                    <\/div>\r\n                    <div class=\"product-block-name\">\r\n                        <p>Prosty kamelowy p\u0142aszcz z wi\u0105zaniem<\/p>\r\n                    <\/div>\r\n                <\/a>\r\n            <\/div>\r\n                    <div class=\"swiper-slide product-block-item\" data-id=\"147683\">\r\n                <a href=\"https:\/\/bialcon.pl\/czarny-dwurzedowy-plaszcz-na-wiosne?utm_source=blog&utm_medium=wyprzedaz&utm_campaign=200922\" class=\"product-block-url\" target=\"_blank\">\r\n                    <div class=\"product-block-image\">\r\n                        <img decoding=\"async\" width=\"300\" height=\"400\" src=\"https:\/\/bialcon.pl\/picture\/plaszcz-flora-czarny-relis.jpg\" alt=\"Czarny dwurz\u0119dowy p\u0142aszcz na wiosn\u0119\">\r\n                    <\/div>\r\n                    <div class=\"product-block-name\">\r\n                        <p>Czarny dwurz\u0119dowy p\u0142aszcz na wiosn\u0119<\/p>\r\n                    <\/div>\r\n                <\/a>\r\n            <\/div>\r\n            <\/div>\r\n<\/div>\r\n\n\n\n\n<h2 class=\"wp-block-heading\"><strong>Jaki dobra\u0107 p\u0142aszcz do typu sylwetki?<\/strong><\/h2>\n\n\n\n<p>Aby \u015bwietnie wygl\u0105da\u0107 w p\u0142aszczu, nale\u017cy dopasowa\u0107 go do sylwetki. W ten spos\u00f3b zaw\u0119zisz kr\u0105g poszukiwa\u0144, sprawiaj\u0105c \u017ce wy\u0142onienie idealnego modelu b\u0119dzie \u0142atwiejsze. Jaki fason b\u0119dzie najbardziej odpowiedni dla Ciebie?<\/p>\n\n\n\n<p>Szerokie biodra, masywne uda, drobne ramiona i szczup\u0142a talia to wyr\u00f3\u017cniki figury w typie gruszki. Tu najlepiej sprawdz\u0105 si\u0119 p\u0142aszcze poszerzaj\u0105ce g\u00f3rn\u0105 cz\u0119\u015b\u0107 sylwetki, takie jak na przyk\u0142ad p\u0142aszcze z dwurz\u0119dowym zapi\u0119ciem, p\u0142aszcze z pagonami oraz p\u0142aszcze z du\u017cymi, roz\u0142o\u017cystymi ko\u0142nierzami. Jednocze\u015bnie warto znale\u017a\u0107 taki <a href=\"https:\/\/bialcon.pl\/odziez\/plaszcze-damskie\" target=\"_blank\" rel=\"noreferrer noopener\"><strong>p\u0142aszcz damski<\/strong><\/a>, kt\u00f3ry posiada pasek lub wi\u0105zanie w talii oraz nie opina zanadto bioder. Panie o figurze gruszki szczeg\u00f3lnie dobrze wygl\u0105daj\u0105 w jasnych kolorach.<\/p>\n\n\n\n<p>Twoja sylwetka charakteryzuje si\u0119 szerokimi ramionami i w\u0105skimi biodrami? Wyr\u00f3wnaj jej proporcje si\u0119gaj\u0105c po<a href=\"https:\/\/bialcon.pl\/odziez\/plaszcze-damskie\/plaszcze-rozkloszowane\" target=\"_blank\" rel=\"noreferrer noopener\"> <strong>p\u0142aszcze damskie rozkloszowane<\/strong><\/a> lub zdecyduj si\u0119 na p\u0142aszcz o stosunkowo prostej g\u00f3rnej cz\u0119\u015bci pozbawionej detali, kt\u00f3re mog\u0142yby dodatkowo poszerza\u0107. Dobrym typem p\u0142aszcza mo\u017ce by\u0107 klasyczny p\u0142aszcz z ko\u0142nierzem z niewielkimi klapami.<\/p>\n\n\n\n<h2 class=\"wp-block-heading\"><strong>P\u0142aszcze damskie na ka\u017cd\u0105 figur\u0119<\/strong><\/h2>\n\n\n\n<p>Jaki p\u0142aszcz b\u0119dzie pasowa\u0107 kobiecie o typie figury jab\u0142ko? Warto zdecydowa\u0107 si\u0119 na<em> <a href=\"https:\/\/bialcon.pl\/odziez\/plaszcze-damskie\/plaszcze-krotkie\" target=\"_blank\" rel=\"noreferrer noopener\">kr\u00f3tki p\u0142aszcz<\/a><\/em>, kt\u00f3ry ods\u0142ania pi\u0119kne nogi, jednocze\u015bnie tuszuj\u0105c oponk\u0119 w talii i nie powi\u0119kszaj\u0105c dodatkowo biustu. W takim przypadku wartym rozwa\u017cenia wyborem b\u0119dzie trapezowy p\u0142aszcz lub prosty, nieco lu\u017aniejszy model z niewielkimi klapami tworz\u0105cymi tr\u00f3jk\u0105tny dekolt.<\/p>\n\n\n\n<p>Twoja sylwetka obfituje w kr\u0105g\u0142o\u015bci i nie wiesz, jakie <a href=\"https:\/\/bialcon.pl\/odziez\/plaszcze-damskie\" target=\"_blank\" rel=\"noreferrer noopener\"><strong>p\u0142aszcze damskie<\/strong><\/a><a href=\"https:\/\/bialcon.pl\/odziez\/plaszcze-damskie\"> <\/a>b\u0119d\u0105 najlepszym wyborem dla kobiety \u2013 takiej jak Ty? Stawiaj na proste, pozbawione wielu detali modele w nasyconych, ciemniejszych barwach. Jednorz\u0119dowy<strong> <a href=\"https:\/\/bialcon.pl\/odziez\/plus-size\/plaszcze-damskie-plus-size\" target=\"_blank\" rel=\"noreferrer noopener\">p\u0142aszcz plus size<\/a><\/strong> z lekko podkre\u015blon\u0105 tali\u0105 sprawi, \u017ce Twoja figura optycznie si\u0119 wysmukli i b\u0119dziesz zgrabnie wygl\u0105da\u0107 nawet w ciep\u0142ym zestawie z\u0142o\u017conym z kilku warstw.<\/p>\n\n\n\r\n<div class=\"product-block-container swiper mySwiperProductBlock\">\r\n    <div class=\"product-block-swiper swiper-wrapper\">\r\n                    <div class=\"swiper-slide product-block-item\" data-id=\"147686\">\r\n                <a href=\"https:\/\/bialcon.pl\/bawelniany-czarny-plaszcz-wiosenny-przed-kolano?utm_source=blog&utm_medium=wyprzedaz&utm_campaign=200922\" class=\"product-block-url\" target=\"_blank\">\r\n                    <div class=\"product-block-image\">\r\n                        <img decoding=\"async\" width=\"300\" height=\"400\" src=\"https:\/\/bialcon.pl\/picture\/plaszcz-natasza-czarny-relis.jpg\" alt=\"Bawe\u0142niany czarny p\u0142aszcz wiosenny przed kolano\">\r\n                    <\/div>\r\n                    <div class=\"product-block-name\">\r\n                        <p>Bawe\u0142niany czarny p\u0142aszcz wiosenny przed kolano<\/p>\r\n                    <\/div>\r\n                <\/a>\r\n            <\/div>\r\n                    <div class=\"swiper-slide product-block-item\" data-id=\"147687\">\r\n                <a href=\"https:\/\/bialcon.pl\/bawelniany-bezowy-plaszcz-wiosenny-przed-kolano?utm_source=blog&utm_medium=wyprzedaz&utm_campaign=200922\" class=\"product-block-url\" target=\"_blank\">\r\n                    <div class=\"product-block-image\">\r\n                        <img decoding=\"async\" width=\"300\" height=\"400\" src=\"https:\/\/bialcon.pl\/picture\/bawelniany-bezowy-plaszcz-wiosenny-przed-kolano_1.jpg\" alt=\"Bawe\u0142niany be\u017cowy p\u0142aszcz wiosenny przed kolano\">\r\n                    <\/div>\r\n                    <div class=\"product-block-name\">\r\n                        <p>Bawe\u0142niany be\u017cowy p\u0142aszcz wiosenny przed kolano<\/p>\r\n                    <\/div>\r\n                <\/a>\r\n            <\/div>\r\n                    <div class=\"swiper-slide product-block-item\" data-id=\"147726\">\r\n                <a href=\"https:\/\/bialcon.pl\/krotki-dwurzedowy-trencz-pastelowy-z-paskiem-i-podszewka?utm_source=blog&utm_medium=wyprzedaz&utm_campaign=200922\" class=\"product-block-url\" target=\"_blank\">\r\n                    <div class=\"product-block-image\">\r\n                        <img decoding=\"async\" width=\"300\" height=\"400\" src=\"https:\/\/bialcon.pl\/picture\/kurtka-ble-252682-f-j-rozowy_2.jpg\" alt=\"Kr\u00f3tki dwurz\u0119dowy trencz pastelowy z paskiem i podszewk\u0105\">\r\n                    <\/div>\r\n                    <div class=\"product-block-name\">\r\n                        <p>Kr\u00f3tki dwurz\u0119dowy trencz pastelowy z paskiem i podszewk\u0105<\/p>\r\n                    <\/div>\r\n                <\/a>\r\n            <\/div>\r\n            <\/div>\r\n<\/div>\r\n\n\n\n\n<h2 class=\"wp-block-heading\"><strong>Idealny p\u0142aszcz czeka na Ciebie w sklepie internetowym Bialcon<\/strong><\/h2>\n\n\n\n<p>Szykowny p\u0142aszcz to must have kobiety, kt\u00f3ra zawsze \u015bwietnie wygl\u0105da. Jednak ka\u017cda z nas mo\u017ce mie\u0107 zr\u00f3\u017cnicowane oczekiwania w zakresie wymarzonego p\u0142aszcza. Lubimy przecie\u017c odmienne fasony i wygl\u0105damy dobrze w r\u00f3\u017cnych kolorach. Mamy tak\u017ce r\u00f3\u017cne potrzeby wynikaj\u0105ce ze stylu \u017cycia i zwi\u0105zanych z tym aktywno\u015bci, Niekt\u00f3re z nas lubi\u0105 <a href=\"https:\/\/bialcon.pl\/odziez\/plaszcze-damskie\" target=\"_blank\" rel=\"noreferrer noopener\"><strong>p\u0142aszcze damskie rozkloszowane<\/strong><\/a>, podczas gdy inne pozostaj\u0105 mi\u0142o\u015bniczkami prostych p\u0142aszczy w stylu dyplomatki. W Bialcon zawsze pami\u0119tamy o tej fascynuj\u0105cej r\u00f3\u017cnorodno\u015bci i doceniamy j\u0105 proponuj\u0105c okrycia wierzchnie w r\u00f3\u017cnych wariantach, tak by ka\u017cda Klientka mog\u0142a znale\u017a\u0107 propozycj\u0119 dostosowan\u0105 do swoich oczekiwa\u0144. W naszej kolekcji znajdziesz zar\u00f3wno <a href=\"https:\/\/bialcon.pl\/odziez\/plaszcze-damskie\/plaszcze-trencze\" target=\"_blank\" rel=\"noreferrer noopener\"><strong>klasyczne trencze<\/strong><\/a>, lekkie<a href=\"https:\/\/bialcon.pl\/odziez\/plaszcze-damskie\/plaszcze-damskie-wiosenne\" target=\"_blank\" rel=\"noreferrer noopener\"><strong> p\u0142aszcze wiosenne damskie<\/strong><\/a>, stonowane eleganckie<strong> <a href=\"https:\/\/bialcon.pl\/odziez\/plaszcze-damskie\/plaszcze-welniane\" target=\"_blank\" rel=\"noreferrer noopener\">p\u0142aszcze z we\u0142ny<\/a><\/strong>, otulaj\u0105ce sylwetk\u0119<strong> <a href=\"https:\/\/bialcon.pl\/odziez\/plaszcze-damskie\/plaszcze-puchowe\" target=\"_blank\" rel=\"noreferrer noopener\">ciep\u0142e p\u0142aszcze puchowe<\/a><\/strong>, jak i inne, bardziej fantazyjne warianty. Tak bogata oferta sprawia, \u017ce w\u0142a\u015bnie u nas znajdziesz idealny <a href=\"https:\/\/bialcon.pl\/odziez\/plaszcze-damskie\" target=\"_blank\" rel=\"noreferrer noopener\"><strong>p\u0142aszcz damski<\/strong><\/a>, kt\u00f3ry stanie si\u0119 najlepsz\u0105 wizyt\u00f3wk\u0105 Twojego osobistego stylu.<\/p>\n\n\n\r\n<div class=\"product-block-container swiper mySwiperProductBlock\">\r\n    <div class=\"product-block-swiper swiper-wrapper\">\r\n                    <div class=\"swiper-slide product-block-item\" data-id=\"146871\">\r\n                <a href=\"https:\/\/bialcon.pl\/jesienny-plaszcz-w-jodelke-o-skroconym-fasonie?utm_source=blog&utm_medium=wyprzedaz&utm_campaign=200922\" class=\"product-block-url\" target=\"_blank\">\r\n                    <div class=\"product-block-image\">\r\n                        <img decoding=\"async\" width=\"300\" height=\"400\" src=\"https:\/\/bialcon.pl\/picture\/jesienny-plaszcz-w-jodelke-o-skroconym-fasonie_1.jpg\" alt=\"Jesienny p\u0142aszcz w jode\u0142k\u0119 o skr\u00f3conym fasonie\">\r\n                    <\/div>\r\n                    <div class=\"product-block-name\">\r\n                        <p>Jesienny p\u0142aszcz w jode\u0142k\u0119 o skr\u00f3conym fasonie<\/p>\r\n                    <\/div>\r\n                <\/a>\r\n            <\/div>\r\n                    <div class=\"swiper-slide product-block-item\" data-id=\"146872\">\r\n                <a href=\"https:\/\/bialcon.pl\/blekitny-jesienny-plaszcz-z-welny-zapinany-na-napy?utm_source=blog&utm_medium=wyprzedaz&utm_campaign=200922\" class=\"product-block-url\" target=\"_blank\">\r\n                    <div class=\"product-block-image\">\r\n                        <img decoding=\"async\" width=\"300\" height=\"400\" src=\"https:\/\/bialcon.pl\/picture\/blekitny-plaszcz-z-welny-zapinany-na-napy.jpg\" alt=\"B\u0142\u0119kitny jesienny p\u0142aszcz z we\u0142ny zapinany na napy\">\r\n                    <\/div>\r\n                    <div class=\"product-block-name\">\r\n                        <p>B\u0142\u0119kitny jesienny p\u0142aszcz z we\u0142ny zapinany na napy<\/p>\r\n                    <\/div>\r\n                <\/a>\r\n            <\/div>\r\n                    <div class=\"swiper-slide product-block-item\" data-id=\"147008\">\r\n                <a href=\"https:\/\/bialcon.pl\/plaszcz-z-grubej-tkaniny-boucle-z-dodatkiem-welny?utm_source=blog&utm_medium=wyprzedaz&utm_campaign=200922\" class=\"product-block-url\" target=\"_blank\">\r\n                    <div class=\"product-block-image\">\r\n                        <img decoding=\"async\" width=\"300\" height=\"400\" src=\"https:\/\/bialcon.pl\/picture\/plaszcz-z-grubej-tkaniny-boucle-z-dodatkiem-welny_1.jpg\" alt=\"P\u0142aszcz z grubej tkaniny boucle z dodatkiem we\u0142ny\">\r\n                    <\/div>\r\n                    <div class=\"product-block-name\">\r\n                        <p>P\u0142aszcz z grubej tkaniny boucle z dodatkiem we\u0142ny<\/p>\r\n                    <\/div>\r\n                <\/a>\r\n            <\/div>\r\n            <\/div>\r\n<\/div>\r\n\n\n\n\r\n<div class=\"product-block-container swiper mySwiperProductBlock\">\r\n    <div class=\"product-block-swiper swiper-wrapper\">\r\n                    <div class=\"swiper-slide product-block-item\" data-id=\"147072\">\r\n                <a href=\"https:\/\/bialcon.pl\/zimowa-stalowa-kurtka-za-kolano-z-naturalnym-ociepleniem?utm_source=blog&amp;utm_medium=wyprzedaz&amp;utm_campaign=200922\" class=\"product-block-url\" target=\"_blank\">\r\n                    <div class=\"product-block-image\">\r\n                        <img decoding=\"async\" width=\"300\" height=\"400\" src=\"https:\/\/bialcon.pl\/picture\/kurtka-blh-251037-fx-niebieski.png\" alt=\"Zimowa stalowa kurtka za kolano z naturalnym ociepleniem\">\r\n                    <\/div>\r\n                    <div class=\"product-block-name\">\r\n                        <p>Zimowa stalowa kurtka za kolano z naturalnym ociepleniem<\/p>\r\n                    <\/div>\r\n                <\/a>\r\n            <\/div>\r\n                    <div class=\"swiper-slide product-block-item\" data-id=\"147075\">\r\n                <a href=\"https:\/\/bialcon.pl\/prosta-funkcjonalna-kurtka-zimowa-w-kolorze-czarnym?utm_source=blog&amp;utm_medium=wyprzedaz&amp;utm_campaign=200922\" class=\"product-block-url\" target=\"_blank\">\r\n                    <div class=\"product-block-image\">\r\n                        <img decoding=\"async\" width=\"300\" height=\"400\" src=\"https:\/\/bialcon.pl\/picture\/kurtka-blh-251010-f-czarny.png\" alt=\"Prosta funkcjonalna kurtka zimowa w kolorze czarnym\">\r\n                    <\/div>\r\n                    <div class=\"product-block-name\">\r\n                        <p>Prosta funkcjonalna kurtka zimowa w kolorze czarnym<\/p>\r\n                    <\/div>\r\n                <\/a>\r\n            <\/div>\r\n                    <div class=\"swiper-slide product-block-item\" data-id=\"147076\">\r\n                <a href=\"https:\/\/bialcon.pl\/prosta-funkcjonalna-kurtka-zimowa-w-kolorze-khaki?utm_source=blog&amp;utm_medium=wyprzedaz&amp;utm_campaign=200922\" class=\"product-block-url\" target=\"_blank\">\r\n                    <div class=\"product-block-image\">\r\n                        <img decoding=\"async\" width=\"300\" height=\"400\" src=\"https:\/\/bialcon.pl\/picture\/kurtka-blh-251010-f-khaki_6.png\" alt=\"Prosta funkcjonalna kurtka zimowa w kolorze khaki\">\r\n                    <\/div>\r\n                    <div class=\"product-block-name\">\r\n                        <p>Prosta funkcjonalna kurtka zimowa w kolorze khaki<\/p>\r\n                    <\/div>\r\n                <\/a>\r\n            <\/div>\r\n            <\/div>\r\n<\/div>\r\n\n","protected":false},"excerpt":{"rendered":"<p>Nie da si\u0119 ukry\u0107, \u017ce w naszym klimacie okrycia wierzchnie, takie jak p\u0142aszcze damskie, s\u0105 potrzebne przez wiele miesi\u0119cy w roku. I dlatego w\u0142a\u015bnie warto wybra\u0107 taki model, kt\u00f3ry b\u0119dziesz nosi\u0107 z przyjemno\u015bci\u0105, ciesz\u0105c si\u0119 stylowym lookiem i komfortem. Dowiedz si\u0119, czym cechuje si\u0119 p\u0142aszcz idealny. Dlaczego warto doceni\u0107 p\u0142aszcze damskie?&nbsp; Nawet je\u015bli do tej [&hellip;]<\/p>\n","protected":false},"author":14,"featured_media":6351,"comment_status":"closed","ping_status":"open","sticky":false,"template":"","format":"standard","meta":{"_acf_changed":false,"site-sidebar-layout":"default","site-content-layout":"","ast-site-content-layout":"default","site-content-style":"default","site-sidebar-style":"default","ast-global-header-display":"","ast-banner-title-visibility":"","ast-main-header-display":"","ast-hfb-above-header-display":"","ast-hfb-below-header-display":"","ast-hfb-mobile-header-display":"","site-post-title":"","ast-breadcrumbs-content":"","ast-featured-img":"","footer-sml-layout":"","theme-transparent-header-meta":"","adv-header-id-meta":"","stick-header-meta":"","header-above-stick-meta":"","header-main-stick-meta":"","header-below-stick-meta":"","astra-migrate-meta-layouts":"set","ast-page-background-enabled":"default","ast-page-background-meta":{"desktop":{"background-color":"","background-image":"","background-repeat":"repeat","background-position":"center center","background-size":"auto","background-attachment":"scroll","background-type":"","background-media":"","overlay-type":"","overlay-color":"","overlay-opacity":"","overlay-gradient":""},"tablet":{"background-color":"","background-image":"","background-repeat":"repeat","background-position":"center center","background-size":"auto","background-attachment":"scroll","background-type":"","background-media":"","overlay-type":"","overlay-color":"","overlay-opacity":"","overlay-gradient":""},"mobile":{"background-color":"","background-image":"","background-repeat":"repeat","background-position":"center center","background-size":"auto","background-attachment":"scroll","background-type":"","background-media":"","overlay-type":"","overlay-color":"","overlay-opacity":"","overlay-gradient":""}},"ast-content-background-meta":{"desktop":{"background-color":"var(--ast-global-color-5)","background-image":"","background-repeat":"repeat","background-position":"center center","background-size":"auto","background-attachment":"scroll","background-type":"","background-media":"","overlay-type":"","overlay-color":"","overlay-opacity":"","overlay-gradient":""},"tablet":{"background-color":"var(--ast-global-color-5)","background-image":"","background-repeat":"repeat","background-position":"center center","background-size":"auto","background-attachment":"scroll","background-type":"","background-media":"","overlay-type":"","overlay-color":"","overlay-opacity":"","overlay-gradient":""},"mobile":{"background-color":"var(--ast-global-color-5)","background-image":"","background-repeat":"repeat","background-position":"center center","background-size":"auto","background-attachment":"scroll","background-type":"","background-media":"","overlay-type":"","overlay-color":"","overlay-opacity":"","overlay-gradient":""}},"footnotes":""},"categories":[1,14],"tags":[],"class_list":["post-6257","post","type-post","status-publish","format-standard","has-post-thumbnail","hentry","category-styl-zycia","category-wszystkie-wpisy"],"acf":[],"yoast_head":"<!-- This site is optimized with the Yoast SEO plugin v27.4 - https:\/\/yoast.com\/product\/yoast-seo-wordpress\/ -->\n<title>Idealny p\u0142aszcz damski \u2013 czym si\u0119 charakteryzuje? - Bialcon<\/title>\n<meta name=\"description\" content=\"W naszym klimacie okrycia wierzchnie, takie jak p\u0142aszcze damskie, s\u0105 potrzebne przez wiele miesi\u0119cy w roku. Dowiedz si\u0119, czym cechuje si\u0119 p\u0142aszcz idealny.\" \/>\n<meta name=\"robots\" content=\"index, follow, max-snippet:-1, max-image-preview:large, max-video-preview:-1\" \/>\n<link rel=\"canonical\" href=\"https:\/\/bialcon.pl\/blog\/idealny-plaszcz-damski-czym-sie-charakteryzuje\/\" \/>\n<meta name=\"twitter:label1\" content=\"Napisane przez\" \/>\n\t<meta name=\"twitter:data1\" content=\"Daria Woszczaty\u0144ska-Przybylska\" \/>\n\t<meta name=\"twitter:label2\" content=\"Szacowany czas czytania\" \/>\n\t<meta name=\"twitter:data2\" content=\"6 minut\" \/>\n<script type=\"application\/ld+json\" class=\"yoast-schema-graph\">{\"@context\":\"https:\\\/\\\/schema.org\",\"@graph\":[{\"@type\":\"Article\",\"@id\":\"https:\\\/\\\/bialcon.pl\\\/blog\\\/idealny-plaszcz-damski-czym-sie-charakteryzuje\\\/#article\",\"isPartOf\":{\"@id\":\"https:\\\/\\\/bialcon.pl\\\/blog\\\/idealny-plaszcz-damski-czym-sie-charakteryzuje\\\/\"},\"author\":{\"name\":\"Daria Woszczaty\u0144ska-Przybylska\",\"@id\":\"https:\\\/\\\/bialcon.pl\\\/blog\\\/#\\\/schema\\\/person\\\/ba17cc8b0900b2a06eecf843eb117760\"},\"headline\":\"Idealny p\u0142aszcz damski \u2013 czym si\u0119 charakteryzuje?\",\"datePublished\":\"2022-09-20T07:12:00+00:00\",\"dateModified\":\"2025-11-24T08:28:45+00:00\",\"mainEntityOfPage\":{\"@id\":\"https:\\\/\\\/bialcon.pl\\\/blog\\\/idealny-plaszcz-damski-czym-sie-charakteryzuje\\\/\"},\"wordCount\":1059,\"image\":{\"@id\":\"https:\\\/\\\/bialcon.pl\\\/blog\\\/idealny-plaszcz-damski-czym-sie-charakteryzuje\\\/#primaryimage\"},\"thumbnailUrl\":\"https:\\\/\\\/bialcon.pl\\\/blog\\\/wp-content\\\/uploads\\\/2022\\\/09\\\/Projekt-bez-tytulu-1.png\",\"articleSection\":[\"Styl \u017bycia\",\"Wszystkie wpisy\"],\"inLanguage\":\"pl-PL\"},{\"@type\":\"WebPage\",\"@id\":\"https:\\\/\\\/bialcon.pl\\\/blog\\\/idealny-plaszcz-damski-czym-sie-charakteryzuje\\\/\",\"url\":\"https:\\\/\\\/bialcon.pl\\\/blog\\\/idealny-plaszcz-damski-czym-sie-charakteryzuje\\\/\",\"name\":\"Idealny p\u0142aszcz damski \u2013 czym si\u0119 charakteryzuje? - Bialcon\",\"isPartOf\":{\"@id\":\"https:\\\/\\\/bialcon.pl\\\/blog\\\/#website\"},\"primaryImageOfPage\":{\"@id\":\"https:\\\/\\\/bialcon.pl\\\/blog\\\/idealny-plaszcz-damski-czym-sie-charakteryzuje\\\/#primaryimage\"},\"image\":{\"@id\":\"https:\\\/\\\/bialcon.pl\\\/blog\\\/idealny-plaszcz-damski-czym-sie-charakteryzuje\\\/#primaryimage\"},\"thumbnailUrl\":\"https:\\\/\\\/bialcon.pl\\\/blog\\\/wp-content\\\/uploads\\\/2022\\\/09\\\/Projekt-bez-tytulu-1.png\",\"datePublished\":\"2022-09-20T07:12:00+00:00\",\"dateModified\":\"2025-11-24T08:28:45+00:00\",\"author\":{\"@id\":\"https:\\\/\\\/bialcon.pl\\\/blog\\\/#\\\/schema\\\/person\\\/ba17cc8b0900b2a06eecf843eb117760\"},\"description\":\"W naszym klimacie okrycia wierzchnie, takie jak p\u0142aszcze damskie, s\u0105 potrzebne przez wiele miesi\u0119cy w roku. Dowiedz si\u0119, czym cechuje si\u0119 p\u0142aszcz idealny.\",\"breadcrumb\":{\"@id\":\"https:\\\/\\\/bialcon.pl\\\/blog\\\/idealny-plaszcz-damski-czym-sie-charakteryzuje\\\/#breadcrumb\"},\"inLanguage\":\"pl-PL\",\"potentialAction\":[{\"@type\":\"ReadAction\",\"target\":[\"https:\\\/\\\/bialcon.pl\\\/blog\\\/idealny-plaszcz-damski-czym-sie-charakteryzuje\\\/\"]}]},{\"@type\":\"ImageObject\",\"inLanguage\":\"pl-PL\",\"@id\":\"https:\\\/\\\/bialcon.pl\\\/blog\\\/idealny-plaszcz-damski-czym-sie-charakteryzuje\\\/#primaryimage\",\"url\":\"https:\\\/\\\/bialcon.pl\\\/blog\\\/wp-content\\\/uploads\\\/2022\\\/09\\\/Projekt-bez-tytulu-1.png\",\"contentUrl\":\"https:\\\/\\\/bialcon.pl\\\/blog\\\/wp-content\\\/uploads\\\/2022\\\/09\\\/Projekt-bez-tytulu-1.png\",\"width\":960,\"height\":850,\"caption\":\"Wizualizacja dw\u00f3ch kobiet w dwurz\u0119dowych p\u0142aszczach: jednym be\u017cowym i drugim czerwonym ze z\u0142otymi guzikami\"},{\"@type\":\"BreadcrumbList\",\"@id\":\"https:\\\/\\\/bialcon.pl\\\/blog\\\/idealny-plaszcz-damski-czym-sie-charakteryzuje\\\/#breadcrumb\",\"itemListElement\":[{\"@type\":\"ListItem\",\"position\":1,\"name\":\"Strona g\u0142\u00f3wna\",\"item\":\"https:\\\/\\\/bialcon.pl\\\/blog\\\/\"},{\"@type\":\"ListItem\",\"position\":2,\"name\":\"Styl \u017bycia\",\"item\":\"https:\\\/\\\/bialcon.pl\\\/blog\\\/styl-zycia\\\/\"},{\"@type\":\"ListItem\",\"position\":3,\"name\":\"Idealny p\u0142aszcz damski \u2013 czym si\u0119 charakteryzuje?\"}]},{\"@type\":\"WebSite\",\"@id\":\"https:\\\/\\\/bialcon.pl\\\/blog\\\/#website\",\"url\":\"https:\\\/\\\/bialcon.pl\\\/blog\\\/\",\"name\":\"bialcon.pl\\\/blog\\\/\",\"description\":\"Fashion Blog w zasi\u0119gu Twojej r\u0119ki\",\"potentialAction\":[{\"@type\":\"SearchAction\",\"target\":{\"@type\":\"EntryPoint\",\"urlTemplate\":\"https:\\\/\\\/bialcon.pl\\\/blog\\\/?s={search_term_string}\"},\"query-input\":{\"@type\":\"PropertyValueSpecification\",\"valueRequired\":true,\"valueName\":\"search_term_string\"}}],\"inLanguage\":\"pl-PL\"},{\"@type\":\"Person\",\"@id\":\"https:\\\/\\\/bialcon.pl\\\/blog\\\/#\\\/schema\\\/person\\\/ba17cc8b0900b2a06eecf843eb117760\",\"name\":\"Daria Woszczaty\u0144ska-Przybylska\",\"image\":{\"@type\":\"ImageObject\",\"inLanguage\":\"pl-PL\",\"@id\":\"https:\\\/\\\/secure.gravatar.com\\\/avatar\\\/624792ad5428294ab99ef3d7d452e28d140144dac597c3725127e5d3ea759f0b?s=96&d=mm&r=g\",\"url\":\"https:\\\/\\\/secure.gravatar.com\\\/avatar\\\/624792ad5428294ab99ef3d7d452e28d140144dac597c3725127e5d3ea759f0b?s=96&d=mm&r=g\",\"contentUrl\":\"https:\\\/\\\/secure.gravatar.com\\\/avatar\\\/624792ad5428294ab99ef3d7d452e28d140144dac597c3725127e5d3ea759f0b?s=96&d=mm&r=g\",\"caption\":\"Daria Woszczaty\u0144ska-Przybylska\"},\"description\":\"Autorka tre\u015bci o modzie, copywriterka i content writerka, z wykszta\u0142cenia projektantka ubioru. Zajmuje si\u0119 analiz\u0105 przemian w modzie oraz przyst\u0119pnym wyja\u015bnianiem trend\u00f3w, pomagaj\u0105c odbiorcom \u015bwiadomie budowa\u0107 w\u0142asny styl. Interesuje j\u0105 kreowanie osobistego stylu, ilustracja modowa oraz ubi\u00f3r traktowany jako forma sztuki. Jej najnowsze teksty o modzie znajdziesz na blogu Bialcon.\",\"sameAs\":[\"https:\\\/\\\/www.facebook.com\\\/daria.woszczatynska\\\/\"],\"url\":\"https:\\\/\\\/bialcon.pl\\\/blog\\\/author\\\/daria-woszczatynska-przybylska\\\/\"}]}<\/script>\n<!-- \/ Yoast SEO plugin. -->","yoast_head_json":{"title":"Idealny p\u0142aszcz damski \u2013 czym si\u0119 charakteryzuje? - Bialcon","description":"W naszym klimacie okrycia wierzchnie, takie jak p\u0142aszcze damskie, s\u0105 potrzebne przez wiele miesi\u0119cy w roku. Dowiedz si\u0119, czym cechuje si\u0119 p\u0142aszcz idealny.","robots":{"index":"index","follow":"follow","max-snippet":"max-snippet:-1","max-image-preview":"max-image-preview:large","max-video-preview":"max-video-preview:-1"},"canonical":"https:\/\/bialcon.pl\/blog\/idealny-plaszcz-damski-czym-sie-charakteryzuje\/","twitter_misc":{"Napisane przez":"Daria Woszczaty\u0144ska-Przybylska","Szacowany czas czytania":"6 minut"},"schema":{"@context":"https:\/\/schema.org","@graph":[{"@type":"Article","@id":"https:\/\/bialcon.pl\/blog\/idealny-plaszcz-damski-czym-sie-charakteryzuje\/#article","isPartOf":{"@id":"https:\/\/bialcon.pl\/blog\/idealny-plaszcz-damski-czym-sie-charakteryzuje\/"},"author":{"name":"Daria Woszczaty\u0144ska-Przybylska","@id":"https:\/\/bialcon.pl\/blog\/#\/schema\/person\/ba17cc8b0900b2a06eecf843eb117760"},"headline":"Idealny p\u0142aszcz damski \u2013 czym si\u0119 charakteryzuje?","datePublished":"2022-09-20T07:12:00+00:00","dateModified":"2025-11-24T08:28:45+00:00","mainEntityOfPage":{"@id":"https:\/\/bialcon.pl\/blog\/idealny-plaszcz-damski-czym-sie-charakteryzuje\/"},"wordCount":1059,"image":{"@id":"https:\/\/bialcon.pl\/blog\/idealny-plaszcz-damski-czym-sie-charakteryzuje\/#primaryimage"},"thumbnailUrl":"https:\/\/bialcon.pl\/blog\/wp-content\/uploads\/2022\/09\/Projekt-bez-tytulu-1.png","articleSection":["Styl \u017bycia","Wszystkie wpisy"],"inLanguage":"pl-PL"},{"@type":"WebPage","@id":"https:\/\/bialcon.pl\/blog\/idealny-plaszcz-damski-czym-sie-charakteryzuje\/","url":"https:\/\/bialcon.pl\/blog\/idealny-plaszcz-damski-czym-sie-charakteryzuje\/","name":"Idealny p\u0142aszcz damski \u2013 czym si\u0119 charakteryzuje? - Bialcon","isPartOf":{"@id":"https:\/\/bialcon.pl\/blog\/#website"},"primaryImageOfPage":{"@id":"https:\/\/bialcon.pl\/blog\/idealny-plaszcz-damski-czym-sie-charakteryzuje\/#primaryimage"},"image":{"@id":"https:\/\/bialcon.pl\/blog\/idealny-plaszcz-damski-czym-sie-charakteryzuje\/#primaryimage"},"thumbnailUrl":"https:\/\/bialcon.pl\/blog\/wp-content\/uploads\/2022\/09\/Projekt-bez-tytulu-1.png","datePublished":"2022-09-20T07:12:00+00:00","dateModified":"2025-11-24T08:28:45+00:00","author":{"@id":"https:\/\/bialcon.pl\/blog\/#\/schema\/person\/ba17cc8b0900b2a06eecf843eb117760"},"description":"W naszym klimacie okrycia wierzchnie, takie jak p\u0142aszcze damskie, s\u0105 potrzebne przez wiele miesi\u0119cy w roku. Dowiedz si\u0119, czym cechuje si\u0119 p\u0142aszcz idealny.","breadcrumb":{"@id":"https:\/\/bialcon.pl\/blog\/idealny-plaszcz-damski-czym-sie-charakteryzuje\/#breadcrumb"},"inLanguage":"pl-PL","potentialAction":[{"@type":"ReadAction","target":["https:\/\/bialcon.pl\/blog\/idealny-plaszcz-damski-czym-sie-charakteryzuje\/"]}]},{"@type":"ImageObject","inLanguage":"pl-PL","@id":"https:\/\/bialcon.pl\/blog\/idealny-plaszcz-damski-czym-sie-charakteryzuje\/#primaryimage","url":"https:\/\/bialcon.pl\/blog\/wp-content\/uploads\/2022\/09\/Projekt-bez-tytulu-1.png","contentUrl":"https:\/\/bialcon.pl\/blog\/wp-content\/uploads\/2022\/09\/Projekt-bez-tytulu-1.png","width":960,"height":850,"caption":"Wizualizacja dw\u00f3ch kobiet w dwurz\u0119dowych p\u0142aszczach: jednym be\u017cowym i drugim czerwonym ze z\u0142otymi guzikami"},{"@type":"BreadcrumbList","@id":"https:\/\/bialcon.pl\/blog\/idealny-plaszcz-damski-czym-sie-charakteryzuje\/#breadcrumb","itemListElement":[{"@type":"ListItem","position":1,"name":"Strona g\u0142\u00f3wna","item":"https:\/\/bialcon.pl\/blog\/"},{"@type":"ListItem","position":2,"name":"Styl \u017bycia","item":"https:\/\/bialcon.pl\/blog\/styl-zycia\/"},{"@type":"ListItem","position":3,"name":"Idealny p\u0142aszcz damski \u2013 czym si\u0119 charakteryzuje?"}]},{"@type":"WebSite","@id":"https:\/\/bialcon.pl\/blog\/#website","url":"https:\/\/bialcon.pl\/blog\/","name":"bialcon.pl\/blog\/","description":"Fashion Blog w zasi\u0119gu Twojej r\u0119ki","potentialAction":[{"@type":"SearchAction","target":{"@type":"EntryPoint","urlTemplate":"https:\/\/bialcon.pl\/blog\/?s={search_term_string}"},"query-input":{"@type":"PropertyValueSpecification","valueRequired":true,"valueName":"search_term_string"}}],"inLanguage":"pl-PL"},{"@type":"Person","@id":"https:\/\/bialcon.pl\/blog\/#\/schema\/person\/ba17cc8b0900b2a06eecf843eb117760","name":"Daria Woszczaty\u0144ska-Przybylska","image":{"@type":"ImageObject","inLanguage":"pl-PL","@id":"https:\/\/secure.gravatar.com\/avatar\/624792ad5428294ab99ef3d7d452e28d140144dac597c3725127e5d3ea759f0b?s=96&d=mm&r=g","url":"https:\/\/secure.gravatar.com\/avatar\/624792ad5428294ab99ef3d7d452e28d140144dac597c3725127e5d3ea759f0b?s=96&d=mm&r=g","contentUrl":"https:\/\/secure.gravatar.com\/avatar\/624792ad5428294ab99ef3d7d452e28d140144dac597c3725127e5d3ea759f0b?s=96&d=mm&r=g","caption":"Daria Woszczaty\u0144ska-Przybylska"},"description":"Autorka tre\u015bci o modzie, copywriterka i content writerka, z wykszta\u0142cenia projektantka ubioru. Zajmuje si\u0119 analiz\u0105 przemian w modzie oraz przyst\u0119pnym wyja\u015bnianiem trend\u00f3w, pomagaj\u0105c odbiorcom \u015bwiadomie budowa\u0107 w\u0142asny styl. Interesuje j\u0105 kreowanie osobistego stylu, ilustracja modowa oraz ubi\u00f3r traktowany jako forma sztuki. Jej najnowsze teksty o modzie znajdziesz na blogu Bialcon.","sameAs":["https:\/\/www.facebook.com\/daria.woszczatynska\/"],"url":"https:\/\/bialcon.pl\/blog\/author\/daria-woszczatynska-przybylska\/"}]}},"_links":{"self":[{"href":"https:\/\/bialcon.pl\/blog\/wp-json\/wp\/v2\/posts\/6257","targetHints":{"allow":["GET"]}}],"collection":[{"href":"https:\/\/bialcon.pl\/blog\/wp-json\/wp\/v2\/posts"}],"about":[{"href":"https:\/\/bialcon.pl\/blog\/wp-json\/wp\/v2\/types\/post"}],"author":[{"embeddable":true,"href":"https:\/\/bialcon.pl\/blog\/wp-json\/wp\/v2\/users\/14"}],"replies":[{"embeddable":true,"href":"https:\/\/bialcon.pl\/blog\/wp-json\/wp\/v2\/comments?post=6257"}],"version-history":[{"count":10,"href":"https:\/\/bialcon.pl\/blog\/wp-json\/wp\/v2\/posts\/6257\/revisions"}],"predecessor-version":[{"id":11442,"href":"https:\/\/bialcon.pl\/blog\/wp-json\/wp\/v2\/posts\/6257\/revisions\/11442"}],"wp:featuredmedia":[{"embeddable":true,"href":"https:\/\/bialcon.pl\/blog\/wp-json\/wp\/v2\/media\/6351"}],"wp:attachment":[{"href":"https:\/\/bialcon.pl\/blog\/wp-json\/wp\/v2\/media?parent=6257"}],"wp:term":[{"taxonomy":"category","embeddable":true,"href":"https:\/\/bialcon.pl\/blog\/wp-json\/wp\/v2\/categories?post=6257"},{"taxonomy":"post_tag","embeddable":true,"href":"https:\/\/bialcon.pl\/blog\/wp-json\/wp\/v2\/tags?post=6257"}],"curies":[{"name":"wp","href":"https:\/\/api.w.org\/{rel}","templated":true}]}}