{"id":6175,"date":"2022-09-15T14:03:00","date_gmt":"2022-09-15T12:03:00","guid":{"rendered":"https:\/\/bialcon.pl\/blog\/?p=6175"},"modified":"2025-11-24T09:28:01","modified_gmt":"2025-11-24T08:28:01","slug":"wybierz-damskie-rozpinane-swetry-odpowiednie-dla-ciebie","status":"publish","type":"post","link":"https:\/\/bialcon.pl\/blog\/wybierz-damskie-rozpinane-swetry-odpowiednie-dla-ciebie\/","title":{"rendered":"Wybierz damskie rozpinane swetry odpowiednie dla Ciebie!"},"content":{"rendered":"\n<p><strong>Jesie\u0144 to czas, kiedy ch\u0119tnie wyci\u0105gamy z szafy swetry. Te zrobione z grubej we\u0142ny, ciep\u0142e, zak\u0142adane przez g\u0142ow\u0119, mog\u0105 nam si\u0119 wydawa\u0107 za ci\u0119\u017ckie, wtedy z pomoc\u0105 przyjd\u0105 swetry rozpinane. S\u0105 one dost\u0119pne w tylu fasonach i kolorach, \u017ce ka\u017cda z nas bez problemu znajdzie model odpowiedni dla siebie.<\/strong><\/p>\n\n\n\n<p>Schy\u0142ek wakacji, babie lato, w powietrzu czu\u0107 ju\u017c zbli\u017caj\u0105c\u0105 si\u0119 jesie\u0144. S\u0142o\u0144ce jeszcze ca\u0142kiem mocno \u015bwieci w po\u0142udnie, lecz ranki i wieczory staj\u0105 si\u0119 odczuwalnie ch\u0142odniejsze. Coraz cz\u0119\u015bciej mamy ochot\u0119 zarzuci\u0107 co\u015b na ramiona \u2013 najlepiej \u0142adny i przyjemny w dotyku \u2013 <a href=\"https:\/\/bialcon.pl\/odziez\/swetry-damskie\/swetry-rozpinane\" target=\"_blank\" rel=\"noreferrer noopener\"><strong>sweter damski rozpinany<\/strong><\/a><strong>.<\/strong> Je\u015bli nie chcemy jeszcze zak\u0142ada\u0107 przej\u015bciowej kurtki lub p\u0142aszcza \u2013 wystarczy nam rozpinany sweter. Zreszt\u0105 tego elementu garderoby nie mo\u017cna traktowa\u0107 jako przej\u015bciowego, po kt\u00f3ry si\u0119gamy tylko, gdy zaczyna si\u0119 jesie\u0144. Swetry damskie rozpinane sprawdz\u0105 si\u0119 o ka\u017cdej porze roku dlatego tym bardziej nie powinno ich zabrakn\u0105\u0107 w naszej szafie.<\/p>\n\n\n\r\n<div class=\"product-block-container swiper mySwiperProductBlock\">\r\n    <div class=\"product-block-swiper swiper-wrapper\">\r\n                    <div class=\"swiper-slide product-block-item\" data-id=\"147778\">\r\n                <a href=\"https:\/\/bialcon.pl\/zwiewna-pastelowa-narzutka-z-tencelu-z-bufiastym-rekawem?utm_source=blog&utm_medium=wyprzedaz&utm_campaign=150922\" class=\"product-block-url\" target=\"_blank\">\r\n                    <div class=\"product-block-image\">\r\n                        <img decoding=\"async\" width=\"300\" height=\"400\" src=\"https:\/\/bialcon.pl\/picture\/zwiewna-pastelowa-narzutka-z-tencelu-z-bufiastym-rekawem.jpg\" alt=\"Zwiewna pastelowa narzutka z tencelu z bufiastym r\u0119kawem\">\r\n                    <\/div>\r\n                    <div class=\"product-block-name\">\r\n                        <p>Zwiewna pastelowa narzutka z tencelu z bufiastym r\u0119kawem<\/p>\r\n                    <\/div>\r\n                <\/a>\r\n            <\/div>\r\n                    <div class=\"swiper-slide product-block-item\" data-id=\"147505\">\r\n                <a href=\"https:\/\/bialcon.pl\/codzienna-wygodna-narzutka-z-brazowej-dzianiny?utm_source=blog&utm_medium=wyprzedaz&utm_campaign=150922\" class=\"product-block-url\" target=\"_blank\">\r\n                    <div class=\"product-block-image\">\r\n                        <img decoding=\"async\" width=\"300\" height=\"400\" src=\"https:\/\/bialcon.pl\/picture\/codzienna-wygodna-narzutka-z-brazowej-dzianiny_4.jpg\" alt=\"Codzienna wygodna narzutka z br\u0105zowej dzianiny\">\r\n                    <\/div>\r\n                    <div class=\"product-block-name\">\r\n                        <p>Codzienna wygodna narzutka z br\u0105zowej dzianiny<\/p>\r\n                    <\/div>\r\n                <\/a>\r\n            <\/div>\r\n                    <div class=\"swiper-slide product-block-item\" data-id=\"147230\">\r\n                <a href=\"https:\/\/bialcon.pl\/czarna-stylowa-bomberka-z-satynowym-polyskiem?utm_source=blog&utm_medium=wyprzedaz&utm_campaign=150922\" class=\"product-block-url\" target=\"_blank\">\r\n                    <div class=\"product-block-image\">\r\n                        <img decoding=\"async\" width=\"300\" height=\"400\" src=\"https:\/\/bialcon.pl\/picture\/czarna-stylowa-bomberka-z-satynowym-polyskiem_1.jpg\" alt=\"Czarna stylowa bomberka z satynowym po\u0142yskiem\">\r\n                    <\/div>\r\n                    <div class=\"product-block-name\">\r\n                        <p>Czarna stylowa bomberka z satynowym po\u0142yskiem<\/p>\r\n                    <\/div>\r\n                <\/a>\r\n            <\/div>\r\n            <\/div>\r\n<\/div>\r\n\n\n\n\n<h2 class=\"wp-block-heading\"><strong>Sweter damski rozpinany z bi\u017cuteryjnymi guzikami<\/strong><\/h2>\n\n\n\n<p>Delikatny i lekki <a href=\"https:\/\/bialcon.pl\/odziez\/swetry-damskie\/swetry-rozpinane\" target=\"_blank\" rel=\"noreferrer noopener\"><strong>sweter damski rozpinany<\/strong><\/a> zdobiony a\u017curowym wzorem i bi\u017cuteryjnymi guzikami wygl\u0105da pi\u0119knie w po\u0142\u0105czeniu z klasycznymi jeansami. Dekolt w kszta\u0142cie litery V \u0142adnie eksponuje szyj\u0119 \u2013 \u015bmia\u0142o mo\u017cemy wi\u0119c za\u0142o\u017cy\u0107 cienki z\u0142oty lub srebrny \u0142a\u0144cuszek. Taki fason dodatkowo wyd\u0142u\u017ca i wysmukla szyj\u0119. Pod sweter mo\u017cemy za\u0142o\u017cy\u0107 lekki top na rami\u0105czkach lub t-shirt w odcieniu bia\u0142ym, ecru lub kremowym.<\/p>\n\n\n\n<h2 class=\"wp-block-heading\"><strong>Oversizowy rozpinany damski <strong>sweter<\/strong><\/strong><\/h2>\n\n\n\n<p>Swetry oversizowe maj\u0105 wiele zalet, je\u015bli chcemy \u2013 pomog\u0105 nam zatuszowa\u0107 wystaj\u0105cy brzuch \u2013 lecz tak\u017ce pozwalaj\u0105 wyeksponowa\u0107 sylwetk\u0119 np. mo\u017cemy ods\u0142oni\u0107 jedno rami\u0119. Rozpinany <a href=\"https:\/\/bialcon.pl\/odziez\/swetry-damskie\/swetry-rozpinane\" target=\"_blank\" rel=\"noreferrer noopener\"><strong>damski <\/strong><\/a><strong><a href=\"https:\/\/bialcon.pl\/odziez\/swetry-damskie\/swetry-rozpinane\" target=\"_blank\" rel=\"noreferrer noopener\"><strong>sweter<\/strong><\/a><\/strong> b\u0119dzie pasowa\u0142 dobrze do spodni lub sp\u00f3dnicy o raczej dopasowanym kroju, by nie zaburza\u0107 proporcji sylwetki. Szerokie r\u0119kawy swetra zako\u0144czone \u015bci\u0105gaczami wygl\u0105daj\u0105 bardzo efektownie. Je\u015bli szukamy pomys\u0142u na jesienn\u0105 casualow\u0105 stylizacj\u0119, warto wybra\u0107 w\u0142a\u015bnie rozpinany model swetra.<\/p>\n\n\n\r\n<div class=\"product-block-container swiper mySwiperProductBlock\">\r\n    <div class=\"product-block-swiper swiper-wrapper\">\r\n                    <div class=\"swiper-slide product-block-item\" data-id=\"147593\">\r\n                <a href=\"https:\/\/bialcon.pl\/bawelniany-rozowy-sweterek-o-prostym-fasonie-1?utm_source=blog&utm_medium=wyprzedaz&utm_campaign=150922\" class=\"product-block-url\" target=\"_blank\">\r\n                    <div class=\"product-block-image\">\r\n                        <img decoding=\"async\" width=\"300\" height=\"400\" src=\"https:\/\/bialcon.pl\/picture\/bawelniany-rozowy-sweterek-o-prostym-fasonie.jpg\" alt=\"Bawe\u0142niany r\u00f3\u017cowy sweterek o prostym fasonie\">\r\n                    <\/div>\r\n                    <div class=\"product-block-name\">\r\n                        <p>Bawe\u0142niany r\u00f3\u017cowy sweterek o prostym fasonie<\/p>\r\n                    <\/div>\r\n                <\/a>\r\n            <\/div>\r\n                    <div class=\"swiper-slide product-block-item\" data-id=\"147595\">\r\n                <a href=\"https:\/\/bialcon.pl\/bawelniany-mietowy-sweterek-o-prostym-fasonie?utm_source=blog&utm_medium=wyprzedaz&utm_campaign=150922\" class=\"product-block-url\" target=\"_blank\">\r\n                    <div class=\"product-block-image\">\r\n                        <img decoding=\"async\" width=\"300\" height=\"400\" src=\"https:\/\/bialcon.pl\/picture\/bawelniany-mietowy-sweterek-o-prostym-fasonie_1.jpg\" alt=\"Bawe\u0142niany mi\u0119towy sweterek o prostym fasonie\">\r\n                    <\/div>\r\n                    <div class=\"product-block-name\">\r\n                        <p>Bawe\u0142niany mi\u0119towy sweterek o prostym fasonie<\/p>\r\n                    <\/div>\r\n                <\/a>\r\n            <\/div>\r\n                    <div class=\"swiper-slide product-block-item\" data-id=\"146958\">\r\n                <a href=\"https:\/\/bialcon.pl\/szara-narzutka-z-szerokimi-rekawami-z-dodatkiem-welny?utm_source=blog&utm_medium=wyprzedaz&utm_campaign=150922\" class=\"product-block-url\" target=\"_blank\">\r\n                    <div class=\"product-block-image\">\r\n                        <img decoding=\"async\" width=\"300\" height=\"400\" src=\"https:\/\/bialcon.pl\/picture\/szara-narzutka-z-szerokimi-rekawami-z-dodatkiem-welny_6.jpg\" alt=\"Szara narzutka z szerokimi r\u0119kawami z dodatkiem we\u0142ny\">\r\n                    <\/div>\r\n                    <div class=\"product-block-name\">\r\n                        <p>Szara narzutka z szerokimi r\u0119kawami z dodatkiem we\u0142ny<\/p>\r\n                    <\/div>\r\n                <\/a>\r\n            <\/div>\r\n            <\/div>\r\n<\/div>\r\n\n\n\n\n<h2 class=\"wp-block-heading\"><strong>Bawe\u0142niany rozpinany damski sweter <\/strong><\/h2>\n\n\n\n<p>A\u017curowe<strong><a href=\"https:\/\/bialcon.pl\/odziez\/swetry-damskie\/swetry-rozpinane\" target=\"_blank\" rel=\"noreferrer noopener\"> rozpinane swetry<\/a><\/strong> wygl\u0105daj\u0105 bardzo lekko, ale dobrze chroni\u0105 nas przed pierwszymi ch\u0142odami, kt\u00f3re zwykle odczuwamy w jesienne wieczory. Warto wybra\u0107 model w energetyzuj\u0105cym odcieniu trawiastej zieleni, szczeg\u00f3lnie je\u015bli mamy piwne lub jasnobr\u0105zowe oczy. Ozdob\u0105 tego swetra jest nie tylko \u0142adny wz\u00f3r ale tak\u017ce du\u017ce, efektowne guziki. Lu\u017any oversizowy fason zapewni nam komfort noszenia. &nbsp;Tego typu rozpinany <a href=\"https:\/\/bialcon.pl\/odziez\/swetry-damskie\/swetry-rozpinane\" target=\"_blank\" rel=\"noreferrer noopener\"><strong>damski <\/strong><\/a><strong><a href=\"https:\/\/bialcon.pl\/odziez\/swetry-damskie\/swetry-rozpinane\" target=\"_blank\" rel=\"noreferrer noopener\"><strong>sweter<\/strong><\/a><\/strong> mo\u017cemy z powodzeniem nosi\u0107 jako kardigan. Bardzo dobrze b\u0119d\u0105 do niego pasowa\u0107 zar\u00f3wno jeasny boyfriendy, jak i spodnie cygaretki. Je\u015bli lubisz nosi\u0107 sukienki przez ca\u0142y rok, nie tylko latem, w ch\u0142odniejsze dni za\u0142\u00f3\u017c do niej bawe\u0142niany rozpinany <a href=\"https:\/\/bialcon.pl\/odziez\/swetry-damskie\/swetry-rozpinane\" target=\"_blank\" rel=\"noreferrer noopener\"><strong>damski sweter <\/strong><\/a>. Do stylizacji ze swetrem mo\u017cesz wybra\u0107 sukienk\u0119 o ka\u017cdej d\u0142ugo\u015bci od mini do maxi, g\u0142adk\u0105 lub z efektownymi falbanami.<\/p>\n\n\n\n<h2 class=\"wp-block-heading\"><strong>D\u0142ugi damski <strong>sweter<\/strong> <\/strong><\/h2>\n\n\n\n<p>Nie masz lekkiego p\u0142aszcza lub dostatecznie ciep\u0142ej sukienki? Za\u0142\u00f3\u017c <a href=\"https:\/\/bialcon.pl\/odziez\/swetry-damskie\/swetry-rozpinane\" target=\"_blank\" rel=\"noreferrer noopener\"><strong>sweter damski rozpinany<\/strong><\/a> o d\u0142ugo\u015bci za kolano. Taki model ma wiele zalet, m.in. wyd\u0142u\u017ca i wyszczupla sylwetk\u0119. Ponadto dopasowany fason \u0142adnie podkre\u015bla figur\u0119. Szary blezer sprawdzi si\u0119 dobrze w wielu stylizacjach, mo\u017cesz nosi\u0107 go ze spodniami lub bez z nich \u2013 jak sukienk\u0119. W zimie dobierz do d\u0142ugiego <a href=\"https:\/\/bialcon.pl\/odziez\/swetry-damskie\/swetry-rozpinane\" target=\"_blank\" rel=\"noreferrer noopener\"><strong>swetra damskiego rozpinanego<\/strong><\/a> kozaki przed kolano. Na szyi zawi\u0105\u017c wzorzysty szal. Pod sweter za\u0142\u00f3\u017c ciep\u0142e rajstopy i g\u0142adki top.<\/p>\n\n\n\r\n<div class=\"product-block-container swiper mySwiperProductBlock\">\r\n    <div class=\"product-block-swiper swiper-wrapper\">\r\n                    <div class=\"swiper-slide product-block-item\" data-id=\"147505\">\r\n                <a href=\"https:\/\/bialcon.pl\/codzienna-wygodna-narzutka-z-brazowej-dzianiny?utm_source=blog&utm_medium=wyprzedaz&utm_campaign=150922\" class=\"product-block-url\" target=\"_blank\">\r\n                    <div class=\"product-block-image\">\r\n                        <img decoding=\"async\" width=\"300\" height=\"400\" src=\"https:\/\/bialcon.pl\/picture\/codzienna-wygodna-narzutka-z-brazowej-dzianiny_4.jpg\" alt=\"Codzienna wygodna narzutka z br\u0105zowej dzianiny\">\r\n                    <\/div>\r\n                    <div class=\"product-block-name\">\r\n                        <p>Codzienna wygodna narzutka z br\u0105zowej dzianiny<\/p>\r\n                    <\/div>\r\n                <\/a>\r\n            <\/div>\r\n                    <div class=\"swiper-slide product-block-item\" data-id=\"147593\">\r\n                <a href=\"https:\/\/bialcon.pl\/bawelniany-rozowy-sweterek-o-prostym-fasonie-1?utm_source=blog&utm_medium=wyprzedaz&utm_campaign=150922\" class=\"product-block-url\" target=\"_blank\">\r\n                    <div class=\"product-block-image\">\r\n                        <img decoding=\"async\" width=\"300\" height=\"400\" src=\"https:\/\/bialcon.pl\/picture\/bawelniany-rozowy-sweterek-o-prostym-fasonie.jpg\" alt=\"Bawe\u0142niany r\u00f3\u017cowy sweterek o prostym fasonie\">\r\n                    <\/div>\r\n                    <div class=\"product-block-name\">\r\n                        <p>Bawe\u0142niany r\u00f3\u017cowy sweterek o prostym fasonie<\/p>\r\n                    <\/div>\r\n                <\/a>\r\n            <\/div>\r\n                    <div class=\"swiper-slide product-block-item\" data-id=\"146958\">\r\n                <a href=\"https:\/\/bialcon.pl\/szara-narzutka-z-szerokimi-rekawami-z-dodatkiem-welny?utm_source=blog&utm_medium=wyprzedaz&utm_campaign=150922\" class=\"product-block-url\" target=\"_blank\">\r\n                    <div class=\"product-block-image\">\r\n                        <img decoding=\"async\" width=\"300\" height=\"400\" src=\"https:\/\/bialcon.pl\/picture\/szara-narzutka-z-szerokimi-rekawami-z-dodatkiem-welny_6.jpg\" alt=\"Szara narzutka z szerokimi r\u0119kawami z dodatkiem we\u0142ny\">\r\n                    <\/div>\r\n                    <div class=\"product-block-name\">\r\n                        <p>Szara narzutka z szerokimi r\u0119kawami z dodatkiem we\u0142ny<\/p>\r\n                    <\/div>\r\n                <\/a>\r\n            <\/div>\r\n            <\/div>\r\n<\/div>\r\n\n\n\n\n<h2 class=\"wp-block-heading\"><strong>D\u0142ugi damski sweter rozpinany ze wzorem paski<\/strong><\/h2>\n\n\n\n<p>D\u0142ugi sweter w czarno-bia\u0142e paski zapinany na guziki to dobra alternatywa dla sukienki. Klasyczny czarno-bia\u0142y wz\u00f3r \u0142adnie o\u017cywia stylizacj\u0119. Dekolt w serek wyd\u0142u\u017ca szyj\u0119. Naprawd\u0119 nie potrzeba wiele dodatk\u00f3w, by stworzy\u0107 pi\u0119kny zestaw. Wystarcz\u0105 klasyczne czarne szpilki, ma\u0142a torebka i delikatny \u0142a\u0144cuszek. Pod ten cienki kardigan mo\u017cesz te\u017c za\u0142o\u017cy\u0107 w\u0105skie czarne spodnie i bia\u0142y top.<\/p>\n","protected":false},"excerpt":{"rendered":"<p>Jesie\u0144 to czas, kiedy ch\u0119tnie wyci\u0105gamy z szafy swetry. Te zrobione z grubej we\u0142ny, ciep\u0142e, zak\u0142adane przez g\u0142ow\u0119, mog\u0105 nam si\u0119 wydawa\u0107 za ci\u0119\u017ckie, wtedy z pomoc\u0105 przyjd\u0105 swetry rozpinane. S\u0105 one dost\u0119pne w tylu fasonach i kolorach, \u017ce ka\u017cda z nas bez problemu znajdzie model odpowiedni dla siebie. Schy\u0142ek wakacji, babie lato, w powietrzu [&hellip;]<\/p>\n","protected":false},"author":10,"featured_media":6330,"comment_status":"closed","ping_status":"open","sticky":false,"template":"","format":"standard","meta":{"_acf_changed":false,"site-sidebar-layout":"default","site-content-layout":"","ast-site-content-layout":"default","site-content-style":"default","site-sidebar-style":"default","ast-global-header-display":"","ast-banner-title-visibility":"","ast-main-header-display":"","ast-hfb-above-header-display":"","ast-hfb-below-header-display":"","ast-hfb-mobile-header-display":"","site-post-title":"","ast-breadcrumbs-content":"","ast-featured-img":"","footer-sml-layout":"","theme-transparent-header-meta":"","adv-header-id-meta":"","stick-header-meta":"","header-above-stick-meta":"","header-main-stick-meta":"","header-below-stick-meta":"","astra-migrate-meta-layouts":"set","ast-page-background-enabled":"default","ast-page-background-meta":{"desktop":{"background-color":"","background-image":"","background-repeat":"repeat","background-position":"center center","background-size":"auto","background-attachment":"scroll","background-type":"","background-media":"","overlay-type":"","overlay-color":"","overlay-opacity":"","overlay-gradient":""},"tablet":{"background-color":"","background-image":"","background-repeat":"repeat","background-position":"center center","background-size":"auto","background-attachment":"scroll","background-type":"","background-media":"","overlay-type":"","overlay-color":"","overlay-opacity":"","overlay-gradient":""},"mobile":{"background-color":"","background-image":"","background-repeat":"repeat","background-position":"center center","background-size":"auto","background-attachment":"scroll","background-type":"","background-media":"","overlay-type":"","overlay-color":"","overlay-opacity":"","overlay-gradient":""}},"ast-content-background-meta":{"desktop":{"background-color":"var(--ast-global-color-5)","background-image":"","background-repeat":"repeat","background-position":"center center","background-size":"auto","background-attachment":"scroll","background-type":"","background-media":"","overlay-type":"","overlay-color":"","overlay-opacity":"","overlay-gradient":""},"tablet":{"background-color":"var(--ast-global-color-5)","background-image":"","background-repeat":"repeat","background-position":"center center","background-size":"auto","background-attachment":"scroll","background-type":"","background-media":"","overlay-type":"","overlay-color":"","overlay-opacity":"","overlay-gradient":""},"mobile":{"background-color":"var(--ast-global-color-5)","background-image":"","background-repeat":"repeat","background-position":"center center","background-size":"auto","background-attachment":"scroll","background-type":"","background-media":"","overlay-type":"","overlay-color":"","overlay-opacity":"","overlay-gradient":""}},"footnotes":""},"categories":[9,14],"tags":[],"class_list":["post-6175","post","type-post","status-publish","format-standard","has-post-thumbnail","hentry","category-trendy-w-branzy-fashion","category-wszystkie-wpisy"],"acf":[],"yoast_head":"<!-- This site is optimized with the Yoast SEO plugin v27.4 - https:\/\/yoast.com\/product\/yoast-seo-wordpress\/ -->\n<title>Wybierz damskie rozpinane swetry odpowiednie dla Ciebie! - Bialcon<\/title>\n<meta name=\"description\" content=\"Jesie\u0144 to czas, kiedy ch\u0119tnie wyci\u0105gamy z szafy swetry. Dost\u0119pne s\u0105 w tylu fasonach i kolorach, \u017ce ka\u017cda z nas znajdzie co\u015b dla siebie.\" \/>\n<meta name=\"robots\" content=\"index, follow, max-snippet:-1, max-image-preview:large, max-video-preview:-1\" \/>\n<link rel=\"canonical\" href=\"https:\/\/bialcon.pl\/blog\/wybierz-damskie-rozpinane-swetry-odpowiednie-dla-ciebie\/\" \/>\n<meta name=\"twitter:label1\" content=\"Napisane przez\" \/>\n\t<meta name=\"twitter:data1\" content=\"Ma\u0142gorzata Brzezi\u0144ska\" \/>\n\t<meta name=\"twitter:label2\" content=\"Szacowany czas czytania\" \/>\n\t<meta name=\"twitter:data2\" content=\"4 minuty\" \/>\n<script type=\"application\/ld+json\" class=\"yoast-schema-graph\">{\"@context\":\"https:\\\/\\\/schema.org\",\"@graph\":[{\"@type\":\"Article\",\"@id\":\"https:\\\/\\\/bialcon.pl\\\/blog\\\/wybierz-damskie-rozpinane-swetry-odpowiednie-dla-ciebie\\\/#article\",\"isPartOf\":{\"@id\":\"https:\\\/\\\/bialcon.pl\\\/blog\\\/wybierz-damskie-rozpinane-swetry-odpowiednie-dla-ciebie\\\/\"},\"author\":{\"name\":\"Ma\u0142gorzata Brzezi\u0144ska\",\"@id\":\"https:\\\/\\\/bialcon.pl\\\/blog\\\/#\\\/schema\\\/person\\\/cbbe4ae2297c5abd7376399985d5fabb\"},\"headline\":\"Wybierz damskie rozpinane swetry odpowiednie dla Ciebie!\",\"datePublished\":\"2022-09-15T12:03:00+00:00\",\"dateModified\":\"2025-11-24T08:28:01+00:00\",\"mainEntityOfPage\":{\"@id\":\"https:\\\/\\\/bialcon.pl\\\/blog\\\/wybierz-damskie-rozpinane-swetry-odpowiednie-dla-ciebie\\\/\"},\"wordCount\":704,\"image\":{\"@id\":\"https:\\\/\\\/bialcon.pl\\\/blog\\\/wybierz-damskie-rozpinane-swetry-odpowiednie-dla-ciebie\\\/#primaryimage\"},\"thumbnailUrl\":\"https:\\\/\\\/bialcon.pl\\\/blog\\\/wp-content\\\/uploads\\\/2022\\\/09\\\/Projekt-bez-tytulu.png\",\"articleSection\":[\"Trendy\",\"Wszystkie wpisy\"],\"inLanguage\":\"pl-PL\"},{\"@type\":\"WebPage\",\"@id\":\"https:\\\/\\\/bialcon.pl\\\/blog\\\/wybierz-damskie-rozpinane-swetry-odpowiednie-dla-ciebie\\\/\",\"url\":\"https:\\\/\\\/bialcon.pl\\\/blog\\\/wybierz-damskie-rozpinane-swetry-odpowiednie-dla-ciebie\\\/\",\"name\":\"Wybierz damskie rozpinane swetry odpowiednie dla Ciebie! - Bialcon\",\"isPartOf\":{\"@id\":\"https:\\\/\\\/bialcon.pl\\\/blog\\\/#website\"},\"primaryImageOfPage\":{\"@id\":\"https:\\\/\\\/bialcon.pl\\\/blog\\\/wybierz-damskie-rozpinane-swetry-odpowiednie-dla-ciebie\\\/#primaryimage\"},\"image\":{\"@id\":\"https:\\\/\\\/bialcon.pl\\\/blog\\\/wybierz-damskie-rozpinane-swetry-odpowiednie-dla-ciebie\\\/#primaryimage\"},\"thumbnailUrl\":\"https:\\\/\\\/bialcon.pl\\\/blog\\\/wp-content\\\/uploads\\\/2022\\\/09\\\/Projekt-bez-tytulu.png\",\"datePublished\":\"2022-09-15T12:03:00+00:00\",\"dateModified\":\"2025-11-24T08:28:01+00:00\",\"author\":{\"@id\":\"https:\\\/\\\/bialcon.pl\\\/blog\\\/#\\\/schema\\\/person\\\/cbbe4ae2297c5abd7376399985d5fabb\"},\"description\":\"Jesie\u0144 to czas, kiedy ch\u0119tnie wyci\u0105gamy z szafy swetry. Dost\u0119pne s\u0105 w tylu fasonach i kolorach, \u017ce ka\u017cda z nas znajdzie co\u015b dla siebie.\",\"breadcrumb\":{\"@id\":\"https:\\\/\\\/bialcon.pl\\\/blog\\\/wybierz-damskie-rozpinane-swetry-odpowiednie-dla-ciebie\\\/#breadcrumb\"},\"inLanguage\":\"pl-PL\",\"potentialAction\":[{\"@type\":\"ReadAction\",\"target\":[\"https:\\\/\\\/bialcon.pl\\\/blog\\\/wybierz-damskie-rozpinane-swetry-odpowiednie-dla-ciebie\\\/\"]}]},{\"@type\":\"ImageObject\",\"inLanguage\":\"pl-PL\",\"@id\":\"https:\\\/\\\/bialcon.pl\\\/blog\\\/wybierz-damskie-rozpinane-swetry-odpowiednie-dla-ciebie\\\/#primaryimage\",\"url\":\"https:\\\/\\\/bialcon.pl\\\/blog\\\/wp-content\\\/uploads\\\/2022\\\/09\\\/Projekt-bez-tytulu.png\",\"contentUrl\":\"https:\\\/\\\/bialcon.pl\\\/blog\\\/wp-content\\\/uploads\\\/2022\\\/09\\\/Projekt-bez-tytulu.png\",\"width\":960,\"height\":850,\"caption\":\"Wizualizacja kobiety w lu\u017anym, br\u0105zowym kardiganie zapinanym na guziki z dekoltem w serek\"},{\"@type\":\"BreadcrumbList\",\"@id\":\"https:\\\/\\\/bialcon.pl\\\/blog\\\/wybierz-damskie-rozpinane-swetry-odpowiednie-dla-ciebie\\\/#breadcrumb\",\"itemListElement\":[{\"@type\":\"ListItem\",\"position\":1,\"name\":\"Strona g\u0142\u00f3wna\",\"item\":\"https:\\\/\\\/bialcon.pl\\\/blog\\\/\"},{\"@type\":\"ListItem\",\"position\":2,\"name\":\"Trendy\",\"item\":\"https:\\\/\\\/bialcon.pl\\\/blog\\\/trendy-w-branzy-fashion\\\/\"},{\"@type\":\"ListItem\",\"position\":3,\"name\":\"Wybierz damskie rozpinane swetry odpowiednie dla Ciebie!\"}]},{\"@type\":\"WebSite\",\"@id\":\"https:\\\/\\\/bialcon.pl\\\/blog\\\/#website\",\"url\":\"https:\\\/\\\/bialcon.pl\\\/blog\\\/\",\"name\":\"bialcon.pl\\\/blog\\\/\",\"description\":\"Fashion Blog w zasi\u0119gu Twojej r\u0119ki\",\"potentialAction\":[{\"@type\":\"SearchAction\",\"target\":{\"@type\":\"EntryPoint\",\"urlTemplate\":\"https:\\\/\\\/bialcon.pl\\\/blog\\\/?s={search_term_string}\"},\"query-input\":{\"@type\":\"PropertyValueSpecification\",\"valueRequired\":true,\"valueName\":\"search_term_string\"}}],\"inLanguage\":\"pl-PL\"},{\"@type\":\"Person\",\"@id\":\"https:\\\/\\\/bialcon.pl\\\/blog\\\/#\\\/schema\\\/person\\\/cbbe4ae2297c5abd7376399985d5fabb\",\"name\":\"Ma\u0142gorzata Brzezi\u0144ska\",\"image\":{\"@type\":\"ImageObject\",\"inLanguage\":\"pl-PL\",\"@id\":\"https:\\\/\\\/secure.gravatar.com\\\/avatar\\\/3fc4a4cdba63586f503a5c5711e9b04d01ab1234b186b03e727ad902b6f4912d?s=96&d=mm&r=g\",\"url\":\"https:\\\/\\\/secure.gravatar.com\\\/avatar\\\/3fc4a4cdba63586f503a5c5711e9b04d01ab1234b186b03e727ad902b6f4912d?s=96&d=mm&r=g\",\"contentUrl\":\"https:\\\/\\\/secure.gravatar.com\\\/avatar\\\/3fc4a4cdba63586f503a5c5711e9b04d01ab1234b186b03e727ad902b6f4912d?s=96&d=mm&r=g\",\"caption\":\"Ma\u0142gorzata Brzezi\u0144ska\"},\"description\":\"Autorka tre\u015bci z zakresu mody, urody i stylu \u017cycia. Tworzy artyku\u0142y i poradniki oparte na analizie trend\u00f3w oraz potrzeb u\u017cytkownik\u00f3w, \u0142\u0105cz\u0105c wiedz\u0119 z zakresu komunikacji marketingowej i praktyki contentowej. Specjalizuje si\u0119 w bran\u017cach fashion, beauty &amp; health oraz gourmet food, przygotowuj\u0105c tre\u015bci dopasowane do realnych sytuacji i wybor\u00f3w konsumenckich. Na co dzie\u0144 zajmuje si\u0119 r\u00f3wnie\u017c content marketingiem i SEO.\",\"sameAs\":[\"https:\\\/\\\/www.linkedin.com\\\/in\\\/gosia-brzezinska-827052b4\\\/\"],\"url\":\"https:\\\/\\\/bialcon.pl\\\/blog\\\/author\\\/brzezinska\\\/\"}]}<\/script>\n<!-- \/ Yoast SEO plugin. -->","yoast_head_json":{"title":"Wybierz damskie rozpinane swetry odpowiednie dla Ciebie! - Bialcon","description":"Jesie\u0144 to czas, kiedy ch\u0119tnie wyci\u0105gamy z szafy swetry. Dost\u0119pne s\u0105 w tylu fasonach i kolorach, \u017ce ka\u017cda z nas znajdzie co\u015b dla siebie.","robots":{"index":"index","follow":"follow","max-snippet":"max-snippet:-1","max-image-preview":"max-image-preview:large","max-video-preview":"max-video-preview:-1"},"canonical":"https:\/\/bialcon.pl\/blog\/wybierz-damskie-rozpinane-swetry-odpowiednie-dla-ciebie\/","twitter_misc":{"Napisane przez":"Ma\u0142gorzata Brzezi\u0144ska","Szacowany czas czytania":"4 minuty"},"schema":{"@context":"https:\/\/schema.org","@graph":[{"@type":"Article","@id":"https:\/\/bialcon.pl\/blog\/wybierz-damskie-rozpinane-swetry-odpowiednie-dla-ciebie\/#article","isPartOf":{"@id":"https:\/\/bialcon.pl\/blog\/wybierz-damskie-rozpinane-swetry-odpowiednie-dla-ciebie\/"},"author":{"name":"Ma\u0142gorzata Brzezi\u0144ska","@id":"https:\/\/bialcon.pl\/blog\/#\/schema\/person\/cbbe4ae2297c5abd7376399985d5fabb"},"headline":"Wybierz damskie rozpinane swetry odpowiednie dla Ciebie!","datePublished":"2022-09-15T12:03:00+00:00","dateModified":"2025-11-24T08:28:01+00:00","mainEntityOfPage":{"@id":"https:\/\/bialcon.pl\/blog\/wybierz-damskie-rozpinane-swetry-odpowiednie-dla-ciebie\/"},"wordCount":704,"image":{"@id":"https:\/\/bialcon.pl\/blog\/wybierz-damskie-rozpinane-swetry-odpowiednie-dla-ciebie\/#primaryimage"},"thumbnailUrl":"https:\/\/bialcon.pl\/blog\/wp-content\/uploads\/2022\/09\/Projekt-bez-tytulu.png","articleSection":["Trendy","Wszystkie wpisy"],"inLanguage":"pl-PL"},{"@type":"WebPage","@id":"https:\/\/bialcon.pl\/blog\/wybierz-damskie-rozpinane-swetry-odpowiednie-dla-ciebie\/","url":"https:\/\/bialcon.pl\/blog\/wybierz-damskie-rozpinane-swetry-odpowiednie-dla-ciebie\/","name":"Wybierz damskie rozpinane swetry odpowiednie dla Ciebie! - Bialcon","isPartOf":{"@id":"https:\/\/bialcon.pl\/blog\/#website"},"primaryImageOfPage":{"@id":"https:\/\/bialcon.pl\/blog\/wybierz-damskie-rozpinane-swetry-odpowiednie-dla-ciebie\/#primaryimage"},"image":{"@id":"https:\/\/bialcon.pl\/blog\/wybierz-damskie-rozpinane-swetry-odpowiednie-dla-ciebie\/#primaryimage"},"thumbnailUrl":"https:\/\/bialcon.pl\/blog\/wp-content\/uploads\/2022\/09\/Projekt-bez-tytulu.png","datePublished":"2022-09-15T12:03:00+00:00","dateModified":"2025-11-24T08:28:01+00:00","author":{"@id":"https:\/\/bialcon.pl\/blog\/#\/schema\/person\/cbbe4ae2297c5abd7376399985d5fabb"},"description":"Jesie\u0144 to czas, kiedy ch\u0119tnie wyci\u0105gamy z szafy swetry. Dost\u0119pne s\u0105 w tylu fasonach i kolorach, \u017ce ka\u017cda z nas znajdzie co\u015b dla siebie.","breadcrumb":{"@id":"https:\/\/bialcon.pl\/blog\/wybierz-damskie-rozpinane-swetry-odpowiednie-dla-ciebie\/#breadcrumb"},"inLanguage":"pl-PL","potentialAction":[{"@type":"ReadAction","target":["https:\/\/bialcon.pl\/blog\/wybierz-damskie-rozpinane-swetry-odpowiednie-dla-ciebie\/"]}]},{"@type":"ImageObject","inLanguage":"pl-PL","@id":"https:\/\/bialcon.pl\/blog\/wybierz-damskie-rozpinane-swetry-odpowiednie-dla-ciebie\/#primaryimage","url":"https:\/\/bialcon.pl\/blog\/wp-content\/uploads\/2022\/09\/Projekt-bez-tytulu.png","contentUrl":"https:\/\/bialcon.pl\/blog\/wp-content\/uploads\/2022\/09\/Projekt-bez-tytulu.png","width":960,"height":850,"caption":"Wizualizacja kobiety w lu\u017anym, br\u0105zowym kardiganie zapinanym na guziki z dekoltem w serek"},{"@type":"BreadcrumbList","@id":"https:\/\/bialcon.pl\/blog\/wybierz-damskie-rozpinane-swetry-odpowiednie-dla-ciebie\/#breadcrumb","itemListElement":[{"@type":"ListItem","position":1,"name":"Strona g\u0142\u00f3wna","item":"https:\/\/bialcon.pl\/blog\/"},{"@type":"ListItem","position":2,"name":"Trendy","item":"https:\/\/bialcon.pl\/blog\/trendy-w-branzy-fashion\/"},{"@type":"ListItem","position":3,"name":"Wybierz damskie rozpinane swetry odpowiednie dla Ciebie!"}]},{"@type":"WebSite","@id":"https:\/\/bialcon.pl\/blog\/#website","url":"https:\/\/bialcon.pl\/blog\/","name":"bialcon.pl\/blog\/","description":"Fashion Blog w zasi\u0119gu Twojej r\u0119ki","potentialAction":[{"@type":"SearchAction","target":{"@type":"EntryPoint","urlTemplate":"https:\/\/bialcon.pl\/blog\/?s={search_term_string}"},"query-input":{"@type":"PropertyValueSpecification","valueRequired":true,"valueName":"search_term_string"}}],"inLanguage":"pl-PL"},{"@type":"Person","@id":"https:\/\/bialcon.pl\/blog\/#\/schema\/person\/cbbe4ae2297c5abd7376399985d5fabb","name":"Ma\u0142gorzata Brzezi\u0144ska","image":{"@type":"ImageObject","inLanguage":"pl-PL","@id":"https:\/\/secure.gravatar.com\/avatar\/3fc4a4cdba63586f503a5c5711e9b04d01ab1234b186b03e727ad902b6f4912d?s=96&d=mm&r=g","url":"https:\/\/secure.gravatar.com\/avatar\/3fc4a4cdba63586f503a5c5711e9b04d01ab1234b186b03e727ad902b6f4912d?s=96&d=mm&r=g","contentUrl":"https:\/\/secure.gravatar.com\/avatar\/3fc4a4cdba63586f503a5c5711e9b04d01ab1234b186b03e727ad902b6f4912d?s=96&d=mm&r=g","caption":"Ma\u0142gorzata Brzezi\u0144ska"},"description":"Autorka tre\u015bci z zakresu mody, urody i stylu \u017cycia. Tworzy artyku\u0142y i poradniki oparte na analizie trend\u00f3w oraz potrzeb u\u017cytkownik\u00f3w, \u0142\u0105cz\u0105c wiedz\u0119 z zakresu komunikacji marketingowej i praktyki contentowej. Specjalizuje si\u0119 w bran\u017cach fashion, beauty &amp; health oraz gourmet food, przygotowuj\u0105c tre\u015bci dopasowane do realnych sytuacji i wybor\u00f3w konsumenckich. Na co dzie\u0144 zajmuje si\u0119 r\u00f3wnie\u017c content marketingiem i SEO.","sameAs":["https:\/\/www.linkedin.com\/in\/gosia-brzezinska-827052b4\/"],"url":"https:\/\/bialcon.pl\/blog\/author\/brzezinska\/"}]}},"_links":{"self":[{"href":"https:\/\/bialcon.pl\/blog\/wp-json\/wp\/v2\/posts\/6175","targetHints":{"allow":["GET"]}}],"collection":[{"href":"https:\/\/bialcon.pl\/blog\/wp-json\/wp\/v2\/posts"}],"about":[{"href":"https:\/\/bialcon.pl\/blog\/wp-json\/wp\/v2\/types\/post"}],"author":[{"embeddable":true,"href":"https:\/\/bialcon.pl\/blog\/wp-json\/wp\/v2\/users\/10"}],"replies":[{"embeddable":true,"href":"https:\/\/bialcon.pl\/blog\/wp-json\/wp\/v2\/comments?post=6175"}],"version-history":[{"count":13,"href":"https:\/\/bialcon.pl\/blog\/wp-json\/wp\/v2\/posts\/6175\/revisions"}],"predecessor-version":[{"id":11578,"href":"https:\/\/bialcon.pl\/blog\/wp-json\/wp\/v2\/posts\/6175\/revisions\/11578"}],"wp:featuredmedia":[{"embeddable":true,"href":"https:\/\/bialcon.pl\/blog\/wp-json\/wp\/v2\/media\/6330"}],"wp:attachment":[{"href":"https:\/\/bialcon.pl\/blog\/wp-json\/wp\/v2\/media?parent=6175"}],"wp:term":[{"taxonomy":"category","embeddable":true,"href":"https:\/\/bialcon.pl\/blog\/wp-json\/wp\/v2\/categories?post=6175"},{"taxonomy":"post_tag","embeddable":true,"href":"https:\/\/bialcon.pl\/blog\/wp-json\/wp\/v2\/tags?post=6175"}],"curies":[{"name":"wp","href":"https:\/\/api.w.org\/{rel}","templated":true}]}}