{"id":6022,"date":"2022-08-25T12:14:00","date_gmt":"2022-08-25T10:14:00","guid":{"rendered":"https:\/\/bialcon.pl\/blog\/?p=6022"},"modified":"2025-11-24T09:25:57","modified_gmt":"2025-11-24T08:25:57","slug":"chcesz-cos-zalozyc-na-czasie-wybierz-czarne-spodnie-z-wysokim-stanem","status":"publish","type":"post","link":"https:\/\/bialcon.pl\/blog\/chcesz-cos-zalozyc-na-czasie-wybierz-czarne-spodnie-z-wysokim-stanem\/","title":{"rendered":"Chcesz za\u0142o\u017cy\u0107 co\u015b na czasie? Wybierz czarne spodnie z wysokim stanem"},"content":{"rendered":"<div id=\"ez-toc-container\" class=\"ez-toc-v2_0_82_2 counter-hierarchy ez-toc-counter ez-toc-custom ez-toc-container-direction\">\n<div class=\"ez-toc-title-container\"><p class=\"ez-toc-title\" style=\"cursor:inherit\">Spis Tre\u015bci<\/p>\n<\/div><nav><ul class='ez-toc-list ez-toc-list-level-1 ' ><li class='ez-toc-page-1 ez-toc-heading-level-2'><a class=\"ez-toc-link ez-toc-heading-1\" href=\"https:\/\/bialcon.pl\/blog\/chcesz-cos-zalozyc-na-czasie-wybierz-czarne-spodnie-z-wysokim-stanem\/#Ponadczasowe_czarne_spodnie_z_wysokim_stanem\" >Ponadczasowe czarne spodnie z wysokim stanem<\/a><\/li><li class='ez-toc-page-1 ez-toc-heading-level-2'><a class=\"ez-toc-link ez-toc-heading-2\" href=\"https:\/\/bialcon.pl\/blog\/chcesz-cos-zalozyc-na-czasie-wybierz-czarne-spodnie-z-wysokim-stanem\/#Czarne_spodnie_z_wysokim_stanem_zdobione_lampasem\" >Czarne spodnie z wysokim stanem zdobione lampasem<\/a><\/li><li class='ez-toc-page-1 ez-toc-heading-level-2'><a class=\"ez-toc-link ez-toc-heading-3\" href=\"https:\/\/bialcon.pl\/blog\/chcesz-cos-zalozyc-na-czasie-wybierz-czarne-spodnie-z-wysokim-stanem\/#Czarne_spodnie_z_wysokim_stanem_z_rozcieciami_na_nogawkach\" >Czarne spodnie z wysokim stanem z rozci\u0119ciami na nogawkach<\/a><\/li><li class='ez-toc-page-1 ez-toc-heading-level-2'><a class=\"ez-toc-link ez-toc-heading-4\" href=\"https:\/\/bialcon.pl\/blog\/chcesz-cos-zalozyc-na-czasie-wybierz-czarne-spodnie-z-wysokim-stanem\/#Czarne_spodnie_z_wysokim_stanem_ze_zwezana_nogawka\" >Czarne spodnie z wysokim stanem ze zw\u0119\u017can\u0105 nogawk\u0105<\/a><\/li><li class='ez-toc-page-1 ez-toc-heading-level-2'><a class=\"ez-toc-link ez-toc-heading-5\" href=\"https:\/\/bialcon.pl\/blog\/chcesz-cos-zalozyc-na-czasie-wybierz-czarne-spodnie-z-wysokim-stanem\/#Jakie_buty_dobrac_do_czarnych_spodni_z_wysokim_stanem\" >Jakie buty dobra\u0107 do czarnych spodni z wysokim stanem?<\/a><\/li><\/ul><\/nav><\/div>\n\n<p><strong>Czarne spodnie s\u0105 tak uniwersalne, \u017ce pozwol\u0105 nam stworzy\u0107 wiele udanych stylizacji na r\u00f3\u017cne okazje. Fason z wysokim stanem zas\u0142uguje na szczeg\u00f3ln\u0105 uwag\u0119, gdy\u017c modeluje i wyszczupla sylwetk\u0119.<\/strong><\/p>\n\n\n\n<p>Czarne spodnie i bia\u0142a koszula to klasyczny zestaw, kt\u00f3ry mo\u017ce si\u0119 te\u017c wydawa\u0107 troch\u0119 nudny i zachowawczy. Dlatego dobrym sposobem, by doda\u0107 nieco pazura takiej prostej stylizacji, jest za\u0142o\u017cenie <a href=\"https:\/\/bialcon.pl\/odziez\/spodnie-damskie\/spodnie-czarne-z-wysokim-stanem\" target=\"_blank\" rel=\"noreferrer noopener\"><strong>czarnych spodni z wysokim stanem<\/strong><\/a><strong>, <\/strong>czyli takich, kt\u00f3re si\u0119gaj\u0105 powy\u017cej p\u0119pka. Ten model od wielu sezon\u00f3w nie wychodzi z mody. Kobiety dobrze si\u0119 czuj\u0105 w tym fasonie poniewa\u017c \u015bwietnie modeluje sylwetk\u0119 \u2013 wyd\u0142u\u017ca optycznie nogi i podkre\u015bla tali\u0119. Je\u015bli zdecydujemy si\u0119 na kolor czarny, b\u0119dziemy wygl\u0105da\u0107 jeszcze szczuplej. Bez w\u0105tpienia warto mie\u0107 w czasie przynajmniej jedn\u0105 par\u0119 takich spodni, gdy\u017c mo\u017cemy je \u0142\u0105czy\u0107 z wieloma bluzkami, podkoszulkami, swetrami i dzi\u0119ki temu tworzy\u0107 rozmaite stylizacje.<\/p>\n\n\n\n<p><a href=\"https:\/\/bialcon.pl\/odziez\/spodnie-damskie\/spodnie-czarne-z-wysokim-stanem\" target=\"_blank\" rel=\"noreferrer noopener\"><strong>Czarne spodnie z wysokim stanem<\/strong><\/a> wyst\u0119puj\u0105 w tak wielu wariantach, \u017ce bez problemu dobierzemy model odpowiedni do swojej figury oraz do okazji.Do wyboru mamy modele z szerokimi lub w\u0105skimi nogawkami, ze \u015bci\u0105gaczami przy kostce, o d\u0142ugo\u015bci \u00be lub do kolan. Mog\u0105 mie\u0107 wi\u0105zanie w pasie lub ozdobn\u0105 falbank\u0119.<\/p>\n\n\n\n<h2 class=\"wp-block-heading\"><span class=\"ez-toc-section\" id=\"Ponadczasowe_czarne_spodnie_z_wysokim_stanem\"><\/span><strong>Ponadczasowe czarne spodnie z wysokim stanem<\/strong><span class=\"ez-toc-section-end\"><\/span><\/h2>\n\n\n\n<p>Klasyczne <a href=\"https:\/\/bialcon.pl\/odziez\/spodnie-damskie\/spodnie-czarne-z-wysokim-stanem\" target=\"_blank\" rel=\"noreferrer noopener\"><strong>czarne spodnie z wysokim stanem<\/strong><\/a> to ubranie, kt\u00f3re poratuje nas przy nie jednej okazji. Nogawki w kant wygl\u0105daj\u0105 elegancko i dodatkowo wyszczuplaj\u0105 nogi. Takie spodnie mo\u017cemy za\u0142o\u017cy\u0107 do biura, na oficjalnie spotkanie, uroczysto\u015b\u0107 rodzinn\u0105, rozmow\u0119 o prac\u0119. Wystarczy tylko dobra\u0107 odpowiedni\u0105 g\u00f3r\u0119. Je\u015bli chcemy stworzy\u0107 zestaw bardziej formalny i zgodny z zasadami biurowego dress codu, za\u0142\u00f3\u017cmy klasyczn\u0105 bia\u0142\u0105 koszul\u0119 i prosty damski czarny \u017cakiet. W wersji casualowej dobrze sprawdzi si\u0119 kolorowy t-shirt g\u0142adki lub nadrukiem. Je\u015bli wybieramy si\u0119 na randk\u0119 po\u0142\u0105czmy klasyczne <a href=\"https:\/\/bialcon.pl\/odziez\/spodnie-damskie\/spodnie-czarne-z-wysokim-stanem\" target=\"_blank\" rel=\"noreferrer noopener\"><strong>czarne spodnie z wysokim stanem<\/strong><\/a> z bluzk\u0105 typu hiszpanka (fason z odkrytymi ramionami).<\/p>\n\n\n\r\n<div class=\"product-block-container swiper mySwiperProductBlock\">\r\n    <div class=\"product-block-swiper swiper-wrapper\">\r\n                    <div class=\"swiper-slide product-block-item\" data-id=\"147651\">\r\n                <a href=\"https:\/\/bialcon.pl\/czarne-spodnico-spodnie-ze-szlufkami-i-gumka?utm_source=blog&utm_medium=wyprzedaz&utm_campaign=250822\" class=\"product-block-url\" target=\"_blank\">\r\n                    <div class=\"product-block-image\">\r\n                        <img decoding=\"async\" width=\"300\" height=\"400\" src=\"https:\/\/bialcon.pl\/picture\/czarne-spodnico-spodnie-ze-szlufkami-i-gumka_1.jpg\" alt=\"Czarne sp\u00f3dnico-spodnie ze szlufkami i gumk\u0105\">\r\n                    <\/div>\r\n                    <div class=\"product-block-name\">\r\n                        <p>Czarne sp\u00f3dnico-spodnie ze szlufkami i gumk\u0105<\/p>\r\n                    <\/div>\r\n                <\/a>\r\n            <\/div>\r\n                    <div class=\"swiper-slide product-block-item\" data-id=\"147754\">\r\n                <a href=\"https:\/\/bialcon.pl\/czarne-zwiewne-spodnie-palazzo-w-eleganckim-stylu?utm_source=blog&utm_medium=wyprzedaz&utm_campaign=250822\" class=\"product-block-url\" target=\"_blank\">\r\n                    <div class=\"product-block-image\">\r\n                        <img decoding=\"async\" width=\"300\" height=\"400\" src=\"https:\/\/bialcon.pl\/picture\/czarne-zwiewne-spodnie-palazzo-w-eleganckim-stylu_1.jpg\" alt=\"Czarne zwiewne spodnie palazzo w eleganckim stylu\">\r\n                    <\/div>\r\n                    <div class=\"product-block-name\">\r\n                        <p>Czarne zwiewne spodnie palazzo w eleganckim stylu<\/p>\r\n                    <\/div>\r\n                <\/a>\r\n            <\/div>\r\n                    <div class=\"swiper-slide product-block-item\" data-id=\"147773\">\r\n                <a href=\"https:\/\/bialcon.pl\/czarne-spodnie-w-kant-z-elastycznej-dzianiny?utm_source=blog&utm_medium=wyprzedaz&utm_campaign=250822\" class=\"product-block-url\" target=\"_blank\">\r\n                    <div class=\"product-block-image\">\r\n                        <img decoding=\"async\" width=\"300\" height=\"400\" src=\"https:\/\/bialcon.pl\/picture\/czarne-spodnie-w-kant-z-elastycznej-dzianiny_1.jpg\" alt=\"Czarne spodnie w kant z elastycznej dzianiny\">\r\n                    <\/div>\r\n                    <div class=\"product-block-name\">\r\n                        <p>Czarne spodnie w kant z elastycznej dzianiny<\/p>\r\n                    <\/div>\r\n                <\/a>\r\n            <\/div>\r\n            <\/div>\r\n<\/div>\r\n\n\n\n\n<h2 class=\"wp-block-heading\"><span class=\"ez-toc-section\" id=\"Czarne_spodnie_z_wysokim_stanem_zdobione_lampasem\"><\/span><strong>Czarne spodnie z wysokim stanem zdobione lampasem<\/strong><span class=\"ez-toc-section-end\"><\/span><\/h2>\n\n\n\n<p>Czarne legginsy z kolorowym lampasem to idealna propozycja dla zabieganych kobiet, kt\u00f3re lubi\u0105 aktywnie sp\u0119dza\u0107 czas. Kolorowy pas z boku nogawki wyd\u0142u\u017ca nogi i sprawia, \u017ce nawet prosta stylizacja wygl\u0105da bardziej oryginalnie. Taki model <a href=\"https:\/\/bialcon.pl\/odziez\/spodnie-damskie\/spodnie-czarne-z-wysokim-stanem\" target=\"_blank\" rel=\"noreferrer noopener\"><strong>czarnych spodni z wysokim stanem<\/strong><\/a> b\u0119dzie dobrze wygl\u0105da\u0142 w zestawie ze sportow\u0105 bluz\u0105 lub kolorowym podkoszulkiem i butami typu sneakers. Jest to najlepszy typ spodni, je\u015bli szukasz sportowej, casualowej stylizacji. <\/p>\n\n\n\r\n<div class=\"product-block-container swiper mySwiperProductBlock\">\r\n    <div class=\"product-block-swiper swiper-wrapper\">\r\n                    <div class=\"swiper-slide product-block-item\" data-id=\"147206\">\r\n                <a href=\"https:\/\/bialcon.pl\/czarne-leginsy-z-grubej-dzianiny-bawelnianej?utm_source=blog&utm_medium=wyprzedaz&utm_campaign=250822\" class=\"product-block-url\" target=\"_blank\">\r\n                    <div class=\"product-block-image\">\r\n                        <img decoding=\"async\" width=\"300\" height=\"400\" src=\"https:\/\/bialcon.pl\/picture\/czarne-leginsy-z-grubej-dzianiny-bawelnianej.jpg\" alt=\"Czarne leginsy z grubej dzianiny bawe\u0142nianej\">\r\n                    <\/div>\r\n                    <div class=\"product-block-name\">\r\n                        <p>Czarne leginsy z grubej dzianiny bawe\u0142nianej<\/p>\r\n                    <\/div>\r\n                <\/a>\r\n            <\/div>\r\n                    <div class=\"swiper-slide product-block-item\" data-id=\"146525\">\r\n                <a href=\"https:\/\/bialcon.pl\/czarne-dlugie-leginsy-z-elastycznej-eko-skory?utm_source=blog&utm_medium=wyprzedaz&utm_campaign=250822\" class=\"product-block-url\" target=\"_blank\">\r\n                    <div class=\"product-block-image\">\r\n                        <img decoding=\"async\" width=\"300\" height=\"400\" src=\"https:\/\/bialcon.pl\/picture\/czarne-dlugie-leginsy-z-elastycznej-eko-skory_3.jpg\" alt=\"Czarne d\u0142ugie leginsy z elastycznej eko sk\u00f3ry\">\r\n                    <\/div>\r\n                    <div class=\"product-block-name\">\r\n                        <p>Czarne d\u0142ugie leginsy z elastycznej eko sk\u00f3ry<\/p>\r\n                    <\/div>\r\n                <\/a>\r\n            <\/div>\r\n                    <div class=\"swiper-slide product-block-item\" data-id=\"141993\">\r\n                <a href=\"https:\/\/bialcon.pl\/czarne-wiskozowe-legginsy?utm_source=blog&utm_medium=wyprzedaz&utm_campaign=250822\" class=\"product-block-url\" target=\"_blank\">\r\n                    <div class=\"product-block-image\">\r\n                        <img decoding=\"async\" width=\"300\" height=\"400\" src=\"https:\/\/bialcon.pl\/picture\/czarne-wiskozowe-leginsy_1.jpg\" alt=\"Czarne wiskozowe legginsy\">\r\n                    <\/div>\r\n                    <div class=\"product-block-name\">\r\n                        <p>Czarne wiskozowe legginsy<\/p>\r\n                    <\/div>\r\n                <\/a>\r\n            <\/div>\r\n            <\/div>\r\n<\/div>\r\n\n\n\n\n<h2 class=\"wp-block-heading\"><span class=\"ez-toc-section\" id=\"Czarne_spodnie_z_wysokim_stanem_z_rozcieciami_na_nogawkach\"><\/span><strong>Czarne spodnie z wysokim stanem z rozci\u0119ciami na nogawkach<\/strong><span class=\"ez-toc-section-end\"><\/span><\/h2>\n\n\n\n<p>Drobny detal typu rozci\u0119cie na bokach nogawek mo\u017ce odmieni\u0107 charakter klasycznych <a href=\"https:\/\/bialcon.pl\/odziez\/spodnie-damskie\/spodnie-czarne-z-wysokim-stanem\" target=\"_blank\" rel=\"noreferrer noopener\"><strong>czarnych spodni z wysokim stanem<\/strong><\/a> i doda\u0107 stylizacji pazura. By przyci\u0105gn\u0105\u0107 uwag\u0119 na ten akcent, za\u0142\u00f3\u017c do spodni szpilki \u2013 dzi\u0119ki temu \u0142adnie wyeksponujesz kostki. Tego typu spodnie to bardzo uniwersalny model \u2013 idealny zar\u00f3wno do pracy, jak i na randk\u0119. W wersji oficjalnej warto za\u0142o\u017cy\u0107 bia\u0142\u0105 bluzk\u0119 i marynark\u0119 lub sweter kardigan. Na romantyczny wiecz\u00f3r wybierz g\u0142adki top z dekoltem w serek i kr\u00f3tk\u0105 sk\u00f3rzan\u0105 ramonesk\u0119 oraz torebk\u0119 kopert\u00f3wk\u0119. <\/p>\n\n\n\n<h2 class=\"wp-block-heading\"><span class=\"ez-toc-section\" id=\"Czarne_spodnie_z_wysokim_stanem_ze_zwezana_nogawka\"><\/span><strong>Czarne spodnie z wysokim stanem ze zw\u0119\u017can\u0105 nogawk\u0105<\/strong><span class=\"ez-toc-section-end\"><\/span><\/h2>\n\n\n\n<p>Oto kolejny klasyk do Twojej szafy<strong> &#8211; <\/strong><a href=\"https:\/\/bialcon.pl\/odziez\/spodnie-damskie\/spodnie-czarne-z-wysokim-stanem\" target=\"_blank\" rel=\"noreferrer noopener\"><strong>czarne spodnie z wysokim stanem<\/strong><\/a><strong>. <\/strong>Aby nie by\u0142o zbyt jednostajnie, spodnie te maj\u0105 ciekawy print imituj\u0105cy nieco wz\u00f3r zwierz\u0119cy. Lekko zw\u0119\u017cana nogawka \u015bwietnie wyszczupla nogi. Ciekawy print o\u017cywi ka\u017cd\u0105 stylizacj\u0119 \u2013 wi\u0119c na g\u00f3r\u0119 mo\u017cesz za\u0142o\u017cy\u0107 uniwersaln\u0105 bia\u0142\u0105 koszul\u0119 lub g\u0142adki t-shirt. Spodnie uszyte z wiskozy s\u0105 lekkie, przewiewne, a wi\u0119c idealne na lato. Szpilki, espadryle lub sportowe sneakersy \u015bwietnie uzupe\u0142ni\u0105 ca\u0142o\u015b\u0107. Ten model spodni jest tak\u017ce praktyczny poniewa\u017c posiada kieszenie, do kt\u00f3rych mo\u017cesz schowa\u0107 telefon lub klucze.<\/p>\n\n\n\r\n<div class=\"product-block-container swiper mySwiperProductBlock\">\r\n    <div class=\"product-block-swiper swiper-wrapper\">\r\n                    <div class=\"swiper-slide product-block-item\" data-id=\"147489\">\r\n                <a href=\"https:\/\/bialcon.pl\/koronkowe-czarne-dzwony-w-kant?utm_source=blog&utm_medium=wyprzedaz&utm_campaign=250822\" class=\"product-block-url\" target=\"_blank\">\r\n                    <div class=\"product-block-image\">\r\n                        <img decoding=\"async\" width=\"300\" height=\"400\" src=\"https:\/\/bialcon.pl\/picture\/koronkowe-czarne-dzwony-w-kant_1.jpg\" alt=\"Koronkowe czarne dzwony w kant\">\r\n                    <\/div>\r\n                    <div class=\"product-block-name\">\r\n                        <p>Koronkowe czarne dzwony w kant<\/p>\r\n                    <\/div>\r\n                <\/a>\r\n            <\/div>\r\n                    <div class=\"swiper-slide product-block-item\" data-id=\"147197\">\r\n                <a href=\"https:\/\/bialcon.pl\/dzianinowe-spodnie-z-kieszeniami-w-kolorze-ciemnej-oliwki?utm_source=blog&utm_medium=wyprzedaz&utm_campaign=250822\" class=\"product-block-url\" target=\"_blank\">\r\n                    <div class=\"product-block-image\">\r\n                        <img decoding=\"async\" width=\"300\" height=\"400\" src=\"https:\/\/bialcon.pl\/picture\/dzianinowe-spodnie-z-kieszeniami-w-kolorze-ciemnej-oliwki_1.jpg\" alt=\"Dzianinowe spodnie z kieszeniami w kolorze ciemnej oliwki\">\r\n                    <\/div>\r\n                    <div class=\"product-block-name\">\r\n                        <p>Dzianinowe spodnie z kieszeniami w kolorze ciemnej oliwki<\/p>\r\n                    <\/div>\r\n                <\/a>\r\n            <\/div>\r\n                    <div class=\"swiper-slide product-block-item\" data-id=\"144996\">\r\n                <a href=\"https:\/\/bialcon.pl\/szare-codzienne-spodnie-z-dzianiny-sztruksowej?utm_source=blog&utm_medium=wyprzedaz&utm_campaign=250822\" class=\"product-block-url\" target=\"_blank\">\r\n                    <div class=\"product-block-image\">\r\n                        <img decoding=\"async\" width=\"300\" height=\"400\" src=\"https:\/\/bialcon.pl\/picture\/szare-codzienne-spodnie-z-dzianiny-sztruksowej_1.jpg\" alt=\"Szare codzienne spodnie z dzianiny sztruksowej\">\r\n                    <\/div>\r\n                    <div class=\"product-block-name\">\r\n                        <p>Szare codzienne spodnie z dzianiny sztruksowej<\/p>\r\n                    <\/div>\r\n                <\/a>\r\n            <\/div>\r\n            <\/div>\r\n<\/div>\r\n\n\n\n\n<h2 class=\"wp-block-heading\"><span class=\"ez-toc-section\" id=\"Jakie_buty_dobrac_do_czarnych_spodni_z_wysokim_stanem\"><\/span><strong>Jakie buty dobra\u0107 do czarnych spodni z wysokim stanem?<\/strong><span class=\"ez-toc-section-end\"><\/span><\/h2>\n\n\n\n<p>Spodnie typu high waist bardzo dobrze prezentuj\u0105 si\u0119 ze szpilkami, buty na obcasie pot\u0119guj\u0105 efekt wyd\u0142u\u017conych n\u00f3g. Latem do <a href=\"https:\/\/bialcon.pl\/odziez\/spodnie-damskie\/spodnie-czarne-z-wysokim-stanem\" target=\"_blank\" rel=\"noreferrer noopener\"><strong>czarnych spodni z wysokim stanem<\/strong><\/a> uszytych z lekkich tkanin mo\u017cesz za\u0142o\u017cy\u0107 espadryle na koturnie. Je\u015bli stawiasz na wygod\u0119 i lubisz casualowe stylizacje, wybierz sportowe sneakersy lub mokasyny. Klasyczne baleriny lub p\u0142askie sanda\u0142ki na paskach to tak\u017ce trafny wyb\u00f3r \u2013 szczeg\u00f3lnie dla kobiet, kt\u00f3re nie czuj\u0105 si\u0119 komfortowo w butach na wysokim obcasie. Do nogawek o d\u0142ugo\u015bci \u00be mo\u017cemy za\u0142o\u017cy\u0107 botki.<\/p>\n\n\n\n<p><\/p>\n","protected":false},"excerpt":{"rendered":"<p>Czarne spodnie s\u0105 tak uniwersalne, \u017ce pozwol\u0105 nam stworzy\u0107 wiele udanych stylizacji na r\u00f3\u017cne okazje. Fason z wysokim stanem zas\u0142uguje na szczeg\u00f3ln\u0105 uwag\u0119, gdy\u017c modeluje i wyszczupla sylwetk\u0119. Czarne spodnie i bia\u0142a koszula to klasyczny zestaw, kt\u00f3ry mo\u017ce si\u0119 te\u017c wydawa\u0107 troch\u0119 nudny i zachowawczy. Dlatego dobrym sposobem, by doda\u0107 nieco pazura takiej prostej stylizacji, [&hellip;]<\/p>\n","protected":false},"author":10,"featured_media":12542,"comment_status":"closed","ping_status":"open","sticky":false,"template":"","format":"standard","meta":{"_acf_changed":false,"site-sidebar-layout":"default","site-content-layout":"","ast-site-content-layout":"default","site-content-style":"default","site-sidebar-style":"default","ast-global-header-display":"","ast-banner-title-visibility":"","ast-main-header-display":"","ast-hfb-above-header-display":"","ast-hfb-below-header-display":"","ast-hfb-mobile-header-display":"","site-post-title":"","ast-breadcrumbs-content":"","ast-featured-img":"","footer-sml-layout":"","theme-transparent-header-meta":"","adv-header-id-meta":"","stick-header-meta":"","header-above-stick-meta":"","header-main-stick-meta":"","header-below-stick-meta":"","astra-migrate-meta-layouts":"set","ast-page-background-enabled":"default","ast-page-background-meta":{"desktop":{"background-color":"","background-image":"","background-repeat":"repeat","background-position":"center center","background-size":"auto","background-attachment":"scroll","background-type":"","background-media":"","overlay-type":"","overlay-color":"","overlay-opacity":"","overlay-gradient":""},"tablet":{"background-color":"","background-image":"","background-repeat":"repeat","background-position":"center center","background-size":"auto","background-attachment":"scroll","background-type":"","background-media":"","overlay-type":"","overlay-color":"","overlay-opacity":"","overlay-gradient":""},"mobile":{"background-color":"","background-image":"","background-repeat":"repeat","background-position":"center center","background-size":"auto","background-attachment":"scroll","background-type":"","background-media":"","overlay-type":"","overlay-color":"","overlay-opacity":"","overlay-gradient":""}},"ast-content-background-meta":{"desktop":{"background-color":"var(--ast-global-color-5)","background-image":"","background-repeat":"repeat","background-position":"center center","background-size":"auto","background-attachment":"scroll","background-type":"","background-media":"","overlay-type":"","overlay-color":"","overlay-opacity":"","overlay-gradient":""},"tablet":{"background-color":"var(--ast-global-color-5)","background-image":"","background-repeat":"repeat","background-position":"center center","background-size":"auto","background-attachment":"scroll","background-type":"","background-media":"","overlay-type":"","overlay-color":"","overlay-opacity":"","overlay-gradient":""},"mobile":{"background-color":"var(--ast-global-color-5)","background-image":"","background-repeat":"repeat","background-position":"center center","background-size":"auto","background-attachment":"scroll","background-type":"","background-media":"","overlay-type":"","overlay-color":"","overlay-opacity":"","overlay-gradient":""}},"footnotes":""},"categories":[9,14],"tags":[],"class_list":["post-6022","post","type-post","status-publish","format-standard","has-post-thumbnail","hentry","category-trendy-w-branzy-fashion","category-wszystkie-wpisy"],"acf":[],"yoast_head":"<!-- This site is optimized with the Yoast SEO plugin v27.4 - https:\/\/yoast.com\/product\/yoast-seo-wordpress\/ -->\n<title>B\u0105d\u017a na czasie w czarnych spodniach z wysokim stanem \u2013 Bialcon<\/title>\n<meta name=\"description\" content=\"Czarne spodnie z wysokim stanem zas\u0142uguj\u0105 na szczeg\u00f3ln\u0105 uwag\u0119, gdy\u017c modeluj\u0105 i wyszczupl\u0105 sylwetk\u0119. \ud83c\udf40 Sprawd\u017a nasze propozycje!\" \/>\n<meta name=\"robots\" content=\"index, follow, max-snippet:-1, max-image-preview:large, max-video-preview:-1\" \/>\n<link rel=\"canonical\" href=\"https:\/\/bialcon.pl\/blog\/chcesz-cos-zalozyc-na-czasie-wybierz-czarne-spodnie-z-wysokim-stanem\/\" \/>\n<meta name=\"twitter:label1\" content=\"Napisane przez\" \/>\n\t<meta name=\"twitter:data1\" content=\"Ma\u0142gorzata Brzezi\u0144ska\" \/>\n\t<meta name=\"twitter:label2\" content=\"Szacowany czas czytania\" \/>\n\t<meta name=\"twitter:data2\" content=\"4 minuty\" \/>\n<script type=\"application\/ld+json\" class=\"yoast-schema-graph\">{\"@context\":\"https:\\\/\\\/schema.org\",\"@graph\":[{\"@type\":\"Article\",\"@id\":\"https:\\\/\\\/bialcon.pl\\\/blog\\\/chcesz-cos-zalozyc-na-czasie-wybierz-czarne-spodnie-z-wysokim-stanem\\\/#article\",\"isPartOf\":{\"@id\":\"https:\\\/\\\/bialcon.pl\\\/blog\\\/chcesz-cos-zalozyc-na-czasie-wybierz-czarne-spodnie-z-wysokim-stanem\\\/\"},\"author\":{\"name\":\"Ma\u0142gorzata Brzezi\u0144ska\",\"@id\":\"https:\\\/\\\/bialcon.pl\\\/blog\\\/#\\\/schema\\\/person\\\/cbbe4ae2297c5abd7376399985d5fabb\"},\"headline\":\"Chcesz za\u0142o\u017cy\u0107 co\u015b na czasie? Wybierz czarne spodnie z wysokim stanem\",\"datePublished\":\"2022-08-25T10:14:00+00:00\",\"dateModified\":\"2025-11-24T08:25:57+00:00\",\"mainEntityOfPage\":{\"@id\":\"https:\\\/\\\/bialcon.pl\\\/blog\\\/chcesz-cos-zalozyc-na-czasie-wybierz-czarne-spodnie-z-wysokim-stanem\\\/\"},\"wordCount\":774,\"image\":{\"@id\":\"https:\\\/\\\/bialcon.pl\\\/blog\\\/chcesz-cos-zalozyc-na-czasie-wybierz-czarne-spodnie-z-wysokim-stanem\\\/#primaryimage\"},\"thumbnailUrl\":\"https:\\\/\\\/bialcon.pl\\\/blog\\\/wp-content\\\/uploads\\\/2022\\\/08\\\/Projekt-bez-nazwy-86.png\",\"articleSection\":[\"Trendy\",\"Wszystkie wpisy\"],\"inLanguage\":\"pl-PL\"},{\"@type\":\"WebPage\",\"@id\":\"https:\\\/\\\/bialcon.pl\\\/blog\\\/chcesz-cos-zalozyc-na-czasie-wybierz-czarne-spodnie-z-wysokim-stanem\\\/\",\"url\":\"https:\\\/\\\/bialcon.pl\\\/blog\\\/chcesz-cos-zalozyc-na-czasie-wybierz-czarne-spodnie-z-wysokim-stanem\\\/\",\"name\":\"B\u0105d\u017a na czasie w czarnych spodniach z wysokim stanem \u2013 Bialcon\",\"isPartOf\":{\"@id\":\"https:\\\/\\\/bialcon.pl\\\/blog\\\/#website\"},\"primaryImageOfPage\":{\"@id\":\"https:\\\/\\\/bialcon.pl\\\/blog\\\/chcesz-cos-zalozyc-na-czasie-wybierz-czarne-spodnie-z-wysokim-stanem\\\/#primaryimage\"},\"image\":{\"@id\":\"https:\\\/\\\/bialcon.pl\\\/blog\\\/chcesz-cos-zalozyc-na-czasie-wybierz-czarne-spodnie-z-wysokim-stanem\\\/#primaryimage\"},\"thumbnailUrl\":\"https:\\\/\\\/bialcon.pl\\\/blog\\\/wp-content\\\/uploads\\\/2022\\\/08\\\/Projekt-bez-nazwy-86.png\",\"datePublished\":\"2022-08-25T10:14:00+00:00\",\"dateModified\":\"2025-11-24T08:25:57+00:00\",\"author\":{\"@id\":\"https:\\\/\\\/bialcon.pl\\\/blog\\\/#\\\/schema\\\/person\\\/cbbe4ae2297c5abd7376399985d5fabb\"},\"description\":\"Czarne spodnie z wysokim stanem zas\u0142uguj\u0105 na szczeg\u00f3ln\u0105 uwag\u0119, gdy\u017c modeluj\u0105 i wyszczupl\u0105 sylwetk\u0119. \ud83c\udf40 Sprawd\u017a nasze propozycje!\",\"breadcrumb\":{\"@id\":\"https:\\\/\\\/bialcon.pl\\\/blog\\\/chcesz-cos-zalozyc-na-czasie-wybierz-czarne-spodnie-z-wysokim-stanem\\\/#breadcrumb\"},\"inLanguage\":\"pl-PL\",\"potentialAction\":[{\"@type\":\"ReadAction\",\"target\":[\"https:\\\/\\\/bialcon.pl\\\/blog\\\/chcesz-cos-zalozyc-na-czasie-wybierz-czarne-spodnie-z-wysokim-stanem\\\/\"]}]},{\"@type\":\"ImageObject\",\"inLanguage\":\"pl-PL\",\"@id\":\"https:\\\/\\\/bialcon.pl\\\/blog\\\/chcesz-cos-zalozyc-na-czasie-wybierz-czarne-spodnie-z-wysokim-stanem\\\/#primaryimage\",\"url\":\"https:\\\/\\\/bialcon.pl\\\/blog\\\/wp-content\\\/uploads\\\/2022\\\/08\\\/Projekt-bez-nazwy-86.png\",\"contentUrl\":\"https:\\\/\\\/bialcon.pl\\\/blog\\\/wp-content\\\/uploads\\\/2022\\\/08\\\/Projekt-bez-nazwy-86.png\",\"width\":960,\"height\":850,\"caption\":\"Wizualizacja kobiety w bia\u0142ym T-shircie z nadrukiem i dopasowanych czarnych spodniach\"},{\"@type\":\"BreadcrumbList\",\"@id\":\"https:\\\/\\\/bialcon.pl\\\/blog\\\/chcesz-cos-zalozyc-na-czasie-wybierz-czarne-spodnie-z-wysokim-stanem\\\/#breadcrumb\",\"itemListElement\":[{\"@type\":\"ListItem\",\"position\":1,\"name\":\"Strona g\u0142\u00f3wna\",\"item\":\"https:\\\/\\\/bialcon.pl\\\/blog\\\/\"},{\"@type\":\"ListItem\",\"position\":2,\"name\":\"Trendy\",\"item\":\"https:\\\/\\\/bialcon.pl\\\/blog\\\/trendy-w-branzy-fashion\\\/\"},{\"@type\":\"ListItem\",\"position\":3,\"name\":\"Chcesz za\u0142o\u017cy\u0107 co\u015b na czasie? Wybierz czarne spodnie z wysokim stanem\"}]},{\"@type\":\"WebSite\",\"@id\":\"https:\\\/\\\/bialcon.pl\\\/blog\\\/#website\",\"url\":\"https:\\\/\\\/bialcon.pl\\\/blog\\\/\",\"name\":\"bialcon.pl\\\/blog\\\/\",\"description\":\"Fashion Blog w zasi\u0119gu Twojej r\u0119ki\",\"potentialAction\":[{\"@type\":\"SearchAction\",\"target\":{\"@type\":\"EntryPoint\",\"urlTemplate\":\"https:\\\/\\\/bialcon.pl\\\/blog\\\/?s={search_term_string}\"},\"query-input\":{\"@type\":\"PropertyValueSpecification\",\"valueRequired\":true,\"valueName\":\"search_term_string\"}}],\"inLanguage\":\"pl-PL\"},{\"@type\":\"Person\",\"@id\":\"https:\\\/\\\/bialcon.pl\\\/blog\\\/#\\\/schema\\\/person\\\/cbbe4ae2297c5abd7376399985d5fabb\",\"name\":\"Ma\u0142gorzata Brzezi\u0144ska\",\"image\":{\"@type\":\"ImageObject\",\"inLanguage\":\"pl-PL\",\"@id\":\"https:\\\/\\\/secure.gravatar.com\\\/avatar\\\/3fc4a4cdba63586f503a5c5711e9b04d01ab1234b186b03e727ad902b6f4912d?s=96&d=mm&r=g\",\"url\":\"https:\\\/\\\/secure.gravatar.com\\\/avatar\\\/3fc4a4cdba63586f503a5c5711e9b04d01ab1234b186b03e727ad902b6f4912d?s=96&d=mm&r=g\",\"contentUrl\":\"https:\\\/\\\/secure.gravatar.com\\\/avatar\\\/3fc4a4cdba63586f503a5c5711e9b04d01ab1234b186b03e727ad902b6f4912d?s=96&d=mm&r=g\",\"caption\":\"Ma\u0142gorzata Brzezi\u0144ska\"},\"description\":\"Autorka tre\u015bci z zakresu mody, urody i stylu \u017cycia. Tworzy artyku\u0142y i poradniki oparte na analizie trend\u00f3w oraz potrzeb u\u017cytkownik\u00f3w, \u0142\u0105cz\u0105c wiedz\u0119 z zakresu komunikacji marketingowej i praktyki contentowej. Specjalizuje si\u0119 w bran\u017cach fashion, beauty &amp; health oraz gourmet food, przygotowuj\u0105c tre\u015bci dopasowane do realnych sytuacji i wybor\u00f3w konsumenckich. Na co dzie\u0144 zajmuje si\u0119 r\u00f3wnie\u017c content marketingiem i SEO.\",\"sameAs\":[\"https:\\\/\\\/www.linkedin.com\\\/in\\\/gosia-brzezinska-827052b4\\\/\"],\"url\":\"https:\\\/\\\/bialcon.pl\\\/blog\\\/author\\\/brzezinska\\\/\"}]}<\/script>\n<!-- \/ Yoast SEO plugin. -->","yoast_head_json":{"title":"B\u0105d\u017a na czasie w czarnych spodniach z wysokim stanem \u2013 Bialcon","description":"Czarne spodnie z wysokim stanem zas\u0142uguj\u0105 na szczeg\u00f3ln\u0105 uwag\u0119, gdy\u017c modeluj\u0105 i wyszczupl\u0105 sylwetk\u0119. \ud83c\udf40 Sprawd\u017a nasze propozycje!","robots":{"index":"index","follow":"follow","max-snippet":"max-snippet:-1","max-image-preview":"max-image-preview:large","max-video-preview":"max-video-preview:-1"},"canonical":"https:\/\/bialcon.pl\/blog\/chcesz-cos-zalozyc-na-czasie-wybierz-czarne-spodnie-z-wysokim-stanem\/","twitter_misc":{"Napisane przez":"Ma\u0142gorzata Brzezi\u0144ska","Szacowany czas czytania":"4 minuty"},"schema":{"@context":"https:\/\/schema.org","@graph":[{"@type":"Article","@id":"https:\/\/bialcon.pl\/blog\/chcesz-cos-zalozyc-na-czasie-wybierz-czarne-spodnie-z-wysokim-stanem\/#article","isPartOf":{"@id":"https:\/\/bialcon.pl\/blog\/chcesz-cos-zalozyc-na-czasie-wybierz-czarne-spodnie-z-wysokim-stanem\/"},"author":{"name":"Ma\u0142gorzata Brzezi\u0144ska","@id":"https:\/\/bialcon.pl\/blog\/#\/schema\/person\/cbbe4ae2297c5abd7376399985d5fabb"},"headline":"Chcesz za\u0142o\u017cy\u0107 co\u015b na czasie? Wybierz czarne spodnie z wysokim stanem","datePublished":"2022-08-25T10:14:00+00:00","dateModified":"2025-11-24T08:25:57+00:00","mainEntityOfPage":{"@id":"https:\/\/bialcon.pl\/blog\/chcesz-cos-zalozyc-na-czasie-wybierz-czarne-spodnie-z-wysokim-stanem\/"},"wordCount":774,"image":{"@id":"https:\/\/bialcon.pl\/blog\/chcesz-cos-zalozyc-na-czasie-wybierz-czarne-spodnie-z-wysokim-stanem\/#primaryimage"},"thumbnailUrl":"https:\/\/bialcon.pl\/blog\/wp-content\/uploads\/2022\/08\/Projekt-bez-nazwy-86.png","articleSection":["Trendy","Wszystkie wpisy"],"inLanguage":"pl-PL"},{"@type":"WebPage","@id":"https:\/\/bialcon.pl\/blog\/chcesz-cos-zalozyc-na-czasie-wybierz-czarne-spodnie-z-wysokim-stanem\/","url":"https:\/\/bialcon.pl\/blog\/chcesz-cos-zalozyc-na-czasie-wybierz-czarne-spodnie-z-wysokim-stanem\/","name":"B\u0105d\u017a na czasie w czarnych spodniach z wysokim stanem \u2013 Bialcon","isPartOf":{"@id":"https:\/\/bialcon.pl\/blog\/#website"},"primaryImageOfPage":{"@id":"https:\/\/bialcon.pl\/blog\/chcesz-cos-zalozyc-na-czasie-wybierz-czarne-spodnie-z-wysokim-stanem\/#primaryimage"},"image":{"@id":"https:\/\/bialcon.pl\/blog\/chcesz-cos-zalozyc-na-czasie-wybierz-czarne-spodnie-z-wysokim-stanem\/#primaryimage"},"thumbnailUrl":"https:\/\/bialcon.pl\/blog\/wp-content\/uploads\/2022\/08\/Projekt-bez-nazwy-86.png","datePublished":"2022-08-25T10:14:00+00:00","dateModified":"2025-11-24T08:25:57+00:00","author":{"@id":"https:\/\/bialcon.pl\/blog\/#\/schema\/person\/cbbe4ae2297c5abd7376399985d5fabb"},"description":"Czarne spodnie z wysokim stanem zas\u0142uguj\u0105 na szczeg\u00f3ln\u0105 uwag\u0119, gdy\u017c modeluj\u0105 i wyszczupl\u0105 sylwetk\u0119. \ud83c\udf40 Sprawd\u017a nasze propozycje!","breadcrumb":{"@id":"https:\/\/bialcon.pl\/blog\/chcesz-cos-zalozyc-na-czasie-wybierz-czarne-spodnie-z-wysokim-stanem\/#breadcrumb"},"inLanguage":"pl-PL","potentialAction":[{"@type":"ReadAction","target":["https:\/\/bialcon.pl\/blog\/chcesz-cos-zalozyc-na-czasie-wybierz-czarne-spodnie-z-wysokim-stanem\/"]}]},{"@type":"ImageObject","inLanguage":"pl-PL","@id":"https:\/\/bialcon.pl\/blog\/chcesz-cos-zalozyc-na-czasie-wybierz-czarne-spodnie-z-wysokim-stanem\/#primaryimage","url":"https:\/\/bialcon.pl\/blog\/wp-content\/uploads\/2022\/08\/Projekt-bez-nazwy-86.png","contentUrl":"https:\/\/bialcon.pl\/blog\/wp-content\/uploads\/2022\/08\/Projekt-bez-nazwy-86.png","width":960,"height":850,"caption":"Wizualizacja kobiety w bia\u0142ym T-shircie z nadrukiem i dopasowanych czarnych spodniach"},{"@type":"BreadcrumbList","@id":"https:\/\/bialcon.pl\/blog\/chcesz-cos-zalozyc-na-czasie-wybierz-czarne-spodnie-z-wysokim-stanem\/#breadcrumb","itemListElement":[{"@type":"ListItem","position":1,"name":"Strona g\u0142\u00f3wna","item":"https:\/\/bialcon.pl\/blog\/"},{"@type":"ListItem","position":2,"name":"Trendy","item":"https:\/\/bialcon.pl\/blog\/trendy-w-branzy-fashion\/"},{"@type":"ListItem","position":3,"name":"Chcesz za\u0142o\u017cy\u0107 co\u015b na czasie? Wybierz czarne spodnie z wysokim stanem"}]},{"@type":"WebSite","@id":"https:\/\/bialcon.pl\/blog\/#website","url":"https:\/\/bialcon.pl\/blog\/","name":"bialcon.pl\/blog\/","description":"Fashion Blog w zasi\u0119gu Twojej r\u0119ki","potentialAction":[{"@type":"SearchAction","target":{"@type":"EntryPoint","urlTemplate":"https:\/\/bialcon.pl\/blog\/?s={search_term_string}"},"query-input":{"@type":"PropertyValueSpecification","valueRequired":true,"valueName":"search_term_string"}}],"inLanguage":"pl-PL"},{"@type":"Person","@id":"https:\/\/bialcon.pl\/blog\/#\/schema\/person\/cbbe4ae2297c5abd7376399985d5fabb","name":"Ma\u0142gorzata Brzezi\u0144ska","image":{"@type":"ImageObject","inLanguage":"pl-PL","@id":"https:\/\/secure.gravatar.com\/avatar\/3fc4a4cdba63586f503a5c5711e9b04d01ab1234b186b03e727ad902b6f4912d?s=96&d=mm&r=g","url":"https:\/\/secure.gravatar.com\/avatar\/3fc4a4cdba63586f503a5c5711e9b04d01ab1234b186b03e727ad902b6f4912d?s=96&d=mm&r=g","contentUrl":"https:\/\/secure.gravatar.com\/avatar\/3fc4a4cdba63586f503a5c5711e9b04d01ab1234b186b03e727ad902b6f4912d?s=96&d=mm&r=g","caption":"Ma\u0142gorzata Brzezi\u0144ska"},"description":"Autorka tre\u015bci z zakresu mody, urody i stylu \u017cycia. Tworzy artyku\u0142y i poradniki oparte na analizie trend\u00f3w oraz potrzeb u\u017cytkownik\u00f3w, \u0142\u0105cz\u0105c wiedz\u0119 z zakresu komunikacji marketingowej i praktyki contentowej. Specjalizuje si\u0119 w bran\u017cach fashion, beauty &amp; health oraz gourmet food, przygotowuj\u0105c tre\u015bci dopasowane do realnych sytuacji i wybor\u00f3w konsumenckich. Na co dzie\u0144 zajmuje si\u0119 r\u00f3wnie\u017c content marketingiem i SEO.","sameAs":["https:\/\/www.linkedin.com\/in\/gosia-brzezinska-827052b4\/"],"url":"https:\/\/bialcon.pl\/blog\/author\/brzezinska\/"}]}},"_links":{"self":[{"href":"https:\/\/bialcon.pl\/blog\/wp-json\/wp\/v2\/posts\/6022","targetHints":{"allow":["GET"]}}],"collection":[{"href":"https:\/\/bialcon.pl\/blog\/wp-json\/wp\/v2\/posts"}],"about":[{"href":"https:\/\/bialcon.pl\/blog\/wp-json\/wp\/v2\/types\/post"}],"author":[{"embeddable":true,"href":"https:\/\/bialcon.pl\/blog\/wp-json\/wp\/v2\/users\/10"}],"replies":[{"embeddable":true,"href":"https:\/\/bialcon.pl\/blog\/wp-json\/wp\/v2\/comments?post=6022"}],"version-history":[{"count":10,"href":"https:\/\/bialcon.pl\/blog\/wp-json\/wp\/v2\/posts\/6022\/revisions"}],"predecessor-version":[{"id":12543,"href":"https:\/\/bialcon.pl\/blog\/wp-json\/wp\/v2\/posts\/6022\/revisions\/12543"}],"wp:featuredmedia":[{"embeddable":true,"href":"https:\/\/bialcon.pl\/blog\/wp-json\/wp\/v2\/media\/12542"}],"wp:attachment":[{"href":"https:\/\/bialcon.pl\/blog\/wp-json\/wp\/v2\/media?parent=6022"}],"wp:term":[{"taxonomy":"category","embeddable":true,"href":"https:\/\/bialcon.pl\/blog\/wp-json\/wp\/v2\/categories?post=6022"},{"taxonomy":"post_tag","embeddable":true,"href":"https:\/\/bialcon.pl\/blog\/wp-json\/wp\/v2\/tags?post=6022"}],"curies":[{"name":"wp","href":"https:\/\/api.w.org\/{rel}","templated":true}]}}