{"id":5952,"date":"2022-08-18T09:12:00","date_gmt":"2022-08-18T07:12:00","guid":{"rendered":"https:\/\/bialcon.pl\/blog\/?p=5952"},"modified":"2025-11-24T09:25:10","modified_gmt":"2025-11-24T08:25:10","slug":"sukienka-na-wesele-w-plenerze-na-co-zwracac-uwage","status":"publish","type":"post","link":"https:\/\/bialcon.pl\/blog\/sukienka-na-wesele-w-plenerze-na-co-zwracac-uwage\/","title":{"rendered":"Sukienka na wesele w plenerze \u2013 na co zwraca\u0107 uwag\u0119?"},"content":{"rendered":"<div id=\"ez-toc-container\" class=\"ez-toc-v2_0_82_2 counter-hierarchy ez-toc-counter ez-toc-custom ez-toc-container-direction\">\n<div class=\"ez-toc-title-container\"><p class=\"ez-toc-title\" style=\"cursor:inherit\">Spis Tre\u015bci<\/p>\n<\/div><nav><ul class='ez-toc-list ez-toc-list-level-1 ' ><li class='ez-toc-page-1 ez-toc-heading-level-2'><a class=\"ez-toc-link ez-toc-heading-1\" href=\"https:\/\/bialcon.pl\/blog\/sukienka-na-wesele-w-plenerze-na-co-zwracac-uwage\/#Sukienki_na_wesele_w_stylu_boho\" >Sukienki na wesele w stylu boho<\/a><\/li><li class='ez-toc-page-1 ez-toc-heading-level-2'><a class=\"ez-toc-link ez-toc-heading-2\" href=\"https:\/\/bialcon.pl\/blog\/sukienka-na-wesele-w-plenerze-na-co-zwracac-uwage\/#Pudrowa_sukienka_na_wesele\" >Pudrowa sukienka na wesele<\/a><\/li><li class='ez-toc-page-1 ez-toc-heading-level-2'><a class=\"ez-toc-link ez-toc-heading-3\" href=\"https:\/\/bialcon.pl\/blog\/sukienka-na-wesele-w-plenerze-na-co-zwracac-uwage\/#Plisowana_sukienka_na_wesele\" >Plisowana sukienka na wesele<\/a><\/li><li class='ez-toc-page-1 ez-toc-heading-level-2'><a class=\"ez-toc-link ez-toc-heading-4\" href=\"https:\/\/bialcon.pl\/blog\/sukienka-na-wesele-w-plenerze-na-co-zwracac-uwage\/#Kwiecista_sukienka_na_wesele\" >Kwiecista sukienka na wesele<\/a><\/li><li class='ez-toc-page-1 ez-toc-heading-level-2'><a class=\"ez-toc-link ez-toc-heading-5\" href=\"https:\/\/bialcon.pl\/blog\/sukienka-na-wesele-w-plenerze-na-co-zwracac-uwage\/#Jakie_dodatki_do_sukienek_na_wesele_w_plenerze\" >Jakie dodatki do sukienek na wesele w plenerze?<\/a><\/li><\/ul><\/nav><\/div>\n\n<p><strong>Romantyczny \u015blub na pla\u017cy, w ogrodzie lub w odrestaurowanej zabytkowej stodole to cz\u0119ste wybory par, kt\u00f3re chc\u0105 zorganizowa\u0107 przyj\u0119cie weselne w plenerze. Je\u015bli otrzyma\u0142a\u015b zaproszenie na takie wesele, pewnie si\u0119 zastanawiasz, jak\u0105 sukienk\u0119 powinna\u015b wybra\u0107, by wygl\u0105da\u0107 stosownie do okoliczno\u015bci.<\/strong><\/p>\n\n\n\n<p>Przyj\u0119cia weselne organizowane w plenerze maj\u0105 mniej oficjalny charakter ni\u017c te urz\u0105dzane we wn\u0119trzach. Przewa\u017cnie para m\u0142oda wybiera w\u00f3wczas miejsce, gdzie g\u0142\u00f3wn\u0105 dekoracj\u0105 jest sama natura \u2013 b\u0142\u0119kitne niebo, promienie s\u0142o\u0144ca, morskie fale, drzewa. W takich pi\u0119knych okoliczno\u015bciach przyrody mo\u017cemy sobie pozwoli\u0107 na nieco lu\u017aniejszy dress code. Panna m\u0142oda raczej nie pojawi si\u0119 w bogato zdobione sukni z welonem katedralnym, wi\u0119c zaproszeni go\u015bcie tak\u017ce mog\u0105 postawi\u0107 na lu\u017aniejsze stylizacje. Wybieraj\u0105c <a href=\"https:\/\/bialcon.pl\/odziez\/sukienki-1\" target=\"_blank\" rel=\"noreferrer noopener\"><strong>sukienk\u0119 na wesele<\/strong><\/a> w plenerze, mo\u017cemy postawi\u0107 na wygod\u0119 i lekko\u015b\u0107.<\/p>\n\n\n\n<h2 class=\"wp-block-heading\"><span class=\"ez-toc-section\" id=\"Sukienki_na_wesele_w_stylu_boho\"><\/span><strong>Sukienki na wesele w stylu boho<\/strong><span class=\"ez-toc-section-end\"><\/span><\/h2>\n\n\n\n<p>Sztywny materia\u0142, oryginalny kr\u00f3j, obcis\u0142y fason, mocne zdobienia bi\u017cuteryjne lub pi\u00f3ra i cekiny nie b\u0119d\u0105 pasowa\u0142y do stylistyki \u015blubu zorganizowanego w plenerze. W takich kreacjach mo\u017ce by\u0107 Ci te\u017c po prostu niewygodnie. Dlatego, by zapewni\u0107 sobie komfort i wpasowa\u0107 si\u0119 w wizj\u0119 pary m\u0142odej, warto jest wybra\u0107 <a href=\"https:\/\/bialcon.pl\/odziez\/sukienki\/sukienki-boho\" target=\"_blank\" rel=\"noreferrer noopener\"><strong>sukienk\u0119 na wesele<\/strong><\/a> utrzyman\u0105 w stylu boho. Ten styl wyr\u00f3\u017cnia si\u0119 lekkimi zwiewnymi tkaninami, lu\u017anymi krojem, prostot\u0105 a jednocze\u015bnie ma sw\u00f3j niepowtarzalny urok. Dyskretne zdobienia z koronek, delikatne falbanki, szerokie r\u0119kawy \u2013 w\u0142a\u015bnie te detale stanowi\u0105 cechy charakterystyczne boho. Je\u015bli zdecydujesz si\u0119 na tego typu <a href=\"https:\/\/bialcon.pl\/odziez\/sukienki\/sukienki-boho\" target=\"_blank\" rel=\"noreferrer noopener\"><strong>sukienk\u0119 na wesele<\/strong><\/a>, odpu\u015b\u0107 sobie misternie upi\u0119t\u0105 fryzur\u0119 i mocny makija\u017c. W\u0142osy zwi\u0105zane na karku lub puszczone lu\u017ano i subtelny makija\u017c b\u0119d\u0105 najlepszym uzupe\u0142nieniem stylizacji.<\/p>\n\n\n\r\n<div class=\"product-block-container swiper mySwiperProductBlock\">\r\n    <div class=\"product-block-swiper swiper-wrapper\">\r\n                    <div class=\"swiper-slide product-block-item\" data-id=\"147644\">\r\n                <a href=\"https:\/\/bialcon.pl\/wiskozowa-letnia-sukienka-z-kimonowym-rekawem?utm_source=blog&utm_medium=wyprzedaz&utm_campaign=180822\" class=\"product-block-url\" target=\"_blank\">\r\n                    <div class=\"product-block-image\">\r\n                        <img decoding=\"async\" width=\"300\" height=\"400\" src=\"https:\/\/bialcon.pl\/picture\/wiskozowa-letnia-sukienka-z-kimonowym-rekawem.jpg\" alt=\"Wiskozowa letnia sukienka z kimonowym r\u0119kawem\">\r\n                    <\/div>\r\n                    <div class=\"product-block-name\">\r\n                        <p>Wiskozowa letnia sukienka z kimonowym r\u0119kawem<\/p>\r\n                    <\/div>\r\n                <\/a>\r\n            <\/div>\r\n                    <div class=\"swiper-slide product-block-item\" data-id=\"147655\">\r\n                <a href=\"https:\/\/bialcon.pl\/kolorowa-sukienka-ze-zwiewnej-wiskozy-z-falbana?utm_source=blog&utm_medium=wyprzedaz&utm_campaign=180822\" class=\"product-block-url\" target=\"_blank\">\r\n                    <div class=\"product-block-image\">\r\n                        <img decoding=\"async\" width=\"300\" height=\"400\" src=\"https:\/\/bialcon.pl\/picture\/kolorowa-sukienka-ze-zwiewnej-wiskozy-z-falbana_2.jpg\" alt=\"Kolorowa sukienka ze zwiewnej wiskozy z falban\u0105\">\r\n                    <\/div>\r\n                    <div class=\"product-block-name\">\r\n                        <p>Kolorowa sukienka ze zwiewnej wiskozy z falban\u0105<\/p>\r\n                    <\/div>\r\n                <\/a>\r\n            <\/div>\r\n                    <div class=\"swiper-slide product-block-item\" data-id=\"147449\">\r\n                <a href=\"https:\/\/bialcon.pl\/bezowa-azurowa-sukienka-z-krotkim-rekawem?utm_source=blog&utm_medium=wyprzedaz&utm_campaign=180822\" class=\"product-block-url\" target=\"_blank\">\r\n                    <div class=\"product-block-image\">\r\n                        <img decoding=\"async\" width=\"300\" height=\"400\" src=\"https:\/\/bialcon.pl\/picture\/bezowa-azurowa-sukienka-z-krotkim-rekawem_3.jpg\" alt=\"Be\u017cowa a\u017curowa sukienka z kr\u00f3tkim r\u0119kawem\">\r\n                    <\/div>\r\n                    <div class=\"product-block-name\">\r\n                        <p>Be\u017cowa a\u017curowa sukienka z kr\u00f3tkim r\u0119kawem<\/p>\r\n                    <\/div>\r\n                <\/a>\r\n            <\/div>\r\n            <\/div>\r\n<\/div>\r\n\n\n\n\n<h2 class=\"wp-block-heading\"><span class=\"ez-toc-section\" id=\"Pudrowa_sukienka_na_wesele\"><\/span><strong>Pudrowa sukienka na wesele<\/strong><span class=\"ez-toc-section-end\"><\/span><\/h2>\n\n\n\n<p>Szukaj\u0105c stylizacji na przyj\u0119cie weselne organizowane na \u015bwie\u017cym powietrzu, warto postawi\u0107 na jasne kolory \u2013 odcienie pudrowe i pastelowe. Po pierwsze s\u0105 eleganckie i twarzowe, po drugie dobrze pasuj\u0105 do mniej formalnej stylistyki wesela. <a href=\"https:\/\/bialcon.pl\/odziez\/sukienki\/sukienki-pastelowe\" target=\"_blank\" rel=\"noreferrer noopener\"><strong>Sukienka na wesele<\/strong><\/a> w kolorze pudrowego r\u00f3\u017cu w jasne grochy sprawdzi si\u0119 idealnie, je\u015bli przyj\u0119cie organizowane jest ogrodzie lub ceremonia odbywa si\u0119 na pla\u017cy. D\u0142uga sukienka z rozszerzanym do\u0142em i falbank\u0105 przy dekolcie wygl\u0105da bardzo romantycznie a przy tym szykownie. Idealnie uk\u0142ada si\u0119 na sylwetce i a rozkloszowany d\u00f3\u0142 pi\u0119knie wiruje w ta\u0144cu. Dopasowany top \u0142adnie wyszczupla i podkre\u015bla tali\u0119. Do takiej stylizacji mo\u017cesz dobra\u0107 lekkie sanda\u0142ki na paskach i skromn\u0105 bi\u017cuteri\u0119 np. cienk\u0105 z\u0142ot\u0105 bransoletk\u0119 i d\u0142ugie wisz\u0105ce kolczyki. <\/p>\n\n\n\n<h2 class=\"wp-block-heading\"><span class=\"ez-toc-section\" id=\"Plisowana_sukienka_na_wesele\"><\/span><strong>Plisowana sukienka na wesele<\/strong><span class=\"ez-toc-section-end\"><\/span><\/h2>\n\n\n\n<p>Modny amarantowy kolor i prosty fason to kolejny dobry pomys\u0142, gdy szukasz idealnej <a href=\"https:\/\/bialcon.pl\/odziez\/sukienki\/sukienki-plisowane\" target=\"_blank\" rel=\"noreferrer noopener\"><strong>sukienki na wesele<\/strong><\/a>, kt\u00f3re odbywa si\u0119 na zewn\u0105trz. Dopasowana g\u00f3ra z dekoltem w serek, kt\u00f3ry wyd\u0142u\u017ca szyj\u0119, pasek podkre\u015blaj\u0105cy tali\u0119 i elegancki plisowany d\u00f3\u0142 nadaj\u0105 wizytowy charakter tej kreacji. Przeta\u0144czysz w niej wiele godzin i b\u0119dziesz mog\u0142a j\u0105 za\u0142o\u017cy\u0107 na r\u00f3\u017cne okazje, nie tylko weselne. Weso\u0142y, dosy\u0107 nasycony kolor podkre\u015bli opalenizn\u0119. Do takiej zwiewnej sukienki na wesele za\u0142\u00f3\u017c wygodne buty baleriny \u2013 p\u0142askie lub na niewysokim obcasie.<\/p>\n\n\n\r\n<div class=\"product-block-container swiper mySwiperProductBlock\">\r\n    <div class=\"product-block-swiper swiper-wrapper\">\r\n                    <div class=\"swiper-slide product-block-item\" data-id=\"147507\">\r\n                <a href=\"https:\/\/bialcon.pl\/plisowana-sukienka-w-kolorze-pastelowej-miety?utm_source=blog&amp;utm_medium=wyprzedaz&amp;utm_campaign=180822\" class=\"product-block-url\" target=\"_blank\">\r\n                    <div class=\"product-block-image\">\r\n                        <img decoding=\"async\" width=\"300\" height=\"400\" src=\"https:\/\/bialcon.pl\/picture\/plisowana-sukienka-w-kolorze-pastelowej-miety_3.jpg\" alt=\"Plisowana sukienka w kolorze pastelowej mi\u0119ty\">\r\n                    <\/div>\r\n                    <div class=\"product-block-name\">\r\n                        <p>Plisowana sukienka w kolorze pastelowej mi\u0119ty<\/p>\r\n                    <\/div>\r\n                <\/a>\r\n            <\/div>\r\n                    <div class=\"swiper-slide product-block-item\" data-id=\"146405\">\r\n                <a href=\"https:\/\/bialcon.pl\/sukienka-solejka-z-paskiem-w-kolorze-oliwkowym?utm_source=blog&amp;utm_medium=wyprzedaz&amp;utm_campaign=180822\" class=\"product-block-url\" target=\"_blank\">\r\n                    <div class=\"product-block-image\">\r\n                        <img decoding=\"async\" width=\"300\" height=\"400\" src=\"https:\/\/bialcon.pl\/picture\/sukienka-solejka-z-paskiem-w-kolorze-oliwkowym_1.jpg\" alt=\"Sukienka solejka z paskiem w kolorze oliwkowym\">\r\n                    <\/div>\r\n                    <div class=\"product-block-name\">\r\n                        <p>Sukienka solejka z paskiem w kolorze oliwkowym<\/p>\r\n                    <\/div>\r\n                <\/a>\r\n            <\/div>\r\n                    <div class=\"swiper-slide product-block-item\" data-id=\"146254\">\r\n                <a href=\"https:\/\/bialcon.pl\/plisowana-wizytowa-sukienka-midi-z-szyfonowym-szalem?utm_source=blog&amp;utm_medium=wyprzedaz&amp;utm_campaign=180822\" class=\"product-block-url\" target=\"_blank\">\r\n                    <div class=\"product-block-image\">\r\n                        <img decoding=\"async\" width=\"300\" height=\"400\" src=\"https:\/\/bialcon.pl\/picture\/plisowana-wizytowa-sukienka-midi-z-szyfonowym-szalem_1.jpg\" alt=\"Plisowana wizytowa sukienka midi z szyfonowym szalem\">\r\n                    <\/div>\r\n                    <div class=\"product-block-name\">\r\n                        <p>Plisowana wizytowa sukienka midi z szyfonowym szalem<\/p>\r\n                    <\/div>\r\n                <\/a>\r\n            <\/div>\r\n            <\/div>\r\n<\/div>\r\n\n\n\n\n<h2 class=\"wp-block-heading\"><span class=\"ez-toc-section\" id=\"Kwiecista_sukienka_na_wesele\"><\/span><strong>Kwiecista sukienka na wesele<\/strong><span class=\"ez-toc-section-end\"><\/span><\/h2>\n\n\n\n<p>Printy kwieciste i ro\u015blinne tak\u017ce wpisuj\u0105 si\u0119 w dress code przyj\u0119cia weselnego w plenerze. Szczeg\u00f3lnie atrakcyjnie prezentuj\u0105 si\u0119 <a href=\"https:\/\/bialcon.pl\/odziez\/sukienki\/sukienki-w-kwiaty\" target=\"_blank\" rel=\"noreferrer noopener\"><strong>sukienki na wesele<\/strong><\/a><strong>, <\/strong>kt\u00f3re maj\u0105 wz\u00f3r w jasne kwiaty. Je\u015bli przyj\u0119cie odbywa si\u0119 w ogrodzie, pi\u0119knie b\u0119dziemy wygl\u0105da\u0107 w rozkloszowanej sukience w kwiaty o d\u0142ugo\u015bci midi. Niebieski kwiecisty wz\u00f3r na bia\u0142ym tle to po\u0142\u0105czenie \u015bwie\u017ce i eleganckie, taka kolorystka sprawia, \u017ce cera wygl\u0105da promiennie. Rozkloszowana sukienka powinna znale\u017a\u0107 si\u0119 na Twojej li\u015bcie, je\u015bli szukasz pomys\u0142\u00f3w na mniej formaln\u0105 weseln\u0105 stylizacj\u0119. Klasyczny fason jest bardzo korzystny dla sylwetki i \u0142adnie podkre\u015bla ruchy w ta\u0144cu. Dekolt w \u0142\u00f3dk\u0119 eksponuje lini\u0119 obojczyk\u00f3w, dekolt mo\u017cesz ozdobi\u0107 delikatnym \u0142a\u0144cuszkiem.<\/p>\n\n\n\r\n<div class=\"product-block-container swiper mySwiperProductBlock\">\r\n    <div class=\"product-block-swiper swiper-wrapper\">\r\n                    <div class=\"swiper-slide product-block-item\" data-id=\"147611\">\r\n                <a href=\"https:\/\/bialcon.pl\/dzianinowa-casualowa-sukienka-z-dekoltem-w-serek?utm_source=blog&amp;utm_medium=wyprzedaz&amp;utm_campaign=180822\" class=\"product-block-url\" target=\"_blank\">\r\n                    <div class=\"product-block-image\">\r\n                        <img decoding=\"async\" width=\"300\" height=\"400\" src=\"https:\/\/bialcon.pl\/picture\/dzianinowa-casualowa-sukienka-z-dekoltem-w-serek_1.jpg\" alt=\"Dzianinowa casualowa sukienka z dekoltem w serek\">\r\n                    <\/div>\r\n                    <div class=\"product-block-name\">\r\n                        <p>Dzianinowa casualowa sukienka z dekoltem w serek<\/p>\r\n                    <\/div>\r\n                <\/a>\r\n            <\/div>\r\n                    <div class=\"swiper-slide product-block-item\" data-id=\"147644\">\r\n                <a href=\"https:\/\/bialcon.pl\/wiskozowa-letnia-sukienka-z-kimonowym-rekawem?utm_source=blog&amp;utm_medium=wyprzedaz&amp;utm_campaign=180822\" class=\"product-block-url\" target=\"_blank\">\r\n                    <div class=\"product-block-image\">\r\n                        <img decoding=\"async\" width=\"300\" height=\"400\" src=\"https:\/\/bialcon.pl\/picture\/wiskozowa-letnia-sukienka-z-kimonowym-rekawem.jpg\" alt=\"Wiskozowa letnia sukienka z kimonowym r\u0119kawem\">\r\n                    <\/div>\r\n                    <div class=\"product-block-name\">\r\n                        <p>Wiskozowa letnia sukienka z kimonowym r\u0119kawem<\/p>\r\n                    <\/div>\r\n                <\/a>\r\n            <\/div>\r\n                    <div class=\"swiper-slide product-block-item\" data-id=\"147652\">\r\n                <a href=\"https:\/\/bialcon.pl\/rozkloszowana-sukienka-midi-ze-zwiewnej-wiskozy?utm_source=blog&amp;utm_medium=wyprzedaz&amp;utm_campaign=180822\" class=\"product-block-url\" target=\"_blank\">\r\n                    <div class=\"product-block-image\">\r\n                        <img decoding=\"async\" width=\"300\" height=\"400\" src=\"https:\/\/bialcon.pl\/picture\/rozkloszowana-sukienka-midi-ze-zwiewnej-wiskozy_2.jpg\" alt=\"Rozkloszowana sukienka midi ze zwiewnej wiskozy\">\r\n                    <\/div>\r\n                    <div class=\"product-block-name\">\r\n                        <p>Rozkloszowana sukienka midi ze zwiewnej wiskozy<\/p>\r\n                    <\/div>\r\n                <\/a>\r\n            <\/div>\r\n            <\/div>\r\n<\/div>\r\n\n\n\n\n<h2 class=\"wp-block-heading\"><span class=\"ez-toc-section\" id=\"Jakie_dodatki_do_sukienek_na_wesele_w_plenerze\"><\/span><strong>Jakie dodatki do sukienek na wesele w plenerze?<\/strong><span class=\"ez-toc-section-end\"><\/span><\/h2>\n\n\n\n<p>Przede wszystkim zadbaj o to, by nie zmarzn\u0105\u0107 wieczorem, gdy spadnie temperatura. <a href=\"https:\/\/bialcon.pl\/odziez\/sukienki-1\" target=\"_blank\" rel=\"noreferrer noopener\"><strong>Sukienki na wesele<\/strong><\/a> organizowane w ogrodzie lub na pla\u017cy s\u0105 uszyte z lekkich i zwiewnych materia\u0142\u00f3w, nie zapomnij wi\u0119c zabra\u0107 marynarki lub narzutki, by\u015b mia\u0142a co\u015b, co mo\u017cesz narzuci\u0107 na ramiona, gdy poczujesz ch\u0142\u00f3d. Nie przesadzaj z bi\u017cuteri\u0105, przyj\u0119cie w wiejskiej stodole lub w parku to nie jest okazja, by ocieka\u0107 z\u0142otem. Lepiej sprawdzi si\u0119 sznur prawdziwych korali, lekka bi\u017cuteria etniczna, delikatne \u0142a\u0144cuszki. Na g\u0142ow\u0119 mo\u017cesz za\u0142o\u017cy\u0107 elegancki kapelusz s\u0142omkowy lub wple\u015b\u0107 \u015bwie\u017ce kwiaty we w\u0142osy. Zamiast bogato zdobionej kolii, wybierz d\u0142ugie, wisz\u0105ce kolczyki. Zrezygnuj z misternie u\u0142o\u017conej i usztywnionej lakierem fryzury na rzecz delikatnych lok\u00f3w. Generalnie postaw na bardziej naturalny wygl\u0105d. Unikaj te\u017c mocnego makija\u017cu.<\/p>\n\n\n\n<p>Do <a href=\"https:\/\/bialcon.pl\/odziez\/sukienki-1\" target=\"_blank\" rel=\"noreferrer noopener\"><strong>sukienek na wesele<\/strong><\/a> przewa\u017cnie zak\u0142adamy buty na wysokim obcasie. Lecz trudno wygl\u0105da\u0107 dobrze, gdy musimy na szpilkach brn\u0105\u0107 przez piasek na pla\u017cy lub drepta\u0107 po \u0142\u0105ce. W plenerze zdecydowanie wygodniej b\u0119dzie nam w butach typu baleriny, cz\u00f3\u0142enka na p\u0142askim lub niewysokim obcasie. Sanda\u0142y i buty z odkrytymi palcami te\u017c mog\u0105 okaza\u0107 si\u0119 problematyczne, bo mo\u017cemy sobie zabrudzi\u0107 stopy.<\/p>\n","protected":false},"excerpt":{"rendered":"<p>Romantyczny \u015blub na pla\u017cy, w ogrodzie lub w odrestaurowanej zabytkowej stodole to cz\u0119ste wybory par, kt\u00f3re chc\u0105 zorganizowa\u0107 przyj\u0119cie weselne w plenerze. Je\u015bli otrzyma\u0142a\u015b zaproszenie na takie wesele, pewnie si\u0119 zastanawiasz, jak\u0105 sukienk\u0119 powinna\u015b wybra\u0107, by wygl\u0105da\u0107 stosownie do okoliczno\u015bci. Przyj\u0119cia weselne organizowane w plenerze maj\u0105 mniej oficjalny charakter ni\u017c te urz\u0105dzane we wn\u0119trzach. Przewa\u017cnie [&hellip;]<\/p>\n","protected":false},"author":10,"featured_media":5978,"comment_status":"closed","ping_status":"open","sticky":false,"template":"","format":"standard","meta":{"_acf_changed":false,"site-sidebar-layout":"default","site-content-layout":"","ast-site-content-layout":"default","site-content-style":"default","site-sidebar-style":"default","ast-global-header-display":"","ast-banner-title-visibility":"","ast-main-header-display":"","ast-hfb-above-header-display":"","ast-hfb-below-header-display":"","ast-hfb-mobile-header-display":"","site-post-title":"","ast-breadcrumbs-content":"","ast-featured-img":"","footer-sml-layout":"","theme-transparent-header-meta":"","adv-header-id-meta":"","stick-header-meta":"","header-above-stick-meta":"","header-main-stick-meta":"","header-below-stick-meta":"","astra-migrate-meta-layouts":"set","ast-page-background-enabled":"default","ast-page-background-meta":{"desktop":{"background-color":"","background-image":"","background-repeat":"repeat","background-position":"center center","background-size":"auto","background-attachment":"scroll","background-type":"","background-media":"","overlay-type":"","overlay-color":"","overlay-opacity":"","overlay-gradient":""},"tablet":{"background-color":"","background-image":"","background-repeat":"repeat","background-position":"center center","background-size":"auto","background-attachment":"scroll","background-type":"","background-media":"","overlay-type":"","overlay-color":"","overlay-opacity":"","overlay-gradient":""},"mobile":{"background-color":"","background-image":"","background-repeat":"repeat","background-position":"center center","background-size":"auto","background-attachment":"scroll","background-type":"","background-media":"","overlay-type":"","overlay-color":"","overlay-opacity":"","overlay-gradient":""}},"ast-content-background-meta":{"desktop":{"background-color":"var(--ast-global-color-5)","background-image":"","background-repeat":"repeat","background-position":"center center","background-size":"auto","background-attachment":"scroll","background-type":"","background-media":"","overlay-type":"","overlay-color":"","overlay-opacity":"","overlay-gradient":""},"tablet":{"background-color":"var(--ast-global-color-5)","background-image":"","background-repeat":"repeat","background-position":"center center","background-size":"auto","background-attachment":"scroll","background-type":"","background-media":"","overlay-type":"","overlay-color":"","overlay-opacity":"","overlay-gradient":""},"mobile":{"background-color":"var(--ast-global-color-5)","background-image":"","background-repeat":"repeat","background-position":"center center","background-size":"auto","background-attachment":"scroll","background-type":"","background-media":"","overlay-type":"","overlay-color":"","overlay-opacity":"","overlay-gradient":""}},"footnotes":""},"categories":[1],"tags":[],"class_list":["post-5952","post","type-post","status-publish","format-standard","has-post-thumbnail","hentry","category-styl-zycia"],"acf":[],"yoast_head":"<!-- This site is optimized with the Yoast SEO plugin v27.4 - https:\/\/yoast.com\/product\/yoast-seo-wordpress\/ -->\n<title>Sukienka na wesele w plenerze \u2013 na co zwraca\u0107 uwag\u0119? - Bialcon<\/title>\n<meta name=\"description\" content=\"Wybieraj\u0105c sukienk\u0119 na wesele w plenerze postaw na wygod\u0119 i lekko\u015b\u0107. Sprawd\u017a nasze propozycj\u0119 weselnych stylizacji na wesele.\" \/>\n<meta name=\"robots\" content=\"index, follow, max-snippet:-1, max-image-preview:large, max-video-preview:-1\" \/>\n<link rel=\"canonical\" href=\"https:\/\/bialcon.pl\/blog\/sukienka-na-wesele-w-plenerze-na-co-zwracac-uwage\/\" \/>\n<meta name=\"twitter:label1\" content=\"Napisane przez\" \/>\n\t<meta name=\"twitter:data1\" content=\"Ma\u0142gorzata Brzezi\u0144ska\" \/>\n\t<meta name=\"twitter:label2\" content=\"Szacowany czas czytania\" \/>\n\t<meta name=\"twitter:data2\" content=\"5 minut\" \/>\n<script type=\"application\/ld+json\" class=\"yoast-schema-graph\">{\"@context\":\"https:\\\/\\\/schema.org\",\"@graph\":[{\"@type\":\"Article\",\"@id\":\"https:\\\/\\\/bialcon.pl\\\/blog\\\/sukienka-na-wesele-w-plenerze-na-co-zwracac-uwage\\\/#article\",\"isPartOf\":{\"@id\":\"https:\\\/\\\/bialcon.pl\\\/blog\\\/sukienka-na-wesele-w-plenerze-na-co-zwracac-uwage\\\/\"},\"author\":{\"name\":\"Ma\u0142gorzata Brzezi\u0144ska\",\"@id\":\"https:\\\/\\\/bialcon.pl\\\/blog\\\/#\\\/schema\\\/person\\\/cbbe4ae2297c5abd7376399985d5fabb\"},\"headline\":\"Sukienka na wesele w plenerze \u2013 na co zwraca\u0107 uwag\u0119?\",\"datePublished\":\"2022-08-18T07:12:00+00:00\",\"dateModified\":\"2025-11-24T08:25:10+00:00\",\"mainEntityOfPage\":{\"@id\":\"https:\\\/\\\/bialcon.pl\\\/blog\\\/sukienka-na-wesele-w-plenerze-na-co-zwracac-uwage\\\/\"},\"wordCount\":939,\"image\":{\"@id\":\"https:\\\/\\\/bialcon.pl\\\/blog\\\/sukienka-na-wesele-w-plenerze-na-co-zwracac-uwage\\\/#primaryimage\"},\"thumbnailUrl\":\"https:\\\/\\\/bialcon.pl\\\/blog\\\/wp-content\\\/uploads\\\/2022\\\/08\\\/WYPRZEDAZ-2022-7.jpg\",\"articleSection\":[\"Styl \u017bycia\"],\"inLanguage\":\"pl-PL\"},{\"@type\":\"WebPage\",\"@id\":\"https:\\\/\\\/bialcon.pl\\\/blog\\\/sukienka-na-wesele-w-plenerze-na-co-zwracac-uwage\\\/\",\"url\":\"https:\\\/\\\/bialcon.pl\\\/blog\\\/sukienka-na-wesele-w-plenerze-na-co-zwracac-uwage\\\/\",\"name\":\"Sukienka na wesele w plenerze \u2013 na co zwraca\u0107 uwag\u0119? - Bialcon\",\"isPartOf\":{\"@id\":\"https:\\\/\\\/bialcon.pl\\\/blog\\\/#website\"},\"primaryImageOfPage\":{\"@id\":\"https:\\\/\\\/bialcon.pl\\\/blog\\\/sukienka-na-wesele-w-plenerze-na-co-zwracac-uwage\\\/#primaryimage\"},\"image\":{\"@id\":\"https:\\\/\\\/bialcon.pl\\\/blog\\\/sukienka-na-wesele-w-plenerze-na-co-zwracac-uwage\\\/#primaryimage\"},\"thumbnailUrl\":\"https:\\\/\\\/bialcon.pl\\\/blog\\\/wp-content\\\/uploads\\\/2022\\\/08\\\/WYPRZEDAZ-2022-7.jpg\",\"datePublished\":\"2022-08-18T07:12:00+00:00\",\"dateModified\":\"2025-11-24T08:25:10+00:00\",\"author\":{\"@id\":\"https:\\\/\\\/bialcon.pl\\\/blog\\\/#\\\/schema\\\/person\\\/cbbe4ae2297c5abd7376399985d5fabb\"},\"description\":\"Wybieraj\u0105c sukienk\u0119 na wesele w plenerze postaw na wygod\u0119 i lekko\u015b\u0107. Sprawd\u017a nasze propozycj\u0119 weselnych stylizacji na wesele.\",\"breadcrumb\":{\"@id\":\"https:\\\/\\\/bialcon.pl\\\/blog\\\/sukienka-na-wesele-w-plenerze-na-co-zwracac-uwage\\\/#breadcrumb\"},\"inLanguage\":\"pl-PL\",\"potentialAction\":[{\"@type\":\"ReadAction\",\"target\":[\"https:\\\/\\\/bialcon.pl\\\/blog\\\/sukienka-na-wesele-w-plenerze-na-co-zwracac-uwage\\\/\"]}]},{\"@type\":\"ImageObject\",\"inLanguage\":\"pl-PL\",\"@id\":\"https:\\\/\\\/bialcon.pl\\\/blog\\\/sukienka-na-wesele-w-plenerze-na-co-zwracac-uwage\\\/#primaryimage\",\"url\":\"https:\\\/\\\/bialcon.pl\\\/blog\\\/wp-content\\\/uploads\\\/2022\\\/08\\\/WYPRZEDAZ-2022-7.jpg\",\"contentUrl\":\"https:\\\/\\\/bialcon.pl\\\/blog\\\/wp-content\\\/uploads\\\/2022\\\/08\\\/WYPRZEDAZ-2022-7.jpg\",\"width\":960,\"height\":850,\"caption\":\"Wizualizacja kobiety w d\u0142ugiej, plisowanej sukience bez r\u0119kaw\u00f3w w kolorze morskim\"},{\"@type\":\"BreadcrumbList\",\"@id\":\"https:\\\/\\\/bialcon.pl\\\/blog\\\/sukienka-na-wesele-w-plenerze-na-co-zwracac-uwage\\\/#breadcrumb\",\"itemListElement\":[{\"@type\":\"ListItem\",\"position\":1,\"name\":\"Strona g\u0142\u00f3wna\",\"item\":\"https:\\\/\\\/bialcon.pl\\\/blog\\\/\"},{\"@type\":\"ListItem\",\"position\":2,\"name\":\"Styl \u017bycia\",\"item\":\"https:\\\/\\\/bialcon.pl\\\/blog\\\/styl-zycia\\\/\"},{\"@type\":\"ListItem\",\"position\":3,\"name\":\"Sukienka na wesele w plenerze \u2013 na co zwraca\u0107 uwag\u0119?\"}]},{\"@type\":\"WebSite\",\"@id\":\"https:\\\/\\\/bialcon.pl\\\/blog\\\/#website\",\"url\":\"https:\\\/\\\/bialcon.pl\\\/blog\\\/\",\"name\":\"bialcon.pl\\\/blog\\\/\",\"description\":\"Fashion Blog w zasi\u0119gu Twojej r\u0119ki\",\"potentialAction\":[{\"@type\":\"SearchAction\",\"target\":{\"@type\":\"EntryPoint\",\"urlTemplate\":\"https:\\\/\\\/bialcon.pl\\\/blog\\\/?s={search_term_string}\"},\"query-input\":{\"@type\":\"PropertyValueSpecification\",\"valueRequired\":true,\"valueName\":\"search_term_string\"}}],\"inLanguage\":\"pl-PL\"},{\"@type\":\"Person\",\"@id\":\"https:\\\/\\\/bialcon.pl\\\/blog\\\/#\\\/schema\\\/person\\\/cbbe4ae2297c5abd7376399985d5fabb\",\"name\":\"Ma\u0142gorzata Brzezi\u0144ska\",\"image\":{\"@type\":\"ImageObject\",\"inLanguage\":\"pl-PL\",\"@id\":\"https:\\\/\\\/secure.gravatar.com\\\/avatar\\\/3fc4a4cdba63586f503a5c5711e9b04d01ab1234b186b03e727ad902b6f4912d?s=96&d=mm&r=g\",\"url\":\"https:\\\/\\\/secure.gravatar.com\\\/avatar\\\/3fc4a4cdba63586f503a5c5711e9b04d01ab1234b186b03e727ad902b6f4912d?s=96&d=mm&r=g\",\"contentUrl\":\"https:\\\/\\\/secure.gravatar.com\\\/avatar\\\/3fc4a4cdba63586f503a5c5711e9b04d01ab1234b186b03e727ad902b6f4912d?s=96&d=mm&r=g\",\"caption\":\"Ma\u0142gorzata Brzezi\u0144ska\"},\"description\":\"Autorka tre\u015bci z zakresu mody, urody i stylu \u017cycia. Tworzy artyku\u0142y i poradniki oparte na analizie trend\u00f3w oraz potrzeb u\u017cytkownik\u00f3w, \u0142\u0105cz\u0105c wiedz\u0119 z zakresu komunikacji marketingowej i praktyki contentowej. Specjalizuje si\u0119 w bran\u017cach fashion, beauty &amp; health oraz gourmet food, przygotowuj\u0105c tre\u015bci dopasowane do realnych sytuacji i wybor\u00f3w konsumenckich. Na co dzie\u0144 zajmuje si\u0119 r\u00f3wnie\u017c content marketingiem i SEO.\",\"sameAs\":[\"https:\\\/\\\/www.linkedin.com\\\/in\\\/gosia-brzezinska-827052b4\\\/\"],\"url\":\"https:\\\/\\\/bialcon.pl\\\/blog\\\/author\\\/brzezinska\\\/\"}]}<\/script>\n<!-- \/ Yoast SEO plugin. -->","yoast_head_json":{"title":"Sukienka na wesele w plenerze \u2013 na co zwraca\u0107 uwag\u0119? - Bialcon","description":"Wybieraj\u0105c sukienk\u0119 na wesele w plenerze postaw na wygod\u0119 i lekko\u015b\u0107. Sprawd\u017a nasze propozycj\u0119 weselnych stylizacji na wesele.","robots":{"index":"index","follow":"follow","max-snippet":"max-snippet:-1","max-image-preview":"max-image-preview:large","max-video-preview":"max-video-preview:-1"},"canonical":"https:\/\/bialcon.pl\/blog\/sukienka-na-wesele-w-plenerze-na-co-zwracac-uwage\/","twitter_misc":{"Napisane przez":"Ma\u0142gorzata Brzezi\u0144ska","Szacowany czas czytania":"5 minut"},"schema":{"@context":"https:\/\/schema.org","@graph":[{"@type":"Article","@id":"https:\/\/bialcon.pl\/blog\/sukienka-na-wesele-w-plenerze-na-co-zwracac-uwage\/#article","isPartOf":{"@id":"https:\/\/bialcon.pl\/blog\/sukienka-na-wesele-w-plenerze-na-co-zwracac-uwage\/"},"author":{"name":"Ma\u0142gorzata Brzezi\u0144ska","@id":"https:\/\/bialcon.pl\/blog\/#\/schema\/person\/cbbe4ae2297c5abd7376399985d5fabb"},"headline":"Sukienka na wesele w plenerze \u2013 na co zwraca\u0107 uwag\u0119?","datePublished":"2022-08-18T07:12:00+00:00","dateModified":"2025-11-24T08:25:10+00:00","mainEntityOfPage":{"@id":"https:\/\/bialcon.pl\/blog\/sukienka-na-wesele-w-plenerze-na-co-zwracac-uwage\/"},"wordCount":939,"image":{"@id":"https:\/\/bialcon.pl\/blog\/sukienka-na-wesele-w-plenerze-na-co-zwracac-uwage\/#primaryimage"},"thumbnailUrl":"https:\/\/bialcon.pl\/blog\/wp-content\/uploads\/2022\/08\/WYPRZEDAZ-2022-7.jpg","articleSection":["Styl \u017bycia"],"inLanguage":"pl-PL"},{"@type":"WebPage","@id":"https:\/\/bialcon.pl\/blog\/sukienka-na-wesele-w-plenerze-na-co-zwracac-uwage\/","url":"https:\/\/bialcon.pl\/blog\/sukienka-na-wesele-w-plenerze-na-co-zwracac-uwage\/","name":"Sukienka na wesele w plenerze \u2013 na co zwraca\u0107 uwag\u0119? - Bialcon","isPartOf":{"@id":"https:\/\/bialcon.pl\/blog\/#website"},"primaryImageOfPage":{"@id":"https:\/\/bialcon.pl\/blog\/sukienka-na-wesele-w-plenerze-na-co-zwracac-uwage\/#primaryimage"},"image":{"@id":"https:\/\/bialcon.pl\/blog\/sukienka-na-wesele-w-plenerze-na-co-zwracac-uwage\/#primaryimage"},"thumbnailUrl":"https:\/\/bialcon.pl\/blog\/wp-content\/uploads\/2022\/08\/WYPRZEDAZ-2022-7.jpg","datePublished":"2022-08-18T07:12:00+00:00","dateModified":"2025-11-24T08:25:10+00:00","author":{"@id":"https:\/\/bialcon.pl\/blog\/#\/schema\/person\/cbbe4ae2297c5abd7376399985d5fabb"},"description":"Wybieraj\u0105c sukienk\u0119 na wesele w plenerze postaw na wygod\u0119 i lekko\u015b\u0107. Sprawd\u017a nasze propozycj\u0119 weselnych stylizacji na wesele.","breadcrumb":{"@id":"https:\/\/bialcon.pl\/blog\/sukienka-na-wesele-w-plenerze-na-co-zwracac-uwage\/#breadcrumb"},"inLanguage":"pl-PL","potentialAction":[{"@type":"ReadAction","target":["https:\/\/bialcon.pl\/blog\/sukienka-na-wesele-w-plenerze-na-co-zwracac-uwage\/"]}]},{"@type":"ImageObject","inLanguage":"pl-PL","@id":"https:\/\/bialcon.pl\/blog\/sukienka-na-wesele-w-plenerze-na-co-zwracac-uwage\/#primaryimage","url":"https:\/\/bialcon.pl\/blog\/wp-content\/uploads\/2022\/08\/WYPRZEDAZ-2022-7.jpg","contentUrl":"https:\/\/bialcon.pl\/blog\/wp-content\/uploads\/2022\/08\/WYPRZEDAZ-2022-7.jpg","width":960,"height":850,"caption":"Wizualizacja kobiety w d\u0142ugiej, plisowanej sukience bez r\u0119kaw\u00f3w w kolorze morskim"},{"@type":"BreadcrumbList","@id":"https:\/\/bialcon.pl\/blog\/sukienka-na-wesele-w-plenerze-na-co-zwracac-uwage\/#breadcrumb","itemListElement":[{"@type":"ListItem","position":1,"name":"Strona g\u0142\u00f3wna","item":"https:\/\/bialcon.pl\/blog\/"},{"@type":"ListItem","position":2,"name":"Styl \u017bycia","item":"https:\/\/bialcon.pl\/blog\/styl-zycia\/"},{"@type":"ListItem","position":3,"name":"Sukienka na wesele w plenerze \u2013 na co zwraca\u0107 uwag\u0119?"}]},{"@type":"WebSite","@id":"https:\/\/bialcon.pl\/blog\/#website","url":"https:\/\/bialcon.pl\/blog\/","name":"bialcon.pl\/blog\/","description":"Fashion Blog w zasi\u0119gu Twojej r\u0119ki","potentialAction":[{"@type":"SearchAction","target":{"@type":"EntryPoint","urlTemplate":"https:\/\/bialcon.pl\/blog\/?s={search_term_string}"},"query-input":{"@type":"PropertyValueSpecification","valueRequired":true,"valueName":"search_term_string"}}],"inLanguage":"pl-PL"},{"@type":"Person","@id":"https:\/\/bialcon.pl\/blog\/#\/schema\/person\/cbbe4ae2297c5abd7376399985d5fabb","name":"Ma\u0142gorzata Brzezi\u0144ska","image":{"@type":"ImageObject","inLanguage":"pl-PL","@id":"https:\/\/secure.gravatar.com\/avatar\/3fc4a4cdba63586f503a5c5711e9b04d01ab1234b186b03e727ad902b6f4912d?s=96&d=mm&r=g","url":"https:\/\/secure.gravatar.com\/avatar\/3fc4a4cdba63586f503a5c5711e9b04d01ab1234b186b03e727ad902b6f4912d?s=96&d=mm&r=g","contentUrl":"https:\/\/secure.gravatar.com\/avatar\/3fc4a4cdba63586f503a5c5711e9b04d01ab1234b186b03e727ad902b6f4912d?s=96&d=mm&r=g","caption":"Ma\u0142gorzata Brzezi\u0144ska"},"description":"Autorka tre\u015bci z zakresu mody, urody i stylu \u017cycia. Tworzy artyku\u0142y i poradniki oparte na analizie trend\u00f3w oraz potrzeb u\u017cytkownik\u00f3w, \u0142\u0105cz\u0105c wiedz\u0119 z zakresu komunikacji marketingowej i praktyki contentowej. Specjalizuje si\u0119 w bran\u017cach fashion, beauty &amp; health oraz gourmet food, przygotowuj\u0105c tre\u015bci dopasowane do realnych sytuacji i wybor\u00f3w konsumenckich. Na co dzie\u0144 zajmuje si\u0119 r\u00f3wnie\u017c content marketingiem i SEO.","sameAs":["https:\/\/www.linkedin.com\/in\/gosia-brzezinska-827052b4\/"],"url":"https:\/\/bialcon.pl\/blog\/author\/brzezinska\/"}]}},"_links":{"self":[{"href":"https:\/\/bialcon.pl\/blog\/wp-json\/wp\/v2\/posts\/5952","targetHints":{"allow":["GET"]}}],"collection":[{"href":"https:\/\/bialcon.pl\/blog\/wp-json\/wp\/v2\/posts"}],"about":[{"href":"https:\/\/bialcon.pl\/blog\/wp-json\/wp\/v2\/types\/post"}],"author":[{"embeddable":true,"href":"https:\/\/bialcon.pl\/blog\/wp-json\/wp\/v2\/users\/10"}],"replies":[{"embeddable":true,"href":"https:\/\/bialcon.pl\/blog\/wp-json\/wp\/v2\/comments?post=5952"}],"version-history":[{"count":8,"href":"https:\/\/bialcon.pl\/blog\/wp-json\/wp\/v2\/posts\/5952\/revisions"}],"predecessor-version":[{"id":11421,"href":"https:\/\/bialcon.pl\/blog\/wp-json\/wp\/v2\/posts\/5952\/revisions\/11421"}],"wp:featuredmedia":[{"embeddable":true,"href":"https:\/\/bialcon.pl\/blog\/wp-json\/wp\/v2\/media\/5978"}],"wp:attachment":[{"href":"https:\/\/bialcon.pl\/blog\/wp-json\/wp\/v2\/media?parent=5952"}],"wp:term":[{"taxonomy":"category","embeddable":true,"href":"https:\/\/bialcon.pl\/blog\/wp-json\/wp\/v2\/categories?post=5952"},{"taxonomy":"post_tag","embeddable":true,"href":"https:\/\/bialcon.pl\/blog\/wp-json\/wp\/v2\/tags?post=5952"}],"curies":[{"name":"wp","href":"https:\/\/api.w.org\/{rel}","templated":true}]}}