{"id":5318,"date":"2022-06-07T09:11:00","date_gmt":"2022-06-07T07:11:00","guid":{"rendered":"https:\/\/blog.bialcon.pl\/?p=5318"},"modified":"2025-11-24T09:14:24","modified_gmt":"2025-11-24T08:14:24","slug":"len-podstawa-letniej-garderoby","status":"publish","type":"post","link":"https:\/\/bialcon.pl\/blog\/len-podstawa-letniej-garderoby\/","title":{"rendered":"Len \u2013 podstawa letniej garderoby"},"content":{"rendered":"<div id=\"ez-toc-container\" class=\"ez-toc-v2_0_82_2 counter-hierarchy ez-toc-counter ez-toc-custom ez-toc-container-direction\">\n<div class=\"ez-toc-title-container\"><p class=\"ez-toc-title\" style=\"cursor:inherit\">Spis Tre\u015bci<\/p>\n<\/div><nav><ul class='ez-toc-list ez-toc-list-level-1 ' ><li class='ez-toc-page-1 ez-toc-heading-level-2'><a class=\"ez-toc-link ez-toc-heading-1\" href=\"https:\/\/bialcon.pl\/blog\/len-podstawa-letniej-garderoby\/#Len_%E2%80%93_dluga_historia_w_skrocie\" >Len \u2013 d\u0142uga historia w skr\u00f3cie<\/a><\/li><li class='ez-toc-page-1 ez-toc-heading-level-2'><a class=\"ez-toc-link ez-toc-heading-2\" href=\"https:\/\/bialcon.pl\/blog\/len-podstawa-letniej-garderoby\/#Lniane_sukienki_%E2%80%93_pomysl_na_wakacyjna_stylizacje\" >Lniane sukienki \u2013 pomys\u0142 na wakacyjn\u0105 stylizacj\u0119<\/a><\/li><li class='ez-toc-page-1 ez-toc-heading-level-2'><a class=\"ez-toc-link ez-toc-heading-3\" href=\"https:\/\/bialcon.pl\/blog\/len-podstawa-letniej-garderoby\/#Tunika_%E2%80%93_goracy_hit_lata\" >Tunika \u2013 gor\u0105cy hit lata<\/a><\/li><\/ul><\/nav><\/div>\n\n<p><strong>Czy latem, nawet w najwi\u0119ksze upa\u0142y, mo\u017cna wygl\u0105da\u0107 elegancko, czu\u0107 przyjemne, delikatne och\u0142odzenie i si\u0119 nie poci\u0107? Oczywi\u015bcie, wystarczy za\u0142o\u017cy\u0107 ubrania uszyte z lnu. Lniane sukienki i tuniki zapewni\u0105 nam komfort i stylowy wygl\u0105d przez ca\u0142e wakacje.<\/strong><\/p>\n\n\n\n<p>Len to tkanina wyj\u0105tkowa pod wieloma wzgl\u0119dami. Przede wszystkim jest bardzo wytrzyma\u0142a, nie b\u0119dzie si\u0119 szybko przeciera\u0107, rozci\u0105ga\u0107. Wi\u0119c zakup lnianych ubra\u0144 to inwestycja na wi\u0119cej ni\u017c jeden sezon. Jako tkanina naturalna, len ma w\u0142a\u015bciwo\u015bci antybakteryjne, hypoalergiczne i \u015bwietnie wch\u0142ania wilgo\u0107. Jest wi\u0119c zdrowym materia\u0142em dla naszej sk\u00f3ry, gdy nosimy lniane rzeczy, jeste\u015bmy mniej nara\u017ceni na podra\u017cnienia sk\u00f3ry, odparzenia \u2013 o kt\u00f3re nietrudno latem. Poza tym przepuszcza powietrze, pozwala sk\u00f3rze oddycha\u0107, nie tylko zapobiega nadmiernemu poceniu, ale tak\u017ce lekko ch\u0142odzi. W odr\u00f3\u017cnieniu od sztucznych tkanin, w kt\u00f3rych b\u0119dzie nam tylko bardziej gor\u0105co, len przyniesie nam poczucie ulgi. Poza tym lniane sukienki wyr\u00f3\u017cniaj\u0105 si\u0119 klasyczn\u0105 elegancj\u0105.<\/p>\n\n\n\n<h2 class=\"wp-block-heading\"><span class=\"ez-toc-section\" id=\"Len_%E2%80%93_dluga_historia_w_skrocie\"><\/span><strong>Len \u2013 d\u0142uga historia w skr\u00f3cie<\/strong><span class=\"ez-toc-section-end\"><\/span><\/h2>\n\n\n\n<p>Len towarzyszy nam od dawna, jest to jedna z najstarszych tkanin. Jego zalety dostrzegli ju\u017c staro\u017cytni Egipcjanie. U\u017cywano go nawet jako \u015brodka p\u0142atniczego w transakcjach handlowych. Cieszy\u0142 si\u0119 tak\u017ce du\u017cym popytem w Staro\u017cytnym Rzymie. Pocz\u0105tkowo wykorzystywano len do szycia obrus\u00f3w i tkanin dekoracyjnych, gdy\u017c by\u0142 pozyskiwany bardzo sztywny materia\u0142, dopiero z czasem i rozwojem technik nauczono si\u0119 wytwarza\u0107 bardziej delikatn\u0105 tkanin\u0119. W przesz\u0142o\u015bci len by\u0142 bardzo drogi, na jego zakup mogli sobie pozwoli\u0107 tylko osoby o wy\u017cszym statusie finansowym. Dzi\u015b, chocia\u017c nadal nie nale\u017cy do najta\u0144szych, jest bardziej dost\u0119pny.<\/p>\n\n\n\n<h2 class=\"wp-block-heading\"><span class=\"ez-toc-section\" id=\"Lniane_sukienki_%E2%80%93_pomysl_na_wakacyjna_stylizacje\"><\/span><strong>Lniane sukienki \u2013 pomys\u0142 na wakacyjn\u0105 stylizacj\u0119<\/strong><span class=\"ez-toc-section-end\"><\/span><\/h2>\n\n\n\n<p>Planuj\u0105c letni\u0105 garderob\u0119, nie mo\u017cemy zapomnie\u0107 o&nbsp; <strong><a href=\"https:\/\/bialcon.pl\/odziez\/sukienki\/sukienki-lniane\" target=\"_blank\" rel=\"noreferrer noopener\">sukienkach uszytych z lnu<\/a><\/strong>. Klasyczny wyb\u00f3r to<strong> <a href=\"https:\/\/bialcon.pl\/odziez\/sukienki\/sukienki-lniane\" target=\"_blank\" rel=\"noreferrer noopener\">lniana sukienka<\/a><\/strong> w jasnym kolorze \u2013 lekka, przewiewna i lu\u017ana. Wr\u0119cz stworzone na lato s\u0105 modele z motywem florystycznym. Bia\u0142a sukienka z delikatnym printem w czarne kwiaty to bezpieczny, ale tak\u017ce elegancki i uniwersalny wyb\u00f3r na lato. Fason o rozkloszowanym dole, z zaznaczon\u0105 tali\u0105, zaakcentowan\u0105 dekoracyjnymi guzikami oraz z dopasowan\u0105 g\u00f3r\u0105 z dekoltem w kszta\u0142cie litery V mo\u017cna poleci\u0107 kobietom, kt\u00f3re maj\u0105 figur\u0119 typu klepsydra lub gruszka. W takiej sukience ich sylwetki b\u0119d\u0105 idealnie zbalansowane, a wszelkie atuty zostan\u0105 podkre\u015blone. To bardzo kobiecy fason.<\/p>\n\n\n\n<p>Panie, kt\u00f3re nie maj\u0105 wyra\u017anego wci\u0119cia w tali, a jednocze\u015bnie pragn\u0105 zatuszowa\u0107 wystaj\u0105cy brzuch lub szerokie biodra, masywne uda, b\u0119d\u0105 zadowolone z lnianej sukienki, kt\u00f3ra ma marszczony, lu\u017any d\u00f3\u0142. Przy czym marszczenia zaczynaj\u0105 si\u0119 na poziomie pasa, a nie bioder, dzi\u0119ki temu mamy zapewniony efekt wyszczuplenia.<\/p>\n\n\n\n<p>Dla pa\u0144, kt\u00f3rych kszta\u0142t sylwetki przypomina jab\u0142ko, czyli rozbudowane \u015brodkowa cz\u0119\u015b\u0107 korpusu, a r\u0119ce i nogi s\u0105 szczup\u0142e, warto poleci\u0107 lnian\u0105 sukienk\u0119 o <strong><a href=\"https:\/\/bialcon.pl\/odziez\/sukienki\/sukienki-lniane\">fasonie trapezowym<\/a><\/strong>. Elegancki wz\u00f3r w zebr\u0119, efektowne sznurowanie przyci\u0105gaj\u0105ce uwag\u0119 na dekolt i d\u0142ugo\u015b\u0107 przed kolano eksponuj\u0105ca nogi \u2013 to pomys\u0142 na stylizacj\u0119 na wiecz\u00f3r lub dzie\u0144, w zale\u017cno\u015bci jakie dodatki dobierzemy, by nada\u0107 ca\u0142o\u015bci odpowiedni charakter.<\/p>\n\n\n\r\n<div class=\"product-block-container swiper mySwiperProductBlock\">\r\n    <div class=\"product-block-swiper swiper-wrapper\">\r\n                    <div class=\"swiper-slide product-block-item\" data-id=\"147636\">\r\n                <a href=\"https:\/\/bialcon.pl\/brokatowa-zlota-sukienka-o-klasycznym-kroju?utm_source=blog&utm_medium=stylzycia&utm_campaign=070622\" class=\"product-block-url\" target=\"_blank\">\r\n                    <div class=\"product-block-image\">\r\n                        <img decoding=\"async\" width=\"300\" height=\"400\" src=\"https:\/\/bialcon.pl\/picture\/brokatowa-zlota-sukienka-o-klasycznym-kroju.jpg\" alt=\"Brokatowa z\u0142ota sukienka o klasycznym kroju\">\r\n                    <\/div>\r\n                    <div class=\"product-block-name\">\r\n                        <p>Brokatowa z\u0142ota sukienka o klasycznym kroju<\/p>\r\n                    <\/div>\r\n                <\/a>\r\n            <\/div>\r\n                    <div class=\"swiper-slide product-block-item\" data-id=\"147561\">\r\n                <a href=\"https:\/\/bialcon.pl\/bezowa-sukienka-midi-z-lnem-o-fasonie-bombki?utm_source=blog&utm_medium=stylzycia&utm_campaign=070622\" class=\"product-block-url\" target=\"_blank\">\r\n                    <div class=\"product-block-image\">\r\n                        <img decoding=\"async\" width=\"300\" height=\"400\" src=\"https:\/\/bialcon.pl\/picture\/bezowa-sukienka-midi-z-lnem-o-fasonie-bombki_1.jpg\" alt=\"Be\u017cowa sukienka midi z lnem o fasonie bombki\">\r\n                    <\/div>\r\n                    <div class=\"product-block-name\">\r\n                        <p>Be\u017cowa sukienka midi z lnem o fasonie bombki<\/p>\r\n                    <\/div>\r\n                <\/a>\r\n            <\/div>\r\n                    <div class=\"swiper-slide product-block-item\" data-id=\"146147\">\r\n                <a href=\"https:\/\/bialcon.pl\/oliwkowy-kombinezon-z-mieszanki-lnu-i-wiskozy?utm_source=blog&utm_medium=stylzycia&utm_campaign=070622\" class=\"product-block-url\" target=\"_blank\">\r\n                    <div class=\"product-block-image\">\r\n                        <img decoding=\"async\" width=\"300\" height=\"400\" src=\"https:\/\/bialcon.pl\/picture\/oliwkowy-kombinezon-z-mieszanki-lnu-i-wiskozy_1.jpg\" alt=\"Oliwkowy kombinezon z mieszanki lnu i wiskozy\">\r\n                    <\/div>\r\n                    <div class=\"product-block-name\">\r\n                        <p>Oliwkowy kombinezon z mieszanki lnu i wiskozy<\/p>\r\n                    <\/div>\r\n                <\/a>\r\n            <\/div>\r\n            <\/div>\r\n<\/div>\r\n\n\n\n\n<h2 class=\"wp-block-heading\"><span class=\"ez-toc-section\" id=\"Tunika_%E2%80%93_goracy_hit_lata\"><\/span><strong>Tunika \u2013 gor\u0105cy hit lata<\/strong><span class=\"ez-toc-section-end\"><\/span><\/h2>\n\n\n\n<p>Tunika to wspania\u0142a alternatywa do sukienki, w zale\u017cno\u015bci od d\u0142ugo\u015bci mo\u017cemy j\u0105 nosi\u0107 na go\u0142e nogi lub do spodni, legins\u00f3w. Jej prosty fason jest jednocze\u015bnie bardzo uniwersalny i zapewnia wiele mo\u017cliwo\u015bci stylizacyjnych. Wakacje kochaj\u0105 kolory, to czas, kiedy s\u0142o\u0144ce mocno grzeje i zalewa nas pi\u0119knym \u015bwiat\u0142em, sk\u00f3ra jest bardzie opalona, a wi\u0119c mo\u017cemy sobie pozwoli\u0107 na bardziej o\u017cywione barwy. Fankom wzor\u00f3w z pewno\u015bci\u0105 spodoba si\u0119 <strong><a href=\"https:\/\/bialcon.pl\/odziez\/tuniki\" target=\"_blank\" rel=\"noreferrer noopener\">tunika<\/a> <\/strong>o fasonie typu kimono, z pi\u0119knym wzorem i efektownymi tasiemkami. Kr\u00f3j jest lu\u017any wi\u0119c zapewnia swobod\u0119 ruch\u00f3w i komfort noszenia.<\/p>\n\n\n\n<p><a href=\"https:\/\/bialcon.pl\/odziez\/tuniki\/tuniki-eleganckie\" target=\"_blank\" rel=\"noreferrer noopener\">Elegancka tunika<\/a> mo\u017ce nam zast\u0105pi\u0107 nie tylko sukienk\u0119, ale tak\u017ce bluzk\u0119. Niebanalnym wyborem jest kr\u00f3tka tunika bez r\u0119kaw\u00f3w z wci\u0119ciem w talii i oryginalnym wi\u0105zaniem z boku. Dla wszystkich sceptyczek, kt\u00f3re obawiaj\u0105 si\u0119, \u017ce prosty fason tuniki mo\u017ce wprowadzi\u0107 do naszej szafy nud\u0119 i jednostajno\u015b\u0107, jest to najlepszy dow\u00f3d, \u017ce tunika nigdy nam si\u0119 znudzi.<\/p>\n\n\n\r\n<div class=\"product-block-container swiper mySwiperProductBlock\">\r\n    <div class=\"product-block-swiper swiper-wrapper\">\r\n                    <div class=\"swiper-slide product-block-item\" data-id=\"147650\">\r\n                <a href=\"https:\/\/bialcon.pl\/przewiewna-bluzka-ecu-w-granatowe-kwiaty?utm_source=blog&utm_medium=stylzycia&utm_campaign=070622\" class=\"product-block-url\" target=\"_blank\">\r\n                    <div class=\"product-block-image\">\r\n                        <img decoding=\"async\" width=\"300\" height=\"400\" src=\"https:\/\/bialcon.pl\/picture\/przewiewna-bluzka-ecu-w-granatowe-kwiaty_2.jpg\" alt=\"Przewiewna bluzka ecu w granatowe kwiaty\">\r\n                    <\/div>\r\n                    <div class=\"product-block-name\">\r\n                        <p>Przewiewna bluzka ecu w granatowe kwiaty<\/p>\r\n                    <\/div>\r\n                <\/a>\r\n            <\/div>\r\n                    <div class=\"swiper-slide product-block-item\" data-id=\"147241\">\r\n                <a href=\"https:\/\/bialcon.pl\/satynowa-dluga-bluzka-z-szerokim-rekawem?utm_source=blog&utm_medium=stylzycia&utm_campaign=070622\" class=\"product-block-url\" target=\"_blank\">\r\n                    <div class=\"product-block-image\">\r\n                        <img decoding=\"async\" width=\"300\" height=\"400\" src=\"https:\/\/bialcon.pl\/picture\/satynowa-dluga-bluzka-z-szerokim-rekawem_3.jpg\" alt=\"Satynowa d\u0142uga bluzka z szerokim r\u0119kawem\">\r\n                    <\/div>\r\n                    <div class=\"product-block-name\">\r\n                        <p>Satynowa d\u0142uga bluzka z szerokim r\u0119kawem<\/p>\r\n                    <\/div>\r\n                <\/a>\r\n            <\/div>\r\n                    <div class=\"swiper-slide product-block-item\" data-id=\"147212\">\r\n                <a href=\"https:\/\/bialcon.pl\/dluga-zielona-tunika-o-prostym-fasonie?utm_source=blog&utm_medium=stylzycia&utm_campaign=070622\" class=\"product-block-url\" target=\"_blank\">\r\n                    <div class=\"product-block-image\">\r\n                        <img decoding=\"async\" width=\"300\" height=\"400\" src=\"https:\/\/bialcon.pl\/picture\/dluga-zielona-tunika-o-prostym-fasonie_1.jpg\" alt=\"D\u0142uga zielona tunika o prostym fasonie\">\r\n                    <\/div>\r\n                    <div class=\"product-block-name\">\r\n                        <p>D\u0142uga zielona tunika o prostym fasonie<\/p>\r\n                    <\/div>\r\n                <\/a>\r\n            <\/div>\r\n            <\/div>\r\n<\/div>\r\n\n\n\n\n<p>Zwolenniczki sportowej elegancji b\u0119d\u0105 si\u0119 \u015bwietnie czu\u0142y w d\u0142u\u017cszych lu\u017anych fasonach si\u0119gaj\u0105cych przed kolano. Wz\u00f3r w paski i doszyty kaptur sprawiaj\u0105, \u017ce taka tunika \u015bwietnie wpisuje si\u0119 w styl casualowy. Mo\u017cemy j\u0105 nosi\u0107 do biura, na spacery. Dobrze si\u0119 sprawdzi, gdy zale\u017cy nam na elegancji, ale w bardziej swobodnym i nieformalnym wydaniu. Mo\u017cemy j\u0105 nosi\u0107 do d\u017cins\u00f3w lub leggins\u00f3w albo w\u0105skich spodni typu cygaretki.<\/p>\n","protected":false},"excerpt":{"rendered":"<p>Czy latem, nawet w najwi\u0119ksze upa\u0142y, mo\u017cna wygl\u0105da\u0107 elegancko, czu\u0107 przyjemne, delikatne och\u0142odzenie i si\u0119 nie poci\u0107? Oczywi\u015bcie, wystarczy za\u0142o\u017cy\u0107 ubrania uszyte z lnu. Lniane sukienki i tuniki zapewni\u0105 nam komfort i stylowy wygl\u0105d przez ca\u0142e wakacje. Len to tkanina wyj\u0105tkowa pod wieloma wzgl\u0119dami. Przede wszystkim jest bardzo wytrzyma\u0142a, nie b\u0119dzie si\u0119 szybko przeciera\u0107, rozci\u0105ga\u0107. [&hellip;]<\/p>\n","protected":false},"author":10,"featured_media":12582,"comment_status":"closed","ping_status":"open","sticky":false,"template":"","format":"standard","meta":{"_acf_changed":false,"site-sidebar-layout":"default","site-content-layout":"","ast-site-content-layout":"default","site-content-style":"default","site-sidebar-style":"default","ast-global-header-display":"","ast-banner-title-visibility":"","ast-main-header-display":"","ast-hfb-above-header-display":"","ast-hfb-below-header-display":"","ast-hfb-mobile-header-display":"","site-post-title":"","ast-breadcrumbs-content":"","ast-featured-img":"","footer-sml-layout":"","theme-transparent-header-meta":"","adv-header-id-meta":"","stick-header-meta":"","header-above-stick-meta":"","header-main-stick-meta":"","header-below-stick-meta":"","astra-migrate-meta-layouts":"set","ast-page-background-enabled":"default","ast-page-background-meta":{"desktop":{"background-color":"","background-image":"","background-repeat":"repeat","background-position":"center center","background-size":"auto","background-attachment":"scroll","background-type":"","background-media":"","overlay-type":"","overlay-color":"","overlay-opacity":"","overlay-gradient":""},"tablet":{"background-color":"","background-image":"","background-repeat":"repeat","background-position":"center center","background-size":"auto","background-attachment":"scroll","background-type":"","background-media":"","overlay-type":"","overlay-color":"","overlay-opacity":"","overlay-gradient":""},"mobile":{"background-color":"","background-image":"","background-repeat":"repeat","background-position":"center center","background-size":"auto","background-attachment":"scroll","background-type":"","background-media":"","overlay-type":"","overlay-color":"","overlay-opacity":"","overlay-gradient":""}},"ast-content-background-meta":{"desktop":{"background-color":"var(--ast-global-color-5)","background-image":"","background-repeat":"repeat","background-position":"center center","background-size":"auto","background-attachment":"scroll","background-type":"","background-media":"","overlay-type":"","overlay-color":"","overlay-opacity":"","overlay-gradient":""},"tablet":{"background-color":"var(--ast-global-color-5)","background-image":"","background-repeat":"repeat","background-position":"center center","background-size":"auto","background-attachment":"scroll","background-type":"","background-media":"","overlay-type":"","overlay-color":"","overlay-opacity":"","overlay-gradient":""},"mobile":{"background-color":"var(--ast-global-color-5)","background-image":"","background-repeat":"repeat","background-position":"center center","background-size":"auto","background-attachment":"scroll","background-type":"","background-media":"","overlay-type":"","overlay-color":"","overlay-opacity":"","overlay-gradient":""}},"footnotes":""},"categories":[1,14],"tags":[],"class_list":["post-5318","post","type-post","status-publish","format-standard","has-post-thumbnail","hentry","category-styl-zycia","category-wszystkie-wpisy"],"acf":[],"yoast_head":"<!-- This site is optimized with the Yoast SEO plugin v27.4 - https:\/\/yoast.com\/product\/yoast-seo-wordpress\/ -->\n<title>Len \u2013 podstawa letniej garderoby - Bialcon<\/title>\n<meta name=\"description\" content=\"Czy latem, nawet w najwi\u0119ksze upa\u0142y, mo\u017cna wygl\u0105da\u0107 elegancko i wygodnie? Oczywi\u015bcie, wystarczy za\u0142o\u017cy\u0107 ubrania uszyte z lnu!\" \/>\n<meta name=\"robots\" content=\"index, follow, max-snippet:-1, max-image-preview:large, max-video-preview:-1\" \/>\n<link rel=\"canonical\" href=\"https:\/\/bialcon.pl\/blog\/len-podstawa-letniej-garderoby\/\" \/>\n<meta name=\"twitter:label1\" content=\"Napisane przez\" \/>\n\t<meta name=\"twitter:data1\" content=\"Ma\u0142gorzata Brzezi\u0144ska\" \/>\n\t<meta name=\"twitter:label2\" content=\"Szacowany czas czytania\" \/>\n\t<meta name=\"twitter:data2\" content=\"5 minut\" \/>\n<script type=\"application\/ld+json\" class=\"yoast-schema-graph\">{\"@context\":\"https:\\\/\\\/schema.org\",\"@graph\":[{\"@type\":\"Article\",\"@id\":\"https:\\\/\\\/bialcon.pl\\\/blog\\\/len-podstawa-letniej-garderoby\\\/#article\",\"isPartOf\":{\"@id\":\"https:\\\/\\\/bialcon.pl\\\/blog\\\/len-podstawa-letniej-garderoby\\\/\"},\"author\":{\"name\":\"Ma\u0142gorzata Brzezi\u0144ska\",\"@id\":\"https:\\\/\\\/bialcon.pl\\\/blog\\\/#\\\/schema\\\/person\\\/cbbe4ae2297c5abd7376399985d5fabb\"},\"headline\":\"Len \u2013 podstawa letniej garderoby\",\"datePublished\":\"2022-06-07T07:11:00+00:00\",\"dateModified\":\"2025-11-24T08:14:24+00:00\",\"mainEntityOfPage\":{\"@id\":\"https:\\\/\\\/bialcon.pl\\\/blog\\\/len-podstawa-letniej-garderoby\\\/\"},\"wordCount\":831,\"image\":{\"@id\":\"https:\\\/\\\/bialcon.pl\\\/blog\\\/len-podstawa-letniej-garderoby\\\/#primaryimage\"},\"thumbnailUrl\":\"https:\\\/\\\/bialcon.pl\\\/blog\\\/wp-content\\\/uploads\\\/2022\\\/06\\\/Projekt-bez-nazwy-15.png\",\"articleSection\":[\"Styl \u017bycia\",\"Wszystkie wpisy\"],\"inLanguage\":\"pl-PL\"},{\"@type\":\"WebPage\",\"@id\":\"https:\\\/\\\/bialcon.pl\\\/blog\\\/len-podstawa-letniej-garderoby\\\/\",\"url\":\"https:\\\/\\\/bialcon.pl\\\/blog\\\/len-podstawa-letniej-garderoby\\\/\",\"name\":\"Len \u2013 podstawa letniej garderoby - Bialcon\",\"isPartOf\":{\"@id\":\"https:\\\/\\\/bialcon.pl\\\/blog\\\/#website\"},\"primaryImageOfPage\":{\"@id\":\"https:\\\/\\\/bialcon.pl\\\/blog\\\/len-podstawa-letniej-garderoby\\\/#primaryimage\"},\"image\":{\"@id\":\"https:\\\/\\\/bialcon.pl\\\/blog\\\/len-podstawa-letniej-garderoby\\\/#primaryimage\"},\"thumbnailUrl\":\"https:\\\/\\\/bialcon.pl\\\/blog\\\/wp-content\\\/uploads\\\/2022\\\/06\\\/Projekt-bez-nazwy-15.png\",\"datePublished\":\"2022-06-07T07:11:00+00:00\",\"dateModified\":\"2025-11-24T08:14:24+00:00\",\"author\":{\"@id\":\"https:\\\/\\\/bialcon.pl\\\/blog\\\/#\\\/schema\\\/person\\\/cbbe4ae2297c5abd7376399985d5fabb\"},\"description\":\"Czy latem, nawet w najwi\u0119ksze upa\u0142y, mo\u017cna wygl\u0105da\u0107 elegancko i wygodnie? Oczywi\u015bcie, wystarczy za\u0142o\u017cy\u0107 ubrania uszyte z lnu!\",\"breadcrumb\":{\"@id\":\"https:\\\/\\\/bialcon.pl\\\/blog\\\/len-podstawa-letniej-garderoby\\\/#breadcrumb\"},\"inLanguage\":\"pl-PL\",\"potentialAction\":[{\"@type\":\"ReadAction\",\"target\":[\"https:\\\/\\\/bialcon.pl\\\/blog\\\/len-podstawa-letniej-garderoby\\\/\"]}]},{\"@type\":\"ImageObject\",\"inLanguage\":\"pl-PL\",\"@id\":\"https:\\\/\\\/bialcon.pl\\\/blog\\\/len-podstawa-letniej-garderoby\\\/#primaryimage\",\"url\":\"https:\\\/\\\/bialcon.pl\\\/blog\\\/wp-content\\\/uploads\\\/2022\\\/06\\\/Projekt-bez-nazwy-15.png\",\"contentUrl\":\"https:\\\/\\\/bialcon.pl\\\/blog\\\/wp-content\\\/uploads\\\/2022\\\/06\\\/Projekt-bez-nazwy-15.png\",\"width\":960,\"height\":850,\"caption\":\"Wizualizacja kobiety w prostej d\u0142ugiej sukience maxi bez r\u0119kaw\u00f3w w kolorze be\u017cowym\"},{\"@type\":\"BreadcrumbList\",\"@id\":\"https:\\\/\\\/bialcon.pl\\\/blog\\\/len-podstawa-letniej-garderoby\\\/#breadcrumb\",\"itemListElement\":[{\"@type\":\"ListItem\",\"position\":1,\"name\":\"Strona g\u0142\u00f3wna\",\"item\":\"https:\\\/\\\/bialcon.pl\\\/blog\\\/\"},{\"@type\":\"ListItem\",\"position\":2,\"name\":\"Styl \u017bycia\",\"item\":\"https:\\\/\\\/bialcon.pl\\\/blog\\\/styl-zycia\\\/\"},{\"@type\":\"ListItem\",\"position\":3,\"name\":\"Len \u2013 podstawa letniej garderoby\"}]},{\"@type\":\"WebSite\",\"@id\":\"https:\\\/\\\/bialcon.pl\\\/blog\\\/#website\",\"url\":\"https:\\\/\\\/bialcon.pl\\\/blog\\\/\",\"name\":\"bialcon.pl\\\/blog\\\/\",\"description\":\"Fashion Blog w zasi\u0119gu Twojej r\u0119ki\",\"potentialAction\":[{\"@type\":\"SearchAction\",\"target\":{\"@type\":\"EntryPoint\",\"urlTemplate\":\"https:\\\/\\\/bialcon.pl\\\/blog\\\/?s={search_term_string}\"},\"query-input\":{\"@type\":\"PropertyValueSpecification\",\"valueRequired\":true,\"valueName\":\"search_term_string\"}}],\"inLanguage\":\"pl-PL\"},{\"@type\":\"Person\",\"@id\":\"https:\\\/\\\/bialcon.pl\\\/blog\\\/#\\\/schema\\\/person\\\/cbbe4ae2297c5abd7376399985d5fabb\",\"name\":\"Ma\u0142gorzata Brzezi\u0144ska\",\"image\":{\"@type\":\"ImageObject\",\"inLanguage\":\"pl-PL\",\"@id\":\"https:\\\/\\\/secure.gravatar.com\\\/avatar\\\/3fc4a4cdba63586f503a5c5711e9b04d01ab1234b186b03e727ad902b6f4912d?s=96&d=mm&r=g\",\"url\":\"https:\\\/\\\/secure.gravatar.com\\\/avatar\\\/3fc4a4cdba63586f503a5c5711e9b04d01ab1234b186b03e727ad902b6f4912d?s=96&d=mm&r=g\",\"contentUrl\":\"https:\\\/\\\/secure.gravatar.com\\\/avatar\\\/3fc4a4cdba63586f503a5c5711e9b04d01ab1234b186b03e727ad902b6f4912d?s=96&d=mm&r=g\",\"caption\":\"Ma\u0142gorzata Brzezi\u0144ska\"},\"description\":\"Autorka tre\u015bci z zakresu mody, urody i stylu \u017cycia. Tworzy artyku\u0142y i poradniki oparte na analizie trend\u00f3w oraz potrzeb u\u017cytkownik\u00f3w, \u0142\u0105cz\u0105c wiedz\u0119 z zakresu komunikacji marketingowej i praktyki contentowej. Specjalizuje si\u0119 w bran\u017cach fashion, beauty &amp; health oraz gourmet food, przygotowuj\u0105c tre\u015bci dopasowane do realnych sytuacji i wybor\u00f3w konsumenckich. Na co dzie\u0144 zajmuje si\u0119 r\u00f3wnie\u017c content marketingiem i SEO.\",\"sameAs\":[\"https:\\\/\\\/www.linkedin.com\\\/in\\\/gosia-brzezinska-827052b4\\\/\"],\"url\":\"https:\\\/\\\/bialcon.pl\\\/blog\\\/author\\\/brzezinska\\\/\"}]}<\/script>\n<!-- \/ Yoast SEO plugin. -->","yoast_head_json":{"title":"Len \u2013 podstawa letniej garderoby - Bialcon","description":"Czy latem, nawet w najwi\u0119ksze upa\u0142y, mo\u017cna wygl\u0105da\u0107 elegancko i wygodnie? Oczywi\u015bcie, wystarczy za\u0142o\u017cy\u0107 ubrania uszyte z lnu!","robots":{"index":"index","follow":"follow","max-snippet":"max-snippet:-1","max-image-preview":"max-image-preview:large","max-video-preview":"max-video-preview:-1"},"canonical":"https:\/\/bialcon.pl\/blog\/len-podstawa-letniej-garderoby\/","twitter_misc":{"Napisane przez":"Ma\u0142gorzata Brzezi\u0144ska","Szacowany czas czytania":"5 minut"},"schema":{"@context":"https:\/\/schema.org","@graph":[{"@type":"Article","@id":"https:\/\/bialcon.pl\/blog\/len-podstawa-letniej-garderoby\/#article","isPartOf":{"@id":"https:\/\/bialcon.pl\/blog\/len-podstawa-letniej-garderoby\/"},"author":{"name":"Ma\u0142gorzata Brzezi\u0144ska","@id":"https:\/\/bialcon.pl\/blog\/#\/schema\/person\/cbbe4ae2297c5abd7376399985d5fabb"},"headline":"Len \u2013 podstawa letniej garderoby","datePublished":"2022-06-07T07:11:00+00:00","dateModified":"2025-11-24T08:14:24+00:00","mainEntityOfPage":{"@id":"https:\/\/bialcon.pl\/blog\/len-podstawa-letniej-garderoby\/"},"wordCount":831,"image":{"@id":"https:\/\/bialcon.pl\/blog\/len-podstawa-letniej-garderoby\/#primaryimage"},"thumbnailUrl":"https:\/\/bialcon.pl\/blog\/wp-content\/uploads\/2022\/06\/Projekt-bez-nazwy-15.png","articleSection":["Styl \u017bycia","Wszystkie wpisy"],"inLanguage":"pl-PL"},{"@type":"WebPage","@id":"https:\/\/bialcon.pl\/blog\/len-podstawa-letniej-garderoby\/","url":"https:\/\/bialcon.pl\/blog\/len-podstawa-letniej-garderoby\/","name":"Len \u2013 podstawa letniej garderoby - Bialcon","isPartOf":{"@id":"https:\/\/bialcon.pl\/blog\/#website"},"primaryImageOfPage":{"@id":"https:\/\/bialcon.pl\/blog\/len-podstawa-letniej-garderoby\/#primaryimage"},"image":{"@id":"https:\/\/bialcon.pl\/blog\/len-podstawa-letniej-garderoby\/#primaryimage"},"thumbnailUrl":"https:\/\/bialcon.pl\/blog\/wp-content\/uploads\/2022\/06\/Projekt-bez-nazwy-15.png","datePublished":"2022-06-07T07:11:00+00:00","dateModified":"2025-11-24T08:14:24+00:00","author":{"@id":"https:\/\/bialcon.pl\/blog\/#\/schema\/person\/cbbe4ae2297c5abd7376399985d5fabb"},"description":"Czy latem, nawet w najwi\u0119ksze upa\u0142y, mo\u017cna wygl\u0105da\u0107 elegancko i wygodnie? Oczywi\u015bcie, wystarczy za\u0142o\u017cy\u0107 ubrania uszyte z lnu!","breadcrumb":{"@id":"https:\/\/bialcon.pl\/blog\/len-podstawa-letniej-garderoby\/#breadcrumb"},"inLanguage":"pl-PL","potentialAction":[{"@type":"ReadAction","target":["https:\/\/bialcon.pl\/blog\/len-podstawa-letniej-garderoby\/"]}]},{"@type":"ImageObject","inLanguage":"pl-PL","@id":"https:\/\/bialcon.pl\/blog\/len-podstawa-letniej-garderoby\/#primaryimage","url":"https:\/\/bialcon.pl\/blog\/wp-content\/uploads\/2022\/06\/Projekt-bez-nazwy-15.png","contentUrl":"https:\/\/bialcon.pl\/blog\/wp-content\/uploads\/2022\/06\/Projekt-bez-nazwy-15.png","width":960,"height":850,"caption":"Wizualizacja kobiety w prostej d\u0142ugiej sukience maxi bez r\u0119kaw\u00f3w w kolorze be\u017cowym"},{"@type":"BreadcrumbList","@id":"https:\/\/bialcon.pl\/blog\/len-podstawa-letniej-garderoby\/#breadcrumb","itemListElement":[{"@type":"ListItem","position":1,"name":"Strona g\u0142\u00f3wna","item":"https:\/\/bialcon.pl\/blog\/"},{"@type":"ListItem","position":2,"name":"Styl \u017bycia","item":"https:\/\/bialcon.pl\/blog\/styl-zycia\/"},{"@type":"ListItem","position":3,"name":"Len \u2013 podstawa letniej garderoby"}]},{"@type":"WebSite","@id":"https:\/\/bialcon.pl\/blog\/#website","url":"https:\/\/bialcon.pl\/blog\/","name":"bialcon.pl\/blog\/","description":"Fashion Blog w zasi\u0119gu Twojej r\u0119ki","potentialAction":[{"@type":"SearchAction","target":{"@type":"EntryPoint","urlTemplate":"https:\/\/bialcon.pl\/blog\/?s={search_term_string}"},"query-input":{"@type":"PropertyValueSpecification","valueRequired":true,"valueName":"search_term_string"}}],"inLanguage":"pl-PL"},{"@type":"Person","@id":"https:\/\/bialcon.pl\/blog\/#\/schema\/person\/cbbe4ae2297c5abd7376399985d5fabb","name":"Ma\u0142gorzata Brzezi\u0144ska","image":{"@type":"ImageObject","inLanguage":"pl-PL","@id":"https:\/\/secure.gravatar.com\/avatar\/3fc4a4cdba63586f503a5c5711e9b04d01ab1234b186b03e727ad902b6f4912d?s=96&d=mm&r=g","url":"https:\/\/secure.gravatar.com\/avatar\/3fc4a4cdba63586f503a5c5711e9b04d01ab1234b186b03e727ad902b6f4912d?s=96&d=mm&r=g","contentUrl":"https:\/\/secure.gravatar.com\/avatar\/3fc4a4cdba63586f503a5c5711e9b04d01ab1234b186b03e727ad902b6f4912d?s=96&d=mm&r=g","caption":"Ma\u0142gorzata Brzezi\u0144ska"},"description":"Autorka tre\u015bci z zakresu mody, urody i stylu \u017cycia. Tworzy artyku\u0142y i poradniki oparte na analizie trend\u00f3w oraz potrzeb u\u017cytkownik\u00f3w, \u0142\u0105cz\u0105c wiedz\u0119 z zakresu komunikacji marketingowej i praktyki contentowej. Specjalizuje si\u0119 w bran\u017cach fashion, beauty &amp; health oraz gourmet food, przygotowuj\u0105c tre\u015bci dopasowane do realnych sytuacji i wybor\u00f3w konsumenckich. Na co dzie\u0144 zajmuje si\u0119 r\u00f3wnie\u017c content marketingiem i SEO.","sameAs":["https:\/\/www.linkedin.com\/in\/gosia-brzezinska-827052b4\/"],"url":"https:\/\/bialcon.pl\/blog\/author\/brzezinska\/"}]}},"_links":{"self":[{"href":"https:\/\/bialcon.pl\/blog\/wp-json\/wp\/v2\/posts\/5318","targetHints":{"allow":["GET"]}}],"collection":[{"href":"https:\/\/bialcon.pl\/blog\/wp-json\/wp\/v2\/posts"}],"about":[{"href":"https:\/\/bialcon.pl\/blog\/wp-json\/wp\/v2\/types\/post"}],"author":[{"embeddable":true,"href":"https:\/\/bialcon.pl\/blog\/wp-json\/wp\/v2\/users\/10"}],"replies":[{"embeddable":true,"href":"https:\/\/bialcon.pl\/blog\/wp-json\/wp\/v2\/comments?post=5318"}],"version-history":[{"count":8,"href":"https:\/\/bialcon.pl\/blog\/wp-json\/wp\/v2\/posts\/5318\/revisions"}],"predecessor-version":[{"id":12616,"href":"https:\/\/bialcon.pl\/blog\/wp-json\/wp\/v2\/posts\/5318\/revisions\/12616"}],"wp:featuredmedia":[{"embeddable":true,"href":"https:\/\/bialcon.pl\/blog\/wp-json\/wp\/v2\/media\/12582"}],"wp:attachment":[{"href":"https:\/\/bialcon.pl\/blog\/wp-json\/wp\/v2\/media?parent=5318"}],"wp:term":[{"taxonomy":"category","embeddable":true,"href":"https:\/\/bialcon.pl\/blog\/wp-json\/wp\/v2\/categories?post=5318"},{"taxonomy":"post_tag","embeddable":true,"href":"https:\/\/bialcon.pl\/blog\/wp-json\/wp\/v2\/tags?post=5318"}],"curies":[{"name":"wp","href":"https:\/\/api.w.org\/{rel}","templated":true}]}}