{"id":5015,"date":"2022-05-12T10:25:00","date_gmt":"2022-05-12T08:25:00","guid":{"rendered":"https:\/\/blog.bialcon.pl\/?p=5015"},"modified":"2025-11-24T09:10:10","modified_gmt":"2025-11-24T08:10:10","slug":"jakie-ubrania-zabrac-na-wakacyjny-wyjazd","status":"publish","type":"post","link":"https:\/\/bialcon.pl\/blog\/jakie-ubrania-zabrac-na-wakacyjny-wyjazd\/","title":{"rendered":"Moda i wygoda \u2013 jakie ubrania zabra\u0107 na wakacyjny wyjazd?"},"content":{"rendered":"<div id=\"ez-toc-container\" class=\"ez-toc-v2_0_82_2 counter-hierarchy ez-toc-counter ez-toc-custom ez-toc-container-direction\">\n<div class=\"ez-toc-title-container\"><p class=\"ez-toc-title\" style=\"cursor:inherit\">Spis Tre\u015bci<\/p>\n<\/div><nav><ul class='ez-toc-list ez-toc-list-level-1 ' ><li class='ez-toc-page-1 ez-toc-heading-level-2'><a class=\"ez-toc-link ez-toc-heading-1\" href=\"https:\/\/bialcon.pl\/blog\/jakie-ubrania-zabrac-na-wakacyjny-wyjazd\/#Kombinezony_damskie_na_lato_%E2%80%93_polaczenie_sportu_i_szyku\" >Kombinezony damskie na lato \u2013 po\u0142\u0105czenie sportu i szyku<\/a><\/li><li class='ez-toc-page-1 ez-toc-heading-level-2'><a class=\"ez-toc-link ez-toc-heading-2\" href=\"https:\/\/bialcon.pl\/blog\/jakie-ubrania-zabrac-na-wakacyjny-wyjazd\/#Lniane_sukienki_%E2%80%93_naturalnie_i_elegancko\" >Lniane sukienki \u2013 naturalnie i elegancko<\/a><\/li><li class='ez-toc-page-1 ez-toc-heading-level-2'><a class=\"ez-toc-link ez-toc-heading-3\" href=\"https:\/\/bialcon.pl\/blog\/jakie-ubrania-zabrac-na-wakacyjny-wyjazd\/#Zwiewne_sukienki_%E2%80%93_tanecznym_krokiem_przez_lato\" >Zwiewne sukienki \u2013 tanecznym krokiem przez lato<\/a><\/li><li class='ez-toc-page-1 ez-toc-heading-level-2'><a class=\"ez-toc-link ez-toc-heading-4\" href=\"https:\/\/bialcon.pl\/blog\/jakie-ubrania-zabrac-na-wakacyjny-wyjazd\/#Tunika_%E2%80%93_krotko_i_na_temat\" >Tunika \u2013 kr\u00f3tko i na temat<\/a><\/li><\/ul><\/nav><\/div>\n\n<p><strong>Na wakacyjny wyjazd czekamy ca\u0142y rok z ut\u0119sknieniem. Wreszcie mo\u017cemy si\u0119 cieszy\u0107 s\u0142o\u0144cem i pi\u0119kn\u0105 pogod\u0105. Mamy czas dla siebie i swoje pasje. Urlop to okres, kiedy wrzucamy na luz, ale nawet wtedy chcemy dobrze wygl\u0105da\u0107. Podpowiadamy, co zapakowa\u0107 do walizki, by \u0142atwo stworzy\u0107 efektowny wakacyjny look.<\/strong><\/p>\n\n\n\n<p>Wakacyjna garderoba musi si\u0119 zapewnia\u0107 nam wygod\u0119, swobod\u0119 ruch\u00f3w, luz, ch\u0142\u00f3d a jednocze\u015bnie dobry wygl\u0105d. Dlatego, dobrym pomys\u0142em jest wyb\u00f3r naturalnych tkanin, lu\u017aniejszych fason\u00f3w i jasnych kolor\u00f3w. Latem ulice staj\u0105 si\u0119 bardziej kolorowe, bo s\u0142o\u0144ce sprawia, \u017ce ch\u0119tniej si\u0119gamy po soczyste kolory, bardziej wyraziste wzory i kontrasty. Wyci\u0105gamy z szafy ukochane <strong><a href=\"https:\/\/bialcon.pl\/odziez\/sukienki\/sukienki-zwiewne\" target=\"_blank\" rel=\"noreferrer noopener\">zwiewne sukienki<\/a> <\/strong>o d\u0142ugo\u015bci maxi, kt\u00f3re czeka\u0142y na swoj\u0105 kolej przez ca\u0142y rok. Wakacyjna moda rz\u0105dzi si\u0119 swoimi prawami i co roku pojawiaj\u0105 si\u0119 nowe trendy na lato, lecz jest kilka stylowych i wygodnych ubra\u0144, kt\u00f3re powinny znale\u017a\u0107 si\u0119 w naszej walizce, gdy wybieramy si\u0119 na urlop.<\/p>\n\n\n\n<h2 class=\"wp-block-heading\"><span class=\"ez-toc-section\" id=\"Kombinezony_damskie_na_lato_%E2%80%93_polaczenie_sportu_i_szyku\"><\/span><strong>Kombinezony damskie na lato \u2013 po\u0142\u0105czenie sportu i szyku<\/strong><span class=\"ez-toc-section-end\"><\/span><\/h2>\n\n\n\n<p><strong><br><\/strong>Podr\u00f3\u017c samolotem, przesiadki na lotnisku, d\u0142uga jazda samochodem \u2013 na te okazje potrzebujemy komfortu i ubra\u0144, w kt\u00f3rych mo\u017cemy si\u0119 swobodnie czu\u0107, rusza\u0107, nie martwi\u0105c si\u0119 o to, \u017ce tkanina si\u0119 pomnie. W czasie podr\u00f3\u017cy stawiamy przewa\u017cnie na wygod\u0119, a nie na styl, lecz wcale nie musimy wybiera\u0107 mi\u0119dzy tymi dwoma cechami.<strong> <a href=\"https:\/\/bialcon.pl\/odziez\/kombinezony-damskie\/kombinezony-na-lato\" target=\"_blank\" rel=\"noreferrer noopener\">Kombinezon damski<\/a> <\/strong>na lato to idealne rozwi\u0105zanie, by podr\u00f3\u017cowa\u0107 komfortowo i w dobrym stylu. Po\u0142\u0105czenie topu i spodni pozwala nam pi\u0119knie wyeksponowa\u0107 sylwetk\u0119, a jednocze\u015bnie mo\u017cemy znale\u017a\u0107 fason, kt\u00f3ry zakryje szerokie biodra lub wypuk\u0142y brzuch, a przy tym \u201ezrobi\u201d nam tali\u0119. Jest to szczeg\u00f3lnie pomocne dla kobiet, kt\u00f3re maja figur\u0119 gruszki, w\u00f3wczas odpowiedni b\u0119dzie te\u017c kr\u00f3j, w kt\u00f3rym nogawki na udach nie s\u0105 zbyt obcis\u0142e. Szczup\u0142e i wysokie panie b\u0119d\u0105 prezentowa\u0142y si\u0119 bardzo elegancko w szerokich nogawkach z lej\u0105cych materia\u0142\u00f3w.<strong> <a href=\"https:\/\/bialcon.pl\/odziez\/kombinezony-damskie\/kombinezony-na-lato\" target=\"_blank\" rel=\"noreferrer noopener\">Kombinezon damski <\/a><\/strong><a href=\"https:\/\/bialcon.pl\/odziez\/kombinezony-damskie\/kombinezony-na-lato\" target=\"_blank\" rel=\"noreferrer noopener\"><strong>na lato<\/strong><\/a> pozwala szybko stworzy\u0107 wakacyjn\u0105 i kobiec\u0105 stylizacj\u0119. Na urlop warto wybra\u0107 model w \u017cywych, soczystych kolorach i kwiecistych, lecz geometrycznych wzorach lub print boho. Na wiecz\u00f3r lub specjalne okazje, gdy chcemy wygl\u0105da\u0107 wyj\u0105tkowo, \u015bwietnie sprawdzi si\u0119 <a href=\"https:\/\/bialcon.pl\/odziez\/kombinezony-damskie\/kombinezony-na-lato\" target=\"_blank\" rel=\"noreferrer noopener\"><strong>kombinezon damski<\/strong><\/a> z dekoltem na plecach \u2013 b\u0119dzie to bardziej nieoczywista i subtelna stylizacja ni\u017c typowa ma\u0142a czarna.<\/p>\n\n\n\r\n<div class=\"product-block-container swiper mySwiperProductBlock\">\r\n    <div class=\"product-block-swiper swiper-wrapper\">\r\n                    <div class=\"swiper-slide product-block-item\" data-id=\"147743\">\r\n                <a href=\"https:\/\/bialcon.pl\/wiskozowy-kolorowy-kombinezon-z-krotkim-rekawem?utm_source=blog&utm_medium=wyprzedaz&utm_campaign=120522\" class=\"product-block-url\" target=\"_blank\">\r\n                    <div class=\"product-block-image\">\r\n                        <img decoding=\"async\" width=\"300\" height=\"400\" src=\"https:\/\/bialcon.pl\/picture\/wiskozowy-kolorowy-kombinezon-z-krotkim-rekawem.jpg\" alt=\"Wiskozowy kolorowy kombinezon z kr\u00f3tkim r\u0119kawem\">\r\n                    <\/div>\r\n                    <div class=\"product-block-name\">\r\n                        <p>Wiskozowy kolorowy kombinezon z kr\u00f3tkim r\u0119kawem<\/p>\r\n                    <\/div>\r\n                <\/a>\r\n            <\/div>\r\n                    <div class=\"swiper-slide product-block-item\" data-id=\"147486\">\r\n                <a href=\"https:\/\/bialcon.pl\/szykowny-dlugi-kombinezon-ecru-z-kwiatami-3d?utm_source=blog&utm_medium=wyprzedaz&utm_campaign=120522\" class=\"product-block-url\" target=\"_blank\">\r\n                    <div class=\"product-block-image\">\r\n                        <img decoding=\"async\" width=\"300\" height=\"400\" src=\"https:\/\/bialcon.pl\/picture\/szykowny-dlugi-kombinezon-ecru-z-kwiatami-3d_1.jpg\" alt=\"Szykowny d\u0142ugi kombinezon ecru z kwiatami 3D\">\r\n                    <\/div>\r\n                    <div class=\"product-block-name\">\r\n                        <p>Szykowny d\u0142ugi kombinezon ecru z kwiatami 3D<\/p>\r\n                    <\/div>\r\n                <\/a>\r\n            <\/div>\r\n                    <div class=\"swiper-slide product-block-item\" data-id=\"146999\">\r\n                <a href=\"https:\/\/bialcon.pl\/zwiewny-bordowy-kombinezon-z-elastyczna-talia-i-kopertowym-dekoltem?utm_source=blog&utm_medium=wyprzedaz&utm_campaign=120522\" class=\"product-block-url\" target=\"_blank\">\r\n                    <div class=\"product-block-image\">\r\n                        <img decoding=\"async\" width=\"300\" height=\"400\" src=\"https:\/\/bialcon.pl\/picture\/zwiewny-bordowy-kombinezon-z-elastyczna-talia-i-kopertowym-dekoltem_1.jpg\" alt=\"Zwiewny bordowy kombinezon z elastyczn\u0105 tali\u0105 i kopertowym dekoltem\">\r\n                    <\/div>\r\n                    <div class=\"product-block-name\">\r\n                        <p>Zwiewny bordowy kombinezon z elastyczn\u0105 tali\u0105 i kopertowym dekoltem<\/p>\r\n                    <\/div>\r\n                <\/a>\r\n            <\/div>\r\n            <\/div>\r\n<\/div>\r\n\n\n\n\n<h2 class=\"wp-block-heading\"><span class=\"ez-toc-section\" id=\"Lniane_sukienki_%E2%80%93_naturalnie_i_elegancko\"><\/span><strong>Lniane sukienki \u2013 naturalnie i elegancko<\/strong><span class=\"ez-toc-section-end\"><\/span><\/h2>\n\n\n\n<p>Len to tkanina, kt\u00f3ra nieodzownie kojarzy si\u0119 z latem, a szczeg\u00f3lnie ze stylem safari \u2013 koszule khaki, lu\u017ane, jasne spodnie z kieszeniami. A gdy chcemy wygl\u0105da\u0107 kobieco nawet w najwi\u0119ksze upa\u0142y, w\u00f3wczas naszym wybawieniem s\u0105<strong> <a href=\"https:\/\/bialcon.pl\/odziez\/sukienki\/sukienki-lniane\" target=\"_blank\" rel=\"noreferrer noopener\">lniane sukienki<\/a><\/strong>. Uszyte s\u0105 z materia\u0142u, kt\u00f3ry przepuszcza powietrze, pozwala wi\u0119c sk\u00f3rze oddycha\u0107. Len jest naturalny, dobrze wch\u0142ania wilgo\u0107, przez co nie pocimy si\u0119 nadmiernie, nawet w upa\u0142y. Chocia\u017c ta tkanina kojarzy nam si\u0119 raczej ze stonowanymi odcieniami, latem warto za\u0142o\u017cy\u0107 <a href=\"https:\/\/bialcon.pl\/odziez\/sukienki\/sukienki-lniane\" target=\"_blank\" rel=\"noreferrer noopener\"><strong>lniane sukienki<\/strong><\/a> w soczystych, nasyconych barwach, w\u0142a\u015bnie w czasie wakacji, gdy mo\u017cemy si\u0119 cieszy\u0107 naturaln\u0105 opalenizn\u0105 takie kolory wyj\u0105tkowo nam s\u0142u\u017c\u0105. Kolor oczywi\u015bcie warto dobra\u0107 do naszej urody, a fason do sylwetki. Sylwetka typu jab\u0142ko b\u0119dzie \u015bwietnie wygl\u0105da\u0107 w kr\u00f3tszej sukience o prostym kroju z paskiem, kt\u00f3ry akcentuje tali\u0119. Gruszkom dobrze s\u0142u\u017c\u0105<strong> <a href=\"https:\/\/bialcon.pl\/odziez\/sukienki\/sukienki-lniane\" target=\"_blank\" rel=\"noreferrer noopener\">lniane sukienki<\/a> <\/strong>o linii A, gdzie g\u00f3ra jest dopasowana, a d\u00f3\u0142 lu\u017any i rozszerzany. Wybieraj\u0105c dodatki do<strong> <a href=\"https:\/\/bialcon.pl\/odziez\/sukienki\/sukienki-lniane\" target=\"_blank\" rel=\"noreferrer noopener\">lnianej sukienki<\/a><\/strong>, zwr\u00f3\u0107my uwag\u0119 na torby plecione lub robione na szyde\u0142ku, lekkie sanda\u0142ki na p\u0142askim obcasie \u2013 te elementy podkre\u015bl\u0105 lu\u017any i wakacyjny charakter stylizacji.<\/p>\n\n\n\r\n<div class=\"product-block-container swiper mySwiperProductBlock\">\r\n    <div class=\"product-block-swiper swiper-wrapper\">\r\n                    <div class=\"swiper-slide product-block-item\" data-id=\"147636\">\r\n                <a href=\"https:\/\/bialcon.pl\/brokatowa-zlota-sukienka-o-klasycznym-kroju?utm_source=blog&utm_medium=wyprzedaz&utm_campaign=120522\" class=\"product-block-url\" target=\"_blank\">\r\n                    <div class=\"product-block-image\">\r\n                        <img decoding=\"async\" width=\"300\" height=\"400\" src=\"https:\/\/bialcon.pl\/picture\/brokatowa-zlota-sukienka-o-klasycznym-kroju.jpg\" alt=\"Brokatowa z\u0142ota sukienka o klasycznym kroju\">\r\n                    <\/div>\r\n                    <div class=\"product-block-name\">\r\n                        <p>Brokatowa z\u0142ota sukienka o klasycznym kroju<\/p>\r\n                    <\/div>\r\n                <\/a>\r\n            <\/div>\r\n                    <div class=\"swiper-slide product-block-item\" data-id=\"147561\">\r\n                <a href=\"https:\/\/bialcon.pl\/bezowa-sukienka-midi-z-lnem-o-fasonie-bombki?utm_source=blog&utm_medium=wyprzedaz&utm_campaign=120522\" class=\"product-block-url\" target=\"_blank\">\r\n                    <div class=\"product-block-image\">\r\n                        <img decoding=\"async\" width=\"300\" height=\"400\" src=\"https:\/\/bialcon.pl\/picture\/bezowa-sukienka-midi-z-lnem-o-fasonie-bombki_1.jpg\" alt=\"Be\u017cowa sukienka midi z lnem o fasonie bombki\">\r\n                    <\/div>\r\n                    <div class=\"product-block-name\">\r\n                        <p>Be\u017cowa sukienka midi z lnem o fasonie bombki<\/p>\r\n                    <\/div>\r\n                <\/a>\r\n            <\/div>\r\n                    <div class=\"swiper-slide product-block-item\" data-id=\"146147\">\r\n                <a href=\"https:\/\/bialcon.pl\/oliwkowy-kombinezon-z-mieszanki-lnu-i-wiskozy?utm_source=blog&utm_medium=wyprzedaz&utm_campaign=120522\" class=\"product-block-url\" target=\"_blank\">\r\n                    <div class=\"product-block-image\">\r\n                        <img decoding=\"async\" width=\"300\" height=\"400\" src=\"https:\/\/bialcon.pl\/picture\/oliwkowy-kombinezon-z-mieszanki-lnu-i-wiskozy_1.jpg\" alt=\"Oliwkowy kombinezon z mieszanki lnu i wiskozy\">\r\n                    <\/div>\r\n                    <div class=\"product-block-name\">\r\n                        <p>Oliwkowy kombinezon z mieszanki lnu i wiskozy<\/p>\r\n                    <\/div>\r\n                <\/a>\r\n            <\/div>\r\n            <\/div>\r\n<\/div>\r\n\n\n\n\n<h2 class=\"wp-block-heading\"><span class=\"ez-toc-section\" id=\"Zwiewne_sukienki_%E2%80%93_tanecznym_krokiem_przez_lato\"><\/span><strong>Zwiewne sukienki \u2013 tanecznym krokiem przez lato<\/strong><span class=\"ez-toc-section-end\"><\/span><\/h2>\n\n\n\n<p><a href=\"https:\/\/bialcon.pl\/odziez\/sukienki\/sukienki-zwiewne\" target=\"_blank\" rel=\"noreferrer noopener\"><strong>Zwiewna sukienka<\/strong><\/a>, kt\u00f3ra sprawia, \u017ce materia\u0142 ta\u0144czy wok\u00f3\u0142 naszej sylwetki, gdy idziemy ulic\u0105, to absolutny hit wakacyjnej garderoby. Lu\u017any kr\u00f3j i zwiewny materia\u0142 tworz\u0105 po\u0142\u0105czenie pe\u0142ne mocy \u2013 taka stylizacja jest uwodzicielska, a jednocze\u015bnie urocza, tajemnicza i co najwa\u017cniejsze w lecie \u2013 wygodna. <strong><a href=\"https:\/\/bialcon.pl\/odziez\/sukienki\/sukienki-zwiewne\" target=\"_blank\" rel=\"noreferrer noopener\">Zwiewne sukienki<\/a><\/strong> dodaj\u0105 sylwetce lekko\u015bci, podkre\u015blaj\u0105 p\u0142ynno\u015b\u0107 naszych ruch\u00f3w, pozwalaj\u0105 czu\u0107 nam si\u0119 swobodnie i wygl\u0105da\u0107 kobieco. W lu\u017anym kroju mamy nie tylko zagwarantowan\u0105 wygod\u0119, ale tak\u017ce \u0142atwo jest zatuszowa\u0107 wszelkie mankamenty sylwetki. Na dzie\u0144 najlepiej sprawdzi si\u0119 <strong><a href=\"https:\/\/bialcon.pl\/odziez\/sukienki\/sukienki-zwiewne\" target=\"_blank\" rel=\"noreferrer noopener\">zwiewna sukienka<\/a><\/strong> w jasnym kolorze \u2013 a wieczorem mo\u017cemy si\u0119gn\u0105\u0107 po grafit, granat, fiolet \u2013 szczeg\u00f3lnie je\u015bli mamy w planach przyj\u0119cie lub randk\u0119. Wraz z nadej\u015bciem lata wyci\u0105gamy z szafy ulubion\u0105 maxi dress i ozdabiamy j\u0105 delikatn\u0105 z\u0142ot\u0105 bi\u017cuteri\u0105, ma\u0142\u0105 torebk\u0105 na cienkim pasku, a nogi zak\u0142adamy wygodne sanda\u0142ki lub klapki i naprawd\u0119 tyle wystarczy, by stworzy\u0107 uniwersalny letni outfit.<\/p>\n\n\n\r\n<div class=\"product-block-container swiper mySwiperProductBlock\">\r\n    <div class=\"product-block-swiper swiper-wrapper\">\r\n                    <div class=\"swiper-slide product-block-item\" data-id=\"147575\">\r\n                <a href=\"https:\/\/bialcon.pl\/dluga-satynowa-sukienka-z-odkrytym-ramieniem?utm_source=blog&utm_medium=wyprzedaz&utm_campaign=120522\" class=\"product-block-url\" target=\"_blank\">\r\n                    <div class=\"product-block-image\">\r\n                        <img decoding=\"async\" width=\"300\" height=\"400\" src=\"https:\/\/bialcon.pl\/picture\/dluga-satynowa-sukienka-z-odkrytym-ramieniem_1.jpg\" alt=\"D\u0142uga satynowa sukienka z odkrytym ramieniem\">\r\n                    <\/div>\r\n                    <div class=\"product-block-name\">\r\n                        <p>D\u0142uga satynowa sukienka z odkrytym ramieniem<\/p>\r\n                    <\/div>\r\n                <\/a>\r\n            <\/div>\r\n                    <div class=\"swiper-slide product-block-item\" data-id=\"147620\">\r\n                <a href=\"https:\/\/bialcon.pl\/oryginalna-sukienka-inspirowana-malarstwem-chelmonskiego?utm_source=blog&utm_medium=wyprzedaz&utm_campaign=120522\" class=\"product-block-url\" target=\"_blank\">\r\n                    <div class=\"product-block-image\">\r\n                        <img decoding=\"async\" width=\"300\" height=\"400\" src=\"https:\/\/bialcon.pl\/picture\/oryginalna-sukienka-inspirowana-malarstwem-chelmonskiego_1.jpg\" alt=\"Oryginalna sukienka inspirowana malarstwem Che\u0142mo\u0144skiego\">\r\n                    <\/div>\r\n                    <div class=\"product-block-name\">\r\n                        <p>Oryginalna sukienka inspirowana malarstwem Che\u0142mo\u0144skiego<\/p>\r\n                    <\/div>\r\n                <\/a>\r\n            <\/div>\r\n                    <div class=\"swiper-slide product-block-item\" data-id=\"147633\">\r\n                <a href=\"https:\/\/bialcon.pl\/sukienka-szmizjerka-maxi-o-luznym-kroju?utm_source=blog&utm_medium=wyprzedaz&utm_campaign=120522\" class=\"product-block-url\" target=\"_blank\">\r\n                    <div class=\"product-block-image\">\r\n                        <img decoding=\"async\" width=\"300\" height=\"400\" src=\"https:\/\/bialcon.pl\/picture\/sukienka-szmizjerka-o-luznym-oversizowym-kroju_5.jpg\" alt=\"Sukienka szmizjerka maxi o lu\u017anym kroju\">\r\n                    <\/div>\r\n                    <div class=\"product-block-name\">\r\n                        <p>Sukienka szmizjerka maxi o lu\u017anym kroju<\/p>\r\n                    <\/div>\r\n                <\/a>\r\n            <\/div>\r\n            <\/div>\r\n<\/div>\r\n\n\n\n\n<h2 class=\"wp-block-heading\"><span class=\"ez-toc-section\" id=\"Tunika_%E2%80%93_krotko_i_na_temat\"><\/span><strong>Tunika \u2013 kr\u00f3tko i na temat<\/strong><span class=\"ez-toc-section-end\"><\/span><\/h2>\n\n\n\n<p><strong><a href=\"https:\/\/bialcon.pl\/odziez\/tuniki\" target=\"_blank\" rel=\"noreferrer noopener\">Tunika<\/a> <\/strong>latem to praktyczne i stylowe rozwi\u0105zanie. Jest bardziej oryginalna ni\u017c sukienka, a przy tym uniwersalna, mo\u017cna j\u0105 nosi\u0107 do spodni lub na go\u0142e nogi \u2013 w zale\u017cno\u015bci od d\u0142ugo\u015bci i rodzaju materia\u0142u. Lu\u017any kr\u00f3j, d\u0142ugo\u015b\u0107, kt\u00f3ra nie si\u0119ga za kolano, lekki materia\u0142 \u2013 to cechy, kt\u00f3re sprawiaj\u0105, \u017ce <strong><a href=\"https:\/\/bialcon.pl\/odziez\/tuniki\" target=\"_blank\" rel=\"noreferrer noopener\">tunika<\/a> <\/strong>musi zago\u015bci\u0107 w naszej wakacyjnej garderobie. To ubranie jest nie tylko wygodne i casualowe, ale tak\u017ce mo\u017ce odmieni\u0107 nasz styl i tchn\u0105\u0107 powiew nowo\u015bci do naszej szafy zdominowanej przez letnie sukienki. <strong><a href=\"https:\/\/bialcon.pl\/odziez\/tuniki\" target=\"_blank\" rel=\"noreferrer noopener\">Tunika<\/a><\/strong> zast\u0105pi nam koszul\u0119 lub sukienk\u0119. W zale\u017cno\u015bci od materia\u0142u i kroju mo\u017cemy j\u0105 za\u0142o\u017cy\u0107 na pla\u017c\u0119, do pracy albo na przyj\u0119cie. Mo\u017ce mie\u0107 pasek, ozdobne troczki przy dekolcie, koszulowy fason. R\u00f3\u017cnorodno\u015b\u0107 modeli sprawia, \u017ce ka\u017cda kobieta, niezale\u017cnie od wieku i sylwetki znajdzie co\u015b dla siebie.<\/p>\n\n\n\r\n<div class=\"product-block-container swiper mySwiperProductBlock\">\r\n    <div class=\"product-block-swiper swiper-wrapper\">\r\n                    <div class=\"swiper-slide product-block-item\" data-id=\"147650\">\r\n                <a href=\"https:\/\/bialcon.pl\/przewiewna-bluzka-ecu-w-granatowe-kwiaty?utm_source=blog&utm_medium=wyprzedaz&utm_campaign=120522\" class=\"product-block-url\" target=\"_blank\">\r\n                    <div class=\"product-block-image\">\r\n                        <img decoding=\"async\" width=\"300\" height=\"400\" src=\"https:\/\/bialcon.pl\/picture\/przewiewna-bluzka-ecu-w-granatowe-kwiaty_2.jpg\" alt=\"Przewiewna bluzka ecu w granatowe kwiaty\">\r\n                    <\/div>\r\n                    <div class=\"product-block-name\">\r\n                        <p>Przewiewna bluzka ecu w granatowe kwiaty<\/p>\r\n                    <\/div>\r\n                <\/a>\r\n            <\/div>\r\n                    <div class=\"swiper-slide product-block-item\" data-id=\"147241\">\r\n                <a href=\"https:\/\/bialcon.pl\/satynowa-dluga-bluzka-z-szerokim-rekawem?utm_source=blog&utm_medium=wyprzedaz&utm_campaign=120522\" class=\"product-block-url\" target=\"_blank\">\r\n                    <div class=\"product-block-image\">\r\n                        <img decoding=\"async\" width=\"300\" height=\"400\" src=\"https:\/\/bialcon.pl\/picture\/satynowa-dluga-bluzka-z-szerokim-rekawem_3.jpg\" alt=\"Satynowa d\u0142uga bluzka z szerokim r\u0119kawem\">\r\n                    <\/div>\r\n                    <div class=\"product-block-name\">\r\n                        <p>Satynowa d\u0142uga bluzka z szerokim r\u0119kawem<\/p>\r\n                    <\/div>\r\n                <\/a>\r\n            <\/div>\r\n                    <div class=\"swiper-slide product-block-item\" data-id=\"147212\">\r\n                <a href=\"https:\/\/bialcon.pl\/dluga-zielona-tunika-o-prostym-fasonie?utm_source=blog&utm_medium=wyprzedaz&utm_campaign=120522\" class=\"product-block-url\" target=\"_blank\">\r\n                    <div class=\"product-block-image\">\r\n                        <img decoding=\"async\" width=\"300\" height=\"400\" src=\"https:\/\/bialcon.pl\/picture\/dluga-zielona-tunika-o-prostym-fasonie_1.jpg\" alt=\"D\u0142uga zielona tunika o prostym fasonie\">\r\n                    <\/div>\r\n                    <div class=\"product-block-name\">\r\n                        <p>D\u0142uga zielona tunika o prostym fasonie<\/p>\r\n                    <\/div>\r\n                <\/a>\r\n            <\/div>\r\n            <\/div>\r\n<\/div>\r\n\n","protected":false},"excerpt":{"rendered":"<p>Na wakacyjny wyjazd czekamy ca\u0142y rok z ut\u0119sknieniem. Wreszcie mo\u017cemy si\u0119 cieszy\u0107 s\u0142o\u0144cem i pi\u0119kn\u0105 pogod\u0105. Mamy czas dla siebie i swoje pasje. Urlop to okres, kiedy wrzucamy na luz, ale nawet wtedy chcemy dobrze wygl\u0105da\u0107. Podpowiadamy, co zapakowa\u0107 do walizki, by \u0142atwo stworzy\u0107 efektowny wakacyjny look. Wakacyjna garderoba musi si\u0119 zapewnia\u0107 nam wygod\u0119, swobod\u0119 [&hellip;]<\/p>\n","protected":false},"author":10,"featured_media":12505,"comment_status":"closed","ping_status":"open","sticky":false,"template":"","format":"standard","meta":{"_acf_changed":false,"site-sidebar-layout":"default","site-content-layout":"","ast-site-content-layout":"default","site-content-style":"default","site-sidebar-style":"default","ast-global-header-display":"","ast-banner-title-visibility":"","ast-main-header-display":"","ast-hfb-above-header-display":"","ast-hfb-below-header-display":"","ast-hfb-mobile-header-display":"","site-post-title":"","ast-breadcrumbs-content":"","ast-featured-img":"","footer-sml-layout":"","theme-transparent-header-meta":"","adv-header-id-meta":"","stick-header-meta":"","header-above-stick-meta":"","header-main-stick-meta":"","header-below-stick-meta":"","astra-migrate-meta-layouts":"set","ast-page-background-enabled":"default","ast-page-background-meta":{"desktop":{"background-color":"","background-image":"","background-repeat":"repeat","background-position":"center center","background-size":"auto","background-attachment":"scroll","background-type":"","background-media":"","overlay-type":"","overlay-color":"","overlay-opacity":"","overlay-gradient":""},"tablet":{"background-color":"","background-image":"","background-repeat":"repeat","background-position":"center center","background-size":"auto","background-attachment":"scroll","background-type":"","background-media":"","overlay-type":"","overlay-color":"","overlay-opacity":"","overlay-gradient":""},"mobile":{"background-color":"","background-image":"","background-repeat":"repeat","background-position":"center center","background-size":"auto","background-attachment":"scroll","background-type":"","background-media":"","overlay-type":"","overlay-color":"","overlay-opacity":"","overlay-gradient":""}},"ast-content-background-meta":{"desktop":{"background-color":"var(--ast-global-color-5)","background-image":"","background-repeat":"repeat","background-position":"center center","background-size":"auto","background-attachment":"scroll","background-type":"","background-media":"","overlay-type":"","overlay-color":"","overlay-opacity":"","overlay-gradient":""},"tablet":{"background-color":"var(--ast-global-color-5)","background-image":"","background-repeat":"repeat","background-position":"center center","background-size":"auto","background-attachment":"scroll","background-type":"","background-media":"","overlay-type":"","overlay-color":"","overlay-opacity":"","overlay-gradient":""},"mobile":{"background-color":"var(--ast-global-color-5)","background-image":"","background-repeat":"repeat","background-position":"center center","background-size":"auto","background-attachment":"scroll","background-type":"","background-media":"","overlay-type":"","overlay-color":"","overlay-opacity":"","overlay-gradient":""}},"footnotes":""},"categories":[1,14],"tags":[],"class_list":["post-5015","post","type-post","status-publish","format-standard","has-post-thumbnail","hentry","category-styl-zycia","category-wszystkie-wpisy"],"acf":[],"yoast_head":"<!-- This site is optimized with the Yoast SEO plugin v27.4 - https:\/\/yoast.com\/product\/yoast-seo-wordpress\/ -->\n<title>Moda i wygoda \u2013 jakie ubrania zabra\u0107 na wakacyjny wyjazd? - Bialcon<\/title>\n<meta name=\"description\" content=\"Urlop to okres, kiedy wrzucamy na luz, ale nawet wtedy chcemy dobrze wygl\u0105da\u0107. Podpowiadamy, co zapakowa\u0107 do walizki, by stworzy\u0107 efektowny wakacyjny look.\" \/>\n<meta name=\"robots\" content=\"index, follow, max-snippet:-1, max-image-preview:large, max-video-preview:-1\" \/>\n<link rel=\"canonical\" href=\"https:\/\/bialcon.pl\/blog\/jakie-ubrania-zabrac-na-wakacyjny-wyjazd\/\" \/>\n<meta name=\"twitter:label1\" content=\"Napisane przez\" \/>\n\t<meta name=\"twitter:data1\" content=\"Ma\u0142gorzata Brzezi\u0144ska\" \/>\n\t<meta name=\"twitter:label2\" content=\"Szacowany czas czytania\" \/>\n\t<meta name=\"twitter:data2\" content=\"6 minut\" \/>\n<script type=\"application\/ld+json\" class=\"yoast-schema-graph\">{\"@context\":\"https:\\\/\\\/schema.org\",\"@graph\":[{\"@type\":\"Article\",\"@id\":\"https:\\\/\\\/bialcon.pl\\\/blog\\\/jakie-ubrania-zabrac-na-wakacyjny-wyjazd\\\/#article\",\"isPartOf\":{\"@id\":\"https:\\\/\\\/bialcon.pl\\\/blog\\\/jakie-ubrania-zabrac-na-wakacyjny-wyjazd\\\/\"},\"author\":{\"name\":\"Ma\u0142gorzata Brzezi\u0144ska\",\"@id\":\"https:\\\/\\\/bialcon.pl\\\/blog\\\/#\\\/schema\\\/person\\\/cbbe4ae2297c5abd7376399985d5fabb\"},\"headline\":\"Moda i wygoda \u2013 jakie ubrania zabra\u0107 na wakacyjny wyjazd?\",\"datePublished\":\"2022-05-12T08:25:00+00:00\",\"dateModified\":\"2025-11-24T08:10:10+00:00\",\"mainEntityOfPage\":{\"@id\":\"https:\\\/\\\/bialcon.pl\\\/blog\\\/jakie-ubrania-zabrac-na-wakacyjny-wyjazd\\\/\"},\"wordCount\":1010,\"image\":{\"@id\":\"https:\\\/\\\/bialcon.pl\\\/blog\\\/jakie-ubrania-zabrac-na-wakacyjny-wyjazd\\\/#primaryimage\"},\"thumbnailUrl\":\"https:\\\/\\\/bialcon.pl\\\/blog\\\/wp-content\\\/uploads\\\/2022\\\/05\\\/Projekt-bez-nazwy-56.png\",\"articleSection\":[\"Styl \u017bycia\",\"Wszystkie wpisy\"],\"inLanguage\":\"pl-PL\"},{\"@type\":\"WebPage\",\"@id\":\"https:\\\/\\\/bialcon.pl\\\/blog\\\/jakie-ubrania-zabrac-na-wakacyjny-wyjazd\\\/\",\"url\":\"https:\\\/\\\/bialcon.pl\\\/blog\\\/jakie-ubrania-zabrac-na-wakacyjny-wyjazd\\\/\",\"name\":\"Moda i wygoda \u2013 jakie ubrania zabra\u0107 na wakacyjny wyjazd? - Bialcon\",\"isPartOf\":{\"@id\":\"https:\\\/\\\/bialcon.pl\\\/blog\\\/#website\"},\"primaryImageOfPage\":{\"@id\":\"https:\\\/\\\/bialcon.pl\\\/blog\\\/jakie-ubrania-zabrac-na-wakacyjny-wyjazd\\\/#primaryimage\"},\"image\":{\"@id\":\"https:\\\/\\\/bialcon.pl\\\/blog\\\/jakie-ubrania-zabrac-na-wakacyjny-wyjazd\\\/#primaryimage\"},\"thumbnailUrl\":\"https:\\\/\\\/bialcon.pl\\\/blog\\\/wp-content\\\/uploads\\\/2022\\\/05\\\/Projekt-bez-nazwy-56.png\",\"datePublished\":\"2022-05-12T08:25:00+00:00\",\"dateModified\":\"2025-11-24T08:10:10+00:00\",\"author\":{\"@id\":\"https:\\\/\\\/bialcon.pl\\\/blog\\\/#\\\/schema\\\/person\\\/cbbe4ae2297c5abd7376399985d5fabb\"},\"description\":\"Urlop to okres, kiedy wrzucamy na luz, ale nawet wtedy chcemy dobrze wygl\u0105da\u0107. Podpowiadamy, co zapakowa\u0107 do walizki, by stworzy\u0107 efektowny wakacyjny look.\",\"breadcrumb\":{\"@id\":\"https:\\\/\\\/bialcon.pl\\\/blog\\\/jakie-ubrania-zabrac-na-wakacyjny-wyjazd\\\/#breadcrumb\"},\"inLanguage\":\"pl-PL\",\"potentialAction\":[{\"@type\":\"ReadAction\",\"target\":[\"https:\\\/\\\/bialcon.pl\\\/blog\\\/jakie-ubrania-zabrac-na-wakacyjny-wyjazd\\\/\"]}]},{\"@type\":\"ImageObject\",\"inLanguage\":\"pl-PL\",\"@id\":\"https:\\\/\\\/bialcon.pl\\\/blog\\\/jakie-ubrania-zabrac-na-wakacyjny-wyjazd\\\/#primaryimage\",\"url\":\"https:\\\/\\\/bialcon.pl\\\/blog\\\/wp-content\\\/uploads\\\/2022\\\/05\\\/Projekt-bez-nazwy-56.png\",\"contentUrl\":\"https:\\\/\\\/bialcon.pl\\\/blog\\\/wp-content\\\/uploads\\\/2022\\\/05\\\/Projekt-bez-nazwy-56.png\",\"width\":960,\"height\":850,\"caption\":\"Wizualizacja kobiety w kombinezonie na cienkich rami\u0105czkach w psychodeliczny kolorowy wz\u00f3r\"},{\"@type\":\"BreadcrumbList\",\"@id\":\"https:\\\/\\\/bialcon.pl\\\/blog\\\/jakie-ubrania-zabrac-na-wakacyjny-wyjazd\\\/#breadcrumb\",\"itemListElement\":[{\"@type\":\"ListItem\",\"position\":1,\"name\":\"Strona g\u0142\u00f3wna\",\"item\":\"https:\\\/\\\/bialcon.pl\\\/blog\\\/\"},{\"@type\":\"ListItem\",\"position\":2,\"name\":\"Styl \u017bycia\",\"item\":\"https:\\\/\\\/bialcon.pl\\\/blog\\\/styl-zycia\\\/\"},{\"@type\":\"ListItem\",\"position\":3,\"name\":\"Moda i wygoda \u2013 jakie ubrania zabra\u0107 na wakacyjny wyjazd?\"}]},{\"@type\":\"WebSite\",\"@id\":\"https:\\\/\\\/bialcon.pl\\\/blog\\\/#website\",\"url\":\"https:\\\/\\\/bialcon.pl\\\/blog\\\/\",\"name\":\"bialcon.pl\\\/blog\\\/\",\"description\":\"Fashion Blog w zasi\u0119gu Twojej r\u0119ki\",\"potentialAction\":[{\"@type\":\"SearchAction\",\"target\":{\"@type\":\"EntryPoint\",\"urlTemplate\":\"https:\\\/\\\/bialcon.pl\\\/blog\\\/?s={search_term_string}\"},\"query-input\":{\"@type\":\"PropertyValueSpecification\",\"valueRequired\":true,\"valueName\":\"search_term_string\"}}],\"inLanguage\":\"pl-PL\"},{\"@type\":\"Person\",\"@id\":\"https:\\\/\\\/bialcon.pl\\\/blog\\\/#\\\/schema\\\/person\\\/cbbe4ae2297c5abd7376399985d5fabb\",\"name\":\"Ma\u0142gorzata Brzezi\u0144ska\",\"image\":{\"@type\":\"ImageObject\",\"inLanguage\":\"pl-PL\",\"@id\":\"https:\\\/\\\/secure.gravatar.com\\\/avatar\\\/3fc4a4cdba63586f503a5c5711e9b04d01ab1234b186b03e727ad902b6f4912d?s=96&d=mm&r=g\",\"url\":\"https:\\\/\\\/secure.gravatar.com\\\/avatar\\\/3fc4a4cdba63586f503a5c5711e9b04d01ab1234b186b03e727ad902b6f4912d?s=96&d=mm&r=g\",\"contentUrl\":\"https:\\\/\\\/secure.gravatar.com\\\/avatar\\\/3fc4a4cdba63586f503a5c5711e9b04d01ab1234b186b03e727ad902b6f4912d?s=96&d=mm&r=g\",\"caption\":\"Ma\u0142gorzata Brzezi\u0144ska\"},\"description\":\"Autorka tre\u015bci z zakresu mody, urody i stylu \u017cycia. Tworzy artyku\u0142y i poradniki oparte na analizie trend\u00f3w oraz potrzeb u\u017cytkownik\u00f3w, \u0142\u0105cz\u0105c wiedz\u0119 z zakresu komunikacji marketingowej i praktyki contentowej. Specjalizuje si\u0119 w bran\u017cach fashion, beauty &amp; health oraz gourmet food, przygotowuj\u0105c tre\u015bci dopasowane do realnych sytuacji i wybor\u00f3w konsumenckich. Na co dzie\u0144 zajmuje si\u0119 r\u00f3wnie\u017c content marketingiem i SEO.\",\"sameAs\":[\"https:\\\/\\\/www.linkedin.com\\\/in\\\/gosia-brzezinska-827052b4\\\/\"],\"url\":\"https:\\\/\\\/bialcon.pl\\\/blog\\\/author\\\/brzezinska\\\/\"}]}<\/script>\n<!-- \/ Yoast SEO plugin. -->","yoast_head_json":{"title":"Moda i wygoda \u2013 jakie ubrania zabra\u0107 na wakacyjny wyjazd? - Bialcon","description":"Urlop to okres, kiedy wrzucamy na luz, ale nawet wtedy chcemy dobrze wygl\u0105da\u0107. Podpowiadamy, co zapakowa\u0107 do walizki, by stworzy\u0107 efektowny wakacyjny look.","robots":{"index":"index","follow":"follow","max-snippet":"max-snippet:-1","max-image-preview":"max-image-preview:large","max-video-preview":"max-video-preview:-1"},"canonical":"https:\/\/bialcon.pl\/blog\/jakie-ubrania-zabrac-na-wakacyjny-wyjazd\/","twitter_misc":{"Napisane przez":"Ma\u0142gorzata Brzezi\u0144ska","Szacowany czas czytania":"6 minut"},"schema":{"@context":"https:\/\/schema.org","@graph":[{"@type":"Article","@id":"https:\/\/bialcon.pl\/blog\/jakie-ubrania-zabrac-na-wakacyjny-wyjazd\/#article","isPartOf":{"@id":"https:\/\/bialcon.pl\/blog\/jakie-ubrania-zabrac-na-wakacyjny-wyjazd\/"},"author":{"name":"Ma\u0142gorzata Brzezi\u0144ska","@id":"https:\/\/bialcon.pl\/blog\/#\/schema\/person\/cbbe4ae2297c5abd7376399985d5fabb"},"headline":"Moda i wygoda \u2013 jakie ubrania zabra\u0107 na wakacyjny wyjazd?","datePublished":"2022-05-12T08:25:00+00:00","dateModified":"2025-11-24T08:10:10+00:00","mainEntityOfPage":{"@id":"https:\/\/bialcon.pl\/blog\/jakie-ubrania-zabrac-na-wakacyjny-wyjazd\/"},"wordCount":1010,"image":{"@id":"https:\/\/bialcon.pl\/blog\/jakie-ubrania-zabrac-na-wakacyjny-wyjazd\/#primaryimage"},"thumbnailUrl":"https:\/\/bialcon.pl\/blog\/wp-content\/uploads\/2022\/05\/Projekt-bez-nazwy-56.png","articleSection":["Styl \u017bycia","Wszystkie wpisy"],"inLanguage":"pl-PL"},{"@type":"WebPage","@id":"https:\/\/bialcon.pl\/blog\/jakie-ubrania-zabrac-na-wakacyjny-wyjazd\/","url":"https:\/\/bialcon.pl\/blog\/jakie-ubrania-zabrac-na-wakacyjny-wyjazd\/","name":"Moda i wygoda \u2013 jakie ubrania zabra\u0107 na wakacyjny wyjazd? - Bialcon","isPartOf":{"@id":"https:\/\/bialcon.pl\/blog\/#website"},"primaryImageOfPage":{"@id":"https:\/\/bialcon.pl\/blog\/jakie-ubrania-zabrac-na-wakacyjny-wyjazd\/#primaryimage"},"image":{"@id":"https:\/\/bialcon.pl\/blog\/jakie-ubrania-zabrac-na-wakacyjny-wyjazd\/#primaryimage"},"thumbnailUrl":"https:\/\/bialcon.pl\/blog\/wp-content\/uploads\/2022\/05\/Projekt-bez-nazwy-56.png","datePublished":"2022-05-12T08:25:00+00:00","dateModified":"2025-11-24T08:10:10+00:00","author":{"@id":"https:\/\/bialcon.pl\/blog\/#\/schema\/person\/cbbe4ae2297c5abd7376399985d5fabb"},"description":"Urlop to okres, kiedy wrzucamy na luz, ale nawet wtedy chcemy dobrze wygl\u0105da\u0107. Podpowiadamy, co zapakowa\u0107 do walizki, by stworzy\u0107 efektowny wakacyjny look.","breadcrumb":{"@id":"https:\/\/bialcon.pl\/blog\/jakie-ubrania-zabrac-na-wakacyjny-wyjazd\/#breadcrumb"},"inLanguage":"pl-PL","potentialAction":[{"@type":"ReadAction","target":["https:\/\/bialcon.pl\/blog\/jakie-ubrania-zabrac-na-wakacyjny-wyjazd\/"]}]},{"@type":"ImageObject","inLanguage":"pl-PL","@id":"https:\/\/bialcon.pl\/blog\/jakie-ubrania-zabrac-na-wakacyjny-wyjazd\/#primaryimage","url":"https:\/\/bialcon.pl\/blog\/wp-content\/uploads\/2022\/05\/Projekt-bez-nazwy-56.png","contentUrl":"https:\/\/bialcon.pl\/blog\/wp-content\/uploads\/2022\/05\/Projekt-bez-nazwy-56.png","width":960,"height":850,"caption":"Wizualizacja kobiety w kombinezonie na cienkich rami\u0105czkach w psychodeliczny kolorowy wz\u00f3r"},{"@type":"BreadcrumbList","@id":"https:\/\/bialcon.pl\/blog\/jakie-ubrania-zabrac-na-wakacyjny-wyjazd\/#breadcrumb","itemListElement":[{"@type":"ListItem","position":1,"name":"Strona g\u0142\u00f3wna","item":"https:\/\/bialcon.pl\/blog\/"},{"@type":"ListItem","position":2,"name":"Styl \u017bycia","item":"https:\/\/bialcon.pl\/blog\/styl-zycia\/"},{"@type":"ListItem","position":3,"name":"Moda i wygoda \u2013 jakie ubrania zabra\u0107 na wakacyjny wyjazd?"}]},{"@type":"WebSite","@id":"https:\/\/bialcon.pl\/blog\/#website","url":"https:\/\/bialcon.pl\/blog\/","name":"bialcon.pl\/blog\/","description":"Fashion Blog w zasi\u0119gu Twojej r\u0119ki","potentialAction":[{"@type":"SearchAction","target":{"@type":"EntryPoint","urlTemplate":"https:\/\/bialcon.pl\/blog\/?s={search_term_string}"},"query-input":{"@type":"PropertyValueSpecification","valueRequired":true,"valueName":"search_term_string"}}],"inLanguage":"pl-PL"},{"@type":"Person","@id":"https:\/\/bialcon.pl\/blog\/#\/schema\/person\/cbbe4ae2297c5abd7376399985d5fabb","name":"Ma\u0142gorzata Brzezi\u0144ska","image":{"@type":"ImageObject","inLanguage":"pl-PL","@id":"https:\/\/secure.gravatar.com\/avatar\/3fc4a4cdba63586f503a5c5711e9b04d01ab1234b186b03e727ad902b6f4912d?s=96&d=mm&r=g","url":"https:\/\/secure.gravatar.com\/avatar\/3fc4a4cdba63586f503a5c5711e9b04d01ab1234b186b03e727ad902b6f4912d?s=96&d=mm&r=g","contentUrl":"https:\/\/secure.gravatar.com\/avatar\/3fc4a4cdba63586f503a5c5711e9b04d01ab1234b186b03e727ad902b6f4912d?s=96&d=mm&r=g","caption":"Ma\u0142gorzata Brzezi\u0144ska"},"description":"Autorka tre\u015bci z zakresu mody, urody i stylu \u017cycia. Tworzy artyku\u0142y i poradniki oparte na analizie trend\u00f3w oraz potrzeb u\u017cytkownik\u00f3w, \u0142\u0105cz\u0105c wiedz\u0119 z zakresu komunikacji marketingowej i praktyki contentowej. Specjalizuje si\u0119 w bran\u017cach fashion, beauty &amp; health oraz gourmet food, przygotowuj\u0105c tre\u015bci dopasowane do realnych sytuacji i wybor\u00f3w konsumenckich. Na co dzie\u0144 zajmuje si\u0119 r\u00f3wnie\u017c content marketingiem i SEO.","sameAs":["https:\/\/www.linkedin.com\/in\/gosia-brzezinska-827052b4\/"],"url":"https:\/\/bialcon.pl\/blog\/author\/brzezinska\/"}]}},"_links":{"self":[{"href":"https:\/\/bialcon.pl\/blog\/wp-json\/wp\/v2\/posts\/5015","targetHints":{"allow":["GET"]}}],"collection":[{"href":"https:\/\/bialcon.pl\/blog\/wp-json\/wp\/v2\/posts"}],"about":[{"href":"https:\/\/bialcon.pl\/blog\/wp-json\/wp\/v2\/types\/post"}],"author":[{"embeddable":true,"href":"https:\/\/bialcon.pl\/blog\/wp-json\/wp\/v2\/users\/10"}],"replies":[{"embeddable":true,"href":"https:\/\/bialcon.pl\/blog\/wp-json\/wp\/v2\/comments?post=5015"}],"version-history":[{"count":13,"href":"https:\/\/bialcon.pl\/blog\/wp-json\/wp\/v2\/posts\/5015\/revisions"}],"predecessor-version":[{"id":12646,"href":"https:\/\/bialcon.pl\/blog\/wp-json\/wp\/v2\/posts\/5015\/revisions\/12646"}],"wp:featuredmedia":[{"embeddable":true,"href":"https:\/\/bialcon.pl\/blog\/wp-json\/wp\/v2\/media\/12505"}],"wp:attachment":[{"href":"https:\/\/bialcon.pl\/blog\/wp-json\/wp\/v2\/media?parent=5015"}],"wp:term":[{"taxonomy":"category","embeddable":true,"href":"https:\/\/bialcon.pl\/blog\/wp-json\/wp\/v2\/categories?post=5015"},{"taxonomy":"post_tag","embeddable":true,"href":"https:\/\/bialcon.pl\/blog\/wp-json\/wp\/v2\/tags?post=5015"}],"curies":[{"name":"wp","href":"https:\/\/api.w.org\/{rel}","templated":true}]}}