{"id":4950,"date":"2022-05-05T11:40:00","date_gmt":"2022-05-05T09:40:00","guid":{"rendered":"https:\/\/blog.bialcon.pl\/?p=4950"},"modified":"2025-11-24T09:09:02","modified_gmt":"2025-11-24T08:09:02","slug":"stylizacje-dla-matki-chrzestnej","status":"publish","type":"post","link":"https:\/\/bialcon.pl\/blog\/stylizacje-dla-matki-chrzestnej\/","title":{"rendered":"Stylizacje dla matki chrzestnej"},"content":{"rendered":"<div id=\"ez-toc-container\" class=\"ez-toc-v2_0_82_2 counter-hierarchy ez-toc-counter ez-toc-custom ez-toc-container-direction\">\n<div class=\"ez-toc-title-container\"><p class=\"ez-toc-title\" style=\"cursor:inherit\">Spis Tre\u015bci<\/p>\n<\/div><nav><ul class='ez-toc-list ez-toc-list-level-1 ' ><li class='ez-toc-page-1 ez-toc-heading-level-2'><a class=\"ez-toc-link ez-toc-heading-1\" href=\"https:\/\/bialcon.pl\/blog\/stylizacje-dla-matki-chrzestnej\/#Elegancka_sukienka_dla_matki_chrzestnej\" >Elegancka sukienka dla matki chrzestnej<\/a><\/li><li class='ez-toc-page-1 ez-toc-heading-level-2'><a class=\"ez-toc-link ez-toc-heading-2\" href=\"https:\/\/bialcon.pl\/blog\/stylizacje-dla-matki-chrzestnej\/#Jak_sie_ubrac_na_chrzciny_%E2%80%93_wybor_zakietu\" >Jak si\u0119 ubra\u0107 na chrzciny &#8211; wyb\u00f3r \u017cakietu<\/a><\/li><li class='ez-toc-page-1 ez-toc-heading-level-2'><a class=\"ez-toc-link ez-toc-heading-3\" href=\"https:\/\/bialcon.pl\/blog\/stylizacje-dla-matki-chrzestnej\/#Czy_matka_chrzestna_moze_na_uroczystosc_zalozyc_garnitur_damski\" >Czy matka chrzestna mo\u017ce na uroczysto\u015b\u0107 za\u0142o\u017cy\u0107 garnitur damski?<\/a><\/li><li class='ez-toc-page-1 ez-toc-heading-level-2'><a class=\"ez-toc-link ez-toc-heading-4\" href=\"https:\/\/bialcon.pl\/blog\/stylizacje-dla-matki-chrzestnej\/#Jak_dobrac_akcesoria_do_stylizacji_dla_matki_chrzestnej\" >Jak dobra\u0107 akcesoria do stylizacji dla matki chrzestnej<\/a><\/li><li class='ez-toc-page-1 ez-toc-heading-level-2'><a class=\"ez-toc-link ez-toc-heading-5\" href=\"https:\/\/bialcon.pl\/blog\/stylizacje-dla-matki-chrzestnej\/#Obuwie_dla_matki_chrzestnej\" >Obuwie dla matki chrzestnej<\/a><\/li><\/ul><\/nav><\/div>\n\n<p><strong>W Twoim rodzinnym gronie przysz\u0142o na \u015bwiat dziecko, a Ty zgodzi\u0142a\u015b si\u0119 zosta\u0107 mam\u0105 chrzestn\u0105. Teraz czeka Ci\u0119 radosna uroczysto\u015b\u0107 chrztu. Zastanawiasz si\u0119 wiec, jak si\u0119 ubra\u0107 na chrzciny, by wygl\u0105da\u0107 elegancko i stosownie do okazji.<\/strong><\/p>\n\n\n\n<p>Ka\u017cda okazja do \u015bwi\u0119towania z bliskimi nam osobami to pow\u00f3d do zadowolenia, ale od razu pojawia si\u0119 dylemat czyli wyb\u00f3r stylizacji na tego typu okazj\u0119. Przy okazji tak charakterystycznych wydarze\u0144, jak chrzest, jest to tym wi\u0119kszy problem, \u017ce uroczysto\u015b\u0107 ma dwie cz\u0119\u015bci.<\/p>\n\n\n\n<p>Pierwsza, bardziej oficjalna dzieje si\u0119 w ko\u015bciele, a druga \u2013 w domu lub restauracji. I w\u0142a\u015bnie religijny charakter wydarzenia powinno si\u0119 bra\u0107 pod uwag\u0119, gdy szukamy odpowiedzi na pytanie &#8211; jak si\u0119 ubra\u0107 na chrzciny.<\/p>\n\n\n\n<p>Nie istnieje \u015bci\u015ble okre\u015blony dress code na chrzest dziecka. Dobieraj\u0105c stylizacj\u0119, warto jednak pami\u0119ta\u0107 o kilku zasadach. Niestosowne b\u0119d\u0119 na pewno d\u0142ugo\u015bci ods\u0142aniaj\u0105ce uda, w tym g\u0142\u0119bokie rozci\u0119cia, buty na bardzo wysokim obcasie, g\u0142\u0119bokie dekolty, odkryte ramiona, krzykliwe kolory lub czer\u0144. Daruj sobie te\u017c nadmiar bi\u017cuterii oraz wszelkie modowe eksperymenty. Pami\u0119taj, \u017ce nie jest to te\u017c okazja, by zak\u0142ada\u0107 stylizacj\u0119 wieczorow\u0105 wi\u0119c d\u0142ugie suknie te\u017c nie b\u0119d\u0105 w tym przypadku na miejscu. Zrezygnuj z koronek i przezroczystych materia\u0142\u00f3w to nie jest dobry pomys\u0142 na odpowiedni str\u00f3j na tak\u0105 uroczysto\u015b\u0107.<\/p>\n\n\n\n<h2 class=\"wp-block-heading\"><span class=\"ez-toc-section\" id=\"Elegancka_sukienka_dla_matki_chrzestnej\"><\/span>Elegancka sukienka dla matki chrzestnej<span class=\"ez-toc-section-end\"><\/span><\/h2>\n\n\n\n<p>Stylizacja dla matki chrzestnej powinna by\u0107 raczej skromna, ale nie za bardzo casualowa, zdecydowanie musi mie\u0107 elegancki charakter, w ko\u0144cu b\u0119dziesz jedn\u0105 z wa\u017cniejszych postaci ca\u0142ego wydarzenia.<\/p>\n\n\n\n<p>Oczywi\u015bcie, wyb\u00f3r odpowiedniego fasonu sukienki dla matki chrzestnej jest kluczowym elementem, kt\u00f3ry wp\u0142ywa na og\u00f3lny wygl\u0105d i komfort noszenia. Oto kilka sugestii dotycz\u0105cych fason\u00f3w, kt\u00f3re mog\u0105 by\u0107 pomocne przy doborze kreacji:<\/p>\n\n\n\r\n<div class=\"product-block-container swiper mySwiperProductBlock\">\r\n    <div class=\"product-block-swiper swiper-wrapper\">\r\n                    <div class=\"swiper-slide product-block-item\" data-id=\"147575\">\r\n                <a href=\"https:\/\/bialcon.pl\/dluga-satynowa-sukienka-z-odkrytym-ramieniem?utm_source=blog&utm_medium=wyprzedaz&utm_campaign=050522\" class=\"product-block-url\" target=\"_blank\">\r\n                    <div class=\"product-block-image\">\r\n                        <img decoding=\"async\" width=\"300\" height=\"400\" src=\"https:\/\/bialcon.pl\/picture\/dluga-satynowa-sukienka-z-odkrytym-ramieniem_1.jpg\" alt=\"D\u0142uga satynowa sukienka z odkrytym ramieniem\">\r\n                    <\/div>\r\n                    <div class=\"product-block-name\">\r\n                        <p>D\u0142uga satynowa sukienka z odkrytym ramieniem<\/p>\r\n                    <\/div>\r\n                <\/a>\r\n            <\/div>\r\n                    <div class=\"swiper-slide product-block-item\" data-id=\"147606\">\r\n                <a href=\"https:\/\/bialcon.pl\/wizytowa-turkusowa-sukienka-z-lekkiej-posykujacej-tafty?utm_source=blog&utm_medium=wyprzedaz&utm_campaign=050522\" class=\"product-block-url\" target=\"_blank\">\r\n                    <div class=\"product-block-image\">\r\n                        <img decoding=\"async\" width=\"300\" height=\"400\" src=\"https:\/\/bialcon.pl\/picture\/wizytowa-turkusowa-sukienka-z-lekkiej-posykujacej-tafty_2.jpg\" alt=\"Wizytowa turkusowa sukienka z lekkiej posykuj\u0105cej tafty\">\r\n                    <\/div>\r\n                    <div class=\"product-block-name\">\r\n                        <p>Wizytowa turkusowa sukienka z lekkiej posykuj\u0105cej tafty<\/p>\r\n                    <\/div>\r\n                <\/a>\r\n            <\/div>\r\n                    <div class=\"swiper-slide product-block-item\" data-id=\"147615\">\r\n                <a href=\"https:\/\/bialcon.pl\/dzianinowa-sukienka-z-marszczeniem-i-ozdoba-w-talii?utm_source=blog&utm_medium=wyprzedaz&utm_campaign=050522\" class=\"product-block-url\" target=\"_blank\">\r\n                    <div class=\"product-block-image\">\r\n                        <img decoding=\"async\" width=\"300\" height=\"400\" src=\"https:\/\/bialcon.pl\/picture\/dzianinowa-sukienka-z-marszczeniem-i-ozdoba-w-talii_3.jpg\" alt=\"Dzianinowa sukienka z marszczeniem i ozdob\u0105 w talii\">\r\n                    <\/div>\r\n                    <div class=\"product-block-name\">\r\n                        <p>Dzianinowa sukienka z marszczeniem i ozdob\u0105 w talii<\/p>\r\n                    <\/div>\r\n                <\/a>\r\n            <\/div>\r\n            <\/div>\r\n<\/div>\r\n\n\n\n\n<h3 class=\"wp-block-heading\">Sukienki midi czy maxi?<\/h3>\n\n\n\n<p>Eleganckie sukienki o d\u0142ugo\u015bci midi s\u0105 doskona\u0142ym wyborem, \u0142\u0105cz\u0105c subtelno\u015b\u0107 z kobieco\u015bci\u0105. D\u0142ugo\u015b\u0107 ta jest odpowiednia zar\u00f3wno na ceremoni\u0119 ko\u015bcieln\u0105, jak i przyj\u0119cie.<\/p>\n\n\n\r\n<div class=\"product-block-container swiper mySwiperProductBlock\">\r\n    <div class=\"product-block-swiper swiper-wrapper\">\r\n                    <div class=\"swiper-slide product-block-item\" data-id=\"145691\">\r\n                <a href=\"https:\/\/bialcon.pl\/sukienka-koszulowa-z-rozcieciami-po-bokach?utm_source=blog&utm_medium=wyprzedaz&utm_campaign=050522\" class=\"product-block-url\" target=\"_blank\">\r\n                    <div class=\"product-block-image\">\r\n                        <img decoding=\"async\" width=\"300\" height=\"400\" src=\"https:\/\/bialcon.pl\/picture\/sukienka-szmizjerka-z-bocznymi-rozcieciami_9.jpg\" alt=\"Sukienka koszulowa z rozci\u0119ciami po bokach\">\r\n                    <\/div>\r\n                    <div class=\"product-block-name\">\r\n                        <p>Sukienka koszulowa z rozci\u0119ciami po bokach<\/p>\r\n                    <\/div>\r\n                <\/a>\r\n            <\/div>\r\n                    <div class=\"swiper-slide product-block-item\" data-id=\"144683\">\r\n                <a href=\"https:\/\/bialcon.pl\/wizytowa-sukienka-z-linii-bialcon-art?utm_source=blog&utm_medium=wyprzedaz&utm_campaign=050522\" class=\"product-block-url\" target=\"_blank\">\r\n                    <div class=\"product-block-image\">\r\n                        <img decoding=\"async\" width=\"300\" height=\"400\" src=\"https:\/\/bialcon.pl\/picture\/wizytowa-sukienka-z-linii-bialcon-art_1.jpg\" alt=\"Wizytowa sukienka z linii Bialcon Art\">\r\n                    <\/div>\r\n                    <div class=\"product-block-name\">\r\n                        <p>Wizytowa sukienka z linii Bialcon Art<\/p>\r\n                    <\/div>\r\n                <\/a>\r\n            <\/div>\r\n                    <div class=\"swiper-slide product-block-item\" data-id=\"144233\">\r\n                <a href=\"https:\/\/bialcon.pl\/czarna-dzianinowa-sukienka-z-kontrafalda?utm_source=blog&utm_medium=wyprzedaz&utm_campaign=050522\" class=\"product-block-url\" target=\"_blank\">\r\n                    <div class=\"product-block-image\">\r\n                        <img decoding=\"async\" width=\"300\" height=\"400\" src=\"https:\/\/bialcon.pl\/picture\/sukienka-czarny-home-o_6.jpg\" alt=\"Czarna dzianinowa sukienka z kontrafa\u0142d\u0105\">\r\n                    <\/div>\r\n                    <div class=\"product-block-name\">\r\n                        <p>Czarna dzianinowa sukienka z kontrafa\u0142d\u0105<\/p>\r\n                    <\/div>\r\n                <\/a>\r\n            <\/div>\r\n            <\/div>\r\n<\/div>\r\n\n\n\n\n<h3 class=\"wp-block-heading\">Rozkloszowana sukienka na chrzest<\/h3>\n\n\n\n<p>Sukienki o fasonie A-line s\u0105 doskona\u0142ym wyborem, poniewa\u017c delikatnie podkre\u015blaj\u0105 tali\u0119, jednocze\u015bnie zapewniaj\u0105c swobod\u0119 ruch\u00f3w. To elegancki i ponadczasowy fason \u2013 g\u00f3ra jest dopasowana, talia zaakcentowana, a d\u00f3\u0142 rozszerzany.<\/p>\n\n\n\r\n<div class=\"product-block-container swiper mySwiperProductBlock\">\r\n    <div class=\"product-block-swiper swiper-wrapper\">\r\n                    <div class=\"swiper-slide product-block-item\" data-id=\"147607\">\r\n                <a href=\"https:\/\/bialcon.pl\/sukienka-z-dzianiny-bawelnianej-w-kolorze-indyjskiego-rozu?utm_source=blog&utm_medium=wyprzedaz&utm_campaign=050522\" class=\"product-block-url\" target=\"_blank\">\r\n                    <div class=\"product-block-image\">\r\n                        <img decoding=\"async\" width=\"300\" height=\"400\" src=\"https:\/\/bialcon.pl\/picture\/sukienka-z-dzianiny-bawelnianej-w-kolorze-indyjskiego-rozu_3.jpg\" alt=\"Sukienka z dzianiny bawe\u0142nianej w kolorze indyjskiego r\u00f3\u017cu\">\r\n                    <\/div>\r\n                    <div class=\"product-block-name\">\r\n                        <p>Sukienka z dzianiny bawe\u0142nianej w kolorze indyjskiego r\u00f3\u017cu<\/p>\r\n                    <\/div>\r\n                <\/a>\r\n            <\/div>\r\n                    <div class=\"swiper-slide product-block-item\" data-id=\"147611\">\r\n                <a href=\"https:\/\/bialcon.pl\/dzianinowa-casualowa-sukienka-z-dekoltem-w-serek?utm_source=blog&utm_medium=wyprzedaz&utm_campaign=050522\" class=\"product-block-url\" target=\"_blank\">\r\n                    <div class=\"product-block-image\">\r\n                        <img decoding=\"async\" width=\"300\" height=\"400\" src=\"https:\/\/bialcon.pl\/picture\/dzianinowa-casualowa-sukienka-z-dekoltem-w-serek_1.jpg\" alt=\"Dzianinowa casualowa sukienka z dekoltem w serek\">\r\n                    <\/div>\r\n                    <div class=\"product-block-name\">\r\n                        <p>Dzianinowa casualowa sukienka z dekoltem w serek<\/p>\r\n                    <\/div>\r\n                <\/a>\r\n            <\/div>\r\n                    <div class=\"swiper-slide product-block-item\" data-id=\"147634\">\r\n                <a href=\"https:\/\/bialcon.pl\/blekitna-sukienka-midi-ze-strukturalnej-tkaniny?utm_source=blog&utm_medium=wyprzedaz&utm_campaign=050522\" class=\"product-block-url\" target=\"_blank\">\r\n                    <div class=\"product-block-image\">\r\n                        <img decoding=\"async\" width=\"300\" height=\"400\" src=\"https:\/\/bialcon.pl\/picture\/blekitna-sukienka-midi-ze-strukturalnej-tkaniny.jpg\" alt=\"B\u0142\u0119kitna sukienka midi ze strukturalnej tkaniny\">\r\n                    <\/div>\r\n                    <div class=\"product-block-name\">\r\n                        <p>B\u0142\u0119kitna sukienka midi ze strukturalnej tkaniny<\/p>\r\n                    <\/div>\r\n                <\/a>\r\n            <\/div>\r\n            <\/div>\r\n<\/div>\r\n\n\n\n\n<h3 class=\"wp-block-heading\">Klasyczny styl<\/h3>\n\n\n\n<p>&nbsp;Sukienki o klasycznym kroju s\u0105 zazwyczaj bezpiecznym wyborem. Proste linie, delikatne marszczenia czy eleganckie zdobienia sprawi\u0105, \u017ce matka chrzestna b\u0119dzie prezentowa\u0107 si\u0119 szykownie i stylowo.<\/p>\n\n\n\r\n<div class=\"product-block-container swiper mySwiperProductBlock\">\r\n    <div class=\"product-block-swiper swiper-wrapper\">\r\n                    <div class=\"swiper-slide product-block-item\" data-id=\"147694\">\r\n                <a href=\"https:\/\/bialcon.pl\/elegancka-granatowa-sukienka-kopertowa-z-bawelna?utm_source=blog&utm_medium=wyprzedaz&utm_campaign=050522\" class=\"product-block-url\" target=\"_blank\">\r\n                    <div class=\"product-block-image\">\r\n                        <img decoding=\"async\" width=\"300\" height=\"400\" src=\"https:\/\/bialcon.pl\/picture\/elegancka-granatowa-sukienka-kopertowa-z-bawelna_1.jpg\" alt=\"Elegancka granatowa sukienka kopertowa z bawe\u0142n\u0105\">\r\n                    <\/div>\r\n                    <div class=\"product-block-name\">\r\n                        <p>Elegancka granatowa sukienka kopertowa z bawe\u0142n\u0105<\/p>\r\n                    <\/div>\r\n                <\/a>\r\n            <\/div>\r\n                    <div class=\"swiper-slide product-block-item\" data-id=\"147534\">\r\n                <a href=\"https:\/\/bialcon.pl\/klasyczna-wizytowa-sukienka-z-krotkim-rekawem?utm_source=blog&utm_medium=wyprzedaz&utm_campaign=050522\" class=\"product-block-url\" target=\"_blank\">\r\n                    <div class=\"product-block-image\">\r\n                        <img decoding=\"async\" width=\"300\" height=\"400\" src=\"https:\/\/bialcon.pl\/picture\/klasyczna-wizytowa-sukienka-z-krotkim-rekawem_1.jpg\" alt=\"Klasyczna wizytowa sukienka z kr\u00f3tkim r\u0119kawem\">\r\n                    <\/div>\r\n                    <div class=\"product-block-name\">\r\n                        <p>Klasyczna wizytowa sukienka z kr\u00f3tkim r\u0119kawem<\/p>\r\n                    <\/div>\r\n                <\/a>\r\n            <\/div>\r\n                    <div class=\"swiper-slide product-block-item\" data-id=\"147570\">\r\n                <a href=\"https:\/\/bialcon.pl\/dopasowana-jasnorozowa-sukienka-za-kolano?utm_source=blog&utm_medium=wyprzedaz&utm_campaign=050522\" class=\"product-block-url\" target=\"_blank\">\r\n                    <div class=\"product-block-image\">\r\n                        <img decoding=\"async\" width=\"300\" height=\"400\" src=\"https:\/\/bialcon.pl\/picture\/dopasowana-jasnorozowa-sukienka-za-kolano_1.jpg\" alt=\"Dopasowana jasnor\u00f3\u017cowa sukienka za kolano\">\r\n                    <\/div>\r\n                    <div class=\"product-block-name\">\r\n                        <p>Dopasowana jasnor\u00f3\u017cowa sukienka za kolano<\/p>\r\n                    <\/div>\r\n                <\/a>\r\n            <\/div>\r\n            <\/div>\r\n<\/div>\r\n\n\n\n\n<h3 class=\"wp-block-heading\">Koronkowe detale<\/h3>\n\n\n\n<p>Sukienki z koronkowymi detalami dodaj\u0105 romantycznego i delikatnego charakteru. Koronka mo\u017ce by\u0107 u\u017cyta w r\u00f3\u017cnych miejscach sukienki, na przyk\u0142ad na r\u0119kawach, dekolcie czy dolnej cz\u0119\u015bci sukni.<\/p>\n\n\n\n<h3 class=\"wp-block-heading\">Tr\u00f3jcz\u0119\u015bciowy komplet<\/h3>\n\n\n\n<p>Warto rozwa\u017cy\u0107 tr\u00f3jcz\u0119\u015bciowe komplety, sk\u0142adaj\u0105ce si\u0119 z sukienki, marynarki i sp\u00f3dnicy lub spodni. Taki zestaw mo\u017ce by\u0107 elegancki i jednocze\u015bnie bardziej wszechstronny, umo\u017cliwiaj\u0105c dostosowanie stroju do r\u00f3\u017cnych moment\u00f3w uroczysto\u015bci.<\/p>\n\n\n\n<h3 class=\"wp-block-heading\">Sukienka dla matki chrzestnej nie tylko w pastelowych kolorach<\/h3>\n\n\n\n<p>&nbsp;Wybieraj\u0105c fason, pami\u0119tajmy r\u00f3wnie\u017c o kolorystyce. Klasyczne pastele zawsze s\u0105 bezpiecznym wyborem, ale tak\u017ce delikatne odcienie zieleni, br\u0105zu czy szaro\u015bci mog\u0105 by\u0107 eleganckie i ponadczasowe. Pi\u0119knie sprawdzi si\u0119 te\u017c pudrowy r\u00f3\u017c. Generalnie polecamy jasne barwy.<\/p>\n\n\n\n<p>Pami\u0119tajmy, \u017ce najwa\u017cniejsze jest, aby sukienka podkre\u015bla\u0142a indywidualny styl matki chrzestnej, by\u0142a odpowiednia do charakteru wydarzenia i przede wszystkim sprawia\u0142a, \u017ce osoba nosz\u0105ca j\u0105 b\u0119dzie czu\u0142a si\u0119 pewnie i wyj\u0105tkowo w tym wa\u017cnym dniu.<\/p>\n\n\n\n<p>Wybieraj\u0105c sukienk\u0119, zwr\u00f3\u0107 uwag\u0119 na u\u017cyte materia\u0142y. Unikaj nadmiernie cienkich lub prze\u015bwituj\u0105cych tkanin, zw\u0142aszcza je\u015bli ceremonia chrztu odb\u0119dzie si\u0119 w ko\u015bciele. Wygodne i eleganckie tkaniny, takie jak jedwab, koronka czy mikrofibra, mog\u0105 by\u0107 doskona\u0142ym wyborem.<\/p>\n\n\n\n<p>Warto skonsultowa\u0107 si\u0119 z rodzicami chrzczonego dziecka, je\u015bli chodzi o wyb\u00f3r sukienki. Mog\u0105 mie\u0107 pewne oczekiwania lub sugestie dotycz\u0105ce stroju matki chrzestnej, co pomo\u017ce unikn\u0105\u0107 ewentualnych nieporozumie\u0144.<\/p>\n\n\n\n<h2 class=\"wp-block-heading\"><span class=\"ez-toc-section\" id=\"Jak_sie_ubrac_na_chrzciny_%E2%80%93_wybor_zakietu\"><\/span>Jak si\u0119 ubra\u0107 na chrzciny &#8211; wyb\u00f3r \u017cakietu<span class=\"ez-toc-section-end\"><\/span><\/h2>\n\n\n\n<p>Stylizacj\u0119 dla matki chrzestnej, bazuj\u0105cej na prostej sukience, idealnie dope\u0142ni <a href=\"https:\/\/bialcon.pl\/odziez\/zakiety\" target=\"_blank\" rel=\"noreferrer noopener\"><strong>\u017cakiet<\/strong><\/a>. Sprawi, \u017ce ca\u0142o\u015b\u0107 b\u0119dzie wygl\u0105da\u0107 bardziej elegancko i klasycznie. Mo\u017cesz go mie\u0107 na sobie w ko\u015bciele, a na przyj\u0119ciu, gdy b\u0119dziesz sobie mog\u0142a pozwoli\u0107 na wi\u0119cej swobody i luzu, po prostu go \u015bci\u0105gniesz.<\/p>\n\n\n\n<p><a href=\"https:\/\/bialcon.pl\/odziez\/zakiety\" target=\"_blank\" rel=\"noreferrer noopener\"><strong>\u017bakiet<\/strong><\/a> jest idealnym wyborem na takie okazje, gdy chcemy wygl\u0105da\u0107 troch\u0119 bardziej formalnie, wytwornie, ale te\u017c kobieco. Jego fason \u015bwietnie podkre\u015bla tali\u0119, przez co wyszczupla ca\u0142\u0105 sylwetk\u0119. Ten wyj\u0105tkowy element garderoby sprawia, \u017ce ca\u0142a stylizacja wygl\u0105da bardziej elegancko lub bardziej casualowo \u2013 w zale\u017cno\u015bci od tego z czym go zestawimy np<strong>. <\/strong><a href=\"https:\/\/bialcon.pl\/odziez\/spodnice\/spodnice-olowkowe\" target=\"_blank\" rel=\"noreferrer noopener\"><strong>o\u0142\u00f3wkow\u0105<\/strong><\/a><strong> <\/strong><a href=\"https:\/\/bialcon.pl\/odziez\/spodnice\/spodnice-olowkowe\" target=\"_blank\" rel=\"noreferrer noopener\"><strong>sp\u00f3dnic\u0105<\/strong><\/a><strong> <\/strong>lub d\u017cinsami. \u017bakiet \u015bwietnie te\u017c prezentuje si\u0119 z sukienk\u0105 o prostym kroju.<\/p>\n\n\n\n<p>W stylizacji dla matki chrzestnej bardzo dobrze \u201ezagra\u201d klasyczny model w be\u017cowym odcieniu. Kolor ten jest twarzowy, a jednocze\u015bnie uniwersalny i stonowany, wi\u0119c \u015bwietnie b\u0119dzie pasowa\u0142 do ka\u017cdego koloru sukienki. Dobrze komponuje si\u0119 tak\u017ce z ubraniami wzorzystymi, gdy\u017c tonuje je optycznie. Wyk\u0142adany ko\u0142nierz i kieszenie z patk\u0105 dodaj\u0105 wytwornego akcentu. Model zapinany tylko na jeden guzik zapewnia swobod\u0119 ruch\u00f3w i dodatkowo \u0142adnie podkre\u015bla wci\u0119cie w pasie.<\/p>\n\n\n\n<p>Ciekaw\u0105 propozycj\u0105 jest te\u017c <a href=\"https:\/\/bialcon.pl\/odziez\/zakiety\/zakiety-do-sukienek\" target=\"_blank\" rel=\"noreferrer noopener\"><strong>kr\u00f3tki \u017cakiet<\/strong><\/a> do pasa, bez ko\u0142nierzyka z p\u00f3\u0142okr\u0105g\u0142ym ko\u0142nierzem i r\u0119kawami o d\u0142ugo\u015bci \u00be. Zapi\u0119cie na haftki zamiast na guziki dodatkowo pot\u0119guje wra\u017cenie lekko\u015bci. Taki model przypadnie do gustu kobietom, kt\u00f3re chc\u0105 wygl\u0105da\u0107 bardziej elegancko, ale nie lubi\u0105 nosi\u0107 marynarek.<\/p>\n\n\n\n<p>Ten typ <a href=\"https:\/\/bialcon.pl\/odziez\/zakiety\" target=\"_blank\" rel=\"noreferrer noopener\"><strong>\u017cakietu<\/strong><\/a> jest jak bardziej elegancka wersja ulubionego swetra typu bli\u017aniak. Je\u015bli za\u0142o\u017cysz ciemniejsz\u0105 lub wzorzyst\u0105 sukienk\u0119 dobrze b\u0119dzie pasowa\u0142 do niej jasnobe\u017cowy \u017cakiet. W przypadku ciemniejszego koloru sukienki, postaw na granatowy \u017cakiet, by nieco skontrastowa\u0107 kolorystyk\u0119 zestawu.<\/p>\n\n\n\r\n<div class=\"product-block-container swiper mySwiperProductBlock\">\r\n    <div class=\"product-block-swiper swiper-wrapper\">\r\n                    <div class=\"swiper-slide product-block-item\" data-id=\"147571\">\r\n                <a href=\"https:\/\/bialcon.pl\/klasyczny-jasnorozowy-zakiet-z-zapieciem-na-jeden-guzik?utm_source=blog&utm_medium=wyprzedaz&utm_campaign=050522\" class=\"product-block-url\" target=\"_blank\">\r\n                    <div class=\"product-block-image\">\r\n                        <img decoding=\"async\" width=\"300\" height=\"400\" src=\"https:\/\/bialcon.pl\/picture\/klasyczny-jasnorozowy-zakiet-z-zapieciem-na-jeden-guzik_1.jpg\" alt=\"Klasyczny jasnor\u00f3\u017cowy \u017cakiet z zapi\u0119ciem na jeden guzik\">\r\n                    <\/div>\r\n                    <div class=\"product-block-name\">\r\n                        <p>Klasyczny jasnor\u00f3\u017cowy \u017cakiet z zapi\u0119ciem na jeden guzik<\/p>\r\n                    <\/div>\r\n                <\/a>\r\n            <\/div>\r\n                    <div class=\"swiper-slide product-block-item\" data-id=\"147599\">\r\n                <a href=\"https:\/\/bialcon.pl\/taliowany-waniliowy-zakiet-z-delikatnymi-poduszkami?utm_source=blog&utm_medium=wyprzedaz&utm_campaign=050522\" class=\"product-block-url\" target=\"_blank\">\r\n                    <div class=\"product-block-image\">\r\n                        <img decoding=\"async\" width=\"300\" height=\"400\" src=\"https:\/\/bialcon.pl\/picture\/taliowany-waniliowy-zakiet-z-delikatnymi-poduszkami_2.jpg\" alt=\"Taliowany waniliowy \u017cakiet z delikatnymi poduszkami\">\r\n                    <\/div>\r\n                    <div class=\"product-block-name\">\r\n                        <p>Taliowany waniliowy \u017cakiet z delikatnymi poduszkami<\/p>\r\n                    <\/div>\r\n                <\/a>\r\n            <\/div>\r\n                    <div class=\"swiper-slide product-block-item\" data-id=\"147450\">\r\n                <a href=\"https:\/\/bialcon.pl\/seledynowy-krotki-zakiet-zapinany-na-haftke?utm_source=blog&utm_medium=wyprzedaz&utm_campaign=050522\" class=\"product-block-url\" target=\"_blank\">\r\n                    <div class=\"product-block-image\">\r\n                        <img decoding=\"async\" width=\"300\" height=\"400\" src=\"https:\/\/bialcon.pl\/picture\/seledynowy-krotki-zakiet-zapinany-na-haftke_3.jpg\" alt=\"Seledynowy kr\u00f3tki \u017cakiet zapinany na haftk\u0119\">\r\n                    <\/div>\r\n                    <div class=\"product-block-name\">\r\n                        <p>Seledynowy kr\u00f3tki \u017cakiet zapinany na haftk\u0119<\/p>\r\n                    <\/div>\r\n                <\/a>\r\n            <\/div>\r\n            <\/div>\r\n<\/div>\r\n\n\n\n\n<h2 class=\"wp-block-heading\"><span class=\"ez-toc-section\" id=\"Czy_matka_chrzestna_moze_na_uroczystosc_zalozyc_garnitur_damski\"><\/span>Czy matka chrzestna mo\u017ce na uroczysto\u015b\u0107 za\u0142o\u017cy\u0107 garnitur damski?<span class=\"ez-toc-section-end\"><\/span><\/h2>\n\n\n\n<p>Tak, matka chrzestna mo\u017ce za\u0142o\u017cy\u0107 garnitur na ceremoni\u0119 chrztu, je\u015bli taki str\u00f3j odpowiada jej osobistemu stylowi i jest odpowiedni dla charakteru uroczysto\u015bci. Wyb\u00f3r garnituru mo\u017ce by\u0107 doskona\u0142ym rozwi\u0105zaniem dla kobiet, kt\u00f3re preferuj\u0105 bardziej klasyczny i elegancki look.<\/p>\n\n\n\n<p>Wybieraj\u0105c garnitur, zwr\u00f3\u0107 uwag\u0119 na jego styl. Stylizacje wizytowe, a nawet garnitury wieczorowe, mog\u0105 by\u0107 odpowiednie na t\u0119 okazj\u0119. Unikaj zbyt biznesowego lub codziennego wygl\u0105du, aby zachowa\u0107 elegancj\u0119.<\/p>\n\n\n\n<p>Kolor garnituru powinien by\u0107 dopasowany do charakteru ceremonii i indywidualnych preferencji matki chrzestnej. Klasyczne kolory, takie jak granatowy, be\u017cowy czy pastele, mog\u0105 by\u0107 \u015bwietnym wyborem.<\/p>\n\n\n\n<p>Wybieraj\u0105c koszul\u0119, postaw na delikatne tony lub klasyczne bia\u0142e, do niej dobierz eleganckie spodnie. Wybieraj wysokiej jako\u015bci tkaniny, takie jak we\u0142na, kt\u00f3re dodadz\u0105 presti\u017cu i elegancji. Unikaj zbyt lu\u017anych czy zbyt obcis\u0142ych fason\u00f3w, aby zachowa\u0107 umiar.<\/p>\n\n\n\n<h2 class=\"wp-block-heading\"><span class=\"ez-toc-section\" id=\"Jak_dobrac_akcesoria_do_stylizacji_dla_matki_chrzestnej\"><\/span>Jak dobra\u0107 akcesoria do stylizacji dla matki chrzestnej<span class=\"ez-toc-section-end\"><\/span><\/h2>\n\n\n\n<p>Stylizacja matki chrzestnej na dzie\u0144 ceremonii chrztu jest r\u00f3wnie wa\u017cna, co wyb\u00f3r odpowiedniej sukienki. Odpowiednio dobrane akcesoria mog\u0105 podkre\u015bli\u0107 elegancj\u0119 i subtelno\u015b\u0107, dodaj\u0105c wyj\u0105tkowego blasku ca\u0142o\u015bci. Wybieraj\u0105c dodatki nale\u017cy pami\u0119ta\u0107 o tym, by zachowa\u0107 umiar oraz skromno\u015b\u0107.<\/p>\n\n\n\n<p>&nbsp;Unikaj zbyt krzykliwych wzor\u00f3w, a postaw na delikatne kolczyki, kt\u00f3re dodadz\u0105 subtelno\u015bci ca\u0142ej stylizacji. Wybierz klasyczny naszyjnik lub wisior, kt\u00f3ry b\u0119dzie harmonijny z dekoltem sukienki. Delikatna bi\u017cuteria sprawdzi si\u0119 najlepiej.<\/p>\n\n\n\n<p>&nbsp;Wybierz subtelne bransoletki, kt\u00f3re mog\u0105 by\u0107 zar\u00f3wno klasyczne, jak i nowoczesne. Odpowiednio dopasowana bransoletka mo\u017ce doda\u0107 elegancji. Je\u015bli nosisz zegarek, postaw na model klasyczny. Minimalistyczny, ale stylowy zegarek mo\u017ce by\u0107 znakomit\u0105 ozdob\u0105.<\/p>\n\n\n\n<p>&nbsp;Wybierz klasyczn\u0105 kopert\u00f3wk\u0119 w kolorze pasuj\u0105cym do sukienki. Mo\u017ce to by\u0107 elegancki dodatek, kt\u00f3ry pomie\u015bci najwa\u017cniejsze rzeczy, takie jak chusteczki czy telefon kom\u00f3rkowy. Je\u015bli ceremonia obejmuje d\u0142u\u017cszy pobyt, warto rozwa\u017cy\u0107 eleganck\u0105, subtelnie zdobion\u0105 torebk\u0119. Zrezygnuj ze zbyt du\u017cych modeli, aby zachowa\u0107 elegancj\u0119.<\/p>\n\n\n\n<h2 class=\"wp-block-heading\"><span class=\"ez-toc-section\" id=\"Obuwie_dla_matki_chrzestnej\"><\/span>Obuwie dla matki chrzestnej<span class=\"ez-toc-section-end\"><\/span><\/h2>\n\n\n\n<p>Wybierz buty, kt\u00f3re b\u0119d\u0105 wygodne, ale jednocze\u015bnie eleganckie. Klasyczne szpilki lub baleriny mog\u0105 by\u0107 doskona\u0142ym wyborem. Dobierz kolor obuwia do koloru sukienki.<\/p>\n\n\n\n<p>&nbsp;Je\u015bli matka chrzestna jest zwolenniczk\u0105 bardziej klasycznych i tradycyjnych dodatk\u00f3w, fascynator mo\u017ce by\u0107 idealnym wyborem. Subtelna ozdoba w postaci kwiatu czy pi\u00f3r doda uroku ca\u0142ej stylizacji. Je\u015bli ceremonia odbywa si\u0119 w ch\u0142odniejszym klimacie, elegancki kapelusz mo\u017ce by\u0107 zar\u00f3wno stylowym, jak i praktycznym dodatkiem. Dodaj subtelno\u015bci stylizacji, wybieraj\u0105c kr\u00f3tkie, koronkowe r\u0119kawiczki.<\/p>\n\n\n\n<p>Pami\u0119taj, aby akcesoria by\u0142y sp\u00f3jne ze stylem sukienki i samej matki chrzestnej. Mniej znaczy czasem wi\u0119cej, dlatego warto postawi\u0107 na delikatno\u015b\u0107 i subtelno\u015b\u0107, aby stworzy\u0107 harmonijn\u0105 ca\u0142o\u015b\u0107. Przy wyborze akcesori\u00f3w zawsze warto tak\u017ce kierowa\u0107 si\u0119 indywidualnymi preferencjami i stylem matki chrzestnej, by ca\u0142a stylizacja by\u0142a odzwierciedleniem jej wyj\u0105tkowej osobowo\u015bci.<\/p>\n\n\n\n<p>W przypadku stylizacji dla matki chrzestnej, warto kierowa\u0107 si\u0119 elegancj\u0105, skromno\u015bci\u0105 oraz komfortem noszenia. Zrozumienie charakteru wydarzenia i konsultacja z rodzicami dziecka pozwol\u0105 dokona\u0107 najlepszego wyboru, kt\u00f3ry b\u0119dzie nie tylko odpowiedni na t\u0119 uroczysto\u015b\u0107, ale tak\u017ce po latach b\u0119dzie wspomnieniem wyj\u0105tkowego dnia w \u017cyciu rodziny.<\/p>\n\n\n\n<p><\/p>\n\n\n\n<p><\/p>\n","protected":false},"excerpt":{"rendered":"<p>W Twoim rodzinnym gronie przysz\u0142o na \u015bwiat dziecko, a Ty zgodzi\u0142a\u015b si\u0119 zosta\u0107 mam\u0105 chrzestn\u0105. Teraz czeka Ci\u0119 radosna uroczysto\u015b\u0107 chrztu. Zastanawiasz si\u0119 wiec, jak si\u0119 ubra\u0107 na chrzciny, by wygl\u0105da\u0107 elegancko i stosownie do okazji. Ka\u017cda okazja do \u015bwi\u0119towania z bliskimi nam osobami to pow\u00f3d do zadowolenia, ale od razu pojawia si\u0119 dylemat czyli [&hellip;]<\/p>\n","protected":false},"author":10,"featured_media":12508,"comment_status":"closed","ping_status":"open","sticky":false,"template":"","format":"standard","meta":{"_acf_changed":false,"site-sidebar-layout":"default","site-content-layout":"","ast-site-content-layout":"default","site-content-style":"default","site-sidebar-style":"default","ast-global-header-display":"","ast-banner-title-visibility":"","ast-main-header-display":"","ast-hfb-above-header-display":"","ast-hfb-below-header-display":"","ast-hfb-mobile-header-display":"","site-post-title":"","ast-breadcrumbs-content":"","ast-featured-img":"","footer-sml-layout":"","theme-transparent-header-meta":"","adv-header-id-meta":"","stick-header-meta":"","header-above-stick-meta":"","header-main-stick-meta":"","header-below-stick-meta":"","astra-migrate-meta-layouts":"set","ast-page-background-enabled":"default","ast-page-background-meta":{"desktop":{"background-color":"","background-image":"","background-repeat":"repeat","background-position":"center center","background-size":"auto","background-attachment":"scroll","background-type":"","background-media":"","overlay-type":"","overlay-color":"","overlay-opacity":"","overlay-gradient":""},"tablet":{"background-color":"","background-image":"","background-repeat":"repeat","background-position":"center center","background-size":"auto","background-attachment":"scroll","background-type":"","background-media":"","overlay-type":"","overlay-color":"","overlay-opacity":"","overlay-gradient":""},"mobile":{"background-color":"","background-image":"","background-repeat":"repeat","background-position":"center center","background-size":"auto","background-attachment":"scroll","background-type":"","background-media":"","overlay-type":"","overlay-color":"","overlay-opacity":"","overlay-gradient":""}},"ast-content-background-meta":{"desktop":{"background-color":"var(--ast-global-color-5)","background-image":"","background-repeat":"repeat","background-position":"center center","background-size":"auto","background-attachment":"scroll","background-type":"","background-media":"","overlay-type":"","overlay-color":"","overlay-opacity":"","overlay-gradient":""},"tablet":{"background-color":"var(--ast-global-color-5)","background-image":"","background-repeat":"repeat","background-position":"center center","background-size":"auto","background-attachment":"scroll","background-type":"","background-media":"","overlay-type":"","overlay-color":"","overlay-opacity":"","overlay-gradient":""},"mobile":{"background-color":"var(--ast-global-color-5)","background-image":"","background-repeat":"repeat","background-position":"center center","background-size":"auto","background-attachment":"scroll","background-type":"","background-media":"","overlay-type":"","overlay-color":"","overlay-opacity":"","overlay-gradient":""}},"footnotes":""},"categories":[10,14],"tags":[],"class_list":["post-4950","post","type-post","status-publish","format-standard","has-post-thumbnail","hentry","category-porady-stylistki","category-wszystkie-wpisy"],"acf":[],"yoast_head":"<!-- This site is optimized with the Yoast SEO plugin v27.4 - https:\/\/yoast.com\/product\/yoast-seo-wordpress\/ -->\n<title>Stylizacje dla matki chrzestnej - Bialcon<\/title>\n<meta name=\"description\" content=\"Ju\u017c nied\u0142ugo czeka Ci\u0119 uroczysto\u015b\u0107 Chrztu \u015awi\u0119tego? Sprawd\u017a nasze modowe inspiracj\u0119 idealne na t\u0105 okazj\u0119 - proste sukienki, o\u0142\u00f3wkowa sp\u00f3dnica!\" \/>\n<meta name=\"robots\" content=\"index, follow, max-snippet:-1, max-image-preview:large, max-video-preview:-1\" \/>\n<link rel=\"canonical\" href=\"https:\/\/bialcon.pl\/blog\/stylizacje-dla-matki-chrzestnej\/\" \/>\n<meta name=\"twitter:label1\" content=\"Napisane przez\" \/>\n\t<meta name=\"twitter:data1\" content=\"Ma\u0142gorzata Brzezi\u0144ska\" \/>\n\t<meta name=\"twitter:label2\" content=\"Szacowany czas czytania\" \/>\n\t<meta name=\"twitter:data2\" content=\"8 minut\" \/>\n<script type=\"application\/ld+json\" class=\"yoast-schema-graph\">{\"@context\":\"https:\\\/\\\/schema.org\",\"@graph\":[{\"@type\":\"Article\",\"@id\":\"https:\\\/\\\/bialcon.pl\\\/blog\\\/stylizacje-dla-matki-chrzestnej\\\/#article\",\"isPartOf\":{\"@id\":\"https:\\\/\\\/bialcon.pl\\\/blog\\\/stylizacje-dla-matki-chrzestnej\\\/\"},\"author\":{\"name\":\"Ma\u0142gorzata Brzezi\u0144ska\",\"@id\":\"https:\\\/\\\/bialcon.pl\\\/blog\\\/#\\\/schema\\\/person\\\/cbbe4ae2297c5abd7376399985d5fabb\"},\"headline\":\"Stylizacje dla matki chrzestnej\",\"datePublished\":\"2022-05-05T09:40:00+00:00\",\"dateModified\":\"2025-11-24T08:09:02+00:00\",\"mainEntityOfPage\":{\"@id\":\"https:\\\/\\\/bialcon.pl\\\/blog\\\/stylizacje-dla-matki-chrzestnej\\\/\"},\"wordCount\":1616,\"image\":{\"@id\":\"https:\\\/\\\/bialcon.pl\\\/blog\\\/stylizacje-dla-matki-chrzestnej\\\/#primaryimage\"},\"thumbnailUrl\":\"https:\\\/\\\/bialcon.pl\\\/blog\\\/wp-content\\\/uploads\\\/2022\\\/05\\\/Projekt-bez-nazwy-58.png\",\"articleSection\":[\"Porady Stylistki\",\"Wszystkie wpisy\"],\"inLanguage\":\"pl-PL\"},{\"@type\":\"WebPage\",\"@id\":\"https:\\\/\\\/bialcon.pl\\\/blog\\\/stylizacje-dla-matki-chrzestnej\\\/\",\"url\":\"https:\\\/\\\/bialcon.pl\\\/blog\\\/stylizacje-dla-matki-chrzestnej\\\/\",\"name\":\"Stylizacje dla matki chrzestnej - Bialcon\",\"isPartOf\":{\"@id\":\"https:\\\/\\\/bialcon.pl\\\/blog\\\/#website\"},\"primaryImageOfPage\":{\"@id\":\"https:\\\/\\\/bialcon.pl\\\/blog\\\/stylizacje-dla-matki-chrzestnej\\\/#primaryimage\"},\"image\":{\"@id\":\"https:\\\/\\\/bialcon.pl\\\/blog\\\/stylizacje-dla-matki-chrzestnej\\\/#primaryimage\"},\"thumbnailUrl\":\"https:\\\/\\\/bialcon.pl\\\/blog\\\/wp-content\\\/uploads\\\/2022\\\/05\\\/Projekt-bez-nazwy-58.png\",\"datePublished\":\"2022-05-05T09:40:00+00:00\",\"dateModified\":\"2025-11-24T08:09:02+00:00\",\"author\":{\"@id\":\"https:\\\/\\\/bialcon.pl\\\/blog\\\/#\\\/schema\\\/person\\\/cbbe4ae2297c5abd7376399985d5fabb\"},\"description\":\"Ju\u017c nied\u0142ugo czeka Ci\u0119 uroczysto\u015b\u0107 Chrztu \u015awi\u0119tego? Sprawd\u017a nasze modowe inspiracj\u0119 idealne na t\u0105 okazj\u0119 - proste sukienki, o\u0142\u00f3wkowa sp\u00f3dnica!\",\"breadcrumb\":{\"@id\":\"https:\\\/\\\/bialcon.pl\\\/blog\\\/stylizacje-dla-matki-chrzestnej\\\/#breadcrumb\"},\"inLanguage\":\"pl-PL\",\"potentialAction\":[{\"@type\":\"ReadAction\",\"target\":[\"https:\\\/\\\/bialcon.pl\\\/blog\\\/stylizacje-dla-matki-chrzestnej\\\/\"]}]},{\"@type\":\"ImageObject\",\"inLanguage\":\"pl-PL\",\"@id\":\"https:\\\/\\\/bialcon.pl\\\/blog\\\/stylizacje-dla-matki-chrzestnej\\\/#primaryimage\",\"url\":\"https:\\\/\\\/bialcon.pl\\\/blog\\\/wp-content\\\/uploads\\\/2022\\\/05\\\/Projekt-bez-nazwy-58.png\",\"contentUrl\":\"https:\\\/\\\/bialcon.pl\\\/blog\\\/wp-content\\\/uploads\\\/2022\\\/05\\\/Projekt-bez-nazwy-58.png\",\"width\":960,\"height\":850,\"caption\":\"Wizualizacja kobiety w d\u0142ugiej sukience maxi w kolorze pudrowego r\u00f3\u017cu z kopertowym dekoltem\"},{\"@type\":\"BreadcrumbList\",\"@id\":\"https:\\\/\\\/bialcon.pl\\\/blog\\\/stylizacje-dla-matki-chrzestnej\\\/#breadcrumb\",\"itemListElement\":[{\"@type\":\"ListItem\",\"position\":1,\"name\":\"Strona g\u0142\u00f3wna\",\"item\":\"https:\\\/\\\/bialcon.pl\\\/blog\\\/\"},{\"@type\":\"ListItem\",\"position\":2,\"name\":\"Porady Stylistki\",\"item\":\"https:\\\/\\\/bialcon.pl\\\/blog\\\/porady-stylistki\\\/\"},{\"@type\":\"ListItem\",\"position\":3,\"name\":\"Stylizacje dla matki chrzestnej\"}]},{\"@type\":\"WebSite\",\"@id\":\"https:\\\/\\\/bialcon.pl\\\/blog\\\/#website\",\"url\":\"https:\\\/\\\/bialcon.pl\\\/blog\\\/\",\"name\":\"bialcon.pl\\\/blog\\\/\",\"description\":\"Fashion Blog w zasi\u0119gu Twojej r\u0119ki\",\"potentialAction\":[{\"@type\":\"SearchAction\",\"target\":{\"@type\":\"EntryPoint\",\"urlTemplate\":\"https:\\\/\\\/bialcon.pl\\\/blog\\\/?s={search_term_string}\"},\"query-input\":{\"@type\":\"PropertyValueSpecification\",\"valueRequired\":true,\"valueName\":\"search_term_string\"}}],\"inLanguage\":\"pl-PL\"},{\"@type\":\"Person\",\"@id\":\"https:\\\/\\\/bialcon.pl\\\/blog\\\/#\\\/schema\\\/person\\\/cbbe4ae2297c5abd7376399985d5fabb\",\"name\":\"Ma\u0142gorzata Brzezi\u0144ska\",\"image\":{\"@type\":\"ImageObject\",\"inLanguage\":\"pl-PL\",\"@id\":\"https:\\\/\\\/secure.gravatar.com\\\/avatar\\\/3fc4a4cdba63586f503a5c5711e9b04d01ab1234b186b03e727ad902b6f4912d?s=96&d=mm&r=g\",\"url\":\"https:\\\/\\\/secure.gravatar.com\\\/avatar\\\/3fc4a4cdba63586f503a5c5711e9b04d01ab1234b186b03e727ad902b6f4912d?s=96&d=mm&r=g\",\"contentUrl\":\"https:\\\/\\\/secure.gravatar.com\\\/avatar\\\/3fc4a4cdba63586f503a5c5711e9b04d01ab1234b186b03e727ad902b6f4912d?s=96&d=mm&r=g\",\"caption\":\"Ma\u0142gorzata Brzezi\u0144ska\"},\"description\":\"Autorka tre\u015bci z zakresu mody, urody i stylu \u017cycia. Tworzy artyku\u0142y i poradniki oparte na analizie trend\u00f3w oraz potrzeb u\u017cytkownik\u00f3w, \u0142\u0105cz\u0105c wiedz\u0119 z zakresu komunikacji marketingowej i praktyki contentowej. Specjalizuje si\u0119 w bran\u017cach fashion, beauty &amp; health oraz gourmet food, przygotowuj\u0105c tre\u015bci dopasowane do realnych sytuacji i wybor\u00f3w konsumenckich. Na co dzie\u0144 zajmuje si\u0119 r\u00f3wnie\u017c content marketingiem i SEO.\",\"sameAs\":[\"https:\\\/\\\/www.linkedin.com\\\/in\\\/gosia-brzezinska-827052b4\\\/\"],\"url\":\"https:\\\/\\\/bialcon.pl\\\/blog\\\/author\\\/brzezinska\\\/\"}]}<\/script>\n<!-- \/ Yoast SEO plugin. -->","yoast_head_json":{"title":"Stylizacje dla matki chrzestnej - Bialcon","description":"Ju\u017c nied\u0142ugo czeka Ci\u0119 uroczysto\u015b\u0107 Chrztu \u015awi\u0119tego? Sprawd\u017a nasze modowe inspiracj\u0119 idealne na t\u0105 okazj\u0119 - proste sukienki, o\u0142\u00f3wkowa sp\u00f3dnica!","robots":{"index":"index","follow":"follow","max-snippet":"max-snippet:-1","max-image-preview":"max-image-preview:large","max-video-preview":"max-video-preview:-1"},"canonical":"https:\/\/bialcon.pl\/blog\/stylizacje-dla-matki-chrzestnej\/","twitter_misc":{"Napisane przez":"Ma\u0142gorzata Brzezi\u0144ska","Szacowany czas czytania":"8 minut"},"schema":{"@context":"https:\/\/schema.org","@graph":[{"@type":"Article","@id":"https:\/\/bialcon.pl\/blog\/stylizacje-dla-matki-chrzestnej\/#article","isPartOf":{"@id":"https:\/\/bialcon.pl\/blog\/stylizacje-dla-matki-chrzestnej\/"},"author":{"name":"Ma\u0142gorzata Brzezi\u0144ska","@id":"https:\/\/bialcon.pl\/blog\/#\/schema\/person\/cbbe4ae2297c5abd7376399985d5fabb"},"headline":"Stylizacje dla matki chrzestnej","datePublished":"2022-05-05T09:40:00+00:00","dateModified":"2025-11-24T08:09:02+00:00","mainEntityOfPage":{"@id":"https:\/\/bialcon.pl\/blog\/stylizacje-dla-matki-chrzestnej\/"},"wordCount":1616,"image":{"@id":"https:\/\/bialcon.pl\/blog\/stylizacje-dla-matki-chrzestnej\/#primaryimage"},"thumbnailUrl":"https:\/\/bialcon.pl\/blog\/wp-content\/uploads\/2022\/05\/Projekt-bez-nazwy-58.png","articleSection":["Porady Stylistki","Wszystkie wpisy"],"inLanguage":"pl-PL"},{"@type":"WebPage","@id":"https:\/\/bialcon.pl\/blog\/stylizacje-dla-matki-chrzestnej\/","url":"https:\/\/bialcon.pl\/blog\/stylizacje-dla-matki-chrzestnej\/","name":"Stylizacje dla matki chrzestnej - Bialcon","isPartOf":{"@id":"https:\/\/bialcon.pl\/blog\/#website"},"primaryImageOfPage":{"@id":"https:\/\/bialcon.pl\/blog\/stylizacje-dla-matki-chrzestnej\/#primaryimage"},"image":{"@id":"https:\/\/bialcon.pl\/blog\/stylizacje-dla-matki-chrzestnej\/#primaryimage"},"thumbnailUrl":"https:\/\/bialcon.pl\/blog\/wp-content\/uploads\/2022\/05\/Projekt-bez-nazwy-58.png","datePublished":"2022-05-05T09:40:00+00:00","dateModified":"2025-11-24T08:09:02+00:00","author":{"@id":"https:\/\/bialcon.pl\/blog\/#\/schema\/person\/cbbe4ae2297c5abd7376399985d5fabb"},"description":"Ju\u017c nied\u0142ugo czeka Ci\u0119 uroczysto\u015b\u0107 Chrztu \u015awi\u0119tego? Sprawd\u017a nasze modowe inspiracj\u0119 idealne na t\u0105 okazj\u0119 - proste sukienki, o\u0142\u00f3wkowa sp\u00f3dnica!","breadcrumb":{"@id":"https:\/\/bialcon.pl\/blog\/stylizacje-dla-matki-chrzestnej\/#breadcrumb"},"inLanguage":"pl-PL","potentialAction":[{"@type":"ReadAction","target":["https:\/\/bialcon.pl\/blog\/stylizacje-dla-matki-chrzestnej\/"]}]},{"@type":"ImageObject","inLanguage":"pl-PL","@id":"https:\/\/bialcon.pl\/blog\/stylizacje-dla-matki-chrzestnej\/#primaryimage","url":"https:\/\/bialcon.pl\/blog\/wp-content\/uploads\/2022\/05\/Projekt-bez-nazwy-58.png","contentUrl":"https:\/\/bialcon.pl\/blog\/wp-content\/uploads\/2022\/05\/Projekt-bez-nazwy-58.png","width":960,"height":850,"caption":"Wizualizacja kobiety w d\u0142ugiej sukience maxi w kolorze pudrowego r\u00f3\u017cu z kopertowym dekoltem"},{"@type":"BreadcrumbList","@id":"https:\/\/bialcon.pl\/blog\/stylizacje-dla-matki-chrzestnej\/#breadcrumb","itemListElement":[{"@type":"ListItem","position":1,"name":"Strona g\u0142\u00f3wna","item":"https:\/\/bialcon.pl\/blog\/"},{"@type":"ListItem","position":2,"name":"Porady Stylistki","item":"https:\/\/bialcon.pl\/blog\/porady-stylistki\/"},{"@type":"ListItem","position":3,"name":"Stylizacje dla matki chrzestnej"}]},{"@type":"WebSite","@id":"https:\/\/bialcon.pl\/blog\/#website","url":"https:\/\/bialcon.pl\/blog\/","name":"bialcon.pl\/blog\/","description":"Fashion Blog w zasi\u0119gu Twojej r\u0119ki","potentialAction":[{"@type":"SearchAction","target":{"@type":"EntryPoint","urlTemplate":"https:\/\/bialcon.pl\/blog\/?s={search_term_string}"},"query-input":{"@type":"PropertyValueSpecification","valueRequired":true,"valueName":"search_term_string"}}],"inLanguage":"pl-PL"},{"@type":"Person","@id":"https:\/\/bialcon.pl\/blog\/#\/schema\/person\/cbbe4ae2297c5abd7376399985d5fabb","name":"Ma\u0142gorzata Brzezi\u0144ska","image":{"@type":"ImageObject","inLanguage":"pl-PL","@id":"https:\/\/secure.gravatar.com\/avatar\/3fc4a4cdba63586f503a5c5711e9b04d01ab1234b186b03e727ad902b6f4912d?s=96&d=mm&r=g","url":"https:\/\/secure.gravatar.com\/avatar\/3fc4a4cdba63586f503a5c5711e9b04d01ab1234b186b03e727ad902b6f4912d?s=96&d=mm&r=g","contentUrl":"https:\/\/secure.gravatar.com\/avatar\/3fc4a4cdba63586f503a5c5711e9b04d01ab1234b186b03e727ad902b6f4912d?s=96&d=mm&r=g","caption":"Ma\u0142gorzata Brzezi\u0144ska"},"description":"Autorka tre\u015bci z zakresu mody, urody i stylu \u017cycia. Tworzy artyku\u0142y i poradniki oparte na analizie trend\u00f3w oraz potrzeb u\u017cytkownik\u00f3w, \u0142\u0105cz\u0105c wiedz\u0119 z zakresu komunikacji marketingowej i praktyki contentowej. Specjalizuje si\u0119 w bran\u017cach fashion, beauty &amp; health oraz gourmet food, przygotowuj\u0105c tre\u015bci dopasowane do realnych sytuacji i wybor\u00f3w konsumenckich. Na co dzie\u0144 zajmuje si\u0119 r\u00f3wnie\u017c content marketingiem i SEO.","sameAs":["https:\/\/www.linkedin.com\/in\/gosia-brzezinska-827052b4\/"],"url":"https:\/\/bialcon.pl\/blog\/author\/brzezinska\/"}]}},"_links":{"self":[{"href":"https:\/\/bialcon.pl\/blog\/wp-json\/wp\/v2\/posts\/4950","targetHints":{"allow":["GET"]}}],"collection":[{"href":"https:\/\/bialcon.pl\/blog\/wp-json\/wp\/v2\/posts"}],"about":[{"href":"https:\/\/bialcon.pl\/blog\/wp-json\/wp\/v2\/types\/post"}],"author":[{"embeddable":true,"href":"https:\/\/bialcon.pl\/blog\/wp-json\/wp\/v2\/users\/10"}],"replies":[{"embeddable":true,"href":"https:\/\/bialcon.pl\/blog\/wp-json\/wp\/v2\/comments?post=4950"}],"version-history":[{"count":16,"href":"https:\/\/bialcon.pl\/blog\/wp-json\/wp\/v2\/posts\/4950\/revisions"}],"predecessor-version":[{"id":11337,"href":"https:\/\/bialcon.pl\/blog\/wp-json\/wp\/v2\/posts\/4950\/revisions\/11337"}],"wp:featuredmedia":[{"embeddable":true,"href":"https:\/\/bialcon.pl\/blog\/wp-json\/wp\/v2\/media\/12508"}],"wp:attachment":[{"href":"https:\/\/bialcon.pl\/blog\/wp-json\/wp\/v2\/media?parent=4950"}],"wp:term":[{"taxonomy":"category","embeddable":true,"href":"https:\/\/bialcon.pl\/blog\/wp-json\/wp\/v2\/categories?post=4950"},{"taxonomy":"post_tag","embeddable":true,"href":"https:\/\/bialcon.pl\/blog\/wp-json\/wp\/v2\/tags?post=4950"}],"curies":[{"name":"wp","href":"https:\/\/api.w.org\/{rel}","templated":true}]}}