{"id":3945,"date":"2021-12-23T07:08:00","date_gmt":"2021-12-23T06:08:00","guid":{"rendered":"https:\/\/blog.bialcon.pl\/?p=3945"},"modified":"2025-11-17T13:14:55","modified_gmt":"2025-11-17T12:14:55","slug":"kamelowy-kontra-czarny-wybieramy-kolor-plaszcza-na-zime","status":"publish","type":"post","link":"https:\/\/bialcon.pl\/blog\/kamelowy-kontra-czarny-wybieramy-kolor-plaszcza-na-zime\/","title":{"rendered":"Kamelowy kontra czarny \u2013 wybieramy kolor p\u0142aszcza na zim\u0119."},"content":{"rendered":"<div id=\"ez-toc-container\" class=\"ez-toc-v2_0_82_2 counter-hierarchy ez-toc-counter ez-toc-custom ez-toc-container-direction\">\n<div class=\"ez-toc-title-container\"><p class=\"ez-toc-title\" style=\"cursor:inherit\">Spis Tre\u015bci<\/p>\n<\/div><nav><ul class='ez-toc-list ez-toc-list-level-1 ' ><li class='ez-toc-page-1 ez-toc-heading-level-2'><a class=\"ez-toc-link ez-toc-heading-1\" href=\"https:\/\/bialcon.pl\/blog\/kamelowy-kontra-czarny-wybieramy-kolor-plaszcza-na-zime\/#Kiedy_czarny_plaszcz_to_nie_najlepszy_wybor\" >Kiedy czarny p\u0142aszcz to nie najlepszy wyb\u00f3r?<\/a><\/li><li class='ez-toc-page-1 ez-toc-heading-level-2'><a class=\"ez-toc-link ez-toc-heading-2\" href=\"https:\/\/bialcon.pl\/blog\/kamelowy-kontra-czarny-wybieramy-kolor-plaszcza-na-zime\/#Jakie_dodatki_do_czarnego_plaszcza\" >Jakie dodatki do czarnego p\u0142aszcza?<\/a><\/li><li class='ez-toc-page-1 ez-toc-heading-level-2'><a class=\"ez-toc-link ez-toc-heading-3\" href=\"https:\/\/bialcon.pl\/blog\/kamelowy-kontra-czarny-wybieramy-kolor-plaszcza-na-zime\/#Dlaczego_warto_wybrac_plaszcz_kamelowy\" >Dlaczego warto wybra\u0107 p\u0142aszcz kamelowy?<\/a><\/li><li class='ez-toc-page-1 ez-toc-heading-level-2'><a class=\"ez-toc-link ez-toc-heading-4\" href=\"https:\/\/bialcon.pl\/blog\/kamelowy-kontra-czarny-wybieramy-kolor-plaszcza-na-zime\/#Jakie_dodatki_wybrac_do_plaszcza_kamelowego\" >Jakie dodatki wybra\u0107 do p\u0142aszcza kamelowego?<\/a><\/li><\/ul><\/nav><\/div>\n\n<p><strong>P\u0142aszcz to kluczowy element naszej zimowej garderoby. Przede wszystkim chroni przed zimnem, a przy tym jest bardziej elegancki ni\u017c kurtkach puchowa i \u0142adniej eksponuje sylwetk\u0119. Sprawia, \u017ce wygl\u0105damy bardziej stylowo, nawet nosz\u0105c zwyk\u0142e d\u017cinsy. Nie kr\u0119puje ruch\u00f3w. Zim\u0105 si\u0119gamy raczej po d\u0142u\u017csze modele, za kolano, kt\u00f3re zapewniaj\u0105 ciep\u0142o. W kwestii koloru cz\u0119sto zadajemy sobie pytanie czy wybra\u0107 klasyczny p\u0142aszcz czarny czy bardziej subtelny odcie\u0144 kamelowy.<\/strong><\/p>\n\n\n\n<p><strong><a href=\"https:\/\/bialcon.pl\/odziez\/plaszcze-damskie\/plaszcze-welniane?utm_source=blog&amp;utm_medium=porady+stylisty+&amp;utm_campaign=231221\" target=\"_blank\" rel=\"noreferrer noopener\">Czarny p\u0142aszcz<\/a><\/strong> mo\u017ce si\u0119 wydawa\u0107 najlepszym rozwi\u0105zaniem. Jest praktyczny, nie wida\u0107 na nim zabrudze\u0144, o kt\u00f3re zimow\u0105 por\u0105 nie trudno. Pasuje do wszystkiego, a zim\u0105 raczej jeste\u015bmy przyzwyczajeni to tego, by kupowa\u0107 ciemniejsze ubrania. Niezale\u017cnie od tego, czy zdecydujemy si\u0119 na wersj\u0119 puchow\u0105 czy klasyczny we\u0142niany trencz \u2013 <strong><a href=\"https:\/\/bialcon.pl\/odziez\/plaszcze-damskie?utm_source=blog&amp;utm_medium=porady+stylisty+&amp;utm_campaign=231221\" target=\"_blank\" rel=\"noreferrer noopener\">czarny p\u0142aszcz<\/a><\/strong> mo\u017ce si\u0119 wydawa\u0107 strza\u0142em w dziesi\u0105tk\u0119.<\/p>\n\n\n\n<h2 class=\"wp-block-heading\"><span class=\"ez-toc-section\" id=\"Kiedy_czarny_plaszcz_to_nie_najlepszy_wybor\"><\/span><strong>Kiedy czarny p\u0142aszcz to nie najlepszy wyb\u00f3r?<\/strong><span class=\"ez-toc-section-end\"><\/span><\/h2>\n\n\n\n<p>Jednak ten pozornie oczywisty wyb\u00f3r ma tak\u017ce swoje wady. Kobiety o jasnym odcieniu w\u0142os\u00f3w i sk\u00f3ry mog\u0105 w <strong><a href=\"https:\/\/bialcon.pl\/odziez\/plaszcze-damskie?utm_source=blog&amp;utm_medium=porady+stylisty+&amp;utm_campaign=231221\" target=\"_blank\" rel=\"noreferrer noopener\">czarnym p\u0142aszczu<\/a><\/strong> wygl\u0105da\u0107 mniej korzystnie. Czer\u0144 jest dla nich po prostu zbyt ci\u0119\u017cka optycznie i przyt\u0142aczaj\u0105ca. Mo\u017ce podkre\u015bla\u0107 blado\u015b\u0107 cery i sprawia\u0107, \u017ce twarz b\u0119dzie wygl\u0105da\u0107 na bardziej zm\u0119czon\u0105. <strong><a href=\"https:\/\/bialcon.pl\/odziez\/plaszcze-damskie?utm_source=blog&amp;utm_medium=porady+stylisty+&amp;utm_campaign=231221\">Czarny p\u0142asz<\/a><a href=\"https:\/\/bialcon.pl\/odziez\/plaszcze-damskie?utm_source=blog&amp;utm_medium=porady+stylisty+&amp;utm_campaign=231221\" target=\"_blank\" rel=\"noreferrer noopener\">c<\/a><a href=\"https:\/\/bialcon.pl\/odziez\/plaszcze-damskie?utm_source=blog&amp;utm_medium=porady+stylisty+&amp;utm_campaign=231221\">z<\/a><\/strong> zdecydowanie lepiej b\u0119dzie s\u0142u\u017cy\u0142 kobietom o jesiennym i zimowym typie urody \u2013 czyli takim, kt\u00f3re maj\u0105 ciemniejsze w\u0142osy i karnacje, a ich naturalna kolorystyka jest bardziej nasycona i kontrastowa.<\/p>\n\n\n\n<p>Niezale\u017cnie od typu urody, stylizacja oparta na <a href=\"https:\/\/bialcon.pl\/odziez\/plaszcze-damskie?utm_source=blog&amp;utm_medium=porady+stylisty+&amp;utm_campaign=231221\" target=\"_blank\" rel=\"noreferrer noopener\"><strong>czarnym p\u0142aszczu<\/strong> <\/a>mo\u017ce si\u0119 wygl\u0105da\u0107 nudno i monotonnie. Dlatego warto wybra\u0107 odpowiedni model. Przede wszystkim wa\u017cna jest jako\u015b\u0107 \u2013 warto zainwestowa\u0107 w dobry, naturalny materia\u0142 np. we\u0142n\u0119.<a href=\"https:\/\/bialcon.pl\/odziez\/plaszcze-damskie\/plaszcze-welniane?utm_source=blog&amp;utm_medium=porady+stylisty+&amp;utm_campaign=231221\" target=\"_blank\" rel=\"noreferrer noopener\"> <strong>P\u0142aszcz czarny z we\u0142ny<\/strong><\/a> zawsze b\u0119dzie wygl\u0105da\u0142 bardziej stylowo ni\u017c ten uszyty ze sztucznego materia\u0142u. Warto zwr\u00f3ci\u0107 uwag\u0119, \u017ce w przypadku stylizacji zdominowanych przez czer\u0144, warto miesza\u0107 faktur\u0119 materia\u0142\u00f3w. \u015awietn\u0105 i bardziej oryginaln\u0105 propozycj\u0105 b\u0119dzie wi\u0119c trencz ze sk\u00f3rzanymi lam\u00f3wkami, sk\u00f3rzanym pasem lub futrzanym ko\u0142nierzem.<\/p>\n\n\n\r\n<div class=\"product-block-container swiper mySwiperProductBlock\">\r\n    <div class=\"product-block-swiper swiper-wrapper\">\r\n                    <div class=\"swiper-slide product-block-item\" data-id=\"147008\">\r\n                <a href=\"https:\/\/bialcon.pl\/plaszcz-z-grubej-tkaniny-boucle-z-dodatkiem-welny?utm_source=blog&utm_medium=wyprzedaz&utm_campaign=211221\" class=\"product-block-url\" target=\"_blank\">\r\n                    <div class=\"product-block-image\">\r\n                        <img decoding=\"async\" width=\"300\" height=\"400\" src=\"https:\/\/bialcon.pl\/picture\/plaszcz-z-grubej-tkaniny-boucle-z-dodatkiem-welny_1.jpg\" alt=\"P\u0142aszcz z grubej tkaniny boucle z dodatkiem we\u0142ny\">\r\n                    <\/div>\r\n                    <div class=\"product-block-name\">\r\n                        <p>P\u0142aszcz z grubej tkaniny boucle z dodatkiem we\u0142ny<\/p>\r\n                    <\/div>\r\n                <\/a>\r\n            <\/div>\r\n                    <div class=\"swiper-slide product-block-item\" data-id=\"147027\">\r\n                <a href=\"https:\/\/bialcon.pl\/welniany-dwurzedowy-szary-plaszcz-w-jodelke?utm_source=blog&utm_medium=wyprzedaz&utm_campaign=211221\" class=\"product-block-url\" target=\"_blank\">\r\n                    <div class=\"product-block-image\">\r\n                        <img decoding=\"async\" width=\"300\" height=\"400\" src=\"https:\/\/bialcon.pl\/picture\/welniany-dwurzedowy-szary-plaszcz-w-jodelke_1.jpg\" alt=\"We\u0142niany dwurz\u0119dowy szary p\u0142aszcz w jode\u0142k\u0119\">\r\n                    <\/div>\r\n                    <div class=\"product-block-name\">\r\n                        <p>We\u0142niany dwurz\u0119dowy szary p\u0142aszcz w jode\u0142k\u0119<\/p>\r\n                    <\/div>\r\n                <\/a>\r\n            <\/div>\r\n                    <div class=\"swiper-slide product-block-item\" data-id=\"147029\">\r\n                <a href=\"https:\/\/bialcon.pl\/stylowy-dlugi-plaszcz-w-pepitke-z-dodatkiem-welny?utm_source=blog&utm_medium=wyprzedaz&utm_campaign=211221\" class=\"product-block-url\" target=\"_blank\">\r\n                    <div class=\"product-block-image\">\r\n                        <img decoding=\"async\" width=\"300\" height=\"400\" src=\"https:\/\/bialcon.pl\/picture\/stylowy-dlugi-plaszcz-w-pepitke-z-dodatkiem-welny_7.jpg\" alt=\"Stylowy d\u0142ugi p\u0142aszcz w pepitk\u0119 z dodatkiem we\u0142ny\">\r\n                    <\/div>\r\n                    <div class=\"product-block-name\">\r\n                        <p>Stylowy d\u0142ugi p\u0142aszcz w pepitk\u0119 z dodatkiem we\u0142ny<\/p>\r\n                    <\/div>\r\n                <\/a>\r\n            <\/div>\r\n            <\/div>\r\n<\/div>\r\n\n\n\n\n<h2 class=\"wp-block-heading\"><span class=\"ez-toc-section\" id=\"Jakie_dodatki_do_czarnego_plaszcza\"><\/span><strong>Jakie dodatki do czarnego p\u0142aszcza?<\/strong><span class=\"ez-toc-section-end\"><\/span><\/h2>\n\n\n\n<p>Je\u015bli zdecydujemy si\u0119 na<a href=\"https:\/\/bialcon.pl\/odziez\/plaszcze-damskie?utm_source=blog&amp;utm_medium=porady+stylisty+&amp;utm_campaign=231221\" target=\"_blank\" rel=\"noreferrer noopener\"> <strong>czarny p\u0142aszcz<\/strong><\/a>, dzi\u0119ki odpowiednim dodatkom mo\u017cemy zmienia\u0107 jego wygl\u0105d tak cz\u0119sto, jak tylko chcemy. Czyli zapobiega\u0107 stylizacyjnej nudzie, kt\u00f3ra czasem wkrada si\u0119, gdy stawiamy na klasyczny look. Przede wszystkim z pomoc\u0105 przychodz\u0105 nam szale i apaszki, mog\u0105 by\u0107 wzorzyste, kolorowe, modnie zawi\u0105zane. W bardziej klasycznym wydaniu sprawdz\u0105 si\u0119 szale i r\u0119kawiczki oraz czapki w odcieniach subtelnych, ja\u015bniejszych i neutralnych np. be\u017c, ecru, odcie\u0144 miodowy. Osoby lubi\u0105ce si\u0119 wyr\u00f3\u017cnia\u0107 lub eksperymentowa\u0107, mog\u0105 si\u0119gn\u0105\u0107 po odcienie neonowe \u2013 \u017c\u00f3\u0142\u0107 i pomara\u0144cz, kt\u00f3re tworz\u0105 elektryzuj\u0105ce po\u0142\u0105czenia z czerni\u0105. Natomiast w ka\u017cdym przypadku nale\u017cy zachowa\u0107 ostro\u017cno\u015b\u0107 w doborze szala w kolorze ciemnoszarym lub ciemnobr\u0105zowym, gdy\u017c efekt mo\u017ce by\u0107 ci\u0119\u017cki wizualnie.<\/p>\n\n\n\n<h2 class=\"wp-block-heading\"><span class=\"ez-toc-section\" id=\"Dlaczego_warto_wybrac_plaszcz_kamelowy\"><\/span><strong>Dlaczego warto wybra\u0107 p\u0142aszcz kamelowy?<\/strong><span class=\"ez-toc-section-end\"><\/span><\/h2>\n\n\n\n<p><strong><a href=\"https:\/\/bialcon.pl\/odziez\/plaszcze-damskie?utm_source=blog&amp;utm_medium=porady+stylisty+&amp;utm_campaign=231221\" target=\"_blank\" rel=\"noreferrer noopener\">P\u0142aszcz kamelowy<\/a><\/strong> to klasyczny wyb\u00f3r, elegancki, a jednocze\u015bnie nieoczywisty. Gdy na ulicach zimow\u0105 por\u0105 dominuje czer\u0144, ciemniejsze odcienie br\u0105zu, szaro\u015bci, granatu lub khaki \u2013 odcienie nude zdecydowanie si\u0119 wyr\u00f3\u017cniaj\u0105, ale w spos\u00f3b subtelny i nienachalny. Minusem takiego wyboru mo\u017ce by\u0107 fakt, \u017ce na ja\u015bniejszym materiale bardziej dostrzegalne s\u0105 wszelkie zabrudzenia. Wi\u0119c osoby, kt\u00f3re korzystaj\u0105 na co dzie\u0144 z komunikacji miejskiej lub du\u017co spaceruj\u0105 po mie\u015bcie, mog\u0105 rozwa\u017cy\u0107 zakup <strong><a href=\"https:\/\/bialcon.pl\/odziez\/plaszcze-damskie?utm_source=blog&amp;utm_medium=porady+stylisty+&amp;utm_campaign=231221\" target=\"_blank\" rel=\"noreferrer noopener\">p\u0142aszcza czarnego<\/a><\/strong> lub w ciemniejszych odcieniach ni\u017c kamelowy. Je\u015bli nie musimy zwraca\u0107 uwagi na aspekt praktyczny, to <a href=\"https:\/\/bialcon.pl\/odziez\/plaszcze-damskie?utm_source=blog&amp;utm_medium=porady+stylisty+&amp;utm_campaign=231221\" target=\"_blank\" rel=\"noreferrer noopener\"><strong>kamelowy p\u0142aszcz<\/strong> <\/a>mo\u017ce si\u0119 okaza\u0107 idealny \u2013 pasuje do wi\u0119kszo\u015bci typ\u00f3w urody, pasuje do wi\u0119kszo\u015b\u0107 ubra\u0144 oraz sprawia, \u017ce wygl\u0105damy szykownie. Przy wyborze odcienia warto zwr\u00f3ci\u0107 uwag\u0119, by nie zlewa\u0142 si\u0119 z kolorem naszych w\u0142os\u00f3w.<\/p>\n\n\n\n<h2 class=\"wp-block-heading\"><span class=\"ez-toc-section\" id=\"Jakie_dodatki_wybrac_do_plaszcza_kamelowego\"><\/span><strong>Jakie dodatki wybra\u0107 do p\u0142aszcza kamelowego?<\/strong><span class=\"ez-toc-section-end\"><\/span><\/h2>\n\n\n\n<p>Czarny sk\u00f3rzany pasek i r\u0119kawiczki to zawsze dobry i bezpieczny wyb\u00f3r, gdy szukamy dodatk\u00f3w do kamelowego p\u0142aszcza. Mo\u017cemy te\u017c si\u0119gn\u0105\u0107 po czarny lub jasnobe\u017cowy szal \u2013 w\u00f3wczas stylizacja zyska na lekko\u015bci.<\/p>\n","protected":false},"excerpt":{"rendered":"<p>P\u0142aszcz to kluczowy element naszej zimowej garderoby. Przede wszystkim chroni przed zimnem, a przy tym jest bardziej elegancki ni\u017c kurtkach puchowa i \u0142adniej eksponuje sylwetk\u0119. Sprawia, \u017ce wygl\u0105damy bardziej stylowo, nawet nosz\u0105c zwyk\u0142e d\u017cinsy. Nie kr\u0119puje ruch\u00f3w. Zim\u0105 si\u0119gamy raczej po d\u0142u\u017csze modele, za kolano, kt\u00f3re zapewniaj\u0105 ciep\u0142o. W kwestii koloru cz\u0119sto zadajemy sobie pytanie [&hellip;]<\/p>\n","protected":false},"author":10,"featured_media":12310,"comment_status":"closed","ping_status":"open","sticky":false,"template":"","format":"standard","meta":{"_acf_changed":false,"site-sidebar-layout":"default","site-content-layout":"default","ast-site-content-layout":"default","site-content-style":"default","site-sidebar-style":"default","ast-global-header-display":"","ast-banner-title-visibility":"","ast-main-header-display":"","ast-hfb-above-header-display":"","ast-hfb-below-header-display":"","ast-hfb-mobile-header-display":"","site-post-title":"","ast-breadcrumbs-content":"","ast-featured-img":"","footer-sml-layout":"","theme-transparent-header-meta":"default","adv-header-id-meta":"","stick-header-meta":"","header-above-stick-meta":"","header-main-stick-meta":"","header-below-stick-meta":"","astra-migrate-meta-layouts":"set","ast-page-background-enabled":"default","ast-page-background-meta":{"desktop":{"background-color":"","background-image":"","background-repeat":"repeat","background-position":"center center","background-size":"auto","background-attachment":"scroll","background-type":"","background-media":"","overlay-type":"","overlay-color":"","overlay-opacity":"","overlay-gradient":""},"tablet":{"background-color":"","background-image":"","background-repeat":"repeat","background-position":"center center","background-size":"auto","background-attachment":"scroll","background-type":"","background-media":"","overlay-type":"","overlay-color":"","overlay-opacity":"","overlay-gradient":""},"mobile":{"background-color":"","background-image":"","background-repeat":"repeat","background-position":"center center","background-size":"auto","background-attachment":"scroll","background-type":"","background-media":"","overlay-type":"","overlay-color":"","overlay-opacity":"","overlay-gradient":""}},"ast-content-background-meta":{"desktop":{"background-color":"var(--ast-global-color-5)","background-image":"","background-repeat":"repeat","background-position":"center center","background-size":"auto","background-attachment":"scroll","background-type":"","background-media":"","overlay-type":"","overlay-color":"","overlay-opacity":"","overlay-gradient":""},"tablet":{"background-color":"var(--ast-global-color-5)","background-image":"","background-repeat":"repeat","background-position":"center center","background-size":"auto","background-attachment":"scroll","background-type":"","background-media":"","overlay-type":"","overlay-color":"","overlay-opacity":"","overlay-gradient":""},"mobile":{"background-color":"var(--ast-global-color-5)","background-image":"","background-repeat":"repeat","background-position":"center center","background-size":"auto","background-attachment":"scroll","background-type":"","background-media":"","overlay-type":"","overlay-color":"","overlay-opacity":"","overlay-gradient":""}},"footnotes":""},"categories":[10,14],"tags":[],"class_list":["post-3945","post","type-post","status-publish","format-standard","has-post-thumbnail","hentry","category-porady-stylistki","category-wszystkie-wpisy"],"acf":[],"yoast_head":"<!-- This site is optimized with the Yoast SEO plugin v27.4 - https:\/\/yoast.com\/product\/yoast-seo-wordpress\/ -->\n<title>Kamelowy kontra czarny \u2013 wybieramy kolor p\u0142aszcza na zim\u0119. - Bialcon<\/title>\n<meta name=\"description\" content=\"P\u0142aszcz to kluczowy element naszej zimowej garderoby. Przede wszystkim chroni przed zimnem, a przy tym jest bardziej elegancki.\" \/>\n<meta name=\"robots\" content=\"index, follow, max-snippet:-1, max-image-preview:large, max-video-preview:-1\" \/>\n<link rel=\"canonical\" href=\"https:\/\/bialcon.pl\/blog\/kamelowy-kontra-czarny-wybieramy-kolor-plaszcza-na-zime\/\" \/>\n<meta name=\"twitter:label1\" content=\"Napisane przez\" \/>\n\t<meta name=\"twitter:data1\" content=\"Ma\u0142gorzata Brzezi\u0144ska\" \/>\n\t<meta name=\"twitter:label2\" content=\"Szacowany czas czytania\" \/>\n\t<meta name=\"twitter:data2\" content=\"4 minuty\" \/>\n<script type=\"application\/ld+json\" class=\"yoast-schema-graph\">{\"@context\":\"https:\\\/\\\/schema.org\",\"@graph\":[{\"@type\":\"Article\",\"@id\":\"https:\\\/\\\/bialcon.pl\\\/blog\\\/kamelowy-kontra-czarny-wybieramy-kolor-plaszcza-na-zime\\\/#article\",\"isPartOf\":{\"@id\":\"https:\\\/\\\/bialcon.pl\\\/blog\\\/kamelowy-kontra-czarny-wybieramy-kolor-plaszcza-na-zime\\\/\"},\"author\":{\"name\":\"Ma\u0142gorzata Brzezi\u0144ska\",\"@id\":\"https:\\\/\\\/bialcon.pl\\\/blog\\\/#\\\/schema\\\/person\\\/cbbe4ae2297c5abd7376399985d5fabb\"},\"headline\":\"Kamelowy kontra czarny \u2013 wybieramy kolor p\u0142aszcza na zim\u0119.\",\"datePublished\":\"2021-12-23T06:08:00+00:00\",\"dateModified\":\"2025-11-17T12:14:55+00:00\",\"mainEntityOfPage\":{\"@id\":\"https:\\\/\\\/bialcon.pl\\\/blog\\\/kamelowy-kontra-czarny-wybieramy-kolor-plaszcza-na-zime\\\/\"},\"wordCount\":709,\"image\":{\"@id\":\"https:\\\/\\\/bialcon.pl\\\/blog\\\/kamelowy-kontra-czarny-wybieramy-kolor-plaszcza-na-zime\\\/#primaryimage\"},\"thumbnailUrl\":\"https:\\\/\\\/bialcon.pl\\\/blog\\\/wp-content\\\/uploads\\\/2021\\\/12\\\/Projekt-bez-nazwy-31.png\",\"articleSection\":[\"Porady Stylistki\",\"Wszystkie wpisy\"],\"inLanguage\":\"pl-PL\"},{\"@type\":\"WebPage\",\"@id\":\"https:\\\/\\\/bialcon.pl\\\/blog\\\/kamelowy-kontra-czarny-wybieramy-kolor-plaszcza-na-zime\\\/\",\"url\":\"https:\\\/\\\/bialcon.pl\\\/blog\\\/kamelowy-kontra-czarny-wybieramy-kolor-plaszcza-na-zime\\\/\",\"name\":\"Kamelowy kontra czarny \u2013 wybieramy kolor p\u0142aszcza na zim\u0119. - Bialcon\",\"isPartOf\":{\"@id\":\"https:\\\/\\\/bialcon.pl\\\/blog\\\/#website\"},\"primaryImageOfPage\":{\"@id\":\"https:\\\/\\\/bialcon.pl\\\/blog\\\/kamelowy-kontra-czarny-wybieramy-kolor-plaszcza-na-zime\\\/#primaryimage\"},\"image\":{\"@id\":\"https:\\\/\\\/bialcon.pl\\\/blog\\\/kamelowy-kontra-czarny-wybieramy-kolor-plaszcza-na-zime\\\/#primaryimage\"},\"thumbnailUrl\":\"https:\\\/\\\/bialcon.pl\\\/blog\\\/wp-content\\\/uploads\\\/2021\\\/12\\\/Projekt-bez-nazwy-31.png\",\"datePublished\":\"2021-12-23T06:08:00+00:00\",\"dateModified\":\"2025-11-17T12:14:55+00:00\",\"author\":{\"@id\":\"https:\\\/\\\/bialcon.pl\\\/blog\\\/#\\\/schema\\\/person\\\/cbbe4ae2297c5abd7376399985d5fabb\"},\"description\":\"P\u0142aszcz to kluczowy element naszej zimowej garderoby. Przede wszystkim chroni przed zimnem, a przy tym jest bardziej elegancki.\",\"breadcrumb\":{\"@id\":\"https:\\\/\\\/bialcon.pl\\\/blog\\\/kamelowy-kontra-czarny-wybieramy-kolor-plaszcza-na-zime\\\/#breadcrumb\"},\"inLanguage\":\"pl-PL\",\"potentialAction\":[{\"@type\":\"ReadAction\",\"target\":[\"https:\\\/\\\/bialcon.pl\\\/blog\\\/kamelowy-kontra-czarny-wybieramy-kolor-plaszcza-na-zime\\\/\"]}]},{\"@type\":\"ImageObject\",\"inLanguage\":\"pl-PL\",\"@id\":\"https:\\\/\\\/bialcon.pl\\\/blog\\\/kamelowy-kontra-czarny-wybieramy-kolor-plaszcza-na-zime\\\/#primaryimage\",\"url\":\"https:\\\/\\\/bialcon.pl\\\/blog\\\/wp-content\\\/uploads\\\/2021\\\/12\\\/Projekt-bez-nazwy-31.png\",\"contentUrl\":\"https:\\\/\\\/bialcon.pl\\\/blog\\\/wp-content\\\/uploads\\\/2021\\\/12\\\/Projekt-bez-nazwy-31.png\",\"width\":960,\"height\":850,\"caption\":\"Wizualizacja dw\u00f3ch kobiet w d\u0142ugich p\u0142aszczach: jednym be\u017cowym i drugim czarnym z paskiem\"},{\"@type\":\"BreadcrumbList\",\"@id\":\"https:\\\/\\\/bialcon.pl\\\/blog\\\/kamelowy-kontra-czarny-wybieramy-kolor-plaszcza-na-zime\\\/#breadcrumb\",\"itemListElement\":[{\"@type\":\"ListItem\",\"position\":1,\"name\":\"Strona g\u0142\u00f3wna\",\"item\":\"https:\\\/\\\/bialcon.pl\\\/blog\\\/\"},{\"@type\":\"ListItem\",\"position\":2,\"name\":\"Porady Stylistki\",\"item\":\"https:\\\/\\\/bialcon.pl\\\/blog\\\/porady-stylistki\\\/\"},{\"@type\":\"ListItem\",\"position\":3,\"name\":\"Kamelowy kontra czarny \u2013 wybieramy kolor p\u0142aszcza na zim\u0119.\"}]},{\"@type\":\"WebSite\",\"@id\":\"https:\\\/\\\/bialcon.pl\\\/blog\\\/#website\",\"url\":\"https:\\\/\\\/bialcon.pl\\\/blog\\\/\",\"name\":\"bialcon.pl\\\/blog\\\/\",\"description\":\"Fashion Blog w zasi\u0119gu Twojej r\u0119ki\",\"potentialAction\":[{\"@type\":\"SearchAction\",\"target\":{\"@type\":\"EntryPoint\",\"urlTemplate\":\"https:\\\/\\\/bialcon.pl\\\/blog\\\/?s={search_term_string}\"},\"query-input\":{\"@type\":\"PropertyValueSpecification\",\"valueRequired\":true,\"valueName\":\"search_term_string\"}}],\"inLanguage\":\"pl-PL\"},{\"@type\":\"Person\",\"@id\":\"https:\\\/\\\/bialcon.pl\\\/blog\\\/#\\\/schema\\\/person\\\/cbbe4ae2297c5abd7376399985d5fabb\",\"name\":\"Ma\u0142gorzata Brzezi\u0144ska\",\"image\":{\"@type\":\"ImageObject\",\"inLanguage\":\"pl-PL\",\"@id\":\"https:\\\/\\\/secure.gravatar.com\\\/avatar\\\/3fc4a4cdba63586f503a5c5711e9b04d01ab1234b186b03e727ad902b6f4912d?s=96&d=mm&r=g\",\"url\":\"https:\\\/\\\/secure.gravatar.com\\\/avatar\\\/3fc4a4cdba63586f503a5c5711e9b04d01ab1234b186b03e727ad902b6f4912d?s=96&d=mm&r=g\",\"contentUrl\":\"https:\\\/\\\/secure.gravatar.com\\\/avatar\\\/3fc4a4cdba63586f503a5c5711e9b04d01ab1234b186b03e727ad902b6f4912d?s=96&d=mm&r=g\",\"caption\":\"Ma\u0142gorzata Brzezi\u0144ska\"},\"description\":\"Autorka tre\u015bci z zakresu mody, urody i stylu \u017cycia. Tworzy artyku\u0142y i poradniki oparte na analizie trend\u00f3w oraz potrzeb u\u017cytkownik\u00f3w, \u0142\u0105cz\u0105c wiedz\u0119 z zakresu komunikacji marketingowej i praktyki contentowej. Specjalizuje si\u0119 w bran\u017cach fashion, beauty &amp; health oraz gourmet food, przygotowuj\u0105c tre\u015bci dopasowane do realnych sytuacji i wybor\u00f3w konsumenckich. Na co dzie\u0144 zajmuje si\u0119 r\u00f3wnie\u017c content marketingiem i SEO.\",\"sameAs\":[\"https:\\\/\\\/www.linkedin.com\\\/in\\\/gosia-brzezinska-827052b4\\\/\"],\"url\":\"https:\\\/\\\/bialcon.pl\\\/blog\\\/author\\\/brzezinska\\\/\"}]}<\/script>\n<!-- \/ Yoast SEO plugin. -->","yoast_head_json":{"title":"Kamelowy kontra czarny \u2013 wybieramy kolor p\u0142aszcza na zim\u0119. - Bialcon","description":"P\u0142aszcz to kluczowy element naszej zimowej garderoby. Przede wszystkim chroni przed zimnem, a przy tym jest bardziej elegancki.","robots":{"index":"index","follow":"follow","max-snippet":"max-snippet:-1","max-image-preview":"max-image-preview:large","max-video-preview":"max-video-preview:-1"},"canonical":"https:\/\/bialcon.pl\/blog\/kamelowy-kontra-czarny-wybieramy-kolor-plaszcza-na-zime\/","twitter_misc":{"Napisane przez":"Ma\u0142gorzata Brzezi\u0144ska","Szacowany czas czytania":"4 minuty"},"schema":{"@context":"https:\/\/schema.org","@graph":[{"@type":"Article","@id":"https:\/\/bialcon.pl\/blog\/kamelowy-kontra-czarny-wybieramy-kolor-plaszcza-na-zime\/#article","isPartOf":{"@id":"https:\/\/bialcon.pl\/blog\/kamelowy-kontra-czarny-wybieramy-kolor-plaszcza-na-zime\/"},"author":{"name":"Ma\u0142gorzata Brzezi\u0144ska","@id":"https:\/\/bialcon.pl\/blog\/#\/schema\/person\/cbbe4ae2297c5abd7376399985d5fabb"},"headline":"Kamelowy kontra czarny \u2013 wybieramy kolor p\u0142aszcza na zim\u0119.","datePublished":"2021-12-23T06:08:00+00:00","dateModified":"2025-11-17T12:14:55+00:00","mainEntityOfPage":{"@id":"https:\/\/bialcon.pl\/blog\/kamelowy-kontra-czarny-wybieramy-kolor-plaszcza-na-zime\/"},"wordCount":709,"image":{"@id":"https:\/\/bialcon.pl\/blog\/kamelowy-kontra-czarny-wybieramy-kolor-plaszcza-na-zime\/#primaryimage"},"thumbnailUrl":"https:\/\/bialcon.pl\/blog\/wp-content\/uploads\/2021\/12\/Projekt-bez-nazwy-31.png","articleSection":["Porady Stylistki","Wszystkie wpisy"],"inLanguage":"pl-PL"},{"@type":"WebPage","@id":"https:\/\/bialcon.pl\/blog\/kamelowy-kontra-czarny-wybieramy-kolor-plaszcza-na-zime\/","url":"https:\/\/bialcon.pl\/blog\/kamelowy-kontra-czarny-wybieramy-kolor-plaszcza-na-zime\/","name":"Kamelowy kontra czarny \u2013 wybieramy kolor p\u0142aszcza na zim\u0119. - Bialcon","isPartOf":{"@id":"https:\/\/bialcon.pl\/blog\/#website"},"primaryImageOfPage":{"@id":"https:\/\/bialcon.pl\/blog\/kamelowy-kontra-czarny-wybieramy-kolor-plaszcza-na-zime\/#primaryimage"},"image":{"@id":"https:\/\/bialcon.pl\/blog\/kamelowy-kontra-czarny-wybieramy-kolor-plaszcza-na-zime\/#primaryimage"},"thumbnailUrl":"https:\/\/bialcon.pl\/blog\/wp-content\/uploads\/2021\/12\/Projekt-bez-nazwy-31.png","datePublished":"2021-12-23T06:08:00+00:00","dateModified":"2025-11-17T12:14:55+00:00","author":{"@id":"https:\/\/bialcon.pl\/blog\/#\/schema\/person\/cbbe4ae2297c5abd7376399985d5fabb"},"description":"P\u0142aszcz to kluczowy element naszej zimowej garderoby. Przede wszystkim chroni przed zimnem, a przy tym jest bardziej elegancki.","breadcrumb":{"@id":"https:\/\/bialcon.pl\/blog\/kamelowy-kontra-czarny-wybieramy-kolor-plaszcza-na-zime\/#breadcrumb"},"inLanguage":"pl-PL","potentialAction":[{"@type":"ReadAction","target":["https:\/\/bialcon.pl\/blog\/kamelowy-kontra-czarny-wybieramy-kolor-plaszcza-na-zime\/"]}]},{"@type":"ImageObject","inLanguage":"pl-PL","@id":"https:\/\/bialcon.pl\/blog\/kamelowy-kontra-czarny-wybieramy-kolor-plaszcza-na-zime\/#primaryimage","url":"https:\/\/bialcon.pl\/blog\/wp-content\/uploads\/2021\/12\/Projekt-bez-nazwy-31.png","contentUrl":"https:\/\/bialcon.pl\/blog\/wp-content\/uploads\/2021\/12\/Projekt-bez-nazwy-31.png","width":960,"height":850,"caption":"Wizualizacja dw\u00f3ch kobiet w d\u0142ugich p\u0142aszczach: jednym be\u017cowym i drugim czarnym z paskiem"},{"@type":"BreadcrumbList","@id":"https:\/\/bialcon.pl\/blog\/kamelowy-kontra-czarny-wybieramy-kolor-plaszcza-na-zime\/#breadcrumb","itemListElement":[{"@type":"ListItem","position":1,"name":"Strona g\u0142\u00f3wna","item":"https:\/\/bialcon.pl\/blog\/"},{"@type":"ListItem","position":2,"name":"Porady Stylistki","item":"https:\/\/bialcon.pl\/blog\/porady-stylistki\/"},{"@type":"ListItem","position":3,"name":"Kamelowy kontra czarny \u2013 wybieramy kolor p\u0142aszcza na zim\u0119."}]},{"@type":"WebSite","@id":"https:\/\/bialcon.pl\/blog\/#website","url":"https:\/\/bialcon.pl\/blog\/","name":"bialcon.pl\/blog\/","description":"Fashion Blog w zasi\u0119gu Twojej r\u0119ki","potentialAction":[{"@type":"SearchAction","target":{"@type":"EntryPoint","urlTemplate":"https:\/\/bialcon.pl\/blog\/?s={search_term_string}"},"query-input":{"@type":"PropertyValueSpecification","valueRequired":true,"valueName":"search_term_string"}}],"inLanguage":"pl-PL"},{"@type":"Person","@id":"https:\/\/bialcon.pl\/blog\/#\/schema\/person\/cbbe4ae2297c5abd7376399985d5fabb","name":"Ma\u0142gorzata Brzezi\u0144ska","image":{"@type":"ImageObject","inLanguage":"pl-PL","@id":"https:\/\/secure.gravatar.com\/avatar\/3fc4a4cdba63586f503a5c5711e9b04d01ab1234b186b03e727ad902b6f4912d?s=96&d=mm&r=g","url":"https:\/\/secure.gravatar.com\/avatar\/3fc4a4cdba63586f503a5c5711e9b04d01ab1234b186b03e727ad902b6f4912d?s=96&d=mm&r=g","contentUrl":"https:\/\/secure.gravatar.com\/avatar\/3fc4a4cdba63586f503a5c5711e9b04d01ab1234b186b03e727ad902b6f4912d?s=96&d=mm&r=g","caption":"Ma\u0142gorzata Brzezi\u0144ska"},"description":"Autorka tre\u015bci z zakresu mody, urody i stylu \u017cycia. Tworzy artyku\u0142y i poradniki oparte na analizie trend\u00f3w oraz potrzeb u\u017cytkownik\u00f3w, \u0142\u0105cz\u0105c wiedz\u0119 z zakresu komunikacji marketingowej i praktyki contentowej. Specjalizuje si\u0119 w bran\u017cach fashion, beauty &amp; health oraz gourmet food, przygotowuj\u0105c tre\u015bci dopasowane do realnych sytuacji i wybor\u00f3w konsumenckich. Na co dzie\u0144 zajmuje si\u0119 r\u00f3wnie\u017c content marketingiem i SEO.","sameAs":["https:\/\/www.linkedin.com\/in\/gosia-brzezinska-827052b4\/"],"url":"https:\/\/bialcon.pl\/blog\/author\/brzezinska\/"}]}},"_links":{"self":[{"href":"https:\/\/bialcon.pl\/blog\/wp-json\/wp\/v2\/posts\/3945","targetHints":{"allow":["GET"]}}],"collection":[{"href":"https:\/\/bialcon.pl\/blog\/wp-json\/wp\/v2\/posts"}],"about":[{"href":"https:\/\/bialcon.pl\/blog\/wp-json\/wp\/v2\/types\/post"}],"author":[{"embeddable":true,"href":"https:\/\/bialcon.pl\/blog\/wp-json\/wp\/v2\/users\/10"}],"replies":[{"embeddable":true,"href":"https:\/\/bialcon.pl\/blog\/wp-json\/wp\/v2\/comments?post=3945"}],"version-history":[{"count":5,"href":"https:\/\/bialcon.pl\/blog\/wp-json\/wp\/v2\/posts\/3945\/revisions"}],"predecessor-version":[{"id":11232,"href":"https:\/\/bialcon.pl\/blog\/wp-json\/wp\/v2\/posts\/3945\/revisions\/11232"}],"wp:featuredmedia":[{"embeddable":true,"href":"https:\/\/bialcon.pl\/blog\/wp-json\/wp\/v2\/media\/12310"}],"wp:attachment":[{"href":"https:\/\/bialcon.pl\/blog\/wp-json\/wp\/v2\/media?parent=3945"}],"wp:term":[{"taxonomy":"category","embeddable":true,"href":"https:\/\/bialcon.pl\/blog\/wp-json\/wp\/v2\/categories?post=3945"},{"taxonomy":"post_tag","embeddable":true,"href":"https:\/\/bialcon.pl\/blog\/wp-json\/wp\/v2\/tags?post=3945"}],"curies":[{"name":"wp","href":"https:\/\/api.w.org\/{rel}","templated":true}]}}