{"id":3174,"date":"2021-10-07T06:41:00","date_gmt":"2021-10-07T04:41:00","guid":{"rendered":"https:\/\/blog.bialcon.pl\/?p=3174"},"modified":"2025-11-17T12:49:16","modified_gmt":"2025-11-17T11:49:16","slug":"poznaj-swiat-kurtek-i-plaszczy-damskich-rodzaje-historia-i-zastosowanie","status":"publish","type":"post","link":"https:\/\/bialcon.pl\/blog\/poznaj-swiat-kurtek-i-plaszczy-damskich-rodzaje-historia-i-zastosowanie\/","title":{"rendered":"Poznaj \u015bwiat kurtek i p\u0142aszczy damskich &#8211; rodzaje, historia i zastosowanie"},"content":{"rendered":"<div id=\"ez-toc-container\" class=\"ez-toc-v2_0_82_2 counter-hierarchy ez-toc-counter ez-toc-custom ez-toc-container-direction\">\n<div class=\"ez-toc-title-container\"><p class=\"ez-toc-title\" style=\"cursor:inherit\">Spis Tre\u015bci<\/p>\n<\/div><nav><ul class='ez-toc-list ez-toc-list-level-1 ' ><li class='ez-toc-page-1 ez-toc-heading-level-2'><a class=\"ez-toc-link ez-toc-heading-1\" href=\"https:\/\/bialcon.pl\/blog\/poznaj-swiat-kurtek-i-plaszczy-damskich-rodzaje-historia-i-zastosowanie\/#Na_poczatek_%E2%80%93_kilka_najpopularniejszych_kurtek_i_plaszczy_w_rozroznieniu_na_fasony\" >Na pocz\u0105tek &#8211; kilka najpopularniejszych kurtek i p\u0142aszczy, w rozr\u00f3\u017cnieniu na fasony.<\/a><ul class='ez-toc-list-level-3' ><li class='ez-toc-heading-level-3'><a class=\"ez-toc-link ez-toc-heading-2\" href=\"https:\/\/bialcon.pl\/blog\/poznaj-swiat-kurtek-i-plaszczy-damskich-rodzaje-historia-i-zastosowanie\/#Eskimoski_anorak\" >Eskimoski anorak<\/a><\/li><li class='ez-toc-page-1 ez-toc-heading-level-3'><a class=\"ez-toc-link ez-toc-heading-3\" href=\"https:\/\/bialcon.pl\/blog\/poznaj-swiat-kurtek-i-plaszczy-damskich-rodzaje-historia-i-zastosowanie\/#Kurtka_bomberka_damska\" >Kurtka bomberka damska<\/a><\/li><li class='ez-toc-page-1 ez-toc-heading-level-3'><a class=\"ez-toc-link ez-toc-heading-4\" href=\"https:\/\/bialcon.pl\/blog\/poznaj-swiat-kurtek-i-plaszczy-damskich-rodzaje-historia-i-zastosowanie\/#Kurtka_parka_damska\" >Kurtka parka damska<\/a><\/li><li class='ez-toc-page-1 ez-toc-heading-level-3'><a class=\"ez-toc-link ez-toc-heading-5\" href=\"https:\/\/bialcon.pl\/blog\/poznaj-swiat-kurtek-i-plaszczy-damskich-rodzaje-historia-i-zastosowanie\/#Trencz_damski\" >Trencz damski&nbsp;<\/a><\/li><li class='ez-toc-page-1 ez-toc-heading-level-3'><a class=\"ez-toc-link ez-toc-heading-6\" href=\"https:\/\/bialcon.pl\/blog\/poznaj-swiat-kurtek-i-plaszczy-damskich-rodzaje-historia-i-zastosowanie\/#Plaszcz_prochowiec_damski\" >P\u0142aszcz prochowiec damski<\/a><\/li><li class='ez-toc-page-1 ez-toc-heading-level-3'><a class=\"ez-toc-link ez-toc-heading-7\" href=\"https:\/\/bialcon.pl\/blog\/poznaj-swiat-kurtek-i-plaszczy-damskich-rodzaje-historia-i-zastosowanie\/#Kurtka_pilotka_damska\" >Kurtka pilotka damska<\/a><\/li><li class='ez-toc-page-1 ez-toc-heading-level-3'><a class=\"ez-toc-link ez-toc-heading-8\" href=\"https:\/\/bialcon.pl\/blog\/poznaj-swiat-kurtek-i-plaszczy-damskich-rodzaje-historia-i-zastosowanie\/#Ponczo_damskie_i_kamizelka_damska\" >Ponczo damskie i kamizelka damska<\/a><\/li><\/ul><\/li><li class='ez-toc-page-1 ez-toc-heading-level-2'><a class=\"ez-toc-link ez-toc-heading-9\" href=\"https:\/\/bialcon.pl\/blog\/poznaj-swiat-kurtek-i-plaszczy-damskich-rodzaje-historia-i-zastosowanie\/#Kurtki_i_plaszcze_damskie_a_pory_roku\" >Kurtki i p\u0142aszcze damskie a pory roku<\/a><\/li><li class='ez-toc-page-1 ez-toc-heading-level-2'><a class=\"ez-toc-link ez-toc-heading-10\" href=\"https:\/\/bialcon.pl\/blog\/poznaj-swiat-kurtek-i-plaszczy-damskich-rodzaje-historia-i-zastosowanie\/#Kurtki_i_plaszcze_damskie_przejsciowe\" >Kurtki i p\u0142aszcze damskie przej\u015bciowe<\/a><\/li><\/ul><\/nav><\/div>\n\n<p><strong>Je\u015bli ty tak\u017ce nazywasz ka\u017cd\u0105 bomberk\u0119 damsk\u0105 lub wiatr\u00f3wk\u0119 po prostu \u201ckurtk\u0105\u201d, a na trencz lub park\u0119 m\u00f3wisz \u201cp\u0142aszcz\u201d, ten poradnik jest w\u0142a\u015bnie dla ciebie. Dzi\u0119ki niemu dowiesz si\u0119, jakie rodzaje kurtek i p\u0142aszczy damskich masz u siebie w szafie. Zapraszamy!<\/strong><\/p>\n\n\n\n<p>Kurtki i p\u0142aszcze damskie nieod\u0142\u0105cznie kojarz\u0105 nam si\u0119 z jesienn\u0105 aur\u0105 za oknem, zimowymi krajobrazami oraz wiosennym ch\u0142odem. Moda damska w swojej ofercie ma jednak tak wiele rodzaj\u00f3w kurtek i p\u0142aszczy damskich, \u017ce cz\u0119sto zamiast je rozr\u00f3\u017cnia\u0107, u\u017cywamy nazw potocznych, dzi\u0119ki kt\u00f3rym mamy w swoich szafach niezliczon\u0105 ilo\u015b\u0107 \u201ckurtek\u201d i \u201cp\u0142aszczy\u201d.&nbsp;<\/p>\n\n\n\n<p>Z drugiej strony projektanci mody wypuszczaj\u0105c nowe kolekcje pos\u0142uguj\u0105 si\u0119 przecie\u017c fachowym nazewnictwem, z kt\u00f3rym nie mamy obycia je\u015bli na co dzie\u0144 u\u017cywamy zwrot\u00f3w potocznych. Czy wi\u0119c bomberka to kobieta konstruuj\u0105ca bomby, pilotk\u0105 okre\u015bla si\u0119 pani\u0105 prowadz\u0105c\u0105 samolot, a parka oznacza wy\u0142\u0105cznie dw\u00f3jk\u0119 zakochanych? Jak porusza\u0107 si\u0119 po nazewnictwie damskich kurtek i p\u0142aszczy?&nbsp;<\/p>\n\n\n\n<h2 class=\"wp-block-heading\"><span class=\"ez-toc-section\" id=\"Na_poczatek_%E2%80%93_kilka_najpopularniejszych_kurtek_i_plaszczy_w_rozroznieniu_na_fasony\"><\/span>Na pocz\u0105tek &#8211; kilka najpopularniejszych kurtek i p\u0142aszczy, w rozr\u00f3\u017cnieniu na fasony.<span class=\"ez-toc-section-end\"><\/span><\/h2>\n\n\n\n<h3 class=\"wp-block-heading\"><span class=\"ez-toc-section\" id=\"Eskimoski_anorak\"><\/span>Eskimoski anorak<strong><\/strong><span class=\"ez-toc-section-end\"><\/span><\/h3>\n\n\n\n<p>Cho\u0107 nazwa anorak kojarzy si\u0119 z rzadko spotykanym alkoholem lub poln\u0105 ro\u015blin\u0105, w rzeczywisto\u015bci jest to nazwa damskiej, sportowej, pikowanej kurtki wyposa\u017conej w kaptur. Wyj\u0105tkow\u0105 nazw\u0119 ten rodzaj kurtek zawdzi\u0119cza Eskimosom oraz polarnikom &#8211; pierwotnie anoraki zak\u0142adane by\u0142y przez g\u0142ow\u0119, si\u0119ga\u0142y bioder, a na przedzie mia\u0142y du\u017c\u0105 kiesze\u0144, w kt\u00f3rej mo\u017cna by\u0142o ogrza\u0107 r\u0119ce. Dzi\u015b anoraki maj\u0105 wygodne, rozpinane zamki b\u0142yskawiczne oraz kaptury i nale\u017c\u0105 do kurtek z kategorii tych raczej ciep\u0142ych.<\/p>\n\n\n\n<h3 class=\"wp-block-heading\"><span class=\"ez-toc-section\" id=\"Kurtka_bomberka_damska\"><\/span>Kurtka bomberka damska<strong><\/strong><span class=\"ez-toc-section-end\"><\/span><\/h3>\n\n\n\n<p>Swoj\u0105 popularno\u015b\u0107 kurtka bomberka zawdzi\u0119cza gwiazdom wielkiego ekranu lat 70. ubieg\u0142ego stulecia. Charakteryzuje j\u0105 przede wszystkim wygl\u0105d &#8211; bomberki nie maj\u0105 kaptur\u00f3w, w okolicy ramion s\u0105 raczej przylegaj\u0105ce do cia\u0142a, a ich d\u00f3\u0142 jest lu\u017aniejszy i lekko rozkloszowany. Bardzo cz\u0119sto w <strong><a href=\"https:\/\/bialcon.pl\/odziez\/kurtki-damskie?utm_source=Blog&amp;utm_medium=porady+stylisty+&amp;utm_campaign=81021\" target=\"_blank\" rel=\"noreferrer noopener\">bomberkach damskich<\/a><\/strong> mo\u017cemy spotka\u0107 tak\u017ce wyko\u0144czenie do\u0142u kurtki oraz r\u0119kaw\u00f3w w postaci \u015bci\u0105gaczy.&nbsp;<\/p>\n\n\n\r\n<div class=\"product-block-container swiper mySwiperProductBlock\">\r\n    <div class=\"product-block-swiper swiper-wrapper\">\r\n                    <div class=\"swiper-slide product-block-item\" data-id=\"147557\">\r\n                <a href=\"https:\/\/bialcon.pl\/czarna-kamizelka-o-kroju-bomberki?utm_source=blog&utm_medium=wyprzedaz&utm_campaign=071021\" class=\"product-block-url\" target=\"_blank\">\r\n                    <div class=\"product-block-image\">\r\n                        <img decoding=\"async\" width=\"300\" height=\"400\" src=\"https:\/\/bialcon.pl\/picture\/czarna-kamizelka-o-kroju-bomberki_1.jpg\" alt=\"Czarna kamizelka o kroju bomberki\">\r\n                    <\/div>\r\n                    <div class=\"product-block-name\">\r\n                        <p>Czarna kamizelka o kroju bomberki<\/p>\r\n                    <\/div>\r\n                <\/a>\r\n            <\/div>\r\n                    <div class=\"swiper-slide product-block-item\" data-id=\"147573\">\r\n                <a href=\"https:\/\/bialcon.pl\/bezowa-kamizelka-o-kroju-bomberki?utm_source=blog&utm_medium=wyprzedaz&utm_campaign=071021\" class=\"product-block-url\" target=\"_blank\">\r\n                    <div class=\"product-block-image\">\r\n                        <img decoding=\"async\" width=\"300\" height=\"400\" src=\"https:\/\/bialcon.pl\/picture\/bezowa-kamizelka-o-kroju-bomberki_2.jpg\" alt=\"Be\u017cowa kamizelka o kroju bomberki\">\r\n                    <\/div>\r\n                    <div class=\"product-block-name\">\r\n                        <p>Be\u017cowa kamizelka o kroju bomberki<\/p>\r\n                    <\/div>\r\n                <\/a>\r\n            <\/div>\r\n                    <div class=\"swiper-slide product-block-item\" data-id=\"147230\">\r\n                <a href=\"https:\/\/bialcon.pl\/czarna-stylowa-bomberka-z-satynowym-polyskiem?utm_source=blog&utm_medium=wyprzedaz&utm_campaign=071021\" class=\"product-block-url\" target=\"_blank\">\r\n                    <div class=\"product-block-image\">\r\n                        <img decoding=\"async\" width=\"300\" height=\"400\" src=\"https:\/\/bialcon.pl\/picture\/czarna-stylowa-bomberka-z-satynowym-polyskiem_1.jpg\" alt=\"Czarna stylowa bomberka z satynowym po\u0142yskiem\">\r\n                    <\/div>\r\n                    <div class=\"product-block-name\">\r\n                        <p>Czarna stylowa bomberka z satynowym po\u0142yskiem<\/p>\r\n                    <\/div>\r\n                <\/a>\r\n            <\/div>\r\n            <\/div>\r\n<\/div>\r\n\n\n\n\n<h3 class=\"wp-block-heading\"><span class=\"ez-toc-section\" id=\"Kurtka_parka_damska\"><\/span>Kurtka parka damska<strong><\/strong><span class=\"ez-toc-section-end\"><\/span><\/h3>\n\n\n\n<p>Parki damskie swoj\u0105 popularno\u015bci\u0105 zaskakuj\u0105 ju\u017c od kilku sezon\u00f3w. Pierwotnie ten rodzaj kurtek sprawdza\u0142 si\u0119 podczas ameryka\u0144skich wypraw wojennych, a inspiracj\u0105 do jego powstania by\u0142 wspomniany na pocz\u0105tku anorak. Dzi\u015b <a href=\"https:\/\/bialcon.pl\/odziez\/kurtki-damskie\/kurtki-parki-damskie?utm_source=Blog&amp;utm_medium=porady+stylisty+&amp;utm_campaign=81021\" target=\"_blank\" rel=\"noreferrer noopener\"><strong>parki damskie<\/strong><\/a> to kurtki o asymetrycznej d\u0142ugo\u015bci (prz\u00f3d nieco kr\u00f3tszy ni\u017c ty\u0142), si\u0119gaj\u0105cej za po\u015bladki. Parki damskie maj\u0105 zazwyczaj charakterystyczny ko\u017cuszek na obszernym kapturze (w wersji zimowej), troczki w okolicy talii oraz ca\u0142kiem spore kieszenie. Doskonale chroni\u0105 przed deszczem i ch\u0142odem.<\/p>\n\n\n\r\n<div class=\"product-block-container swiper mySwiperProductBlock\">\r\n    <div class=\"product-block-swiper swiper-wrapper\">\r\n            <\/div>\r\n<\/div>\r\n\n\n\n\n<h3 class=\"wp-block-heading\"><span class=\"ez-toc-section\" id=\"Trencz_damski\"><\/span>Trencz damski&nbsp;<strong><\/strong><span class=\"ez-toc-section-end\"><\/span><\/h3>\n\n\n\n<p>Podczas II wojny \u015bwiatowej trencze zaprojektowane przez Burberry nosili brytyjscy \u017co\u0142nierze. Po wojnie p\u0142aszcz typu trencz zyska\u0142 miano kultowego cho\u0107by za spraw\u0105 takiej osobisto\u015bci, jak s\u0142ynny detektyw Sherlock Holmes. Dzi\u015b<strong> <a href=\"https:\/\/bialcon.pl\/odziez\/plaszcze-damskie\/plaszcze-trencze?utm_source=Blog&amp;utm_medium=porady+stylisty+&amp;utm_campaign=81021\" target=\"_blank\" rel=\"noreferrer noopener\">trencze damskie<\/a><\/strong> to&nbsp;jedno z popularniejszych, a na pewno rozpoznawalnych okry\u0107 wierzchnich. Zwykle si\u0119ga do kolan, ma dwurz\u0119dowe guziki do po\u0142owy d\u0142ugo\u015bci, a w talii pasek z klamr\u0105. Charakterystyczne dla trencza s\u0105 tak\u017ce r\u0119kawy z paskami na ko\u0144cach oraz wywijanym, sporym ko\u0142nierzem.&nbsp;<\/p>\n\n\n\r\n<div class=\"product-block-container swiper mySwiperProductBlock\">\r\n    <div class=\"product-block-swiper swiper-wrapper\">\r\n                    <div class=\"swiper-slide product-block-item\" data-id=\"147726\">\r\n                <a href=\"https:\/\/bialcon.pl\/krotki-dwurzedowy-trencz-pastelowy-z-paskiem-i-podszewka?utm_source=blog&utm_medium=wyprzedaz&utm_campaign=071021\" class=\"product-block-url\" target=\"_blank\">\r\n                    <div class=\"product-block-image\">\r\n                        <img decoding=\"async\" width=\"300\" height=\"400\" src=\"https:\/\/bialcon.pl\/picture\/kurtka-ble-252682-f-j-rozowy_2.jpg\" alt=\"Kr\u00f3tki dwurz\u0119dowy trencz pastelowy z paskiem i podszewk\u0105\">\r\n                    <\/div>\r\n                    <div class=\"product-block-name\">\r\n                        <p>Kr\u00f3tki dwurz\u0119dowy trencz pastelowy z paskiem i podszewk\u0105<\/p>\r\n                    <\/div>\r\n                <\/a>\r\n            <\/div>\r\n                    <div class=\"swiper-slide product-block-item\" data-id=\"147782\">\r\n                <a href=\"https:\/\/bialcon.pl\/czarny-dwurzedowy-trencz-z-podszewka-i-paskiem?utm_source=blog&utm_medium=wyprzedaz&utm_campaign=071021\" class=\"product-block-url\" target=\"_blank\">\r\n                    <div class=\"product-block-image\">\r\n                        <img decoding=\"async\" width=\"300\" height=\"400\" src=\"https:\/\/bialcon.pl\/picture\/kurtka-ble-262678-f-czarny_2.jpg\" alt=\"Czarny dwurz\u0119dowy trencz z podszewk\u0105 i paskiem\">\r\n                    <\/div>\r\n                    <div class=\"product-block-name\">\r\n                        <p>Czarny dwurz\u0119dowy trencz z podszewk\u0105 i paskiem<\/p>\r\n                    <\/div>\r\n                <\/a>\r\n            <\/div>\r\n                    <div class=\"swiper-slide product-block-item\" data-id=\"147783\">\r\n                <a href=\"https:\/\/bialcon.pl\/bezowy-dwurzedowy-trencz-z-podszewka-i-paskiem?utm_source=blog&utm_medium=wyprzedaz&utm_campaign=071021\" class=\"product-block-url\" target=\"_blank\">\r\n                    <div class=\"product-block-image\">\r\n                        <img decoding=\"async\" width=\"300\" height=\"400\" src=\"https:\/\/bialcon.pl\/picture\/kurtka-ble-262678-f-bezowy.jpg\" alt=\"Be\u017cowy dwurz\u0119dowy trencz z podszewk\u0105 i paskiem\">\r\n                    <\/div>\r\n                    <div class=\"product-block-name\">\r\n                        <p>Be\u017cowy dwurz\u0119dowy trencz z podszewk\u0105 i paskiem<\/p>\r\n                    <\/div>\r\n                <\/a>\r\n            <\/div>\r\n            <\/div>\r\n<\/div>\r\n\n\n\n\n<h3 class=\"wp-block-heading\"><span class=\"ez-toc-section\" id=\"Plaszcz_prochowiec_damski\"><\/span>P\u0142aszcz prochowiec damski<strong><\/strong><span class=\"ez-toc-section-end\"><\/span><\/h3>\n\n\n\n<p>Bardzo cz\u0119sto mylony z trenczem, prochowiec damski jest p\u0142aszczem typowo letnim. Co ciekawe, historia prochowca si\u0119ga pocz\u0105tk\u00f3w XIX-wiecznej Szkocji, a podczas I Wojny \u015awiatowej bardzo cz\u0119sto towarzyszy\u0142 \u017co\u0142nierzom na froncie, ze wzgl\u0119du na wysok\u0105 wodoodporno\u015b\u0107. Ze \u015bwiata wojny do \u015bwiata mody prochowce wdar\u0142y si\u0119 dzi\u0119ki swojej uniwersalno\u015bci i od tamtej pory ch\u0119tnie goszcz\u0105 na wybiegach mody. Prochowiec w klasycznym wydaniu to <a href=\"https:\/\/bialcon.pl\/odziez\/plaszcze-damskie?utm_source=Blog&amp;utm_medium=porady+stylisty+&amp;utm_campaign=81021\" target=\"_blank\" rel=\"noreferrer noopener\"><strong>p\u0142aszcz<\/strong><\/a> si\u0119gaj\u0105cy za po\u015bladki, o prostym kroju, jednorz\u0119dowy. W przeciwie\u0144stwie do trencza, prochowiec ma ma\u0142y ko\u0142nierzyk i brak zdobie\u0144 w talii oraz na r\u0119kawach.<\/p>\n\n\n\n<h3 class=\"wp-block-heading\"><span class=\"ez-toc-section\" id=\"Kurtka_pilotka_damska\"><\/span>Kurtka pilotka damska<strong><\/strong><span class=\"ez-toc-section-end\"><\/span><\/h3>\n\n\n\n<p>Klasyczna pilotka damska to kr\u00f3tka, sk\u00f3rzana kurtka si\u0119gaj\u0105ca pasa i obszyta futerkiem. Sw\u00f3j pocz\u0105tek wzi\u0119\u0142a od pilot\u00f3w bombowc\u00f3w, a dzi\u015b ca\u0142kiem dobrze radzi sobie w \u015bwiecie mody. Bardzo cz\u0119sto pilotki damskie maj\u0105 zw\u0119\u017con\u0105 tali\u0119 i s\u0105 \u0142\u0105czone z <strong><a href=\"https:\/\/bialcon.pl\/odziez\/sukienki-1?utm_source=Blog&amp;utm_medium=porady+stylisty+&amp;utm_campaign=81021\">sukienkami<\/a> <\/strong>lub <a href=\"https:\/\/bialcon.pl\/odziez\/spodnie-damskie\/spodnie-jeansy-damskie?utm_source=Blog&amp;utm_medium=porady+stylisty+&amp;utm_campaign=81021\" target=\"_blank\" rel=\"noreferrer noopener\"><strong>jeansam<\/strong>i<\/a>. Dodatkow\u0105 ozdob\u0105 pilotki jest czasem pasek z klamr\u0105, wie\u0144cz\u0105cy d\u00f3\u0142 kurtki.<\/p>\n\n\n\n<h3 class=\"wp-block-heading\"><span class=\"ez-toc-section\" id=\"Ponczo_damskie_i_kamizelka_damska\"><\/span>Ponczo damskie i kamizelka damska<strong><\/strong><span class=\"ez-toc-section-end\"><\/span><\/h3>\n\n\n\n<p>Cho\u0107 poncho i kamizelk\u0119 nie mo\u017cna zakwalifikowa\u0107 ani do kurtek, ani do p\u0142aszczy, to s\u0105 to do\u015b\u0107 popularne okrycia wierzchnie, o kt\u00f3rych nie mo\u017cna nie wspomnie\u0107 w tym zestawieniu. Poncho to peleryna wk\u0142adana przez g\u0142ow\u0119 lub zarzucana swobodnie na ramiona, wykonana na wz\u00f3r meksyka\u0144skich okry\u0107 wierzchnich. W zale\u017cno\u015bci od fasonu mo\u017ce spe\u0142nia\u0107 si\u0119 zar\u00f3wno w eleganckich stylizacjach, jak i tych bardziej casualowych, na luzie. Z kolei kamizelka damska jest okryciem sprawdzaj\u0105cym si\u0119 raczej w swobodnych stylizacjach. Ze wzgl\u0119du na materia\u0142, z jakiego zosta\u0142a uszyta (ekologiczne lub naturalne futro, dzianina, jeans, pikowanie, we\u0142na) spe\u0142nia si\u0119 zar\u00f3wno podczas lata, jak i zimy.<\/p>\n\n\n\n<h2 class=\"wp-block-heading\"><span class=\"ez-toc-section\" id=\"Kurtki_i_plaszcze_damskie_a_pory_roku\"><\/span>Kurtki i p\u0142aszcze damskie a pory roku<strong><\/strong><span class=\"ez-toc-section-end\"><\/span><\/h2>\n\n\n\n<p>Kurtki i p\u0142aszcze damskie mo\u017cna rozr\u00f3\u017cni\u0107 tak\u017ce ze wzgl\u0119du na por\u0119 roku, z my\u015bl\u0105 o kt\u00f3rej zosta\u0142y wykonane. Dlatego w sklepach &#8211; na przyk\u0142ad na Bialcon.pl &#8211; znajdziemy szeroki przekr\u00f3j<strong> <a href=\"https:\/\/bialcon.pl\/odziez\/kurtki-damskie\/kurtki-damskie-wiosenne?utm_source=Blog&amp;utm_medium=porady+stylisty+&amp;utm_campaign=81021\" target=\"_blank\" rel=\"noreferrer noopener\">kurtek wiosennych<\/a><\/strong>, <a href=\"https:\/\/bialcon.pl\/odziez\/kurtki-damskie\/kurtki-zimowe-damskie?utm_source=Blog&amp;utm_medium=porady+stylisty+&amp;utm_campaign=81021\" target=\"_blank\" rel=\"noreferrer noopener\"><strong>kurtek zimowych<\/strong><\/a>, <a href=\"https:\/\/bialcon.pl\/odziez\/kurtki-damskie\/kurtki-damskie-letnie?utm_source=Blog&amp;utm_medium=porady+stylisty+&amp;utm_campaign=81021\" target=\"_blank\" rel=\"noreferrer noopener\"><strong>kurtek letnich<\/strong><\/a> oraz <a href=\"https:\/\/bialcon.pl\/odziez\/kurtki-damskie\/kurtki-damskie-jesienne?utm_source=Blog&amp;utm_medium=porady+stylisty+&amp;utm_campaign=81021\" target=\"_blank\" rel=\"noreferrer noopener\"><strong>kurtek jesiennych<\/strong><\/a>. Tak samo w kwestii p\u0142aszczy &#8211; <a href=\"https:\/\/bialcon.pl\/odziez\/plaszcze-damskie\/plaszcze-damskie-zimowe?utm_source=Blog&amp;utm_medium=porady+stylisty+&amp;utm_campaign=81021\" target=\"_blank\" rel=\"noreferrer noopener\"><strong>zimowe<\/strong><\/a>, letnie, <a href=\"https:\/\/bialcon.pl\/odziez\/plaszcze-damskie\/plaszcze-damskie-wiosenne?utm_source=Blog&amp;utm_medium=porady+stylisty+&amp;utm_campaign=81021\" target=\"_blank\" rel=\"noreferrer noopener\"><strong>wiosenne<\/strong><\/a> czy<strong> <a href=\"https:\/\/bialcon.pl\/odziez\/plaszcze-damskie\/plaszcze-damskie-jesienne?utm_source=Blog&amp;utm_medium=porady+stylisty+&amp;utm_campaign=81021\" target=\"_blank\" rel=\"noreferrer noopener\">jesienne p\u0142aszcze damskie<\/a><\/strong> \u015bwiec\u0105 triumfy popularno\u015bci i s\u0105 ch\u0119tnie wybierane przez kobiety na ca\u0142ym \u015bwiecie. Okrycia wierzchnie rozr\u00f3\u017cniane ze wzgl\u0119du na pory roku r\u00f3\u017cni\u0105 si\u0119 od siebie przede wszystkim materia\u0142em wykonania, fasonem oraz ociepleniem lub jego brakiem.<\/p>\n\n\n\r\n<div class=\"product-block-container swiper mySwiperProductBlock\">\r\n    <div class=\"product-block-swiper swiper-wrapper\">\r\n                    <div class=\"swiper-slide product-block-item\" data-id=\"147724\">\r\n                <a href=\"https:\/\/bialcon.pl\/bawelniana-kurtka-khaki-sciagana-w-talii?utm_source=blog&utm_medium=wyprzedaz&utm_campaign=071021\" class=\"product-block-url\" target=\"_blank\">\r\n                    <div class=\"product-block-image\">\r\n                        <img decoding=\"async\" width=\"300\" height=\"400\" src=\"https:\/\/bialcon.pl\/picture\/kurtka-ble-252679-f-khaki_2.jpg\" alt=\"Bawe\u0142niana kurtka khaki \u015bci\u0105gana w talii\">\r\n                    <\/div>\r\n                    <div class=\"product-block-name\">\r\n                        <p>Bawe\u0142niana kurtka khaki \u015bci\u0105gana w talii<\/p>\r\n                    <\/div>\r\n                <\/a>\r\n            <\/div>\r\n                    <div class=\"swiper-slide product-block-item\" data-id=\"147725\">\r\n                <a href=\"https:\/\/bialcon.pl\/ciemnogranatowa-bawelniana-kurtka-sciagana-w-talii?utm_source=blog&utm_medium=wyprzedaz&utm_campaign=071021\" class=\"product-block-url\" target=\"_blank\">\r\n                    <div class=\"product-block-image\">\r\n                        <img decoding=\"async\" width=\"300\" height=\"400\" src=\"https:\/\/bialcon.pl\/picture\/kurtka-ble-252679-f-granat_3.jpg\" alt=\"Ciemnogranatowa bawe\u0142niana kurtka \u015bci\u0105gana w talii\">\r\n                    <\/div>\r\n                    <div class=\"product-block-name\">\r\n                        <p>Ciemnogranatowa bawe\u0142niana kurtka \u015bci\u0105gana w talii<\/p>\r\n                    <\/div>\r\n                <\/a>\r\n            <\/div>\r\n                    <div class=\"swiper-slide product-block-item\" data-id=\"147726\">\r\n                <a href=\"https:\/\/bialcon.pl\/krotki-dwurzedowy-trencz-pastelowy-z-paskiem-i-podszewka?utm_source=blog&utm_medium=wyprzedaz&utm_campaign=071021\" class=\"product-block-url\" target=\"_blank\">\r\n                    <div class=\"product-block-image\">\r\n                        <img decoding=\"async\" width=\"300\" height=\"400\" src=\"https:\/\/bialcon.pl\/picture\/kurtka-ble-252682-f-j-rozowy_2.jpg\" alt=\"Kr\u00f3tki dwurz\u0119dowy trencz pastelowy z paskiem i podszewk\u0105\">\r\n                    <\/div>\r\n                    <div class=\"product-block-name\">\r\n                        <p>Kr\u00f3tki dwurz\u0119dowy trencz pastelowy z paskiem i podszewk\u0105<\/p>\r\n                    <\/div>\r\n                <\/a>\r\n            <\/div>\r\n            <\/div>\r\n<\/div>\r\n\n\n\n\r\n<div class=\"product-block-container swiper mySwiperProductBlock\">\r\n    <div class=\"product-block-swiper swiper-wrapper\">\r\n                    <div class=\"swiper-slide product-block-item\" data-id=\"147088\">\r\n                <a href=\"https:\/\/bialcon.pl\/welniany-plaszcz-z-dzianinowym-czarnym-sciagaczem?utm_source=blog&utm_medium=wyprzedaz&utm_campaign=071021\" class=\"product-block-url\" target=\"_blank\">\r\n                    <div class=\"product-block-image\">\r\n                        <img decoding=\"async\" width=\"300\" height=\"400\" src=\"https:\/\/bialcon.pl\/picture\/welniany-plaszcz-z-dzianinowym-czarnym-sciagaczem_1.jpg\" alt=\"We\u0142niany p\u0142aszcz z dzianinowym czarnym \u015bci\u0105gaczem\">\r\n                    <\/div>\r\n                    <div class=\"product-block-name\">\r\n                        <p>We\u0142niany p\u0142aszcz z dzianinowym czarnym \u015bci\u0105gaczem<\/p>\r\n                    <\/div>\r\n                <\/a>\r\n            <\/div>\r\n                    <div class=\"swiper-slide product-block-item\" data-id=\"147027\">\r\n                <a href=\"https:\/\/bialcon.pl\/welniany-dwurzedowy-szary-plaszcz-w-jodelke?utm_source=blog&utm_medium=wyprzedaz&utm_campaign=071021\" class=\"product-block-url\" target=\"_blank\">\r\n                    <div class=\"product-block-image\">\r\n                        <img decoding=\"async\" width=\"300\" height=\"400\" src=\"https:\/\/bialcon.pl\/picture\/welniany-dwurzedowy-szary-plaszcz-w-jodelke_1.jpg\" alt=\"We\u0142niany dwurz\u0119dowy szary p\u0142aszcz w jode\u0142k\u0119\">\r\n                    <\/div>\r\n                    <div class=\"product-block-name\">\r\n                        <p>We\u0142niany dwurz\u0119dowy szary p\u0142aszcz w jode\u0142k\u0119<\/p>\r\n                    <\/div>\r\n                <\/a>\r\n            <\/div>\r\n                    <div class=\"swiper-slide product-block-item\" data-id=\"146827\">\r\n                <a href=\"https:\/\/bialcon.pl\/dlugie-syntetyczne-futro-z-klasycznym-kolnierzem-i-haftkami?utm_source=blog&utm_medium=wyprzedaz&utm_campaign=071021\" class=\"product-block-url\" target=\"_blank\">\r\n                    <div class=\"product-block-image\">\r\n                        <img decoding=\"async\" width=\"300\" height=\"400\" src=\"https:\/\/bialcon.pl\/picture\/dlugie-syntetyczne-futro-z-klasycznym-kolnierzem-i-haftkami_1.jpg\" alt=\"D\u0142ugie syntetyczne futro z klasycznym ko\u0142nierzem i haftkami\">\r\n                    <\/div>\r\n                    <div class=\"product-block-name\">\r\n                        <p>D\u0142ugie syntetyczne futro z klasycznym ko\u0142nierzem i haftkami<\/p>\r\n                    <\/div>\r\n                <\/a>\r\n            <\/div>\r\n            <\/div>\r\n<\/div>\r\n\n\n\n\n<h2 class=\"wp-block-heading\"><span class=\"ez-toc-section\" id=\"Kurtki_i_plaszcze_damskie_przejsciowe\"><\/span>Kurtki i p\u0142aszcze damskie przej\u015bciowe<strong><\/strong><span class=\"ez-toc-section-end\"><\/span><\/h2>\n\n\n\n<p>Opr\u00f3cz okry\u0107 wierzchnich sprecyzowanych pod k\u0105tem pory roku, w inwentarzu marek modowych mo\u017cemy natrafi\u0107 tak\u017ce na tzw. kurtki przej\u015bciowe. S\u0105 one zazwyczaj wykonane z materia\u0142\u00f3w, kt\u00f3re ci\u0119\u017cko zakwalifikowa\u0107 pod k\u0105tem u\u017cyteczno\u015bci w konkretnej porze roku &#8211; na przyk\u0142ad kurtki jeansowe czy<strong> <a href=\"https:\/\/bialcon.pl\/odziez\/kurtki-damskie\/kurtki-skorzane?utm_source=Blog&amp;utm_medium=porady+stylisty+&amp;utm_campaign=81021\" target=\"_blank\" rel=\"noreferrer noopener\">kurtki sk\u00f3rzane<\/a><\/strong> lub ramoneski (uszyte z eko sk\u00f3ry). Mimo to ch\u0119tnie wykorzystywane s\u0105 w stylizacjach zar\u00f3wno eleganckich, jak i tych bardziej swobodnych, a nawet &#8211; w sportowych.<\/p>\n\n\n\r\n<div class=\"product-block-container swiper mySwiperProductBlock\">\r\n    <div class=\"product-block-swiper swiper-wrapper\">\r\n                    <div class=\"swiper-slide product-block-item\" data-id=\"142615\">\r\n                <a href=\"https:\/\/bialcon.pl\/jasna-skorzana-kurtka?utm_source=blog&utm_medium=wyprzedaz&utm_campaign=071021\" class=\"product-block-url\" target=\"_blank\">\r\n                    <div class=\"product-block-image\">\r\n                        <img decoding=\"async\" width=\"300\" height=\"400\" src=\"https:\/\/bialcon.pl\/picture\/jasnoszara-skorzana-kurtka_1.jpg\" alt=\"Jasna sk\u00f3rzana kurtka\">\r\n                    <\/div>\r\n                    <div class=\"product-block-name\">\r\n                        <p>Jasna sk\u00f3rzana kurtka<\/p>\r\n                    <\/div>\r\n                <\/a>\r\n            <\/div>\r\n                    <div class=\"swiper-slide product-block-item\" data-id=\"142569\">\r\n                <a href=\"https:\/\/bialcon.pl\/skorzana-kurtka-w-stylu-ramoneski?utm_source=blog&utm_medium=wyprzedaz&utm_campaign=071021\" class=\"product-block-url\" target=\"_blank\">\r\n                    <div class=\"product-block-image\">\r\n                        <img decoding=\"async\" width=\"300\" height=\"400\" src=\"https:\/\/bialcon.pl\/picture\/skorzana-kurtka-w-stylu-ramoneski_1.jpg\" alt=\"Sk\u00f3rzana kurtka w stylu ramoneski\">\r\n                    <\/div>\r\n                    <div class=\"product-block-name\">\r\n                        <p>Sk\u00f3rzana kurtka w stylu ramoneski<\/p>\r\n                    <\/div>\r\n                <\/a>\r\n            <\/div>\r\n                    <div class=\"swiper-slide product-block-item\" data-id=\"142571\">\r\n                <a href=\"https:\/\/bialcon.pl\/bezowa-skorzana-kurtka?utm_source=blog&utm_medium=wyprzedaz&utm_campaign=071021\" class=\"product-block-url\" target=\"_blank\">\r\n                    <div class=\"product-block-image\">\r\n                        <img decoding=\"async\" width=\"300\" height=\"400\" src=\"https:\/\/bialcon.pl\/picture\/bezowa-skorzana-kurtka_1.jpg\" alt=\"Be\u017cowa sk\u00f3rzana kurtka\">\r\n                    <\/div>\r\n                    <div class=\"product-block-name\">\r\n                        <p>Be\u017cowa sk\u00f3rzana kurtka<\/p>\r\n                    <\/div>\r\n                <\/a>\r\n            <\/div>\r\n            <\/div>\r\n<\/div>\r\n\n\n\n\n<p><strong>Szukasz <\/strong><a href=\"https:\/\/bialcon.pl\/odziez\/kurtki-damskie?utm_source=Blog&amp;utm_medium=porady+stylisty+&amp;utm_campaign=81021\" target=\"_blank\" rel=\"noreferrer noopener\"><strong>kurtki damskiej<\/strong><\/a><strong>, kt\u00f3ra wpisze si\u0119 w ka\u017cd\u0105 stylizacj\u0119? A mo\u017ce marzysz o <\/strong><a href=\"https:\/\/bialcon.pl\/odziez\/kurtki-damskie?utm_source=Blog&amp;utm_medium=porady+stylisty+&amp;utm_campaign=81021\" target=\"_blank\" rel=\"noreferrer noopener\"><strong>p\u0142aszczu damskim<\/strong><\/a><strong>, dzi\u0119ki kt\u00f3remu twoje kreacje nabior\u0105 nowego, \u015bwie\u017cego blasku? Wyj\u0105tkowe kurtki i p\u0142aszcze damskie znajdziesz na <\/strong><a href=\"https:\/\/bialcon.pl\/?utm_source=Blog&amp;utm_medium=porady+stylisty+&amp;utm_campaign=81021\" target=\"_blank\" rel=\"noreferrer noopener\"><strong>Bialcon.pl<\/strong><\/a><strong> i w sklepach stacjonarnych marki.<\/strong><\/p>\n","protected":false},"excerpt":{"rendered":"<p>Je\u015bli ty tak\u017ce nazywasz ka\u017cd\u0105 bomberk\u0119 damsk\u0105 lub wiatr\u00f3wk\u0119 po prostu \u201ckurtk\u0105\u201d, a na trencz lub park\u0119 m\u00f3wisz \u201cp\u0142aszcz\u201d, ten poradnik jest w\u0142a\u015bnie dla ciebie. Dzi\u0119ki niemu dowiesz si\u0119, jakie rodzaje kurtek i p\u0142aszczy damskich masz u siebie w szafie. Zapraszamy! Kurtki i p\u0142aszcze damskie nieod\u0142\u0105cznie kojarz\u0105 nam si\u0119 z jesienn\u0105 aur\u0105 za oknem, zimowymi [&hellip;]<\/p>\n","protected":false},"author":8,"featured_media":12304,"comment_status":"closed","ping_status":"open","sticky":false,"template":"","format":"standard","meta":{"_acf_changed":false,"site-sidebar-layout":"default","site-content-layout":"default","ast-site-content-layout":"default","site-content-style":"default","site-sidebar-style":"default","ast-global-header-display":"","ast-banner-title-visibility":"","ast-main-header-display":"","ast-hfb-above-header-display":"","ast-hfb-below-header-display":"","ast-hfb-mobile-header-display":"","site-post-title":"","ast-breadcrumbs-content":"","ast-featured-img":"","footer-sml-layout":"","theme-transparent-header-meta":"default","adv-header-id-meta":"","stick-header-meta":"","header-above-stick-meta":"","header-main-stick-meta":"","header-below-stick-meta":"","astra-migrate-meta-layouts":"set","ast-page-background-enabled":"default","ast-page-background-meta":{"desktop":{"background-color":"","background-image":"","background-repeat":"repeat","background-position":"center center","background-size":"auto","background-attachment":"scroll","background-type":"","background-media":"","overlay-type":"","overlay-color":"","overlay-opacity":"","overlay-gradient":""},"tablet":{"background-color":"","background-image":"","background-repeat":"repeat","background-position":"center center","background-size":"auto","background-attachment":"scroll","background-type":"","background-media":"","overlay-type":"","overlay-color":"","overlay-opacity":"","overlay-gradient":""},"mobile":{"background-color":"","background-image":"","background-repeat":"repeat","background-position":"center center","background-size":"auto","background-attachment":"scroll","background-type":"","background-media":"","overlay-type":"","overlay-color":"","overlay-opacity":"","overlay-gradient":""}},"ast-content-background-meta":{"desktop":{"background-color":"var(--ast-global-color-5)","background-image":"","background-repeat":"repeat","background-position":"center center","background-size":"auto","background-attachment":"scroll","background-type":"","background-media":"","overlay-type":"","overlay-color":"","overlay-opacity":"","overlay-gradient":""},"tablet":{"background-color":"var(--ast-global-color-5)","background-image":"","background-repeat":"repeat","background-position":"center center","background-size":"auto","background-attachment":"scroll","background-type":"","background-media":"","overlay-type":"","overlay-color":"","overlay-opacity":"","overlay-gradient":""},"mobile":{"background-color":"var(--ast-global-color-5)","background-image":"","background-repeat":"repeat","background-position":"center center","background-size":"auto","background-attachment":"scroll","background-type":"","background-media":"","overlay-type":"","overlay-color":"","overlay-opacity":"","overlay-gradient":""}},"footnotes":""},"categories":[10,14],"tags":[],"class_list":["post-3174","post","type-post","status-publish","format-standard","has-post-thumbnail","hentry","category-porady-stylistki","category-wszystkie-wpisy"],"acf":[],"yoast_head":"<!-- This site is optimized with the Yoast SEO plugin v27.4 - https:\/\/yoast.com\/product\/yoast-seo-wordpress\/ -->\n<title>Poznaj \u015bwiat kurtek i p\u0142aszczy damskich - bialcon.pl\/blog<\/title>\n<meta name=\"description\" content=\"Czy wiesz jakie s\u0105 rodzaje okry\u0107 wierzchnich? \ud83e\udde3 Przeczytaj jaka jest ich historia i poznaj najpopularniejsze fasony kurtek i p\u0142aszczy.\" \/>\n<meta name=\"robots\" content=\"index, follow, max-snippet:-1, max-image-preview:large, max-video-preview:-1\" \/>\n<link rel=\"canonical\" href=\"https:\/\/bialcon.pl\/blog\/poznaj-swiat-kurtek-i-plaszczy-damskich-rodzaje-historia-i-zastosowanie\/\" \/>\n<meta name=\"twitter:label1\" content=\"Napisane przez\" \/>\n\t<meta name=\"twitter:data1\" content=\"Marta Osuch\" \/>\n\t<meta name=\"twitter:label2\" content=\"Szacowany czas czytania\" \/>\n\t<meta name=\"twitter:data2\" content=\"6 minut\" \/>\n<script type=\"application\/ld+json\" class=\"yoast-schema-graph\">{\"@context\":\"https:\\\/\\\/schema.org\",\"@graph\":[{\"@type\":\"Article\",\"@id\":\"https:\\\/\\\/bialcon.pl\\\/blog\\\/poznaj-swiat-kurtek-i-plaszczy-damskich-rodzaje-historia-i-zastosowanie\\\/#article\",\"isPartOf\":{\"@id\":\"https:\\\/\\\/bialcon.pl\\\/blog\\\/poznaj-swiat-kurtek-i-plaszczy-damskich-rodzaje-historia-i-zastosowanie\\\/\"},\"author\":{\"name\":\"Marta Osuch\",\"@id\":\"https:\\\/\\\/bialcon.pl\\\/blog\\\/#\\\/schema\\\/person\\\/d607966042d507bd761f9e2cab07df62\"},\"headline\":\"Poznaj \u015bwiat kurtek i p\u0142aszczy damskich &#8211; rodzaje, historia i zastosowanie\",\"datePublished\":\"2021-10-07T04:41:00+00:00\",\"dateModified\":\"2025-11-17T11:49:16+00:00\",\"mainEntityOfPage\":{\"@id\":\"https:\\\/\\\/bialcon.pl\\\/blog\\\/poznaj-swiat-kurtek-i-plaszczy-damskich-rodzaje-historia-i-zastosowanie\\\/\"},\"wordCount\":1194,\"image\":{\"@id\":\"https:\\\/\\\/bialcon.pl\\\/blog\\\/poznaj-swiat-kurtek-i-plaszczy-damskich-rodzaje-historia-i-zastosowanie\\\/#primaryimage\"},\"thumbnailUrl\":\"https:\\\/\\\/bialcon.pl\\\/blog\\\/wp-content\\\/uploads\\\/2021\\\/10\\\/Projekt-bez-nazwy-26.png\",\"articleSection\":[\"Porady Stylistki\",\"Wszystkie wpisy\"],\"inLanguage\":\"pl-PL\"},{\"@type\":\"WebPage\",\"@id\":\"https:\\\/\\\/bialcon.pl\\\/blog\\\/poznaj-swiat-kurtek-i-plaszczy-damskich-rodzaje-historia-i-zastosowanie\\\/\",\"url\":\"https:\\\/\\\/bialcon.pl\\\/blog\\\/poznaj-swiat-kurtek-i-plaszczy-damskich-rodzaje-historia-i-zastosowanie\\\/\",\"name\":\"Poznaj \u015bwiat kurtek i p\u0142aszczy damskich - bialcon.pl\\\/blog\",\"isPartOf\":{\"@id\":\"https:\\\/\\\/bialcon.pl\\\/blog\\\/#website\"},\"primaryImageOfPage\":{\"@id\":\"https:\\\/\\\/bialcon.pl\\\/blog\\\/poznaj-swiat-kurtek-i-plaszczy-damskich-rodzaje-historia-i-zastosowanie\\\/#primaryimage\"},\"image\":{\"@id\":\"https:\\\/\\\/bialcon.pl\\\/blog\\\/poznaj-swiat-kurtek-i-plaszczy-damskich-rodzaje-historia-i-zastosowanie\\\/#primaryimage\"},\"thumbnailUrl\":\"https:\\\/\\\/bialcon.pl\\\/blog\\\/wp-content\\\/uploads\\\/2021\\\/10\\\/Projekt-bez-nazwy-26.png\",\"datePublished\":\"2021-10-07T04:41:00+00:00\",\"dateModified\":\"2025-11-17T11:49:16+00:00\",\"author\":{\"@id\":\"https:\\\/\\\/bialcon.pl\\\/blog\\\/#\\\/schema\\\/person\\\/d607966042d507bd761f9e2cab07df62\"},\"description\":\"Czy wiesz jakie s\u0105 rodzaje okry\u0107 wierzchnich? \ud83e\udde3 Przeczytaj jaka jest ich historia i poznaj najpopularniejsze fasony kurtek i p\u0142aszczy.\",\"breadcrumb\":{\"@id\":\"https:\\\/\\\/bialcon.pl\\\/blog\\\/poznaj-swiat-kurtek-i-plaszczy-damskich-rodzaje-historia-i-zastosowanie\\\/#breadcrumb\"},\"inLanguage\":\"pl-PL\",\"potentialAction\":[{\"@type\":\"ReadAction\",\"target\":[\"https:\\\/\\\/bialcon.pl\\\/blog\\\/poznaj-swiat-kurtek-i-plaszczy-damskich-rodzaje-historia-i-zastosowanie\\\/\"]}]},{\"@type\":\"ImageObject\",\"inLanguage\":\"pl-PL\",\"@id\":\"https:\\\/\\\/bialcon.pl\\\/blog\\\/poznaj-swiat-kurtek-i-plaszczy-damskich-rodzaje-historia-i-zastosowanie\\\/#primaryimage\",\"url\":\"https:\\\/\\\/bialcon.pl\\\/blog\\\/wp-content\\\/uploads\\\/2021\\\/10\\\/Projekt-bez-nazwy-26.png\",\"contentUrl\":\"https:\\\/\\\/bialcon.pl\\\/blog\\\/wp-content\\\/uploads\\\/2021\\\/10\\\/Projekt-bez-nazwy-26.png\",\"width\":960,\"height\":850,\"caption\":\"Wizualizacja kobiety w d\u0142ugim czarnym p\u0142aszczu puchowym z kapturem\"},{\"@type\":\"BreadcrumbList\",\"@id\":\"https:\\\/\\\/bialcon.pl\\\/blog\\\/poznaj-swiat-kurtek-i-plaszczy-damskich-rodzaje-historia-i-zastosowanie\\\/#breadcrumb\",\"itemListElement\":[{\"@type\":\"ListItem\",\"position\":1,\"name\":\"Strona g\u0142\u00f3wna\",\"item\":\"https:\\\/\\\/bialcon.pl\\\/blog\\\/\"},{\"@type\":\"ListItem\",\"position\":2,\"name\":\"Porady Stylistki\",\"item\":\"https:\\\/\\\/bialcon.pl\\\/blog\\\/porady-stylistki\\\/\"},{\"@type\":\"ListItem\",\"position\":3,\"name\":\"Poznaj \u015bwiat kurtek i p\u0142aszczy damskich &#8211; rodzaje, historia i zastosowanie\"}]},{\"@type\":\"WebSite\",\"@id\":\"https:\\\/\\\/bialcon.pl\\\/blog\\\/#website\",\"url\":\"https:\\\/\\\/bialcon.pl\\\/blog\\\/\",\"name\":\"bialcon.pl\\\/blog\\\/\",\"description\":\"Fashion Blog w zasi\u0119gu Twojej r\u0119ki\",\"potentialAction\":[{\"@type\":\"SearchAction\",\"target\":{\"@type\":\"EntryPoint\",\"urlTemplate\":\"https:\\\/\\\/bialcon.pl\\\/blog\\\/?s={search_term_string}\"},\"query-input\":{\"@type\":\"PropertyValueSpecification\",\"valueRequired\":true,\"valueName\":\"search_term_string\"}}],\"inLanguage\":\"pl-PL\"},{\"@type\":\"Person\",\"@id\":\"https:\\\/\\\/bialcon.pl\\\/blog\\\/#\\\/schema\\\/person\\\/d607966042d507bd761f9e2cab07df62\",\"name\":\"Marta Osuch\",\"image\":{\"@type\":\"ImageObject\",\"inLanguage\":\"pl-PL\",\"@id\":\"https:\\\/\\\/secure.gravatar.com\\\/avatar\\\/e92ecceaeb1c6e5e7cf1d28eb4215cad69403014f340b8f5b576adf09b89be60?s=96&d=mm&r=g\",\"url\":\"https:\\\/\\\/secure.gravatar.com\\\/avatar\\\/e92ecceaeb1c6e5e7cf1d28eb4215cad69403014f340b8f5b576adf09b89be60?s=96&d=mm&r=g\",\"contentUrl\":\"https:\\\/\\\/secure.gravatar.com\\\/avatar\\\/e92ecceaeb1c6e5e7cf1d28eb4215cad69403014f340b8f5b576adf09b89be60?s=96&d=mm&r=g\",\"caption\":\"Marta Osuch\"},\"description\":\"Z wykszta\u0142cenia specjalistka ds. bezpiecze\u0144stwa narodowego, z pasji \u2014 tw\u00f3rczyni tre\u015bci i mi\u0142o\u015bniczka mody. Na co dzie\u0144 \u0142\u0105czy zami\u0142owanie do content marketingu z uwa\u017cn\u0105 obserwacj\u0105 trend\u00f3w, szczeg\u00f3lnie tych inspirowanych stylem najwi\u0119kszych gwiazd. Ch\u0119tnie podpatruje codzienne stylizacje i przek\u0142ada je na mod\u0119 blisk\u0105 \u017cyciu \u2014 kobiec\u0105, stylow\u0105 i pe\u0142n\u0105 charakteru. Prywatnie najch\u0119tniej si\u0119ga po krymina\u0142y i sp\u0119dza czas na spacerach z synkiem.\",\"sameAs\":[\"https:\\\/\\\/www.linkedin.com\\\/in\\\/marta-osuch-b71aa8186\\\/\"],\"url\":\"https:\\\/\\\/bialcon.pl\\\/blog\\\/author\\\/martao\\\/\"}]}<\/script>\n<!-- \/ Yoast SEO plugin. -->","yoast_head_json":{"title":"Poznaj \u015bwiat kurtek i p\u0142aszczy damskich - bialcon.pl\/blog","description":"Czy wiesz jakie s\u0105 rodzaje okry\u0107 wierzchnich? \ud83e\udde3 Przeczytaj jaka jest ich historia i poznaj najpopularniejsze fasony kurtek i p\u0142aszczy.","robots":{"index":"index","follow":"follow","max-snippet":"max-snippet:-1","max-image-preview":"max-image-preview:large","max-video-preview":"max-video-preview:-1"},"canonical":"https:\/\/bialcon.pl\/blog\/poznaj-swiat-kurtek-i-plaszczy-damskich-rodzaje-historia-i-zastosowanie\/","twitter_misc":{"Napisane przez":"Marta Osuch","Szacowany czas czytania":"6 minut"},"schema":{"@context":"https:\/\/schema.org","@graph":[{"@type":"Article","@id":"https:\/\/bialcon.pl\/blog\/poznaj-swiat-kurtek-i-plaszczy-damskich-rodzaje-historia-i-zastosowanie\/#article","isPartOf":{"@id":"https:\/\/bialcon.pl\/blog\/poznaj-swiat-kurtek-i-plaszczy-damskich-rodzaje-historia-i-zastosowanie\/"},"author":{"name":"Marta Osuch","@id":"https:\/\/bialcon.pl\/blog\/#\/schema\/person\/d607966042d507bd761f9e2cab07df62"},"headline":"Poznaj \u015bwiat kurtek i p\u0142aszczy damskich &#8211; rodzaje, historia i zastosowanie","datePublished":"2021-10-07T04:41:00+00:00","dateModified":"2025-11-17T11:49:16+00:00","mainEntityOfPage":{"@id":"https:\/\/bialcon.pl\/blog\/poznaj-swiat-kurtek-i-plaszczy-damskich-rodzaje-historia-i-zastosowanie\/"},"wordCount":1194,"image":{"@id":"https:\/\/bialcon.pl\/blog\/poznaj-swiat-kurtek-i-plaszczy-damskich-rodzaje-historia-i-zastosowanie\/#primaryimage"},"thumbnailUrl":"https:\/\/bialcon.pl\/blog\/wp-content\/uploads\/2021\/10\/Projekt-bez-nazwy-26.png","articleSection":["Porady Stylistki","Wszystkie wpisy"],"inLanguage":"pl-PL"},{"@type":"WebPage","@id":"https:\/\/bialcon.pl\/blog\/poznaj-swiat-kurtek-i-plaszczy-damskich-rodzaje-historia-i-zastosowanie\/","url":"https:\/\/bialcon.pl\/blog\/poznaj-swiat-kurtek-i-plaszczy-damskich-rodzaje-historia-i-zastosowanie\/","name":"Poznaj \u015bwiat kurtek i p\u0142aszczy damskich - bialcon.pl\/blog","isPartOf":{"@id":"https:\/\/bialcon.pl\/blog\/#website"},"primaryImageOfPage":{"@id":"https:\/\/bialcon.pl\/blog\/poznaj-swiat-kurtek-i-plaszczy-damskich-rodzaje-historia-i-zastosowanie\/#primaryimage"},"image":{"@id":"https:\/\/bialcon.pl\/blog\/poznaj-swiat-kurtek-i-plaszczy-damskich-rodzaje-historia-i-zastosowanie\/#primaryimage"},"thumbnailUrl":"https:\/\/bialcon.pl\/blog\/wp-content\/uploads\/2021\/10\/Projekt-bez-nazwy-26.png","datePublished":"2021-10-07T04:41:00+00:00","dateModified":"2025-11-17T11:49:16+00:00","author":{"@id":"https:\/\/bialcon.pl\/blog\/#\/schema\/person\/d607966042d507bd761f9e2cab07df62"},"description":"Czy wiesz jakie s\u0105 rodzaje okry\u0107 wierzchnich? \ud83e\udde3 Przeczytaj jaka jest ich historia i poznaj najpopularniejsze fasony kurtek i p\u0142aszczy.","breadcrumb":{"@id":"https:\/\/bialcon.pl\/blog\/poznaj-swiat-kurtek-i-plaszczy-damskich-rodzaje-historia-i-zastosowanie\/#breadcrumb"},"inLanguage":"pl-PL","potentialAction":[{"@type":"ReadAction","target":["https:\/\/bialcon.pl\/blog\/poznaj-swiat-kurtek-i-plaszczy-damskich-rodzaje-historia-i-zastosowanie\/"]}]},{"@type":"ImageObject","inLanguage":"pl-PL","@id":"https:\/\/bialcon.pl\/blog\/poznaj-swiat-kurtek-i-plaszczy-damskich-rodzaje-historia-i-zastosowanie\/#primaryimage","url":"https:\/\/bialcon.pl\/blog\/wp-content\/uploads\/2021\/10\/Projekt-bez-nazwy-26.png","contentUrl":"https:\/\/bialcon.pl\/blog\/wp-content\/uploads\/2021\/10\/Projekt-bez-nazwy-26.png","width":960,"height":850,"caption":"Wizualizacja kobiety w d\u0142ugim czarnym p\u0142aszczu puchowym z kapturem"},{"@type":"BreadcrumbList","@id":"https:\/\/bialcon.pl\/blog\/poznaj-swiat-kurtek-i-plaszczy-damskich-rodzaje-historia-i-zastosowanie\/#breadcrumb","itemListElement":[{"@type":"ListItem","position":1,"name":"Strona g\u0142\u00f3wna","item":"https:\/\/bialcon.pl\/blog\/"},{"@type":"ListItem","position":2,"name":"Porady Stylistki","item":"https:\/\/bialcon.pl\/blog\/porady-stylistki\/"},{"@type":"ListItem","position":3,"name":"Poznaj \u015bwiat kurtek i p\u0142aszczy damskich &#8211; rodzaje, historia i zastosowanie"}]},{"@type":"WebSite","@id":"https:\/\/bialcon.pl\/blog\/#website","url":"https:\/\/bialcon.pl\/blog\/","name":"bialcon.pl\/blog\/","description":"Fashion Blog w zasi\u0119gu Twojej r\u0119ki","potentialAction":[{"@type":"SearchAction","target":{"@type":"EntryPoint","urlTemplate":"https:\/\/bialcon.pl\/blog\/?s={search_term_string}"},"query-input":{"@type":"PropertyValueSpecification","valueRequired":true,"valueName":"search_term_string"}}],"inLanguage":"pl-PL"},{"@type":"Person","@id":"https:\/\/bialcon.pl\/blog\/#\/schema\/person\/d607966042d507bd761f9e2cab07df62","name":"Marta Osuch","image":{"@type":"ImageObject","inLanguage":"pl-PL","@id":"https:\/\/secure.gravatar.com\/avatar\/e92ecceaeb1c6e5e7cf1d28eb4215cad69403014f340b8f5b576adf09b89be60?s=96&d=mm&r=g","url":"https:\/\/secure.gravatar.com\/avatar\/e92ecceaeb1c6e5e7cf1d28eb4215cad69403014f340b8f5b576adf09b89be60?s=96&d=mm&r=g","contentUrl":"https:\/\/secure.gravatar.com\/avatar\/e92ecceaeb1c6e5e7cf1d28eb4215cad69403014f340b8f5b576adf09b89be60?s=96&d=mm&r=g","caption":"Marta Osuch"},"description":"Z wykszta\u0142cenia specjalistka ds. bezpiecze\u0144stwa narodowego, z pasji \u2014 tw\u00f3rczyni tre\u015bci i mi\u0142o\u015bniczka mody. Na co dzie\u0144 \u0142\u0105czy zami\u0142owanie do content marketingu z uwa\u017cn\u0105 obserwacj\u0105 trend\u00f3w, szczeg\u00f3lnie tych inspirowanych stylem najwi\u0119kszych gwiazd. Ch\u0119tnie podpatruje codzienne stylizacje i przek\u0142ada je na mod\u0119 blisk\u0105 \u017cyciu \u2014 kobiec\u0105, stylow\u0105 i pe\u0142n\u0105 charakteru. Prywatnie najch\u0119tniej si\u0119ga po krymina\u0142y i sp\u0119dza czas na spacerach z synkiem.","sameAs":["https:\/\/www.linkedin.com\/in\/marta-osuch-b71aa8186\/"],"url":"https:\/\/bialcon.pl\/blog\/author\/martao\/"}]}},"_links":{"self":[{"href":"https:\/\/bialcon.pl\/blog\/wp-json\/wp\/v2\/posts\/3174","targetHints":{"allow":["GET"]}}],"collection":[{"href":"https:\/\/bialcon.pl\/blog\/wp-json\/wp\/v2\/posts"}],"about":[{"href":"https:\/\/bialcon.pl\/blog\/wp-json\/wp\/v2\/types\/post"}],"author":[{"embeddable":true,"href":"https:\/\/bialcon.pl\/blog\/wp-json\/wp\/v2\/users\/8"}],"replies":[{"embeddable":true,"href":"https:\/\/bialcon.pl\/blog\/wp-json\/wp\/v2\/comments?post=3174"}],"version-history":[{"count":13,"href":"https:\/\/bialcon.pl\/blog\/wp-json\/wp\/v2\/posts\/3174\/revisions"}],"predecessor-version":[{"id":11182,"href":"https:\/\/bialcon.pl\/blog\/wp-json\/wp\/v2\/posts\/3174\/revisions\/11182"}],"wp:featuredmedia":[{"embeddable":true,"href":"https:\/\/bialcon.pl\/blog\/wp-json\/wp\/v2\/media\/12304"}],"wp:attachment":[{"href":"https:\/\/bialcon.pl\/blog\/wp-json\/wp\/v2\/media?parent=3174"}],"wp:term":[{"taxonomy":"category","embeddable":true,"href":"https:\/\/bialcon.pl\/blog\/wp-json\/wp\/v2\/categories?post=3174"},{"taxonomy":"post_tag","embeddable":true,"href":"https:\/\/bialcon.pl\/blog\/wp-json\/wp\/v2\/tags?post=3174"}],"curies":[{"name":"wp","href":"https:\/\/api.w.org\/{rel}","templated":true}]}}