{"id":2737,"date":"2021-08-24T09:26:00","date_gmt":"2021-08-24T07:26:00","guid":{"rendered":"https:\/\/blog.bialcon.pl\/?p=2737"},"modified":"2025-11-17T11:45:08","modified_gmt":"2025-11-17T10:45:08","slug":"jak-ubrac-sie-na-rozmowe-kwalifikacyjna","status":"publish","type":"post","link":"https:\/\/bialcon.pl\/blog\/jak-ubrac-sie-na-rozmowe-kwalifikacyjna\/","title":{"rendered":"Jak ubra\u0107 si\u0119 na rozmow\u0119 kwalifikacyjn\u0105? 3 sprawdzone stylizacje"},"content":{"rendered":"<div id=\"ez-toc-container\" class=\"ez-toc-v2_0_82_2 counter-hierarchy ez-toc-counter ez-toc-custom ez-toc-container-direction\">\n<div class=\"ez-toc-title-container\"><p class=\"ez-toc-title\" style=\"cursor:inherit\">Spis Tre\u015bci<\/p>\n<\/div><nav><ul class='ez-toc-list ez-toc-list-level-1 ' ><li class='ez-toc-page-1 ez-toc-heading-level-2'><a class=\"ez-toc-link ez-toc-heading-1\" href=\"https:\/\/bialcon.pl\/blog\/jak-ubrac-sie-na-rozmowe-kwalifikacyjna\/#W_ten_sposob_okazesz_innym_szacunek\" >W ten spos\u00f3b oka\u017cesz innym szacunek<\/a><\/li><li class='ez-toc-page-1 ez-toc-heading-level-2'><a class=\"ez-toc-link ez-toc-heading-2\" href=\"https:\/\/bialcon.pl\/blog\/jak-ubrac-sie-na-rozmowe-kwalifikacyjna\/#Jak_ubrac_sie_na_rozmowe_kwalifikacyjna\" >Jak ubra\u0107 si\u0119 na rozmow\u0119 kwalifikacyjn\u0105?<\/a><\/li><li class='ez-toc-page-1 ez-toc-heading-level-2'><a class=\"ez-toc-link ez-toc-heading-3\" href=\"https:\/\/bialcon.pl\/blog\/jak-ubrac-sie-na-rozmowe-kwalifikacyjna\/#Stroj_na_rozmowe_kwalifikacyjna_%E2%80%93_postaw_na_klasyke\" >Str\u00f3j na rozmow\u0119 kwalifikacyjn\u0105 &#8211; postaw na klasyk\u0119<\/a><\/li><li class='ez-toc-page-1 ez-toc-heading-level-2'><a class=\"ez-toc-link ez-toc-heading-4\" href=\"https:\/\/bialcon.pl\/blog\/jak-ubrac-sie-na-rozmowe-kwalifikacyjna\/#Rozmowa_o_prace_Stylizacja_z_olowkowa_spodnica\" >Rozmowa o prac\u0119. Stylizacja z o\u0142\u00f3wkow\u0105 sp\u00f3dnic\u0105<\/a><\/li><li class='ez-toc-page-1 ez-toc-heading-level-2'><a class=\"ez-toc-link ez-toc-heading-5\" href=\"https:\/\/bialcon.pl\/blog\/jak-ubrac-sie-na-rozmowe-kwalifikacyjna\/#Rozmowa_kwalifikacyjna_%E2%80%93_a_moze_sukienka\" >Rozmowa kwalifikacyjna &#8211; a mo\u017ce sukienka?<\/a><\/li><li class='ez-toc-page-1 ez-toc-heading-level-2'><a class=\"ez-toc-link ez-toc-heading-6\" href=\"https:\/\/bialcon.pl\/blog\/jak-ubrac-sie-na-rozmowe-kwalifikacyjna\/#Jak_uniknac_stresu_na_rozmowie_kwalifikacyjnej\" >Jak unikn\u0105\u0107 stresu na rozmowie kwalifikacyjnej?<\/a><\/li><\/ul><\/nav><\/div>\n\n<p><strong>Rozmowa kwalifikacyjna w nowej firmie to zawsze stresuj\u0105ce do\u015bwiadczenie. Opr\u00f3cz atrakcyjnego CV, w du\u017cej mierze to od twoich umiej\u0119tno\u015bci zaprezentowania siebie zale\u017cy powodzenie spotkania z potencjalnym pracodawc\u0105. Jak ubra\u0107 si\u0119 na rozmow\u0119 kwalifikacyjn\u0105? Dlaczego w\u0142a\u015bciwy ubi\u00f3r jest taki wa\u017cny? Podpowiadamy tak\u017ce, jak zmniejszy\u0107 poziom stresu na rozmowie kwalifikacyjnej.<\/strong><\/p>\n\n\n\n<h2 class=\"wp-block-heading\"><span class=\"ez-toc-section\" id=\"W_ten_sposob_okazesz_innym_szacunek\"><\/span>W ten spos\u00f3b oka\u017cesz innym szacunek<strong><\/strong><span class=\"ez-toc-section-end\"><\/span><\/h2>\n\n\n\n<p>Rozmowa kwalifikacyjna, nowe otoczenie, nowi ludzie, nowe obowi\u0105zki i nowe zwyczaje to naprawd\u0119 stresuj\u0105cy zestaw, kt\u00f3ry towarzyszy chyba ka\u017cdemu zmieniaj\u0105cemu prac\u0119. I cho\u0107 na pewne rzeczy nie masz wp\u0142ywu, wiele z nich mo\u017cesz ogra\u0107 ju\u017c na samym pocz\u0105tku nowej, zawodowej przygody. Na przyk\u0142ad zyska\u0107 szacunek przysz\u0142ych wsp\u00f3\u0142pracownik\u00f3w, dzi\u0119ki kt\u00f3remu b\u0119dzie ci \u0142atwiej wykonywa\u0107 zawodowe obowi\u0105zki. A nie ma bardziej sprawdzonego sposobu na zyskanie szacunku ni\u017c\u2026 okazanie go innym. Dlatego zawsze odpowiadaj na maile, nie sp\u00f3\u017aniaj si\u0119 na spotkania, s\u0142uchaj wsp\u00f3\u0142pracownik\u00f3w i pami\u0119taj o odpowiednim ubiorze, kt\u00f3ry podkre\u015bli powag\u0119 zawodu i nie b\u0119dzie onie\u015bmiela\u0142 lub rozprasza\u0142 innych. Wprowad\u017a w \u017cycie te zasady ju\u017c na etapie rozmowy kwalifikacyjnej, a szybko przekonasz si\u0119, jak bardzo wzrastaj\u0105 twoje szanse otrzymania pracy na wymarzonym stanowisku.&nbsp;<\/p>\n\n\n\n<h2 class=\"wp-block-heading\"><span class=\"ez-toc-section\" id=\"Jak_ubrac_sie_na_rozmowe_kwalifikacyjna\"><\/span>Jak ubra\u0107 si\u0119 na rozmow\u0119 kwalifikacyjn\u0105?<strong><\/strong><span class=\"ez-toc-section-end\"><\/span><\/h2>\n\n\n\n<p>Jak ci\u0119 widz\u0105, tak ci\u0119 pisz\u0105! Dlatego stylizacja na rozmow\u0119 kwalifikacyjn\u0105 powinna by\u0107 podyktowana przede wszystkim miejscem, do kt\u00f3rego si\u0119 na ni\u0105 udajesz. Inaczej ubierzesz si\u0119 na rozmow\u0119 kwalifikacyjn\u0105 w banku, a inaczej na rozmow\u0119 kwalifikacyjn\u0105 w mi\u0119dzynarodowej korporacji &#8211; wiadomo. Pami\u0119taj jednak, \u017ce niezale\u017cnie od miejsca rozmowy powinna\u015b zachowa\u0107 schludny, skromny wygl\u0105d. Unikaj rzucaj\u0105cych si\u0119 w oczy, nachalnych ozd\u00f3b, krzykliwych kolor\u00f3w czy zbyt kusych ubra\u0144. Zamiast tego postaw na odzie\u017c w stylu business lub smart casual, a z ni\u0105 &#8211; neutralne kolory, klasyczne fasony i sprawdzone stylizacje. W stylizacjach na rozmow\u0119 kwalifikacyjn\u0105 zdecydowanie nale\u017cy unika\u0107 mocnego makija\u017cu, ci\u0119\u017ckiej bi\u017cuterii i sportowych akcent\u00f3w (chyba \u017ce starasz si\u0119 o prac\u0119 w sklepie sportowym).&nbsp;<\/p>\n\n\n\n<h2 class=\"wp-block-heading\"><span class=\"ez-toc-section\" id=\"Stroj_na_rozmowe_kwalifikacyjna_%E2%80%93_postaw_na_klasyke\"><\/span>Str\u00f3j na rozmow\u0119 kwalifikacyjn\u0105 &#8211; postaw na klasyk\u0119<strong><\/strong><span class=\"ez-toc-section-end\"><\/span><\/h2>\n\n\n\n<p>Propozycja numer jeden to <a href=\"https:\/\/bialcon.pl\/odziez\/zakiety\/zakiety-garnitury?utm_source=Blog&amp;utm_medium=porady+stylisty+&amp;utm_campaign=240821&amp;utm_term=zakiety&amp;utm_content=+zakiety+\" target=\"_blank\" rel=\"noreferrer noopener\"><strong>klasyczny garnitur damski<\/strong><\/a> w po\u0142\u0105czeniu z <a href=\"https:\/\/bialcon.pl\/odziez\/koszule-damskie?utm_source=Blog&amp;utm_medium=porady+stylisty+&amp;utm_campaign=240821&amp;utm_term=bia%C5%82e+koszule+&amp;utm_content=bia%C5%82e+koszule+\" target=\"_blank\" rel=\"noreferrer noopener\"><strong>bia\u0142\u0105 koszul\u0105<\/strong><\/a>. Taka stylizacja sprawdzi si\u0119 podczas rozmowy o prac\u0119 w instytucjach pa\u0144stwowych, bankach, du\u017cych korporacjach, a tak\u017ce wtedy, gdy chcesz wygl\u0105da\u0107 bardzo profesjonalnie. Do <a href=\"https:\/\/bialcon.pl\/odziez\/spodnie-damskie\/spodnie-damskie-eleganckie?utm_source=Blog&amp;utm_medium=porady+stylisty+&amp;utm_campaign=240821&amp;utm_term=spodnie&amp;utm_content=spodnie+\" target=\"_blank\" rel=\"noreferrer noopener\"><strong>garnituru damskiego<\/strong><\/a> dodaj klasyczne szpilki w kolorze czarnym oraz prost\u0105 torebk\u0119 listonoszk\u0119. Zrezygnuj tak\u017ce z bi\u017cuterii lub kieruj si\u0119 absolutnym minimalizmem w jej doborze: prosty zegarek na bransolecie i kolczyki typu sztyfty w zupe\u0142no\u015bci wystarcz\u0105.<\/p>\n\n\n\r\n<div class=\"product-block-container swiper mySwiperProductBlock\">\r\n    <div class=\"product-block-swiper swiper-wrapper\">\r\n                    <div class=\"swiper-slide product-block-item\" data-id=\"147516\">\r\n                <a href=\"https:\/\/bialcon.pl\/taliowana-pastelowa-marynarka-z-delikatnymi-poduszkami?utm_source=blog&utm_medium=wyprzedaz&utm_campaign=240821\" class=\"product-block-url\" target=\"_blank\">\r\n                    <div class=\"product-block-image\">\r\n                        <img decoding=\"async\" width=\"300\" height=\"400\" src=\"https:\/\/bialcon.pl\/picture\/taliowana-pastelowa-marynarka-z-delikatnymi-poduszkami_4.jpg\" alt=\"Taliowana pastelowa marynarka z delikatnymi poduszkami\">\r\n                    <\/div>\r\n                    <div class=\"product-block-name\">\r\n                        <p>Taliowana pastelowa marynarka z delikatnymi poduszkami<\/p>\r\n                    <\/div>\r\n                <\/a>\r\n            <\/div>\r\n                    <div class=\"swiper-slide product-block-item\" data-id=\"147542\">\r\n                <a href=\"https:\/\/bialcon.pl\/klasyczny-bezowy-zakiet-z-zapieciem-na-jeden-guzik?utm_source=blog&utm_medium=wyprzedaz&utm_campaign=240821\" class=\"product-block-url\" target=\"_blank\">\r\n                    <div class=\"product-block-image\">\r\n                        <img decoding=\"async\" width=\"300\" height=\"400\" src=\"https:\/\/bialcon.pl\/picture\/klasyczny-bezowy-zakiet-z-zapieciem-na-jeden-guzik_3.jpg\" alt=\"Klasyczny be\u017cowy \u017cakiet z zapi\u0119ciem na jeden guzik\">\r\n                    <\/div>\r\n                    <div class=\"product-block-name\">\r\n                        <p>Klasyczny be\u017cowy \u017cakiet z zapi\u0119ciem na jeden guzik<\/p>\r\n                    <\/div>\r\n                <\/a>\r\n            <\/div>\r\n                    <div class=\"swiper-slide product-block-item\" data-id=\"147562\">\r\n                <a href=\"https:\/\/bialcon.pl\/klasyczny-smietankowy-zakiet-z-zapieciem-na-jeden-guzik?utm_source=blog&utm_medium=wyprzedaz&utm_campaign=240821\" class=\"product-block-url\" target=\"_blank\">\r\n                    <div class=\"product-block-image\">\r\n                        <img decoding=\"async\" width=\"300\" height=\"400\" src=\"https:\/\/bialcon.pl\/picture\/klasyczny-smietankowy-zakiet-z-zapieciem-na-jeden-guzik_1.jpg\" alt=\"Klasyczny \u015bmietankowy \u017cakiet z zapi\u0119ciem na jeden guzik\">\r\n                    <\/div>\r\n                    <div class=\"product-block-name\">\r\n                        <p>Klasyczny \u015bmietankowy \u017cakiet z zapi\u0119ciem na jeden guzik<\/p>\r\n                    <\/div>\r\n                <\/a>\r\n            <\/div>\r\n            <\/div>\r\n<\/div>\r\n\n\n\n\r\n<div class=\"product-block-container swiper mySwiperProductBlock\">\r\n    <div class=\"product-block-swiper swiper-wrapper\">\r\n                    <div class=\"swiper-slide product-block-item\" data-id=\"146366\">\r\n                <a href=\"https:\/\/bialcon.pl\/bawelniana-biala-koszula-o-prostym-luznym-kroju?utm_source=blog&utm_medium=wyprzedaz&utm_campaign=240821\" class=\"product-block-url\" target=\"_blank\">\r\n                    <div class=\"product-block-image\">\r\n                        <img decoding=\"async\" width=\"300\" height=\"400\" src=\"https:\/\/bialcon.pl\/picture\/bawelniana-biala-koszula-o-prostym-luznym-kroju.jpg\" alt=\"Bawe\u0142niana bia\u0142a koszula o prostym lu\u017anym kroju\">\r\n                    <\/div>\r\n                    <div class=\"product-block-name\">\r\n                        <p>Bawe\u0142niana bia\u0142a koszula o prostym lu\u017anym kroju<\/p>\r\n                    <\/div>\r\n                <\/a>\r\n            <\/div>\r\n                    <div class=\"swiper-slide product-block-item\" data-id=\"146446\">\r\n                <a href=\"https:\/\/bialcon.pl\/elegancka-biala-koszula-z-zabotem?utm_source=blog&utm_medium=wyprzedaz&utm_campaign=240821\" class=\"product-block-url\" target=\"_blank\">\r\n                    <div class=\"product-block-image\">\r\n                        <img decoding=\"async\" width=\"300\" height=\"400\" src=\"https:\/\/bialcon.pl\/picture\/elegancka-biala-koszula-z-zabotem_5.jpg\" alt=\"Elegancka bia\u0142a koszula z \u017cabotem\">\r\n                    <\/div>\r\n                    <div class=\"product-block-name\">\r\n                        <p>Elegancka bia\u0142a koszula z \u017cabotem<\/p>\r\n                    <\/div>\r\n                <\/a>\r\n            <\/div>\r\n                    <div class=\"swiper-slide product-block-item\" data-id=\"146231\">\r\n                <a href=\"https:\/\/bialcon.pl\/biala-dluga-koszula-z-oryginalnym-paskiem?utm_source=blog&utm_medium=wyprzedaz&utm_campaign=240821\" class=\"product-block-url\" target=\"_blank\">\r\n                    <div class=\"product-block-image\">\r\n                        <img decoding=\"async\" width=\"300\" height=\"400\" src=\"https:\/\/bialcon.pl\/picture\/biala-dluga-koszula-z-oryginalnym-paskiem_1.jpg\" alt=\"Bia\u0142a d\u0142uga koszula z oryginalnym paskiem\">\r\n                    <\/div>\r\n                    <div class=\"product-block-name\">\r\n                        <p>Bia\u0142a d\u0142uga koszula z oryginalnym paskiem<\/p>\r\n                    <\/div>\r\n                <\/a>\r\n            <\/div>\r\n            <\/div>\r\n<\/div>\r\n\n\n\n\n<h2 class=\"wp-block-heading\"><span class=\"ez-toc-section\" id=\"Rozmowa_o_prace_Stylizacja_z_olowkowa_spodnica\"><\/span>Rozmowa o prac\u0119. Stylizacja z o\u0142\u00f3wkow\u0105 sp\u00f3dnic\u0105<strong><\/strong><span class=\"ez-toc-section-end\"><\/span><\/h2>\n\n\n\n<p>Kolejna propozycja stylizacji na rozmow\u0119 kwalifikacyjn\u0105 jest zestawienie <a href=\"https:\/\/bialcon.pl\/odziez\/bluzki-damskie-1?utm_source=Blog&amp;utm_medium=porady+stylisty+&amp;utm_campaign=240821&amp;utm_term=bluzki&amp;utm_content=bluzki+\" target=\"_blank\" rel=\"noreferrer noopener\"><strong>bluzki damskiej<\/strong><\/a> i <a href=\"https:\/\/bialcon.pl\/odziez\/spodnice\/spodnice-olowkowe?utm_source=Blog&amp;utm_medium=porady+stylisty+&amp;utm_campaign=240821&amp;utm_term=o%C5%82%C3%B3wkowa+sp%C3%B3dnica&amp;utm_content=o%C5%82%C3%B3wkowa+sp%C3%B3dnica+\" target=\"_blank\" rel=\"noreferrer noopener\"><strong>o\u0142\u00f3wkowej sp\u00f3dnicy<\/strong><\/a>. W tej ods\u0142onie \u015bwietnie zaprezentujesz si\u0119 na rozmowie kwalifikacyjnej w instytucji, kt\u00f3ra nie wymaga prezencji dopi\u0119tej na przys\u0142owiowy \u201costatni guzik\u201d. Do tego zestawu za\u0142\u00f3\u017c buty na obcasie lub cz\u00f3\u0142enka na p\u0142askiej podeszwie. Je\u015bli sytuacja tego wymaga, do o\u0142\u00f3wkowej sp\u00f3dnicy dopasuj kolorystycznie <a href=\"https:\/\/bialcon.pl\/odziez\/zakiety\/zakiety-dlugie-marynarki-damskie?utm_source=Blog&amp;utm_medium=porady+stylisty+&amp;utm_campaign=240821&amp;utm_term=marynarkia&amp;utm_content=marynarka\" target=\"_blank\" rel=\"noreferrer noopener\"><strong>marynark\u0119<\/strong><\/a>. Ca\u0142o\u015b\u0107 podkre\u015bl delikatnym, \u015bwie\u017cym makija\u017cem, upi\u0119tymi w\u0142osami i drobn\u0105 bi\u017cuteri\u0105, na przyk\u0142ad bransoletk\u0105 i zawieszk\u0105 na \u0142a\u0144cuszku.<\/p>\n\n\n\r\n<div class=\"product-block-container swiper mySwiperProductBlock\">\r\n    <div class=\"product-block-swiper swiper-wrapper\">\r\n                    <div class=\"swiper-slide product-block-item\" data-id=\"147601\">\r\n                <a href=\"https:\/\/bialcon.pl\/spodnica-olowkowa-w-kolorze-bezowym?utm_source=blog&utm_medium=wyprzedaz&utm_campaign=240821\" class=\"product-block-url\" target=\"_blank\">\r\n                    <div class=\"product-block-image\">\r\n                        <img decoding=\"async\" width=\"300\" height=\"400\" src=\"https:\/\/bialcon.pl\/picture\/spodnica-olowkowa-w-kolorze-bezowym_3.jpg\" alt=\"Sp\u00f3dnica o\u0142\u00f3wkowa w kolorze be\u017cowym\">\r\n                    <\/div>\r\n                    <div class=\"product-block-name\">\r\n                        <p>Sp\u00f3dnica o\u0142\u00f3wkowa w kolorze be\u017cowym<\/p>\r\n                    <\/div>\r\n                <\/a>\r\n            <\/div>\r\n                    <div class=\"swiper-slide product-block-item\" data-id=\"147363\">\r\n                <a href=\"https:\/\/bialcon.pl\/dopasowana-spodnica-midi-z-rozporkiem-z-tylu?utm_source=blog&utm_medium=wyprzedaz&utm_campaign=240821\" class=\"product-block-url\" target=\"_blank\">\r\n                    <div class=\"product-block-image\">\r\n                        <img decoding=\"async\" width=\"300\" height=\"400\" src=\"https:\/\/bialcon.pl\/picture\/dopasowana-spodnica-midi-z-rozporkiem-z-tylu_1.jpg\" alt=\"Dopasowana sp\u00f3dnica midi z rozporkiem z ty\u0142u\">\r\n                    <\/div>\r\n                    <div class=\"product-block-name\">\r\n                        <p>Dopasowana sp\u00f3dnica midi z rozporkiem z ty\u0142u<\/p>\r\n                    <\/div>\r\n                <\/a>\r\n            <\/div>\r\n                    <div class=\"swiper-slide product-block-item\" data-id=\"147484\">\r\n                <a href=\"https:\/\/bialcon.pl\/dopasowana-bezowa-spodnica-z-ozdobnymi-patkami?utm_source=blog&utm_medium=wyprzedaz&utm_campaign=240821\" class=\"product-block-url\" target=\"_blank\">\r\n                    <div class=\"product-block-image\">\r\n                        <img decoding=\"async\" width=\"300\" height=\"400\" src=\"https:\/\/bialcon.pl\/picture\/dopasowana-bezowa-spodnica-z-ozdobnymi-patkami.jpg\" alt=\"Dopasowana be\u017cowa sp\u00f3dnica z ozdobnymi patkami\">\r\n                    <\/div>\r\n                    <div class=\"product-block-name\">\r\n                        <p>Dopasowana be\u017cowa sp\u00f3dnica z ozdobnymi patkami<\/p>\r\n                    <\/div>\r\n                <\/a>\r\n            <\/div>\r\n            <\/div>\r\n<\/div>\r\n\n\n\n\n<h2 class=\"wp-block-heading\"><span class=\"ez-toc-section\" id=\"Rozmowa_kwalifikacyjna_%E2%80%93_a_moze_sukienka\"><\/span>Rozmowa kwalifikacyjna &#8211; a mo\u017ce sukienka?<strong><\/strong><span class=\"ez-toc-section-end\"><\/span><\/h2>\n\n\n\n<p>Czy wypada p\u00f3j\u015b\u0107 na rozmow\u0119 kwalifikacyjn\u0105 w sukience? W\u0142a\u015bciwie czemu nie? Je\u015bli postawisz na klasyczny, prosty fason i zadbasz o skromny, dyskretny efekt ko\u0144cowy, \u015bmia\u0142o korzystaj z sukienek podczas przygotowywania stylizacji na rozmow\u0119 o prac\u0119. Jak\u0105 sukienk\u0119 wybra\u0107? Najlepiej tak\u0105, kt\u00f3ra jest typow\u0105<strong> <a href=\"https:\/\/bialcon.pl\/odziez\/sukienki\/sukienki-biznesowe?utm_source=Blog&amp;utm_medium=porady+stylisty+&amp;utm_campaign=240821&amp;utm_term=sukienki&amp;utm_content=sukienki+\" target=\"_blank\" rel=\"noreferrer noopener\">sukienk\u0105 biznesow\u0105<\/a> <\/strong>lub <a href=\"https:\/\/bialcon.pl\/odziez\/sukienki\/sukienki-do-pracy?utm_source=Blog&amp;utm_medium=porady+stylisty+&amp;utm_campaign=240821&amp;utm_term=sukienki&amp;utm_content=sukienki+\" target=\"_blank\" rel=\"noreferrer noopener\"><strong>sukienk\u0105 do pracy<\/strong><\/a>. Umiej\u0119tne rozegranie w doborze dodatk\u00f3w umo\u017cliwia za\u0142o\u017cenie sukienki na rozmow\u0119 kwalifikacyjn\u0105 w\u0142a\u015bciwie do ka\u017cdej firmy czy instytucji. Do prostej sukienki za\u0142\u00f3\u017c wi\u0119c cz\u00f3\u0142enka na niskim obcasie lub klasyczne szpilki ze szpicem. Postaraj si\u0119, aby zachowa\u0107 sp\u00f3jno\u015b\u0107 kolorystyczn\u0105. W\u0142osy upnij w skromny kok lub ko\u0144ski ogon, a na r\u0119k\u0119 za\u0142\u00f3\u017c nierzucaj\u0105cy si\u0119 w oczy zegarek. Na rozmow\u0119 o prac\u0119 w lu\u017aniejszej atmosferze, na przyk\u0142ad w start-upie, mo\u017cesz postawi\u0107 na odrobin\u0119 luzu, wybieraj\u0105c zamiast ascetycznej sukienki biznesowej<strong> <a href=\"https:\/\/bialcon.pl\/odziez\/sukienki\/sukienki-olowkowe?utm_source=Blog&amp;utm_medium=porady+stylisty+&amp;utm_campaign=240821&amp;utm_term=sukienki&amp;utm_content=sukienki+\" target=\"_blank\" rel=\"noreferrer noopener\">sukienk\u0119 o\u0142\u00f3wkow\u0105<\/a><\/strong> lub <a href=\"https:\/\/bialcon.pl\/odziez\/sukienki\/sukienki-koszulowe?utm_source=Blog&amp;utm_medium=porady+stylisty+&amp;utm_campaign=240821&amp;utm_term=sukienki&amp;utm_content=sukienki+\" target=\"_blank\" rel=\"noreferrer noopener\"><strong>szmizjerk\u0119<\/strong><\/a>.&nbsp;<\/p>\n\n\n\r\n<div class=\"product-block-container swiper mySwiperProductBlock\">\r\n    <div class=\"product-block-swiper swiper-wrapper\">\r\n                    <div class=\"swiper-slide product-block-item\" data-id=\"147534\">\r\n                <a href=\"https:\/\/bialcon.pl\/klasyczna-wizytowa-sukienka-z-krotkim-rekawem?utm_source=blog&utm_medium=wyprzedaz&utm_campaign=240821\" class=\"product-block-url\" target=\"_blank\">\r\n                    <div class=\"product-block-image\">\r\n                        <img decoding=\"async\" width=\"300\" height=\"400\" src=\"https:\/\/bialcon.pl\/picture\/klasyczna-wizytowa-sukienka-z-krotkim-rekawem_1.jpg\" alt=\"Klasyczna wizytowa sukienka z kr\u00f3tkim r\u0119kawem\">\r\n                    <\/div>\r\n                    <div class=\"product-block-name\">\r\n                        <p>Klasyczna wizytowa sukienka z kr\u00f3tkim r\u0119kawem<\/p>\r\n                    <\/div>\r\n                <\/a>\r\n            <\/div>\r\n                    <div class=\"swiper-slide product-block-item\" data-id=\"147546\">\r\n                <a href=\"https:\/\/bialcon.pl\/dopasowana-klasyczna-bezowa-sukienka-z-krotkim-rekawkiem?utm_source=blog&utm_medium=wyprzedaz&utm_campaign=240821\" class=\"product-block-url\" target=\"_blank\">\r\n                    <div class=\"product-block-image\">\r\n                        <img decoding=\"async\" width=\"300\" height=\"400\" src=\"https:\/\/bialcon.pl\/picture\/dopasowana-klasyczna-bezowa-sukienka-z-krotkim-rekawkiem_1.jpg\" alt=\"Dopasowana klasyczna be\u017cowa sukienka z kr\u00f3tkim r\u0119kawkiem\">\r\n                    <\/div>\r\n                    <div class=\"product-block-name\">\r\n                        <p>Dopasowana klasyczna be\u017cowa sukienka z kr\u00f3tkim r\u0119kawkiem<\/p>\r\n                    <\/div>\r\n                <\/a>\r\n            <\/div>\r\n                    <div class=\"swiper-slide product-block-item\" data-id=\"147553\">\r\n                <a href=\"https:\/\/bialcon.pl\/klasyczna-sukienka-ecru-z-krotkim-rekawkiem?utm_source=blog&utm_medium=wyprzedaz&utm_campaign=240821\" class=\"product-block-url\" target=\"_blank\">\r\n                    <div class=\"product-block-image\">\r\n                        <img decoding=\"async\" width=\"300\" height=\"400\" src=\"https:\/\/bialcon.pl\/picture\/klasyczna-sukienka-ecru-z-krotkim-rekawkiem_1.jpg\" alt=\"Klasyczna sukienka ecru z kr\u00f3tkim r\u0119kawkiem\">\r\n                    <\/div>\r\n                    <div class=\"product-block-name\">\r\n                        <p>Klasyczna sukienka ecru z kr\u00f3tkim r\u0119kawkiem<\/p>\r\n                    <\/div>\r\n                <\/a>\r\n            <\/div>\r\n            <\/div>\r\n<\/div>\r\n\n\n\n\r\n<div class=\"product-block-container swiper mySwiperProductBlock\">\r\n    <div class=\"product-block-swiper swiper-wrapper\">\r\n                    <div class=\"swiper-slide product-block-item\" data-id=\"147522\">\r\n                <a href=\"https:\/\/bialcon.pl\/bawelniana-letnia-sukienka-z-paskiem-w-kolorze-oliwki?utm_source=blog&utm_medium=wyprzedaz&utm_campaign=240821\" class=\"product-block-url\" target=\"_blank\">\r\n                    <div class=\"product-block-image\">\r\n                        <img decoding=\"async\" width=\"300\" height=\"400\" src=\"https:\/\/bialcon.pl\/picture\/bawelniana-letnia-sukienka-z-paskiem-w-kolorze-oliwki_1.jpg\" alt=\"Bawe\u0142niana letnia sukienka z paskiem w kolorze oliwki\">\r\n                    <\/div>\r\n                    <div class=\"product-block-name\">\r\n                        <p>Bawe\u0142niana letnia sukienka z paskiem w kolorze oliwki<\/p>\r\n                    <\/div>\r\n                <\/a>\r\n            <\/div>\r\n                    <div class=\"swiper-slide product-block-item\" data-id=\"147533\">\r\n                <a href=\"https:\/\/bialcon.pl\/codzienna-wygodna-sukienka-z-gumka-w-talii?utm_source=blog&utm_medium=wyprzedaz&utm_campaign=240821\" class=\"product-block-url\" target=\"_blank\">\r\n                    <div class=\"product-block-image\">\r\n                        <img decoding=\"async\" width=\"300\" height=\"400\" src=\"https:\/\/bialcon.pl\/picture\/codzienna-wygodna-sukienka-z-gumka-w-talii_1.jpg\" alt=\"Codzienna wygodna sukienka z gumk\u0105 w talii\">\r\n                    <\/div>\r\n                    <div class=\"product-block-name\">\r\n                        <p>Codzienna wygodna sukienka z gumk\u0105 w talii<\/p>\r\n                    <\/div>\r\n                <\/a>\r\n            <\/div>\r\n                    <div class=\"swiper-slide product-block-item\" data-id=\"147534\">\r\n                <a href=\"https:\/\/bialcon.pl\/klasyczna-wizytowa-sukienka-z-krotkim-rekawem?utm_source=blog&utm_medium=wyprzedaz&utm_campaign=240821\" class=\"product-block-url\" target=\"_blank\">\r\n                    <div class=\"product-block-image\">\r\n                        <img decoding=\"async\" width=\"300\" height=\"400\" src=\"https:\/\/bialcon.pl\/picture\/klasyczna-wizytowa-sukienka-z-krotkim-rekawem_1.jpg\" alt=\"Klasyczna wizytowa sukienka z kr\u00f3tkim r\u0119kawem\">\r\n                    <\/div>\r\n                    <div class=\"product-block-name\">\r\n                        <p>Klasyczna wizytowa sukienka z kr\u00f3tkim r\u0119kawem<\/p>\r\n                    <\/div>\r\n                <\/a>\r\n            <\/div>\r\n            <\/div>\r\n<\/div>\r\n\n\n\n\n<h2 class=\"wp-block-heading\"><span class=\"ez-toc-section\" id=\"Jak_uniknac_stresu_na_rozmowie_kwalifikacyjnej\"><\/span>Jak unikn\u0105\u0107 stresu na rozmowie kwalifikacyjnej?<strong><\/strong><span class=\"ez-toc-section-end\"><\/span><\/h2>\n\n\n\n<p>W\u0142a\u015bciwy ubi\u00f3r podczas rozmowy o prac\u0119 sprawi, \u017ce b\u0119dziesz wygl\u0105da\u0107 profesjonalnie w oczach potencjalnego pracodawcy, a tak\u017ce poczujesz si\u0119 odrobin\u0119 pewniej. Nie sprawi jednak, \u017ce nie b\u0119dziesz si\u0119 stresowa\u0107 w jej trakcie. Dlatego zanim staniesz twarz\u0105 w twarz z rekruterem, dowiedz si\u0119 czego\u015b o firmie oraz o stanowisku pracy, o kt\u00f3re si\u0119 starasz. Je\u015bli to mo\u017cliwe &#8211; a w dobie internetu wszystko jest mo\u017cliwe &#8211; postaraj si\u0119 dowiedzie\u0107 czego\u015b tak\u017ce o osobie, z kt\u00f3r\u0105 b\u0119dziesz rozmawia\u0107. Dzi\u0119ki temu podczas spotkania w rzeczywisto\u015bci nie b\u0119dzie wydawa\u0142a ci si\u0119 obca. Zastan\u00f3w si\u0119 tak\u017ce nad swoimi mocnymi stronami i s\u0142abo\u015bciami, a tak\u017ce planami na przysz\u0142o\u015b\u0107 &#8211; z pewno\u015bci\u0105 zostaniesz o nie zapytana podczas rozmowy. Przygotowuj\u0105c odpowied\u017a wcze\u015bniej unikniesz stresu i zagubienia.<\/p>\n\n\n\n<p><strong>Wybierasz si\u0119 na rozmow\u0119 kwalifikacyjn\u0105 i chcesz wypa\u015b\u0107 profesjonalnie? Eleganckie, biznesowe ubrania znajdziesz na <\/strong><a href=\"https:\/\/bialcon.pl\/?utm_source=Blog&amp;utm_medium=porady+stylisty+&amp;utm_campaign=240821&amp;utm_term=all&amp;utm_content=all\" target=\"_blank\" rel=\"noreferrer noopener\"><strong>Bialcon.pl<\/strong><\/a><strong> i w sklepach stacjonarnych marki.<\/strong><\/p>\n","protected":false},"excerpt":{"rendered":"<p>Rozmowa kwalifikacyjna w nowej firmie to zawsze stresuj\u0105ce do\u015bwiadczenie. Opr\u00f3cz atrakcyjnego CV, w du\u017cej mierze to od twoich umiej\u0119tno\u015bci zaprezentowania siebie zale\u017cy powodzenie spotkania z potencjalnym pracodawc\u0105. Jak ubra\u0107 si\u0119 na rozmow\u0119 kwalifikacyjn\u0105? Dlaczego w\u0142a\u015bciwy ubi\u00f3r jest taki wa\u017cny? Podpowiadamy tak\u017ce, jak zmniejszy\u0107 poziom stresu na rozmowie kwalifikacyjnej. W ten spos\u00f3b oka\u017cesz innym szacunek Rozmowa [&hellip;]<\/p>\n","protected":false},"author":8,"featured_media":12296,"comment_status":"closed","ping_status":"open","sticky":false,"template":"","format":"standard","meta":{"_acf_changed":false,"site-sidebar-layout":"default","site-content-layout":"default","ast-site-content-layout":"default","site-content-style":"default","site-sidebar-style":"default","ast-global-header-display":"","ast-banner-title-visibility":"","ast-main-header-display":"","ast-hfb-above-header-display":"","ast-hfb-below-header-display":"","ast-hfb-mobile-header-display":"","site-post-title":"","ast-breadcrumbs-content":"","ast-featured-img":"","footer-sml-layout":"","theme-transparent-header-meta":"default","adv-header-id-meta":"","stick-header-meta":"","header-above-stick-meta":"","header-main-stick-meta":"","header-below-stick-meta":"","astra-migrate-meta-layouts":"set","ast-page-background-enabled":"default","ast-page-background-meta":{"desktop":{"background-color":"","background-image":"","background-repeat":"repeat","background-position":"center center","background-size":"auto","background-attachment":"scroll","background-type":"","background-media":"","overlay-type":"","overlay-color":"","overlay-opacity":"","overlay-gradient":""},"tablet":{"background-color":"","background-image":"","background-repeat":"repeat","background-position":"center center","background-size":"auto","background-attachment":"scroll","background-type":"","background-media":"","overlay-type":"","overlay-color":"","overlay-opacity":"","overlay-gradient":""},"mobile":{"background-color":"","background-image":"","background-repeat":"repeat","background-position":"center center","background-size":"auto","background-attachment":"scroll","background-type":"","background-media":"","overlay-type":"","overlay-color":"","overlay-opacity":"","overlay-gradient":""}},"ast-content-background-meta":{"desktop":{"background-color":"var(--ast-global-color-5)","background-image":"","background-repeat":"repeat","background-position":"center center","background-size":"auto","background-attachment":"scroll","background-type":"","background-media":"","overlay-type":"","overlay-color":"","overlay-opacity":"","overlay-gradient":""},"tablet":{"background-color":"var(--ast-global-color-5)","background-image":"","background-repeat":"repeat","background-position":"center center","background-size":"auto","background-attachment":"scroll","background-type":"","background-media":"","overlay-type":"","overlay-color":"","overlay-opacity":"","overlay-gradient":""},"mobile":{"background-color":"var(--ast-global-color-5)","background-image":"","background-repeat":"repeat","background-position":"center center","background-size":"auto","background-attachment":"scroll","background-type":"","background-media":"","overlay-type":"","overlay-color":"","overlay-opacity":"","overlay-gradient":""}},"footnotes":""},"categories":[10,14],"tags":[],"class_list":["post-2737","post","type-post","status-publish","format-standard","has-post-thumbnail","hentry","category-porady-stylistki","category-wszystkie-wpisy"],"acf":[],"yoast_head":"<!-- This site is optimized with the Yoast SEO plugin v27.4 - https:\/\/yoast.com\/product\/yoast-seo-wordpress\/ -->\n<title>Rozmowa kwalifikacyjna - 3 sprawdzone stylizacje - Bialcon<\/title>\n<meta name=\"description\" content=\"Jak ubra\u0107 si\u0119 na rozmow\u0119 kwalifikacyjn\u0105? Podpowiadamy tak\u017ce, jak zmniejszy\u0107 poziom stresu na rozmowie kwalifikacyjnej.\" \/>\n<meta name=\"robots\" content=\"index, follow, max-snippet:-1, max-image-preview:large, max-video-preview:-1\" \/>\n<link rel=\"canonical\" href=\"https:\/\/bialcon.pl\/blog\/jak-ubrac-sie-na-rozmowe-kwalifikacyjna\/\" \/>\n<meta name=\"twitter:label1\" content=\"Napisane przez\" \/>\n\t<meta name=\"twitter:data1\" content=\"Marta Osuch\" \/>\n\t<meta name=\"twitter:label2\" content=\"Szacowany czas czytania\" \/>\n\t<meta name=\"twitter:data2\" content=\"5 minut\" \/>\n<script type=\"application\/ld+json\" class=\"yoast-schema-graph\">{\"@context\":\"https:\\\/\\\/schema.org\",\"@graph\":[{\"@type\":\"Article\",\"@id\":\"https:\\\/\\\/bialcon.pl\\\/blog\\\/jak-ubrac-sie-na-rozmowe-kwalifikacyjna\\\/#article\",\"isPartOf\":{\"@id\":\"https:\\\/\\\/bialcon.pl\\\/blog\\\/jak-ubrac-sie-na-rozmowe-kwalifikacyjna\\\/\"},\"author\":{\"name\":\"Marta Osuch\",\"@id\":\"https:\\\/\\\/bialcon.pl\\\/blog\\\/#\\\/schema\\\/person\\\/d607966042d507bd761f9e2cab07df62\"},\"headline\":\"Jak ubra\u0107 si\u0119 na rozmow\u0119 kwalifikacyjn\u0105? 3 sprawdzone stylizacje\",\"datePublished\":\"2021-08-24T07:26:00+00:00\",\"dateModified\":\"2025-11-17T10:45:08+00:00\",\"mainEntityOfPage\":{\"@id\":\"https:\\\/\\\/bialcon.pl\\\/blog\\\/jak-ubrac-sie-na-rozmowe-kwalifikacyjna\\\/\"},\"wordCount\":953,\"image\":{\"@id\":\"https:\\\/\\\/bialcon.pl\\\/blog\\\/jak-ubrac-sie-na-rozmowe-kwalifikacyjna\\\/#primaryimage\"},\"thumbnailUrl\":\"https:\\\/\\\/bialcon.pl\\\/blog\\\/wp-content\\\/uploads\\\/2021\\\/08\\\/Projekt-bez-nazwy-20.png\",\"articleSection\":[\"Porady Stylistki\",\"Wszystkie wpisy\"],\"inLanguage\":\"pl-PL\"},{\"@type\":\"WebPage\",\"@id\":\"https:\\\/\\\/bialcon.pl\\\/blog\\\/jak-ubrac-sie-na-rozmowe-kwalifikacyjna\\\/\",\"url\":\"https:\\\/\\\/bialcon.pl\\\/blog\\\/jak-ubrac-sie-na-rozmowe-kwalifikacyjna\\\/\",\"name\":\"Rozmowa kwalifikacyjna - 3 sprawdzone stylizacje - Bialcon\",\"isPartOf\":{\"@id\":\"https:\\\/\\\/bialcon.pl\\\/blog\\\/#website\"},\"primaryImageOfPage\":{\"@id\":\"https:\\\/\\\/bialcon.pl\\\/blog\\\/jak-ubrac-sie-na-rozmowe-kwalifikacyjna\\\/#primaryimage\"},\"image\":{\"@id\":\"https:\\\/\\\/bialcon.pl\\\/blog\\\/jak-ubrac-sie-na-rozmowe-kwalifikacyjna\\\/#primaryimage\"},\"thumbnailUrl\":\"https:\\\/\\\/bialcon.pl\\\/blog\\\/wp-content\\\/uploads\\\/2021\\\/08\\\/Projekt-bez-nazwy-20.png\",\"datePublished\":\"2021-08-24T07:26:00+00:00\",\"dateModified\":\"2025-11-17T10:45:08+00:00\",\"author\":{\"@id\":\"https:\\\/\\\/bialcon.pl\\\/blog\\\/#\\\/schema\\\/person\\\/d607966042d507bd761f9e2cab07df62\"},\"description\":\"Jak ubra\u0107 si\u0119 na rozmow\u0119 kwalifikacyjn\u0105? Podpowiadamy tak\u017ce, jak zmniejszy\u0107 poziom stresu na rozmowie kwalifikacyjnej.\",\"breadcrumb\":{\"@id\":\"https:\\\/\\\/bialcon.pl\\\/blog\\\/jak-ubrac-sie-na-rozmowe-kwalifikacyjna\\\/#breadcrumb\"},\"inLanguage\":\"pl-PL\",\"potentialAction\":[{\"@type\":\"ReadAction\",\"target\":[\"https:\\\/\\\/bialcon.pl\\\/blog\\\/jak-ubrac-sie-na-rozmowe-kwalifikacyjna\\\/\"]}]},{\"@type\":\"ImageObject\",\"inLanguage\":\"pl-PL\",\"@id\":\"https:\\\/\\\/bialcon.pl\\\/blog\\\/jak-ubrac-sie-na-rozmowe-kwalifikacyjna\\\/#primaryimage\",\"url\":\"https:\\\/\\\/bialcon.pl\\\/blog\\\/wp-content\\\/uploads\\\/2021\\\/08\\\/Projekt-bez-nazwy-20.png\",\"contentUrl\":\"https:\\\/\\\/bialcon.pl\\\/blog\\\/wp-content\\\/uploads\\\/2021\\\/08\\\/Projekt-bez-nazwy-20.png\",\"width\":960,\"height\":850,\"caption\":\"Wizualizacja kobiety w czarnym garniturze i wzorzystej koszuli\"},{\"@type\":\"BreadcrumbList\",\"@id\":\"https:\\\/\\\/bialcon.pl\\\/blog\\\/jak-ubrac-sie-na-rozmowe-kwalifikacyjna\\\/#breadcrumb\",\"itemListElement\":[{\"@type\":\"ListItem\",\"position\":1,\"name\":\"Strona g\u0142\u00f3wna\",\"item\":\"https:\\\/\\\/bialcon.pl\\\/blog\\\/\"},{\"@type\":\"ListItem\",\"position\":2,\"name\":\"Porady Stylistki\",\"item\":\"https:\\\/\\\/bialcon.pl\\\/blog\\\/porady-stylistki\\\/\"},{\"@type\":\"ListItem\",\"position\":3,\"name\":\"Jak ubra\u0107 si\u0119 na rozmow\u0119 kwalifikacyjn\u0105? 3 sprawdzone stylizacje\"}]},{\"@type\":\"WebSite\",\"@id\":\"https:\\\/\\\/bialcon.pl\\\/blog\\\/#website\",\"url\":\"https:\\\/\\\/bialcon.pl\\\/blog\\\/\",\"name\":\"bialcon.pl\\\/blog\\\/\",\"description\":\"Fashion Blog w zasi\u0119gu Twojej r\u0119ki\",\"potentialAction\":[{\"@type\":\"SearchAction\",\"target\":{\"@type\":\"EntryPoint\",\"urlTemplate\":\"https:\\\/\\\/bialcon.pl\\\/blog\\\/?s={search_term_string}\"},\"query-input\":{\"@type\":\"PropertyValueSpecification\",\"valueRequired\":true,\"valueName\":\"search_term_string\"}}],\"inLanguage\":\"pl-PL\"},{\"@type\":\"Person\",\"@id\":\"https:\\\/\\\/bialcon.pl\\\/blog\\\/#\\\/schema\\\/person\\\/d607966042d507bd761f9e2cab07df62\",\"name\":\"Marta Osuch\",\"image\":{\"@type\":\"ImageObject\",\"inLanguage\":\"pl-PL\",\"@id\":\"https:\\\/\\\/secure.gravatar.com\\\/avatar\\\/e92ecceaeb1c6e5e7cf1d28eb4215cad69403014f340b8f5b576adf09b89be60?s=96&d=mm&r=g\",\"url\":\"https:\\\/\\\/secure.gravatar.com\\\/avatar\\\/e92ecceaeb1c6e5e7cf1d28eb4215cad69403014f340b8f5b576adf09b89be60?s=96&d=mm&r=g\",\"contentUrl\":\"https:\\\/\\\/secure.gravatar.com\\\/avatar\\\/e92ecceaeb1c6e5e7cf1d28eb4215cad69403014f340b8f5b576adf09b89be60?s=96&d=mm&r=g\",\"caption\":\"Marta Osuch\"},\"description\":\"Z wykszta\u0142cenia specjalistka ds. bezpiecze\u0144stwa narodowego, z pasji \u2014 tw\u00f3rczyni tre\u015bci i mi\u0142o\u015bniczka mody. Na co dzie\u0144 \u0142\u0105czy zami\u0142owanie do content marketingu z uwa\u017cn\u0105 obserwacj\u0105 trend\u00f3w, szczeg\u00f3lnie tych inspirowanych stylem najwi\u0119kszych gwiazd. Ch\u0119tnie podpatruje codzienne stylizacje i przek\u0142ada je na mod\u0119 blisk\u0105 \u017cyciu \u2014 kobiec\u0105, stylow\u0105 i pe\u0142n\u0105 charakteru. Prywatnie najch\u0119tniej si\u0119ga po krymina\u0142y i sp\u0119dza czas na spacerach z synkiem.\",\"sameAs\":[\"https:\\\/\\\/www.linkedin.com\\\/in\\\/marta-osuch-b71aa8186\\\/\"],\"url\":\"https:\\\/\\\/bialcon.pl\\\/blog\\\/author\\\/martao\\\/\"}]}<\/script>\n<!-- \/ Yoast SEO plugin. -->","yoast_head_json":{"title":"Rozmowa kwalifikacyjna - 3 sprawdzone stylizacje - Bialcon","description":"Jak ubra\u0107 si\u0119 na rozmow\u0119 kwalifikacyjn\u0105? Podpowiadamy tak\u017ce, jak zmniejszy\u0107 poziom stresu na rozmowie kwalifikacyjnej.","robots":{"index":"index","follow":"follow","max-snippet":"max-snippet:-1","max-image-preview":"max-image-preview:large","max-video-preview":"max-video-preview:-1"},"canonical":"https:\/\/bialcon.pl\/blog\/jak-ubrac-sie-na-rozmowe-kwalifikacyjna\/","twitter_misc":{"Napisane przez":"Marta Osuch","Szacowany czas czytania":"5 minut"},"schema":{"@context":"https:\/\/schema.org","@graph":[{"@type":"Article","@id":"https:\/\/bialcon.pl\/blog\/jak-ubrac-sie-na-rozmowe-kwalifikacyjna\/#article","isPartOf":{"@id":"https:\/\/bialcon.pl\/blog\/jak-ubrac-sie-na-rozmowe-kwalifikacyjna\/"},"author":{"name":"Marta Osuch","@id":"https:\/\/bialcon.pl\/blog\/#\/schema\/person\/d607966042d507bd761f9e2cab07df62"},"headline":"Jak ubra\u0107 si\u0119 na rozmow\u0119 kwalifikacyjn\u0105? 3 sprawdzone stylizacje","datePublished":"2021-08-24T07:26:00+00:00","dateModified":"2025-11-17T10:45:08+00:00","mainEntityOfPage":{"@id":"https:\/\/bialcon.pl\/blog\/jak-ubrac-sie-na-rozmowe-kwalifikacyjna\/"},"wordCount":953,"image":{"@id":"https:\/\/bialcon.pl\/blog\/jak-ubrac-sie-na-rozmowe-kwalifikacyjna\/#primaryimage"},"thumbnailUrl":"https:\/\/bialcon.pl\/blog\/wp-content\/uploads\/2021\/08\/Projekt-bez-nazwy-20.png","articleSection":["Porady Stylistki","Wszystkie wpisy"],"inLanguage":"pl-PL"},{"@type":"WebPage","@id":"https:\/\/bialcon.pl\/blog\/jak-ubrac-sie-na-rozmowe-kwalifikacyjna\/","url":"https:\/\/bialcon.pl\/blog\/jak-ubrac-sie-na-rozmowe-kwalifikacyjna\/","name":"Rozmowa kwalifikacyjna - 3 sprawdzone stylizacje - Bialcon","isPartOf":{"@id":"https:\/\/bialcon.pl\/blog\/#website"},"primaryImageOfPage":{"@id":"https:\/\/bialcon.pl\/blog\/jak-ubrac-sie-na-rozmowe-kwalifikacyjna\/#primaryimage"},"image":{"@id":"https:\/\/bialcon.pl\/blog\/jak-ubrac-sie-na-rozmowe-kwalifikacyjna\/#primaryimage"},"thumbnailUrl":"https:\/\/bialcon.pl\/blog\/wp-content\/uploads\/2021\/08\/Projekt-bez-nazwy-20.png","datePublished":"2021-08-24T07:26:00+00:00","dateModified":"2025-11-17T10:45:08+00:00","author":{"@id":"https:\/\/bialcon.pl\/blog\/#\/schema\/person\/d607966042d507bd761f9e2cab07df62"},"description":"Jak ubra\u0107 si\u0119 na rozmow\u0119 kwalifikacyjn\u0105? Podpowiadamy tak\u017ce, jak zmniejszy\u0107 poziom stresu na rozmowie kwalifikacyjnej.","breadcrumb":{"@id":"https:\/\/bialcon.pl\/blog\/jak-ubrac-sie-na-rozmowe-kwalifikacyjna\/#breadcrumb"},"inLanguage":"pl-PL","potentialAction":[{"@type":"ReadAction","target":["https:\/\/bialcon.pl\/blog\/jak-ubrac-sie-na-rozmowe-kwalifikacyjna\/"]}]},{"@type":"ImageObject","inLanguage":"pl-PL","@id":"https:\/\/bialcon.pl\/blog\/jak-ubrac-sie-na-rozmowe-kwalifikacyjna\/#primaryimage","url":"https:\/\/bialcon.pl\/blog\/wp-content\/uploads\/2021\/08\/Projekt-bez-nazwy-20.png","contentUrl":"https:\/\/bialcon.pl\/blog\/wp-content\/uploads\/2021\/08\/Projekt-bez-nazwy-20.png","width":960,"height":850,"caption":"Wizualizacja kobiety w czarnym garniturze i wzorzystej koszuli"},{"@type":"BreadcrumbList","@id":"https:\/\/bialcon.pl\/blog\/jak-ubrac-sie-na-rozmowe-kwalifikacyjna\/#breadcrumb","itemListElement":[{"@type":"ListItem","position":1,"name":"Strona g\u0142\u00f3wna","item":"https:\/\/bialcon.pl\/blog\/"},{"@type":"ListItem","position":2,"name":"Porady Stylistki","item":"https:\/\/bialcon.pl\/blog\/porady-stylistki\/"},{"@type":"ListItem","position":3,"name":"Jak ubra\u0107 si\u0119 na rozmow\u0119 kwalifikacyjn\u0105? 3 sprawdzone stylizacje"}]},{"@type":"WebSite","@id":"https:\/\/bialcon.pl\/blog\/#website","url":"https:\/\/bialcon.pl\/blog\/","name":"bialcon.pl\/blog\/","description":"Fashion Blog w zasi\u0119gu Twojej r\u0119ki","potentialAction":[{"@type":"SearchAction","target":{"@type":"EntryPoint","urlTemplate":"https:\/\/bialcon.pl\/blog\/?s={search_term_string}"},"query-input":{"@type":"PropertyValueSpecification","valueRequired":true,"valueName":"search_term_string"}}],"inLanguage":"pl-PL"},{"@type":"Person","@id":"https:\/\/bialcon.pl\/blog\/#\/schema\/person\/d607966042d507bd761f9e2cab07df62","name":"Marta Osuch","image":{"@type":"ImageObject","inLanguage":"pl-PL","@id":"https:\/\/secure.gravatar.com\/avatar\/e92ecceaeb1c6e5e7cf1d28eb4215cad69403014f340b8f5b576adf09b89be60?s=96&d=mm&r=g","url":"https:\/\/secure.gravatar.com\/avatar\/e92ecceaeb1c6e5e7cf1d28eb4215cad69403014f340b8f5b576adf09b89be60?s=96&d=mm&r=g","contentUrl":"https:\/\/secure.gravatar.com\/avatar\/e92ecceaeb1c6e5e7cf1d28eb4215cad69403014f340b8f5b576adf09b89be60?s=96&d=mm&r=g","caption":"Marta Osuch"},"description":"Z wykszta\u0142cenia specjalistka ds. bezpiecze\u0144stwa narodowego, z pasji \u2014 tw\u00f3rczyni tre\u015bci i mi\u0142o\u015bniczka mody. Na co dzie\u0144 \u0142\u0105czy zami\u0142owanie do content marketingu z uwa\u017cn\u0105 obserwacj\u0105 trend\u00f3w, szczeg\u00f3lnie tych inspirowanych stylem najwi\u0119kszych gwiazd. Ch\u0119tnie podpatruje codzienne stylizacje i przek\u0142ada je na mod\u0119 blisk\u0105 \u017cyciu \u2014 kobiec\u0105, stylow\u0105 i pe\u0142n\u0105 charakteru. Prywatnie najch\u0119tniej si\u0119ga po krymina\u0142y i sp\u0119dza czas na spacerach z synkiem.","sameAs":["https:\/\/www.linkedin.com\/in\/marta-osuch-b71aa8186\/"],"url":"https:\/\/bialcon.pl\/blog\/author\/martao\/"}]}},"_links":{"self":[{"href":"https:\/\/bialcon.pl\/blog\/wp-json\/wp\/v2\/posts\/2737","targetHints":{"allow":["GET"]}}],"collection":[{"href":"https:\/\/bialcon.pl\/blog\/wp-json\/wp\/v2\/posts"}],"about":[{"href":"https:\/\/bialcon.pl\/blog\/wp-json\/wp\/v2\/types\/post"}],"author":[{"embeddable":true,"href":"https:\/\/bialcon.pl\/blog\/wp-json\/wp\/v2\/users\/8"}],"replies":[{"embeddable":true,"href":"https:\/\/bialcon.pl\/blog\/wp-json\/wp\/v2\/comments?post=2737"}],"version-history":[{"count":14,"href":"https:\/\/bialcon.pl\/blog\/wp-json\/wp\/v2\/posts\/2737\/revisions"}],"predecessor-version":[{"id":11157,"href":"https:\/\/bialcon.pl\/blog\/wp-json\/wp\/v2\/posts\/2737\/revisions\/11157"}],"wp:featuredmedia":[{"embeddable":true,"href":"https:\/\/bialcon.pl\/blog\/wp-json\/wp\/v2\/media\/12296"}],"wp:attachment":[{"href":"https:\/\/bialcon.pl\/blog\/wp-json\/wp\/v2\/media?parent=2737"}],"wp:term":[{"taxonomy":"category","embeddable":true,"href":"https:\/\/bialcon.pl\/blog\/wp-json\/wp\/v2\/categories?post=2737"},{"taxonomy":"post_tag","embeddable":true,"href":"https:\/\/bialcon.pl\/blog\/wp-json\/wp\/v2\/tags?post=2737"}],"curies":[{"name":"wp","href":"https:\/\/api.w.org\/{rel}","templated":true}]}}