{"id":1995,"date":"2021-06-01T12:34:00","date_gmt":"2021-06-01T10:34:00","guid":{"rendered":"https:\/\/blog.bialcon.pl\/?p=1995"},"modified":"2025-11-17T11:27:11","modified_gmt":"2025-11-17T10:27:11","slug":"jak-spakowac-ubrania-do-walizki","status":"publish","type":"post","link":"https:\/\/bialcon.pl\/blog\/jak-spakowac-ubrania-do-walizki\/","title":{"rendered":"Jak spakowa\u0107 ubrania do walizki, \u017ceby si\u0119 nie pogniot\u0142y?"},"content":{"rendered":"<div id=\"ez-toc-container\" class=\"ez-toc-v2_0_82_2 counter-hierarchy ez-toc-counter ez-toc-custom ez-toc-container-direction\">\n<div class=\"ez-toc-title-container\"><p class=\"ez-toc-title\" style=\"cursor:inherit\">Spis Tre\u015bci<\/p>\n<\/div><nav><ul class='ez-toc-list ez-toc-list-level-1 ' ><li class='ez-toc-page-1 ez-toc-heading-level-2'><a class=\"ez-toc-link ez-toc-heading-1\" href=\"https:\/\/bialcon.pl\/blog\/jak-spakowac-ubrania-do-walizki\/#Zanim_wlozysz_ubrania_do_walizki\" >Zanim w\u0142o\u017cysz ubrania do walizki<\/a><\/li><li class='ez-toc-page-1 ez-toc-heading-level-2'><a class=\"ez-toc-link ez-toc-heading-2\" href=\"https:\/\/bialcon.pl\/blog\/jak-spakowac-ubrania-do-walizki\/#Skladanie_ubran_wg_przemyslanej_listy\" >Sk\u0142adanie ubra\u0144 wg przemy\u015blanej listy<\/a><\/li><li class='ez-toc-page-1 ez-toc-heading-level-2'><a class=\"ez-toc-link ez-toc-heading-3\" href=\"https:\/\/bialcon.pl\/blog\/jak-spakowac-ubrania-do-walizki\/#Rolowanie_ubran_%E2%80%93_sposob_na_efektywne_pakowanie\" >Rolowanie ubra\u0144 &#8211; spos\u00f3b na efektywne pakowanie<\/a><\/li><li class='ez-toc-page-1 ez-toc-heading-level-2'><a class=\"ez-toc-link ez-toc-heading-4\" href=\"https:\/\/bialcon.pl\/blog\/jak-spakowac-ubrania-do-walizki\/#Rolowanie_pomaga_lepiej_spakowac_walizke\" >Rolowanie pomaga lepiej spakowa\u0107 walizk\u0119<\/a><\/li><li class='ez-toc-page-1 ez-toc-heading-level-2'><a class=\"ez-toc-link ez-toc-heading-5\" href=\"https:\/\/bialcon.pl\/blog\/jak-spakowac-ubrania-do-walizki\/#Jak_sprytnie_spakowac_walizke_i_wykorzystac_przestrzen\" >Jak sprytnie spakowa\u0107 walizk\u0119 i wykorzysta\u0107 przestrze\u0144?<\/a><\/li><li class='ez-toc-page-1 ez-toc-heading-level-2'><a class=\"ez-toc-link ez-toc-heading-6\" href=\"https:\/\/bialcon.pl\/blog\/jak-spakowac-ubrania-do-walizki\/#Jak_rolowac_ubrania_by_ulatwic_sobie_pakowanie_walizki\" >Jak rolowa\u0107 ubrania, by u\u0142atwi\u0107 sobie pakowanie walizki?<\/a><\/li><li class='ez-toc-page-1 ez-toc-heading-level-2'><a class=\"ez-toc-link ez-toc-heading-7\" href=\"https:\/\/bialcon.pl\/blog\/jak-spakowac-ubrania-do-walizki\/#Wykorzystaj_worki_foliowe\" >Wykorzystaj worki foliowe<\/a><\/li><li class='ez-toc-page-1 ez-toc-heading-level-2'><a class=\"ez-toc-link ez-toc-heading-8\" href=\"https:\/\/bialcon.pl\/blog\/jak-spakowac-ubrania-do-walizki\/#Kreatywne_tricki_na_pakowanie_ubran\" >Kreatywne tricki na pakowanie ubra\u0144<\/a><ul class='ez-toc-list-level-3' ><li class='ez-toc-heading-level-3'><a class=\"ez-toc-link ez-toc-heading-9\" href=\"https:\/\/bialcon.pl\/blog\/jak-spakowac-ubrania-do-walizki\/#Pakowane_walizki_%E2%80%93_bielizna_i_kosmetyki\" >Pakowane walizki &#8211; bielizna i kosmetyki<\/a><\/li><\/ul><\/li><li class='ez-toc-page-1 ez-toc-heading-level-2'><a class=\"ez-toc-link ez-toc-heading-10\" href=\"https:\/\/bialcon.pl\/blog\/jak-spakowac-ubrania-do-walizki\/#_Pakowanie_walizki_%E2%80%93_zrob_to_jak_ekspedientka\" >&nbsp;Pakowanie walizki &#8211; zr\u00f3b to jak ekspedientka<\/a><\/li><li class='ez-toc-page-1 ez-toc-heading-level-2'><a class=\"ez-toc-link ez-toc-heading-11\" href=\"https:\/\/bialcon.pl\/blog\/jak-spakowac-ubrania-do-walizki\/#Wlasciwa_kolejnosc_pakowania_walizki\" >W\u0142a\u015bciwa kolejno\u015b\u0107 pakowania walizki<\/a><\/li><li class='ez-toc-page-1 ez-toc-heading-level-2'><a class=\"ez-toc-link ez-toc-heading-12\" href=\"https:\/\/bialcon.pl\/blog\/jak-spakowac-ubrania-do-walizki\/#Pakowanie_ubran_moze_proste_i_szybkie\" >Pakowanie ubra\u0144 mo\u017ce proste i szybkie<\/a><\/li><li class='ez-toc-page-1 ez-toc-heading-level-2'><a class=\"ez-toc-link ez-toc-heading-13\" href=\"https:\/\/bialcon.pl\/blog\/jak-spakowac-ubrania-do-walizki\/#Worki_kompresyjne_pomoga_w_pakowaniu_walizki\" >Worki kompresyjne pomog\u0105 w pakowaniu walizki<\/a><\/li><li class='ez-toc-page-1 ez-toc-heading-level-2'><a class=\"ez-toc-link ez-toc-heading-14\" href=\"https:\/\/bialcon.pl\/blog\/jak-spakowac-ubrania-do-walizki\/#Woreczki_strunowe_saszetka_zapachowa_i_odblaskowa_sznurowka\" >Woreczki strunowe, saszetka zapachowa i odblaskowa sznur\u00f3wka<\/a><\/li><li class='ez-toc-page-1 ez-toc-heading-level-2'><a class=\"ez-toc-link ez-toc-heading-15\" href=\"https:\/\/bialcon.pl\/blog\/jak-spakowac-ubrania-do-walizki\/#Jak_spakowac_walizke_i_cieszyc_sie_swiezoscia_ubran_nawet_po_dlugiej_podrozy\" >Jak spakowa\u0107 walizk\u0119 i cieszy\u0107 si\u0119 \u015bwie\u017co\u015bci\u0105 ubra\u0144 nawet po d\u0142ugiej podr\u00f3\u017cy?<\/a><\/li><li class='ez-toc-page-1 ez-toc-heading-level-2'><a class=\"ez-toc-link ez-toc-heading-16\" href=\"https:\/\/bialcon.pl\/blog\/jak-spakowac-ubrania-do-walizki\/#Zainwestuj_w_organizery_do_walizki\" >Zainwestuj w organizery do walizki<\/a><\/li><li class='ez-toc-page-1 ez-toc-heading-level-2'><a class=\"ez-toc-link ez-toc-heading-17\" href=\"https:\/\/bialcon.pl\/blog\/jak-spakowac-ubrania-do-walizki\/#Zabezpiecz_przedmioty_delikatne_workami_folii_babelkowej\" >Zabezpiecz przedmioty delikatne workami folii b\u0105belkowej<\/a><\/li><li class='ez-toc-page-1 ez-toc-heading-level-2'><a class=\"ez-toc-link ez-toc-heading-18\" href=\"https:\/\/bialcon.pl\/blog\/jak-spakowac-ubrania-do-walizki\/#Przygotuj_torbe_na_brudna_odziez\" >Przygotuj torb\u0119 na brudn\u0105 odzie\u017c<\/a><\/li><\/ul><\/nav><\/div>\n\n<p><strong>Jakie ubrania spakowa\u0107 na wakacje i jak posk\u0142ada\u0107 je tak, \u017ceby nie pogniot\u0142y si\u0119 w trakcie podr\u00f3\u017cy? Te pytania pojawiaj\u0105 si\u0119 ka\u017cdego roku podczas przygotowywania wakacyjnej wyprawki. Na szcz\u0119\u015bcie istniej\u0105 sprawdzone sposoby na sk\u0142adanie ubra\u0144 w walizce, dzi\u0119ki kt\u00f3rym po przyje\u017adzie na miejsce odpoczynku b\u0119d\u0105 one w idealnym stanie. Przedstawiamy kilka najpopularniejszych sposob\u00f3w na sk\u0142adanie ubra\u0144.<\/strong><\/p>\n\n\n\n<p>Pakowanie walizki na wyjazd to dla wielu z nas najtrudniejszy etap przygotowa\u0144 do podr\u00f3\u017cy. Problemy sprawia nie tylko odpowiednie skompletowanie ubra\u0144, obuwia, akcesori\u00f3w czy kosmetyk\u00f3w, ale tak\u017ce w\u0142a\u015bciwe zapakowanie ich do walizki, aby po przyje\u017adzie na miejsce nie by\u0142y wymi\u0119te i pogniecione. I cho\u0107 w wielu hotelach w kraju czy za granic\u0105 dost\u0119p do \u017celazka i deski do prasowania nie jest problemem, o tyle\u2026 nie zawsze chce nam si\u0119 prasowa\u0107 podczas urlopu. Na szcz\u0119\u015bcie s\u0105 sprawdzone sposoby na sk\u0142adanie ubra\u0144 tak, aby podczas podr\u00f3\u017cy si\u0119 nie pogniot\u0142y.&nbsp;<\/p>\n\n\n\n<h2 class=\"wp-block-heading\"><span class=\"ez-toc-section\" id=\"Zanim_wlozysz_ubrania_do_walizki\"><\/span>Zanim w\u0142o\u017cysz ubrania do walizki<span class=\"ez-toc-section-end\"><\/span><\/h2>\n\n\n\n<p>Zanim przejdziesz do sk\u0142adania ubra\u0144, musisz odpowiednio si\u0119 do tego przygotowa\u0107. W zale\u017cno\u015bci od celu podr\u00f3\u017cy i rodzaju aktywno\u015bci, jak\u0105 planujesz podczas urlopu, przygotuj odpowiedni\u0105 odzie\u017c. Wybierz tylko najpotrzebniejsze rzeczy, dzi\u0119ki czemu bez problemu znajdziesz dla nich miejsce w walizce. Ka\u017cde ubranie dok\u0142adnie wyprasuj i usu\u0144 z powierzchni wszelkie zagniecenia.<\/p>\n\n\n\r\n<div class=\"product-block-container swiper mySwiperProductBlock\">\r\n    <div class=\"product-block-swiper swiper-wrapper\">\r\n                    <div class=\"swiper-slide product-block-item\" data-id=\"147611\">\r\n                <a href=\"https:\/\/bialcon.pl\/dzianinowa-casualowa-sukienka-z-dekoltem-w-serek?utm_source=blog&utm_medium=poradystylistki&utm_campaign=010621\" class=\"product-block-url\" target=\"_blank\">\r\n                    <div class=\"product-block-image\">\r\n                        <img decoding=\"async\" width=\"300\" height=\"400\" src=\"https:\/\/bialcon.pl\/picture\/dzianinowa-casualowa-sukienka-z-dekoltem-w-serek_1.jpg\" alt=\"Dzianinowa casualowa sukienka z dekoltem w serek\">\r\n                    <\/div>\r\n                    <div class=\"product-block-name\">\r\n                        <p>Dzianinowa casualowa sukienka z dekoltem w serek<\/p>\r\n                    <\/div>\r\n                <\/a>\r\n            <\/div>\r\n                    <div class=\"swiper-slide product-block-item\" data-id=\"147615\">\r\n                <a href=\"https:\/\/bialcon.pl\/dzianinowa-sukienka-z-marszczeniem-i-ozdoba-w-talii?utm_source=blog&utm_medium=poradystylistki&utm_campaign=010621\" class=\"product-block-url\" target=\"_blank\">\r\n                    <div class=\"product-block-image\">\r\n                        <img decoding=\"async\" width=\"300\" height=\"400\" src=\"https:\/\/bialcon.pl\/picture\/dzianinowa-sukienka-z-marszczeniem-i-ozdoba-w-talii_3.jpg\" alt=\"Dzianinowa sukienka z marszczeniem i ozdob\u0105 w talii\">\r\n                    <\/div>\r\n                    <div class=\"product-block-name\">\r\n                        <p>Dzianinowa sukienka z marszczeniem i ozdob\u0105 w talii<\/p>\r\n                    <\/div>\r\n                <\/a>\r\n            <\/div>\r\n                    <div class=\"swiper-slide product-block-item\" data-id=\"147620\">\r\n                <a href=\"https:\/\/bialcon.pl\/oryginalna-sukienka-inspirowana-malarstwem-chelmonskiego?utm_source=blog&utm_medium=poradystylistki&utm_campaign=010621\" class=\"product-block-url\" target=\"_blank\">\r\n                    <div class=\"product-block-image\">\r\n                        <img decoding=\"async\" width=\"300\" height=\"400\" src=\"https:\/\/bialcon.pl\/picture\/oryginalna-sukienka-inspirowana-malarstwem-chelmonskiego_1.jpg\" alt=\"Oryginalna sukienka inspirowana malarstwem Che\u0142mo\u0144skiego\">\r\n                    <\/div>\r\n                    <div class=\"product-block-name\">\r\n                        <p>Oryginalna sukienka inspirowana malarstwem Che\u0142mo\u0144skiego<\/p>\r\n                    <\/div>\r\n                <\/a>\r\n            <\/div>\r\n            <\/div>\r\n<\/div>\r\n\n\n\n\r\n<div class=\"product-block-container swiper mySwiperProductBlock\">\r\n    <div class=\"product-block-swiper swiper-wrapper\">\r\n                    <div class=\"swiper-slide product-block-item\" data-id=\"147688\">\r\n                <a href=\"https:\/\/bialcon.pl\/letnia-luzna-bluzka-w-brazowe-kwiaty?utm_source=blog&utm_medium=poradystylistki&utm_campaign=010621\" class=\"product-block-url\" target=\"_blank\">\r\n                    <div class=\"product-block-image\">\r\n                        <img decoding=\"async\" width=\"300\" height=\"400\" src=\"https:\/\/bialcon.pl\/picture\/letnia-luzna-bluzka-w-brazowe-kwiaty_1.jpg\" alt=\"Letnia lu\u017ana bluzka w br\u0105zowe kwiaty\">\r\n                    <\/div>\r\n                    <div class=\"product-block-name\">\r\n                        <p>Letnia lu\u017ana bluzka w br\u0105zowe kwiaty<\/p>\r\n                    <\/div>\r\n                <\/a>\r\n            <\/div>\r\n                    <div class=\"swiper-slide product-block-item\" data-id=\"147612\">\r\n                <a href=\"https:\/\/bialcon.pl\/pudelkowa-bluzka-z-dopasowanym-rekawem-34?utm_source=blog&utm_medium=poradystylistki&utm_campaign=010621\" class=\"product-block-url\" target=\"_blank\">\r\n                    <div class=\"product-block-image\">\r\n                        <img decoding=\"async\" width=\"300\" height=\"400\" src=\"https:\/\/bialcon.pl\/picture\/pudelkowa-bluzka-z-dopasowanym-rekawem-34_1.jpg\" alt=\"Pude\u0142kowa bluzka z dopasowanym r\u0119kawem 3\/4\">\r\n                    <\/div>\r\n                    <div class=\"product-block-name\">\r\n                        <p>Pude\u0142kowa bluzka z dopasowanym r\u0119kawem 3\/4<\/p>\r\n                    <\/div>\r\n                <\/a>\r\n            <\/div>\r\n                    <div class=\"swiper-slide product-block-item\" data-id=\"147617\">\r\n                <a href=\"https:\/\/bialcon.pl\/bluzka-w-zwierzecy-wzor-z-dzianiny-wiskozowej?utm_source=blog&utm_medium=poradystylistki&utm_campaign=010621\" class=\"product-block-url\" target=\"_blank\">\r\n                    <div class=\"product-block-image\">\r\n                        <img decoding=\"async\" width=\"300\" height=\"400\" src=\"https:\/\/bialcon.pl\/picture\/bluzka-w-zwierzecy-wzor-z-dzianiny-wiskozowej_2.jpg\" alt=\"Bluzka w zwierz\u0119cy wz\u00f3r z dzianiny wiskozowej\">\r\n                    <\/div>\r\n                    <div class=\"product-block-name\">\r\n                        <p>Bluzka w zwierz\u0119cy wz\u00f3r z dzianiny wiskozowej<\/p>\r\n                    <\/div>\r\n                <\/a>\r\n            <\/div>\r\n            <\/div>\r\n<\/div>\r\n\n\n\n\n<h2 class=\"wp-block-heading\"><span class=\"ez-toc-section\" id=\"Skladanie_ubran_wg_przemyslanej_listy\"><\/span>Sk\u0142adanie ubra\u0144 wg przemy\u015blanej listy<span class=\"ez-toc-section-end\"><\/span><\/h2>\n\n\n\n<p>Zr\u00f3b list\u0119 potrzebnych ubra\u0144 i upewnij si\u0119, \u017ce masz odpowiedni\u0105 ilo\u015b\u0107 rzeczy na ka\u017cdy dzie\u0144 oraz na planowane aktywno\u015bci. Sprawd\u017a prognoz\u0119 pogody dla miejsca, do kt\u00f3rego si\u0119 wybierasz. Nie zapomnij parasolki \u2013 nawet w tropikach mo\u017cna zmokn\u0105\u0107 \u2013 szczeg\u00f3lnie w porze deszczowej. Pami\u0119taj o tym, je\u015bli zamierzasz pakowa\u0107 ubrania na wycieczk\u0119 w egzotyczne zak\u0105tki.<\/p>\n\n\n\n<h2 class=\"wp-block-heading\"><span class=\"ez-toc-section\" id=\"Rolowanie_ubran_%E2%80%93_sposob_na_efektywne_pakowanie\"><\/span>Rolowanie ubra\u0144 &#8211; spos\u00f3b na efektywne pakowanie<span class=\"ez-toc-section-end\"><\/span><\/h2>\n\n\n\n<p>Rolowanie ubra\u0144 to nie tylko skuteczny spos\u00f3b na zmniejszenie obj\u0119to\u015bci pakunk\u00f3w, ale tak\u017ce spos\u00f3b na utrzymanie ich w lepszym stanie. Dlaczego warto przesi\u0105\u015b\u0107 si\u0119 na rolowanie? Jest kilka powod\u00f3w, kt\u00f3re sprawi\u0105, \u017ce staniesz si\u0119 fanem tej prostoty, a proces pakowania przebiegnie szybko i efektywnie.<\/p>\n\n\n\n<p>Zwini\u0119te ubrania \u0142atwiej uk\u0142adaj\u0105 si\u0119 w zakamarkach walizki, pozwalaj\u0105c na bardziej efektywne wykorzystanie dost\u0119pnej przestrzeni. Ponadto, rolki ubraniowe dostosowuj\u0105 si\u0119 do kszta\u0142tu walizki, co pozwala na skomponowanie idealnej uk\u0142adanki z r\u00f3\u017cnych rozmiar\u00f3w przedmiot\u00f3w.<\/p>\n\n\n\r\n<div class=\"product-block-container swiper mySwiperProductBlock\">\r\n    <div class=\"product-block-swiper swiper-wrapper\">\r\n                    <div class=\"swiper-slide product-block-item\" data-id=\"147623\">\r\n                <a href=\"https:\/\/bialcon.pl\/kopertowa-dzianinowa-bluzka-z-marszczeniem?utm_source=blog&utm_medium=poradystylistki&utm_campaign=010621\" class=\"product-block-url\" target=\"_blank\">\r\n                    <div class=\"product-block-image\">\r\n                        <img decoding=\"async\" width=\"300\" height=\"400\" src=\"https:\/\/bialcon.pl\/picture\/kopertowa-dzianinowa-bluzka-z-marszczeniem_1.jpg\" alt=\"Kopertowa dzianinowa bluzka z marszczeniem\">\r\n                    <\/div>\r\n                    <div class=\"product-block-name\">\r\n                        <p>Kopertowa dzianinowa bluzka z marszczeniem<\/p>\r\n                    <\/div>\r\n                <\/a>\r\n            <\/div>\r\n                    <div class=\"swiper-slide product-block-item\" data-id=\"147628\">\r\n                <a href=\"https:\/\/bialcon.pl\/liliowa-zwiewna-bluzka-z-falbankami-i-wiazaniem?utm_source=blog&utm_medium=poradystylistki&utm_campaign=010621\" class=\"product-block-url\" target=\"_blank\">\r\n                    <div class=\"product-block-image\">\r\n                        <img decoding=\"async\" width=\"300\" height=\"400\" src=\"https:\/\/bialcon.pl\/picture\/liliowa-zwiewna-bluzka-z-falbankami-i-wiazaniem_1.jpg\" alt=\"Liliowa zwiewna bluzka z falbankami i wi\u0105zaniem\">\r\n                    <\/div>\r\n                    <div class=\"product-block-name\">\r\n                        <p>Liliowa zwiewna bluzka z falbankami i wi\u0105zaniem<\/p>\r\n                    <\/div>\r\n                <\/a>\r\n            <\/div>\r\n                    <div class=\"swiper-slide product-block-item\" data-id=\"147629\">\r\n                <a href=\"https:\/\/bialcon.pl\/granatowa-wizytowa-bluzka-z-szarfa-i-dekoltem-woda?utm_source=blog&utm_medium=poradystylistki&utm_campaign=010621\" class=\"product-block-url\" target=\"_blank\">\r\n                    <div class=\"product-block-image\">\r\n                        <img decoding=\"async\" width=\"300\" height=\"400\" src=\"https:\/\/bialcon.pl\/picture\/granatowa-wizytowa-bluzka-z-szarfa-i-dekoltem-woda_4.jpg\" alt=\"Granatowa wizytowa bluzka z szarf\u0105 i dekoltem woda\">\r\n                    <\/div>\r\n                    <div class=\"product-block-name\">\r\n                        <p>Granatowa wizytowa bluzka z szarf\u0105 i dekoltem woda<\/p>\r\n                    <\/div>\r\n                <\/a>\r\n            <\/div>\r\n            <\/div>\r\n<\/div>\r\n\n\n\n\n<h2 class=\"wp-block-heading\"><span class=\"ez-toc-section\" id=\"Rolowanie_pomaga_lepiej_spakowac_walizke\"><\/span>Rolowanie pomaga lepiej spakowa\u0107 walizk\u0119<span class=\"ez-toc-section-end\"><\/span><\/h2>\n\n\n\n<p>&nbsp;Klasyczne sk\u0142adanie w kostk\u0119 cz\u0119sto pozostawia fa\u0142dy i zagi\u0119cia na materia\u0142ach, zw\u0142aszcza na cienkich i delikatnych tkaninach. Rolowanie minimalizuje te problemy, pozostawiaj\u0105c ubrania w lepszym stanie, gotowe do u\u017cycia zaraz po wyci\u0105gni\u0119ciu ich z walizki.<\/p>\n\n\n\n<h2 class=\"wp-block-heading\"><span class=\"ez-toc-section\" id=\"Jak_sprytnie_spakowac_walizke_i_wykorzystac_przestrzen\"><\/span>Jak sprytnie spakowa\u0107 walizk\u0119 i wykorzysta\u0107 przestrze\u0144?<span class=\"ez-toc-section-end\"><\/span><\/h2>\n\n\n\n<p>Rolowanie ubra\u0144 u\u0142atwia tak\u017ce szybkie wyszukiwanie i dost\u0119p do konkretnego element garderoby. To szczeg\u00f3lnie przydatne, gdy masz w planach r\u00f3\u017cnorodne wydarzenia podczas podr\u00f3\u017cy i musisz mie\u0107 dost\u0119p do r\u00f3\u017cnych ubra\u0144.<\/p>\n\n\n\n<p>Pakowanie i rozpakowywanie walizki mo\u017ce by\u0107 czasoch\u0142onne, ale rolowanie ubra\u0144 przyspiesza ten proces. Nie trzeba dok\u0142adnie uk\u0142ada\u0107 ka\u017cdej warstwy ubra\u0144, wystarczy je zwija\u0107. Dzi\u0119ki temu zaoszcz\u0119dzisz cenny czas, kt\u00f3ry mo\u017cesz przeznaczy\u0107 na bardziej istotne aspekty podr\u00f3\u017cy.<\/p>\n\n\n\r\n<div class=\"product-block-container swiper mySwiperProductBlock\">\r\n    <div class=\"product-block-swiper swiper-wrapper\">\r\n                    <div class=\"swiper-slide product-block-item\" data-id=\"147610\">\r\n                <a href=\"https:\/\/bialcon.pl\/brazowe-lekkie-spodnie-o-satynowym-polysku?utm_source=blog&utm_medium=poradystylistki&utm_campaign=010621\" class=\"product-block-url\" target=\"_blank\">\r\n                    <div class=\"product-block-image\">\r\n                        <img decoding=\"async\" width=\"300\" height=\"400\" src=\"https:\/\/bialcon.pl\/picture\/brazowe-lekkie-spodnie-o-satynowym-polysku_3.jpg\" alt=\"Br\u0105zowe lekkie spodnie o satynowym po\u0142ysku\">\r\n                    <\/div>\r\n                    <div class=\"product-block-name\">\r\n                        <p>Br\u0105zowe lekkie spodnie o satynowym po\u0142ysku<\/p>\r\n                    <\/div>\r\n                <\/a>\r\n            <\/div>\r\n                    <div class=\"swiper-slide product-block-item\" data-id=\"147619\">\r\n                <a href=\"https:\/\/bialcon.pl\/luzne-ceglaste-spodnie-z-letniej-wiskozy?utm_source=blog&utm_medium=poradystylistki&utm_campaign=010621\" class=\"product-block-url\" target=\"_blank\">\r\n                    <div class=\"product-block-image\">\r\n                        <img decoding=\"async\" width=\"300\" height=\"400\" src=\"https:\/\/bialcon.pl\/picture\/luzne-ceglaste-spodnie-z-letniej-wiskozy_1.jpg\" alt=\"Lu\u017ane ceglaste spodnie z letniej wiskozy\">\r\n                    <\/div>\r\n                    <div class=\"product-block-name\">\r\n                        <p>Lu\u017ane ceglaste spodnie z letniej wiskozy<\/p>\r\n                    <\/div>\r\n                <\/a>\r\n            <\/div>\r\n                    <div class=\"swiper-slide product-block-item\" data-id=\"147624\">\r\n                <a href=\"https:\/\/bialcon.pl\/granatowe-lekkie-spodnie-w-delikatne-paski?utm_source=blog&utm_medium=poradystylistki&utm_campaign=010621\" class=\"product-block-url\" target=\"_blank\">\r\n                    <div class=\"product-block-image\">\r\n                        <img decoding=\"async\" width=\"300\" height=\"400\" src=\"https:\/\/bialcon.pl\/picture\/granatowe-lekkie-spodnie-w-delikatne-paski.jpg\" alt=\"Granatowe lekkie spodnie w delikatne paski\">\r\n                    <\/div>\r\n                    <div class=\"product-block-name\">\r\n                        <p>Granatowe lekkie spodnie w delikatne paski<\/p>\r\n                    <\/div>\r\n                <\/a>\r\n            <\/div>\r\n            <\/div>\r\n<\/div>\r\n\n\n\n\r\n<div class=\"product-block-container swiper mySwiperProductBlock\">\r\n    <div class=\"product-block-swiper swiper-wrapper\">\r\n                    <div class=\"swiper-slide product-block-item\" data-id=\"144494\">\r\n                <a href=\"https:\/\/bialcon.pl\/blekitna-tunika-z-kieszeniami?utm_source=blog&utm_medium=poradystylistki&utm_campaign=010621\" class=\"product-block-url\" target=\"_blank\">\r\n                    <div class=\"product-block-image\">\r\n                        <img decoding=\"async\" width=\"300\" height=\"400\" src=\"https:\/\/bialcon.pl\/picture\/blekitna-tunika-z-kieszeniami_1.jpg\" alt=\"B\u0142\u0119kitna tunika z kieszeniami\">\r\n                    <\/div>\r\n                    <div class=\"product-block-name\">\r\n                        <p>B\u0142\u0119kitna tunika z kieszeniami<\/p>\r\n                    <\/div>\r\n                <\/a>\r\n            <\/div>\r\n                    <div class=\"swiper-slide product-block-item\" data-id=\"142394\">\r\n                <a href=\"https:\/\/bialcon.pl\/tunika-z-kimonowym-rekawkiem?utm_source=blog&utm_medium=poradystylistki&utm_campaign=010621\" class=\"product-block-url\" target=\"_blank\">\r\n                    <div class=\"product-block-image\">\r\n                        <img decoding=\"async\" width=\"300\" height=\"400\" src=\"https:\/\/bialcon.pl\/picture\/tunika-z-kimonowym-rekawkiem_1.jpg\" alt=\"Tunika z kimonowym r\u0119kawkiem\">\r\n                    <\/div>\r\n                    <div class=\"product-block-name\">\r\n                        <p>Tunika z kimonowym r\u0119kawkiem<\/p>\r\n                    <\/div>\r\n                <\/a>\r\n            <\/div>\r\n                    <div class=\"swiper-slide product-block-item\" data-id=\"140937\">\r\n                <a href=\"https:\/\/bialcon.pl\/dluga-asymetryczna-bluzka?utm_source=blog&utm_medium=poradystylistki&utm_campaign=010621\" class=\"product-block-url\" target=\"_blank\">\r\n                    <div class=\"product-block-image\">\r\n                        <img decoding=\"async\" width=\"300\" height=\"400\" src=\"https:\/\/bialcon.pl\/picture\/dluga-asymetryczna-bluzka.jpg\" alt=\"D\u0142uga asymetryczna bluzka\">\r\n                    <\/div>\r\n                    <div class=\"product-block-name\">\r\n                        <p>D\u0142uga asymetryczna bluzka<\/p>\r\n                    <\/div>\r\n                <\/a>\r\n            <\/div>\r\n            <\/div>\r\n<\/div>\r\n\n\n\n\n<h2 class=\"wp-block-heading\"><span class=\"ez-toc-section\" id=\"Jak_rolowac_ubrania_by_ulatwic_sobie_pakowanie_walizki\"><\/span>Jak rolowa\u0107 ubrania, by u\u0142atwi\u0107 sobie pakowanie walizki?<span class=\"ez-toc-section-end\"><\/span><\/h2>\n\n\n\n<p>Zacznij od najwi\u0119kszych element\u00f3w. Roz\u0142\u00f3\u017c p\u0142asko najwi\u0119ksze ubrania, takie jak spodnie czy sukienki. Nast\u0119pnie zacznij od g\u00f3rnych kraw\u0119dzi, zwijaj\u0105c ubrania w kompaktowe rulony. Wype\u0142nij puste przestrzenie w walizce rolkami ubraniowymi, by jeszcze bardziej zoptymalizowa\u0107 miejsce.<\/p>\n\n\n\n<h2 class=\"wp-block-heading\"><span class=\"ez-toc-section\" id=\"Wykorzystaj_worki_foliowe\"><\/span>Wykorzystaj worki foliowe<span class=\"ez-toc-section-end\"><\/span><\/h2>\n\n\n\n<p>Sprawdzonym, cho\u0107 ma\u0142o znanym patentem na brak zagniece\u0144 na ubraniach, s\u0105 foliowe worki. Je\u015bli umie\u015bcisz je mi\u0119dzy warstwami materia\u0142u, unikniesz tarcia powoduj\u0105cego zagniecenia na ubraniach. Wi\u0119ksze worki na \u015bmieci \u015bwietnie sprawdz\u0105 si\u0119 przy sk\u0142adaniu <a href=\"https:\/\/bialcon.pl\/odziez\/spodnice\/spodnice-rozkloszowane?utm_source=blog&amp;utm_medium=poradystylistki&amp;utm_campaign=010621\" target=\"_blank\" rel=\"noreferrer noopener\"><strong>rozkloszowanej sp\u00f3dnicy<\/strong><\/a>, albo <a href=\"https:\/\/bialcon.pl\/odziez\/sukienki\/sukienki-rozkloszowane?utm_source=blog&amp;utm_medium=poradystylistki&amp;utm_campaign=010621\" target=\"_blank\" rel=\"noreferrer noopener\"><strong>rozkloszowanej sukienki<\/strong><\/a><strong>.<\/strong> W\u0142\u00f3\u017c j\u0105 do worka, a nast\u0119pnie z\u0142\u00f3\u017c na p\u00f3\u0142 \u0142\u0105cz\u0105c ze sob\u0105 boczne kraw\u0119dzie i tworz\u0105c trapez. Z trapezu zr\u00f3b prostok\u0105t, sk\u0142adaj\u0105c wystaj\u0105cy r\u00f3g do \u015brodka. Z\u0142\u00f3\u017c prostok\u0105t na p\u00f3\u0142 i umie\u015b\u0107 w walizce.<\/p>\n\n\n\r\n<div class=\"product-block-container swiper mySwiperProductBlock\">\r\n    <div class=\"product-block-swiper swiper-wrapper\">\r\n                    <div class=\"swiper-slide product-block-item\" data-id=\"147611\">\r\n                <a href=\"https:\/\/bialcon.pl\/dzianinowa-casualowa-sukienka-z-dekoltem-w-serek?utm_source=blog&utm_medium=poradystylistki&utm_campaign=010621\" class=\"product-block-url\" target=\"_blank\">\r\n                    <div class=\"product-block-image\">\r\n                        <img decoding=\"async\" width=\"300\" height=\"400\" src=\"https:\/\/bialcon.pl\/picture\/dzianinowa-casualowa-sukienka-z-dekoltem-w-serek_1.jpg\" alt=\"Dzianinowa casualowa sukienka z dekoltem w serek\">\r\n                    <\/div>\r\n                    <div class=\"product-block-name\">\r\n                        <p>Dzianinowa casualowa sukienka z dekoltem w serek<\/p>\r\n                    <\/div>\r\n                <\/a>\r\n            <\/div>\r\n                    <div class=\"swiper-slide product-block-item\" data-id=\"147634\">\r\n                <a href=\"https:\/\/bialcon.pl\/blekitna-sukienka-midi-ze-strukturalnej-tkaniny?utm_source=blog&utm_medium=poradystylistki&utm_campaign=010621\" class=\"product-block-url\" target=\"_blank\">\r\n                    <div class=\"product-block-image\">\r\n                        <img decoding=\"async\" width=\"300\" height=\"400\" src=\"https:\/\/bialcon.pl\/picture\/blekitna-sukienka-midi-ze-strukturalnej-tkaniny.jpg\" alt=\"B\u0142\u0119kitna sukienka midi ze strukturalnej tkaniny\">\r\n                    <\/div>\r\n                    <div class=\"product-block-name\">\r\n                        <p>B\u0142\u0119kitna sukienka midi ze strukturalnej tkaniny<\/p>\r\n                    <\/div>\r\n                <\/a>\r\n            <\/div>\r\n                    <div class=\"swiper-slide product-block-item\" data-id=\"147635\">\r\n                <a href=\"https:\/\/bialcon.pl\/zwiewna-morska-sukienka-odcinana-pod-biustem?utm_source=blog&utm_medium=poradystylistki&utm_campaign=010621\" class=\"product-block-url\" target=\"_blank\">\r\n                    <div class=\"product-block-image\">\r\n                        <img decoding=\"async\" width=\"300\" height=\"400\" src=\"https:\/\/bialcon.pl\/picture\/zwiewna-morska-sukienka-odcinana-pod-biustem_2.jpg\" alt=\"Zwiewna morska sukienka odcinana pod biustem\">\r\n                    <\/div>\r\n                    <div class=\"product-block-name\">\r\n                        <p>Zwiewna morska sukienka odcinana pod biustem<\/p>\r\n                    <\/div>\r\n                <\/a>\r\n            <\/div>\r\n            <\/div>\r\n<\/div>\r\n\n\n\n\n<h2 class=\"wp-block-heading\"><span class=\"ez-toc-section\" id=\"Kreatywne_tricki_na_pakowanie_ubran\"><\/span>Kreatywne tricki na pakowanie ubra\u0144<span class=\"ez-toc-section-end\"><\/span><\/h2>\n\n\n\n<p>Jest jeszcze kilka innych &nbsp;kreatywnych sposob\u00f3w, jak wykorzysta\u0107 worki foliowe, aby zorganizowa\u0107 swoj\u0105 walizk\u0119 w bardziej praktyczny spos\u00f3b:<\/p>\n\n\n\n<p>&nbsp;&nbsp; &#8211; Worki foliowe \u015bwietnie sprawdzaj\u0105 si\u0119 do oddzielenia obuwia od reszty zawarto\u015bci walizki. W\u0142\u00f3\u017c buty do oddzielnych work\u00f3w, aby unikn\u0105\u0107 zabrudze\u0144 na ubraniach.<\/p>\n\n\n\n<p>&nbsp;&nbsp; &#8211; Przed pakowaniem walizki na wyjazd przewa\u017cnie robimy pranie. Czasem zdarza si\u0119, \u017ce co\u015b nie do ko\u0144ca wyschnie, w\u00f3wczas takie wilgotne ubranie warto spakowa\u0107 w worek foliowy. To zapobiegnie przemakaniu reszty ubra\u0144 w walizce.<\/p>\n\n\n\n<h3 class=\"wp-block-heading\"><span class=\"ez-toc-section\" id=\"Pakowane_walizki_%E2%80%93_bielizna_i_kosmetyki\"><\/span>Pakowane walizki &#8211; bielizna i kosmetyki<span class=\"ez-toc-section-end\"><\/span><\/h3>\n\n\n\n<p>&nbsp;&nbsp; &#8211; Je\u015bli planujesz przewozi\u0107 jakiekolwiek p\u0142yny, kosmetyki lub butelki z napojami, umie\u015b\u0107 je w workach foliowych. W razie przypadkowego wylania, worki zatrzymaj\u0105 p\u0142yn, chroni\u0105c pozosta\u0142e rzeczy w walizce.<\/p>\n\n\n\n<p>&nbsp;&nbsp; &#8211; Posegreguj bielizn\u0119, skarpetki czy akcesoria w osobnych workach. To u\u0142atwi utrzymanie porz\u0105dku w walizce i szybkie odnalezienie potrzebnych rzeczy.<\/p>\n\n\n\n<h2 class=\"wp-block-heading\"><span class=\"ez-toc-section\" id=\"_Pakowanie_walizki_%E2%80%93_zrob_to_jak_ekspedientka\"><\/span>&nbsp;Pakowanie walizki &#8211; zr\u00f3b to jak ekspedientka<span class=\"ez-toc-section-end\"><\/span><\/h2>\n\n\n\n<p>Je\u015bli chcesz zabezpieczy\u0107<strong> <\/strong><a href=\"https:\/\/bialcon.pl\/odziez\/koszule-damskie?utm_source=blog&amp;utm_medium=poradystylistki&amp;utm_campaign=010621\" target=\"_blank\" rel=\"noreferrer noopener\"><strong>eleganck\u0105 koszul\u0119<\/strong><\/a> lub <a href=\"https:\/\/bialcon.pl\/odziez\/spodnie-damskie\/spodnie-w-kant-damskie?utm_source=blog&amp;utm_medium=poradystylistki&amp;utm_campaign=010621\" target=\"_blank\" rel=\"noreferrer noopener\"><strong>spodnie w kant<\/strong><\/a><strong> <\/strong>przed wygnieceniem, zanim w\u0142o\u017cysz je do walizki \u2013 posk\u0142adaj je tak jak robi\u0105 to ekspedientki w sklepie. Zapnij guziki koszuli i u\u0142\u00f3\u017c j\u0105 na p\u0142askiej powierzchni ty\u0142em koszuli do g\u00f3ry. Po\u0142\u00f3\u017c na koszuli kawa\u0142ek tektury, przysuwaj\u0105c go do ko\u0142nierza, a nast\u0119pnie z\u0142\u00f3\u017c kraw\u0119dzie koszuli wzd\u0142u\u017c kraw\u0119dzi tektury.<\/p>\n\n\n\n<p>R\u0119kawy zagnij w d\u00f3\u0142, a d\u00f3\u0142 koszuli \u2013 do g\u00f3ry. Na koniec mo\u017cesz wysun\u0105\u0107 tektur\u0119, kt\u00f3rej u\u017cy\u0142a\u015b do pomocy w sk\u0142adaniu. Je\u015bli chodzi o spodnie w kant, z\u0142\u00f3\u017c je na p\u00f3\u0142 wzd\u0142u\u017c linii kantu. W zale\u017cno\u015bci od tego, jak du\u017c\u0105 \u201ckostk\u0119\u201d chcesz uzyska\u0107, mo\u017cesz z\u0142o\u017cy\u0107 przygotowane w ten spos\u00f3b spodnie na p\u00f3\u0142, raz lub dwa razy.<\/p>\n\n\n\r\n<div class=\"product-block-container swiper mySwiperProductBlock\">\r\n    <div class=\"product-block-swiper swiper-wrapper\">\r\n                    <div class=\"swiper-slide product-block-item\" data-id=\"147577\">\r\n                <a href=\"https:\/\/bialcon.pl\/zwiewna-kremowa-koszula-z-bufiastym-rekawem?utm_source=blog&utm_medium=poradystylistki&utm_campaign=010621\" class=\"product-block-url\" target=\"_blank\">\r\n                    <div class=\"product-block-image\">\r\n                        <img decoding=\"async\" width=\"300\" height=\"400\" src=\"https:\/\/bialcon.pl\/picture\/zwiewna-kremowa-koszula-z-bufiastym-rekawem_1.jpg\" alt=\"Zwiewna kremowa koszula z bufiastym r\u0119kawem\">\r\n                    <\/div>\r\n                    <div class=\"product-block-name\">\r\n                        <p>Zwiewna kremowa koszula z bufiastym r\u0119kawem<\/p>\r\n                    <\/div>\r\n                <\/a>\r\n            <\/div>\r\n                    <div class=\"swiper-slide product-block-item\" data-id=\"147578\">\r\n                <a href=\"https:\/\/bialcon.pl\/zwiewna-mietowa-koszula-z-bufiastym-rekawem?utm_source=blog&utm_medium=poradystylistki&utm_campaign=010621\" class=\"product-block-url\" target=\"_blank\">\r\n                    <div class=\"product-block-image\">\r\n                        <img decoding=\"async\" width=\"300\" height=\"400\" src=\"https:\/\/bialcon.pl\/picture\/zwiewna-mietowa-koszula-z-bufiastym-rekawem_2.jpg\" alt=\"Zwiewna mi\u0119towa koszula z bufiastym r\u0119kawem\">\r\n                    <\/div>\r\n                    <div class=\"product-block-name\">\r\n                        <p>Zwiewna mi\u0119towa koszula z bufiastym r\u0119kawem<\/p>\r\n                    <\/div>\r\n                <\/a>\r\n            <\/div>\r\n                    <div class=\"swiper-slide product-block-item\" data-id=\"147337\">\r\n                <a href=\"https:\/\/bialcon.pl\/bezowa-prosta-koszula-z-wiskozy-w-delikatny-wzor?utm_source=blog&utm_medium=poradystylistki&utm_campaign=010621\" class=\"product-block-url\" target=\"_blank\">\r\n                    <div class=\"product-block-image\">\r\n                        <img decoding=\"async\" width=\"300\" height=\"400\" src=\"https:\/\/bialcon.pl\/picture\/bezowa-prosta-koszula-z-wiskozy-w-delikatny-wzor_1.jpg\" alt=\"Be\u017cowa prosta koszula z wiskozy w delikatny wz\u00f3r\">\r\n                    <\/div>\r\n                    <div class=\"product-block-name\">\r\n                        <p>Be\u017cowa prosta koszula z wiskozy w delikatny wz\u00f3r<\/p>\r\n                    <\/div>\r\n                <\/a>\r\n            <\/div>\r\n            <\/div>\r\n<\/div>\r\n\n\n\n\r\n<div class=\"product-block-container swiper mySwiperProductBlock\">\r\n    <div class=\"product-block-swiper swiper-wrapper\">\r\n                    <div class=\"swiper-slide product-block-item\" data-id=\"147619\">\r\n                <a href=\"https:\/\/bialcon.pl\/luzne-ceglaste-spodnie-z-letniej-wiskozy?utm_source=blog&utm_medium=poradystylistki&utm_campaign=010621\" class=\"product-block-url\" target=\"_blank\">\r\n                    <div class=\"product-block-image\">\r\n                        <img decoding=\"async\" width=\"300\" height=\"400\" src=\"https:\/\/bialcon.pl\/picture\/luzne-ceglaste-spodnie-z-letniej-wiskozy_1.jpg\" alt=\"Lu\u017ane ceglaste spodnie z letniej wiskozy\">\r\n                    <\/div>\r\n                    <div class=\"product-block-name\">\r\n                        <p>Lu\u017ane ceglaste spodnie z letniej wiskozy<\/p>\r\n                    <\/div>\r\n                <\/a>\r\n            <\/div>\r\n                    <div class=\"swiper-slide product-block-item\" data-id=\"147624\">\r\n                <a href=\"https:\/\/bialcon.pl\/granatowe-lekkie-spodnie-w-delikatne-paski?utm_source=blog&utm_medium=poradystylistki&utm_campaign=010621\" class=\"product-block-url\" target=\"_blank\">\r\n                    <div class=\"product-block-image\">\r\n                        <img decoding=\"async\" width=\"300\" height=\"400\" src=\"https:\/\/bialcon.pl\/picture\/granatowe-lekkie-spodnie-w-delikatne-paski.jpg\" alt=\"Granatowe lekkie spodnie w delikatne paski\">\r\n                    <\/div>\r\n                    <div class=\"product-block-name\">\r\n                        <p>Granatowe lekkie spodnie w delikatne paski<\/p>\r\n                    <\/div>\r\n                <\/a>\r\n            <\/div>\r\n                    <div class=\"swiper-slide product-block-item\" data-id=\"147640\">\r\n                <a href=\"https:\/\/bialcon.pl\/eleganckie-pastelowe-dzwony-w-kant?utm_source=blog&utm_medium=poradystylistki&utm_campaign=010621\" class=\"product-block-url\" target=\"_blank\">\r\n                    <div class=\"product-block-image\">\r\n                        <img decoding=\"async\" width=\"300\" height=\"400\" src=\"https:\/\/bialcon.pl\/picture\/eleganckie-pastelowe-dzwony-w-kant_2.jpg\" alt=\"Eleganckie pastelowe dzwony w kant\">\r\n                    <\/div>\r\n                    <div class=\"product-block-name\">\r\n                        <p>Eleganckie pastelowe dzwony w kant<\/p>\r\n                    <\/div>\r\n                <\/a>\r\n            <\/div>\r\n            <\/div>\r\n<\/div>\r\n\n\n\n\n<h2 class=\"wp-block-heading\"><span class=\"ez-toc-section\" id=\"Wlasciwa_kolejnosc_pakowania_walizki\"><\/span>W\u0142a\u015bciwa kolejno\u015b\u0107 pakowania walizki<span class=\"ez-toc-section-end\"><\/span><\/h2>\n\n\n\n<p>Pakowanie walizki mo\u017ce by\u0107 zar\u00f3wno sztuk\u0105, jak i nauk\u0105. Wyb\u00f3r w\u0142a\u015bciwej kolejno\u015bci i zastosowanie pewnych trik\u00f3w mo\u017ce znacznie u\u0142atwi\u0107 proces, pomagaj\u0105c zachowa\u0107 porz\u0105dek, zmaksymalizowa\u0107 przestrze\u0144 i zminimalizowa\u0107 zagniecenia.<\/p>\n\n\n\n<p>Umie\u015b\u0107 ci\u0119\u017csze i wi\u0119ksze przedmioty, takie jak buty czy spodnie, na dnie walizki. To pomo\u017ce utrzyma\u0107 stabilno\u015b\u0107 i r\u00f3wnowag\u0119. Zwini\u0119te ubrania, kt\u00f3re \u0142atwo si\u0119 zgniot\u0105, umie\u015b\u0107 na wierzchu, by unikn\u0105\u0107 zagniece\u0144. Mo\u017cesz tak\u017ce wykorzysta\u0107 worki foliowe, o kt\u00f3rych wspomnimy p\u00f3\u017aniej, do zabezpieczenia delikatnych tkanin.<\/p>\n\n\n\r\n<div class=\"product-block-container swiper mySwiperProductBlock\">\r\n    <div class=\"product-block-swiper swiper-wrapper\">\r\n                    <div class=\"swiper-slide product-block-item\" data-id=\"147253\">\r\n                <a href=\"https:\/\/bialcon.pl\/szare-luzne-spodnie-w-brazowa-kratke?utm_source=blog&utm_medium=poradystylistki&utm_campaign=010621\" class=\"product-block-url\" target=\"_blank\">\r\n                    <div class=\"product-block-image\">\r\n                        <img decoding=\"async\" width=\"300\" height=\"400\" src=\"https:\/\/bialcon.pl\/picture\/szare-luzne-spodnie-w-brazowa-kratke_1.jpg\" alt=\"Szare lu\u017ane spodnie w br\u0105zow\u0105 kratk\u0119\">\r\n                    <\/div>\r\n                    <div class=\"product-block-name\">\r\n                        <p>Szare lu\u017ane spodnie w br\u0105zow\u0105 kratk\u0119<\/p>\r\n                    <\/div>\r\n                <\/a>\r\n            <\/div>\r\n                    <div class=\"swiper-slide product-block-item\" data-id=\"146153\">\r\n                <a href=\"https:\/\/bialcon.pl\/szerokie-luzne-spodnie-w-kratke-z-elastyczna-talia?utm_source=blog&utm_medium=poradystylistki&utm_campaign=010621\" class=\"product-block-url\" target=\"_blank\">\r\n                    <div class=\"product-block-image\">\r\n                        <img decoding=\"async\" width=\"300\" height=\"400\" src=\"https:\/\/bialcon.pl\/picture\/szerokie-luzne-spodnie-w-kratke-z-elastyczna-talia_1.jpg\" alt=\"Szerokie lu\u017ane spodnie w kratk\u0119 z elastyczn\u0105 tali\u0105\">\r\n                    <\/div>\r\n                    <div class=\"product-block-name\">\r\n                        <p>Szerokie lu\u017ane spodnie w kratk\u0119 z elastyczn\u0105 tali\u0105<\/p>\r\n                    <\/div>\r\n                <\/a>\r\n            <\/div>\r\n                    <div class=\"swiper-slide product-block-item\" data-id=\"144738\">\r\n                <a href=\"https:\/\/bialcon.pl\/spodnie-z-tkaniny-w-szkocka-krate?utm_source=blog&utm_medium=poradystylistki&utm_campaign=010621\" class=\"product-block-url\" target=\"_blank\">\r\n                    <div class=\"product-block-image\">\r\n                        <img decoding=\"async\" width=\"300\" height=\"400\" src=\"https:\/\/bialcon.pl\/picture\/spodnie-z-tkaniny-w-szkocka-krate_1.jpg\" alt=\"Spodnie z tkaniny w szkock\u0105 krat\u0119\">\r\n                    <\/div>\r\n                    <div class=\"product-block-name\">\r\n                        <p>Spodnie z tkaniny w szkock\u0105 krat\u0119<\/p>\r\n                    <\/div>\r\n                <\/a>\r\n            <\/div>\r\n            <\/div>\r\n<\/div>\r\n\n\n\n\n<h2 class=\"wp-block-heading\"><span class=\"ez-toc-section\" id=\"Pakowanie_ubran_moze_proste_i_szybkie\"><\/span>Pakowanie ubra\u0144 mo\u017ce proste i szybkie<span class=\"ez-toc-section-end\"><\/span><\/h2>\n\n\n\n<p>Wykorzystaj przestrzenie mi\u0119dzy ubraniami na wierzchu do umieszczenia mniejszych przedmiot\u00f3w, takich jak skarpetki, bielizna czy chustki.<\/p>\n\n\n\n<p>Uk\u0142adaj wierzchnie warstwy ubra\u0144, takie jak bluzki czy koszule, z delikatno\u015bci\u0105, aby unikn\u0105\u0107 ich pogniecenia. Mo\u017cesz tak\u017ce wykorzysta\u0107 specjalne worki na koszule, kt\u00f3re pomog\u0105 utrzyma\u0107 porz\u0105dek.<\/p>\n\n\n\n<h2 class=\"wp-block-heading\"><span class=\"ez-toc-section\" id=\"Worki_kompresyjne_pomoga_w_pakowaniu_walizki\"><\/span>Worki kompresyjne pomog\u0105 w pakowaniu walizki<span class=\"ez-toc-section-end\"><\/span><\/h2>\n\n\n\n<p>Worki kompresyjne to kolejna opcja, kt\u00f3ra umo\u017cliwia usuni\u0119cie nadmiaru powietrza z opakowa\u0144, pozostawiaj\u0105c tylko same ubrania. To \u015bwietny spos\u00f3b na zaoszcz\u0119dzenie przestrzeni.<\/p>\n\n\n\n<p>Je\u015bli planujesz zakupy podczas podr\u00f3\u017cy, pozostaw miejsce na ewentualne nowe nabytki. Je\u015bli zabierasz ze sob\u0105 niewielk\u0105 dodatkow\u0105 torb\u0119, mo\u017cesz \u0142atwo dostosowa\u0107 si\u0119 do zmian w planach.<\/p>\n\n\n\r\n<div class=\"product-block-container swiper mySwiperProductBlock\">\r\n    <div class=\"product-block-swiper swiper-wrapper\">\r\n                    <div class=\"swiper-slide product-block-item\" data-id=\"147699\">\r\n                <a href=\"https:\/\/bialcon.pl\/rozkloszowana-spodnica-w-kwiaty-z-dzianiny-wiskozowej?utm_source=blog&utm_medium=poradystylistki&utm_campaign=010621\" class=\"product-block-url\" target=\"_blank\">\r\n                    <div class=\"product-block-image\">\r\n                        <img decoding=\"async\" width=\"300\" height=\"400\" src=\"https:\/\/bialcon.pl\/picture\/rozkloszowana-spodnica-w-kwiaty-z-dzianiny-wiskozowej.jpg\" alt=\"Rozkloszowana sp\u00f3dnica w kwiaty z dzianiny wiskozowej\">\r\n                    <\/div>\r\n                    <div class=\"product-block-name\">\r\n                        <p>Rozkloszowana sp\u00f3dnica w kwiaty z dzianiny wiskozowej<\/p>\r\n                    <\/div>\r\n                <\/a>\r\n            <\/div>\r\n                    <div class=\"swiper-slide product-block-item\" data-id=\"147765\">\r\n                <a href=\"https:\/\/bialcon.pl\/trapezowa-wzorzysta-spodnica-z-rozcieciem-z-przodu?utm_source=blog&utm_medium=poradystylistki&utm_campaign=010621\" class=\"product-block-url\" target=\"_blank\">\r\n                    <div class=\"product-block-image\">\r\n                        <img decoding=\"async\" width=\"300\" height=\"400\" src=\"https:\/\/bialcon.pl\/picture\/trapezowa-wzorzysta-spodnica-z-rozporkiem-na-nodze.jpg\" alt=\"Trapezowa wzorzysta sp\u00f3dnica z rozci\u0119ciem z przodu\">\r\n                    <\/div>\r\n                    <div class=\"product-block-name\">\r\n                        <p>Trapezowa wzorzysta sp\u00f3dnica z rozci\u0119ciem z przodu<\/p>\r\n                    <\/div>\r\n                <\/a>\r\n            <\/div>\r\n                    <div class=\"swiper-slide product-block-item\" data-id=\"147766\">\r\n                <a href=\"https:\/\/bialcon.pl\/letnia-wiskozowa-spodnica-w-brazowe-kwiaty?utm_source=blog&utm_medium=poradystylistki&utm_campaign=010621\" class=\"product-block-url\" target=\"_blank\">\r\n                    <div class=\"product-block-image\">\r\n                        <img decoding=\"async\" width=\"300\" height=\"400\" src=\"https:\/\/bialcon.pl\/picture\/letnia-wiskozowa-spodnica-w-brazowe-kwiaty.jpg\" alt=\"Letnia wiskozowa sp\u00f3dnica w br\u0105zowe kwiaty\">\r\n                    <\/div>\r\n                    <div class=\"product-block-name\">\r\n                        <p>Letnia wiskozowa sp\u00f3dnica w br\u0105zowe kwiaty<\/p>\r\n                    <\/div>\r\n                <\/a>\r\n            <\/div>\r\n            <\/div>\r\n<\/div>\r\n\n\n\n\n<h2 class=\"wp-block-heading\"><span class=\"ez-toc-section\" id=\"Woreczki_strunowe_saszetka_zapachowa_i_odblaskowa_sznurowka\"><\/span>Woreczki strunowe, saszetka zapachowa i odblaskowa sznur\u00f3wka<span class=\"ez-toc-section-end\"><\/span><\/h2>\n\n\n\n<p>Spakowane ubrania, kt\u00f3re sprytnie zabezpieczy\u0142a\u015b przed pognieceniem, mog\u0105 nie przetrwa\u0107 w tym stanie podr\u00f3\u017cy, je\u015bli zostan\u0105 pobrudzone kosmetykami i szamponem. Wszystkie kosmetyki w formie p\u0142ynnej oraz sypkiej w\u0142\u00f3\u017c do woreczk\u00f3w strunowych i dok\u0142adnie zamknij. Tak samo zr\u00f3b z \u017celem pod prysznic, szamponem, balsamem do cia\u0142a czy olejkiem do opalania. W ten spos\u00f3b minimalizujesz ryzyko rozlania si\u0119 tych produkt\u00f3w na ubraniach, a co za tym idzie \u2013 konieczno\u015bci prania ich tu\u017c po przyje\u017adzie na miejsce docelowe.&nbsp;<\/p>\n\n\n\n<h2 class=\"wp-block-heading\"><span class=\"ez-toc-section\" id=\"Jak_spakowac_walizke_i_cieszyc_sie_swiezoscia_ubran_nawet_po_dlugiej_podrozy\"><\/span>Jak spakowa\u0107 walizk\u0119 i cieszy\u0107 si\u0119 \u015bwie\u017co\u015bci\u0105 ubra\u0144 nawet po d\u0142ugiej podr\u00f3\u017cy?<span class=\"ez-toc-section-end\"><\/span><\/h2>\n\n\n\n<p>Do walizki mo\u017cesz w\u0142o\u017cy\u0107 tak\u017ce saszetk\u0119 zapachow\u0105 z ulubionym aromatem. Dzi\u0119ki temu nawet po wielogodzinnej&nbsp; podr\u00f3\u017cy twoje ubrania b\u0119d\u0105 pachn\u0105ce i \u015bwie\u017ce. Nie zapomnij tak\u017ce oznaczy\u0107 swoj\u0105 walizk\u0119 tak, aby szybko m\u00f3c odnale\u017a\u0107 j\u0105 na pasie baga\u017cowym. Sposob\u00f3w na oznakowanie walizki, opr\u00f3cz naturalnie kupienia takiej, kt\u00f3ra ma charakterystyczny wz\u00f3r, jest wiele. Niekt\u00f3rzy przywi\u0105zuj\u0105 do nich wst\u0105\u017ceczki w ulubionym kolorze, inni korzystaj\u0105 ze sporej wielko\u015bci naklejek, a jeszcze inni \u2013 z odblaskowych sznur\u00f3wek do but\u00f3w.&nbsp;<\/p>\n\n\n\n<h2 class=\"wp-block-heading\"><span class=\"ez-toc-section\" id=\"Zainwestuj_w_organizery_do_walizki\"><\/span>Zainwestuj w organizery do walizki<span class=\"ez-toc-section-end\"><\/span><\/h2>\n\n\n\n<p>Organizery do walizki to \u015bwietne narz\u0119dzie, kt\u00f3re pozwala na uporz\u0105dkowanie r\u00f3\u017cnych kategorii rzeczy. Mo\u017cesz u\u017cy\u0107 ich do przechowywania bielizny, skarpetek, kosmetyk\u00f3w czy elektroniki. Dzi\u0119ki nim walizka b\u0119dzie bardziej zorganizowana, a Ty szybciej znajdziesz to, czego potrzebujesz.<\/p>\n\n\n\n<h2 class=\"wp-block-heading\"><span class=\"ez-toc-section\" id=\"Zabezpiecz_przedmioty_delikatne_workami_folii_babelkowej\"><\/span>Zabezpiecz przedmioty delikatne workami folii b\u0105belkowej<span class=\"ez-toc-section-end\"><\/span><\/h2>\n\n\n\n<p>Je\u015bli masz ze sob\u0105 rzeczy delikatne, takie jak szk\u0142o czy porcelana, zabezpiecz je workami folii b\u0105belkowej. Woreczki strunowe mog\u0105 r\u00f3wnie\u017c spe\u0142nia\u0107 t\u0119 funkcj\u0119, chroni\u0105c przedmioty przed potencjalnymi uszkodzeniami.<\/p>\n\n\n\n<h2 class=\"wp-block-heading\"><span class=\"ez-toc-section\" id=\"Przygotuj_torbe_na_brudna_odziez\"><\/span>Przygotuj torb\u0119 na brudn\u0105 odzie\u017c<span class=\"ez-toc-section-end\"><\/span><\/h2>\n\n\n\n<p>Zawsze przydatne jest mie\u0107 ze sob\u0105 torb\u0119 na brudn\u0105 odzie\u017c. W ten spos\u00f3b utrzymasz czysto\u015b\u0107 w walizce i \u0142atwiej b\u0119dzie Ci zadba\u0107 o pranie po powrocie.<\/p>\n\n\n\n<p><strong>Pakowanie walizki wcale nie musi by\u0107 stresuj\u0105ce. Planujesz wakacje nad morzem, w g\u00f3rach czy nad jeziorem? Niezale\u017cnie od kierunku podr\u00f3\u017cy zabierz ze sob\u0105 ubrania, kt\u00f3re s\u0105 nie tylko modne, ale tak\u017ce uszyte z wysokiej jako\u015bci tkanin. Znajdziesz je w sklepie internetowym Bialcon oraz w sklepach stacjonarnych marki.<\/strong><\/p>\n\n\n\n<p><\/p>\n","protected":false},"excerpt":{"rendered":"<p>Jakie ubrania spakowa\u0107 na wakacje i jak posk\u0142ada\u0107 je tak, \u017ceby nie pogniot\u0142y si\u0119 w trakcie podr\u00f3\u017cy? Te pytania pojawiaj\u0105 si\u0119 ka\u017cdego roku podczas przygotowywania wakacyjnej wyprawki. Na szcz\u0119\u015bcie istniej\u0105 sprawdzone sposoby na sk\u0142adanie ubra\u0144 w walizce, dzi\u0119ki kt\u00f3rym po przyje\u017adzie na miejsce odpoczynku b\u0119d\u0105 one w idealnym stanie. Przedstawiamy kilka najpopularniejszych sposob\u00f3w na sk\u0142adanie [&hellip;]<\/p>\n","protected":false},"author":8,"featured_media":12266,"comment_status":"closed","ping_status":"open","sticky":false,"template":"","format":"standard","meta":{"_acf_changed":false,"site-sidebar-layout":"default","site-content-layout":"default","ast-site-content-layout":"default","site-content-style":"default","site-sidebar-style":"default","ast-global-header-display":"","ast-banner-title-visibility":"","ast-main-header-display":"","ast-hfb-above-header-display":"","ast-hfb-below-header-display":"","ast-hfb-mobile-header-display":"","site-post-title":"","ast-breadcrumbs-content":"","ast-featured-img":"","footer-sml-layout":"","theme-transparent-header-meta":"default","adv-header-id-meta":"","stick-header-meta":"","header-above-stick-meta":"","header-main-stick-meta":"","header-below-stick-meta":"","astra-migrate-meta-layouts":"set","ast-page-background-enabled":"default","ast-page-background-meta":{"desktop":{"background-color":"","background-image":"","background-repeat":"repeat","background-position":"center center","background-size":"auto","background-attachment":"scroll","background-type":"","background-media":"","overlay-type":"","overlay-color":"","overlay-opacity":"","overlay-gradient":""},"tablet":{"background-color":"","background-image":"","background-repeat":"repeat","background-position":"center center","background-size":"auto","background-attachment":"scroll","background-type":"","background-media":"","overlay-type":"","overlay-color":"","overlay-opacity":"","overlay-gradient":""},"mobile":{"background-color":"","background-image":"","background-repeat":"repeat","background-position":"center center","background-size":"auto","background-attachment":"scroll","background-type":"","background-media":"","overlay-type":"","overlay-color":"","overlay-opacity":"","overlay-gradient":""}},"ast-content-background-meta":{"desktop":{"background-color":"var(--ast-global-color-5)","background-image":"","background-repeat":"repeat","background-position":"center center","background-size":"auto","background-attachment":"scroll","background-type":"","background-media":"","overlay-type":"","overlay-color":"","overlay-opacity":"","overlay-gradient":""},"tablet":{"background-color":"var(--ast-global-color-5)","background-image":"","background-repeat":"repeat","background-position":"center center","background-size":"auto","background-attachment":"scroll","background-type":"","background-media":"","overlay-type":"","overlay-color":"","overlay-opacity":"","overlay-gradient":""},"mobile":{"background-color":"var(--ast-global-color-5)","background-image":"","background-repeat":"repeat","background-position":"center center","background-size":"auto","background-attachment":"scroll","background-type":"","background-media":"","overlay-type":"","overlay-color":"","overlay-opacity":"","overlay-gradient":""}},"footnotes":""},"categories":[10,14],"tags":[],"class_list":["post-1995","post","type-post","status-publish","format-standard","has-post-thumbnail","hentry","category-porady-stylistki","category-wszystkie-wpisy"],"acf":[],"yoast_head":"<!-- This site is optimized with the Yoast SEO plugin v27.4 - https:\/\/yoast.com\/product\/yoast-seo-wordpress\/ -->\n<title>Jak spakowa\u0107 ubrania do walizki, \u017ceby si\u0119 nie pogniot\u0142y? - Bialcon<\/title>\n<meta name=\"description\" content=\"Jak spakowa\u0107 ubrania do walizki, \u017ceby si\u0119 nie pogniot\u0142y? 5 pro tip\u00f3w jak spakowa\u0107 walizk\u0119 na wakacyjny wyjazd.\" \/>\n<meta name=\"robots\" content=\"index, follow, max-snippet:-1, max-image-preview:large, max-video-preview:-1\" \/>\n<link rel=\"canonical\" href=\"https:\/\/bialcon.pl\/blog\/jak-spakowac-ubrania-do-walizki\/\" \/>\n<meta name=\"twitter:label1\" content=\"Napisane przez\" \/>\n\t<meta name=\"twitter:data1\" content=\"Marta Osuch\" \/>\n\t<meta name=\"twitter:label2\" content=\"Szacowany czas czytania\" \/>\n\t<meta name=\"twitter:data2\" content=\"9 minut\" \/>\n<script type=\"application\/ld+json\" class=\"yoast-schema-graph\">{\"@context\":\"https:\\\/\\\/schema.org\",\"@graph\":[{\"@type\":\"Article\",\"@id\":\"https:\\\/\\\/bialcon.pl\\\/blog\\\/jak-spakowac-ubrania-do-walizki\\\/#article\",\"isPartOf\":{\"@id\":\"https:\\\/\\\/bialcon.pl\\\/blog\\\/jak-spakowac-ubrania-do-walizki\\\/\"},\"author\":{\"name\":\"Marta Osuch\",\"@id\":\"https:\\\/\\\/bialcon.pl\\\/blog\\\/#\\\/schema\\\/person\\\/d607966042d507bd761f9e2cab07df62\"},\"headline\":\"Jak spakowa\u0107 ubrania do walizki, \u017ceby si\u0119 nie pogniot\u0142y?\",\"datePublished\":\"2021-06-01T10:34:00+00:00\",\"dateModified\":\"2025-11-17T10:27:11+00:00\",\"mainEntityOfPage\":{\"@id\":\"https:\\\/\\\/bialcon.pl\\\/blog\\\/jak-spakowac-ubrania-do-walizki\\\/\"},\"wordCount\":1768,\"image\":{\"@id\":\"https:\\\/\\\/bialcon.pl\\\/blog\\\/jak-spakowac-ubrania-do-walizki\\\/#primaryimage\"},\"thumbnailUrl\":\"https:\\\/\\\/bialcon.pl\\\/blog\\\/wp-content\\\/uploads\\\/2021\\\/06\\\/Projekt-bez-nazwy-31.png\",\"articleSection\":[\"Porady Stylistki\",\"Wszystkie wpisy\"],\"inLanguage\":\"pl-PL\"},{\"@type\":\"WebPage\",\"@id\":\"https:\\\/\\\/bialcon.pl\\\/blog\\\/jak-spakowac-ubrania-do-walizki\\\/\",\"url\":\"https:\\\/\\\/bialcon.pl\\\/blog\\\/jak-spakowac-ubrania-do-walizki\\\/\",\"name\":\"Jak spakowa\u0107 ubrania do walizki, \u017ceby si\u0119 nie pogniot\u0142y? - Bialcon\",\"isPartOf\":{\"@id\":\"https:\\\/\\\/bialcon.pl\\\/blog\\\/#website\"},\"primaryImageOfPage\":{\"@id\":\"https:\\\/\\\/bialcon.pl\\\/blog\\\/jak-spakowac-ubrania-do-walizki\\\/#primaryimage\"},\"image\":{\"@id\":\"https:\\\/\\\/bialcon.pl\\\/blog\\\/jak-spakowac-ubrania-do-walizki\\\/#primaryimage\"},\"thumbnailUrl\":\"https:\\\/\\\/bialcon.pl\\\/blog\\\/wp-content\\\/uploads\\\/2021\\\/06\\\/Projekt-bez-nazwy-31.png\",\"datePublished\":\"2021-06-01T10:34:00+00:00\",\"dateModified\":\"2025-11-17T10:27:11+00:00\",\"author\":{\"@id\":\"https:\\\/\\\/bialcon.pl\\\/blog\\\/#\\\/schema\\\/person\\\/d607966042d507bd761f9e2cab07df62\"},\"description\":\"Jak spakowa\u0107 ubrania do walizki, \u017ceby si\u0119 nie pogniot\u0142y? 5 pro tip\u00f3w jak spakowa\u0107 walizk\u0119 na wakacyjny wyjazd.\",\"breadcrumb\":{\"@id\":\"https:\\\/\\\/bialcon.pl\\\/blog\\\/jak-spakowac-ubrania-do-walizki\\\/#breadcrumb\"},\"inLanguage\":\"pl-PL\",\"potentialAction\":[{\"@type\":\"ReadAction\",\"target\":[\"https:\\\/\\\/bialcon.pl\\\/blog\\\/jak-spakowac-ubrania-do-walizki\\\/\"]}]},{\"@type\":\"ImageObject\",\"inLanguage\":\"pl-PL\",\"@id\":\"https:\\\/\\\/bialcon.pl\\\/blog\\\/jak-spakowac-ubrania-do-walizki\\\/#primaryimage\",\"url\":\"https:\\\/\\\/bialcon.pl\\\/blog\\\/wp-content\\\/uploads\\\/2021\\\/06\\\/Projekt-bez-nazwy-31.png\",\"contentUrl\":\"https:\\\/\\\/bialcon.pl\\\/blog\\\/wp-content\\\/uploads\\\/2021\\\/06\\\/Projekt-bez-nazwy-31.png\",\"width\":960,\"height\":850,\"caption\":\"Wizualizacja kobiety w br\u0105zowym dresowym komplecie\"},{\"@type\":\"BreadcrumbList\",\"@id\":\"https:\\\/\\\/bialcon.pl\\\/blog\\\/jak-spakowac-ubrania-do-walizki\\\/#breadcrumb\",\"itemListElement\":[{\"@type\":\"ListItem\",\"position\":1,\"name\":\"Strona g\u0142\u00f3wna\",\"item\":\"https:\\\/\\\/bialcon.pl\\\/blog\\\/\"},{\"@type\":\"ListItem\",\"position\":2,\"name\":\"Porady Stylistki\",\"item\":\"https:\\\/\\\/bialcon.pl\\\/blog\\\/porady-stylistki\\\/\"},{\"@type\":\"ListItem\",\"position\":3,\"name\":\"Jak spakowa\u0107 ubrania do walizki, \u017ceby si\u0119 nie pogniot\u0142y?\"}]},{\"@type\":\"WebSite\",\"@id\":\"https:\\\/\\\/bialcon.pl\\\/blog\\\/#website\",\"url\":\"https:\\\/\\\/bialcon.pl\\\/blog\\\/\",\"name\":\"bialcon.pl\\\/blog\\\/\",\"description\":\"Fashion Blog w zasi\u0119gu Twojej r\u0119ki\",\"potentialAction\":[{\"@type\":\"SearchAction\",\"target\":{\"@type\":\"EntryPoint\",\"urlTemplate\":\"https:\\\/\\\/bialcon.pl\\\/blog\\\/?s={search_term_string}\"},\"query-input\":{\"@type\":\"PropertyValueSpecification\",\"valueRequired\":true,\"valueName\":\"search_term_string\"}}],\"inLanguage\":\"pl-PL\"},{\"@type\":\"Person\",\"@id\":\"https:\\\/\\\/bialcon.pl\\\/blog\\\/#\\\/schema\\\/person\\\/d607966042d507bd761f9e2cab07df62\",\"name\":\"Marta Osuch\",\"image\":{\"@type\":\"ImageObject\",\"inLanguage\":\"pl-PL\",\"@id\":\"https:\\\/\\\/secure.gravatar.com\\\/avatar\\\/e92ecceaeb1c6e5e7cf1d28eb4215cad69403014f340b8f5b576adf09b89be60?s=96&d=mm&r=g\",\"url\":\"https:\\\/\\\/secure.gravatar.com\\\/avatar\\\/e92ecceaeb1c6e5e7cf1d28eb4215cad69403014f340b8f5b576adf09b89be60?s=96&d=mm&r=g\",\"contentUrl\":\"https:\\\/\\\/secure.gravatar.com\\\/avatar\\\/e92ecceaeb1c6e5e7cf1d28eb4215cad69403014f340b8f5b576adf09b89be60?s=96&d=mm&r=g\",\"caption\":\"Marta Osuch\"},\"description\":\"Z wykszta\u0142cenia specjalistka ds. bezpiecze\u0144stwa narodowego, z pasji \u2014 tw\u00f3rczyni tre\u015bci i mi\u0142o\u015bniczka mody. Na co dzie\u0144 \u0142\u0105czy zami\u0142owanie do content marketingu z uwa\u017cn\u0105 obserwacj\u0105 trend\u00f3w, szczeg\u00f3lnie tych inspirowanych stylem najwi\u0119kszych gwiazd. Ch\u0119tnie podpatruje codzienne stylizacje i przek\u0142ada je na mod\u0119 blisk\u0105 \u017cyciu \u2014 kobiec\u0105, stylow\u0105 i pe\u0142n\u0105 charakteru. Prywatnie najch\u0119tniej si\u0119ga po krymina\u0142y i sp\u0119dza czas na spacerach z synkiem.\",\"sameAs\":[\"https:\\\/\\\/www.linkedin.com\\\/in\\\/marta-osuch-b71aa8186\\\/\"],\"url\":\"https:\\\/\\\/bialcon.pl\\\/blog\\\/author\\\/martao\\\/\"}]}<\/script>\n<!-- \/ Yoast SEO plugin. -->","yoast_head_json":{"title":"Jak spakowa\u0107 ubrania do walizki, \u017ceby si\u0119 nie pogniot\u0142y? - Bialcon","description":"Jak spakowa\u0107 ubrania do walizki, \u017ceby si\u0119 nie pogniot\u0142y? 5 pro tip\u00f3w jak spakowa\u0107 walizk\u0119 na wakacyjny wyjazd.","robots":{"index":"index","follow":"follow","max-snippet":"max-snippet:-1","max-image-preview":"max-image-preview:large","max-video-preview":"max-video-preview:-1"},"canonical":"https:\/\/bialcon.pl\/blog\/jak-spakowac-ubrania-do-walizki\/","twitter_misc":{"Napisane przez":"Marta Osuch","Szacowany czas czytania":"9 minut"},"schema":{"@context":"https:\/\/schema.org","@graph":[{"@type":"Article","@id":"https:\/\/bialcon.pl\/blog\/jak-spakowac-ubrania-do-walizki\/#article","isPartOf":{"@id":"https:\/\/bialcon.pl\/blog\/jak-spakowac-ubrania-do-walizki\/"},"author":{"name":"Marta Osuch","@id":"https:\/\/bialcon.pl\/blog\/#\/schema\/person\/d607966042d507bd761f9e2cab07df62"},"headline":"Jak spakowa\u0107 ubrania do walizki, \u017ceby si\u0119 nie pogniot\u0142y?","datePublished":"2021-06-01T10:34:00+00:00","dateModified":"2025-11-17T10:27:11+00:00","mainEntityOfPage":{"@id":"https:\/\/bialcon.pl\/blog\/jak-spakowac-ubrania-do-walizki\/"},"wordCount":1768,"image":{"@id":"https:\/\/bialcon.pl\/blog\/jak-spakowac-ubrania-do-walizki\/#primaryimage"},"thumbnailUrl":"https:\/\/bialcon.pl\/blog\/wp-content\/uploads\/2021\/06\/Projekt-bez-nazwy-31.png","articleSection":["Porady Stylistki","Wszystkie wpisy"],"inLanguage":"pl-PL"},{"@type":"WebPage","@id":"https:\/\/bialcon.pl\/blog\/jak-spakowac-ubrania-do-walizki\/","url":"https:\/\/bialcon.pl\/blog\/jak-spakowac-ubrania-do-walizki\/","name":"Jak spakowa\u0107 ubrania do walizki, \u017ceby si\u0119 nie pogniot\u0142y? - Bialcon","isPartOf":{"@id":"https:\/\/bialcon.pl\/blog\/#website"},"primaryImageOfPage":{"@id":"https:\/\/bialcon.pl\/blog\/jak-spakowac-ubrania-do-walizki\/#primaryimage"},"image":{"@id":"https:\/\/bialcon.pl\/blog\/jak-spakowac-ubrania-do-walizki\/#primaryimage"},"thumbnailUrl":"https:\/\/bialcon.pl\/blog\/wp-content\/uploads\/2021\/06\/Projekt-bez-nazwy-31.png","datePublished":"2021-06-01T10:34:00+00:00","dateModified":"2025-11-17T10:27:11+00:00","author":{"@id":"https:\/\/bialcon.pl\/blog\/#\/schema\/person\/d607966042d507bd761f9e2cab07df62"},"description":"Jak spakowa\u0107 ubrania do walizki, \u017ceby si\u0119 nie pogniot\u0142y? 5 pro tip\u00f3w jak spakowa\u0107 walizk\u0119 na wakacyjny wyjazd.","breadcrumb":{"@id":"https:\/\/bialcon.pl\/blog\/jak-spakowac-ubrania-do-walizki\/#breadcrumb"},"inLanguage":"pl-PL","potentialAction":[{"@type":"ReadAction","target":["https:\/\/bialcon.pl\/blog\/jak-spakowac-ubrania-do-walizki\/"]}]},{"@type":"ImageObject","inLanguage":"pl-PL","@id":"https:\/\/bialcon.pl\/blog\/jak-spakowac-ubrania-do-walizki\/#primaryimage","url":"https:\/\/bialcon.pl\/blog\/wp-content\/uploads\/2021\/06\/Projekt-bez-nazwy-31.png","contentUrl":"https:\/\/bialcon.pl\/blog\/wp-content\/uploads\/2021\/06\/Projekt-bez-nazwy-31.png","width":960,"height":850,"caption":"Wizualizacja kobiety w br\u0105zowym dresowym komplecie"},{"@type":"BreadcrumbList","@id":"https:\/\/bialcon.pl\/blog\/jak-spakowac-ubrania-do-walizki\/#breadcrumb","itemListElement":[{"@type":"ListItem","position":1,"name":"Strona g\u0142\u00f3wna","item":"https:\/\/bialcon.pl\/blog\/"},{"@type":"ListItem","position":2,"name":"Porady Stylistki","item":"https:\/\/bialcon.pl\/blog\/porady-stylistki\/"},{"@type":"ListItem","position":3,"name":"Jak spakowa\u0107 ubrania do walizki, \u017ceby si\u0119 nie pogniot\u0142y?"}]},{"@type":"WebSite","@id":"https:\/\/bialcon.pl\/blog\/#website","url":"https:\/\/bialcon.pl\/blog\/","name":"bialcon.pl\/blog\/","description":"Fashion Blog w zasi\u0119gu Twojej r\u0119ki","potentialAction":[{"@type":"SearchAction","target":{"@type":"EntryPoint","urlTemplate":"https:\/\/bialcon.pl\/blog\/?s={search_term_string}"},"query-input":{"@type":"PropertyValueSpecification","valueRequired":true,"valueName":"search_term_string"}}],"inLanguage":"pl-PL"},{"@type":"Person","@id":"https:\/\/bialcon.pl\/blog\/#\/schema\/person\/d607966042d507bd761f9e2cab07df62","name":"Marta Osuch","image":{"@type":"ImageObject","inLanguage":"pl-PL","@id":"https:\/\/secure.gravatar.com\/avatar\/e92ecceaeb1c6e5e7cf1d28eb4215cad69403014f340b8f5b576adf09b89be60?s=96&d=mm&r=g","url":"https:\/\/secure.gravatar.com\/avatar\/e92ecceaeb1c6e5e7cf1d28eb4215cad69403014f340b8f5b576adf09b89be60?s=96&d=mm&r=g","contentUrl":"https:\/\/secure.gravatar.com\/avatar\/e92ecceaeb1c6e5e7cf1d28eb4215cad69403014f340b8f5b576adf09b89be60?s=96&d=mm&r=g","caption":"Marta Osuch"},"description":"Z wykszta\u0142cenia specjalistka ds. bezpiecze\u0144stwa narodowego, z pasji \u2014 tw\u00f3rczyni tre\u015bci i mi\u0142o\u015bniczka mody. Na co dzie\u0144 \u0142\u0105czy zami\u0142owanie do content marketingu z uwa\u017cn\u0105 obserwacj\u0105 trend\u00f3w, szczeg\u00f3lnie tych inspirowanych stylem najwi\u0119kszych gwiazd. Ch\u0119tnie podpatruje codzienne stylizacje i przek\u0142ada je na mod\u0119 blisk\u0105 \u017cyciu \u2014 kobiec\u0105, stylow\u0105 i pe\u0142n\u0105 charakteru. Prywatnie najch\u0119tniej si\u0119ga po krymina\u0142y i sp\u0119dza czas na spacerach z synkiem.","sameAs":["https:\/\/www.linkedin.com\/in\/marta-osuch-b71aa8186\/"],"url":"https:\/\/bialcon.pl\/blog\/author\/martao\/"}]}},"_links":{"self":[{"href":"https:\/\/bialcon.pl\/blog\/wp-json\/wp\/v2\/posts\/1995","targetHints":{"allow":["GET"]}}],"collection":[{"href":"https:\/\/bialcon.pl\/blog\/wp-json\/wp\/v2\/posts"}],"about":[{"href":"https:\/\/bialcon.pl\/blog\/wp-json\/wp\/v2\/types\/post"}],"author":[{"embeddable":true,"href":"https:\/\/bialcon.pl\/blog\/wp-json\/wp\/v2\/users\/8"}],"replies":[{"embeddable":true,"href":"https:\/\/bialcon.pl\/blog\/wp-json\/wp\/v2\/comments?post=1995"}],"version-history":[{"count":18,"href":"https:\/\/bialcon.pl\/blog\/wp-json\/wp\/v2\/posts\/1995\/revisions"}],"predecessor-version":[{"id":12422,"href":"https:\/\/bialcon.pl\/blog\/wp-json\/wp\/v2\/posts\/1995\/revisions\/12422"}],"wp:featuredmedia":[{"embeddable":true,"href":"https:\/\/bialcon.pl\/blog\/wp-json\/wp\/v2\/media\/12266"}],"wp:attachment":[{"href":"https:\/\/bialcon.pl\/blog\/wp-json\/wp\/v2\/media?parent=1995"}],"wp:term":[{"taxonomy":"category","embeddable":true,"href":"https:\/\/bialcon.pl\/blog\/wp-json\/wp\/v2\/categories?post=1995"},{"taxonomy":"post_tag","embeddable":true,"href":"https:\/\/bialcon.pl\/blog\/wp-json\/wp\/v2\/tags?post=1995"}],"curies":[{"name":"wp","href":"https:\/\/api.w.org\/{rel}","templated":true}]}}