{"id":12761,"date":"2026-01-15T10:00:00","date_gmt":"2026-01-15T09:00:00","guid":{"rendered":"https:\/\/bialcon.pl\/blog\/?p=12761"},"modified":"2026-04-16T10:51:01","modified_gmt":"2026-04-16T08:51:01","slug":"jak-nosic-kardigan","status":"publish","type":"post","link":"https:\/\/bialcon.pl\/blog\/jak-nosic-kardigan\/","title":{"rendered":"Jak nosi\u0107 kardigan? Stylizacje z kardiganem, kt\u00f3re sprawdz\u0105 si\u0119 na ka\u017cd\u0105 okazj\u0119"},"content":{"rendered":"<div id=\"ez-toc-container\" class=\"ez-toc-v2_0_82_2 counter-hierarchy ez-toc-counter ez-toc-custom ez-toc-container-direction\">\n<div class=\"ez-toc-title-container\"><p class=\"ez-toc-title\" style=\"cursor:inherit\">Spis Tre\u015bci<\/p>\n<\/div><nav><ul class='ez-toc-list ez-toc-list-level-1 ' ><li class='ez-toc-page-1 ez-toc-heading-level-2'><a class=\"ez-toc-link ez-toc-heading-1\" href=\"https:\/\/bialcon.pl\/blog\/jak-nosic-kardigan\/#Kardigan_stylizacje_jako_fundament_kobiecej_szafy\" >Kardigan stylizacje jako fundament kobiecej szafy<\/a><\/li><li class='ez-toc-page-1 ez-toc-heading-level-2'><a class=\"ez-toc-link ez-toc-heading-2\" href=\"https:\/\/bialcon.pl\/blog\/jak-nosic-kardigan\/#Kardigan_stylizacje_a_sylwetka_%E2%80%93_jak_nosic_kardigan_bez_efektu_ciezkosci\" >Kardigan stylizacje a sylwetka \u2013 jak nosi\u0107 kardigan bez efektu ci\u0119\u017cko\u015bci<\/a><\/li><li class='ez-toc-page-1 ez-toc-heading-level-2'><a class=\"ez-toc-link ez-toc-heading-3\" href=\"https:\/\/bialcon.pl\/blog\/jak-nosic-kardigan\/#Kardigan_stylizacje_z_dlugim_fasonem\" >Kardigan stylizacje z d\u0142ugim fasonem<\/a><\/li><li class='ez-toc-page-1 ez-toc-heading-level-2'><a class=\"ez-toc-link ez-toc-heading-4\" href=\"https:\/\/bialcon.pl\/blog\/jak-nosic-kardigan\/#Kardigan_stylizacje_do_pracy\" >Kardigan stylizacje do pracy<\/a><\/li><li class='ez-toc-page-1 ez-toc-heading-level-2'><a class=\"ez-toc-link ez-toc-heading-5\" href=\"https:\/\/bialcon.pl\/blog\/jak-nosic-kardigan\/#Kardigan_stylizacje_casualowe_na_co_dzien\" >Kardigan stylizacje casualowe na co dzie\u0144<\/a><\/li><li class='ez-toc-page-1 ez-toc-heading-level-2'><a class=\"ez-toc-link ez-toc-heading-6\" href=\"https:\/\/bialcon.pl\/blog\/jak-nosic-kardigan\/#Kardigan_stylizacje_z_jeansami\" >Kardigan stylizacje z jeansami<\/a><\/li><li class='ez-toc-page-1 ez-toc-heading-level-2'><a class=\"ez-toc-link ez-toc-heading-7\" href=\"https:\/\/bialcon.pl\/blog\/jak-nosic-kardigan\/#Kardigan_stylizacje_ze_spodnicami\" >Kardigan stylizacje ze sp\u00f3dnicami<\/a><\/li><li class='ez-toc-page-1 ez-toc-heading-level-2'><a class=\"ez-toc-link ez-toc-heading-8\" href=\"https:\/\/bialcon.pl\/blog\/jak-nosic-kardigan\/#Kardigan_stylizacje_z_sukienkami\" >Kardigan stylizacje z sukienkami<\/a><\/li><li class='ez-toc-page-1 ez-toc-heading-level-2'><a class=\"ez-toc-link ez-toc-heading-9\" href=\"https:\/\/bialcon.pl\/blog\/jak-nosic-kardigan\/#Kardigan_stylizacje_w_stylu_boho\" >Kardigan stylizacje w stylu boho<\/a><\/li><li class='ez-toc-page-1 ez-toc-heading-level-2'><a class=\"ez-toc-link ez-toc-heading-10\" href=\"https:\/\/bialcon.pl\/blog\/jak-nosic-kardigan\/#Kardigan_stylizacje_inspirowane_stylem_retro\" >Kardigan stylizacje inspirowane stylem retro<\/a><\/li><li class='ez-toc-page-1 ez-toc-heading-level-2'><a class=\"ez-toc-link ez-toc-heading-11\" href=\"https:\/\/bialcon.pl\/blog\/jak-nosic-kardigan\/#Kardigan_stylizacje_na_chlodniejsze_dni\" >Kardigan stylizacje na ch\u0142odniejsze dni<\/a><\/li><li class='ez-toc-page-1 ez-toc-heading-level-2'><a class=\"ez-toc-link ez-toc-heading-12\" href=\"https:\/\/bialcon.pl\/blog\/jak-nosic-kardigan\/#Kardigan_stylizacje_z_detalami\" >Kardigan stylizacje z detalami<\/a><\/li><li class='ez-toc-page-1 ez-toc-heading-level-2'><a class=\"ez-toc-link ez-toc-heading-13\" href=\"https:\/\/bialcon.pl\/blog\/jak-nosic-kardigan\/#Kardigan_stylizacje_na_rozne_okazje\" >Kardigan stylizacje na r\u00f3\u017cne okazje<\/a><\/li><li class='ez-toc-page-1 ez-toc-heading-level-2'><a class=\"ez-toc-link ez-toc-heading-14\" href=\"https:\/\/bialcon.pl\/blog\/jak-nosic-kardigan\/#Kardigan_to_absolutny_must_have_w_kobiecej_szafie\" >Kardigan to absolutny must have w kobiecej szafie<\/a><\/li><li class='ez-toc-page-1 ez-toc-heading-level-2'><a class=\"ez-toc-link ez-toc-heading-15\" href=\"https:\/\/bialcon.pl\/blog\/jak-nosic-kardigan\/#FAQ\" >FAQ<\/a><\/li><\/ul><\/nav><\/div>\n\n<p>Kardigan od lat zajmuje wa\u017cne miejsce w kobiecej garderobie i nic nie wskazuje na to, aby mia\u0142 znikn\u0105\u0107 z modowych trend\u00f3w. \u015awiat mody nieustannie udowadnia, \u017ce kardigan damski to jeden z najbardziej uniwersalnych element\u00f3w ubioru. Mo\u017cesz nosi\u0107 go przez ca\u0142y rok, stylizowa\u0107 na wiele sposob\u00f3w i dopasowa\u0107 do niemal ka\u017cdej okazji. Sprawd\u017a, jak nosi\u0107 kardigan, aby wygl\u0105da\u0107 modnie, kobieco i lekko, a jednocze\u015bnie czu\u0107 si\u0119 komfortowo.<\/p>\n\n\n\n<h2 class=\"wp-block-heading\"><span class=\"ez-toc-section\" id=\"Kardigan_stylizacje_jako_fundament_kobiecej_szafy\"><\/span>Kardigan stylizacje jako fundament kobiecej szafy<span class=\"ez-toc-section-end\"><\/span><\/h2>\n\n\n\n<p>W dobrze skomponowanej szafie kardigan pe\u0142ni rol\u0119 \u0142\u0105cznika mi\u0119dzy swetrem a okryciem wierzchnim typu p\u0142aszcz lub kurtka. Jest te\u017c idealny na ch\u0142odniejsze dni, kiedy potrzebujesz dodatkowej warstwy, ale nie chcesz si\u0119ga\u0107 po kurtk\u0119. Kardigany z dzianiny, kaszmiru czy we\u0142niany kardigan doskonale wpisuj\u0105 si\u0119 zar\u00f3wno w casualowych stylizacji, jak i bardziej elegancki look.<\/p>\n\n\n\n<h2 class=\"wp-block-heading\"><span class=\"ez-toc-section\" id=\"Kardigan_stylizacje_a_sylwetka_%E2%80%93_jak_nosic_kardigan_bez_efektu_ciezkosci\"><\/span>Kardigan stylizacje a sylwetka \u2013 jak nosi\u0107 kardigan bez efektu ci\u0119\u017cko\u015bci<span class=\"ez-toc-section-end\"><\/span><\/h2>\n\n\n\n<p>Wiele kobiet obawia si\u0119, \u017ce kardigan doda sylwetce obj\u0119to\u015bci. Tymczasem odpowiednio dobrany fason dzia\u0142a wr\u0119cz odwrotnie. Najlepiej wybiera\u0107 modele w jednolitych kolorach, zapinane na guziki lub noszone rozpi\u0119te. Kardigan z paskiem w talii pi\u0119knie modeluje proporcje. Je\u015bli zale\u017cy Ci na lekko\u015bci, unikaj bardzo grubych splot\u00f3w i postaw na dopasowany kardigan.<\/p>\n\n\n\r\n<div class=\"product-block-container swiper mySwiperProductBlock\">\r\n    <div class=\"product-block-swiper swiper-wrapper\">\r\n                    <div class=\"swiper-slide product-block-item\" data-id=\"146958\">\r\n                <a href=\"https:\/\/bialcon.pl\/szara-narzutka-z-szerokimi-rekawami-z-dodatkiem-welny?utm_source=blog&utm_medium=poradystylistki&utm_campaign=150126\" class=\"product-block-url\" target=\"_blank\">\r\n                    <div class=\"product-block-image\">\r\n                        <img decoding=\"async\" width=\"300\" height=\"400\" src=\"https:\/\/bialcon.pl\/picture\/szara-narzutka-z-szerokimi-rekawami-z-dodatkiem-welny_6.jpg\" alt=\"Szara narzutka z szerokimi r\u0119kawami z dodatkiem we\u0142ny\">\r\n                    <\/div>\r\n                    <div class=\"product-block-name\">\r\n                        <p>Szara narzutka z szerokimi r\u0119kawami z dodatkiem we\u0142ny<\/p>\r\n                    <\/div>\r\n                <\/a>\r\n            <\/div>\r\n                    <div class=\"swiper-slide product-block-item\" data-id=\"146014\">\r\n                <a href=\"https:\/\/bialcon.pl\/jasnobezowa-nietoperzowa-narzutka-z-krotkim-rekawem?utm_source=blog&utm_medium=poradystylistki&utm_campaign=150126\" class=\"product-block-url\" target=\"_blank\">\r\n                    <div class=\"product-block-image\">\r\n                        <img decoding=\"async\" width=\"300\" height=\"400\" src=\"https:\/\/bialcon.pl\/picture\/jasnobezowa-nietoperzowa-narzutka-z-krotkim-rekawem_6.jpg\" alt=\"Jasnobe\u017cowa nietoperzowa narzutka z kr\u00f3tkim r\u0119kawem\">\r\n                    <\/div>\r\n                    <div class=\"product-block-name\">\r\n                        <p>Jasnobe\u017cowa nietoperzowa narzutka z kr\u00f3tkim r\u0119kawem<\/p>\r\n                    <\/div>\r\n                <\/a>\r\n            <\/div>\r\n                    <div class=\"swiper-slide product-block-item\" data-id=\"146015\">\r\n                <a href=\"https:\/\/bialcon.pl\/oliwkowa-nietoperzowa-narzutka-z-krotkim-rekawem?utm_source=blog&utm_medium=poradystylistki&utm_campaign=150126\" class=\"product-block-url\" target=\"_blank\">\r\n                    <div class=\"product-block-image\">\r\n                        <img decoding=\"async\" width=\"300\" height=\"400\" src=\"https:\/\/bialcon.pl\/picture\/oliwkowa-nietoperzowa-narzutka-z-krotkim-rekawem_2.jpg\" alt=\"Oliwkowa nietoperzowa narzutka z kr\u00f3tkim r\u0119kawem\">\r\n                    <\/div>\r\n                    <div class=\"product-block-name\">\r\n                        <p>Oliwkowa nietoperzowa narzutka z kr\u00f3tkim r\u0119kawem<\/p>\r\n                    <\/div>\r\n                <\/a>\r\n            <\/div>\r\n            <\/div>\r\n<\/div>\r\n\n\n\n\n<h2 class=\"wp-block-heading\"><span class=\"ez-toc-section\" id=\"Kardigan_stylizacje_z_dlugim_fasonem\"><\/span>Kardigan stylizacje z d\u0142ugim fasonem<span class=\"ez-toc-section-end\"><\/span><\/h2>\n\n\n\n<p>D\u0142ugi kardigan to jeden z najbardziej stylowych wybor\u00f3w ostatnich sezon\u00f3w. Modele d\u0142ugo\u015bci maxi \u015bwietnie komponuj\u0105 si\u0119 ze spodniami z szerok\u0105 nogawk\u0105, jeansami czy fasonami z wysokim stanem. Mo\u017cesz nosi\u0107 d\u0142ugi kardigan r\u00f3wnie\u017c z niskim stanem, tworz\u0105c bardziej swobodny look inspirowany stylem retro. Nosz\u0105c d\u0142ugi kardigan rozpi\u0119ty, optycznie wysmuklasz sylwetk\u0119.<\/p>\n\n\n\n<h2 class=\"wp-block-heading\"><span class=\"ez-toc-section\" id=\"Kardigan_stylizacje_do_pracy\"><\/span>Kardigan stylizacje do pracy<span class=\"ez-toc-section-end\"><\/span><\/h2>\n\n\n\n<p>W pracy sprawdzaj\u0105 si\u0119 klasyczne i stonowane kardiganowe stylizacje. Elegancki kardigan damski w odcieniach be\u017cu, szaro\u015bci lub granatu mo\u017cesz zestawi\u0107 z koszul\u0105 i spodniami materia\u0142owymi. \u015awietnie wygl\u0105da tak\u017ce w po\u0142\u0105czeniu z o\u0142\u00f3wkow\u0105 sp\u00f3dnic\u0105 lub prost\u0105 sukienk\u0105. Taki outfit jest elegancki, ale nie sztywny, co ma ogromne znaczenie w codziennym biurowym dress codzie.<\/p>\n\n\n\r\n<div class=\"product-block-container swiper mySwiperProductBlock\">\r\n    <div class=\"product-block-swiper swiper-wrapper\">\r\n                    <div class=\"swiper-slide product-block-item\" data-id=\"147337\">\r\n                <a href=\"https:\/\/bialcon.pl\/bezowa-prosta-koszula-z-wiskozy-w-delikatny-wzor?utm_source=blog&utm_medium=poradystylistki&utm_campaign=150126\" class=\"product-block-url\" target=\"_blank\">\r\n                    <div class=\"product-block-image\">\r\n                        <img decoding=\"async\" width=\"300\" height=\"400\" src=\"https:\/\/bialcon.pl\/picture\/bezowa-prosta-koszula-z-wiskozy-w-delikatny-wzor_1.jpg\" alt=\"Be\u017cowa prosta koszula z wiskozy w delikatny wz\u00f3r\">\r\n                    <\/div>\r\n                    <div class=\"product-block-name\">\r\n                        <p>Be\u017cowa prosta koszula z wiskozy w delikatny wz\u00f3r<\/p>\r\n                    <\/div>\r\n                <\/a>\r\n            <\/div>\r\n                    <div class=\"swiper-slide product-block-item\" data-id=\"147439\">\r\n                <a href=\"https:\/\/bialcon.pl\/brazowa-taliowana-koszula-z-bawelny-w-paski?utm_source=blog&utm_medium=poradystylistki&utm_campaign=150126\" class=\"product-block-url\" target=\"_blank\">\r\n                    <div class=\"product-block-image\">\r\n                        <img decoding=\"async\" width=\"300\" height=\"400\" src=\"https:\/\/bialcon.pl\/picture\/brazowa-taliowana-koszula-z-bawelny-w-paski.jpg\" alt=\"Br\u0105zowa taliowana koszula z bawe\u0142ny w paski\">\r\n                    <\/div>\r\n                    <div class=\"product-block-name\">\r\n                        <p>Br\u0105zowa taliowana koszula z bawe\u0142ny w paski<\/p>\r\n                    <\/div>\r\n                <\/a>\r\n            <\/div>\r\n                    <div class=\"swiper-slide product-block-item\" data-id=\"147443\">\r\n                <a href=\"https:\/\/bialcon.pl\/prosta-koszula-z-tkaniny-wiskozowej-w-brazowy-print?utm_source=blog&utm_medium=poradystylistki&utm_campaign=150126\" class=\"product-block-url\" target=\"_blank\">\r\n                    <div class=\"product-block-image\">\r\n                        <img decoding=\"async\" width=\"300\" height=\"400\" src=\"https:\/\/bialcon.pl\/picture\/prosta-koszula-z-tkaniny-wiskozowej-w-brazowy-print.jpg\" alt=\"Prosta koszula z tkaniny wiskozowej w br\u0105zowy print\">\r\n                    <\/div>\r\n                    <div class=\"product-block-name\">\r\n                        <p>Prosta koszula z tkaniny wiskozowej w br\u0105zowy print<\/p>\r\n                    <\/div>\r\n                <\/a>\r\n            <\/div>\r\n            <\/div>\r\n<\/div>\r\n\n\n\n\n<h2 class=\"wp-block-heading\"><span class=\"ez-toc-section\" id=\"Kardigan_stylizacje_casualowe_na_co_dzien\"><\/span>Kardigan stylizacje casualowe na co dzie\u0144<span class=\"ez-toc-section-end\"><\/span><\/h2>\n\n\n\n<p>Casualowy look z kardiganem to jeden z naj\u0142atwiejszych sposob\u00f3w na modny outfit. Jeansy, T-shirt i botki to baza, kt\u00f3r\u0105 wystarczy uzupe\u0142ni\u0107 mi\u0119kkim kardiganem. W casualowych stylizacji mo\u017cesz pozwoli\u0107 sobie na wi\u0119ksz\u0105 swobod\u0119 \u2013 modele z ozdobnymi guzikami, per\u0142owe guziki czy ciekawy splot dzianiny dodaj\u0105 charakteru nawet najprostszym zestawom.<\/p>\n\n\n\n<h2 class=\"wp-block-heading\"><span class=\"ez-toc-section\" id=\"Kardigan_stylizacje_z_jeansami\"><\/span>Kardigan stylizacje z jeansami<span class=\"ez-toc-section-end\"><\/span><\/h2>\n\n\n\n<p>Jeansy to naturalny partner dla kardiganu. Mo\u017cesz nosi\u0107 kardigan zar\u00f3wno do klasycznych prostych modeli, jak i do spodni z szerok\u0105 nogawk\u0105. Dopasowany kardigan podkre\u015bla tali\u0119, a wersje lu\u017aniejsze tworz\u0105 nonszalancki look. To po\u0142\u0105czenie, kt\u00f3re sprawdzi si\u0119 na zakupy, spotkanie z przyjaci\u00f3\u0142k\u0105 czy codzienne wyj\u015bcia.<\/p>\n\n\n\r\n<div class=\"product-block-container swiper mySwiperProductBlock\">\r\n    <div class=\"product-block-swiper swiper-wrapper\">\r\n                    <div class=\"swiper-slide product-block-item\" data-id=\"145223\">\r\n                <a href=\"https:\/\/bialcon.pl\/jeansowe-szerokie-spodnie-z-bawelny?utm_source=blog&utm_medium=poradystylistki&utm_campaign=150126\" class=\"product-block-url\" target=\"_blank\">\r\n                    <div class=\"product-block-image\">\r\n                        <img decoding=\"async\" width=\"300\" height=\"400\" src=\"https:\/\/bialcon.pl\/picture\/jeansowe-szerokie-spodnie-z-bawelny_1.jpg\" alt=\"Jeansowe szerokie spodnie z bawe\u0142ny\">\r\n                    <\/div>\r\n                    <div class=\"product-block-name\">\r\n                        <p>Jeansowe szerokie spodnie z bawe\u0142ny<\/p>\r\n                    <\/div>\r\n                <\/a>\r\n            <\/div>\r\n                    <div class=\"swiper-slide product-block-item\" data-id=\"142385\">\r\n                <a href=\"https:\/\/bialcon.pl\/elastyczne-niebieskie-jeansy?utm_source=blog&utm_medium=poradystylistki&utm_campaign=150126\" class=\"product-block-url\" target=\"_blank\">\r\n                    <div class=\"product-block-image\">\r\n                        <img decoding=\"async\" width=\"300\" height=\"400\" src=\"https:\/\/bialcon.pl\/picture\/elastyczne-niebieskie-jeansy_13.jpg\" alt=\"Elastyczne niebieskie jeansy\">\r\n                    <\/div>\r\n                    <div class=\"product-block-name\">\r\n                        <p>Elastyczne niebieskie jeansy<\/p>\r\n                    <\/div>\r\n                <\/a>\r\n            <\/div>\r\n                    <div class=\"swiper-slide product-block-item\" data-id=\"142386\">\r\n                <a href=\"https:\/\/bialcon.pl\/ciemnogranatowe-jeansy?utm_source=blog&utm_medium=poradystylistki&utm_campaign=150126\" class=\"product-block-url\" target=\"_blank\">\r\n                    <div class=\"product-block-image\">\r\n                        <img decoding=\"async\" width=\"300\" height=\"400\" src=\"https:\/\/bialcon.pl\/picture\/ciemnogranatowe-jeansy_7.jpg\" alt=\"Ciemnogranatowe jeansy\">\r\n                    <\/div>\r\n                    <div class=\"product-block-name\">\r\n                        <p>Ciemnogranatowe jeansy<\/p>\r\n                    <\/div>\r\n                <\/a>\r\n            <\/div>\r\n            <\/div>\r\n<\/div>\r\n\n\n\n\n<h2 class=\"wp-block-heading\"><span class=\"ez-toc-section\" id=\"Kardigan_stylizacje_ze_spodnicami\"><\/span>Kardigan stylizacje ze sp\u00f3dnicami<span class=\"ez-toc-section-end\"><\/span><\/h2>\n\n\n\n<p>Stylizacje z kardiganem i sp\u00f3dnicami s\u0105 niezwykle kobiece. Sp\u00f3dnice midi zestawione z kardiganem tworz\u0105 elegancki, ale wygodny outfit. Kr\u00f3tsze modele kardigan\u00f3w pi\u0119knie eksponuj\u0105 tali\u0119, natomiast d\u0142ugie fasony dodaj\u0105 lekko\u015bci i sprawiaj\u0105, \u017ce ca\u0142o\u015b\u0107 wygl\u0105da bardzo nowocze\u015bnie.<\/p>\n\n\n\n<h2 class=\"wp-block-heading\"><span class=\"ez-toc-section\" id=\"Kardigan_stylizacje_z_sukienkami\"><\/span>Kardigan stylizacje z sukienkami<span class=\"ez-toc-section-end\"><\/span><\/h2>\n\n\n\n<p>Kardigan i sukienki to duet idealny na r\u00f3\u017cne okazje. Do lekkich sukienek sprawdzi si\u0119 dopasowany kardigan noszony zapi\u0119ty lub zarzucony na ramiona. Przy grubszych, dzianinowych sukienkach lepiej wybra\u0107 d\u0142ugi kardigan, kt\u00f3ry mo\u017cesz nosi\u0107 rozpi\u0119ty. Takie stylizacje z kardiganem s\u0105 praktyczne, kobiece i ponadczasowe.<\/p>\n\n\n\r\n<div class=\"product-block-container swiper mySwiperProductBlock\">\r\n    <div class=\"product-block-swiper swiper-wrapper\">\r\n                    <div class=\"swiper-slide product-block-item\" data-id=\"147533\">\r\n                <a href=\"https:\/\/bialcon.pl\/codzienna-wygodna-sukienka-z-gumka-w-talii?utm_source=blog&utm_medium=poradystylistki&utm_campaign=150126\" class=\"product-block-url\" target=\"_blank\">\r\n                    <div class=\"product-block-image\">\r\n                        <img decoding=\"async\" width=\"300\" height=\"400\" src=\"https:\/\/bialcon.pl\/picture\/codzienna-wygodna-sukienka-z-gumka-w-talii_1.jpg\" alt=\"Codzienna wygodna sukienka z gumk\u0105 w talii\">\r\n                    <\/div>\r\n                    <div class=\"product-block-name\">\r\n                        <p>Codzienna wygodna sukienka z gumk\u0105 w talii<\/p>\r\n                    <\/div>\r\n                <\/a>\r\n            <\/div>\r\n                    <div class=\"swiper-slide product-block-item\" data-id=\"147541\">\r\n                <a href=\"https:\/\/bialcon.pl\/dzianinowa-jasnobrazowa-sukienka-o-modelujacym-fasonie?utm_source=blog&utm_medium=poradystylistki&utm_campaign=150126\" class=\"product-block-url\" target=\"_blank\">\r\n                    <div class=\"product-block-image\">\r\n                        <img decoding=\"async\" width=\"300\" height=\"400\" src=\"https:\/\/bialcon.pl\/picture\/dzianinowa-jasnobrazowa-sukienka-o-modelujacym-fasonie.jpg\" alt=\"Dzianinowa jasnobr\u0105zowa sukienka o modeluj\u0105cym fasonie\">\r\n                    <\/div>\r\n                    <div class=\"product-block-name\">\r\n                        <p>Dzianinowa jasnobr\u0105zowa sukienka o modeluj\u0105cym fasonie<\/p>\r\n                    <\/div>\r\n                <\/a>\r\n            <\/div>\r\n                    <div class=\"swiper-slide product-block-item\" data-id=\"147818\">\r\n                <a href=\"https:\/\/bialcon.pl\/letnia-czarna-sukienka-z-dzianiny-wiskozowej?utm_source=blog&utm_medium=poradystylistki&utm_campaign=150126\" class=\"product-block-url\" target=\"_blank\">\r\n                    <div class=\"product-block-image\">\r\n                        <img decoding=\"async\" width=\"300\" height=\"400\" src=\"https:\/\/bialcon.pl\/picture\/letnia-czarna-sukienka-z-dzianiny-wiskozowej_1.jpg\" alt=\"Letnia czarna sukienka z dzianiny wiskozowej\">\r\n                    <\/div>\r\n                    <div class=\"product-block-name\">\r\n                        <p>Letnia czarna sukienka z dzianiny wiskozowej<\/p>\r\n                    <\/div>\r\n                <\/a>\r\n            <\/div>\r\n            <\/div>\r\n<\/div>\r\n\n\n\n\n<h2 class=\"wp-block-heading\"><span class=\"ez-toc-section\" id=\"Kardigan_stylizacje_w_stylu_boho\"><\/span>Kardigan stylizacje w stylu boho<span class=\"ez-toc-section-end\"><\/span><\/h2>\n\n\n\n<p>Stylu boho nie mo\u017ce zabrakn\u0105\u0107 w nowoczesnej modzie. Kardigan o lu\u017anym kroju, wykonany z mi\u0119kkiej dzianiny, \u015bwietnie wygl\u0105da z d\u0142ugimi sukienkami, botkami i dodatkami z naturalnych materia\u0142\u00f3w. Taki look jest swobodny, ale bardzo stylowy, idealny na jesie\u0144 i wczesn\u0105 wiosn\u0119.<\/p>\n\n\n\n<h2 class=\"wp-block-heading\"><span class=\"ez-toc-section\" id=\"Kardigan_stylizacje_inspirowane_stylem_retro\"><\/span>Kardigan stylizacje inspirowane stylem retro<span class=\"ez-toc-section-end\"><\/span><\/h2>\n\n\n\n<p>Stylu retro powraca w wielkim stylu, a kardigan zapinany na guziki jest jego nieod\u0142\u0105cznym elementem. Noszony do jeans\u00f3w z wysokim stanem lub sp\u00f3dnicami tworzy look, kt\u00f3ry pokocha\u0142y it girls. To doskona\u0142y spos\u00f3b na po\u0142\u0105czenie klasyki z nowoczesno\u015bci\u0105.<\/p>\n\n\n\n<h2 class=\"wp-block-heading\"><span class=\"ez-toc-section\" id=\"Kardigan_stylizacje_na_chlodniejsze_dni\"><\/span>Kardigan stylizacje na ch\u0142odniejsze dni<span class=\"ez-toc-section-end\"><\/span><\/h2>\n\n\n\n<p>W ch\u0142odniejsze dni kardigan mo\u017cesz nosi\u0107 warstwowo. Za\u0142\u00f3\u017c cienki sweter, kardigan z kaszmiru lub grubej dzianiny, a ca\u0142o\u015b\u0107 uzupe\u0142nij p\u0142aszczem i szalem. Taki outfit zapewnia ciep\u0142o, a jednocze\u015bnie wygl\u0105da elegancki i dopracowany.<\/p>\n\n\n\r\n<div class=\"product-block-container swiper mySwiperProductBlock\">\r\n    <div class=\"product-block-swiper swiper-wrapper\">\r\n                    <div class=\"swiper-slide product-block-item\" data-id=\"147782\">\r\n                <a href=\"https:\/\/bialcon.pl\/czarny-dwurzedowy-trencz-z-podszewka-i-paskiem?utm_source=blog&utm_medium=poradystylistki&utm_campaign=150126\" class=\"product-block-url\" target=\"_blank\">\r\n                    <div class=\"product-block-image\">\r\n                        <img decoding=\"async\" width=\"300\" height=\"400\" src=\"https:\/\/bialcon.pl\/picture\/kurtka-ble-262678-f-czarny_2.jpg\" alt=\"Czarny dwurz\u0119dowy trencz z podszewk\u0105 i paskiem\">\r\n                    <\/div>\r\n                    <div class=\"product-block-name\">\r\n                        <p>Czarny dwurz\u0119dowy trencz z podszewk\u0105 i paskiem<\/p>\r\n                    <\/div>\r\n                <\/a>\r\n            <\/div>\r\n                    <div class=\"swiper-slide product-block-item\" data-id=\"147783\">\r\n                <a href=\"https:\/\/bialcon.pl\/bezowy-dwurzedowy-trencz-z-podszewka-i-paskiem?utm_source=blog&utm_medium=poradystylistki&utm_campaign=150126\" class=\"product-block-url\" target=\"_blank\">\r\n                    <div class=\"product-block-image\">\r\n                        <img decoding=\"async\" width=\"300\" height=\"400\" src=\"https:\/\/bialcon.pl\/picture\/kurtka-ble-262678-f-bezowy.jpg\" alt=\"Be\u017cowy dwurz\u0119dowy trencz z podszewk\u0105 i paskiem\">\r\n                    <\/div>\r\n                    <div class=\"product-block-name\">\r\n                        <p>Be\u017cowy dwurz\u0119dowy trencz z podszewk\u0105 i paskiem<\/p>\r\n                    <\/div>\r\n                <\/a>\r\n            <\/div>\r\n                    <div class=\"swiper-slide product-block-item\" data-id=\"147681\">\r\n                <a href=\"https:\/\/bialcon.pl\/prosty-kremowy-plaszcz-z-wiazaniem?utm_source=blog&utm_medium=poradystylistki&utm_campaign=150126\" class=\"product-block-url\" target=\"_blank\">\r\n                    <div class=\"product-block-image\">\r\n                        <img decoding=\"async\" width=\"300\" height=\"400\" src=\"https:\/\/bialcon.pl\/picture\/plaszcz-carmen-ecru-relis.jpg\" alt=\"Prosty kremowy p\u0142aszcz z wi\u0105zaniem\">\r\n                    <\/div>\r\n                    <div class=\"product-block-name\">\r\n                        <p>Prosty kremowy p\u0142aszcz z wi\u0105zaniem<\/p>\r\n                    <\/div>\r\n                <\/a>\r\n            <\/div>\r\n            <\/div>\r\n<\/div>\r\n\n\n\n\n<h2 class=\"wp-block-heading\"><span class=\"ez-toc-section\" id=\"Kardigan_stylizacje_z_detalami\"><\/span>Kardigan stylizacje z detalami<span class=\"ez-toc-section-end\"><\/span><\/h2>\n\n\n\n<p>Detale maj\u0105 ogromne znaczenie. Kardigany z ozdobnymi guzikami, ciekawym splotem czy kontrastowym wyko\u0144czeniem sprawiaj\u0105, \u017ce nawet prosty look nabiera charakteru. To idealny wyb\u00f3r dla kobiet, kt\u00f3re ceni\u0105 subtelne akcenty w modzie.<\/p>\n\n\n\n<h2 class=\"wp-block-heading\"><span class=\"ez-toc-section\" id=\"Kardigan_stylizacje_na_rozne_okazje\"><\/span>Kardigan stylizacje na r\u00f3\u017cne okazje<span class=\"ez-toc-section-end\"><\/span><\/h2>\n\n\n\n<p>Niezale\u017cnie od tego, czy wybierasz si\u0119 do pracy, na spacer czy spotkanie rodzinne, kardigan sprawdzi si\u0119 zawsze. To element garderoby, kt\u00f3ry mo\u017cesz nosi\u0107 na wiele sposob\u00f3w, tworz\u0105c modne stylizacje dopasowane do swojego stylu \u017cycia.<\/p>\n\n\n\n<h2 class=\"wp-block-heading\"><span class=\"ez-toc-section\" id=\"Kardigan_to_absolutny_must_have_w_kobiecej_szafie\"><\/span>Kardigan to absolutny must have w kobiecej szafie<span class=\"ez-toc-section-end\"><\/span><\/h2>\n\n\n\n<p>Kardigan to element garderoby, kt\u00f3ry zapewnia to, czego wsp\u00f3\u0142czesne kobiety oczekuj\u0105 od ubra\u0144: wygod\u0119, uniwersalno\u015b\u0107 i styl. Niezale\u017cnie od zmieniaj\u0105cych si\u0119 trend\u00f3w pozostaje on sta\u0142ym punktem odniesienia w \u015bwiecie mody, poniewa\u017c daje ogromne mo\u017cliwo\u015bci stylizacyjne. Odpowiednio dobrany kardigan damski potrafi zast\u0105pi\u0107 sweter, marynark\u0119, a nawet lekkie okrycie wierzchnie, dzi\u0119ki czemu sprawdza si\u0119 przez ca\u0142y rok.<\/p>\n\n\n\n<p>Tworz\u0105c kardiganow\u0105 stylizacje, warto pami\u0119ta\u0107 o proporcjach sylwetki, jako\u015bci dzianiny oraz d\u0142ugo\u015bci fasonu. D\u0142ugi kardigan wysmukla i dodaje lekko\u015bci, dopasowany model pi\u0119knie podkre\u015bla tali\u0119, a kardigan zapinany na guziki wprowadza do stylizacji nut\u0119 klasyki i stylu retro. To w\u0142a\u015bnie te detale sprawiaj\u0105, \u017ce kardigan nie jest tylko praktycznym dodatkiem, ale pe\u0142noprawnym elementem buduj\u0105cym ca\u0142y look.<\/p>\n\n\n\n<p>Ogromn\u0105 zalet\u0105 kardiganu jest jego elastyczno\u015b\u0107 \u2013 mo\u017cesz nosi\u0107 go do jeans\u00f3w, spodni z szerok\u0105 nogawk\u0105, sp\u00f3dnic i sukienki, tworz\u0105c outfity odpowiednie na r\u00f3\u017cne okazje. Sprawdza si\u0119 zar\u00f3wno w pracy, gdzie mo\u017ce mie\u0107 bardziej elegancki charakter, jak i w casualowych stylizacji na co dzie\u0144. W ch\u0142odniejsze dni zapewnia komfort i ciep\u0142o, a jednocze\u015bnie pozwala zachowa\u0107 lekko\u015b\u0107 i kobieco\u015b\u0107 stylizacji.<\/p>\n\n\n\n<p>Warto r\u00f3wnie\u017c podkre\u015bli\u0107, \u017ce kardigan doskonale wpisuje si\u0119 w ide\u0119 \u015bwiadomego budowania garderoby. Jeden dobrze dobrany model mo\u017ce by\u0107 baz\u0105 dla wielu zestaw\u00f3w, co sprawia, \u017ce Twoja szafa staje si\u0119 bardziej funkcjonalna i sp\u00f3jna. Niezale\u017cnie od tego, czy bli\u017cszy jest Ci minimalizm, styl boho, elegancki look czy inspiracje retro, kardigan z \u0142atwo\u015bci\u0105 dopasuje si\u0119 do Twojego stylu.<\/p>\n\n\n\n<p>Podsumowuj\u0105c \u2013 kardigan to nie sezonowy trend, lecz inwestycja w ponadczasow\u0105 mod\u0119. Dzi\u0119ki niemu mo\u017cesz tworzy\u0107 modne stylizacje bez wysi\u0142ku, czu\u0107 si\u0119 komfortowo w ka\u017cdej sytuacji i mie\u0107 pewno\u015b\u0107, \u017ce zawsze wygl\u0105dasz stylowo. Je\u015bli w swojej szafie postawisz na jako\u015bciowe modele i r\u00f3\u017cne fasony, kardigan stanie si\u0119 jednym z najbardziej uniwersalnych i lubianych element\u00f3w Twojej garderoby.<\/p>\n\n\n\r\n<div class=\"product-block-container swiper mySwiperProductBlock\">\r\n    <div class=\"product-block-swiper swiper-wrapper\">\r\n                    <div class=\"swiper-slide product-block-item\" data-id=\"147558\">\r\n                <a href=\"https:\/\/bialcon.pl\/oliwkowe-spodnie-w-kant-z-wiskozy-i-lnu?utm_source=blog&utm_medium=poradystylistki&utm_campaign=150126\" class=\"product-block-url\" target=\"_blank\">\r\n                    <div class=\"product-block-image\">\r\n                        <img decoding=\"async\" width=\"300\" height=\"400\" src=\"https:\/\/bialcon.pl\/picture\/oliwkowe-spodnie-w-kant-z-wiskozy-i-lnu_2.jpg\" alt=\"Oliwkowe spodnie w kant z wiskozy i lnu\">\r\n                    <\/div>\r\n                    <div class=\"product-block-name\">\r\n                        <p>Oliwkowe spodnie w kant z wiskozy i lnu<\/p>\r\n                    <\/div>\r\n                <\/a>\r\n            <\/div>\r\n                    <div class=\"swiper-slide product-block-item\" data-id=\"147754\">\r\n                <a href=\"https:\/\/bialcon.pl\/czarne-zwiewne-spodnie-palazzo-w-eleganckim-stylu?utm_source=blog&utm_medium=poradystylistki&utm_campaign=150126\" class=\"product-block-url\" target=\"_blank\">\r\n                    <div class=\"product-block-image\">\r\n                        <img decoding=\"async\" width=\"300\" height=\"400\" src=\"https:\/\/bialcon.pl\/picture\/czarne-zwiewne-spodnie-palazzo-w-eleganckim-stylu_1.jpg\" alt=\"Czarne zwiewne spodnie palazzo w eleganckim stylu\">\r\n                    <\/div>\r\n                    <div class=\"product-block-name\">\r\n                        <p>Czarne zwiewne spodnie palazzo w eleganckim stylu<\/p>\r\n                    <\/div>\r\n                <\/a>\r\n            <\/div>\r\n                    <div class=\"swiper-slide product-block-item\" data-id=\"147773\">\r\n                <a href=\"https:\/\/bialcon.pl\/czarne-spodnie-w-kant-z-elastycznej-dzianiny?utm_source=blog&utm_medium=poradystylistki&utm_campaign=150126\" class=\"product-block-url\" target=\"_blank\">\r\n                    <div class=\"product-block-image\">\r\n                        <img decoding=\"async\" width=\"300\" height=\"400\" src=\"https:\/\/bialcon.pl\/picture\/czarne-spodnie-w-kant-z-elastycznej-dzianiny_1.jpg\" alt=\"Czarne spodnie w kant z elastycznej dzianiny\">\r\n                    <\/div>\r\n                    <div class=\"product-block-name\">\r\n                        <p>Czarne spodnie w kant z elastycznej dzianiny<\/p>\r\n                    <\/div>\r\n                <\/a>\r\n            <\/div>\r\n            <\/div>\r\n<\/div>\r\n\n\n\n\n<h2 class=\"wp-block-heading\"><span class=\"ez-toc-section\" id=\"FAQ\"><\/span>FAQ<span class=\"ez-toc-section-end\"><\/span><\/h2>\n\n\n\n<h3 class=\"wp-block-heading\">&nbsp;1. Jak nosi\u0107 kardigan, by wygl\u0105da\u0107 modnie i nie doda\u0107 sobie kilogram\u00f3w?<\/h3>\n\n\n\n<p>Zastanawiasz si\u0119, <strong>jak nosi\u0107 kardigan<\/strong>, \u017ceby wygl\u0105da\u0107 kobieco i lekko? Postaw na kardigany w jednolitych kolorach, si\u0119gaj\u0105ce za biodra, noszone rozpi\u0119te lub z paskiem w talii. Taki fason optycznie wysmukla sylwetk\u0119. Unikaj zbyt grubych splot\u00f3w, je\u015bli chcesz zachowa\u0107 lekko\u015b\u0107 stylizacji.<\/p>\n\n\n\n<h3 class=\"wp-block-heading\">2. Jakie kardigan stylizacje sprawdz\u0105 si\u0119 do pracy?<\/h3>\n\n\n\n<p>Do biura \u015bwietnie pasuj\u0105 klasyczne <strong>kardigan stylizacje<\/strong> z eleganckimi spodniami materia\u0142owymi, koszul\u0105 i butami na niskim obcasie. Mo\u017cesz te\u017c po\u0142\u0105czy\u0107 cienki kardigan z o\u0142\u00f3wkow\u0105 sp\u00f3dnic\u0105 lub prost\u0105 sukienk\u0105. Warto wybiera\u0107 modele w neutralnych kolorach \u2013 be\u017c, granat, szaro\u015b\u0107 \u2013 kt\u00f3re \u0142atwo zestawi\u0107 z innymi elementami garderoby.<\/p>\n\n\n\r\n<div class=\"product-block-container swiper mySwiperProductBlock\">\r\n    <div class=\"product-block-swiper swiper-wrapper\">\r\n                    <div class=\"swiper-slide product-block-item\" data-id=\"147363\">\r\n                <a href=\"https:\/\/bialcon.pl\/dopasowana-spodnica-midi-z-rozporkiem-z-tylu?utm_source=blog&utm_medium=poradystylistki&utm_campaign=150126\" class=\"product-block-url\" target=\"_blank\">\r\n                    <div class=\"product-block-image\">\r\n                        <img decoding=\"async\" width=\"300\" height=\"400\" src=\"https:\/\/bialcon.pl\/picture\/dopasowana-spodnica-midi-z-rozporkiem-z-tylu_1.jpg\" alt=\"Dopasowana sp\u00f3dnica midi z rozporkiem z ty\u0142u\">\r\n                    <\/div>\r\n                    <div class=\"product-block-name\">\r\n                        <p>Dopasowana sp\u00f3dnica midi z rozporkiem z ty\u0142u<\/p>\r\n                    <\/div>\r\n                <\/a>\r\n            <\/div>\r\n                    <div class=\"swiper-slide product-block-item\" data-id=\"147484\">\r\n                <a href=\"https:\/\/bialcon.pl\/dopasowana-bezowa-spodnica-z-ozdobnymi-patkami?utm_source=blog&utm_medium=poradystylistki&utm_campaign=150126\" class=\"product-block-url\" target=\"_blank\">\r\n                    <div class=\"product-block-image\">\r\n                        <img decoding=\"async\" width=\"300\" height=\"400\" src=\"https:\/\/bialcon.pl\/picture\/dopasowana-bezowa-spodnica-z-ozdobnymi-patkami.jpg\" alt=\"Dopasowana be\u017cowa sp\u00f3dnica z ozdobnymi patkami\">\r\n                    <\/div>\r\n                    <div class=\"product-block-name\">\r\n                        <p>Dopasowana be\u017cowa sp\u00f3dnica z ozdobnymi patkami<\/p>\r\n                    <\/div>\r\n                <\/a>\r\n            <\/div>\r\n                    <div class=\"swiper-slide product-block-item\" data-id=\"147485\">\r\n                <a href=\"https:\/\/bialcon.pl\/elegancka-bezowa-spodnica-midi-o-olowkowym-kroju?utm_source=blog&utm_medium=poradystylistki&utm_campaign=150126\" class=\"product-block-url\" target=\"_blank\">\r\n                    <div class=\"product-block-image\">\r\n                        <img decoding=\"async\" width=\"300\" height=\"400\" src=\"https:\/\/bialcon.pl\/picture\/elegancka-bezowa-spodnica-midi-o-olowkowym-kroju.jpg\" alt=\"Elegancka be\u017cowa sp\u00f3dnica midi o o\u0142\u00f3wkowym kroju\">\r\n                    <\/div>\r\n                    <div class=\"product-block-name\">\r\n                        <p>Elegancka be\u017cowa sp\u00f3dnica midi o o\u0142\u00f3wkowym kroju<\/p>\r\n                    <\/div>\r\n                <\/a>\r\n            <\/div>\r\n            <\/div>\r\n<\/div>\r\n\n\n\n\n<h3 class=\"wp-block-heading\">3. Jak stworzy\u0107 kobiec\u0105 stylizacj\u0119 z kardiganem na co dzie\u0144?<\/h3>\n\n\n\n<p>Casualowa <strong>stylizacja z kardiganem<\/strong> to np. zestaw z jeansami, basicowym T-shirtem i botkami. D\u0142u\u017cszy, oversize\u2019owy kardigan \u015bwietnie wygl\u0105da r\u00f3wnie\u017c z legginsami i sportowymi sneakersami. Tego typu <strong>stylizacje z kardiganem<\/strong> \u0142\u0105cz\u0105 wygod\u0119 z modnym wygl\u0105dem \u2013 idealne na zakupy, spacer czy spotkanie z przyjaci\u00f3\u0142k\u0105.<\/p>\n\n\n\n<h3 class=\"wp-block-heading\">4. Czy kardigany pasuj\u0105 tak\u017ce do sukienek? Jakie kardigany stylizacje wybra\u0107?<\/h3>\n\n\n\n<p>Tak, kardigan i sukienka to doskona\u0142y duet! Wybieraj\u0105c dopasowany model, mo\u017cesz go zarzuci\u0107 na lekk\u0105 sukienk\u0119 midi, a do grubszej dzianinowej sukienki warto dobra\u0107 d\u0142u\u017cszy, lu\u017aniejszy fason. Takie <strong>kardigany stylizacje<\/strong> sprawdz\u0105 si\u0119 zar\u00f3wno na co dzie\u0144, jak i podczas rodzinnych spotka\u0144 czy jesiennych wyj\u015b\u0107 na miasto.<\/p>\n\n\n\n<script type=\"application\/ld+json\">\n{\n  \"@context\": \"https:\/\/schema.org\",\n  \"@type\": \"FAQPage\",\n  \"mainEntity\": [\n    {\n      \"@type\": \"Question\",\n      \"name\": \"Jak nosi\u0107 kardigan, by wygl\u0105da\u0107 modnie i nie doda\u0107 sobie kilogram\u00f3w?\",\n      \"acceptedAnswer\": {\n        \"@type\": \"Answer\",\n        \"text\": \"Zastanawiasz si\u0119, jak nosi\u0107 kardigan, \u017ceby wygl\u0105da\u0107 kobieco i lekko? Postaw na kardigany w jednolitych kolorach, si\u0119gaj\u0105ce za biodra, noszone rozpi\u0119te lub z paskiem w talii. Taki fason optycznie wysmukla sylwetk\u0119. Unikaj zbyt grubych splot\u00f3w, je\u015bli chcesz zachowa\u0107 lekko\u015b\u0107 stylizacji.\"\n      }\n    },\n    {\n      \"@type\": \"Question\",\n      \"name\": \"Jakie kardigan stylizacje sprawdz\u0105 si\u0119 do pracy?\",\n      \"acceptedAnswer\": {\n        \"@type\": \"Answer\",\n        \"text\": \"Do biura \u015bwietnie pasuj\u0105 klasyczne kardigan stylizacje z eleganckimi spodniami materia\u0142owymi, koszul\u0105 i butami na niskim obcasie. Mo\u017cesz te\u017c po\u0142\u0105czy\u0107 cienki kardigan z o\u0142\u00f3wkow\u0105 sp\u00f3dnic\u0105 lub prost\u0105 sukienk\u0105. Warto wybiera\u0107 modele w neutralnych kolorach \u2013 be\u017c, granat, szaro\u015b\u0107 \u2013 kt\u00f3re \u0142atwo zestawi\u0107 z innymi elementami garderoby.\"\n      }\n    },\n    {\n      \"@type\": \"Question\",\n      \"name\": \"Jak stworzy\u0107 kobiec\u0105 stylizacj\u0119 z kardiganem na co dzie\u0144?\",\n      \"acceptedAnswer\": {\n        \"@type\": \"Answer\",\n        \"text\": \"Casualowa stylizacja z kardiganem to np. zestaw z jeansami, basicowym T-shirtem i botkami. D\u0142u\u017cszy, oversize\u2019owy kardigan \u015bwietnie wygl\u0105da r\u00f3wnie\u017c z legginsami i sportowymi sneakersami. Tego typu stylizacje z kardiganem \u0142\u0105cz\u0105 wygod\u0119 z modnym wygl\u0105dem \u2013 idealne na zakupy, spacer czy spotkanie z przyjaci\u00f3\u0142k\u0105.\"\n      }\n    },\n    {\n      \"@type\": \"Question\",\n      \"name\": \"Czy kardigany pasuj\u0105 tak\u017ce do sukienek? Jakie kardigany stylizacje wybra\u0107?\",\n      \"acceptedAnswer\": {\n        \"@type\": \"Answer\",\n        \"text\": \"Tak, kardigan i sukienka to doskona\u0142y duet! Wybieraj\u0105c dopasowany model, mo\u017cesz go zarzuci\u0107 na lekk\u0105 sukienk\u0119 midi, a do grubszej dzianinowej sukienki warto dobra\u0107 d\u0142u\u017cszy, lu\u017aniejszy fason. Takie kardigany stylizacje sprawdz\u0105 si\u0119 zar\u00f3wno na co dzie\u0144, jak i podczas rodzinnych spotka\u0144 czy jesiennych wyj\u015b\u0107 na miasto.\"\n      }\n    }\n  ]\n}\n<\/script>\n","protected":false},"excerpt":{"rendered":"<p>Kardigan od lat zajmuje wa\u017cne miejsce w kobiecej garderobie i nic nie wskazuje na to, aby mia\u0142 znikn\u0105\u0107 z modowych trend\u00f3w. \u015awiat mody nieustannie udowadnia, \u017ce kardigan damski to jeden z najbardziej uniwersalnych element\u00f3w ubioru. Mo\u017cesz nosi\u0107 go przez ca\u0142y rok, stylizowa\u0107 na wiele sposob\u00f3w i dopasowa\u0107 do niemal ka\u017cdej okazji. Sprawd\u017a, jak nosi\u0107 kardigan, [&hellip;]<\/p>\n","protected":false},"author":10,"featured_media":12762,"comment_status":"closed","ping_status":"open","sticky":false,"template":"","format":"standard","meta":{"_acf_changed":false,"site-sidebar-layout":"default","site-content-layout":"","ast-site-content-layout":"default","site-content-style":"default","site-sidebar-style":"default","ast-global-header-display":"","ast-banner-title-visibility":"","ast-main-header-display":"","ast-hfb-above-header-display":"","ast-hfb-below-header-display":"","ast-hfb-mobile-header-display":"","site-post-title":"","ast-breadcrumbs-content":"","ast-featured-img":"","footer-sml-layout":"","theme-transparent-header-meta":"","adv-header-id-meta":"","stick-header-meta":"","header-above-stick-meta":"","header-main-stick-meta":"","header-below-stick-meta":"","astra-migrate-meta-layouts":"set","ast-page-background-enabled":"default","ast-page-background-meta":{"desktop":{"background-color":"","background-image":"","background-repeat":"repeat","background-position":"center center","background-size":"auto","background-attachment":"scroll","background-type":"","background-media":"","overlay-type":"","overlay-color":"","overlay-opacity":"","overlay-gradient":""},"tablet":{"background-color":"","background-image":"","background-repeat":"repeat","background-position":"center center","background-size":"auto","background-attachment":"scroll","background-type":"","background-media":"","overlay-type":"","overlay-color":"","overlay-opacity":"","overlay-gradient":""},"mobile":{"background-color":"","background-image":"","background-repeat":"repeat","background-position":"center center","background-size":"auto","background-attachment":"scroll","background-type":"","background-media":"","overlay-type":"","overlay-color":"","overlay-opacity":"","overlay-gradient":""}},"ast-content-background-meta":{"desktop":{"background-color":"var(--ast-global-color-5)","background-image":"","background-repeat":"repeat","background-position":"center center","background-size":"auto","background-attachment":"scroll","background-type":"","background-media":"","overlay-type":"","overlay-color":"","overlay-opacity":"","overlay-gradient":""},"tablet":{"background-color":"var(--ast-global-color-5)","background-image":"","background-repeat":"repeat","background-position":"center center","background-size":"auto","background-attachment":"scroll","background-type":"","background-media":"","overlay-type":"","overlay-color":"","overlay-opacity":"","overlay-gradient":""},"mobile":{"background-color":"var(--ast-global-color-5)","background-image":"","background-repeat":"repeat","background-position":"center center","background-size":"auto","background-attachment":"scroll","background-type":"","background-media":"","overlay-type":"","overlay-color":"","overlay-opacity":"","overlay-gradient":""}},"footnotes":""},"categories":[10,14],"tags":[],"class_list":["post-12761","post","type-post","status-publish","format-standard","has-post-thumbnail","hentry","category-porady-stylistki","category-wszystkie-wpisy"],"acf":[],"yoast_head":"<!-- This site is optimized with the Yoast SEO plugin v27.4 - https:\/\/yoast.com\/product\/yoast-seo-wordpress\/ -->\n<title>Jak nosi\u0107 kardigan? Stylizacje z kardiganem, kt\u00f3re sprawdz\u0105 si\u0119 na ka\u017cd\u0105 okazj\u0119 - Bialcon<\/title>\n<meta name=\"description\" content=\"Kardigan od lat zajmuje wa\u017cne miejsce w kobiecej garderobie i nic nie wskazuje na to, aby mia\u0142 znikn\u0105\u0107 z modowych trend\u00f3w.\" \/>\n<meta name=\"robots\" content=\"index, follow, max-snippet:-1, max-image-preview:large, max-video-preview:-1\" \/>\n<link rel=\"canonical\" href=\"https:\/\/bialcon.pl\/blog\/jak-nosic-kardigan\/\" \/>\n<meta name=\"twitter:label1\" content=\"Napisane przez\" \/>\n\t<meta name=\"twitter:data1\" content=\"Ma\u0142gorzata Brzezi\u0144ska\" \/>\n\t<meta name=\"twitter:label2\" content=\"Szacowany czas czytania\" \/>\n\t<meta name=\"twitter:data2\" content=\"8 minut\" \/>\n<script type=\"application\/ld+json\" class=\"yoast-schema-graph\">{\"@context\":\"https:\\\/\\\/schema.org\",\"@graph\":[{\"@type\":\"Article\",\"@id\":\"https:\\\/\\\/bialcon.pl\\\/blog\\\/jak-nosic-kardigan\\\/#article\",\"isPartOf\":{\"@id\":\"https:\\\/\\\/bialcon.pl\\\/blog\\\/jak-nosic-kardigan\\\/\"},\"author\":{\"name\":\"Ma\u0142gorzata Brzezi\u0144ska\",\"@id\":\"https:\\\/\\\/bialcon.pl\\\/blog\\\/#\\\/schema\\\/person\\\/cbbe4ae2297c5abd7376399985d5fabb\"},\"headline\":\"Jak nosi\u0107 kardigan? Stylizacje z kardiganem, kt\u00f3re sprawdz\u0105 si\u0119 na ka\u017cd\u0105 okazj\u0119\",\"datePublished\":\"2026-01-15T09:00:00+00:00\",\"dateModified\":\"2026-04-16T08:51:01+00:00\",\"mainEntityOfPage\":{\"@id\":\"https:\\\/\\\/bialcon.pl\\\/blog\\\/jak-nosic-kardigan\\\/\"},\"wordCount\":1496,\"image\":{\"@id\":\"https:\\\/\\\/bialcon.pl\\\/blog\\\/jak-nosic-kardigan\\\/#primaryimage\"},\"thumbnailUrl\":\"https:\\\/\\\/bialcon.pl\\\/blog\\\/wp-content\\\/uploads\\\/2026\\\/01\\\/Projekt-bez-nazwy-7.png\",\"articleSection\":[\"Porady Stylistki\",\"Wszystkie wpisy\"],\"inLanguage\":\"pl-PL\"},{\"@type\":\"WebPage\",\"@id\":\"https:\\\/\\\/bialcon.pl\\\/blog\\\/jak-nosic-kardigan\\\/\",\"url\":\"https:\\\/\\\/bialcon.pl\\\/blog\\\/jak-nosic-kardigan\\\/\",\"name\":\"Jak nosi\u0107 kardigan? Stylizacje z kardiganem, kt\u00f3re sprawdz\u0105 si\u0119 na ka\u017cd\u0105 okazj\u0119 - Bialcon\",\"isPartOf\":{\"@id\":\"https:\\\/\\\/bialcon.pl\\\/blog\\\/#website\"},\"primaryImageOfPage\":{\"@id\":\"https:\\\/\\\/bialcon.pl\\\/blog\\\/jak-nosic-kardigan\\\/#primaryimage\"},\"image\":{\"@id\":\"https:\\\/\\\/bialcon.pl\\\/blog\\\/jak-nosic-kardigan\\\/#primaryimage\"},\"thumbnailUrl\":\"https:\\\/\\\/bialcon.pl\\\/blog\\\/wp-content\\\/uploads\\\/2026\\\/01\\\/Projekt-bez-nazwy-7.png\",\"datePublished\":\"2026-01-15T09:00:00+00:00\",\"dateModified\":\"2026-04-16T08:51:01+00:00\",\"author\":{\"@id\":\"https:\\\/\\\/bialcon.pl\\\/blog\\\/#\\\/schema\\\/person\\\/cbbe4ae2297c5abd7376399985d5fabb\"},\"description\":\"Kardigan od lat zajmuje wa\u017cne miejsce w kobiecej garderobie i nic nie wskazuje na to, aby mia\u0142 znikn\u0105\u0107 z modowych trend\u00f3w.\",\"breadcrumb\":{\"@id\":\"https:\\\/\\\/bialcon.pl\\\/blog\\\/jak-nosic-kardigan\\\/#breadcrumb\"},\"inLanguage\":\"pl-PL\",\"potentialAction\":[{\"@type\":\"ReadAction\",\"target\":[\"https:\\\/\\\/bialcon.pl\\\/blog\\\/jak-nosic-kardigan\\\/\"]}]},{\"@type\":\"ImageObject\",\"inLanguage\":\"pl-PL\",\"@id\":\"https:\\\/\\\/bialcon.pl\\\/blog\\\/jak-nosic-kardigan\\\/#primaryimage\",\"url\":\"https:\\\/\\\/bialcon.pl\\\/blog\\\/wp-content\\\/uploads\\\/2026\\\/01\\\/Projekt-bez-nazwy-7.png\",\"contentUrl\":\"https:\\\/\\\/bialcon.pl\\\/blog\\\/wp-content\\\/uploads\\\/2026\\\/01\\\/Projekt-bez-nazwy-7.png\",\"width\":960,\"height\":850,\"caption\":\"Wizualizacja kobiety w kardiganie Bialcon\"},{\"@type\":\"BreadcrumbList\",\"@id\":\"https:\\\/\\\/bialcon.pl\\\/blog\\\/jak-nosic-kardigan\\\/#breadcrumb\",\"itemListElement\":[{\"@type\":\"ListItem\",\"position\":1,\"name\":\"Strona g\u0142\u00f3wna\",\"item\":\"https:\\\/\\\/bialcon.pl\\\/blog\\\/\"},{\"@type\":\"ListItem\",\"position\":2,\"name\":\"Porady Stylistki\",\"item\":\"https:\\\/\\\/bialcon.pl\\\/blog\\\/porady-stylistki\\\/\"},{\"@type\":\"ListItem\",\"position\":3,\"name\":\"Jak nosi\u0107 kardigan? Stylizacje z kardiganem, kt\u00f3re sprawdz\u0105 si\u0119 na ka\u017cd\u0105 okazj\u0119\"}]},{\"@type\":\"WebSite\",\"@id\":\"https:\\\/\\\/bialcon.pl\\\/blog\\\/#website\",\"url\":\"https:\\\/\\\/bialcon.pl\\\/blog\\\/\",\"name\":\"bialcon.pl\\\/blog\\\/\",\"description\":\"Fashion Blog w zasi\u0119gu Twojej r\u0119ki\",\"potentialAction\":[{\"@type\":\"SearchAction\",\"target\":{\"@type\":\"EntryPoint\",\"urlTemplate\":\"https:\\\/\\\/bialcon.pl\\\/blog\\\/?s={search_term_string}\"},\"query-input\":{\"@type\":\"PropertyValueSpecification\",\"valueRequired\":true,\"valueName\":\"search_term_string\"}}],\"inLanguage\":\"pl-PL\"},{\"@type\":\"Person\",\"@id\":\"https:\\\/\\\/bialcon.pl\\\/blog\\\/#\\\/schema\\\/person\\\/cbbe4ae2297c5abd7376399985d5fabb\",\"name\":\"Ma\u0142gorzata Brzezi\u0144ska\",\"image\":{\"@type\":\"ImageObject\",\"inLanguage\":\"pl-PL\",\"@id\":\"https:\\\/\\\/secure.gravatar.com\\\/avatar\\\/3fc4a4cdba63586f503a5c5711e9b04d01ab1234b186b03e727ad902b6f4912d?s=96&d=mm&r=g\",\"url\":\"https:\\\/\\\/secure.gravatar.com\\\/avatar\\\/3fc4a4cdba63586f503a5c5711e9b04d01ab1234b186b03e727ad902b6f4912d?s=96&d=mm&r=g\",\"contentUrl\":\"https:\\\/\\\/secure.gravatar.com\\\/avatar\\\/3fc4a4cdba63586f503a5c5711e9b04d01ab1234b186b03e727ad902b6f4912d?s=96&d=mm&r=g\",\"caption\":\"Ma\u0142gorzata Brzezi\u0144ska\"},\"description\":\"Autorka tre\u015bci z zakresu mody, urody i stylu \u017cycia. Tworzy artyku\u0142y i poradniki oparte na analizie trend\u00f3w oraz potrzeb u\u017cytkownik\u00f3w, \u0142\u0105cz\u0105c wiedz\u0119 z zakresu komunikacji marketingowej i praktyki contentowej. Specjalizuje si\u0119 w bran\u017cach fashion, beauty &amp; health oraz gourmet food, przygotowuj\u0105c tre\u015bci dopasowane do realnych sytuacji i wybor\u00f3w konsumenckich. Na co dzie\u0144 zajmuje si\u0119 r\u00f3wnie\u017c content marketingiem i SEO.\",\"sameAs\":[\"https:\\\/\\\/www.linkedin.com\\\/in\\\/gosia-brzezinska-827052b4\\\/\"],\"url\":\"https:\\\/\\\/bialcon.pl\\\/blog\\\/author\\\/brzezinska\\\/\"}]}<\/script>\n<!-- \/ Yoast SEO plugin. -->","yoast_head_json":{"title":"Jak nosi\u0107 kardigan? Stylizacje z kardiganem, kt\u00f3re sprawdz\u0105 si\u0119 na ka\u017cd\u0105 okazj\u0119 - Bialcon","description":"Kardigan od lat zajmuje wa\u017cne miejsce w kobiecej garderobie i nic nie wskazuje na to, aby mia\u0142 znikn\u0105\u0107 z modowych trend\u00f3w.","robots":{"index":"index","follow":"follow","max-snippet":"max-snippet:-1","max-image-preview":"max-image-preview:large","max-video-preview":"max-video-preview:-1"},"canonical":"https:\/\/bialcon.pl\/blog\/jak-nosic-kardigan\/","twitter_misc":{"Napisane przez":"Ma\u0142gorzata Brzezi\u0144ska","Szacowany czas czytania":"8 minut"},"schema":{"@context":"https:\/\/schema.org","@graph":[{"@type":"Article","@id":"https:\/\/bialcon.pl\/blog\/jak-nosic-kardigan\/#article","isPartOf":{"@id":"https:\/\/bialcon.pl\/blog\/jak-nosic-kardigan\/"},"author":{"name":"Ma\u0142gorzata Brzezi\u0144ska","@id":"https:\/\/bialcon.pl\/blog\/#\/schema\/person\/cbbe4ae2297c5abd7376399985d5fabb"},"headline":"Jak nosi\u0107 kardigan? Stylizacje z kardiganem, kt\u00f3re sprawdz\u0105 si\u0119 na ka\u017cd\u0105 okazj\u0119","datePublished":"2026-01-15T09:00:00+00:00","dateModified":"2026-04-16T08:51:01+00:00","mainEntityOfPage":{"@id":"https:\/\/bialcon.pl\/blog\/jak-nosic-kardigan\/"},"wordCount":1496,"image":{"@id":"https:\/\/bialcon.pl\/blog\/jak-nosic-kardigan\/#primaryimage"},"thumbnailUrl":"https:\/\/bialcon.pl\/blog\/wp-content\/uploads\/2026\/01\/Projekt-bez-nazwy-7.png","articleSection":["Porady Stylistki","Wszystkie wpisy"],"inLanguage":"pl-PL"},{"@type":"WebPage","@id":"https:\/\/bialcon.pl\/blog\/jak-nosic-kardigan\/","url":"https:\/\/bialcon.pl\/blog\/jak-nosic-kardigan\/","name":"Jak nosi\u0107 kardigan? Stylizacje z kardiganem, kt\u00f3re sprawdz\u0105 si\u0119 na ka\u017cd\u0105 okazj\u0119 - Bialcon","isPartOf":{"@id":"https:\/\/bialcon.pl\/blog\/#website"},"primaryImageOfPage":{"@id":"https:\/\/bialcon.pl\/blog\/jak-nosic-kardigan\/#primaryimage"},"image":{"@id":"https:\/\/bialcon.pl\/blog\/jak-nosic-kardigan\/#primaryimage"},"thumbnailUrl":"https:\/\/bialcon.pl\/blog\/wp-content\/uploads\/2026\/01\/Projekt-bez-nazwy-7.png","datePublished":"2026-01-15T09:00:00+00:00","dateModified":"2026-04-16T08:51:01+00:00","author":{"@id":"https:\/\/bialcon.pl\/blog\/#\/schema\/person\/cbbe4ae2297c5abd7376399985d5fabb"},"description":"Kardigan od lat zajmuje wa\u017cne miejsce w kobiecej garderobie i nic nie wskazuje na to, aby mia\u0142 znikn\u0105\u0107 z modowych trend\u00f3w.","breadcrumb":{"@id":"https:\/\/bialcon.pl\/blog\/jak-nosic-kardigan\/#breadcrumb"},"inLanguage":"pl-PL","potentialAction":[{"@type":"ReadAction","target":["https:\/\/bialcon.pl\/blog\/jak-nosic-kardigan\/"]}]},{"@type":"ImageObject","inLanguage":"pl-PL","@id":"https:\/\/bialcon.pl\/blog\/jak-nosic-kardigan\/#primaryimage","url":"https:\/\/bialcon.pl\/blog\/wp-content\/uploads\/2026\/01\/Projekt-bez-nazwy-7.png","contentUrl":"https:\/\/bialcon.pl\/blog\/wp-content\/uploads\/2026\/01\/Projekt-bez-nazwy-7.png","width":960,"height":850,"caption":"Wizualizacja kobiety w kardiganie Bialcon"},{"@type":"BreadcrumbList","@id":"https:\/\/bialcon.pl\/blog\/jak-nosic-kardigan\/#breadcrumb","itemListElement":[{"@type":"ListItem","position":1,"name":"Strona g\u0142\u00f3wna","item":"https:\/\/bialcon.pl\/blog\/"},{"@type":"ListItem","position":2,"name":"Porady Stylistki","item":"https:\/\/bialcon.pl\/blog\/porady-stylistki\/"},{"@type":"ListItem","position":3,"name":"Jak nosi\u0107 kardigan? Stylizacje z kardiganem, kt\u00f3re sprawdz\u0105 si\u0119 na ka\u017cd\u0105 okazj\u0119"}]},{"@type":"WebSite","@id":"https:\/\/bialcon.pl\/blog\/#website","url":"https:\/\/bialcon.pl\/blog\/","name":"bialcon.pl\/blog\/","description":"Fashion Blog w zasi\u0119gu Twojej r\u0119ki","potentialAction":[{"@type":"SearchAction","target":{"@type":"EntryPoint","urlTemplate":"https:\/\/bialcon.pl\/blog\/?s={search_term_string}"},"query-input":{"@type":"PropertyValueSpecification","valueRequired":true,"valueName":"search_term_string"}}],"inLanguage":"pl-PL"},{"@type":"Person","@id":"https:\/\/bialcon.pl\/blog\/#\/schema\/person\/cbbe4ae2297c5abd7376399985d5fabb","name":"Ma\u0142gorzata Brzezi\u0144ska","image":{"@type":"ImageObject","inLanguage":"pl-PL","@id":"https:\/\/secure.gravatar.com\/avatar\/3fc4a4cdba63586f503a5c5711e9b04d01ab1234b186b03e727ad902b6f4912d?s=96&d=mm&r=g","url":"https:\/\/secure.gravatar.com\/avatar\/3fc4a4cdba63586f503a5c5711e9b04d01ab1234b186b03e727ad902b6f4912d?s=96&d=mm&r=g","contentUrl":"https:\/\/secure.gravatar.com\/avatar\/3fc4a4cdba63586f503a5c5711e9b04d01ab1234b186b03e727ad902b6f4912d?s=96&d=mm&r=g","caption":"Ma\u0142gorzata Brzezi\u0144ska"},"description":"Autorka tre\u015bci z zakresu mody, urody i stylu \u017cycia. Tworzy artyku\u0142y i poradniki oparte na analizie trend\u00f3w oraz potrzeb u\u017cytkownik\u00f3w, \u0142\u0105cz\u0105c wiedz\u0119 z zakresu komunikacji marketingowej i praktyki contentowej. Specjalizuje si\u0119 w bran\u017cach fashion, beauty &amp; health oraz gourmet food, przygotowuj\u0105c tre\u015bci dopasowane do realnych sytuacji i wybor\u00f3w konsumenckich. Na co dzie\u0144 zajmuje si\u0119 r\u00f3wnie\u017c content marketingiem i SEO.","sameAs":["https:\/\/www.linkedin.com\/in\/gosia-brzezinska-827052b4\/"],"url":"https:\/\/bialcon.pl\/blog\/author\/brzezinska\/"}]}},"_links":{"self":[{"href":"https:\/\/bialcon.pl\/blog\/wp-json\/wp\/v2\/posts\/12761","targetHints":{"allow":["GET"]}}],"collection":[{"href":"https:\/\/bialcon.pl\/blog\/wp-json\/wp\/v2\/posts"}],"about":[{"href":"https:\/\/bialcon.pl\/blog\/wp-json\/wp\/v2\/types\/post"}],"author":[{"embeddable":true,"href":"https:\/\/bialcon.pl\/blog\/wp-json\/wp\/v2\/users\/10"}],"replies":[{"embeddable":true,"href":"https:\/\/bialcon.pl\/blog\/wp-json\/wp\/v2\/comments?post=12761"}],"version-history":[{"count":2,"href":"https:\/\/bialcon.pl\/blog\/wp-json\/wp\/v2\/posts\/12761\/revisions"}],"predecessor-version":[{"id":12881,"href":"https:\/\/bialcon.pl\/blog\/wp-json\/wp\/v2\/posts\/12761\/revisions\/12881"}],"wp:featuredmedia":[{"embeddable":true,"href":"https:\/\/bialcon.pl\/blog\/wp-json\/wp\/v2\/media\/12762"}],"wp:attachment":[{"href":"https:\/\/bialcon.pl\/blog\/wp-json\/wp\/v2\/media?parent=12761"}],"wp:term":[{"taxonomy":"category","embeddable":true,"href":"https:\/\/bialcon.pl\/blog\/wp-json\/wp\/v2\/categories?post=12761"},{"taxonomy":"post_tag","embeddable":true,"href":"https:\/\/bialcon.pl\/blog\/wp-json\/wp\/v2\/tags?post=12761"}],"curies":[{"name":"wp","href":"https:\/\/api.w.org\/{rel}","templated":true}]}}