{"id":12757,"date":"2026-01-08T10:00:00","date_gmt":"2026-01-08T09:00:00","guid":{"rendered":"https:\/\/bialcon.pl\/blog\/?p=12757"},"modified":"2026-01-05T08:43:53","modified_gmt":"2026-01-05T07:43:53","slug":"czapki-zimowe-damskie","status":"publish","type":"post","link":"https:\/\/bialcon.pl\/blog\/czapki-zimowe-damskie\/","title":{"rendered":"Czapki zimowe damskie \u2013 modne stylizacje i najlepsze modele na ch\u0142odne dni"},"content":{"rendered":"<div id=\"ez-toc-container\" class=\"ez-toc-v2_0_82_2 counter-hierarchy ez-toc-counter ez-toc-custom ez-toc-container-direction\">\n<div class=\"ez-toc-title-container\"><p class=\"ez-toc-title\" style=\"cursor:inherit\">Spis Tre\u015bci<\/p>\n<\/div><nav><ul class='ez-toc-list ez-toc-list-level-1 ' ><li class='ez-toc-page-1 ez-toc-heading-level-2'><a class=\"ez-toc-link ez-toc-heading-1\" href=\"https:\/\/bialcon.pl\/blog\/czapki-zimowe-damskie\/#Czapka_na_zime_damska_%E2%80%93_dlaczego_jest_niezbedna\" >Czapka na zim\u0119 damska \u2013 dlaczego jest niezb\u0119dna?<\/a><\/li><li class='ez-toc-page-1 ez-toc-heading-level-2'><a class=\"ez-toc-link ez-toc-heading-2\" href=\"https:\/\/bialcon.pl\/blog\/czapki-zimowe-damskie\/#Modne_czapki_na_zime_%E2%80%93_co_bedzie_na_topie\" >Modne czapki na zim\u0119 \u2013 co b\u0119dzie na topie?<\/a><\/li><li class='ez-toc-page-1 ez-toc-heading-level-2'><a class=\"ez-toc-link ez-toc-heading-3\" href=\"https:\/\/bialcon.pl\/blog\/czapki-zimowe-damskie\/#Czapka_zimowa_damska_stylizacje_%E2%80%93_jak_ja_nosic_z_klasa\" >Czapka zimowa damska stylizacje \u2013 jak j\u0105 nosi\u0107 z klas\u0105?<\/a><\/li><li class='ez-toc-page-1 ez-toc-heading-level-2'><a class=\"ez-toc-link ez-toc-heading-4\" href=\"https:\/\/bialcon.pl\/blog\/czapki-zimowe-damskie\/#Jak_dobrac_czapke_do_typu_urody\" >Jak dobra\u0107 czapk\u0119 do typu urody?<\/a><\/li><li class='ez-toc-page-1 ez-toc-heading-level-2'><a class=\"ez-toc-link ez-toc-heading-5\" href=\"https:\/\/bialcon.pl\/blog\/czapki-zimowe-damskie\/#Czapki_futrzane_i_modele_z_welny_merino_%E2%80%93_luksusowa_ochrona_przed_chlodem\" >Czapki futrzane i modele z we\u0142ny merino \u2013 luksusowa ochrona przed ch\u0142odem<\/a><\/li><li class='ez-toc-page-1 ez-toc-heading-level-2'><a class=\"ez-toc-link ez-toc-heading-6\" href=\"https:\/\/bialcon.pl\/blog\/czapki-zimowe-damskie\/#Czapki_z_pomponami_%E2%80%93_klasyka_z_nutka_zabawy\" >Czapki z pomponami \u2013 klasyka z nutk\u0105 zabawy<\/a><\/li><li class='ez-toc-page-1 ez-toc-heading-level-2'><a class=\"ez-toc-link ez-toc-heading-7\" href=\"https:\/\/bialcon.pl\/blog\/czapki-zimowe-damskie\/#Kaszkiety_i_berety_%E2%80%93_eleganckie_nakrycia_glowy_w_stylu_retro\" >Kaszkiety i berety \u2013 eleganckie nakrycia g\u0142owy w stylu retro<\/a><\/li><li class='ez-toc-page-1 ez-toc-heading-level-2'><a class=\"ez-toc-link ez-toc-heading-8\" href=\"https:\/\/bialcon.pl\/blog\/czapki-zimowe-damskie\/#Ciepla_czapka_w_duecie_z_szalikiem_%E2%80%93_jak_laczyc_dodatki\" >Ciep\u0142a czapka w duecie z szalikiem \u2013 jak \u0142\u0105czy\u0107 dodatki?<\/a><\/li><li class='ez-toc-page-1 ez-toc-heading-level-2'><a class=\"ez-toc-link ez-toc-heading-9\" href=\"https:\/\/bialcon.pl\/blog\/czapki-zimowe-damskie\/#Jakie_czapki_wybieraja_gwiazdy_i_influencerki\" >Jakie czapki wybieraj\u0105 gwiazdy i influencerki?<\/a><\/li><li class='ez-toc-page-1 ez-toc-heading-level-2'><a class=\"ez-toc-link ez-toc-heading-10\" href=\"https:\/\/bialcon.pl\/blog\/czapki-zimowe-damskie\/#Podsumowanie_%E2%80%93_cieplo_styl_i_jakosc_w_jednym\" >Podsumowanie \u2013 ciep\u0142o, styl i jako\u015b\u0107 w jednym<\/a><\/li><\/ul><\/nav><\/div>\n\n<p><strong>Zimowe miesi\u0105ce to czas, w kt\u00f3rym komfort cieplny idzie w parze z mod\u0105, a czapki zimowe damskie odgrywaj\u0105 w tym duecie pierwszoplanow\u0105 rol\u0119. To nie tylko praktyczne nakrycie g\u0142owy chroni\u0105ce przed ch\u0142odem, wiatrem i \u015bniegiem, ale r\u00f3wnie\u017c wa\u017cny element stylizacji, kt\u00f3ry potrafi ca\u0142kowicie odmieni\u0107 jej charakter. Odpowiednio dobrana czapka zimowa damska mo\u017ce doda\u0107 elegancji, prze\u0142ama\u0107 klasyczny look kolorem lub faktur\u0105, a nawet sta\u0107 si\u0119 punktem wyj\u015bcia do stworzenia ca\u0142ego outfitu. W tym artykule pokazujemy, jak stylizowa\u0107 czapki zimowe i podpowiadamy, kt\u00f3re fasony najlepiej sprawdz\u0105 si\u0119 na mro\u017ane dni.&nbsp;<\/strong><\/p>\n\n\n\n<h2 class=\"wp-block-heading\"><span class=\"ez-toc-section\" id=\"Czapka_na_zime_damska_%E2%80%93_dlaczego_jest_niezbedna\"><\/span>Czapka na zim\u0119 damska \u2013 dlaczego jest niezb\u0119dna?<span class=\"ez-toc-section-end\"><\/span><\/h2>\n\n\n\n<p>Dobrze dobrana czapka na zim\u0119 damska to nie tylko stylowy dodatek, ale przede wszystkim praktyczny element garderoby. W mro\u017ane dni to w\u0142a\u015bnie nakrycie g\u0142owy chroni nas przed utrat\u0105 ciep\u0142a, zapewniaj\u0105c komfort termiczny. Czapki damskie na zim\u0119 skutecznie zabezpieczaj\u0105 uszy i g\u0142ow\u0119 przed zimnym wiatrem, opadami \u015bniegu i niskimi temperaturami. Wybieraj\u0105c odpowiedni\u0105 czapk\u0119 zimow\u0105, inwestujemy nie tylko w ciep\u0142o, ale i w zdrowie \u2013 wych\u0142odzenie g\u0142owy mo\u017ce skutkowa\u0107 nieprzyjemnymi infekcjami, a przecie\u017c zim\u0105 zale\u017cy nam na pe\u0142nej sprawno\u015bci i dobrym samopoczuciu.<\/p>\n\n\n\r\n<div class=\"product-block-container swiper mySwiperProductBlock\">\r\n    <div class=\"product-block-swiper swiper-wrapper\">\r\n                    <div class=\"swiper-slide product-block-item\" data-id=\"147127\">\r\n                <a href=\"https:\/\/bialcon.pl\/brazowa-miekka-czapka-z-angory?utm_source=blog&utm_medium=trendy&utm_campaign=080126\" class=\"product-block-url\" target=\"_blank\">\r\n                    <div class=\"product-block-image\">\r\n                        <img decoding=\"async\" width=\"300\" height=\"400\" src=\"https:\/\/bialcon.pl\/picture\/czapka-brazowy.jpg\" alt=\"Br\u0105zowa mi\u0119kka czapka z angory\">\r\n                    <\/div>\r\n                    <div class=\"product-block-name\">\r\n                        <p>Br\u0105zowa mi\u0119kka czapka z angory<\/p>\r\n                    <\/div>\r\n                <\/a>\r\n            <\/div>\r\n                    <div class=\"swiper-slide product-block-item\" data-id=\"146545\">\r\n                <a href=\"https:\/\/bialcon.pl\/skorzane-czarne-rekawiczki-z-delikatnym-zdobieniem?utm_source=blog&utm_medium=trendy&utm_campaign=080126\" class=\"product-block-url\" target=\"_blank\">\r\n                    <div class=\"product-block-image\">\r\n                        <img decoding=\"async\" width=\"300\" height=\"400\" src=\"https:\/\/bialcon.pl\/picture\/rekawiczki-p8205-0-semi-line.JPG\" alt=\"Sk\u00f3rzane czarne r\u0119kawiczki z delikatnym zdobieniem\">\r\n                    <\/div>\r\n                    <div class=\"product-block-name\">\r\n                        <p>Sk\u00f3rzane czarne r\u0119kawiczki z delikatnym zdobieniem<\/p>\r\n                    <\/div>\r\n                <\/a>\r\n            <\/div>\r\n                    <div class=\"swiper-slide product-block-item\" data-id=\"146546\">\r\n                <a href=\"https:\/\/bialcon.pl\/czarne-skorzane-rekawiczki-z-eleganckim-futerkiem?utm_source=blog&utm_medium=trendy&utm_campaign=080126\" class=\"product-block-url\" target=\"_blank\">\r\n                    <div class=\"product-block-image\">\r\n                        <img decoding=\"async\" width=\"300\" height=\"400\" src=\"https:\/\/bialcon.pl\/picture\/rekawiczki-p8208-semi-line.jpg\" alt=\"Czarne sk\u00f3rzane r\u0119kawiczki z eleganckim futerkiem\">\r\n                    <\/div>\r\n                    <div class=\"product-block-name\">\r\n                        <p>Czarne sk\u00f3rzane r\u0119kawiczki z eleganckim futerkiem<\/p>\r\n                    <\/div>\r\n                <\/a>\r\n            <\/div>\r\n            <\/div>\r\n<\/div>\r\n\n\n\n\n<h2 class=\"wp-block-heading\"><span class=\"ez-toc-section\" id=\"Modne_czapki_na_zime_%E2%80%93_co_bedzie_na_topie\"><\/span>Modne czapki na zim\u0119 \u2013 co b\u0119dzie na topie?<span class=\"ez-toc-section-end\"><\/span><\/h2>\n\n\n\n<p>W tym sezonie projektanci stawiaj\u0105 na r\u00f3\u017cnorodno\u015b\u0107. Modne czapki na zim\u0119 przyjmuj\u0105 wiele form \u2013 od klasycznych beanie, przez czapki futrzane, a\u017c po eleganckie berety i kaszkiety. W modzie pozostaj\u0105 tak\u017ce modele z pomponem oraz czapki damskie wykonane z we\u0142ny merino, kt\u00f3re \u0142\u0105cz\u0105 ciep\u0142o z luksusowym wygl\u0105dem. Coraz wi\u0119ksz\u0105 popularno\u015bci\u0105 ciesz\u0105 si\u0119 te\u017c czapki o grubym splocie, idealne na najch\u0142odniejsze dni. Damska czapka zimowa nie musi by\u0107 nudna \u2013 mo\u017ce mie\u0107 wyrazisty kolor, ciekawe przeszycia, zdobienia lub nawet metaliczne nici. Wystarczy jeden dobrze dobrany model, by nada\u0107 zimowej stylizacji wyj\u0105tkowego charakteru.<\/p>\n\n\n\n<h2 class=\"wp-block-heading\"><span class=\"ez-toc-section\" id=\"Czapka_zimowa_damska_stylizacje_%E2%80%93_jak_ja_nosic_z_klasa\"><\/span>Czapka zimowa damska stylizacje \u2013 jak j\u0105 nosi\u0107 z klas\u0105?<span class=\"ez-toc-section-end\"><\/span><\/h2>\n\n\n\n<p>Czapka zimowa damska to jeden z tych dodatk\u00f3w, kt\u00f3ry mo\u017ce ca\u0142kowicie odmieni\u0107 charakter codziennej stylizacji. Cho\u0107 wiele os\u00f3b nadal traktuje j\u0105 wy\u0142\u0105cznie jako praktyczny element garderoby, moda uliczna i pokazowa udowadniaj\u0105, \u017ce czapki zimowe mog\u0105 by\u0107 tak\u017ce wyrazem stylu i osobowo\u015bci. Stylizacje z czapk\u0105 nie musz\u0105 by\u0107 nudne \u2013 wr\u0119cz przeciwnie, odpowiednio dobrane modele potrafi\u0105 podkre\u015bli\u0107 charakter outfitu, doda\u0107 mu lekko\u015bci lub wyrazisto\u015bci. Eleganckie czapki damskie doskonale prezentuj\u0105 si\u0119 w zestawieniu z d\u0142ugim p\u0142aszczem, klasycznymi botkami i torebk\u0105 w minimalistycznym stylu. Taki zestaw sprawdzi si\u0119 zar\u00f3wno na spacerze po mie\u015bcie, jak i w drodze do pracy. Je\u015bli preferujesz styl casualowy, postaw na klasyczne beanie w kolorze karmelu, jasnej szaro\u015bci lub khaki \u2013 s\u0105 niezwykle uniwersalne i \u0142atwo je po\u0142\u0105czy\u0107 z pikowan\u0105 kurtk\u0105 lub ko\u017cuchem.&nbsp;<\/p>\n\n\n\n<p>Warto pami\u0119ta\u0107, \u017ce damska czapka zimowa powinna by\u0107 dobrana r\u00f3wnie\u017c do proporcji twarzy \u2013 zbyt obszerna mo\u017ce przyt\u0142oczy\u0107 drobn\u0105 sylwetk\u0119, natomiast zbyt ciasna optycznie j\u0105 zaokr\u0105gli. Dlatego przed zakupem warto przymierzy\u0107 kilka fason\u00f3w, by przekona\u0107 si\u0119, kt\u00f3ry najlepiej wsp\u00f3\u0142gra z rysami i struktur\u0105 w\u0142os\u00f3w. Stylizacje z czapk\u0105 mog\u0105 by\u0107 tak\u017ce \u015bwietn\u0105 okazj\u0105 do zabawy kolorem \u2013 barwna czapka zestawiona z jednokolorowym outfitem to modowy strza\u0142 w dziesi\u0105tk\u0119.<\/p>\n\n\n\r\n<div class=\"product-block-container swiper mySwiperProductBlock\">\r\n    <div class=\"product-block-swiper swiper-wrapper\">\r\n                    <div class=\"swiper-slide product-block-item\" data-id=\"147681\">\r\n                <a href=\"https:\/\/bialcon.pl\/prosty-kremowy-plaszcz-z-wiazaniem?utm_source=blog&utm_medium=trendy&utm_campaign=080126\" class=\"product-block-url\" target=\"_blank\">\r\n                    <div class=\"product-block-image\">\r\n                        <img decoding=\"async\" width=\"300\" height=\"400\" src=\"https:\/\/bialcon.pl\/picture\/plaszcz-carmen-ecru-relis.jpg\" alt=\"Prosty kremowy p\u0142aszcz z wi\u0105zaniem\">\r\n                    <\/div>\r\n                    <div class=\"product-block-name\">\r\n                        <p>Prosty kremowy p\u0142aszcz z wi\u0105zaniem<\/p>\r\n                    <\/div>\r\n                <\/a>\r\n            <\/div>\r\n                    <div class=\"swiper-slide product-block-item\" data-id=\"147682\">\r\n                <a href=\"https:\/\/bialcon.pl\/prosty-kamelowy-plaszcz-z-wiazaniem?utm_source=blog&utm_medium=trendy&utm_campaign=080126\" class=\"product-block-url\" target=\"_blank\">\r\n                    <div class=\"product-block-image\">\r\n                        <img decoding=\"async\" width=\"300\" height=\"400\" src=\"https:\/\/bialcon.pl\/picture\/plaszcz-carmen-bezowy-relis.jpg\" alt=\"Prosty kamelowy p\u0142aszcz z wi\u0105zaniem\">\r\n                    <\/div>\r\n                    <div class=\"product-block-name\">\r\n                        <p>Prosty kamelowy p\u0142aszcz z wi\u0105zaniem<\/p>\r\n                    <\/div>\r\n                <\/a>\r\n            <\/div>\r\n                    <div class=\"swiper-slide product-block-item\" data-id=\"147684\">\r\n                <a href=\"https:\/\/bialcon.pl\/wiosenny-bawelniany-trencz-za-kolano-w-kolorze-czarnym?utm_source=blog&utm_medium=trendy&utm_campaign=080126\" class=\"product-block-url\" target=\"_blank\">\r\n                    <div class=\"product-block-image\">\r\n                        <img decoding=\"async\" width=\"300\" height=\"400\" src=\"https:\/\/bialcon.pl\/picture\/plaszcz-vivien-czarny-relis.jpg\" alt=\"Wiosenny bawe\u0142niany trencz za kolano w kolorze czarnym\">\r\n                    <\/div>\r\n                    <div class=\"product-block-name\">\r\n                        <p>Wiosenny bawe\u0142niany trencz za kolano w kolorze czarnym<\/p>\r\n                    <\/div>\r\n                <\/a>\r\n            <\/div>\r\n            <\/div>\r\n<\/div>\r\n\n\n\n\n<h2 class=\"wp-block-heading\"><span class=\"ez-toc-section\" id=\"Jak_dobrac_czapke_do_typu_urody\"><\/span>Jak dobra\u0107 czapk\u0119 do typu urody?<span class=\"ez-toc-section-end\"><\/span><\/h2>\n\n\n\n<p>Dob\u00f3r czapki do kszta\u0142tu twarzy i typu urody to klucz do stworzenia harmonijnej stylizacji. Panie o okr\u0105g\u0142ej twarzy powinny wybiera\u0107 czapki z nieco wyd\u0142u\u017conym fasonem, kt\u00f3re optycznie wyd\u0142u\u017c\u0105 twarz \u2013 np. klasyczne beanie lub czapki z lekkim zwisem. Kobiety o owalnym kszta\u0142cie twarzy maj\u0105 najwi\u0119ksze pole do popisu \u2013 pasuj\u0105 im niemal wszystkie modele, od kaszkiet\u00f3w po eleganckie nakrycia g\u0142owy z daszkiem. Czapki damskie z pomponem polecane s\u0105 paniom o delikatnych rysach \u2013 dodaj\u0105 uroku i dziewcz\u0119cego wdzi\u0119ku. Wa\u017cne, aby czapka podkre\u015bla\u0142a urod\u0119, a nie przyt\u0142acza\u0142a jej \u2013 zbyt masywne modele mog\u0105 zaburzy\u0107 proporcje twarzy, dlatego warto przymierzy\u0107 kilka opcji przed zakupem.<\/p>\n\n\n\n<h2 class=\"wp-block-heading\"><span class=\"ez-toc-section\" id=\"Czapki_futrzane_i_modele_z_welny_merino_%E2%80%93_luksusowa_ochrona_przed_chlodem\"><\/span>Czapki futrzane i modele z we\u0142ny merino \u2013 luksusowa ochrona przed ch\u0142odem<span class=\"ez-toc-section-end\"><\/span><\/h2>\n\n\n\n<p>Damskie czapki zimowe wykonane z naturalnego futra lub we\u0142ny merino to propozycje dla kobiet, kt\u00f3re ceni\u0105 sobie najwy\u017csz\u0105 jako\u015b\u0107 i elegancki wygl\u0105d. Futrzane czapki nie tylko wygl\u0105daj\u0105 luksusowo, ale tak\u017ce doskonale izoluj\u0105 przed mrozem. We\u0142na merino to z kolei materia\u0142, kt\u00f3ry \u0142\u0105czy w\u0142a\u015bciwo\u015bci termoregulacyjne z delikatno\u015bci\u0105 dla sk\u00f3ry. Tego typu czapka damska zimowa b\u0119dzie \u015bwietnym wyborem na zimowe spacery oraz formalne wyj\u015bcia. Modele wykonane z wysokogatunkowych materia\u0142\u00f3w, dost\u0119pne w naszej ofercie, zachwycaj\u0105 trwa\u0142o\u015bci\u0105 i estetyk\u0105 wykonania, dzi\u0119ki czemu mog\u0105 pos\u0142u\u017cy\u0107 przez wiele sezon\u00f3w.<\/p>\n\n\n\n<h2 class=\"wp-block-heading\"><span class=\"ez-toc-section\" id=\"Czapki_z_pomponami_%E2%80%93_klasyka_z_nutka_zabawy\"><\/span>Czapki z pomponami \u2013 klasyka z nutk\u0105 zabawy<span class=\"ez-toc-section-end\"><\/span><\/h2>\n\n\n\n<p>Czapki zimowe z pomponami maj\u0105 w sobie co\u015b niezwykle ujmuj\u0105cego. Kojarz\u0105 si\u0119 z dzieci\u0144stwem, rado\u015bci\u0105 i beztrosk\u0105, ale jednocze\u015bnie mog\u0105 by\u0107 pe\u0142noprawnym elementem kobiecej, dopracowanej stylizacji. Damskie czapki z pomponami ju\u017c od wielu sezon\u00f3w pojawiaj\u0105 si\u0119 na ulicach miast i w kolekcjach najbardziej znanych marek. Ich sekret tkwi w uniwersalno\u015bci \u2013 pasuj\u0105 niemal do ka\u017cdego typu urody i \u015bwietnie komponuj\u0105 si\u0119 zar\u00f3wno z d\u0142ugimi p\u0142aszczami, jak i puchowymi kurtkami o sportowym kroju. Czapki z pomponem mog\u0105 by\u0107 wykonane z delikatnych dzianin, mieszanki we\u0142ny merino lub nawet futrzanych materia\u0142\u00f3w, co dodatkowo wzmacnia ich funkcjonalno\u015b\u0107 w ch\u0142odniejsze dni. Pompon nie musi by\u0107 du\u017cy \u2013 obecnie modne s\u0105 zar\u00f3wno subtelne, jak i bardziej dekoracyjne wersje, kt\u00f3re przyci\u0105gaj\u0105 wzrok i nadaj\u0105 stylizacji modowego sznytu.&nbsp;<\/p>\n\n\n\n<p>Je\u015bli lubisz styl casualowy lub sportow\u0105 elegancj\u0119, czapka z pomponem b\u0119dzie idealnym wyborem. \u015awietnie wsp\u00f3\u0142gra z kurtkami pikowanymi, p\u0142aszczami typu teddy, a nawet z eleganckimi p\u0142aszczami oversize. Warto wspomnie\u0107, \u017ce wiele modeli dost\u0119pnych jest w komplecie z dopasowanym szalikiem lub r\u0119kawiczkami, co pozwala stworzy\u0107 pe\u0142n\u0105, sp\u00f3jn\u0105 stylizacj\u0119. Czapki z pomponami to tak\u017ce \u015bwietna propozycja dla kobiet, kt\u00f3re chc\u0105 doda\u0107 odrobiny lekko\u015bci i m\u0142odzie\u0144czego uroku zimowym zestawom.<\/p>\n\n\n\r\n<div class=\"product-block-container swiper mySwiperProductBlock\">\r\n    <div class=\"product-block-swiper swiper-wrapper\">\r\n                    <div class=\"swiper-slide product-block-item\" data-id=\"147728\">\r\n                <a href=\"https:\/\/bialcon.pl\/pikowana-przejsciowa-kurtka-w-kolorze-czarnym?utm_source=blog&utm_medium=trendy&utm_campaign=080126\" class=\"product-block-url\" target=\"_blank\">\r\n                    <div class=\"product-block-image\">\r\n                        <img decoding=\"async\" width=\"300\" height=\"400\" src=\"https:\/\/bialcon.pl\/picture\/pikowana-przejsciowa-kurtka-w-kolorze-czarnym.jpg\" alt=\"Pikowana przej\u015bciowa kurtka w kolorze czarnym\">\r\n                    <\/div>\r\n                    <div class=\"product-block-name\">\r\n                        <p>Pikowana przej\u015bciowa kurtka w kolorze czarnym<\/p>\r\n                    <\/div>\r\n                <\/a>\r\n            <\/div>\r\n                    <div class=\"swiper-slide product-block-item\" data-id=\"147729\">\r\n                <a href=\"https:\/\/bialcon.pl\/pikowana-przejsciowa-kurtka-w-kolorze-ciemnego-granatu?utm_source=blog&utm_medium=trendy&utm_campaign=080126\" class=\"product-block-url\" target=\"_blank\">\r\n                    <div class=\"product-block-image\">\r\n                        <img decoding=\"async\" width=\"300\" height=\"400\" src=\"https:\/\/bialcon.pl\/picture\/pikowana-przejsciowa-kurtka-w-kolorze-ciemnego-granatu.jpg\" alt=\"Pikowana przej\u015bciowa kurtka w kolorze ciemnego granatu\">\r\n                    <\/div>\r\n                    <div class=\"product-block-name\">\r\n                        <p>Pikowana przej\u015bciowa kurtka w kolorze ciemnego granatu<\/p>\r\n                    <\/div>\r\n                <\/a>\r\n            <\/div>\r\n                    <div class=\"swiper-slide product-block-item\" data-id=\"147730\">\r\n                <a href=\"https:\/\/bialcon.pl\/przejsciowa-kurtka-z-pikowanej-czarnej-tkaniny?utm_source=blog&utm_medium=trendy&utm_campaign=080126\" class=\"product-block-url\" target=\"_blank\">\r\n                    <div class=\"product-block-image\">\r\n                        <img decoding=\"async\" width=\"300\" height=\"400\" src=\"https:\/\/bialcon.pl\/picture\/kurtka-ble-260048-f-czarny_2.jpg\" alt=\"Przej\u015bciowa kurtka z pikowanej czarnej tkaniny\">\r\n                    <\/div>\r\n                    <div class=\"product-block-name\">\r\n                        <p>Przej\u015bciowa kurtka z pikowanej czarnej tkaniny<\/p>\r\n                    <\/div>\r\n                <\/a>\r\n            <\/div>\r\n            <\/div>\r\n<\/div>\r\n\n\n\n\n<h2 class=\"wp-block-heading\"><span class=\"ez-toc-section\" id=\"Kaszkiety_i_berety_%E2%80%93_eleganckie_nakrycia_glowy_w_stylu_retro\"><\/span>Kaszkiety i berety \u2013 eleganckie nakrycia g\u0142owy w stylu retro<span class=\"ez-toc-section-end\"><\/span><\/h2>\n\n\n\n<p>Nie ka\u017cda kobieta lubi klasyczne zimowe czapki. Dla mi\u0142o\u015bniczek retro i eleganckiego minimalizmu doskona\u0142ym wyborem b\u0119d\u0105 kaszkiety i berety. To nakrycia g\u0142owy, kt\u00f3re idealnie sprawdzaj\u0105 si\u0119 w miejskich stylizacjach, zw\u0142aszcza w po\u0142\u0105czeniu z p\u0142aszczem i wysokimi kozakami. Czapki tego typu nie tylko dodaj\u0105 szyku, ale te\u017c pozwalaj\u0105 wyr\u00f3\u017cni\u0107 si\u0119 z t\u0142umu. Beret z we\u0142ny, noszony lekko na bok, \u015bwietnie podkre\u015bli rysy twarzy, a kaszkiet z daszkiem sprawdzi si\u0119 r\u00f3wnie\u017c w cieplejsze dni, gdy nie ma potrzeby noszenia grubszych modeli. W naszej ofercie znajdziesz szeroki wyb\u00f3r takich czapek, kt\u00f3re \u0142\u0105cz\u0105 funkcjonalno\u015b\u0107 z klas\u0105.<\/p>\n\n\n\n<h2 class=\"wp-block-heading\"><span class=\"ez-toc-section\" id=\"Ciepla_czapka_w_duecie_z_szalikiem_%E2%80%93_jak_laczyc_dodatki\"><\/span>Ciep\u0142a czapka w duecie z szalikiem \u2013 jak \u0142\u0105czy\u0107 dodatki?<span class=\"ez-toc-section-end\"><\/span><\/h2>\n\n\n\n<p>Zimowa stylizacja nie ko\u0144czy si\u0119 na samej czapce. Warto zadba\u0107 o to, by czapk\u0119 zimow\u0105 zestawi\u0107 z odpowiednio dobranym szalikiem i r\u0119kawiczkami. Taki komplet nie tylko wygl\u0105da sp\u00f3jnie, ale r\u00f3wnie\u017c zapewnia pe\u0142en komfort cieplny. Damskie czapki dost\u0119pne w naszej ofercie doskonale komponuj\u0105 si\u0119 z eleganckimi szalikami w klasycznych kolorach. Mo\u017cesz postawi\u0107 na zestaw utrzymany w tej samej tonacji lub zaszale\u0107 z kontrastami, np. czapka w kolorze kremowym i bordowy szalik. Wa\u017cne, by materia\u0142y by\u0142y przyjemne w dotyku, nie dra\u017cni\u0142y sk\u00f3ry i skutecznie chroni\u0142y przed zimnem nawet podczas mro\u017anych dni.<\/p>\n\n\n\n<h2 class=\"wp-block-heading\"><span class=\"ez-toc-section\" id=\"Jakie_czapki_wybieraja_gwiazdy_i_influencerki\"><\/span>Jakie czapki wybieraj\u0105 gwiazdy i influencerki?<span class=\"ez-toc-section-end\"><\/span><\/h2>\n\n\n\n<p>\u015awiat mody niezmiennie inspiruje si\u0119 stylem gwiazd, a damskie czapki zimowe coraz cz\u0119\u015bciej pojawiaj\u0105 si\u0119 w stylizacjach celebrytek, kt\u00f3re wyznaczaj\u0105 trendy. Olivia Palermo, znana z eleganckiego miejskiego szyku, cz\u0119sto wybiera klasyczne berety i kaszkiety, kt\u00f3re \u0142\u0105czy z minimalistycznymi p\u0142aszczami i botkami na obcasie. Hailey Bieber, mi\u0142o\u015bniczka miejskiego stylu, stawia na klasyczne beanie w neutralnych kolorach \u2013 szaro\u015bciach, be\u017cach, br\u0105zach \u2013 i zestawia je z oversize&#8217;owymi puch\u00f3wkami i ci\u0119\u017ckimi butami.&nbsp;<\/p>\n\n\n\n<p>W Polsce modow\u0105 inspiracj\u0105 mo\u017ce by\u0107 Maffashion, kt\u00f3ra ch\u0119tnie \u0142\u0105czy eleganckie czapki zimowe z designerskimi p\u0142aszczami i botkami, tworz\u0105c sp\u00f3jne i nowoczesne looki. Gwiazdy pokazuj\u0105, \u017ce czapka na zim\u0119 damska mo\u017ce by\u0107 nie tylko funkcjonalna, ale i stylowa \u2013 cz\u0119sto to w\u0142a\u015bnie ona przyci\u0105ga uwag\u0119 w ca\u0142ej stylizacji. Influencerki modowe lansuj\u0105 tak\u017ce trend czapek w intensywnych kolorach \u2013 r\u00f3\u017cach, kobaltach, czerwieniach \u2013 kt\u00f3re \u015bwietnie kontrastuj\u0105 z zimow\u0105 biel\u0105 lub ciemnymi p\u0142aszczami.&nbsp;<\/p>\n\n\n\n<p>Warto te\u017c zwr\u00f3ci\u0107 uwag\u0119 na dob\u00f3r czapki do fryzury \u2013 lu\u017ano rozpuszczone w\u0142osy, delikatne fale czy klasyczny kucyk z grzywk\u0105 mog\u0105 ca\u0142kowicie zmieni\u0107 spos\u00f3b, w jaki prezentuje si\u0119 czapka na g\u0142owie. Inspiruj\u0105c si\u0119 stylem gwiazd, \u0142atwiej wybra\u0107 model, kt\u00f3ry nie tylko ochroni przed mrozem, ale r\u00f3wnie\u017c podkre\u015bli osobowo\u015b\u0107 i doda pewno\u015bci siebie.<\/p>\n\n\n\r\n<div class=\"product-block-container swiper mySwiperProductBlock\">\r\n    <div class=\"product-block-swiper swiper-wrapper\">\r\n                    <div class=\"swiper-slide product-block-item\" data-id=\"147041\">\r\n                <a href=\"https:\/\/bialcon.pl\/puchowa-wygodna-kurtka-z-kapturem-i-futerkiem?utm_source=blog&utm_medium=trendy&utm_campaign=080126\" class=\"product-block-url\" target=\"_blank\">\r\n                    <div class=\"product-block-image\">\r\n                        <img decoding=\"async\" width=\"300\" height=\"400\" src=\"https:\/\/bialcon.pl\/picture\/kurtka-blh-254152-fxr-ecru.png\" alt=\"Puchowa wygodna kurtka z kapturem i futerkiem\">\r\n                    <\/div>\r\n                    <div class=\"product-block-name\">\r\n                        <p>Puchowa wygodna kurtka z kapturem i futerkiem<\/p>\r\n                    <\/div>\r\n                <\/a>\r\n            <\/div>\r\n                    <div class=\"swiper-slide product-block-item\" data-id=\"147043\">\r\n                <a href=\"https:\/\/bialcon.pl\/puchowa-dluga-kurtka-w-kolorze-cappuccino?utm_source=blog&utm_medium=trendy&utm_campaign=080126\" class=\"product-block-url\" target=\"_blank\">\r\n                    <div class=\"product-block-image\">\r\n                        <img decoding=\"async\" width=\"300\" height=\"400\" src=\"https:\/\/bialcon.pl\/picture\/kurtka-blh-251050-fxr-braz_1.png\" alt=\"Puchowa d\u0142uga kurtka w kolorze cappuccino\">\r\n                    <\/div>\r\n                    <div class=\"product-block-name\">\r\n                        <p>Puchowa d\u0142uga kurtka w kolorze cappuccino<\/p>\r\n                    <\/div>\r\n                <\/a>\r\n            <\/div>\r\n                    <div class=\"swiper-slide product-block-item\" data-id=\"147044\">\r\n                <a href=\"https:\/\/bialcon.pl\/czarna-krotka-kurtka-z-naturalnym-wypelnieniem?utm_source=blog&utm_medium=trendy&utm_campaign=080126\" class=\"product-block-url\" target=\"_blank\">\r\n                    <div class=\"product-block-image\">\r\n                        <img decoding=\"async\" width=\"300\" height=\"400\" src=\"https:\/\/bialcon.pl\/picture\/kurtka-blh-252517-fxr-czarny.png\" alt=\"Czarna kr\u00f3tka kurtka z naturalnym wype\u0142nieniem\">\r\n                    <\/div>\r\n                    <div class=\"product-block-name\">\r\n                        <p>Czarna kr\u00f3tka kurtka z naturalnym wype\u0142nieniem<\/p>\r\n                    <\/div>\r\n                <\/a>\r\n            <\/div>\r\n            <\/div>\r\n<\/div>\r\n\n\n\n\n<h2 class=\"wp-block-heading\"><span class=\"ez-toc-section\" id=\"Podsumowanie_%E2%80%93_cieplo_styl_i_jakosc_w_jednym\"><\/span>Podsumowanie \u2013 ciep\u0142o, styl i jako\u015b\u0107 w jednym<span class=\"ez-toc-section-end\"><\/span><\/h2>\n\n\n\n<p>Zimowe czapki damskie to dzi\u015b co\u015b wi\u0119cej ni\u017c tylko praktyczny dodatek. To wa\u017cny element stylizacji, kt\u00f3ry mo\u017ce nada\u0107 ca\u0142o\u015bci eleganckiego charakteru, podkre\u015bli\u0107 urod\u0119 i zapewni\u0107 maksymalny komfort cieplny. W naszej ofercie znajdziesz czapki zimowe damskie wykonane z wysokiej jako\u015bci materia\u0142\u00f3w \u2013 we\u0142ny merino, naturalnych w\u0142\u00f3kien czy mi\u0119kkich dzianin. Szukasz czapki, kt\u00f3ra b\u0119dzie pasowa\u0107 do p\u0142aszcza, kurtki pikowanej albo eleganckiego szala? W sklepie internetowym Bialcon z pewno\u015bci\u0105 znajdziesz model idealny dla siebie. Postaw na wygod\u0119, styl i jako\u015b\u0107, kt\u00f3re pos\u0142u\u017c\u0105 Ci przez niejeden sezon. Sprawd\u017a nasz asortyment i wybierz czapk\u0119, kt\u00f3ra najlepiej podkre\u015bli Tw\u00f3j zimowy look.<\/p>\n","protected":false},"excerpt":{"rendered":"<p>Zimowe miesi\u0105ce to czas, w kt\u00f3rym komfort cieplny idzie w parze z mod\u0105, a czapki zimowe damskie odgrywaj\u0105 w tym duecie pierwszoplanow\u0105 rol\u0119. To nie tylko praktyczne nakrycie g\u0142owy chroni\u0105ce przed ch\u0142odem, wiatrem i \u015bniegiem, ale r\u00f3wnie\u017c wa\u017cny element stylizacji, kt\u00f3ry potrafi ca\u0142kowicie odmieni\u0107 jej charakter. Odpowiednio dobrana czapka zimowa damska mo\u017ce doda\u0107 elegancji, prze\u0142ama\u0107 [&hellip;]<\/p>\n","protected":false},"author":8,"featured_media":12758,"comment_status":"closed","ping_status":"open","sticky":false,"template":"","format":"standard","meta":{"_acf_changed":false,"site-sidebar-layout":"default","site-content-layout":"","ast-site-content-layout":"default","site-content-style":"default","site-sidebar-style":"default","ast-global-header-display":"","ast-banner-title-visibility":"","ast-main-header-display":"","ast-hfb-above-header-display":"","ast-hfb-below-header-display":"","ast-hfb-mobile-header-display":"","site-post-title":"","ast-breadcrumbs-content":"","ast-featured-img":"","footer-sml-layout":"","theme-transparent-header-meta":"","adv-header-id-meta":"","stick-header-meta":"","header-above-stick-meta":"","header-main-stick-meta":"","header-below-stick-meta":"","astra-migrate-meta-layouts":"set","ast-page-background-enabled":"default","ast-page-background-meta":{"desktop":{"background-color":"","background-image":"","background-repeat":"repeat","background-position":"center center","background-size":"auto","background-attachment":"scroll","background-type":"","background-media":"","overlay-type":"","overlay-color":"","overlay-opacity":"","overlay-gradient":""},"tablet":{"background-color":"","background-image":"","background-repeat":"repeat","background-position":"center center","background-size":"auto","background-attachment":"scroll","background-type":"","background-media":"","overlay-type":"","overlay-color":"","overlay-opacity":"","overlay-gradient":""},"mobile":{"background-color":"","background-image":"","background-repeat":"repeat","background-position":"center center","background-size":"auto","background-attachment":"scroll","background-type":"","background-media":"","overlay-type":"","overlay-color":"","overlay-opacity":"","overlay-gradient":""}},"ast-content-background-meta":{"desktop":{"background-color":"var(--ast-global-color-5)","background-image":"","background-repeat":"repeat","background-position":"center center","background-size":"auto","background-attachment":"scroll","background-type":"","background-media":"","overlay-type":"","overlay-color":"","overlay-opacity":"","overlay-gradient":""},"tablet":{"background-color":"var(--ast-global-color-5)","background-image":"","background-repeat":"repeat","background-position":"center center","background-size":"auto","background-attachment":"scroll","background-type":"","background-media":"","overlay-type":"","overlay-color":"","overlay-opacity":"","overlay-gradient":""},"mobile":{"background-color":"var(--ast-global-color-5)","background-image":"","background-repeat":"repeat","background-position":"center center","background-size":"auto","background-attachment":"scroll","background-type":"","background-media":"","overlay-type":"","overlay-color":"","overlay-opacity":"","overlay-gradient":""}},"footnotes":""},"categories":[9,14],"tags":[],"class_list":["post-12757","post","type-post","status-publish","format-standard","has-post-thumbnail","hentry","category-trendy-w-branzy-fashion","category-wszystkie-wpisy"],"acf":[],"yoast_head":"<!-- This site is optimized with the Yoast SEO plugin v27.4 - https:\/\/yoast.com\/product\/yoast-seo-wordpress\/ -->\n<title>Czapki zimowe damskie \u2013 modne stylizacje i najlepsze modele na ch\u0142odne dni - Bialcon<\/title>\n<meta name=\"description\" content=\"Zobacz modne czapki zimowe damskie i odkryj najlepsze modele na mro\u017ane dni. Styl, elegancja i komfort cieplny w jednym \u2013 idealne na ka\u017cd\u0105 zimow\u0105 stylizacj\u0119.\" \/>\n<meta name=\"robots\" content=\"index, follow, max-snippet:-1, max-image-preview:large, max-video-preview:-1\" \/>\n<link rel=\"canonical\" href=\"https:\/\/bialcon.pl\/blog\/czapki-zimowe-damskie\/\" \/>\n<meta name=\"twitter:label1\" content=\"Napisane przez\" \/>\n\t<meta name=\"twitter:data1\" content=\"Marta Osuch\" \/>\n\t<meta name=\"twitter:label2\" content=\"Szacowany czas czytania\" \/>\n\t<meta name=\"twitter:data2\" content=\"9 minut\" \/>\n<script type=\"application\/ld+json\" class=\"yoast-schema-graph\">{\"@context\":\"https:\\\/\\\/schema.org\",\"@graph\":[{\"@type\":\"Article\",\"@id\":\"https:\\\/\\\/bialcon.pl\\\/blog\\\/czapki-zimowe-damskie\\\/#article\",\"isPartOf\":{\"@id\":\"https:\\\/\\\/bialcon.pl\\\/blog\\\/czapki-zimowe-damskie\\\/\"},\"author\":{\"name\":\"Marta Osuch\",\"@id\":\"https:\\\/\\\/bialcon.pl\\\/blog\\\/#\\\/schema\\\/person\\\/d607966042d507bd761f9e2cab07df62\"},\"headline\":\"Czapki zimowe damskie \u2013 modne stylizacje i najlepsze modele na ch\u0142odne dni\",\"datePublished\":\"2026-01-08T09:00:00+00:00\",\"mainEntityOfPage\":{\"@id\":\"https:\\\/\\\/bialcon.pl\\\/blog\\\/czapki-zimowe-damskie\\\/\"},\"wordCount\":1674,\"image\":{\"@id\":\"https:\\\/\\\/bialcon.pl\\\/blog\\\/czapki-zimowe-damskie\\\/#primaryimage\"},\"thumbnailUrl\":\"https:\\\/\\\/bialcon.pl\\\/blog\\\/wp-content\\\/uploads\\\/2026\\\/01\\\/Projekt-bez-nazwy-6.png\",\"articleSection\":[\"Trendy\",\"Wszystkie wpisy\"],\"inLanguage\":\"pl-PL\"},{\"@type\":\"WebPage\",\"@id\":\"https:\\\/\\\/bialcon.pl\\\/blog\\\/czapki-zimowe-damskie\\\/\",\"url\":\"https:\\\/\\\/bialcon.pl\\\/blog\\\/czapki-zimowe-damskie\\\/\",\"name\":\"Czapki zimowe damskie \u2013 modne stylizacje i najlepsze modele na ch\u0142odne dni - Bialcon\",\"isPartOf\":{\"@id\":\"https:\\\/\\\/bialcon.pl\\\/blog\\\/#website\"},\"primaryImageOfPage\":{\"@id\":\"https:\\\/\\\/bialcon.pl\\\/blog\\\/czapki-zimowe-damskie\\\/#primaryimage\"},\"image\":{\"@id\":\"https:\\\/\\\/bialcon.pl\\\/blog\\\/czapki-zimowe-damskie\\\/#primaryimage\"},\"thumbnailUrl\":\"https:\\\/\\\/bialcon.pl\\\/blog\\\/wp-content\\\/uploads\\\/2026\\\/01\\\/Projekt-bez-nazwy-6.png\",\"datePublished\":\"2026-01-08T09:00:00+00:00\",\"author\":{\"@id\":\"https:\\\/\\\/bialcon.pl\\\/blog\\\/#\\\/schema\\\/person\\\/d607966042d507bd761f9e2cab07df62\"},\"description\":\"Zobacz modne czapki zimowe damskie i odkryj najlepsze modele na mro\u017ane dni. Styl, elegancja i komfort cieplny w jednym \u2013 idealne na ka\u017cd\u0105 zimow\u0105 stylizacj\u0119.\",\"breadcrumb\":{\"@id\":\"https:\\\/\\\/bialcon.pl\\\/blog\\\/czapki-zimowe-damskie\\\/#breadcrumb\"},\"inLanguage\":\"pl-PL\",\"potentialAction\":[{\"@type\":\"ReadAction\",\"target\":[\"https:\\\/\\\/bialcon.pl\\\/blog\\\/czapki-zimowe-damskie\\\/\"]}]},{\"@type\":\"ImageObject\",\"inLanguage\":\"pl-PL\",\"@id\":\"https:\\\/\\\/bialcon.pl\\\/blog\\\/czapki-zimowe-damskie\\\/#primaryimage\",\"url\":\"https:\\\/\\\/bialcon.pl\\\/blog\\\/wp-content\\\/uploads\\\/2026\\\/01\\\/Projekt-bez-nazwy-6.png\",\"contentUrl\":\"https:\\\/\\\/bialcon.pl\\\/blog\\\/wp-content\\\/uploads\\\/2026\\\/01\\\/Projekt-bez-nazwy-6.png\",\"width\":960,\"height\":850,\"caption\":\"Wizualizacja kobiety w r\u00f3\u017cowej czapce\"},{\"@type\":\"BreadcrumbList\",\"@id\":\"https:\\\/\\\/bialcon.pl\\\/blog\\\/czapki-zimowe-damskie\\\/#breadcrumb\",\"itemListElement\":[{\"@type\":\"ListItem\",\"position\":1,\"name\":\"Strona g\u0142\u00f3wna\",\"item\":\"https:\\\/\\\/bialcon.pl\\\/blog\\\/\"},{\"@type\":\"ListItem\",\"position\":2,\"name\":\"Trendy\",\"item\":\"https:\\\/\\\/bialcon.pl\\\/blog\\\/trendy-w-branzy-fashion\\\/\"},{\"@type\":\"ListItem\",\"position\":3,\"name\":\"Czapki zimowe damskie \u2013 modne stylizacje i najlepsze modele na ch\u0142odne dni\"}]},{\"@type\":\"WebSite\",\"@id\":\"https:\\\/\\\/bialcon.pl\\\/blog\\\/#website\",\"url\":\"https:\\\/\\\/bialcon.pl\\\/blog\\\/\",\"name\":\"bialcon.pl\\\/blog\\\/\",\"description\":\"Fashion Blog w zasi\u0119gu Twojej r\u0119ki\",\"potentialAction\":[{\"@type\":\"SearchAction\",\"target\":{\"@type\":\"EntryPoint\",\"urlTemplate\":\"https:\\\/\\\/bialcon.pl\\\/blog\\\/?s={search_term_string}\"},\"query-input\":{\"@type\":\"PropertyValueSpecification\",\"valueRequired\":true,\"valueName\":\"search_term_string\"}}],\"inLanguage\":\"pl-PL\"},{\"@type\":\"Person\",\"@id\":\"https:\\\/\\\/bialcon.pl\\\/blog\\\/#\\\/schema\\\/person\\\/d607966042d507bd761f9e2cab07df62\",\"name\":\"Marta Osuch\",\"image\":{\"@type\":\"ImageObject\",\"inLanguage\":\"pl-PL\",\"@id\":\"https:\\\/\\\/secure.gravatar.com\\\/avatar\\\/e92ecceaeb1c6e5e7cf1d28eb4215cad69403014f340b8f5b576adf09b89be60?s=96&d=mm&r=g\",\"url\":\"https:\\\/\\\/secure.gravatar.com\\\/avatar\\\/e92ecceaeb1c6e5e7cf1d28eb4215cad69403014f340b8f5b576adf09b89be60?s=96&d=mm&r=g\",\"contentUrl\":\"https:\\\/\\\/secure.gravatar.com\\\/avatar\\\/e92ecceaeb1c6e5e7cf1d28eb4215cad69403014f340b8f5b576adf09b89be60?s=96&d=mm&r=g\",\"caption\":\"Marta Osuch\"},\"description\":\"Z wykszta\u0142cenia specjalistka ds. bezpiecze\u0144stwa narodowego, z pasji \u2014 tw\u00f3rczyni tre\u015bci i mi\u0142o\u015bniczka mody. Na co dzie\u0144 \u0142\u0105czy zami\u0142owanie do content marketingu z uwa\u017cn\u0105 obserwacj\u0105 trend\u00f3w, szczeg\u00f3lnie tych inspirowanych stylem najwi\u0119kszych gwiazd. Ch\u0119tnie podpatruje codzienne stylizacje i przek\u0142ada je na mod\u0119 blisk\u0105 \u017cyciu \u2014 kobiec\u0105, stylow\u0105 i pe\u0142n\u0105 charakteru. Prywatnie najch\u0119tniej si\u0119ga po krymina\u0142y i sp\u0119dza czas na spacerach z synkiem.\",\"sameAs\":[\"https:\\\/\\\/www.linkedin.com\\\/in\\\/marta-osuch-b71aa8186\\\/\"],\"url\":\"https:\\\/\\\/bialcon.pl\\\/blog\\\/author\\\/martao\\\/\"}]}<\/script>\n<!-- \/ Yoast SEO plugin. -->","yoast_head_json":{"title":"Czapki zimowe damskie \u2013 modne stylizacje i najlepsze modele na ch\u0142odne dni - Bialcon","description":"Zobacz modne czapki zimowe damskie i odkryj najlepsze modele na mro\u017ane dni. Styl, elegancja i komfort cieplny w jednym \u2013 idealne na ka\u017cd\u0105 zimow\u0105 stylizacj\u0119.","robots":{"index":"index","follow":"follow","max-snippet":"max-snippet:-1","max-image-preview":"max-image-preview:large","max-video-preview":"max-video-preview:-1"},"canonical":"https:\/\/bialcon.pl\/blog\/czapki-zimowe-damskie\/","twitter_misc":{"Napisane przez":"Marta Osuch","Szacowany czas czytania":"9 minut"},"schema":{"@context":"https:\/\/schema.org","@graph":[{"@type":"Article","@id":"https:\/\/bialcon.pl\/blog\/czapki-zimowe-damskie\/#article","isPartOf":{"@id":"https:\/\/bialcon.pl\/blog\/czapki-zimowe-damskie\/"},"author":{"name":"Marta Osuch","@id":"https:\/\/bialcon.pl\/blog\/#\/schema\/person\/d607966042d507bd761f9e2cab07df62"},"headline":"Czapki zimowe damskie \u2013 modne stylizacje i najlepsze modele na ch\u0142odne dni","datePublished":"2026-01-08T09:00:00+00:00","mainEntityOfPage":{"@id":"https:\/\/bialcon.pl\/blog\/czapki-zimowe-damskie\/"},"wordCount":1674,"image":{"@id":"https:\/\/bialcon.pl\/blog\/czapki-zimowe-damskie\/#primaryimage"},"thumbnailUrl":"https:\/\/bialcon.pl\/blog\/wp-content\/uploads\/2026\/01\/Projekt-bez-nazwy-6.png","articleSection":["Trendy","Wszystkie wpisy"],"inLanguage":"pl-PL"},{"@type":"WebPage","@id":"https:\/\/bialcon.pl\/blog\/czapki-zimowe-damskie\/","url":"https:\/\/bialcon.pl\/blog\/czapki-zimowe-damskie\/","name":"Czapki zimowe damskie \u2013 modne stylizacje i najlepsze modele na ch\u0142odne dni - Bialcon","isPartOf":{"@id":"https:\/\/bialcon.pl\/blog\/#website"},"primaryImageOfPage":{"@id":"https:\/\/bialcon.pl\/blog\/czapki-zimowe-damskie\/#primaryimage"},"image":{"@id":"https:\/\/bialcon.pl\/blog\/czapki-zimowe-damskie\/#primaryimage"},"thumbnailUrl":"https:\/\/bialcon.pl\/blog\/wp-content\/uploads\/2026\/01\/Projekt-bez-nazwy-6.png","datePublished":"2026-01-08T09:00:00+00:00","author":{"@id":"https:\/\/bialcon.pl\/blog\/#\/schema\/person\/d607966042d507bd761f9e2cab07df62"},"description":"Zobacz modne czapki zimowe damskie i odkryj najlepsze modele na mro\u017ane dni. Styl, elegancja i komfort cieplny w jednym \u2013 idealne na ka\u017cd\u0105 zimow\u0105 stylizacj\u0119.","breadcrumb":{"@id":"https:\/\/bialcon.pl\/blog\/czapki-zimowe-damskie\/#breadcrumb"},"inLanguage":"pl-PL","potentialAction":[{"@type":"ReadAction","target":["https:\/\/bialcon.pl\/blog\/czapki-zimowe-damskie\/"]}]},{"@type":"ImageObject","inLanguage":"pl-PL","@id":"https:\/\/bialcon.pl\/blog\/czapki-zimowe-damskie\/#primaryimage","url":"https:\/\/bialcon.pl\/blog\/wp-content\/uploads\/2026\/01\/Projekt-bez-nazwy-6.png","contentUrl":"https:\/\/bialcon.pl\/blog\/wp-content\/uploads\/2026\/01\/Projekt-bez-nazwy-6.png","width":960,"height":850,"caption":"Wizualizacja kobiety w r\u00f3\u017cowej czapce"},{"@type":"BreadcrumbList","@id":"https:\/\/bialcon.pl\/blog\/czapki-zimowe-damskie\/#breadcrumb","itemListElement":[{"@type":"ListItem","position":1,"name":"Strona g\u0142\u00f3wna","item":"https:\/\/bialcon.pl\/blog\/"},{"@type":"ListItem","position":2,"name":"Trendy","item":"https:\/\/bialcon.pl\/blog\/trendy-w-branzy-fashion\/"},{"@type":"ListItem","position":3,"name":"Czapki zimowe damskie \u2013 modne stylizacje i najlepsze modele na ch\u0142odne dni"}]},{"@type":"WebSite","@id":"https:\/\/bialcon.pl\/blog\/#website","url":"https:\/\/bialcon.pl\/blog\/","name":"bialcon.pl\/blog\/","description":"Fashion Blog w zasi\u0119gu Twojej r\u0119ki","potentialAction":[{"@type":"SearchAction","target":{"@type":"EntryPoint","urlTemplate":"https:\/\/bialcon.pl\/blog\/?s={search_term_string}"},"query-input":{"@type":"PropertyValueSpecification","valueRequired":true,"valueName":"search_term_string"}}],"inLanguage":"pl-PL"},{"@type":"Person","@id":"https:\/\/bialcon.pl\/blog\/#\/schema\/person\/d607966042d507bd761f9e2cab07df62","name":"Marta Osuch","image":{"@type":"ImageObject","inLanguage":"pl-PL","@id":"https:\/\/secure.gravatar.com\/avatar\/e92ecceaeb1c6e5e7cf1d28eb4215cad69403014f340b8f5b576adf09b89be60?s=96&d=mm&r=g","url":"https:\/\/secure.gravatar.com\/avatar\/e92ecceaeb1c6e5e7cf1d28eb4215cad69403014f340b8f5b576adf09b89be60?s=96&d=mm&r=g","contentUrl":"https:\/\/secure.gravatar.com\/avatar\/e92ecceaeb1c6e5e7cf1d28eb4215cad69403014f340b8f5b576adf09b89be60?s=96&d=mm&r=g","caption":"Marta Osuch"},"description":"Z wykszta\u0142cenia specjalistka ds. bezpiecze\u0144stwa narodowego, z pasji \u2014 tw\u00f3rczyni tre\u015bci i mi\u0142o\u015bniczka mody. Na co dzie\u0144 \u0142\u0105czy zami\u0142owanie do content marketingu z uwa\u017cn\u0105 obserwacj\u0105 trend\u00f3w, szczeg\u00f3lnie tych inspirowanych stylem najwi\u0119kszych gwiazd. Ch\u0119tnie podpatruje codzienne stylizacje i przek\u0142ada je na mod\u0119 blisk\u0105 \u017cyciu \u2014 kobiec\u0105, stylow\u0105 i pe\u0142n\u0105 charakteru. Prywatnie najch\u0119tniej si\u0119ga po krymina\u0142y i sp\u0119dza czas na spacerach z synkiem.","sameAs":["https:\/\/www.linkedin.com\/in\/marta-osuch-b71aa8186\/"],"url":"https:\/\/bialcon.pl\/blog\/author\/martao\/"}]}},"_links":{"self":[{"href":"https:\/\/bialcon.pl\/blog\/wp-json\/wp\/v2\/posts\/12757","targetHints":{"allow":["GET"]}}],"collection":[{"href":"https:\/\/bialcon.pl\/blog\/wp-json\/wp\/v2\/posts"}],"about":[{"href":"https:\/\/bialcon.pl\/blog\/wp-json\/wp\/v2\/types\/post"}],"author":[{"embeddable":true,"href":"https:\/\/bialcon.pl\/blog\/wp-json\/wp\/v2\/users\/8"}],"replies":[{"embeddable":true,"href":"https:\/\/bialcon.pl\/blog\/wp-json\/wp\/v2\/comments?post=12757"}],"version-history":[{"count":1,"href":"https:\/\/bialcon.pl\/blog\/wp-json\/wp\/v2\/posts\/12757\/revisions"}],"predecessor-version":[{"id":12759,"href":"https:\/\/bialcon.pl\/blog\/wp-json\/wp\/v2\/posts\/12757\/revisions\/12759"}],"wp:featuredmedia":[{"embeddable":true,"href":"https:\/\/bialcon.pl\/blog\/wp-json\/wp\/v2\/media\/12758"}],"wp:attachment":[{"href":"https:\/\/bialcon.pl\/blog\/wp-json\/wp\/v2\/media?parent=12757"}],"wp:term":[{"taxonomy":"category","embeddable":true,"href":"https:\/\/bialcon.pl\/blog\/wp-json\/wp\/v2\/categories?post=12757"},{"taxonomy":"post_tag","embeddable":true,"href":"https:\/\/bialcon.pl\/blog\/wp-json\/wp\/v2\/tags?post=12757"}],"curies":[{"name":"wp","href":"https:\/\/api.w.org\/{rel}","templated":true}]}}