{"id":12751,"date":"2026-01-01T10:00:00","date_gmt":"2026-01-01T09:00:00","guid":{"rendered":"https:\/\/bialcon.pl\/blog\/?p=12751"},"modified":"2026-01-05T08:48:59","modified_gmt":"2026-01-05T07:48:59","slug":"jaki-kolor-pasuje-do-bordowego","status":"publish","type":"post","link":"https:\/\/bialcon.pl\/blog\/jaki-kolor-pasuje-do-bordowego\/","title":{"rendered":"Jaki kolor pasuje do bordowego? Sprawdzone po\u0142\u0105czenia kolorystyczne z kolorem bordo"},"content":{"rendered":"<div id=\"ez-toc-container\" class=\"ez-toc-v2_0_82_2 counter-hierarchy ez-toc-counter ez-toc-custom ez-toc-container-direction\">\n<div class=\"ez-toc-title-container\"><p class=\"ez-toc-title\" style=\"cursor:inherit\">Spis Tre\u015bci<\/p>\n<\/div><nav><ul class='ez-toc-list ez-toc-list-level-1 ' ><li class='ez-toc-page-1 ez-toc-heading-level-2'><a class=\"ez-toc-link ez-toc-heading-1\" href=\"https:\/\/bialcon.pl\/blog\/jaki-kolor-pasuje-do-bordowego\/#Komu_pasuje_bordo\" >Komu pasuje bordo?<\/a><\/li><li class='ez-toc-page-1 ez-toc-heading-level-2'><a class=\"ez-toc-link ez-toc-heading-2\" href=\"https:\/\/bialcon.pl\/blog\/jaki-kolor-pasuje-do-bordowego\/#Kolor_bordowy_z_czym_laczyc_%E2%80%93_klasyczne_zestawienia\" >Kolor bordowy z czym \u0142\u0105czy\u0107 \u2013 klasyczne zestawienia<\/a><\/li><li class='ez-toc-page-1 ez-toc-heading-level-2'><a class=\"ez-toc-link ez-toc-heading-3\" href=\"https:\/\/bialcon.pl\/blog\/jaki-kolor-pasuje-do-bordowego\/#Bordowy_i_bez_%E2%80%93_polaczenie_pelne_klasy\" >Bordowy i be\u017c \u2013 po\u0142\u0105czenie pe\u0142ne klasy<\/a><\/li><li class='ez-toc-page-1 ez-toc-heading-level-2'><a class=\"ez-toc-link ez-toc-heading-4\" href=\"https:\/\/bialcon.pl\/blog\/jaki-kolor-pasuje-do-bordowego\/#Szaro-bordowy_duet_%E2%80%93_minimalizm_z_pazurem\" >Szaro-bordowy duet \u2013 minimalizm z pazurem<\/a><\/li><li class='ez-toc-page-1 ez-toc-heading-level-2'><a class=\"ez-toc-link ez-toc-heading-5\" href=\"https:\/\/bialcon.pl\/blog\/jaki-kolor-pasuje-do-bordowego\/#Pudrowy_roz_i_bordo_%E2%80%93_kobiece_polaczenie_z_charakterem\" >Pudrowy r\u00f3\u017c i bordo \u2013 kobiece po\u0142\u0105czenie z charakterem<\/a><\/li><li class='ez-toc-page-1 ez-toc-heading-level-2'><a class=\"ez-toc-link ez-toc-heading-6\" href=\"https:\/\/bialcon.pl\/blog\/jaki-kolor-pasuje-do-bordowego\/#Bordo_i_denim_%E2%80%93_casual_w_nowoczesnym_wydaniu\" >Bordo i denim \u2013 casual w nowoczesnym wydaniu<\/a><\/li><li class='ez-toc-page-1 ez-toc-heading-level-2'><a class=\"ez-toc-link ez-toc-heading-7\" href=\"https:\/\/bialcon.pl\/blog\/jaki-kolor-pasuje-do-bordowego\/#Zloto_i_srebro_%E2%80%93_jakie_dodatki_do_bordo\" >Z\u0142oto i srebro \u2013 jakie dodatki do bordo?<\/a><\/li><li class='ez-toc-page-1 ez-toc-heading-level-2'><a class=\"ez-toc-link ez-toc-heading-8\" href=\"https:\/\/bialcon.pl\/blog\/jaki-kolor-pasuje-do-bordowego\/#Jakie_kolory_pasuja_do_bordowego_Paleta_inspiracji\" >Jakie kolory pasuj\u0105 do bordowego? Paleta inspiracji<\/a><\/li><li class='ez-toc-page-1 ez-toc-heading-level-2'><a class=\"ez-toc-link ez-toc-heading-9\" href=\"https:\/\/bialcon.pl\/blog\/jaki-kolor-pasuje-do-bordowego\/#Bordo_w_total_looku_%E2%80%93_jak_to_ograc\" >Bordo w total looku \u2013 jak to ogra\u0107?<\/a><\/li><li class='ez-toc-page-1 ez-toc-heading-level-2'><a class=\"ez-toc-link ez-toc-heading-10\" href=\"https:\/\/bialcon.pl\/blog\/jaki-kolor-pasuje-do-bordowego\/#Bordowe_dodatki_%E2%80%93_maly_akcent_wielki_efekt\" >Bordowe dodatki \u2013 ma\u0142y akcent, wielki efekt<\/a><\/li><li class='ez-toc-page-1 ez-toc-heading-level-2'><a class=\"ez-toc-link ez-toc-heading-11\" href=\"https:\/\/bialcon.pl\/blog\/jaki-kolor-pasuje-do-bordowego\/#Kolor_bordo_w_aranzacji_wnetrz_%E2%80%93_inspiracje_nie_tylko_modowe\" >Kolor bordo w aran\u017cacji wn\u0119trz \u2013 inspiracje nie tylko modowe<\/a><\/li><li class='ez-toc-page-1 ez-toc-heading-level-2'><a class=\"ez-toc-link ez-toc-heading-12\" href=\"https:\/\/bialcon.pl\/blog\/jaki-kolor-pasuje-do-bordowego\/#Podsumowanie_%E2%80%93_bordo_z_klasa_i_wyczuciem\" >Podsumowanie \u2013 bordo z klas\u0105 i wyczuciem<\/a><\/li><\/ul><\/nav><\/div>\n\n<p>Kolor bordowy to ponadczasowy symbol elegancji, g\u0142\u0119bi i kobieco\u015bci. Jego intensywny, nasycony odcie\u0144 czerwieni, przypominaj\u0105cy kolor czerwonego wina, od lat przyci\u0105ga uwag\u0119 projektant\u00f3w, stylistek oraz mi\u0142o\u015bniczek klasycznych i nowoczesnych stylizacji. Bordo nie tylko dodaje stylu, ale i podkre\u015bla indywidualno\u015b\u0107. To odcie\u0144, kt\u00f3ry doskonale sprawdza si\u0119 zar\u00f3wno w wieczorowych kreacjach, jak i w codziennych zestawach, a jego uniwersalno\u015b\u0107 pozwala z powodzeniem zestawia\u0107 go z wieloma innymi kolorami. W tym artykule sprawdzimy, jaki kolor pasuje do bordowego i jak wykorzysta\u0107 bordowe ubrania w stylizacjach na r\u00f3\u017cne okazje.<\/p>\n\n\n\n<h2 class=\"wp-block-heading\"><span class=\"ez-toc-section\" id=\"Komu_pasuje_bordo\"><\/span>Komu pasuje bordo?<span class=\"ez-toc-section-end\"><\/span><\/h2>\n\n\n\n<p>Zanim si\u0119gniemy po bordowe ubrania, warto wiedzie\u0107, komu szczeg\u00f3lnie s\u0142u\u017cy ten szlachetny kolor. Bordowy kolor \u015bwietnie wygl\u0105da przy jasnej cerze, zw\u0142aszcza je\u015bli towarzysz\u0105 jej ciemne w\u0142osy i wyrazista oprawa oczu. Ciep\u0142y odcie\u0144 bordo podkre\u015bla naturalne pi\u0119kno typu urody \u201ejesie\u0144\u201d i \u201ezima\u201d, ale odpowiednio dobrany mo\u017ce te\u017c wsp\u00f3\u0142gra\u0107 z ch\u0142odniejsz\u0105 urod\u0105. Wszystko zale\u017cy od tonu \u2013 kolor bordo mo\u017ce by\u0107 cieplejszy, jak barwa dojrza\u0142ego wina, albo ch\u0142odniejszy \u2013 niemal wpadaj\u0105cy w \u015bliwkowy. Dzi\u0119ki temu \u0142atwo dobra\u0107 jego wersj\u0119 do indywidualnych cech i typu urody, niezale\u017cnie od tego, czy wybierasz bordow\u0105 marynark\u0119, sukienk\u0119 czy dodatki.<\/p>\n\n\n\n<h2 class=\"wp-block-heading\"><span class=\"ez-toc-section\" id=\"Kolor_bordowy_z_czym_laczyc_%E2%80%93_klasyczne_zestawienia\"><\/span>Kolor bordowy z czym \u0142\u0105czy\u0107 \u2013 klasyczne zestawienia<span class=\"ez-toc-section-end\"><\/span><\/h2>\n\n\n\n<p>Najbardziej oczywistym, a zarazem niezwykle efektownym wyborem b\u0119dzie po\u0142\u0105czenie bordowego koloru z czerni\u0105. Klasyczna czer\u0144 nadaje bordo elegancji i pozwala uzyska\u0107 szykowny look idealny na wieczorne wyj\u015bcia. Mo\u017cesz zestawi\u0107 bordow\u0105 sp\u00f3dnic\u0119 z czarnym golfem, doda\u0107 czarne kozaki na niskim obcasie i z\u0142ote akcenty w bi\u017cuterii. Efekt wow gwarantowany! R\u00f3wnie trafnym wyborem b\u0119dzie po\u0142\u0105czenie bordo z biel\u0105 \u2013 bia\u0142a koszula czy bia\u0142\u0105 koszul\u0105 w po\u0142\u0105czeniu z bordow\u0105 marynark\u0105 to ponadczasowy zestaw, kt\u00f3ry sprawdzi si\u0119 zar\u00f3wno w pracy, jak i na bardziej formalne okazje. Te klasyczne duety podkre\u015blaj\u0105 g\u0142\u0119bi\u0119 bordowego i pasuj\u0105 praktycznie ka\u017cdej kobiecie.<\/p>\n\n\n\r\n<div class=\"product-block-container swiper mySwiperProductBlock\">\r\n    <div class=\"product-block-swiper swiper-wrapper\">\r\n                    <div class=\"swiper-slide product-block-item\" data-id=\"146366\">\r\n                <a href=\"https:\/\/bialcon.pl\/bawelniana-biala-koszula-o-prostym-luznym-kroju?utm_source=blog&utm_medium=poradystylistki&utm_campaign=010126\" class=\"product-block-url\" target=\"_blank\">\r\n                    <div class=\"product-block-image\">\r\n                        <img decoding=\"async\" width=\"300\" height=\"400\" src=\"https:\/\/bialcon.pl\/picture\/bawelniana-biala-koszula-o-prostym-luznym-kroju.jpg\" alt=\"Bawe\u0142niana bia\u0142a koszula o prostym lu\u017anym kroju\">\r\n                    <\/div>\r\n                    <div class=\"product-block-name\">\r\n                        <p>Bawe\u0142niana bia\u0142a koszula o prostym lu\u017anym kroju<\/p>\r\n                    <\/div>\r\n                <\/a>\r\n            <\/div>\r\n                    <div class=\"swiper-slide product-block-item\" data-id=\"146446\">\r\n                <a href=\"https:\/\/bialcon.pl\/elegancka-biala-koszula-z-zabotem?utm_source=blog&utm_medium=poradystylistki&utm_campaign=010126\" class=\"product-block-url\" target=\"_blank\">\r\n                    <div class=\"product-block-image\">\r\n                        <img decoding=\"async\" width=\"300\" height=\"400\" src=\"https:\/\/bialcon.pl\/picture\/elegancka-biala-koszula-z-zabotem_5.jpg\" alt=\"Elegancka bia\u0142a koszula z \u017cabotem\">\r\n                    <\/div>\r\n                    <div class=\"product-block-name\">\r\n                        <p>Elegancka bia\u0142a koszula z \u017cabotem<\/p>\r\n                    <\/div>\r\n                <\/a>\r\n            <\/div>\r\n                    <div class=\"swiper-slide product-block-item\" data-id=\"146231\">\r\n                <a href=\"https:\/\/bialcon.pl\/biala-dluga-koszula-z-oryginalnym-paskiem?utm_source=blog&utm_medium=poradystylistki&utm_campaign=010126\" class=\"product-block-url\" target=\"_blank\">\r\n                    <div class=\"product-block-image\">\r\n                        <img decoding=\"async\" width=\"300\" height=\"400\" src=\"https:\/\/bialcon.pl\/picture\/biala-dluga-koszula-z-oryginalnym-paskiem_1.jpg\" alt=\"Bia\u0142a d\u0142uga koszula z oryginalnym paskiem\">\r\n                    <\/div>\r\n                    <div class=\"product-block-name\">\r\n                        <p>Bia\u0142a d\u0142uga koszula z oryginalnym paskiem<\/p>\r\n                    <\/div>\r\n                <\/a>\r\n            <\/div>\r\n            <\/div>\r\n<\/div>\r\n\n\n\n\n<h2 class=\"wp-block-heading\"><span class=\"ez-toc-section\" id=\"Bordowy_i_bez_%E2%80%93_polaczenie_pelne_klasy\"><\/span>Bordowy i be\u017c \u2013 po\u0142\u0105czenie pe\u0142ne klasy<span class=\"ez-toc-section-end\"><\/span><\/h2>\n\n\n\n<p>Jednym z najbardziej lubianych i uniwersalnych zestawie\u0144 jest bordowy kolor w towarzystwie ciep\u0142ych be\u017c\u00f3w. Be\u017cowy golf i bordowe spodnie, bordowa marynarka z sukienk\u0105 w kolorze jasnego piasku albo p\u0142aszcz bordo i buty w karmelowym odcieniu \u2013 takie stylizacje emanuj\u0105 spokojem, harmoni\u0105 i luksusowym charakterem. Bordo i be\u017c to idealne po\u0142\u0105czenie na co dzie\u0144, do biura czy na spotkania towarzyskie. Dodatkowym atutem jest ich ponadczasowo\u015b\u0107 \u2013 ten zestaw nigdy nie wychodzi z mody.<\/p>\n\n\n\n<h2 class=\"wp-block-heading\"><span class=\"ez-toc-section\" id=\"Szaro-bordowy_duet_%E2%80%93_minimalizm_z_pazurem\"><\/span>Szaro-bordowy duet \u2013 minimalizm z pazurem<span class=\"ez-toc-section-end\"><\/span><\/h2>\n\n\n\n<p>Je\u015bli jeste\u015b fank\u0105 nowoczesnych, ale stonowanych stylizacji, zestawienie bordowego z szaro\u015bci\u0105 b\u0119dzie strza\u0142em w dziesi\u0105tk\u0119. Bordowa sukienka z szarym p\u0142aszczem, bordowy garnitur i srebrne dodatki albo bordowa torebka w zestawie z szarym kompletem \u2013 to look, kt\u00f3ry \u015bwietnie sprawdzi si\u0119 w miejskim stylu i nie tylko. Szaro-bordowy salon to z kolei jedno z najmodniejszych rozwi\u0105za\u0144 w aran\u017cacji wn\u0119trz, pokazuj\u0105ce, \u017ce te kolory r\u00f3wnie dobrze sprawdzaj\u0105 si\u0119 na ubraniach, jak i w przestrzeni mieszkalnej.<\/p>\n\n\n\n<h2 class=\"wp-block-heading\"><span class=\"ez-toc-section\" id=\"Pudrowy_roz_i_bordo_%E2%80%93_kobiece_polaczenie_z_charakterem\"><\/span>Pudrowy r\u00f3\u017c i bordo \u2013 kobiece po\u0142\u0105czenie z charakterem<span class=\"ez-toc-section-end\"><\/span><\/h2>\n\n\n\n<p>Je\u015bli lubisz stylizacje z nutk\u0105 romantyzmu, pudrowym r\u00f3\u017cem mo\u017cesz zestawi\u0107 bordow\u0105 sp\u00f3dnic\u0119, p\u0142aszcz czy garnitur. To odwa\u017cniejsze, ale wyj\u0105tkowo harmonijne po\u0142\u0105czenie kolorystyczne. Pudrowy r\u00f3\u017c \u0142agodzi intensywno\u015b\u0107 bordo, dzi\u0119ki czemu stylizacja zyskuje na subtelno\u015bci, a jednocze\u015bnie pozostaje oryginalna. Taki look idealnie nadaje si\u0119 na formalne okazje, spotkania biznesowe czy randki \u2013 szczeg\u00f3lnie je\u015bli uzupe\u0142nisz go z\u0142otymi dodatkami i delikatnym makija\u017cem.<\/p>\n\n\n\n<p>Warto te\u017c pami\u0119ta\u0107, \u017ce zestawienie pudrowego r\u00f3\u017cu z bordo doskonale podkre\u015bla kobiec\u0105 urod\u0119 \u2013 zar\u00f3wno przy jasnej, jak i ciemniejszej karnacji. Dobrze sprawdza si\u0119 te\u017c w warstwowych stylizacjach: pudrowy r\u00f3\u017c jako baza (np. bluzka lub top), bordo jako akcent (np. marynarka, torebka, buty). W sezonie jesienno-zimowym mo\u017cna si\u0119gn\u0105\u0107 po bordowy p\u0142aszcz i pudrowor\u00f3\u017cowy sweter z mi\u0119kkiej dzianiny \u2013 to po\u0142\u0105czenie zapewni komfort cieplny, a jednocze\u015bnie b\u0119dzie prezentowa\u0107 si\u0119 niezwykle modnie.<\/p>\n\n\n\n<p>Stylizacje w odcieniach bordo i r\u00f3\u017cu warto uzupe\u0142ni\u0107 tkaninami o r\u00f3\u017cnorodnych fakturach \u2013 np. jedwabisty r\u00f3\u017cowy top zestawi\u0107 z bordowym sztruksem lub we\u0142nian\u0105 marynark\u0105. Dodatki r\u00f3wnie\u017c odgrywaj\u0105 du\u017c\u0105 rol\u0119 \u2013 torebka w kolorze r\u00f3\u017cowego z\u0142ota lub buty w odcieniu nude dodadz\u0105 lekko\u015bci. Takie zestawienie pokazuje, \u017ce bordowy kolor mo\u017cna nosi\u0107 nie tylko z klasykami, ale te\u017c z delikatnymi pastelami, uzyskuj\u0105c look z charakterem i klas\u0105.<\/p>\n\n\n\r\n<div class=\"product-block-container swiper mySwiperProductBlock\">\r\n    <div class=\"product-block-swiper swiper-wrapper\">\r\n                    <div class=\"swiper-slide product-block-item\" data-id=\"147607\">\r\n                <a href=\"https:\/\/bialcon.pl\/sukienka-z-dzianiny-bawelnianej-w-kolorze-indyjskiego-rozu?utm_source=blog&utm_medium=poradystylistki&utm_campaign=010126\" class=\"product-block-url\" target=\"_blank\">\r\n                    <div class=\"product-block-image\">\r\n                        <img decoding=\"async\" width=\"300\" height=\"400\" src=\"https:\/\/bialcon.pl\/picture\/sukienka-z-dzianiny-bawelnianej-w-kolorze-indyjskiego-rozu_3.jpg\" alt=\"Sukienka z dzianiny bawe\u0142nianej w kolorze indyjskiego r\u00f3\u017cu\">\r\n                    <\/div>\r\n                    <div class=\"product-block-name\">\r\n                        <p>Sukienka z dzianiny bawe\u0142nianej w kolorze indyjskiego r\u00f3\u017cu<\/p>\r\n                    <\/div>\r\n                <\/a>\r\n            <\/div>\r\n                    <div class=\"swiper-slide product-block-item\" data-id=\"147621\">\r\n                <a href=\"https:\/\/bialcon.pl\/efektowna-rozowa-sukienka-z-tafty?utm_source=blog&utm_medium=poradystylistki&utm_campaign=010126\" class=\"product-block-url\" target=\"_blank\">\r\n                    <div class=\"product-block-image\">\r\n                        <img decoding=\"async\" width=\"300\" height=\"400\" src=\"https:\/\/bialcon.pl\/picture\/efektowna-rozowa-sukienka-z-tafty.jpg\" alt=\"Efektowna r\u00f3\u017cowa sukienka z tafty\">\r\n                    <\/div>\r\n                    <div class=\"product-block-name\">\r\n                        <p>Efektowna r\u00f3\u017cowa sukienka z tafty<\/p>\r\n                    <\/div>\r\n                <\/a>\r\n            <\/div>\r\n                    <div class=\"swiper-slide product-block-item\" data-id=\"147692\">\r\n                <a href=\"https:\/\/bialcon.pl\/elegancka-zwiewna-sukienka-midi-z-kontrafalda?utm_source=blog&utm_medium=poradystylistki&utm_campaign=010126\" class=\"product-block-url\" target=\"_blank\">\r\n                    <div class=\"product-block-image\">\r\n                        <img decoding=\"async\" width=\"300\" height=\"400\" src=\"https:\/\/bialcon.pl\/picture\/elegancka-zwiewna-sukienka-midi-z-kontrafalda_6.jpg\" alt=\"Elegancka zwiewna sukienka midi z kontrafa\u0142d\u0105\">\r\n                    <\/div>\r\n                    <div class=\"product-block-name\">\r\n                        <p>Elegancka zwiewna sukienka midi z kontrafa\u0142d\u0105<\/p>\r\n                    <\/div>\r\n                <\/a>\r\n            <\/div>\r\n            <\/div>\r\n<\/div>\r\n\n\n\n\n<h2 class=\"wp-block-heading\"><span class=\"ez-toc-section\" id=\"Bordo_i_denim_%E2%80%93_casual_w_nowoczesnym_wydaniu\"><\/span>Bordo i denim \u2013 casual w nowoczesnym wydaniu<span class=\"ez-toc-section-end\"><\/span><\/h2>\n\n\n\n<p>Bordowe ubrania w zestawie z jeansow\u0105 kurtk\u0105 to klasyczny casual, kt\u00f3ry nigdy nie zawodzi. Bordowy sweter, sp\u00f3dnica czy top zestawione z prostymi jeansami lub kurtk\u0105 z denimu to zestawienie, kt\u00f3re \u0142\u0105czy w sobie luz, elegancj\u0119 i wygod\u0119. Jeans tonuje intensywno\u015b\u0107 koloru bordowego i dodaje stylizacji bardziej m\u0142odzie\u017cowego charakteru. To doskona\u0142a propozycja na co dzie\u0144, zakupy, spotkania z przyjaci\u00f3\u0142kami czy mniej formalne wyj\u015bcia.<\/p>\n\n\n\r\n<div class=\"product-block-container swiper mySwiperProductBlock\">\r\n    <div class=\"product-block-swiper swiper-wrapper\">\r\n                    <div class=\"swiper-slide product-block-item\" data-id=\"145223\">\r\n                <a href=\"https:\/\/bialcon.pl\/jeansowe-szerokie-spodnie-z-bawelny?utm_source=blog&utm_medium=poradystylistki&utm_campaign=010126\" class=\"product-block-url\" target=\"_blank\">\r\n                    <div class=\"product-block-image\">\r\n                        <img decoding=\"async\" width=\"300\" height=\"400\" src=\"https:\/\/bialcon.pl\/picture\/jeansowe-szerokie-spodnie-z-bawelny_1.jpg\" alt=\"Jeansowe szerokie spodnie z bawe\u0142ny\">\r\n                    <\/div>\r\n                    <div class=\"product-block-name\">\r\n                        <p>Jeansowe szerokie spodnie z bawe\u0142ny<\/p>\r\n                    <\/div>\r\n                <\/a>\r\n            <\/div>\r\n                    <div class=\"swiper-slide product-block-item\" data-id=\"142385\">\r\n                <a href=\"https:\/\/bialcon.pl\/elastyczne-niebieskie-jeansy?utm_source=blog&utm_medium=poradystylistki&utm_campaign=010126\" class=\"product-block-url\" target=\"_blank\">\r\n                    <div class=\"product-block-image\">\r\n                        <img decoding=\"async\" width=\"300\" height=\"400\" src=\"https:\/\/bialcon.pl\/picture\/elastyczne-niebieskie-jeansy_13.jpg\" alt=\"Elastyczne niebieskie jeansy\">\r\n                    <\/div>\r\n                    <div class=\"product-block-name\">\r\n                        <p>Elastyczne niebieskie jeansy<\/p>\r\n                    <\/div>\r\n                <\/a>\r\n            <\/div>\r\n                    <div class=\"swiper-slide product-block-item\" data-id=\"142386\">\r\n                <a href=\"https:\/\/bialcon.pl\/ciemnogranatowe-jeansy?utm_source=blog&utm_medium=poradystylistki&utm_campaign=010126\" class=\"product-block-url\" target=\"_blank\">\r\n                    <div class=\"product-block-image\">\r\n                        <img decoding=\"async\" width=\"300\" height=\"400\" src=\"https:\/\/bialcon.pl\/picture\/ciemnogranatowe-jeansy_7.jpg\" alt=\"Ciemnogranatowe jeansy\">\r\n                    <\/div>\r\n                    <div class=\"product-block-name\">\r\n                        <p>Ciemnogranatowe jeansy<\/p>\r\n                    <\/div>\r\n                <\/a>\r\n            <\/div>\r\n            <\/div>\r\n<\/div>\r\n\n\n\n\n<h2 class=\"wp-block-heading\"><span class=\"ez-toc-section\" id=\"Zloto_i_srebro_%E2%80%93_jakie_dodatki_do_bordo\"><\/span>Z\u0142oto i srebro \u2013 jakie dodatki do bordo?<span class=\"ez-toc-section-end\"><\/span><\/h2>\n\n\n\n<p>Je\u015bli zastanawiasz si\u0119, jaki kolor dodatk\u00f3w pasuje do bordowego, to odpowied\u017a brzmi: zar\u00f3wno z\u0142ote, jak i srebrne akcenty. Z\u0142oto doda stylizacji ciep\u0142a i podkre\u015bli luksusowy charakter bordo, szczeg\u00f3lnie w wieczorowych stylizacjach. Srebrne dodatki, z kolei, \u015bwietnie komponuj\u0105 si\u0119 z ch\u0142odniejszym odcieniem bordo \u2013 s\u0105 bardziej nowoczesne i sprawdz\u0105 si\u0119 przy minimalistycznych outfitach. Bordow\u0105 sukienk\u0119 mo\u017cesz zestawi\u0107 z metaliczn\u0105 kopert\u00f3wk\u0105, kolczykami w srebrze lub z\u0142ot\u0105 bransoletk\u0105 \u2013 w obu wersjach stylizacja nabierze wyrazisto\u015bci.<\/p>\n\n\n\n<p>W codziennych stylizacjach wystarczy jeden b\u0142yszcz\u0105cy akcent, by ca\u0142o\u015b\u0107 nabra\u0142a elegancji \u2013 mo\u017ce to by\u0107 zegarek na z\u0142otej bransolecie, kolczyki w stylu vintage albo delikatny naszyjnik. Warto przy tym pami\u0119ta\u0107, \u017ce z\u0142oto i bordo \u015bwietnie wsp\u00f3\u0142graj\u0105 tak\u017ce z be\u017cem i br\u0105zem \u2013 bordowa bluzka, z\u0142oty naszyjnik i be\u017cowe spodnie to stylizacja idealna na co dzie\u0144, do pracy lub na lunch z przyjaci\u00f3\u0142kami.<\/p>\n\n\n\n<p>Z kolei srebro mo\u017ce nada\u0107 bordo bardziej nowoczesny i \u201emro\u017any\u201d wyd\u017awi\u0119k \u2013 sprawdzi si\u0119 zw\u0142aszcza zim\u0105, w zestawieniu z biel\u0105, szaro\u015bci\u0105 i b\u0142\u0119kitami. W wieczorowych stylizacjach postaw na cekinowe srebrne buty, torebk\u0119 z metalicznym po\u0142yskiem i kolczyki w stylu glamour \u2013 po\u0142\u0105czenie z bordow\u0105 sukienk\u0105 stworzy niebanaln\u0105, eleganck\u0105 ca\u0142o\u015b\u0107. Pami\u0119taj, \u017ce odpowiedni dob\u00f3r bi\u017cuterii i dodatk\u00f3w to klucz do uzyskania efektu \u201ewow\u201d, bez przesady i nadmiaru.<\/p>\n\n\n\r\n<div class=\"product-block-container swiper mySwiperProductBlock\">\r\n    <div class=\"product-block-swiper swiper-wrapper\">\r\n                    <div class=\"swiper-slide product-block-item\" data-id=\"147707\">\r\n                <a href=\"https:\/\/bialcon.pl\/broszka-kwiat-z-czarnego-tiulu?utm_source=blog&utm_medium=poradystylistki&utm_campaign=010126\" class=\"product-block-url\" target=\"_blank\">\r\n                    <div class=\"product-block-image\">\r\n                        <img decoding=\"async\" width=\"300\" height=\"400\" src=\"https:\/\/bialcon.pl\/picture\/broszka-kwiat-czarny.jpg\" alt=\"Broszka kwiat z czarnego tiulu\">\r\n                    <\/div>\r\n                    <div class=\"product-block-name\">\r\n                        <p>Broszka kwiat z czarnego tiulu<\/p>\r\n                    <\/div>\r\n                <\/a>\r\n            <\/div>\r\n                    <div class=\"swiper-slide product-block-item\" data-id=\"147656\">\r\n                <a href=\"https:\/\/bialcon.pl\/stylowa-broszka-z-efektowym-zielonym-kamieniem?utm_source=blog&utm_medium=poradystylistki&utm_campaign=010126\" class=\"product-block-url\" target=\"_blank\">\r\n                    <div class=\"product-block-image\">\r\n                        <img decoding=\"async\" width=\"300\" height=\"400\" src=\"https:\/\/bialcon.pl\/picture\/broszka-br97494.jpeg\" alt=\"Stylowa broszka z efektowym zielonym kamieniem\">\r\n                    <\/div>\r\n                    <div class=\"product-block-name\">\r\n                        <p>Stylowa broszka z efektowym zielonym kamieniem<\/p>\r\n                    <\/div>\r\n                <\/a>\r\n            <\/div>\r\n                    <div class=\"swiper-slide product-block-item\" data-id=\"147658\">\r\n                <a href=\"https:\/\/bialcon.pl\/bransoletka-z-metalu-szczotkowanego-i-skory-naturalnej?utm_source=blog&utm_medium=poradystylistki&utm_campaign=010126\" class=\"product-block-url\" target=\"_blank\">\r\n                    <div class=\"product-block-image\">\r\n                        <img decoding=\"async\" width=\"300\" height=\"400\" src=\"https:\/\/bialcon.pl\/picture\/bransoletka-z-metalu-szczotkowanego-i-skory-naturalnej.jpeg\" alt=\"Bransoletka z metalu szczotkowanego i sk\u00f3ry naturalnej\">\r\n                    <\/div>\r\n                    <div class=\"product-block-name\">\r\n                        <p>Bransoletka z metalu szczotkowanego i sk\u00f3ry naturalnej<\/p>\r\n                    <\/div>\r\n                <\/a>\r\n            <\/div>\r\n            <\/div>\r\n<\/div>\r\n\n\n\n\n<h2 class=\"wp-block-heading\"><span class=\"ez-toc-section\" id=\"Jakie_kolory_pasuja_do_bordowego_Paleta_inspiracji\"><\/span>Jakie kolory pasuj\u0105 do bordowego? Paleta inspiracji<span class=\"ez-toc-section-end\"><\/span><\/h2>\n\n\n\n<p>Poza wymienionymi ju\u017c klasykami, bordowy kolor \u015bwietnie komponuje si\u0119 z takimi barwami jak butelkowa ziele\u0144, granat, musztardowy, ceglasty, a nawet\u2026 pomara\u0144czowy! Mo\u017cesz postawi\u0107 na kontrastowe zestawienia, by uzyska\u0107 energetyczny, nowoczesny look lub wybra\u0107 kolory zbli\u017cone tonalnie, je\u015bli wolisz subtelniejsze stylizacje. Ciekawym zabiegiem b\u0119dzie zestawienie bordowej sukienki z p\u0142aszczem w kolorze oliwkowym albo bordowej marynarki z granatowymi spodniami. Kolory pasuj\u0105 do bordo znacznie cz\u0119\u015bciej, ni\u017c nam si\u0119 wydaje \u2013 wystarczy odrobina odwagi i modowej intuicji.<\/p>\n\n\n\n<h2 class=\"wp-block-heading\"><span class=\"ez-toc-section\" id=\"Bordo_w_total_looku_%E2%80%93_jak_to_ograc\"><\/span>Bordo w total looku \u2013 jak to ogra\u0107?<span class=\"ez-toc-section-end\"><\/span><\/h2>\n\n\n\n<p>Stylizacje w jednym kolorze, czyli tzw. total looki, to jeden z hit\u00f3w ostatnich sezon\u00f3w. Bordowy total look? Jak najbardziej! Bordowa marynarka, bordowe spodnie, torebka i szpilki \u2013 to odwa\u017cne, ale efektowne po\u0142\u0105czenie. Warto jednak zadba\u0107 o r\u00f3\u017cnorodno\u015b\u0107 faktur i odcieni, by stylizacja nie by\u0142a zbyt monotonna. Prze\u0142am bordowy look czarnym paskiem, z\u0142ot\u0105 bi\u017cuteri\u0105 albo butami w kolorze nude \u2013 to sprawi, \u017ce ca\u0142o\u015b\u0107 nabierze lekko\u015bci i elegancji.<\/p>\n\n\n\n<p>Bordo w total looku to tak\u017ce doskona\u0142y spos\u00f3b na wyd\u0142u\u017cenie sylwetki i optyczne wysmuklenie figury \u2013 zw\u0142aszcza gdy zdecydujesz si\u0119 na zestawienie spodni i marynarki w jednym kolorze. Dodatkowo taki zestaw daje du\u017ce pole do eksperyment\u00f3w \u2013 mo\u017cesz postawi\u0107 na oversize\u2019ow\u0105 marynark\u0119 i dopasowane spodnie albo na elegancki kombinezon, kt\u00f3ry sam w sobie tworzy efekt total looku. Ca\u0142o\u015b\u0107 warto uzupe\u0142ni\u0107 klasyczn\u0105 bordow\u0105 torebk\u0105 i butami na obcasie w podobnym odcieniu.<\/p>\n\n\n\n<p>Nie b\u00f3j si\u0119 te\u017c r\u00f3\u017cnorodno\u015bci materia\u0142\u00f3w \u2013 bordo wygl\u0105da wyj\u0105tkowo efektownie na satynie, we\u0142nie, sztruksie czy welurze. Dzi\u0119ki temu nawet w obr\u0119bie jednego koloru mo\u017cna stworzy\u0107 interesuj\u0105c\u0105 i wielowymiarow\u0105 stylizacj\u0119. Je\u015bli chcesz doda\u0107 pazura \u2013 zdecyduj si\u0119 na bordowy garnitur w zestawieniu z czerwon\u0105 pomadk\u0105 i paznokciami w tym samym odcieniu. To wyrazista, kobieca i bardzo elegancka propozycja, kt\u00f3ra sprawdzi si\u0119 na wiecz\u00f3r, spotkanie biznesowe czy randk\u0119.<\/p>\n\n\n\n<h2 class=\"wp-block-heading\"><span class=\"ez-toc-section\" id=\"Bordowe_dodatki_%E2%80%93_maly_akcent_wielki_efekt\"><\/span>Bordowe dodatki \u2013 ma\u0142y akcent, wielki efekt<span class=\"ez-toc-section-end\"><\/span><\/h2>\n\n\n\n<p>Nie musisz od razu si\u0119ga\u0107 po bordowy garnitur czy sukienk\u0119 \u2013 wystarczy bordowa torebka, pasek, szalik czy apaszka, by nada\u0107 stylizacji charakteru. Bordowe dodatki \u015bwietnie wygl\u0105daj\u0105 w zestawieniu z czerni\u0105, be\u017cem i szaro\u015bciami. Wystarczy drobny akcent, by z pozornie prostego outfitu stworzy\u0107 co\u015b wyj\u0105tkowego. Tego typu dodatki warto mie\u0107 w swojej szafie \u2013 zw\u0142aszcza zim\u0105, gdy g\u0142\u0119boki odcie\u0144 bordo pi\u0119knie kontrastuje z jasnym p\u0142aszczem czy czarn\u0105 kurtk\u0105.<\/p>\n\n\n\r\n<div class=\"product-block-container swiper mySwiperProductBlock\">\r\n    <div class=\"product-block-swiper swiper-wrapper\">\r\n                    <div class=\"swiper-slide product-block-item\" data-id=\"147797\">\r\n                <a href=\"https:\/\/bialcon.pl\/duza-skorzana-brazowa-torba-na-co-dzien?utm_source=blog&utm_medium=poradystylistki&utm_campaign=010126\" class=\"product-block-url\" target=\"_blank\">\r\n                    <div class=\"product-block-image\">\r\n                        <img decoding=\"async\" width=\"300\" height=\"400\" src=\"https:\/\/bialcon.pl\/picture\/duza-skorzana-brazowa-torba-na-co-dzien.jpg\" alt=\"Du\u017ca sk\u00f3rzana br\u0105zowa torba na co dzie\u0144\">\r\n                    <\/div>\r\n                    <div class=\"product-block-name\">\r\n                        <p>Du\u017ca sk\u00f3rzana br\u0105zowa torba na co dzie\u0144<\/p>\r\n                    <\/div>\r\n                <\/a>\r\n            <\/div>\r\n                    <div class=\"swiper-slide product-block-item\" data-id=\"147798\">\r\n                <a href=\"https:\/\/bialcon.pl\/duza-skorzana-bezowa-torba-na-co-dzien?utm_source=blog&utm_medium=poradystylistki&utm_campaign=010126\" class=\"product-block-url\" target=\"_blank\">\r\n                    <div class=\"product-block-image\">\r\n                        <img decoding=\"async\" width=\"300\" height=\"400\" src=\"https:\/\/bialcon.pl\/picture\/torba-m8044-bezowy-karen.jpg\" alt=\"Du\u017ca sk\u00f3rzana be\u017cowa torba na co dzie\u0144\">\r\n                    <\/div>\r\n                    <div class=\"product-block-name\">\r\n                        <p>Du\u017ca sk\u00f3rzana be\u017cowa torba na co dzie\u0144<\/p>\r\n                    <\/div>\r\n                <\/a>\r\n            <\/div>\r\n                    <div class=\"swiper-slide product-block-item\" data-id=\"147799\">\r\n                <a href=\"https:\/\/bialcon.pl\/karmelowa-torebka-z-wysokogatunkowej-skory-naturalnej?utm_source=blog&utm_medium=poradystylistki&utm_campaign=010126\" class=\"product-block-url\" target=\"_blank\">\r\n                    <div class=\"product-block-image\">\r\n                        <img decoding=\"async\" width=\"300\" height=\"400\" src=\"https:\/\/bialcon.pl\/picture\/torba-k772-bis-bezowy-karen_3.webp\" alt=\"Karmelowa torebka z wysokogatunkowej sk\u00f3ry naturalnej\">\r\n                    <\/div>\r\n                    <div class=\"product-block-name\">\r\n                        <p>Karmelowa torebka z wysokogatunkowej sk\u00f3ry naturalnej<\/p>\r\n                    <\/div>\r\n                <\/a>\r\n            <\/div>\r\n            <\/div>\r\n<\/div>\r\n\n\n\n\n<h2 class=\"wp-block-heading\"><span class=\"ez-toc-section\" id=\"Kolor_bordo_w_aranzacji_wnetrz_%E2%80%93_inspiracje_nie_tylko_modowe\"><\/span>Kolor bordo w aran\u017cacji wn\u0119trz \u2013 inspiracje nie tylko modowe<span class=\"ez-toc-section-end\"><\/span><\/h2>\n\n\n\n<p>Cho\u0107 artyku\u0142 skupia si\u0119 g\u0142\u00f3wnie na modzie, warto wspomnie\u0107, \u017ce kolor bordowy robi r\u00f3wnie\u017c furor\u0119 w aran\u017cacjach wn\u0119trz. Bordowy kolor \u015bcian w po\u0142\u0105czeniu z be\u017cowymi dodatkami, z\u0142otymi akcentami i ciemnym drewnem tworzy wn\u0119trze o luksusowym charakterze. Bordowa \u015bciana w sypialni, szaro-bordowy salon czy kuchnia z bordowymi frontami to dow\u00f3d na to, \u017ce bordo ma ogromny potencja\u0142 tak\u017ce w dekoracji.<\/p>\n\n\n\n<h2 class=\"wp-block-heading\"><span class=\"ez-toc-section\" id=\"Podsumowanie_%E2%80%93_bordo_z_klasa_i_wyczuciem\"><\/span>Podsumowanie \u2013 bordo z klas\u0105 i wyczuciem<span class=\"ez-toc-section-end\"><\/span><\/h2>\n\n\n\n<p>Kolor bordowy to klasyk, kt\u00f3ry nigdy nie wychodzi z mody. \u015awietnie komponuje si\u0119 z wieloma innymi kolorami \u2013 od klasycznej czerni i bieli, przez be\u017c, szaro\u015b\u0107, pudrowy r\u00f3\u017c, a\u017c po ziele\u0144, granat czy z\u0142oto. Bordowe ubrania mo\u017cna nosi\u0107 zar\u00f3wno w formie total looku, jak i w postaci wyrazistych dodatk\u00f3w. W ofercie marki Bialcon znajdziesz wiele propozycji w bordowym odcieniu \u2013 od sukienek, przez marynarki, a\u017c po p\u0142aszcze. Je\u015bli szukasz czego\u015b klasycznego, kobiecego i ponadczasowego, warto postawi\u0107 na bordo.<\/p>\n","protected":false},"excerpt":{"rendered":"<p>Kolor bordowy to ponadczasowy symbol elegancji, g\u0142\u0119bi i kobieco\u015bci. Jego intensywny, nasycony odcie\u0144 czerwieni, przypominaj\u0105cy kolor czerwonego wina, od lat przyci\u0105ga uwag\u0119 projektant\u00f3w, stylistek oraz mi\u0142o\u015bniczek klasycznych i nowoczesnych stylizacji. Bordo nie tylko dodaje stylu, ale i podkre\u015bla indywidualno\u015b\u0107. To odcie\u0144, kt\u00f3ry doskonale sprawdza si\u0119 zar\u00f3wno w wieczorowych kreacjach, jak i w codziennych zestawach, a [&hellip;]<\/p>\n","protected":false},"author":8,"featured_media":12752,"comment_status":"closed","ping_status":"open","sticky":false,"template":"","format":"standard","meta":{"_acf_changed":false,"site-sidebar-layout":"default","site-content-layout":"","ast-site-content-layout":"default","site-content-style":"default","site-sidebar-style":"default","ast-global-header-display":"","ast-banner-title-visibility":"","ast-main-header-display":"","ast-hfb-above-header-display":"","ast-hfb-below-header-display":"","ast-hfb-mobile-header-display":"","site-post-title":"","ast-breadcrumbs-content":"","ast-featured-img":"","footer-sml-layout":"","theme-transparent-header-meta":"","adv-header-id-meta":"","stick-header-meta":"","header-above-stick-meta":"","header-main-stick-meta":"","header-below-stick-meta":"","astra-migrate-meta-layouts":"set","ast-page-background-enabled":"default","ast-page-background-meta":{"desktop":{"background-color":"","background-image":"","background-repeat":"repeat","background-position":"center center","background-size":"auto","background-attachment":"scroll","background-type":"","background-media":"","overlay-type":"","overlay-color":"","overlay-opacity":"","overlay-gradient":""},"tablet":{"background-color":"","background-image":"","background-repeat":"repeat","background-position":"center center","background-size":"auto","background-attachment":"scroll","background-type":"","background-media":"","overlay-type":"","overlay-color":"","overlay-opacity":"","overlay-gradient":""},"mobile":{"background-color":"","background-image":"","background-repeat":"repeat","background-position":"center center","background-size":"auto","background-attachment":"scroll","background-type":"","background-media":"","overlay-type":"","overlay-color":"","overlay-opacity":"","overlay-gradient":""}},"ast-content-background-meta":{"desktop":{"background-color":"var(--ast-global-color-5)","background-image":"","background-repeat":"repeat","background-position":"center center","background-size":"auto","background-attachment":"scroll","background-type":"","background-media":"","overlay-type":"","overlay-color":"","overlay-opacity":"","overlay-gradient":""},"tablet":{"background-color":"var(--ast-global-color-5)","background-image":"","background-repeat":"repeat","background-position":"center center","background-size":"auto","background-attachment":"scroll","background-type":"","background-media":"","overlay-type":"","overlay-color":"","overlay-opacity":"","overlay-gradient":""},"mobile":{"background-color":"var(--ast-global-color-5)","background-image":"","background-repeat":"repeat","background-position":"center center","background-size":"auto","background-attachment":"scroll","background-type":"","background-media":"","overlay-type":"","overlay-color":"","overlay-opacity":"","overlay-gradient":""}},"footnotes":""},"categories":[1],"tags":[],"class_list":["post-12751","post","type-post","status-publish","format-standard","has-post-thumbnail","hentry","category-styl-zycia"],"acf":[],"yoast_head":"<!-- This site is optimized with the Yoast SEO plugin v27.4 - https:\/\/yoast.com\/product\/yoast-seo-wordpress\/ -->\n<title>Jaki kolor pasuje do bordowego? Sprawdzone po\u0142\u0105czenia kolorystyczne z kolorem bordo - Bialcon<\/title>\n<meta name=\"description\" content=\"Z czym \u0142\u0105czy\u0107 kolor bordowy? Sprawd\u017a, jakie kolory pasuj\u0105 do bordo i tw\u00f3rz modne stylizacje na ka\u017cd\u0105 okazj\u0119 \u2013 inspiracje czekaj\u0105!\" \/>\n<meta name=\"robots\" content=\"index, follow, max-snippet:-1, max-image-preview:large, max-video-preview:-1\" \/>\n<link rel=\"canonical\" href=\"https:\/\/bialcon.pl\/blog\/jaki-kolor-pasuje-do-bordowego\/\" \/>\n<meta name=\"twitter:label1\" content=\"Napisane przez\" \/>\n\t<meta name=\"twitter:data1\" content=\"Marta Osuch\" \/>\n\t<meta name=\"twitter:label2\" content=\"Szacowany czas czytania\" \/>\n\t<meta name=\"twitter:data2\" content=\"9 minut\" \/>\n<script type=\"application\/ld+json\" class=\"yoast-schema-graph\">{\"@context\":\"https:\\\/\\\/schema.org\",\"@graph\":[{\"@type\":\"Article\",\"@id\":\"https:\\\/\\\/bialcon.pl\\\/blog\\\/jaki-kolor-pasuje-do-bordowego\\\/#article\",\"isPartOf\":{\"@id\":\"https:\\\/\\\/bialcon.pl\\\/blog\\\/jaki-kolor-pasuje-do-bordowego\\\/\"},\"author\":{\"name\":\"Marta Osuch\",\"@id\":\"https:\\\/\\\/bialcon.pl\\\/blog\\\/#\\\/schema\\\/person\\\/d607966042d507bd761f9e2cab07df62\"},\"headline\":\"Jaki kolor pasuje do bordowego? Sprawdzone po\u0142\u0105czenia kolorystyczne z kolorem bordo\",\"datePublished\":\"2026-01-01T09:00:00+00:00\",\"dateModified\":\"2026-01-05T07:48:59+00:00\",\"mainEntityOfPage\":{\"@id\":\"https:\\\/\\\/bialcon.pl\\\/blog\\\/jaki-kolor-pasuje-do-bordowego\\\/\"},\"wordCount\":1724,\"image\":{\"@id\":\"https:\\\/\\\/bialcon.pl\\\/blog\\\/jaki-kolor-pasuje-do-bordowego\\\/#primaryimage\"},\"thumbnailUrl\":\"https:\\\/\\\/bialcon.pl\\\/blog\\\/wp-content\\\/uploads\\\/2025\\\/12\\\/Projekt-bez-nazwy-5.png\",\"articleSection\":[\"Styl \u017bycia\"],\"inLanguage\":\"pl-PL\"},{\"@type\":\"WebPage\",\"@id\":\"https:\\\/\\\/bialcon.pl\\\/blog\\\/jaki-kolor-pasuje-do-bordowego\\\/\",\"url\":\"https:\\\/\\\/bialcon.pl\\\/blog\\\/jaki-kolor-pasuje-do-bordowego\\\/\",\"name\":\"Jaki kolor pasuje do bordowego? Sprawdzone po\u0142\u0105czenia kolorystyczne z kolorem bordo - Bialcon\",\"isPartOf\":{\"@id\":\"https:\\\/\\\/bialcon.pl\\\/blog\\\/#website\"},\"primaryImageOfPage\":{\"@id\":\"https:\\\/\\\/bialcon.pl\\\/blog\\\/jaki-kolor-pasuje-do-bordowego\\\/#primaryimage\"},\"image\":{\"@id\":\"https:\\\/\\\/bialcon.pl\\\/blog\\\/jaki-kolor-pasuje-do-bordowego\\\/#primaryimage\"},\"thumbnailUrl\":\"https:\\\/\\\/bialcon.pl\\\/blog\\\/wp-content\\\/uploads\\\/2025\\\/12\\\/Projekt-bez-nazwy-5.png\",\"datePublished\":\"2026-01-01T09:00:00+00:00\",\"dateModified\":\"2026-01-05T07:48:59+00:00\",\"author\":{\"@id\":\"https:\\\/\\\/bialcon.pl\\\/blog\\\/#\\\/schema\\\/person\\\/d607966042d507bd761f9e2cab07df62\"},\"description\":\"Z czym \u0142\u0105czy\u0107 kolor bordowy? Sprawd\u017a, jakie kolory pasuj\u0105 do bordo i tw\u00f3rz modne stylizacje na ka\u017cd\u0105 okazj\u0119 \u2013 inspiracje czekaj\u0105!\",\"breadcrumb\":{\"@id\":\"https:\\\/\\\/bialcon.pl\\\/blog\\\/jaki-kolor-pasuje-do-bordowego\\\/#breadcrumb\"},\"inLanguage\":\"pl-PL\",\"potentialAction\":[{\"@type\":\"ReadAction\",\"target\":[\"https:\\\/\\\/bialcon.pl\\\/blog\\\/jaki-kolor-pasuje-do-bordowego\\\/\"]}]},{\"@type\":\"ImageObject\",\"inLanguage\":\"pl-PL\",\"@id\":\"https:\\\/\\\/bialcon.pl\\\/blog\\\/jaki-kolor-pasuje-do-bordowego\\\/#primaryimage\",\"url\":\"https:\\\/\\\/bialcon.pl\\\/blog\\\/wp-content\\\/uploads\\\/2025\\\/12\\\/Projekt-bez-nazwy-5.png\",\"contentUrl\":\"https:\\\/\\\/bialcon.pl\\\/blog\\\/wp-content\\\/uploads\\\/2025\\\/12\\\/Projekt-bez-nazwy-5.png\",\"width\":960,\"height\":850,\"caption\":\"Wizualizacja kobiety w bordowej bluzce Bialcon\"},{\"@type\":\"BreadcrumbList\",\"@id\":\"https:\\\/\\\/bialcon.pl\\\/blog\\\/jaki-kolor-pasuje-do-bordowego\\\/#breadcrumb\",\"itemListElement\":[{\"@type\":\"ListItem\",\"position\":1,\"name\":\"Strona g\u0142\u00f3wna\",\"item\":\"https:\\\/\\\/bialcon.pl\\\/blog\\\/\"},{\"@type\":\"ListItem\",\"position\":2,\"name\":\"Styl \u017bycia\",\"item\":\"https:\\\/\\\/bialcon.pl\\\/blog\\\/styl-zycia\\\/\"},{\"@type\":\"ListItem\",\"position\":3,\"name\":\"Jaki kolor pasuje do bordowego? Sprawdzone po\u0142\u0105czenia kolorystyczne z kolorem bordo\"}]},{\"@type\":\"WebSite\",\"@id\":\"https:\\\/\\\/bialcon.pl\\\/blog\\\/#website\",\"url\":\"https:\\\/\\\/bialcon.pl\\\/blog\\\/\",\"name\":\"bialcon.pl\\\/blog\\\/\",\"description\":\"Fashion Blog w zasi\u0119gu Twojej r\u0119ki\",\"potentialAction\":[{\"@type\":\"SearchAction\",\"target\":{\"@type\":\"EntryPoint\",\"urlTemplate\":\"https:\\\/\\\/bialcon.pl\\\/blog\\\/?s={search_term_string}\"},\"query-input\":{\"@type\":\"PropertyValueSpecification\",\"valueRequired\":true,\"valueName\":\"search_term_string\"}}],\"inLanguage\":\"pl-PL\"},{\"@type\":\"Person\",\"@id\":\"https:\\\/\\\/bialcon.pl\\\/blog\\\/#\\\/schema\\\/person\\\/d607966042d507bd761f9e2cab07df62\",\"name\":\"Marta Osuch\",\"image\":{\"@type\":\"ImageObject\",\"inLanguage\":\"pl-PL\",\"@id\":\"https:\\\/\\\/secure.gravatar.com\\\/avatar\\\/e92ecceaeb1c6e5e7cf1d28eb4215cad69403014f340b8f5b576adf09b89be60?s=96&d=mm&r=g\",\"url\":\"https:\\\/\\\/secure.gravatar.com\\\/avatar\\\/e92ecceaeb1c6e5e7cf1d28eb4215cad69403014f340b8f5b576adf09b89be60?s=96&d=mm&r=g\",\"contentUrl\":\"https:\\\/\\\/secure.gravatar.com\\\/avatar\\\/e92ecceaeb1c6e5e7cf1d28eb4215cad69403014f340b8f5b576adf09b89be60?s=96&d=mm&r=g\",\"caption\":\"Marta Osuch\"},\"description\":\"Z wykszta\u0142cenia specjalistka ds. bezpiecze\u0144stwa narodowego, z pasji \u2014 tw\u00f3rczyni tre\u015bci i mi\u0142o\u015bniczka mody. Na co dzie\u0144 \u0142\u0105czy zami\u0142owanie do content marketingu z uwa\u017cn\u0105 obserwacj\u0105 trend\u00f3w, szczeg\u00f3lnie tych inspirowanych stylem najwi\u0119kszych gwiazd. Ch\u0119tnie podpatruje codzienne stylizacje i przek\u0142ada je na mod\u0119 blisk\u0105 \u017cyciu \u2014 kobiec\u0105, stylow\u0105 i pe\u0142n\u0105 charakteru. Prywatnie najch\u0119tniej si\u0119ga po krymina\u0142y i sp\u0119dza czas na spacerach z synkiem.\",\"sameAs\":[\"https:\\\/\\\/www.linkedin.com\\\/in\\\/marta-osuch-b71aa8186\\\/\"],\"url\":\"https:\\\/\\\/bialcon.pl\\\/blog\\\/author\\\/martao\\\/\"}]}<\/script>\n<!-- \/ Yoast SEO plugin. -->","yoast_head_json":{"title":"Jaki kolor pasuje do bordowego? Sprawdzone po\u0142\u0105czenia kolorystyczne z kolorem bordo - Bialcon","description":"Z czym \u0142\u0105czy\u0107 kolor bordowy? Sprawd\u017a, jakie kolory pasuj\u0105 do bordo i tw\u00f3rz modne stylizacje na ka\u017cd\u0105 okazj\u0119 \u2013 inspiracje czekaj\u0105!","robots":{"index":"index","follow":"follow","max-snippet":"max-snippet:-1","max-image-preview":"max-image-preview:large","max-video-preview":"max-video-preview:-1"},"canonical":"https:\/\/bialcon.pl\/blog\/jaki-kolor-pasuje-do-bordowego\/","twitter_misc":{"Napisane przez":"Marta Osuch","Szacowany czas czytania":"9 minut"},"schema":{"@context":"https:\/\/schema.org","@graph":[{"@type":"Article","@id":"https:\/\/bialcon.pl\/blog\/jaki-kolor-pasuje-do-bordowego\/#article","isPartOf":{"@id":"https:\/\/bialcon.pl\/blog\/jaki-kolor-pasuje-do-bordowego\/"},"author":{"name":"Marta Osuch","@id":"https:\/\/bialcon.pl\/blog\/#\/schema\/person\/d607966042d507bd761f9e2cab07df62"},"headline":"Jaki kolor pasuje do bordowego? Sprawdzone po\u0142\u0105czenia kolorystyczne z kolorem bordo","datePublished":"2026-01-01T09:00:00+00:00","dateModified":"2026-01-05T07:48:59+00:00","mainEntityOfPage":{"@id":"https:\/\/bialcon.pl\/blog\/jaki-kolor-pasuje-do-bordowego\/"},"wordCount":1724,"image":{"@id":"https:\/\/bialcon.pl\/blog\/jaki-kolor-pasuje-do-bordowego\/#primaryimage"},"thumbnailUrl":"https:\/\/bialcon.pl\/blog\/wp-content\/uploads\/2025\/12\/Projekt-bez-nazwy-5.png","articleSection":["Styl \u017bycia"],"inLanguage":"pl-PL"},{"@type":"WebPage","@id":"https:\/\/bialcon.pl\/blog\/jaki-kolor-pasuje-do-bordowego\/","url":"https:\/\/bialcon.pl\/blog\/jaki-kolor-pasuje-do-bordowego\/","name":"Jaki kolor pasuje do bordowego? Sprawdzone po\u0142\u0105czenia kolorystyczne z kolorem bordo - Bialcon","isPartOf":{"@id":"https:\/\/bialcon.pl\/blog\/#website"},"primaryImageOfPage":{"@id":"https:\/\/bialcon.pl\/blog\/jaki-kolor-pasuje-do-bordowego\/#primaryimage"},"image":{"@id":"https:\/\/bialcon.pl\/blog\/jaki-kolor-pasuje-do-bordowego\/#primaryimage"},"thumbnailUrl":"https:\/\/bialcon.pl\/blog\/wp-content\/uploads\/2025\/12\/Projekt-bez-nazwy-5.png","datePublished":"2026-01-01T09:00:00+00:00","dateModified":"2026-01-05T07:48:59+00:00","author":{"@id":"https:\/\/bialcon.pl\/blog\/#\/schema\/person\/d607966042d507bd761f9e2cab07df62"},"description":"Z czym \u0142\u0105czy\u0107 kolor bordowy? Sprawd\u017a, jakie kolory pasuj\u0105 do bordo i tw\u00f3rz modne stylizacje na ka\u017cd\u0105 okazj\u0119 \u2013 inspiracje czekaj\u0105!","breadcrumb":{"@id":"https:\/\/bialcon.pl\/blog\/jaki-kolor-pasuje-do-bordowego\/#breadcrumb"},"inLanguage":"pl-PL","potentialAction":[{"@type":"ReadAction","target":["https:\/\/bialcon.pl\/blog\/jaki-kolor-pasuje-do-bordowego\/"]}]},{"@type":"ImageObject","inLanguage":"pl-PL","@id":"https:\/\/bialcon.pl\/blog\/jaki-kolor-pasuje-do-bordowego\/#primaryimage","url":"https:\/\/bialcon.pl\/blog\/wp-content\/uploads\/2025\/12\/Projekt-bez-nazwy-5.png","contentUrl":"https:\/\/bialcon.pl\/blog\/wp-content\/uploads\/2025\/12\/Projekt-bez-nazwy-5.png","width":960,"height":850,"caption":"Wizualizacja kobiety w bordowej bluzce Bialcon"},{"@type":"BreadcrumbList","@id":"https:\/\/bialcon.pl\/blog\/jaki-kolor-pasuje-do-bordowego\/#breadcrumb","itemListElement":[{"@type":"ListItem","position":1,"name":"Strona g\u0142\u00f3wna","item":"https:\/\/bialcon.pl\/blog\/"},{"@type":"ListItem","position":2,"name":"Styl \u017bycia","item":"https:\/\/bialcon.pl\/blog\/styl-zycia\/"},{"@type":"ListItem","position":3,"name":"Jaki kolor pasuje do bordowego? Sprawdzone po\u0142\u0105czenia kolorystyczne z kolorem bordo"}]},{"@type":"WebSite","@id":"https:\/\/bialcon.pl\/blog\/#website","url":"https:\/\/bialcon.pl\/blog\/","name":"bialcon.pl\/blog\/","description":"Fashion Blog w zasi\u0119gu Twojej r\u0119ki","potentialAction":[{"@type":"SearchAction","target":{"@type":"EntryPoint","urlTemplate":"https:\/\/bialcon.pl\/blog\/?s={search_term_string}"},"query-input":{"@type":"PropertyValueSpecification","valueRequired":true,"valueName":"search_term_string"}}],"inLanguage":"pl-PL"},{"@type":"Person","@id":"https:\/\/bialcon.pl\/blog\/#\/schema\/person\/d607966042d507bd761f9e2cab07df62","name":"Marta Osuch","image":{"@type":"ImageObject","inLanguage":"pl-PL","@id":"https:\/\/secure.gravatar.com\/avatar\/e92ecceaeb1c6e5e7cf1d28eb4215cad69403014f340b8f5b576adf09b89be60?s=96&d=mm&r=g","url":"https:\/\/secure.gravatar.com\/avatar\/e92ecceaeb1c6e5e7cf1d28eb4215cad69403014f340b8f5b576adf09b89be60?s=96&d=mm&r=g","contentUrl":"https:\/\/secure.gravatar.com\/avatar\/e92ecceaeb1c6e5e7cf1d28eb4215cad69403014f340b8f5b576adf09b89be60?s=96&d=mm&r=g","caption":"Marta Osuch"},"description":"Z wykszta\u0142cenia specjalistka ds. bezpiecze\u0144stwa narodowego, z pasji \u2014 tw\u00f3rczyni tre\u015bci i mi\u0142o\u015bniczka mody. Na co dzie\u0144 \u0142\u0105czy zami\u0142owanie do content marketingu z uwa\u017cn\u0105 obserwacj\u0105 trend\u00f3w, szczeg\u00f3lnie tych inspirowanych stylem najwi\u0119kszych gwiazd. Ch\u0119tnie podpatruje codzienne stylizacje i przek\u0142ada je na mod\u0119 blisk\u0105 \u017cyciu \u2014 kobiec\u0105, stylow\u0105 i pe\u0142n\u0105 charakteru. Prywatnie najch\u0119tniej si\u0119ga po krymina\u0142y i sp\u0119dza czas na spacerach z synkiem.","sameAs":["https:\/\/www.linkedin.com\/in\/marta-osuch-b71aa8186\/"],"url":"https:\/\/bialcon.pl\/blog\/author\/martao\/"}]}},"_links":{"self":[{"href":"https:\/\/bialcon.pl\/blog\/wp-json\/wp\/v2\/posts\/12751","targetHints":{"allow":["GET"]}}],"collection":[{"href":"https:\/\/bialcon.pl\/blog\/wp-json\/wp\/v2\/posts"}],"about":[{"href":"https:\/\/bialcon.pl\/blog\/wp-json\/wp\/v2\/types\/post"}],"author":[{"embeddable":true,"href":"https:\/\/bialcon.pl\/blog\/wp-json\/wp\/v2\/users\/8"}],"replies":[{"embeddable":true,"href":"https:\/\/bialcon.pl\/blog\/wp-json\/wp\/v2\/comments?post=12751"}],"version-history":[{"count":1,"href":"https:\/\/bialcon.pl\/blog\/wp-json\/wp\/v2\/posts\/12751\/revisions"}],"predecessor-version":[{"id":12753,"href":"https:\/\/bialcon.pl\/blog\/wp-json\/wp\/v2\/posts\/12751\/revisions\/12753"}],"wp:featuredmedia":[{"embeddable":true,"href":"https:\/\/bialcon.pl\/blog\/wp-json\/wp\/v2\/media\/12752"}],"wp:attachment":[{"href":"https:\/\/bialcon.pl\/blog\/wp-json\/wp\/v2\/media?parent=12751"}],"wp:term":[{"taxonomy":"category","embeddable":true,"href":"https:\/\/bialcon.pl\/blog\/wp-json\/wp\/v2\/categories?post=12751"},{"taxonomy":"post_tag","embeddable":true,"href":"https:\/\/bialcon.pl\/blog\/wp-json\/wp\/v2\/tags?post=12751"}],"curies":[{"name":"wp","href":"https:\/\/api.w.org\/{rel}","templated":true}]}}