{"id":12747,"date":"2025-12-25T10:00:00","date_gmt":"2025-12-25T09:00:00","guid":{"rendered":"https:\/\/bialcon.pl\/blog\/?p=12747"},"modified":"2026-04-16T10:52:17","modified_gmt":"2026-04-16T08:52:17","slug":"jak-wiazac-szalik","status":"publish","type":"post","link":"https:\/\/bialcon.pl\/blog\/jak-wiazac-szalik\/","title":{"rendered":"Jak wi\u0105za\u0107 szalik, by doda\u0107 stylizacji charakteru?"},"content":{"rendered":"<div id=\"ez-toc-container\" class=\"ez-toc-v2_0_82_2 counter-hierarchy ez-toc-counter ez-toc-custom ez-toc-container-direction\">\n<div class=\"ez-toc-title-container\"><p class=\"ez-toc-title\" style=\"cursor:inherit\">Spis Tre\u015bci<\/p>\n<\/div><nav><ul class='ez-toc-list ez-toc-list-level-1 ' ><li class='ez-toc-page-1 ez-toc-heading-level-2'><a class=\"ez-toc-link ez-toc-heading-1\" href=\"https:\/\/bialcon.pl\/blog\/jak-wiazac-szalik\/#Jak_wiazac_szalik_%E2%80%93_od_czego_zaczac_przy_wyborze_dlugosci_i_materialu\" >Jak wi\u0105za\u0107 szalik \u2013 od czego zacz\u0105\u0107 przy wyborze d\u0142ugo\u015bci i materia\u0142u?<\/a><\/li><li class='ez-toc-page-1 ez-toc-heading-level-2'><a class=\"ez-toc-link ez-toc-heading-2\" href=\"https:\/\/bialcon.pl\/blog\/jak-wiazac-szalik\/#Jak_wiazac_szalik_do_plaszcza_damskiego_by_wygladac_modnie\" >Jak wi\u0105za\u0107 szalik do p\u0142aszcza damskiego, by wygl\u0105da\u0107 modnie?<\/a><\/li><li class='ez-toc-page-1 ez-toc-heading-level-2'><a class=\"ez-toc-link ez-toc-heading-3\" href=\"https:\/\/bialcon.pl\/blog\/jak-wiazac-szalik\/#Jak_wiazac_szalik_do_plaszcza_meskiego_%E2%80%93_inspiracje_rowniez_dla_kobiet\" >Jak wi\u0105za\u0107 szalik do p\u0142aszcza m\u0119skiego \u2013 inspiracje r\u00f3wnie\u017c dla kobiet<\/a><\/li><li class='ez-toc-page-1 ez-toc-heading-level-2'><a class=\"ez-toc-link ez-toc-heading-4\" href=\"https:\/\/bialcon.pl\/blog\/jak-wiazac-szalik\/#Stylu_smart_casual_%E2%80%93_jak_wiazac_szalik_by_dodac_lekkosci\" >Stylu smart casual \u2013 jak wi\u0105za\u0107 szalik, by doda\u0107 lekko\u015bci?<\/a><\/li><li class='ez-toc-page-1 ez-toc-heading-level-2'><a class=\"ez-toc-link ez-toc-heading-5\" href=\"https:\/\/bialcon.pl\/blog\/jak-wiazac-szalik\/#Sposoby_wiazania_idealne_do_eleganckich_plaszczy\" >Sposoby wi\u0105zania idealne do eleganckich p\u0142aszczy<\/a><\/li><li class='ez-toc-page-1 ez-toc-heading-level-2'><a class=\"ez-toc-link ez-toc-heading-6\" href=\"https:\/\/bialcon.pl\/blog\/jak-wiazac-szalik\/#Klasyczny_wezel_%E2%80%93_ponadczasowa_metoda_na_jesien_i_zime\" >Klasyczny w\u0119ze\u0142 \u2013 ponadczasowa metoda na jesie\u0144 i zim\u0119<\/a><\/li><li class='ez-toc-page-1 ez-toc-heading-level-2'><a class=\"ez-toc-link ez-toc-heading-7\" href=\"https:\/\/bialcon.pl\/blog\/jak-wiazac-szalik\/#Jak_zawiazac_szalik_w_pojedyncza_petle_%E2%80%93_praktyczny_i_szybki_sposob\" >Jak zawi\u0105za\u0107 szalik w pojedyncz\u0105 p\u0119tl\u0119 \u2013 praktyczny i szybki spos\u00f3b<\/a><\/li><li class='ez-toc-page-1 ez-toc-heading-level-2'><a class=\"ez-toc-link ez-toc-heading-8\" href=\"https:\/\/bialcon.pl\/blog\/jak-wiazac-szalik\/#Stylowe_sposoby_wiazania_inspirowane_moda_uliczna\" >Stylowe sposoby wi\u0105zania inspirowane mod\u0105 uliczn\u0105<\/a><\/li><li class='ez-toc-page-1 ez-toc-heading-level-2'><a class=\"ez-toc-link ez-toc-heading-9\" href=\"https:\/\/bialcon.pl\/blog\/jak-wiazac-szalik\/#Jak_dopasowac_sposob_wiazania_do_rodzaju_plaszcza_i_szalika\" >Jak dopasowa\u0107 spos\u00f3b wi\u0105zania do rodzaju p\u0142aszcza i szalika?<\/a><\/li><li class='ez-toc-page-1 ez-toc-heading-level-2'><a class=\"ez-toc-link ez-toc-heading-10\" href=\"https:\/\/bialcon.pl\/blog\/jak-wiazac-szalik\/#FAQ\" >FAQ<\/a><\/li><\/ul><\/nav><\/div>\n\n<p>Szalik czy szal nie tylko chroni nas przed ch\u0142odem, lecz tak\u017ce jest elementem stroju, kt\u00f3ry nadaje stylizacji charakteru. Odpowiednio dobrany i zawi\u0105zany podkre\u015bla kobiec\u0105 sylwetk\u0119, wsp\u00f3\u0142gra z p\u0142aszczem i tworzy sp\u00f3jn\u0105 ca\u0142o\u015b\u0107 \u2013 niezale\u017cnie od tego, czy chodzi o look elegancki, codzienny czy utrzymany w stylu smart casual.<\/p>\n\n\n\n<h2 class=\"wp-block-heading\"><span class=\"ez-toc-section\" id=\"Jak_wiazac_szalik_%E2%80%93_od_czego_zaczac_przy_wyborze_dlugosci_i_materialu\"><\/span>Jak wi\u0105za\u0107 szalik \u2013 od czego zacz\u0105\u0107 przy wyborze d\u0142ugo\u015bci i materia\u0142u?<span class=\"ez-toc-section-end\"><\/span><\/h2>\n\n\n\n<p>Aby szalik wygl\u0105da\u0142 schludnie, warto dopasowa\u0107 d\u0142ugo\u015b\u0107 szalika i materia\u0142 szalika do rodzaju okrycia wierzchniego. We\u0142niane modele, w tym we\u0142na merino, \u015bwietnie trzymaj\u0105 kszta\u0142t, a lekkie i cienkie szale daj\u0105 wi\u0119ksze mo\u017cliwo\u015bci dekoracyjnego uk\u0142adania.<\/p>\n\n\n\n<h3 class=\"wp-block-heading\">Cienki szalik \u2013 jak go stylizowa\u0107, by nie przyt\u0142oczy\u0107 stylizacji?<\/h3>\n\n\n\n<p>Je\u015bli zastanawiasz si\u0119, jak wi\u0105za\u0107 cienki szalik, wybierz lekkie przewieszenie, lu\u017any supe\u0142 lub delikatne skr\u0119cenie wok\u00f3\u0142 szyi. Cienki szalik doskonale pasuje do casualowych stylizacji i l\u017cejszych trenczy, dodaj\u0105c subtelno\u015bci.<\/p>\n\n\n\n<h3 class=\"wp-block-heading\">Du\u017cy szal zimowy \u2013 jak wi\u0105za\u0107, by zapewni\u0107 dodatkowe ciep\u0142o?<\/h3>\n\n\n\n<p>Du\u017cy szal zimowy warto owin\u0105\u0107 wok\u00f3\u0142 szyi dwa razy, pozostawiaj\u0105c lu\u017ane ko\u0144ce opadaj\u0105ce wzd\u0142u\u017c p\u0142aszcza. Taki spos\u00f3b wi\u0105zania zapewnia dodatkowe ciep\u0142o w ch\u0142odniejsze dni i nadaje sylwetce mi\u0119kko\u015bci.<\/p>\n\n\n\r\n<div class=\"product-block-container swiper mySwiperProductBlock\">\r\n    <div class=\"product-block-swiper swiper-wrapper\">\r\n                    <div class=\"swiper-slide product-block-item\" data-id=\"147924\">\r\n                <a href=\"https:\/\/bialcon.pl\/apaszka-w-kolorze-karminowej-czerwieni-z-orientalnym-motywem?utm_source=blog&utm_medium=poradystylistki&utm_campaign=251225\" class=\"product-block-url\" target=\"_blank\">\r\n                    <div class=\"product-block-image\">\r\n                        <img decoding=\"async\" width=\"300\" height=\"400\" src=\"https:\/\/bialcon.pl\/picture\/szal-wzory_78.jpg\" alt=\"Apaszka w kolorze karminowej czerwieni z orientalnym motywem\">\r\n                    <\/div>\r\n                    <div class=\"product-block-name\">\r\n                        <p>Apaszka w kolorze karminowej czerwieni z orientalnym motywem<\/p>\r\n                    <\/div>\r\n                <\/a>\r\n            <\/div>\r\n                    <div class=\"swiper-slide product-block-item\" data-id=\"147931\">\r\n                <a href=\"https:\/\/bialcon.pl\/wzorzysta-apaszka-w-kolorze-ciemnej-zieleni?utm_source=blog&utm_medium=poradystylistki&utm_campaign=251225\" class=\"product-block-url\" target=\"_blank\">\r\n                    <div class=\"product-block-image\">\r\n                        <img decoding=\"async\" width=\"300\" height=\"400\" src=\"https:\/\/bialcon.pl\/picture\/szal-wzory_79.jpg\" alt=\"Wzorzysta apaszka w kolorze ciemnej zieleni\">\r\n                    <\/div>\r\n                    <div class=\"product-block-name\">\r\n                        <p>Wzorzysta apaszka w kolorze ciemnej zieleni<\/p>\r\n                    <\/div>\r\n                <\/a>\r\n            <\/div>\r\n                    <div class=\"swiper-slide product-block-item\" data-id=\"147938\">\r\n                <a href=\"https:\/\/bialcon.pl\/dwukolorowa-apaszka-z-jedwabiu?utm_source=blog&utm_medium=poradystylistki&utm_campaign=251225\" class=\"product-block-url\" target=\"_blank\">\r\n                    <div class=\"product-block-image\">\r\n                        <img decoding=\"async\" width=\"300\" height=\"400\" src=\"https:\/\/bialcon.pl\/picture\/szal-wzory_75.jpg\" alt=\"Dwukolorowa apaszka z jedwabiu\">\r\n                    <\/div>\r\n                    <div class=\"product-block-name\">\r\n                        <p>Dwukolorowa apaszka z jedwabiu<\/p>\r\n                    <\/div>\r\n                <\/a>\r\n            <\/div>\r\n            <\/div>\r\n<\/div>\r\n\n\n\n\n<h2 class=\"wp-block-heading\"><span class=\"ez-toc-section\" id=\"Jak_wiazac_szalik_do_plaszcza_damskiego_by_wygladac_modnie\"><\/span>Jak wi\u0105za\u0107 szalik do p\u0142aszcza damskiego, by wygl\u0105da\u0107 modnie?<span class=\"ez-toc-section-end\"><\/span><\/h2>\n\n\n\n<p>W przypadku p\u0142aszcza damskiego najlepiej sprawdzaj\u0105 si\u0119 mi\u0119kkie i kobiece techniki wi\u0105zania. Delikatna kokarda, subtelny supe\u0142, pojedyncza p\u0119tla lub podw\u00f3jne owini\u0119cie z jednym ko\u0144cem opadaj\u0105cym na klatk\u0119 piersiow\u0105 dodaj\u0105 stylizacji harmonii i elegancji.<\/p>\n\n\n\n<h2 class=\"wp-block-heading\"><span class=\"ez-toc-section\" id=\"Jak_wiazac_szalik_do_plaszcza_meskiego_%E2%80%93_inspiracje_rowniez_dla_kobiet\"><\/span>Jak wi\u0105za\u0107 szalik do p\u0142aszcza m\u0119skiego \u2013 inspiracje r\u00f3wnie\u017c dla kobiet<span class=\"ez-toc-section-end\"><\/span><\/h2>\n\n\n\n<p>Je\u015bli podpowiadasz partnerowi w kwestii ubioru lub chcesz wykorzysta\u0107 m\u0119ski spos\u00f3b dla siebie, w przypadku p\u0142aszcza m\u0119skiego \u015bwietnie sprawdza si\u0119 klasyczny w\u0119ze\u0142, pojedyncza p\u0119tla lub w\u0119ze\u0142 francuski. Te techniki s\u0105 schludne i ponadczasowe, a przy tym \u0142atwe do wykonania.<\/p>\n\n\n\n<h2 class=\"wp-block-heading\"><span class=\"ez-toc-section\" id=\"Stylu_smart_casual_%E2%80%93_jak_wiazac_szalik_by_dodac_lekkosci\"><\/span>Stylu smart casual \u2013 jak wi\u0105za\u0107 szalik, by doda\u0107 lekko\u015bci?<span class=\"ez-toc-section-end\"><\/span><\/h2>\n\n\n\n<p>W stylu smart casual \u015bwietnie prezentuj\u0105 si\u0119 lu\u017ane, niewymuszone sposoby wi\u0105zania. Wystarczy zarzuci\u0107 szalik na jedno rami\u0119, pozwoli\u0107 jednemu ko\u0144cowi opa\u015b\u0107 ni\u017cej lub u\u0142o\u017cy\u0107 go asymetrycznie, by stworzy\u0107 nonszalancki look.<\/p>\n\n\n\n<h2 class=\"wp-block-heading\"><span class=\"ez-toc-section\" id=\"Sposoby_wiazania_idealne_do_eleganckich_plaszczy\"><\/span>Sposoby wi\u0105zania idealne do eleganckich p\u0142aszczy<span class=\"ez-toc-section-end\"><\/span><\/h2>\n\n\n\n<p>Eleganckie p\u0142aszcze damskie \u015bwietnie wsp\u00f3\u0142graj\u0105 z technikami takimi jak w\u0119ze\u0142 ascot, p\u0119tla paryska lub w\u0119ze\u0142 z lekkim skr\u0119tem. To rozwi\u0105zania, kt\u00f3re nie tylko wygl\u0105daj\u0105 stylowo, ale te\u017c pi\u0119knie podkre\u015blaj\u0105 linie p\u0142aszcza.<\/p>\n\n\n\r\n<div class=\"product-block-container swiper mySwiperProductBlock\">\r\n    <div class=\"product-block-swiper swiper-wrapper\">\r\n                    <div class=\"swiper-slide product-block-item\" data-id=\"147782\">\r\n                <a href=\"https:\/\/bialcon.pl\/czarny-dwurzedowy-trencz-z-podszewka-i-paskiem?utm_source=blog&utm_medium=poradystylistki&utm_campaign=251225\" class=\"product-block-url\" target=\"_blank\">\r\n                    <div class=\"product-block-image\">\r\n                        <img decoding=\"async\" width=\"300\" height=\"400\" src=\"https:\/\/bialcon.pl\/picture\/kurtka-ble-262678-f-czarny_2.jpg\" alt=\"Czarny dwurz\u0119dowy trencz z podszewk\u0105 i paskiem\">\r\n                    <\/div>\r\n                    <div class=\"product-block-name\">\r\n                        <p>Czarny dwurz\u0119dowy trencz z podszewk\u0105 i paskiem<\/p>\r\n                    <\/div>\r\n                <\/a>\r\n            <\/div>\r\n                    <div class=\"swiper-slide product-block-item\" data-id=\"147681\">\r\n                <a href=\"https:\/\/bialcon.pl\/prosty-kremowy-plaszcz-z-wiazaniem?utm_source=blog&utm_medium=poradystylistki&utm_campaign=251225\" class=\"product-block-url\" target=\"_blank\">\r\n                    <div class=\"product-block-image\">\r\n                        <img decoding=\"async\" width=\"300\" height=\"400\" src=\"https:\/\/bialcon.pl\/picture\/plaszcz-carmen-ecru-relis.jpg\" alt=\"Prosty kremowy p\u0142aszcz z wi\u0105zaniem\">\r\n                    <\/div>\r\n                    <div class=\"product-block-name\">\r\n                        <p>Prosty kremowy p\u0142aszcz z wi\u0105zaniem<\/p>\r\n                    <\/div>\r\n                <\/a>\r\n            <\/div>\r\n                    <div class=\"swiper-slide product-block-item\" data-id=\"147682\">\r\n                <a href=\"https:\/\/bialcon.pl\/prosty-kamelowy-plaszcz-z-wiazaniem?utm_source=blog&utm_medium=poradystylistki&utm_campaign=251225\" class=\"product-block-url\" target=\"_blank\">\r\n                    <div class=\"product-block-image\">\r\n                        <img decoding=\"async\" width=\"300\" height=\"400\" src=\"https:\/\/bialcon.pl\/picture\/plaszcz-carmen-bezowy-relis.jpg\" alt=\"Prosty kamelowy p\u0142aszcz z wi\u0105zaniem\">\r\n                    <\/div>\r\n                    <div class=\"product-block-name\">\r\n                        <p>Prosty kamelowy p\u0142aszcz z wi\u0105zaniem<\/p>\r\n                    <\/div>\r\n                <\/a>\r\n            <\/div>\r\n            <\/div>\r\n<\/div>\r\n\n\n\n\n<h2 class=\"wp-block-heading\"><span class=\"ez-toc-section\" id=\"Klasyczny_wezel_%E2%80%93_ponadczasowa_metoda_na_jesien_i_zime\"><\/span>Klasyczny w\u0119ze\u0142 \u2013 ponadczasowa metoda na jesie\u0144 i zim\u0119<span class=\"ez-toc-section-end\"><\/span><\/h2>\n\n\n\n<p>Klasyczny w\u0119ze\u0142 to prosty i efektowny spos\u00f3b wi\u0105zania. Wystarczy prze\u0142o\u017cy\u0107 d\u0142u\u017csz\u0105 cz\u0119\u015b\u0107 przez kr\u00f3tszy koniec, lekko skr\u0119ci\u0107 i u\u0142o\u017cy\u0107 wzd\u0142u\u017c klatki piersiowej. To bezpieczna opcja do ka\u017cdego rodzaju p\u0142aszcza.<\/p>\n\n\n\n<h2 class=\"wp-block-heading\"><span class=\"ez-toc-section\" id=\"Jak_zawiazac_szalik_w_pojedyncza_petle_%E2%80%93_praktyczny_i_szybki_sposob\"><\/span>Jak zawi\u0105za\u0107 szalik w pojedyncz\u0105 p\u0119tl\u0119 \u2013 praktyczny i szybki spos\u00f3b<span class=\"ez-toc-section-end\"><\/span><\/h2>\n\n\n\n<p>Aby uzyska\u0107 pojedyncz\u0105 p\u0119tl\u0119, z\u0142\u00f3\u017c szalik na p\u00f3\u0142, owi\u0144 wok\u00f3\u0142 szyi i prze\u0142\u00f3\u017c ko\u0144c\u00f3wki szalika przez powsta\u0142\u0105 p\u0119tl\u0119. Ten spos\u00f3b jest \u0142atwy, szybki i bardzo ciep\u0142y, zw\u0142aszcza przy d\u0142u\u017cszych modelach.<\/p>\n\n\n\n<h3 class=\"wp-block-heading\">Prosty w\u0119ze\u0142 \u2013 minimalistyczne wi\u0105zanie na co dzie\u0144<\/h3>\n\n\n\n<p>Prosty w\u0119ze\u0142 sprawdza si\u0119 szczeg\u00f3lnie przy cienkich modelach i w codziennych stylizacjach. Pozwala uzyska\u0107 schludny efekt, nie dodaj\u0105c zb\u0119dnej obj\u0119to\u015bci okolicy szyi.<\/p>\n\n\n\n<h3 class=\"wp-block-heading\">W\u0119ze\u0142 ascot \u2013 eleganckie wi\u0105zanie dla wymagaj\u0105cych<\/h3>\n\n\n\n<p>W\u0119ze\u0142 ascot \u015bwietnie wygl\u0105da przy eleganckich p\u0142aszczach i mi\u0119kkich, d\u0142u\u017cszych szalach. Prze\u0142\u00f3\u017c d\u0142u\u017csz\u0105 cz\u0119\u015b\u0107 pod kr\u00f3tsz\u0105, nast\u0119pnie prze\u0142\u00f3\u017c j\u0105 ponownie od spodu i delikatnie u\u0142\u00f3\u017c przy szyi.<\/p>\n\n\n\n<h3 class=\"wp-block-heading\">W\u0119ze\u0142 francuski \u2013 jak wi\u0105za\u0107 szalik, by wygl\u0105da\u0107 stylowo i modnie?<\/h3>\n\n\n\n<p>Najpopularniejszy na \u015bwiecie w\u0119ze\u0142 paryski, cz\u0119sto polecany jako spos\u00f3b na szybkie i efektowne wi\u0105zanie, wcale nie pochodzi z Pary\u017ca! Pierwszy raz spopularyzowali go \u017ceglarze z p\u00f3\u0142nocy Francji, kt\u00f3rzy zacz\u0119li sk\u0142ada\u0107 i przewi\u0105zywa\u0107 szale w ten spos\u00f3b, aby chroni\u0107 szyj\u0119 przed wiatrem na morzu. Dopiero p\u00f3\u017aniej technik\u0119 t\u0119 przej\u0119\u0142a paryska bohema \u2013 nadaj\u0105c jej status modowego klasyka.<\/p>\n\n\n\n<p>W\u0119ze\u0142 francuski to hit sezonu. Z\u0142\u00f3\u017c szalik na p\u00f3\u0142, owi\u0144 wok\u00f3\u0142 szyi i jedn\u0105 ko\u0144c\u00f3wk\u0119 prze\u0142\u00f3\u017c nad, a drug\u0105 pod p\u0119tl\u0105. To wi\u0105zanie wygl\u0105da elegancko, a jednocze\u015bnie jest bardzo praktyczne.<\/p>\n\n\n\n<h2 class=\"wp-block-heading\"><span class=\"ez-toc-section\" id=\"Stylowe_sposoby_wiazania_inspirowane_moda_uliczna\"><\/span>Stylowe sposoby wi\u0105zania inspirowane mod\u0105 uliczn\u0105<span class=\"ez-toc-section-end\"><\/span><\/h2>\n\n\n\n<p>Moda uliczna pokazuje, \u017ce szalik \u015bwietnie wygl\u0105da tak\u017ce wtedy, gdy jest po prostu zarzucony. Mo\u017cesz pozostawi\u0107 jeden koniec szalika d\u0142u\u017cszy, wykorzystuj\u0105c go jako subtelny element stroju.<\/p>\n\n\n\n<h2 class=\"wp-block-heading\"><span class=\"ez-toc-section\" id=\"Jak_dopasowac_sposob_wiazania_do_rodzaju_plaszcza_i_szalika\"><\/span>Jak dopasowa\u0107 spos\u00f3b wi\u0105zania do rodzaju p\u0142aszcza i szalika?<span class=\"ez-toc-section-end\"><\/span><\/h2>\n\n\n\n<p>Najlepszym rozwi\u0105zaniem jest dopasowanie wi\u0105zania do rodzaju p\u0142aszcza, rodzaju szalika oraz w\u0142asnych preferencji. Lekkie okrycia lubi\u0105 cienkie modele, a eleganckie p\u0142aszcze damskie najlepiej wygl\u0105daj\u0105 z bardziej dopracowanymi w\u0119z\u0142ami. Odpowiednio dobrany spos\u00f3b sprawi, \u017ce szal przestanie by\u0107 tylko dodatkiem i stanie si\u0119 pe\u0142noprawnym elementem stylizacji.<\/p>\n\n\n\n<p>Umiej\u0119tno\u015b\u0107 wi\u0105zania szalika to jeden z najprostszych sposob\u00f3w, aby doda\u0107 stylizacji charakteru i podkre\u015bli\u0107 w\u0142asny styl. Niezale\u017cnie od tego, czy wybierasz cienki szalik, du\u017cy szal zimowy, czy klasyczny model we\u0142niany \u2013 liczy si\u0119 dopasowanie sposobu wi\u0105zania do rodzaju p\u0142aszcza, okazji i osobistych preferencji. Delikatne przewieszenie, pojedyncza p\u0119tla, klasyczny w\u0119ze\u0142 czy elegancki w\u0119ze\u0142 francuski potrafi\u0105 ca\u0142kowicie odmieni\u0107 wygl\u0105d i sprawi\u0107, \u017ce szalik stanie si\u0119 nie tylko dodatkiem, lecz integralnym elementem ubioru. Dzi\u0119ki odpowiednim technikom mo\u017cesz podkre\u015bli\u0107 lini\u0119 p\u0142aszcza, doda\u0107 sylwetce lekko\u015bci lub zapewni\u0107 sobie dodatkowe ciep\u0142o w ch\u0142odniejsze dni. W\u0142a\u015bciwie zawi\u0105zany szalik to detal, kt\u00f3ry naprawd\u0119 robi dobr\u0105 robot\u0119.<\/p>\n\n\n\r\n<div class=\"product-block-container swiper mySwiperProductBlock\">\r\n    <div class=\"product-block-swiper swiper-wrapper\">\r\n                    <div class=\"swiper-slide product-block-item\" data-id=\"147782\">\r\n                <a href=\"https:\/\/bialcon.pl\/czarny-dwurzedowy-trencz-z-podszewka-i-paskiem?utm_source=blog&utm_medium=poradystylistki&utm_campaign=251225\" class=\"product-block-url\" target=\"_blank\">\r\n                    <div class=\"product-block-image\">\r\n                        <img decoding=\"async\" width=\"300\" height=\"400\" src=\"https:\/\/bialcon.pl\/picture\/kurtka-ble-262678-f-czarny_2.jpg\" alt=\"Czarny dwurz\u0119dowy trencz z podszewk\u0105 i paskiem\">\r\n                    <\/div>\r\n                    <div class=\"product-block-name\">\r\n                        <p>Czarny dwurz\u0119dowy trencz z podszewk\u0105 i paskiem<\/p>\r\n                    <\/div>\r\n                <\/a>\r\n            <\/div>\r\n                    <div class=\"swiper-slide product-block-item\" data-id=\"147783\">\r\n                <a href=\"https:\/\/bialcon.pl\/bezowy-dwurzedowy-trencz-z-podszewka-i-paskiem?utm_source=blog&utm_medium=poradystylistki&utm_campaign=251225\" class=\"product-block-url\" target=\"_blank\">\r\n                    <div class=\"product-block-image\">\r\n                        <img decoding=\"async\" width=\"300\" height=\"400\" src=\"https:\/\/bialcon.pl\/picture\/kurtka-ble-262678-f-bezowy.jpg\" alt=\"Be\u017cowy dwurz\u0119dowy trencz z podszewk\u0105 i paskiem\">\r\n                    <\/div>\r\n                    <div class=\"product-block-name\">\r\n                        <p>Be\u017cowy dwurz\u0119dowy trencz z podszewk\u0105 i paskiem<\/p>\r\n                    <\/div>\r\n                <\/a>\r\n            <\/div>\r\n                    <div class=\"swiper-slide product-block-item\" data-id=\"147686\">\r\n                <a href=\"https:\/\/bialcon.pl\/bawelniany-czarny-plaszcz-wiosenny-przed-kolano?utm_source=blog&utm_medium=poradystylistki&utm_campaign=251225\" class=\"product-block-url\" target=\"_blank\">\r\n                    <div class=\"product-block-image\">\r\n                        <img decoding=\"async\" width=\"300\" height=\"400\" src=\"https:\/\/bialcon.pl\/picture\/plaszcz-natasza-czarny-relis.jpg\" alt=\"Bawe\u0142niany czarny p\u0142aszcz wiosenny przed kolano\">\r\n                    <\/div>\r\n                    <div class=\"product-block-name\">\r\n                        <p>Bawe\u0142niany czarny p\u0142aszcz wiosenny przed kolano<\/p>\r\n                    <\/div>\r\n                <\/a>\r\n            <\/div>\r\n            <\/div>\r\n<\/div>\r\n\n\n\n\n<h2 class=\"wp-block-heading\"><span class=\"ez-toc-section\" id=\"FAQ\"><\/span>FAQ<span class=\"ez-toc-section-end\"><\/span><\/h2>\n\n\n\n<h3 class=\"wp-block-heading\">1. Jak wi\u0105za\u0107 szalik, \u017ceby wygl\u0105da\u0142 stylowo, a nie przypadkowo?<\/h3>\n\n\n\n<p>Stylowe <strong>wi\u0105zanie szalika<\/strong> zale\u017cy od d\u0142ugo\u015bci i materia\u0142u. Klasycznym i eleganckim wyborem jest tzw. p\u0119tla paryska \u2013 idealna na ch\u0142odniejsze dni. Je\u015bli zastanawiasz si\u0119, <strong>jak zawi\u0105za\u0107 szalik<\/strong>, by doda\u0107 stylizacji charakteru, postaw na lu\u017ane przewieszenie przez szyj\u0119 lub asymetryczne u\u0142o\u017cenie \u2013 szczeg\u00f3lnie w przypadku cie\u0144szych modeli.<\/p>\n\n\n\n<h3 class=\"wp-block-heading\">2. Jak wi\u0105za\u0107 szalik do p\u0142aszcza damskiego, by wygl\u0105da\u0107 modnie?<\/h3>\n\n\n\n<p>Je\u015bli chcesz wiedzie\u0107, <strong>jak wi\u0105za\u0107 szalik do p\u0142aszcza damskiego<\/strong>, wybierz spos\u00f3b, kt\u00f3ry podkre\u015bli dekolt i nie przyt\u0142oczy sylwetki. Do eleganckiego p\u0142aszcza sprawdzi si\u0119 delikatne <strong>wi\u0105zanie szala<\/strong> w formie kokardy lub z lekkim skr\u0119tem. Z kolei przy klasycznym trenczu dobrze prezentuje si\u0119 podw\u00f3jne owini\u0119cie z nonszalanckim ko\u0144cem opadaj\u0105cym z boku.<\/p>\n\n\n\n<h3 class=\"wp-block-heading\">3. Jakie s\u0105 modne sposoby wi\u0105zania szalik\u00f3w tej jesieni i zimy?<\/h3>\n\n\n\n<p>W tym sezonie kr\u00f3luj\u0105 minimalistyczne, ale efektowne <strong>sposoby wi\u0105zania szalik\u00f3w<\/strong> \u2013 w tym wi\u0105zanie \u201ena supe\u0142\u201d, tzw. loose wrap (lu\u017ane owini\u0119cie wok\u00f3\u0142 szyi) oraz nonszalanckie zarzucenie tylko jednego ko\u0144ca na rami\u0119. Je\u015bli szukasz inspiracji, jak \u0142adnie zawi\u0105za\u0107 szal, warto zajrze\u0107 do stylizacji ulicznych lub pokaz\u00f3w mody.<\/p>\n\n\n\n<h3 class=\"wp-block-heading\">4. Czym r\u00f3\u017cni si\u0119 spos\u00f3b wi\u0105zania szalika od wi\u0105zania szala?<\/h3>\n\n\n\n<p>Cho\u0107 cz\u0119sto u\u017cywamy tych poj\u0119\u0107 zamiennie, <strong>spos\u00f3b wi\u0105zania szalika<\/strong> mo\u017ce by\u0107 bardziej praktyczny (np. chroni\u0105cy przed zimnem), a <strong>wi\u0105zanie szala<\/strong> cz\u0119sto pe\u0142ni funkcj\u0119 dekoracyjn\u0105. Szale s\u0105 zwykle d\u0142u\u017csze i cie\u0144sze, dlatego daj\u0105 wi\u0119cej mo\u017cliwo\u015bci stylizacji \u2013 mo\u017cna je wi\u0105za\u0107 jak apaszk\u0119, przewi\u0105zywa\u0107 w pasie lub uk\u0142ada\u0107 na ramionach.<\/p>\n\n\n\n<script type=\"application\/ld+json\">\n{\n  \"@context\": \"https:\/\/schema.org\",\n  \"@type\": \"FAQPage\",\n  \"mainEntity\": [\n    {\n      \"@type\": \"Question\",\n      \"name\": \"Jak wi\u0105za\u0107 szalik, \u017ceby wygl\u0105da\u0142 stylowo, a nie przypadkowo?\",\n      \"acceptedAnswer\": {\n        \"@type\": \"Answer\",\n        \"text\": \"Stylowe wi\u0105zanie szalika zale\u017cy od d\u0142ugo\u015bci i materia\u0142u. Klasycznym i eleganckim wyborem jest tzw. p\u0119tla paryska \u2013 idealna na ch\u0142odniejsze dni. Je\u015bli zastanawiasz si\u0119, jak zawi\u0105za\u0107 szalik, by doda\u0107 stylizacji charakteru, postaw na lu\u017ane przewieszenie przez szyj\u0119 lub asymetryczne u\u0142o\u017cenie \u2013 szczeg\u00f3lnie w przypadku cie\u0144szych modeli.\"\n      }\n    },\n    {\n      \"@type\": \"Question\",\n      \"name\": \"Jak wi\u0105za\u0107 szalik do p\u0142aszcza damskiego, by wygl\u0105da\u0107 modnie?\",\n      \"acceptedAnswer\": {\n        \"@type\": \"Answer\",\n        \"text\": \"Je\u015bli chcesz wiedzie\u0107, jak wi\u0105za\u0107 szalik do p\u0142aszcza damskiego, wybierz spos\u00f3b, kt\u00f3ry podkre\u015bli dekolt i nie przyt\u0142oczy sylwetki. Do eleganckiego p\u0142aszcza sprawdzi si\u0119 delikatne wi\u0105zanie szala w formie kokardy lub z lekkim skr\u0119tem. Z kolei przy klasycznym trenczu dobrze prezentuje si\u0119 podw\u00f3jne owini\u0119cie z nonszalanckim ko\u0144cem opadaj\u0105cym z boku.\"\n      }\n    },\n    {\n      \"@type\": \"Question\",\n      \"name\": \"Jakie s\u0105 modne sposoby wi\u0105zania szalik\u00f3w tej jesieni i zimy?\",\n      \"acceptedAnswer\": {\n        \"@type\": \"Answer\",\n        \"text\": \"W tym sezonie kr\u00f3luj\u0105 minimalistyczne, ale efektowne sposoby wi\u0105zania szalik\u00f3w \u2013 w tym wi\u0105zanie \u201ena supe\u0142\u201d, tzw. loose wrap (lu\u017ane owini\u0119cie wok\u00f3\u0142 szyi) oraz nonszalanckie zarzucenie tylko jednego ko\u0144ca na rami\u0119. Je\u015bli szukasz inspiracji, jak \u0142adnie zawi\u0105za\u0107 szal, warto zajrze\u0107 do stylizacji ulicznych lub pokaz\u00f3w mody.\"\n      }\n    },\n    {\n      \"@type\": \"Question\",\n      \"name\": \"Czym r\u00f3\u017cni si\u0119 spos\u00f3b wi\u0105zania szalika od wi\u0105zania szala?\",\n      \"acceptedAnswer\": {\n        \"@type\": \"Answer\",\n        \"text\": \"Cho\u0107 cz\u0119sto u\u017cywamy tych poj\u0119\u0107 zamiennie, spos\u00f3b wi\u0105zania szalika mo\u017ce by\u0107 bardziej praktyczny, na przyk\u0142ad chroni\u0105cy przed zimnem, a wi\u0105zanie szala cz\u0119sto pe\u0142ni funkcj\u0119 dekoracyjn\u0105. Szale s\u0105 zwykle d\u0142u\u017csze i cie\u0144sze, dlatego daj\u0105 wi\u0119cej mo\u017cliwo\u015bci stylizacji \u2013 mo\u017cna je wi\u0105za\u0107 jak apaszk\u0119, przewi\u0105zywa\u0107 w pasie lub uk\u0142ada\u0107 na ramionach.\"\n      }\n    }\n  ]\n}\n<\/script>\n","protected":false},"excerpt":{"rendered":"<p>Szalik czy szal nie tylko chroni nas przed ch\u0142odem, lecz tak\u017ce jest elementem stroju, kt\u00f3ry nadaje stylizacji charakteru. Odpowiednio dobrany i zawi\u0105zany podkre\u015bla kobiec\u0105 sylwetk\u0119, wsp\u00f3\u0142gra z p\u0142aszczem i tworzy sp\u00f3jn\u0105 ca\u0142o\u015b\u0107 \u2013 niezale\u017cnie od tego, czy chodzi o look elegancki, codzienny czy utrzymany w stylu smart casual. Jak wi\u0105za\u0107 szalik \u2013 od czego zacz\u0105\u0107 [&hellip;]<\/p>\n","protected":false},"author":10,"featured_media":12748,"comment_status":"closed","ping_status":"open","sticky":false,"template":"","format":"standard","meta":{"_acf_changed":false,"site-sidebar-layout":"default","site-content-layout":"","ast-site-content-layout":"default","site-content-style":"default","site-sidebar-style":"default","ast-global-header-display":"","ast-banner-title-visibility":"","ast-main-header-display":"","ast-hfb-above-header-display":"","ast-hfb-below-header-display":"","ast-hfb-mobile-header-display":"","site-post-title":"","ast-breadcrumbs-content":"","ast-featured-img":"","footer-sml-layout":"","theme-transparent-header-meta":"","adv-header-id-meta":"","stick-header-meta":"","header-above-stick-meta":"","header-main-stick-meta":"","header-below-stick-meta":"","astra-migrate-meta-layouts":"set","ast-page-background-enabled":"default","ast-page-background-meta":{"desktop":{"background-color":"","background-image":"","background-repeat":"repeat","background-position":"center center","background-size":"auto","background-attachment":"scroll","background-type":"","background-media":"","overlay-type":"","overlay-color":"","overlay-opacity":"","overlay-gradient":""},"tablet":{"background-color":"","background-image":"","background-repeat":"repeat","background-position":"center center","background-size":"auto","background-attachment":"scroll","background-type":"","background-media":"","overlay-type":"","overlay-color":"","overlay-opacity":"","overlay-gradient":""},"mobile":{"background-color":"","background-image":"","background-repeat":"repeat","background-position":"center center","background-size":"auto","background-attachment":"scroll","background-type":"","background-media":"","overlay-type":"","overlay-color":"","overlay-opacity":"","overlay-gradient":""}},"ast-content-background-meta":{"desktop":{"background-color":"var(--ast-global-color-5)","background-image":"","background-repeat":"repeat","background-position":"center center","background-size":"auto","background-attachment":"scroll","background-type":"","background-media":"","overlay-type":"","overlay-color":"","overlay-opacity":"","overlay-gradient":""},"tablet":{"background-color":"var(--ast-global-color-5)","background-image":"","background-repeat":"repeat","background-position":"center center","background-size":"auto","background-attachment":"scroll","background-type":"","background-media":"","overlay-type":"","overlay-color":"","overlay-opacity":"","overlay-gradient":""},"mobile":{"background-color":"var(--ast-global-color-5)","background-image":"","background-repeat":"repeat","background-position":"center center","background-size":"auto","background-attachment":"scroll","background-type":"","background-media":"","overlay-type":"","overlay-color":"","overlay-opacity":"","overlay-gradient":""}},"footnotes":""},"categories":[10,14],"tags":[],"class_list":["post-12747","post","type-post","status-publish","format-standard","has-post-thumbnail","hentry","category-porady-stylistki","category-wszystkie-wpisy"],"acf":[],"yoast_head":"<!-- This site is optimized with the Yoast SEO plugin v27.4 - https:\/\/yoast.com\/product\/yoast-seo-wordpress\/ -->\n<title>Jak wi\u0105za\u0107 szalik, by doda\u0107 stylizacji charakteru? - Bialcon<\/title>\n<meta name=\"description\" content=\"Szalik czy szal nie tylko chroni nas przed ch\u0142odem, lecz tak\u017ce jest elementem stroju, kt\u00f3ry nadaje stylizacji charakteru.\" \/>\n<meta name=\"robots\" content=\"index, follow, max-snippet:-1, max-image-preview:large, max-video-preview:-1\" \/>\n<link rel=\"canonical\" href=\"https:\/\/bialcon.pl\/blog\/jak-wiazac-szalik\/\" \/>\n<meta name=\"twitter:label1\" content=\"Napisane przez\" \/>\n\t<meta name=\"twitter:data1\" content=\"Ma\u0142gorzata Brzezi\u0144ska\" \/>\n\t<meta name=\"twitter:label2\" content=\"Szacowany czas czytania\" \/>\n\t<meta name=\"twitter:data2\" content=\"7 minut\" \/>\n<script type=\"application\/ld+json\" class=\"yoast-schema-graph\">{\"@context\":\"https:\\\/\\\/schema.org\",\"@graph\":[{\"@type\":\"Article\",\"@id\":\"https:\\\/\\\/bialcon.pl\\\/blog\\\/jak-wiazac-szalik\\\/#article\",\"isPartOf\":{\"@id\":\"https:\\\/\\\/bialcon.pl\\\/blog\\\/jak-wiazac-szalik\\\/\"},\"author\":{\"name\":\"Ma\u0142gorzata Brzezi\u0144ska\",\"@id\":\"https:\\\/\\\/bialcon.pl\\\/blog\\\/#\\\/schema\\\/person\\\/cbbe4ae2297c5abd7376399985d5fabb\"},\"headline\":\"Jak wi\u0105za\u0107 szalik, by doda\u0107 stylizacji charakteru?\",\"datePublished\":\"2025-12-25T09:00:00+00:00\",\"dateModified\":\"2026-04-16T08:52:17+00:00\",\"mainEntityOfPage\":{\"@id\":\"https:\\\/\\\/bialcon.pl\\\/blog\\\/jak-wiazac-szalik\\\/\"},\"wordCount\":1304,\"image\":{\"@id\":\"https:\\\/\\\/bialcon.pl\\\/blog\\\/jak-wiazac-szalik\\\/#primaryimage\"},\"thumbnailUrl\":\"https:\\\/\\\/bialcon.pl\\\/blog\\\/wp-content\\\/uploads\\\/2025\\\/12\\\/Projekt-bez-nazwy-3.png\",\"articleSection\":[\"Porady Stylistki\",\"Wszystkie wpisy\"],\"inLanguage\":\"pl-PL\"},{\"@type\":\"WebPage\",\"@id\":\"https:\\\/\\\/bialcon.pl\\\/blog\\\/jak-wiazac-szalik\\\/\",\"url\":\"https:\\\/\\\/bialcon.pl\\\/blog\\\/jak-wiazac-szalik\\\/\",\"name\":\"Jak wi\u0105za\u0107 szalik, by doda\u0107 stylizacji charakteru? - Bialcon\",\"isPartOf\":{\"@id\":\"https:\\\/\\\/bialcon.pl\\\/blog\\\/#website\"},\"primaryImageOfPage\":{\"@id\":\"https:\\\/\\\/bialcon.pl\\\/blog\\\/jak-wiazac-szalik\\\/#primaryimage\"},\"image\":{\"@id\":\"https:\\\/\\\/bialcon.pl\\\/blog\\\/jak-wiazac-szalik\\\/#primaryimage\"},\"thumbnailUrl\":\"https:\\\/\\\/bialcon.pl\\\/blog\\\/wp-content\\\/uploads\\\/2025\\\/12\\\/Projekt-bez-nazwy-3.png\",\"datePublished\":\"2025-12-25T09:00:00+00:00\",\"dateModified\":\"2026-04-16T08:52:17+00:00\",\"author\":{\"@id\":\"https:\\\/\\\/bialcon.pl\\\/blog\\\/#\\\/schema\\\/person\\\/cbbe4ae2297c5abd7376399985d5fabb\"},\"description\":\"Szalik czy szal nie tylko chroni nas przed ch\u0142odem, lecz tak\u017ce jest elementem stroju, kt\u00f3ry nadaje stylizacji charakteru.\",\"breadcrumb\":{\"@id\":\"https:\\\/\\\/bialcon.pl\\\/blog\\\/jak-wiazac-szalik\\\/#breadcrumb\"},\"inLanguage\":\"pl-PL\",\"potentialAction\":[{\"@type\":\"ReadAction\",\"target\":[\"https:\\\/\\\/bialcon.pl\\\/blog\\\/jak-wiazac-szalik\\\/\"]}]},{\"@type\":\"ImageObject\",\"inLanguage\":\"pl-PL\",\"@id\":\"https:\\\/\\\/bialcon.pl\\\/blog\\\/jak-wiazac-szalik\\\/#primaryimage\",\"url\":\"https:\\\/\\\/bialcon.pl\\\/blog\\\/wp-content\\\/uploads\\\/2025\\\/12\\\/Projekt-bez-nazwy-3.png\",\"contentUrl\":\"https:\\\/\\\/bialcon.pl\\\/blog\\\/wp-content\\\/uploads\\\/2025\\\/12\\\/Projekt-bez-nazwy-3.png\",\"width\":960,\"height\":850,\"caption\":\"Wizualizacja kobiety w szaliku\"},{\"@type\":\"BreadcrumbList\",\"@id\":\"https:\\\/\\\/bialcon.pl\\\/blog\\\/jak-wiazac-szalik\\\/#breadcrumb\",\"itemListElement\":[{\"@type\":\"ListItem\",\"position\":1,\"name\":\"Strona g\u0142\u00f3wna\",\"item\":\"https:\\\/\\\/bialcon.pl\\\/blog\\\/\"},{\"@type\":\"ListItem\",\"position\":2,\"name\":\"Porady Stylistki\",\"item\":\"https:\\\/\\\/bialcon.pl\\\/blog\\\/porady-stylistki\\\/\"},{\"@type\":\"ListItem\",\"position\":3,\"name\":\"Jak wi\u0105za\u0107 szalik, by doda\u0107 stylizacji charakteru?\"}]},{\"@type\":\"WebSite\",\"@id\":\"https:\\\/\\\/bialcon.pl\\\/blog\\\/#website\",\"url\":\"https:\\\/\\\/bialcon.pl\\\/blog\\\/\",\"name\":\"bialcon.pl\\\/blog\\\/\",\"description\":\"Fashion Blog w zasi\u0119gu Twojej r\u0119ki\",\"potentialAction\":[{\"@type\":\"SearchAction\",\"target\":{\"@type\":\"EntryPoint\",\"urlTemplate\":\"https:\\\/\\\/bialcon.pl\\\/blog\\\/?s={search_term_string}\"},\"query-input\":{\"@type\":\"PropertyValueSpecification\",\"valueRequired\":true,\"valueName\":\"search_term_string\"}}],\"inLanguage\":\"pl-PL\"},{\"@type\":\"Person\",\"@id\":\"https:\\\/\\\/bialcon.pl\\\/blog\\\/#\\\/schema\\\/person\\\/cbbe4ae2297c5abd7376399985d5fabb\",\"name\":\"Ma\u0142gorzata Brzezi\u0144ska\",\"image\":{\"@type\":\"ImageObject\",\"inLanguage\":\"pl-PL\",\"@id\":\"https:\\\/\\\/secure.gravatar.com\\\/avatar\\\/3fc4a4cdba63586f503a5c5711e9b04d01ab1234b186b03e727ad902b6f4912d?s=96&d=mm&r=g\",\"url\":\"https:\\\/\\\/secure.gravatar.com\\\/avatar\\\/3fc4a4cdba63586f503a5c5711e9b04d01ab1234b186b03e727ad902b6f4912d?s=96&d=mm&r=g\",\"contentUrl\":\"https:\\\/\\\/secure.gravatar.com\\\/avatar\\\/3fc4a4cdba63586f503a5c5711e9b04d01ab1234b186b03e727ad902b6f4912d?s=96&d=mm&r=g\",\"caption\":\"Ma\u0142gorzata Brzezi\u0144ska\"},\"description\":\"Autorka tre\u015bci z zakresu mody, urody i stylu \u017cycia. Tworzy artyku\u0142y i poradniki oparte na analizie trend\u00f3w oraz potrzeb u\u017cytkownik\u00f3w, \u0142\u0105cz\u0105c wiedz\u0119 z zakresu komunikacji marketingowej i praktyki contentowej. Specjalizuje si\u0119 w bran\u017cach fashion, beauty &amp; health oraz gourmet food, przygotowuj\u0105c tre\u015bci dopasowane do realnych sytuacji i wybor\u00f3w konsumenckich. Na co dzie\u0144 zajmuje si\u0119 r\u00f3wnie\u017c content marketingiem i SEO.\",\"sameAs\":[\"https:\\\/\\\/www.linkedin.com\\\/in\\\/gosia-brzezinska-827052b4\\\/\"],\"url\":\"https:\\\/\\\/bialcon.pl\\\/blog\\\/author\\\/brzezinska\\\/\"}]}<\/script>\n<!-- \/ Yoast SEO plugin. -->","yoast_head_json":{"title":"Jak wi\u0105za\u0107 szalik, by doda\u0107 stylizacji charakteru? - Bialcon","description":"Szalik czy szal nie tylko chroni nas przed ch\u0142odem, lecz tak\u017ce jest elementem stroju, kt\u00f3ry nadaje stylizacji charakteru.","robots":{"index":"index","follow":"follow","max-snippet":"max-snippet:-1","max-image-preview":"max-image-preview:large","max-video-preview":"max-video-preview:-1"},"canonical":"https:\/\/bialcon.pl\/blog\/jak-wiazac-szalik\/","twitter_misc":{"Napisane przez":"Ma\u0142gorzata Brzezi\u0144ska","Szacowany czas czytania":"7 minut"},"schema":{"@context":"https:\/\/schema.org","@graph":[{"@type":"Article","@id":"https:\/\/bialcon.pl\/blog\/jak-wiazac-szalik\/#article","isPartOf":{"@id":"https:\/\/bialcon.pl\/blog\/jak-wiazac-szalik\/"},"author":{"name":"Ma\u0142gorzata Brzezi\u0144ska","@id":"https:\/\/bialcon.pl\/blog\/#\/schema\/person\/cbbe4ae2297c5abd7376399985d5fabb"},"headline":"Jak wi\u0105za\u0107 szalik, by doda\u0107 stylizacji charakteru?","datePublished":"2025-12-25T09:00:00+00:00","dateModified":"2026-04-16T08:52:17+00:00","mainEntityOfPage":{"@id":"https:\/\/bialcon.pl\/blog\/jak-wiazac-szalik\/"},"wordCount":1304,"image":{"@id":"https:\/\/bialcon.pl\/blog\/jak-wiazac-szalik\/#primaryimage"},"thumbnailUrl":"https:\/\/bialcon.pl\/blog\/wp-content\/uploads\/2025\/12\/Projekt-bez-nazwy-3.png","articleSection":["Porady Stylistki","Wszystkie wpisy"],"inLanguage":"pl-PL"},{"@type":"WebPage","@id":"https:\/\/bialcon.pl\/blog\/jak-wiazac-szalik\/","url":"https:\/\/bialcon.pl\/blog\/jak-wiazac-szalik\/","name":"Jak wi\u0105za\u0107 szalik, by doda\u0107 stylizacji charakteru? - Bialcon","isPartOf":{"@id":"https:\/\/bialcon.pl\/blog\/#website"},"primaryImageOfPage":{"@id":"https:\/\/bialcon.pl\/blog\/jak-wiazac-szalik\/#primaryimage"},"image":{"@id":"https:\/\/bialcon.pl\/blog\/jak-wiazac-szalik\/#primaryimage"},"thumbnailUrl":"https:\/\/bialcon.pl\/blog\/wp-content\/uploads\/2025\/12\/Projekt-bez-nazwy-3.png","datePublished":"2025-12-25T09:00:00+00:00","dateModified":"2026-04-16T08:52:17+00:00","author":{"@id":"https:\/\/bialcon.pl\/blog\/#\/schema\/person\/cbbe4ae2297c5abd7376399985d5fabb"},"description":"Szalik czy szal nie tylko chroni nas przed ch\u0142odem, lecz tak\u017ce jest elementem stroju, kt\u00f3ry nadaje stylizacji charakteru.","breadcrumb":{"@id":"https:\/\/bialcon.pl\/blog\/jak-wiazac-szalik\/#breadcrumb"},"inLanguage":"pl-PL","potentialAction":[{"@type":"ReadAction","target":["https:\/\/bialcon.pl\/blog\/jak-wiazac-szalik\/"]}]},{"@type":"ImageObject","inLanguage":"pl-PL","@id":"https:\/\/bialcon.pl\/blog\/jak-wiazac-szalik\/#primaryimage","url":"https:\/\/bialcon.pl\/blog\/wp-content\/uploads\/2025\/12\/Projekt-bez-nazwy-3.png","contentUrl":"https:\/\/bialcon.pl\/blog\/wp-content\/uploads\/2025\/12\/Projekt-bez-nazwy-3.png","width":960,"height":850,"caption":"Wizualizacja kobiety w szaliku"},{"@type":"BreadcrumbList","@id":"https:\/\/bialcon.pl\/blog\/jak-wiazac-szalik\/#breadcrumb","itemListElement":[{"@type":"ListItem","position":1,"name":"Strona g\u0142\u00f3wna","item":"https:\/\/bialcon.pl\/blog\/"},{"@type":"ListItem","position":2,"name":"Porady Stylistki","item":"https:\/\/bialcon.pl\/blog\/porady-stylistki\/"},{"@type":"ListItem","position":3,"name":"Jak wi\u0105za\u0107 szalik, by doda\u0107 stylizacji charakteru?"}]},{"@type":"WebSite","@id":"https:\/\/bialcon.pl\/blog\/#website","url":"https:\/\/bialcon.pl\/blog\/","name":"bialcon.pl\/blog\/","description":"Fashion Blog w zasi\u0119gu Twojej r\u0119ki","potentialAction":[{"@type":"SearchAction","target":{"@type":"EntryPoint","urlTemplate":"https:\/\/bialcon.pl\/blog\/?s={search_term_string}"},"query-input":{"@type":"PropertyValueSpecification","valueRequired":true,"valueName":"search_term_string"}}],"inLanguage":"pl-PL"},{"@type":"Person","@id":"https:\/\/bialcon.pl\/blog\/#\/schema\/person\/cbbe4ae2297c5abd7376399985d5fabb","name":"Ma\u0142gorzata Brzezi\u0144ska","image":{"@type":"ImageObject","inLanguage":"pl-PL","@id":"https:\/\/secure.gravatar.com\/avatar\/3fc4a4cdba63586f503a5c5711e9b04d01ab1234b186b03e727ad902b6f4912d?s=96&d=mm&r=g","url":"https:\/\/secure.gravatar.com\/avatar\/3fc4a4cdba63586f503a5c5711e9b04d01ab1234b186b03e727ad902b6f4912d?s=96&d=mm&r=g","contentUrl":"https:\/\/secure.gravatar.com\/avatar\/3fc4a4cdba63586f503a5c5711e9b04d01ab1234b186b03e727ad902b6f4912d?s=96&d=mm&r=g","caption":"Ma\u0142gorzata Brzezi\u0144ska"},"description":"Autorka tre\u015bci z zakresu mody, urody i stylu \u017cycia. Tworzy artyku\u0142y i poradniki oparte na analizie trend\u00f3w oraz potrzeb u\u017cytkownik\u00f3w, \u0142\u0105cz\u0105c wiedz\u0119 z zakresu komunikacji marketingowej i praktyki contentowej. Specjalizuje si\u0119 w bran\u017cach fashion, beauty &amp; health oraz gourmet food, przygotowuj\u0105c tre\u015bci dopasowane do realnych sytuacji i wybor\u00f3w konsumenckich. Na co dzie\u0144 zajmuje si\u0119 r\u00f3wnie\u017c content marketingiem i SEO.","sameAs":["https:\/\/www.linkedin.com\/in\/gosia-brzezinska-827052b4\/"],"url":"https:\/\/bialcon.pl\/blog\/author\/brzezinska\/"}]}},"_links":{"self":[{"href":"https:\/\/bialcon.pl\/blog\/wp-json\/wp\/v2\/posts\/12747","targetHints":{"allow":["GET"]}}],"collection":[{"href":"https:\/\/bialcon.pl\/blog\/wp-json\/wp\/v2\/posts"}],"about":[{"href":"https:\/\/bialcon.pl\/blog\/wp-json\/wp\/v2\/types\/post"}],"author":[{"embeddable":true,"href":"https:\/\/bialcon.pl\/blog\/wp-json\/wp\/v2\/users\/10"}],"replies":[{"embeddable":true,"href":"https:\/\/bialcon.pl\/blog\/wp-json\/wp\/v2\/comments?post=12747"}],"version-history":[{"count":2,"href":"https:\/\/bialcon.pl\/blog\/wp-json\/wp\/v2\/posts\/12747\/revisions"}],"predecessor-version":[{"id":12882,"href":"https:\/\/bialcon.pl\/blog\/wp-json\/wp\/v2\/posts\/12747\/revisions\/12882"}],"wp:featuredmedia":[{"embeddable":true,"href":"https:\/\/bialcon.pl\/blog\/wp-json\/wp\/v2\/media\/12748"}],"wp:attachment":[{"href":"https:\/\/bialcon.pl\/blog\/wp-json\/wp\/v2\/media?parent=12747"}],"wp:term":[{"taxonomy":"category","embeddable":true,"href":"https:\/\/bialcon.pl\/blog\/wp-json\/wp\/v2\/categories?post=12747"},{"taxonomy":"post_tag","embeddable":true,"href":"https:\/\/bialcon.pl\/blog\/wp-json\/wp\/v2\/tags?post=12747"}],"curies":[{"name":"wp","href":"https:\/\/api.w.org\/{rel}","templated":true}]}}