{"id":12743,"date":"2025-12-18T22:54:09","date_gmt":"2025-12-18T21:54:09","guid":{"rendered":"https:\/\/bialcon.pl\/blog\/?p=12743"},"modified":"2026-01-05T08:49:07","modified_gmt":"2026-01-05T07:49:07","slug":"kurtki-zimowe-damskie","status":"publish","type":"post","link":"https:\/\/bialcon.pl\/blog\/kurtki-zimowe-damskie\/","title":{"rendered":"Modne i ciep\u0142e kurtki zimowe damskie \u2013 zobacz, co jest teraz na topie"},"content":{"rendered":"<div id=\"ez-toc-container\" class=\"ez-toc-v2_0_82_2 counter-hierarchy ez-toc-counter ez-toc-custom ez-toc-container-direction\">\n<div class=\"ez-toc-title-container\"><p class=\"ez-toc-title\" style=\"cursor:inherit\">Spis Tre\u015bci<\/p>\n<\/div><nav><ul class='ez-toc-list ez-toc-list-level-1 ' ><li class='ez-toc-page-1 ez-toc-heading-level-2'><a class=\"ez-toc-link ez-toc-heading-1\" href=\"https:\/\/bialcon.pl\/blog\/kurtki-zimowe-damskie\/#Modna_ochrona_przed_chlodem_%E2%80%93_jakie_kurtki_zimowe_beda_hitem_tego_sezonu\" >Modna ochrona przed ch\u0142odem \u2013 jakie kurtki zimowe b\u0119d\u0105 hitem tego sezonu?<\/a><\/li><li class='ez-toc-page-1 ez-toc-heading-level-2'><a class=\"ez-toc-link ez-toc-heading-2\" href=\"https:\/\/bialcon.pl\/blog\/kurtki-zimowe-damskie\/#Dlaczego_warto_postawic_na_modne_kurtki_damskie\" >Dlaczego warto postawi\u0107 na modne kurtki damskie?<\/a><\/li><li class='ez-toc-page-1 ez-toc-heading-level-2'><a class=\"ez-toc-link ez-toc-heading-3\" href=\"https:\/\/bialcon.pl\/blog\/kurtki-zimowe-damskie\/#Kurtki_pikowane_%E2%80%93_klasyka_ktora_nie_wychodzi_z_mody\" >Kurtki pikowane \u2013 klasyka, kt\u00f3ra nie wychodzi z mody<\/a><\/li><li class='ez-toc-page-1 ez-toc-heading-level-2'><a class=\"ez-toc-link ez-toc-heading-4\" href=\"https:\/\/bialcon.pl\/blog\/kurtki-zimowe-damskie\/#Krotka_kurtka_czy_dluga_kurtka_%E2%80%93_co_wybrac\" >Kr\u00f3tka kurtka czy d\u0142uga kurtka \u2013 co wybra\u0107?<\/a><\/li><li class='ez-toc-page-1 ez-toc-heading-level-2'><a class=\"ez-toc-link ez-toc-heading-5\" href=\"https:\/\/bialcon.pl\/blog\/kurtki-zimowe-damskie\/#Kurtki_z_kapturem_%E2%80%93_nie_tylko_praktyczne_ale_i_stylowe\" >Kurtki z kapturem \u2013 nie tylko praktyczne, ale i stylowe<\/a><\/li><li class='ez-toc-page-1 ez-toc-heading-level-2'><a class=\"ez-toc-link ez-toc-heading-6\" href=\"https:\/\/bialcon.pl\/blog\/kurtki-zimowe-damskie\/#Jeansowe_kurtki_w_zimowej_odslonie_%E2%80%93_czy_to_mozliwe\" >Jeansowe kurtki w zimowej ods\u0142onie \u2013 czy to mo\u017cliwe?<\/a><\/li><li class='ez-toc-page-1 ez-toc-heading-level-2'><a class=\"ez-toc-link ez-toc-heading-7\" href=\"https:\/\/bialcon.pl\/blog\/kurtki-zimowe-damskie\/#Kurtki_oversize_%E2%80%93_hit_ktory_wciaz_trwa\" >Kurtki oversize \u2013 hit, kt\u00f3ry wci\u0105\u017c trwa<\/a><\/li><li class='ez-toc-page-1 ez-toc-heading-level-2'><a class=\"ez-toc-link ez-toc-heading-8\" href=\"https:\/\/bialcon.pl\/blog\/kurtki-zimowe-damskie\/#Stylowe_inspiracje_od_gwiazd_%E2%80%93_jakie_kurtki_zimowe_nosza_celebrytki\" >Stylowe inspiracje od gwiazd \u2013 jakie kurtki zimowe nosz\u0105 celebrytki?<\/a><\/li><li class='ez-toc-page-1 ez-toc-heading-level-2'><a class=\"ez-toc-link ez-toc-heading-9\" href=\"https:\/\/bialcon.pl\/blog\/kurtki-zimowe-damskie\/#Jakie_kolory_kurtek_sa_teraz_modne\" >Jakie kolory kurtek s\u0105 teraz modne?<\/a><\/li><li class='ez-toc-page-1 ez-toc-heading-level-2'><a class=\"ez-toc-link ez-toc-heading-10\" href=\"https:\/\/bialcon.pl\/blog\/kurtki-zimowe-damskie\/#Tanie_kurtki_damskie_%E2%80%93_jak_kupowac_z_glowa\" >Tanie kurtki damskie \u2013 jak kupowa\u0107 z g\u0142ow\u0105?<\/a><\/li><li class='ez-toc-page-1 ez-toc-heading-level-2'><a class=\"ez-toc-link ez-toc-heading-11\" href=\"https:\/\/bialcon.pl\/blog\/kurtki-zimowe-damskie\/#Jak_dobrac_idealna_kurtke_do_sylwetki\" >Jak dobra\u0107 idealn\u0105 kurtk\u0119 do sylwetki?<\/a><\/li><li class='ez-toc-page-1 ez-toc-heading-level-2'><a class=\"ez-toc-link ez-toc-heading-12\" href=\"https:\/\/bialcon.pl\/blog\/kurtki-zimowe-damskie\/#Damskie_kurtki_zimowe_a_okazje_%E2%80%93_co_na_co_dzien_a_co_na_wyjscie\" >Damskie kurtki zimowe a okazje \u2013 co na co dzie\u0144, a co na wyj\u015bcie?<\/a><\/li><li class='ez-toc-page-1 ez-toc-heading-level-2'><a class=\"ez-toc-link ez-toc-heading-13\" href=\"https:\/\/bialcon.pl\/blog\/kurtki-zimowe-damskie\/#Okrycie_wierzchnie_to_podstawa_stylizacji_%E2%80%93_podsumowanie\" >Okrycie wierzchnie to podstawa stylizacji \u2013 podsumowanie<\/a><\/li><\/ul><\/nav><\/div>\n\n<p>Sezon jesienno-zimowy zbli\u017ca si\u0119 wielkimi krokami, a to oznacza jedno: czas wybra\u0107 kurtk\u0119, kt\u00f3ra zapewni ciep\u0142o, wygod\u0119 i modny wygl\u0105d. W tym roku projektanci stawiaj\u0105 na po\u0142\u0105czenie praktyczno\u015bci z najnowszymi trendami. Dost\u0119pne w sklepach internetowych modne kurtki damskie zachwycaj\u0105 r\u00f3\u017cnorodno\u015bci\u0105 kroj\u00f3w, kolor\u00f3w i materia\u0142\u00f3w, dzi\u0119ki czemu ka\u017cda kobieta znajdzie model dopasowany do swojego stylu. Damskie kurtki zimowe to nie tylko ochrona przed ch\u0142odem \u2014 to tak\u017ce element stylizacji, kt\u00f3ry mo\u017ce odmieni\u0107 ca\u0142y look i doda\u0107 mu charakteru. Sprawd\u017a, jakie najmodniejsze kurtki zimowe damskie podbijaj\u0105 sezon 2025\/2026 i zainspiruj si\u0119 stylami, kt\u00f3re warto mie\u0107 w swojej szafie.<\/p>\n\n\n\n<h2 class=\"wp-block-heading\"><span class=\"ez-toc-section\" id=\"Modna_ochrona_przed_chlodem_%E2%80%93_jakie_kurtki_zimowe_beda_hitem_tego_sezonu\"><\/span>Modna ochrona przed ch\u0142odem \u2013 jakie kurtki zimowe b\u0119d\u0105 hitem tego sezonu?<span class=\"ez-toc-section-end\"><\/span><\/h2>\n\n\n\n<p>Gdy temperatura zaczyna spada\u0107, a dni staj\u0105 si\u0119 coraz kr\u00f3tsze, ka\u017cda kobieta staje przed klasycznym zimowym dylematem: jak wygl\u0105da\u0107 modnie, a jednocze\u015bnie nie zmarzn\u0105\u0107? Odpowied\u017a jest prosta \u2013 modne i ciep\u0142e kurtki zimowe damskie to absolutny must have sezonu jesienno-zimowego. W tym roku projektanci \u0142\u0105cz\u0105 estetyk\u0119 z funkcjonalno\u015bci\u0105, tworz\u0105c okrycia wierzchnie, kt\u00f3re nie tylko chroni\u0105 przed mrozem, ale tak\u017ce podkre\u015blaj\u0105 styl i osobowo\u015b\u0107. Niezale\u017cnie od tego, czy szukasz pikowanej kurtki z kapturem, klasycznej jeansowej, czy mo\u017ce oversizowej parki w neutralnych kolorach \u2013 na rynku dost\u0119pne s\u0105 modele, kt\u00f3re sprostaj\u0105 ka\u017cdemu gustowi i potrzebie. Wyb\u00f3r odpowiedniego typu kurtki zale\u017cy od wielu czynnik\u00f3w \u2013 od preferowanego stylu, przez typ sylwetki, a\u017c po codzienne obowi\u0105zki. W tym artykule poka\u017cemy Ci, jakie kurtki damskie warto mie\u0107 w swojej szafie w sezonie 2024\/2025 i na co zwr\u00f3ci\u0107 uwag\u0119 przy zakupie.<\/p>\n\n\n\r\n<div class=\"product-block-container swiper mySwiperProductBlock\">\r\n    <div class=\"product-block-swiper swiper-wrapper\">\r\n                    <div class=\"swiper-slide product-block-item\" data-id=\"147041\">\r\n                <a href=\"https:\/\/bialcon.pl\/puchowa-wygodna-kurtka-z-kapturem-i-futerkiem?utm_source=blog&utm_medium=trendy&utm_campaign=181225\" class=\"product-block-url\" target=\"_blank\">\r\n                    <div class=\"product-block-image\">\r\n                        <img decoding=\"async\" width=\"300\" height=\"400\" src=\"https:\/\/bialcon.pl\/picture\/kurtka-blh-254152-fxr-ecru.png\" alt=\"Puchowa wygodna kurtka z kapturem i futerkiem\">\r\n                    <\/div>\r\n                    <div class=\"product-block-name\">\r\n                        <p>Puchowa wygodna kurtka z kapturem i futerkiem<\/p>\r\n                    <\/div>\r\n                <\/a>\r\n            <\/div>\r\n                    <div class=\"swiper-slide product-block-item\" data-id=\"147043\">\r\n                <a href=\"https:\/\/bialcon.pl\/puchowa-dluga-kurtka-w-kolorze-cappuccino?utm_source=blog&utm_medium=trendy&utm_campaign=181225\" class=\"product-block-url\" target=\"_blank\">\r\n                    <div class=\"product-block-image\">\r\n                        <img decoding=\"async\" width=\"300\" height=\"400\" src=\"https:\/\/bialcon.pl\/picture\/kurtka-blh-251050-fxr-braz_1.png\" alt=\"Puchowa d\u0142uga kurtka w kolorze cappuccino\">\r\n                    <\/div>\r\n                    <div class=\"product-block-name\">\r\n                        <p>Puchowa d\u0142uga kurtka w kolorze cappuccino<\/p>\r\n                    <\/div>\r\n                <\/a>\r\n            <\/div>\r\n                    <div class=\"swiper-slide product-block-item\" data-id=\"147044\">\r\n                <a href=\"https:\/\/bialcon.pl\/czarna-krotka-kurtka-z-naturalnym-wypelnieniem?utm_source=blog&utm_medium=trendy&utm_campaign=181225\" class=\"product-block-url\" target=\"_blank\">\r\n                    <div class=\"product-block-image\">\r\n                        <img decoding=\"async\" width=\"300\" height=\"400\" src=\"https:\/\/bialcon.pl\/picture\/kurtka-blh-252517-fxr-czarny.png\" alt=\"Czarna kr\u00f3tka kurtka z naturalnym wype\u0142nieniem\">\r\n                    <\/div>\r\n                    <div class=\"product-block-name\">\r\n                        <p>Czarna kr\u00f3tka kurtka z naturalnym wype\u0142nieniem<\/p>\r\n                    <\/div>\r\n                <\/a>\r\n            <\/div>\r\n            <\/div>\r\n<\/div>\r\n\n\n\n\n<h2 class=\"wp-block-heading\"><span class=\"ez-toc-section\" id=\"Dlaczego_warto_postawic_na_modne_kurtki_damskie\"><\/span>Dlaczego warto postawi\u0107 na modne kurtki damskie?<span class=\"ez-toc-section-end\"><\/span><\/h2>\n\n\n\n<p>Wsp\u00f3\u0142czesna moda nie znosi kompromis\u00f3w mi\u0119dzy wygod\u0105 a wygl\u0105dem. Modne kurtki damskie musz\u0105 dzi\u015b nie tylko zapewnia\u0107 komfort cieplny, ale tak\u017ce harmonijnie wpisywa\u0107 si\u0119 w codzienne stylizacje. Dlatego coraz cz\u0119\u015bciej kobiety si\u0119gaj\u0105 po modele o lu\u017anym kroju, kt\u00f3re nie kr\u0119puj\u0105 ruch\u00f3w i pozwalaj\u0105 na warstwowe ubieranie. W po\u0142\u0105czeniu z wysokiej jako\u015bci materia\u0142ami staj\u0105 si\u0119 one kluczowym elementem garderoby. Projektanci stawiaj\u0105 na r\u00f3\u017cnorodno\u015b\u0107 \u2013 od klasycznych kroj\u00f3w po odwa\u017cne nowo\u015bci, kt\u00f3re potrafi\u0105 ca\u0142kowicie odmieni\u0107 look. Kurtki w modnych kolorach ziemi, g\u0142\u0119bokiej czerni czy ch\u0142odnego be\u017cu dodaj\u0105 stylu i s\u0105 \u015bwietn\u0105 baz\u0105 do wielu outfit\u00f3w. Nie bez znaczenia pozostaje fakt, \u017ce modne damskie kurtki zimowe coraz cz\u0119\u015bciej s\u0105 projektowane z my\u015bl\u0105 o ekologii, bazuj\u0105c na trwa\u0142ych tkaninach i przemy\u015blanej konstrukcji.<\/p>\n\n\n\n<h2 class=\"wp-block-heading\"><span class=\"ez-toc-section\" id=\"Kurtki_pikowane_%E2%80%93_klasyka_ktora_nie_wychodzi_z_mody\"><\/span>Kurtki pikowane \u2013 klasyka, kt\u00f3ra nie wychodzi z mody<span class=\"ez-toc-section-end\"><\/span><\/h2>\n\n\n\n<p>Kurtki pikowane to niekwestionowany hit ju\u017c od kilku sezon\u00f3w i wci\u0105\u017c utrzymuj\u0105 si\u0119 w czo\u0142\u00f3wce, je\u015bli chodzi o najmodniejsze kurtki zimowe damskie. Pikowania dodaj\u0105 obj\u0119to\u015bci, ale jednocze\u015bnie \u2013 dzi\u0119ki odpowiedniemu fasonowi \u2013 pozwalaj\u0105 podkre\u015bli\u0107 sylwetk\u0119 i zapewni\u0107 maksimum komfortu. D\u0142ugie kurtki pikowane z kapturem \u015bwietnie sprawdz\u0105 si\u0119 podczas silnych mroz\u00f3w, natomiast kr\u00f3tsze modele to idealna opcja na cieplejsze dni lub jako element casualowej stylizacji do jeans\u00f3w. Pikowana kurtka to tak\u017ce doskona\u0142y wyb\u00f3r dla kobiet ceni\u0105cych sobie minimalizm \u2013 proste linie, stonowane kolory i uniwersalny kr\u00f3j sprawiaj\u0105, \u017ce b\u0119dzie pasowa\u0107 do wielu r\u00f3\u017cnych zestawie\u0144.<\/p>\n\n\n\r\n<div class=\"product-block-container swiper mySwiperProductBlock\">\r\n    <div class=\"product-block-swiper swiper-wrapper\">\r\n                    <div class=\"swiper-slide product-block-item\" data-id=\"147760\">\r\n                <a href=\"https:\/\/bialcon.pl\/przejsciowa-kurtka-z-pikowanej-niebieskiej-tkaniny?utm_source=blog&utm_medium=trendy&utm_campaign=181225\" class=\"product-block-url\" target=\"_blank\">\r\n                    <div class=\"product-block-image\">\r\n                        <img decoding=\"async\" width=\"300\" height=\"400\" src=\"https:\/\/bialcon.pl\/picture\/przejsciowa-kurtka-z-pikowanej-niebieskiej-tkaniny_6.jpg\" alt=\"Przej\u015bciowa kurtka z pikowanej niebieskiej tkaniny\">\r\n                    <\/div>\r\n                    <div class=\"product-block-name\">\r\n                        <p>Przej\u015bciowa kurtka z pikowanej niebieskiej tkaniny<\/p>\r\n                    <\/div>\r\n                <\/a>\r\n            <\/div>\r\n                    <div class=\"swiper-slide product-block-item\" data-id=\"147762\">\r\n                <a href=\"https:\/\/bialcon.pl\/przejsciowa-kurtka-z-pikowanej-bezowej-tkaniny?utm_source=blog&utm_medium=trendy&utm_campaign=181225\" class=\"product-block-url\" target=\"_blank\">\r\n                    <div class=\"product-block-image\">\r\n                        <img decoding=\"async\" width=\"300\" height=\"400\" src=\"https:\/\/bialcon.pl\/picture\/przejsciowa-kurtka-z-pikowanej-bezowej-tkaniny_1.jpg\" alt=\"Przej\u015bciowa kurtka z pikowanej be\u017cowej tkaniny\">\r\n                    <\/div>\r\n                    <div class=\"product-block-name\">\r\n                        <p>Przej\u015bciowa kurtka z pikowanej be\u017cowej tkaniny<\/p>\r\n                    <\/div>\r\n                <\/a>\r\n            <\/div>\r\n                    <div class=\"swiper-slide product-block-item\" data-id=\"147728\">\r\n                <a href=\"https:\/\/bialcon.pl\/pikowana-przejsciowa-kurtka-w-kolorze-czarnym?utm_source=blog&utm_medium=trendy&utm_campaign=181225\" class=\"product-block-url\" target=\"_blank\">\r\n                    <div class=\"product-block-image\">\r\n                        <img decoding=\"async\" width=\"300\" height=\"400\" src=\"https:\/\/bialcon.pl\/picture\/pikowana-przejsciowa-kurtka-w-kolorze-czarnym.jpg\" alt=\"Pikowana przej\u015bciowa kurtka w kolorze czarnym\">\r\n                    <\/div>\r\n                    <div class=\"product-block-name\">\r\n                        <p>Pikowana przej\u015bciowa kurtka w kolorze czarnym<\/p>\r\n                    <\/div>\r\n                <\/a>\r\n            <\/div>\r\n            <\/div>\r\n<\/div>\r\n\n\n\n\n<h2 class=\"wp-block-heading\"><span class=\"ez-toc-section\" id=\"Krotka_kurtka_czy_dluga_kurtka_%E2%80%93_co_wybrac\"><\/span>Kr\u00f3tka kurtka czy d\u0142uga kurtka \u2013 co wybra\u0107?<span class=\"ez-toc-section-end\"><\/span><\/h2>\n\n\n\n<p>D\u0142ugo\u015b\u0107 kurtki zimowej to jeden z kluczowych aspekt\u00f3w, kt\u00f3ry warto przemy\u015ble\u0107 podczas zakup\u00f3w. Kr\u00f3tka kurtka damska to doskona\u0142e rozwi\u0105zanie dla aktywnych kobiet, kt\u00f3re du\u017co si\u0119 przemieszczaj\u0105 i ceni\u0105 sobie swobod\u0119 ruch\u00f3w. \u015awietnie pasuje do spodni z wysokim stanem, a jej uniwersalno\u015b\u0107 pozwala na \u0142atwe \u0142\u0105czenie z r\u00f3\u017cnymi stylami. Z kolei d\u0142uga kurtka zimowa lepiej chroni przed zimnem, zw\u0142aszcza w dolnej cz\u0119\u015bci cia\u0142a. Modele do kolan lub nawet za kolano zapewniaj\u0105 maksymaln\u0105 ochron\u0119 przed ch\u0142odem i wiatrem, co jest szczeg\u00f3lnie wa\u017cne w sezonie jesienno-zimowym. Je\u015bli zale\u017cy Ci na elegancji, wybierz prosty model z paskiem w talii, kt\u00f3ry pi\u0119knie podkre\u015bli sylwetk\u0119 i doda szyku nawet najbardziej codziennej stylizacji.<\/p>\n\n\n\n<h2 class=\"wp-block-heading\"><span class=\"ez-toc-section\" id=\"Kurtki_z_kapturem_%E2%80%93_nie_tylko_praktyczne_ale_i_stylowe\"><\/span>Kurtki z kapturem \u2013 nie tylko praktyczne, ale i stylowe<span class=\"ez-toc-section-end\"><\/span><\/h2>\n\n\n\n<p>Kaptur to nie tylko funkcjonalny dodatek chroni\u0105cy przed deszczem i \u015bniegiem. W nowoczesnych kurtkach zimowych damskich pe\u0142ni on tak\u017ce funkcj\u0119 estetyczn\u0105. Dobrze wyprofilowany kaptur z futerkiem, sznurkiem lub st\u00f3jk\u0105 dodaje charakteru ca\u0142emu lookowi. Warto szuka\u0107 modeli z odpinanym kapturem, kt\u00f3re pozwalaj\u0105 dostosowa\u0107 wygl\u0105d kurtki do okazji. Kaptur \u015bwietnie sprawdza si\u0119 r\u00f3wnie\u017c w stylizacjach miejskich, zw\u0142aszcza gdy zale\u017cy nam na nieformalnym, ale sp\u00f3jnym wygl\u0105dzie.<\/p>\n\n\n\r\n<div class=\"product-block-container swiper mySwiperProductBlock\">\r\n    <div class=\"product-block-swiper swiper-wrapper\">\r\n                    <div class=\"swiper-slide product-block-item\" data-id=\"146984\">\r\n                <a href=\"https:\/\/bialcon.pl\/lekka-kurtka-z-kapturem-w-odcieniu-zieleni-z-troczkami?utm_source=blog&utm_medium=trendy&utm_campaign=181225\" class=\"product-block-url\" target=\"_blank\">\r\n                    <div class=\"product-block-image\">\r\n                        <img decoding=\"async\" width=\"300\" height=\"400\" src=\"https:\/\/bialcon.pl\/picture\/lekka-zielona-kurtka-wiatrowka-z-kapturem-i-troczkami_1.jpg\" alt=\"Lekka kurtka z kapturem w odcieniu zieleni z troczkami\">\r\n                    <\/div>\r\n                    <div class=\"product-block-name\">\r\n                        <p>Lekka kurtka z kapturem w odcieniu zieleni z troczkami<\/p>\r\n                    <\/div>\r\n                <\/a>\r\n            <\/div>\r\n                    <div class=\"swiper-slide product-block-item\" data-id=\"146821\">\r\n                <a href=\"https:\/\/bialcon.pl\/bezowe-miekkie-futerko-do-pasa-z-rekawem-34?utm_source=blog&utm_medium=trendy&utm_campaign=181225\" class=\"product-block-url\" target=\"_blank\">\r\n                    <div class=\"product-block-image\">\r\n                        <img decoding=\"async\" width=\"300\" height=\"400\" src=\"https:\/\/bialcon.pl\/picture\/bezowe-miekkie-futerko-do-pasa-z-rekawem-34_1.jpg\" alt=\"Be\u017cowe mi\u0119kkie futerko do pasa z r\u0119kawem 3\/4\">\r\n                    <\/div>\r\n                    <div class=\"product-block-name\">\r\n                        <p>Be\u017cowe mi\u0119kkie futerko do pasa z r\u0119kawem 3\/4<\/p>\r\n                    <\/div>\r\n                <\/a>\r\n            <\/div>\r\n                    <div class=\"swiper-slide product-block-item\" data-id=\"147041\">\r\n                <a href=\"https:\/\/bialcon.pl\/puchowa-wygodna-kurtka-z-kapturem-i-futerkiem?utm_source=blog&utm_medium=trendy&utm_campaign=181225\" class=\"product-block-url\" target=\"_blank\">\r\n                    <div class=\"product-block-image\">\r\n                        <img decoding=\"async\" width=\"300\" height=\"400\" src=\"https:\/\/bialcon.pl\/picture\/kurtka-blh-254152-fxr-ecru.png\" alt=\"Puchowa wygodna kurtka z kapturem i futerkiem\">\r\n                    <\/div>\r\n                    <div class=\"product-block-name\">\r\n                        <p>Puchowa wygodna kurtka z kapturem i futerkiem<\/p>\r\n                    <\/div>\r\n                <\/a>\r\n            <\/div>\r\n            <\/div>\r\n<\/div>\r\n\n\n\n\n<h2 class=\"wp-block-heading\"><span class=\"ez-toc-section\" id=\"Jeansowe_kurtki_w_zimowej_odslonie_%E2%80%93_czy_to_mozliwe\"><\/span>Jeansowe kurtki w zimowej ods\u0142onie \u2013 czy to mo\u017cliwe?<span class=\"ez-toc-section-end\"><\/span><\/h2>\n\n\n\n<p>Cho\u0107 kurtki jeansowe kojarz\u0105 si\u0119 g\u0142\u00f3wnie z sezonem wiosenno-letnim, w tym sezonie pojawiaj\u0105 si\u0119 tak\u017ce ich zimowe wersje. Damska kurtka jeansowa z futerkiem, ociepleniem lub podszewk\u0105 z baranka to \u015bwietna alternatywa dla tradycyjnych modeli. Jeansowe kurtki \u015bwietnie komponuj\u0105 si\u0119 z grubymi swetrami, szalami i ciep\u0142ymi czapkami, tworz\u0105c casualowy, a zarazem stylowy look. Taka kurtka sprawdzi si\u0119 w cieplejsze zimowe dni, a tak\u017ce podczas spacer\u00f3w czy weekendowych wyjazd\u00f3w za miasto.<\/p>\n\n\n\n<h2 class=\"wp-block-heading\"><span class=\"ez-toc-section\" id=\"Kurtki_oversize_%E2%80%93_hit_ktory_wciaz_trwa\"><\/span>Kurtki oversize \u2013 hit, kt\u00f3ry wci\u0105\u017c trwa<span class=\"ez-toc-section-end\"><\/span><\/h2>\n\n\n\n<p>Oversize wci\u0105\u017c nie wychodzi z mody i doskonale odnajduje si\u0119 tak\u017ce w kategorii damskich kurtek zimowych. Lu\u017any kr\u00f3j pozwala na noszenie kilku warstw pod spodem, a jednocze\u015bnie wygl\u0105da bardzo stylowo i nonszalancko. Taka kurtka \u015bwietnie pasuje do spodni z prost\u0105 nogawk\u0105, sp\u00f3dnic midi czy nawet sukienek. Oversize\u2019owa pikowana kurtka to te\u017c propozycja dla kobiet, kt\u00f3re ceni\u0105 wygod\u0119 i swobod\u0119 bez rezygnowania z modnego wygl\u0105du.<\/p>\n\n\n\r\n<div class=\"product-block-container swiper mySwiperProductBlock\">\r\n    <div class=\"product-block-swiper swiper-wrapper\">\r\n                    <div class=\"swiper-slide product-block-item\" data-id=\"147719\">\r\n                <a href=\"https:\/\/bialcon.pl\/bezowa-asymetryczna-spodnica-w-eleganckim-wydaniu?utm_source=blog&utm_medium=trendy&utm_campaign=181225\" class=\"product-block-url\" target=\"_blank\">\r\n                    <div class=\"product-block-image\">\r\n                        <img decoding=\"async\" width=\"300\" height=\"400\" src=\"https:\/\/bialcon.pl\/picture\/bezowa-asymetryczna-spodnica-w-eleganckim-wydaniu.jpg\" alt=\"Be\u017cowa asymetryczna sp\u00f3dnica w eleganckim wydaniu\">\r\n                    <\/div>\r\n                    <div class=\"product-block-name\">\r\n                        <p>Be\u017cowa asymetryczna sp\u00f3dnica w eleganckim wydaniu<\/p>\r\n                    <\/div>\r\n                <\/a>\r\n            <\/div>\r\n                    <div class=\"swiper-slide product-block-item\" data-id=\"147537\">\r\n                <a href=\"https:\/\/bialcon.pl\/trapezowa-spodnica-midi-z-brazowej-dzianiny?utm_source=blog&utm_medium=trendy&utm_campaign=181225\" class=\"product-block-url\" target=\"_blank\">\r\n                    <div class=\"product-block-image\">\r\n                        <img decoding=\"async\" width=\"300\" height=\"400\" src=\"https:\/\/bialcon.pl\/picture\/trapezowa-spodnica-midi-z-brazowej-dzianiny_1.jpg\" alt=\"Trapezowa sp\u00f3dnica midi z br\u0105zowej dzianiny\">\r\n                    <\/div>\r\n                    <div class=\"product-block-name\">\r\n                        <p>Trapezowa sp\u00f3dnica midi z br\u0105zowej dzianiny<\/p>\r\n                    <\/div>\r\n                <\/a>\r\n            <\/div>\r\n                    <div class=\"swiper-slide product-block-item\" data-id=\"147538\">\r\n                <a href=\"https:\/\/bialcon.pl\/trapezowa-spodnica-midi-z-ciemnozielonej-dzianiny?utm_source=blog&utm_medium=trendy&utm_campaign=181225\" class=\"product-block-url\" target=\"_blank\">\r\n                    <div class=\"product-block-image\">\r\n                        <img decoding=\"async\" width=\"300\" height=\"400\" src=\"https:\/\/bialcon.pl\/picture\/trapezowa-spodnica-midi-z-ciemnozielonej-dzianiny_14.jpg\" alt=\"Trapezowa sp\u00f3dnica midi z ciemnozielonej dzianiny\">\r\n                    <\/div>\r\n                    <div class=\"product-block-name\">\r\n                        <p>Trapezowa sp\u00f3dnica midi z ciemnozielonej dzianiny<\/p>\r\n                    <\/div>\r\n                <\/a>\r\n            <\/div>\r\n            <\/div>\r\n<\/div>\r\n\n\n\n\n<h2 class=\"wp-block-heading\"><span class=\"ez-toc-section\" id=\"Stylowe_inspiracje_od_gwiazd_%E2%80%93_jakie_kurtki_zimowe_nosza_celebrytki\"><\/span>Stylowe inspiracje od gwiazd \u2013 jakie kurtki zimowe nosz\u0105 celebrytki?<span class=\"ez-toc-section-end\"><\/span><\/h2>\n\n\n\n<p>Gwiazdy \u015bwiatowego show\u2011biznesu od lat udowadniaj\u0105, \u017ce nawet w mro\u017ane dni nie trzeba rezygnowa\u0107 z modnego wygl\u0105du. W sezonie zimowym coraz cz\u0119\u015bciej na ulicach i na czerwonym dywanie mo\u017cna dostrzec najmodniejsze kurtki zimowe damskie \u2013 to one staj\u0105 si\u0119 kluczowym elementem stylizacji i inspiracj\u0105 dla nas wszystkich. Na przyk\u0142ad Hailey Bieber pojawi\u0142a si\u0119 w intensywnie bordowej kurtce zimowej z mocno zaznaczonymi ramionami, co podkre\u015bla\u0142o zar\u00f3wno trend na kurtki oversize, jak i kolor sezonu. Z kolei szeroko rozpoznawalna stylistycznie Alexa Chung pokaza\u0142a, \u017ce po\u0142\u0105czenie damskiej kurtki zimowej ze swetrem, dopasowanymi spodniami i casualowymi dodatkami mo\u017ce wygl\u0105da\u0107 niezwykle szykownie.&nbsp;<\/p>\n\n\n\n<p>Co wi\u0119cej, celebrytki pokazuj\u0105, \u017ce wyb\u00f3r kurtki damskiej mo\u017ce by\u0107 zar\u00f3wno modny, jak i funkcjonalny. Wida\u0107 to cho\u0107by w przypadku wyd\u0142u\u017conych parka\u2011kurt, kt\u00f3re nosz\u0105 do botk\u00f3w i leggins\u00f3w, a tak\u017ce w wersjach pikowanych kurtek zimowych, kt\u00f3re \u015bwietnie komponuj\u0105 si\u0119 z botkami lub wysokimi kozakami \u2013 idealne na ch\u0142odne dni. Na przyk\u0142ad artyku\u0142 m\u00f3wi, \u017ce najmodniejsze damskie kurtki zimowe to m.in. modele puchowe, parki i kurtki oversize, kt\u00f3re gwiazdy nosz\u0105 z du\u017c\u0105 swobod\u0105.<\/p>\n\n\n\n<p>Dlatego, je\u015bli zastanawiasz si\u0119 nad zakupem nowej kurtki zimowej damskiej i szukasz czego\u015b, co \u201crobi look\u201d, warto spojrze\u0107 w stron\u0119 tych pastelowych, klasycznych lub intensywnie kolorowych modeli noszonych przez celebrytki. Ich stylizacje pokazuj\u0105, \u017ce kurtka zimowa mo\u017ce by\u0107 kluczowym elementem garderoby, kt\u00f3ry dodaje charakteru i \u0142atwo\u015b\u0107 stylu bez konieczno\u015bci po\u015bwi\u0119cania komfortu. Dzi\u0119ki takim inspiracjom mo\u017cesz z \u0142atwo\u015bci\u0105 wybra\u0107 kurtk\u0119 damsk\u0105, kt\u00f3ra w Twojej szafie b\u0119dzie wygl\u0105da\u0107 jak z czerwonego dywanu \u2013 a jednocze\u015bnie sprawdzi si\u0119 w codziennych warunkach zimowego miasta.<\/p>\n\n\n\r\n<div class=\"product-block-container swiper mySwiperProductBlock\">\r\n    <div class=\"product-block-swiper swiper-wrapper\">\r\n                    <div class=\"swiper-slide product-block-item\" data-id=\"147544\">\r\n                <a href=\"https:\/\/bialcon.pl\/bluzka-ecru-z-dzianiny-sweterkowej-z-dekoracyjnym-sciagaczem?utm_source=blog&utm_medium=trendy&utm_campaign=181225\" class=\"product-block-url\" target=\"_blank\">\r\n                    <div class=\"product-block-image\">\r\n                        <img decoding=\"async\" width=\"300\" height=\"400\" src=\"https:\/\/bialcon.pl\/picture\/bluzka-ecru-z-dzianiny-sweterkowej-z-dekoracyjnym-sciagaczem_1.jpg\" alt=\"Bluzka ecru z dzianiny sweterkowej z dekoracyjnym \u015bci\u0105gaczem\">\r\n                    <\/div>\r\n                    <div class=\"product-block-name\">\r\n                        <p>Bluzka ecru z dzianiny sweterkowej z dekoracyjnym \u015bci\u0105gaczem<\/p>\r\n                    <\/div>\r\n                <\/a>\r\n            <\/div>\r\n                    <div class=\"swiper-slide product-block-item\" data-id=\"147778\">\r\n                <a href=\"https:\/\/bialcon.pl\/zwiewna-pastelowa-narzutka-z-tencelu-z-bufiastym-rekawem?utm_source=blog&utm_medium=trendy&utm_campaign=181225\" class=\"product-block-url\" target=\"_blank\">\r\n                    <div class=\"product-block-image\">\r\n                        <img decoding=\"async\" width=\"300\" height=\"400\" src=\"https:\/\/bialcon.pl\/picture\/zwiewna-pastelowa-narzutka-z-tencelu-z-bufiastym-rekawem.jpg\" alt=\"Zwiewna pastelowa narzutka z tencelu z bufiastym r\u0119kawem\">\r\n                    <\/div>\r\n                    <div class=\"product-block-name\">\r\n                        <p>Zwiewna pastelowa narzutka z tencelu z bufiastym r\u0119kawem<\/p>\r\n                    <\/div>\r\n                <\/a>\r\n            <\/div>\r\n                    <div class=\"swiper-slide product-block-item\" data-id=\"147230\">\r\n                <a href=\"https:\/\/bialcon.pl\/czarna-stylowa-bomberka-z-satynowym-polyskiem?utm_source=blog&utm_medium=trendy&utm_campaign=181225\" class=\"product-block-url\" target=\"_blank\">\r\n                    <div class=\"product-block-image\">\r\n                        <img decoding=\"async\" width=\"300\" height=\"400\" src=\"https:\/\/bialcon.pl\/picture\/czarna-stylowa-bomberka-z-satynowym-polyskiem_1.jpg\" alt=\"Czarna stylowa bomberka z satynowym po\u0142yskiem\">\r\n                    <\/div>\r\n                    <div class=\"product-block-name\">\r\n                        <p>Czarna stylowa bomberka z satynowym po\u0142yskiem<\/p>\r\n                    <\/div>\r\n                <\/a>\r\n            <\/div>\r\n            <\/div>\r\n<\/div>\r\n\n\n\n\n<h2 class=\"wp-block-heading\"><span class=\"ez-toc-section\" id=\"Jakie_kolory_kurtek_sa_teraz_modne\"><\/span>Jakie kolory kurtek s\u0105 teraz modne?<span class=\"ez-toc-section-end\"><\/span><\/h2>\n\n\n\n<p>W sezonie 2024\/2025 paleta kolor\u00f3w kurtek zimowych jest wyj\u0105tkowo bogata. Opr\u00f3cz klasycznej czerni, granatu i szaro\u015bci, modne s\u0105 r\u00f3wnie\u017c odcienie be\u017cu, oliwkowej zieleni, karmelu i \u015bmietankowej bieli. Nie brakuje te\u017c intensywnych akcent\u00f3w \u2013 bordo, musztardowy, g\u0142\u0119boki fiolet czy butelkowa ziele\u0144. Je\u015bli zale\u017cy Ci na uniwersalno\u015bci, warto si\u0119gn\u0105\u0107 po kurtk\u0119 w stonowanym kolorze, kt\u00f3r\u0105 z \u0142atwo\u015bci\u0105 dopasujesz do reszty garderoby. Natomiast je\u015bli lubisz si\u0119 wyr\u00f3\u017cnia\u0107, postaw na model w intensywniejszym odcieniu \u2013 b\u0119dzie on \u015bwietnym prze\u0142amaniem monochromatycznego outfitu.<\/p>\n\n\n\n<h2 class=\"wp-block-heading\"><span class=\"ez-toc-section\" id=\"Tanie_kurtki_damskie_%E2%80%93_jak_kupowac_z_glowa\"><\/span>Tanie kurtki damskie \u2013 jak kupowa\u0107 z g\u0142ow\u0105?<span class=\"ez-toc-section-end\"><\/span><\/h2>\n\n\n\n<p>Stylowa kurtka zimowa nie musi kosztowa\u0107 fortuny. Tanie kurtki damskie r\u00f3wnie\u017c mog\u0105 spe\u0142nia\u0107 wszystkie wymagania, o ile zwr\u00f3cimy uwag\u0119 na ich jako\u015b\u0107 i spos\u00f3b wykonania. Warto przyjrze\u0107 si\u0119 materia\u0142om, wyko\u0144czeniom i szwom \u2013 te detale \u015bwiadcz\u0105 o trwa\u0142o\u015bci produktu. W sklepie internetowym Bialcon znajdziesz modele w atrakcyjnych cenach, kt\u00f3re \u0142\u0105cz\u0105 wysok\u0105 jako\u015b\u0107 z ponadczasowym designem. To inwestycja na wi\u0119cej ni\u017c jeden sezon, kt\u00f3ra si\u0119 op\u0142aci.<\/p>\n\n\n\n<h2 class=\"wp-block-heading\"><span class=\"ez-toc-section\" id=\"Jak_dobrac_idealna_kurtke_do_sylwetki\"><\/span>Jak dobra\u0107 idealn\u0105 kurtk\u0119 do sylwetki?<span class=\"ez-toc-section-end\"><\/span><\/h2>\n\n\n\n<p>Dobrze dobrana kurtka mo\u017ce zdzia\u0142a\u0107 cuda \u2013 wysmukli sylwetk\u0119, podkre\u015bli tali\u0119 lub optycznie doda centymetr\u00f3w wzrostu. Panie o figurze klepsydry najlepiej wygl\u0105daj\u0105 w taliowanych kurtkach z paskiem. Kobiety o sylwetce jab\u0142ka powinny postawi\u0107 na d\u0142u\u017csze modele o prostym kroju, kt\u00f3re nie opinaj\u0105 zbytnio talii. Dla gruszek idealne b\u0119d\u0105 kurtki z ozdobnym ko\u0142nierzem lub kapturem, kt\u00f3re przyci\u0105gaj\u0105 uwag\u0119 do g\u00f3rnej cz\u0119\u015bci sylwetki. Je\u015bli jeste\u015b drobna, unikaj zbyt obszernych fason\u00f3w \u2013 kr\u00f3tka kurtka zimowa w lekkim kolorze b\u0119dzie strza\u0142em w dziesi\u0105tk\u0119.<\/p>\n\n\n\n<h2 class=\"wp-block-heading\"><span class=\"ez-toc-section\" id=\"Damskie_kurtki_zimowe_a_okazje_%E2%80%93_co_na_co_dzien_a_co_na_wyjscie\"><\/span>Damskie kurtki zimowe a okazje \u2013 co na co dzie\u0144, a co na wyj\u015bcie?<span class=\"ez-toc-section-end\"><\/span><\/h2>\n\n\n\n<p>Kurtka na co dzie\u0144 powinna by\u0107 wygodna i praktyczna. W tym przypadku idealnie sprawdz\u0105 si\u0119 modele pikowane, z kapturem, w stonowanej kolorystyce. Na bardziej oficjalne okazje warto postawi\u0107 na eleganck\u0105 d\u0142ug\u0105 kurtk\u0119, najlepiej z paskiem w talii i prostym krojem. Je\u015bli cz\u0119sto uczestniczysz w spotkaniach biznesowych czy uroczysto\u015bciach, dobrze mie\u0107 w szafie co najmniej dwa modele \u2013 jeden casualowy i drugi bardziej formalny.<\/p>\n\n\n\r\n<div class=\"product-block-container swiper mySwiperProductBlock\">\r\n    <div class=\"product-block-swiper swiper-wrapper\">\r\n                    <div class=\"swiper-slide product-block-item\" data-id=\"142847\">\r\n                <a href=\"https:\/\/bialcon.pl\/brazowa-puchowa-kurtka-na-zime?utm_source=blog&utm_medium=trendy&utm_campaign=181225\" class=\"product-block-url\" target=\"_blank\">\r\n                    <div class=\"product-block-image\">\r\n                        <img decoding=\"async\" width=\"300\" height=\"400\" src=\"https:\/\/bialcon.pl\/picture\/kurtka-blh-230056-fx-brazowy.jpg\" alt=\"Br\u0105zowa puchowa kurtka na zim\u0119\">\r\n                    <\/div>\r\n                    <div class=\"product-block-name\">\r\n                        <p>Br\u0105zowa puchowa kurtka na zim\u0119<\/p>\r\n                    <\/div>\r\n                <\/a>\r\n            <\/div>\r\n                    <div class=\"swiper-slide product-block-item\" data-id=\"143161\">\r\n                <a href=\"https:\/\/bialcon.pl\/czarna-efektowna-kurtka?utm_source=blog&utm_medium=trendy&utm_campaign=181225\" class=\"product-block-url\" target=\"_blank\">\r\n                    <div class=\"product-block-image\">\r\n                        <img decoding=\"async\" width=\"300\" height=\"400\" src=\"https:\/\/bialcon.pl\/picture\/kurtka-blh-f-czarny.jpg\" alt=\"Czarna efektowna kurtka\">\r\n                    <\/div>\r\n                    <div class=\"product-block-name\">\r\n                        <p>Czarna efektowna kurtka<\/p>\r\n                    <\/div>\r\n                <\/a>\r\n            <\/div>\r\n                    <div class=\"swiper-slide product-block-item\" data-id=\"141661\">\r\n                <a href=\"https:\/\/bialcon.pl\/kurtka-zimowa-z-polyskujacej-tkaniny?utm_source=blog&utm_medium=trendy&utm_campaign=181225\" class=\"product-block-url\" target=\"_blank\">\r\n                    <div class=\"product-block-image\">\r\n                        <img decoding=\"async\" width=\"300\" height=\"400\" src=\"https:\/\/bialcon.pl\/picture\/kurtka-blh-220036-fr-szmaragd_2.jpg\" alt=\"Kurtka zimowa z po\u0142yskuj\u0105cej tkaniny\">\r\n                    <\/div>\r\n                    <div class=\"product-block-name\">\r\n                        <p>Kurtka zimowa z po\u0142yskuj\u0105cej tkaniny<\/p>\r\n                    <\/div>\r\n                <\/a>\r\n            <\/div>\r\n            <\/div>\r\n<\/div>\r\n\n\n\n\n<h2 class=\"wp-block-heading\"><span class=\"ez-toc-section\" id=\"Okrycie_wierzchnie_to_podstawa_stylizacji_%E2%80%93_podsumowanie\"><\/span>Okrycie wierzchnie to podstawa stylizacji \u2013 podsumowanie<span class=\"ez-toc-section-end\"><\/span><\/h2>\n\n\n\n<p>Wyb\u00f3r odpowiedniego okrycia wierzchniego mo\u017ce ca\u0142kowicie zmieni\u0107 Tw\u00f3j look. Dobrze dobrana kurtka zimowa podkre\u015bli Twoj\u0105 sylwetk\u0119, doda stylu i zapewni ciep\u0142o nawet w najbardziej mro\u017ane dni. W nowym sezonie modne kurtki damskie \u0142\u0105cz\u0105 klasyk\u0119 z najnowszymi trendami. Je\u015bli szukasz jako\u015bci, stylu i komfortu w jednym \u2013 koniecznie sprawd\u017a ofert\u0119 sklepu internetowego Bialcon. Znajdziesz tam modne i ciep\u0142e kurtki damskie zimowe w r\u00f3\u017cnych fasonach, kolorach i rozmiarach, kt\u00f3re sprawdz\u0105 si\u0119 na ka\u017cd\u0105 pogod\u0119 i okazj\u0119.<\/p>\n","protected":false},"excerpt":{"rendered":"<p>Sezon jesienno-zimowy zbli\u017ca si\u0119 wielkimi krokami, a to oznacza jedno: czas wybra\u0107 kurtk\u0119, kt\u00f3ra zapewni ciep\u0142o, wygod\u0119 i modny wygl\u0105d. W tym roku projektanci stawiaj\u0105 na po\u0142\u0105czenie praktyczno\u015bci z najnowszymi trendami. Dost\u0119pne w sklepach internetowych modne kurtki damskie zachwycaj\u0105 r\u00f3\u017cnorodno\u015bci\u0105 kroj\u00f3w, kolor\u00f3w i materia\u0142\u00f3w, dzi\u0119ki czemu ka\u017cda kobieta znajdzie model dopasowany do swojego stylu. Damskie [&hellip;]<\/p>\n","protected":false},"author":8,"featured_media":12744,"comment_status":"closed","ping_status":"open","sticky":false,"template":"","format":"standard","meta":{"_acf_changed":false,"site-sidebar-layout":"default","site-content-layout":"","ast-site-content-layout":"default","site-content-style":"default","site-sidebar-style":"default","ast-global-header-display":"","ast-banner-title-visibility":"","ast-main-header-display":"","ast-hfb-above-header-display":"","ast-hfb-below-header-display":"","ast-hfb-mobile-header-display":"","site-post-title":"","ast-breadcrumbs-content":"","ast-featured-img":"","footer-sml-layout":"","theme-transparent-header-meta":"","adv-header-id-meta":"","stick-header-meta":"","header-above-stick-meta":"","header-main-stick-meta":"","header-below-stick-meta":"","astra-migrate-meta-layouts":"set","ast-page-background-enabled":"default","ast-page-background-meta":{"desktop":{"background-color":"","background-image":"","background-repeat":"repeat","background-position":"center center","background-size":"auto","background-attachment":"scroll","background-type":"","background-media":"","overlay-type":"","overlay-color":"","overlay-opacity":"","overlay-gradient":""},"tablet":{"background-color":"","background-image":"","background-repeat":"repeat","background-position":"center center","background-size":"auto","background-attachment":"scroll","background-type":"","background-media":"","overlay-type":"","overlay-color":"","overlay-opacity":"","overlay-gradient":""},"mobile":{"background-color":"","background-image":"","background-repeat":"repeat","background-position":"center center","background-size":"auto","background-attachment":"scroll","background-type":"","background-media":"","overlay-type":"","overlay-color":"","overlay-opacity":"","overlay-gradient":""}},"ast-content-background-meta":{"desktop":{"background-color":"var(--ast-global-color-5)","background-image":"","background-repeat":"repeat","background-position":"center center","background-size":"auto","background-attachment":"scroll","background-type":"","background-media":"","overlay-type":"","overlay-color":"","overlay-opacity":"","overlay-gradient":""},"tablet":{"background-color":"var(--ast-global-color-5)","background-image":"","background-repeat":"repeat","background-position":"center center","background-size":"auto","background-attachment":"scroll","background-type":"","background-media":"","overlay-type":"","overlay-color":"","overlay-opacity":"","overlay-gradient":""},"mobile":{"background-color":"var(--ast-global-color-5)","background-image":"","background-repeat":"repeat","background-position":"center center","background-size":"auto","background-attachment":"scroll","background-type":"","background-media":"","overlay-type":"","overlay-color":"","overlay-opacity":"","overlay-gradient":""}},"footnotes":""},"categories":[9,14],"tags":[],"class_list":["post-12743","post","type-post","status-publish","format-standard","has-post-thumbnail","hentry","category-trendy-w-branzy-fashion","category-wszystkie-wpisy"],"acf":[],"yoast_head":"<!-- This site is optimized with the Yoast SEO plugin v27.4 - https:\/\/yoast.com\/product\/yoast-seo-wordpress\/ -->\n<title>Modne i ciep\u0142e kurtki zimowe damskie \u2013 zobacz, co jest teraz na topie - Bialcon<\/title>\n<meta name=\"description\" content=\"Odkryj najmodniejsze kurtki zimowe damskie na sezon 2025\/2026. Sprawd\u017a, co jest na topie i jak wybra\u0107 idealny model.\" \/>\n<meta name=\"robots\" content=\"index, follow, max-snippet:-1, max-image-preview:large, max-video-preview:-1\" \/>\n<link rel=\"canonical\" href=\"https:\/\/bialcon.pl\/blog\/kurtki-zimowe-damskie\/\" \/>\n<meta name=\"twitter:label1\" content=\"Napisane przez\" \/>\n\t<meta name=\"twitter:data1\" content=\"Marta Osuch\" \/>\n\t<meta name=\"twitter:label2\" content=\"Szacowany czas czytania\" \/>\n\t<meta name=\"twitter:data2\" content=\"9 minut\" \/>\n<script type=\"application\/ld+json\" class=\"yoast-schema-graph\">{\"@context\":\"https:\\\/\\\/schema.org\",\"@graph\":[{\"@type\":\"Article\",\"@id\":\"https:\\\/\\\/bialcon.pl\\\/blog\\\/kurtki-zimowe-damskie\\\/#article\",\"isPartOf\":{\"@id\":\"https:\\\/\\\/bialcon.pl\\\/blog\\\/kurtki-zimowe-damskie\\\/\"},\"author\":{\"name\":\"Marta Osuch\",\"@id\":\"https:\\\/\\\/bialcon.pl\\\/blog\\\/#\\\/schema\\\/person\\\/d607966042d507bd761f9e2cab07df62\"},\"headline\":\"Modne i ciep\u0142e kurtki zimowe damskie \u2013 zobacz, co jest teraz na topie\",\"datePublished\":\"2025-12-18T21:54:09+00:00\",\"dateModified\":\"2026-01-05T07:49:07+00:00\",\"mainEntityOfPage\":{\"@id\":\"https:\\\/\\\/bialcon.pl\\\/blog\\\/kurtki-zimowe-damskie\\\/\"},\"wordCount\":1801,\"image\":{\"@id\":\"https:\\\/\\\/bialcon.pl\\\/blog\\\/kurtki-zimowe-damskie\\\/#primaryimage\"},\"thumbnailUrl\":\"https:\\\/\\\/bialcon.pl\\\/blog\\\/wp-content\\\/uploads\\\/2025\\\/12\\\/Projekt-bez-nazwy-21.png\",\"articleSection\":[\"Trendy\",\"Wszystkie wpisy\"],\"inLanguage\":\"pl-PL\"},{\"@type\":\"WebPage\",\"@id\":\"https:\\\/\\\/bialcon.pl\\\/blog\\\/kurtki-zimowe-damskie\\\/\",\"url\":\"https:\\\/\\\/bialcon.pl\\\/blog\\\/kurtki-zimowe-damskie\\\/\",\"name\":\"Modne i ciep\u0142e kurtki zimowe damskie \u2013 zobacz, co jest teraz na topie - Bialcon\",\"isPartOf\":{\"@id\":\"https:\\\/\\\/bialcon.pl\\\/blog\\\/#website\"},\"primaryImageOfPage\":{\"@id\":\"https:\\\/\\\/bialcon.pl\\\/blog\\\/kurtki-zimowe-damskie\\\/#primaryimage\"},\"image\":{\"@id\":\"https:\\\/\\\/bialcon.pl\\\/blog\\\/kurtki-zimowe-damskie\\\/#primaryimage\"},\"thumbnailUrl\":\"https:\\\/\\\/bialcon.pl\\\/blog\\\/wp-content\\\/uploads\\\/2025\\\/12\\\/Projekt-bez-nazwy-21.png\",\"datePublished\":\"2025-12-18T21:54:09+00:00\",\"dateModified\":\"2026-01-05T07:49:07+00:00\",\"author\":{\"@id\":\"https:\\\/\\\/bialcon.pl\\\/blog\\\/#\\\/schema\\\/person\\\/d607966042d507bd761f9e2cab07df62\"},\"description\":\"Odkryj najmodniejsze kurtki zimowe damskie na sezon 2025\\\/2026. Sprawd\u017a, co jest na topie i jak wybra\u0107 idealny model.\",\"breadcrumb\":{\"@id\":\"https:\\\/\\\/bialcon.pl\\\/blog\\\/kurtki-zimowe-damskie\\\/#breadcrumb\"},\"inLanguage\":\"pl-PL\",\"potentialAction\":[{\"@type\":\"ReadAction\",\"target\":[\"https:\\\/\\\/bialcon.pl\\\/blog\\\/kurtki-zimowe-damskie\\\/\"]}]},{\"@type\":\"ImageObject\",\"inLanguage\":\"pl-PL\",\"@id\":\"https:\\\/\\\/bialcon.pl\\\/blog\\\/kurtki-zimowe-damskie\\\/#primaryimage\",\"url\":\"https:\\\/\\\/bialcon.pl\\\/blog\\\/wp-content\\\/uploads\\\/2025\\\/12\\\/Projekt-bez-nazwy-21.png\",\"contentUrl\":\"https:\\\/\\\/bialcon.pl\\\/blog\\\/wp-content\\\/uploads\\\/2025\\\/12\\\/Projekt-bez-nazwy-21.png\",\"width\":960,\"height\":850,\"caption\":\"Wizualizacja kobiety w zimowej kurtce\"},{\"@type\":\"BreadcrumbList\",\"@id\":\"https:\\\/\\\/bialcon.pl\\\/blog\\\/kurtki-zimowe-damskie\\\/#breadcrumb\",\"itemListElement\":[{\"@type\":\"ListItem\",\"position\":1,\"name\":\"Strona g\u0142\u00f3wna\",\"item\":\"https:\\\/\\\/bialcon.pl\\\/blog\\\/\"},{\"@type\":\"ListItem\",\"position\":2,\"name\":\"Trendy\",\"item\":\"https:\\\/\\\/bialcon.pl\\\/blog\\\/trendy-w-branzy-fashion\\\/\"},{\"@type\":\"ListItem\",\"position\":3,\"name\":\"Modne i ciep\u0142e kurtki zimowe damskie \u2013 zobacz, co jest teraz na topie\"}]},{\"@type\":\"WebSite\",\"@id\":\"https:\\\/\\\/bialcon.pl\\\/blog\\\/#website\",\"url\":\"https:\\\/\\\/bialcon.pl\\\/blog\\\/\",\"name\":\"bialcon.pl\\\/blog\\\/\",\"description\":\"Fashion Blog w zasi\u0119gu Twojej r\u0119ki\",\"potentialAction\":[{\"@type\":\"SearchAction\",\"target\":{\"@type\":\"EntryPoint\",\"urlTemplate\":\"https:\\\/\\\/bialcon.pl\\\/blog\\\/?s={search_term_string}\"},\"query-input\":{\"@type\":\"PropertyValueSpecification\",\"valueRequired\":true,\"valueName\":\"search_term_string\"}}],\"inLanguage\":\"pl-PL\"},{\"@type\":\"Person\",\"@id\":\"https:\\\/\\\/bialcon.pl\\\/blog\\\/#\\\/schema\\\/person\\\/d607966042d507bd761f9e2cab07df62\",\"name\":\"Marta Osuch\",\"image\":{\"@type\":\"ImageObject\",\"inLanguage\":\"pl-PL\",\"@id\":\"https:\\\/\\\/secure.gravatar.com\\\/avatar\\\/e92ecceaeb1c6e5e7cf1d28eb4215cad69403014f340b8f5b576adf09b89be60?s=96&d=mm&r=g\",\"url\":\"https:\\\/\\\/secure.gravatar.com\\\/avatar\\\/e92ecceaeb1c6e5e7cf1d28eb4215cad69403014f340b8f5b576adf09b89be60?s=96&d=mm&r=g\",\"contentUrl\":\"https:\\\/\\\/secure.gravatar.com\\\/avatar\\\/e92ecceaeb1c6e5e7cf1d28eb4215cad69403014f340b8f5b576adf09b89be60?s=96&d=mm&r=g\",\"caption\":\"Marta Osuch\"},\"description\":\"Z wykszta\u0142cenia specjalistka ds. bezpiecze\u0144stwa narodowego, z pasji \u2014 tw\u00f3rczyni tre\u015bci i mi\u0142o\u015bniczka mody. Na co dzie\u0144 \u0142\u0105czy zami\u0142owanie do content marketingu z uwa\u017cn\u0105 obserwacj\u0105 trend\u00f3w, szczeg\u00f3lnie tych inspirowanych stylem najwi\u0119kszych gwiazd. Ch\u0119tnie podpatruje codzienne stylizacje i przek\u0142ada je na mod\u0119 blisk\u0105 \u017cyciu \u2014 kobiec\u0105, stylow\u0105 i pe\u0142n\u0105 charakteru. Prywatnie najch\u0119tniej si\u0119ga po krymina\u0142y i sp\u0119dza czas na spacerach z synkiem.\",\"sameAs\":[\"https:\\\/\\\/www.linkedin.com\\\/in\\\/marta-osuch-b71aa8186\\\/\"],\"url\":\"https:\\\/\\\/bialcon.pl\\\/blog\\\/author\\\/martao\\\/\"}]}<\/script>\n<!-- \/ Yoast SEO plugin. -->","yoast_head_json":{"title":"Modne i ciep\u0142e kurtki zimowe damskie \u2013 zobacz, co jest teraz na topie - Bialcon","description":"Odkryj najmodniejsze kurtki zimowe damskie na sezon 2025\/2026. Sprawd\u017a, co jest na topie i jak wybra\u0107 idealny model.","robots":{"index":"index","follow":"follow","max-snippet":"max-snippet:-1","max-image-preview":"max-image-preview:large","max-video-preview":"max-video-preview:-1"},"canonical":"https:\/\/bialcon.pl\/blog\/kurtki-zimowe-damskie\/","twitter_misc":{"Napisane przez":"Marta Osuch","Szacowany czas czytania":"9 minut"},"schema":{"@context":"https:\/\/schema.org","@graph":[{"@type":"Article","@id":"https:\/\/bialcon.pl\/blog\/kurtki-zimowe-damskie\/#article","isPartOf":{"@id":"https:\/\/bialcon.pl\/blog\/kurtki-zimowe-damskie\/"},"author":{"name":"Marta Osuch","@id":"https:\/\/bialcon.pl\/blog\/#\/schema\/person\/d607966042d507bd761f9e2cab07df62"},"headline":"Modne i ciep\u0142e kurtki zimowe damskie \u2013 zobacz, co jest teraz na topie","datePublished":"2025-12-18T21:54:09+00:00","dateModified":"2026-01-05T07:49:07+00:00","mainEntityOfPage":{"@id":"https:\/\/bialcon.pl\/blog\/kurtki-zimowe-damskie\/"},"wordCount":1801,"image":{"@id":"https:\/\/bialcon.pl\/blog\/kurtki-zimowe-damskie\/#primaryimage"},"thumbnailUrl":"https:\/\/bialcon.pl\/blog\/wp-content\/uploads\/2025\/12\/Projekt-bez-nazwy-21.png","articleSection":["Trendy","Wszystkie wpisy"],"inLanguage":"pl-PL"},{"@type":"WebPage","@id":"https:\/\/bialcon.pl\/blog\/kurtki-zimowe-damskie\/","url":"https:\/\/bialcon.pl\/blog\/kurtki-zimowe-damskie\/","name":"Modne i ciep\u0142e kurtki zimowe damskie \u2013 zobacz, co jest teraz na topie - Bialcon","isPartOf":{"@id":"https:\/\/bialcon.pl\/blog\/#website"},"primaryImageOfPage":{"@id":"https:\/\/bialcon.pl\/blog\/kurtki-zimowe-damskie\/#primaryimage"},"image":{"@id":"https:\/\/bialcon.pl\/blog\/kurtki-zimowe-damskie\/#primaryimage"},"thumbnailUrl":"https:\/\/bialcon.pl\/blog\/wp-content\/uploads\/2025\/12\/Projekt-bez-nazwy-21.png","datePublished":"2025-12-18T21:54:09+00:00","dateModified":"2026-01-05T07:49:07+00:00","author":{"@id":"https:\/\/bialcon.pl\/blog\/#\/schema\/person\/d607966042d507bd761f9e2cab07df62"},"description":"Odkryj najmodniejsze kurtki zimowe damskie na sezon 2025\/2026. Sprawd\u017a, co jest na topie i jak wybra\u0107 idealny model.","breadcrumb":{"@id":"https:\/\/bialcon.pl\/blog\/kurtki-zimowe-damskie\/#breadcrumb"},"inLanguage":"pl-PL","potentialAction":[{"@type":"ReadAction","target":["https:\/\/bialcon.pl\/blog\/kurtki-zimowe-damskie\/"]}]},{"@type":"ImageObject","inLanguage":"pl-PL","@id":"https:\/\/bialcon.pl\/blog\/kurtki-zimowe-damskie\/#primaryimage","url":"https:\/\/bialcon.pl\/blog\/wp-content\/uploads\/2025\/12\/Projekt-bez-nazwy-21.png","contentUrl":"https:\/\/bialcon.pl\/blog\/wp-content\/uploads\/2025\/12\/Projekt-bez-nazwy-21.png","width":960,"height":850,"caption":"Wizualizacja kobiety w zimowej kurtce"},{"@type":"BreadcrumbList","@id":"https:\/\/bialcon.pl\/blog\/kurtki-zimowe-damskie\/#breadcrumb","itemListElement":[{"@type":"ListItem","position":1,"name":"Strona g\u0142\u00f3wna","item":"https:\/\/bialcon.pl\/blog\/"},{"@type":"ListItem","position":2,"name":"Trendy","item":"https:\/\/bialcon.pl\/blog\/trendy-w-branzy-fashion\/"},{"@type":"ListItem","position":3,"name":"Modne i ciep\u0142e kurtki zimowe damskie \u2013 zobacz, co jest teraz na topie"}]},{"@type":"WebSite","@id":"https:\/\/bialcon.pl\/blog\/#website","url":"https:\/\/bialcon.pl\/blog\/","name":"bialcon.pl\/blog\/","description":"Fashion Blog w zasi\u0119gu Twojej r\u0119ki","potentialAction":[{"@type":"SearchAction","target":{"@type":"EntryPoint","urlTemplate":"https:\/\/bialcon.pl\/blog\/?s={search_term_string}"},"query-input":{"@type":"PropertyValueSpecification","valueRequired":true,"valueName":"search_term_string"}}],"inLanguage":"pl-PL"},{"@type":"Person","@id":"https:\/\/bialcon.pl\/blog\/#\/schema\/person\/d607966042d507bd761f9e2cab07df62","name":"Marta Osuch","image":{"@type":"ImageObject","inLanguage":"pl-PL","@id":"https:\/\/secure.gravatar.com\/avatar\/e92ecceaeb1c6e5e7cf1d28eb4215cad69403014f340b8f5b576adf09b89be60?s=96&d=mm&r=g","url":"https:\/\/secure.gravatar.com\/avatar\/e92ecceaeb1c6e5e7cf1d28eb4215cad69403014f340b8f5b576adf09b89be60?s=96&d=mm&r=g","contentUrl":"https:\/\/secure.gravatar.com\/avatar\/e92ecceaeb1c6e5e7cf1d28eb4215cad69403014f340b8f5b576adf09b89be60?s=96&d=mm&r=g","caption":"Marta Osuch"},"description":"Z wykszta\u0142cenia specjalistka ds. bezpiecze\u0144stwa narodowego, z pasji \u2014 tw\u00f3rczyni tre\u015bci i mi\u0142o\u015bniczka mody. Na co dzie\u0144 \u0142\u0105czy zami\u0142owanie do content marketingu z uwa\u017cn\u0105 obserwacj\u0105 trend\u00f3w, szczeg\u00f3lnie tych inspirowanych stylem najwi\u0119kszych gwiazd. Ch\u0119tnie podpatruje codzienne stylizacje i przek\u0142ada je na mod\u0119 blisk\u0105 \u017cyciu \u2014 kobiec\u0105, stylow\u0105 i pe\u0142n\u0105 charakteru. Prywatnie najch\u0119tniej si\u0119ga po krymina\u0142y i sp\u0119dza czas na spacerach z synkiem.","sameAs":["https:\/\/www.linkedin.com\/in\/marta-osuch-b71aa8186\/"],"url":"https:\/\/bialcon.pl\/blog\/author\/martao\/"}]}},"_links":{"self":[{"href":"https:\/\/bialcon.pl\/blog\/wp-json\/wp\/v2\/posts\/12743","targetHints":{"allow":["GET"]}}],"collection":[{"href":"https:\/\/bialcon.pl\/blog\/wp-json\/wp\/v2\/posts"}],"about":[{"href":"https:\/\/bialcon.pl\/blog\/wp-json\/wp\/v2\/types\/post"}],"author":[{"embeddable":true,"href":"https:\/\/bialcon.pl\/blog\/wp-json\/wp\/v2\/users\/8"}],"replies":[{"embeddable":true,"href":"https:\/\/bialcon.pl\/blog\/wp-json\/wp\/v2\/comments?post=12743"}],"version-history":[{"count":1,"href":"https:\/\/bialcon.pl\/blog\/wp-json\/wp\/v2\/posts\/12743\/revisions"}],"predecessor-version":[{"id":12745,"href":"https:\/\/bialcon.pl\/blog\/wp-json\/wp\/v2\/posts\/12743\/revisions\/12745"}],"wp:featuredmedia":[{"embeddable":true,"href":"https:\/\/bialcon.pl\/blog\/wp-json\/wp\/v2\/media\/12744"}],"wp:attachment":[{"href":"https:\/\/bialcon.pl\/blog\/wp-json\/wp\/v2\/media?parent=12743"}],"wp:term":[{"taxonomy":"category","embeddable":true,"href":"https:\/\/bialcon.pl\/blog\/wp-json\/wp\/v2\/categories?post=12743"},{"taxonomy":"post_tag","embeddable":true,"href":"https:\/\/bialcon.pl\/blog\/wp-json\/wp\/v2\/tags?post=12743"}],"curies":[{"name":"wp","href":"https:\/\/api.w.org\/{rel}","templated":true}]}}