{"id":12739,"date":"2025-12-13T13:15:40","date_gmt":"2025-12-13T12:15:40","guid":{"rendered":"https:\/\/bialcon.pl\/blog\/?p=12739"},"modified":"2026-01-05T08:49:14","modified_gmt":"2026-01-05T07:49:14","slug":"stylizacja-na-sylwestra","status":"publish","type":"post","link":"https:\/\/bialcon.pl\/blog\/stylizacja-na-sylwestra\/","title":{"rendered":"Stylizacja na sylwestra \u2013 jak b\u0142yszcze\u0107 z klas\u0105 i czu\u0107 si\u0119 sob\u0105?"},"content":{"rendered":"<div id=\"ez-toc-container\" class=\"ez-toc-v2_0_82_2 counter-hierarchy ez-toc-counter ez-toc-custom ez-toc-container-direction\">\n<div class=\"ez-toc-title-container\"><p class=\"ez-toc-title\" style=\"cursor:inherit\">Spis Tre\u015bci<\/p>\n<\/div><nav><ul class='ez-toc-list ez-toc-list-level-1 ' ><li class='ez-toc-page-1 ez-toc-heading-level-2'><a class=\"ez-toc-link ez-toc-heading-1\" href=\"https:\/\/bialcon.pl\/blog\/stylizacja-na-sylwestra\/#Jak_sie_ubrac_na_sylwestra_Poznaj_podstawowe_zasady_stylizacji\" >Jak si\u0119 ubra\u0107 na sylwestra? Poznaj podstawowe zasady stylizacji&nbsp;<\/a><\/li><li class='ez-toc-page-1 ez-toc-heading-level-2'><a class=\"ez-toc-link ez-toc-heading-2\" href=\"https:\/\/bialcon.pl\/blog\/stylizacja-na-sylwestra\/#Cekinowa_sukienka_%E2%80%93_klasyka_sylwestrowych_stylizacji\" >Cekinowa sukienka \u2013 klasyka sylwestrowych stylizacji&nbsp;<\/a><\/li><li class='ez-toc-page-1 ez-toc-heading-level-2'><a class=\"ez-toc-link ez-toc-heading-3\" href=\"https:\/\/bialcon.pl\/blog\/stylizacja-na-sylwestra\/#Mala_czarna_na_sylwestra_%E2%80%93_uniwersalna_i_efektowna\" >Ma\u0142a czarna na sylwestra \u2013 uniwersalna i efektowna&nbsp;<\/a><\/li><li class='ez-toc-page-1 ez-toc-heading-level-2'><a class=\"ez-toc-link ez-toc-heading-4\" href=\"https:\/\/bialcon.pl\/blog\/stylizacja-na-sylwestra\/#Stylizacje_na_bal_sylwestrowy_%E2%80%93_pelna_elegancji_i_szyku\" >Stylizacje na bal sylwestrowy \u2013 pe\u0142na elegancji i szyku&nbsp;<\/a><\/li><li class='ez-toc-page-1 ez-toc-heading-level-2'><a class=\"ez-toc-link ez-toc-heading-5\" href=\"https:\/\/bialcon.pl\/blog\/stylizacja-na-sylwestra\/#Stylizacja_na_domowke_%E2%80%93_jak_ubrac_sie_modnie_i_wygodnie\" >Stylizacja na dom\u00f3wk\u0119 \u2013 jak ubra\u0107 si\u0119 modnie i wygodnie?&nbsp;<\/a><\/li><li class='ez-toc-page-1 ez-toc-heading-level-2'><a class=\"ez-toc-link ez-toc-heading-6\" href=\"https:\/\/bialcon.pl\/blog\/stylizacja-na-sylwestra\/#Czym_zastapic_sukienke_na_sylwestra_Stylowe_alternatywy\" >Czym zast\u0105pi\u0107 sukienk\u0119 na sylwestra? Stylowe alternatywy&nbsp;<\/a><\/li><li class='ez-toc-page-1 ez-toc-heading-level-2'><a class=\"ez-toc-link ez-toc-heading-7\" href=\"https:\/\/bialcon.pl\/blog\/stylizacja-na-sylwestra\/#Meskie_stylizacje_sylwestrowe_%E2%80%93_klasyka_w_nowoczesnym_wydaniu\" >M\u0119skie stylizacje sylwestrowe \u2013 klasyka w nowoczesnym wydaniu&nbsp;<\/a><\/li><li class='ez-toc-page-1 ez-toc-heading-level-2'><a class=\"ez-toc-link ez-toc-heading-8\" href=\"https:\/\/bialcon.pl\/blog\/stylizacja-na-sylwestra\/#Stylizacja_na_sylwestra_w_stylu_glamour_%E2%80%93_pelna_blasku_i_szyku\" >Stylizacja na sylwestra w stylu glamour \u2013 pe\u0142na blasku i szyku&nbsp;<\/a><\/li><li class='ez-toc-page-1 ez-toc-heading-level-2'><a class=\"ez-toc-link ez-toc-heading-9\" href=\"https:\/\/bialcon.pl\/blog\/stylizacja-na-sylwestra\/#Jak_dobrac_dodatki_do_sylwestrowej_stylizacji\" >Jak dobra\u0107 dodatki do sylwestrowej stylizacji?&nbsp;<\/a><\/li><li class='ez-toc-page-1 ez-toc-heading-level-2'><a class=\"ez-toc-link ez-toc-heading-10\" href=\"https:\/\/bialcon.pl\/blog\/stylizacja-na-sylwestra\/#Jak_blyszczec_z_klasa_i_czuc_sie_soba_w_sylwestrowej_stylizacji\" >Jak b\u0142yszcze\u0107 z klas\u0105 i czu\u0107 si\u0119 sob\u0105 w sylwestrowej stylizacji?&nbsp;<\/a><\/li><li class='ez-toc-page-1 ez-toc-heading-level-2'><a class=\"ez-toc-link ez-toc-heading-11\" href=\"https:\/\/bialcon.pl\/blog\/stylizacja-na-sylwestra\/#Sylwestrowe_inspiracje_z_czerwonego_dywanu_%E2%80%93_jak_robia_to_gwiazdy\" >Sylwestrowe inspiracje z czerwonego dywanu \u2013 jak robi\u0105 to gwiazdy?&nbsp;<\/a><\/li><li class='ez-toc-page-1 ez-toc-heading-level-2'><a class=\"ez-toc-link ez-toc-heading-12\" href=\"https:\/\/bialcon.pl\/blog\/stylizacja-na-sylwestra\/#Podsumowanie_blyszcz_ale_na_wlasnych_zasadach\" >Podsumowanie: b\u0142yszcz, ale na w\u0142asnych zasadach&nbsp;<\/a><\/li><\/ul><\/nav><\/div>\n\n<p><strong>Sylwester to doskona\u0142a okazja, by pozwoli\u0107 sobie na wi\u0119cej \u2013 wi\u0119cej blasku, odwagi w stylizacjach i pewno\u015bci siebie. Niezale\u017cnie od tego, czy wybierasz si\u0119 na bal sylwestrowy, dom\u00f3wk\u0119 z przyjaci\u00f3\u0142mi czy wiecz\u00f3r w stylu glamour, odpowiednio dobrana stylizacja na sylwestra pozwoli Ci czu\u0107 si\u0119 wyj\u0105tkowo przez ca\u0142\u0105 noc. W tym artykule podpowiemy, jak si\u0119 ubra\u0107 na sylwestra, by b\u0142yszcze\u0107 z klas\u0105 i czu\u0107 si\u0119 sob\u0105 \u2013 komfortowo, kobieco i modnie. Poznaj najnowsze trendy, fasony i propozycje ubra\u0144 na sylwestra, kt\u00f3re sprawdz\u0105 si\u0119 w r\u00f3\u017cnych okoliczno\u015bciach.<\/strong><\/p>\n\n\n\n<h2 class=\"wp-block-heading\"><span class=\"ez-toc-section\" id=\"Jak_sie_ubrac_na_sylwestra_Poznaj_podstawowe_zasady_stylizacji\"><\/span>Jak si\u0119 ubra\u0107 na sylwestra? Poznaj podstawowe zasady stylizacji&nbsp;<span class=\"ez-toc-section-end\"><\/span><\/h2>\n\n\n\n<p>Stylizacja na sylwestra powinna \u0142\u0105czy\u0107 wyj\u0105tkowy charakter wieczoru z wygod\u0105. Sylwester to noc ta\u0144ca, \u015bwi\u0119towania i rado\u015bci, dlatego str\u00f3j musi by\u0107 nie tylko pi\u0119kny, ale te\u017c komfortowy. Najwa\u017cniejsze to dopasowa\u0107 stylizacj\u0119 do charakteru imprezy sylwestrowej. Je\u015bli wybierasz si\u0119 na bal, postaw na eleganck\u0105 sukienk\u0119 maxi lub cekinow\u0105 sukienk\u0119 w d\u0142ugo\u015bci midi. Na dom\u00f3wce sprawdzi si\u0119 str\u00f3j w duchu smart casual \u2013 np. slip dress zestawiona z marynark\u0105 lub b\u0142yszcz\u0105cymi dodatkami. Stylizacje sylwestrowe powinny tak\u017ce wsp\u00f3\u0142gra\u0107 z Twoj\u0105 osobowo\u015bci\u0105 \u2013 nie musisz rezygnowa\u0107 z siebie na rzecz mody. Czasem wystarczy jeden akcent: cekinowa sukienka mini, elegancka koszula z bi\u017cuteryjnym ko\u0142nierzykiem albo szpilki w odcieniu metalicznego z\u0142ota, by stworzy\u0107 efekt wow.<\/p>\n\n\n\r\n<div class=\"product-block-container swiper mySwiperProductBlock\">\r\n    <div class=\"product-block-swiper swiper-wrapper\">\r\n                    <div class=\"swiper-slide product-block-item\" data-id=\"147635\">\r\n                <a href=\"https:\/\/bialcon.pl\/zwiewna-morska-sukienka-odcinana-pod-biustem?utm_source=blog&utm_medium=poradystylistki&utm_campaign=131225\" class=\"product-block-url\" target=\"_blank\">\r\n                    <div class=\"product-block-image\">\r\n                        <img decoding=\"async\" width=\"300\" height=\"400\" src=\"https:\/\/bialcon.pl\/picture\/zwiewna-morska-sukienka-odcinana-pod-biustem_2.jpg\" alt=\"Zwiewna morska sukienka odcinana pod biustem\">\r\n                    <\/div>\r\n                    <div class=\"product-block-name\">\r\n                        <p>Zwiewna morska sukienka odcinana pod biustem<\/p>\r\n                    <\/div>\r\n                <\/a>\r\n            <\/div>\r\n                    <div class=\"swiper-slide product-block-item\" data-id=\"147503\">\r\n                <a href=\"https:\/\/bialcon.pl\/stalowa-taftowa-sukienka-maxi-z-ozdobna-kokarda?utm_source=blog&utm_medium=poradystylistki&utm_campaign=131225\" class=\"product-block-url\" target=\"_blank\">\r\n                    <div class=\"product-block-image\">\r\n                        <img decoding=\"async\" width=\"300\" height=\"400\" src=\"https:\/\/bialcon.pl\/picture\/stalowa-taftowa-sukienka-maxi-z-ozdobna-kokarda_1.jpg\" alt=\"Stalowa taftowa sukienka maxi z ozdobn\u0105 kokard\u0105\">\r\n                    <\/div>\r\n                    <div class=\"product-block-name\">\r\n                        <p>Stalowa taftowa sukienka maxi z ozdobn\u0105 kokard\u0105<\/p>\r\n                    <\/div>\r\n                <\/a>\r\n            <\/div>\r\n                    <div class=\"swiper-slide product-block-item\" data-id=\"147514\">\r\n                <a href=\"https:\/\/bialcon.pl\/blyszczaca-bordowa-sukienka-z-wiskozowa-podszewka?utm_source=blog&utm_medium=poradystylistki&utm_campaign=131225\" class=\"product-block-url\" target=\"_blank\">\r\n                    <div class=\"product-block-image\">\r\n                        <img decoding=\"async\" width=\"300\" height=\"400\" src=\"https:\/\/bialcon.pl\/picture\/blyszczaca-bordowa-sukienka-z-wiskozowa-podszewka_4.jpg\" alt=\"B\u0142yszcz\u0105ca bordowa sukienka z wiskozow\u0105 podszewk\u0105\">\r\n                    <\/div>\r\n                    <div class=\"product-block-name\">\r\n                        <p>B\u0142yszcz\u0105ca bordowa sukienka z wiskozow\u0105 podszewk\u0105<\/p>\r\n                    <\/div>\r\n                <\/a>\r\n            <\/div>\r\n            <\/div>\r\n<\/div>\r\n\n\n\n\n<h2 class=\"wp-block-heading\"><span class=\"ez-toc-section\" id=\"Cekinowa_sukienka_%E2%80%93_klasyka_sylwestrowych_stylizacji\"><\/span>Cekinowa sukienka \u2013 klasyka sylwestrowych stylizacji&nbsp;<span class=\"ez-toc-section-end\"><\/span><\/h2>\n\n\n\n<p>Cekinowa sukienka to bez w\u0105tpienia najbardziej rozpoznawalny str\u00f3j na sylwestra damski. Odwa\u017cna, po\u0142yskuj\u0105ca, a przy tym elegancka \u2013 doskonale wpisuje si\u0119 w klimat imprezy sylwestrowej. Mo\u017cesz postawi\u0107 na klasyczn\u0105 d\u0142ugo\u015b\u0107 mini z d\u0142ugim r\u0119kawem, kt\u00f3ra podkre\u015bli nogi i nada sylwetce lekko\u015bci. Cekinowe kreacje pi\u0119knie prezentuj\u0105 si\u0119 r\u00f3wnie\u017c w wersji midi \u2013 zw\u0142aszcza z dopasowan\u0105 g\u00f3r\u0105 i rozkloszowanym do\u0142em. Stylizacje z cekinami nie wymagaj\u0105 wielu dodatk\u00f3w \u2013 wystarczy ma\u0142a czarna torebka na \u0142a\u0144cuszku, delikatna bi\u017cuteria i szpilki. Je\u015bli nie przepadasz za ca\u0142kowicie b\u0142yszcz\u0105cym lookiem, postaw na akcent \u2013 cekinowy top lub marynark\u0119 zestawion\u0105 z czarnymi spodniami. Taka propozycja to idealny kompromis pomi\u0119dzy elegancj\u0105 a wygod\u0105.<\/p>\n\n\n\r\n<div class=\"product-block-container swiper mySwiperProductBlock\">\r\n    <div class=\"product-block-swiper swiper-wrapper\">\r\n                    <div class=\"swiper-slide product-block-item\" data-id=\"147797\">\r\n                <a href=\"https:\/\/bialcon.pl\/duza-skorzana-brazowa-torba-na-co-dzien?utm_source=blog&utm_medium=poradystylistki&utm_campaign=131225\" class=\"product-block-url\" target=\"_blank\">\r\n                    <div class=\"product-block-image\">\r\n                        <img decoding=\"async\" width=\"300\" height=\"400\" src=\"https:\/\/bialcon.pl\/picture\/duza-skorzana-brazowa-torba-na-co-dzien.jpg\" alt=\"Du\u017ca sk\u00f3rzana br\u0105zowa torba na co dzie\u0144\">\r\n                    <\/div>\r\n                    <div class=\"product-block-name\">\r\n                        <p>Du\u017ca sk\u00f3rzana br\u0105zowa torba na co dzie\u0144<\/p>\r\n                    <\/div>\r\n                <\/a>\r\n            <\/div>\r\n                    <div class=\"swiper-slide product-block-item\" data-id=\"147798\">\r\n                <a href=\"https:\/\/bialcon.pl\/duza-skorzana-bezowa-torba-na-co-dzien?utm_source=blog&utm_medium=poradystylistki&utm_campaign=131225\" class=\"product-block-url\" target=\"_blank\">\r\n                    <div class=\"product-block-image\">\r\n                        <img decoding=\"async\" width=\"300\" height=\"400\" src=\"https:\/\/bialcon.pl\/picture\/torba-m8044-bezowy-karen.jpg\" alt=\"Du\u017ca sk\u00f3rzana be\u017cowa torba na co dzie\u0144\">\r\n                    <\/div>\r\n                    <div class=\"product-block-name\">\r\n                        <p>Du\u017ca sk\u00f3rzana be\u017cowa torba na co dzie\u0144<\/p>\r\n                    <\/div>\r\n                <\/a>\r\n            <\/div>\r\n                    <div class=\"swiper-slide product-block-item\" data-id=\"147799\">\r\n                <a href=\"https:\/\/bialcon.pl\/karmelowa-torebka-z-wysokogatunkowej-skory-naturalnej?utm_source=blog&utm_medium=poradystylistki&utm_campaign=131225\" class=\"product-block-url\" target=\"_blank\">\r\n                    <div class=\"product-block-image\">\r\n                        <img decoding=\"async\" width=\"300\" height=\"400\" src=\"https:\/\/bialcon.pl\/picture\/torba-k772-bis-bezowy-karen_3.webp\" alt=\"Karmelowa torebka z wysokogatunkowej sk\u00f3ry naturalnej\">\r\n                    <\/div>\r\n                    <div class=\"product-block-name\">\r\n                        <p>Karmelowa torebka z wysokogatunkowej sk\u00f3ry naturalnej<\/p>\r\n                    <\/div>\r\n                <\/a>\r\n            <\/div>\r\n            <\/div>\r\n<\/div>\r\n\n\n\n\n<h3 class=\"wp-block-heading\">Cekiny nie tylko na sukience \u2013 wolisz spodnie, top czy sp\u00f3dnic\u0119?<\/h3>\n\n\n\n<p>Cho\u0107 cekinowa sukienka to bezsprzecznie jeden z najpopularniejszych wybor\u00f3w na imprez\u0119 sylwestrow\u0105, nie ka\u017cda kobieta musi decydowa\u0107 si\u0119 w\u0142a\u015bnie na ni\u0105. Stylizacja na sylwestra mo\u017ce by\u0107 r\u00f3wnie efektowna i pe\u0142na blasku, je\u015bli postawisz na cekinowy top, eleganckie cekinowe spodnie albo marynark\u0119 z po\u0142yskuj\u0105cymi detalami. W\u0142a\u015bnie takie rozwi\u0105zania sprawdz\u0105 si\u0119 idealnie, gdy chcesz podkre\u015bli\u0107 sw\u00f3j indywidualny styl, ale jednocze\u015bnie nie rezygnowa\u0107 z wygody. Cekiny w wersji casualowej, zestawione z klasycznymi elementami garderoby, zyskuj\u0105 zupe\u0142nie nowy wymiar \u2013 nie musisz rezygnowa\u0107 z komfortu, by zachowa\u0107 od\u015bwi\u0119tny charakter stylizacji.<\/p>\n\n\n\n<p>Je\u015bli zale\u017cy Ci na subtelnym b\u0142ysku, kt\u00f3ry nie zdominuje ca\u0142ej stylizacji, mo\u017cesz postawi\u0107 na cekinowy top zestawiony z czarnymi spodniami z szerok\u0105 nogawk\u0105 lub klasyczn\u0105, o\u0142\u00f3wkow\u0105 sp\u00f3dnic\u0105. Taki outfit na sylwestra doskonale sprawdzi si\u0119 nie tylko podczas dom\u00f3wki, ale te\u017c podczas eleganckiego przyj\u0119cia w duchu smart casual. Po\u0142yskuj\u0105cy top pi\u0119knie wsp\u00f3\u0142gra z marynark\u0105 w stonowanym kolorze \u2013 czerni, be\u017cu czy szaro\u015bci. Mo\u017cesz go te\u017c zestawi\u0107 z oversizow\u0105 bia\u0142\u0105 koszul\u0105, tworz\u0105c odwa\u017cne, ale zbalansowane po\u0142\u0105czenie. B\u0142yszcz\u0105ce dodatki \u2013 np. kolczyki z cyrkoniami czy torebka z metalicznym po\u0142yskiem \u2013 b\u0119d\u0105 tu doskona\u0142ym uzupe\u0142nieniem.<\/p>\n\n\n\n<p>Alternatyw\u0105 dla klasycznej cekinowej sukienki mog\u0105 by\u0107 r\u00f3wnie\u017c cekinowe spodnie, kt\u00f3re szturmem wdar\u0142y si\u0119 do \u015bwiata mody. To propozycja dla kobiet, kt\u00f3re lubi\u0105 eksperymentowa\u0107 z mod\u0105 i nie boj\u0105 si\u0119 wyzwa\u0144. Cekinowe spodnie w po\u0142\u0105czeniu z prostym topem i czarn\u0105 marynark\u0105 stworz\u0105 look pe\u0142en elegancji i nonszalancji. W takim stroju z pewno\u015bci\u0105 poczujesz si\u0119 wyj\u0105tkowo i przyci\u0105gniesz spojrzenia. Warto zadba\u0107 o odpowiednie proporcje \u2013 cekiny s\u0105 wyraziste, wi\u0119c dobrze r\u00f3wnowa\u017cy\u0107 je g\u0142adkimi, matowymi tkaninami. Stylizacje sylwestrowe w tej wersji to \u015bwietny wyb\u00f3r dla kobiet ceni\u0105cych wygod\u0119 i oryginalno\u015b\u0107.<\/p>\n\n\n\n<p>Ciekaw\u0105 opcj\u0105 b\u0119d\u0105 r\u00f3wnie\u017c stylizacje z cekinow\u0105 sp\u00f3dnic\u0105 midi. Je\u015bli nie jeste\u015b fank\u0105 d\u0142ugo\u015bci mini albo nie czujesz si\u0119 dobrze w dopasowanych sukienkach, to rozwi\u0105zanie mo\u017ce by\u0107 dla Ciebie strza\u0142em w dziesi\u0105tk\u0119. Plisowana sp\u00f3dnica z cekinami pi\u0119knie uk\u0142ada si\u0119 w ruchu, zapewnia wygod\u0119, a jednocze\u015bnie robi niesamowite wra\u017cenie \u2013 zw\u0142aszcza w po\u0142\u0105czeniu z mi\u0119kkim swetrem lub lekk\u0105, satynow\u0105 bluzk\u0105. Dzi\u0119ki takim zestawom mo\u017cesz uzyska\u0107 efekt wow bez potrzeby rezygnowania z w\u0142asnego stylu i komfortu. Wybieraj\u0105c ubrania na sylwestra, kieruj si\u0119 nie tylko obowi\u0105zuj\u0105cymi trendami, ale te\u017c tym, co sprawia, \u017ce czujesz si\u0119 pewnie i wyj\u0105tkowo.<\/p>\n\n\n\n<p>Stylizacja na sylwestra nie musi by\u0107 przewidywalna. Je\u015bli czujesz, \u017ce klasyczna cekinowa sukienka to nie Twoja bajka, nie b\u00f3j si\u0119 si\u0119ga\u0107 po inne fasony i formy b\u0142ysku. W ko\u0144cu sylwester to doskona\u0142a okazja do tego, by pobawi\u0107 si\u0119 mod\u0105 i zab\u0142ysn\u0105\u0107 \u2013 dos\u0142ownie i w przeno\u015bni. Niech cekinowy top, po\u0142yskuj\u0105ce spodnie albo elegancka marynarka stan\u0105 si\u0119 fundamentem Twojej wyj\u0105tkowej stylizacji. B\u0142yszcz\u0105ce elementy nie musz\u0105 krzycze\u0107 \u2013 wystarczy jeden mocny akcent, by stylizacja zyska\u0142a od\u015bwi\u0119tny charakter i klas\u0119. To doskona\u0142y wyb\u00f3r dla ka\u017cdej kobiety, kt\u00f3ra chce b\u0142yszcze\u0107 z umiarem, ale nie traci\u0107 przy tym nic ze swojej osobowo\u015bci.<\/p>\n\n\n\r\n<div class=\"product-block-container swiper mySwiperProductBlock\">\r\n    <div class=\"product-block-swiper swiper-wrapper\">\r\n                    <div class=\"swiper-slide product-block-item\" data-id=\"147651\">\r\n                <a href=\"https:\/\/bialcon.pl\/czarne-spodnico-spodnie-ze-szlufkami-i-gumka?utm_source=blog&utm_medium=poradystylistki&utm_campaign=131225\" class=\"product-block-url\" target=\"_blank\">\r\n                    <div class=\"product-block-image\">\r\n                        <img decoding=\"async\" width=\"300\" height=\"400\" src=\"https:\/\/bialcon.pl\/picture\/czarne-spodnico-spodnie-ze-szlufkami-i-gumka_1.jpg\" alt=\"Czarne sp\u00f3dnico-spodnie ze szlufkami i gumk\u0105\">\r\n                    <\/div>\r\n                    <div class=\"product-block-name\">\r\n                        <p>Czarne sp\u00f3dnico-spodnie ze szlufkami i gumk\u0105<\/p>\r\n                    <\/div>\r\n                <\/a>\r\n            <\/div>\r\n                    <div class=\"swiper-slide product-block-item\" data-id=\"147754\">\r\n                <a href=\"https:\/\/bialcon.pl\/czarne-zwiewne-spodnie-palazzo-w-eleganckim-stylu?utm_source=blog&utm_medium=poradystylistki&utm_campaign=131225\" class=\"product-block-url\" target=\"_blank\">\r\n                    <div class=\"product-block-image\">\r\n                        <img decoding=\"async\" width=\"300\" height=\"400\" src=\"https:\/\/bialcon.pl\/picture\/czarne-zwiewne-spodnie-palazzo-w-eleganckim-stylu_1.jpg\" alt=\"Czarne zwiewne spodnie palazzo w eleganckim stylu\">\r\n                    <\/div>\r\n                    <div class=\"product-block-name\">\r\n                        <p>Czarne zwiewne spodnie palazzo w eleganckim stylu<\/p>\r\n                    <\/div>\r\n                <\/a>\r\n            <\/div>\r\n                    <div class=\"swiper-slide product-block-item\" data-id=\"147773\">\r\n                <a href=\"https:\/\/bialcon.pl\/czarne-spodnie-w-kant-z-elastycznej-dzianiny?utm_source=blog&utm_medium=poradystylistki&utm_campaign=131225\" class=\"product-block-url\" target=\"_blank\">\r\n                    <div class=\"product-block-image\">\r\n                        <img decoding=\"async\" width=\"300\" height=\"400\" src=\"https:\/\/bialcon.pl\/picture\/czarne-spodnie-w-kant-z-elastycznej-dzianiny_1.jpg\" alt=\"Czarne spodnie w kant z elastycznej dzianiny\">\r\n                    <\/div>\r\n                    <div class=\"product-block-name\">\r\n                        <p>Czarne spodnie w kant z elastycznej dzianiny<\/p>\r\n                    <\/div>\r\n                <\/a>\r\n            <\/div>\r\n            <\/div>\r\n<\/div>\r\n\n\n\n\n<h2 class=\"wp-block-heading\"><span class=\"ez-toc-section\" id=\"Mala_czarna_na_sylwestra_%E2%80%93_uniwersalna_i_efektowna\"><\/span>Ma\u0142a czarna na sylwestra \u2013 uniwersalna i efektowna&nbsp;<span class=\"ez-toc-section-end\"><\/span><\/h2>\n\n\n\n<p>Czarna sukienka to must have ka\u017cdej kobiety, ale sylwester to doskona\u0142y moment, by klasyk\u0119 ubra\u0107 w now\u0105 form\u0119. Wybieraj\u0105c stylizacje na sylwestra z ma\u0142\u0105 czarn\u0105, warto postawi\u0107 na ciekawy detal \u2013 koronkowy dekolt, cekinowe wyko\u0144czenia, bufiaste r\u0119kawy lub asymetryczne ci\u0119cia. Czarna sukienka z cienkimi rami\u0105czkami w stylu slip dress \u015bwietnie komponuje si\u0119 z b\u0142yszcz\u0105cymi dodatkami, np. srebrnymi szpilkami czy metaliczn\u0105 kopert\u00f3wk\u0105. Je\u015bli wolisz klasyk\u0119 w bardziej eleganckim wydaniu, wybierz model z d\u0142ugim r\u0119kawem i zestaw go z wyrazist\u0105 bi\u017cuteri\u0105. Stylizacja na sylwestra nie musi by\u0107 skomplikowana \u2013 wystarczy klasyka w nowoczesnej ods\u0142onie.<\/p>\n\n\n\r\n<div class=\"product-block-container swiper mySwiperProductBlock\">\r\n    <div class=\"product-block-swiper swiper-wrapper\">\r\n                    <div class=\"swiper-slide product-block-item\" data-id=\"147693\">\r\n                <a href=\"https:\/\/bialcon.pl\/czarna-wiskozowa-sukienka-midi-na-ramiaczkach?utm_source=blog&utm_medium=poradystylistki&utm_campaign=131225\" class=\"product-block-url\" target=\"_blank\">\r\n                    <div class=\"product-block-image\">\r\n                        <img decoding=\"async\" width=\"300\" height=\"400\" src=\"https:\/\/bialcon.pl\/picture\/czarna-wiskozowa-sukienka-midi-na-ramiaczkach_1.jpg\" alt=\"Czarna wiskozowa sukienka midi na rami\u0105czkach\">\r\n                    <\/div>\r\n                    <div class=\"product-block-name\">\r\n                        <p>Czarna wiskozowa sukienka midi na rami\u0105czkach<\/p>\r\n                    <\/div>\r\n                <\/a>\r\n            <\/div>\r\n                    <div class=\"swiper-slide product-block-item\" data-id=\"147584\">\r\n                <a href=\"https:\/\/bialcon.pl\/czarna-sukienka-z-gumka-w-talii?utm_source=blog&utm_medium=poradystylistki&utm_campaign=131225\" class=\"product-block-url\" target=\"_blank\">\r\n                    <div class=\"product-block-image\">\r\n                        <img decoding=\"async\" width=\"300\" height=\"400\" src=\"https:\/\/bialcon.pl\/picture\/czarna-sukienka-z-gumka-w-talii_2.jpg\" alt=\"Czarna sukienka z gumk\u0105 w talii\">\r\n                    <\/div>\r\n                    <div class=\"product-block-name\">\r\n                        <p>Czarna sukienka z gumk\u0105 w talii<\/p>\r\n                    <\/div>\r\n                <\/a>\r\n            <\/div>\r\n                    <div class=\"swiper-slide product-block-item\" data-id=\"147722\">\r\n                <a href=\"https:\/\/bialcon.pl\/czarna-dzianinowa-sukienka-w-rozowe-kwiaty?utm_source=blog&utm_medium=poradystylistki&utm_campaign=131225\" class=\"product-block-url\" target=\"_blank\">\r\n                    <div class=\"product-block-image\">\r\n                        <img decoding=\"async\" width=\"300\" height=\"400\" src=\"https:\/\/bialcon.pl\/picture\/czarna-dzianinowa-sukienka-w-rozowe-kwiaty.jpg\" alt=\"Czarna dzianinowa sukienka w r\u00f3\u017cowe kwiaty\">\r\n                    <\/div>\r\n                    <div class=\"product-block-name\">\r\n                        <p>Czarna dzianinowa sukienka w r\u00f3\u017cowe kwiaty<\/p>\r\n                    <\/div>\r\n                <\/a>\r\n            <\/div>\r\n            <\/div>\r\n<\/div>\r\n\n\n\n\n<h2 class=\"wp-block-heading\"><span class=\"ez-toc-section\" id=\"Stylizacje_na_bal_sylwestrowy_%E2%80%93_pelna_elegancji_i_szyku\"><\/span>Stylizacje na bal sylwestrowy \u2013 pe\u0142na elegancji i szyku&nbsp;<span class=\"ez-toc-section-end\"><\/span><\/h2>\n\n\n\n<p>Bal sylwestrowy rz\u0105dzi si\u0119 swoimi prawami \u2013 tu liczy si\u0119 elegancja, szyk i spektakularna kreacja. W takich sytuacjach najlepszym wyborem b\u0119dzie d\u0142uga sukienka z lej\u0105cej tkaniny, np. weluru, jedwabiu lub satyny. Postaw na g\u0142\u0119bokie kolory \u2013 butelkow\u0105 ziele\u0144, burgund, granat albo klasyczn\u0105 czer\u0144. Sukienka powinna podkre\u015bla\u0107 sylwetk\u0119, ale nie kr\u0119powa\u0107 ruch\u00f3w \u2013 w ko\u0144cu planujesz przeta\u0144czy\u0107 ca\u0142\u0105 noc. Mo\u017cesz r\u00f3wnie\u017c zdecydowa\u0107 si\u0119 na kreacj\u0119 z rozci\u0119ciem na nodze, kt\u00f3ra doda ca\u0142o\u015bci lekko\u015bci i zmys\u0142owo\u015bci. D\u0142ugie kolczyki, elegancka torebka i delikatna fryzura dope\u0142niaj\u0105 ca\u0142o\u015b\u0107, nadaj\u0105c Twojemu outfitowi wyj\u0105tkowy charakter.<\/p>\n\n\n\n<h2 class=\"wp-block-heading\"><span class=\"ez-toc-section\" id=\"Stylizacja_na_domowke_%E2%80%93_jak_ubrac_sie_modnie_i_wygodnie\"><\/span>Stylizacja na dom\u00f3wk\u0119 \u2013 jak ubra\u0107 si\u0119 modnie i wygodnie?&nbsp;<span class=\"ez-toc-section-end\"><\/span><\/h2>\n\n\n\n<p>Nie ka\u017cda impreza sylwestrowa to bal z czerwonym dywanem. Na dom\u00f3wce r\u00f3wnie\u017c warto wygl\u0105da\u0107 stylowo, ale z nut\u0105 luzu. \u015awietnym rozwi\u0105zaniem b\u0119dzie stylizacja w duchu smart casual \u2013 po\u0142\u0105czenie elegancji z wygod\u0105. Mo\u017cesz za\u0142o\u017cy\u0107 cekinow\u0105 sukienk\u0119 mini i narzuci\u0107 na ni\u0105 oversizowy sweter lub marynark\u0119. Dobrym wyborem b\u0119dzie te\u017c zestaw: efektowny top, czarne spodnie i szpilki. Domowa atmosfera pozwala na wi\u0119ksz\u0105 swobod\u0119 w doborze stroju, ale warto zadba\u0107 o detale \u2013 b\u0142yszcz\u0105ce kolczyki, eleganck\u0105 opask\u0119 na w\u0142osy czy modny makija\u017c. Je\u015bli wybierasz spodnie, pami\u0119taj, \u017ce wci\u0105\u017c mog\u0105 by\u0107 bardzo kobiece \u2013 wystarczy dobra\u0107 do nich koronkow\u0105 bluzk\u0119 lub koszul\u0119 z bufiastymi r\u0119kawami.<\/p>\n\n\n\r\n<div class=\"product-block-container swiper mySwiperProductBlock\">\r\n    <div class=\"product-block-swiper swiper-wrapper\">\r\n                    <div class=\"swiper-slide product-block-item\" data-id=\"147688\">\r\n                <a href=\"https:\/\/bialcon.pl\/letnia-luzna-bluzka-w-brazowe-kwiaty?utm_source=blog&utm_medium=poradystylistki&utm_campaign=131225\" class=\"product-block-url\" target=\"_blank\">\r\n                    <div class=\"product-block-image\">\r\n                        <img decoding=\"async\" width=\"300\" height=\"400\" src=\"https:\/\/bialcon.pl\/picture\/letnia-luzna-bluzka-w-brazowe-kwiaty_1.jpg\" alt=\"Letnia lu\u017ana bluzka w br\u0105zowe kwiaty\">\r\n                    <\/div>\r\n                    <div class=\"product-block-name\">\r\n                        <p>Letnia lu\u017ana bluzka w br\u0105zowe kwiaty<\/p>\r\n                    <\/div>\r\n                <\/a>\r\n            <\/div>\r\n                    <div class=\"swiper-slide product-block-item\" data-id=\"147612\">\r\n                <a href=\"https:\/\/bialcon.pl\/pudelkowa-bluzka-z-dopasowanym-rekawem-34?utm_source=blog&utm_medium=poradystylistki&utm_campaign=131225\" class=\"product-block-url\" target=\"_blank\">\r\n                    <div class=\"product-block-image\">\r\n                        <img decoding=\"async\" width=\"300\" height=\"400\" src=\"https:\/\/bialcon.pl\/picture\/pudelkowa-bluzka-z-dopasowanym-rekawem-34_1.jpg\" alt=\"Pude\u0142kowa bluzka z dopasowanym r\u0119kawem 3\/4\">\r\n                    <\/div>\r\n                    <div class=\"product-block-name\">\r\n                        <p>Pude\u0142kowa bluzka z dopasowanym r\u0119kawem 3\/4<\/p>\r\n                    <\/div>\r\n                <\/a>\r\n            <\/div>\r\n                    <div class=\"swiper-slide product-block-item\" data-id=\"147623\">\r\n                <a href=\"https:\/\/bialcon.pl\/kopertowa-dzianinowa-bluzka-z-marszczeniem?utm_source=blog&utm_medium=poradystylistki&utm_campaign=131225\" class=\"product-block-url\" target=\"_blank\">\r\n                    <div class=\"product-block-image\">\r\n                        <img decoding=\"async\" width=\"300\" height=\"400\" src=\"https:\/\/bialcon.pl\/picture\/kopertowa-dzianinowa-bluzka-z-marszczeniem_1.jpg\" alt=\"Kopertowa dzianinowa bluzka z marszczeniem\">\r\n                    <\/div>\r\n                    <div class=\"product-block-name\">\r\n                        <p>Kopertowa dzianinowa bluzka z marszczeniem<\/p>\r\n                    <\/div>\r\n                <\/a>\r\n            <\/div>\r\n            <\/div>\r\n<\/div>\r\n\n\n\n\n<h2 class=\"wp-block-heading\"><span class=\"ez-toc-section\" id=\"Czym_zastapic_sukienke_na_sylwestra_Stylowe_alternatywy\"><\/span>Czym zast\u0105pi\u0107 sukienk\u0119 na sylwestra? Stylowe alternatywy&nbsp;<span class=\"ez-toc-section-end\"><\/span><\/h2>\n\n\n\n<p>Nie ka\u017cda kobieta czuje si\u0119 dobrze w sukience \u2013 na szcz\u0119\u015bcie stylizacja na sylwestra mo\u017ce opiera\u0107 si\u0119 tak\u017ce na innych elementach garderoby. \u015awietnym rozwi\u0105zaniem b\u0119dzie elegancki kombinezon \u2013 najlepiej z zaznaczon\u0105 tali\u0105 i dekoltem w serek, kt\u00f3ry optycznie wysmukli sylwetk\u0119. Mo\u017cesz te\u017c postawi\u0107 na zestaw: szykowne spodnie z wysokim stanem, bia\u0142\u0105 koszul\u0119 i cekinow\u0105 marynark\u0119. To doskona\u0142y wyb\u00f3r dla kobiet, kt\u00f3re ceni\u0105 minimalizm i elegancj\u0119. Nie musisz rezygnowa\u0107 z efektu wow \u2013 wystarcz\u0105 odpowiednie dodatki: kolczyki, kt\u00f3re przyci\u0105gaj\u0105 spojrzenie, po\u0142yskuj\u0105ce szpilki i torebka w kontrastowym kolorze. Taka stylizacja b\u0119dzie idealna na imprez\u0119 sylwestrow\u0105 w klubie, restauracji czy nawet na \u015bwie\u017cym powietrzu.<\/p>\n\n\n\r\n<div class=\"product-block-container swiper mySwiperProductBlock\">\r\n    <div class=\"product-block-swiper swiper-wrapper\">\r\n                    <div class=\"swiper-slide product-block-item\" data-id=\"147552\">\r\n                <a href=\"https:\/\/bialcon.pl\/chabrowy-zwiewny-kombinezon-z-szerokimi-nogawkami?utm_source=blog&utm_medium=poradystylistki&utm_campaign=131225\" class=\"product-block-url\" target=\"_blank\">\r\n                    <div class=\"product-block-image\">\r\n                        <img decoding=\"async\" width=\"300\" height=\"400\" src=\"https:\/\/bialcon.pl\/picture\/chabrowy-zwiewny-kombinezon-z-szerokimi-nogawkami_2.jpg\" alt=\"Chabrowy zwiewny kombinezon z szerokimi nogawkami\">\r\n                    <\/div>\r\n                    <div class=\"product-block-name\">\r\n                        <p>Chabrowy zwiewny kombinezon z szerokimi nogawkami<\/p>\r\n                    <\/div>\r\n                <\/a>\r\n            <\/div>\r\n                    <div class=\"swiper-slide product-block-item\" data-id=\"147486\">\r\n                <a href=\"https:\/\/bialcon.pl\/szykowny-dlugi-kombinezon-ecru-z-kwiatami-3d?utm_source=blog&utm_medium=poradystylistki&utm_campaign=131225\" class=\"product-block-url\" target=\"_blank\">\r\n                    <div class=\"product-block-image\">\r\n                        <img decoding=\"async\" width=\"300\" height=\"400\" src=\"https:\/\/bialcon.pl\/picture\/szykowny-dlugi-kombinezon-ecru-z-kwiatami-3d_1.jpg\" alt=\"Szykowny d\u0142ugi kombinezon ecru z kwiatami 3D\">\r\n                    <\/div>\r\n                    <div class=\"product-block-name\">\r\n                        <p>Szykowny d\u0142ugi kombinezon ecru z kwiatami 3D<\/p>\r\n                    <\/div>\r\n                <\/a>\r\n            <\/div>\r\n                    <div class=\"swiper-slide product-block-item\" data-id=\"146999\">\r\n                <a href=\"https:\/\/bialcon.pl\/zwiewny-bordowy-kombinezon-z-elastyczna-talia-i-kopertowym-dekoltem?utm_source=blog&utm_medium=poradystylistki&utm_campaign=131225\" class=\"product-block-url\" target=\"_blank\">\r\n                    <div class=\"product-block-image\">\r\n                        <img decoding=\"async\" width=\"300\" height=\"400\" src=\"https:\/\/bialcon.pl\/picture\/zwiewny-bordowy-kombinezon-z-elastyczna-talia-i-kopertowym-dekoltem_1.jpg\" alt=\"Zwiewny bordowy kombinezon z elastyczn\u0105 tali\u0105 i kopertowym dekoltem\">\r\n                    <\/div>\r\n                    <div class=\"product-block-name\">\r\n                        <p>Zwiewny bordowy kombinezon z elastyczn\u0105 tali\u0105 i kopertowym dekoltem<\/p>\r\n                    <\/div>\r\n                <\/a>\r\n            <\/div>\r\n            <\/div>\r\n<\/div>\r\n\n\n\n\n<h2 class=\"wp-block-heading\"><span class=\"ez-toc-section\" id=\"Meskie_stylizacje_sylwestrowe_%E2%80%93_klasyka_w_nowoczesnym_wydaniu\"><\/span>M\u0119skie stylizacje sylwestrowe \u2013 klasyka w nowoczesnym wydaniu&nbsp;<span class=\"ez-toc-section-end\"><\/span><\/h2>\n\n\n\n<p>Cho\u0107 kobiece stylizacje sylwestrowe przyci\u0105gaj\u0105 uwag\u0119, warto pami\u0119ta\u0107 r\u00f3wnie\u017c o panach. M\u0119skie stylizacje na sylwestra to przede wszystkim klasyka z nut\u0105 indywidualizmu. Idealnym rozwi\u0105zaniem b\u0119dzie garnitur \u2013 ciemny, dopasowany, z eleganck\u0105 koszul\u0105. Zamiast klasycznej czerni, warto postawi\u0107 na granat lub grafit. Je\u015bli impreza ma mniej formalny charakter, mo\u017cna zdecydowa\u0107 si\u0119 na stylizacj\u0119 w duchu smart casual \u2013 chinosy, koszula i marynarka. Ciekawym akcentem b\u0119d\u0105 spinki do mankiet\u00f3w, krawat z subtelnym po\u0142yskiem lub oryginalna mucha. M\u0119\u017cczy\u017ani r\u00f3wnie\u017c mog\u0105 pozwoli\u0107 sobie na b\u0142ysk \u2013 np. poprzez elegancki zegarek czy lakierowane buty.<\/p>\n\n\n\n<h2 class=\"wp-block-heading\"><span class=\"ez-toc-section\" id=\"Stylizacja_na_sylwestra_w_stylu_glamour_%E2%80%93_pelna_blasku_i_szyku\"><\/span>Stylizacja na sylwestra w stylu glamour \u2013 pe\u0142na blasku i szyku&nbsp;<span class=\"ez-toc-section-end\"><\/span><\/h2>\n\n\n\n<p>Styl glamour to po\u0142\u0105czenie luksusu, elegancji i \u015bmia\u0142o\u015bci. Je\u015bli chcesz poczu\u0107 si\u0119 jak gwiazda czerwonego dywanu, postaw na sukienk\u0119 z cekinami, brokatem lub satynowym po\u0142yskiem. Dobrze sprawdz\u0105 si\u0119 fasony z odkrytymi ramionami, g\u0142\u0119bokim dekoltem lub rozci\u0119ciem na nodze. Sylwestrowy look w stylu glamour nie obejdzie si\u0119 bez mocnej bi\u017cuterii \u2013 kolczyk\u00f3w typu chandelier, bransoletek i ozdobnych pier\u015bcionk\u00f3w. Buty? Oczywi\u015bcie szpilki \u2013 najlepiej w metalicznym odcieniu. Tego typu stylizacje s\u0105 idealne na wi\u0119ksze imprezy, bale czy wyj\u015bcia do eleganckich lokali. Wa\u017cne, by w blasku nie zapomnie\u0107 o wygodzie \u2013 b\u0142yszcz, ale z klas\u0105.<\/p>\n\n\n\r\n<div class=\"product-block-container swiper mySwiperProductBlock\">\r\n    <div class=\"product-block-swiper swiper-wrapper\">\r\n                    <div class=\"swiper-slide product-block-item\" data-id=\"147707\">\r\n                <a href=\"https:\/\/bialcon.pl\/broszka-kwiat-z-czarnego-tiulu?utm_source=blog&utm_medium=poradystylistki&utm_campaign=131225\" class=\"product-block-url\" target=\"_blank\">\r\n                    <div class=\"product-block-image\">\r\n                        <img decoding=\"async\" width=\"300\" height=\"400\" src=\"https:\/\/bialcon.pl\/picture\/broszka-kwiat-czarny.jpg\" alt=\"Broszka kwiat z czarnego tiulu\">\r\n                    <\/div>\r\n                    <div class=\"product-block-name\">\r\n                        <p>Broszka kwiat z czarnego tiulu<\/p>\r\n                    <\/div>\r\n                <\/a>\r\n            <\/div>\r\n                    <div class=\"swiper-slide product-block-item\" data-id=\"147656\">\r\n                <a href=\"https:\/\/bialcon.pl\/stylowa-broszka-z-efektowym-zielonym-kamieniem?utm_source=blog&utm_medium=poradystylistki&utm_campaign=131225\" class=\"product-block-url\" target=\"_blank\">\r\n                    <div class=\"product-block-image\">\r\n                        <img decoding=\"async\" width=\"300\" height=\"400\" src=\"https:\/\/bialcon.pl\/picture\/broszka-br97494.jpeg\" alt=\"Stylowa broszka z efektowym zielonym kamieniem\">\r\n                    <\/div>\r\n                    <div class=\"product-block-name\">\r\n                        <p>Stylowa broszka z efektowym zielonym kamieniem<\/p>\r\n                    <\/div>\r\n                <\/a>\r\n            <\/div>\r\n                    <div class=\"swiper-slide product-block-item\" data-id=\"147658\">\r\n                <a href=\"https:\/\/bialcon.pl\/bransoletka-z-metalu-szczotkowanego-i-skory-naturalnej?utm_source=blog&utm_medium=poradystylistki&utm_campaign=131225\" class=\"product-block-url\" target=\"_blank\">\r\n                    <div class=\"product-block-image\">\r\n                        <img decoding=\"async\" width=\"300\" height=\"400\" src=\"https:\/\/bialcon.pl\/picture\/bransoletka-z-metalu-szczotkowanego-i-skory-naturalnej.jpeg\" alt=\"Bransoletka z metalu szczotkowanego i sk\u00f3ry naturalnej\">\r\n                    <\/div>\r\n                    <div class=\"product-block-name\">\r\n                        <p>Bransoletka z metalu szczotkowanego i sk\u00f3ry naturalnej<\/p>\r\n                    <\/div>\r\n                <\/a>\r\n            <\/div>\r\n            <\/div>\r\n<\/div>\r\n\n\n\n\n<h2 class=\"wp-block-heading\"><span class=\"ez-toc-section\" id=\"Jak_dobrac_dodatki_do_sylwestrowej_stylizacji\"><\/span>Jak dobra\u0107 dodatki do sylwestrowej stylizacji?&nbsp;<span class=\"ez-toc-section-end\"><\/span><\/h2>\n\n\n\n<p>Dodatki odgrywaj\u0105 ogromn\u0105 rol\u0119 w stylizacji na sylwestra. To one nadaj\u0105 ton ca\u0142emu outfitowi, podkre\u015blaj\u0105 jego charakter i dodaj\u0105 elegancji. Postaw na b\u0142yszcz\u0105ce akcenty \u2013 kolczyki z cyrkoniami, metaliczne torebki, bi\u017cuteryjne opaski do w\u0142os\u00f3w. W ch\u0142odniejsze wieczory sprawdzi si\u0119 tak\u017ce eleganckie okrycie \u2013 p\u0142aszcz lub futerko. Nie zapomnij o odpowiednim obuwiu \u2013 najlepiej wybra\u0107 szpilki, ale na mniej formalne imprezy sprawdz\u0105 si\u0119 te\u017c baleriny lub botki na s\u0142upku. Pami\u0119taj, \u017ce dodatki powinny by\u0107 sp\u00f3jne z ca\u0142o\u015bci\u0105 \u2013 je\u015bli sukienka jest bardzo ozdobna, nie przesadzaj z bi\u017cuteri\u0105. Minimalizm mo\u017ce by\u0107 r\u00f3wnie efektowny.<\/p>\n\n\n\n<h2 class=\"wp-block-heading\"><span class=\"ez-toc-section\" id=\"Jak_blyszczec_z_klasa_i_czuc_sie_soba_w_sylwestrowej_stylizacji\"><\/span>Jak b\u0142yszcze\u0107 z klas\u0105 i czu\u0107 si\u0119 sob\u0105 w sylwestrowej stylizacji?&nbsp;<span class=\"ez-toc-section-end\"><\/span><\/h2>\n\n\n\n<p>Niezale\u017cnie od tego, czy wybierzesz klasyczn\u0105 ma\u0142\u0105 czarn\u0105, cekinow\u0105 sukienk\u0119, czy elegancki kombinezon \u2013 najwa\u017cniejsze, by\u015b czu\u0142a si\u0119 sob\u0105. Stylizacja na sylwestra to nie przebranie, tylko przed\u0142u\u017cenie Twojego stylu i osobowo\u015bci. Je\u015bli nie przepadasz za cekinami \u2013 wybierz matow\u0105 tkanin\u0119 z ciekawym krojem. Je\u015bli nie lubisz wysokich obcas\u00f3w \u2013 postaw na modne baleriny lub niskie botki. Styl sylwestrowy to idealna okazja, by poeksperymentowa\u0107 z mod\u0105, ale zawsze na w\u0142asnych zasadach. B\u0142yszcz z klas\u0105, ale nie zapominaj o wygodzie i o tym, \u017ce to Ty jeste\u015b najwa\u017cniejszym elementem ka\u017cdej stylizacji.<\/p>\n\n\n\n<h2 class=\"wp-block-heading\"><span class=\"ez-toc-section\" id=\"Sylwestrowe_inspiracje_z_czerwonego_dywanu_%E2%80%93_jak_robia_to_gwiazdy\"><\/span>Sylwestrowe inspiracje z czerwonego dywanu \u2013 jak robi\u0105 to gwiazdy?&nbsp;<span class=\"ez-toc-section-end\"><\/span><\/h2>\n\n\n\n<p>Potrzebujesz inspiracji? Sp\u00f3jrz na stylizacje celebrytek, kt\u00f3re doskonale wiedz\u0105, jak b\u0142yszcze\u0107 z klas\u0105. Blake Lively cz\u0119sto wybiera cekinowe sukienki w stylu glamour z wyra\u017anie podkre\u015blon\u0105 tali\u0105 i eleganckim upi\u0119ciem w\u0142os\u00f3w. Zendaya stawia na nowoczesne, minimalistyczne formy \u2013 np. bia\u0142\u0105 koszul\u0119 z szerokimi spodniami i metalicznym makija\u017cem. Jennifer Lopez to mistrzyni stylizacji sylwestrowych \u2013 jej b\u0142yszcz\u0105ce sukienki z odwa\u017cnymi rozci\u0119ciami to doskona\u0142y przyk\u0142ad po\u0142\u0105czenia seksapilu i elegancji. Polskie gwiazdy r\u00f3wnie\u017c potrafi\u0105 zachwyca\u0107 \u2013 Ma\u0142gorzata Ko\u017cuchowska cz\u0119sto wybiera klasyczne kreacje z mocnym akcentem, np. w postaci bi\u017cuterii lub koloru. Wzoruj\u0105c si\u0119 na znanych osobisto\u015bciach, \u0142atwiej stworzy\u0107 look, kt\u00f3ry b\u0119dzie jednocze\u015bnie modny i zgodny z naszym charakterem.<\/p>\n\n\n\n<h2 class=\"wp-block-heading\"><span class=\"ez-toc-section\" id=\"Podsumowanie_blyszcz_ale_na_wlasnych_zasadach\"><\/span>Podsumowanie: b\u0142yszcz, ale na w\u0142asnych zasadach&nbsp;<span class=\"ez-toc-section-end\"><\/span><\/h2>\n\n\n\n<p>Sylwester to wyj\u0105tkowa noc \u2013 pe\u0142na rado\u015bci, emocji i nadziei na nowy pocz\u0105tek. Stylizacja na sylwestra powinna oddawa\u0107 ten nastr\u00f3j, podkre\u015bla\u0107 Twoj\u0105 osobowo\u015b\u0107 i zapewnia\u0107 wygod\u0119. Niezale\u017cnie od tego, czy wybierasz cekinow\u0105 sukienk\u0119 mini, slip dress, czy szykowny komplet \u2013 pami\u0119taj, \u017ce najwa\u017cniejsze jest to, jak si\u0119 w nim czujesz. W ofercie marki Bialcon znajdziesz eleganckie sukienki, szykowne bluzki i marynarki, kt\u00f3re pozwol\u0105 Ci stworzy\u0107 niepowtarzalny look na t\u0119 wyj\u0105tkow\u0105 okazj\u0119. Postaw na jako\u015b\u0107, kobieco\u015b\u0107 i styl \u2013 i przywitaj Nowy Rok z klas\u0105.<\/p>\n","protected":false},"excerpt":{"rendered":"<p>Sylwester to doskona\u0142a okazja, by pozwoli\u0107 sobie na wi\u0119cej \u2013 wi\u0119cej blasku, odwagi w stylizacjach i pewno\u015bci siebie. Niezale\u017cnie od tego, czy wybierasz si\u0119 na bal sylwestrowy, dom\u00f3wk\u0119 z przyjaci\u00f3\u0142mi czy wiecz\u00f3r w stylu glamour, odpowiednio dobrana stylizacja na sylwestra pozwoli Ci czu\u0107 si\u0119 wyj\u0105tkowo przez ca\u0142\u0105 noc. W tym artykule podpowiemy, jak si\u0119 ubra\u0107 [&hellip;]<\/p>\n","protected":false},"author":8,"featured_media":12740,"comment_status":"closed","ping_status":"open","sticky":false,"template":"","format":"standard","meta":{"_acf_changed":false,"site-sidebar-layout":"default","site-content-layout":"","ast-site-content-layout":"default","site-content-style":"default","site-sidebar-style":"default","ast-global-header-display":"","ast-banner-title-visibility":"","ast-main-header-display":"","ast-hfb-above-header-display":"","ast-hfb-below-header-display":"","ast-hfb-mobile-header-display":"","site-post-title":"","ast-breadcrumbs-content":"","ast-featured-img":"","footer-sml-layout":"","theme-transparent-header-meta":"","adv-header-id-meta":"","stick-header-meta":"","header-above-stick-meta":"","header-main-stick-meta":"","header-below-stick-meta":"","astra-migrate-meta-layouts":"set","ast-page-background-enabled":"default","ast-page-background-meta":{"desktop":{"background-color":"","background-image":"","background-repeat":"repeat","background-position":"center center","background-size":"auto","background-attachment":"scroll","background-type":"","background-media":"","overlay-type":"","overlay-color":"","overlay-opacity":"","overlay-gradient":""},"tablet":{"background-color":"","background-image":"","background-repeat":"repeat","background-position":"center center","background-size":"auto","background-attachment":"scroll","background-type":"","background-media":"","overlay-type":"","overlay-color":"","overlay-opacity":"","overlay-gradient":""},"mobile":{"background-color":"","background-image":"","background-repeat":"repeat","background-position":"center center","background-size":"auto","background-attachment":"scroll","background-type":"","background-media":"","overlay-type":"","overlay-color":"","overlay-opacity":"","overlay-gradient":""}},"ast-content-background-meta":{"desktop":{"background-color":"var(--ast-global-color-5)","background-image":"","background-repeat":"repeat","background-position":"center center","background-size":"auto","background-attachment":"scroll","background-type":"","background-media":"","overlay-type":"","overlay-color":"","overlay-opacity":"","overlay-gradient":""},"tablet":{"background-color":"var(--ast-global-color-5)","background-image":"","background-repeat":"repeat","background-position":"center center","background-size":"auto","background-attachment":"scroll","background-type":"","background-media":"","overlay-type":"","overlay-color":"","overlay-opacity":"","overlay-gradient":""},"mobile":{"background-color":"var(--ast-global-color-5)","background-image":"","background-repeat":"repeat","background-position":"center center","background-size":"auto","background-attachment":"scroll","background-type":"","background-media":"","overlay-type":"","overlay-color":"","overlay-opacity":"","overlay-gradient":""}},"footnotes":""},"categories":[10,14],"tags":[],"class_list":["post-12739","post","type-post","status-publish","format-standard","has-post-thumbnail","hentry","category-porady-stylistki","category-wszystkie-wpisy"],"acf":[],"yoast_head":"<!-- This site is optimized with the Yoast SEO plugin v27.4 - https:\/\/yoast.com\/product\/yoast-seo-wordpress\/ -->\n<title>Stylizacja na sylwestra \u2013 jak b\u0142yszcze\u0107 z klas\u0105 i czu\u0107 si\u0119 sob\u0105? - Bialcon<\/title>\n<meta name=\"description\" content=\"Stylizacja na sylwestra? Odkryj, jak b\u0142yszcze\u0107 z klas\u0105, czu\u0107 si\u0119 sob\u0105 i stworzy\u0107 idealny look na dom\u00f3wk\u0119, bal lub imprez\u0119. Sprawd\u017a propozycje Bialcon!\" \/>\n<meta name=\"robots\" content=\"index, follow, max-snippet:-1, max-image-preview:large, max-video-preview:-1\" \/>\n<link rel=\"canonical\" href=\"https:\/\/bialcon.pl\/blog\/stylizacja-na-sylwestra\/\" \/>\n<meta name=\"twitter:label1\" content=\"Napisane przez\" \/>\n\t<meta name=\"twitter:data1\" content=\"Marta Osuch\" \/>\n\t<meta name=\"twitter:label2\" content=\"Szacowany czas czytania\" \/>\n\t<meta name=\"twitter:data2\" content=\"11 minut\" \/>\n<script type=\"application\/ld+json\" class=\"yoast-schema-graph\">{\"@context\":\"https:\\\/\\\/schema.org\",\"@graph\":[{\"@type\":\"Article\",\"@id\":\"https:\\\/\\\/bialcon.pl\\\/blog\\\/stylizacja-na-sylwestra\\\/#article\",\"isPartOf\":{\"@id\":\"https:\\\/\\\/bialcon.pl\\\/blog\\\/stylizacja-na-sylwestra\\\/\"},\"author\":{\"name\":\"Marta Osuch\",\"@id\":\"https:\\\/\\\/bialcon.pl\\\/blog\\\/#\\\/schema\\\/person\\\/d607966042d507bd761f9e2cab07df62\"},\"headline\":\"Stylizacja na sylwestra \u2013 jak b\u0142yszcze\u0107 z klas\u0105 i czu\u0107 si\u0119 sob\u0105?\",\"datePublished\":\"2025-12-13T12:15:40+00:00\",\"dateModified\":\"2026-01-05T07:49:14+00:00\",\"mainEntityOfPage\":{\"@id\":\"https:\\\/\\\/bialcon.pl\\\/blog\\\/stylizacja-na-sylwestra\\\/\"},\"wordCount\":2226,\"image\":{\"@id\":\"https:\\\/\\\/bialcon.pl\\\/blog\\\/stylizacja-na-sylwestra\\\/#primaryimage\"},\"thumbnailUrl\":\"https:\\\/\\\/bialcon.pl\\\/blog\\\/wp-content\\\/uploads\\\/2025\\\/12\\\/Projekt-bez-nazwy-18.png\",\"articleSection\":[\"Porady Stylistki\",\"Wszystkie wpisy\"],\"inLanguage\":\"pl-PL\"},{\"@type\":\"WebPage\",\"@id\":\"https:\\\/\\\/bialcon.pl\\\/blog\\\/stylizacja-na-sylwestra\\\/\",\"url\":\"https:\\\/\\\/bialcon.pl\\\/blog\\\/stylizacja-na-sylwestra\\\/\",\"name\":\"Stylizacja na sylwestra \u2013 jak b\u0142yszcze\u0107 z klas\u0105 i czu\u0107 si\u0119 sob\u0105? - Bialcon\",\"isPartOf\":{\"@id\":\"https:\\\/\\\/bialcon.pl\\\/blog\\\/#website\"},\"primaryImageOfPage\":{\"@id\":\"https:\\\/\\\/bialcon.pl\\\/blog\\\/stylizacja-na-sylwestra\\\/#primaryimage\"},\"image\":{\"@id\":\"https:\\\/\\\/bialcon.pl\\\/blog\\\/stylizacja-na-sylwestra\\\/#primaryimage\"},\"thumbnailUrl\":\"https:\\\/\\\/bialcon.pl\\\/blog\\\/wp-content\\\/uploads\\\/2025\\\/12\\\/Projekt-bez-nazwy-18.png\",\"datePublished\":\"2025-12-13T12:15:40+00:00\",\"dateModified\":\"2026-01-05T07:49:14+00:00\",\"author\":{\"@id\":\"https:\\\/\\\/bialcon.pl\\\/blog\\\/#\\\/schema\\\/person\\\/d607966042d507bd761f9e2cab07df62\"},\"description\":\"Stylizacja na sylwestra? Odkryj, jak b\u0142yszcze\u0107 z klas\u0105, czu\u0107 si\u0119 sob\u0105 i stworzy\u0107 idealny look na dom\u00f3wk\u0119, bal lub imprez\u0119. Sprawd\u017a propozycje Bialcon!\",\"breadcrumb\":{\"@id\":\"https:\\\/\\\/bialcon.pl\\\/blog\\\/stylizacja-na-sylwestra\\\/#breadcrumb\"},\"inLanguage\":\"pl-PL\",\"potentialAction\":[{\"@type\":\"ReadAction\",\"target\":[\"https:\\\/\\\/bialcon.pl\\\/blog\\\/stylizacja-na-sylwestra\\\/\"]}]},{\"@type\":\"ImageObject\",\"inLanguage\":\"pl-PL\",\"@id\":\"https:\\\/\\\/bialcon.pl\\\/blog\\\/stylizacja-na-sylwestra\\\/#primaryimage\",\"url\":\"https:\\\/\\\/bialcon.pl\\\/blog\\\/wp-content\\\/uploads\\\/2025\\\/12\\\/Projekt-bez-nazwy-18.png\",\"contentUrl\":\"https:\\\/\\\/bialcon.pl\\\/blog\\\/wp-content\\\/uploads\\\/2025\\\/12\\\/Projekt-bez-nazwy-18.png\",\"width\":960,\"height\":850,\"caption\":\"Wizualizacja kobiety w cekinowej sukience na Sylwestra\"},{\"@type\":\"BreadcrumbList\",\"@id\":\"https:\\\/\\\/bialcon.pl\\\/blog\\\/stylizacja-na-sylwestra\\\/#breadcrumb\",\"itemListElement\":[{\"@type\":\"ListItem\",\"position\":1,\"name\":\"Strona g\u0142\u00f3wna\",\"item\":\"https:\\\/\\\/bialcon.pl\\\/blog\\\/\"},{\"@type\":\"ListItem\",\"position\":2,\"name\":\"Porady Stylistki\",\"item\":\"https:\\\/\\\/bialcon.pl\\\/blog\\\/porady-stylistki\\\/\"},{\"@type\":\"ListItem\",\"position\":3,\"name\":\"Stylizacja na sylwestra \u2013 jak b\u0142yszcze\u0107 z klas\u0105 i czu\u0107 si\u0119 sob\u0105?\"}]},{\"@type\":\"WebSite\",\"@id\":\"https:\\\/\\\/bialcon.pl\\\/blog\\\/#website\",\"url\":\"https:\\\/\\\/bialcon.pl\\\/blog\\\/\",\"name\":\"bialcon.pl\\\/blog\\\/\",\"description\":\"Fashion Blog w zasi\u0119gu Twojej r\u0119ki\",\"potentialAction\":[{\"@type\":\"SearchAction\",\"target\":{\"@type\":\"EntryPoint\",\"urlTemplate\":\"https:\\\/\\\/bialcon.pl\\\/blog\\\/?s={search_term_string}\"},\"query-input\":{\"@type\":\"PropertyValueSpecification\",\"valueRequired\":true,\"valueName\":\"search_term_string\"}}],\"inLanguage\":\"pl-PL\"},{\"@type\":\"Person\",\"@id\":\"https:\\\/\\\/bialcon.pl\\\/blog\\\/#\\\/schema\\\/person\\\/d607966042d507bd761f9e2cab07df62\",\"name\":\"Marta Osuch\",\"image\":{\"@type\":\"ImageObject\",\"inLanguage\":\"pl-PL\",\"@id\":\"https:\\\/\\\/secure.gravatar.com\\\/avatar\\\/e92ecceaeb1c6e5e7cf1d28eb4215cad69403014f340b8f5b576adf09b89be60?s=96&d=mm&r=g\",\"url\":\"https:\\\/\\\/secure.gravatar.com\\\/avatar\\\/e92ecceaeb1c6e5e7cf1d28eb4215cad69403014f340b8f5b576adf09b89be60?s=96&d=mm&r=g\",\"contentUrl\":\"https:\\\/\\\/secure.gravatar.com\\\/avatar\\\/e92ecceaeb1c6e5e7cf1d28eb4215cad69403014f340b8f5b576adf09b89be60?s=96&d=mm&r=g\",\"caption\":\"Marta Osuch\"},\"description\":\"Z wykszta\u0142cenia specjalistka ds. bezpiecze\u0144stwa narodowego, z pasji \u2014 tw\u00f3rczyni tre\u015bci i mi\u0142o\u015bniczka mody. Na co dzie\u0144 \u0142\u0105czy zami\u0142owanie do content marketingu z uwa\u017cn\u0105 obserwacj\u0105 trend\u00f3w, szczeg\u00f3lnie tych inspirowanych stylem najwi\u0119kszych gwiazd. Ch\u0119tnie podpatruje codzienne stylizacje i przek\u0142ada je na mod\u0119 blisk\u0105 \u017cyciu \u2014 kobiec\u0105, stylow\u0105 i pe\u0142n\u0105 charakteru. Prywatnie najch\u0119tniej si\u0119ga po krymina\u0142y i sp\u0119dza czas na spacerach z synkiem.\",\"sameAs\":[\"https:\\\/\\\/www.linkedin.com\\\/in\\\/marta-osuch-b71aa8186\\\/\"],\"url\":\"https:\\\/\\\/bialcon.pl\\\/blog\\\/author\\\/martao\\\/\"}]}<\/script>\n<!-- \/ Yoast SEO plugin. -->","yoast_head_json":{"title":"Stylizacja na sylwestra \u2013 jak b\u0142yszcze\u0107 z klas\u0105 i czu\u0107 si\u0119 sob\u0105? - Bialcon","description":"Stylizacja na sylwestra? Odkryj, jak b\u0142yszcze\u0107 z klas\u0105, czu\u0107 si\u0119 sob\u0105 i stworzy\u0107 idealny look na dom\u00f3wk\u0119, bal lub imprez\u0119. Sprawd\u017a propozycje Bialcon!","robots":{"index":"index","follow":"follow","max-snippet":"max-snippet:-1","max-image-preview":"max-image-preview:large","max-video-preview":"max-video-preview:-1"},"canonical":"https:\/\/bialcon.pl\/blog\/stylizacja-na-sylwestra\/","twitter_misc":{"Napisane przez":"Marta Osuch","Szacowany czas czytania":"11 minut"},"schema":{"@context":"https:\/\/schema.org","@graph":[{"@type":"Article","@id":"https:\/\/bialcon.pl\/blog\/stylizacja-na-sylwestra\/#article","isPartOf":{"@id":"https:\/\/bialcon.pl\/blog\/stylizacja-na-sylwestra\/"},"author":{"name":"Marta Osuch","@id":"https:\/\/bialcon.pl\/blog\/#\/schema\/person\/d607966042d507bd761f9e2cab07df62"},"headline":"Stylizacja na sylwestra \u2013 jak b\u0142yszcze\u0107 z klas\u0105 i czu\u0107 si\u0119 sob\u0105?","datePublished":"2025-12-13T12:15:40+00:00","dateModified":"2026-01-05T07:49:14+00:00","mainEntityOfPage":{"@id":"https:\/\/bialcon.pl\/blog\/stylizacja-na-sylwestra\/"},"wordCount":2226,"image":{"@id":"https:\/\/bialcon.pl\/blog\/stylizacja-na-sylwestra\/#primaryimage"},"thumbnailUrl":"https:\/\/bialcon.pl\/blog\/wp-content\/uploads\/2025\/12\/Projekt-bez-nazwy-18.png","articleSection":["Porady Stylistki","Wszystkie wpisy"],"inLanguage":"pl-PL"},{"@type":"WebPage","@id":"https:\/\/bialcon.pl\/blog\/stylizacja-na-sylwestra\/","url":"https:\/\/bialcon.pl\/blog\/stylizacja-na-sylwestra\/","name":"Stylizacja na sylwestra \u2013 jak b\u0142yszcze\u0107 z klas\u0105 i czu\u0107 si\u0119 sob\u0105? - Bialcon","isPartOf":{"@id":"https:\/\/bialcon.pl\/blog\/#website"},"primaryImageOfPage":{"@id":"https:\/\/bialcon.pl\/blog\/stylizacja-na-sylwestra\/#primaryimage"},"image":{"@id":"https:\/\/bialcon.pl\/blog\/stylizacja-na-sylwestra\/#primaryimage"},"thumbnailUrl":"https:\/\/bialcon.pl\/blog\/wp-content\/uploads\/2025\/12\/Projekt-bez-nazwy-18.png","datePublished":"2025-12-13T12:15:40+00:00","dateModified":"2026-01-05T07:49:14+00:00","author":{"@id":"https:\/\/bialcon.pl\/blog\/#\/schema\/person\/d607966042d507bd761f9e2cab07df62"},"description":"Stylizacja na sylwestra? Odkryj, jak b\u0142yszcze\u0107 z klas\u0105, czu\u0107 si\u0119 sob\u0105 i stworzy\u0107 idealny look na dom\u00f3wk\u0119, bal lub imprez\u0119. Sprawd\u017a propozycje Bialcon!","breadcrumb":{"@id":"https:\/\/bialcon.pl\/blog\/stylizacja-na-sylwestra\/#breadcrumb"},"inLanguage":"pl-PL","potentialAction":[{"@type":"ReadAction","target":["https:\/\/bialcon.pl\/blog\/stylizacja-na-sylwestra\/"]}]},{"@type":"ImageObject","inLanguage":"pl-PL","@id":"https:\/\/bialcon.pl\/blog\/stylizacja-na-sylwestra\/#primaryimage","url":"https:\/\/bialcon.pl\/blog\/wp-content\/uploads\/2025\/12\/Projekt-bez-nazwy-18.png","contentUrl":"https:\/\/bialcon.pl\/blog\/wp-content\/uploads\/2025\/12\/Projekt-bez-nazwy-18.png","width":960,"height":850,"caption":"Wizualizacja kobiety w cekinowej sukience na Sylwestra"},{"@type":"BreadcrumbList","@id":"https:\/\/bialcon.pl\/blog\/stylizacja-na-sylwestra\/#breadcrumb","itemListElement":[{"@type":"ListItem","position":1,"name":"Strona g\u0142\u00f3wna","item":"https:\/\/bialcon.pl\/blog\/"},{"@type":"ListItem","position":2,"name":"Porady Stylistki","item":"https:\/\/bialcon.pl\/blog\/porady-stylistki\/"},{"@type":"ListItem","position":3,"name":"Stylizacja na sylwestra \u2013 jak b\u0142yszcze\u0107 z klas\u0105 i czu\u0107 si\u0119 sob\u0105?"}]},{"@type":"WebSite","@id":"https:\/\/bialcon.pl\/blog\/#website","url":"https:\/\/bialcon.pl\/blog\/","name":"bialcon.pl\/blog\/","description":"Fashion Blog w zasi\u0119gu Twojej r\u0119ki","potentialAction":[{"@type":"SearchAction","target":{"@type":"EntryPoint","urlTemplate":"https:\/\/bialcon.pl\/blog\/?s={search_term_string}"},"query-input":{"@type":"PropertyValueSpecification","valueRequired":true,"valueName":"search_term_string"}}],"inLanguage":"pl-PL"},{"@type":"Person","@id":"https:\/\/bialcon.pl\/blog\/#\/schema\/person\/d607966042d507bd761f9e2cab07df62","name":"Marta Osuch","image":{"@type":"ImageObject","inLanguage":"pl-PL","@id":"https:\/\/secure.gravatar.com\/avatar\/e92ecceaeb1c6e5e7cf1d28eb4215cad69403014f340b8f5b576adf09b89be60?s=96&d=mm&r=g","url":"https:\/\/secure.gravatar.com\/avatar\/e92ecceaeb1c6e5e7cf1d28eb4215cad69403014f340b8f5b576adf09b89be60?s=96&d=mm&r=g","contentUrl":"https:\/\/secure.gravatar.com\/avatar\/e92ecceaeb1c6e5e7cf1d28eb4215cad69403014f340b8f5b576adf09b89be60?s=96&d=mm&r=g","caption":"Marta Osuch"},"description":"Z wykszta\u0142cenia specjalistka ds. bezpiecze\u0144stwa narodowego, z pasji \u2014 tw\u00f3rczyni tre\u015bci i mi\u0142o\u015bniczka mody. Na co dzie\u0144 \u0142\u0105czy zami\u0142owanie do content marketingu z uwa\u017cn\u0105 obserwacj\u0105 trend\u00f3w, szczeg\u00f3lnie tych inspirowanych stylem najwi\u0119kszych gwiazd. Ch\u0119tnie podpatruje codzienne stylizacje i przek\u0142ada je na mod\u0119 blisk\u0105 \u017cyciu \u2014 kobiec\u0105, stylow\u0105 i pe\u0142n\u0105 charakteru. Prywatnie najch\u0119tniej si\u0119ga po krymina\u0142y i sp\u0119dza czas na spacerach z synkiem.","sameAs":["https:\/\/www.linkedin.com\/in\/marta-osuch-b71aa8186\/"],"url":"https:\/\/bialcon.pl\/blog\/author\/martao\/"}]}},"_links":{"self":[{"href":"https:\/\/bialcon.pl\/blog\/wp-json\/wp\/v2\/posts\/12739","targetHints":{"allow":["GET"]}}],"collection":[{"href":"https:\/\/bialcon.pl\/blog\/wp-json\/wp\/v2\/posts"}],"about":[{"href":"https:\/\/bialcon.pl\/blog\/wp-json\/wp\/v2\/types\/post"}],"author":[{"embeddable":true,"href":"https:\/\/bialcon.pl\/blog\/wp-json\/wp\/v2\/users\/8"}],"replies":[{"embeddable":true,"href":"https:\/\/bialcon.pl\/blog\/wp-json\/wp\/v2\/comments?post=12739"}],"version-history":[{"count":1,"href":"https:\/\/bialcon.pl\/blog\/wp-json\/wp\/v2\/posts\/12739\/revisions"}],"predecessor-version":[{"id":12741,"href":"https:\/\/bialcon.pl\/blog\/wp-json\/wp\/v2\/posts\/12739\/revisions\/12741"}],"wp:featuredmedia":[{"embeddable":true,"href":"https:\/\/bialcon.pl\/blog\/wp-json\/wp\/v2\/media\/12740"}],"wp:attachment":[{"href":"https:\/\/bialcon.pl\/blog\/wp-json\/wp\/v2\/media?parent=12739"}],"wp:term":[{"taxonomy":"category","embeddable":true,"href":"https:\/\/bialcon.pl\/blog\/wp-json\/wp\/v2\/categories?post=12739"},{"taxonomy":"post_tag","embeddable":true,"href":"https:\/\/bialcon.pl\/blog\/wp-json\/wp\/v2\/tags?post=12739"}],"curies":[{"name":"wp","href":"https:\/\/api.w.org\/{rel}","templated":true}]}}