{"id":12733,"date":"2025-12-04T10:00:00","date_gmt":"2025-12-04T09:00:00","guid":{"rendered":"https:\/\/bialcon.pl\/blog\/?p=12733"},"modified":"2026-04-16T10:56:24","modified_gmt":"2026-04-16T08:56:24","slug":"stylizacje-na-swieta-jak-wygladac-elegancko-i-czuc-sie-komfortowo","status":"publish","type":"post","link":"https:\/\/bialcon.pl\/blog\/stylizacje-na-swieta-jak-wygladac-elegancko-i-czuc-sie-komfortowo\/","title":{"rendered":"Stylizacje na \u015bwi\u0119ta \u2013 jak wygl\u0105da\u0107 elegancko i czu\u0107 si\u0119 komfortowo?"},"content":{"rendered":"<div id=\"ez-toc-container\" class=\"ez-toc-v2_0_82_2 counter-hierarchy ez-toc-counter ez-toc-custom ez-toc-container-direction\">\n<div class=\"ez-toc-title-container\"><p class=\"ez-toc-title\" style=\"cursor:inherit\">Spis Tre\u015bci<\/p>\n<\/div><nav><ul class='ez-toc-list ez-toc-list-level-1 ' ><li class='ez-toc-page-1 ez-toc-heading-level-2'><a class=\"ez-toc-link ez-toc-heading-1\" href=\"https:\/\/bialcon.pl\/blog\/stylizacje-na-swieta-jak-wygladac-elegancko-i-czuc-sie-komfortowo\/#Stylizacje_na_swieta_%E2%80%93_jak_polaczyc_elegancje_i_wygode\" >Stylizacje na \u015bwi\u0119ta \u2013 jak po\u0142\u0105czy\u0107 elegancj\u0119 i wygod\u0119?<\/a><\/li><li class='ez-toc-page-1 ez-toc-heading-level-2'><a class=\"ez-toc-link ez-toc-heading-2\" href=\"https:\/\/bialcon.pl\/blog\/stylizacje-na-swieta-jak-wygladac-elegancko-i-czuc-sie-komfortowo\/#Stroje_na_swieta_w_gronie_rodzinnym_%E2%80%93_domowa_elegancja\" >Stroje na \u015bwi\u0119ta w gronie rodzinnym \u2013 domowa elegancja<\/a><\/li><li class='ez-toc-page-1 ez-toc-heading-level-2'><a class=\"ez-toc-link ez-toc-heading-3\" href=\"https:\/\/bialcon.pl\/blog\/stylizacje-na-swieta-jak-wygladac-elegancko-i-czuc-sie-komfortowo\/#Look_na_swieta_do_pracy_%E2%80%93_jak_ubrac_na_wigilie_firmowa\" >Look na \u015bwi\u0119ta do pracy \u2013 jak ubra\u0107 na wigili\u0119 firmow\u0105?<\/a><\/li><li class='ez-toc-page-1 ez-toc-heading-level-2'><a class=\"ez-toc-link ez-toc-heading-4\" href=\"https:\/\/bialcon.pl\/blog\/stylizacje-na-swieta-jak-wygladac-elegancko-i-czuc-sie-komfortowo\/#Stylizacje_na_swieta_bez_sukienek_%E2%80%93_eleganckie_spodnie_i_kobiece_akcenty\" >Stylizacje na \u015bwi\u0119ta bez sukienek \u2013 eleganckie spodnie i kobiece akcenty<\/a><\/li><li class='ez-toc-page-1 ez-toc-heading-level-2'><a class=\"ez-toc-link ez-toc-heading-5\" href=\"https:\/\/bialcon.pl\/blog\/stylizacje-na-swieta-jak-wygladac-elegancko-i-czuc-sie-komfortowo\/#Mala_czarna_w_swiatecznym_wydaniu_%E2%80%93_ponadczasowa_klasyka\" >Ma\u0142a czarna w \u015bwi\u0105tecznym wydaniu \u2013 ponadczasowa klasyka<\/a><\/li><li class='ez-toc-page-1 ez-toc-heading-level-2'><a class=\"ez-toc-link ez-toc-heading-6\" href=\"https:\/\/bialcon.pl\/blog\/stylizacje-na-swieta-jak-wygladac-elegancko-i-czuc-sie-komfortowo\/#Stylizacje_na_swieta_w_swiatecznych_kolorach_%E2%80%93_czern_czerwien_i_zielen\" >Stylizacje na \u015bwi\u0119ta w \u015bwi\u0105tecznych kolorach \u2013 czer\u0144, czerwie\u0144 i ziele\u0144<\/a><\/li><li class='ez-toc-page-1 ez-toc-heading-level-2'><a class=\"ez-toc-link ez-toc-heading-7\" href=\"https:\/\/bialcon.pl\/blog\/stylizacje-na-swieta-jak-wygladac-elegancko-i-czuc-sie-komfortowo\/#Co_ubrac_na_Wigilie_w_rodzinnym_domu\" >Co ubra\u0107 na Wigili\u0119 w rodzinnym domu?<\/a><\/li><li class='ez-toc-page-1 ez-toc-heading-level-2'><a class=\"ez-toc-link ez-toc-heading-8\" href=\"https:\/\/bialcon.pl\/blog\/stylizacje-na-swieta-jak-wygladac-elegancko-i-czuc-sie-komfortowo\/#Swieta_w_stylu_vintage_%E2%80%93_powrot_do_klasyki\" >\u015awi\u0119ta w stylu vintage \u2013 powr\u00f3t do klasyki<\/a><\/li><li class='ez-toc-page-1 ez-toc-heading-level-2'><a class=\"ez-toc-link ez-toc-heading-9\" href=\"https:\/\/bialcon.pl\/blog\/stylizacje-na-swieta-jak-wygladac-elegancko-i-czuc-sie-komfortowo\/#Stylizacje_na_swieta_ze_subtelnymi_dodatkami_%E2%80%93_bizuteria_torebka_i_buty\" >Stylizacje na \u015bwi\u0119ta ze subtelnymi dodatkami \u2013 bi\u017cuteria, torebka i buty<\/a><\/li><li class='ez-toc-page-1 ez-toc-heading-level-2'><a class=\"ez-toc-link ez-toc-heading-10\" href=\"https:\/\/bialcon.pl\/blog\/stylizacje-na-swieta-jak-wygladac-elegancko-i-czuc-sie-komfortowo\/#Stylizacje_na_swieta_ktore_sprawdza_sie_co_dzien_%E2%80%93_praktyczna_elegancja\" >Stylizacje na \u015bwi\u0119ta, kt\u00f3re sprawdz\u0105 si\u0119 co dzie\u0144 \u2013 praktyczna elegancja<\/a><\/li><li class='ez-toc-page-1 ez-toc-heading-level-2'><a class=\"ez-toc-link ez-toc-heading-11\" href=\"https:\/\/bialcon.pl\/blog\/stylizacje-na-swieta-jak-wygladac-elegancko-i-czuc-sie-komfortowo\/#FAQ\" >FAQ<\/a><\/li><\/ul><\/nav><\/div>\n\n<p>\u015awi\u0119ta Bo\u017cego Narodzenia s\u0105 tylko raz w roku. W tym wyj\u0105tkowym czasie wiele z nas chce wygl\u0105da\u0107 ol\u015bniewaj\u0105co, a jednocze\u015bnie czu\u0107 si\u0119 swobodnie. Rodzinne chwile, \u015bwi\u0105teczny obiad przy wsp\u00f3lnym stole, wigilijna kolacja czy \u015bwi\u0105teczne spotkanie w pracy up\u0142ywaj\u0105 pod znakiem tradycji, elegancji i ciep\u0142a domowej atmosfery. Dlatego odpowiedni str\u00f3j odgrywa tu wa\u017cn\u0105 rol\u0119 \u2013 pozwala podkre\u015bli\u0107 uroczysty charakter, a przy tym nie odbiera komfortu, kt\u00f3rego potrzebujemy, by w pe\u0142ni cieszy\u0107 si\u0119 chwil\u0105. Poni\u017cej przedstawiamy przewodnik, kt\u00f3ry pomo\u017ce Ci wybra\u0107 idealne stylizacje \u015bwi\u0105teczne.<\/p>\n\n\n\n<h2 class=\"wp-block-heading\"><span class=\"ez-toc-section\" id=\"Stylizacje_na_swieta_%E2%80%93_jak_polaczyc_elegancje_i_wygode\"><\/span>Stylizacje na \u015bwi\u0119ta \u2013 jak po\u0142\u0105czy\u0107 elegancj\u0119 i wygod\u0119?<span class=\"ez-toc-section-end\"><\/span><\/h2>\n\n\n\n<p>Wybieraj\u0105c stylizacje na \u015bwi\u0119ta, warto postawi\u0107 na ubrania klasyczne oraz zapewniaj\u0105ce komfort noszenia. Aksamitne sukienki, jedwabne bluzki czy eleganckie spodnie z szerok\u0105 nogawk\u0105 to rozwi\u0105zania, kt\u00f3re prezentuj\u0105 si\u0119 modne i szykowne, a jednocze\u015bnie nie kr\u0119puj\u0105 ruch\u00f3w. Je\u015bli zastanawiasz si\u0119, jak si\u0119 ubra\u0107 na \u015bwi\u0119ta, by czu\u0107 si\u0119 swobodnie \u2013 si\u0119gnij po tkaniny mi\u0119kkie, przyjemne w dotyku, kt\u00f3re podkre\u015blaj\u0105 klasyczn\u0105 elegancj\u0119, ale zapewniaj\u0105 wygod\u0119 nawet podczas d\u0142ugiego biesiadowania przy \u015bwi\u0105tecznym stole. Fasony oversize, otulaj\u0105ce swetry, dzianinowe kardigany &#8211; to zdecydowanie lepszy wyb\u00f3r ni\u017c ubrania \u015bci\u015ble przylegaj\u0105ce do sylwetki czy wr\u0119cz obcis\u0142e.<\/p>\n\n\n\r\n<div class=\"product-block-container swiper mySwiperProductBlock\">\r\n    <div class=\"product-block-swiper swiper-wrapper\">\r\n                    <div class=\"swiper-slide product-block-item\" data-id=\"147575\">\r\n                <a href=\"https:\/\/bialcon.pl\/dluga-satynowa-sukienka-z-odkrytym-ramieniem?utm_source=blog&utm_medium=poradystylistki&utm_campaign=041225\" class=\"product-block-url\" target=\"_blank\">\r\n                    <div class=\"product-block-image\">\r\n                        <img decoding=\"async\" width=\"300\" height=\"400\" src=\"https:\/\/bialcon.pl\/picture\/dluga-satynowa-sukienka-z-odkrytym-ramieniem_1.jpg\" alt=\"D\u0142uga satynowa sukienka z odkrytym ramieniem\">\r\n                    <\/div>\r\n                    <div class=\"product-block-name\">\r\n                        <p>D\u0142uga satynowa sukienka z odkrytym ramieniem<\/p>\r\n                    <\/div>\r\n                <\/a>\r\n            <\/div>\r\n                    <div class=\"swiper-slide product-block-item\" data-id=\"147606\">\r\n                <a href=\"https:\/\/bialcon.pl\/wizytowa-turkusowa-sukienka-z-lekkiej-posykujacej-tafty?utm_source=blog&utm_medium=poradystylistki&utm_campaign=041225\" class=\"product-block-url\" target=\"_blank\">\r\n                    <div class=\"product-block-image\">\r\n                        <img decoding=\"async\" width=\"300\" height=\"400\" src=\"https:\/\/bialcon.pl\/picture\/wizytowa-turkusowa-sukienka-z-lekkiej-posykujacej-tafty_2.jpg\" alt=\"Wizytowa turkusowa sukienka z lekkiej posykuj\u0105cej tafty\">\r\n                    <\/div>\r\n                    <div class=\"product-block-name\">\r\n                        <p>Wizytowa turkusowa sukienka z lekkiej posykuj\u0105cej tafty<\/p>\r\n                    <\/div>\r\n                <\/a>\r\n            <\/div>\r\n                    <div class=\"swiper-slide product-block-item\" data-id=\"147615\">\r\n                <a href=\"https:\/\/bialcon.pl\/dzianinowa-sukienka-z-marszczeniem-i-ozdoba-w-talii?utm_source=blog&utm_medium=poradystylistki&utm_campaign=041225\" class=\"product-block-url\" target=\"_blank\">\r\n                    <div class=\"product-block-image\">\r\n                        <img decoding=\"async\" width=\"300\" height=\"400\" src=\"https:\/\/bialcon.pl\/picture\/dzianinowa-sukienka-z-marszczeniem-i-ozdoba-w-talii_3.jpg\" alt=\"Dzianinowa sukienka z marszczeniem i ozdob\u0105 w talii\">\r\n                    <\/div>\r\n                    <div class=\"product-block-name\">\r\n                        <p>Dzianinowa sukienka z marszczeniem i ozdob\u0105 w talii<\/p>\r\n                    <\/div>\r\n                <\/a>\r\n            <\/div>\r\n            <\/div>\r\n<\/div>\r\n\n\n\n\n<h2 class=\"wp-block-heading\"><span class=\"ez-toc-section\" id=\"Stroje_na_swieta_w_gronie_rodzinnym_%E2%80%93_domowa_elegancja\"><\/span>Stroje na \u015bwi\u0119ta w gronie rodzinnym \u2013 domowa elegancja<span class=\"ez-toc-section-end\"><\/span><\/h2>\n\n\n\n<p>\u015awi\u0119ta sp\u0119dzane w domu w kameralnym gronie najbli\u017cszych nie musz\u0105 oznacza\u0107 rezygnacji ze stylu. Stylizacje na \u015bwi\u0119ta w domowym wydaniu mog\u0105 bazowa\u0107 na mi\u0119kkiej dzianinie, swetrach z b\u0142yszcz\u0105c\u0105 nitk\u0105 czy wygodnych legginsach zestawionych z d\u0142ug\u0105 koszul\u0105. Je\u015bli nie wiesz, co ubra\u0107 na \u015bwi\u0119ta sp\u0119dzane w domu, postaw na wygod\u0119 z nut\u0105 szyku \u2013 subtelne dodatki, minimalistyczn\u0105 bi\u017cuteri\u0119, opask\u0119 z kokard\u0105 oraz stonowane kolory stworz\u0105 \u015bwi\u0105teczny look pe\u0142en ciep\u0142a i elegancji.<\/p>\n\n\n\n<h2 class=\"wp-block-heading\"><span class=\"ez-toc-section\" id=\"Look_na_swieta_do_pracy_%E2%80%93_jak_ubrac_na_wigilie_firmowa\"><\/span>Look na \u015bwi\u0119ta do pracy \u2013 jak ubra\u0107 na wigili\u0119 firmow\u0105?<span class=\"ez-toc-section-end\"><\/span><\/h2>\n\n\n\n<p>Oficjalne \u015bwi\u0105teczne spotkanie w pracy wymaga dobrze przemy\u015blanej stylizacji. Tu liczy si\u0119 klasyka i odrobina od\u015bwi\u0119tnego charakteru. \u015awietnie sprawdzi si\u0119 o\u0142\u00f3wkowa sp\u00f3dnica w po\u0142\u0105czeniu z jedwabn\u0105 bluzk\u0105, garniturowe eleganckie spodnie na \u015bwi\u0119ta zestawione z \u017cakietem czy dopasowana sukienka midi w kolorach granatu, butelkowej zieleni lub burgundu. Ca\u0142o\u015b\u0107 uzupe\u0142nij eleganckimi szpilkami lub klasycznymi butami na niskim obcasie oraz ma\u0142\u0105 torebk\u0105. Pami\u0119taj, \u017ce odpowiednia okazja, by za\u0142o\u017cy\u0107 co\u015b lekko b\u0142yszcz\u0105cego &#8211; je\u015bli lubisz takie stroje.<\/p>\n\n\n\r\n<div class=\"product-block-container swiper mySwiperProductBlock\">\r\n    <div class=\"product-block-swiper swiper-wrapper\">\r\n                    <div class=\"swiper-slide product-block-item\" data-id=\"147597\">\r\n                <a href=\"https:\/\/bialcon.pl\/spodnica-olowkowa-w-kolorze-ecru?utm_source=blog&utm_medium=poradystylistki&utm_campaign=041225\" class=\"product-block-url\" target=\"_blank\">\r\n                    <div class=\"product-block-image\">\r\n                        <img decoding=\"async\" width=\"300\" height=\"400\" src=\"https:\/\/bialcon.pl\/picture\/spodnica-olowkowa-w-kolorze-ecru_4.jpg\" alt=\"Sp\u00f3dnica o\u0142\u00f3wkowa w kolorze \u00e9cru\">\r\n                    <\/div>\r\n                    <div class=\"product-block-name\">\r\n                        <p>Sp\u00f3dnica o\u0142\u00f3wkowa w kolorze \u00e9cru<\/p>\r\n                    <\/div>\r\n                <\/a>\r\n            <\/div>\r\n                    <div class=\"swiper-slide product-block-item\" data-id=\"147601\">\r\n                <a href=\"https:\/\/bialcon.pl\/spodnica-olowkowa-w-kolorze-bezowym?utm_source=blog&utm_medium=poradystylistki&utm_campaign=041225\" class=\"product-block-url\" target=\"_blank\">\r\n                    <div class=\"product-block-image\">\r\n                        <img decoding=\"async\" width=\"300\" height=\"400\" src=\"https:\/\/bialcon.pl\/picture\/spodnica-olowkowa-w-kolorze-bezowym_3.jpg\" alt=\"Sp\u00f3dnica o\u0142\u00f3wkowa w kolorze be\u017cowym\">\r\n                    <\/div>\r\n                    <div class=\"product-block-name\">\r\n                        <p>Sp\u00f3dnica o\u0142\u00f3wkowa w kolorze be\u017cowym<\/p>\r\n                    <\/div>\r\n                <\/a>\r\n            <\/div>\r\n                    <div class=\"swiper-slide product-block-item\" data-id=\"147363\">\r\n                <a href=\"https:\/\/bialcon.pl\/dopasowana-spodnica-midi-z-rozporkiem-z-tylu?utm_source=blog&utm_medium=poradystylistki&utm_campaign=041225\" class=\"product-block-url\" target=\"_blank\">\r\n                    <div class=\"product-block-image\">\r\n                        <img decoding=\"async\" width=\"300\" height=\"400\" src=\"https:\/\/bialcon.pl\/picture\/dopasowana-spodnica-midi-z-rozporkiem-z-tylu_1.jpg\" alt=\"Dopasowana sp\u00f3dnica midi z rozporkiem z ty\u0142u\">\r\n                    <\/div>\r\n                    <div class=\"product-block-name\">\r\n                        <p>Dopasowana sp\u00f3dnica midi z rozporkiem z ty\u0142u<\/p>\r\n                    <\/div>\r\n                <\/a>\r\n            <\/div>\r\n            <\/div>\r\n<\/div>\r\n\n\n\n\n<h2 class=\"wp-block-heading\"><span class=\"ez-toc-section\" id=\"Stylizacje_na_swieta_bez_sukienek_%E2%80%93_eleganckie_spodnie_i_kobiece_akcenty\"><\/span>Stylizacje na \u015bwi\u0119ta bez sukienek \u2013 eleganckie spodnie i kobiece akcenty<span class=\"ez-toc-section-end\"><\/span><\/h2>\n\n\n\n<p>Nie przepadasz za sukienkami? \u017baden problem! Stylizacje na \u015bwi\u0119ta mog\u0105 opiera\u0107 si\u0119 na eleganckich spodniach z wysokim stanem lub szerokich spodniach w stylu vintage, kt\u00f3re w po\u0142\u0105czeniu z koronkow\u0105 bluzk\u0105 lub ozdobnym swetrem stworz\u0105 kobiece stylizacje idealne na Bo\u017ce Narodzenie. Doskona\u0142ym wyborem b\u0119dzie r\u00f3wnie\u017c sp\u00f3dnica z weluru czy dzianiny, je\u015bli chcesz zachowa\u0107 odrobin\u0119 mi\u0119kkiej elegancji.<\/p>\n\n\n\n<h2 class=\"wp-block-heading\"><span class=\"ez-toc-section\" id=\"Mala_czarna_w_swiatecznym_wydaniu_%E2%80%93_ponadczasowa_klasyka\"><\/span>Ma\u0142a czarna w \u015bwi\u0105tecznym wydaniu \u2013 ponadczasowa klasyka<span class=\"ez-toc-section-end\"><\/span><\/h2>\n\n\n\n<p>Ma\u0142a czarna to klasyczny zestaw, kt\u00f3ry idealnie sprawdzi si\u0119 na wyj\u0105tkowe okazje, takie jak \u015bwi\u0119ta Bo\u017cego Narodzenia. Mo\u017cesz postawi\u0107 na model g\u0142adki, z subtelnymi zdobieniami lub w wersji aksamitnej \u2013 doskona\u0142ej na zimowe \u015bwi\u0105teczne spotkania. Odpowiednio dobrane subtelne dodatki, np. dyskretna bi\u017cuteria i eleganckie buty na obcasie sprawi\u0105, \u017ce b\u0119dziesz wygl\u0105da\u0107 ol\u015bniewaj\u0105co, zachowuj\u0105c przy tym pe\u0142en komfort.<\/p>\n\n\n\r\n<div class=\"product-block-container swiper mySwiperProductBlock\">\r\n    <div class=\"product-block-swiper swiper-wrapper\">\r\n                    <div class=\"swiper-slide product-block-item\" data-id=\"147693\">\r\n                <a href=\"https:\/\/bialcon.pl\/czarna-wiskozowa-sukienka-midi-na-ramiaczkach?utm_source=blog&utm_medium=poradystylistki&utm_campaign=041225\" class=\"product-block-url\" target=\"_blank\">\r\n                    <div class=\"product-block-image\">\r\n                        <img decoding=\"async\" width=\"300\" height=\"400\" src=\"https:\/\/bialcon.pl\/picture\/czarna-wiskozowa-sukienka-midi-na-ramiaczkach_1.jpg\" alt=\"Czarna wiskozowa sukienka midi na rami\u0105czkach\">\r\n                    <\/div>\r\n                    <div class=\"product-block-name\">\r\n                        <p>Czarna wiskozowa sukienka midi na rami\u0105czkach<\/p>\r\n                    <\/div>\r\n                <\/a>\r\n            <\/div>\r\n                    <div class=\"swiper-slide product-block-item\" data-id=\"147584\">\r\n                <a href=\"https:\/\/bialcon.pl\/czarna-sukienka-z-gumka-w-talii?utm_source=blog&utm_medium=poradystylistki&utm_campaign=041225\" class=\"product-block-url\" target=\"_blank\">\r\n                    <div class=\"product-block-image\">\r\n                        <img decoding=\"async\" width=\"300\" height=\"400\" src=\"https:\/\/bialcon.pl\/picture\/czarna-sukienka-z-gumka-w-talii_2.jpg\" alt=\"Czarna sukienka z gumk\u0105 w talii\">\r\n                    <\/div>\r\n                    <div class=\"product-block-name\">\r\n                        <p>Czarna sukienka z gumk\u0105 w talii<\/p>\r\n                    <\/div>\r\n                <\/a>\r\n            <\/div>\r\n                    <div class=\"swiper-slide product-block-item\" data-id=\"147722\">\r\n                <a href=\"https:\/\/bialcon.pl\/czarna-dzianinowa-sukienka-w-rozowe-kwiaty?utm_source=blog&utm_medium=poradystylistki&utm_campaign=041225\" class=\"product-block-url\" target=\"_blank\">\r\n                    <div class=\"product-block-image\">\r\n                        <img decoding=\"async\" width=\"300\" height=\"400\" src=\"https:\/\/bialcon.pl\/picture\/czarna-dzianinowa-sukienka-w-rozowe-kwiaty.jpg\" alt=\"Czarna dzianinowa sukienka w r\u00f3\u017cowe kwiaty\">\r\n                    <\/div>\r\n                    <div class=\"product-block-name\">\r\n                        <p>Czarna dzianinowa sukienka w r\u00f3\u017cowe kwiaty<\/p>\r\n                    <\/div>\r\n                <\/a>\r\n            <\/div>\r\n            <\/div>\r\n<\/div>\r\n\n\n\n\n<h2 class=\"wp-block-heading\"><span class=\"ez-toc-section\" id=\"Stylizacje_na_swieta_w_swiatecznych_kolorach_%E2%80%93_czern_czerwien_i_zielen\"><\/span>Stylizacje na \u015bwi\u0119ta w \u015bwi\u0105tecznych kolorach \u2013 czer\u0144, czerwie\u0144 i ziele\u0144<span class=\"ez-toc-section-end\"><\/span><\/h2>\n\n\n\n<p>Czer\u0144, czerwie\u0144 i butelkowa ziele\u0144 to kolory, kt\u00f3re kr\u00f3luj\u0105 podczas Bo\u017cego Narodzenia. Stylizacje na \u015bwi\u0119ta w tych odcieniach podkre\u015blaj\u0105 \u015bwi\u0105teczny klimat i dodaj\u0105 elegancji. Czerwie\u0144 \u015bwietnie prezentuje si\u0119 w przypadku sukienki, zielony sweter o grubszym splocie idealnie sprawdzi si\u0119 na \u015bwi\u0105teczny obiad, a klasyczna czer\u0144 pozwala stworzy\u0107 outfit ponadczasowy, kt\u00f3ry nosimy nie tylko od \u015bwi\u0119ta, lecz tak\u017ce co dzie\u0144.<\/p>\n\n\n\n<h2 class=\"wp-block-heading\"><span class=\"ez-toc-section\" id=\"Co_ubrac_na_Wigilie_w_rodzinnym_domu\"><\/span>Co ubra\u0107 na Wigili\u0119 w rodzinnym domu?<span class=\"ez-toc-section-end\"><\/span><\/h2>\n\n\n\n<p>Je\u015bli zastanawiasz si\u0119, co ubra\u0107 na Wigili\u0119, wybierz ubrania, kt\u00f3re \u0142\u0105cz\u0105 elegancj\u0119 z pi\u0119knym wyko\u0144czeniem. Sukienki midi, eleganckie spodnie na \u015bwi\u0119ta z wysokim stanem, bluzki z delikatnym po\u0142yskiem, sp\u00f3dnice z gumk\u0105 w pasie \u2013 wszystkie te elementy pomog\u0105 stworzy\u0107 stylowy i wygodny str\u00f3j na kolacj\u0119 wigilijn\u0105. Wa\u017cne, aby\u015b czu\u0142a si\u0119 sob\u0105 \u2013 naturalnie, komfortowo i pi\u0119knie.<\/p>\n\n\nNie podano poprawnego ID kategorii.\n\n\n\n<h2 class=\"wp-block-heading\"><span class=\"ez-toc-section\" id=\"Swieta_w_stylu_vintage_%E2%80%93_powrot_do_klasyki\"><\/span>\u015awi\u0119ta w stylu vintage \u2013 powr\u00f3t do klasyki<span class=\"ez-toc-section-end\"><\/span><\/h2>\n\n\n\n<p>Moda vintage wraca na salony, a stylizacje na \u015bwi\u0119ta w tym wydaniu dodaj\u0105 uroku i wyj\u0105tkowego charakteru. Sukienki o rozkloszowanym kroju, bluzki z bufkami, welurowe spodnie i bi\u017cuteria w z\u0142otym odcieniu to elementy, kt\u00f3re wprowadz\u0105 odrobin\u0119 dawnych trend\u00f3w do wsp\u00f3\u0142czesnych outfit\u00f3w. Styl retro \u0142\u0105czy elegancj\u0119 oraz ciep\u0142o rodzinnego \u015bwi\u0119towania \u2013 idealny wyb\u00f3r na \u015awi\u0119ta Bo\u017cego Narodzenia.<\/p>\n\n\n\n<h2 class=\"wp-block-heading\"><span class=\"ez-toc-section\" id=\"Stylizacje_na_swieta_ze_subtelnymi_dodatkami_%E2%80%93_bizuteria_torebka_i_buty\"><\/span>Stylizacje na \u015bwi\u0119ta ze subtelnymi dodatkami \u2013 bi\u017cuteria, torebka i buty<span class=\"ez-toc-section-end\"><\/span><\/h2>\n\n\n\n<p>Subtelne dodatki potrafi\u0105 ca\u0142kowicie odmieni\u0107 ca\u0142e stylizacje na \u015bwi\u0119ta. Minimalistyczna bi\u017cuteria, ma\u0142a torebka, klasyczne buty czy eleganckie szpilki podkre\u015bl\u0105 od\u015bwi\u0119tny charakter ubioru, nie przyt\u0142aczaj\u0105c go. Postaw na detale dopasowane do okazji \u2013 z\u0142ote kolczyki, delikatna bransoletka, pasek z klamerk\u0105 czy opaska z b\u0142yszcz\u0105cym akcentem to propozycje, kt\u00f3re dodaj\u0105 klasy.<\/p>\n\n\n\r\n<div class=\"product-block-container swiper mySwiperProductBlock\">\r\n    <div class=\"product-block-swiper swiper-wrapper\">\r\n                    <div class=\"swiper-slide product-block-item\" data-id=\"147707\">\r\n                <a href=\"https:\/\/bialcon.pl\/broszka-kwiat-z-czarnego-tiulu?utm_source=blog&utm_medium=poradystylistki&utm_campaign=041225\" class=\"product-block-url\" target=\"_blank\">\r\n                    <div class=\"product-block-image\">\r\n                        <img decoding=\"async\" width=\"300\" height=\"400\" src=\"https:\/\/bialcon.pl\/picture\/broszka-kwiat-czarny.jpg\" alt=\"Broszka kwiat z czarnego tiulu\">\r\n                    <\/div>\r\n                    <div class=\"product-block-name\">\r\n                        <p>Broszka kwiat z czarnego tiulu<\/p>\r\n                    <\/div>\r\n                <\/a>\r\n            <\/div>\r\n                    <div class=\"swiper-slide product-block-item\" data-id=\"147656\">\r\n                <a href=\"https:\/\/bialcon.pl\/stylowa-broszka-z-efektowym-zielonym-kamieniem?utm_source=blog&utm_medium=poradystylistki&utm_campaign=041225\" class=\"product-block-url\" target=\"_blank\">\r\n                    <div class=\"product-block-image\">\r\n                        <img decoding=\"async\" width=\"300\" height=\"400\" src=\"https:\/\/bialcon.pl\/picture\/broszka-br97494.jpeg\" alt=\"Stylowa broszka z efektowym zielonym kamieniem\">\r\n                    <\/div>\r\n                    <div class=\"product-block-name\">\r\n                        <p>Stylowa broszka z efektowym zielonym kamieniem<\/p>\r\n                    <\/div>\r\n                <\/a>\r\n            <\/div>\r\n                    <div class=\"swiper-slide product-block-item\" data-id=\"147658\">\r\n                <a href=\"https:\/\/bialcon.pl\/bransoletka-z-metalu-szczotkowanego-i-skory-naturalnej?utm_source=blog&utm_medium=poradystylistki&utm_campaign=041225\" class=\"product-block-url\" target=\"_blank\">\r\n                    <div class=\"product-block-image\">\r\n                        <img decoding=\"async\" width=\"300\" height=\"400\" src=\"https:\/\/bialcon.pl\/picture\/bransoletka-z-metalu-szczotkowanego-i-skory-naturalnej.jpeg\" alt=\"Bransoletka z metalu szczotkowanego i sk\u00f3ry naturalnej\">\r\n                    <\/div>\r\n                    <div class=\"product-block-name\">\r\n                        <p>Bransoletka z metalu szczotkowanego i sk\u00f3ry naturalnej<\/p>\r\n                    <\/div>\r\n                <\/a>\r\n            <\/div>\r\n            <\/div>\r\n<\/div>\r\n\n\n\n\n<h2 class=\"wp-block-heading\"><span class=\"ez-toc-section\" id=\"Stylizacje_na_swieta_ktore_sprawdza_sie_co_dzien_%E2%80%93_praktyczna_elegancja\"><\/span>Stylizacje na \u015bwi\u0119ta, kt\u00f3re sprawdz\u0105 si\u0119 co dzie\u0144 \u2013 praktyczna elegancja<span class=\"ez-toc-section-end\"><\/span><\/h2>\n\n\n\n<p>\u015awi\u0105teczne stylizacje nie musz\u0105 by\u0107 jednorazowe. Wiele element\u00f3w garderoby wykorzystasz r\u00f3wnie\u017c na co dzie\u0144 \u2013 elegancki sweter z lekkim po\u0142yskiem, klasyczne spodnie, bia\u0142a koszula czy ma\u0142a czarna to ubrania, kt\u00f3re prezentuj\u0105 elegancj\u0119 nie tylko podczas Bo\u017cego Narodzenia, ale tak\u017ce w pracy czy na innych specjalnych okazjach. Warto postawi\u0107 na ponadczasowe fasony i stonowane kolory, kt\u00f3re sprawdz\u0105 si\u0119 w r\u00f3\u017cnych sytuacjach.<\/p>\n\n\n\n<p>Podsumowuj\u0105c najwa\u017cniejsze wskaz\u00f3wki, warto pami\u0119ta\u0107, \u017ce stylizacje \u015bwi\u0105teczne maj\u0105 przede wszystkim podkre\u015bla\u0107 charakter tego okresu. Wybieraj\u0105c ubrania, postaw na tkaniny mi\u0119kkie, eleganckie i przyjemne w noszeniu. Aksamit, satyna, welur czy delikatna we\u0142na doskonale \u0142\u0105cz\u0105 od\u015bwi\u0119tnego charakteru ze swobod\u0105 ruch\u00f3w, co jest szczeg\u00f3lnie wa\u017cne podczas d\u0142ugich spotka\u0144 przy \u015bwi\u0105tecznym stole. Je\u015bli zastanawiasz si\u0119, jak ubra\u0107 na \u015bwi\u0119ta, aby wygl\u0105da\u0107 ol\u015bniewaj\u0105co, a jednocze\u015bnie nie rezygnowa\u0107 z wygody \u2013 zwr\u00f3\u0107 uwag\u0119 na propozycje o bardziej mi\u0119kkiej konstrukcji, takie jak sukienki z lu\u017aniejsz\u0105 tali\u0105, eleganckie spodnie z szerok\u0105 nogawk\u0105 czy sp\u00f3dnice z elastyczn\u0105 gumk\u0105.<\/p>\n\n\n\n<p>Kobiety, kt\u00f3re nie czuj\u0105 si\u0119 najlepiej w sukienkach, mog\u0105 \u015bmia\u0142o si\u0119gn\u0105\u0107 po eleganckie spodnie na \u015bwi\u0119ta \u2013 zar\u00f3wno w wersji z wysokim stanem, jak i w modnych ostatnio fasonach z szerok\u0105 nogawk\u0105. W po\u0142\u0105czeniu z koronkow\u0105 bluzk\u0105, ozdobnym swetrem czy bia\u0142\u0105 koszul\u0105 stworz\u0105 look idealny zar\u00f3wno na Bo\u017ce Narodzenie, jak i inne specjalne okazje. Taka stylizacja prezentuje si\u0119 kobieco, klasycznie i z wyczuciem stylu, a przy tym pozostaje bardzo wygodna.<\/p>\n\n\n\r\n<div class=\"product-block-container swiper mySwiperProductBlock\">\r\n    <div class=\"product-block-swiper swiper-wrapper\">\r\n                    <div class=\"swiper-slide product-block-item\" data-id=\"146366\">\r\n                <a href=\"https:\/\/bialcon.pl\/bawelniana-biala-koszula-o-prostym-luznym-kroju?utm_source=blog&utm_medium=poradystylistki&utm_campaign=041225\" class=\"product-block-url\" target=\"_blank\">\r\n                    <div class=\"product-block-image\">\r\n                        <img decoding=\"async\" width=\"300\" height=\"400\" src=\"https:\/\/bialcon.pl\/picture\/bawelniana-biala-koszula-o-prostym-luznym-kroju.jpg\" alt=\"Bawe\u0142niana bia\u0142a koszula o prostym lu\u017anym kroju\">\r\n                    <\/div>\r\n                    <div class=\"product-block-name\">\r\n                        <p>Bawe\u0142niana bia\u0142a koszula o prostym lu\u017anym kroju<\/p>\r\n                    <\/div>\r\n                <\/a>\r\n            <\/div>\r\n                    <div class=\"swiper-slide product-block-item\" data-id=\"146446\">\r\n                <a href=\"https:\/\/bialcon.pl\/elegancka-biala-koszula-z-zabotem?utm_source=blog&utm_medium=poradystylistki&utm_campaign=041225\" class=\"product-block-url\" target=\"_blank\">\r\n                    <div class=\"product-block-image\">\r\n                        <img decoding=\"async\" width=\"300\" height=\"400\" src=\"https:\/\/bialcon.pl\/picture\/elegancka-biala-koszula-z-zabotem_5.jpg\" alt=\"Elegancka bia\u0142a koszula z \u017cabotem\">\r\n                    <\/div>\r\n                    <div class=\"product-block-name\">\r\n                        <p>Elegancka bia\u0142a koszula z \u017cabotem<\/p>\r\n                    <\/div>\r\n                <\/a>\r\n            <\/div>\r\n                    <div class=\"swiper-slide product-block-item\" data-id=\"146231\">\r\n                <a href=\"https:\/\/bialcon.pl\/biala-dluga-koszula-z-oryginalnym-paskiem?utm_source=blog&utm_medium=poradystylistki&utm_campaign=041225\" class=\"product-block-url\" target=\"_blank\">\r\n                    <div class=\"product-block-image\">\r\n                        <img decoding=\"async\" width=\"300\" height=\"400\" src=\"https:\/\/bialcon.pl\/picture\/biala-dluga-koszula-z-oryginalnym-paskiem_1.jpg\" alt=\"Bia\u0142a d\u0142uga koszula z oryginalnym paskiem\">\r\n                    <\/div>\r\n                    <div class=\"product-block-name\">\r\n                        <p>Bia\u0142a d\u0142uga koszula z oryginalnym paskiem<\/p>\r\n                    <\/div>\r\n                <\/a>\r\n            <\/div>\r\n            <\/div>\r\n<\/div>\r\n\n\n\n\n<h2 class=\"wp-block-heading\"><span class=\"ez-toc-section\" id=\"FAQ\"><\/span>FAQ<span class=\"ez-toc-section-end\"><\/span><\/h2>\n\n\n\n<h3 class=\"wp-block-heading\">1. Jak si\u0119 ubra\u0107 na \u015bwi\u0119ta, \u017ceby wygl\u0105da\u0107 elegancko, ale czu\u0107 si\u0119 swobodnie?<\/h3>\n\n\n\n<p>Wybieraj\u0105c <strong>ubranie na \u015bwi\u0119ta<\/strong>, warto postawi\u0107 na eleganckie materia\u0142y \u2013 jak aksamit, satyna czy delikatna we\u0142na \u2013 kt\u00f3re jednocze\u015bnie nie kr\u0119puj\u0105 ruch\u00f3w. \u015awietnym rozwi\u0105zaniem s\u0105 sukienki o lu\u017aniejszym kroju, <strong>sp\u00f3dnice na \u015bwi\u0119ta Bo\u017cego Narodzenia<\/strong> z gumk\u0105 w pasie czy stylowe <strong>spodnie na \u015bwi\u0119ta<\/strong> z szerok\u0105 nogawk\u0105. Dzi\u0119ki temu mo\u017cesz czu\u0107 si\u0119 komfortowo przy stole i podczas rodzinnych spotka\u0144.<\/p>\n\n\n\n<h3 class=\"wp-block-heading\">2. Co ubra\u0107 na \u015bwi\u0119ta, je\u015bli planuj\u0119 sp\u0119dzi\u0107 je w domu w kameralnym gronie?<\/h3>\n\n\n\n<p><strong>Stylizacje \u015bwi\u0105teczne w domu<\/strong> mog\u0105 \u0142\u0105czy\u0107 wygod\u0119 z odrobin\u0105 szyku. Zamiast klasycznej sukienki, wybierz elegancki komplet dresowy w \u015bwi\u0105tecznym kolorze, lu\u017any sweter z b\u0142yszcz\u0105c\u0105 nitk\u0105 lub legginsy zestawione z d\u0142ug\u0105 koszul\u0105. Je\u015bli zastanawiasz si\u0119, <strong>co za\u0142o\u017cy\u0107 na \u015bwi\u0119ta<\/strong> w domowym wydaniu \u2013 postaw na mi\u0119kkie tkaniny i dodatki, kt\u00f3re wprowadz\u0105 \u015bwi\u0105teczny klimat, jak z\u0142ota bi\u017cuteria czy opaska z kokard\u0105.<\/p>\n\n\n\n<h3 class=\"wp-block-heading\">3. Jakie stylizacje na \u015bwi\u0119ta sprawdz\u0105 si\u0119 w pracy lub na firmowej wigilii?<\/h3>\n\n\n\n<p>Na oficjalne okazje warto postawi\u0107 na klasyk\u0119. Idealne <strong>stylizacje na \u015bwi\u0119ta<\/strong> do pracy to np. o\u0142\u00f3wkowa <strong>sp\u00f3dnica na \u015bwi\u0119ta Bo\u017cego Narodzenia<\/strong> w po\u0142\u0105czeniu z jedwabn\u0105 bluzk\u0105, garniturowe <strong>spodnie na \u015bwi\u0119ta<\/strong> i dopasowany \u017cakiet albo elegancka sukienka midi w kolorach czerwieni, butelkowej zieleni lub granatu. Ca\u0142o\u015b\u0107 uzupe\u0142nij stonowanymi dodatkami i klasycznymi butami.<\/p>\n\n\n\n<h3 class=\"wp-block-heading\">4. Co ubra\u0107 na \u015bwi\u0119ta, gdy nie lubi\u0119 sukienek?<\/h3>\n\n\n\n<p>Je\u015bli sukienki to nie Twoja bajka, wybierz eleganckie <strong>spodnie na \u015bwi\u0119ta<\/strong>, np. z wysokim stanem i szerokimi nogawkami, kt\u00f3re \u015bwietnie komponuj\u0105 si\u0119 z koronkow\u0105 bluzk\u0105 lub ozdobnym swetrem. Dobrym wyborem b\u0119dzie te\u017c <strong>sp\u00f3dnica na \u015bwi\u0119ta Bo\u017cego Narodzenia<\/strong> z mi\u0119kkiego weluru lub dzianiny. Wa\u017cne, aby\u015b w \u015bwi\u0105tecznym stroju czu\u0142a si\u0119 sob\u0105 \u2013 wygodnie, ale z klas\u0105.<\/p>\n\n\n\n<script type=\"application\/ld+json\">\n{\n  \"@context\": \"https:\/\/schema.org\",\n  \"@type\": \"FAQPage\",\n  \"mainEntity\": [\n    {\n      \"@type\": \"Question\",\n      \"name\": \"Jak si\u0119 ubra\u0107 na \u015bwi\u0119ta, \u017ceby wygl\u0105da\u0107 elegancko, ale czu\u0107 si\u0119 swobodnie?\",\n      \"acceptedAnswer\": {\n        \"@type\": \"Answer\",\n        \"text\": \"Wybieraj\u0105c ubranie na \u015bwi\u0119ta, warto postawi\u0107 na eleganckie materia\u0142y \u2013 jak aksamit, satyna czy delikatna we\u0142na \u2013 kt\u00f3re jednocze\u015bnie nie kr\u0119puj\u0105 ruch\u00f3w. \u015awietnym rozwi\u0105zaniem s\u0105 sukienki o lu\u017aniejszym kroju, sp\u00f3dnice na \u015bwi\u0119ta Bo\u017cego Narodzenia z gumk\u0105 w pasie czy stylowe spodnie na \u015bwi\u0119ta z szerok\u0105 nogawk\u0105. Dzi\u0119ki temu mo\u017cesz czu\u0107 si\u0119 komfortowo przy stole i podczas rodzinnych spotka\u0144.\"\n      }\n    },\n    {\n      \"@type\": \"Question\",\n      \"name\": \"Co ubra\u0107 na \u015bwi\u0119ta, je\u015bli planuj\u0119 sp\u0119dzi\u0107 je w domu w kameralnym gronie?\",\n      \"acceptedAnswer\": {\n        \"@type\": \"Answer\",\n        \"text\": \"Stylizacje \u015bwi\u0105teczne w domu mog\u0105 \u0142\u0105czy\u0107 wygod\u0119 z odrobin\u0105 szyku. Zamiast klasycznej sukienki, wybierz elegancki komplet dresowy w \u015bwi\u0105tecznym kolorze, lu\u017any sweter z b\u0142yszcz\u0105c\u0105 nitk\u0105 lub legginsy zestawione z d\u0142ug\u0105 koszul\u0105. Je\u015bli zastanawiasz si\u0119, co za\u0142o\u017cy\u0107 na \u015bwi\u0119ta w domowym wydaniu \u2013 postaw na mi\u0119kkie tkaniny i dodatki, kt\u00f3re wprowadz\u0105 \u015bwi\u0105teczny klimat, jak z\u0142ota bi\u017cuteria czy opaska z kokard\u0105.\"\n      }\n    },\n    {\n      \"@type\": \"Question\",\n      \"name\": \"Jakie stylizacje na \u015bwi\u0119ta sprawdz\u0105 si\u0119 w pracy lub na firmowej wigilii?\",\n      \"acceptedAnswer\": {\n        \"@type\": \"Answer\",\n        \"text\": \"Na oficjalne okazje warto postawi\u0107 na klasyk\u0119. Idealne stylizacje na \u015bwi\u0119ta do pracy to np. o\u0142\u00f3wkowa sp\u00f3dnica na \u015bwi\u0119ta Bo\u017cego Narodzenia w po\u0142\u0105czeniu z jedwabn\u0105 bluzk\u0105, garniturowe spodnie na \u015bwi\u0119ta i dopasowany \u017cakiet albo elegancka sukienka midi w kolorach czerwieni, butelkowej zieleni lub granatu. Ca\u0142o\u015b\u0107 uzupe\u0142nij stonowanymi dodatkami i klasycznymi butami.\"\n      }\n    },\n    {\n      \"@type\": \"Question\",\n      \"name\": \"Co ubra\u0107 na \u015bwi\u0119ta, gdy nie lubi\u0119 sukienek?\",\n      \"acceptedAnswer\": {\n        \"@type\": \"Answer\",\n        \"text\": \"Je\u015bli sukienki to nie Twoja bajka, wybierz eleganckie spodnie na \u015bwi\u0119ta, np. z wysokim stanem i szerokimi nogawkami, kt\u00f3re \u015bwietnie komponuj\u0105 si\u0119 z koronkow\u0105 bluzk\u0105 lub ozdobnym swetrem. Dobrym wyborem b\u0119dzie te\u017c sp\u00f3dnica na \u015bwi\u0119ta Bo\u017cego Narodzenia z mi\u0119kkiego weluru lub dzianiny. Wa\u017cne, aby\u015b w \u015bwi\u0105tecznym stroju czu\u0142a si\u0119 sob\u0105 \u2013 wygodnie, ale z klas\u0105.\"\n      }\n    }\n  ]\n}\n<\/script>\n","protected":false},"excerpt":{"rendered":"<p>\u015awi\u0119ta Bo\u017cego Narodzenia s\u0105 tylko raz w roku. W tym wyj\u0105tkowym czasie wiele z nas chce wygl\u0105da\u0107 ol\u015bniewaj\u0105co, a jednocze\u015bnie czu\u0107 si\u0119 swobodnie. Rodzinne chwile, \u015bwi\u0105teczny obiad przy wsp\u00f3lnym stole, wigilijna kolacja czy \u015bwi\u0105teczne spotkanie w pracy up\u0142ywaj\u0105 pod znakiem tradycji, elegancji i ciep\u0142a domowej atmosfery. Dlatego odpowiedni str\u00f3j odgrywa tu wa\u017cn\u0105 rol\u0119 \u2013 pozwala [&hellip;]<\/p>\n","protected":false},"author":10,"featured_media":12734,"comment_status":"closed","ping_status":"open","sticky":false,"template":"","format":"standard","meta":{"_acf_changed":false,"site-sidebar-layout":"default","site-content-layout":"","ast-site-content-layout":"default","site-content-style":"default","site-sidebar-style":"default","ast-global-header-display":"","ast-banner-title-visibility":"","ast-main-header-display":"","ast-hfb-above-header-display":"","ast-hfb-below-header-display":"","ast-hfb-mobile-header-display":"","site-post-title":"","ast-breadcrumbs-content":"","ast-featured-img":"","footer-sml-layout":"","theme-transparent-header-meta":"","adv-header-id-meta":"","stick-header-meta":"","header-above-stick-meta":"","header-main-stick-meta":"","header-below-stick-meta":"","astra-migrate-meta-layouts":"set","ast-page-background-enabled":"default","ast-page-background-meta":{"desktop":{"background-color":"","background-image":"","background-repeat":"repeat","background-position":"center center","background-size":"auto","background-attachment":"scroll","background-type":"","background-media":"","overlay-type":"","overlay-color":"","overlay-opacity":"","overlay-gradient":""},"tablet":{"background-color":"","background-image":"","background-repeat":"repeat","background-position":"center center","background-size":"auto","background-attachment":"scroll","background-type":"","background-media":"","overlay-type":"","overlay-color":"","overlay-opacity":"","overlay-gradient":""},"mobile":{"background-color":"","background-image":"","background-repeat":"repeat","background-position":"center center","background-size":"auto","background-attachment":"scroll","background-type":"","background-media":"","overlay-type":"","overlay-color":"","overlay-opacity":"","overlay-gradient":""}},"ast-content-background-meta":{"desktop":{"background-color":"var(--ast-global-color-5)","background-image":"","background-repeat":"repeat","background-position":"center center","background-size":"auto","background-attachment":"scroll","background-type":"","background-media":"","overlay-type":"","overlay-color":"","overlay-opacity":"","overlay-gradient":""},"tablet":{"background-color":"var(--ast-global-color-5)","background-image":"","background-repeat":"repeat","background-position":"center center","background-size":"auto","background-attachment":"scroll","background-type":"","background-media":"","overlay-type":"","overlay-color":"","overlay-opacity":"","overlay-gradient":""},"mobile":{"background-color":"var(--ast-global-color-5)","background-image":"","background-repeat":"repeat","background-position":"center center","background-size":"auto","background-attachment":"scroll","background-type":"","background-media":"","overlay-type":"","overlay-color":"","overlay-opacity":"","overlay-gradient":""}},"footnotes":""},"categories":[10,14],"tags":[],"class_list":["post-12733","post","type-post","status-publish","format-standard","has-post-thumbnail","hentry","category-porady-stylistki","category-wszystkie-wpisy"],"acf":[],"yoast_head":"<!-- This site is optimized with the Yoast SEO plugin v27.4 - https:\/\/yoast.com\/product\/yoast-seo-wordpress\/ -->\n<title>Stylizacje na \u015bwi\u0119ta \u2013 jak wygl\u0105da\u0107 elegancko i czu\u0107 si\u0119 komfortowo? - Bialcon<\/title>\n<meta name=\"robots\" content=\"index, follow, max-snippet:-1, max-image-preview:large, max-video-preview:-1\" \/>\n<link rel=\"canonical\" href=\"https:\/\/bialcon.pl\/blog\/stylizacje-na-swieta-jak-wygladac-elegancko-i-czuc-sie-komfortowo\/\" \/>\n<meta name=\"twitter:label1\" content=\"Napisane przez\" \/>\n\t<meta name=\"twitter:data1\" content=\"Ma\u0142gorzata Brzezi\u0144ska\" \/>\n\t<meta name=\"twitter:label2\" content=\"Szacowany czas czytania\" \/>\n\t<meta name=\"twitter:data2\" content=\"8 minut\" \/>\n<script type=\"application\/ld+json\" class=\"yoast-schema-graph\">{\"@context\":\"https:\\\/\\\/schema.org\",\"@graph\":[{\"@type\":\"Article\",\"@id\":\"https:\\\/\\\/bialcon.pl\\\/blog\\\/stylizacje-na-swieta-jak-wygladac-elegancko-i-czuc-sie-komfortowo\\\/#article\",\"isPartOf\":{\"@id\":\"https:\\\/\\\/bialcon.pl\\\/blog\\\/stylizacje-na-swieta-jak-wygladac-elegancko-i-czuc-sie-komfortowo\\\/\"},\"author\":{\"name\":\"Ma\u0142gorzata Brzezi\u0144ska\",\"@id\":\"https:\\\/\\\/bialcon.pl\\\/blog\\\/#\\\/schema\\\/person\\\/cbbe4ae2297c5abd7376399985d5fabb\"},\"headline\":\"Stylizacje na \u015bwi\u0119ta \u2013 jak wygl\u0105da\u0107 elegancko i czu\u0107 si\u0119 komfortowo?\",\"datePublished\":\"2025-12-04T09:00:00+00:00\",\"dateModified\":\"2026-04-16T08:56:24+00:00\",\"mainEntityOfPage\":{\"@id\":\"https:\\\/\\\/bialcon.pl\\\/blog\\\/stylizacje-na-swieta-jak-wygladac-elegancko-i-czuc-sie-komfortowo\\\/\"},\"wordCount\":1576,\"image\":{\"@id\":\"https:\\\/\\\/bialcon.pl\\\/blog\\\/stylizacje-na-swieta-jak-wygladac-elegancko-i-czuc-sie-komfortowo\\\/#primaryimage\"},\"thumbnailUrl\":\"https:\\\/\\\/bialcon.pl\\\/blog\\\/wp-content\\\/uploads\\\/2025\\\/12\\\/Projekt-bez-nazwy-15-1.png\",\"articleSection\":[\"Porady Stylistki\",\"Wszystkie wpisy\"],\"inLanguage\":\"pl-PL\"},{\"@type\":\"WebPage\",\"@id\":\"https:\\\/\\\/bialcon.pl\\\/blog\\\/stylizacje-na-swieta-jak-wygladac-elegancko-i-czuc-sie-komfortowo\\\/\",\"url\":\"https:\\\/\\\/bialcon.pl\\\/blog\\\/stylizacje-na-swieta-jak-wygladac-elegancko-i-czuc-sie-komfortowo\\\/\",\"name\":\"Stylizacje na \u015bwi\u0119ta \u2013 jak wygl\u0105da\u0107 elegancko i czu\u0107 si\u0119 komfortowo? - Bialcon\",\"isPartOf\":{\"@id\":\"https:\\\/\\\/bialcon.pl\\\/blog\\\/#website\"},\"primaryImageOfPage\":{\"@id\":\"https:\\\/\\\/bialcon.pl\\\/blog\\\/stylizacje-na-swieta-jak-wygladac-elegancko-i-czuc-sie-komfortowo\\\/#primaryimage\"},\"image\":{\"@id\":\"https:\\\/\\\/bialcon.pl\\\/blog\\\/stylizacje-na-swieta-jak-wygladac-elegancko-i-czuc-sie-komfortowo\\\/#primaryimage\"},\"thumbnailUrl\":\"https:\\\/\\\/bialcon.pl\\\/blog\\\/wp-content\\\/uploads\\\/2025\\\/12\\\/Projekt-bez-nazwy-15-1.png\",\"datePublished\":\"2025-12-04T09:00:00+00:00\",\"dateModified\":\"2026-04-16T08:56:24+00:00\",\"author\":{\"@id\":\"https:\\\/\\\/bialcon.pl\\\/blog\\\/#\\\/schema\\\/person\\\/cbbe4ae2297c5abd7376399985d5fabb\"},\"breadcrumb\":{\"@id\":\"https:\\\/\\\/bialcon.pl\\\/blog\\\/stylizacje-na-swieta-jak-wygladac-elegancko-i-czuc-sie-komfortowo\\\/#breadcrumb\"},\"inLanguage\":\"pl-PL\",\"potentialAction\":[{\"@type\":\"ReadAction\",\"target\":[\"https:\\\/\\\/bialcon.pl\\\/blog\\\/stylizacje-na-swieta-jak-wygladac-elegancko-i-czuc-sie-komfortowo\\\/\"]}]},{\"@type\":\"ImageObject\",\"inLanguage\":\"pl-PL\",\"@id\":\"https:\\\/\\\/bialcon.pl\\\/blog\\\/stylizacje-na-swieta-jak-wygladac-elegancko-i-czuc-sie-komfortowo\\\/#primaryimage\",\"url\":\"https:\\\/\\\/bialcon.pl\\\/blog\\\/wp-content\\\/uploads\\\/2025\\\/12\\\/Projekt-bez-nazwy-15-1.png\",\"contentUrl\":\"https:\\\/\\\/bialcon.pl\\\/blog\\\/wp-content\\\/uploads\\\/2025\\\/12\\\/Projekt-bez-nazwy-15-1.png\",\"width\":960,\"height\":850,\"caption\":\"Wizualizacja kobiety w sukience na \u015awi\u0119ta\"},{\"@type\":\"BreadcrumbList\",\"@id\":\"https:\\\/\\\/bialcon.pl\\\/blog\\\/stylizacje-na-swieta-jak-wygladac-elegancko-i-czuc-sie-komfortowo\\\/#breadcrumb\",\"itemListElement\":[{\"@type\":\"ListItem\",\"position\":1,\"name\":\"Strona g\u0142\u00f3wna\",\"item\":\"https:\\\/\\\/bialcon.pl\\\/blog\\\/\"},{\"@type\":\"ListItem\",\"position\":2,\"name\":\"Porady Stylistki\",\"item\":\"https:\\\/\\\/bialcon.pl\\\/blog\\\/porady-stylistki\\\/\"},{\"@type\":\"ListItem\",\"position\":3,\"name\":\"Stylizacje na \u015bwi\u0119ta \u2013 jak wygl\u0105da\u0107 elegancko i czu\u0107 si\u0119 komfortowo?\"}]},{\"@type\":\"WebSite\",\"@id\":\"https:\\\/\\\/bialcon.pl\\\/blog\\\/#website\",\"url\":\"https:\\\/\\\/bialcon.pl\\\/blog\\\/\",\"name\":\"bialcon.pl\\\/blog\\\/\",\"description\":\"Fashion Blog w zasi\u0119gu Twojej r\u0119ki\",\"potentialAction\":[{\"@type\":\"SearchAction\",\"target\":{\"@type\":\"EntryPoint\",\"urlTemplate\":\"https:\\\/\\\/bialcon.pl\\\/blog\\\/?s={search_term_string}\"},\"query-input\":{\"@type\":\"PropertyValueSpecification\",\"valueRequired\":true,\"valueName\":\"search_term_string\"}}],\"inLanguage\":\"pl-PL\"},{\"@type\":\"Person\",\"@id\":\"https:\\\/\\\/bialcon.pl\\\/blog\\\/#\\\/schema\\\/person\\\/cbbe4ae2297c5abd7376399985d5fabb\",\"name\":\"Ma\u0142gorzata Brzezi\u0144ska\",\"image\":{\"@type\":\"ImageObject\",\"inLanguage\":\"pl-PL\",\"@id\":\"https:\\\/\\\/secure.gravatar.com\\\/avatar\\\/3fc4a4cdba63586f503a5c5711e9b04d01ab1234b186b03e727ad902b6f4912d?s=96&d=mm&r=g\",\"url\":\"https:\\\/\\\/secure.gravatar.com\\\/avatar\\\/3fc4a4cdba63586f503a5c5711e9b04d01ab1234b186b03e727ad902b6f4912d?s=96&d=mm&r=g\",\"contentUrl\":\"https:\\\/\\\/secure.gravatar.com\\\/avatar\\\/3fc4a4cdba63586f503a5c5711e9b04d01ab1234b186b03e727ad902b6f4912d?s=96&d=mm&r=g\",\"caption\":\"Ma\u0142gorzata Brzezi\u0144ska\"},\"description\":\"Autorka tre\u015bci z zakresu mody, urody i stylu \u017cycia. Tworzy artyku\u0142y i poradniki oparte na analizie trend\u00f3w oraz potrzeb u\u017cytkownik\u00f3w, \u0142\u0105cz\u0105c wiedz\u0119 z zakresu komunikacji marketingowej i praktyki contentowej. Specjalizuje si\u0119 w bran\u017cach fashion, beauty &amp; health oraz gourmet food, przygotowuj\u0105c tre\u015bci dopasowane do realnych sytuacji i wybor\u00f3w konsumenckich. Na co dzie\u0144 zajmuje si\u0119 r\u00f3wnie\u017c content marketingiem i SEO.\",\"sameAs\":[\"https:\\\/\\\/www.linkedin.com\\\/in\\\/gosia-brzezinska-827052b4\\\/\"],\"url\":\"https:\\\/\\\/bialcon.pl\\\/blog\\\/author\\\/brzezinska\\\/\"}]}<\/script>\n<!-- \/ Yoast SEO plugin. -->","yoast_head_json":{"title":"Stylizacje na \u015bwi\u0119ta \u2013 jak wygl\u0105da\u0107 elegancko i czu\u0107 si\u0119 komfortowo? - Bialcon","robots":{"index":"index","follow":"follow","max-snippet":"max-snippet:-1","max-image-preview":"max-image-preview:large","max-video-preview":"max-video-preview:-1"},"canonical":"https:\/\/bialcon.pl\/blog\/stylizacje-na-swieta-jak-wygladac-elegancko-i-czuc-sie-komfortowo\/","twitter_misc":{"Napisane przez":"Ma\u0142gorzata Brzezi\u0144ska","Szacowany czas czytania":"8 minut"},"schema":{"@context":"https:\/\/schema.org","@graph":[{"@type":"Article","@id":"https:\/\/bialcon.pl\/blog\/stylizacje-na-swieta-jak-wygladac-elegancko-i-czuc-sie-komfortowo\/#article","isPartOf":{"@id":"https:\/\/bialcon.pl\/blog\/stylizacje-na-swieta-jak-wygladac-elegancko-i-czuc-sie-komfortowo\/"},"author":{"name":"Ma\u0142gorzata Brzezi\u0144ska","@id":"https:\/\/bialcon.pl\/blog\/#\/schema\/person\/cbbe4ae2297c5abd7376399985d5fabb"},"headline":"Stylizacje na \u015bwi\u0119ta \u2013 jak wygl\u0105da\u0107 elegancko i czu\u0107 si\u0119 komfortowo?","datePublished":"2025-12-04T09:00:00+00:00","dateModified":"2026-04-16T08:56:24+00:00","mainEntityOfPage":{"@id":"https:\/\/bialcon.pl\/blog\/stylizacje-na-swieta-jak-wygladac-elegancko-i-czuc-sie-komfortowo\/"},"wordCount":1576,"image":{"@id":"https:\/\/bialcon.pl\/blog\/stylizacje-na-swieta-jak-wygladac-elegancko-i-czuc-sie-komfortowo\/#primaryimage"},"thumbnailUrl":"https:\/\/bialcon.pl\/blog\/wp-content\/uploads\/2025\/12\/Projekt-bez-nazwy-15-1.png","articleSection":["Porady Stylistki","Wszystkie wpisy"],"inLanguage":"pl-PL"},{"@type":"WebPage","@id":"https:\/\/bialcon.pl\/blog\/stylizacje-na-swieta-jak-wygladac-elegancko-i-czuc-sie-komfortowo\/","url":"https:\/\/bialcon.pl\/blog\/stylizacje-na-swieta-jak-wygladac-elegancko-i-czuc-sie-komfortowo\/","name":"Stylizacje na \u015bwi\u0119ta \u2013 jak wygl\u0105da\u0107 elegancko i czu\u0107 si\u0119 komfortowo? - Bialcon","isPartOf":{"@id":"https:\/\/bialcon.pl\/blog\/#website"},"primaryImageOfPage":{"@id":"https:\/\/bialcon.pl\/blog\/stylizacje-na-swieta-jak-wygladac-elegancko-i-czuc-sie-komfortowo\/#primaryimage"},"image":{"@id":"https:\/\/bialcon.pl\/blog\/stylizacje-na-swieta-jak-wygladac-elegancko-i-czuc-sie-komfortowo\/#primaryimage"},"thumbnailUrl":"https:\/\/bialcon.pl\/blog\/wp-content\/uploads\/2025\/12\/Projekt-bez-nazwy-15-1.png","datePublished":"2025-12-04T09:00:00+00:00","dateModified":"2026-04-16T08:56:24+00:00","author":{"@id":"https:\/\/bialcon.pl\/blog\/#\/schema\/person\/cbbe4ae2297c5abd7376399985d5fabb"},"breadcrumb":{"@id":"https:\/\/bialcon.pl\/blog\/stylizacje-na-swieta-jak-wygladac-elegancko-i-czuc-sie-komfortowo\/#breadcrumb"},"inLanguage":"pl-PL","potentialAction":[{"@type":"ReadAction","target":["https:\/\/bialcon.pl\/blog\/stylizacje-na-swieta-jak-wygladac-elegancko-i-czuc-sie-komfortowo\/"]}]},{"@type":"ImageObject","inLanguage":"pl-PL","@id":"https:\/\/bialcon.pl\/blog\/stylizacje-na-swieta-jak-wygladac-elegancko-i-czuc-sie-komfortowo\/#primaryimage","url":"https:\/\/bialcon.pl\/blog\/wp-content\/uploads\/2025\/12\/Projekt-bez-nazwy-15-1.png","contentUrl":"https:\/\/bialcon.pl\/blog\/wp-content\/uploads\/2025\/12\/Projekt-bez-nazwy-15-1.png","width":960,"height":850,"caption":"Wizualizacja kobiety w sukience na \u015awi\u0119ta"},{"@type":"BreadcrumbList","@id":"https:\/\/bialcon.pl\/blog\/stylizacje-na-swieta-jak-wygladac-elegancko-i-czuc-sie-komfortowo\/#breadcrumb","itemListElement":[{"@type":"ListItem","position":1,"name":"Strona g\u0142\u00f3wna","item":"https:\/\/bialcon.pl\/blog\/"},{"@type":"ListItem","position":2,"name":"Porady Stylistki","item":"https:\/\/bialcon.pl\/blog\/porady-stylistki\/"},{"@type":"ListItem","position":3,"name":"Stylizacje na \u015bwi\u0119ta \u2013 jak wygl\u0105da\u0107 elegancko i czu\u0107 si\u0119 komfortowo?"}]},{"@type":"WebSite","@id":"https:\/\/bialcon.pl\/blog\/#website","url":"https:\/\/bialcon.pl\/blog\/","name":"bialcon.pl\/blog\/","description":"Fashion Blog w zasi\u0119gu Twojej r\u0119ki","potentialAction":[{"@type":"SearchAction","target":{"@type":"EntryPoint","urlTemplate":"https:\/\/bialcon.pl\/blog\/?s={search_term_string}"},"query-input":{"@type":"PropertyValueSpecification","valueRequired":true,"valueName":"search_term_string"}}],"inLanguage":"pl-PL"},{"@type":"Person","@id":"https:\/\/bialcon.pl\/blog\/#\/schema\/person\/cbbe4ae2297c5abd7376399985d5fabb","name":"Ma\u0142gorzata Brzezi\u0144ska","image":{"@type":"ImageObject","inLanguage":"pl-PL","@id":"https:\/\/secure.gravatar.com\/avatar\/3fc4a4cdba63586f503a5c5711e9b04d01ab1234b186b03e727ad902b6f4912d?s=96&d=mm&r=g","url":"https:\/\/secure.gravatar.com\/avatar\/3fc4a4cdba63586f503a5c5711e9b04d01ab1234b186b03e727ad902b6f4912d?s=96&d=mm&r=g","contentUrl":"https:\/\/secure.gravatar.com\/avatar\/3fc4a4cdba63586f503a5c5711e9b04d01ab1234b186b03e727ad902b6f4912d?s=96&d=mm&r=g","caption":"Ma\u0142gorzata Brzezi\u0144ska"},"description":"Autorka tre\u015bci z zakresu mody, urody i stylu \u017cycia. Tworzy artyku\u0142y i poradniki oparte na analizie trend\u00f3w oraz potrzeb u\u017cytkownik\u00f3w, \u0142\u0105cz\u0105c wiedz\u0119 z zakresu komunikacji marketingowej i praktyki contentowej. Specjalizuje si\u0119 w bran\u017cach fashion, beauty &amp; health oraz gourmet food, przygotowuj\u0105c tre\u015bci dopasowane do realnych sytuacji i wybor\u00f3w konsumenckich. Na co dzie\u0144 zajmuje si\u0119 r\u00f3wnie\u017c content marketingiem i SEO.","sameAs":["https:\/\/www.linkedin.com\/in\/gosia-brzezinska-827052b4\/"],"url":"https:\/\/bialcon.pl\/blog\/author\/brzezinska\/"}]}},"_links":{"self":[{"href":"https:\/\/bialcon.pl\/blog\/wp-json\/wp\/v2\/posts\/12733","targetHints":{"allow":["GET"]}}],"collection":[{"href":"https:\/\/bialcon.pl\/blog\/wp-json\/wp\/v2\/posts"}],"about":[{"href":"https:\/\/bialcon.pl\/blog\/wp-json\/wp\/v2\/types\/post"}],"author":[{"embeddable":true,"href":"https:\/\/bialcon.pl\/blog\/wp-json\/wp\/v2\/users\/10"}],"replies":[{"embeddable":true,"href":"https:\/\/bialcon.pl\/blog\/wp-json\/wp\/v2\/comments?post=12733"}],"version-history":[{"count":2,"href":"https:\/\/bialcon.pl\/blog\/wp-json\/wp\/v2\/posts\/12733\/revisions"}],"predecessor-version":[{"id":12885,"href":"https:\/\/bialcon.pl\/blog\/wp-json\/wp\/v2\/posts\/12733\/revisions\/12885"}],"wp:featuredmedia":[{"embeddable":true,"href":"https:\/\/bialcon.pl\/blog\/wp-json\/wp\/v2\/media\/12734"}],"wp:attachment":[{"href":"https:\/\/bialcon.pl\/blog\/wp-json\/wp\/v2\/media?parent=12733"}],"wp:term":[{"taxonomy":"category","embeddable":true,"href":"https:\/\/bialcon.pl\/blog\/wp-json\/wp\/v2\/categories?post=12733"},{"taxonomy":"post_tag","embeddable":true,"href":"https:\/\/bialcon.pl\/blog\/wp-json\/wp\/v2\/tags?post=12733"}],"curies":[{"name":"wp","href":"https:\/\/api.w.org\/{rel}","templated":true}]}}