{"id":12727,"date":"2025-11-27T10:00:00","date_gmt":"2025-11-27T09:00:00","guid":{"rendered":"https:\/\/bialcon.pl\/blog\/?p=12727"},"modified":"2025-11-26T16:25:59","modified_gmt":"2025-11-26T15:25:59","slug":"stylizacje-swiateczne-damskie","status":"publish","type":"post","link":"https:\/\/bialcon.pl\/blog\/stylizacje-swiateczne-damskie\/","title":{"rendered":"Stylizacje \u015bwi\u0105teczne damskie \u2013 jak si\u0119 ubra\u0107 na Wigili\u0119, \u015awi\u0119ta i rodzinne spotkania?"},"content":{"rendered":"<div id=\"ez-toc-container\" class=\"ez-toc-v2_0_82_2 counter-hierarchy ez-toc-counter ez-toc-custom ez-toc-container-direction\">\n<div class=\"ez-toc-title-container\"><p class=\"ez-toc-title\" style=\"cursor:inherit\">Spis Tre\u015bci<\/p>\n<\/div><nav><ul class='ez-toc-list ez-toc-list-level-1 ' ><li class='ez-toc-page-1 ez-toc-heading-level-2'><a class=\"ez-toc-link ez-toc-heading-1\" href=\"https:\/\/bialcon.pl\/blog\/stylizacje-swiateczne-damskie\/#Stylizacje_swiateczne_damskie_%E2%80%93_klasyka_i_elegancja_na_Wigilie\" >Stylizacje \u015bwi\u0105teczne damskie \u2013 klasyka i elegancja na Wigili\u0119<\/a><\/li><li class='ez-toc-page-1 ez-toc-heading-level-2'><a class=\"ez-toc-link ez-toc-heading-2\" href=\"https:\/\/bialcon.pl\/blog\/stylizacje-swiateczne-damskie\/#Swiateczne_ubrania_inspirowane_tradycja\" >\u015awi\u0105teczne ubrania inspirowane tradycj\u0105<\/a><\/li><li class='ez-toc-page-1 ez-toc-heading-level-2'><a class=\"ez-toc-link ez-toc-heading-3\" href=\"https:\/\/bialcon.pl\/blog\/stylizacje-swiateczne-damskie\/#Ubrania_swiateczne_damskie_%E2%80%93_elegancja_w_praktyce\" >Ubrania \u015bwi\u0105teczne damskie \u2013 elegancja w praktyce<\/a><\/li><li class='ez-toc-page-1 ez-toc-heading-level-2'><a class=\"ez-toc-link ez-toc-heading-4\" href=\"https:\/\/bialcon.pl\/blog\/stylizacje-swiateczne-damskie\/#Swiateczne_ubrania_z_motywem_swiatecznym_%E2%80%93_subtelny_urok_detali\" >\u015awi\u0105teczne ubrania z motywem \u015bwi\u0105tecznym \u2013 subtelny urok detali<\/a><\/li><li class='ez-toc-page-1 ez-toc-heading-level-2'><a class=\"ez-toc-link ez-toc-heading-5\" href=\"https:\/\/bialcon.pl\/blog\/stylizacje-swiateczne-damskie\/#Stylizacje_swiateczne_damskie_%E2%80%93_sukienki_pelne_wdzieku\" >Stylizacje \u015bwi\u0105teczne damskie \u2013 sukienki pe\u0142ne wdzi\u0119ku<\/a><\/li><li class='ez-toc-page-1 ez-toc-heading-level-2'><a class=\"ez-toc-link ez-toc-heading-6\" href=\"https:\/\/bialcon.pl\/blog\/stylizacje-swiateczne-damskie\/#Swiateczne_ubrania_%E2%80%93_swetry_ktore_kochamy\" >\u015awi\u0105teczne ubrania \u2013 swetry, kt\u00f3re kochamy<\/a><\/li><li class='ez-toc-page-1 ez-toc-heading-level-2'><a class=\"ez-toc-link ez-toc-heading-7\" href=\"https:\/\/bialcon.pl\/blog\/stylizacje-swiateczne-damskie\/#Ubrania_swiateczne_damskie_z_polyskiem\" >Ubrania \u015bwi\u0105teczne damskie z po\u0142yskiem<\/a><\/li><li class='ez-toc-page-1 ez-toc-heading-level-2'><a class=\"ez-toc-link ez-toc-heading-8\" href=\"https:\/\/bialcon.pl\/blog\/stylizacje-swiateczne-damskie\/#Stylizacje_swiateczne_damskie_%E2%80%93_casualowy_szyk\" >Stylizacje \u015bwi\u0105teczne damskie \u2013 casualowy szyk<\/a><\/li><li class='ez-toc-page-1 ez-toc-heading-level-2'><a class=\"ez-toc-link ez-toc-heading-9\" href=\"https:\/\/bialcon.pl\/blog\/stylizacje-swiateczne-damskie\/#Swiateczne_ubrania_i_bizuteria_%E2%80%93_blask_w_detalach\" >\u015awi\u0105teczne ubrania i bi\u017cuteria \u2013 blask w detalach<\/a><\/li><li class='ez-toc-page-1 ez-toc-heading-level-2'><a class=\"ez-toc-link ez-toc-heading-10\" href=\"https:\/\/bialcon.pl\/blog\/stylizacje-swiateczne-damskie\/#Stylizacje_swiateczne_damskie_%E2%80%93_magia_wspolnych_chwil\" >Stylizacje \u015bwi\u0105teczne damskie \u2013 magia wsp\u00f3lnych chwil<\/a><\/li><li class='ez-toc-page-1 ez-toc-heading-level-2'><a class=\"ez-toc-link ez-toc-heading-11\" href=\"https:\/\/bialcon.pl\/blog\/stylizacje-swiateczne-damskie\/#FAQ\" >FAQ<\/a><\/li><li class='ez-toc-page-1 ez-toc-heading-level-2'><a class=\"ez-toc-link ez-toc-heading-12\" href=\"https:\/\/bialcon.pl\/blog\/stylizacje-swiateczne-damskie\/#Jakie_kolory_dominuja_w_swiatecznych_ubraniach_w_tym_sezonie\" >Jakie kolory dominuj\u0105 w \u015bwi\u0105tecznych ubraniach w tym sezonie?<\/a><\/li><li class='ez-toc-page-1 ez-toc-heading-level-2'><a class=\"ez-toc-link ez-toc-heading-13\" href=\"https:\/\/bialcon.pl\/blog\/stylizacje-swiateczne-damskie\/#Jakie_swiateczne_ubrania_wybrac_jesli_zalezy_mi_na_komforcie\" >Jakie \u015bwi\u0105teczne ubrania wybra\u0107, je\u015bli zale\u017cy mi na komforcie?<\/a><\/li><li class='ez-toc-page-1 ez-toc-heading-level-2'><a class=\"ez-toc-link ez-toc-heading-14\" href=\"https:\/\/bialcon.pl\/blog\/stylizacje-swiateczne-damskie\/#Jakie_dodatki_najlepiej_pasuja_do_swiatecznych_stylizacji\" >Jakie dodatki najlepiej pasuj\u0105 do \u015bwi\u0105tecznych stylizacji?<\/a><\/li><\/ul><\/nav><\/div>\n\n<p>&nbsp;\u015awi\u0119ta Bo\u017cego Narodzenia kojarz\u0105 si\u0119 jako czas pe\u0142en ciep\u0142a, blisko\u015bci i wsp\u00f3lnych chwil. W gronie najbli\u017cszych chcemy wygl\u0105da\u0107 stylowo, ale te\u017c czu\u0107 si\u0119 komfortowo. Stylizacje \u015bwi\u0105teczne damskie to doskona\u0142a okazja, by po\u0142\u0105czy\u0107 elegancj\u0119 z wygod\u0105 i wyrazi\u0107 siebie poprzez mod\u0119. Jak dobra\u0107 \u015bwi\u0105teczne ubrania, by pasowa\u0142y do charakteru spotkania, miejsca i Twojej osobowo\u015bci? Zainspiruj si\u0119 naszym przewodnikiem.<\/p>\n\n\n\n<h2 class=\"wp-block-heading\"><span class=\"ez-toc-section\" id=\"Stylizacje_swiateczne_damskie_%E2%80%93_klasyka_i_elegancja_na_Wigilie\"><\/span>Stylizacje \u015bwi\u0105teczne damskie \u2013 klasyka i elegancja na Wigili\u0119<span class=\"ez-toc-section-end\"><\/span><\/h2>\n\n\n\n<p>Wigilia to szczeg\u00f3lny wiecz\u00f3r, podczas kt\u00f3rego ka\u017cda kobieta pragnie wygl\u0105da\u0107 z klas\u0105. Postaw na ubrania \u015bwi\u0105teczne damskie, kt\u00f3re \u0142\u0105cz\u0105 ponadczasow\u0105 elegancj\u0119 z subtelnym wdzi\u0119kiem. Sukienki o\u0142\u00f3wkowym kroju w odcieniu granatu, bordo lub butelkowej zieleni b\u0119d\u0105 \u015bwietnym wyborem. Dla mi\u0142o\u015bniczek klasyki idealna b\u0119dzie ma\u0142a czarna z delikatnymi dodatkami. Warto te\u017c pami\u0119ta\u0107, \u017ce proste fasony pozwalaj\u0105 na wi\u0119ksze pole do zabawy bi\u017cuteri\u0105 \u2013 b\u0142yszcz\u0105ce kolczyki, bransoletki lub naszyjniki potrafi\u0105 ca\u0142kowicie odmieni\u0107 charakter stylizacji.<\/p>\n\n\n\r\n<div class=\"product-block-container swiper mySwiperProductBlock\">\r\n    <div class=\"product-block-swiper swiper-wrapper\">\r\n                    <div class=\"swiper-slide product-block-item\" data-id=\"147575\">\r\n                <a href=\"https:\/\/bialcon.pl\/dluga-satynowa-sukienka-z-odkrytym-ramieniem?utm_source=blog&utm_medium=trendy&utm_campaign=271125\" class=\"product-block-url\" target=\"_blank\">\r\n                    <div class=\"product-block-image\">\r\n                        <img decoding=\"async\" width=\"300\" height=\"400\" src=\"https:\/\/bialcon.pl\/picture\/dluga-satynowa-sukienka-z-odkrytym-ramieniem_1.jpg\" alt=\"D\u0142uga satynowa sukienka z odkrytym ramieniem\">\r\n                    <\/div>\r\n                    <div class=\"product-block-name\">\r\n                        <p>D\u0142uga satynowa sukienka z odkrytym ramieniem<\/p>\r\n                    <\/div>\r\n                <\/a>\r\n            <\/div>\r\n                    <div class=\"swiper-slide product-block-item\" data-id=\"147606\">\r\n                <a href=\"https:\/\/bialcon.pl\/wizytowa-turkusowa-sukienka-z-lekkiej-posykujacej-tafty?utm_source=blog&utm_medium=trendy&utm_campaign=271125\" class=\"product-block-url\" target=\"_blank\">\r\n                    <div class=\"product-block-image\">\r\n                        <img decoding=\"async\" width=\"300\" height=\"400\" src=\"https:\/\/bialcon.pl\/picture\/wizytowa-turkusowa-sukienka-z-lekkiej-posykujacej-tafty_2.jpg\" alt=\"Wizytowa turkusowa sukienka z lekkiej posykuj\u0105cej tafty\">\r\n                    <\/div>\r\n                    <div class=\"product-block-name\">\r\n                        <p>Wizytowa turkusowa sukienka z lekkiej posykuj\u0105cej tafty<\/p>\r\n                    <\/div>\r\n                <\/a>\r\n            <\/div>\r\n                    <div class=\"swiper-slide product-block-item\" data-id=\"147615\">\r\n                <a href=\"https:\/\/bialcon.pl\/dzianinowa-sukienka-z-marszczeniem-i-ozdoba-w-talii?utm_source=blog&utm_medium=trendy&utm_campaign=271125\" class=\"product-block-url\" target=\"_blank\">\r\n                    <div class=\"product-block-image\">\r\n                        <img decoding=\"async\" width=\"300\" height=\"400\" src=\"https:\/\/bialcon.pl\/picture\/dzianinowa-sukienka-z-marszczeniem-i-ozdoba-w-talii_3.jpg\" alt=\"Dzianinowa sukienka z marszczeniem i ozdob\u0105 w talii\">\r\n                    <\/div>\r\n                    <div class=\"product-block-name\">\r\n                        <p>Dzianinowa sukienka z marszczeniem i ozdob\u0105 w talii<\/p>\r\n                    <\/div>\r\n                <\/a>\r\n            <\/div>\r\n            <\/div>\r\n<\/div>\r\n\n\n\n\n<h2 class=\"wp-block-heading\"><span class=\"ez-toc-section\" id=\"Swiateczne_ubrania_inspirowane_tradycja\"><\/span>\u015awi\u0105teczne ubrania inspirowane tradycj\u0105<span class=\"ez-toc-section-end\"><\/span><\/h2>\n\n\n\n<p>Tradycyjne kolory, takie jak czerwie\u0144, z\u0142oto i ziele\u0144, od lat kr\u00f3luj\u0105 w \u015bwi\u0105tecznych trendach. \u015awi\u0105teczne ubrania w tych odcieniach nie tylko podkre\u015blaj\u0105 \u015bwi\u0105teczny klimat, ale te\u017c dodaj\u0105 uroku. Mo\u017cemy zdecydowa\u0107 si\u0119 na g\u0142adk\u0105 sukienk\u0119, \u017cakardow\u0105 sp\u00f3dnic\u0119 lub koszul\u0119 z haftem nawi\u0105zuj\u0105cym do choinki czy p\u0142atk\u00f3w \u015bniegu. Coraz wi\u0119kszym powodzeniem ciesz\u0105 si\u0119 te\u017c zestawy w krat\u0119 \u2013 to ponadczasowy wz\u00f3r, kt\u00f3ry \u015bwietnie wygl\u0105da zar\u00f3wno w eleganckim, jak i codziennym wydaniu.<\/p>\n\n\n\n<h2 class=\"wp-block-heading\"><span class=\"ez-toc-section\" id=\"Ubrania_swiateczne_damskie_%E2%80%93_elegancja_w_praktyce\"><\/span>Ubrania \u015bwi\u0105teczne damskie \u2013 elegancja w praktyce<span class=\"ez-toc-section-end\"><\/span><\/h2>\n\n\n\n<p>W czasie \u015bwi\u0105t liczy si\u0119 r\u00f3wnie\u017c wygoda. Zamiast obcis\u0142ych fason\u00f3w wybierz ubrania \u015bwi\u0105teczne damskie z mi\u0119kkich, przyjemnych materia\u0142\u00f3w, kt\u00f3re pi\u0119knie uk\u0142adaj\u0105 si\u0119 na sylwetce. Dzianinowe sukienki z paskiem w talii to propozycja dla kobiet, kt\u00f3re ceni\u0105 wygod\u0119, ale nie chc\u0105 rezygnowa\u0107 ze stylu. Coraz wi\u0119cej marek stawia te\u017c na naturalne materia\u0142y \u2013 we\u0142n\u0119, bawe\u0142n\u0119 organiczn\u0105 czy len, kt\u00f3re pozwalaj\u0105 sk\u00f3rze oddycha\u0107, a jednocze\u015bnie prezentuj\u0105 si\u0119 niezwykle elegancko.<\/p>\n\n\n\r\n<div class=\"product-block-container swiper mySwiperProductBlock\">\r\n    <div class=\"product-block-swiper swiper-wrapper\">\r\n            <\/div>\r\n<\/div>\r\n\n\n\n\n<h2 class=\"wp-block-heading\"><span class=\"ez-toc-section\" id=\"Swiateczne_ubrania_z_motywem_swiatecznym_%E2%80%93_subtelny_urok_detali\"><\/span>\u015awi\u0105teczne ubrania z motywem \u015bwi\u0105tecznym \u2013 subtelny urok detali<span class=\"ez-toc-section-end\"><\/span><\/h2>\n\n\n\n<p>Detale potrafi\u0105 zmieni\u0107 ca\u0142\u0105 stylizacj\u0119. Ubrania z motywem \u015bwi\u0105tecznym, na przyk\u0142ad z nadrukiem renifer\u00f3w, norweskich wzor\u00f3w czy delikatnych p\u0142atk\u00f3w \u015bniegu, to spos\u00f3b na pokazanie radosnego podej\u015bcia do mody. W po\u0142\u0105czeniu z eleganckimi spodniami i botkami na niskim obcasie, taki zestaw wygl\u0105da stylowo i z klas\u0105. W ostatnich latach modne s\u0105 tak\u017ce tkaniny z lekkim po\u0142yskiem \u2013 wprowadzaj\u0105 nut\u0119 luksusu i \u015bwi\u0105tecznej magii.<\/p>\n\n\n\n<h2 class=\"wp-block-heading\"><span class=\"ez-toc-section\" id=\"Stylizacje_swiateczne_damskie_%E2%80%93_sukienki_pelne_wdzieku\"><\/span>Stylizacje \u015bwi\u0105teczne damskie \u2013 sukienki pe\u0142ne wdzi\u0119ku<span class=\"ez-toc-section-end\"><\/span><\/h2>\n\n\n\n<p>Sukienki to kwintesencja kobieco\u015bci. W gronie rodziny najlepiej sprawdz\u0105 si\u0119 modele midi z rozkloszowanym do\u0142em, kt\u00f3re pi\u0119knie podkre\u015blaj\u0105 sylwetk\u0119. Do tego wystarczy para klasycznych kolczyk\u00f3w, lekki makija\u017c i subtelna bi\u017cuteria, by stworzy\u0107 stylizacj\u0119, kt\u00f3ra dodaje pewno\u015bci siebie. Kobiety, kt\u00f3re lubi\u0105 romantyczne akcenty, mog\u0105 wybra\u0107 koronkowe wyko\u0144czenia, falbanki lub delikatne kokardy \u2013 te detale dodaj\u0105 uroku i podkre\u015blaj\u0105 \u015bwi\u0105teczny klimat.<\/p>\n\n\n\n<h2 class=\"wp-block-heading\"><span class=\"ez-toc-section\" id=\"Swiateczne_ubrania_%E2%80%93_swetry_ktore_kochamy\"><\/span>\u015awi\u0105teczne ubrania \u2013 swetry, kt\u00f3re kochamy<span class=\"ez-toc-section-end\"><\/span><\/h2>\n\n\n\n<p>Ciep\u0142e, mi\u0119kkie swetry to nieod\u0142\u0105czny element sezonu zimowego. Te z motywem \u015bwi\u0105tecznym sprawdzaj\u0105 si\u0119 nie tylko podczas kolacji wigilijnej, ale te\u017c na luzie, podczas \u015bwi\u0105tecznego poranka z kaw\u0105 i prezentami. Modele z miko\u0142ajami, reniferami lub w stylu norweskim idealnie wprowadzaj\u0105 domowy, \u015bwi\u0105teczny klimat. Do swetra warto dobra\u0107 sp\u00f3dnic\u0119 lub spodnie z wysokim stanem, a ca\u0142o\u015b\u0107 uzupe\u0142ni\u0107 o stylowe dodatki \u2013 szalik, opask\u0119 lub ma\u0142\u0105 torebk\u0119 w kolorze czerwieni.<\/p>\n\n\n\r\n<div class=\"product-block-container swiper mySwiperProductBlock\">\r\n    <div class=\"product-block-swiper swiper-wrapper\">\r\n                    <div class=\"swiper-slide product-block-item\" data-id=\"147505\">\r\n                <a href=\"https:\/\/bialcon.pl\/codzienna-wygodna-narzutka-z-brazowej-dzianiny?utm_source=blog&utm_medium=trendy&utm_campaign=271125\" class=\"product-block-url\" target=\"_blank\">\r\n                    <div class=\"product-block-image\">\r\n                        <img decoding=\"async\" width=\"300\" height=\"400\" src=\"https:\/\/bialcon.pl\/picture\/codzienna-wygodna-narzutka-z-brazowej-dzianiny_4.jpg\" alt=\"Codzienna wygodna narzutka z br\u0105zowej dzianiny\">\r\n                    <\/div>\r\n                    <div class=\"product-block-name\">\r\n                        <p>Codzienna wygodna narzutka z br\u0105zowej dzianiny<\/p>\r\n                    <\/div>\r\n                <\/a>\r\n            <\/div>\r\n                    <div class=\"swiper-slide product-block-item\" data-id=\"147511\">\r\n                <a href=\"https:\/\/bialcon.pl\/lekki-seledynowy-sweterek-w-brazowe-paski?utm_source=blog&utm_medium=trendy&utm_campaign=271125\" class=\"product-block-url\" target=\"_blank\">\r\n                    <div class=\"product-block-image\">\r\n                        <img decoding=\"async\" width=\"300\" height=\"400\" src=\"https:\/\/bialcon.pl\/picture\/lekki-seledynowy-sweterek-w-brazowe-paski.jpg\" alt=\"Lekki seledynowy sweterek w br\u0105zowe paski\">\r\n                    <\/div>\r\n                    <div class=\"product-block-name\">\r\n                        <p>Lekki seledynowy sweterek w br\u0105zowe paski<\/p>\r\n                    <\/div>\r\n                <\/a>\r\n            <\/div>\r\n                    <div class=\"swiper-slide product-block-item\" data-id=\"147544\">\r\n                <a href=\"https:\/\/bialcon.pl\/bluzka-ecru-z-dzianiny-sweterkowej-z-dekoracyjnym-sciagaczem?utm_source=blog&utm_medium=trendy&utm_campaign=271125\" class=\"product-block-url\" target=\"_blank\">\r\n                    <div class=\"product-block-image\">\r\n                        <img decoding=\"async\" width=\"300\" height=\"400\" src=\"https:\/\/bialcon.pl\/picture\/bluzka-ecru-z-dzianiny-sweterkowej-z-dekoracyjnym-sciagaczem_1.jpg\" alt=\"Bluzka ecru z dzianiny sweterkowej z dekoracyjnym \u015bci\u0105gaczem\">\r\n                    <\/div>\r\n                    <div class=\"product-block-name\">\r\n                        <p>Bluzka ecru z dzianiny sweterkowej z dekoracyjnym \u015bci\u0105gaczem<\/p>\r\n                    <\/div>\r\n                <\/a>\r\n            <\/div>\r\n            <\/div>\r\n<\/div>\r\n\n\n\n\n<h2 class=\"wp-block-heading\"><span class=\"ez-toc-section\" id=\"Ubrania_swiateczne_damskie_z_polyskiem\"><\/span>Ubrania \u015bwi\u0105teczne damskie z po\u0142yskiem<span class=\"ez-toc-section-end\"><\/span><\/h2>\n\n\n\n<p>W czasie \u015bwi\u0105t nie b\u00f3j si\u0119 b\u0142yszcze\u0107! Ubrania \u015bwi\u0105teczne damskie wykonane z satyny, aksamitu lub tkanin z delikatnym po\u0142yskiem podkre\u015blaj\u0105 urod\u0119 i elegancj\u0119. To r\u00f3wnie\u017c doskona\u0142a baza do stylizacji na wieczorne spotkania \u2013 wystarczy zmieni\u0107 dodatki, doda\u0107 b\u0142yszcz\u0105ce kolczyki lub kopert\u00f3wk\u0119 z cekinami. W po\u0142\u0105czeniu z klasycznymi cz\u00f3\u0142enkami na obcasie taki zestaw prezentuje si\u0119 zjawiskowo, a jednocze\u015bnie pozostaje wygodny.<\/p>\n\n\n\n<h2 class=\"wp-block-heading\"><span class=\"ez-toc-section\" id=\"Stylizacje_swiateczne_damskie_%E2%80%93_casualowy_szyk\"><\/span>Stylizacje \u015bwi\u0105teczne damskie \u2013 casualowy szyk<span class=\"ez-toc-section-end\"><\/span><\/h2>\n\n\n\n<p>Dla kobiet, kt\u00f3re ceni\u0105 wygod\u0119, idealne b\u0119d\u0105 stylizacje \u0142\u0105cz\u0105ce elegancj\u0119 z luzem. Spodnie cygaretki, koszula z kokard\u0105 i mi\u0119kki kardigan to dobrym pomys\u0142em, je\u015bli w planach masz d\u0142ugie, rodzinne rozmowy przy stole. Stylizacj\u0119 dope\u0142ni\u0105 klasyczne botki i cienki pasek w talii. Takie po\u0142\u0105czenie sprawdzi si\u0119 nie tylko w domu, ale te\u017c podczas \u015bwi\u0105tecznego spaceru lub wizyty u przyjaci\u00f3\u0142.<\/p>\n\n\n\n<h2 class=\"wp-block-heading\"><span class=\"ez-toc-section\" id=\"Swiateczne_ubrania_i_bizuteria_%E2%80%93_blask_w_detalach\"><\/span>\u015awi\u0105teczne ubrania i bi\u017cuteria \u2013 blask w detalach<span class=\"ez-toc-section-end\"><\/span><\/h2>\n\n\n\n<p>W \u015bwi\u0105tecznych zestawach ogromn\u0105 rol\u0119 odgrywaj\u0105 dodatki. Subtelna bi\u017cuteria \u2013 z\u0142ote kolczyki, srebrny naszyjnik czy ozdobne kokardy przy bluzkach \u2013 wprowadz\u0105 \u015bwi\u0105teczny klimat i ponadczasow\u0105 elegancj\u0119. Warto postawi\u0107 na modele inspirowane natur\u0105, na przyk\u0142ad w kszta\u0142cie p\u0142atk\u00f3w \u015bniegu lub choinek. Uzupe\u0142nieniem looku mog\u0105 by\u0107 delikatne perfumy i dobrze dobrany manicure w odcieniu czerwieni lub z\u0142ota.<\/p>\n\n\n\r\n<div class=\"product-block-container swiper mySwiperProductBlock\">\r\n    <div class=\"product-block-swiper swiper-wrapper\">\r\n                    <div class=\"swiper-slide product-block-item\" data-id=\"147707\">\r\n                <a href=\"https:\/\/bialcon.pl\/broszka-kwiat-z-czarnego-tiulu?utm_source=blog&utm_medium=trendy&utm_campaign=271125\" class=\"product-block-url\" target=\"_blank\">\r\n                    <div class=\"product-block-image\">\r\n                        <img decoding=\"async\" width=\"300\" height=\"400\" src=\"https:\/\/bialcon.pl\/picture\/broszka-kwiat-czarny.jpg\" alt=\"Broszka kwiat z czarnego tiulu\">\r\n                    <\/div>\r\n                    <div class=\"product-block-name\">\r\n                        <p>Broszka kwiat z czarnego tiulu<\/p>\r\n                    <\/div>\r\n                <\/a>\r\n            <\/div>\r\n                    <div class=\"swiper-slide product-block-item\" data-id=\"147656\">\r\n                <a href=\"https:\/\/bialcon.pl\/stylowa-broszka-z-efektowym-zielonym-kamieniem?utm_source=blog&utm_medium=trendy&utm_campaign=271125\" class=\"product-block-url\" target=\"_blank\">\r\n                    <div class=\"product-block-image\">\r\n                        <img decoding=\"async\" width=\"300\" height=\"400\" src=\"https:\/\/bialcon.pl\/picture\/broszka-br97494.jpeg\" alt=\"Stylowa broszka z efektowym zielonym kamieniem\">\r\n                    <\/div>\r\n                    <div class=\"product-block-name\">\r\n                        <p>Stylowa broszka z efektowym zielonym kamieniem<\/p>\r\n                    <\/div>\r\n                <\/a>\r\n            <\/div>\r\n                    <div class=\"swiper-slide product-block-item\" data-id=\"147658\">\r\n                <a href=\"https:\/\/bialcon.pl\/bransoletka-z-metalu-szczotkowanego-i-skory-naturalnej?utm_source=blog&utm_medium=trendy&utm_campaign=271125\" class=\"product-block-url\" target=\"_blank\">\r\n                    <div class=\"product-block-image\">\r\n                        <img decoding=\"async\" width=\"300\" height=\"400\" src=\"https:\/\/bialcon.pl\/picture\/bransoletka-z-metalu-szczotkowanego-i-skory-naturalnej.jpeg\" alt=\"Bransoletka z metalu szczotkowanego i sk\u00f3ry naturalnej\">\r\n                    <\/div>\r\n                    <div class=\"product-block-name\">\r\n                        <p>Bransoletka z metalu szczotkowanego i sk\u00f3ry naturalnej<\/p>\r\n                    <\/div>\r\n                <\/a>\r\n            <\/div>\r\n            <\/div>\r\n<\/div>\r\n\n\n\n\n<h2 class=\"wp-block-heading\"><span class=\"ez-toc-section\" id=\"Stylizacje_swiateczne_damskie_%E2%80%93_magia_wspolnych_chwil\"><\/span>Stylizacje \u015bwi\u0105teczne damskie \u2013 magia wsp\u00f3lnych chwil<span class=\"ez-toc-section-end\"><\/span><\/h2>\n\n\n\n<p>\u015awi\u0119ta to wyj\u0105tkowy czas, w kt\u00f3rym liczy si\u0119 blisko\u015b\u0107, rado\u015b\u0107 i ciep\u0142o grona rodziny. Odpowiedni str\u00f3j mo\u017ce podkre\u015bli\u0107 nastr\u00f3j tych chwil \u2013 \u015bwi\u0105teczne ubrania niech b\u0119d\u0105 nie tylko modne, ale te\u017c przyjemne w noszeniu. Pami\u0119taj, \u017ce najwa\u017cniejsze to czu\u0107 si\u0119 dobrze \u2013 wtedy ka\u017cda stylizacja wygl\u0105da idealnie. Moda potrafi budowa\u0107 nastr\u00f3j i wspomnienia \u2013 dlatego stylizacje \u015bwi\u0105teczne damskie to co\u015b wi\u0119cej ni\u017c tylko ubrania. To spos\u00f3b, by wyrazi\u0107 emocje, rado\u015b\u0107 i wdzi\u0119czno\u015b\u0107 z bycia razem w tym wyj\u0105tkowym czasie.<\/p>\n\n\n\n<p>Stylizacje \u015bwi\u0105teczne damskie to nie tylko spos\u00f3b na elegancki wygl\u0105d, ale te\u017c wyra\u017cenie emocji i rado\u015bci z bycia razem. Niezale\u017cnie od tego, czy wybierzesz klasyk\u0119, b\u0142ysk czy casual \u2013 \u015bwi\u0105teczne ubrania powinny sprawia\u0107, \u017ce czujesz si\u0119 pi\u0119kna i pewna siebie. W ko\u0144cu \u015bwi\u0119ta to czas, w kt\u00f3rym moda spotyka si\u0119 z magi\u0105, a p\u0142atki \u015bniegu za oknem tylko dodaj\u0105 uroku ka\u017cdej stylizacji.<\/p>\n\n\n\n<h2 class=\"wp-block-heading\"><span class=\"ez-toc-section\" id=\"FAQ\"><\/span>FAQ<span class=\"ez-toc-section-end\"><\/span><\/h2>\n\n\n\n<h3 class=\"wp-block-heading\">Jakie stylizacje \u015bwi\u0105teczne damskie sprawdz\u0105 si\u0119 na Wigili\u0119 w rodzinnym gronie?<\/h3>\n\n\n\n<p>Na Wigili\u0119 najlepiej wybiera\u0107 ubrania \u015bwi\u0105teczne damskie, kt\u00f3re \u0142\u0105cz\u0105 elegancj\u0119 z wygod\u0105. Sukienka o\u0142\u00f3wkowym kroju, delikatna bi\u017cuteria i klasyczne cz\u00f3\u0142enka to \u015bwietny wyb\u00f3r dla kobiet ceni\u0105cych ponadczasow\u0105 elegancj\u0119. Je\u015bli zale\u017cy Ci na bardziej domowym charakterze stylizacji, postaw na ciep\u0142y sweter z motywem \u015bwi\u0105tecznym i sp\u00f3dnic\u0119 midi. Takie po\u0142\u0105czenie b\u0119dzie idealne w gronie najbli\u017cszych.<\/p>\n\n\n\n<h2 class=\"wp-block-heading\"><span class=\"ez-toc-section\" id=\"Jakie_kolory_dominuja_w_swiatecznych_ubraniach_w_tym_sezonie\"><\/span>Jakie kolory dominuj\u0105 w \u015bwi\u0105tecznych ubraniach w tym sezonie?<span class=\"ez-toc-section-end\"><\/span><\/h2>\n\n\n\n<p>W czasie \u015bwi\u0105t kr\u00f3luj\u0105 klasyczne barwy \u2013 czerwie\u0144, butelkowa ziele\u0144, granat i z\u0142oto. To odcienie, kt\u00f3re doskonale oddaj\u0105 \u015bwi\u0105teczny klimat i pasuj\u0105 do wi\u0119kszo\u015bci typ\u00f3w urody. Du\u017cym powodzeniem ciesz\u0105 si\u0119 r\u00f3wnie\u017c tkaniny z delikatnym po\u0142yskiem oraz ubrania z motywem \u015bwi\u0105tecznym \u2013 renifery, choinki czy p\u0142atki \u015bniegu, kt\u00f3re dodaj\u0105 stylizacjom lekko\u015bci i rado\u015bci.<\/p>\n\n\n\r\n<div class=\"product-block-container swiper mySwiperProductBlock\">\r\n    <div class=\"product-block-swiper swiper-wrapper\">\r\n                    <div class=\"swiper-slide product-block-item\" data-id=\"147707\">\r\n                <a href=\"https:\/\/bialcon.pl\/broszka-kwiat-z-czarnego-tiulu?utm_source=blog&utm_medium=trendy&utm_campaign=271125\" class=\"product-block-url\" target=\"_blank\">\r\n                    <div class=\"product-block-image\">\r\n                        <img decoding=\"async\" width=\"300\" height=\"400\" src=\"https:\/\/bialcon.pl\/picture\/broszka-kwiat-czarny.jpg\" alt=\"Broszka kwiat z czarnego tiulu\">\r\n                    <\/div>\r\n                    <div class=\"product-block-name\">\r\n                        <p>Broszka kwiat z czarnego tiulu<\/p>\r\n                    <\/div>\r\n                <\/a>\r\n            <\/div>\r\n                    <div class=\"swiper-slide product-block-item\" data-id=\"147656\">\r\n                <a href=\"https:\/\/bialcon.pl\/stylowa-broszka-z-efektowym-zielonym-kamieniem?utm_source=blog&utm_medium=trendy&utm_campaign=271125\" class=\"product-block-url\" target=\"_blank\">\r\n                    <div class=\"product-block-image\">\r\n                        <img decoding=\"async\" width=\"300\" height=\"400\" src=\"https:\/\/bialcon.pl\/picture\/broszka-br97494.jpeg\" alt=\"Stylowa broszka z efektowym zielonym kamieniem\">\r\n                    <\/div>\r\n                    <div class=\"product-block-name\">\r\n                        <p>Stylowa broszka z efektowym zielonym kamieniem<\/p>\r\n                    <\/div>\r\n                <\/a>\r\n            <\/div>\r\n                    <div class=\"swiper-slide product-block-item\" data-id=\"147658\">\r\n                <a href=\"https:\/\/bialcon.pl\/bransoletka-z-metalu-szczotkowanego-i-skory-naturalnej?utm_source=blog&utm_medium=trendy&utm_campaign=271125\" class=\"product-block-url\" target=\"_blank\">\r\n                    <div class=\"product-block-image\">\r\n                        <img decoding=\"async\" width=\"300\" height=\"400\" src=\"https:\/\/bialcon.pl\/picture\/bransoletka-z-metalu-szczotkowanego-i-skory-naturalnej.jpeg\" alt=\"Bransoletka z metalu szczotkowanego i sk\u00f3ry naturalnej\">\r\n                    <\/div>\r\n                    <div class=\"product-block-name\">\r\n                        <p>Bransoletka z metalu szczotkowanego i sk\u00f3ry naturalnej<\/p>\r\n                    <\/div>\r\n                <\/a>\r\n            <\/div>\r\n            <\/div>\r\n<\/div>\r\n\n\n\n\n<h2 class=\"wp-block-heading\"><span class=\"ez-toc-section\" id=\"Jakie_swiateczne_ubrania_wybrac_jesli_zalezy_mi_na_komforcie\"><\/span>Jakie \u015bwi\u0105teczne ubrania wybra\u0107, je\u015bli zale\u017cy mi na komforcie?<span class=\"ez-toc-section-end\"><\/span><\/h2>\n\n\n\n<p>Wybieraj\u0105c \u015bwi\u0105teczne ubrania, warto postawi\u0107 na mi\u0119kkie, naturalne materia\u0142y \u2013 dzianin\u0119, we\u0142n\u0119 czy aksamit. Ubrania \u015bwi\u0105teczne damskie w prostych fasonach zapewniaj\u0105 wygod\u0119, a jednocze\u015bnie prezentuj\u0105 si\u0119 elegancko. Dobrym pomys\u0142em b\u0119dzie dzianinowa sukienka z paskiem lub lu\u017aniejszy zestaw z kardiganem i spodniami z wysokim stanem. Takie stylizacje sprawdz\u0105 si\u0119 zar\u00f3wno podczas uroczystej kolacji, jak i d\u0142ugich rozm\u00f3w w gronie rodziny.<\/p>\n\n\n\n<h2 class=\"wp-block-heading\"><span class=\"ez-toc-section\" id=\"Jakie_dodatki_najlepiej_pasuja_do_swiatecznych_stylizacji\"><\/span>Jakie dodatki najlepiej pasuj\u0105 do \u015bwi\u0105tecznych stylizacji?<span class=\"ez-toc-section-end\"><\/span><\/h2>\n\n\n\n<p>\u015awi\u0105teczne stylizacje damskie zyskuj\u0105 wyj\u0105tkowy charakter dzi\u0119ki dobrze dobranym dodatkom. Bi\u017cuteria w odcieniach z\u0142ota lub srebra, kolczyki w kszta\u0142cie p\u0142atk\u00f3w \u015bniegu, eleganckie szaliki czy torebki z delikatnym po\u0142yskiem to elementy, kt\u00f3re podkre\u015blaj\u0105 elegancj\u0119 i \u015bwi\u0105teczny klimat. Warto te\u017c pami\u0119ta\u0107 o detalach \u2013 kokardy, czapki, opaski i akcesoria z tkanin premium mog\u0105 nada\u0107 stylizacji wyj\u0105tkowy, dopracowany efekt.<\/p>\n","protected":false},"excerpt":{"rendered":"<p>&nbsp;\u015awi\u0119ta Bo\u017cego Narodzenia kojarz\u0105 si\u0119 jako czas pe\u0142en ciep\u0142a, blisko\u015bci i wsp\u00f3lnych chwil. W gronie najbli\u017cszych chcemy wygl\u0105da\u0107 stylowo, ale te\u017c czu\u0107 si\u0119 komfortowo. Stylizacje \u015bwi\u0105teczne damskie to doskona\u0142a okazja, by po\u0142\u0105czy\u0107 elegancj\u0119 z wygod\u0105 i wyrazi\u0107 siebie poprzez mod\u0119. Jak dobra\u0107 \u015bwi\u0105teczne ubrania, by pasowa\u0142y do charakteru spotkania, miejsca i Twojej osobowo\u015bci? Zainspiruj si\u0119 [&hellip;]<\/p>\n","protected":false},"author":10,"featured_media":12728,"comment_status":"closed","ping_status":"open","sticky":false,"template":"","format":"standard","meta":{"_acf_changed":false,"site-sidebar-layout":"default","site-content-layout":"","ast-site-content-layout":"default","site-content-style":"default","site-sidebar-style":"default","ast-global-header-display":"","ast-banner-title-visibility":"","ast-main-header-display":"","ast-hfb-above-header-display":"","ast-hfb-below-header-display":"","ast-hfb-mobile-header-display":"","site-post-title":"","ast-breadcrumbs-content":"","ast-featured-img":"","footer-sml-layout":"","theme-transparent-header-meta":"","adv-header-id-meta":"","stick-header-meta":"","header-above-stick-meta":"","header-main-stick-meta":"","header-below-stick-meta":"","astra-migrate-meta-layouts":"set","ast-page-background-enabled":"default","ast-page-background-meta":{"desktop":{"background-color":"","background-image":"","background-repeat":"repeat","background-position":"center center","background-size":"auto","background-attachment":"scroll","background-type":"","background-media":"","overlay-type":"","overlay-color":"","overlay-opacity":"","overlay-gradient":""},"tablet":{"background-color":"","background-image":"","background-repeat":"repeat","background-position":"center center","background-size":"auto","background-attachment":"scroll","background-type":"","background-media":"","overlay-type":"","overlay-color":"","overlay-opacity":"","overlay-gradient":""},"mobile":{"background-color":"","background-image":"","background-repeat":"repeat","background-position":"center center","background-size":"auto","background-attachment":"scroll","background-type":"","background-media":"","overlay-type":"","overlay-color":"","overlay-opacity":"","overlay-gradient":""}},"ast-content-background-meta":{"desktop":{"background-color":"var(--ast-global-color-5)","background-image":"","background-repeat":"repeat","background-position":"center center","background-size":"auto","background-attachment":"scroll","background-type":"","background-media":"","overlay-type":"","overlay-color":"","overlay-opacity":"","overlay-gradient":""},"tablet":{"background-color":"var(--ast-global-color-5)","background-image":"","background-repeat":"repeat","background-position":"center center","background-size":"auto","background-attachment":"scroll","background-type":"","background-media":"","overlay-type":"","overlay-color":"","overlay-opacity":"","overlay-gradient":""},"mobile":{"background-color":"var(--ast-global-color-5)","background-image":"","background-repeat":"repeat","background-position":"center center","background-size":"auto","background-attachment":"scroll","background-type":"","background-media":"","overlay-type":"","overlay-color":"","overlay-opacity":"","overlay-gradient":""}},"footnotes":""},"categories":[9,14],"tags":[],"class_list":["post-12727","post","type-post","status-publish","format-standard","has-post-thumbnail","hentry","category-trendy-w-branzy-fashion","category-wszystkie-wpisy"],"acf":[],"yoast_head":"<!-- This site is optimized with the Yoast SEO plugin v27.4 - https:\/\/yoast.com\/product\/yoast-seo-wordpress\/ -->\n<title>Stylizacje \u015bwi\u0105teczne damskie \u2013 jak si\u0119 ubra\u0107 na Wigili\u0119, \u015awi\u0119ta i rodzinne spotkania? - Bialcon<\/title>\n<meta name=\"description\" content=\"\u015awi\u0119ta Bo\u017cego Narodzenia kojarz\u0105 si\u0119 jako czas pe\u0142en ciep\u0142a, blisko\u015bci i wsp\u00f3lnych chwil.\" \/>\n<meta name=\"robots\" content=\"index, follow, max-snippet:-1, max-image-preview:large, max-video-preview:-1\" \/>\n<link rel=\"canonical\" href=\"https:\/\/bialcon.pl\/blog\/stylizacje-swiateczne-damskie\/\" \/>\n<meta name=\"twitter:label1\" content=\"Napisane przez\" \/>\n\t<meta name=\"twitter:data1\" content=\"Ma\u0142gorzata Brzezi\u0144ska\" \/>\n\t<meta name=\"twitter:label2\" content=\"Szacowany czas czytania\" \/>\n\t<meta name=\"twitter:data2\" content=\"7 minut\" \/>\n<script type=\"application\/ld+json\" class=\"yoast-schema-graph\">{\"@context\":\"https:\\\/\\\/schema.org\",\"@graph\":[{\"@type\":\"Article\",\"@id\":\"https:\\\/\\\/bialcon.pl\\\/blog\\\/stylizacje-swiateczne-damskie\\\/#article\",\"isPartOf\":{\"@id\":\"https:\\\/\\\/bialcon.pl\\\/blog\\\/stylizacje-swiateczne-damskie\\\/\"},\"author\":{\"name\":\"Ma\u0142gorzata Brzezi\u0144ska\",\"@id\":\"https:\\\/\\\/bialcon.pl\\\/blog\\\/#\\\/schema\\\/person\\\/cbbe4ae2297c5abd7376399985d5fabb\"},\"headline\":\"Stylizacje \u015bwi\u0105teczne damskie \u2013 jak si\u0119 ubra\u0107 na Wigili\u0119, \u015awi\u0119ta i rodzinne spotkania?\",\"datePublished\":\"2025-11-27T09:00:00+00:00\",\"mainEntityOfPage\":{\"@id\":\"https:\\\/\\\/bialcon.pl\\\/blog\\\/stylizacje-swiateczne-damskie\\\/\"},\"wordCount\":1411,\"image\":{\"@id\":\"https:\\\/\\\/bialcon.pl\\\/blog\\\/stylizacje-swiateczne-damskie\\\/#primaryimage\"},\"thumbnailUrl\":\"https:\\\/\\\/bialcon.pl\\\/blog\\\/wp-content\\\/uploads\\\/2025\\\/11\\\/Projekt-bez-nazwy-7.jpg\",\"articleSection\":[\"Trendy\",\"Wszystkie wpisy\"],\"inLanguage\":\"pl-PL\"},{\"@type\":\"WebPage\",\"@id\":\"https:\\\/\\\/bialcon.pl\\\/blog\\\/stylizacje-swiateczne-damskie\\\/\",\"url\":\"https:\\\/\\\/bialcon.pl\\\/blog\\\/stylizacje-swiateczne-damskie\\\/\",\"name\":\"Stylizacje \u015bwi\u0105teczne damskie \u2013 jak si\u0119 ubra\u0107 na Wigili\u0119, \u015awi\u0119ta i rodzinne spotkania? - Bialcon\",\"isPartOf\":{\"@id\":\"https:\\\/\\\/bialcon.pl\\\/blog\\\/#website\"},\"primaryImageOfPage\":{\"@id\":\"https:\\\/\\\/bialcon.pl\\\/blog\\\/stylizacje-swiateczne-damskie\\\/#primaryimage\"},\"image\":{\"@id\":\"https:\\\/\\\/bialcon.pl\\\/blog\\\/stylizacje-swiateczne-damskie\\\/#primaryimage\"},\"thumbnailUrl\":\"https:\\\/\\\/bialcon.pl\\\/blog\\\/wp-content\\\/uploads\\\/2025\\\/11\\\/Projekt-bez-nazwy-7.jpg\",\"datePublished\":\"2025-11-27T09:00:00+00:00\",\"author\":{\"@id\":\"https:\\\/\\\/bialcon.pl\\\/blog\\\/#\\\/schema\\\/person\\\/cbbe4ae2297c5abd7376399985d5fabb\"},\"description\":\"\u015awi\u0119ta Bo\u017cego Narodzenia kojarz\u0105 si\u0119 jako czas pe\u0142en ciep\u0142a, blisko\u015bci i wsp\u00f3lnych chwil.\",\"breadcrumb\":{\"@id\":\"https:\\\/\\\/bialcon.pl\\\/blog\\\/stylizacje-swiateczne-damskie\\\/#breadcrumb\"},\"inLanguage\":\"pl-PL\",\"potentialAction\":[{\"@type\":\"ReadAction\",\"target\":[\"https:\\\/\\\/bialcon.pl\\\/blog\\\/stylizacje-swiateczne-damskie\\\/\"]}]},{\"@type\":\"ImageObject\",\"inLanguage\":\"pl-PL\",\"@id\":\"https:\\\/\\\/bialcon.pl\\\/blog\\\/stylizacje-swiateczne-damskie\\\/#primaryimage\",\"url\":\"https:\\\/\\\/bialcon.pl\\\/blog\\\/wp-content\\\/uploads\\\/2025\\\/11\\\/Projekt-bez-nazwy-7.jpg\",\"contentUrl\":\"https:\\\/\\\/bialcon.pl\\\/blog\\\/wp-content\\\/uploads\\\/2025\\\/11\\\/Projekt-bez-nazwy-7.jpg\",\"width\":960,\"height\":850,\"caption\":\"Wizualizacja kobiety z prezentem w czerwonej bluzce i koszuli\"},{\"@type\":\"BreadcrumbList\",\"@id\":\"https:\\\/\\\/bialcon.pl\\\/blog\\\/stylizacje-swiateczne-damskie\\\/#breadcrumb\",\"itemListElement\":[{\"@type\":\"ListItem\",\"position\":1,\"name\":\"Strona g\u0142\u00f3wna\",\"item\":\"https:\\\/\\\/bialcon.pl\\\/blog\\\/\"},{\"@type\":\"ListItem\",\"position\":2,\"name\":\"Trendy\",\"item\":\"https:\\\/\\\/bialcon.pl\\\/blog\\\/trendy-w-branzy-fashion\\\/\"},{\"@type\":\"ListItem\",\"position\":3,\"name\":\"Stylizacje \u015bwi\u0105teczne damskie \u2013 jak si\u0119 ubra\u0107 na Wigili\u0119, \u015awi\u0119ta i rodzinne spotkania?\"}]},{\"@type\":\"WebSite\",\"@id\":\"https:\\\/\\\/bialcon.pl\\\/blog\\\/#website\",\"url\":\"https:\\\/\\\/bialcon.pl\\\/blog\\\/\",\"name\":\"bialcon.pl\\\/blog\\\/\",\"description\":\"Fashion Blog w zasi\u0119gu Twojej r\u0119ki\",\"potentialAction\":[{\"@type\":\"SearchAction\",\"target\":{\"@type\":\"EntryPoint\",\"urlTemplate\":\"https:\\\/\\\/bialcon.pl\\\/blog\\\/?s={search_term_string}\"},\"query-input\":{\"@type\":\"PropertyValueSpecification\",\"valueRequired\":true,\"valueName\":\"search_term_string\"}}],\"inLanguage\":\"pl-PL\"},{\"@type\":\"Person\",\"@id\":\"https:\\\/\\\/bialcon.pl\\\/blog\\\/#\\\/schema\\\/person\\\/cbbe4ae2297c5abd7376399985d5fabb\",\"name\":\"Ma\u0142gorzata Brzezi\u0144ska\",\"image\":{\"@type\":\"ImageObject\",\"inLanguage\":\"pl-PL\",\"@id\":\"https:\\\/\\\/secure.gravatar.com\\\/avatar\\\/3fc4a4cdba63586f503a5c5711e9b04d01ab1234b186b03e727ad902b6f4912d?s=96&d=mm&r=g\",\"url\":\"https:\\\/\\\/secure.gravatar.com\\\/avatar\\\/3fc4a4cdba63586f503a5c5711e9b04d01ab1234b186b03e727ad902b6f4912d?s=96&d=mm&r=g\",\"contentUrl\":\"https:\\\/\\\/secure.gravatar.com\\\/avatar\\\/3fc4a4cdba63586f503a5c5711e9b04d01ab1234b186b03e727ad902b6f4912d?s=96&d=mm&r=g\",\"caption\":\"Ma\u0142gorzata Brzezi\u0144ska\"},\"description\":\"Autorka tre\u015bci z zakresu mody, urody i stylu \u017cycia. Tworzy artyku\u0142y i poradniki oparte na analizie trend\u00f3w oraz potrzeb u\u017cytkownik\u00f3w, \u0142\u0105cz\u0105c wiedz\u0119 z zakresu komunikacji marketingowej i praktyki contentowej. Specjalizuje si\u0119 w bran\u017cach fashion, beauty &amp; health oraz gourmet food, przygotowuj\u0105c tre\u015bci dopasowane do realnych sytuacji i wybor\u00f3w konsumenckich. Na co dzie\u0144 zajmuje si\u0119 r\u00f3wnie\u017c content marketingiem i SEO.\",\"sameAs\":[\"https:\\\/\\\/www.linkedin.com\\\/in\\\/gosia-brzezinska-827052b4\\\/\"],\"url\":\"https:\\\/\\\/bialcon.pl\\\/blog\\\/author\\\/brzezinska\\\/\"}]}<\/script>\n<!-- \/ Yoast SEO plugin. -->","yoast_head_json":{"title":"Stylizacje \u015bwi\u0105teczne damskie \u2013 jak si\u0119 ubra\u0107 na Wigili\u0119, \u015awi\u0119ta i rodzinne spotkania? - Bialcon","description":"\u015awi\u0119ta Bo\u017cego Narodzenia kojarz\u0105 si\u0119 jako czas pe\u0142en ciep\u0142a, blisko\u015bci i wsp\u00f3lnych chwil.","robots":{"index":"index","follow":"follow","max-snippet":"max-snippet:-1","max-image-preview":"max-image-preview:large","max-video-preview":"max-video-preview:-1"},"canonical":"https:\/\/bialcon.pl\/blog\/stylizacje-swiateczne-damskie\/","twitter_misc":{"Napisane przez":"Ma\u0142gorzata Brzezi\u0144ska","Szacowany czas czytania":"7 minut"},"schema":{"@context":"https:\/\/schema.org","@graph":[{"@type":"Article","@id":"https:\/\/bialcon.pl\/blog\/stylizacje-swiateczne-damskie\/#article","isPartOf":{"@id":"https:\/\/bialcon.pl\/blog\/stylizacje-swiateczne-damskie\/"},"author":{"name":"Ma\u0142gorzata Brzezi\u0144ska","@id":"https:\/\/bialcon.pl\/blog\/#\/schema\/person\/cbbe4ae2297c5abd7376399985d5fabb"},"headline":"Stylizacje \u015bwi\u0105teczne damskie \u2013 jak si\u0119 ubra\u0107 na Wigili\u0119, \u015awi\u0119ta i rodzinne spotkania?","datePublished":"2025-11-27T09:00:00+00:00","mainEntityOfPage":{"@id":"https:\/\/bialcon.pl\/blog\/stylizacje-swiateczne-damskie\/"},"wordCount":1411,"image":{"@id":"https:\/\/bialcon.pl\/blog\/stylizacje-swiateczne-damskie\/#primaryimage"},"thumbnailUrl":"https:\/\/bialcon.pl\/blog\/wp-content\/uploads\/2025\/11\/Projekt-bez-nazwy-7.jpg","articleSection":["Trendy","Wszystkie wpisy"],"inLanguage":"pl-PL"},{"@type":"WebPage","@id":"https:\/\/bialcon.pl\/blog\/stylizacje-swiateczne-damskie\/","url":"https:\/\/bialcon.pl\/blog\/stylizacje-swiateczne-damskie\/","name":"Stylizacje \u015bwi\u0105teczne damskie \u2013 jak si\u0119 ubra\u0107 na Wigili\u0119, \u015awi\u0119ta i rodzinne spotkania? - Bialcon","isPartOf":{"@id":"https:\/\/bialcon.pl\/blog\/#website"},"primaryImageOfPage":{"@id":"https:\/\/bialcon.pl\/blog\/stylizacje-swiateczne-damskie\/#primaryimage"},"image":{"@id":"https:\/\/bialcon.pl\/blog\/stylizacje-swiateczne-damskie\/#primaryimage"},"thumbnailUrl":"https:\/\/bialcon.pl\/blog\/wp-content\/uploads\/2025\/11\/Projekt-bez-nazwy-7.jpg","datePublished":"2025-11-27T09:00:00+00:00","author":{"@id":"https:\/\/bialcon.pl\/blog\/#\/schema\/person\/cbbe4ae2297c5abd7376399985d5fabb"},"description":"\u015awi\u0119ta Bo\u017cego Narodzenia kojarz\u0105 si\u0119 jako czas pe\u0142en ciep\u0142a, blisko\u015bci i wsp\u00f3lnych chwil.","breadcrumb":{"@id":"https:\/\/bialcon.pl\/blog\/stylizacje-swiateczne-damskie\/#breadcrumb"},"inLanguage":"pl-PL","potentialAction":[{"@type":"ReadAction","target":["https:\/\/bialcon.pl\/blog\/stylizacje-swiateczne-damskie\/"]}]},{"@type":"ImageObject","inLanguage":"pl-PL","@id":"https:\/\/bialcon.pl\/blog\/stylizacje-swiateczne-damskie\/#primaryimage","url":"https:\/\/bialcon.pl\/blog\/wp-content\/uploads\/2025\/11\/Projekt-bez-nazwy-7.jpg","contentUrl":"https:\/\/bialcon.pl\/blog\/wp-content\/uploads\/2025\/11\/Projekt-bez-nazwy-7.jpg","width":960,"height":850,"caption":"Wizualizacja kobiety z prezentem w czerwonej bluzce i koszuli"},{"@type":"BreadcrumbList","@id":"https:\/\/bialcon.pl\/blog\/stylizacje-swiateczne-damskie\/#breadcrumb","itemListElement":[{"@type":"ListItem","position":1,"name":"Strona g\u0142\u00f3wna","item":"https:\/\/bialcon.pl\/blog\/"},{"@type":"ListItem","position":2,"name":"Trendy","item":"https:\/\/bialcon.pl\/blog\/trendy-w-branzy-fashion\/"},{"@type":"ListItem","position":3,"name":"Stylizacje \u015bwi\u0105teczne damskie \u2013 jak si\u0119 ubra\u0107 na Wigili\u0119, \u015awi\u0119ta i rodzinne spotkania?"}]},{"@type":"WebSite","@id":"https:\/\/bialcon.pl\/blog\/#website","url":"https:\/\/bialcon.pl\/blog\/","name":"bialcon.pl\/blog\/","description":"Fashion Blog w zasi\u0119gu Twojej r\u0119ki","potentialAction":[{"@type":"SearchAction","target":{"@type":"EntryPoint","urlTemplate":"https:\/\/bialcon.pl\/blog\/?s={search_term_string}"},"query-input":{"@type":"PropertyValueSpecification","valueRequired":true,"valueName":"search_term_string"}}],"inLanguage":"pl-PL"},{"@type":"Person","@id":"https:\/\/bialcon.pl\/blog\/#\/schema\/person\/cbbe4ae2297c5abd7376399985d5fabb","name":"Ma\u0142gorzata Brzezi\u0144ska","image":{"@type":"ImageObject","inLanguage":"pl-PL","@id":"https:\/\/secure.gravatar.com\/avatar\/3fc4a4cdba63586f503a5c5711e9b04d01ab1234b186b03e727ad902b6f4912d?s=96&d=mm&r=g","url":"https:\/\/secure.gravatar.com\/avatar\/3fc4a4cdba63586f503a5c5711e9b04d01ab1234b186b03e727ad902b6f4912d?s=96&d=mm&r=g","contentUrl":"https:\/\/secure.gravatar.com\/avatar\/3fc4a4cdba63586f503a5c5711e9b04d01ab1234b186b03e727ad902b6f4912d?s=96&d=mm&r=g","caption":"Ma\u0142gorzata Brzezi\u0144ska"},"description":"Autorka tre\u015bci z zakresu mody, urody i stylu \u017cycia. Tworzy artyku\u0142y i poradniki oparte na analizie trend\u00f3w oraz potrzeb u\u017cytkownik\u00f3w, \u0142\u0105cz\u0105c wiedz\u0119 z zakresu komunikacji marketingowej i praktyki contentowej. Specjalizuje si\u0119 w bran\u017cach fashion, beauty &amp; health oraz gourmet food, przygotowuj\u0105c tre\u015bci dopasowane do realnych sytuacji i wybor\u00f3w konsumenckich. Na co dzie\u0144 zajmuje si\u0119 r\u00f3wnie\u017c content marketingiem i SEO.","sameAs":["https:\/\/www.linkedin.com\/in\/gosia-brzezinska-827052b4\/"],"url":"https:\/\/bialcon.pl\/blog\/author\/brzezinska\/"}]}},"_links":{"self":[{"href":"https:\/\/bialcon.pl\/blog\/wp-json\/wp\/v2\/posts\/12727","targetHints":{"allow":["GET"]}}],"collection":[{"href":"https:\/\/bialcon.pl\/blog\/wp-json\/wp\/v2\/posts"}],"about":[{"href":"https:\/\/bialcon.pl\/blog\/wp-json\/wp\/v2\/types\/post"}],"author":[{"embeddable":true,"href":"https:\/\/bialcon.pl\/blog\/wp-json\/wp\/v2\/users\/10"}],"replies":[{"embeddable":true,"href":"https:\/\/bialcon.pl\/blog\/wp-json\/wp\/v2\/comments?post=12727"}],"version-history":[{"count":1,"href":"https:\/\/bialcon.pl\/blog\/wp-json\/wp\/v2\/posts\/12727\/revisions"}],"predecessor-version":[{"id":12729,"href":"https:\/\/bialcon.pl\/blog\/wp-json\/wp\/v2\/posts\/12727\/revisions\/12729"}],"wp:featuredmedia":[{"embeddable":true,"href":"https:\/\/bialcon.pl\/blog\/wp-json\/wp\/v2\/media\/12728"}],"wp:attachment":[{"href":"https:\/\/bialcon.pl\/blog\/wp-json\/wp\/v2\/media?parent=12727"}],"wp:term":[{"taxonomy":"category","embeddable":true,"href":"https:\/\/bialcon.pl\/blog\/wp-json\/wp\/v2\/categories?post=12727"},{"taxonomy":"post_tag","embeddable":true,"href":"https:\/\/bialcon.pl\/blog\/wp-json\/wp\/v2\/tags?post=12727"}],"curies":[{"name":"wp","href":"https:\/\/api.w.org\/{rel}","templated":true}]}}