{"id":12691,"date":"2025-11-13T10:00:00","date_gmt":"2025-11-13T09:00:00","guid":{"rendered":"https:\/\/bialcon.pl\/blog\/?p=12691"},"modified":"2026-01-05T08:49:58","modified_gmt":"2026-01-05T07:49:58","slug":"10-stopni-na-zewnatrz","status":"publish","type":"post","link":"https:\/\/bialcon.pl\/blog\/10-stopni-na-zewnatrz\/","title":{"rendered":"10 stopni na zewn\u0105trz \u2013 jak\u0105 kurtk\u0119 wybra\u0107, \u017ceby by\u0142o stylowo i wygodnie?"},"content":{"rendered":"<div id=\"ez-toc-container\" class=\"ez-toc-v2_0_82_2 counter-hierarchy ez-toc-counter ez-toc-custom ez-toc-container-direction\">\n<div class=\"ez-toc-title-container\"><p class=\"ez-toc-title\" style=\"cursor:inherit\">Spis Tre\u015bci<\/p>\n<\/div><nav><ul class='ez-toc-list ez-toc-list-level-1 ' ><li class='ez-toc-page-1 ez-toc-heading-level-2'><a class=\"ez-toc-link ez-toc-heading-1\" href=\"https:\/\/bialcon.pl\/blog\/10-stopni-na-zewnatrz\/#10_stopni_%E2%80%93_jak_sie_ubrac_by_zapewnic_sobie_komfort_termiczny\" >10 stopni \u2013 jak si\u0119 ubra\u0107, by zapewni\u0107 sobie komfort termiczny?<\/a><\/li><li class='ez-toc-page-1 ez-toc-heading-level-2'><a class=\"ez-toc-link ez-toc-heading-2\" href=\"https:\/\/bialcon.pl\/blog\/10-stopni-na-zewnatrz\/#Jaka_kurtka_na_10_stopni_sprawdzi_sie_najlepiej\" >Jaka kurtka na 10 stopni sprawdzi si\u0119 najlepiej?<\/a><\/li><li class='ez-toc-page-1 ez-toc-heading-level-2'><a class=\"ez-toc-link ez-toc-heading-3\" href=\"https:\/\/bialcon.pl\/blog\/10-stopni-na-zewnatrz\/#Stylowe_rozwiazania_%E2%80%93_jak_wygladac_modnie_przy_10_stopniach\" >Stylowe rozwi\u0105zania \u2013 jak wygl\u0105da\u0107 modnie przy 10 stopniach?<\/a><\/li><li class='ez-toc-page-1 ez-toc-heading-level-2'><a class=\"ez-toc-link ez-toc-heading-4\" href=\"https:\/\/bialcon.pl\/blog\/10-stopni-na-zewnatrz\/#Kurtka_czy_plaszcz_%E2%80%93_co_wybrac_przy_10_stopniach\" >Kurtka czy p\u0142aszcz \u2013 co wybra\u0107 przy 10 stopniach?<\/a><\/li><li class='ez-toc-page-1 ez-toc-heading-level-2'><a class=\"ez-toc-link ez-toc-heading-5\" href=\"https:\/\/bialcon.pl\/blog\/10-stopni-na-zewnatrz\/#Jakie_warstwy_ubran_dobrac_pod_kurtke\" >Jakie warstwy ubra\u0144 dobra\u0107 pod kurtk\u0119?<\/a><\/li><li class='ez-toc-page-1 ez-toc-heading-level-2'><a class=\"ez-toc-link ez-toc-heading-6\" href=\"https:\/\/bialcon.pl\/blog\/10-stopni-na-zewnatrz\/#Jak_dobrac_odpowiednie_spodnie_na_10_stopni\" >Jak dobra\u0107 odpowiednie spodnie na 10 stopni?<\/a><\/li><li class='ez-toc-page-1 ez-toc-heading-level-2'><a class=\"ez-toc-link ez-toc-heading-7\" href=\"https:\/\/bialcon.pl\/blog\/10-stopni-na-zewnatrz\/#Czym_kierowac_sie_przy_doborze_odpowiedniego_stroju_dla_dziecka\" >Czym kierowa\u0107 si\u0119 przy doborze odpowiedniego stroju dla dziecka?<\/a><\/li><li class='ez-toc-page-1 ez-toc-heading-level-2'><a class=\"ez-toc-link ez-toc-heading-8\" href=\"https:\/\/bialcon.pl\/blog\/10-stopni-na-zewnatrz\/#Jakie_buty_na_10_stopni_Stylowo_i_praktycznie\" >Jakie buty na 10 stopni? Stylowo i praktycznie<\/a><\/li><li class='ez-toc-page-1 ez-toc-heading-level-2'><a class=\"ez-toc-link ez-toc-heading-9\" href=\"https:\/\/bialcon.pl\/blog\/10-stopni-na-zewnatrz\/#Czy_przy_10_stopniach_warto_nosic_czapke_i_szalik\" >Czy przy 10 stopniach warto nosi\u0107 czapk\u0119 i szalik?<\/a><\/li><li class='ez-toc-page-1 ez-toc-heading-level-2'><a class=\"ez-toc-link ez-toc-heading-10\" href=\"https:\/\/bialcon.pl\/blog\/10-stopni-na-zewnatrz\/#Warunki_atmosferyczne_a_komfort_cieplny_%E2%80%93_co_warto_wiedziec\" >Warunki atmosferyczne a komfort cieplny \u2013 co warto wiedzie\u0107?<\/a><\/li><li class='ez-toc-page-1 ez-toc-heading-level-2'><a class=\"ez-toc-link ez-toc-heading-11\" href=\"https:\/\/bialcon.pl\/blog\/10-stopni-na-zewnatrz\/#Jak_zapobiec_przegrzaniu_przy_10_stopniach\" >Jak zapobiec przegrzaniu przy 10 stopniach?<\/a><\/li><li class='ez-toc-page-1 ez-toc-heading-level-2'><a class=\"ez-toc-link ez-toc-heading-12\" href=\"https:\/\/bialcon.pl\/blog\/10-stopni-na-zewnatrz\/#Naturalne_tkaniny_czy_materialy_techniczne_%E2%80%93_co_wybrac\" >Naturalne tkaniny czy materia\u0142y techniczne \u2013 co wybra\u0107?<\/a><\/li><li class='ez-toc-page-1 ez-toc-heading-level-2'><a class=\"ez-toc-link ez-toc-heading-13\" href=\"https:\/\/bialcon.pl\/blog\/10-stopni-na-zewnatrz\/#Jak_przygotowac_sie_na_nagla_zmiane_pogody\" >Jak przygotowa\u0107 si\u0119 na nag\u0142\u0105 zmian\u0119 pogody?<\/a><\/li><li class='ez-toc-page-1 ez-toc-heading-level-2'><a class=\"ez-toc-link ez-toc-heading-14\" href=\"https:\/\/bialcon.pl\/blog\/10-stopni-na-zewnatrz\/#Podsumowanie_%E2%80%93_komfort_styl_i_cieplo_z_Bialcon\" >Podsumowanie \u2013 komfort, styl i ciep\u0142o z Bialcon<\/a><\/li><\/ul><\/nav><\/div>\n\n<p><strong>Zastanawiasz si\u0119, jaka kurtka na 10 stopni b\u0119dzie odpowiednia? To temperatura, przy kt\u00f3rej nietrudno o modow\u0105 wpadk\u0119 \u2013 w za cienkim stroju zmarzniesz, a zbyt gruby ubi\u00f3r spowoduje przegrzanie. Jak si\u0119 ubra\u0107, by czu\u0107 si\u0119 komfortowo, wygl\u0105da\u0107 stylowo i jednocze\u015bnie odpowiednio przygotowa\u0107 si\u0119 na zmienne warunki pogodowe? W tym artykule znajdziesz praktyczny poradnik pe\u0142en modowych inspiracji i funkcjonalnych wskaz\u00f3wek.<\/strong><\/p>\n\n\n\n<h2 class=\"wp-block-heading\"><span class=\"ez-toc-section\" id=\"10_stopni_%E2%80%93_jak_sie_ubrac_by_zapewnic_sobie_komfort_termiczny\"><\/span>10 stopni \u2013 jak si\u0119 ubra\u0107, by zapewni\u0107 sobie komfort termiczny?<span class=\"ez-toc-section-end\"><\/span><\/h2>\n\n\n\n<p>Przy 10 stopniach Celsjusza kluczowe jest zapewnienie komfortu cieplnego bez przegrzewania organizmu. W takiej temperaturze organizm szybko reaguje na ch\u0142\u00f3d, szczeg\u00f3lnie je\u015bli nie ma odpowiedniego zabezpieczenia przed wiatrem i wilgoci\u0105. To moment przej\u015bciowy \u2013 jeszcze nie mr\u00f3z, ale ju\u017c nie wiosenne ciep\u0142o. Jak si\u0119 wi\u0119c ubra\u0107? Warto kierowa\u0107 si\u0119 zasad\u0105 \u201ena cebulk\u0119\u201d, dzi\u0119ki kt\u00f3rej mo\u017cesz \u0142atwo dostosowa\u0107 str\u00f3j do warunk\u00f3w atmosferycznych i w\u0142asnego tempa poruszania si\u0119. W razie potrzeby mo\u017cesz zdj\u0105\u0107 jedn\u0105 warstw\u0119, je\u015bli zrobi Ci si\u0119 za ciep\u0142o.<\/p>\n\n\n\n<h2 class=\"wp-block-heading\"><span class=\"ez-toc-section\" id=\"Jaka_kurtka_na_10_stopni_sprawdzi_sie_najlepiej\"><\/span>Jaka kurtka na 10 stopni sprawdzi si\u0119 najlepiej?<span class=\"ez-toc-section-end\"><\/span><\/h2>\n\n\n\n<p>W temperaturze oko\u0142o 10 stopni Celsjusza warto postawi\u0107 na kurtk\u0119, kt\u00f3ra b\u0119dzie nie tylko praktyczna, ale te\u017c elegancka i kobieca. W kolekcjach marki Bialcon znajdziesz szeroki wyb\u00f3r modeli doskonale wpisuj\u0105cych si\u0119 w ten modowy kompromis mi\u0119dzy wygod\u0105 a szykiem. Idealna kurtka na tak\u0105 pogod\u0119 to przede wszystkim ta, kt\u00f3ra zosta\u0142a uszyta z grubszego materia\u0142u \u2013 na przyk\u0142ad z we\u0142nianej tkaniny, kt\u00f3ra nie tylko dobrze izoluje ciep\u0142o, ale r\u00f3wnie\u017c pi\u0119knie uk\u0142ada si\u0119 na sylwetce. Dobrze sprawdzi si\u0119 klasyczna kurtka o prostym kroju, si\u0119gaj\u0105ca do po\u0142owy uda lub do bioder, kt\u00f3r\u0105 z \u0142atwo\u015bci\u0105 dopasujesz do spodni, sp\u00f3dnicy, a nawet eleganckiej sukienki.<\/p>\n\n\n\n<p>Na 10 stopni \u015bwietnym wyborem b\u0119dzie r\u00f3wnie\u017c kr\u00f3tki, lekko ocieplany model zapinany na guziki lub zatrzaski, kt\u00f3ry nie kr\u0119puje ruch\u00f3w, a jednocze\u015bnie zapewnia ciep\u0142o i ochron\u0119 przed ch\u0142odem. Je\u015bli szukasz czego\u015b bardziej kobiecego, zwr\u00f3\u0107 uwag\u0119 na kurtki z wi\u0105zaniem w talii, kt\u00f3re podkre\u015blaj\u0105 sylwetk\u0119 i nadaj\u0105 stylizacji lekko\u015bci. Modele Bialcon to propozycje stworzone z my\u015bl\u0105 o kobietach, kt\u00f3re ceni\u0105 klas\u0119 i elegancj\u0119 na co dzie\u0144, ale nie chc\u0105 rezygnowa\u0107 z wygody i funkcjonalno\u015bci. Kurtka na 10 stopni powinna by\u0107 r\u00f3wnie\u017c na tyle uniwersalna, by\u015b mog\u0142a nosi\u0107 j\u0105 do pracy, na spacer czy na spotkanie z przyjaci\u00f3\u0142mi. Dlatego warto postawi\u0107 na ponadczasowe kolory \u2013 be\u017c, granat, szaro\u015b\u0107 lub czer\u0144 \u2013 kt\u00f3re dobrze komponuj\u0105 si\u0119 z wi\u0119kszo\u015bci\u0105 garderoby i s\u0105 odpowiednie niezale\u017cnie od okazji.<\/p>\n\n\nNie podano poprawnego ID kategorii.\n\n\n\n<h2 class=\"wp-block-heading\"><span class=\"ez-toc-section\" id=\"Stylowe_rozwiazania_%E2%80%93_jak_wygladac_modnie_przy_10_stopniach\"><\/span>Stylowe rozwi\u0105zania \u2013 jak wygl\u0105da\u0107 modnie przy 10 stopniach?<span class=\"ez-toc-section-end\"><\/span><\/h2>\n\n\n\n<p>Stylowy look przy 10 stopniach nie musi oznacza\u0107 kompromisu mi\u0119dzy mod\u0105 a wygod\u0105. Marynarka z grubszej tkaniny lub elegancki p\u0142aszcz o prostym kroju to \u015bwietna baza do stworzenia stylizacji na ch\u0142odniejsze dni. Mo\u017cesz je zestawi\u0107 z ciep\u0142\u0105 bluz\u0105 lub swetrem z naturalnych materia\u0142\u00f3w, np. we\u0142ny lub bawe\u0142ny. Warto postawi\u0107 na klasyczne kolory i uniwersalne fasony \u2013 be\u017c, czer\u0144, granat lub oliwkowa ziele\u0144 sprawdz\u0105 si\u0119 niezale\u017cnie od okazji.<\/p>\n\n\n\n<h2 class=\"wp-block-heading\"><span class=\"ez-toc-section\" id=\"Kurtka_czy_plaszcz_%E2%80%93_co_wybrac_przy_10_stopniach\"><\/span>Kurtka czy p\u0142aszcz \u2013 co wybra\u0107 przy 10 stopniach?<span class=\"ez-toc-section-end\"><\/span><\/h2>\n\n\n\n<p>Wiele kobiet zadaje sobie pytanie: jaka kurtka na 10 stopni b\u0119dzie najlepsza, a mo\u017ce jednak lepiej postawi\u0107 na p\u0142aszcz? To zale\u017cy przede wszystkim od Twojego stylu \u017cycia oraz indywidualnych preferencji. W ofercie Bialcon znajdziesz zar\u00f3wno eleganckie kurtki przej\u015bciowe, jak i klasyczne p\u0142aszcze, kt\u00f3re doskonale sprawdzaj\u0105 si\u0119 w warunkach przej\u015bciowej aury. Kurtka to wyb\u00f3r bardziej uniwersalny i nieco swobodniejszy \u2013 idealna na szybkie wyj\u015bcie do miasta czy do pracy. Modele o klasycznym kroju, z delikatnie zaznaczon\u0105 tali\u0105 i niewielkim ko\u0142nierzem, dodaj\u0105 szyku nawet najprostszym stylizacjom. S\u0105 te\u017c niezwykle wygodne i praktyczne \u2013 \u015bwietnie wygl\u0105daj\u0105 zar\u00f3wno z materia\u0142owymi spodniami, jak i sukienk\u0105.<\/p>\n\n\n\n<p>Z kolei p\u0142aszcz to rozwi\u0105zanie dla tych, kt\u00f3rzy chc\u0105 wygl\u0105da\u0107 wyj\u0105tkowo kobieco i elegancko nawet w ch\u0142odniejsze dni. Dobrze dobrany p\u0142aszcz z kolekcji Bialcon wykonany z naturalnych tkanin, takich jak we\u0142na z dodatkiem kaszmiru, to inwestycja w styl na lata. Modele o d\u0142ugo\u015bci do kolan lub za kolano idealnie sprawdzaj\u0105 si\u0119 przy 10 stopniach, szczeg\u00f3lnie w po\u0142\u0105czeniu z ciep\u0142ym szalem i botkami na niewielkim obcasie. Dzi\u0119ki starannie zaprojektowanym detalom, takim jak ozdobne guziki, paski czy subtelne przeszycia, p\u0142aszcze Bialcon staj\u0105 si\u0119 nie tylko funkcjonalnym okryciem, ale r\u00f3wnie\u017c wyrafinowanym dodatkiem do ka\u017cdej stylizacji. Je\u015bli chcesz po\u0142\u0105czy\u0107 wygod\u0119 z elegancj\u0105 \u2013 postaw na taliowany p\u0142aszcz z mi\u0119kkiej, dobrze uk\u0142adaj\u0105cej si\u0119 tkaniny i zestaw go z klasyczn\u0105 sp\u00f3dnic\u0105 lub dopasowanymi spodniami. To wyb\u00f3r, kt\u00f3ry sprawdzi si\u0119 zar\u00f3wno na codzienne spacery, jak i bardziej oficjalne spotkania.<\/p>\n\n\n\r\n<div class=\"product-block-container swiper mySwiperProductBlock\">\r\n    <div class=\"product-block-swiper swiper-wrapper\">\r\n                    <div class=\"swiper-slide product-block-item\" data-id=\"147681\">\r\n                <a href=\"https:\/\/bialcon.pl\/prosty-kremowy-plaszcz-z-wiazaniem?utm_source=blog&utm_medium=poradystylistki&utm_campaign=131125\" class=\"product-block-url\" target=\"_blank\">\r\n                    <div class=\"product-block-image\">\r\n                        <img decoding=\"async\" width=\"300\" height=\"400\" src=\"https:\/\/bialcon.pl\/picture\/plaszcz-carmen-ecru-relis.jpg\" alt=\"Prosty kremowy p\u0142aszcz z wi\u0105zaniem\">\r\n                    <\/div>\r\n                    <div class=\"product-block-name\">\r\n                        <p>Prosty kremowy p\u0142aszcz z wi\u0105zaniem<\/p>\r\n                    <\/div>\r\n                <\/a>\r\n            <\/div>\r\n                    <div class=\"swiper-slide product-block-item\" data-id=\"147682\">\r\n                <a href=\"https:\/\/bialcon.pl\/prosty-kamelowy-plaszcz-z-wiazaniem?utm_source=blog&utm_medium=poradystylistki&utm_campaign=131125\" class=\"product-block-url\" target=\"_blank\">\r\n                    <div class=\"product-block-image\">\r\n                        <img decoding=\"async\" width=\"300\" height=\"400\" src=\"https:\/\/bialcon.pl\/picture\/plaszcz-carmen-bezowy-relis.jpg\" alt=\"Prosty kamelowy p\u0142aszcz z wi\u0105zaniem\">\r\n                    <\/div>\r\n                    <div class=\"product-block-name\">\r\n                        <p>Prosty kamelowy p\u0142aszcz z wi\u0105zaniem<\/p>\r\n                    <\/div>\r\n                <\/a>\r\n            <\/div>\r\n                    <div class=\"swiper-slide product-block-item\" data-id=\"147684\">\r\n                <a href=\"https:\/\/bialcon.pl\/wiosenny-bawelniany-trencz-za-kolano-w-kolorze-czarnym?utm_source=blog&utm_medium=poradystylistki&utm_campaign=131125\" class=\"product-block-url\" target=\"_blank\">\r\n                    <div class=\"product-block-image\">\r\n                        <img decoding=\"async\" width=\"300\" height=\"400\" src=\"https:\/\/bialcon.pl\/picture\/plaszcz-vivien-czarny-relis.jpg\" alt=\"Wiosenny bawe\u0142niany trencz za kolano w kolorze czarnym\">\r\n                    <\/div>\r\n                    <div class=\"product-block-name\">\r\n                        <p>Wiosenny bawe\u0142niany trencz za kolano w kolorze czarnym<\/p>\r\n                    <\/div>\r\n                <\/a>\r\n            <\/div>\r\n            <\/div>\r\n<\/div>\r\n\n\n\n\n<h2 class=\"wp-block-heading\"><span class=\"ez-toc-section\" id=\"Jakie_warstwy_ubran_dobrac_pod_kurtke\"><\/span>Jakie warstwy ubra\u0144 dobra\u0107 pod kurtk\u0119?<span class=\"ez-toc-section-end\"><\/span><\/h2>\n\n\n\n<p>Kiedy temperatura wynosi oko\u0142o 10 stopni, warto zastosowa\u0107 zasad\u0119 trzech warstw. Pierwsza warstwa to koszulka termoaktywna lub bielizna termoaktywna, kt\u00f3ra odprowadza wilgo\u0107 i utrzymuje ciep\u0142o blisko cia\u0142a. Druga to ciep\u0142y sweter lub lekka bluza z bawe\u0142ny, kt\u00f3ra stanowi izolacj\u0119. Trzecia to kurtka lub p\u0142aszcz chroni\u0105cy przed warunkami pogodowymi. Takie elastyczne dostosowanie garderoby zapewnia mo\u017cliwo\u015b\u0107 szybkiego reagowania na zmiany pogody i zapobiega przegrzaniu podczas aktywno\u015bci na zewn\u0105trz.<\/p>\n\n\n\n<h2 class=\"wp-block-heading\"><span class=\"ez-toc-section\" id=\"Jak_dobrac_odpowiednie_spodnie_na_10_stopni\"><\/span>Jak dobra\u0107 odpowiednie spodnie na 10 stopni?<span class=\"ez-toc-section-end\"><\/span><\/h2>\n\n\n\n<p>D\u0142ugie spodnie z grubszego materia\u0142u to podstawa. W ch\u0142odniejsze dni warto si\u0119gn\u0105\u0107 po modele z domieszk\u0105 we\u0142ny lub legginsy termiczne, kt\u00f3re zapewni\u0105 komfort termiczny nawet przy silnym wietrze. Je\u015bli planujesz d\u0142u\u017cszy spacer na \u015bwie\u017cym powietrzu lub wyj\u015bcie do parku, spodnie z dodatkow\u0105 warstw\u0105 ocieplenia b\u0119d\u0105 dobrym rozwi\u0105zaniem. W stylizacjach miejskich doskonale sprawdz\u0105 si\u0119 klasyczne jeansy lub materia\u0142owe spodnie w stylu smart casual, kt\u00f3re pasuj\u0105 zar\u00f3wno do sportowej kurtki, jak i eleganckiego p\u0142aszcza.<\/p>\n\n\n\r\n<div class=\"product-block-container swiper mySwiperProductBlock\">\r\n    <div class=\"product-block-swiper swiper-wrapper\">\r\n                    <div class=\"swiper-slide product-block-item\" data-id=\"147609\">\r\n                <a href=\"https:\/\/bialcon.pl\/bezowe-letnie-spodnie-garniturowe-z-przewiewnej-tkaniny?utm_source=blog&utm_medium=poradystylistki&utm_campaign=131125\" class=\"product-block-url\" target=\"_blank\">\r\n                    <div class=\"product-block-image\">\r\n                        <img decoding=\"async\" width=\"300\" height=\"400\" src=\"https:\/\/bialcon.pl\/picture\/bezowe-letnie-spodnie-z-przewiewnej-tkaniny_1.jpg\" alt=\"Be\u017cowe letnie spodnie garniturowe z przewiewnej tkaniny\">\r\n                    <\/div>\r\n                    <div class=\"product-block-name\">\r\n                        <p>Be\u017cowe letnie spodnie garniturowe z przewiewnej tkaniny<\/p>\r\n                    <\/div>\r\n                <\/a>\r\n            <\/div>\r\n                    <div class=\"swiper-slide product-block-item\" data-id=\"147610\">\r\n                <a href=\"https:\/\/bialcon.pl\/brazowe-lekkie-spodnie-o-satynowym-polysku?utm_source=blog&utm_medium=poradystylistki&utm_campaign=131125\" class=\"product-block-url\" target=\"_blank\">\r\n                    <div class=\"product-block-image\">\r\n                        <img decoding=\"async\" width=\"300\" height=\"400\" src=\"https:\/\/bialcon.pl\/picture\/brazowe-lekkie-spodnie-o-satynowym-polysku_3.jpg\" alt=\"Br\u0105zowe lekkie spodnie o satynowym po\u0142ysku\">\r\n                    <\/div>\r\n                    <div class=\"product-block-name\">\r\n                        <p>Br\u0105zowe lekkie spodnie o satynowym po\u0142ysku<\/p>\r\n                    <\/div>\r\n                <\/a>\r\n            <\/div>\r\n                    <div class=\"swiper-slide product-block-item\" data-id=\"147619\">\r\n                <a href=\"https:\/\/bialcon.pl\/luzne-ceglaste-spodnie-z-letniej-wiskozy?utm_source=blog&utm_medium=poradystylistki&utm_campaign=131125\" class=\"product-block-url\" target=\"_blank\">\r\n                    <div class=\"product-block-image\">\r\n                        <img decoding=\"async\" width=\"300\" height=\"400\" src=\"https:\/\/bialcon.pl\/picture\/luzne-ceglaste-spodnie-z-letniej-wiskozy_1.jpg\" alt=\"Lu\u017ane ceglaste spodnie z letniej wiskozy\">\r\n                    <\/div>\r\n                    <div class=\"product-block-name\">\r\n                        <p>Lu\u017ane ceglaste spodnie z letniej wiskozy<\/p>\r\n                    <\/div>\r\n                <\/a>\r\n            <\/div>\r\n            <\/div>\r\n<\/div>\r\n\n\n\n\n<h2 class=\"wp-block-heading\"><span class=\"ez-toc-section\" id=\"Czym_kierowac_sie_przy_doborze_odpowiedniego_stroju_dla_dziecka\"><\/span>Czym kierowa\u0107 si\u0119 przy doborze odpowiedniego stroju dla dziecka?<span class=\"ez-toc-section-end\"><\/span><\/h2>\n\n\n\n<p>Ubieraj\u0105c dziecko na 10 stopni, nale\u017cy zwr\u00f3ci\u0107 szczeg\u00f3ln\u0105 uwag\u0119 na komfort cieplny i ochron\u0119 przed ch\u0142odem. Dzieci szybciej trac\u0105 ciep\u0142o, dlatego lepiej zastosowa\u0107 wi\u0119cej warstw odzie\u017cy \u2013 na przyk\u0142ad koszulka termoaktywna, ciep\u0142a bluza i kurtka z kapturem. Do tego nakrycia g\u0142owy, ciep\u0142y szalik i r\u0119kawiczki, zw\u0142aszcza je\u015bli planowany jest d\u0142u\u017cszy pobyt na \u015bwie\u017cym powietrzu. Warto te\u017c mie\u0107 przy sobie dodatkow\u0105 warstw\u0119 \u2013 np. polar lub kamizelk\u0119 \u2013 kt\u00f3r\u0105 mo\u017cna za\u0142o\u017cy\u0107 w razie nag\u0142ego och\u0142odzenia.<\/p>\n\n\n\n<h2 class=\"wp-block-heading\"><span class=\"ez-toc-section\" id=\"Jakie_buty_na_10_stopni_Stylowo_i_praktycznie\"><\/span>Jakie buty na 10 stopni? Stylowo i praktycznie<span class=\"ez-toc-section-end\"><\/span><\/h2>\n\n\n\n<p>Wybieraj\u0105c buty na 10 stopni Celsjusza, kieruj si\u0119 nie tylko wygl\u0105dem, ale i funkcjonalno\u015bci\u0105. Buty powinny by\u0107 odporne na wilgo\u0107, stabilne i dobrze izolowa\u0107 od ch\u0142odnego pod\u0142o\u017ca. Najlepiej sprawdz\u0105 si\u0119 sk\u00f3rzane botki, klasyczne trampki z grubsz\u0105 podeszw\u0105 lub sneakersy. W deszczow\u0105 pogod\u0119 lepszym wyborem b\u0119d\u0105 buty z membran\u0105 lub modele za kostk\u0119. Dobrze dobrane obuwie chroni stopy przed utrat\u0105 ciep\u0142a i zapewnia wygod\u0119 nawet podczas d\u0142u\u017cszego spaceru.<\/p>\n\n\n\n<h2 class=\"wp-block-heading\"><span class=\"ez-toc-section\" id=\"Czy_przy_10_stopniach_warto_nosic_czapke_i_szalik\"><\/span>Czy przy 10 stopniach warto nosi\u0107 czapk\u0119 i szalik?<span class=\"ez-toc-section-end\"><\/span><\/h2>\n\n\n\n<p>Tak, szczeg\u00f3lnie przy silnym wietrze i braku s\u0142o\u0144ca. Nakrycia g\u0142owy, takie jak czapka z we\u0142ny lub opaska na uszy, skutecznie chroni\u0105 przed wych\u0142odzeniem. Ciep\u0142y szalik lub komin dodatkowo os\u0142oni szyj\u0119 i dekolt, zapobiegaj\u0105c przedostawaniu si\u0119 zimnego powietrza pod kurtk\u0119. Warto wybiera\u0107 dodatki wykonane z naturalnych tkanin, kt\u00f3re lepiej izoluj\u0105 ciep\u0142o i s\u0105 przyjemniejsze w noszeniu.<\/p>\n\n\n\r\n<div class=\"product-block-container swiper mySwiperProductBlock\">\r\n    <div class=\"product-block-swiper swiper-wrapper\">\r\n                    <div class=\"swiper-slide product-block-item\" data-id=\"147924\">\r\n                <a href=\"https:\/\/bialcon.pl\/apaszka-w-kolorze-karminowej-czerwieni-z-orientalnym-motywem?utm_source=blog&utm_medium=poradystylistki&utm_campaign=131125\" class=\"product-block-url\" target=\"_blank\">\r\n                    <div class=\"product-block-image\">\r\n                        <img decoding=\"async\" width=\"300\" height=\"400\" src=\"https:\/\/bialcon.pl\/picture\/szal-wzory_78.jpg\" alt=\"Apaszka w kolorze karminowej czerwieni z orientalnym motywem\">\r\n                    <\/div>\r\n                    <div class=\"product-block-name\">\r\n                        <p>Apaszka w kolorze karminowej czerwieni z orientalnym motywem<\/p>\r\n                    <\/div>\r\n                <\/a>\r\n            <\/div>\r\n                    <div class=\"swiper-slide product-block-item\" data-id=\"147931\">\r\n                <a href=\"https:\/\/bialcon.pl\/wzorzysta-apaszka-w-kolorze-ciemnej-zieleni?utm_source=blog&utm_medium=poradystylistki&utm_campaign=131125\" class=\"product-block-url\" target=\"_blank\">\r\n                    <div class=\"product-block-image\">\r\n                        <img decoding=\"async\" width=\"300\" height=\"400\" src=\"https:\/\/bialcon.pl\/picture\/szal-wzory_79.jpg\" alt=\"Wzorzysta apaszka w kolorze ciemnej zieleni\">\r\n                    <\/div>\r\n                    <div class=\"product-block-name\">\r\n                        <p>Wzorzysta apaszka w kolorze ciemnej zieleni<\/p>\r\n                    <\/div>\r\n                <\/a>\r\n            <\/div>\r\n                    <div class=\"swiper-slide product-block-item\" data-id=\"147938\">\r\n                <a href=\"https:\/\/bialcon.pl\/dwukolorowa-apaszka-z-jedwabiu?utm_source=blog&utm_medium=poradystylistki&utm_campaign=131125\" class=\"product-block-url\" target=\"_blank\">\r\n                    <div class=\"product-block-image\">\r\n                        <img decoding=\"async\" width=\"300\" height=\"400\" src=\"https:\/\/bialcon.pl\/picture\/szal-wzory_75.jpg\" alt=\"Dwukolorowa apaszka z jedwabiu\">\r\n                    <\/div>\r\n                    <div class=\"product-block-name\">\r\n                        <p>Dwukolorowa apaszka z jedwabiu<\/p>\r\n                    <\/div>\r\n                <\/a>\r\n            <\/div>\r\n            <\/div>\r\n<\/div>\r\n\n\n\n\n<h2 class=\"wp-block-heading\"><span class=\"ez-toc-section\" id=\"Warunki_atmosferyczne_a_komfort_cieplny_%E2%80%93_co_warto_wiedziec\"><\/span>Warunki atmosferyczne a komfort cieplny \u2013 co warto wiedzie\u0107?<span class=\"ez-toc-section-end\"><\/span><\/h2>\n\n\n\n<p>Temperatura to tylko jeden z element\u00f3w wp\u0142ywaj\u0105cych na odczuwalny komfort cieplny. R\u00f3wnie wa\u017cne s\u0105 wiatr, wilgotno\u015b\u0107 i nas\u0142onecznienie. Przy s\u0142onecznej pogodzie mo\u017cesz pozwoli\u0107 sobie na l\u017cejszy str\u00f3j, natomiast w pochmurne dni i przy silnym wietrze warto postawi\u0107 na cieplejsze warstwy. Monitoruj prognoz\u0119 pogody, by odpowiednio przygotowa\u0107 si\u0119 na spacer czy wyj\u015bcie do pracy \u2013 zmiennych warunkach pogodowych nie nale\u017cy lekcewa\u017cy\u0107.<\/p>\n\n\n\n<h2 class=\"wp-block-heading\"><span class=\"ez-toc-section\" id=\"Jak_zapobiec_przegrzaniu_przy_10_stopniach\"><\/span>Jak zapobiec przegrzaniu przy 10 stopniach?<span class=\"ez-toc-section-end\"><\/span><\/h2>\n\n\n\n<p>Mimo \u017ce 10 stopni to ch\u0142odniejsza temperatura, zbyt ciep\u0142y str\u00f3j mo\u017ce doprowadzi\u0107 do przegrzania organizmu. Dlatego tak istotne jest \u0142atwe dostosowanie odzie\u017cy do aktywno\u015bci i warunk\u00f3w zewn\u0119trznych. Wybieraj oddychaj\u0105ce materia\u0142y i ubrania z mo\u017cliwo\u015bci\u0105 rozpinania lub zdejmowania warstw. Mo\u017cesz zdj\u0105\u0107 jedn\u0105 warstw\u0119, je\u015bli poczujesz si\u0119 zbyt ciep\u0142o, np. podczas szybkiego marszu lub jazdy na rowerze.<\/p>\n\n\n\n<h2 class=\"wp-block-heading\"><span class=\"ez-toc-section\" id=\"Naturalne_tkaniny_czy_materialy_techniczne_%E2%80%93_co_wybrac\"><\/span>Naturalne tkaniny czy materia\u0142y techniczne \u2013 co wybra\u0107?<span class=\"ez-toc-section-end\"><\/span><\/h2>\n\n\n\n<p>Cho\u0107 odzie\u017c techniczna zdominowa\u0142a rynek sportowy, w codziennych i eleganckich stylizacjach nadal kr\u00f3luj\u0105 naturalne tkaniny. Marka Bialcon od lat stawia na wysok\u0105 jako\u015b\u0107 materia\u0142\u00f3w, kt\u00f3re nie tylko pi\u0119knie si\u0119 prezentuj\u0105, ale te\u017c zapewniaj\u0105 komfort termiczny w zmiennych warunkach pogodowych. W temperaturze oko\u0142o 10 stopni Celsjusza warto si\u0119gn\u0105\u0107 po odzie\u017c wykonan\u0105 z we\u0142ny, bawe\u0142ny lub tkanin z domieszk\u0105 naturalnych w\u0142\u00f3kien \u2013 s\u0105 one znacznie bardziej oddychaj\u0105ce ni\u017c syntetyki, przyjemniejsze w dotyku i lepiej uk\u0142adaj\u0105 si\u0119 na sylwetce.<\/p>\n\n\n\n<p>P\u0142aszcze i kurtki z naturalnych materia\u0142\u00f3w, takich jak we\u0142na z dodatkiem wiskozy czy bawe\u0142niany twill, to doskona\u0142y wyb\u00f3r na ch\u0142odniejsze dni. Chroni\u0105 przed utrat\u0105 ciep\u0142a, jednocze\u015bnie pozwalaj\u0105c sk\u00f3rze oddycha\u0107. Dzi\u0119ki temu nawet przy silnym wietrze czy wilgoci, nie grozi Ci przegrzanie. Co wi\u0119cej, naturalne tkaniny lepiej znosz\u0105 pr\u00f3b\u0119 czasu \u2013 zachowuj\u0105 sw\u00f3j kszta\u0142t, nie mechac\u0105 si\u0119 i nie trac\u0105 koloru, co sprawia, \u017ce ubrania Bialcon mo\u017cna nosi\u0107 przez wiele sezon\u00f3w.<\/p>\n\n\n\n<p>Materia\u0142 techniczny sprawdzi si\u0119 co najwy\u017cej jako dodatkowa warstwa \u2013 np. lekka podszewka lub delikatna warstwa ochronna. Jednak w kolekcji marki Bialcon najwa\u017cniejsze s\u0105 tkaniny eleganckie, o szlachetnej fakturze i stonowanej kolorystyce, kt\u00f3re idealnie komponuj\u0105 si\u0119 z miejskim stylem. To wyb\u00f3r dla kobiet, kt\u00f3re ceni\u0105 ponadczasowe rozwi\u0105zania i chc\u0105 wygl\u0105da\u0107 dobrze bez wzgl\u0119du na pogod\u0119. Dlatego zamiast sportowych kurtek z membran\u0105, postaw na klasyczny p\u0142aszcz lub eleganck\u0105 kurtk\u0119 z wysokiej jako\u015bci materia\u0142u \u2013 to inwestycja w dobry styl, kt\u00f3ry nigdy nie wychodzi z mody.<\/p>\n\n\n\r\n<div class=\"product-block-container swiper mySwiperProductBlock\">\r\n    <div class=\"product-block-swiper swiper-wrapper\">\r\n                    <div class=\"swiper-slide product-block-item\" data-id=\"147008\">\r\n                <a href=\"https:\/\/bialcon.pl\/plaszcz-z-grubej-tkaniny-boucle-z-dodatkiem-welny?utm_source=blog&utm_medium=poradystylistki&utm_campaign=131125\" class=\"product-block-url\" target=\"_blank\">\r\n                    <div class=\"product-block-image\">\r\n                        <img decoding=\"async\" width=\"300\" height=\"400\" src=\"https:\/\/bialcon.pl\/picture\/plaszcz-z-grubej-tkaniny-boucle-z-dodatkiem-welny_1.jpg\" alt=\"P\u0142aszcz z grubej tkaniny boucle z dodatkiem we\u0142ny\">\r\n                    <\/div>\r\n                    <div class=\"product-block-name\">\r\n                        <p>P\u0142aszcz z grubej tkaniny boucle z dodatkiem we\u0142ny<\/p>\r\n                    <\/div>\r\n                <\/a>\r\n            <\/div>\r\n                    <div class=\"swiper-slide product-block-item\" data-id=\"147027\">\r\n                <a href=\"https:\/\/bialcon.pl\/welniany-dwurzedowy-szary-plaszcz-w-jodelke?utm_source=blog&utm_medium=poradystylistki&utm_campaign=131125\" class=\"product-block-url\" target=\"_blank\">\r\n                    <div class=\"product-block-image\">\r\n                        <img decoding=\"async\" width=\"300\" height=\"400\" src=\"https:\/\/bialcon.pl\/picture\/welniany-dwurzedowy-szary-plaszcz-w-jodelke_1.jpg\" alt=\"We\u0142niany dwurz\u0119dowy szary p\u0142aszcz w jode\u0142k\u0119\">\r\n                    <\/div>\r\n                    <div class=\"product-block-name\">\r\n                        <p>We\u0142niany dwurz\u0119dowy szary p\u0142aszcz w jode\u0142k\u0119<\/p>\r\n                    <\/div>\r\n                <\/a>\r\n            <\/div>\r\n                    <div class=\"swiper-slide product-block-item\" data-id=\"147029\">\r\n                <a href=\"https:\/\/bialcon.pl\/stylowy-dlugi-plaszcz-w-pepitke-z-dodatkiem-welny?utm_source=blog&utm_medium=poradystylistki&utm_campaign=131125\" class=\"product-block-url\" target=\"_blank\">\r\n                    <div class=\"product-block-image\">\r\n                        <img decoding=\"async\" width=\"300\" height=\"400\" src=\"https:\/\/bialcon.pl\/picture\/stylowy-dlugi-plaszcz-w-pepitke-z-dodatkiem-welny_7.jpg\" alt=\"Stylowy d\u0142ugi p\u0142aszcz w pepitk\u0119 z dodatkiem we\u0142ny\">\r\n                    <\/div>\r\n                    <div class=\"product-block-name\">\r\n                        <p>Stylowy d\u0142ugi p\u0142aszcz w pepitk\u0119 z dodatkiem we\u0142ny<\/p>\r\n                    <\/div>\r\n                <\/a>\r\n            <\/div>\r\n            <\/div>\r\n<\/div>\r\n\n\n\n\n<h2 class=\"wp-block-heading\"><span class=\"ez-toc-section\" id=\"Jak_przygotowac_sie_na_nagla_zmiane_pogody\"><\/span>Jak przygotowa\u0107 si\u0119 na nag\u0142\u0105 zmian\u0119 pogody?<span class=\"ez-toc-section-end\"><\/span><\/h2>\n\n\n\n<p>Jesieni\u0105 i wczesn\u0105 wiosn\u0105 pogoda potrafi zaskoczy\u0107. Warto wi\u0119c zawsze mie\u0107 przy sobie lekki szalik, parasol lub kurtk\u0119 z kapturem, kt\u00f3ra ochroni przed ewentualnym deszczem. Warstwowy ubi\u00f3r pozwala na szybkie dostosowanie si\u0119 do zmian temperatury \u2013 wystarczy doda\u0107 lub zdj\u0105\u0107 jedn\u0105 warstw\u0119, by nie odczuwa\u0107 dyskomfortu. Elastyczne dostosowanie stroju do panuj\u0105cych warunk\u00f3w atmosferycznych to podstawa, je\u015bli chcesz unikn\u0105\u0107 przezi\u0119bienia i zadba\u0107 o komfort.<\/p>\n\n\n\n<h2 class=\"wp-block-heading\"><span class=\"ez-toc-section\" id=\"Podsumowanie_%E2%80%93_komfort_styl_i_cieplo_z_Bialcon\"><\/span>Podsumowanie \u2013 komfort, styl i ciep\u0142o z Bialcon<span class=\"ez-toc-section-end\"><\/span><\/h2>\n\n\n\n<p>Temperatura 10 stopni nie musi oznacza\u0107 modowego kompromisu. Wystarczy zadba\u0107 o dob\u00f3r odpowiedniego stroju, kt\u00f3ry po\u0142\u0105czy wygod\u0119, funkcjonalno\u015b\u0107 i elegancki wygl\u0105d. Stylowa kurtka lub p\u0142aszcz, warstwowy ubi\u00f3r i praktyczne dodatki sprawi\u0105, \u017ce ch\u0142odniejsze dni przestan\u0105 by\u0107 wyzwaniem. W ofercie Bialcon znajdziesz ubrania z wysokiej jako\u015bci materia\u0142\u00f3w, kt\u00f3re \u0142\u0105cz\u0105 modny design z praktycznym zastosowaniem. Od klasycznych p\u0142aszczy, przez lekkie kurtki po ciep\u0142e swetry \u2013 wszystko, czego potrzebujesz, by wygl\u0105da\u0107 \u015bwietnie i czu\u0107 si\u0119 komfortowo. Sprawd\u017a nasz\u0105 kolekcj\u0119 i przygotuj si\u0119 na zmienne warunki pogodowe z klas\u0105.<\/p>\n","protected":false},"excerpt":{"rendered":"<p>Zastanawiasz si\u0119, jaka kurtka na 10 stopni b\u0119dzie odpowiednia? To temperatura, przy kt\u00f3rej nietrudno o modow\u0105 wpadk\u0119 \u2013 w za cienkim stroju zmarzniesz, a zbyt gruby ubi\u00f3r spowoduje przegrzanie. Jak si\u0119 ubra\u0107, by czu\u0107 si\u0119 komfortowo, wygl\u0105da\u0107 stylowo i jednocze\u015bnie odpowiednio przygotowa\u0107 si\u0119 na zmienne warunki pogodowe? W tym artykule znajdziesz praktyczny poradnik pe\u0142en modowych [&hellip;]<\/p>\n","protected":false},"author":8,"featured_media":12692,"comment_status":"closed","ping_status":"open","sticky":false,"template":"","format":"standard","meta":{"_acf_changed":false,"site-sidebar-layout":"default","site-content-layout":"","ast-site-content-layout":"default","site-content-style":"default","site-sidebar-style":"default","ast-global-header-display":"","ast-banner-title-visibility":"","ast-main-header-display":"","ast-hfb-above-header-display":"","ast-hfb-below-header-display":"","ast-hfb-mobile-header-display":"","site-post-title":"","ast-breadcrumbs-content":"","ast-featured-img":"","footer-sml-layout":"","theme-transparent-header-meta":"","adv-header-id-meta":"","stick-header-meta":"","header-above-stick-meta":"","header-main-stick-meta":"","header-below-stick-meta":"","astra-migrate-meta-layouts":"set","ast-page-background-enabled":"default","ast-page-background-meta":{"desktop":{"background-color":"","background-image":"","background-repeat":"repeat","background-position":"center center","background-size":"auto","background-attachment":"scroll","background-type":"","background-media":"","overlay-type":"","overlay-color":"","overlay-opacity":"","overlay-gradient":""},"tablet":{"background-color":"","background-image":"","background-repeat":"repeat","background-position":"center center","background-size":"auto","background-attachment":"scroll","background-type":"","background-media":"","overlay-type":"","overlay-color":"","overlay-opacity":"","overlay-gradient":""},"mobile":{"background-color":"","background-image":"","background-repeat":"repeat","background-position":"center center","background-size":"auto","background-attachment":"scroll","background-type":"","background-media":"","overlay-type":"","overlay-color":"","overlay-opacity":"","overlay-gradient":""}},"ast-content-background-meta":{"desktop":{"background-color":"var(--ast-global-color-5)","background-image":"","background-repeat":"repeat","background-position":"center center","background-size":"auto","background-attachment":"scroll","background-type":"","background-media":"","overlay-type":"","overlay-color":"","overlay-opacity":"","overlay-gradient":""},"tablet":{"background-color":"var(--ast-global-color-5)","background-image":"","background-repeat":"repeat","background-position":"center center","background-size":"auto","background-attachment":"scroll","background-type":"","background-media":"","overlay-type":"","overlay-color":"","overlay-opacity":"","overlay-gradient":""},"mobile":{"background-color":"var(--ast-global-color-5)","background-image":"","background-repeat":"repeat","background-position":"center center","background-size":"auto","background-attachment":"scroll","background-type":"","background-media":"","overlay-type":"","overlay-color":"","overlay-opacity":"","overlay-gradient":""}},"footnotes":""},"categories":[10,14],"tags":[],"class_list":["post-12691","post","type-post","status-publish","format-standard","has-post-thumbnail","hentry","category-porady-stylistki","category-wszystkie-wpisy"],"acf":[],"yoast_head":"<!-- This site is optimized with the Yoast SEO plugin v27.4 - https:\/\/yoast.com\/product\/yoast-seo-wordpress\/ -->\n<title>10 stopni na zewn\u0105trz \u2013 jak\u0105 kurtk\u0119 wybra\u0107, \u017ceby by\u0142o stylowo i wygodnie? - Bialcon<\/title>\n<meta name=\"robots\" content=\"index, follow, max-snippet:-1, max-image-preview:large, max-video-preview:-1\" \/>\n<link rel=\"canonical\" href=\"https:\/\/bialcon.pl\/blog\/10-stopni-na-zewnatrz\/\" \/>\n<meta name=\"twitter:label1\" content=\"Napisane przez\" \/>\n\t<meta name=\"twitter:data1\" content=\"Marta Osuch\" \/>\n\t<meta name=\"twitter:label2\" content=\"Szacowany czas czytania\" \/>\n\t<meta name=\"twitter:data2\" content=\"10 minut\" \/>\n<script type=\"application\/ld+json\" class=\"yoast-schema-graph\">{\"@context\":\"https:\\\/\\\/schema.org\",\"@graph\":[{\"@type\":\"Article\",\"@id\":\"https:\\\/\\\/bialcon.pl\\\/blog\\\/10-stopni-na-zewnatrz\\\/#article\",\"isPartOf\":{\"@id\":\"https:\\\/\\\/bialcon.pl\\\/blog\\\/10-stopni-na-zewnatrz\\\/\"},\"author\":{\"name\":\"Marta Osuch\",\"@id\":\"https:\\\/\\\/bialcon.pl\\\/blog\\\/#\\\/schema\\\/person\\\/d607966042d507bd761f9e2cab07df62\"},\"headline\":\"10 stopni na zewn\u0105trz \u2013 jak\u0105 kurtk\u0119 wybra\u0107, \u017ceby by\u0142o stylowo i wygodnie?\",\"datePublished\":\"2025-11-13T09:00:00+00:00\",\"dateModified\":\"2026-01-05T07:49:58+00:00\",\"mainEntityOfPage\":{\"@id\":\"https:\\\/\\\/bialcon.pl\\\/blog\\\/10-stopni-na-zewnatrz\\\/\"},\"wordCount\":1930,\"image\":{\"@id\":\"https:\\\/\\\/bialcon.pl\\\/blog\\\/10-stopni-na-zewnatrz\\\/#primaryimage\"},\"thumbnailUrl\":\"https:\\\/\\\/bialcon.pl\\\/blog\\\/wp-content\\\/uploads\\\/2025\\\/11\\\/Projekt-bez-nazwy-3.png\",\"articleSection\":[\"Porady Stylistki\",\"Wszystkie wpisy\"],\"inLanguage\":\"pl-PL\"},{\"@type\":\"WebPage\",\"@id\":\"https:\\\/\\\/bialcon.pl\\\/blog\\\/10-stopni-na-zewnatrz\\\/\",\"url\":\"https:\\\/\\\/bialcon.pl\\\/blog\\\/10-stopni-na-zewnatrz\\\/\",\"name\":\"10 stopni na zewn\u0105trz \u2013 jak\u0105 kurtk\u0119 wybra\u0107, \u017ceby by\u0142o stylowo i wygodnie? - Bialcon\",\"isPartOf\":{\"@id\":\"https:\\\/\\\/bialcon.pl\\\/blog\\\/#website\"},\"primaryImageOfPage\":{\"@id\":\"https:\\\/\\\/bialcon.pl\\\/blog\\\/10-stopni-na-zewnatrz\\\/#primaryimage\"},\"image\":{\"@id\":\"https:\\\/\\\/bialcon.pl\\\/blog\\\/10-stopni-na-zewnatrz\\\/#primaryimage\"},\"thumbnailUrl\":\"https:\\\/\\\/bialcon.pl\\\/blog\\\/wp-content\\\/uploads\\\/2025\\\/11\\\/Projekt-bez-nazwy-3.png\",\"datePublished\":\"2025-11-13T09:00:00+00:00\",\"dateModified\":\"2026-01-05T07:49:58+00:00\",\"author\":{\"@id\":\"https:\\\/\\\/bialcon.pl\\\/blog\\\/#\\\/schema\\\/person\\\/d607966042d507bd761f9e2cab07df62\"},\"breadcrumb\":{\"@id\":\"https:\\\/\\\/bialcon.pl\\\/blog\\\/10-stopni-na-zewnatrz\\\/#breadcrumb\"},\"inLanguage\":\"pl-PL\",\"potentialAction\":[{\"@type\":\"ReadAction\",\"target\":[\"https:\\\/\\\/bialcon.pl\\\/blog\\\/10-stopni-na-zewnatrz\\\/\"]}]},{\"@type\":\"ImageObject\",\"inLanguage\":\"pl-PL\",\"@id\":\"https:\\\/\\\/bialcon.pl\\\/blog\\\/10-stopni-na-zewnatrz\\\/#primaryimage\",\"url\":\"https:\\\/\\\/bialcon.pl\\\/blog\\\/wp-content\\\/uploads\\\/2025\\\/11\\\/Projekt-bez-nazwy-3.png\",\"contentUrl\":\"https:\\\/\\\/bialcon.pl\\\/blog\\\/wp-content\\\/uploads\\\/2025\\\/11\\\/Projekt-bez-nazwy-3.png\",\"width\":960,\"height\":850,\"caption\":\"Wizualizacja dw\u00f3ch kobiet w jesiennych p\u0142aszczach\"},{\"@type\":\"BreadcrumbList\",\"@id\":\"https:\\\/\\\/bialcon.pl\\\/blog\\\/10-stopni-na-zewnatrz\\\/#breadcrumb\",\"itemListElement\":[{\"@type\":\"ListItem\",\"position\":1,\"name\":\"Strona g\u0142\u00f3wna\",\"item\":\"https:\\\/\\\/bialcon.pl\\\/blog\\\/\"},{\"@type\":\"ListItem\",\"position\":2,\"name\":\"Wszystkie wpisy\",\"item\":\"https:\\\/\\\/bialcon.pl\\\/blog\\\/wszystkie-wpisy\\\/\"},{\"@type\":\"ListItem\",\"position\":3,\"name\":\"10 stopni na zewn\u0105trz \u2013 jak\u0105 kurtk\u0119 wybra\u0107, \u017ceby by\u0142o stylowo i wygodnie?\"}]},{\"@type\":\"WebSite\",\"@id\":\"https:\\\/\\\/bialcon.pl\\\/blog\\\/#website\",\"url\":\"https:\\\/\\\/bialcon.pl\\\/blog\\\/\",\"name\":\"bialcon.pl\\\/blog\\\/\",\"description\":\"Fashion Blog w zasi\u0119gu Twojej r\u0119ki\",\"potentialAction\":[{\"@type\":\"SearchAction\",\"target\":{\"@type\":\"EntryPoint\",\"urlTemplate\":\"https:\\\/\\\/bialcon.pl\\\/blog\\\/?s={search_term_string}\"},\"query-input\":{\"@type\":\"PropertyValueSpecification\",\"valueRequired\":true,\"valueName\":\"search_term_string\"}}],\"inLanguage\":\"pl-PL\"},{\"@type\":\"Person\",\"@id\":\"https:\\\/\\\/bialcon.pl\\\/blog\\\/#\\\/schema\\\/person\\\/d607966042d507bd761f9e2cab07df62\",\"name\":\"Marta Osuch\",\"image\":{\"@type\":\"ImageObject\",\"inLanguage\":\"pl-PL\",\"@id\":\"https:\\\/\\\/secure.gravatar.com\\\/avatar\\\/e92ecceaeb1c6e5e7cf1d28eb4215cad69403014f340b8f5b576adf09b89be60?s=96&d=mm&r=g\",\"url\":\"https:\\\/\\\/secure.gravatar.com\\\/avatar\\\/e92ecceaeb1c6e5e7cf1d28eb4215cad69403014f340b8f5b576adf09b89be60?s=96&d=mm&r=g\",\"contentUrl\":\"https:\\\/\\\/secure.gravatar.com\\\/avatar\\\/e92ecceaeb1c6e5e7cf1d28eb4215cad69403014f340b8f5b576adf09b89be60?s=96&d=mm&r=g\",\"caption\":\"Marta Osuch\"},\"description\":\"Z wykszta\u0142cenia specjalistka ds. bezpiecze\u0144stwa narodowego, z pasji \u2014 tw\u00f3rczyni tre\u015bci i mi\u0142o\u015bniczka mody. Na co dzie\u0144 \u0142\u0105czy zami\u0142owanie do content marketingu z uwa\u017cn\u0105 obserwacj\u0105 trend\u00f3w, szczeg\u00f3lnie tych inspirowanych stylem najwi\u0119kszych gwiazd. Ch\u0119tnie podpatruje codzienne stylizacje i przek\u0142ada je na mod\u0119 blisk\u0105 \u017cyciu \u2014 kobiec\u0105, stylow\u0105 i pe\u0142n\u0105 charakteru. Prywatnie najch\u0119tniej si\u0119ga po krymina\u0142y i sp\u0119dza czas na spacerach z synkiem.\",\"sameAs\":[\"https:\\\/\\\/www.linkedin.com\\\/in\\\/marta-osuch-b71aa8186\\\/\"],\"url\":\"https:\\\/\\\/bialcon.pl\\\/blog\\\/author\\\/martao\\\/\"}]}<\/script>\n<!-- \/ Yoast SEO plugin. -->","yoast_head_json":{"title":"10 stopni na zewn\u0105trz \u2013 jak\u0105 kurtk\u0119 wybra\u0107, \u017ceby by\u0142o stylowo i wygodnie? - Bialcon","robots":{"index":"index","follow":"follow","max-snippet":"max-snippet:-1","max-image-preview":"max-image-preview:large","max-video-preview":"max-video-preview:-1"},"canonical":"https:\/\/bialcon.pl\/blog\/10-stopni-na-zewnatrz\/","twitter_misc":{"Napisane przez":"Marta Osuch","Szacowany czas czytania":"10 minut"},"schema":{"@context":"https:\/\/schema.org","@graph":[{"@type":"Article","@id":"https:\/\/bialcon.pl\/blog\/10-stopni-na-zewnatrz\/#article","isPartOf":{"@id":"https:\/\/bialcon.pl\/blog\/10-stopni-na-zewnatrz\/"},"author":{"name":"Marta Osuch","@id":"https:\/\/bialcon.pl\/blog\/#\/schema\/person\/d607966042d507bd761f9e2cab07df62"},"headline":"10 stopni na zewn\u0105trz \u2013 jak\u0105 kurtk\u0119 wybra\u0107, \u017ceby by\u0142o stylowo i wygodnie?","datePublished":"2025-11-13T09:00:00+00:00","dateModified":"2026-01-05T07:49:58+00:00","mainEntityOfPage":{"@id":"https:\/\/bialcon.pl\/blog\/10-stopni-na-zewnatrz\/"},"wordCount":1930,"image":{"@id":"https:\/\/bialcon.pl\/blog\/10-stopni-na-zewnatrz\/#primaryimage"},"thumbnailUrl":"https:\/\/bialcon.pl\/blog\/wp-content\/uploads\/2025\/11\/Projekt-bez-nazwy-3.png","articleSection":["Porady Stylistki","Wszystkie wpisy"],"inLanguage":"pl-PL"},{"@type":"WebPage","@id":"https:\/\/bialcon.pl\/blog\/10-stopni-na-zewnatrz\/","url":"https:\/\/bialcon.pl\/blog\/10-stopni-na-zewnatrz\/","name":"10 stopni na zewn\u0105trz \u2013 jak\u0105 kurtk\u0119 wybra\u0107, \u017ceby by\u0142o stylowo i wygodnie? - Bialcon","isPartOf":{"@id":"https:\/\/bialcon.pl\/blog\/#website"},"primaryImageOfPage":{"@id":"https:\/\/bialcon.pl\/blog\/10-stopni-na-zewnatrz\/#primaryimage"},"image":{"@id":"https:\/\/bialcon.pl\/blog\/10-stopni-na-zewnatrz\/#primaryimage"},"thumbnailUrl":"https:\/\/bialcon.pl\/blog\/wp-content\/uploads\/2025\/11\/Projekt-bez-nazwy-3.png","datePublished":"2025-11-13T09:00:00+00:00","dateModified":"2026-01-05T07:49:58+00:00","author":{"@id":"https:\/\/bialcon.pl\/blog\/#\/schema\/person\/d607966042d507bd761f9e2cab07df62"},"breadcrumb":{"@id":"https:\/\/bialcon.pl\/blog\/10-stopni-na-zewnatrz\/#breadcrumb"},"inLanguage":"pl-PL","potentialAction":[{"@type":"ReadAction","target":["https:\/\/bialcon.pl\/blog\/10-stopni-na-zewnatrz\/"]}]},{"@type":"ImageObject","inLanguage":"pl-PL","@id":"https:\/\/bialcon.pl\/blog\/10-stopni-na-zewnatrz\/#primaryimage","url":"https:\/\/bialcon.pl\/blog\/wp-content\/uploads\/2025\/11\/Projekt-bez-nazwy-3.png","contentUrl":"https:\/\/bialcon.pl\/blog\/wp-content\/uploads\/2025\/11\/Projekt-bez-nazwy-3.png","width":960,"height":850,"caption":"Wizualizacja dw\u00f3ch kobiet w jesiennych p\u0142aszczach"},{"@type":"BreadcrumbList","@id":"https:\/\/bialcon.pl\/blog\/10-stopni-na-zewnatrz\/#breadcrumb","itemListElement":[{"@type":"ListItem","position":1,"name":"Strona g\u0142\u00f3wna","item":"https:\/\/bialcon.pl\/blog\/"},{"@type":"ListItem","position":2,"name":"Wszystkie wpisy","item":"https:\/\/bialcon.pl\/blog\/wszystkie-wpisy\/"},{"@type":"ListItem","position":3,"name":"10 stopni na zewn\u0105trz \u2013 jak\u0105 kurtk\u0119 wybra\u0107, \u017ceby by\u0142o stylowo i wygodnie?"}]},{"@type":"WebSite","@id":"https:\/\/bialcon.pl\/blog\/#website","url":"https:\/\/bialcon.pl\/blog\/","name":"bialcon.pl\/blog\/","description":"Fashion Blog w zasi\u0119gu Twojej r\u0119ki","potentialAction":[{"@type":"SearchAction","target":{"@type":"EntryPoint","urlTemplate":"https:\/\/bialcon.pl\/blog\/?s={search_term_string}"},"query-input":{"@type":"PropertyValueSpecification","valueRequired":true,"valueName":"search_term_string"}}],"inLanguage":"pl-PL"},{"@type":"Person","@id":"https:\/\/bialcon.pl\/blog\/#\/schema\/person\/d607966042d507bd761f9e2cab07df62","name":"Marta Osuch","image":{"@type":"ImageObject","inLanguage":"pl-PL","@id":"https:\/\/secure.gravatar.com\/avatar\/e92ecceaeb1c6e5e7cf1d28eb4215cad69403014f340b8f5b576adf09b89be60?s=96&d=mm&r=g","url":"https:\/\/secure.gravatar.com\/avatar\/e92ecceaeb1c6e5e7cf1d28eb4215cad69403014f340b8f5b576adf09b89be60?s=96&d=mm&r=g","contentUrl":"https:\/\/secure.gravatar.com\/avatar\/e92ecceaeb1c6e5e7cf1d28eb4215cad69403014f340b8f5b576adf09b89be60?s=96&d=mm&r=g","caption":"Marta Osuch"},"description":"Z wykszta\u0142cenia specjalistka ds. bezpiecze\u0144stwa narodowego, z pasji \u2014 tw\u00f3rczyni tre\u015bci i mi\u0142o\u015bniczka mody. Na co dzie\u0144 \u0142\u0105czy zami\u0142owanie do content marketingu z uwa\u017cn\u0105 obserwacj\u0105 trend\u00f3w, szczeg\u00f3lnie tych inspirowanych stylem najwi\u0119kszych gwiazd. Ch\u0119tnie podpatruje codzienne stylizacje i przek\u0142ada je na mod\u0119 blisk\u0105 \u017cyciu \u2014 kobiec\u0105, stylow\u0105 i pe\u0142n\u0105 charakteru. Prywatnie najch\u0119tniej si\u0119ga po krymina\u0142y i sp\u0119dza czas na spacerach z synkiem.","sameAs":["https:\/\/www.linkedin.com\/in\/marta-osuch-b71aa8186\/"],"url":"https:\/\/bialcon.pl\/blog\/author\/martao\/"}]}},"_links":{"self":[{"href":"https:\/\/bialcon.pl\/blog\/wp-json\/wp\/v2\/posts\/12691","targetHints":{"allow":["GET"]}}],"collection":[{"href":"https:\/\/bialcon.pl\/blog\/wp-json\/wp\/v2\/posts"}],"about":[{"href":"https:\/\/bialcon.pl\/blog\/wp-json\/wp\/v2\/types\/post"}],"author":[{"embeddable":true,"href":"https:\/\/bialcon.pl\/blog\/wp-json\/wp\/v2\/users\/8"}],"replies":[{"embeddable":true,"href":"https:\/\/bialcon.pl\/blog\/wp-json\/wp\/v2\/comments?post=12691"}],"version-history":[{"count":4,"href":"https:\/\/bialcon.pl\/blog\/wp-json\/wp\/v2\/posts\/12691\/revisions"}],"predecessor-version":[{"id":12697,"href":"https:\/\/bialcon.pl\/blog\/wp-json\/wp\/v2\/posts\/12691\/revisions\/12697"}],"wp:featuredmedia":[{"embeddable":true,"href":"https:\/\/bialcon.pl\/blog\/wp-json\/wp\/v2\/media\/12692"}],"wp:attachment":[{"href":"https:\/\/bialcon.pl\/blog\/wp-json\/wp\/v2\/media?parent=12691"}],"wp:term":[{"taxonomy":"category","embeddable":true,"href":"https:\/\/bialcon.pl\/blog\/wp-json\/wp\/v2\/categories?post=12691"},{"taxonomy":"post_tag","embeddable":true,"href":"https:\/\/bialcon.pl\/blog\/wp-json\/wp\/v2\/tags?post=12691"}],"curies":[{"name":"wp","href":"https:\/\/api.w.org\/{rel}","templated":true}]}}