{"id":12684,"date":"2025-11-06T10:00:00","date_gmt":"2025-11-06T09:00:00","guid":{"rendered":"https:\/\/bialcon.pl\/blog\/?p=12684"},"modified":"2026-04-16T11:21:27","modified_gmt":"2026-04-16T09:21:27","slug":"dodatki-do-czarnego-plaszcza","status":"publish","type":"post","link":"https:\/\/bialcon.pl\/blog\/dodatki-do-czarnego-plaszcza\/","title":{"rendered":"Jakie dodatki do czarnego p\u0142aszcza damskiego? Szalik, buty i nakrycie g\u0142owy w idealnej stylizacji"},"content":{"rendered":"<div id=\"ez-toc-container\" class=\"ez-toc-v2_0_82_2 counter-hierarchy ez-toc-counter ez-toc-custom ez-toc-container-direction\">\n<div class=\"ez-toc-title-container\"><p class=\"ez-toc-title\" style=\"cursor:inherit\">Spis Tre\u015bci<\/p>\n<\/div><nav><ul class='ez-toc-list ez-toc-list-level-1 ' ><li class='ez-toc-page-1 ez-toc-heading-level-2'><a class=\"ez-toc-link ez-toc-heading-1\" href=\"https:\/\/bialcon.pl\/blog\/dodatki-do-czarnego-plaszcza\/#Czarny_plaszcz_%E2%80%93_baza_ponadczasowej_garderoby\" >Czarny p\u0142aszcz \u2013 baza ponadczasowej garderoby<\/a><\/li><li class='ez-toc-page-1 ez-toc-heading-level-2'><a class=\"ez-toc-link ez-toc-heading-2\" href=\"https:\/\/bialcon.pl\/blog\/dodatki-do-czarnego-plaszcza\/#_Jak_dobrac_szalik_do_czarnego_plaszcza_damskiego\" >&nbsp;Jak dobra\u0107 szalik do czarnego p\u0142aszcza damskiego?<\/a><\/li><li class='ez-toc-page-1 ez-toc-heading-level-2'><a class=\"ez-toc-link ez-toc-heading-3\" href=\"https:\/\/bialcon.pl\/blog\/dodatki-do-czarnego-plaszcza\/#Szalik_do_czarnego_plaszcza_%E2%80%93_jak_dopasowac_do_typu_urody\" >Szalik do czarnego p\u0142aszcza \u2013 jak dopasowa\u0107 do typu urody?<\/a><\/li><li class='ez-toc-page-1 ez-toc-heading-level-2'><a class=\"ez-toc-link ez-toc-heading-4\" href=\"https:\/\/bialcon.pl\/blog\/dodatki-do-czarnego-plaszcza\/#Jak_wiazac_szalik_by_wygladac_stylowo\" >Jak wi\u0105za\u0107 szalik, by wygl\u0105da\u0107 stylowo?<\/a><\/li><li class='ez-toc-page-1 ez-toc-heading-level-2'><a class=\"ez-toc-link ez-toc-heading-5\" href=\"https:\/\/bialcon.pl\/blog\/dodatki-do-czarnego-plaszcza\/#Szalik_w_roli_glownej_%E2%80%93_z_jakiego_materialu_wybrac\" >Szalik w roli g\u0142\u00f3wnej \u2013 z jakiego materia\u0142u wybra\u0107?<\/a><\/li><li class='ez-toc-page-1 ez-toc-heading-level-2'><a class=\"ez-toc-link ez-toc-heading-6\" href=\"https:\/\/bialcon.pl\/blog\/dodatki-do-czarnego-plaszcza\/#Stylizacje_z_czarnym_plaszczem_%E2%80%93_klasyka_i_nowoczesnosc\" >Stylizacje z czarnym p\u0142aszczem \u2013 klasyka i nowoczesno\u015b\u0107<\/a><\/li><li class='ez-toc-page-1 ez-toc-heading-level-2'><a class=\"ez-toc-link ez-toc-heading-7\" href=\"https:\/\/bialcon.pl\/blog\/dodatki-do-czarnego-plaszcza\/#Czarny_plaszcz_oversize_%E2%80%93_hit_sezonu\" >Czarny p\u0142aszcz oversize \u2013 hit sezonu<\/a><\/li><li class='ez-toc-page-1 ez-toc-heading-level-2'><a class=\"ez-toc-link ez-toc-heading-8\" href=\"https:\/\/bialcon.pl\/blog\/dodatki-do-czarnego-plaszcza\/#Jakie_buty_do_czarnego_plaszcza\" >Jakie buty do czarnego p\u0142aszcza?<\/a><\/li><li class='ez-toc-page-1 ez-toc-heading-level-2'><a class=\"ez-toc-link ez-toc-heading-9\" href=\"https:\/\/bialcon.pl\/blog\/dodatki-do-czarnego-plaszcza\/#Czarny_skorzany_plaszcz_%E2%80%93_odwazny_i_stylowy_wybor\" >Czarny sk\u00f3rzany p\u0142aszcz \u2013 odwa\u017cny i stylowy wyb\u00f3r<\/a><\/li><li class='ez-toc-page-1 ez-toc-heading-level-2'><a class=\"ez-toc-link ez-toc-heading-10\" href=\"https:\/\/bialcon.pl\/blog\/dodatki-do-czarnego-plaszcza\/#Klasyczny_czarny_plaszcz_%E2%80%93_elegancja_na_co_dzien\" >Klasyczny czarny p\u0142aszcz \u2013 elegancja na co dzie\u0144<\/a><\/li><li class='ez-toc-page-1 ez-toc-heading-level-2'><a class=\"ez-toc-link ez-toc-heading-11\" href=\"https:\/\/bialcon.pl\/blog\/dodatki-do-czarnego-plaszcza\/#Czapki_berety_i_kapelusze_%E2%80%93_jakie_nakrycie_glowy_wybrac\" >Czapki, berety i kapelusze \u2013 jakie nakrycie g\u0142owy wybra\u0107?<\/a><\/li><li class='ez-toc-page-1 ez-toc-heading-level-2'><a class=\"ez-toc-link ez-toc-heading-12\" href=\"https:\/\/bialcon.pl\/blog\/dodatki-do-czarnego-plaszcza\/#Torebki_i_rekawiczki_%E2%80%93_dodatki_ktore_podkreslaja_styl\" >Torebki i r\u0119kawiczki \u2013 dodatki, kt\u00f3re podkre\u015blaj\u0105 styl<\/a><\/li><li class='ez-toc-page-1 ez-toc-heading-level-2'><a class=\"ez-toc-link ez-toc-heading-13\" href=\"https:\/\/bialcon.pl\/blog\/dodatki-do-czarnego-plaszcza\/#Czarny_trencz_%E2%80%93_lzejsza_wersja_klasyki\" >Czarny trencz \u2013 l\u017cejsza wersja klasyki<\/a><\/li><li class='ez-toc-page-1 ez-toc-heading-level-2'><a class=\"ez-toc-link ez-toc-heading-14\" href=\"https:\/\/bialcon.pl\/blog\/dodatki-do-czarnego-plaszcza\/#Jak_stworzyc_niepowtarzalne_stylizacje_z_czarnym_plaszczem\" >Jak stworzy\u0107 niepowtarzalne stylizacje z czarnym p\u0142aszczem?<\/a><\/li><li class='ez-toc-page-1 ez-toc-heading-level-2'><a class=\"ez-toc-link ez-toc-heading-15\" href=\"https:\/\/bialcon.pl\/blog\/dodatki-do-czarnego-plaszcza\/#FAQ\" >FAQ<\/a><\/li><\/ul><\/nav><\/div>\n\n<p>Czarny p\u0142aszcz damski to niekwestionowany klasyk, kt\u00f3ry od lat kr\u00f3luje w modzie. Wyr\u00f3\u017cnia si\u0119 elegancj\u0105, ponadczasowo\u015bci\u0105 i mo\u017cliwo\u015bci\u0105 tworzenia niezliczonych kombinacji z r\u00f3\u017cnymi dodatkami. To w\u0142a\u015bnie one decyduj\u0105 o charakterze ca\u0142ej stylizacji \u2014 potrafi\u0105 j\u0105 ociepli\u0107, roz\u015bwietli\u0107 lub nada\u0107 jej odwa\u017cniejszy, miejski charakter. Jak dobra\u0107 szalik, buty i nakrycie g\u0142owy, aby wygl\u0105da\u0107 stylowo w czarnym kolorze? Sprawd\u017a, jak stworzy\u0107 idealne zestawienia, kt\u00f3re b\u0119d\u0105 zachwyca\u0107 w ch\u0142odne dni.<\/p>\n\n\n\n<h2 class=\"wp-block-heading\"><span class=\"ez-toc-section\" id=\"Czarny_plaszcz_%E2%80%93_baza_ponadczasowej_garderoby\"><\/span>Czarny p\u0142aszcz \u2013 baza ponadczasowej garderoby<span class=\"ez-toc-section-end\"><\/span><\/h2>\n\n\n\n<p>Czarny p\u0142aszcz to jeden z najbardziej uniwersalnych element\u00f3w w garderobie ka\u017cdej kobiety. Pasuje zar\u00f3wno do stylizacji casualowych, jak i wieczorowych. Czer\u0144 doskonale komponuje si\u0119 z r\u00f3\u017cnymi dodatkami, dlatego pozwala na tworzenie niepowtarzalnych stylizacji ka\u017cdego dnia. Warto postawi\u0107 na model wykonany z wysokogatunkowej we\u0142ny lub mieszanki r\u00f3\u017cnych tkanin, kt\u00f3re zapewni\u0105 komfort cieplny i elegancki wygl\u0105d.<\/p>\n\n\n\r\n<div class=\"product-block-container swiper mySwiperProductBlock\">\r\n    <div class=\"product-block-swiper swiper-wrapper\">\r\n                    <div class=\"swiper-slide product-block-item\" data-id=\"147681\">\r\n                <a href=\"https:\/\/bialcon.pl\/prosty-kremowy-plaszcz-z-wiazaniem?utm_source=blog&utm_medium=poradystylistki&utm_campaign=061125\" class=\"product-block-url\" target=\"_blank\">\r\n                    <div class=\"product-block-image\">\r\n                        <img decoding=\"async\" width=\"300\" height=\"400\" src=\"https:\/\/bialcon.pl\/picture\/plaszcz-carmen-ecru-relis.jpg\" alt=\"Prosty kremowy p\u0142aszcz z wi\u0105zaniem\">\r\n                    <\/div>\r\n                    <div class=\"product-block-name\">\r\n                        <p>Prosty kremowy p\u0142aszcz z wi\u0105zaniem<\/p>\r\n                    <\/div>\r\n                <\/a>\r\n            <\/div>\r\n                    <div class=\"swiper-slide product-block-item\" data-id=\"147682\">\r\n                <a href=\"https:\/\/bialcon.pl\/prosty-kamelowy-plaszcz-z-wiazaniem?utm_source=blog&utm_medium=poradystylistki&utm_campaign=061125\" class=\"product-block-url\" target=\"_blank\">\r\n                    <div class=\"product-block-image\">\r\n                        <img decoding=\"async\" width=\"300\" height=\"400\" src=\"https:\/\/bialcon.pl\/picture\/plaszcz-carmen-bezowy-relis.jpg\" alt=\"Prosty kamelowy p\u0142aszcz z wi\u0105zaniem\">\r\n                    <\/div>\r\n                    <div class=\"product-block-name\">\r\n                        <p>Prosty kamelowy p\u0142aszcz z wi\u0105zaniem<\/p>\r\n                    <\/div>\r\n                <\/a>\r\n            <\/div>\r\n                    <div class=\"swiper-slide product-block-item\" data-id=\"147683\">\r\n                <a href=\"https:\/\/bialcon.pl\/czarny-dwurzedowy-plaszcz-na-wiosne?utm_source=blog&utm_medium=poradystylistki&utm_campaign=061125\" class=\"product-block-url\" target=\"_blank\">\r\n                    <div class=\"product-block-image\">\r\n                        <img decoding=\"async\" width=\"300\" height=\"400\" src=\"https:\/\/bialcon.pl\/picture\/plaszcz-flora-czarny-relis.jpg\" alt=\"Czarny dwurz\u0119dowy p\u0142aszcz na wiosn\u0119\">\r\n                    <\/div>\r\n                    <div class=\"product-block-name\">\r\n                        <p>Czarny dwurz\u0119dowy p\u0142aszcz na wiosn\u0119<\/p>\r\n                    <\/div>\r\n                <\/a>\r\n            <\/div>\r\n            <\/div>\r\n<\/div>\r\n\n\n\n\n<h2 class=\"wp-block-heading\"><span class=\"ez-toc-section\" id=\"_Jak_dobrac_szalik_do_czarnego_plaszcza_damskiego\"><\/span>&nbsp;Jak dobra\u0107 szalik do czarnego p\u0142aszcza damskiego?<span class=\"ez-toc-section-end\"><\/span><\/h2>\n\n\n\n<p>Wielu kobietom trudno zdecydowa\u0107, jaki szalik do czarnego p\u0142aszcza damskiego b\u0119dzie najlepszy. Najbezpieczniej wybra\u0107 szalik w stonowanych kolorach \u2013 be\u017c, szaro\u015b\u0107, butelkowa ziele\u0144 lub granat b\u0119d\u0105 \u015bwietnie kontrastowa\u0107 z g\u0142\u0119bok\u0105 czerni\u0105. Je\u015bli jednak chcesz doda\u0107 energii, czerwony szalik lub wzorzyste szaliki w r\u00f3\u017cnorodnych wzorach o\u017cywi\u0105 ca\u0142\u0105 stylizacj\u0119.<\/p>\n\n\n\n<h2 class=\"wp-block-heading\"><span class=\"ez-toc-section\" id=\"Szalik_do_czarnego_plaszcza_%E2%80%93_jak_dopasowac_do_typu_urody\"><\/span>Szalik do czarnego p\u0142aszcza \u2013 jak dopasowa\u0107 do typu urody?<span class=\"ez-toc-section-end\"><\/span><\/h2>\n\n\n\n<p>Dobieraj\u0105c szalik do czarnego p\u0142aszcza, zwr\u00f3\u0107 uwag\u0119 na tonacj\u0119 swojej sk\u00f3ry i w\u0142os\u00f3w. Osoby o ch\u0142odnym typie urody \u015bwietnie wygl\u0105daj\u0105 w szaro\u015bciach i b\u0142\u0119kitach, natomiast ciep\u0142e typy powinny postawi\u0107 na karmel, mi\u00f3d lub rudo\u015bci. Dobrany szalik mo\u017ce nie tylko podkre\u015bli\u0107 twarz, ale te\u017c ca\u0142kowicie odmieni\u0107 charakter stroju.<\/p>\n\n\n\n<h2 class=\"wp-block-heading\"><span class=\"ez-toc-section\" id=\"Jak_wiazac_szalik_by_wygladac_stylowo\"><\/span>Jak wi\u0105za\u0107 szalik, by wygl\u0105da\u0107 stylowo?<span class=\"ez-toc-section-end\"><\/span><\/h2>\n\n\n\n<p>Spos\u00f3b, w jaki wi\u0105\u017cesz szalik, ma ogromny wp\u0142yw na finalny look. Mo\u017cesz nonszalancko zarzuci\u0107 go na ramionach, owin\u0105\u0107 wok\u00f3\u0142 szyi lub stworzy\u0107 elegancki w\u0119ze\u0142 francuski. W codziennych stylizacjach postaw na lu\u017ane wi\u0105zania, kt\u00f3re dodaj\u0105 lekko\u015bci, a w eleganckich stylizacjach \u2014 na uporz\u0105dkowany, symetryczny uk\u0142ad.<\/p>\n\n\n\n<h2 class=\"wp-block-heading\"><span class=\"ez-toc-section\" id=\"Szalik_w_roli_glownej_%E2%80%93_z_jakiego_materialu_wybrac\"><\/span>Szalik w roli g\u0142\u00f3wnej \u2013 z jakiego materia\u0142u wybra\u0107?<span class=\"ez-toc-section-end\"><\/span><\/h2>\n\n\n\n<p>W ch\u0142odne dni najlepiej sprawdzaj\u0105 si\u0119 szaliki wykonane z we\u0142ny lub kaszmiru, kt\u00f3re zapewniaj\u0105 ciep\u0142o i mi\u0119kko\u015b\u0107. Wiosn\u0105 i jesieni\u0105 warto postawi\u0107 na delikatny jedwab lub bawe\u0142n\u0119. Wzory i r\u00f3\u017cne tkaniny pozwalaj\u0105 eksperymentowa\u0107 \u2014 we\u0142niany szal doda elegancji, a lekki jedwab sprawdzi si\u0119 w bardziej kobiecych lookach.<\/p>\n\n\n\r\n<div class=\"product-block-container swiper mySwiperProductBlock\">\r\n    <div class=\"product-block-swiper swiper-wrapper\">\r\n                    <div class=\"swiper-slide product-block-item\" data-id=\"147924\">\r\n                <a href=\"https:\/\/bialcon.pl\/apaszka-w-kolorze-karminowej-czerwieni-z-orientalnym-motywem?utm_source=blog&utm_medium=poradystylistki&utm_campaign=061125\" class=\"product-block-url\" target=\"_blank\">\r\n                    <div class=\"product-block-image\">\r\n                        <img decoding=\"async\" width=\"300\" height=\"400\" src=\"https:\/\/bialcon.pl\/picture\/szal-wzory_78.jpg\" alt=\"Apaszka w kolorze karminowej czerwieni z orientalnym motywem\">\r\n                    <\/div>\r\n                    <div class=\"product-block-name\">\r\n                        <p>Apaszka w kolorze karminowej czerwieni z orientalnym motywem<\/p>\r\n                    <\/div>\r\n                <\/a>\r\n            <\/div>\r\n                    <div class=\"swiper-slide product-block-item\" data-id=\"147931\">\r\n                <a href=\"https:\/\/bialcon.pl\/wzorzysta-apaszka-w-kolorze-ciemnej-zieleni?utm_source=blog&utm_medium=poradystylistki&utm_campaign=061125\" class=\"product-block-url\" target=\"_blank\">\r\n                    <div class=\"product-block-image\">\r\n                        <img decoding=\"async\" width=\"300\" height=\"400\" src=\"https:\/\/bialcon.pl\/picture\/szal-wzory_79.jpg\" alt=\"Wzorzysta apaszka w kolorze ciemnej zieleni\">\r\n                    <\/div>\r\n                    <div class=\"product-block-name\">\r\n                        <p>Wzorzysta apaszka w kolorze ciemnej zieleni<\/p>\r\n                    <\/div>\r\n                <\/a>\r\n            <\/div>\r\n                    <div class=\"swiper-slide product-block-item\" data-id=\"147938\">\r\n                <a href=\"https:\/\/bialcon.pl\/dwukolorowa-apaszka-z-jedwabiu?utm_source=blog&utm_medium=poradystylistki&utm_campaign=061125\" class=\"product-block-url\" target=\"_blank\">\r\n                    <div class=\"product-block-image\">\r\n                        <img decoding=\"async\" width=\"300\" height=\"400\" src=\"https:\/\/bialcon.pl\/picture\/szal-wzory_75.jpg\" alt=\"Dwukolorowa apaszka z jedwabiu\">\r\n                    <\/div>\r\n                    <div class=\"product-block-name\">\r\n                        <p>Dwukolorowa apaszka z jedwabiu<\/p>\r\n                    <\/div>\r\n                <\/a>\r\n            <\/div>\r\n            <\/div>\r\n<\/div>\r\n\n\n\n\n<h2 class=\"wp-block-heading\"><span class=\"ez-toc-section\" id=\"Stylizacje_z_czarnym_plaszczem_%E2%80%93_klasyka_i_nowoczesnosc\"><\/span>Stylizacje z czarnym p\u0142aszczem \u2013 klasyka i nowoczesno\u015b\u0107<span class=\"ez-toc-section-end\"><\/span><\/h2>\n\n\n\n<p>Stylizacje z czarnym p\u0142aszczem mog\u0105 by\u0107 zar\u00f3wno minimalistyczne, jak i ekstrawaganckie. Kr\u00f3lowe minimalizmu postawi\u0105 na klasyczny czarny p\u0142aszcz z szarym szalikiem i sk\u00f3rzanymi r\u0119kawiczkami, a mi\u0142o\u015bniczki trend\u00f3w dodadz\u0105 kolorowe dodatki i masywne buty. To \u015bwietna okazja, by pokaza\u0107 swoj\u0105 osobowo\u015b\u0107.<\/p>\n\n\n\n<h2 class=\"wp-block-heading\"><span class=\"ez-toc-section\" id=\"Czarny_plaszcz_oversize_%E2%80%93_hit_sezonu\"><\/span>Czarny p\u0142aszcz oversize \u2013 hit sezonu<span class=\"ez-toc-section-end\"><\/span><\/h2>\n\n\n\n<p>Czarny p\u0142aszcz oversize to model, kt\u00f3ry dominuje w stylizacjach influencerek. Daje swobod\u0119 i wygl\u0105da modnie niezale\u017cnie od okazji. Aby zachowa\u0107 proporcje, warto dobra\u0107 dopasowany szalik i zgrabne buty, np. botki na obcasie. Taki p\u0142aszcz to idealny wyb\u00f3r dla kobiet, kt\u00f3re ceni\u0105 luz i elegancj\u0119 w jednym.<\/p>\n\n\n\n<h2 class=\"wp-block-heading\"><span class=\"ez-toc-section\" id=\"Jakie_buty_do_czarnego_plaszcza\"><\/span>Jakie buty do czarnego p\u0142aszcza?<span class=\"ez-toc-section-end\"><\/span><\/h2>\n\n\n\n<p>Dob\u00f3r but\u00f3w to kluczowy element stylizacji. W eleganckich zestawach z czarnym p\u0142aszczem sprawdz\u0105 si\u0119 botki, kozaki na s\u0142upku lub klasyczne szpilki. Je\u015bli stawiasz na modny look na co dzie\u0144, postaw na ci\u0119\u017csze trapery lub sneakersy. To po\u0142\u0105czenie doda nowoczesnego charakteru i prze\u0142amie klasyczn\u0105 form\u0119 p\u0142aszcza.<\/p>\n\n\n\n<h2 class=\"wp-block-heading\"><span class=\"ez-toc-section\" id=\"Czarny_skorzany_plaszcz_%E2%80%93_odwazny_i_stylowy_wybor\"><\/span>Czarny sk\u00f3rzany p\u0142aszcz \u2013 odwa\u017cny i stylowy wyb\u00f3r<span class=\"ez-toc-section-end\"><\/span><\/h2>\n\n\n\n<p>Czarny sk\u00f3rzany p\u0142aszcz to propozycja dla kobiet, kt\u00f3re lubi\u0105 wyraziste stylizacje. \u015awietnie prezentuje si\u0119 z prostym szalikiem z we\u0142ny lub z cienkim jedwabnym szalem. Warto pomy\u015ble\u0107 o dodatkach \u2013 paski, czapki i torebki w kontrastowych barwach dodadz\u0105 pazura. To str\u00f3j, w kt\u00f3rym z pewno\u015bci\u0105 nie przejdziesz niezauwa\u017cona.<\/p>\n\n\n\r\n<div class=\"product-block-container swiper mySwiperProductBlock\">\r\n    <div class=\"product-block-swiper swiper-wrapper\">\r\n                    <div class=\"swiper-slide product-block-item\" data-id=\"147889\">\r\n                <a href=\"https:\/\/bialcon.pl\/szeroki-brazowy-pasek-z-naturalnej-skory-licowej?utm_source=blog&utm_medium=poradystylistki&utm_campaign=061125\" class=\"product-block-url\" target=\"_blank\">\r\n                    <div class=\"product-block-image\">\r\n                        <img decoding=\"async\" width=\"300\" height=\"400\" src=\"https:\/\/bialcon.pl\/picture\/szeroki-brazowy-pasek-z-naturalnej-skory-licowej.png\" alt=\"Szeroki br\u0105zowy pasek z naturalnej sk\u00f3ry licowej\">\r\n                    <\/div>\r\n                    <div class=\"product-block-name\">\r\n                        <p>Szeroki br\u0105zowy pasek z naturalnej sk\u00f3ry licowej<\/p>\r\n                    <\/div>\r\n                <\/a>\r\n            <\/div>\r\n                    <div class=\"swiper-slide product-block-item\" data-id=\"147888\">\r\n                <a href=\"https:\/\/bialcon.pl\/czarny-szeroki-pasek-z-gladkiej-skory-naturalnej?utm_source=blog&utm_medium=poradystylistki&utm_campaign=061125\" class=\"product-block-url\" target=\"_blank\">\r\n                    <div class=\"product-block-image\">\r\n                        <img decoding=\"async\" width=\"300\" height=\"400\" src=\"https:\/\/bialcon.pl\/picture\/czarny-szeroki-pasek-z-gladkiej-skory-naturalnej.png\" alt=\"Czarny szeroki pasek z g\u0142adkiej sk\u00f3ry naturalnej\">\r\n                    <\/div>\r\n                    <div class=\"product-block-name\">\r\n                        <p>Czarny szeroki pasek z g\u0142adkiej sk\u00f3ry naturalnej<\/p>\r\n                    <\/div>\r\n                <\/a>\r\n            <\/div>\r\n                    <div class=\"swiper-slide product-block-item\" data-id=\"147890\">\r\n                <a href=\"https:\/\/bialcon.pl\/szeroki-bezowy-pasek-ze-skory-zamszowej?utm_source=blog&utm_medium=poradystylistki&utm_campaign=061125\" class=\"product-block-url\" target=\"_blank\">\r\n                    <div class=\"product-block-image\">\r\n                        <img decoding=\"async\" width=\"300\" height=\"400\" src=\"https:\/\/bialcon.pl\/picture\/szeroki-bezowy-pasek-ze-skory-zamszowej.png\" alt=\"Szeroki be\u017cowy pasek ze sk\u00f3ry zamszowej\">\r\n                    <\/div>\r\n                    <div class=\"product-block-name\">\r\n                        <p>Szeroki be\u017cowy pasek ze sk\u00f3ry zamszowej<\/p>\r\n                    <\/div>\r\n                <\/a>\r\n            <\/div>\r\n            <\/div>\r\n<\/div>\r\n\n\n\n\n<h2 class=\"wp-block-heading\"><span class=\"ez-toc-section\" id=\"Klasyczny_czarny_plaszcz_%E2%80%93_elegancja_na_co_dzien\"><\/span>Klasyczny czarny p\u0142aszcz \u2013 elegancja na co dzie\u0144<span class=\"ez-toc-section-end\"><\/span><\/h2>\n\n\n\n<p>Klasyczny czarny p\u0142aszcz nigdy nie wychodzi z mody. Warto postawi\u0107 na dobrze skrojony model, kt\u00f3ry b\u0119dzie pasowa\u0142 do eleganckiego i codziennego looku. Dla kontrastu dobierz szalik w ciep\u0142ym odcieniu be\u017cu lub czerwieni. Elegancki p\u0142aszcz w po\u0142\u0105czeniu z prostym szalikiem i czapk\u0105 w tym samym kolorze to przepis na ponadczasowy styl.<\/p>\n\n\n\n<h2 class=\"wp-block-heading\"><span class=\"ez-toc-section\" id=\"Czapki_berety_i_kapelusze_%E2%80%93_jakie_nakrycie_glowy_wybrac\"><\/span>Czapki, berety i kapelusze \u2013 jakie nakrycie g\u0142owy wybra\u0107?<span class=\"ez-toc-section-end\"><\/span><\/h2>\n\n\n\n<p>Nakrycie g\u0142owy to nie tylko ochrona przed ch\u0142odem, ale te\u017c stylowy akcent. Do czarnego p\u0142aszcza damskiego pasuj\u0105 zar\u00f3wno minimalistyczne czapki beanie, jak i eleganckie berety. Warto postawi\u0107 na modele w stonowanych kolorach, kt\u00f3re harmonijnie komponuj\u0105 si\u0119 z ca\u0142\u0105 stylizacj\u0105. Ciekawy efekt uzyskasz, wybieraj\u0105c czapk\u0119 w tym samym odcieniu co dobrany szalik.<\/p>\n\n\n\n<h2 class=\"wp-block-heading\"><span class=\"ez-toc-section\" id=\"Torebki_i_rekawiczki_%E2%80%93_dodatki_ktore_podkreslaja_styl\"><\/span>Torebki i r\u0119kawiczki \u2013 dodatki, kt\u00f3re podkre\u015blaj\u0105 styl<span class=\"ez-toc-section-end\"><\/span><\/h2>\n\n\n\n<p>Torebki i r\u0119kawiczki mog\u0105 odmieni\u0107 charakter nawet prostego p\u0142aszcza. Do czarnego p\u0142aszcza w czarnym kolorze \u015bwietnie pasuj\u0105 torebki w odcieniach szaro\u015bci, be\u017cu czy butelkowej zieleni. R\u0119kawiczki ze sk\u00f3ry dodadz\u0105 elegancji, a te z dzianiny nadadz\u0105 stylizacji mi\u0119kko\u015bci.<\/p>\n\n\n\r\n<div class=\"product-block-container swiper mySwiperProductBlock\">\r\n    <div class=\"product-block-swiper swiper-wrapper\">\r\n                    <div class=\"swiper-slide product-block-item\" data-id=\"147797\">\r\n                <a href=\"https:\/\/bialcon.pl\/duza-skorzana-brazowa-torba-na-co-dzien?utm_source=blog&utm_medium=poradystylistki&utm_campaign=061125\" class=\"product-block-url\" target=\"_blank\">\r\n                    <div class=\"product-block-image\">\r\n                        <img decoding=\"async\" width=\"300\" height=\"400\" src=\"https:\/\/bialcon.pl\/picture\/duza-skorzana-brazowa-torba-na-co-dzien.jpg\" alt=\"Du\u017ca sk\u00f3rzana br\u0105zowa torba na co dzie\u0144\">\r\n                    <\/div>\r\n                    <div class=\"product-block-name\">\r\n                        <p>Du\u017ca sk\u00f3rzana br\u0105zowa torba na co dzie\u0144<\/p>\r\n                    <\/div>\r\n                <\/a>\r\n            <\/div>\r\n                    <div class=\"swiper-slide product-block-item\" data-id=\"147798\">\r\n                <a href=\"https:\/\/bialcon.pl\/duza-skorzana-bezowa-torba-na-co-dzien?utm_source=blog&utm_medium=poradystylistki&utm_campaign=061125\" class=\"product-block-url\" target=\"_blank\">\r\n                    <div class=\"product-block-image\">\r\n                        <img decoding=\"async\" width=\"300\" height=\"400\" src=\"https:\/\/bialcon.pl\/picture\/torba-m8044-bezowy-karen.jpg\" alt=\"Du\u017ca sk\u00f3rzana be\u017cowa torba na co dzie\u0144\">\r\n                    <\/div>\r\n                    <div class=\"product-block-name\">\r\n                        <p>Du\u017ca sk\u00f3rzana be\u017cowa torba na co dzie\u0144<\/p>\r\n                    <\/div>\r\n                <\/a>\r\n            <\/div>\r\n                    <div class=\"swiper-slide product-block-item\" data-id=\"147799\">\r\n                <a href=\"https:\/\/bialcon.pl\/karmelowa-torebka-z-wysokogatunkowej-skory-naturalnej?utm_source=blog&utm_medium=poradystylistki&utm_campaign=061125\" class=\"product-block-url\" target=\"_blank\">\r\n                    <div class=\"product-block-image\">\r\n                        <img decoding=\"async\" width=\"300\" height=\"400\" src=\"https:\/\/bialcon.pl\/picture\/torba-k772-bis-bezowy-karen_3.webp\" alt=\"Karmelowa torebka z wysokogatunkowej sk\u00f3ry naturalnej\">\r\n                    <\/div>\r\n                    <div class=\"product-block-name\">\r\n                        <p>Karmelowa torebka z wysokogatunkowej sk\u00f3ry naturalnej<\/p>\r\n                    <\/div>\r\n                <\/a>\r\n            <\/div>\r\n            <\/div>\r\n<\/div>\r\n\n\n\n\n<h2 class=\"wp-block-heading\"><span class=\"ez-toc-section\" id=\"Czarny_trencz_%E2%80%93_lzejsza_wersja_klasyki\"><\/span>Czarny trencz \u2013 l\u017cejsza wersja klasyki<span class=\"ez-toc-section-end\"><\/span><\/h2>\n\n\n\n<p>Czarny trencz to doskona\u0142a alternatywa na cieplejsze dni. W po\u0142\u0105czeniu z cienkim jedwabnym szalikiem tworzy lekki i szykowny look. Postaw na modne stylizacje z delikatnymi dodatkami \u2014 ma\u0142\u0105 torebk\u0105, okularami i klasycznymi butami. Trencz w samym kolorze czerni to propozycja, kt\u00f3ra nigdy si\u0119 nie nudzi.<\/p>\n\n\n\n<h2 class=\"wp-block-heading\"><span class=\"ez-toc-section\" id=\"Jak_stworzyc_niepowtarzalne_stylizacje_z_czarnym_plaszczem\"><\/span>Jak stworzy\u0107 niepowtarzalne stylizacje z czarnym p\u0142aszczem?<span class=\"ez-toc-section-end\"><\/span><\/h2>\n\n\n\n<p>Z czarnym p\u0142aszczem mo\u017cesz eksperymentowa\u0107 ka\u017cdego dnia. Zmieniaj dodatki \u2013 szalik, czapki, paski i buty \u2013 aby stworzy\u0107 r\u00f3\u017cne oblicza tego samego ubrania. Dobrze dobrany szalik i przemy\u015blane dodatki pozwol\u0105 Ci wygl\u0105da\u0107 stylowo zar\u00f3wno w eleganckich stylizacjach, jak i casualowych zestawach. Czarny p\u0142aszcz to baza, kt\u00f3ra daje niesko\u0144czone mo\u017cliwo\u015bci \u2014 wystarczy odrobina kreatywno\u015bci, by z prostego okrycia stworzy\u0107 modny i wyj\u0105tkowy look.<\/p>\n\n\n\n<p>Czarny p\u0142aszcz to inwestycja na lata. Dzi\u0119ki umiej\u0119tnemu doborowi dodatk\u00f3w \u2014 szalika, but\u00f3w, torebki i nakrycia g\u0142owy \u2014 mo\u017cesz tworzy\u0107 niepowtarzalne stylizacje, kt\u00f3re zawsze b\u0119d\u0105 wygl\u0105da\u0107 elegancko. Warto postawi\u0107 na wysokiej jako\u015bci materia\u0142y, wzory w stonowanych kolorach i ponadczasowe fasony. Czer\u0144 daje Ci ogromn\u0105 swobod\u0119, wi\u0119c ka\u017cdego dnia mo\u017cesz pozwoli\u0107 sobie na inny, wyj\u0105tkowy str\u00f3j.<\/p>\n\n\n\r\n<div class=\"product-block-container swiper mySwiperProductBlock\">\r\n    <div class=\"product-block-swiper swiper-wrapper\">\r\n                    <div class=\"swiper-slide product-block-item\" data-id=\"147127\">\r\n                <a href=\"https:\/\/bialcon.pl\/brazowa-miekka-czapka-z-angory?utm_source=blog&utm_medium=poradystylistki&utm_campaign=061125\" class=\"product-block-url\" target=\"_blank\">\r\n                    <div class=\"product-block-image\">\r\n                        <img decoding=\"async\" width=\"300\" height=\"400\" src=\"https:\/\/bialcon.pl\/picture\/czapka-brazowy.jpg\" alt=\"Br\u0105zowa mi\u0119kka czapka z angory\">\r\n                    <\/div>\r\n                    <div class=\"product-block-name\">\r\n                        <p>Br\u0105zowa mi\u0119kka czapka z angory<\/p>\r\n                    <\/div>\r\n                <\/a>\r\n            <\/div>\r\n                    <div class=\"swiper-slide product-block-item\" data-id=\"146545\">\r\n                <a href=\"https:\/\/bialcon.pl\/skorzane-czarne-rekawiczki-z-delikatnym-zdobieniem?utm_source=blog&utm_medium=poradystylistki&utm_campaign=061125\" class=\"product-block-url\" target=\"_blank\">\r\n                    <div class=\"product-block-image\">\r\n                        <img decoding=\"async\" width=\"300\" height=\"400\" src=\"https:\/\/bialcon.pl\/picture\/rekawiczki-p8205-0-semi-line.JPG\" alt=\"Sk\u00f3rzane czarne r\u0119kawiczki z delikatnym zdobieniem\">\r\n                    <\/div>\r\n                    <div class=\"product-block-name\">\r\n                        <p>Sk\u00f3rzane czarne r\u0119kawiczki z delikatnym zdobieniem<\/p>\r\n                    <\/div>\r\n                <\/a>\r\n            <\/div>\r\n                    <div class=\"swiper-slide product-block-item\" data-id=\"146546\">\r\n                <a href=\"https:\/\/bialcon.pl\/czarne-skorzane-rekawiczki-z-eleganckim-futerkiem?utm_source=blog&utm_medium=poradystylistki&utm_campaign=061125\" class=\"product-block-url\" target=\"_blank\">\r\n                    <div class=\"product-block-image\">\r\n                        <img decoding=\"async\" width=\"300\" height=\"400\" src=\"https:\/\/bialcon.pl\/picture\/rekawiczki-p8208-semi-line.jpg\" alt=\"Czarne sk\u00f3rzane r\u0119kawiczki z eleganckim futerkiem\">\r\n                    <\/div>\r\n                    <div class=\"product-block-name\">\r\n                        <p>Czarne sk\u00f3rzane r\u0119kawiczki z eleganckim futerkiem<\/p>\r\n                    <\/div>\r\n                <\/a>\r\n            <\/div>\r\n            <\/div>\r\n<\/div>\r\n\n\n\n\n<h2 class=\"wp-block-heading\"><span class=\"ez-toc-section\" id=\"FAQ\"><\/span>FAQ<span class=\"ez-toc-section-end\"><\/span><\/h2>\n\n\n\n<h3 class=\"wp-block-heading\">1. Jaki szalik do czarnego p\u0142aszcza damskiego sprawdzi si\u0119 najlepiej?<\/h3>\n\n\n\n<p>Najlepszy szalik do czarnego p\u0142aszcza to taki, kt\u00f3ry kontrastuje z jego kolorem, ale jednocze\u015bnie harmonizuje z Twoj\u0105 urod\u0105. Warto postawi\u0107 na be\u017c, szaro\u015b\u0107, butelkow\u0105 ziele\u0144 lub czerwie\u0144. We\u0142na lub kaszmir to materia\u0142y, kt\u00f3re prezentuj\u0105 si\u0119 elegancko i zapewniaj\u0105 ciep\u0142o w ch\u0142odne dni.<\/p>\n\n\n\n<h3 class=\"wp-block-heading\">2. Czy do czarnego p\u0142aszcza pasuj\u0105 wzorzyste szaliki?<\/h3>\n\n\n\n<p>Tak! Wzorzyste szaliki w r\u00f3\u017cnorodnych wzorach dodaj\u0105 stylizacji oryginalno\u015bci. \u015awietnie wygl\u0105daj\u0105 na tle p\u0142aszcza w czarnym kolorze \u2014 o\u017cywiaj\u0105 ca\u0142\u0105 stylizacj\u0119 i nadaj\u0105 jej lekko\u015bci. To spos\u00f3b, by prze\u0142ama\u0107 monotoni\u0119 czerni, nie rezygnuj\u0105c z elegancji.<\/p>\n\n\n\n<h3 class=\"wp-block-heading\">3. Jakie buty dobra\u0107 do czarnego p\u0142aszcza, aby wygl\u0105da\u0107 stylowo?<\/h3>\n\n\n\n<p>Do czarnego p\u0142aszcza damskiego pasuj\u0105 praktycznie wszystkie modele \u2014 od eleganckich szpilek po ci\u0119\u017csze trapery. Je\u015bli zale\u017cy Ci na klasyce, wybierz botki na s\u0142upku lub kozaki. Na co dzie\u0144 \u015bwietnie sprawdz\u0105 si\u0119 sneakersy lub oficerki, kt\u00f3re dodadz\u0105 miejskiego charakteru.<\/p>\n\n\n\n<h3 class=\"wp-block-heading\">4. Jakie nakrycie g\u0142owy najlepiej pasuje do eleganckiego czarnego p\u0142aszcza?<\/h3>\n\n\n\n<p>Do eleganckiego czarnego p\u0142aszcza doskonale pasuje beret, kapelusz lub minimalistyczna czapka z we\u0142ny. Je\u015bli chcesz stworzy\u0107 sp\u00f3jny look, dobierz czapk\u0119 w kolorze szalika lub torebki. Takie po\u0142\u0105czenie pozwoli Ci wygl\u0105da\u0107 stylowo i harmonijnie, nawet w codziennych stylizacjach.<\/p>\n\n\n\n<script type=\"application\/ld+json\">\n{\n  \"@context\": \"https:\/\/schema.org\",\n  \"@type\": \"FAQPage\",\n  \"mainEntity\": [\n    {\n      \"@type\": \"Question\",\n      \"name\": \"Jaki szalik do czarnego p\u0142aszcza damskiego sprawdzi si\u0119 najlepiej?\",\n      \"acceptedAnswer\": {\n        \"@type\": \"Answer\",\n        \"text\": \"Najlepszy szalik do czarnego p\u0142aszcza to taki, kt\u00f3ry kontrastuje z jego kolorem, ale jednocze\u015bnie harmonizuje z Twoj\u0105 urod\u0105. Warto postawi\u0107 na be\u017c, szaro\u015b\u0107, butelkow\u0105 ziele\u0144 lub czerwie\u0144. We\u0142na lub kaszmir to materia\u0142y, kt\u00f3re prezentuj\u0105 si\u0119 elegancko i zapewniaj\u0105 ciep\u0142o w ch\u0142odne dni.\"\n      }\n    },\n    {\n      \"@type\": \"Question\",\n      \"name\": \"Czy do czarnego p\u0142aszcza pasuj\u0105 wzorzyste szaliki?\",\n      \"acceptedAnswer\": {\n        \"@type\": \"Answer\",\n        \"text\": \"Tak! Wzorzyste szaliki w r\u00f3\u017cnorodnych wzorach dodaj\u0105 stylizacji oryginalno\u015bci. \u015awietnie wygl\u0105daj\u0105 na tle p\u0142aszcza w czarnym kolorze \u2014 o\u017cywiaj\u0105 ca\u0142\u0105 stylizacj\u0119 i nadaj\u0105 jej lekko\u015bci. To spos\u00f3b, by prze\u0142ama\u0107 monotoni\u0119 czerni, nie rezygnuj\u0105c z elegancji.\"\n      }\n    },\n    {\n      \"@type\": \"Question\",\n      \"name\": \"Jakie buty dobra\u0107 do czarnego p\u0142aszcza, aby wygl\u0105da\u0107 stylowo?\",\n      \"acceptedAnswer\": {\n        \"@type\": \"Answer\",\n        \"text\": \"Do czarnego p\u0142aszcza damskiego pasuj\u0105 praktycznie wszystkie modele \u2014 od eleganckich szpilek po ci\u0119\u017csze trapery. Je\u015bli zale\u017cy Ci na klasyce, wybierz botki na s\u0142upku lub kozaki. Na co dzie\u0144 \u015bwietnie sprawdz\u0105 si\u0119 sneakersy lub oficerki, kt\u00f3re dodadz\u0105 miejskiego charakteru.\"\n      }\n    },\n    {\n      \"@type\": \"Question\",\n      \"name\": \"Jakie nakrycie g\u0142owy najlepiej pasuje do eleganckiego czarnego p\u0142aszcza?\",\n      \"acceptedAnswer\": {\n        \"@type\": \"Answer\",\n        \"text\": \"Do eleganckiego czarnego p\u0142aszcza doskonale pasuje beret, kapelusz lub minimalistyczna czapka z we\u0142ny. Je\u015bli chcesz stworzy\u0107 sp\u00f3jny look, dobierz czapk\u0119 w kolorze szalika lub torebki. Takie po\u0142\u0105czenie pozwoli Ci wygl\u0105da\u0107 stylowo i harmonijnie, nawet w codziennych stylizacjach.\"\n      }\n    }\n  ]\n}\n<\/script>\n","protected":false},"excerpt":{"rendered":"<p>Czarny p\u0142aszcz damski to niekwestionowany klasyk, kt\u00f3ry od lat kr\u00f3luje w modzie. Wyr\u00f3\u017cnia si\u0119 elegancj\u0105, ponadczasowo\u015bci\u0105 i mo\u017cliwo\u015bci\u0105 tworzenia niezliczonych kombinacji z r\u00f3\u017cnymi dodatkami. To w\u0142a\u015bnie one decyduj\u0105 o charakterze ca\u0142ej stylizacji \u2014 potrafi\u0105 j\u0105 ociepli\u0107, roz\u015bwietli\u0107 lub nada\u0107 jej odwa\u017cniejszy, miejski charakter. Jak dobra\u0107 szalik, buty i nakrycie g\u0142owy, aby wygl\u0105da\u0107 stylowo w czarnym [&hellip;]<\/p>\n","protected":false},"author":10,"featured_media":12685,"comment_status":"closed","ping_status":"open","sticky":false,"template":"","format":"standard","meta":{"_acf_changed":false,"site-sidebar-layout":"default","site-content-layout":"","ast-site-content-layout":"default","site-content-style":"default","site-sidebar-style":"default","ast-global-header-display":"","ast-banner-title-visibility":"","ast-main-header-display":"","ast-hfb-above-header-display":"","ast-hfb-below-header-display":"","ast-hfb-mobile-header-display":"","site-post-title":"","ast-breadcrumbs-content":"","ast-featured-img":"","footer-sml-layout":"","theme-transparent-header-meta":"","adv-header-id-meta":"","stick-header-meta":"","header-above-stick-meta":"","header-main-stick-meta":"","header-below-stick-meta":"","astra-migrate-meta-layouts":"set","ast-page-background-enabled":"default","ast-page-background-meta":{"desktop":{"background-color":"","background-image":"","background-repeat":"repeat","background-position":"center center","background-size":"auto","background-attachment":"scroll","background-type":"","background-media":"","overlay-type":"","overlay-color":"","overlay-opacity":"","overlay-gradient":""},"tablet":{"background-color":"","background-image":"","background-repeat":"repeat","background-position":"center center","background-size":"auto","background-attachment":"scroll","background-type":"","background-media":"","overlay-type":"","overlay-color":"","overlay-opacity":"","overlay-gradient":""},"mobile":{"background-color":"","background-image":"","background-repeat":"repeat","background-position":"center center","background-size":"auto","background-attachment":"scroll","background-type":"","background-media":"","overlay-type":"","overlay-color":"","overlay-opacity":"","overlay-gradient":""}},"ast-content-background-meta":{"desktop":{"background-color":"var(--ast-global-color-5)","background-image":"","background-repeat":"repeat","background-position":"center center","background-size":"auto","background-attachment":"scroll","background-type":"","background-media":"","overlay-type":"","overlay-color":"","overlay-opacity":"","overlay-gradient":""},"tablet":{"background-color":"var(--ast-global-color-5)","background-image":"","background-repeat":"repeat","background-position":"center center","background-size":"auto","background-attachment":"scroll","background-type":"","background-media":"","overlay-type":"","overlay-color":"","overlay-opacity":"","overlay-gradient":""},"mobile":{"background-color":"var(--ast-global-color-5)","background-image":"","background-repeat":"repeat","background-position":"center center","background-size":"auto","background-attachment":"scroll","background-type":"","background-media":"","overlay-type":"","overlay-color":"","overlay-opacity":"","overlay-gradient":""}},"footnotes":""},"categories":[10,14],"tags":[],"class_list":["post-12684","post","type-post","status-publish","format-standard","has-post-thumbnail","hentry","category-porady-stylistki","category-wszystkie-wpisy"],"acf":[],"yoast_head":"<!-- This site is optimized with the Yoast SEO plugin v27.4 - https:\/\/yoast.com\/product\/yoast-seo-wordpress\/ -->\n<title>Jakie dodatki do czarnego p\u0142aszcza damskiego? Szalik, buty i nakrycie g\u0142owy w idealnej stylizacji - Bialcon<\/title>\n<meta name=\"description\" content=\"Czarny p\u0142aszcz damski to niekwestionowany klasyk, kt\u00f3ry od lat kr\u00f3luje w modzie.\" \/>\n<meta name=\"robots\" content=\"index, follow, max-snippet:-1, max-image-preview:large, max-video-preview:-1\" \/>\n<link rel=\"canonical\" href=\"https:\/\/bialcon.pl\/blog\/dodatki-do-czarnego-plaszcza\/\" \/>\n<meta name=\"twitter:label1\" content=\"Napisane przez\" \/>\n\t<meta name=\"twitter:data1\" content=\"Ma\u0142gorzata Brzezi\u0144ska\" \/>\n\t<meta name=\"twitter:label2\" content=\"Szacowany czas czytania\" \/>\n\t<meta name=\"twitter:data2\" content=\"7 minut\" \/>\n<script type=\"application\/ld+json\" class=\"yoast-schema-graph\">{\"@context\":\"https:\\\/\\\/schema.org\",\"@graph\":[{\"@type\":\"Article\",\"@id\":\"https:\\\/\\\/bialcon.pl\\\/blog\\\/dodatki-do-czarnego-plaszcza\\\/#article\",\"isPartOf\":{\"@id\":\"https:\\\/\\\/bialcon.pl\\\/blog\\\/dodatki-do-czarnego-plaszcza\\\/\"},\"author\":{\"name\":\"Ma\u0142gorzata Brzezi\u0144ska\",\"@id\":\"https:\\\/\\\/bialcon.pl\\\/blog\\\/#\\\/schema\\\/person\\\/cbbe4ae2297c5abd7376399985d5fabb\"},\"headline\":\"Jakie dodatki do czarnego p\u0142aszcza damskiego? Szalik, buty i nakrycie g\u0142owy w idealnej stylizacji\",\"datePublished\":\"2025-11-06T09:00:00+00:00\",\"dateModified\":\"2026-04-16T09:21:27+00:00\",\"mainEntityOfPage\":{\"@id\":\"https:\\\/\\\/bialcon.pl\\\/blog\\\/dodatki-do-czarnego-plaszcza\\\/\"},\"wordCount\":1359,\"image\":{\"@id\":\"https:\\\/\\\/bialcon.pl\\\/blog\\\/dodatki-do-czarnego-plaszcza\\\/#primaryimage\"},\"thumbnailUrl\":\"https:\\\/\\\/bialcon.pl\\\/blog\\\/wp-content\\\/uploads\\\/2025\\\/11\\\/Projekt-bez-nazwy-20.png\",\"articleSection\":[\"Porady Stylistki\",\"Wszystkie wpisy\"],\"inLanguage\":\"pl-PL\"},{\"@type\":\"WebPage\",\"@id\":\"https:\\\/\\\/bialcon.pl\\\/blog\\\/dodatki-do-czarnego-plaszcza\\\/\",\"url\":\"https:\\\/\\\/bialcon.pl\\\/blog\\\/dodatki-do-czarnego-plaszcza\\\/\",\"name\":\"Jakie dodatki do czarnego p\u0142aszcza damskiego? Szalik, buty i nakrycie g\u0142owy w idealnej stylizacji - Bialcon\",\"isPartOf\":{\"@id\":\"https:\\\/\\\/bialcon.pl\\\/blog\\\/#website\"},\"primaryImageOfPage\":{\"@id\":\"https:\\\/\\\/bialcon.pl\\\/blog\\\/dodatki-do-czarnego-plaszcza\\\/#primaryimage\"},\"image\":{\"@id\":\"https:\\\/\\\/bialcon.pl\\\/blog\\\/dodatki-do-czarnego-plaszcza\\\/#primaryimage\"},\"thumbnailUrl\":\"https:\\\/\\\/bialcon.pl\\\/blog\\\/wp-content\\\/uploads\\\/2025\\\/11\\\/Projekt-bez-nazwy-20.png\",\"datePublished\":\"2025-11-06T09:00:00+00:00\",\"dateModified\":\"2026-04-16T09:21:27+00:00\",\"author\":{\"@id\":\"https:\\\/\\\/bialcon.pl\\\/blog\\\/#\\\/schema\\\/person\\\/cbbe4ae2297c5abd7376399985d5fabb\"},\"description\":\"Czarny p\u0142aszcz damski to niekwestionowany klasyk, kt\u00f3ry od lat kr\u00f3luje w modzie.\",\"breadcrumb\":{\"@id\":\"https:\\\/\\\/bialcon.pl\\\/blog\\\/dodatki-do-czarnego-plaszcza\\\/#breadcrumb\"},\"inLanguage\":\"pl-PL\",\"potentialAction\":[{\"@type\":\"ReadAction\",\"target\":[\"https:\\\/\\\/bialcon.pl\\\/blog\\\/dodatki-do-czarnego-plaszcza\\\/\"]}]},{\"@type\":\"ImageObject\",\"inLanguage\":\"pl-PL\",\"@id\":\"https:\\\/\\\/bialcon.pl\\\/blog\\\/dodatki-do-czarnego-plaszcza\\\/#primaryimage\",\"url\":\"https:\\\/\\\/bialcon.pl\\\/blog\\\/wp-content\\\/uploads\\\/2025\\\/11\\\/Projekt-bez-nazwy-20.png\",\"contentUrl\":\"https:\\\/\\\/bialcon.pl\\\/blog\\\/wp-content\\\/uploads\\\/2025\\\/11\\\/Projekt-bez-nazwy-20.png\",\"width\":960,\"height\":850,\"caption\":\"Wizualizacja kobiety w czarnym p\u0142aszczu\"},{\"@type\":\"BreadcrumbList\",\"@id\":\"https:\\\/\\\/bialcon.pl\\\/blog\\\/dodatki-do-czarnego-plaszcza\\\/#breadcrumb\",\"itemListElement\":[{\"@type\":\"ListItem\",\"position\":1,\"name\":\"Strona g\u0142\u00f3wna\",\"item\":\"https:\\\/\\\/bialcon.pl\\\/blog\\\/\"},{\"@type\":\"ListItem\",\"position\":2,\"name\":\"Porady Stylistki\",\"item\":\"https:\\\/\\\/bialcon.pl\\\/blog\\\/porady-stylistki\\\/\"},{\"@type\":\"ListItem\",\"position\":3,\"name\":\"Jakie dodatki do czarnego p\u0142aszcza damskiego? Szalik, buty i nakrycie g\u0142owy w idealnej stylizacji\"}]},{\"@type\":\"WebSite\",\"@id\":\"https:\\\/\\\/bialcon.pl\\\/blog\\\/#website\",\"url\":\"https:\\\/\\\/bialcon.pl\\\/blog\\\/\",\"name\":\"bialcon.pl\\\/blog\\\/\",\"description\":\"Fashion Blog w zasi\u0119gu Twojej r\u0119ki\",\"potentialAction\":[{\"@type\":\"SearchAction\",\"target\":{\"@type\":\"EntryPoint\",\"urlTemplate\":\"https:\\\/\\\/bialcon.pl\\\/blog\\\/?s={search_term_string}\"},\"query-input\":{\"@type\":\"PropertyValueSpecification\",\"valueRequired\":true,\"valueName\":\"search_term_string\"}}],\"inLanguage\":\"pl-PL\"},{\"@type\":\"Person\",\"@id\":\"https:\\\/\\\/bialcon.pl\\\/blog\\\/#\\\/schema\\\/person\\\/cbbe4ae2297c5abd7376399985d5fabb\",\"name\":\"Ma\u0142gorzata Brzezi\u0144ska\",\"image\":{\"@type\":\"ImageObject\",\"inLanguage\":\"pl-PL\",\"@id\":\"https:\\\/\\\/secure.gravatar.com\\\/avatar\\\/3fc4a4cdba63586f503a5c5711e9b04d01ab1234b186b03e727ad902b6f4912d?s=96&d=mm&r=g\",\"url\":\"https:\\\/\\\/secure.gravatar.com\\\/avatar\\\/3fc4a4cdba63586f503a5c5711e9b04d01ab1234b186b03e727ad902b6f4912d?s=96&d=mm&r=g\",\"contentUrl\":\"https:\\\/\\\/secure.gravatar.com\\\/avatar\\\/3fc4a4cdba63586f503a5c5711e9b04d01ab1234b186b03e727ad902b6f4912d?s=96&d=mm&r=g\",\"caption\":\"Ma\u0142gorzata Brzezi\u0144ska\"},\"description\":\"Autorka tre\u015bci z zakresu mody, urody i stylu \u017cycia. Tworzy artyku\u0142y i poradniki oparte na analizie trend\u00f3w oraz potrzeb u\u017cytkownik\u00f3w, \u0142\u0105cz\u0105c wiedz\u0119 z zakresu komunikacji marketingowej i praktyki contentowej. Specjalizuje si\u0119 w bran\u017cach fashion, beauty &amp; health oraz gourmet food, przygotowuj\u0105c tre\u015bci dopasowane do realnych sytuacji i wybor\u00f3w konsumenckich. Na co dzie\u0144 zajmuje si\u0119 r\u00f3wnie\u017c content marketingiem i SEO.\",\"sameAs\":[\"https:\\\/\\\/www.linkedin.com\\\/in\\\/gosia-brzezinska-827052b4\\\/\"],\"url\":\"https:\\\/\\\/bialcon.pl\\\/blog\\\/author\\\/brzezinska\\\/\"}]}<\/script>\n<!-- \/ Yoast SEO plugin. -->","yoast_head_json":{"title":"Jakie dodatki do czarnego p\u0142aszcza damskiego? Szalik, buty i nakrycie g\u0142owy w idealnej stylizacji - Bialcon","description":"Czarny p\u0142aszcz damski to niekwestionowany klasyk, kt\u00f3ry od lat kr\u00f3luje w modzie.","robots":{"index":"index","follow":"follow","max-snippet":"max-snippet:-1","max-image-preview":"max-image-preview:large","max-video-preview":"max-video-preview:-1"},"canonical":"https:\/\/bialcon.pl\/blog\/dodatki-do-czarnego-plaszcza\/","twitter_misc":{"Napisane przez":"Ma\u0142gorzata Brzezi\u0144ska","Szacowany czas czytania":"7 minut"},"schema":{"@context":"https:\/\/schema.org","@graph":[{"@type":"Article","@id":"https:\/\/bialcon.pl\/blog\/dodatki-do-czarnego-plaszcza\/#article","isPartOf":{"@id":"https:\/\/bialcon.pl\/blog\/dodatki-do-czarnego-plaszcza\/"},"author":{"name":"Ma\u0142gorzata Brzezi\u0144ska","@id":"https:\/\/bialcon.pl\/blog\/#\/schema\/person\/cbbe4ae2297c5abd7376399985d5fabb"},"headline":"Jakie dodatki do czarnego p\u0142aszcza damskiego? Szalik, buty i nakrycie g\u0142owy w idealnej stylizacji","datePublished":"2025-11-06T09:00:00+00:00","dateModified":"2026-04-16T09:21:27+00:00","mainEntityOfPage":{"@id":"https:\/\/bialcon.pl\/blog\/dodatki-do-czarnego-plaszcza\/"},"wordCount":1359,"image":{"@id":"https:\/\/bialcon.pl\/blog\/dodatki-do-czarnego-plaszcza\/#primaryimage"},"thumbnailUrl":"https:\/\/bialcon.pl\/blog\/wp-content\/uploads\/2025\/11\/Projekt-bez-nazwy-20.png","articleSection":["Porady Stylistki","Wszystkie wpisy"],"inLanguage":"pl-PL"},{"@type":"WebPage","@id":"https:\/\/bialcon.pl\/blog\/dodatki-do-czarnego-plaszcza\/","url":"https:\/\/bialcon.pl\/blog\/dodatki-do-czarnego-plaszcza\/","name":"Jakie dodatki do czarnego p\u0142aszcza damskiego? Szalik, buty i nakrycie g\u0142owy w idealnej stylizacji - Bialcon","isPartOf":{"@id":"https:\/\/bialcon.pl\/blog\/#website"},"primaryImageOfPage":{"@id":"https:\/\/bialcon.pl\/blog\/dodatki-do-czarnego-plaszcza\/#primaryimage"},"image":{"@id":"https:\/\/bialcon.pl\/blog\/dodatki-do-czarnego-plaszcza\/#primaryimage"},"thumbnailUrl":"https:\/\/bialcon.pl\/blog\/wp-content\/uploads\/2025\/11\/Projekt-bez-nazwy-20.png","datePublished":"2025-11-06T09:00:00+00:00","dateModified":"2026-04-16T09:21:27+00:00","author":{"@id":"https:\/\/bialcon.pl\/blog\/#\/schema\/person\/cbbe4ae2297c5abd7376399985d5fabb"},"description":"Czarny p\u0142aszcz damski to niekwestionowany klasyk, kt\u00f3ry od lat kr\u00f3luje w modzie.","breadcrumb":{"@id":"https:\/\/bialcon.pl\/blog\/dodatki-do-czarnego-plaszcza\/#breadcrumb"},"inLanguage":"pl-PL","potentialAction":[{"@type":"ReadAction","target":["https:\/\/bialcon.pl\/blog\/dodatki-do-czarnego-plaszcza\/"]}]},{"@type":"ImageObject","inLanguage":"pl-PL","@id":"https:\/\/bialcon.pl\/blog\/dodatki-do-czarnego-plaszcza\/#primaryimage","url":"https:\/\/bialcon.pl\/blog\/wp-content\/uploads\/2025\/11\/Projekt-bez-nazwy-20.png","contentUrl":"https:\/\/bialcon.pl\/blog\/wp-content\/uploads\/2025\/11\/Projekt-bez-nazwy-20.png","width":960,"height":850,"caption":"Wizualizacja kobiety w czarnym p\u0142aszczu"},{"@type":"BreadcrumbList","@id":"https:\/\/bialcon.pl\/blog\/dodatki-do-czarnego-plaszcza\/#breadcrumb","itemListElement":[{"@type":"ListItem","position":1,"name":"Strona g\u0142\u00f3wna","item":"https:\/\/bialcon.pl\/blog\/"},{"@type":"ListItem","position":2,"name":"Porady Stylistki","item":"https:\/\/bialcon.pl\/blog\/porady-stylistki\/"},{"@type":"ListItem","position":3,"name":"Jakie dodatki do czarnego p\u0142aszcza damskiego? Szalik, buty i nakrycie g\u0142owy w idealnej stylizacji"}]},{"@type":"WebSite","@id":"https:\/\/bialcon.pl\/blog\/#website","url":"https:\/\/bialcon.pl\/blog\/","name":"bialcon.pl\/blog\/","description":"Fashion Blog w zasi\u0119gu Twojej r\u0119ki","potentialAction":[{"@type":"SearchAction","target":{"@type":"EntryPoint","urlTemplate":"https:\/\/bialcon.pl\/blog\/?s={search_term_string}"},"query-input":{"@type":"PropertyValueSpecification","valueRequired":true,"valueName":"search_term_string"}}],"inLanguage":"pl-PL"},{"@type":"Person","@id":"https:\/\/bialcon.pl\/blog\/#\/schema\/person\/cbbe4ae2297c5abd7376399985d5fabb","name":"Ma\u0142gorzata Brzezi\u0144ska","image":{"@type":"ImageObject","inLanguage":"pl-PL","@id":"https:\/\/secure.gravatar.com\/avatar\/3fc4a4cdba63586f503a5c5711e9b04d01ab1234b186b03e727ad902b6f4912d?s=96&d=mm&r=g","url":"https:\/\/secure.gravatar.com\/avatar\/3fc4a4cdba63586f503a5c5711e9b04d01ab1234b186b03e727ad902b6f4912d?s=96&d=mm&r=g","contentUrl":"https:\/\/secure.gravatar.com\/avatar\/3fc4a4cdba63586f503a5c5711e9b04d01ab1234b186b03e727ad902b6f4912d?s=96&d=mm&r=g","caption":"Ma\u0142gorzata Brzezi\u0144ska"},"description":"Autorka tre\u015bci z zakresu mody, urody i stylu \u017cycia. Tworzy artyku\u0142y i poradniki oparte na analizie trend\u00f3w oraz potrzeb u\u017cytkownik\u00f3w, \u0142\u0105cz\u0105c wiedz\u0119 z zakresu komunikacji marketingowej i praktyki contentowej. Specjalizuje si\u0119 w bran\u017cach fashion, beauty &amp; health oraz gourmet food, przygotowuj\u0105c tre\u015bci dopasowane do realnych sytuacji i wybor\u00f3w konsumenckich. Na co dzie\u0144 zajmuje si\u0119 r\u00f3wnie\u017c content marketingiem i SEO.","sameAs":["https:\/\/www.linkedin.com\/in\/gosia-brzezinska-827052b4\/"],"url":"https:\/\/bialcon.pl\/blog\/author\/brzezinska\/"}]}},"_links":{"self":[{"href":"https:\/\/bialcon.pl\/blog\/wp-json\/wp\/v2\/posts\/12684","targetHints":{"allow":["GET"]}}],"collection":[{"href":"https:\/\/bialcon.pl\/blog\/wp-json\/wp\/v2\/posts"}],"about":[{"href":"https:\/\/bialcon.pl\/blog\/wp-json\/wp\/v2\/types\/post"}],"author":[{"embeddable":true,"href":"https:\/\/bialcon.pl\/blog\/wp-json\/wp\/v2\/users\/10"}],"replies":[{"embeddable":true,"href":"https:\/\/bialcon.pl\/blog\/wp-json\/wp\/v2\/comments?post=12684"}],"version-history":[{"count":3,"href":"https:\/\/bialcon.pl\/blog\/wp-json\/wp\/v2\/posts\/12684\/revisions"}],"predecessor-version":[{"id":12897,"href":"https:\/\/bialcon.pl\/blog\/wp-json\/wp\/v2\/posts\/12684\/revisions\/12897"}],"wp:featuredmedia":[{"embeddable":true,"href":"https:\/\/bialcon.pl\/blog\/wp-json\/wp\/v2\/media\/12685"}],"wp:attachment":[{"href":"https:\/\/bialcon.pl\/blog\/wp-json\/wp\/v2\/media?parent=12684"}],"wp:term":[{"taxonomy":"category","embeddable":true,"href":"https:\/\/bialcon.pl\/blog\/wp-json\/wp\/v2\/categories?post=12684"},{"taxonomy":"post_tag","embeddable":true,"href":"https:\/\/bialcon.pl\/blog\/wp-json\/wp\/v2\/tags?post=12684"}],"curies":[{"name":"wp","href":"https:\/\/api.w.org\/{rel}","templated":true}]}}