{"id":12554,"date":"2025-10-16T17:46:13","date_gmt":"2025-10-16T15:46:13","guid":{"rendered":"https:\/\/bialcon.pl\/blog\/?p=12554"},"modified":"2026-01-05T08:50:47","modified_gmt":"2026-01-05T07:50:47","slug":"granatowy-trencz-damski","status":"publish","type":"post","link":"https:\/\/bialcon.pl\/blog\/granatowy-trencz-damski\/","title":{"rendered":"Granatowy trencz damski \u2013 stylizacje na ka\u017cd\u0105 okazj\u0119. Zobacz, jak nosi\u0107 trencz w modny spos\u00f3b"},"content":{"rendered":"<div id=\"ez-toc-container\" class=\"ez-toc-v2_0_82_2 counter-hierarchy ez-toc-counter ez-toc-custom ez-toc-container-direction\">\n<div class=\"ez-toc-title-container\"><p class=\"ez-toc-title\" style=\"cursor:inherit\">Spis Tre\u015bci<\/p>\n<\/div><nav><ul class='ez-toc-list ez-toc-list-level-1 ' ><li class='ez-toc-page-1 ez-toc-heading-level-2'><a class=\"ez-toc-link ez-toc-heading-1\" href=\"https:\/\/bialcon.pl\/blog\/granatowy-trencz-damski\/#Granatowy_trencz_%E2%80%93_uniwersalne_okrycie_na_kazda_pore_roku\" >Granatowy trencz \u2013 uniwersalne okrycie na ka\u017cd\u0105 por\u0119 roku<\/a><\/li><li class='ez-toc-page-1 ez-toc-heading-level-2'><a class=\"ez-toc-link ez-toc-heading-2\" href=\"https:\/\/bialcon.pl\/blog\/granatowy-trencz-damski\/#Stylizacje_z_granatowym_trenczem_%E2%80%93_na_co_dzien_i_od_swieta\" >Stylizacje z granatowym trenczem \u2013 na co dzie\u0144 i od \u015bwi\u0119ta<\/a><\/li><li class='ez-toc-page-1 ez-toc-heading-level-2'><a class=\"ez-toc-link ez-toc-heading-3\" href=\"https:\/\/bialcon.pl\/blog\/granatowy-trencz-damski\/#Dlaczego_warto_wybrac_trencz_damski_w_kolorze_granatu\" >Dlaczego warto wybra\u0107 trencz damski w kolorze granatu?<\/a><\/li><li class='ez-toc-page-1 ez-toc-heading-level-2'><a class=\"ez-toc-link ez-toc-heading-4\" href=\"https:\/\/bialcon.pl\/blog\/granatowy-trencz-damski\/#Trencz_damski_%E2%80%93_stylizacje_na_kazda_okazje\" >Trencz damski \u2013 stylizacje na ka\u017cd\u0105 okazj\u0119<\/a><\/li><li class='ez-toc-page-1 ez-toc-heading-level-2'><a class=\"ez-toc-link ez-toc-heading-5\" href=\"https:\/\/bialcon.pl\/blog\/granatowy-trencz-damski\/#Z_czym_nosic_trencz_granatowy\" >Z czym nosi\u0107 trencz granatowy?<\/a><\/li><li class='ez-toc-page-1 ez-toc-heading-level-2'><a class=\"ez-toc-link ez-toc-heading-6\" href=\"https:\/\/bialcon.pl\/blog\/granatowy-trencz-damski\/#Granatowy_trencz_%E2%80%93_jaki_model_wybrac\" >Granatowy trencz \u2013 jaki model wybra\u0107?<\/a><\/li><li class='ez-toc-page-1 ez-toc-heading-level-2'><a class=\"ez-toc-link ez-toc-heading-7\" href=\"https:\/\/bialcon.pl\/blog\/granatowy-trencz-damski\/#Trencz_a_typy_sylwetki_%E2%80%93_co_pasuje_najlepiej\" >Trencz a typy sylwetki \u2013 co pasuje najlepiej?<\/a><\/li><li class='ez-toc-page-1 ez-toc-heading-level-2'><a class=\"ez-toc-link ez-toc-heading-8\" href=\"https:\/\/bialcon.pl\/blog\/granatowy-trencz-damski\/#Granatowy_trencz_a_sukienki_%E2%80%93_idealne_polaczenie\" >Granatowy trencz a sukienki \u2013 idealne po\u0142\u0105czenie<\/a><\/li><li class='ez-toc-page-1 ez-toc-heading-level-2'><a class=\"ez-toc-link ez-toc-heading-9\" href=\"https:\/\/bialcon.pl\/blog\/granatowy-trencz-damski\/#Stylizacje_z_granatowym_trenczem_do_pracy\" >Stylizacje z granatowym trenczem do pracy<\/a><\/li><li class='ez-toc-page-1 ez-toc-heading-level-2'><a class=\"ez-toc-link ez-toc-heading-10\" href=\"https:\/\/bialcon.pl\/blog\/granatowy-trencz-damski\/#Trencz_damski_na_wieczorne_wyjscia\" >Trencz damski na wieczorne wyj\u015bcia<\/a><\/li><li class='ez-toc-page-1 ez-toc-heading-level-2'><a class=\"ez-toc-link ez-toc-heading-11\" href=\"https:\/\/bialcon.pl\/blog\/granatowy-trencz-damski\/#Granatowy_trencz_na_weekendowe_wypady\" >Granatowy trencz na weekendowe wypady<\/a><\/li><li class='ez-toc-page-1 ez-toc-heading-level-2'><a class=\"ez-toc-link ez-toc-heading-12\" href=\"https:\/\/bialcon.pl\/blog\/granatowy-trencz-damski\/#Jak_dbac_o_trencz\" >Jak dba\u0107 o trencz?<\/a><\/li><li class='ez-toc-page-1 ez-toc-heading-level-2'><a class=\"ez-toc-link ez-toc-heading-13\" href=\"https:\/\/bialcon.pl\/blog\/granatowy-trencz-damski\/#Jak_wybrac_trencz_w_odpowiednim_rozmiarze\" >Jak wybra\u0107 trencz w odpowiednim rozmiarze?<\/a><\/li><li class='ez-toc-page-1 ez-toc-heading-level-2'><a class=\"ez-toc-link ez-toc-heading-14\" href=\"https:\/\/bialcon.pl\/blog\/granatowy-trencz-damski\/#Podsumowanie\" >Podsumowanie<\/a><\/li><\/ul><\/nav><\/div>\n\n<p><strong>Granatowy trencz damski to jeden z tych element\u00f3w garderoby, kt\u00f3re nie poddaj\u0105 si\u0119 zmiennym trendom. Klasyczny, a zarazem uniwersalny, od lat zajmuje zaszczytne miejsce w szafach kobiet, kt\u00f3re ceni\u0105 ponadczasowy styl i praktyczne rozwi\u0105zania. Niezale\u017cnie od sezonu, okazji czy wieku, trencz w odcieniu g\u0142\u0119bokiego granatu potrafi doda\u0107 elegancji, wysmukli\u0107 sylwetk\u0119 i sta\u0107 si\u0119 podstaw\u0105 dziesi\u0105tek stylizacji.&nbsp;<\/strong><\/p>\n\n\n\n<p>To ubranie, kt\u00f3re z powodzeniem \u0142\u0105czy w sobie to, co modne i funkcjonalne. Dzi\u0119ki dopracowanym detalom, odpowiedniemu krojowi oraz wysokiej jako\u015bci materia\u0142om, trencz damski sprawdzi si\u0119 zar\u00f3wno w miejskiej d\u017cungli, jak i podczas weekendowych wypad\u00f3w. Co wi\u0119cej, granat to kolor niezwykle twarzowy, pasuj\u0105cy niemal do ka\u017cdego typu urody i \u0142atwy do wystylizowania. W tym artykule poka\u017cemy, dlaczego warto mie\u0107 taki p\u0142aszcz w swojej szafie, jak dopasowa\u0107 go do figury oraz z czym go nosi\u0107, by wygl\u0105da\u0107 modnie i z klas\u0105.<\/p>\n\n\n\n<h2 class=\"wp-block-heading\"><span class=\"ez-toc-section\" id=\"Granatowy_trencz_%E2%80%93_uniwersalne_okrycie_na_kazda_pore_roku\"><\/span>Granatowy trencz \u2013 uniwersalne okrycie na ka\u017cd\u0105 por\u0119 roku<span class=\"ez-toc-section-end\"><\/span><\/h2>\n\n\n\n<p>Granatowy trencz to idealne rozwi\u0105zanie dla kobiet, kt\u00f3re szukaj\u0105 okrycia na zmienne warunki atmosferyczne \u2013 zar\u00f3wno te wiosenne, jak i jesienne. Dzi\u0119ki swojej klasycznej konstrukcji, najcz\u0119\u015bciej si\u0119gaj\u0105cej do kolan lub nieco za, stanowi doskona\u0142\u0105 alternatyw\u0119 dla cie\u0144szych p\u0142aszczy czy kurtek. Jego d\u0142ugo\u015b\u0107 pozwala zachowa\u0107 odpowiednie proporcje sylwetki, a jednocze\u015bnie skutecznie chroni przed ch\u0142odem czy podmuchami wiatru. To w\u0142a\u015bnie dlatego trencz jest idealnym wyborem na sezon przej\u015bciowy.&nbsp;<\/p>\n\n\n\n<p>W zale\u017cno\u015bci od materia\u0142u, z jakiego zosta\u0142 wykonany, mo\u017ce zapewnia\u0107 komfort cieplny w r\u00f3\u017cnych temperaturach \u2013 od pierwszych dni wiosny po p\u00f3\u017an\u0105 jesie\u0144. Co wi\u0119cej, jego konstrukcja pozwala na noszenie go zar\u00f3wno z lekkimi bluzkami, jak i grubszymi swetrami, co czyni go wszechstronnym dodatkiem do ka\u017cdej garderoby. Granatowy trencz damski to tak\u017ce \u015bwietne okrycie do noszenia warstwowego \u2013 sprawdzi si\u0119 wi\u0119c nawet wtedy, gdy pogoda zmusza nas do ubrania si\u0119 \u201ena cebulk\u0119\u201d.<\/p>\n\n\n\r\n<div class=\"product-block-container swiper mySwiperProductBlock\">\r\n    <div class=\"product-block-swiper swiper-wrapper\">\r\n                    <div class=\"swiper-slide product-block-item\" data-id=\"147782\">\r\n                <a href=\"https:\/\/bialcon.pl\/czarny-dwurzedowy-trencz-z-podszewka-i-paskiem?utm_source=blog&utm_medium=trendy&utm_campaign=161025\" class=\"product-block-url\" target=\"_blank\">\r\n                    <div class=\"product-block-image\">\r\n                        <img decoding=\"async\" width=\"300\" height=\"400\" src=\"https:\/\/bialcon.pl\/picture\/kurtka-ble-262678-f-czarny_2.jpg\" alt=\"Czarny dwurz\u0119dowy trencz z podszewk\u0105 i paskiem\">\r\n                    <\/div>\r\n                    <div class=\"product-block-name\">\r\n                        <p>Czarny dwurz\u0119dowy trencz z podszewk\u0105 i paskiem<\/p>\r\n                    <\/div>\r\n                <\/a>\r\n            <\/div>\r\n                    <div class=\"swiper-slide product-block-item\" data-id=\"147783\">\r\n                <a href=\"https:\/\/bialcon.pl\/bezowy-dwurzedowy-trencz-z-podszewka-i-paskiem?utm_source=blog&utm_medium=trendy&utm_campaign=161025\" class=\"product-block-url\" target=\"_blank\">\r\n                    <div class=\"product-block-image\">\r\n                        <img decoding=\"async\" width=\"300\" height=\"400\" src=\"https:\/\/bialcon.pl\/picture\/kurtka-ble-262678-f-bezowy.jpg\" alt=\"Be\u017cowy dwurz\u0119dowy trencz z podszewk\u0105 i paskiem\">\r\n                    <\/div>\r\n                    <div class=\"product-block-name\">\r\n                        <p>Be\u017cowy dwurz\u0119dowy trencz z podszewk\u0105 i paskiem<\/p>\r\n                    <\/div>\r\n                <\/a>\r\n            <\/div>\r\n                    <div class=\"swiper-slide product-block-item\" data-id=\"147681\">\r\n                <a href=\"https:\/\/bialcon.pl\/prosty-kremowy-plaszcz-z-wiazaniem?utm_source=blog&utm_medium=trendy&utm_campaign=161025\" class=\"product-block-url\" target=\"_blank\">\r\n                    <div class=\"product-block-image\">\r\n                        <img decoding=\"async\" width=\"300\" height=\"400\" src=\"https:\/\/bialcon.pl\/picture\/plaszcz-carmen-ecru-relis.jpg\" alt=\"Prosty kremowy p\u0142aszcz z wi\u0105zaniem\">\r\n                    <\/div>\r\n                    <div class=\"product-block-name\">\r\n                        <p>Prosty kremowy p\u0142aszcz z wi\u0105zaniem<\/p>\r\n                    <\/div>\r\n                <\/a>\r\n            <\/div>\r\n            <\/div>\r\n<\/div>\r\n\n\n\n\n<h2 class=\"wp-block-heading\"><span class=\"ez-toc-section\" id=\"Stylizacje_z_granatowym_trenczem_%E2%80%93_na_co_dzien_i_od_swieta\"><\/span>Stylizacje z granatowym trenczem \u2013 na co dzie\u0144 i od \u015bwi\u0119ta<span class=\"ez-toc-section-end\"><\/span><\/h2>\n\n\n\n<p>Granatowy trencz to ubranie, kt\u00f3re doskonale odnajduje si\u0119 w ka\u017cdej stylistyce \u2013 zar\u00f3wno casualowej, jak i eleganckiej. Na co dzie\u0144 mo\u017cna go zestawi\u0107 z jeansami, bia\u0142\u0105 koszul\u0105 i mokasynami, tworz\u0105c wygodn\u0105 i ponadczasow\u0105 stylizacj\u0119 miejsk\u0105. W ch\u0142odniejsze dni \u015bwietnie prezentuje si\u0119 z dzianinowymi sukienkami i kozakami na s\u0142upku, kt\u00f3re dodaj\u0105 ca\u0142o\u015bci kobiecego charakteru.&nbsp;<\/p>\n\n\n\n<p>Granatowy trencz damski mo\u017ce te\u017c towarzyszy\u0107 nam podczas bardziej formalnych okazji \u2013 w zestawie z eleganckimi spodniami w kant, jedwabn\u0105 bluzk\u0105 i klasycznymi szpilkami stworzy look idealny na spotkanie biznesowe lub rodzinne przyj\u0119cie. Kluczem do sukcesu jest prostota i stonowana paleta barw, kt\u00f3ra podkre\u015bli ponadczasowy charakter trencza. Co wi\u0119cej, granatowy trencz mo\u017cna nosi\u0107 tak\u017ce w wersji wieczorowej \u2013 wystarczy doda\u0107 b\u0142yszcz\u0105ce akcesoria, wysokie obcasy i dopasowan\u0105 sukienk\u0119, by stworzy\u0107 stylizacj\u0119 odpowiedni\u0105 na kolacj\u0119 czy wernisa\u017c.<\/p>\n\n\n\r\n<div class=\"product-block-container swiper mySwiperProductBlock\">\r\n    <div class=\"product-block-swiper swiper-wrapper\">\r\n                    <div class=\"swiper-slide product-block-item\" data-id=\"146366\">\r\n                <a href=\"https:\/\/bialcon.pl\/bawelniana-biala-koszula-o-prostym-luznym-kroju?utm_source=blog&utm_medium=trendy&utm_campaign=161025\" class=\"product-block-url\" target=\"_blank\">\r\n                    <div class=\"product-block-image\">\r\n                        <img decoding=\"async\" width=\"300\" height=\"400\" src=\"https:\/\/bialcon.pl\/picture\/bawelniana-biala-koszula-o-prostym-luznym-kroju.jpg\" alt=\"Bawe\u0142niana bia\u0142a koszula o prostym lu\u017anym kroju\">\r\n                    <\/div>\r\n                    <div class=\"product-block-name\">\r\n                        <p>Bawe\u0142niana bia\u0142a koszula o prostym lu\u017anym kroju<\/p>\r\n                    <\/div>\r\n                <\/a>\r\n            <\/div>\r\n                    <div class=\"swiper-slide product-block-item\" data-id=\"146446\">\r\n                <a href=\"https:\/\/bialcon.pl\/elegancka-biala-koszula-z-zabotem?utm_source=blog&utm_medium=trendy&utm_campaign=161025\" class=\"product-block-url\" target=\"_blank\">\r\n                    <div class=\"product-block-image\">\r\n                        <img decoding=\"async\" width=\"300\" height=\"400\" src=\"https:\/\/bialcon.pl\/picture\/elegancka-biala-koszula-z-zabotem_5.jpg\" alt=\"Elegancka bia\u0142a koszula z \u017cabotem\">\r\n                    <\/div>\r\n                    <div class=\"product-block-name\">\r\n                        <p>Elegancka bia\u0142a koszula z \u017cabotem<\/p>\r\n                    <\/div>\r\n                <\/a>\r\n            <\/div>\r\n                    <div class=\"swiper-slide product-block-item\" data-id=\"146231\">\r\n                <a href=\"https:\/\/bialcon.pl\/biala-dluga-koszula-z-oryginalnym-paskiem?utm_source=blog&utm_medium=trendy&utm_campaign=161025\" class=\"product-block-url\" target=\"_blank\">\r\n                    <div class=\"product-block-image\">\r\n                        <img decoding=\"async\" width=\"300\" height=\"400\" src=\"https:\/\/bialcon.pl\/picture\/biala-dluga-koszula-z-oryginalnym-paskiem_1.jpg\" alt=\"Bia\u0142a d\u0142uga koszula z oryginalnym paskiem\">\r\n                    <\/div>\r\n                    <div class=\"product-block-name\">\r\n                        <p>Bia\u0142a d\u0142uga koszula z oryginalnym paskiem<\/p>\r\n                    <\/div>\r\n                <\/a>\r\n            <\/div>\r\n            <\/div>\r\n<\/div>\r\n\n\n\n\n<h2 class=\"wp-block-heading\"><span class=\"ez-toc-section\" id=\"Dlaczego_warto_wybrac_trencz_damski_w_kolorze_granatu\"><\/span>Dlaczego warto wybra\u0107 trencz damski w kolorze granatu?<span class=\"ez-toc-section-end\"><\/span><\/h2>\n\n\n\n<p>Granatowy trencz to jeden z najbardziej wszechstronnych modeli w kobiecej garderobie. W odr\u00f3\u017cnieniu od be\u017cowego trencza, kt\u00f3ry uchodzi za klasyk\u0119, wersja w kolorze granatu prezentuje si\u0119 nieco bardziej formalnie i zdecydowanie bardziej nowocze\u015bnie. Granat jako kolor dodaje stylizacji g\u0142\u0119bi, elegancji, a jednocze\u015bnie jest \u0142atwy do \u0142\u0105czenia z innymi barwami. Pasuje niemal do wszystkiego \u2013 od bieli, przez odcienie szaro\u015bci, a\u017c po bardziej nasycone kolory jak musztardowy, butelkowa ziele\u0144 czy bordo.&nbsp;<\/p>\n\n\n\n<p>Trencz granatowy damski nie tylko pi\u0119knie komponuje si\u0119 z r\u00f3\u017cnymi ubraniami, ale tak\u017ce podkre\u015bla atuty sylwetki. Jest mniej podatny na zabrudzenia ni\u017c jasne p\u0142aszcze, dzi\u0119ki czemu sprawdzi si\u0119 nawet w deszczowe i pochmurne dni. Jest te\u017c modelem ponadczasowym \u2013 nie wychodzi z mody, a jego dost\u0119pno\u015b\u0107 w r\u00f3\u017cnych fasonach i d\u0142ugo\u015bciach pozwala na dopasowanie do w\u0142asnego stylu i potrzeb. Warto r\u00f3wnie\u017c wspomnie\u0107 o praktyczno\u015bci \u2013 granatowy trencz jest idealnym kompromisem mi\u0119dzy elegancj\u0105 a codziennym luzem.<\/p>\n\n\n\n<h2 class=\"wp-block-heading\"><span class=\"ez-toc-section\" id=\"Trencz_damski_%E2%80%93_stylizacje_na_kazda_okazje\"><\/span>Trencz damski \u2013 stylizacje na ka\u017cd\u0105 okazj\u0119<span class=\"ez-toc-section-end\"><\/span><\/h2>\n\n\n\n<p>Trencz damski to niezast\u0105piony element stylizacji, kt\u00f3ry mo\u017ce pe\u0142ni\u0107 wiele r\u00f3l. W zale\u017cno\u015bci od dodatk\u00f3w i bazowych ubra\u0144, zmienia swoje oblicze \u2013 od sportowego, przez casualowy, a\u017c po formalny. To w\u0142a\u015bnie dlatego trencz damski stylizacje mo\u017ce przyjmowa\u0107 tak r\u00f3\u017cnorodne. Wersja z paskiem \u015bwietnie podkre\u015bli tali\u0119 i sprawdzi si\u0119 w stylizacji z rozkloszowan\u0105 sukienk\u0105 czy sp\u00f3dnic\u0105 o\u0142\u00f3wkow\u0105.&nbsp;<\/p>\n\n\n\n<p>Trencz noszony na luzie, rozpi\u0119ty, w po\u0142\u0105czeniu z t-shirtem i sneakersami, to z kolei propozycja dla kobiet ceni\u0105cych miejski luz i wygod\u0119. Trencz to r\u00f3wnie\u017c doskona\u0142y wyb\u00f3r na wieczorne wyj\u015bcia \u2013 zestawiony z sukienk\u0105 maxi i delikatn\u0105 bi\u017cuteri\u0105 zyskuje nowy, romantyczny charakter. Warto pami\u0119ta\u0107, \u017ce stylizacji z trenczem nie trzeba komplikowa\u0107 \u2013 jego klasyczna forma sama w sobie stanowi mocny punkt ca\u0142ego looku. Wystarczy kilka sprawdzonych element\u00f3w, by ka\u017cda kobieta mog\u0142a czu\u0107 si\u0119 modnie i komfortowo.<\/p>\n\n\n\r\n<div class=\"product-block-container swiper mySwiperProductBlock\">\r\n    <div class=\"product-block-swiper swiper-wrapper\">\r\n                    <div class=\"swiper-slide product-block-item\" data-id=\"147363\">\r\n                <a href=\"https:\/\/bialcon.pl\/dopasowana-spodnica-midi-z-rozporkiem-z-tylu?utm_source=blog&utm_medium=trendy&utm_campaign=161025\" class=\"product-block-url\" target=\"_blank\">\r\n                    <div class=\"product-block-image\">\r\n                        <img decoding=\"async\" width=\"300\" height=\"400\" src=\"https:\/\/bialcon.pl\/picture\/dopasowana-spodnica-midi-z-rozporkiem-z-tylu_1.jpg\" alt=\"Dopasowana sp\u00f3dnica midi z rozporkiem z ty\u0142u\">\r\n                    <\/div>\r\n                    <div class=\"product-block-name\">\r\n                        <p>Dopasowana sp\u00f3dnica midi z rozporkiem z ty\u0142u<\/p>\r\n                    <\/div>\r\n                <\/a>\r\n            <\/div>\r\n                    <div class=\"swiper-slide product-block-item\" data-id=\"147484\">\r\n                <a href=\"https:\/\/bialcon.pl\/dopasowana-bezowa-spodnica-z-ozdobnymi-patkami?utm_source=blog&utm_medium=trendy&utm_campaign=161025\" class=\"product-block-url\" target=\"_blank\">\r\n                    <div class=\"product-block-image\">\r\n                        <img decoding=\"async\" width=\"300\" height=\"400\" src=\"https:\/\/bialcon.pl\/picture\/dopasowana-bezowa-spodnica-z-ozdobnymi-patkami.jpg\" alt=\"Dopasowana be\u017cowa sp\u00f3dnica z ozdobnymi patkami\">\r\n                    <\/div>\r\n                    <div class=\"product-block-name\">\r\n                        <p>Dopasowana be\u017cowa sp\u00f3dnica z ozdobnymi patkami<\/p>\r\n                    <\/div>\r\n                <\/a>\r\n            <\/div>\r\n                    <div class=\"swiper-slide product-block-item\" data-id=\"147485\">\r\n                <a href=\"https:\/\/bialcon.pl\/elegancka-bezowa-spodnica-midi-o-olowkowym-kroju?utm_source=blog&utm_medium=trendy&utm_campaign=161025\" class=\"product-block-url\" target=\"_blank\">\r\n                    <div class=\"product-block-image\">\r\n                        <img decoding=\"async\" width=\"300\" height=\"400\" src=\"https:\/\/bialcon.pl\/picture\/elegancka-bezowa-spodnica-midi-o-olowkowym-kroju.jpg\" alt=\"Elegancka be\u017cowa sp\u00f3dnica midi o o\u0142\u00f3wkowym kroju\">\r\n                    <\/div>\r\n                    <div class=\"product-block-name\">\r\n                        <p>Elegancka be\u017cowa sp\u00f3dnica midi o o\u0142\u00f3wkowym kroju<\/p>\r\n                    <\/div>\r\n                <\/a>\r\n            <\/div>\r\n            <\/div>\r\n<\/div>\r\n\n\n\n\n<h2 class=\"wp-block-heading\"><span class=\"ez-toc-section\" id=\"Z_czym_nosic_trencz_granatowy\"><\/span>Z czym nosi\u0107 trencz granatowy?<span class=\"ez-toc-section-end\"><\/span><\/h2>\n\n\n\n<p>Granatowy trencz mo\u017cna nosi\u0107 praktycznie ze wszystkim \u2013 to jego najwi\u0119ksza zaleta. \u015awietnie prezentuje si\u0119 zar\u00f3wno z klasycznymi ubraniami, jak i bardziej nowoczesnymi elementami garderoby. Na co dzie\u0144 mo\u017cesz zestawi\u0107 go z prostymi jeansami, golfem i botkami, tworz\u0105c niezawodny jesienny look. Dobrze wygl\u0105da r\u00f3wnie\u017c z dzianinowymi sukienkami, legginsami czy nawet z dresowym kompletem, je\u017celi chcesz doda\u0107 swojej stylizacji nieco szyku.&nbsp;<\/p>\n\n\n\n<p>Granatowy trencz idealnie komponuje si\u0119 te\u017c z materia\u0142owymi spodniami, sk\u00f3rzanymi mokasynami i koszul\u0105 \u2013 w takim wydaniu b\u0119dzie odpowiedni zar\u00f3wno do biura, jak i na spotkanie po pracy. Dodatkowo, kolor granatowy daje du\u017c\u0105 swobod\u0119 w doborze dodatk\u00f3w \u2013 mo\u017cesz si\u0119gn\u0105\u0107 po z\u0142ote, srebrne lub kolorowe akcenty, kt\u00f3re odmieni\u0105 charakter stylizacji.&nbsp;<\/p>\n\n\n\n<p>Pami\u0119taj te\u017c o praktycznych detalach, takich jak kieszenie czy pasek, kt\u00f3re zwi\u0119kszaj\u0105 funkcjonalno\u015b\u0107 tego p\u0142aszcza. Dzi\u0119ki temu trencz sprawdza si\u0119 zar\u00f3wno w stylizacjach minimalistycznych, jak i bardziej ekstrawaganckich.<\/p>\n\n\n\r\n<div class=\"product-block-container swiper mySwiperProductBlock\">\r\n    <div class=\"product-block-swiper swiper-wrapper\">\r\n                    <div class=\"swiper-slide product-block-item\" data-id=\"147218\">\r\n                <a href=\"https:\/\/bialcon.pl\/brazowy-polgolf-z-dlugim-rekawem-z-fakturowanej-dzianiny?utm_source=blog&utm_medium=trendy&utm_campaign=161025\" class=\"product-block-url\" target=\"_blank\">\r\n                    <div class=\"product-block-image\">\r\n                        <img decoding=\"async\" width=\"300\" height=\"400\" src=\"https:\/\/bialcon.pl\/picture\/brazowy-polgolf-z-dlugim-rekawem-z-fakturowanej-dzianiny_3.jpg\" alt=\"Br\u0105zowy p\u00f3\u0142golf z d\u0142ugim r\u0119kawem z fakturowanej dzianiny\">\r\n                    <\/div>\r\n                    <div class=\"product-block-name\">\r\n                        <p>Br\u0105zowy p\u00f3\u0142golf z d\u0142ugim r\u0119kawem z fakturowanej dzianiny<\/p>\r\n                    <\/div>\r\n                <\/a>\r\n            <\/div>\r\n                    <div class=\"swiper-slide product-block-item\" data-id=\"147220\">\r\n                <a href=\"https:\/\/bialcon.pl\/brazowy-polgolf-bez-rekawa-z-fakturowanej-dzianiny?utm_source=blog&utm_medium=trendy&utm_campaign=161025\" class=\"product-block-url\" target=\"_blank\">\r\n                    <div class=\"product-block-image\">\r\n                        <img decoding=\"async\" width=\"300\" height=\"400\" src=\"https:\/\/bialcon.pl\/picture\/brazowy-polgolf-bez-rekawa-z-fakturowanej-dzianiny_5.jpg\" alt=\"Br\u0105zowy p\u00f3\u0142golf bez r\u0119kawa z fakturowanej dzianiny\">\r\n                    <\/div>\r\n                    <div class=\"product-block-name\">\r\n                        <p>Br\u0105zowy p\u00f3\u0142golf bez r\u0119kawa z fakturowanej dzianiny<\/p>\r\n                    <\/div>\r\n                <\/a>\r\n            <\/div>\r\n                    <div class=\"swiper-slide product-block-item\" data-id=\"147258\">\r\n                <a href=\"https:\/\/bialcon.pl\/czarny-dzianinowy-polgolf-z-futerkiem-przy-rekawach?utm_source=blog&utm_medium=trendy&utm_campaign=161025\" class=\"product-block-url\" target=\"_blank\">\r\n                    <div class=\"product-block-image\">\r\n                        <img decoding=\"async\" width=\"300\" height=\"400\" src=\"https:\/\/bialcon.pl\/picture\/czarny-dzianinowy-polgolf-z-futerkiem-przy-rekawach_1.jpg\" alt=\"Czarny dzianinowy p\u00f3\u0142golf z futerkiem przy r\u0119kawach\">\r\n                    <\/div>\r\n                    <div class=\"product-block-name\">\r\n                        <p>Czarny dzianinowy p\u00f3\u0142golf z futerkiem przy r\u0119kawach<\/p>\r\n                    <\/div>\r\n                <\/a>\r\n            <\/div>\r\n            <\/div>\r\n<\/div>\r\n\n\n\n\n<h2 class=\"wp-block-heading\"><span class=\"ez-toc-section\" id=\"Granatowy_trencz_%E2%80%93_jaki_model_wybrac\"><\/span>Granatowy trencz \u2013 jaki model wybra\u0107?<span class=\"ez-toc-section-end\"><\/span><\/h2>\n\n\n\n<p>Wybieraj\u0105c trencz granatowy, zwr\u00f3\u0107 uwag\u0119 na kr\u00f3j, d\u0142ugo\u015b\u0107 i materia\u0142. Modele do kolan s\u0105 najbardziej uniwersalne \u2013 pasuj\u0105 do ka\u017cdej sylwetki i mo\u017cna je nosi\u0107 do r\u00f3\u017cnych typ\u00f3w ubra\u0144. Je\u015bli chcesz doda\u0107 sobie lekko\u015bci, wybierz trencz o prostym kroju, z cienkiego materia\u0142u i bez zb\u0119dnych ozd\u00f3b. Je\u015bli natomiast zale\u017cy Ci na elegancji, wybierz trencz z podszewk\u0105, ozdobnym paskiem i klasycznymi klapami.&nbsp;<\/p>\n\n\n\n<p>Niezale\u017cnie od modelu, granatowy trencz powinien by\u0107 uszyty z materia\u0142\u00f3w dobrej jako\u015bci, odpornych na deszcz i wiatr. Sprawd\u017a r\u00f3wnie\u017c dost\u0119pno\u015b\u0107 rozmiar\u00f3w \u2013 trencz w rozmiarze S nie powinien by\u0107 ani zbyt obcis\u0142y, ani zbyt lu\u017any, tak aby mo\u017cna by\u0142o nosi\u0107 pod nim r\u00f3\u017cne warstwy ubra\u0144.<\/p>\n\n\n\n<h2 class=\"wp-block-heading\"><span class=\"ez-toc-section\" id=\"Trencz_a_typy_sylwetki_%E2%80%93_co_pasuje_najlepiej\"><\/span>Trencz a typy sylwetki \u2013 co pasuje najlepiej?<span class=\"ez-toc-section-end\"><\/span><\/h2>\n\n\n\n<p>Trencz damski to okrycie, kt\u00f3re mo\u017cna z \u0142atwo\u015bci\u0105 dopasowa\u0107 do r\u00f3\u017cnych typ\u00f3w sylwetki. Dla figury typu klepsydra najlepiej sprawdz\u0105 si\u0119 modele z paskiem i taliowaniem, kt\u00f3re podkre\u015blaj\u0105 proporcje cia\u0142a. Kobiety o sylwetce gruszki mog\u0105 postawi\u0107 na trencze z rozkloszowanym do\u0142em i szerokim ko\u0142nierzem, kt\u00f3re r\u00f3wnowa\u017c\u0105 g\u00f3rn\u0105 i doln\u0105 cz\u0119\u015b\u0107 cia\u0142a. Sylwetki typu jab\u0142ko \u015bwietnie wygl\u0105daj\u0105 w modelach prostych, kt\u00f3re delikatnie op\u0142ywaj\u0105 sylwetk\u0119 i maskuj\u0105 brzuszek.&nbsp;<\/p>\n\n\n\n<p>Trencz granatowy pasuje te\u017c kobietom niskim \u2013 w\u00f3wczas najlepiej wybra\u0107 model o d\u0142ugo\u015bci przed kolano, kt\u00f3ry nie skraca optycznie n\u00f3g. Klienci cz\u0119sto pytaj\u0105, jaki model trencza b\u0119dzie dla nich idealny \u2013 odpowied\u017a brzmi: taki, kt\u00f3ry zapewnia wygod\u0119 i podkre\u015bla atuty figury.<\/p>\n\n\n\n<h2 class=\"wp-block-heading\"><span class=\"ez-toc-section\" id=\"Granatowy_trencz_a_sukienki_%E2%80%93_idealne_polaczenie\"><\/span>Granatowy trencz a sukienki \u2013 idealne po\u0142\u0105czenie<span class=\"ez-toc-section-end\"><\/span><\/h2>\n\n\n\n<p>Jedn\u0105 z najwi\u0119kszych zalet granatowego trencza jest jego kompatybilno\u015b\u0107 z sukienkami. Niezale\u017cnie od tego, czy wybierzesz sukienk\u0119 o\u0142\u00f3wkow\u0105, rozkloszowan\u0105, czy maxi \u2013 trencz b\u0119dzie doskona\u0142ym uzupe\u0142nieniem stylizacji. Dzi\u0119ki d\u0142ugo\u015bci do kolan pi\u0119knie koresponduje z kr\u00f3tszymi fasonami, a jednocze\u015bnie nie zak\u0142\u00f3ca proporcji przy d\u0142u\u017cszych krojach.&nbsp;<\/p>\n\n\n\n<p>Dla wieczorowych wyj\u015b\u0107 warto wybra\u0107 elegancki model z po\u0142yskiem, natomiast na dzie\u0144 \u015bwietnie sprawdzi si\u0119 minimalistyczny trencz granatowy damski. Sukienki w kolorach ziemi, pastelach czy klasycznej czerni doskonale wygl\u0105daj\u0105 z granatowym p\u0142aszczem \u2013 tworz\u0105c subteln\u0105, a zarazem kobiec\u0105 stylizacj\u0119.<\/p>\n\n\n\r\n<div class=\"product-block-container swiper mySwiperProductBlock\">\r\n    <div class=\"product-block-swiper swiper-wrapper\">\r\n                    <div class=\"swiper-slide product-block-item\" data-id=\"147575\">\r\n                <a href=\"https:\/\/bialcon.pl\/dluga-satynowa-sukienka-z-odkrytym-ramieniem?utm_source=blog&utm_medium=trendy&utm_campaign=161025\" class=\"product-block-url\" target=\"_blank\">\r\n                    <div class=\"product-block-image\">\r\n                        <img decoding=\"async\" width=\"300\" height=\"400\" src=\"https:\/\/bialcon.pl\/picture\/dluga-satynowa-sukienka-z-odkrytym-ramieniem_1.jpg\" alt=\"D\u0142uga satynowa sukienka z odkrytym ramieniem\">\r\n                    <\/div>\r\n                    <div class=\"product-block-name\">\r\n                        <p>D\u0142uga satynowa sukienka z odkrytym ramieniem<\/p>\r\n                    <\/div>\r\n                <\/a>\r\n            <\/div>\r\n                    <div class=\"swiper-slide product-block-item\" data-id=\"147522\">\r\n                <a href=\"https:\/\/bialcon.pl\/bawelniana-letnia-sukienka-z-paskiem-w-kolorze-oliwki?utm_source=blog&utm_medium=trendy&utm_campaign=161025\" class=\"product-block-url\" target=\"_blank\">\r\n                    <div class=\"product-block-image\">\r\n                        <img decoding=\"async\" width=\"300\" height=\"400\" src=\"https:\/\/bialcon.pl\/picture\/bawelniana-letnia-sukienka-z-paskiem-w-kolorze-oliwki_1.jpg\" alt=\"Bawe\u0142niana letnia sukienka z paskiem w kolorze oliwki\">\r\n                    <\/div>\r\n                    <div class=\"product-block-name\">\r\n                        <p>Bawe\u0142niana letnia sukienka z paskiem w kolorze oliwki<\/p>\r\n                    <\/div>\r\n                <\/a>\r\n            <\/div>\r\n                    <div class=\"swiper-slide product-block-item\" data-id=\"147533\">\r\n                <a href=\"https:\/\/bialcon.pl\/codzienna-wygodna-sukienka-z-gumka-w-talii?utm_source=blog&utm_medium=trendy&utm_campaign=161025\" class=\"product-block-url\" target=\"_blank\">\r\n                    <div class=\"product-block-image\">\r\n                        <img decoding=\"async\" width=\"300\" height=\"400\" src=\"https:\/\/bialcon.pl\/picture\/codzienna-wygodna-sukienka-z-gumka-w-talii_1.jpg\" alt=\"Codzienna wygodna sukienka z gumk\u0105 w talii\">\r\n                    <\/div>\r\n                    <div class=\"product-block-name\">\r\n                        <p>Codzienna wygodna sukienka z gumk\u0105 w talii<\/p>\r\n                    <\/div>\r\n                <\/a>\r\n            <\/div>\r\n            <\/div>\r\n<\/div>\r\n\n\n\n\n<h2 class=\"wp-block-heading\"><span class=\"ez-toc-section\" id=\"Stylizacje_z_granatowym_trenczem_do_pracy\"><\/span>Stylizacje z granatowym trenczem do pracy<span class=\"ez-toc-section-end\"><\/span><\/h2>\n\n\n\n<p>Je\u015bli zastanawiasz si\u0119, jak nosi\u0107 trencz damski do pracy \u2013 odpowied\u017a jest prosta: z klas\u0105 i wygod\u0105. Granatowy trencz \u015bwietnie komponuje si\u0119 z koszul\u0105, materia\u0142owymi spodniami i mokasynami. To zestaw, kt\u00f3ry sprawdzi si\u0119 zar\u00f3wno w biurze, jak i podczas spotka\u0144 biznesowych. Trencz granatowy damski mo\u017cna nosi\u0107 tak\u017ce na eleganckie sukienki lub garnitury \u2013 dodaje im lekko\u015bci, ale nie odbiera profesjonalizmu. Dobrze dobrany model w odpowiednim rozmiarze S czy M pozwala na pe\u0142en komfort ruchu i prezentuje si\u0119 schludnie przez ca\u0142y dzie\u0144 pracy. Zwr\u00f3\u0107 uwag\u0119, by wybra\u0107 model z trwa\u0142ego materia\u0142u, kt\u00f3ry nie gniecie si\u0119 i \u0142atwo si\u0119 czy\u015bci.<\/p>\n\n\n\n<h2 class=\"wp-block-heading\"><span class=\"ez-toc-section\" id=\"Trencz_damski_na_wieczorne_wyjscia\"><\/span>Trencz damski na wieczorne wyj\u015bcia<span class=\"ez-toc-section-end\"><\/span><\/h2>\n\n\n\n<p>Wieczorne wyj\u015bcia to okazja, by granatowy trencz pokaza\u0107 w zupe\u0142nie innym \u015bwietle. Wystarczy doda\u0107 do niego szpilki, b\u0142yszcz\u0105c\u0105 bi\u017cuteri\u0119 i eleganck\u0105 sukienk\u0119, by stworzy\u0107 stylowy i szykowny zestaw. W ch\u0142odniejsze wieczory trencz ochroni przed wiatrem i deszczem, nie trac\u0105c przy tym lekko\u015bci. Mo\u017cna wybra\u0107 model z ozdobnymi detalami \u2013 np. z\u0142otymi guzikami, szerokim paskiem czy satynow\u0105 podszewk\u0105 \u2013 kt\u00f3ry podkre\u015bli wyj\u015bciowy charakter stylizacji.&nbsp;<\/p>\n\n\n\n<p>Trencze granatowe to \u015bwietna alternatywa dla klasycznych p\u0142aszczy \u2013 wygl\u0105daj\u0105 \u015bwie\u017co, ale wci\u0105\u017c elegancko. Warto mie\u0107 taki model w swojej garderobie \u2013 cho\u0107by na wyj\u0105tkowe okazje.<\/p>\n\n\n\r\n<div class=\"product-block-container swiper mySwiperProductBlock\">\r\n    <div class=\"product-block-swiper swiper-wrapper\">\r\n                    <div class=\"swiper-slide product-block-item\" data-id=\"147707\">\r\n                <a href=\"https:\/\/bialcon.pl\/broszka-kwiat-z-czarnego-tiulu?utm_source=blog&utm_medium=trendy&utm_campaign=161025\" class=\"product-block-url\" target=\"_blank\">\r\n                    <div class=\"product-block-image\">\r\n                        <img decoding=\"async\" width=\"300\" height=\"400\" src=\"https:\/\/bialcon.pl\/picture\/broszka-kwiat-czarny.jpg\" alt=\"Broszka kwiat z czarnego tiulu\">\r\n                    <\/div>\r\n                    <div class=\"product-block-name\">\r\n                        <p>Broszka kwiat z czarnego tiulu<\/p>\r\n                    <\/div>\r\n                <\/a>\r\n            <\/div>\r\n                    <div class=\"swiper-slide product-block-item\" data-id=\"147711\">\r\n                <a href=\"https:\/\/bialcon.pl\/naszyjnik-z-rozowej-masy-perlowej?utm_source=blog&utm_medium=trendy&utm_campaign=161025\" class=\"product-block-url\" target=\"_blank\">\r\n                    <div class=\"product-block-image\">\r\n                        <img decoding=\"async\" width=\"300\" height=\"400\" src=\"https:\/\/bialcon.pl\/picture\/naszyjnik-c-5a-perla_1.jpg\" alt=\"Naszyjnik z r\u00f3\u017cowej masy per\u0142owej\">\r\n                    <\/div>\r\n                    <div class=\"product-block-name\">\r\n                        <p>Naszyjnik z r\u00f3\u017cowej masy per\u0142owej<\/p>\r\n                    <\/div>\r\n                <\/a>\r\n            <\/div>\r\n                    <div class=\"swiper-slide product-block-item\" data-id=\"147656\">\r\n                <a href=\"https:\/\/bialcon.pl\/stylowa-broszka-z-efektowym-zielonym-kamieniem?utm_source=blog&utm_medium=trendy&utm_campaign=161025\" class=\"product-block-url\" target=\"_blank\">\r\n                    <div class=\"product-block-image\">\r\n                        <img decoding=\"async\" width=\"300\" height=\"400\" src=\"https:\/\/bialcon.pl\/picture\/broszka-br97494.jpeg\" alt=\"Stylowa broszka z efektowym zielonym kamieniem\">\r\n                    <\/div>\r\n                    <div class=\"product-block-name\">\r\n                        <p>Stylowa broszka z efektowym zielonym kamieniem<\/p>\r\n                    <\/div>\r\n                <\/a>\r\n            <\/div>\r\n            <\/div>\r\n<\/div>\r\n\n\n\n\n<h2 class=\"wp-block-heading\"><span class=\"ez-toc-section\" id=\"Granatowy_trencz_na_weekendowe_wypady\"><\/span>Granatowy trencz na weekendowe wypady<span class=\"ez-toc-section-end\"><\/span><\/h2>\n\n\n\n<p>Trencz granatowy sprawdza si\u0119 r\u00f3wnie\u017c w bardziej swobodnych, weekendowych stylizacjach. \u015awietnie wygl\u0105da z jeansami, sneakersami i t-shirtem, tworz\u0105c zestaw idealny na spacer, kaw\u0119 na mie\u015bcie czy wycieczk\u0119 za miasto. W ch\u0142odniejsze dni mo\u017cesz dorzuci\u0107 do niego gruby szalik lub czapk\u0119, a i tak ca\u0142o\u015b\u0107 b\u0119dzie wygl\u0105da\u0142a modnie. Jego praktyczno\u015b\u0107 i komfort noszenia sprawiaj\u0105, \u017ce wiele kobiet nie wyobra\u017ca sobie weekendowych wyj\u015b\u0107 bez tego uniwersalnego okrycia. Trencz z granatowego materia\u0142u dobrze znosi zmienne warunki atmosferyczne, a jednocze\u015bnie nadaje stylizacji miejskiego szyku.<\/p>\n\n\n\r\n<div class=\"product-block-container swiper mySwiperProductBlock\">\r\n    <div class=\"product-block-swiper swiper-wrapper\">\r\n                    <div class=\"swiper-slide product-block-item\" data-id=\"147127\">\r\n                <a href=\"https:\/\/bialcon.pl\/brazowa-miekka-czapka-z-angory?utm_source=blog&utm_medium=trendy&utm_campaign=161025\" class=\"product-block-url\" target=\"_blank\">\r\n                    <div class=\"product-block-image\">\r\n                        <img decoding=\"async\" width=\"300\" height=\"400\" src=\"https:\/\/bialcon.pl\/picture\/czapka-brazowy.jpg\" alt=\"Br\u0105zowa mi\u0119kka czapka z angory\">\r\n                    <\/div>\r\n                    <div class=\"product-block-name\">\r\n                        <p>Br\u0105zowa mi\u0119kka czapka z angory<\/p>\r\n                    <\/div>\r\n                <\/a>\r\n            <\/div>\r\n                    <div class=\"swiper-slide product-block-item\" data-id=\"146545\">\r\n                <a href=\"https:\/\/bialcon.pl\/skorzane-czarne-rekawiczki-z-delikatnym-zdobieniem?utm_source=blog&utm_medium=trendy&utm_campaign=161025\" class=\"product-block-url\" target=\"_blank\">\r\n                    <div class=\"product-block-image\">\r\n                        <img decoding=\"async\" width=\"300\" height=\"400\" src=\"https:\/\/bialcon.pl\/picture\/rekawiczki-p8205-0-semi-line.JPG\" alt=\"Sk\u00f3rzane czarne r\u0119kawiczki z delikatnym zdobieniem\">\r\n                    <\/div>\r\n                    <div class=\"product-block-name\">\r\n                        <p>Sk\u00f3rzane czarne r\u0119kawiczki z delikatnym zdobieniem<\/p>\r\n                    <\/div>\r\n                <\/a>\r\n            <\/div>\r\n                    <div class=\"swiper-slide product-block-item\" data-id=\"146546\">\r\n                <a href=\"https:\/\/bialcon.pl\/czarne-skorzane-rekawiczki-z-eleganckim-futerkiem?utm_source=blog&utm_medium=trendy&utm_campaign=161025\" class=\"product-block-url\" target=\"_blank\">\r\n                    <div class=\"product-block-image\">\r\n                        <img decoding=\"async\" width=\"300\" height=\"400\" src=\"https:\/\/bialcon.pl\/picture\/rekawiczki-p8208-semi-line.jpg\" alt=\"Czarne sk\u00f3rzane r\u0119kawiczki z eleganckim futerkiem\">\r\n                    <\/div>\r\n                    <div class=\"product-block-name\">\r\n                        <p>Czarne sk\u00f3rzane r\u0119kawiczki z eleganckim futerkiem<\/p>\r\n                    <\/div>\r\n                <\/a>\r\n            <\/div>\r\n            <\/div>\r\n<\/div>\r\n\n\n\n\n<h2 class=\"wp-block-heading\"><span class=\"ez-toc-section\" id=\"Jak_dbac_o_trencz\"><\/span>Jak dba\u0107 o trencz?<span class=\"ez-toc-section-end\"><\/span><\/h2>\n\n\n\n<p>Aby trencz s\u0142u\u017cy\u0142 przez lata, warto zadba\u0107 o jego odpowiednie czyszczenie i przechowywanie. Zawsze sprawdzaj metk\u0119 \u2013 wi\u0119kszo\u015b\u0107 modeli mo\u017cna czy\u015bci\u0107 chemicznie lub delikatnie w pralni wodnej. Po sezonie dobrze jest powiesi\u0107 p\u0142aszcz na szerokim wieszaku i schowa\u0107 w pokrowcu przepuszczaj\u0105cym powietrze.&nbsp;<\/p>\n\n\n\n<p>Je\u015bli model posiada ozdobny pasek, najlepiej go zdj\u0105\u0107 i przechowywa\u0107 oddzielnie, aby nie odkszta\u0142ci\u0142 si\u0119 podczas przechowywania. Unikaj te\u017c suszenia trencza na kaloryferze czy w pe\u0142nym s\u0142o\u0144cu \u2013 to mo\u017ce zniszczy\u0107 materia\u0142 i sprawi\u0107, \u017ce straci sw\u00f3j fason. Pami\u0119taj: im lepiej dbasz o swoje ubranie, tym d\u0142u\u017cej wygl\u0105da jak nowe.<\/p>\n\n\n\n<h2 class=\"wp-block-heading\"><span class=\"ez-toc-section\" id=\"Jak_wybrac_trencz_w_odpowiednim_rozmiarze\"><\/span>Jak wybra\u0107 trencz w odpowiednim rozmiarze?<span class=\"ez-toc-section-end\"><\/span><\/h2>\n\n\n\n<p>Wyb\u00f3r odpowiedniego rozmiaru trencza ma kluczowe znaczenie dla komfortu noszenia i estetyki ca\u0142ej stylizacji. Trencz nie powinien by\u0107 zbyt obcis\u0142y \u2013 powinien zostawia\u0107 przestrze\u0144 na sweter czy marynark\u0119 pod spodem. Jednocze\u015bnie nie mo\u017ce by\u0107 za lu\u017any, by nie deformowa\u0142 sylwetki. Warto mierzy\u0107 obw\u00f3d klatki piersiowej i talii, aby dobra\u0107 rozmiar najlepiej pasuj\u0105cy do Twojej figury.&nbsp;<\/p>\n\n\n\n<p>W sklepie Bialcon znajdziesz modele dost\u0119pne w r\u00f3\u017cnych rozmiarach \u2013 od S po XL \u2013 co u\u0142atwia dopasowanie idealnego wariantu. Je\u017celi wahasz si\u0119 mi\u0119dzy dwoma rozmiarami, kieruj si\u0119 tym, czy cz\u0119\u015bciej nosisz trencz na lekkie czy grubsze ubrania.<\/p>\n\n\n\r\n<div class=\"product-block-container swiper mySwiperProductBlock\">\r\n    <div class=\"product-block-swiper swiper-wrapper\">\r\n                    <div class=\"swiper-slide product-block-item\" data-id=\"147544\">\r\n                <a href=\"https:\/\/bialcon.pl\/bluzka-ecru-z-dzianiny-sweterkowej-z-dekoracyjnym-sciagaczem?utm_source=blog&utm_medium=trendy&utm_campaign=161025\" class=\"product-block-url\" target=\"_blank\">\r\n                    <div class=\"product-block-image\">\r\n                        <img decoding=\"async\" width=\"300\" height=\"400\" src=\"https:\/\/bialcon.pl\/picture\/bluzka-ecru-z-dzianiny-sweterkowej-z-dekoracyjnym-sciagaczem_1.jpg\" alt=\"Bluzka ecru z dzianiny sweterkowej z dekoracyjnym \u015bci\u0105gaczem\">\r\n                    <\/div>\r\n                    <div class=\"product-block-name\">\r\n                        <p>Bluzka ecru z dzianiny sweterkowej z dekoracyjnym \u015bci\u0105gaczem<\/p>\r\n                    <\/div>\r\n                <\/a>\r\n            <\/div>\r\n                    <div class=\"swiper-slide product-block-item\" data-id=\"147778\">\r\n                <a href=\"https:\/\/bialcon.pl\/zwiewna-pastelowa-narzutka-z-tencelu-z-bufiastym-rekawem?utm_source=blog&utm_medium=trendy&utm_campaign=161025\" class=\"product-block-url\" target=\"_blank\">\r\n                    <div class=\"product-block-image\">\r\n                        <img decoding=\"async\" width=\"300\" height=\"400\" src=\"https:\/\/bialcon.pl\/picture\/zwiewna-pastelowa-narzutka-z-tencelu-z-bufiastym-rekawem.jpg\" alt=\"Zwiewna pastelowa narzutka z tencelu z bufiastym r\u0119kawem\">\r\n                    <\/div>\r\n                    <div class=\"product-block-name\">\r\n                        <p>Zwiewna pastelowa narzutka z tencelu z bufiastym r\u0119kawem<\/p>\r\n                    <\/div>\r\n                <\/a>\r\n            <\/div>\r\n                    <div class=\"swiper-slide product-block-item\" data-id=\"147230\">\r\n                <a href=\"https:\/\/bialcon.pl\/czarna-stylowa-bomberka-z-satynowym-polyskiem?utm_source=blog&utm_medium=trendy&utm_campaign=161025\" class=\"product-block-url\" target=\"_blank\">\r\n                    <div class=\"product-block-image\">\r\n                        <img decoding=\"async\" width=\"300\" height=\"400\" src=\"https:\/\/bialcon.pl\/picture\/czarna-stylowa-bomberka-z-satynowym-polyskiem_1.jpg\" alt=\"Czarna stylowa bomberka z satynowym po\u0142yskiem\">\r\n                    <\/div>\r\n                    <div class=\"product-block-name\">\r\n                        <p>Czarna stylowa bomberka z satynowym po\u0142yskiem<\/p>\r\n                    <\/div>\r\n                <\/a>\r\n            <\/div>\r\n            <\/div>\r\n<\/div>\r\n\n\n\n\n<h2 class=\"wp-block-heading\"><span class=\"ez-toc-section\" id=\"Podsumowanie\"><\/span>Podsumowanie<span class=\"ez-toc-section-end\"><\/span><\/h2>\n\n\n\n<p>Granatowy trencz damski to nie tylko modny, ale i praktyczny element garderoby. Pozwala tworzy\u0107 stylizacje na ka\u017cd\u0105 okazj\u0119 \u2013 od codziennych wyj\u015b\u0107 po wieczorne spotkania. Niezale\u017cnie od sezonu czy pory dnia, trencz w kolorze granatu zapewnia wygod\u0119, ochron\u0119 i elegancj\u0119. W kolekcji Bialcon znajdziesz r\u00f3\u017cne modele trenczy \u2013 od minimalistycznych po bardziej dekoracyjne. Je\u015bli szukasz okrycia, kt\u00f3re sprawdzi si\u0119 w ka\u017cdej sytuacji, b\u0119dzie odporne na warunki atmosferyczne i zawsze doda klasy Twojej stylizacji \u2013 granatowy trencz to wyb\u00f3r, kt\u00f3rego nie po\u017ca\u0142ujesz.<\/p>\n","protected":false},"excerpt":{"rendered":"<p>Granatowy trencz damski to jeden z tych element\u00f3w garderoby, kt\u00f3re nie poddaj\u0105 si\u0119 zmiennym trendom. Klasyczny, a zarazem uniwersalny, od lat zajmuje zaszczytne miejsce w szafach kobiet, kt\u00f3re ceni\u0105 ponadczasowy styl i praktyczne rozwi\u0105zania. Niezale\u017cnie od sezonu, okazji czy wieku, trencz w odcieniu g\u0142\u0119bokiego granatu potrafi doda\u0107 elegancji, wysmukli\u0107 sylwetk\u0119 i sta\u0107 si\u0119 podstaw\u0105 dziesi\u0105tek [&hellip;]<\/p>\n","protected":false},"author":8,"featured_media":12555,"comment_status":"closed","ping_status":"open","sticky":false,"template":"","format":"standard","meta":{"_acf_changed":false,"site-sidebar-layout":"default","site-content-layout":"","ast-site-content-layout":"default","site-content-style":"default","site-sidebar-style":"default","ast-global-header-display":"","ast-banner-title-visibility":"","ast-main-header-display":"","ast-hfb-above-header-display":"","ast-hfb-below-header-display":"","ast-hfb-mobile-header-display":"","site-post-title":"","ast-breadcrumbs-content":"","ast-featured-img":"","footer-sml-layout":"","theme-transparent-header-meta":"","adv-header-id-meta":"","stick-header-meta":"","header-above-stick-meta":"","header-main-stick-meta":"","header-below-stick-meta":"","astra-migrate-meta-layouts":"set","ast-page-background-enabled":"default","ast-page-background-meta":{"desktop":{"background-color":"","background-image":"","background-repeat":"repeat","background-position":"center center","background-size":"auto","background-attachment":"scroll","background-type":"","background-media":"","overlay-type":"","overlay-color":"","overlay-opacity":"","overlay-gradient":""},"tablet":{"background-color":"","background-image":"","background-repeat":"repeat","background-position":"center center","background-size":"auto","background-attachment":"scroll","background-type":"","background-media":"","overlay-type":"","overlay-color":"","overlay-opacity":"","overlay-gradient":""},"mobile":{"background-color":"","background-image":"","background-repeat":"repeat","background-position":"center center","background-size":"auto","background-attachment":"scroll","background-type":"","background-media":"","overlay-type":"","overlay-color":"","overlay-opacity":"","overlay-gradient":""}},"ast-content-background-meta":{"desktop":{"background-color":"var(--ast-global-color-5)","background-image":"","background-repeat":"repeat","background-position":"center center","background-size":"auto","background-attachment":"scroll","background-type":"","background-media":"","overlay-type":"","overlay-color":"","overlay-opacity":"","overlay-gradient":""},"tablet":{"background-color":"var(--ast-global-color-5)","background-image":"","background-repeat":"repeat","background-position":"center center","background-size":"auto","background-attachment":"scroll","background-type":"","background-media":"","overlay-type":"","overlay-color":"","overlay-opacity":"","overlay-gradient":""},"mobile":{"background-color":"var(--ast-global-color-5)","background-image":"","background-repeat":"repeat","background-position":"center center","background-size":"auto","background-attachment":"scroll","background-type":"","background-media":"","overlay-type":"","overlay-color":"","overlay-opacity":"","overlay-gradient":""}},"footnotes":""},"categories":[9,14],"tags":[],"class_list":["post-12554","post","type-post","status-publish","format-standard","has-post-thumbnail","hentry","category-trendy-w-branzy-fashion","category-wszystkie-wpisy"],"acf":[],"yoast_head":"<!-- This site is optimized with the Yoast SEO plugin v27.4 - https:\/\/yoast.com\/product\/yoast-seo-wordpress\/ -->\n<title>Granatowy trencz damski \u2013 stylizacje na ka\u017cd\u0105 okazj\u0119. Zobacz, jak nosi\u0107 trencz w modny spos\u00f3b - Bialcon<\/title>\n<meta name=\"description\" content=\"Granatowy trencz damski to klasyka, kt\u00f3r\u0105 \u0142atwo wystylizujesz na ka\u017cd\u0105 okazj\u0119. Zobacz modne propozycje od Bialcon.\" \/>\n<meta name=\"robots\" content=\"index, follow, max-snippet:-1, max-image-preview:large, max-video-preview:-1\" \/>\n<link rel=\"canonical\" href=\"https:\/\/bialcon.pl\/blog\/granatowy-trencz-damski\/\" \/>\n<meta name=\"twitter:label1\" content=\"Napisane przez\" \/>\n\t<meta name=\"twitter:data1\" content=\"Marta Osuch\" \/>\n\t<meta name=\"twitter:label2\" content=\"Szacowany czas czytania\" \/>\n\t<meta name=\"twitter:data2\" content=\"11 minut\" \/>\n<script type=\"application\/ld+json\" class=\"yoast-schema-graph\">{\"@context\":\"https:\\\/\\\/schema.org\",\"@graph\":[{\"@type\":\"Article\",\"@id\":\"https:\\\/\\\/bialcon.pl\\\/blog\\\/granatowy-trencz-damski\\\/#article\",\"isPartOf\":{\"@id\":\"https:\\\/\\\/bialcon.pl\\\/blog\\\/granatowy-trencz-damski\\\/\"},\"author\":{\"name\":\"Marta Osuch\",\"@id\":\"https:\\\/\\\/bialcon.pl\\\/blog\\\/#\\\/schema\\\/person\\\/d607966042d507bd761f9e2cab07df62\"},\"headline\":\"Granatowy trencz damski \u2013 stylizacje na ka\u017cd\u0105 okazj\u0119. Zobacz, jak nosi\u0107 trencz w modny spos\u00f3b\",\"datePublished\":\"2025-10-16T15:46:13+00:00\",\"dateModified\":\"2026-01-05T07:50:47+00:00\",\"mainEntityOfPage\":{\"@id\":\"https:\\\/\\\/bialcon.pl\\\/blog\\\/granatowy-trencz-damski\\\/\"},\"wordCount\":2141,\"image\":{\"@id\":\"https:\\\/\\\/bialcon.pl\\\/blog\\\/granatowy-trencz-damski\\\/#primaryimage\"},\"thumbnailUrl\":\"https:\\\/\\\/bialcon.pl\\\/blog\\\/wp-content\\\/uploads\\\/2025\\\/10\\\/Projekt-bez-nazwy-5.png\",\"articleSection\":[\"Trendy\",\"Wszystkie wpisy\"],\"inLanguage\":\"pl-PL\"},{\"@type\":\"WebPage\",\"@id\":\"https:\\\/\\\/bialcon.pl\\\/blog\\\/granatowy-trencz-damski\\\/\",\"url\":\"https:\\\/\\\/bialcon.pl\\\/blog\\\/granatowy-trencz-damski\\\/\",\"name\":\"Granatowy trencz damski \u2013 stylizacje na ka\u017cd\u0105 okazj\u0119. Zobacz, jak nosi\u0107 trencz w modny spos\u00f3b - Bialcon\",\"isPartOf\":{\"@id\":\"https:\\\/\\\/bialcon.pl\\\/blog\\\/#website\"},\"primaryImageOfPage\":{\"@id\":\"https:\\\/\\\/bialcon.pl\\\/blog\\\/granatowy-trencz-damski\\\/#primaryimage\"},\"image\":{\"@id\":\"https:\\\/\\\/bialcon.pl\\\/blog\\\/granatowy-trencz-damski\\\/#primaryimage\"},\"thumbnailUrl\":\"https:\\\/\\\/bialcon.pl\\\/blog\\\/wp-content\\\/uploads\\\/2025\\\/10\\\/Projekt-bez-nazwy-5.png\",\"datePublished\":\"2025-10-16T15:46:13+00:00\",\"dateModified\":\"2026-01-05T07:50:47+00:00\",\"author\":{\"@id\":\"https:\\\/\\\/bialcon.pl\\\/blog\\\/#\\\/schema\\\/person\\\/d607966042d507bd761f9e2cab07df62\"},\"description\":\"Granatowy trencz damski to klasyka, kt\u00f3r\u0105 \u0142atwo wystylizujesz na ka\u017cd\u0105 okazj\u0119. Zobacz modne propozycje od Bialcon.\",\"breadcrumb\":{\"@id\":\"https:\\\/\\\/bialcon.pl\\\/blog\\\/granatowy-trencz-damski\\\/#breadcrumb\"},\"inLanguage\":\"pl-PL\",\"potentialAction\":[{\"@type\":\"ReadAction\",\"target\":[\"https:\\\/\\\/bialcon.pl\\\/blog\\\/granatowy-trencz-damski\\\/\"]}]},{\"@type\":\"ImageObject\",\"inLanguage\":\"pl-PL\",\"@id\":\"https:\\\/\\\/bialcon.pl\\\/blog\\\/granatowy-trencz-damski\\\/#primaryimage\",\"url\":\"https:\\\/\\\/bialcon.pl\\\/blog\\\/wp-content\\\/uploads\\\/2025\\\/10\\\/Projekt-bez-nazwy-5.png\",\"contentUrl\":\"https:\\\/\\\/bialcon.pl\\\/blog\\\/wp-content\\\/uploads\\\/2025\\\/10\\\/Projekt-bez-nazwy-5.png\",\"width\":960,\"height\":850,\"caption\":\"Wizualizacja kobiety w granatowym dwurz\u0119dowym trenczu z paskiem i d\u017cinsach, z podwini\u0119tymi nogawkami\"},{\"@type\":\"BreadcrumbList\",\"@id\":\"https:\\\/\\\/bialcon.pl\\\/blog\\\/granatowy-trencz-damski\\\/#breadcrumb\",\"itemListElement\":[{\"@type\":\"ListItem\",\"position\":1,\"name\":\"Strona g\u0142\u00f3wna\",\"item\":\"https:\\\/\\\/bialcon.pl\\\/blog\\\/\"},{\"@type\":\"ListItem\",\"position\":2,\"name\":\"Trendy\",\"item\":\"https:\\\/\\\/bialcon.pl\\\/blog\\\/trendy-w-branzy-fashion\\\/\"},{\"@type\":\"ListItem\",\"position\":3,\"name\":\"Granatowy trencz damski \u2013 stylizacje na ka\u017cd\u0105 okazj\u0119. Zobacz, jak nosi\u0107 trencz w modny spos\u00f3b\"}]},{\"@type\":\"WebSite\",\"@id\":\"https:\\\/\\\/bialcon.pl\\\/blog\\\/#website\",\"url\":\"https:\\\/\\\/bialcon.pl\\\/blog\\\/\",\"name\":\"bialcon.pl\\\/blog\\\/\",\"description\":\"Fashion Blog w zasi\u0119gu Twojej r\u0119ki\",\"potentialAction\":[{\"@type\":\"SearchAction\",\"target\":{\"@type\":\"EntryPoint\",\"urlTemplate\":\"https:\\\/\\\/bialcon.pl\\\/blog\\\/?s={search_term_string}\"},\"query-input\":{\"@type\":\"PropertyValueSpecification\",\"valueRequired\":true,\"valueName\":\"search_term_string\"}}],\"inLanguage\":\"pl-PL\"},{\"@type\":\"Person\",\"@id\":\"https:\\\/\\\/bialcon.pl\\\/blog\\\/#\\\/schema\\\/person\\\/d607966042d507bd761f9e2cab07df62\",\"name\":\"Marta Osuch\",\"image\":{\"@type\":\"ImageObject\",\"inLanguage\":\"pl-PL\",\"@id\":\"https:\\\/\\\/secure.gravatar.com\\\/avatar\\\/e92ecceaeb1c6e5e7cf1d28eb4215cad69403014f340b8f5b576adf09b89be60?s=96&d=mm&r=g\",\"url\":\"https:\\\/\\\/secure.gravatar.com\\\/avatar\\\/e92ecceaeb1c6e5e7cf1d28eb4215cad69403014f340b8f5b576adf09b89be60?s=96&d=mm&r=g\",\"contentUrl\":\"https:\\\/\\\/secure.gravatar.com\\\/avatar\\\/e92ecceaeb1c6e5e7cf1d28eb4215cad69403014f340b8f5b576adf09b89be60?s=96&d=mm&r=g\",\"caption\":\"Marta Osuch\"},\"description\":\"Z wykszta\u0142cenia specjalistka ds. bezpiecze\u0144stwa narodowego, z pasji \u2014 tw\u00f3rczyni tre\u015bci i mi\u0142o\u015bniczka mody. Na co dzie\u0144 \u0142\u0105czy zami\u0142owanie do content marketingu z uwa\u017cn\u0105 obserwacj\u0105 trend\u00f3w, szczeg\u00f3lnie tych inspirowanych stylem najwi\u0119kszych gwiazd. Ch\u0119tnie podpatruje codzienne stylizacje i przek\u0142ada je na mod\u0119 blisk\u0105 \u017cyciu \u2014 kobiec\u0105, stylow\u0105 i pe\u0142n\u0105 charakteru. Prywatnie najch\u0119tniej si\u0119ga po krymina\u0142y i sp\u0119dza czas na spacerach z synkiem.\",\"sameAs\":[\"https:\\\/\\\/www.linkedin.com\\\/in\\\/marta-osuch-b71aa8186\\\/\"],\"url\":\"https:\\\/\\\/bialcon.pl\\\/blog\\\/author\\\/martao\\\/\"}]}<\/script>\n<!-- \/ Yoast SEO plugin. -->","yoast_head_json":{"title":"Granatowy trencz damski \u2013 stylizacje na ka\u017cd\u0105 okazj\u0119. Zobacz, jak nosi\u0107 trencz w modny spos\u00f3b - Bialcon","description":"Granatowy trencz damski to klasyka, kt\u00f3r\u0105 \u0142atwo wystylizujesz na ka\u017cd\u0105 okazj\u0119. Zobacz modne propozycje od Bialcon.","robots":{"index":"index","follow":"follow","max-snippet":"max-snippet:-1","max-image-preview":"max-image-preview:large","max-video-preview":"max-video-preview:-1"},"canonical":"https:\/\/bialcon.pl\/blog\/granatowy-trencz-damski\/","twitter_misc":{"Napisane przez":"Marta Osuch","Szacowany czas czytania":"11 minut"},"schema":{"@context":"https:\/\/schema.org","@graph":[{"@type":"Article","@id":"https:\/\/bialcon.pl\/blog\/granatowy-trencz-damski\/#article","isPartOf":{"@id":"https:\/\/bialcon.pl\/blog\/granatowy-trencz-damski\/"},"author":{"name":"Marta Osuch","@id":"https:\/\/bialcon.pl\/blog\/#\/schema\/person\/d607966042d507bd761f9e2cab07df62"},"headline":"Granatowy trencz damski \u2013 stylizacje na ka\u017cd\u0105 okazj\u0119. Zobacz, jak nosi\u0107 trencz w modny spos\u00f3b","datePublished":"2025-10-16T15:46:13+00:00","dateModified":"2026-01-05T07:50:47+00:00","mainEntityOfPage":{"@id":"https:\/\/bialcon.pl\/blog\/granatowy-trencz-damski\/"},"wordCount":2141,"image":{"@id":"https:\/\/bialcon.pl\/blog\/granatowy-trencz-damski\/#primaryimage"},"thumbnailUrl":"https:\/\/bialcon.pl\/blog\/wp-content\/uploads\/2025\/10\/Projekt-bez-nazwy-5.png","articleSection":["Trendy","Wszystkie wpisy"],"inLanguage":"pl-PL"},{"@type":"WebPage","@id":"https:\/\/bialcon.pl\/blog\/granatowy-trencz-damski\/","url":"https:\/\/bialcon.pl\/blog\/granatowy-trencz-damski\/","name":"Granatowy trencz damski \u2013 stylizacje na ka\u017cd\u0105 okazj\u0119. Zobacz, jak nosi\u0107 trencz w modny spos\u00f3b - Bialcon","isPartOf":{"@id":"https:\/\/bialcon.pl\/blog\/#website"},"primaryImageOfPage":{"@id":"https:\/\/bialcon.pl\/blog\/granatowy-trencz-damski\/#primaryimage"},"image":{"@id":"https:\/\/bialcon.pl\/blog\/granatowy-trencz-damski\/#primaryimage"},"thumbnailUrl":"https:\/\/bialcon.pl\/blog\/wp-content\/uploads\/2025\/10\/Projekt-bez-nazwy-5.png","datePublished":"2025-10-16T15:46:13+00:00","dateModified":"2026-01-05T07:50:47+00:00","author":{"@id":"https:\/\/bialcon.pl\/blog\/#\/schema\/person\/d607966042d507bd761f9e2cab07df62"},"description":"Granatowy trencz damski to klasyka, kt\u00f3r\u0105 \u0142atwo wystylizujesz na ka\u017cd\u0105 okazj\u0119. Zobacz modne propozycje od Bialcon.","breadcrumb":{"@id":"https:\/\/bialcon.pl\/blog\/granatowy-trencz-damski\/#breadcrumb"},"inLanguage":"pl-PL","potentialAction":[{"@type":"ReadAction","target":["https:\/\/bialcon.pl\/blog\/granatowy-trencz-damski\/"]}]},{"@type":"ImageObject","inLanguage":"pl-PL","@id":"https:\/\/bialcon.pl\/blog\/granatowy-trencz-damski\/#primaryimage","url":"https:\/\/bialcon.pl\/blog\/wp-content\/uploads\/2025\/10\/Projekt-bez-nazwy-5.png","contentUrl":"https:\/\/bialcon.pl\/blog\/wp-content\/uploads\/2025\/10\/Projekt-bez-nazwy-5.png","width":960,"height":850,"caption":"Wizualizacja kobiety w granatowym dwurz\u0119dowym trenczu z paskiem i d\u017cinsach, z podwini\u0119tymi nogawkami"},{"@type":"BreadcrumbList","@id":"https:\/\/bialcon.pl\/blog\/granatowy-trencz-damski\/#breadcrumb","itemListElement":[{"@type":"ListItem","position":1,"name":"Strona g\u0142\u00f3wna","item":"https:\/\/bialcon.pl\/blog\/"},{"@type":"ListItem","position":2,"name":"Trendy","item":"https:\/\/bialcon.pl\/blog\/trendy-w-branzy-fashion\/"},{"@type":"ListItem","position":3,"name":"Granatowy trencz damski \u2013 stylizacje na ka\u017cd\u0105 okazj\u0119. Zobacz, jak nosi\u0107 trencz w modny spos\u00f3b"}]},{"@type":"WebSite","@id":"https:\/\/bialcon.pl\/blog\/#website","url":"https:\/\/bialcon.pl\/blog\/","name":"bialcon.pl\/blog\/","description":"Fashion Blog w zasi\u0119gu Twojej r\u0119ki","potentialAction":[{"@type":"SearchAction","target":{"@type":"EntryPoint","urlTemplate":"https:\/\/bialcon.pl\/blog\/?s={search_term_string}"},"query-input":{"@type":"PropertyValueSpecification","valueRequired":true,"valueName":"search_term_string"}}],"inLanguage":"pl-PL"},{"@type":"Person","@id":"https:\/\/bialcon.pl\/blog\/#\/schema\/person\/d607966042d507bd761f9e2cab07df62","name":"Marta Osuch","image":{"@type":"ImageObject","inLanguage":"pl-PL","@id":"https:\/\/secure.gravatar.com\/avatar\/e92ecceaeb1c6e5e7cf1d28eb4215cad69403014f340b8f5b576adf09b89be60?s=96&d=mm&r=g","url":"https:\/\/secure.gravatar.com\/avatar\/e92ecceaeb1c6e5e7cf1d28eb4215cad69403014f340b8f5b576adf09b89be60?s=96&d=mm&r=g","contentUrl":"https:\/\/secure.gravatar.com\/avatar\/e92ecceaeb1c6e5e7cf1d28eb4215cad69403014f340b8f5b576adf09b89be60?s=96&d=mm&r=g","caption":"Marta Osuch"},"description":"Z wykszta\u0142cenia specjalistka ds. bezpiecze\u0144stwa narodowego, z pasji \u2014 tw\u00f3rczyni tre\u015bci i mi\u0142o\u015bniczka mody. Na co dzie\u0144 \u0142\u0105czy zami\u0142owanie do content marketingu z uwa\u017cn\u0105 obserwacj\u0105 trend\u00f3w, szczeg\u00f3lnie tych inspirowanych stylem najwi\u0119kszych gwiazd. Ch\u0119tnie podpatruje codzienne stylizacje i przek\u0142ada je na mod\u0119 blisk\u0105 \u017cyciu \u2014 kobiec\u0105, stylow\u0105 i pe\u0142n\u0105 charakteru. Prywatnie najch\u0119tniej si\u0119ga po krymina\u0142y i sp\u0119dza czas na spacerach z synkiem.","sameAs":["https:\/\/www.linkedin.com\/in\/marta-osuch-b71aa8186\/"],"url":"https:\/\/bialcon.pl\/blog\/author\/martao\/"}]}},"_links":{"self":[{"href":"https:\/\/bialcon.pl\/blog\/wp-json\/wp\/v2\/posts\/12554","targetHints":{"allow":["GET"]}}],"collection":[{"href":"https:\/\/bialcon.pl\/blog\/wp-json\/wp\/v2\/posts"}],"about":[{"href":"https:\/\/bialcon.pl\/blog\/wp-json\/wp\/v2\/types\/post"}],"author":[{"embeddable":true,"href":"https:\/\/bialcon.pl\/blog\/wp-json\/wp\/v2\/users\/8"}],"replies":[{"embeddable":true,"href":"https:\/\/bialcon.pl\/blog\/wp-json\/wp\/v2\/comments?post=12554"}],"version-history":[{"count":1,"href":"https:\/\/bialcon.pl\/blog\/wp-json\/wp\/v2\/posts\/12554\/revisions"}],"predecessor-version":[{"id":12556,"href":"https:\/\/bialcon.pl\/blog\/wp-json\/wp\/v2\/posts\/12554\/revisions\/12556"}],"wp:featuredmedia":[{"embeddable":true,"href":"https:\/\/bialcon.pl\/blog\/wp-json\/wp\/v2\/media\/12555"}],"wp:attachment":[{"href":"https:\/\/bialcon.pl\/blog\/wp-json\/wp\/v2\/media?parent=12554"}],"wp:term":[{"taxonomy":"category","embeddable":true,"href":"https:\/\/bialcon.pl\/blog\/wp-json\/wp\/v2\/categories?post=12554"},{"taxonomy":"post_tag","embeddable":true,"href":"https:\/\/bialcon.pl\/blog\/wp-json\/wp\/v2\/tags?post=12554"}],"curies":[{"name":"wp","href":"https:\/\/api.w.org\/{rel}","templated":true}]}}