{"id":1255,"date":"2021-03-15T12:21:00","date_gmt":"2021-03-15T11:21:00","guid":{"rendered":"https:\/\/blog.bialcon.pl\/?p=1255"},"modified":"2025-10-24T08:16:24","modified_gmt":"2025-10-24T06:16:24","slug":"rabarbar-i-ponadczasowa-linia-rabarbar-black","status":"publish","type":"post","link":"https:\/\/bialcon.pl\/blog\/rabarbar-i-ponadczasowa-linia-rabarbar-black\/","title":{"rendered":"Rabarbar i ponadczasowa linia Rabarbar Black"},"content":{"rendered":"\n<h2 class=\"wp-block-heading\"><strong>Rabarbar&nbsp; i ponadczasowa linia Rabarbar Black<\/strong><\/h2>\n\n\n\n<p><\/p>\n\n\n\n<p class=\"has-black-color has-text-color\">Najnowsza ods\u0142ona marki <a href=\"https:\/\/bialcon.pl\/marki\/rabarbar?utm_source=Blog&amp;utm_medium=trendy&amp;utm_campaign=150421\" target=\"_blank\" rel=\"noreferrer noopener\"><strong>Rabarbar<\/strong> <\/a>to znane nam <strong>odwo\u0142ania do sztuki ludowej<\/strong>, kt\u00f3rym towarzysz\u0105 nowoczesne formy oraz modne akcenty. Eksperymentujemy z inspiracjami (m.in. <strong>polski folk, r\u0119kodzie\u0142o<\/strong>), niezmiennie \u0142\u0105cz\u0105c je z minimalizmem i uniwersalno\u015bci\u0105. Ca\u0142\u0105 ide\u0119 kolekcji dope\u0142niaj\u0105 <strong>naturalne tkaniny<\/strong>, jak len czy bawe\u0142na. W<strong> <a href=\"https:\/\/bialcon.pl\/marki\/rabarbar?utm_source=Blog&amp;utm_medium=trendy&amp;utm_campaign=150421\" target=\"_blank\" rel=\"noreferrer noopener\">letniej kolekcji Rabarbar<\/a><\/strong> nie zabraknie ponadczasowych, komfortowych ubra\u0144 z lnu.<\/p>\n\n\n\n<p class=\"has-black-color has-text-color\">Wchodz\u0105ca w sk\u0142ad marki linia<strong> <a href=\"https:\/\/bialcon.pl\/marki\/rabarbar-black?utm_source=Blog&amp;utm_medium=trendy&amp;utm_campaign=150421\" target=\"_blank\" rel=\"noreferrer noopener\">Rabarbar Black<\/a><\/strong> to propozycje idealne <strong>na co dzie\u0144 i do pracy<\/strong>, w kt\u00f3rej kr\u00f3luje czer\u0144 i wygoda, a z pozoru drobne detale wysuwaj\u0105 si\u0119 na pierwszy plan stylizacji. Jedno ubranie na wiele okazji \u2013 zacieranie granic mi\u0119dzy stylem casualowym a wizytowym idealnie opisuje linie <strong><a href=\"https:\/\/bialcon.pl\/marki\/rabarbar?utm_source=Blog&amp;utm_medium=trendy&amp;utm_campaign=150421\" target=\"_blank\" rel=\"noreferrer noopener\">Rabarbar <\/a><\/strong>oraz <a href=\"https:\/\/bialcon.pl\/marki\/rabarbar-black?utm_source=Blog&amp;utm_medium=trendy&amp;utm_campaign=150421\" target=\"_blank\" rel=\"noreferrer noopener\"><strong>Rabarbar Black<\/strong>.&nbsp;<\/a><\/p>\n\n\n\n<p class=\"has-black-color has-text-color\">Odpowiadamy na potrzeby wielu gust\u00f3w. Wolisz <strong><a href=\"https:\/\/bialcon.pl\/odziez\/sukienki\/sukienki-w-kwiaty?utm_source=Blog&amp;utm_medium=trendy&amp;utm_campaign=150421\" target=\"_blank\" rel=\"noreferrer noopener\">sukienk\u0119 w kwiatowy prin<\/a>t<\/strong>, <strong><a href=\"https:\/\/bialcon.pl\/odziez\/koszule-damskie?utm_source=Blog&amp;utm_medium=trendy&amp;utm_campaign=150421\" target=\"_blank\" rel=\"noreferrer noopener\">szerok\u0105 koszul\u0119<\/a><\/strong>, a mo\u017ce T-shirt z nadrukiem? Nasze propozycje to idealna baza ubraniowa. Stawiamy na detale i wyraziste akcenty, w tym szerokie r\u0119kawy, ozdobne paski, ludowe motywy czy nadruki. W naszej ofercie mamy r\u00f3wnie\u017c minimalizm w modnej ods\u0142onie oraz duet wygody z kobieco\u015bci\u0105 doskonale wpisuj\u0105 si\u0119 w aktualne trendy i potrzeby kobiet w ka\u017cdym wieku.<\/p>\n\n\n\r\n<div class=\"product-block-container swiper mySwiperProductBlock\">\r\n    <div class=\"product-block-swiper swiper-wrapper\">\r\n                    <div class=\"swiper-slide product-block-item\" data-id=\"147604\">\r\n                <a href=\"https:\/\/bialcon.pl\/bawelniany-t-shirt-w-zielone-paski?utm_source=blog&utm_medium=trendy&utm_campaign=150321\" class=\"product-block-url\" target=\"_blank\">\r\n                    <div class=\"product-block-image\">\r\n                        <img decoding=\"async\" width=\"300\" height=\"400\" src=\"https:\/\/bialcon.pl\/picture\/bawelniany-t-shirt-w-zielone-paski_3.jpg\" alt=\"Bawe\u0142niany t-shirt w zielone paski\">\r\n                    <\/div>\r\n                    <div class=\"product-block-name\">\r\n                        <p>Bawe\u0142niany t-shirt w zielone paski<\/p>\r\n                    <\/div>\r\n                <\/a>\r\n            <\/div>\r\n                    <div class=\"swiper-slide product-block-item\" data-id=\"147605\">\r\n                <a href=\"https:\/\/bialcon.pl\/marszczona-ciemnozielona-spodnica-z-dzianiny-wiskozowej?utm_source=blog&utm_medium=trendy&utm_campaign=150321\" class=\"product-block-url\" target=\"_blank\">\r\n                    <div class=\"product-block-image\">\r\n                        <img decoding=\"async\" width=\"300\" height=\"400\" src=\"https:\/\/bialcon.pl\/picture\/marszczona-ciemnozielona-spodnica-z-dzianiny-wiskozowej_2.jpg\" alt=\"Marszczona ciemnozielona sp\u00f3dnica z dzianiny wiskozowej\">\r\n                    <\/div>\r\n                    <div class=\"product-block-name\">\r\n                        <p>Marszczona ciemnozielona sp\u00f3dnica z dzianiny wiskozowej<\/p>\r\n                    <\/div>\r\n                <\/a>\r\n            <\/div>\r\n                    <div class=\"swiper-slide product-block-item\" data-id=\"147607\">\r\n                <a href=\"https:\/\/bialcon.pl\/sukienka-z-dzianiny-bawelnianej-w-kolorze-indyjskiego-rozu?utm_source=blog&utm_medium=trendy&utm_campaign=150321\" class=\"product-block-url\" target=\"_blank\">\r\n                    <div class=\"product-block-image\">\r\n                        <img decoding=\"async\" width=\"300\" height=\"400\" src=\"https:\/\/bialcon.pl\/picture\/sukienka-z-dzianiny-bawelnianej-w-kolorze-indyjskiego-rozu_3.jpg\" alt=\"Sukienka z dzianiny bawe\u0142nianej w kolorze indyjskiego r\u00f3\u017cu\">\r\n                    <\/div>\r\n                    <div class=\"product-block-name\">\r\n                        <p>Sukienka z dzianiny bawe\u0142nianej w kolorze indyjskiego r\u00f3\u017cu<\/p>\r\n                    <\/div>\r\n                <\/a>\r\n            <\/div>\r\n                    <div class=\"swiper-slide product-block-item\" data-id=\"147614\">\r\n                <a href=\"https:\/\/bialcon.pl\/bawelniana-dluga-spodnica-w-etniczny-wzor?utm_source=blog&utm_medium=trendy&utm_campaign=150321\" class=\"product-block-url\" target=\"_blank\">\r\n                    <div class=\"product-block-image\">\r\n                        <img decoding=\"async\" width=\"300\" height=\"400\" src=\"https:\/\/bialcon.pl\/picture\/bawelniana-dluga-spodnica-w-etniczny-wzor_1.jpg\" alt=\"Bawe\u0142niana d\u0142uga sp\u00f3dnica w etniczny wz\u00f3r\">\r\n                    <\/div>\r\n                    <div class=\"product-block-name\">\r\n                        <p>Bawe\u0142niana d\u0142uga sp\u00f3dnica w etniczny wz\u00f3r<\/p>\r\n                    <\/div>\r\n                <\/a>\r\n            <\/div>\r\n                    <div class=\"swiper-slide product-block-item\" data-id=\"147632\">\r\n                <a href=\"https:\/\/bialcon.pl\/spodnica-bombka-z-naturalnej-bezowej-tkaniny?utm_source=blog&utm_medium=trendy&utm_campaign=150321\" class=\"product-block-url\" target=\"_blank\">\r\n                    <div class=\"product-block-image\">\r\n                        <img decoding=\"async\" width=\"300\" height=\"400\" src=\"https:\/\/bialcon.pl\/picture\/spodnica-bombka-z-naturalnej-bezowej-tkaniny.jpg\" alt=\"Sp\u00f3dnica bombka z naturalnej be\u017cowej tkaniny\">\r\n                    <\/div>\r\n                    <div class=\"product-block-name\">\r\n                        <p>Sp\u00f3dnica bombka z naturalnej be\u017cowej tkaniny<\/p>\r\n                    <\/div>\r\n                <\/a>\r\n            <\/div>\r\n                    <div class=\"swiper-slide product-block-item\" data-id=\"147651\">\r\n                <a href=\"https:\/\/bialcon.pl\/czarne-spodnico-spodnie-ze-szlufkami-i-gumka?utm_source=blog&utm_medium=trendy&utm_campaign=150321\" class=\"product-block-url\" target=\"_blank\">\r\n                    <div class=\"product-block-image\">\r\n                        <img decoding=\"async\" width=\"300\" height=\"400\" src=\"https:\/\/bialcon.pl\/picture\/czarne-spodnico-spodnie-ze-szlufkami-i-gumka_1.jpg\" alt=\"Czarne sp\u00f3dnico-spodnie ze szlufkami i gumk\u0105\">\r\n                    <\/div>\r\n                    <div class=\"product-block-name\">\r\n                        <p>Czarne sp\u00f3dnico-spodnie ze szlufkami i gumk\u0105<\/p>\r\n                    <\/div>\r\n                <\/a>\r\n            <\/div>\r\n            <\/div>\r\n<\/div>\r\n\n\n\n\n<h3 class=\"wp-block-heading\"><strong>Rabarbar Zero Waste &#8211; stajemy po stronie ekologii.<\/strong><\/h3>\n\n\n\n<p class=\"has-black-color has-text-color\">Rosn\u0105ca \u015bwiadomo\u015b\u0107 efekt\u00f3w zmian klimatycznych i troska o planet\u0119 zaczynaj\u0105 dominowa\u0107&nbsp; w wielu aspektach naszego \u017cycia. Coraz cz\u0119\u015bciej znajduj\u0105 one odzwierciedlenie w trendach i decyzjach zakupowych wielu klientek. Kupujemy \u015bwiadomiej, stawiaj\u0105c na naturalne tkaniny, przyjazne \u015brodowisku i ubrania wykonane z materia\u0142\u00f3w dobrej jako\u015bci kt\u00f3re pos\u0142u\u017c\u0105 nam d\u0142u\u017cej. Coraz cz\u0119\u015bciej si\u0119gamy po oryginalne ubrania z dusz\u0105 Taka w\u0142a\u015bnie jest najnowsza ods\u0142ona marki <strong><a href=\"https:\/\/bialcon.pl\/marki\/rabarbar-zero-waste\" target=\"_blank\" rel=\"noreferrer noopener\">Rabarbar \u2013 linia Zero Waste.<\/a><\/strong><\/p>\n\n\n\n<p class=\"has-black-color has-text-color\"><strong><a href=\"https:\/\/bialcon.pl\/marki\/rabarbar-zero-waste\" target=\"_blank\" rel=\"noreferrer noopener\">Ubrania Zero Waste<\/a><\/strong> powstaj\u0105 ze skrawk\u00f3w produkcyjnych i pr\u00f3bek tkanin. Ka\u017cda bluzka, sukienka czy spodnie to unikalny produkt. To propozycja dla mi\u0142o\u015bniczek niepowtarzalnych egzemplarzy,&nbsp; a tak\u017ce tych z nas, kt\u00f3re maj\u0105 na wzgl\u0119dzie dobro planety.&nbsp;<\/p>\n\n\n\n<p><\/p>\n","protected":false},"excerpt":{"rendered":"<p>Rabarbar&nbsp; i ponadczasowa linia Rabarbar Black Najnowsza ods\u0142ona marki Rabarbar to znane nam odwo\u0142ania do sztuki ludowej, kt\u00f3rym towarzysz\u0105 nowoczesne formy oraz modne akcenty. Eksperymentujemy z inspiracjami (m.in. polski folk, r\u0119kodzie\u0142o), niezmiennie \u0142\u0105cz\u0105c je z minimalizmem i uniwersalno\u015bci\u0105. Ca\u0142\u0105 ide\u0119 kolekcji dope\u0142niaj\u0105 naturalne tkaniny, jak len czy bawe\u0142na. W letniej kolekcji Rabarbar nie zabraknie ponadczasowych, [&hellip;]<\/p>\n","protected":false},"author":9,"featured_media":3641,"comment_status":"closed","ping_status":"open","sticky":false,"template":"","format":"standard","meta":{"_acf_changed":false,"site-sidebar-layout":"default","site-content-layout":"default","ast-site-content-layout":"default","site-content-style":"default","site-sidebar-style":"default","ast-global-header-display":"","ast-banner-title-visibility":"","ast-main-header-display":"","ast-hfb-above-header-display":"","ast-hfb-below-header-display":"","ast-hfb-mobile-header-display":"","site-post-title":"","ast-breadcrumbs-content":"","ast-featured-img":"","footer-sml-layout":"","theme-transparent-header-meta":"default","adv-header-id-meta":"","stick-header-meta":"","header-above-stick-meta":"","header-main-stick-meta":"","header-below-stick-meta":"","astra-migrate-meta-layouts":"set","ast-page-background-enabled":"default","ast-page-background-meta":{"desktop":{"background-color":"","background-image":"","background-repeat":"repeat","background-position":"center center","background-size":"auto","background-attachment":"scroll","background-type":"","background-media":"","overlay-type":"","overlay-color":"","overlay-opacity":"","overlay-gradient":""},"tablet":{"background-color":"","background-image":"","background-repeat":"repeat","background-position":"center center","background-size":"auto","background-attachment":"scroll","background-type":"","background-media":"","overlay-type":"","overlay-color":"","overlay-opacity":"","overlay-gradient":""},"mobile":{"background-color":"","background-image":"","background-repeat":"repeat","background-position":"center center","background-size":"auto","background-attachment":"scroll","background-type":"","background-media":"","overlay-type":"","overlay-color":"","overlay-opacity":"","overlay-gradient":""}},"ast-content-background-meta":{"desktop":{"background-color":"var(--ast-global-color-5)","background-image":"","background-repeat":"repeat","background-position":"center center","background-size":"auto","background-attachment":"scroll","background-type":"","background-media":"","overlay-type":"","overlay-color":"","overlay-opacity":"","overlay-gradient":""},"tablet":{"background-color":"var(--ast-global-color-5)","background-image":"","background-repeat":"repeat","background-position":"center center","background-size":"auto","background-attachment":"scroll","background-type":"","background-media":"","overlay-type":"","overlay-color":"","overlay-opacity":"","overlay-gradient":""},"mobile":{"background-color":"var(--ast-global-color-5)","background-image":"","background-repeat":"repeat","background-position":"center center","background-size":"auto","background-attachment":"scroll","background-type":"","background-media":"","overlay-type":"","overlay-color":"","overlay-opacity":"","overlay-gradient":""}},"footnotes":""},"categories":[9,14],"tags":[],"class_list":["post-1255","post","type-post","status-publish","format-standard","has-post-thumbnail","hentry","category-trendy-w-branzy-fashion","category-wszystkie-wpisy"],"acf":[],"yoast_head":"<!-- This site is optimized with the Yoast SEO plugin v27.4 - https:\/\/yoast.com\/product\/yoast-seo-wordpress\/ -->\n<title>Rabarbar i ponadczasowa linia Rabarbar Black - Bialcon<\/title>\n<meta name=\"description\" content=\"Kolekcja wiosna-lato 2021. Najnowsze trendy. Naturalne tkaniny. Projekty w kolorze neutralnym. Gdy Tw\u00f3j ulubiony kolor to czarny.\" \/>\n<meta name=\"robots\" content=\"index, follow, max-snippet:-1, max-image-preview:large, max-video-preview:-1\" \/>\n<link rel=\"canonical\" href=\"https:\/\/bialcon.pl\/blog\/rabarbar-i-ponadczasowa-linia-rabarbar-black\/\" \/>\n<meta name=\"twitter:label1\" content=\"Napisane przez\" \/>\n\t<meta name=\"twitter:data1\" content=\"Karolina Nowakowska\" \/>\n\t<meta name=\"twitter:label2\" content=\"Szacowany czas czytania\" \/>\n\t<meta name=\"twitter:data2\" content=\"2 minuty\" \/>\n<script type=\"application\/ld+json\" class=\"yoast-schema-graph\">{\"@context\":\"https:\\\/\\\/schema.org\",\"@graph\":[{\"@type\":\"Article\",\"@id\":\"https:\\\/\\\/bialcon.pl\\\/blog\\\/rabarbar-i-ponadczasowa-linia-rabarbar-black\\\/#article\",\"isPartOf\":{\"@id\":\"https:\\\/\\\/bialcon.pl\\\/blog\\\/rabarbar-i-ponadczasowa-linia-rabarbar-black\\\/\"},\"author\":{\"name\":\"Karolina Nowakowska\",\"@id\":\"https:\\\/\\\/bialcon.pl\\\/blog\\\/#\\\/schema\\\/person\\\/bc30e974e9b3b963f2f660c44830816d\"},\"headline\":\"Rabarbar i ponadczasowa linia Rabarbar Black\",\"datePublished\":\"2021-03-15T11:21:00+00:00\",\"dateModified\":\"2025-10-24T06:16:24+00:00\",\"mainEntityOfPage\":{\"@id\":\"https:\\\/\\\/bialcon.pl\\\/blog\\\/rabarbar-i-ponadczasowa-linia-rabarbar-black\\\/\"},\"wordCount\":355,\"image\":{\"@id\":\"https:\\\/\\\/bialcon.pl\\\/blog\\\/rabarbar-i-ponadczasowa-linia-rabarbar-black\\\/#primaryimage\"},\"thumbnailUrl\":\"https:\\\/\\\/bialcon.pl\\\/blog\\\/wp-content\\\/uploads\\\/2021\\\/03\\\/22.jpg\",\"articleSection\":[\"Trendy\",\"Wszystkie wpisy\"],\"inLanguage\":\"pl-PL\"},{\"@type\":\"WebPage\",\"@id\":\"https:\\\/\\\/bialcon.pl\\\/blog\\\/rabarbar-i-ponadczasowa-linia-rabarbar-black\\\/\",\"url\":\"https:\\\/\\\/bialcon.pl\\\/blog\\\/rabarbar-i-ponadczasowa-linia-rabarbar-black\\\/\",\"name\":\"Rabarbar i ponadczasowa linia Rabarbar Black - Bialcon\",\"isPartOf\":{\"@id\":\"https:\\\/\\\/bialcon.pl\\\/blog\\\/#website\"},\"primaryImageOfPage\":{\"@id\":\"https:\\\/\\\/bialcon.pl\\\/blog\\\/rabarbar-i-ponadczasowa-linia-rabarbar-black\\\/#primaryimage\"},\"image\":{\"@id\":\"https:\\\/\\\/bialcon.pl\\\/blog\\\/rabarbar-i-ponadczasowa-linia-rabarbar-black\\\/#primaryimage\"},\"thumbnailUrl\":\"https:\\\/\\\/bialcon.pl\\\/blog\\\/wp-content\\\/uploads\\\/2021\\\/03\\\/22.jpg\",\"datePublished\":\"2021-03-15T11:21:00+00:00\",\"dateModified\":\"2025-10-24T06:16:24+00:00\",\"author\":{\"@id\":\"https:\\\/\\\/bialcon.pl\\\/blog\\\/#\\\/schema\\\/person\\\/bc30e974e9b3b963f2f660c44830816d\"},\"description\":\"Kolekcja wiosna-lato 2021. Najnowsze trendy. Naturalne tkaniny. Projekty w kolorze neutralnym. Gdy Tw\u00f3j ulubiony kolor to czarny.\",\"breadcrumb\":{\"@id\":\"https:\\\/\\\/bialcon.pl\\\/blog\\\/rabarbar-i-ponadczasowa-linia-rabarbar-black\\\/#breadcrumb\"},\"inLanguage\":\"pl-PL\",\"potentialAction\":[{\"@type\":\"ReadAction\",\"target\":[\"https:\\\/\\\/bialcon.pl\\\/blog\\\/rabarbar-i-ponadczasowa-linia-rabarbar-black\\\/\"]}]},{\"@type\":\"ImageObject\",\"inLanguage\":\"pl-PL\",\"@id\":\"https:\\\/\\\/bialcon.pl\\\/blog\\\/rabarbar-i-ponadczasowa-linia-rabarbar-black\\\/#primaryimage\",\"url\":\"https:\\\/\\\/bialcon.pl\\\/blog\\\/wp-content\\\/uploads\\\/2021\\\/03\\\/22.jpg\",\"contentUrl\":\"https:\\\/\\\/bialcon.pl\\\/blog\\\/wp-content\\\/uploads\\\/2021\\\/03\\\/22.jpg\",\"width\":960,\"height\":850,\"caption\":\"Wizualizacja kobiety we wzorzystej sukience\"},{\"@type\":\"BreadcrumbList\",\"@id\":\"https:\\\/\\\/bialcon.pl\\\/blog\\\/rabarbar-i-ponadczasowa-linia-rabarbar-black\\\/#breadcrumb\",\"itemListElement\":[{\"@type\":\"ListItem\",\"position\":1,\"name\":\"Strona g\u0142\u00f3wna\",\"item\":\"https:\\\/\\\/bialcon.pl\\\/blog\\\/\"},{\"@type\":\"ListItem\",\"position\":2,\"name\":\"Trendy\",\"item\":\"https:\\\/\\\/bialcon.pl\\\/blog\\\/trendy-w-branzy-fashion\\\/\"},{\"@type\":\"ListItem\",\"position\":3,\"name\":\"Rabarbar i ponadczasowa linia Rabarbar Black\"}]},{\"@type\":\"WebSite\",\"@id\":\"https:\\\/\\\/bialcon.pl\\\/blog\\\/#website\",\"url\":\"https:\\\/\\\/bialcon.pl\\\/blog\\\/\",\"name\":\"bialcon.pl\\\/blog\\\/\",\"description\":\"Fashion Blog w zasi\u0119gu Twojej r\u0119ki\",\"potentialAction\":[{\"@type\":\"SearchAction\",\"target\":{\"@type\":\"EntryPoint\",\"urlTemplate\":\"https:\\\/\\\/bialcon.pl\\\/blog\\\/?s={search_term_string}\"},\"query-input\":{\"@type\":\"PropertyValueSpecification\",\"valueRequired\":true,\"valueName\":\"search_term_string\"}}],\"inLanguage\":\"pl-PL\"},{\"@type\":\"Person\",\"@id\":\"https:\\\/\\\/bialcon.pl\\\/blog\\\/#\\\/schema\\\/person\\\/bc30e974e9b3b963f2f660c44830816d\",\"name\":\"Karolina Nowakowska\",\"image\":{\"@type\":\"ImageObject\",\"inLanguage\":\"pl-PL\",\"@id\":\"https:\\\/\\\/secure.gravatar.com\\\/avatar\\\/c051a1a5e48ab7abce013b7f73619eda3b3d90178231a14349444676eb4ffffd?s=96&d=mm&r=g\",\"url\":\"https:\\\/\\\/secure.gravatar.com\\\/avatar\\\/c051a1a5e48ab7abce013b7f73619eda3b3d90178231a14349444676eb4ffffd?s=96&d=mm&r=g\",\"contentUrl\":\"https:\\\/\\\/secure.gravatar.com\\\/avatar\\\/c051a1a5e48ab7abce013b7f73619eda3b3d90178231a14349444676eb4ffffd?s=96&d=mm&r=g\",\"caption\":\"Karolina Nowakowska\"},\"description\":\"Copywriterka i redaktorka z ponad 10-letnim do\u015bwiadczeniem w tworzeniu tre\u015bci o modzie i stylu. Od lat \u015bledzi trendy, ale przede wszystkim stawia na ponadczasow\u0105 elegancj\u0119 i komfort. Na blogu marki dzieli si\u0119 inspiracjami stylizacyjnymi, poradami modowymi oraz praktycznymi wskaz\u00f3wkami, jak budowa\u0107 garderob\u0119 dopasowan\u0105 do r\u00f3\u017cnych etap\u00f3w \u017cycia kobiety. Prywatnie mi\u0142o\u015bniczka minimalistycznego stylu, dobrego designu i d\u0142ugich spacer\u00f3w i dobrej ksi\u0105\u017cki z kubkiem kawy w d\u0142oni.\",\"url\":\"https:\\\/\\\/bialcon.pl\\\/blog\\\/author\\\/fb\\\/\"}]}<\/script>\n<!-- \/ Yoast SEO plugin. -->","yoast_head_json":{"title":"Rabarbar i ponadczasowa linia Rabarbar Black - Bialcon","description":"Kolekcja wiosna-lato 2021. Najnowsze trendy. Naturalne tkaniny. Projekty w kolorze neutralnym. Gdy Tw\u00f3j ulubiony kolor to czarny.","robots":{"index":"index","follow":"follow","max-snippet":"max-snippet:-1","max-image-preview":"max-image-preview:large","max-video-preview":"max-video-preview:-1"},"canonical":"https:\/\/bialcon.pl\/blog\/rabarbar-i-ponadczasowa-linia-rabarbar-black\/","twitter_misc":{"Napisane przez":"Karolina Nowakowska","Szacowany czas czytania":"2 minuty"},"schema":{"@context":"https:\/\/schema.org","@graph":[{"@type":"Article","@id":"https:\/\/bialcon.pl\/blog\/rabarbar-i-ponadczasowa-linia-rabarbar-black\/#article","isPartOf":{"@id":"https:\/\/bialcon.pl\/blog\/rabarbar-i-ponadczasowa-linia-rabarbar-black\/"},"author":{"name":"Karolina Nowakowska","@id":"https:\/\/bialcon.pl\/blog\/#\/schema\/person\/bc30e974e9b3b963f2f660c44830816d"},"headline":"Rabarbar i ponadczasowa linia Rabarbar Black","datePublished":"2021-03-15T11:21:00+00:00","dateModified":"2025-10-24T06:16:24+00:00","mainEntityOfPage":{"@id":"https:\/\/bialcon.pl\/blog\/rabarbar-i-ponadczasowa-linia-rabarbar-black\/"},"wordCount":355,"image":{"@id":"https:\/\/bialcon.pl\/blog\/rabarbar-i-ponadczasowa-linia-rabarbar-black\/#primaryimage"},"thumbnailUrl":"https:\/\/bialcon.pl\/blog\/wp-content\/uploads\/2021\/03\/22.jpg","articleSection":["Trendy","Wszystkie wpisy"],"inLanguage":"pl-PL"},{"@type":"WebPage","@id":"https:\/\/bialcon.pl\/blog\/rabarbar-i-ponadczasowa-linia-rabarbar-black\/","url":"https:\/\/bialcon.pl\/blog\/rabarbar-i-ponadczasowa-linia-rabarbar-black\/","name":"Rabarbar i ponadczasowa linia Rabarbar Black - Bialcon","isPartOf":{"@id":"https:\/\/bialcon.pl\/blog\/#website"},"primaryImageOfPage":{"@id":"https:\/\/bialcon.pl\/blog\/rabarbar-i-ponadczasowa-linia-rabarbar-black\/#primaryimage"},"image":{"@id":"https:\/\/bialcon.pl\/blog\/rabarbar-i-ponadczasowa-linia-rabarbar-black\/#primaryimage"},"thumbnailUrl":"https:\/\/bialcon.pl\/blog\/wp-content\/uploads\/2021\/03\/22.jpg","datePublished":"2021-03-15T11:21:00+00:00","dateModified":"2025-10-24T06:16:24+00:00","author":{"@id":"https:\/\/bialcon.pl\/blog\/#\/schema\/person\/bc30e974e9b3b963f2f660c44830816d"},"description":"Kolekcja wiosna-lato 2021. Najnowsze trendy. Naturalne tkaniny. Projekty w kolorze neutralnym. Gdy Tw\u00f3j ulubiony kolor to czarny.","breadcrumb":{"@id":"https:\/\/bialcon.pl\/blog\/rabarbar-i-ponadczasowa-linia-rabarbar-black\/#breadcrumb"},"inLanguage":"pl-PL","potentialAction":[{"@type":"ReadAction","target":["https:\/\/bialcon.pl\/blog\/rabarbar-i-ponadczasowa-linia-rabarbar-black\/"]}]},{"@type":"ImageObject","inLanguage":"pl-PL","@id":"https:\/\/bialcon.pl\/blog\/rabarbar-i-ponadczasowa-linia-rabarbar-black\/#primaryimage","url":"https:\/\/bialcon.pl\/blog\/wp-content\/uploads\/2021\/03\/22.jpg","contentUrl":"https:\/\/bialcon.pl\/blog\/wp-content\/uploads\/2021\/03\/22.jpg","width":960,"height":850,"caption":"Wizualizacja kobiety we wzorzystej sukience"},{"@type":"BreadcrumbList","@id":"https:\/\/bialcon.pl\/blog\/rabarbar-i-ponadczasowa-linia-rabarbar-black\/#breadcrumb","itemListElement":[{"@type":"ListItem","position":1,"name":"Strona g\u0142\u00f3wna","item":"https:\/\/bialcon.pl\/blog\/"},{"@type":"ListItem","position":2,"name":"Trendy","item":"https:\/\/bialcon.pl\/blog\/trendy-w-branzy-fashion\/"},{"@type":"ListItem","position":3,"name":"Rabarbar i ponadczasowa linia Rabarbar Black"}]},{"@type":"WebSite","@id":"https:\/\/bialcon.pl\/blog\/#website","url":"https:\/\/bialcon.pl\/blog\/","name":"bialcon.pl\/blog\/","description":"Fashion Blog w zasi\u0119gu Twojej r\u0119ki","potentialAction":[{"@type":"SearchAction","target":{"@type":"EntryPoint","urlTemplate":"https:\/\/bialcon.pl\/blog\/?s={search_term_string}"},"query-input":{"@type":"PropertyValueSpecification","valueRequired":true,"valueName":"search_term_string"}}],"inLanguage":"pl-PL"},{"@type":"Person","@id":"https:\/\/bialcon.pl\/blog\/#\/schema\/person\/bc30e974e9b3b963f2f660c44830816d","name":"Karolina Nowakowska","image":{"@type":"ImageObject","inLanguage":"pl-PL","@id":"https:\/\/secure.gravatar.com\/avatar\/c051a1a5e48ab7abce013b7f73619eda3b3d90178231a14349444676eb4ffffd?s=96&d=mm&r=g","url":"https:\/\/secure.gravatar.com\/avatar\/c051a1a5e48ab7abce013b7f73619eda3b3d90178231a14349444676eb4ffffd?s=96&d=mm&r=g","contentUrl":"https:\/\/secure.gravatar.com\/avatar\/c051a1a5e48ab7abce013b7f73619eda3b3d90178231a14349444676eb4ffffd?s=96&d=mm&r=g","caption":"Karolina Nowakowska"},"description":"Copywriterka i redaktorka z ponad 10-letnim do\u015bwiadczeniem w tworzeniu tre\u015bci o modzie i stylu. Od lat \u015bledzi trendy, ale przede wszystkim stawia na ponadczasow\u0105 elegancj\u0119 i komfort. Na blogu marki dzieli si\u0119 inspiracjami stylizacyjnymi, poradami modowymi oraz praktycznymi wskaz\u00f3wkami, jak budowa\u0107 garderob\u0119 dopasowan\u0105 do r\u00f3\u017cnych etap\u00f3w \u017cycia kobiety. Prywatnie mi\u0142o\u015bniczka minimalistycznego stylu, dobrego designu i d\u0142ugich spacer\u00f3w i dobrej ksi\u0105\u017cki z kubkiem kawy w d\u0142oni.","url":"https:\/\/bialcon.pl\/blog\/author\/fb\/"}]}},"_links":{"self":[{"href":"https:\/\/bialcon.pl\/blog\/wp-json\/wp\/v2\/posts\/1255","targetHints":{"allow":["GET"]}}],"collection":[{"href":"https:\/\/bialcon.pl\/blog\/wp-json\/wp\/v2\/posts"}],"about":[{"href":"https:\/\/bialcon.pl\/blog\/wp-json\/wp\/v2\/types\/post"}],"author":[{"embeddable":true,"href":"https:\/\/bialcon.pl\/blog\/wp-json\/wp\/v2\/users\/9"}],"replies":[{"embeddable":true,"href":"https:\/\/bialcon.pl\/blog\/wp-json\/wp\/v2\/comments?post=1255"}],"version-history":[{"count":22,"href":"https:\/\/bialcon.pl\/blog\/wp-json\/wp\/v2\/posts\/1255\/revisions"}],"predecessor-version":[{"id":12566,"href":"https:\/\/bialcon.pl\/blog\/wp-json\/wp\/v2\/posts\/1255\/revisions\/12566"}],"wp:featuredmedia":[{"embeddable":true,"href":"https:\/\/bialcon.pl\/blog\/wp-json\/wp\/v2\/media\/3641"}],"wp:attachment":[{"href":"https:\/\/bialcon.pl\/blog\/wp-json\/wp\/v2\/media?parent=1255"}],"wp:term":[{"taxonomy":"category","embeddable":true,"href":"https:\/\/bialcon.pl\/blog\/wp-json\/wp\/v2\/categories?post=1255"},{"taxonomy":"post_tag","embeddable":true,"href":"https:\/\/bialcon.pl\/blog\/wp-json\/wp\/v2\/tags?post=1255"}],"curies":[{"name":"wp","href":"https:\/\/api.w.org\/{rel}","templated":true}]}}