{"id":12427,"date":"2025-09-25T10:00:00","date_gmt":"2025-09-25T08:00:00","guid":{"rendered":"https:\/\/bialcon.pl\/blog\/?p=12427"},"modified":"2025-11-24T14:17:59","modified_gmt":"2025-11-24T13:17:59","slug":"jak-wiazac-apaszke","status":"publish","type":"post","link":"https:\/\/bialcon.pl\/blog\/jak-wiazac-apaszke\/","title":{"rendered":"Jak wi\u0105za\u0107 apaszk\u0119, \u017ceby wygl\u0105da\u0107 szykownie bez wysi\u0142ku?"},"content":{"rendered":"<div id=\"ez-toc-container\" class=\"ez-toc-v2_0_82_2 counter-hierarchy ez-toc-counter ez-toc-custom ez-toc-container-direction\">\n<div class=\"ez-toc-title-container\"><p class=\"ez-toc-title\" style=\"cursor:inherit\">Spis Tre\u015bci<\/p>\n<\/div><nav><ul class='ez-toc-list ez-toc-list-level-1 ' ><li class='ez-toc-page-1 ez-toc-heading-level-2'><a class=\"ez-toc-link ez-toc-heading-1\" href=\"https:\/\/bialcon.pl\/blog\/jak-wiazac-apaszke\/#Jak_wiazac_apaszke_by_wygladac_jak_Paryzanka\" >Jak wi\u0105za\u0107 apaszk\u0119, by wygl\u0105da\u0107 jak Pary\u017canka?<\/a><\/li><li class='ez-toc-page-1 ez-toc-heading-level-2'><a class=\"ez-toc-link ez-toc-heading-2\" href=\"https:\/\/bialcon.pl\/blog\/jak-wiazac-apaszke\/#Jak_wiazac_apaszke_do_plaszcza_by_osiagnac_stylowy_efekt\" >Jak wi\u0105za\u0107 apaszk\u0119 do p\u0142aszcza, by osi\u0105gn\u0105\u0107 stylowy efekt?<\/a><\/li><li class='ez-toc-page-1 ez-toc-heading-level-2'><a class=\"ez-toc-link ez-toc-heading-3\" href=\"https:\/\/bialcon.pl\/blog\/jak-wiazac-apaszke\/#Jak_nosic_apaszke_do_koszuli_lub_sukienki_aby_podkreslic_styl\" >Jak nosi\u0107 apaszk\u0119 do koszuli lub sukienki, aby podkre\u015bli\u0107 styl<\/a><\/li><li class='ez-toc-page-1 ez-toc-heading-level-2'><a class=\"ez-toc-link ez-toc-heading-4\" href=\"https:\/\/bialcon.pl\/blog\/jak-wiazac-apaszke\/#Apaszka_damska_w_stylu_retro_i_boho\" >Apaszka damska w stylu retro i boho<\/a><\/li><li class='ez-toc-page-1 ez-toc-heading-level-2'><a class=\"ez-toc-link ez-toc-heading-5\" href=\"https:\/\/bialcon.pl\/blog\/jak-wiazac-apaszke\/#Dlaczego_klasyczne_wiazanie_wciaz_zachwyca\" >Dlaczego klasyczne wi\u0105zanie wci\u0105\u017c zachwyca?<\/a><\/li><li class='ez-toc-page-1 ez-toc-heading-level-2'><a class=\"ez-toc-link ez-toc-heading-6\" href=\"https:\/\/bialcon.pl\/blog\/jak-wiazac-apaszke\/#Dlaczego_warto_nosic_apaszke_w_codziennych_stylizacjach\" >Dlaczego warto nosi\u0107 apaszk\u0119 w codziennych stylizacjach?<\/a><\/li><li class='ez-toc-page-1 ez-toc-heading-level-2'><a class=\"ez-toc-link ez-toc-heading-7\" href=\"https:\/\/bialcon.pl\/blog\/jak-wiazac-apaszke\/#Jak_wiazac_apaszke_blisko_szyi_by_zachowac_komfort\" >Jak wi\u0105za\u0107 apaszk\u0119 blisko szyi, by zachowa\u0107 komfort?<\/a><\/li><li class='ez-toc-page-1 ez-toc-heading-level-2'><a class=\"ez-toc-link ez-toc-heading-8\" href=\"https:\/\/bialcon.pl\/blog\/jak-wiazac-apaszke\/#Apaszka_w_stylu_retro_i_boho_jako_inspiracja\" >Apaszka w stylu retro i boho jako inspiracja<\/a><\/li><li class='ez-toc-page-1 ez-toc-heading-level-2'><a class=\"ez-toc-link ez-toc-heading-9\" href=\"https:\/\/bialcon.pl\/blog\/jak-wiazac-apaszke\/#Poznaj_porady_stylisty_jak_nosic_apaszke_na_rozne_sposoby\" >Poznaj porady stylisty, jak nosi\u0107 apaszk\u0119 na r\u00f3\u017cne sposoby<\/a><\/li><li class='ez-toc-page-1 ez-toc-heading-level-2'><a class=\"ez-toc-link ez-toc-heading-10\" href=\"https:\/\/bialcon.pl\/blog\/jak-wiazac-apaszke\/#Porady_stylisty_ktore_odmienia_Twoj_styl\" >Porady stylisty, kt\u00f3re odmieni\u0105 Tw\u00f3j styl<\/a><\/li><li class='ez-toc-page-1 ez-toc-heading-level-2'><a class=\"ez-toc-link ez-toc-heading-11\" href=\"https:\/\/bialcon.pl\/blog\/jak-wiazac-apaszke\/#Jak_zawiazac_plaski_wezel_by_wygladac_elegancko\" >Jak zawi\u0105za\u0107 p\u0142aski w\u0119ze\u0142, by wygl\u0105da\u0107 elegancko?<\/a><\/li><li class='ez-toc-page-1 ez-toc-heading-level-2'><a class=\"ez-toc-link ez-toc-heading-12\" href=\"https:\/\/bialcon.pl\/blog\/jak-wiazac-apaszke\/#FAQ\" >FAQ<\/a><\/li><\/ul><\/nav><\/div>\n\n<p>&nbsp;Apaszka to niepozorny element garderoby, kt\u00f3ry potrafi zmieni\u0107 charakter ca\u0142ej stylizacji. Delikatny kawa\u0142ek jedwabiu, bawe\u0142ny czy satyny mo\u017ce doda\u0107 elegancji, prze\u0142ama\u0107 prostot\u0119 stroju, a czasem nawet zast\u0105pi\u0107 bi\u017cuteri\u0119. Nie bez powodu m\u00f3wi si\u0119, \u017ce apaszka damska to kameleon mody \u2013 jej uniwersalno\u015b\u0107 sprawia, \u017ce pasuje do p\u0142aszcza, koszuli, sukienki, a nawet torebki czy w\u0142os\u00f3w.<\/p>\n\n\n\n<p>W tym artykule podpowiadamy, jak wi\u0105za\u0107 apaszk\u0119, by wygl\u0105da\u0107 szykownie, ale bez zb\u0119dnego wysi\u0142ku.<\/p>\n\n\n\n<h2 class=\"wp-block-heading\"><span class=\"ez-toc-section\" id=\"Jak_wiazac_apaszke_by_wygladac_jak_Paryzanka\"><\/span>Jak wi\u0105za\u0107 apaszk\u0119, by wygl\u0105da\u0107 jak Pary\u017canka?<span class=\"ez-toc-section-end\"><\/span><\/h2>\n\n\n\n<p>Najprostszym i jednocze\u015bnie najbardziej eleganckim sposobem jest klasyczne wi\u0105zanie znane jako supe\u0142 francuski. Wystarczy z\u0142o\u017cy\u0107 apaszk\u0119 w tr\u00f3jk\u0105t, nast\u0119pnie zwin\u0105\u0107 j\u0105 w rulon i owin\u0105\u0107 wok\u00f3\u0142 szyi tak, aby wierzcho\u0142ek tr\u00f3jk\u0105ta znalaz\u0142 si\u0119 z przodu. Na ko\u0144cu wystarczy zawi\u0105za\u0107 ma\u0142y supe\u0142ek, a ko\u0144ce apaszki pozostawi\u0107 swobodnie opadaj\u0105ce.<\/p>\n\n\n\n<p>Taki spos\u00f3b \u015bwietnie sprawdza si\u0119 zar\u00f3wno w biurze, jak i na co dzie\u0144. To kwintesencja francuskiego szyku \u2013 naturalnego, niewymuszonego, a jednocze\u015bnie niezwykle eleganckiego.<\/p>\n\n\n\n<h2 class=\"wp-block-heading\"><span class=\"ez-toc-section\" id=\"Jak_wiazac_apaszke_do_plaszcza_by_osiagnac_stylowy_efekt\"><\/span>Jak wi\u0105za\u0107 apaszk\u0119 do p\u0142aszcza, by osi\u0105gn\u0105\u0107 stylowy efekt?<span class=\"ez-toc-section-end\"><\/span><\/h2>\n\n\n\n<p>Zimniejsze dni to najlepszy moment, by si\u0119gn\u0105\u0107 po jedwabne apaszki i doda\u0107 szykownego charakteru p\u0142aszczowi. Mo\u017cesz owin\u0105\u0107 apaszk\u0119 wok\u00f3\u0142 szyi i schowa\u0107 ko\u0144ce pod ko\u0142nierzem, tworz\u0105c p\u0142aski w\u0119ze\u0142. To praktyczne i wygodne rozwi\u0105zanie, kt\u00f3re wygl\u0105da schludnie i porz\u0105dkuje proporcje stroju.<\/p>\n\n\n\n<p>Inn\u0105 opcj\u0105 jest efektowna kokarda zawi\u0105zana z przodu. Dzi\u0119ki d\u0142ugim ko\u0144com apaszki uzyskasz dekoracyjny detal, kt\u00f3ry nie tylko ogrzeje, ale te\u017c nada p\u0142aszczowi kobiecego wyrazu.<\/p>\n\n\n\r\n<div class=\"product-block-container swiper mySwiperProductBlock\">\r\n    <div class=\"product-block-swiper swiper-wrapper\">\r\n                    <div class=\"swiper-slide product-block-item\" data-id=\"147681\">\r\n                <a href=\"https:\/\/bialcon.pl\/prosty-kremowy-plaszcz-z-wiazaniem?utm_source=blog&utm_medium=poradystylistki&utm_campaign=250925\" class=\"product-block-url\" target=\"_blank\">\r\n                    <div class=\"product-block-image\">\r\n                        <img decoding=\"async\" width=\"300\" height=\"400\" src=\"https:\/\/bialcon.pl\/picture\/plaszcz-carmen-ecru-relis.jpg\" alt=\"Prosty kremowy p\u0142aszcz z wi\u0105zaniem\">\r\n                    <\/div>\r\n                    <div class=\"product-block-name\">\r\n                        <p>Prosty kremowy p\u0142aszcz z wi\u0105zaniem<\/p>\r\n                    <\/div>\r\n                <\/a>\r\n            <\/div>\r\n                    <div class=\"swiper-slide product-block-item\" data-id=\"147682\">\r\n                <a href=\"https:\/\/bialcon.pl\/prosty-kamelowy-plaszcz-z-wiazaniem?utm_source=blog&utm_medium=poradystylistki&utm_campaign=250925\" class=\"product-block-url\" target=\"_blank\">\r\n                    <div class=\"product-block-image\">\r\n                        <img decoding=\"async\" width=\"300\" height=\"400\" src=\"https:\/\/bialcon.pl\/picture\/plaszcz-carmen-bezowy-relis.jpg\" alt=\"Prosty kamelowy p\u0142aszcz z wi\u0105zaniem\">\r\n                    <\/div>\r\n                    <div class=\"product-block-name\">\r\n                        <p>Prosty kamelowy p\u0142aszcz z wi\u0105zaniem<\/p>\r\n                    <\/div>\r\n                <\/a>\r\n            <\/div>\r\n                    <div class=\"swiper-slide product-block-item\" data-id=\"147684\">\r\n                <a href=\"https:\/\/bialcon.pl\/wiosenny-bawelniany-trencz-za-kolano-w-kolorze-czarnym?utm_source=blog&utm_medium=poradystylistki&utm_campaign=250925\" class=\"product-block-url\" target=\"_blank\">\r\n                    <div class=\"product-block-image\">\r\n                        <img decoding=\"async\" width=\"300\" height=\"400\" src=\"https:\/\/bialcon.pl\/picture\/plaszcz-vivien-czarny-relis.jpg\" alt=\"Wiosenny bawe\u0142niany trencz za kolano w kolorze czarnym\">\r\n                    <\/div>\r\n                    <div class=\"product-block-name\">\r\n                        <p>Wiosenny bawe\u0142niany trencz za kolano w kolorze czarnym<\/p>\r\n                    <\/div>\r\n                <\/a>\r\n            <\/div>\r\n            <\/div>\r\n<\/div>\r\n\n\n\n\n<h2 class=\"wp-block-heading\"><span class=\"ez-toc-section\" id=\"Jak_nosic_apaszke_do_koszuli_lub_sukienki_aby_podkreslic_styl\"><\/span>Jak nosi\u0107 apaszk\u0119 do koszuli lub sukienki, aby podkre\u015bli\u0107 styl<span class=\"ez-toc-section-end\"><\/span><\/h2>\n\n\n\n<p>Je\u015bli chcesz subtelnie o\u017cywi\u0107 koszul\u0119, zawi\u0105\u017c apaszk\u0119 w cienki w\u0119ze\u0142 i wsuniesz jej ko\u0144ce pod ko\u0142nierzyk. To \u015bwietna alternatywa dla naszyjnika, kt\u00f3ra sprawdza si\u0119 w biurze i na spotkaniach biznesowych.<\/p>\n\n\n\n<p>Do sukienki warto wybra\u0107 bardziej swobodny spos\u00f3b \u2013 asymetryczny supe\u0142 zawi\u0105zany z boku. Takie rozwi\u0105zanie dodaje lekko\u015bci i nowoczesnego charakteru. D\u0142ugie ko\u0144ce apaszki sp\u0142ywaj\u0105ce po ramieniu pi\u0119knie wyd\u0142u\u017caj\u0105 sylwetk\u0119 i podkre\u015blaj\u0105 indywidualny styl.<\/p>\n\n\n\r\n<div class=\"product-block-container swiper mySwiperProductBlock\">\r\n    <div class=\"product-block-swiper swiper-wrapper\">\r\n                    <div class=\"swiper-slide product-block-item\" data-id=\"147578\">\r\n                <a href=\"https:\/\/bialcon.pl\/zwiewna-mietowa-koszula-z-bufiastym-rekawem?utm_source=blog&utm_medium=poradystylistki&utm_campaign=250925\" class=\"product-block-url\" target=\"_blank\">\r\n                    <div class=\"product-block-image\">\r\n                        <img decoding=\"async\" width=\"300\" height=\"400\" src=\"https:\/\/bialcon.pl\/picture\/zwiewna-mietowa-koszula-z-bufiastym-rekawem_2.jpg\" alt=\"Zwiewna mi\u0119towa koszula z bufiastym r\u0119kawem\">\r\n                    <\/div>\r\n                    <div class=\"product-block-name\">\r\n                        <p>Zwiewna mi\u0119towa koszula z bufiastym r\u0119kawem<\/p>\r\n                    <\/div>\r\n                <\/a>\r\n            <\/div>\r\n                    <div class=\"swiper-slide product-block-item\" data-id=\"147718\">\r\n                <a href=\"https:\/\/bialcon.pl\/koszula-z-dlugim-rekawem-w-kolorze-denim?utm_source=blog&utm_medium=poradystylistki&utm_campaign=250925\" class=\"product-block-url\" target=\"_blank\">\r\n                    <div class=\"product-block-image\">\r\n                        <img decoding=\"async\" width=\"300\" height=\"400\" src=\"https:\/\/bialcon.pl\/picture\/koszula-z-dlugim-rekawem-w-kolorze-denim_1.jpg\" alt=\"Koszula z d\u0142ugim r\u0119kawem w kolorze denim\">\r\n                    <\/div>\r\n                    <div class=\"product-block-name\">\r\n                        <p>Koszula z d\u0142ugim r\u0119kawem w kolorze denim<\/p>\r\n                    <\/div>\r\n                <\/a>\r\n            <\/div>\r\n                    <div class=\"swiper-slide product-block-item\" data-id=\"146866\">\r\n                <a href=\"https:\/\/bialcon.pl\/granatowa-koszula-damska-z-wiskozowej-satyny?utm_source=blog&utm_medium=poradystylistki&utm_campaign=250925\" class=\"product-block-url\" target=\"_blank\">\r\n                    <div class=\"product-block-image\">\r\n                        <img decoding=\"async\" width=\"300\" height=\"400\" src=\"https:\/\/bialcon.pl\/picture\/granatowa-koszula-damska-z-wiskozowej-satyny_5.jpg\" alt=\"Granatowa koszula damska z wiskozowej satyny\">\r\n                    <\/div>\r\n                    <div class=\"product-block-name\">\r\n                        <p>Granatowa koszula damska z wiskozowej satyny<\/p>\r\n                    <\/div>\r\n                <\/a>\r\n            <\/div>\r\n            <\/div>\r\n<\/div>\r\n\n\n\n\n<h2 class=\"wp-block-heading\"><span class=\"ez-toc-section\" id=\"Apaszka_damska_w_stylu_retro_i_boho\"><\/span>Apaszka damska w stylu retro i boho<span class=\"ez-toc-section-end\"><\/span><\/h2>\n\n\n\n<p>Apaszka damska nie musi by\u0107 noszona tylko blisko szyi. Moda daje ogromne mo\u017cliwo\u015bci eksperyment\u00f3w. W stylu retro \u015bwietnie sprawdzi si\u0119 apaszka zawi\u0105zana w formie opaski na g\u0142owie. Wystarczy z\u0142o\u017cy\u0107 chust\u0119 w rulon, owin\u0105\u0107 wok\u00f3\u0142 w\u0142os\u00f3w i zawi\u0105za\u0107 kokardk\u0119 nad uchem.<\/p>\n\n\n\n<p>Styl boho lubi bardziej swobodne rozwi\u0105zania. Apaszki \u015bwietnie wygl\u0105daj\u0105 przewi\u0105zane na nadgarstku, przy torebce albo jako w\u0105ski pasek w spodniach. Ko\u0144ce zawi\u0105\u017c lu\u017ano, pozwalaj\u0105c im swobodnie opada\u0107 \u2013 to detal znany z mody ulicznej, kt\u00f3ry nadaje stylizacji lekko\u015bci.<\/p>\n\n\n\n<h2 class=\"wp-block-heading\"><span class=\"ez-toc-section\" id=\"Dlaczego_klasyczne_wiazanie_wciaz_zachwyca\"><\/span>Dlaczego klasyczne wi\u0105zanie wci\u0105\u017c zachwyca?<span class=\"ez-toc-section-end\"><\/span><\/h2>\n\n\n\n<p>Klasyczne wi\u0105zanie apaszki blisko szyi to ponadczasowe rozwi\u0105zanie. Z\u0142o\u017cona w tr\u00f3jk\u0105t chusta, owini\u0119ta wok\u00f3\u0142 szyi i zawi\u0105zana w prosty w\u0119ze\u0142, zawsze prezentuje si\u0119 szykownie. Wierzcho\u0142ek tr\u00f3jk\u0105ta znalaz\u0142 si\u0119 w centrum, a ko\u0144ce uk\u0142adaj\u0105 si\u0119 mi\u0119kko na ramionach \u2013 to detal, kt\u00f3ry nigdy si\u0119 nie nudzi.<\/p>\n\n\n\n<p>R\u00f3wnie praktyczne jest p\u0142askie wi\u0105zanie. Dzi\u0119ki niemu apaszka nie tworzy dodatkowej obj\u0119to\u015bci i \u015bwietnie mie\u015bci si\u0119 pod ko\u0142nierzykiem koszuli. To elegancja w najczystszej postaci.<\/p>\n\n\n\n<h2 class=\"wp-block-heading\"><span class=\"ez-toc-section\" id=\"Dlaczego_warto_nosic_apaszke_w_codziennych_stylizacjach\"><\/span>Dlaczego warto nosi\u0107 apaszk\u0119 w codziennych stylizacjach?<span class=\"ez-toc-section-end\"><\/span><\/h2>\n\n\n\n<p>Warto nosi\u0107 apaszk\u0119, poniewa\u017c jest to stylowy dodatek, kt\u00f3ry odmienia charakter stroju w kilka sekund. Jedwabne apaszki potrafi\u0105 zast\u0105pi\u0107 naszyjnik, roz\u015bwietli\u0107 twarz i doda\u0107 barwy nawet najprostszym ubraniom. Ich uniwersalno\u015b\u0107 sprawia, \u017ce mo\u017cesz je wykorzysta\u0107 w wielu sytuacjach \u2013 od biura, przez spotkania towarzyskie, a\u017c po wakacyjne spacery.<\/p>\n\n\n\n<p>Co wa\u017cne, apaszka to tak\u017ce element garderoby, kt\u00f3ry pomo\u017ce Ci stworzy\u0107 sp\u00f3jny wizerunek. Przewi\u0105zana na torebce czy g\u0142owie pokazuje, \u017ce dbasz o detale i masz \u015bwiadomo\u015b\u0107 mody.<\/p>\n\n\n\r\n<div class=\"product-block-container swiper mySwiperProductBlock\">\r\n    <div class=\"product-block-swiper swiper-wrapper\">\r\n                    <div class=\"swiper-slide product-block-item\" data-id=\"147924\">\r\n                <a href=\"https:\/\/bialcon.pl\/apaszka-w-kolorze-karminowej-czerwieni-z-orientalnym-motywem?utm_source=blog&utm_medium=poradystylistki&utm_campaign=250925\" class=\"product-block-url\" target=\"_blank\">\r\n                    <div class=\"product-block-image\">\r\n                        <img decoding=\"async\" width=\"300\" height=\"400\" src=\"https:\/\/bialcon.pl\/picture\/szal-wzory_78.jpg\" alt=\"Apaszka w kolorze karminowej czerwieni z orientalnym motywem\">\r\n                    <\/div>\r\n                    <div class=\"product-block-name\">\r\n                        <p>Apaszka w kolorze karminowej czerwieni z orientalnym motywem<\/p>\r\n                    <\/div>\r\n                <\/a>\r\n            <\/div>\r\n                    <div class=\"swiper-slide product-block-item\" data-id=\"147931\">\r\n                <a href=\"https:\/\/bialcon.pl\/wzorzysta-apaszka-w-kolorze-ciemnej-zieleni?utm_source=blog&utm_medium=poradystylistki&utm_campaign=250925\" class=\"product-block-url\" target=\"_blank\">\r\n                    <div class=\"product-block-image\">\r\n                        <img decoding=\"async\" width=\"300\" height=\"400\" src=\"https:\/\/bialcon.pl\/picture\/szal-wzory_79.jpg\" alt=\"Wzorzysta apaszka w kolorze ciemnej zieleni\">\r\n                    <\/div>\r\n                    <div class=\"product-block-name\">\r\n                        <p>Wzorzysta apaszka w kolorze ciemnej zieleni<\/p>\r\n                    <\/div>\r\n                <\/a>\r\n            <\/div>\r\n                    <div class=\"swiper-slide product-block-item\" data-id=\"147938\">\r\n                <a href=\"https:\/\/bialcon.pl\/dwukolorowa-apaszka-z-jedwabiu?utm_source=blog&utm_medium=poradystylistki&utm_campaign=250925\" class=\"product-block-url\" target=\"_blank\">\r\n                    <div class=\"product-block-image\">\r\n                        <img decoding=\"async\" width=\"300\" height=\"400\" src=\"https:\/\/bialcon.pl\/picture\/szal-wzory_75.jpg\" alt=\"Dwukolorowa apaszka z jedwabiu\">\r\n                    <\/div>\r\n                    <div class=\"product-block-name\">\r\n                        <p>Dwukolorowa apaszka z jedwabiu<\/p>\r\n                    <\/div>\r\n                <\/a>\r\n            <\/div>\r\n            <\/div>\r\n<\/div>\r\n\n\n\n\n<h2 class=\"wp-block-heading\"><span class=\"ez-toc-section\" id=\"Jak_wiazac_apaszke_blisko_szyi_by_zachowac_komfort\"><\/span>Jak wi\u0105za\u0107 apaszk\u0119 blisko szyi, by zachowa\u0107 komfort?<span class=\"ez-toc-section-end\"><\/span><\/h2>\n\n\n\n<p>Nie ka\u017cda z nas lubi, gdy apaszka jest zawi\u0105zana ciasno przy szyi. W takiej sytuacji sprawdza si\u0119 lu\u017any w\u0119ze\u0142. Owi\u0144 apaszk\u0119 tylko raz wok\u00f3\u0142 szyi i pozw\u00f3l, by jej ko\u0144ce swobodnie opada\u0142y. To prosty trik, kt\u00f3ry wygl\u0105da \u015bwietnie zar\u00f3wno do t-shirtu, jak i marynar<\/p>\n\n\n\n<h2 class=\"wp-block-heading\"><span class=\"ez-toc-section\" id=\"Apaszka_w_stylu_retro_i_boho_jako_inspiracja\"><\/span>Apaszka w stylu retro i boho jako inspiracja<span class=\"ez-toc-section-end\"><\/span><\/h2>\n\n\n\n<p>Styl retro uwielbia apaszki w formie opaski. Z kolei styl boho si\u0119ga po apaszki jako dodatki do torebek, bransoletek czy pask\u00f3w. Ich si\u0142a tkwi w tym, \u017ce jeden element potrafi nada\u0107 charakteru ca\u0142ej stylizacji i sprawi\u0107, \u017ce b\u0119dziesz prezentowa\u0107 si\u0119 \u015bwie\u017co i oryginalnie.<\/p>\n\n\n\n<h2 class=\"wp-block-heading\"><span class=\"ez-toc-section\" id=\"Poznaj_porady_stylisty_jak_nosic_apaszke_na_rozne_sposoby\"><\/span>Poznaj porady stylisty, jak nosi\u0107 apaszk\u0119 na r\u00f3\u017cne sposoby<span class=\"ez-toc-section-end\"><\/span><\/h2>\n\n\n\n<p>Styli\u015bci podkre\u015blaj\u0105, \u017ce apaszka to niezwykle praktyczny dodatek. Mo\u017cesz j\u0105 zarzuci\u0107 na ramiona jak lekk\u0105 chust\u0119, przewi\u0105za\u0107 w talii jako pasek do sukienki, przywi\u0105za\u0107 do torebki albo zawi\u0105za\u0107 na g\u0142owie w formie turbanu. Dzi\u0119ki temu jeden element garderoby potrafi odmieni\u0107 ca\u0142\u0105 kolekcj\u0119 ubra\u0144.<\/p>\n\n\n\n<h2 class=\"wp-block-heading\"><span class=\"ez-toc-section\" id=\"Porady_stylisty_ktore_odmienia_Twoj_styl\"><\/span>Porady stylisty, kt\u00f3re odmieni\u0105 Tw\u00f3j styl<span class=\"ez-toc-section-end\"><\/span><\/h2>\n\n\n\n<p>Je\u015bli szukasz szybkich trik\u00f3w, oto kilka sprawdzonych porad stylisty:<\/p>\n\n\n\n<ul class=\"wp-block-list\">\n<li>do koszuli wybierz p\u0142aski w\u0119ze\u0142,<\/li>\n\n\n\n<li>do p\u0142aszcza zawi\u0105\u017c apaszk\u0119 w kokard\u0119,<\/li>\n\n\n\n<li>do sukienki postaw na asymetryczny supe\u0142,<\/li>\n\n\n\n<li>w codziennych stylizacjach wybieraj lu\u017any w\u0119ze\u0142 z ko\u0144cami opadaj\u0105cymi swobodnie.<\/li>\n<\/ul>\n\n\n\r\n<div class=\"product-block-container swiper mySwiperProductBlock\">\r\n    <div class=\"product-block-swiper swiper-wrapper\">\r\n                    <div class=\"swiper-slide product-block-item\" data-id=\"147521\">\r\n                <a href=\"https:\/\/bialcon.pl\/kolorowa-krotka-sukienka-z-szerokim-rekawem?utm_source=blog&utm_medium=poradystylistki&utm_campaign=250925\" class=\"product-block-url\" target=\"_blank\">\r\n                    <div class=\"product-block-image\">\r\n                        <img decoding=\"async\" width=\"300\" height=\"400\" src=\"https:\/\/bialcon.pl\/picture\/kolorowa-krotka-sukienka-z-szerokim-rekawem.jpg\" alt=\"Kolorowa kr\u00f3tka sukienka z szerokim r\u0119kawem\">\r\n                    <\/div>\r\n                    <div class=\"product-block-name\">\r\n                        <p>Kolorowa kr\u00f3tka sukienka z szerokim r\u0119kawem<\/p>\r\n                    <\/div>\r\n                <\/a>\r\n            <\/div>\r\n                    <div class=\"swiper-slide product-block-item\" data-id=\"147522\">\r\n                <a href=\"https:\/\/bialcon.pl\/bawelniana-letnia-sukienka-z-paskiem-w-kolorze-oliwki?utm_source=blog&utm_medium=poradystylistki&utm_campaign=250925\" class=\"product-block-url\" target=\"_blank\">\r\n                    <div class=\"product-block-image\">\r\n                        <img decoding=\"async\" width=\"300\" height=\"400\" src=\"https:\/\/bialcon.pl\/picture\/bawelniana-letnia-sukienka-z-paskiem-w-kolorze-oliwki_1.jpg\" alt=\"Bawe\u0142niana letnia sukienka z paskiem w kolorze oliwki\">\r\n                    <\/div>\r\n                    <div class=\"product-block-name\">\r\n                        <p>Bawe\u0142niana letnia sukienka z paskiem w kolorze oliwki<\/p>\r\n                    <\/div>\r\n                <\/a>\r\n            <\/div>\r\n                    <div class=\"swiper-slide product-block-item\" data-id=\"147533\">\r\n                <a href=\"https:\/\/bialcon.pl\/codzienna-wygodna-sukienka-z-gumka-w-talii?utm_source=blog&utm_medium=poradystylistki&utm_campaign=250925\" class=\"product-block-url\" target=\"_blank\">\r\n                    <div class=\"product-block-image\">\r\n                        <img decoding=\"async\" width=\"300\" height=\"400\" src=\"https:\/\/bialcon.pl\/picture\/codzienna-wygodna-sukienka-z-gumka-w-talii_1.jpg\" alt=\"Codzienna wygodna sukienka z gumk\u0105 w talii\">\r\n                    <\/div>\r\n                    <div class=\"product-block-name\">\r\n                        <p>Codzienna wygodna sukienka z gumk\u0105 w talii<\/p>\r\n                    <\/div>\r\n                <\/a>\r\n            <\/div>\r\n            <\/div>\r\n<\/div>\r\n\n\n\n\n<h2 class=\"wp-block-heading\"><span class=\"ez-toc-section\" id=\"Jak_zawiazac_plaski_wezel_by_wygladac_elegancko\"><\/span>Jak zawi\u0105za\u0107 p\u0142aski w\u0119ze\u0142, by wygl\u0105da\u0107 elegancko?<span class=\"ez-toc-section-end\"><\/span><\/h2>\n\n\n\n<p>P\u0142aski w\u0119ze\u0142 to rozwi\u0105zanie idealne dla os\u00f3b, kt\u00f3re ceni\u0105 minimalizm. Wystarczy zwin\u0105\u0107 apaszk\u0119 w w\u0105ski pasek, owin\u0105\u0107 wok\u00f3\u0142 szyi, skrzy\u017cowa\u0107 ko\u0144ce i prze\u0142o\u017cy\u0107 je tak, aby ca\u0142o\u015b\u0107 le\u017ca\u0142a g\u0142adko. Dzi\u0119ki temu apaszka wygl\u0105da elegancko i nie dodaje zb\u0119dnej obj\u0119to\u015bci.<\/p>\n\n\n\n<p>Apaszka damska to dodatek, kt\u00f3ry potrafi odmieni\u0107 ka\u017cd\u0105 stylizacj\u0119. Bez wzgl\u0119du na to, czy wybierzesz klasyczne wi\u0105zanie, prosty w\u0119ze\u0142 czy efektown\u0105 kokard\u0119, zawsze b\u0119dzie to detal, kt\u00f3ry doda Ci szyku. Warto nosi\u0107 apaszk\u0119 nie tylko blisko szyi, ale tak\u017ce na nadgarstku, g\u0142owie czy przy torebce. Dzi\u0119ki temu mo\u017cesz bawi\u0107 si\u0119 mod\u0105, wyra\u017ca\u0107 sw\u00f3j indywidualny styl i zawsze wygl\u0105da\u0107 szykownie \u2013 bez wysi\u0142ku.<\/p>\n\n\n\n<h2 class=\"wp-block-heading\"><span class=\"ez-toc-section\" id=\"FAQ\"><\/span>FAQ<span class=\"ez-toc-section-end\"><\/span><\/h2>\n\n\n\n<h3 class=\"wp-block-heading\">1. Jak wi\u0105za\u0107 apaszk\u0119 na szyi, by wygl\u0105da\u0107 elegancko i stylowo?<\/h3>\n\n\n\n<p>Je\u015bli zastanawiasz si\u0119, <strong>jak wi\u0105za\u0107 apaszk\u0119 na szyi<\/strong>, klasycznym wyborem b\u0119dzie supe\u0142 francuski \u2013 delikatne z\u0142o\u017cenie apaszki w tr\u00f3jk\u0105t, zwini\u0119cie w rulon i zawi\u0105zanie tu\u017c przy szyi. To ponadczasowy spos\u00f3b, kt\u00f3ry pasuje do ka\u017cdej stylizacji. Alternatyw\u0105 jest przewi\u0105zanie jej lu\u017ano z boku \u2013 idealne na co dzie\u0144. A je\u015bli szukasz, <strong>jak zawi\u0105za\u0107 apaszk\u0119 pod szyj\u0105<\/strong>, wybierz symetryczny w\u0119ze\u0142 \u2013 subtelny, ale bardzo szykowny.<\/p>\n\n\n\n<hr class=\"wp-block-separator has-alpha-channel-opacity\"\/>\n\n\n\n<h3 class=\"wp-block-heading\">2. Jak wi\u0105za\u0107 apaszk\u0119 do p\u0142aszcza, by podkre\u015bli\u0107 charakter stylizacji?<\/h3>\n\n\n\n<p><strong>Jak wi\u0105za\u0107 apaszk\u0119 do p\u0142aszcza?<\/strong> Najlepiej wybra\u0107 spos\u00f3b, kt\u00f3ry nie tylko ogrzeje, ale i doda elegancji. Apaszk\u0119 mo\u017cna owin\u0105\u0107 wok\u00f3\u0142 szyi i zawi\u0105za\u0107 pod ko\u0142nierzem lub przewi\u0105za\u0107 na kokard\u0119 z przodu. Taki detal doskonale urozmaici klasyczny p\u0142aszcz i nada mu bardziej kobiecego wyrazu.<\/p>\n\n\n\r\n<div class=\"product-block-container swiper mySwiperProductBlock\">\r\n    <div class=\"product-block-swiper swiper-wrapper\">\r\n                    <div class=\"swiper-slide product-block-item\" data-id=\"147686\">\r\n                <a href=\"https:\/\/bialcon.pl\/bawelniany-czarny-plaszcz-wiosenny-przed-kolano?utm_source=blog&utm_medium=poradystylistki&utm_campaign=250925\" class=\"product-block-url\" target=\"_blank\">\r\n                    <div class=\"product-block-image\">\r\n                        <img decoding=\"async\" width=\"300\" height=\"400\" src=\"https:\/\/bialcon.pl\/picture\/plaszcz-natasza-czarny-relis.jpg\" alt=\"Bawe\u0142niany czarny p\u0142aszcz wiosenny przed kolano\">\r\n                    <\/div>\r\n                    <div class=\"product-block-name\">\r\n                        <p>Bawe\u0142niany czarny p\u0142aszcz wiosenny przed kolano<\/p>\r\n                    <\/div>\r\n                <\/a>\r\n            <\/div>\r\n                    <div class=\"swiper-slide product-block-item\" data-id=\"147687\">\r\n                <a href=\"https:\/\/bialcon.pl\/bawelniany-bezowy-plaszcz-wiosenny-przed-kolano?utm_source=blog&utm_medium=poradystylistki&utm_campaign=250925\" class=\"product-block-url\" target=\"_blank\">\r\n                    <div class=\"product-block-image\">\r\n                        <img decoding=\"async\" width=\"300\" height=\"400\" src=\"https:\/\/bialcon.pl\/picture\/bawelniany-bezowy-plaszcz-wiosenny-przed-kolano_1.jpg\" alt=\"Bawe\u0142niany be\u017cowy p\u0142aszcz wiosenny przed kolano\">\r\n                    <\/div>\r\n                    <div class=\"product-block-name\">\r\n                        <p>Bawe\u0142niany be\u017cowy p\u0142aszcz wiosenny przed kolano<\/p>\r\n                    <\/div>\r\n                <\/a>\r\n            <\/div>\r\n                    <div class=\"swiper-slide product-block-item\" data-id=\"147726\">\r\n                <a href=\"https:\/\/bialcon.pl\/krotki-dwurzedowy-trencz-pastelowy-z-paskiem-i-podszewka?utm_source=blog&utm_medium=poradystylistki&utm_campaign=250925\" class=\"product-block-url\" target=\"_blank\">\r\n                    <div class=\"product-block-image\">\r\n                        <img decoding=\"async\" width=\"300\" height=\"400\" src=\"https:\/\/bialcon.pl\/picture\/kurtka-ble-252682-f-j-rozowy_2.jpg\" alt=\"Kr\u00f3tki dwurz\u0119dowy trencz pastelowy z paskiem i podszewk\u0105\">\r\n                    <\/div>\r\n                    <div class=\"product-block-name\">\r\n                        <p>Kr\u00f3tki dwurz\u0119dowy trencz pastelowy z paskiem i podszewk\u0105<\/p>\r\n                    <\/div>\r\n                <\/a>\r\n            <\/div>\r\n            <\/div>\r\n<\/div>\r\n\n\n\n\n<hr class=\"wp-block-separator has-alpha-channel-opacity\"\/>\n\n\n\n<h3 class=\"wp-block-heading\">3. Jak wi\u0105za\u0107 apaszk\u0119 do koszuli lub sukienki, by wygl\u0105da\u0107 nowocze\u015bnie?<\/h3>\n\n\n\n<p>Zastanawiasz si\u0119, <strong>jak wi\u0105za\u0107 apaszk\u0119 do koszuli<\/strong> lub <strong>do sukienki<\/strong>? Do koszuli \u015bwietnie pasuje apaszka zawi\u0105zana na cienki supe\u0142 i wsuni\u0119ta pod ko\u0142nierzyk \u2013 to subtelna alternatywa dla bi\u017cuterii. Z kolei do sukienki mo\u017cesz j\u0105 przewi\u0105za\u0107 wok\u00f3\u0142 szyi lub zawi\u0105za\u0107 na bok, tworz\u0105c asymetryczny akcent, kt\u00f3ry o\u017cywi ca\u0142\u0105 stylizacj\u0119.<\/p>\n\n\n\n<hr class=\"wp-block-separator has-alpha-channel-opacity\"\/>\n\n\n\n<h3 class=\"wp-block-heading\">4. Czy s\u0105 proste sposoby na to, jak zawi\u0105za\u0107 apaszk\u0119 bez wysi\u0142ku?<\/h3>\n\n\n\n<p>Oczywi\u015bcie! Je\u015bli nie wiesz, <strong>jak zawi\u0105za\u0107 apaszk\u0119 na szyi<\/strong>, a chcesz uzyska\u0107 efekt \u201echic without trying\u201d, spr\u00f3buj przewi\u0105za\u0107 j\u0105 raz wok\u00f3\u0142 szyi i zostawi\u0107 lu\u017ano opadaj\u0105ce ko\u0144ce. To szybki, nonszalancki styl, kt\u00f3ry \u015bwietnie wygl\u0105da zar\u00f3wno do t-shirtu, jak i marynarki. Dla bardziej klasycznego efektu \u2013 wybierz delikatne <strong>wi\u0105zanie apaszki pod szyj\u0105<\/strong> w formie kokardki.<\/p>\n","protected":false},"excerpt":{"rendered":"<p>&nbsp;Apaszka to niepozorny element garderoby, kt\u00f3ry potrafi zmieni\u0107 charakter ca\u0142ej stylizacji. Delikatny kawa\u0142ek jedwabiu, bawe\u0142ny czy satyny mo\u017ce doda\u0107 elegancji, prze\u0142ama\u0107 prostot\u0119 stroju, a czasem nawet zast\u0105pi\u0107 bi\u017cuteri\u0119. Nie bez powodu m\u00f3wi si\u0119, \u017ce apaszka damska to kameleon mody \u2013 jej uniwersalno\u015b\u0107 sprawia, \u017ce pasuje do p\u0142aszcza, koszuli, sukienki, a nawet torebki czy w\u0142os\u00f3w. W [&hellip;]<\/p>\n","protected":false},"author":10,"featured_media":12428,"comment_status":"closed","ping_status":"open","sticky":false,"template":"","format":"standard","meta":{"_acf_changed":false,"site-sidebar-layout":"default","site-content-layout":"","ast-site-content-layout":"default","site-content-style":"default","site-sidebar-style":"default","ast-global-header-display":"","ast-banner-title-visibility":"","ast-main-header-display":"","ast-hfb-above-header-display":"","ast-hfb-below-header-display":"","ast-hfb-mobile-header-display":"","site-post-title":"","ast-breadcrumbs-content":"","ast-featured-img":"","footer-sml-layout":"","theme-transparent-header-meta":"","adv-header-id-meta":"","stick-header-meta":"","header-above-stick-meta":"","header-main-stick-meta":"","header-below-stick-meta":"","astra-migrate-meta-layouts":"set","ast-page-background-enabled":"default","ast-page-background-meta":{"desktop":{"background-color":"","background-image":"","background-repeat":"repeat","background-position":"center center","background-size":"auto","background-attachment":"scroll","background-type":"","background-media":"","overlay-type":"","overlay-color":"","overlay-opacity":"","overlay-gradient":""},"tablet":{"background-color":"","background-image":"","background-repeat":"repeat","background-position":"center center","background-size":"auto","background-attachment":"scroll","background-type":"","background-media":"","overlay-type":"","overlay-color":"","overlay-opacity":"","overlay-gradient":""},"mobile":{"background-color":"","background-image":"","background-repeat":"repeat","background-position":"center center","background-size":"auto","background-attachment":"scroll","background-type":"","background-media":"","overlay-type":"","overlay-color":"","overlay-opacity":"","overlay-gradient":""}},"ast-content-background-meta":{"desktop":{"background-color":"var(--ast-global-color-5)","background-image":"","background-repeat":"repeat","background-position":"center center","background-size":"auto","background-attachment":"scroll","background-type":"","background-media":"","overlay-type":"","overlay-color":"","overlay-opacity":"","overlay-gradient":""},"tablet":{"background-color":"var(--ast-global-color-5)","background-image":"","background-repeat":"repeat","background-position":"center center","background-size":"auto","background-attachment":"scroll","background-type":"","background-media":"","overlay-type":"","overlay-color":"","overlay-opacity":"","overlay-gradient":""},"mobile":{"background-color":"var(--ast-global-color-5)","background-image":"","background-repeat":"repeat","background-position":"center center","background-size":"auto","background-attachment":"scroll","background-type":"","background-media":"","overlay-type":"","overlay-color":"","overlay-opacity":"","overlay-gradient":""}},"footnotes":""},"categories":[10,14],"tags":[],"class_list":["post-12427","post","type-post","status-publish","format-standard","has-post-thumbnail","hentry","category-porady-stylistki","category-wszystkie-wpisy"],"acf":[],"yoast_head":"<!-- This site is optimized with the Yoast SEO plugin v27.4 - https:\/\/yoast.com\/product\/yoast-seo-wordpress\/ -->\n<title>Jak wi\u0105za\u0107 apaszk\u0119, \u017ceby wygl\u0105da\u0107 szykownie bez wysi\u0142ku? - Bialcon<\/title>\n<meta name=\"description\" content=\"\u00a0Apaszka to niepozorny element garderoby, kt\u00f3ry potrafi zmieni\u0107 charakter ca\u0142ej stylizacji. Nie bez powodu m\u00f3wi si\u0119, \u017ce apaszka damska to kameleon mody.\" \/>\n<meta name=\"robots\" content=\"index, follow, max-snippet:-1, max-image-preview:large, max-video-preview:-1\" \/>\n<link rel=\"canonical\" href=\"https:\/\/bialcon.pl\/blog\/jak-wiazac-apaszke\/\" \/>\n<meta name=\"twitter:label1\" content=\"Napisane przez\" \/>\n\t<meta name=\"twitter:data1\" content=\"Ma\u0142gorzata Brzezi\u0144ska\" \/>\n\t<meta name=\"twitter:label2\" content=\"Szacowany czas czytania\" \/>\n\t<meta name=\"twitter:data2\" content=\"7 minut\" \/>\n<script type=\"application\/ld+json\" class=\"yoast-schema-graph\">{\"@context\":\"https:\\\/\\\/schema.org\",\"@graph\":[{\"@type\":\"Article\",\"@id\":\"https:\\\/\\\/bialcon.pl\\\/blog\\\/jak-wiazac-apaszke\\\/#article\",\"isPartOf\":{\"@id\":\"https:\\\/\\\/bialcon.pl\\\/blog\\\/jak-wiazac-apaszke\\\/\"},\"author\":{\"name\":\"Ma\u0142gorzata Brzezi\u0144ska\",\"@id\":\"https:\\\/\\\/bialcon.pl\\\/blog\\\/#\\\/schema\\\/person\\\/cbbe4ae2297c5abd7376399985d5fabb\"},\"headline\":\"Jak wi\u0105za\u0107 apaszk\u0119, \u017ceby wygl\u0105da\u0107 szykownie bez wysi\u0142ku?\",\"datePublished\":\"2025-09-25T08:00:00+00:00\",\"dateModified\":\"2025-11-24T13:17:59+00:00\",\"mainEntityOfPage\":{\"@id\":\"https:\\\/\\\/bialcon.pl\\\/blog\\\/jak-wiazac-apaszke\\\/\"},\"wordCount\":1431,\"image\":{\"@id\":\"https:\\\/\\\/bialcon.pl\\\/blog\\\/jak-wiazac-apaszke\\\/#primaryimage\"},\"thumbnailUrl\":\"https:\\\/\\\/bialcon.pl\\\/blog\\\/wp-content\\\/uploads\\\/2025\\\/09\\\/Projekt-bez-nazwy-15.png\",\"articleSection\":[\"Porady Stylistki\",\"Wszystkie wpisy\"],\"inLanguage\":\"pl-PL\"},{\"@type\":\"WebPage\",\"@id\":\"https:\\\/\\\/bialcon.pl\\\/blog\\\/jak-wiazac-apaszke\\\/\",\"url\":\"https:\\\/\\\/bialcon.pl\\\/blog\\\/jak-wiazac-apaszke\\\/\",\"name\":\"Jak wi\u0105za\u0107 apaszk\u0119, \u017ceby wygl\u0105da\u0107 szykownie bez wysi\u0142ku? - Bialcon\",\"isPartOf\":{\"@id\":\"https:\\\/\\\/bialcon.pl\\\/blog\\\/#website\"},\"primaryImageOfPage\":{\"@id\":\"https:\\\/\\\/bialcon.pl\\\/blog\\\/jak-wiazac-apaszke\\\/#primaryimage\"},\"image\":{\"@id\":\"https:\\\/\\\/bialcon.pl\\\/blog\\\/jak-wiazac-apaszke\\\/#primaryimage\"},\"thumbnailUrl\":\"https:\\\/\\\/bialcon.pl\\\/blog\\\/wp-content\\\/uploads\\\/2025\\\/09\\\/Projekt-bez-nazwy-15.png\",\"datePublished\":\"2025-09-25T08:00:00+00:00\",\"dateModified\":\"2025-11-24T13:17:59+00:00\",\"author\":{\"@id\":\"https:\\\/\\\/bialcon.pl\\\/blog\\\/#\\\/schema\\\/person\\\/cbbe4ae2297c5abd7376399985d5fabb\"},\"description\":\"\u00a0Apaszka to niepozorny element garderoby, kt\u00f3ry potrafi zmieni\u0107 charakter ca\u0142ej stylizacji. Nie bez powodu m\u00f3wi si\u0119, \u017ce apaszka damska to kameleon mody.\",\"breadcrumb\":{\"@id\":\"https:\\\/\\\/bialcon.pl\\\/blog\\\/jak-wiazac-apaszke\\\/#breadcrumb\"},\"inLanguage\":\"pl-PL\",\"potentialAction\":[{\"@type\":\"ReadAction\",\"target\":[\"https:\\\/\\\/bialcon.pl\\\/blog\\\/jak-wiazac-apaszke\\\/\"]}]},{\"@type\":\"ImageObject\",\"inLanguage\":\"pl-PL\",\"@id\":\"https:\\\/\\\/bialcon.pl\\\/blog\\\/jak-wiazac-apaszke\\\/#primaryimage\",\"url\":\"https:\\\/\\\/bialcon.pl\\\/blog\\\/wp-content\\\/uploads\\\/2025\\\/09\\\/Projekt-bez-nazwy-15.png\",\"contentUrl\":\"https:\\\/\\\/bialcon.pl\\\/blog\\\/wp-content\\\/uploads\\\/2025\\\/09\\\/Projekt-bez-nazwy-15.png\",\"width\":960,\"height\":850,\"caption\":\"Wizualizacja kobiety w fuksjowej, dopasowanej sukience midi z kr\u00f3tkim r\u0119kawem, z kolorow\u0105 jedwabn\u0105 apaszk\u0105 pod szyj\u0105\"},{\"@type\":\"BreadcrumbList\",\"@id\":\"https:\\\/\\\/bialcon.pl\\\/blog\\\/jak-wiazac-apaszke\\\/#breadcrumb\",\"itemListElement\":[{\"@type\":\"ListItem\",\"position\":1,\"name\":\"Strona g\u0142\u00f3wna\",\"item\":\"https:\\\/\\\/bialcon.pl\\\/blog\\\/\"},{\"@type\":\"ListItem\",\"position\":2,\"name\":\"Porady Stylistki\",\"item\":\"https:\\\/\\\/bialcon.pl\\\/blog\\\/porady-stylistki\\\/\"},{\"@type\":\"ListItem\",\"position\":3,\"name\":\"Jak wi\u0105za\u0107 apaszk\u0119, \u017ceby wygl\u0105da\u0107 szykownie bez wysi\u0142ku?\"}]},{\"@type\":\"WebSite\",\"@id\":\"https:\\\/\\\/bialcon.pl\\\/blog\\\/#website\",\"url\":\"https:\\\/\\\/bialcon.pl\\\/blog\\\/\",\"name\":\"bialcon.pl\\\/blog\\\/\",\"description\":\"Fashion Blog w zasi\u0119gu Twojej r\u0119ki\",\"potentialAction\":[{\"@type\":\"SearchAction\",\"target\":{\"@type\":\"EntryPoint\",\"urlTemplate\":\"https:\\\/\\\/bialcon.pl\\\/blog\\\/?s={search_term_string}\"},\"query-input\":{\"@type\":\"PropertyValueSpecification\",\"valueRequired\":true,\"valueName\":\"search_term_string\"}}],\"inLanguage\":\"pl-PL\"},{\"@type\":\"Person\",\"@id\":\"https:\\\/\\\/bialcon.pl\\\/blog\\\/#\\\/schema\\\/person\\\/cbbe4ae2297c5abd7376399985d5fabb\",\"name\":\"Ma\u0142gorzata Brzezi\u0144ska\",\"image\":{\"@type\":\"ImageObject\",\"inLanguage\":\"pl-PL\",\"@id\":\"https:\\\/\\\/secure.gravatar.com\\\/avatar\\\/3fc4a4cdba63586f503a5c5711e9b04d01ab1234b186b03e727ad902b6f4912d?s=96&d=mm&r=g\",\"url\":\"https:\\\/\\\/secure.gravatar.com\\\/avatar\\\/3fc4a4cdba63586f503a5c5711e9b04d01ab1234b186b03e727ad902b6f4912d?s=96&d=mm&r=g\",\"contentUrl\":\"https:\\\/\\\/secure.gravatar.com\\\/avatar\\\/3fc4a4cdba63586f503a5c5711e9b04d01ab1234b186b03e727ad902b6f4912d?s=96&d=mm&r=g\",\"caption\":\"Ma\u0142gorzata Brzezi\u0144ska\"},\"description\":\"Autorka tre\u015bci z zakresu mody, urody i stylu \u017cycia. Tworzy artyku\u0142y i poradniki oparte na analizie trend\u00f3w oraz potrzeb u\u017cytkownik\u00f3w, \u0142\u0105cz\u0105c wiedz\u0119 z zakresu komunikacji marketingowej i praktyki contentowej. Specjalizuje si\u0119 w bran\u017cach fashion, beauty &amp; health oraz gourmet food, przygotowuj\u0105c tre\u015bci dopasowane do realnych sytuacji i wybor\u00f3w konsumenckich. Na co dzie\u0144 zajmuje si\u0119 r\u00f3wnie\u017c content marketingiem i SEO.\",\"sameAs\":[\"https:\\\/\\\/www.linkedin.com\\\/in\\\/gosia-brzezinska-827052b4\\\/\"],\"url\":\"https:\\\/\\\/bialcon.pl\\\/blog\\\/author\\\/brzezinska\\\/\"}]}<\/script>\n<!-- \/ Yoast SEO plugin. -->","yoast_head_json":{"title":"Jak wi\u0105za\u0107 apaszk\u0119, \u017ceby wygl\u0105da\u0107 szykownie bez wysi\u0142ku? - Bialcon","description":"\u00a0Apaszka to niepozorny element garderoby, kt\u00f3ry potrafi zmieni\u0107 charakter ca\u0142ej stylizacji. Nie bez powodu m\u00f3wi si\u0119, \u017ce apaszka damska to kameleon mody.","robots":{"index":"index","follow":"follow","max-snippet":"max-snippet:-1","max-image-preview":"max-image-preview:large","max-video-preview":"max-video-preview:-1"},"canonical":"https:\/\/bialcon.pl\/blog\/jak-wiazac-apaszke\/","twitter_misc":{"Napisane przez":"Ma\u0142gorzata Brzezi\u0144ska","Szacowany czas czytania":"7 minut"},"schema":{"@context":"https:\/\/schema.org","@graph":[{"@type":"Article","@id":"https:\/\/bialcon.pl\/blog\/jak-wiazac-apaszke\/#article","isPartOf":{"@id":"https:\/\/bialcon.pl\/blog\/jak-wiazac-apaszke\/"},"author":{"name":"Ma\u0142gorzata Brzezi\u0144ska","@id":"https:\/\/bialcon.pl\/blog\/#\/schema\/person\/cbbe4ae2297c5abd7376399985d5fabb"},"headline":"Jak wi\u0105za\u0107 apaszk\u0119, \u017ceby wygl\u0105da\u0107 szykownie bez wysi\u0142ku?","datePublished":"2025-09-25T08:00:00+00:00","dateModified":"2025-11-24T13:17:59+00:00","mainEntityOfPage":{"@id":"https:\/\/bialcon.pl\/blog\/jak-wiazac-apaszke\/"},"wordCount":1431,"image":{"@id":"https:\/\/bialcon.pl\/blog\/jak-wiazac-apaszke\/#primaryimage"},"thumbnailUrl":"https:\/\/bialcon.pl\/blog\/wp-content\/uploads\/2025\/09\/Projekt-bez-nazwy-15.png","articleSection":["Porady Stylistki","Wszystkie wpisy"],"inLanguage":"pl-PL"},{"@type":"WebPage","@id":"https:\/\/bialcon.pl\/blog\/jak-wiazac-apaszke\/","url":"https:\/\/bialcon.pl\/blog\/jak-wiazac-apaszke\/","name":"Jak wi\u0105za\u0107 apaszk\u0119, \u017ceby wygl\u0105da\u0107 szykownie bez wysi\u0142ku? - Bialcon","isPartOf":{"@id":"https:\/\/bialcon.pl\/blog\/#website"},"primaryImageOfPage":{"@id":"https:\/\/bialcon.pl\/blog\/jak-wiazac-apaszke\/#primaryimage"},"image":{"@id":"https:\/\/bialcon.pl\/blog\/jak-wiazac-apaszke\/#primaryimage"},"thumbnailUrl":"https:\/\/bialcon.pl\/blog\/wp-content\/uploads\/2025\/09\/Projekt-bez-nazwy-15.png","datePublished":"2025-09-25T08:00:00+00:00","dateModified":"2025-11-24T13:17:59+00:00","author":{"@id":"https:\/\/bialcon.pl\/blog\/#\/schema\/person\/cbbe4ae2297c5abd7376399985d5fabb"},"description":"\u00a0Apaszka to niepozorny element garderoby, kt\u00f3ry potrafi zmieni\u0107 charakter ca\u0142ej stylizacji. Nie bez powodu m\u00f3wi si\u0119, \u017ce apaszka damska to kameleon mody.","breadcrumb":{"@id":"https:\/\/bialcon.pl\/blog\/jak-wiazac-apaszke\/#breadcrumb"},"inLanguage":"pl-PL","potentialAction":[{"@type":"ReadAction","target":["https:\/\/bialcon.pl\/blog\/jak-wiazac-apaszke\/"]}]},{"@type":"ImageObject","inLanguage":"pl-PL","@id":"https:\/\/bialcon.pl\/blog\/jak-wiazac-apaszke\/#primaryimage","url":"https:\/\/bialcon.pl\/blog\/wp-content\/uploads\/2025\/09\/Projekt-bez-nazwy-15.png","contentUrl":"https:\/\/bialcon.pl\/blog\/wp-content\/uploads\/2025\/09\/Projekt-bez-nazwy-15.png","width":960,"height":850,"caption":"Wizualizacja kobiety w fuksjowej, dopasowanej sukience midi z kr\u00f3tkim r\u0119kawem, z kolorow\u0105 jedwabn\u0105 apaszk\u0105 pod szyj\u0105"},{"@type":"BreadcrumbList","@id":"https:\/\/bialcon.pl\/blog\/jak-wiazac-apaszke\/#breadcrumb","itemListElement":[{"@type":"ListItem","position":1,"name":"Strona g\u0142\u00f3wna","item":"https:\/\/bialcon.pl\/blog\/"},{"@type":"ListItem","position":2,"name":"Porady Stylistki","item":"https:\/\/bialcon.pl\/blog\/porady-stylistki\/"},{"@type":"ListItem","position":3,"name":"Jak wi\u0105za\u0107 apaszk\u0119, \u017ceby wygl\u0105da\u0107 szykownie bez wysi\u0142ku?"}]},{"@type":"WebSite","@id":"https:\/\/bialcon.pl\/blog\/#website","url":"https:\/\/bialcon.pl\/blog\/","name":"bialcon.pl\/blog\/","description":"Fashion Blog w zasi\u0119gu Twojej r\u0119ki","potentialAction":[{"@type":"SearchAction","target":{"@type":"EntryPoint","urlTemplate":"https:\/\/bialcon.pl\/blog\/?s={search_term_string}"},"query-input":{"@type":"PropertyValueSpecification","valueRequired":true,"valueName":"search_term_string"}}],"inLanguage":"pl-PL"},{"@type":"Person","@id":"https:\/\/bialcon.pl\/blog\/#\/schema\/person\/cbbe4ae2297c5abd7376399985d5fabb","name":"Ma\u0142gorzata Brzezi\u0144ska","image":{"@type":"ImageObject","inLanguage":"pl-PL","@id":"https:\/\/secure.gravatar.com\/avatar\/3fc4a4cdba63586f503a5c5711e9b04d01ab1234b186b03e727ad902b6f4912d?s=96&d=mm&r=g","url":"https:\/\/secure.gravatar.com\/avatar\/3fc4a4cdba63586f503a5c5711e9b04d01ab1234b186b03e727ad902b6f4912d?s=96&d=mm&r=g","contentUrl":"https:\/\/secure.gravatar.com\/avatar\/3fc4a4cdba63586f503a5c5711e9b04d01ab1234b186b03e727ad902b6f4912d?s=96&d=mm&r=g","caption":"Ma\u0142gorzata Brzezi\u0144ska"},"description":"Autorka tre\u015bci z zakresu mody, urody i stylu \u017cycia. Tworzy artyku\u0142y i poradniki oparte na analizie trend\u00f3w oraz potrzeb u\u017cytkownik\u00f3w, \u0142\u0105cz\u0105c wiedz\u0119 z zakresu komunikacji marketingowej i praktyki contentowej. Specjalizuje si\u0119 w bran\u017cach fashion, beauty &amp; health oraz gourmet food, przygotowuj\u0105c tre\u015bci dopasowane do realnych sytuacji i wybor\u00f3w konsumenckich. Na co dzie\u0144 zajmuje si\u0119 r\u00f3wnie\u017c content marketingiem i SEO.","sameAs":["https:\/\/www.linkedin.com\/in\/gosia-brzezinska-827052b4\/"],"url":"https:\/\/bialcon.pl\/blog\/author\/brzezinska\/"}]}},"_links":{"self":[{"href":"https:\/\/bialcon.pl\/blog\/wp-json\/wp\/v2\/posts\/12427","targetHints":{"allow":["GET"]}}],"collection":[{"href":"https:\/\/bialcon.pl\/blog\/wp-json\/wp\/v2\/posts"}],"about":[{"href":"https:\/\/bialcon.pl\/blog\/wp-json\/wp\/v2\/types\/post"}],"author":[{"embeddable":true,"href":"https:\/\/bialcon.pl\/blog\/wp-json\/wp\/v2\/users\/10"}],"replies":[{"embeddable":true,"href":"https:\/\/bialcon.pl\/blog\/wp-json\/wp\/v2\/comments?post=12427"}],"version-history":[{"count":1,"href":"https:\/\/bialcon.pl\/blog\/wp-json\/wp\/v2\/posts\/12427\/revisions"}],"predecessor-version":[{"id":12429,"href":"https:\/\/bialcon.pl\/blog\/wp-json\/wp\/v2\/posts\/12427\/revisions\/12429"}],"wp:featuredmedia":[{"embeddable":true,"href":"https:\/\/bialcon.pl\/blog\/wp-json\/wp\/v2\/media\/12428"}],"wp:attachment":[{"href":"https:\/\/bialcon.pl\/blog\/wp-json\/wp\/v2\/media?parent=12427"}],"wp:term":[{"taxonomy":"category","embeddable":true,"href":"https:\/\/bialcon.pl\/blog\/wp-json\/wp\/v2\/categories?post=12427"},{"taxonomy":"post_tag","embeddable":true,"href":"https:\/\/bialcon.pl\/blog\/wp-json\/wp\/v2\/tags?post=12427"}],"curies":[{"name":"wp","href":"https:\/\/api.w.org\/{rel}","templated":true}]}}