{"id":12355,"date":"2025-09-18T10:00:00","date_gmt":"2025-09-18T08:00:00","guid":{"rendered":"https:\/\/bialcon.pl\/blog\/?p=12355"},"modified":"2026-04-16T11:19:43","modified_gmt":"2026-04-16T09:19:43","slug":"rozmowa-o-prace","status":"publish","type":"post","link":"https:\/\/bialcon.pl\/blog\/rozmowa-o-prace\/","title":{"rendered":"Jak si\u0119 ubra\u0107 na rozmow\u0119 o prac\u0119 \u2013 poradnik pierwszego wra\u017cenia"},"content":{"rendered":"<div id=\"ez-toc-container\" class=\"ez-toc-v2_0_82_2 counter-hierarchy ez-toc-counter ez-toc-custom ez-toc-container-direction\">\n<div class=\"ez-toc-title-container\"><p class=\"ez-toc-title\" style=\"cursor:inherit\">Spis Tre\u015bci<\/p>\n<\/div><nav><ul class='ez-toc-list ez-toc-list-level-1 ' ><li class='ez-toc-page-1 ez-toc-heading-level-2'><a class=\"ez-toc-link ez-toc-heading-1\" href=\"https:\/\/bialcon.pl\/blog\/rozmowa-o-prace\/#Glowne_zasady_dobierania_stroju_na_rozmowe_kwalifikacyjna\" >G\u0142\u00f3wne zasady dobierania stroju na rozmow\u0119 kwalifikacyjn\u0105<\/a><\/li><li class='ez-toc-page-1 ez-toc-heading-level-2'><a class=\"ez-toc-link ez-toc-heading-2\" href=\"https:\/\/bialcon.pl\/blog\/rozmowa-o-prace\/#Jak_sie_ubrac_na_rozmowe_o_prace_w_klasycznym_biurze\" >Jak si\u0119 ubra\u0107 na rozmow\u0119 o prac\u0119 w klasycznym biurze?<\/a><\/li><li class='ez-toc-page-1 ez-toc-heading-level-2'><a class=\"ez-toc-link ez-toc-heading-3\" href=\"https:\/\/bialcon.pl\/blog\/rozmowa-o-prace\/#Styl_smart_casual_%E2%80%93_idealny_wybor_w_branzy_kreatywnej\" >Styl smart casual \u2013 idealny wyb\u00f3r w bran\u017cy kreatywnej<\/a><\/li><li class='ez-toc-page-1 ez-toc-heading-level-2'><a class=\"ez-toc-link ez-toc-heading-4\" href=\"https:\/\/bialcon.pl\/blog\/rozmowa-o-prace\/#Jak_sie_ubrac_na_rozmowe_kwalifikacyjna_zdalna\" >Jak si\u0119 ubra\u0107 na rozmow\u0119 kwalifikacyjn\u0105 zdaln\u0105?<\/a><\/li><li class='ez-toc-page-1 ez-toc-heading-level-2'><a class=\"ez-toc-link ez-toc-heading-5\" href=\"https:\/\/bialcon.pl\/blog\/rozmowa-o-prace\/#Ubior_na_rozmowe_kwalifikacyjna_latem_i_zima\" >Ubi\u00f3r na rozmow\u0119 kwalifikacyjn\u0105 latem i zim\u0105<\/a><\/li><li class='ez-toc-page-1 ez-toc-heading-level-2'><a class=\"ez-toc-link ez-toc-heading-6\" href=\"https:\/\/bialcon.pl\/blog\/rozmowa-o-prace\/#Jak_ubrac_sie_na_rozmowe_gdy_nie_znasz_dress_codeu_firmy\" >Jak ubra\u0107 si\u0119 na rozmow\u0119, gdy nie znasz dress code&#8217;u firmy?<\/a><\/li><li class='ez-toc-page-1 ez-toc-heading-level-2'><a class=\"ez-toc-link ez-toc-heading-7\" href=\"https:\/\/bialcon.pl\/blog\/rozmowa-o-prace\/#Ubior_na_rozmowe_kwalifikacyjna_w_pracy_fizycznej\" >Ubi\u00f3r na rozmow\u0119 kwalifikacyjn\u0105 w pracy fizycznej<\/a><\/li><li class='ez-toc-page-1 ez-toc-heading-level-2'><a class=\"ez-toc-link ez-toc-heading-8\" href=\"https:\/\/bialcon.pl\/blog\/rozmowa-o-prace\/#Dodatki_i_akcesoria_%E2%80%93_jak_nie_przesadzic\" >Dodatki i akcesoria \u2013 jak nie przesadzi\u0107?<\/a><\/li><li class='ez-toc-page-1 ez-toc-heading-level-2'><a class=\"ez-toc-link ez-toc-heading-9\" href=\"https:\/\/bialcon.pl\/blog\/rozmowa-o-prace\/#Jak_sie_ubrac_na_rozmowe_kwalifikacyjna_gdy_aplikujesz_na_stanowisko_kierownicze\" >Jak si\u0119 ubra\u0107 na rozmow\u0119 kwalifikacyjn\u0105, gdy aplikujesz na stanowisko kierownicze?<\/a><\/li><li class='ez-toc-page-1 ez-toc-heading-level-2'><a class=\"ez-toc-link ez-toc-heading-10\" href=\"https:\/\/bialcon.pl\/blog\/rozmowa-o-prace\/#Ubior_a_psychologia_%E2%80%93_jak_stroj_wplywa_na_pewnosc_siebie\" >Ubi\u00f3r a psychologia \u2013 jak str\u00f3j wp\u0142ywa na pewno\u015b\u0107 siebie?<\/a><\/li><li class='ez-toc-page-1 ez-toc-heading-level-2'><a class=\"ez-toc-link ez-toc-heading-11\" href=\"https:\/\/bialcon.pl\/blog\/rozmowa-o-prace\/#Stroj_na_rozmowe_kwalifikacyjna_a_kultura_branzy\" >Str\u00f3j na rozmow\u0119 kwalifikacyjn\u0105 a kultura bran\u017cy<\/a><\/li><li class='ez-toc-page-1 ez-toc-heading-level-2'><a class=\"ez-toc-link ez-toc-heading-12\" href=\"https:\/\/bialcon.pl\/blog\/rozmowa-o-prace\/#Dlaczego_stroj_decyduje_o_pierwszego_wrazenia\" >Dlaczego str\u00f3j decyduje o pierwszego wra\u017cenia?<\/a><\/li><li class='ez-toc-page-1 ez-toc-heading-level-2'><a class=\"ez-toc-link ez-toc-heading-13\" href=\"https:\/\/bialcon.pl\/blog\/rozmowa-o-prace\/#Najczestsze_bledy_ktorych_warto_unikac\" >Najcz\u0119stsze b\u0142\u0119dy, kt\u00f3rych warto unika\u0107<\/a><\/li><li class='ez-toc-page-1 ez-toc-heading-level-2'><a class=\"ez-toc-link ez-toc-heading-14\" href=\"https:\/\/bialcon.pl\/blog\/rozmowa-o-prace\/#Podsumowanie_%E2%80%93_jak_sie_ubrac_na_rozmowe_i_zrobic_dobre_pierwsze_wrazenie\" >Podsumowanie \u2013 jak si\u0119 ubra\u0107 na rozmow\u0119 i zrobi\u0107 dobre pierwsze wra\u017cenie?<\/a><\/li><li class='ez-toc-page-1 ez-toc-heading-level-2'><a class=\"ez-toc-link ez-toc-heading-15\" href=\"https:\/\/bialcon.pl\/blog\/rozmowa-o-prace\/#FAQ\" >FAQ<\/a><\/li><\/ul><\/nav><\/div>\n\n<p>&nbsp;Rozmowa kwalifikacyjna to moment, w kt\u00f3rym Twoje CV o\u017cywa. To czas, kiedy masz szans\u0119 pokaza\u0107 nie tylko swoje kompetencje, lecz tak\u017ce styl ubioru i osobowo\u015b\u0107. Wielu kandydat\u00f3w skupia si\u0119 wy\u0142\u0105cznie na przygotowaniu merytorycznym, zapominaj\u0105c, \u017ce str\u00f3j na rozmow\u0119 kwalifikacyjn\u0105 odgrywa r\u00f3wnie wa\u017cn\u0105 rol\u0119. W ko\u0144cu \u2013 jak m\u00f3wi przys\u0142owie \u2013 <em>\u201ejak ci\u0119 widz\u0105, tak ci\u0119 pisz\u0105\u201d<\/em>.<\/p>\n\n\n\n<p>Je\u015bli dobierzesz dobrze str\u00f3j mo\u017cesz zrobi\u0107 dobre wra\u017cenie, podkre\u015bli\u0107 profesjonalizm i zwi\u0119kszy\u0107 swoje szanse na zdobycie wymarzonego stanowiska. Nie chodzi o to, by by\u0107 ubranym zbyt elegancko czy przesadnie modnie \u2013 najwa\u017cniejsze to dopasowa\u0107 si\u0119 do sytuacji, dress code&#8217;u i charakteru firmy.<\/p>\n\n\n\n<p>W tym poradniku przedstawiamy g\u0142\u00f3wne zasady dobierania stroju na r\u00f3\u017cne okazje \u2013 od biura i stanowisk kierowniczych, przez bran\u017c\u0119 kreatywn\u0105, po rozmow\u0119 kwalifikacyjn\u0105 zdaln\u0105 czy rozmow\u0119 o prac\u0119 w zawodzie wymagaj\u0105cym wysi\u0142ku fizycznego.<\/p>\n\n\n\r\n<div class=\"product-block-container swiper mySwiperProductBlock\">\r\n    <div class=\"product-block-swiper swiper-wrapper\">\r\n                    <div class=\"swiper-slide product-block-item\" data-id=\"147506\">\r\n                <a href=\"https:\/\/bialcon.pl\/codzienne-wygodne-spodnie-z-brazowej-dzianiny?utm_source=blog&utm_medium=nowosci&utm_campaign=180925\" class=\"product-block-url\" target=\"_blank\">\r\n                    <div class=\"product-block-image\">\r\n                        <img decoding=\"async\" width=\"300\" height=\"400\" src=\"https:\/\/bialcon.pl\/picture\/codzienne-wygodne-spodnie-z-brazowej-dzianiny_7.jpg\" alt=\"Codzienne wygodne spodnie z br\u0105zowej dzianiny\">\r\n                    <\/div>\r\n                    <div class=\"product-block-name\">\r\n                        <p>Codzienne wygodne spodnie z br\u0105zowej dzianiny<\/p>\r\n                    <\/div>\r\n                <\/a>\r\n            <\/div>\r\n                    <div class=\"swiper-slide product-block-item\" data-id=\"147512\">\r\n                <a href=\"https:\/\/bialcon.pl\/garniturowe-spodnie-dzwony-w-eleganckim-stylu?utm_source=blog&utm_medium=nowosci&utm_campaign=180925\" class=\"product-block-url\" target=\"_blank\">\r\n                    <div class=\"product-block-image\">\r\n                        <img decoding=\"async\" width=\"300\" height=\"400\" src=\"https:\/\/bialcon.pl\/picture\/garniturowe-spodnie-dzwony-w-eleganckim-stylu_1.jpg\" alt=\"Garniturowe spodnie dzwony w eleganckim stylu\">\r\n                    <\/div>\r\n                    <div class=\"product-block-name\">\r\n                        <p>Garniturowe spodnie dzwony w eleganckim stylu<\/p>\r\n                    <\/div>\r\n                <\/a>\r\n            <\/div>\r\n                    <div class=\"swiper-slide product-block-item\" data-id=\"147516\">\r\n                <a href=\"https:\/\/bialcon.pl\/taliowana-pastelowa-marynarka-z-delikatnymi-poduszkami?utm_source=blog&utm_medium=nowosci&utm_campaign=180925\" class=\"product-block-url\" target=\"_blank\">\r\n                    <div class=\"product-block-image\">\r\n                        <img decoding=\"async\" width=\"300\" height=\"400\" src=\"https:\/\/bialcon.pl\/picture\/taliowana-pastelowa-marynarka-z-delikatnymi-poduszkami_4.jpg\" alt=\"Taliowana pastelowa marynarka z delikatnymi poduszkami\">\r\n                    <\/div>\r\n                    <div class=\"product-block-name\">\r\n                        <p>Taliowana pastelowa marynarka z delikatnymi poduszkami<\/p>\r\n                    <\/div>\r\n                <\/a>\r\n            <\/div>\r\n            <\/div>\r\n<\/div>\r\n\n\n\n\n<h2 class=\"wp-block-heading\"><span class=\"ez-toc-section\" id=\"Glowne_zasady_dobierania_stroju_na_rozmowe_kwalifikacyjna\"><\/span>G\u0142\u00f3wne zasady dobierania stroju na rozmow\u0119 kwalifikacyjn\u0105<span class=\"ez-toc-section-end\"><\/span><\/h2>\n\n\n\n<p>Niezale\u017cnie od bran\u017cy, kilka regu\u0142 zawsze pozostaje aktualnych:<\/p>\n\n\n\n<ul class=\"wp-block-list\">\n<li><strong>Wygl\u0105da\u0107 profesjonalnie<\/strong> \u2013 Tw\u00f3j ubi\u00f3r na rozmow\u0119 kwalifikacyjn\u0105 powinien by\u0107 schludny i starannie dobrany.<\/li>\n\n\n\n<li><strong>Stonowane kolory<\/strong> \u2013 biel, b\u0142\u0119kit, granat, szaro\u015b\u0107 czy pastelowe odcienie sprawdzaj\u0105 si\u0119 najlepiej.<\/li>\n\n\n\n<li><strong>Odpowiednie elementy garderoby<\/strong> \u2013 koszula, marynarka, eleganckie spodnie lub sp\u00f3dnica o\u0142\u00f3wkowa to klasyka, kt\u00f3r\u0105 doceni ka\u017cdy rekruter.<\/li>\n\n\n\n<li><strong>Zwr\u00f3\u0107 uwag\u0119 na detale<\/strong> \u2013 eleganckie buty, czyste w\u0142osy, subtelne dodatki, w przypadku m\u0119\u017cczyzn np. spinki do mankiet\u00f3w.<\/li>\n\n\n\n<li><strong>Komfort i pewno\u015b\u0107 siebie<\/strong> \u2013 w ubraniu musisz czu\u0107 si\u0119 swobodnie, bo tylko wtedy zdo\u0142asz osi\u0105gn\u0105\u0107 sukces i wypa\u015b\u0107 naturalnie.<\/li>\n<\/ul>\n\n\n\n<p>Pami\u0119taj, dobry str\u00f3j podkre\u015bla profesjonalizm i pewno\u015b\u0107 siebie. Warto postawi\u0107 na klasyk\u0119 i dopasowa\u0107 j\u0105 do charakteru firmy.<\/p>\n\n\n\n<h2 class=\"wp-block-heading\"><span class=\"ez-toc-section\" id=\"Jak_sie_ubrac_na_rozmowe_o_prace_w_klasycznym_biurze\"><\/span>Jak si\u0119 ubra\u0107 na rozmow\u0119 o prac\u0119 w klasycznym biurze?<span class=\"ez-toc-section-end\"><\/span><\/h2>\n\n\n\n<p>Je\u015bli dress code obowi\u0105zuje i firma ma charakter korporacyjny, najlepiej postaw na elegancki ubi\u00f3r.<\/p>\n\n\n\n<ul class=\"wp-block-list\">\n<li>koszula w jasnym kolorze (unikaj bluzek z g\u0142\u0119bokiego dekoltu czy kr\u00f3tkim r\u0119kawem),<\/li>\n\n\n\n<li>marynarka,<\/li>\n\n\n\n<li>eleganckie spodnie lub sp\u00f3dnica o\u0142\u00f3wkowa,<\/li>\n\n\n\n<li>eleganckie pantofle na \u015brednim obcasie (unikaj wyzywaj\u0105cych szpilek).<\/li>\n<\/ul>\n\n\n\n<p>To str\u00f3j biznesowy, kt\u00f3ry nigdy nie b\u0119dzie faux pas. Lepiej ubra\u0107 si\u0119 na rozmow\u0119 nieco bardziej formalnie ni\u017c za ma\u0142o elegancko.<\/p>\n\n\n\r\n<div class=\"product-block-container swiper mySwiperProductBlock\">\r\n    <div class=\"product-block-swiper swiper-wrapper\">\r\n                    <div class=\"swiper-slide product-block-item\" data-id=\"146366\">\r\n                <a href=\"https:\/\/bialcon.pl\/bawelniana-biala-koszula-o-prostym-luznym-kroju?utm_source=blog&utm_medium=nowosci&utm_campaign=180925\" class=\"product-block-url\" target=\"_blank\">\r\n                    <div class=\"product-block-image\">\r\n                        <img decoding=\"async\" width=\"300\" height=\"400\" src=\"https:\/\/bialcon.pl\/picture\/bawelniana-biala-koszula-o-prostym-luznym-kroju.jpg\" alt=\"Bawe\u0142niana bia\u0142a koszula o prostym lu\u017anym kroju\">\r\n                    <\/div>\r\n                    <div class=\"product-block-name\">\r\n                        <p>Bawe\u0142niana bia\u0142a koszula o prostym lu\u017anym kroju<\/p>\r\n                    <\/div>\r\n                <\/a>\r\n            <\/div>\r\n                    <div class=\"swiper-slide product-block-item\" data-id=\"146446\">\r\n                <a href=\"https:\/\/bialcon.pl\/elegancka-biala-koszula-z-zabotem?utm_source=blog&utm_medium=nowosci&utm_campaign=180925\" class=\"product-block-url\" target=\"_blank\">\r\n                    <div class=\"product-block-image\">\r\n                        <img decoding=\"async\" width=\"300\" height=\"400\" src=\"https:\/\/bialcon.pl\/picture\/elegancka-biala-koszula-z-zabotem_5.jpg\" alt=\"Elegancka bia\u0142a koszula z \u017cabotem\">\r\n                    <\/div>\r\n                    <div class=\"product-block-name\">\r\n                        <p>Elegancka bia\u0142a koszula z \u017cabotem<\/p>\r\n                    <\/div>\r\n                <\/a>\r\n            <\/div>\r\n                    <div class=\"swiper-slide product-block-item\" data-id=\"146231\">\r\n                <a href=\"https:\/\/bialcon.pl\/biala-dluga-koszula-z-oryginalnym-paskiem?utm_source=blog&utm_medium=nowosci&utm_campaign=180925\" class=\"product-block-url\" target=\"_blank\">\r\n                    <div class=\"product-block-image\">\r\n                        <img decoding=\"async\" width=\"300\" height=\"400\" src=\"https:\/\/bialcon.pl\/picture\/biala-dluga-koszula-z-oryginalnym-paskiem_1.jpg\" alt=\"Bia\u0142a d\u0142uga koszula z oryginalnym paskiem\">\r\n                    <\/div>\r\n                    <div class=\"product-block-name\">\r\n                        <p>Bia\u0142a d\u0142uga koszula z oryginalnym paskiem<\/p>\r\n                    <\/div>\r\n                <\/a>\r\n            <\/div>\r\n            <\/div>\r\n<\/div>\r\n\n\n\n\n<h2 class=\"wp-block-heading\"><span class=\"ez-toc-section\" id=\"Styl_smart_casual_%E2%80%93_idealny_wybor_w_branzy_kreatywnej\"><\/span>Styl smart casual \u2013 idealny wyb\u00f3r w bran\u017cy kreatywnej<span class=\"ez-toc-section-end\"><\/span><\/h2>\n\n\n\n<p>Je\u017celi chcesz pracowa\u0107 w bran\u017cy kreatywnej, np. w agencji reklamowej czy start-upie IT, dress code jest zwykle lu\u017aniejszy. Tu sprawdza si\u0119 styl smart casual, czyli balans mi\u0119dzy elegancj\u0105 a swobod\u0105.<\/p>\n\n\n\n<p>Mo\u017cesz postawi\u0107 na minimalistyczn\u0105 sukienk\u0119 z marynark\u0105 albo jeansy i koszul\u0119. Delikatne dodatki podkre\u015bl\u0105 Twoj\u0105 osobowo\u015b\u0107, ale pami\u0119taj, by nie by\u0142y zbyt krzykliwe.<\/p>\n\n\n\n<p>Taki str\u00f3j pozwoli ci zrobi\u0107 dobre pierwsze wra\u017cenie \u2013 poka\u017ce profesjonalny wygl\u0105d i jednocze\u015bnie otwarto\u015b\u0107, kt\u00f3r\u0105 ceni si\u0119 na stanowisko kreatywne.<\/p>\n\n\n\n<h2 class=\"wp-block-heading\"><span class=\"ez-toc-section\" id=\"Jak_sie_ubrac_na_rozmowe_kwalifikacyjna_zdalna\"><\/span>Jak si\u0119 ubra\u0107 na rozmow\u0119 kwalifikacyjn\u0105 zdaln\u0105?<span class=\"ez-toc-section-end\"><\/span><\/h2>\n\n\n\n<p>Cho\u0107 rozmowa odbywa si\u0119 przez kamer\u0119, ubi\u00f3r na rozmow\u0119 kwalifikacyjn\u0105 online r\u00f3wnie\u017c ma znaczenie. Profesjonalizm kandydata ocenia si\u0119 tak samo, jak podczas spotkania w biurze.<\/p>\n\n\n\n<p>Postaw na elegancki str\u00f3j od pasa w g\u00f3r\u0119: koszula, marynarka lub elegancki top w stonowanych kolorach. Dzi\u0119ki temu b\u0119dziesz wygl\u0105da\u0107 profesjonalnie i podkre\u015blisz, \u017ce traktujesz rozmow\u0119 powa\u017cnie.<\/p>\n\n\n\n<p>Unikaj bluzek z g\u0142\u0119bokiego dekoltu, wyzywaj\u0105cych szpilek czy zbyt jaskrawych wzor\u00f3w \u2013 kamera dodatkowo je podkre\u015bla. Pami\u0119taj o tle i \u015bwietle, bo ca\u0142o\u015b\u0107 powinna tworzy\u0107 sp\u00f3jny obraz.<\/p>\n\n\n\r\n<div class=\"product-block-container swiper mySwiperProductBlock\">\r\n    <div class=\"product-block-swiper swiper-wrapper\">\r\n                    <div class=\"swiper-slide product-block-item\" data-id=\"147516\">\r\n                <a href=\"https:\/\/bialcon.pl\/taliowana-pastelowa-marynarka-z-delikatnymi-poduszkami?utm_source=blog&utm_medium=nowosci&utm_campaign=180925\" class=\"product-block-url\" target=\"_blank\">\r\n                    <div class=\"product-block-image\">\r\n                        <img decoding=\"async\" width=\"300\" height=\"400\" src=\"https:\/\/bialcon.pl\/picture\/taliowana-pastelowa-marynarka-z-delikatnymi-poduszkami_4.jpg\" alt=\"Taliowana pastelowa marynarka z delikatnymi poduszkami\">\r\n                    <\/div>\r\n                    <div class=\"product-block-name\">\r\n                        <p>Taliowana pastelowa marynarka z delikatnymi poduszkami<\/p>\r\n                    <\/div>\r\n                <\/a>\r\n            <\/div>\r\n                    <div class=\"swiper-slide product-block-item\" data-id=\"147542\">\r\n                <a href=\"https:\/\/bialcon.pl\/klasyczny-bezowy-zakiet-z-zapieciem-na-jeden-guzik?utm_source=blog&utm_medium=nowosci&utm_campaign=180925\" class=\"product-block-url\" target=\"_blank\">\r\n                    <div class=\"product-block-image\">\r\n                        <img decoding=\"async\" width=\"300\" height=\"400\" src=\"https:\/\/bialcon.pl\/picture\/klasyczny-bezowy-zakiet-z-zapieciem-na-jeden-guzik_3.jpg\" alt=\"Klasyczny be\u017cowy \u017cakiet z zapi\u0119ciem na jeden guzik\">\r\n                    <\/div>\r\n                    <div class=\"product-block-name\">\r\n                        <p>Klasyczny be\u017cowy \u017cakiet z zapi\u0119ciem na jeden guzik<\/p>\r\n                    <\/div>\r\n                <\/a>\r\n            <\/div>\r\n                    <div class=\"swiper-slide product-block-item\" data-id=\"147562\">\r\n                <a href=\"https:\/\/bialcon.pl\/klasyczny-smietankowy-zakiet-z-zapieciem-na-jeden-guzik?utm_source=blog&utm_medium=nowosci&utm_campaign=180925\" class=\"product-block-url\" target=\"_blank\">\r\n                    <div class=\"product-block-image\">\r\n                        <img decoding=\"async\" width=\"300\" height=\"400\" src=\"https:\/\/bialcon.pl\/picture\/klasyczny-smietankowy-zakiet-z-zapieciem-na-jeden-guzik_1.jpg\" alt=\"Klasyczny \u015bmietankowy \u017cakiet z zapi\u0119ciem na jeden guzik\">\r\n                    <\/div>\r\n                    <div class=\"product-block-name\">\r\n                        <p>Klasyczny \u015bmietankowy \u017cakiet z zapi\u0119ciem na jeden guzik<\/p>\r\n                    <\/div>\r\n                <\/a>\r\n            <\/div>\r\n            <\/div>\r\n<\/div>\r\n\n\n\n\n<h2 class=\"wp-block-heading\"><span class=\"ez-toc-section\" id=\"Ubior_na_rozmowe_kwalifikacyjna_latem_i_zima\"><\/span>Ubi\u00f3r na rozmow\u0119 kwalifikacyjn\u0105 latem i zim\u0105<span class=\"ez-toc-section-end\"><\/span><\/h2>\n\n\n\n<h3 class=\"wp-block-heading\">Rozmow\u0119 kwalifikacyjn\u0105 latem<\/h3>\n\n\n\n<p>Latem warto postawi\u0107 na lekkie materia\u0142y \u2013 bawe\u0142n\u0119, len, wiskoz\u0119. W przypadku kobiet sprawdzi si\u0119 koszula z cienkiej tkaniny i sp\u00f3dnica o\u0142\u00f3wkowa. Panowie mog\u0105 wybra\u0107 garnitur z l\u017cejszego materia\u0142u i koszul\u0119 w pastelowych odcieniach. Pami\u0119taj jednak, \u017ce nawet latem nie nale\u017cy i\u015b\u0107 w kr\u00f3tkim r\u0119kawem, chyba \u017ce dress code wyra\u017anie na to pozwala.<\/p>\n\n\n\n<h3 class=\"wp-block-heading\">Rozmow\u0119 kwalifikacyjn\u0105 zim\u0105<\/h3>\n\n\n\n<p>Zim\u0105 elegancki str\u00f3j biznesowy mo\u017cesz uzupe\u0142ni\u0107 o klasyczny p\u0142aszcz, szalik w stonowanym kolorze i eleganckie buty. Warto zwr\u00f3ci\u0107 uwag\u0119 na szczeg\u00f3\u0142y \u2013 niedopasowane obuwie zimowe mo\u017ce zepsu\u0107 ca\u0142y efekt<\/p>\n\n\n\r\n<div class=\"product-block-container swiper mySwiperProductBlock\">\r\n    <div class=\"product-block-swiper swiper-wrapper\">\r\n                    <div class=\"swiper-slide product-block-item\" data-id=\"147601\">\r\n                <a href=\"https:\/\/bialcon.pl\/spodnica-olowkowa-w-kolorze-bezowym?utm_source=blog&utm_medium=nowosci&utm_campaign=180925\" class=\"product-block-url\" target=\"_blank\">\r\n                    <div class=\"product-block-image\">\r\n                        <img decoding=\"async\" width=\"300\" height=\"400\" src=\"https:\/\/bialcon.pl\/picture\/spodnica-olowkowa-w-kolorze-bezowym_3.jpg\" alt=\"Sp\u00f3dnica o\u0142\u00f3wkowa w kolorze be\u017cowym\">\r\n                    <\/div>\r\n                    <div class=\"product-block-name\">\r\n                        <p>Sp\u00f3dnica o\u0142\u00f3wkowa w kolorze be\u017cowym<\/p>\r\n                    <\/div>\r\n                <\/a>\r\n            <\/div>\r\n                    <div class=\"swiper-slide product-block-item\" data-id=\"147363\">\r\n                <a href=\"https:\/\/bialcon.pl\/dopasowana-spodnica-midi-z-rozporkiem-z-tylu?utm_source=blog&utm_medium=nowosci&utm_campaign=180925\" class=\"product-block-url\" target=\"_blank\">\r\n                    <div class=\"product-block-image\">\r\n                        <img decoding=\"async\" width=\"300\" height=\"400\" src=\"https:\/\/bialcon.pl\/picture\/dopasowana-spodnica-midi-z-rozporkiem-z-tylu_1.jpg\" alt=\"Dopasowana sp\u00f3dnica midi z rozporkiem z ty\u0142u\">\r\n                    <\/div>\r\n                    <div class=\"product-block-name\">\r\n                        <p>Dopasowana sp\u00f3dnica midi z rozporkiem z ty\u0142u<\/p>\r\n                    <\/div>\r\n                <\/a>\r\n            <\/div>\r\n                    <div class=\"swiper-slide product-block-item\" data-id=\"147484\">\r\n                <a href=\"https:\/\/bialcon.pl\/dopasowana-bezowa-spodnica-z-ozdobnymi-patkami?utm_source=blog&utm_medium=nowosci&utm_campaign=180925\" class=\"product-block-url\" target=\"_blank\">\r\n                    <div class=\"product-block-image\">\r\n                        <img decoding=\"async\" width=\"300\" height=\"400\" src=\"https:\/\/bialcon.pl\/picture\/dopasowana-bezowa-spodnica-z-ozdobnymi-patkami.jpg\" alt=\"Dopasowana be\u017cowa sp\u00f3dnica z ozdobnymi patkami\">\r\n                    <\/div>\r\n                    <div class=\"product-block-name\">\r\n                        <p>Dopasowana be\u017cowa sp\u00f3dnica z ozdobnymi patkami<\/p>\r\n                    <\/div>\r\n                <\/a>\r\n            <\/div>\r\n            <\/div>\r\n<\/div>\r\n\n\n\n\n<h2 class=\"wp-block-heading\"><span class=\"ez-toc-section\" id=\"Jak_ubrac_sie_na_rozmowe_gdy_nie_znasz_dress_codeu_firmy\"><\/span>Jak ubra\u0107 si\u0119 na rozmow\u0119, gdy nie znasz dress code&#8217;u firmy?<span class=\"ez-toc-section-end\"><\/span><\/h2>\n\n\n\n<p>Je\u015bli nie wiesz, jaki styl ubioru obowi\u0105zuje, wybierz uniwersalny elegancki str\u00f3j.<\/p>\n\n\n\n<p>Dobrze skrojone eleganckie spodnie, koszula w pastelowych odcieniach i ciemne eleganckie pantofle sprawdz\u0105 si\u0119 w ka\u017cdej sytuacji. W przypadku kobiet dodatkowo marynarka lub delikatny kardigan, w przypadku m\u0119\u017cczyzn \u2013 krawat i elegancki garnitur.<\/p>\n\n\n\n<p>Pami\u0119taj, lepiej by\u0107 ubranym zbyt elegancko ni\u017c za ma\u0142o profesjonalnie. Dzi\u0119ki temu unikniesz faux pas i poka\u017cesz, \u017ce potrafisz dopasowa\u0107 si\u0119 do sytuacji.<\/p>\n\n\n\n<h2 class=\"wp-block-heading\"><span class=\"ez-toc-section\" id=\"Ubior_na_rozmowe_kwalifikacyjna_w_pracy_fizycznej\"><\/span>Ubi\u00f3r na rozmow\u0119 kwalifikacyjn\u0105 w pracy fizycznej<span class=\"ez-toc-section-end\"><\/span><\/h2>\n\n\n\n<p>Je\u015bli ubiegasz si\u0119 o stanowisko w pracy fizycznej, dress code bywa mniej formalny. Tu elegancki garnitur nie jest konieczny, ale nadal warto postawi\u0107 na schludny wygl\u0105d.<\/p>\n\n\n\n<p>Wystarczy elegancki ubi\u00f3r w prostym wydaniu: czyste jeansy, koszula, w przypadku m\u0119\u017cczyzn \u2013 eleganckie buty, w przypadku kobiet \u2013 stonowane baleriny. Pami\u0119taj, aby nadal wygl\u0105da\u0107 profesjonalnie \u2013 str\u00f3j podkre\u015bla profesjonalizm, nawet je\u015bli charakteru firmy nie cechuje korporacyjna elegancja.<\/p>\n\n\n\r\n<div class=\"product-block-container swiper mySwiperProductBlock\">\r\n    <div class=\"product-block-swiper swiper-wrapper\">\r\n                    <div class=\"swiper-slide product-block-item\" data-id=\"147512\">\r\n                <a href=\"https:\/\/bialcon.pl\/garniturowe-spodnie-dzwony-w-eleganckim-stylu?utm_source=blog&utm_medium=nowosci&utm_campaign=180925\" class=\"product-block-url\" target=\"_blank\">\r\n                    <div class=\"product-block-image\">\r\n                        <img decoding=\"async\" width=\"300\" height=\"400\" src=\"https:\/\/bialcon.pl\/picture\/garniturowe-spodnie-dzwony-w-eleganckim-stylu_1.jpg\" alt=\"Garniturowe spodnie dzwony w eleganckim stylu\">\r\n                    <\/div>\r\n                    <div class=\"product-block-name\">\r\n                        <p>Garniturowe spodnie dzwony w eleganckim stylu<\/p>\r\n                    <\/div>\r\n                <\/a>\r\n            <\/div>\r\n                    <div class=\"swiper-slide product-block-item\" data-id=\"147551\">\r\n                <a href=\"https:\/\/bialcon.pl\/eleganckie-garniturowe-spodnie-w-kolorze-ecru?utm_source=blog&utm_medium=nowosci&utm_campaign=180925\" class=\"product-block-url\" target=\"_blank\">\r\n                    <div class=\"product-block-image\">\r\n                        <img decoding=\"async\" width=\"300\" height=\"400\" src=\"https:\/\/bialcon.pl\/picture\/eleganckie-garniturowe-spodnie-w-kolorze-ecru_1.jpg\" alt=\"Eleganckie garniturowe spodnie w kolorze ecru\">\r\n                    <\/div>\r\n                    <div class=\"product-block-name\">\r\n                        <p>Eleganckie garniturowe spodnie w kolorze ecru<\/p>\r\n                    <\/div>\r\n                <\/a>\r\n            <\/div>\r\n                    <div class=\"swiper-slide product-block-item\" data-id=\"147558\">\r\n                <a href=\"https:\/\/bialcon.pl\/oliwkowe-spodnie-w-kant-z-wiskozy-i-lnu?utm_source=blog&utm_medium=nowosci&utm_campaign=180925\" class=\"product-block-url\" target=\"_blank\">\r\n                    <div class=\"product-block-image\">\r\n                        <img decoding=\"async\" width=\"300\" height=\"400\" src=\"https:\/\/bialcon.pl\/picture\/oliwkowe-spodnie-w-kant-z-wiskozy-i-lnu_2.jpg\" alt=\"Oliwkowe spodnie w kant z wiskozy i lnu\">\r\n                    <\/div>\r\n                    <div class=\"product-block-name\">\r\n                        <p>Oliwkowe spodnie w kant z wiskozy i lnu<\/p>\r\n                    <\/div>\r\n                <\/a>\r\n            <\/div>\r\n            <\/div>\r\n<\/div>\r\n\n\n\n\n<h2 class=\"wp-block-heading\"><span class=\"ez-toc-section\" id=\"Dodatki_i_akcesoria_%E2%80%93_jak_nie_przesadzic\"><\/span>Dodatki i akcesoria \u2013 jak nie przesadzi\u0107?<span class=\"ez-toc-section-end\"><\/span><\/h2>\n\n\n\n<p>Ubi\u00f3r na rozmow\u0119 kwalifikacyjn\u0105 to nie tylko koszula, marynarka czy eleganckie spodnie. Ogromne znaczenie maj\u0105 dodatki. Warto zwr\u00f3ci\u0107 uwag\u0119, by by\u0142y one sp\u00f3jne ze strojem i nie odwraca\u0142y uwagi od Twoich kompetencji.<\/p>\n\n\n\n<p>Subtelna bi\u017cuteria, ma\u0142a torebka w stonowanych kolorach i eleganckie pantofle na \u015brednim obcasie. Warto unika\u0107 wyzywaj\u0105cych szpilek czy przesadnie du\u017cych kolczyk\u00f3w.<\/p>\n\n\n\n<p>Pami\u0119taj, \u017ce dodatki maj\u0105 tylko uzupe\u0142nia\u0107 styl ubioru, a nie dominowa\u0107 nad nim. Dzi\u0119ki temu \u0142atwiej b\u0119dzie Ci zrobi\u0107 dobre pierwsze wra\u017cenie i wygl\u0105da\u0107 profesjonalnie.<\/p>\n\n\n\r\n<div class=\"product-block-container swiper mySwiperProductBlock\">\r\n    <div class=\"product-block-swiper swiper-wrapper\">\r\n                    <div class=\"swiper-slide product-block-item\" data-id=\"147797\">\r\n                <a href=\"https:\/\/bialcon.pl\/duza-skorzana-brazowa-torba-na-co-dzien?utm_source=blog&utm_medium=nowosci&utm_campaign=180925\" class=\"product-block-url\" target=\"_blank\">\r\n                    <div class=\"product-block-image\">\r\n                        <img decoding=\"async\" width=\"300\" height=\"400\" src=\"https:\/\/bialcon.pl\/picture\/duza-skorzana-brazowa-torba-na-co-dzien.jpg\" alt=\"Du\u017ca sk\u00f3rzana br\u0105zowa torba na co dzie\u0144\">\r\n                    <\/div>\r\n                    <div class=\"product-block-name\">\r\n                        <p>Du\u017ca sk\u00f3rzana br\u0105zowa torba na co dzie\u0144<\/p>\r\n                    <\/div>\r\n                <\/a>\r\n            <\/div>\r\n                    <div class=\"swiper-slide product-block-item\" data-id=\"147798\">\r\n                <a href=\"https:\/\/bialcon.pl\/duza-skorzana-bezowa-torba-na-co-dzien?utm_source=blog&utm_medium=nowosci&utm_campaign=180925\" class=\"product-block-url\" target=\"_blank\">\r\n                    <div class=\"product-block-image\">\r\n                        <img decoding=\"async\" width=\"300\" height=\"400\" src=\"https:\/\/bialcon.pl\/picture\/torba-m8044-bezowy-karen.jpg\" alt=\"Du\u017ca sk\u00f3rzana be\u017cowa torba na co dzie\u0144\">\r\n                    <\/div>\r\n                    <div class=\"product-block-name\">\r\n                        <p>Du\u017ca sk\u00f3rzana be\u017cowa torba na co dzie\u0144<\/p>\r\n                    <\/div>\r\n                <\/a>\r\n            <\/div>\r\n                    <div class=\"swiper-slide product-block-item\" data-id=\"147799\">\r\n                <a href=\"https:\/\/bialcon.pl\/karmelowa-torebka-z-wysokogatunkowej-skory-naturalnej?utm_source=blog&utm_medium=nowosci&utm_campaign=180925\" class=\"product-block-url\" target=\"_blank\">\r\n                    <div class=\"product-block-image\">\r\n                        <img decoding=\"async\" width=\"300\" height=\"400\" src=\"https:\/\/bialcon.pl\/picture\/torba-k772-bis-bezowy-karen_3.webp\" alt=\"Karmelowa torebka z wysokogatunkowej sk\u00f3ry naturalnej\">\r\n                    <\/div>\r\n                    <div class=\"product-block-name\">\r\n                        <p>Karmelowa torebka z wysokogatunkowej sk\u00f3ry naturalnej<\/p>\r\n                    <\/div>\r\n                <\/a>\r\n            <\/div>\r\n            <\/div>\r\n<\/div>\r\n\n\n\n\n<h2 class=\"wp-block-heading\"><span class=\"ez-toc-section\" id=\"Jak_sie_ubrac_na_rozmowe_kwalifikacyjna_gdy_aplikujesz_na_stanowisko_kierownicze\"><\/span>Jak si\u0119 ubra\u0107 na rozmow\u0119 kwalifikacyjn\u0105, gdy aplikujesz na stanowisko kierownicze?<span class=\"ez-toc-section-end\"><\/span><\/h2>\n\n\n\n<p>Na stanowisko kierownicze warto wybra\u0107 <strong>elegancki str\u00f3j biznesowy<\/strong> podkre\u015blaj\u0105cy powag\u0119 i odpowiedzialno\u015b\u0107. Tutaj dress code obowi\u0105zuje niemal zawsze \u2013 rekruterzy oczekuj\u0105 od przysz\u0142ych lider\u00f3w nienagannej prezentacji.<\/p>\n\n\n\n<ul class=\"wp-block-list\">\n<li>elegancka garsonka lub marynarka i sp\u00f3dnica o\u0142\u00f3wkowa,<\/li>\n\n\n\n<li>koszula w pastelowych odcieniach,<\/li>\n\n\n\n<li>eleganckie pantofle lub cz\u00f3\u0142enka na \u015brednim obcasie,<\/li>\n\n\n\n<li>minimalistyczne dodatki, kt\u00f3re pokazuj\u0105 klas\u0119.<\/li>\n<\/ul>\n\n\n\n<p>Taki elegancki str\u00f3j podkre\u015bla profesjonalizm i pewno\u015b\u0107 siebie. Rekruterzy, zw\u0142aszcza na wy\u017csze stanowiska, cz\u0119sto oceniaj\u0105 kandydat\u00f3w r\u00f3wnie\u017c przez pryzmat tego, czy potrafi\u0105 wygl\u0105da\u0107 profesjonalnie w ka\u017cdej sytuacji.<\/p>\n\n\n\n<h2 class=\"wp-block-heading\"><span class=\"ez-toc-section\" id=\"Ubior_a_psychologia_%E2%80%93_jak_stroj_wplywa_na_pewnosc_siebie\"><\/span>Ubi\u00f3r a psychologia \u2013 jak str\u00f3j wp\u0142ywa na pewno\u015b\u0107 siebie?<span class=\"ez-toc-section-end\"><\/span><\/h2>\n\n\n\n<p>Naukowcy wielokrotnie podkre\u015blaj\u0105, \u017ce odpowiedniego stroju nie mo\u017cna bagatelizowa\u0107 \u2013 wp\u0142ywa on nie tylko na to, jak odbieraj\u0105 Ci\u0119 inni, ale tak\u017ce na Twoje w\u0142asne samopoczucie.<\/p>\n\n\n\n<ul class=\"wp-block-list\">\n<li>W dobrze dopasowanej marynarce \u0142atwiej poczu\u0107 pewno\u015b\u0107 siebie i profesjonalizm kandydata.<\/li>\n\n\n\n<li>Elegancki ubi\u00f3r sprawia, \u017ce nasza postawa staje si\u0119 bardziej wyprostowana, a ton g\u0142osu \u2013 pewniejszy.<\/li>\n\n\n\n<li>Warto postawi\u0107 na ubrania, kt\u00f3re lubimy \u2013 dzi\u0119ki temu wygl\u0105damy naturalnie i \u0142atwiej osi\u0105gn\u0105\u0107 sukces w rozmowie.<\/li>\n<\/ul>\n\n\n\n<p>Dzi\u0119ki temu, \u017ce ubi\u00f3r dzia\u0142a tak\u017ce psychologicznie, mo\u017cesz przygotowa\u0107 si\u0119 nie tylko merytorycznie, lecz r\u00f3wnie\u017c mentalnie. To prosty spos\u00f3b, by zrobi\u0107 dobre wra\u017cenie i podkre\u015bli\u0107 swoj\u0105 gotowo\u015b\u0107 do pracy.<\/p>\n\n\n\r\n<div class=\"product-block-container swiper mySwiperProductBlock\">\r\n    <div class=\"product-block-swiper swiper-wrapper\">\r\n                    <div class=\"swiper-slide product-block-item\" data-id=\"147542\">\r\n                <a href=\"https:\/\/bialcon.pl\/klasyczny-bezowy-zakiet-z-zapieciem-na-jeden-guzik?utm_source=blog&utm_medium=nowosci&utm_campaign=180925\" class=\"product-block-url\" target=\"_blank\">\r\n                    <div class=\"product-block-image\">\r\n                        <img decoding=\"async\" width=\"300\" height=\"400\" src=\"https:\/\/bialcon.pl\/picture\/klasyczny-bezowy-zakiet-z-zapieciem-na-jeden-guzik_3.jpg\" alt=\"Klasyczny be\u017cowy \u017cakiet z zapi\u0119ciem na jeden guzik\">\r\n                    <\/div>\r\n                    <div class=\"product-block-name\">\r\n                        <p>Klasyczny be\u017cowy \u017cakiet z zapi\u0119ciem na jeden guzik<\/p>\r\n                    <\/div>\r\n                <\/a>\r\n            <\/div>\r\n                    <div class=\"swiper-slide product-block-item\" data-id=\"147562\">\r\n                <a href=\"https:\/\/bialcon.pl\/klasyczny-smietankowy-zakiet-z-zapieciem-na-jeden-guzik?utm_source=blog&utm_medium=nowosci&utm_campaign=180925\" class=\"product-block-url\" target=\"_blank\">\r\n                    <div class=\"product-block-image\">\r\n                        <img decoding=\"async\" width=\"300\" height=\"400\" src=\"https:\/\/bialcon.pl\/picture\/klasyczny-smietankowy-zakiet-z-zapieciem-na-jeden-guzik_1.jpg\" alt=\"Klasyczny \u015bmietankowy \u017cakiet z zapi\u0119ciem na jeden guzik\">\r\n                    <\/div>\r\n                    <div class=\"product-block-name\">\r\n                        <p>Klasyczny \u015bmietankowy \u017cakiet z zapi\u0119ciem na jeden guzik<\/p>\r\n                    <\/div>\r\n                <\/a>\r\n            <\/div>\r\n                    <div class=\"swiper-slide product-block-item\" data-id=\"147580\">\r\n                <a href=\"https:\/\/bialcon.pl\/zakiet-ecru-z-zapieciem-na-haftke-i-rekawem-78?utm_source=blog&utm_medium=nowosci&utm_campaign=180925\" class=\"product-block-url\" target=\"_blank\">\r\n                    <div class=\"product-block-image\">\r\n                        <img decoding=\"async\" width=\"300\" height=\"400\" src=\"https:\/\/bialcon.pl\/picture\/zakiet-ecru-z-zapieciem-na-haftke-i-rekawem-78_1.jpg\" alt=\"\u017bakiet ecru z zapi\u0119ciem na haftk\u0119 i r\u0119kawem 7\/8\">\r\n                    <\/div>\r\n                    <div class=\"product-block-name\">\r\n                        <p>\u017bakiet ecru z zapi\u0119ciem na haftk\u0119 i r\u0119kawem 7\/8<\/p>\r\n                    <\/div>\r\n                <\/a>\r\n            <\/div>\r\n            <\/div>\r\n<\/div>\r\n\n\n\n\n<h2 class=\"wp-block-heading\"><span class=\"ez-toc-section\" id=\"Stroj_na_rozmowe_kwalifikacyjna_a_kultura_branzy\"><\/span>Str\u00f3j na rozmow\u0119 kwalifikacyjn\u0105 a kultura bran\u017cy<span class=\"ez-toc-section-end\"><\/span><\/h2>\n\n\n\n<p>Ka\u017cda bran\u017ca ma swoje zasady, a ubi\u00f3r na rozmow\u0119 kwalifikacyjn\u0105 powinien je odzwierciedla\u0107.<\/p>\n\n\n\n<ul class=\"wp-block-list\">\n<li><strong>Bran\u017ca kreatywna<\/strong> \u2013 styl smart casual, mo\u017cesz postawi\u0107 na oryginalne dodatki, ale pami\u0119taj, by wygl\u0105da\u0107 profesjonalnie.<\/li>\n\n\n\n<li><strong>Stanowisko kierownicze<\/strong> \u2013 elegancki str\u00f3j biznesowy jest obowi\u0105zkowy, bo podkre\u015bla profesjonalizm i powag\u0119.<\/li>\n\n\n\n<li><strong>Praca fizyczna<\/strong> \u2013 tu liczy si\u0119 schludno\u015b\u0107, niekoniecznie garnitur. Wystarczy elegancki ubi\u00f3r w prostym wydaniu \u2013 koszula i czyste jeansy.<\/li>\n<\/ul>\n\n\n\n<p>Zwr\u00f3\u0107 uwag\u0119 na charakteru firmy \u2013 dzi\u0119ki temu unikniesz faux pas i poka\u017cesz, \u017ce rozumiesz specyfik\u0119 miejsca, w kt\u00f3rym chcesz pracowa\u0107.<\/p>\n\n\n\n<h2 class=\"wp-block-heading\"><span class=\"ez-toc-section\" id=\"Dlaczego_stroj_decyduje_o_pierwszego_wrazenia\"><\/span>Dlaczego str\u00f3j decyduje o pierwszego wra\u017cenia?<span class=\"ez-toc-section-end\"><\/span><\/h2>\n\n\n\n<p>Rozmow\u0119 kwalifikacyjn\u0105 mo\u017cna por\u00f3wna\u0107 do pierwszej randki \u2013 liczy si\u0119 nie tylko tre\u015b\u0107, ale i forma. Ubi\u00f3r to komunikat wysy\u0142any do rekrutera: \u201etraktuj\u0119 to spotkanie powa\u017cnie, chc\u0119 tu pracowa\u0107 i potrafi\u0119 dopasowa\u0107 si\u0119 do wymaga\u0144\u201d.<\/p>\n\n\n\n<p>Niew\u0142a\u015bciwy wyb\u00f3r stroju mo\u017ce sprawi\u0107, \u017ce nawet \u015bwietne CV nie uratuje pierwszego wra\u017cenia. Dlatego warto postawi\u0107 na elegancki ubi\u00f3r, kt\u00f3ry sprawi, \u017ce ju\u017c od progu b\u0119dziesz wygl\u0105da\u0107 jak idealny kandydat.<\/p>\n\n\n\r\n<div class=\"product-block-container swiper mySwiperProductBlock\">\r\n    <div class=\"product-block-swiper swiper-wrapper\">\r\n                    <div class=\"swiper-slide product-block-item\" data-id=\"147534\">\r\n                <a href=\"https:\/\/bialcon.pl\/klasyczna-wizytowa-sukienka-z-krotkim-rekawem?utm_source=blog&utm_medium=nowosci&utm_campaign=180925\" class=\"product-block-url\" target=\"_blank\">\r\n                    <div class=\"product-block-image\">\r\n                        <img decoding=\"async\" width=\"300\" height=\"400\" src=\"https:\/\/bialcon.pl\/picture\/klasyczna-wizytowa-sukienka-z-krotkim-rekawem_1.jpg\" alt=\"Klasyczna wizytowa sukienka z kr\u00f3tkim r\u0119kawem\">\r\n                    <\/div>\r\n                    <div class=\"product-block-name\">\r\n                        <p>Klasyczna wizytowa sukienka z kr\u00f3tkim r\u0119kawem<\/p>\r\n                    <\/div>\r\n                <\/a>\r\n            <\/div>\r\n                    <div class=\"swiper-slide product-block-item\" data-id=\"147546\">\r\n                <a href=\"https:\/\/bialcon.pl\/dopasowana-klasyczna-bezowa-sukienka-z-krotkim-rekawkiem?utm_source=blog&utm_medium=nowosci&utm_campaign=180925\" class=\"product-block-url\" target=\"_blank\">\r\n                    <div class=\"product-block-image\">\r\n                        <img decoding=\"async\" width=\"300\" height=\"400\" src=\"https:\/\/bialcon.pl\/picture\/dopasowana-klasyczna-bezowa-sukienka-z-krotkim-rekawkiem_1.jpg\" alt=\"Dopasowana klasyczna be\u017cowa sukienka z kr\u00f3tkim r\u0119kawkiem\">\r\n                    <\/div>\r\n                    <div class=\"product-block-name\">\r\n                        <p>Dopasowana klasyczna be\u017cowa sukienka z kr\u00f3tkim r\u0119kawkiem<\/p>\r\n                    <\/div>\r\n                <\/a>\r\n            <\/div>\r\n                    <div class=\"swiper-slide product-block-item\" data-id=\"147553\">\r\n                <a href=\"https:\/\/bialcon.pl\/klasyczna-sukienka-ecru-z-krotkim-rekawkiem?utm_source=blog&utm_medium=nowosci&utm_campaign=180925\" class=\"product-block-url\" target=\"_blank\">\r\n                    <div class=\"product-block-image\">\r\n                        <img decoding=\"async\" width=\"300\" height=\"400\" src=\"https:\/\/bialcon.pl\/picture\/klasyczna-sukienka-ecru-z-krotkim-rekawkiem_1.jpg\" alt=\"Klasyczna sukienka ecru z kr\u00f3tkim r\u0119kawkiem\">\r\n                    <\/div>\r\n                    <div class=\"product-block-name\">\r\n                        <p>Klasyczna sukienka ecru z kr\u00f3tkim r\u0119kawkiem<\/p>\r\n                    <\/div>\r\n                <\/a>\r\n            <\/div>\r\n            <\/div>\r\n<\/div>\r\n\n\n\n\n<h2 class=\"wp-block-heading\"><span class=\"ez-toc-section\" id=\"Najczestsze_bledy_ktorych_warto_unikac\"><\/span>Najcz\u0119stsze b\u0142\u0119dy, kt\u00f3rych warto unika\u0107<span class=\"ez-toc-section-end\"><\/span><\/h2>\n\n\n\n<ol start=\"1\" class=\"wp-block-list\">\n<li>Zbyt krzykliwe kolory \u2013 zamiast doda\u0107 energii, odwracaj\u0105 uwag\u0119 od tre\u015bci rozmowy.<\/li>\n\n\n\n<li>Wyzywaj\u0105ce szpilki, bluzki z g\u0142\u0119bokiego dekoltu \u2013 mog\u0105 sprawia\u0107 wra\u017cenie nieprofesjonalnych.<\/li>\n\n\n\n<li>Pognieciona koszula lub \u017ale dobrane elementy garderoby \u2013 niszcz\u0105 pierwszego wra\u017cenia.<\/li>\n\n\n\n<li>Zbyt casualowe rozwi\u0105zania \u2013 bluza, sportowe buty, kr\u00f3tkie spodenki.<\/li>\n\n\n\n<li>Przesadna elegancja \u2013 elegancki str\u00f3j biznesowy w firmie start-upowej mo\u017ce wygl\u0105da\u0107 sztucznie.<\/li>\n<\/ol>\n\n\n\n<h2 class=\"wp-block-heading\"><span class=\"ez-toc-section\" id=\"Podsumowanie_%E2%80%93_jak_sie_ubrac_na_rozmowe_i_zrobic_dobre_pierwsze_wrazenie\"><\/span>Podsumowanie \u2013 jak si\u0119 ubra\u0107 na rozmow\u0119 i zrobi\u0107 dobre pierwsze wra\u017cenie?<span class=\"ez-toc-section-end\"><\/span><\/h2>\n\n\n\n<p>Ubi\u00f3r na rozmow\u0119 kwalifikacyjn\u0105 to Twoja wizyt\u00f3wka. Odpowiedniego stroju nie mo\u017cna bagatelizowa\u0107 \u2013 to on cz\u0119sto decyduje, czy uda si\u0119 zrobi\u0107 dobre wra\u017cenie.<\/p>\n\n\n\n<ul class=\"wp-block-list\">\n<li>Do biura najlepiej postawi\u0107 na elegancki str\u00f3j biznesowy.<\/li>\n\n\n\n<li>W bran\u017cy kreatywnej sprawdzi si\u0119 styl smart casual.<\/li>\n\n\n\n<li>Na rozmow\u0119 online ubierz si\u0119 profesjonalnie od pasa w g\u00f3r\u0119.<\/li>\n\n\n\n<li>Latem wybierz lekkie materia\u0142y, zim\u0105 \u2013 klasyczne p\u0142aszcze i eleganckie buty.<\/li>\n\n\n\n<li>Gdy nie znasz dress code&#8217;u, wybierz elegancki ubi\u00f3r w stonowanych kolorach.<\/li>\n<\/ul>\n\n\n\n<p>Dzi\u0119ki temu poka\u017cesz profesjonalizm kandydata, pewno\u015b\u0107 siebie i szacunek do rozm\u00f3wcy. Tw\u00f3j str\u00f3j na rozmow\u0119 kwalifikacyjn\u0105 mo\u017ce by\u0107 tym szczeg\u00f3\u0142em, kt\u00f3ry przes\u0105dzi, \u017ce osi\u0105gniesz sukces i zdob\u0119dziesz wymarzon\u0105 prac\u0119.<\/p>\n\n\n\r\n<div class=\"product-block-container swiper mySwiperProductBlock\">\r\n    <div class=\"product-block-swiper swiper-wrapper\">\r\n                    <div class=\"swiper-slide product-block-item\" data-id=\"147719\">\r\n                <a href=\"https:\/\/bialcon.pl\/bezowa-asymetryczna-spodnica-w-eleganckim-wydaniu?utm_source=blog&utm_medium=nowosci&utm_campaign=180925\" class=\"product-block-url\" target=\"_blank\">\r\n                    <div class=\"product-block-image\">\r\n                        <img decoding=\"async\" width=\"300\" height=\"400\" src=\"https:\/\/bialcon.pl\/picture\/bezowa-asymetryczna-spodnica-w-eleganckim-wydaniu.jpg\" alt=\"Be\u017cowa asymetryczna sp\u00f3dnica w eleganckim wydaniu\">\r\n                    <\/div>\r\n                    <div class=\"product-block-name\">\r\n                        <p>Be\u017cowa asymetryczna sp\u00f3dnica w eleganckim wydaniu<\/p>\r\n                    <\/div>\r\n                <\/a>\r\n            <\/div>\r\n                    <div class=\"swiper-slide product-block-item\" data-id=\"147545\">\r\n                <a href=\"https:\/\/bialcon.pl\/letnia-biala-spodnica-o-dlugosci-maxi?utm_source=blog&utm_medium=nowosci&utm_campaign=180925\" class=\"product-block-url\" target=\"_blank\">\r\n                    <div class=\"product-block-image\">\r\n                        <img decoding=\"async\" width=\"300\" height=\"400\" src=\"https:\/\/bialcon.pl\/picture\/letnia-biala-spodnica-o-dlugosci-maxi_1.jpg\" alt=\"Letnia bia\u0142a sp\u00f3dnica o d\u0142ugo\u015bci maxi\">\r\n                    <\/div>\r\n                    <div class=\"product-block-name\">\r\n                        <p>Letnia bia\u0142a sp\u00f3dnica o d\u0142ugo\u015bci maxi<\/p>\r\n                    <\/div>\r\n                <\/a>\r\n            <\/div>\r\n                    <div class=\"swiper-slide product-block-item\" data-id=\"147550\">\r\n                <a href=\"https:\/\/bialcon.pl\/letnia-spodnica-maxi-w-kolorze-kremowego-brazu?utm_source=blog&utm_medium=nowosci&utm_campaign=180925\" class=\"product-block-url\" target=\"_blank\">\r\n                    <div class=\"product-block-image\">\r\n                        <img decoding=\"async\" width=\"300\" height=\"400\" src=\"https:\/\/bialcon.pl\/picture\/letnia-spodnica-maxi-w-kolorze-kremowego-brazu_1.jpg\" alt=\"Letnia sp\u00f3dnica maxi w kolorze kremowego br\u0105zu\">\r\n                    <\/div>\r\n                    <div class=\"product-block-name\">\r\n                        <p>Letnia sp\u00f3dnica maxi w kolorze kremowego br\u0105zu<\/p>\r\n                    <\/div>\r\n                <\/a>\r\n            <\/div>\r\n            <\/div>\r\n<\/div>\r\n\n\n\n\n<h2 class=\"wp-block-heading\"><span class=\"ez-toc-section\" id=\"FAQ\"><\/span>FAQ<span class=\"ez-toc-section-end\"><\/span><\/h2>\n\n\n\n<h3 class=\"wp-block-heading\">1. Jak si\u0119 ubra\u0107 na rozmow\u0119 o prac\u0119 w biurze?<\/h3>\n\n\n\n<p>Je\u015bli zastanawiasz si\u0119, <strong>jak si\u0119 ubra\u0107 na rozmow\u0119 o prac\u0119<\/strong> w \u015brodowisku biurowym, postaw na klasyk\u0119. Sprawdzi si\u0119 elegancka koszula, marynarka, stonowane kolory i schludny wygl\u0105d. Warto unika\u0107 zbyt krzykliwych wzor\u00f3w i zbyt casualowych ubra\u0144. <strong>Rozmowa o prac\u0119 \u2013 jak si\u0119 ubra\u0107<\/strong>, by wypa\u015b\u0107 profesjonalnie? Lepiej by\u0107 nieco bardziej eleganckim ni\u017c za ma\u0142o formalnym.<\/p>\n\n\n\n<hr class=\"wp-block-separator has-alpha-channel-opacity\"\/>\n\n\n\n<h3 class=\"wp-block-heading\">2. Co ubra\u0107 na rozmow\u0119 o prac\u0119 w bran\u017cy kreatywnej?<\/h3>\n\n\n\n<p><strong>Co ubra\u0107 na rozmow\u0119 o prac\u0119<\/strong> w agencji reklamowej, firmie IT czy w modzie? W bran\u017cach kreatywnych mo\u017cesz pozwoli\u0107 sobie na wi\u0119cej swobody, ale nadal wa\u017cne jest, aby wygl\u0105da\u0107 schludnie i przemy\u015blanie. Styl smart casual \u2013 np. marynarka i jeansy lub minimalistyczna sukienka \u2013 sprawdzi si\u0119 doskonale. Je\u015bli masz w\u0105tpliwo\u015bci, <strong>w co si\u0119 ubra\u0107 na rozmow\u0119 o prac\u0119<\/strong>, wybierz bezpieczn\u0105, ale nie nudn\u0105 opcj\u0119.<\/p>\n\n\n\n<hr class=\"wp-block-separator has-alpha-channel-opacity\"\/>\n\n\n\n<h3 class=\"wp-block-heading\">3. Jak ubra\u0107 si\u0119 na rozmow\u0119 kwalifikacyjn\u0105 zdaln\u0105?<\/h3>\n\n\n\n<p>Zastanawiasz si\u0119, <strong>jak ubra\u0107 si\u0119 na rozmow\u0119 kwalifikacyjn\u0105<\/strong>, kt\u00f3ra odbywa si\u0119 online? Cho\u0107 rozmowa odbywa si\u0119 przez ekran, warto zadba\u0107 o profesjonalny wygl\u0105d \u2013 przynajmniej od pasa w g\u00f3r\u0119. Koszula, marynarka lub elegancki top w stonowanych kolorach pomog\u0105 Ci wypa\u015b\u0107 dobrze i podkre\u015bl\u0105 Twoje zaanga\u017cowanie.<\/p>\n\n\n\n<hr class=\"wp-block-separator has-alpha-channel-opacity\"\/>\n\n\n\n<h3 class=\"wp-block-heading\">4. Jak si\u0119 ubra\u0107 na rozmow\u0119 rekrutacyjn\u0105, je\u015bli nie znam kultury firmy?<\/h3>\n\n\n\n<p>Je\u015bli nie wiesz, <strong>jak si\u0119 ubra\u0107 na rozmow\u0119 rekrutacyjn\u0105<\/strong>, bo nie znasz jeszcze stylu i dress code&#8217;u firmy, postaw na uniwersaln\u0105 elegancj\u0119. Dobrze skrojone spodnie, klasyczna koszula i ciemne buty to zawsze bezpieczny wyb\u00f3r. Lepiej wygl\u0105da\u0107 nieco bardziej formalnie ni\u017c za ma\u0142o profesjonalnie \u2013 zw\u0142aszcza gdy nie masz pewno\u015bci, <strong>jak ubra\u0107 si\u0119 na rozmow\u0119 o prac\u0119<\/strong> w danym miejscu.<\/p>\n\n\n\n<script type=\"application\/ld+json\">\n{\n  \"@context\": \"https:\/\/schema.org\",\n  \"@type\": \"FAQPage\",\n  \"mainEntity\": [\n    {\n      \"@type\": \"Question\",\n      \"name\": \"Jak si\u0119 ubra\u0107 na rozmow\u0119 o prac\u0119 w biurze?\",\n      \"acceptedAnswer\": {\n        \"@type\": \"Answer\",\n        \"text\": \"Je\u015bli zastanawiasz si\u0119, jak si\u0119 ubra\u0107 na rozmow\u0119 o prac\u0119 w \u015brodowisku biurowym, postaw na klasyk\u0119. Sprawdzi si\u0119 elegancka koszula, marynarka, stonowane kolory i schludny wygl\u0105d. Warto unika\u0107 zbyt krzykliwych wzor\u00f3w i zbyt casualowych ubra\u0144. Rozmowa o prac\u0119 \u2013 jak si\u0119 ubra\u0107, by wypa\u015b\u0107 profesjonalnie? Lepiej by\u0107 nieco bardziej eleganckim ni\u017c za ma\u0142o formalnym.\"\n      }\n    },\n    {\n      \"@type\": \"Question\",\n      \"name\": \"Co ubra\u0107 na rozmow\u0119 o prac\u0119 w bran\u017cy kreatywnej?\",\n      \"acceptedAnswer\": {\n        \"@type\": \"Answer\",\n        \"text\": \"Co ubra\u0107 na rozmow\u0119 o prac\u0119 w agencji reklamowej, firmie IT czy w modzie? W bran\u017cach kreatywnych mo\u017cesz pozwoli\u0107 sobie na wi\u0119cej swobody, ale nadal wa\u017cne jest, aby wygl\u0105da\u0107 schludnie i przemy\u015blanie. Styl smart casual \u2013 np. marynarka i jeansy lub minimalistyczna sukienka \u2013 sprawdzi si\u0119 doskonale. Je\u015bli masz w\u0105tpliwo\u015bci, w co si\u0119 ubra\u0107 na rozmow\u0119 o prac\u0119, wybierz bezpieczn\u0105, ale nie nudn\u0105 opcj\u0119.\"\n      }\n    },\n    {\n      \"@type\": \"Question\",\n      \"name\": \"Jak ubra\u0107 si\u0119 na rozmow\u0119 kwalifikacyjn\u0105 zdaln\u0105?\",\n      \"acceptedAnswer\": {\n        \"@type\": \"Answer\",\n        \"text\": \"Zastanawiasz si\u0119, jak ubra\u0107 si\u0119 na rozmow\u0119 kwalifikacyjn\u0105, kt\u00f3ra odbywa si\u0119 online? Cho\u0107 rozmowa odbywa si\u0119 przez ekran, warto zadba\u0107 o profesjonalny wygl\u0105d \u2013 przynajmniej od pasa w g\u00f3r\u0119. Koszula, marynarka lub elegancki top w stonowanych kolorach pomog\u0105 Ci wypa\u015b\u0107 dobrze i podkre\u015bl\u0105 Twoje zaanga\u017cowanie.\"\n      }\n    },\n    {\n      \"@type\": \"Question\",\n      \"name\": \"Jak si\u0119 ubra\u0107 na rozmow\u0119 rekrutacyjn\u0105, je\u015bli nie znam kultury firmy?\",\n      \"acceptedAnswer\": {\n        \"@type\": \"Answer\",\n        \"text\": \"Je\u015bli nie wiesz, jak si\u0119 ubra\u0107 na rozmow\u0119 rekrutacyjn\u0105, bo nie znasz jeszcze stylu i dress code\u2019u firmy, postaw na uniwersaln\u0105 elegancj\u0119. Dobrze skrojone spodnie, klasyczna koszula i ciemne buty to zawsze bezpieczny wyb\u00f3r. Lepiej wygl\u0105da\u0107 nieco bardziej formalnie ni\u017c za ma\u0142o profesjonalnie \u2013 zw\u0142aszcza gdy nie masz pewno\u015bci, jak ubra\u0107 si\u0119 na rozmow\u0119 o prac\u0119 w danym miejscu.\"\n      }\n    }\n  ]\n}\n<\/script>\n","protected":false},"excerpt":{"rendered":"<p>&nbsp;Rozmowa kwalifikacyjna to moment, w kt\u00f3rym Twoje CV o\u017cywa. To czas, kiedy masz szans\u0119 pokaza\u0107 nie tylko swoje kompetencje, lecz tak\u017ce styl ubioru i osobowo\u015b\u0107. Wielu kandydat\u00f3w skupia si\u0119 wy\u0142\u0105cznie na przygotowaniu merytorycznym, zapominaj\u0105c, \u017ce str\u00f3j na rozmow\u0119 kwalifikacyjn\u0105 odgrywa r\u00f3wnie wa\u017cn\u0105 rol\u0119. W ko\u0144cu \u2013 jak m\u00f3wi przys\u0142owie \u2013 \u201ejak ci\u0119 widz\u0105, tak ci\u0119 [&hellip;]<\/p>\n","protected":false},"author":10,"featured_media":12357,"comment_status":"closed","ping_status":"open","sticky":false,"template":"","format":"standard","meta":{"_acf_changed":false,"site-sidebar-layout":"default","site-content-layout":"","ast-site-content-layout":"default","site-content-style":"default","site-sidebar-style":"default","ast-global-header-display":"","ast-banner-title-visibility":"","ast-main-header-display":"","ast-hfb-above-header-display":"","ast-hfb-below-header-display":"","ast-hfb-mobile-header-display":"","site-post-title":"","ast-breadcrumbs-content":"","ast-featured-img":"","footer-sml-layout":"","theme-transparent-header-meta":"","adv-header-id-meta":"","stick-header-meta":"","header-above-stick-meta":"","header-main-stick-meta":"","header-below-stick-meta":"","astra-migrate-meta-layouts":"set","ast-page-background-enabled":"default","ast-page-background-meta":{"desktop":{"background-color":"","background-image":"","background-repeat":"repeat","background-position":"center center","background-size":"auto","background-attachment":"scroll","background-type":"","background-media":"","overlay-type":"","overlay-color":"","overlay-opacity":"","overlay-gradient":""},"tablet":{"background-color":"","background-image":"","background-repeat":"repeat","background-position":"center center","background-size":"auto","background-attachment":"scroll","background-type":"","background-media":"","overlay-type":"","overlay-color":"","overlay-opacity":"","overlay-gradient":""},"mobile":{"background-color":"","background-image":"","background-repeat":"repeat","background-position":"center center","background-size":"auto","background-attachment":"scroll","background-type":"","background-media":"","overlay-type":"","overlay-color":"","overlay-opacity":"","overlay-gradient":""}},"ast-content-background-meta":{"desktop":{"background-color":"var(--ast-global-color-5)","background-image":"","background-repeat":"repeat","background-position":"center center","background-size":"auto","background-attachment":"scroll","background-type":"","background-media":"","overlay-type":"","overlay-color":"","overlay-opacity":"","overlay-gradient":""},"tablet":{"background-color":"var(--ast-global-color-5)","background-image":"","background-repeat":"repeat","background-position":"center center","background-size":"auto","background-attachment":"scroll","background-type":"","background-media":"","overlay-type":"","overlay-color":"","overlay-opacity":"","overlay-gradient":""},"mobile":{"background-color":"var(--ast-global-color-5)","background-image":"","background-repeat":"repeat","background-position":"center center","background-size":"auto","background-attachment":"scroll","background-type":"","background-media":"","overlay-type":"","overlay-color":"","overlay-opacity":"","overlay-gradient":""}},"footnotes":""},"categories":[10,14],"tags":[],"class_list":["post-12355","post","type-post","status-publish","format-standard","has-post-thumbnail","hentry","category-porady-stylistki","category-wszystkie-wpisy"],"acf":[],"yoast_head":"<!-- This site is optimized with the Yoast SEO plugin v27.4 - https:\/\/yoast.com\/product\/yoast-seo-wordpress\/ -->\n<title>Jak si\u0119 ubra\u0107 na rozmow\u0119 o prac\u0119 \u2013 poradnik pierwszego wra\u017cenia - Bialcon<\/title>\n<meta name=\"description\" content=\"Rozmowa kwalifikacyjna to [...] czas, kiedy masz szans\u0119 pokaza\u0107 nie tylko swoje kompetencje, lecz tak\u017ce styl ubioru i osobowo\u015b\u0107.\" \/>\n<meta name=\"robots\" content=\"index, follow, max-snippet:-1, max-image-preview:large, max-video-preview:-1\" \/>\n<link rel=\"canonical\" href=\"https:\/\/bialcon.pl\/blog\/rozmowa-o-prace\/\" \/>\n<meta name=\"twitter:label1\" content=\"Napisane przez\" \/>\n\t<meta name=\"twitter:data1\" content=\"Ma\u0142gorzata Brzezi\u0144ska\" \/>\n\t<meta name=\"twitter:label2\" content=\"Szacowany czas czytania\" \/>\n\t<meta name=\"twitter:data2\" content=\"10 minut\" \/>\n<script type=\"application\/ld+json\" class=\"yoast-schema-graph\">{\"@context\":\"https:\\\/\\\/schema.org\",\"@graph\":[{\"@type\":\"Article\",\"@id\":\"https:\\\/\\\/bialcon.pl\\\/blog\\\/rozmowa-o-prace\\\/#article\",\"isPartOf\":{\"@id\":\"https:\\\/\\\/bialcon.pl\\\/blog\\\/rozmowa-o-prace\\\/\"},\"author\":{\"name\":\"Ma\u0142gorzata Brzezi\u0144ska\",\"@id\":\"https:\\\/\\\/bialcon.pl\\\/blog\\\/#\\\/schema\\\/person\\\/cbbe4ae2297c5abd7376399985d5fabb\"},\"headline\":\"Jak si\u0119 ubra\u0107 na rozmow\u0119 o prac\u0119 \u2013 poradnik pierwszego wra\u017cenia\",\"datePublished\":\"2025-09-18T08:00:00+00:00\",\"dateModified\":\"2026-04-16T09:19:43+00:00\",\"mainEntityOfPage\":{\"@id\":\"https:\\\/\\\/bialcon.pl\\\/blog\\\/rozmowa-o-prace\\\/\"},\"wordCount\":1988,\"image\":{\"@id\":\"https:\\\/\\\/bialcon.pl\\\/blog\\\/rozmowa-o-prace\\\/#primaryimage\"},\"thumbnailUrl\":\"https:\\\/\\\/bialcon.pl\\\/blog\\\/wp-content\\\/uploads\\\/2025\\\/09\\\/Projekt-bez-nazwy-4-1.jpg\",\"articleSection\":[\"Porady Stylistki\",\"Wszystkie wpisy\"],\"inLanguage\":\"pl-PL\"},{\"@type\":\"WebPage\",\"@id\":\"https:\\\/\\\/bialcon.pl\\\/blog\\\/rozmowa-o-prace\\\/\",\"url\":\"https:\\\/\\\/bialcon.pl\\\/blog\\\/rozmowa-o-prace\\\/\",\"name\":\"Jak si\u0119 ubra\u0107 na rozmow\u0119 o prac\u0119 \u2013 poradnik pierwszego wra\u017cenia - Bialcon\",\"isPartOf\":{\"@id\":\"https:\\\/\\\/bialcon.pl\\\/blog\\\/#website\"},\"primaryImageOfPage\":{\"@id\":\"https:\\\/\\\/bialcon.pl\\\/blog\\\/rozmowa-o-prace\\\/#primaryimage\"},\"image\":{\"@id\":\"https:\\\/\\\/bialcon.pl\\\/blog\\\/rozmowa-o-prace\\\/#primaryimage\"},\"thumbnailUrl\":\"https:\\\/\\\/bialcon.pl\\\/blog\\\/wp-content\\\/uploads\\\/2025\\\/09\\\/Projekt-bez-nazwy-4-1.jpg\",\"datePublished\":\"2025-09-18T08:00:00+00:00\",\"dateModified\":\"2026-04-16T09:19:43+00:00\",\"author\":{\"@id\":\"https:\\\/\\\/bialcon.pl\\\/blog\\\/#\\\/schema\\\/person\\\/cbbe4ae2297c5abd7376399985d5fabb\"},\"description\":\"Rozmowa kwalifikacyjna to [...] czas, kiedy masz szans\u0119 pokaza\u0107 nie tylko swoje kompetencje, lecz tak\u017ce styl ubioru i osobowo\u015b\u0107.\",\"breadcrumb\":{\"@id\":\"https:\\\/\\\/bialcon.pl\\\/blog\\\/rozmowa-o-prace\\\/#breadcrumb\"},\"inLanguage\":\"pl-PL\",\"potentialAction\":[{\"@type\":\"ReadAction\",\"target\":[\"https:\\\/\\\/bialcon.pl\\\/blog\\\/rozmowa-o-prace\\\/\"]}]},{\"@type\":\"ImageObject\",\"inLanguage\":\"pl-PL\",\"@id\":\"https:\\\/\\\/bialcon.pl\\\/blog\\\/rozmowa-o-prace\\\/#primaryimage\",\"url\":\"https:\\\/\\\/bialcon.pl\\\/blog\\\/wp-content\\\/uploads\\\/2025\\\/09\\\/Projekt-bez-nazwy-4-1.jpg\",\"contentUrl\":\"https:\\\/\\\/bialcon.pl\\\/blog\\\/wp-content\\\/uploads\\\/2025\\\/09\\\/Projekt-bez-nazwy-4-1.jpg\",\"width\":960,\"height\":850,\"caption\":\"Wizualizacja dw\u00f3ch kobiet w eleganckich stylizacjach, z be\u017cowym topem i asymetryczn\u0105 sp\u00f3dnic\u0105 oraz bia\u0142\u0105 bluzk\u0105 i br\u0105zowymi spodniami\"},{\"@type\":\"BreadcrumbList\",\"@id\":\"https:\\\/\\\/bialcon.pl\\\/blog\\\/rozmowa-o-prace\\\/#breadcrumb\",\"itemListElement\":[{\"@type\":\"ListItem\",\"position\":1,\"name\":\"Strona g\u0142\u00f3wna\",\"item\":\"https:\\\/\\\/bialcon.pl\\\/blog\\\/\"},{\"@type\":\"ListItem\",\"position\":2,\"name\":\"Porady Stylistki\",\"item\":\"https:\\\/\\\/bialcon.pl\\\/blog\\\/porady-stylistki\\\/\"},{\"@type\":\"ListItem\",\"position\":3,\"name\":\"Jak si\u0119 ubra\u0107 na rozmow\u0119 o prac\u0119 \u2013 poradnik pierwszego wra\u017cenia\"}]},{\"@type\":\"WebSite\",\"@id\":\"https:\\\/\\\/bialcon.pl\\\/blog\\\/#website\",\"url\":\"https:\\\/\\\/bialcon.pl\\\/blog\\\/\",\"name\":\"bialcon.pl\\\/blog\\\/\",\"description\":\"Fashion Blog w zasi\u0119gu Twojej r\u0119ki\",\"potentialAction\":[{\"@type\":\"SearchAction\",\"target\":{\"@type\":\"EntryPoint\",\"urlTemplate\":\"https:\\\/\\\/bialcon.pl\\\/blog\\\/?s={search_term_string}\"},\"query-input\":{\"@type\":\"PropertyValueSpecification\",\"valueRequired\":true,\"valueName\":\"search_term_string\"}}],\"inLanguage\":\"pl-PL\"},{\"@type\":\"Person\",\"@id\":\"https:\\\/\\\/bialcon.pl\\\/blog\\\/#\\\/schema\\\/person\\\/cbbe4ae2297c5abd7376399985d5fabb\",\"name\":\"Ma\u0142gorzata Brzezi\u0144ska\",\"image\":{\"@type\":\"ImageObject\",\"inLanguage\":\"pl-PL\",\"@id\":\"https:\\\/\\\/secure.gravatar.com\\\/avatar\\\/3fc4a4cdba63586f503a5c5711e9b04d01ab1234b186b03e727ad902b6f4912d?s=96&d=mm&r=g\",\"url\":\"https:\\\/\\\/secure.gravatar.com\\\/avatar\\\/3fc4a4cdba63586f503a5c5711e9b04d01ab1234b186b03e727ad902b6f4912d?s=96&d=mm&r=g\",\"contentUrl\":\"https:\\\/\\\/secure.gravatar.com\\\/avatar\\\/3fc4a4cdba63586f503a5c5711e9b04d01ab1234b186b03e727ad902b6f4912d?s=96&d=mm&r=g\",\"caption\":\"Ma\u0142gorzata Brzezi\u0144ska\"},\"description\":\"Autorka tre\u015bci z zakresu mody, urody i stylu \u017cycia. Tworzy artyku\u0142y i poradniki oparte na analizie trend\u00f3w oraz potrzeb u\u017cytkownik\u00f3w, \u0142\u0105cz\u0105c wiedz\u0119 z zakresu komunikacji marketingowej i praktyki contentowej. Specjalizuje si\u0119 w bran\u017cach fashion, beauty &amp; health oraz gourmet food, przygotowuj\u0105c tre\u015bci dopasowane do realnych sytuacji i wybor\u00f3w konsumenckich. Na co dzie\u0144 zajmuje si\u0119 r\u00f3wnie\u017c content marketingiem i SEO.\",\"sameAs\":[\"https:\\\/\\\/www.linkedin.com\\\/in\\\/gosia-brzezinska-827052b4\\\/\"],\"url\":\"https:\\\/\\\/bialcon.pl\\\/blog\\\/author\\\/brzezinska\\\/\"}]}<\/script>\n<!-- \/ Yoast SEO plugin. -->","yoast_head_json":{"title":"Jak si\u0119 ubra\u0107 na rozmow\u0119 o prac\u0119 \u2013 poradnik pierwszego wra\u017cenia - Bialcon","description":"Rozmowa kwalifikacyjna to [...] czas, kiedy masz szans\u0119 pokaza\u0107 nie tylko swoje kompetencje, lecz tak\u017ce styl ubioru i osobowo\u015b\u0107.","robots":{"index":"index","follow":"follow","max-snippet":"max-snippet:-1","max-image-preview":"max-image-preview:large","max-video-preview":"max-video-preview:-1"},"canonical":"https:\/\/bialcon.pl\/blog\/rozmowa-o-prace\/","twitter_misc":{"Napisane przez":"Ma\u0142gorzata Brzezi\u0144ska","Szacowany czas czytania":"10 minut"},"schema":{"@context":"https:\/\/schema.org","@graph":[{"@type":"Article","@id":"https:\/\/bialcon.pl\/blog\/rozmowa-o-prace\/#article","isPartOf":{"@id":"https:\/\/bialcon.pl\/blog\/rozmowa-o-prace\/"},"author":{"name":"Ma\u0142gorzata Brzezi\u0144ska","@id":"https:\/\/bialcon.pl\/blog\/#\/schema\/person\/cbbe4ae2297c5abd7376399985d5fabb"},"headline":"Jak si\u0119 ubra\u0107 na rozmow\u0119 o prac\u0119 \u2013 poradnik pierwszego wra\u017cenia","datePublished":"2025-09-18T08:00:00+00:00","dateModified":"2026-04-16T09:19:43+00:00","mainEntityOfPage":{"@id":"https:\/\/bialcon.pl\/blog\/rozmowa-o-prace\/"},"wordCount":1988,"image":{"@id":"https:\/\/bialcon.pl\/blog\/rozmowa-o-prace\/#primaryimage"},"thumbnailUrl":"https:\/\/bialcon.pl\/blog\/wp-content\/uploads\/2025\/09\/Projekt-bez-nazwy-4-1.jpg","articleSection":["Porady Stylistki","Wszystkie wpisy"],"inLanguage":"pl-PL"},{"@type":"WebPage","@id":"https:\/\/bialcon.pl\/blog\/rozmowa-o-prace\/","url":"https:\/\/bialcon.pl\/blog\/rozmowa-o-prace\/","name":"Jak si\u0119 ubra\u0107 na rozmow\u0119 o prac\u0119 \u2013 poradnik pierwszego wra\u017cenia - Bialcon","isPartOf":{"@id":"https:\/\/bialcon.pl\/blog\/#website"},"primaryImageOfPage":{"@id":"https:\/\/bialcon.pl\/blog\/rozmowa-o-prace\/#primaryimage"},"image":{"@id":"https:\/\/bialcon.pl\/blog\/rozmowa-o-prace\/#primaryimage"},"thumbnailUrl":"https:\/\/bialcon.pl\/blog\/wp-content\/uploads\/2025\/09\/Projekt-bez-nazwy-4-1.jpg","datePublished":"2025-09-18T08:00:00+00:00","dateModified":"2026-04-16T09:19:43+00:00","author":{"@id":"https:\/\/bialcon.pl\/blog\/#\/schema\/person\/cbbe4ae2297c5abd7376399985d5fabb"},"description":"Rozmowa kwalifikacyjna to [...] czas, kiedy masz szans\u0119 pokaza\u0107 nie tylko swoje kompetencje, lecz tak\u017ce styl ubioru i osobowo\u015b\u0107.","breadcrumb":{"@id":"https:\/\/bialcon.pl\/blog\/rozmowa-o-prace\/#breadcrumb"},"inLanguage":"pl-PL","potentialAction":[{"@type":"ReadAction","target":["https:\/\/bialcon.pl\/blog\/rozmowa-o-prace\/"]}]},{"@type":"ImageObject","inLanguage":"pl-PL","@id":"https:\/\/bialcon.pl\/blog\/rozmowa-o-prace\/#primaryimage","url":"https:\/\/bialcon.pl\/blog\/wp-content\/uploads\/2025\/09\/Projekt-bez-nazwy-4-1.jpg","contentUrl":"https:\/\/bialcon.pl\/blog\/wp-content\/uploads\/2025\/09\/Projekt-bez-nazwy-4-1.jpg","width":960,"height":850,"caption":"Wizualizacja dw\u00f3ch kobiet w eleganckich stylizacjach, z be\u017cowym topem i asymetryczn\u0105 sp\u00f3dnic\u0105 oraz bia\u0142\u0105 bluzk\u0105 i br\u0105zowymi spodniami"},{"@type":"BreadcrumbList","@id":"https:\/\/bialcon.pl\/blog\/rozmowa-o-prace\/#breadcrumb","itemListElement":[{"@type":"ListItem","position":1,"name":"Strona g\u0142\u00f3wna","item":"https:\/\/bialcon.pl\/blog\/"},{"@type":"ListItem","position":2,"name":"Porady Stylistki","item":"https:\/\/bialcon.pl\/blog\/porady-stylistki\/"},{"@type":"ListItem","position":3,"name":"Jak si\u0119 ubra\u0107 na rozmow\u0119 o prac\u0119 \u2013 poradnik pierwszego wra\u017cenia"}]},{"@type":"WebSite","@id":"https:\/\/bialcon.pl\/blog\/#website","url":"https:\/\/bialcon.pl\/blog\/","name":"bialcon.pl\/blog\/","description":"Fashion Blog w zasi\u0119gu Twojej r\u0119ki","potentialAction":[{"@type":"SearchAction","target":{"@type":"EntryPoint","urlTemplate":"https:\/\/bialcon.pl\/blog\/?s={search_term_string}"},"query-input":{"@type":"PropertyValueSpecification","valueRequired":true,"valueName":"search_term_string"}}],"inLanguage":"pl-PL"},{"@type":"Person","@id":"https:\/\/bialcon.pl\/blog\/#\/schema\/person\/cbbe4ae2297c5abd7376399985d5fabb","name":"Ma\u0142gorzata Brzezi\u0144ska","image":{"@type":"ImageObject","inLanguage":"pl-PL","@id":"https:\/\/secure.gravatar.com\/avatar\/3fc4a4cdba63586f503a5c5711e9b04d01ab1234b186b03e727ad902b6f4912d?s=96&d=mm&r=g","url":"https:\/\/secure.gravatar.com\/avatar\/3fc4a4cdba63586f503a5c5711e9b04d01ab1234b186b03e727ad902b6f4912d?s=96&d=mm&r=g","contentUrl":"https:\/\/secure.gravatar.com\/avatar\/3fc4a4cdba63586f503a5c5711e9b04d01ab1234b186b03e727ad902b6f4912d?s=96&d=mm&r=g","caption":"Ma\u0142gorzata Brzezi\u0144ska"},"description":"Autorka tre\u015bci z zakresu mody, urody i stylu \u017cycia. Tworzy artyku\u0142y i poradniki oparte na analizie trend\u00f3w oraz potrzeb u\u017cytkownik\u00f3w, \u0142\u0105cz\u0105c wiedz\u0119 z zakresu komunikacji marketingowej i praktyki contentowej. Specjalizuje si\u0119 w bran\u017cach fashion, beauty &amp; health oraz gourmet food, przygotowuj\u0105c tre\u015bci dopasowane do realnych sytuacji i wybor\u00f3w konsumenckich. Na co dzie\u0144 zajmuje si\u0119 r\u00f3wnie\u017c content marketingiem i SEO.","sameAs":["https:\/\/www.linkedin.com\/in\/gosia-brzezinska-827052b4\/"],"url":"https:\/\/bialcon.pl\/blog\/author\/brzezinska\/"}]}},"_links":{"self":[{"href":"https:\/\/bialcon.pl\/blog\/wp-json\/wp\/v2\/posts\/12355","targetHints":{"allow":["GET"]}}],"collection":[{"href":"https:\/\/bialcon.pl\/blog\/wp-json\/wp\/v2\/posts"}],"about":[{"href":"https:\/\/bialcon.pl\/blog\/wp-json\/wp\/v2\/types\/post"}],"author":[{"embeddable":true,"href":"https:\/\/bialcon.pl\/blog\/wp-json\/wp\/v2\/users\/10"}],"replies":[{"embeddable":true,"href":"https:\/\/bialcon.pl\/blog\/wp-json\/wp\/v2\/comments?post=12355"}],"version-history":[{"count":2,"href":"https:\/\/bialcon.pl\/blog\/wp-json\/wp\/v2\/posts\/12355\/revisions"}],"predecessor-version":[{"id":12896,"href":"https:\/\/bialcon.pl\/blog\/wp-json\/wp\/v2\/posts\/12355\/revisions\/12896"}],"wp:featuredmedia":[{"embeddable":true,"href":"https:\/\/bialcon.pl\/blog\/wp-json\/wp\/v2\/media\/12357"}],"wp:attachment":[{"href":"https:\/\/bialcon.pl\/blog\/wp-json\/wp\/v2\/media?parent=12355"}],"wp:term":[{"taxonomy":"category","embeddable":true,"href":"https:\/\/bialcon.pl\/blog\/wp-json\/wp\/v2\/categories?post=12355"},{"taxonomy":"post_tag","embeddable":true,"href":"https:\/\/bialcon.pl\/blog\/wp-json\/wp\/v2\/tags?post=12355"}],"curies":[{"name":"wp","href":"https:\/\/api.w.org\/{rel}","templated":true}]}}