{"id":12336,"date":"2025-09-04T10:00:00","date_gmt":"2025-09-04T08:00:00","guid":{"rendered":"https:\/\/bialcon.pl\/blog\/?p=12336"},"modified":"2025-11-24T13:59:23","modified_gmt":"2025-11-24T12:59:23","slug":"stylizacja-na-wesele-dla-mamy-po-40-50-60","status":"publish","type":"post","link":"https:\/\/bialcon.pl\/blog\/stylizacja-na-wesele-dla-mamy-po-40-50-60\/","title":{"rendered":"Stylizacja na wesele dla mamy po 40., 50. i 60. \u2013 inspiracje na ka\u017cd\u0105 figur\u0119 i wiek"},"content":{"rendered":"<div id=\"ez-toc-container\" class=\"ez-toc-v2_0_82_2 counter-hierarchy ez-toc-counter ez-toc-custom ez-toc-container-direction\">\n<div class=\"ez-toc-title-container\"><p class=\"ez-toc-title\" style=\"cursor:inherit\">Spis Tre\u015bci<\/p>\n<\/div><nav><ul class='ez-toc-list ez-toc-list-level-1 ' ><li class='ez-toc-page-1 ez-toc-heading-level-2'><a class=\"ez-toc-link ez-toc-heading-1\" href=\"https:\/\/bialcon.pl\/blog\/stylizacja-na-wesele-dla-mamy-po-40-50-60\/#Co_wypada_a_czego_nie_wypada_%E2%80%93_zasady_dla_mamy_panny_lub_pana_mlodego\" >Co wypada, a czego nie wypada \u2013 zasady dla mamy panny lub pana m\u0142odego<\/a><\/li><li class='ez-toc-page-1 ez-toc-heading-level-2'><a class=\"ez-toc-link ez-toc-heading-2\" href=\"https:\/\/bialcon.pl\/blog\/stylizacja-na-wesele-dla-mamy-po-40-50-60\/#Stylizacja_na_wesele_dla_mamy_po_40_%E2%80%93_pewnosc_siebie_i_lekka_elegancja\" >Stylizacja na wesele dla mamy po 40. \u2013 pewno\u015b\u0107 siebie i lekka elegancja<\/a><\/li><li class='ez-toc-page-1 ez-toc-heading-level-2'><a class=\"ez-toc-link ez-toc-heading-3\" href=\"https:\/\/bialcon.pl\/blog\/stylizacja-na-wesele-dla-mamy-po-40-50-60\/#Stylizacja_mamy_po_50_%E2%80%93_klasyka_w_nowoczesnym_wydaniu\" >Stylizacja mamy po 50. \u2013 klasyka w nowoczesnym wydaniu<\/a><\/li><li class='ez-toc-page-1 ez-toc-heading-level-2'><a class=\"ez-toc-link ez-toc-heading-4\" href=\"https:\/\/bialcon.pl\/blog\/stylizacja-na-wesele-dla-mamy-po-40-50-60\/#Stylizacja_mamy_po_60_%E2%80%93_elegancja_i_dystynkcja\" >Stylizacja mamy po 60. \u2013 elegancja i dystynkcja<\/a><\/li><li class='ez-toc-page-1 ez-toc-heading-level-2'><a class=\"ez-toc-link ez-toc-heading-5\" href=\"https:\/\/bialcon.pl\/blog\/stylizacja-na-wesele-dla-mamy-po-40-50-60\/#Sukienki_dlugie_czy_midi_%E2%80%93_co_wybrac\" >Sukienki d\u0142ugie czy midi \u2013 co wybra\u0107?<\/a><\/li><li class='ez-toc-page-1 ez-toc-heading-level-2'><a class=\"ez-toc-link ez-toc-heading-6\" href=\"https:\/\/bialcon.pl\/blog\/stylizacja-na-wesele-dla-mamy-po-40-50-60\/#Jak_dobrac_fason_do_sylwetki_mamy\" >Jak dobra\u0107 fason do sylwetki mamy?<\/a><\/li><li class='ez-toc-page-1 ez-toc-heading-level-2'><a class=\"ez-toc-link ez-toc-heading-7\" href=\"https:\/\/bialcon.pl\/blog\/stylizacja-na-wesele-dla-mamy-po-40-50-60\/#Kolory_sukienek_weselnych_%E2%80%93_jak_dobrac_barwe_do_wieku_i_uroczystosci\" >Kolory sukienek weselnych \u2013 jak dobra\u0107 barw\u0119 do wieku i uroczysto\u015bci<\/a><\/li><li class='ez-toc-page-1 ez-toc-heading-level-2'><a class=\"ez-toc-link ez-toc-heading-8\" href=\"https:\/\/bialcon.pl\/blog\/stylizacja-na-wesele-dla-mamy-po-40-50-60\/#Dodatki_i_buty_do_kreacji_mam_weselnych\" >Dodatki i buty do kreacji mam weselnych<\/a><\/li><li class='ez-toc-page-1 ez-toc-heading-level-2'><a class=\"ez-toc-link ez-toc-heading-9\" href=\"https:\/\/bialcon.pl\/blog\/stylizacja-na-wesele-dla-mamy-po-40-50-60\/#Zimowe_i_jesienne_rozwiazania_%E2%80%93_elegancja_przez_caly_sezon\" >Zimowe i jesienne rozwi\u0105zania \u2013 elegancja przez ca\u0142y sezon<\/a><\/li><li class='ez-toc-page-1 ez-toc-heading-level-2'><a class=\"ez-toc-link ez-toc-heading-10\" href=\"https:\/\/bialcon.pl\/blog\/stylizacja-na-wesele-dla-mamy-po-40-50-60\/#Stylowo_i_komfortowo_%E2%80%93_ostatnie_slowo_o_wyborze_sukienki\" >Stylowo i komfortowo \u2013 ostatnie s\u0142owo o wyborze sukienki<\/a><\/li><\/ul><\/nav><\/div>\n\n<p><strong>Ka\u017cda matka panny m\u0142odej, a tak\u017ce mama pana m\u0142odego zas\u0142uguje na moment, w kt\u00f3rym czuje si\u0119 wyj\u0105tkowo i pi\u0119knie. Stylizacja na wesele dla mamy to temat wra\u017cliwy \u2013 wymaga wyboru eleganckiej sukienki, kt\u00f3ra jednocze\u015bnie b\u0119dzie wygodna, modna i odpowiednia do wieku. D\u0142ugie, eleganckie sukienki czy d\u0142ugo\u015bci midi z ozdobnymi r\u0119kawami to tylko niekt\u00f3re propozycje. Jak dobra\u0107 fason i kolor sukienki weselnych do jej urody, figury i charakteru uroczysto\u015bci? Ten poradnik podpowiada, jak znale\u017a\u0107 idealn\u0105 sukienk\u0119 dla mam w wieku 40+, 50+, 60+.<\/strong><\/p>\n\n\n\r\n<div class=\"product-block-container swiper mySwiperProductBlock\">\r\n    <div class=\"product-block-swiper swiper-wrapper\">\r\n                    <div class=\"swiper-slide product-block-item\" data-id=\"147575\">\r\n                <a href=\"https:\/\/bialcon.pl\/dluga-satynowa-sukienka-z-odkrytym-ramieniem?utm_source=blog&utm_medium=nowosci&utm_campaign=040925\" class=\"product-block-url\" target=\"_blank\">\r\n                    <div class=\"product-block-image\">\r\n                        <img decoding=\"async\" width=\"300\" height=\"400\" src=\"https:\/\/bialcon.pl\/picture\/dluga-satynowa-sukienka-z-odkrytym-ramieniem_1.jpg\" alt=\"D\u0142uga satynowa sukienka z odkrytym ramieniem\">\r\n                    <\/div>\r\n                    <div class=\"product-block-name\">\r\n                        <p>D\u0142uga satynowa sukienka z odkrytym ramieniem<\/p>\r\n                    <\/div>\r\n                <\/a>\r\n            <\/div>\r\n                    <div class=\"swiper-slide product-block-item\" data-id=\"147611\">\r\n                <a href=\"https:\/\/bialcon.pl\/dzianinowa-casualowa-sukienka-z-dekoltem-w-serek?utm_source=blog&utm_medium=nowosci&utm_campaign=040925\" class=\"product-block-url\" target=\"_blank\">\r\n                    <div class=\"product-block-image\">\r\n                        <img decoding=\"async\" width=\"300\" height=\"400\" src=\"https:\/\/bialcon.pl\/picture\/dzianinowa-casualowa-sukienka-z-dekoltem-w-serek_1.jpg\" alt=\"Dzianinowa casualowa sukienka z dekoltem w serek\">\r\n                    <\/div>\r\n                    <div class=\"product-block-name\">\r\n                        <p>Dzianinowa casualowa sukienka z dekoltem w serek<\/p>\r\n                    <\/div>\r\n                <\/a>\r\n            <\/div>\r\n                    <div class=\"swiper-slide product-block-item\" data-id=\"147620\">\r\n                <a href=\"https:\/\/bialcon.pl\/oryginalna-sukienka-inspirowana-malarstwem-chelmonskiego?utm_source=blog&utm_medium=nowosci&utm_campaign=040925\" class=\"product-block-url\" target=\"_blank\">\r\n                    <div class=\"product-block-image\">\r\n                        <img decoding=\"async\" width=\"300\" height=\"400\" src=\"https:\/\/bialcon.pl\/picture\/oryginalna-sukienka-inspirowana-malarstwem-chelmonskiego_1.jpg\" alt=\"Oryginalna sukienka inspirowana malarstwem Che\u0142mo\u0144skiego\">\r\n                    <\/div>\r\n                    <div class=\"product-block-name\">\r\n                        <p>Oryginalna sukienka inspirowana malarstwem Che\u0142mo\u0144skiego<\/p>\r\n                    <\/div>\r\n                <\/a>\r\n            <\/div>\r\n            <\/div>\r\n<\/div>\r\n\n\n\n\n<h2 class=\"wp-block-heading\"><span class=\"ez-toc-section\" id=\"Co_wypada_a_czego_nie_wypada_%E2%80%93_zasady_dla_mamy_panny_lub_pana_mlodego\"><\/span>Co wypada, a czego nie wypada \u2013 zasady dla mamy panny lub pana m\u0142odego<span class=\"ez-toc-section-end\"><\/span><\/h2>\n\n\n\n<p>Cho\u0107 moda daje coraz wi\u0119cej swobody, stylizacja mamy na wesele rz\u0105dzi si\u0119 pewnymi zasadami. W tym wyj\u0105tkowym dniu warto zachowa\u0107 r\u00f3wnowag\u0119 mi\u0119dzy szykiem a wyczuciem \u2013 mama panny m\u0142odej lub pana m\u0142odego znajduje si\u0119 w centrum uwagi, ale nie powinna odwraca\u0107 jej od m\u0142odej pary. Dlatego bia\u0142ej sukienki nale\u017cy bezwzgl\u0119dnie unika\u0107 \u2013 to kolor zarezerwowany dla panny m\u0142odej. R\u00f3wnie\u017c czarne kreacje budz\u0105 kontrowersje, zw\u0142aszcza podczas ceremonii \u015blubnej, cho\u0107 w wieczorowej wersji mog\u0105 by\u0107 akceptowalne, je\u015bli zostan\u0105 prze\u0142amane jasnymi dodatkami.<\/p>\n\n\n\n<p>Warto te\u017c unika\u0107 zbyt odwa\u017cnych fason\u00f3w \u2013 g\u0142\u0119bokich dekolt\u00f3w, zbyt kr\u00f3tkich sp\u00f3dnic czy prze\u015bwituj\u0105cych materia\u0142\u00f3w. Nie oznacza to jednak rezygnacji z elegancji. Ekskluzywne sukienki dla mam mog\u0105 by\u0107 zmys\u0142owe i kobiece, ale z zachowaniem klasy i dobrego smaku. Odpowiednia d\u0142ugo\u015b\u0107 (do kolan lub maxi), zakryte ramiona lub ozdobne r\u0119kawy, sukienka midi z subtelnym dekoltem \u2013 to wszystko elementy, kt\u00f3re buduj\u0105 styl pe\u0142en szacunku, ale bez nudy. Uroczysto\u015b\u0107 weselna to tak\u017ce okazja do wyra\u017cenia w\u0142asnego gustu, wi\u0119c nie b\u00f3j si\u0119 koloru, faktury czy detali, ale zawsze pami\u0119taj o roli, jak\u0105 pe\u0142nisz w tym wyj\u0105tkowym dniu.<\/p>\n\n\n\n<h2 class=\"wp-block-heading\"><span class=\"ez-toc-section\" id=\"Stylizacja_na_wesele_dla_mamy_po_40_%E2%80%93_pewnosc_siebie_i_lekka_elegancja\"><\/span>Stylizacja na wesele dla mamy po 40. \u2013 pewno\u015b\u0107 siebie i lekka elegancja<span class=\"ez-toc-section-end\"><\/span><\/h2>\n\n\n\n<p>Kobiety po 40. cz\u0119sto pragn\u0105 sukienki eleganckiej, kt\u00f3ra nie przyt\u0142oczy, ale podkre\u015bli sylwetk\u0119 i jej urod\u0119. Ten wiek to czas, gdy mo\u017cna pozwoli\u0107 sobie na bardziej wymy\u015blne modele \u2013 elegancka sukienka wieczorowa z d\u0142ugim r\u0119kawem lub z mistern\u0105 koronk\u0105 podkre\u015bli klas\u0119 i styl matki panny m\u0142odej. Sukienki maxi w stonowanych kolorach \u2013 butelkowej zieleni, bordo, kremie \u2013 s\u0105 idealnym wyborem na \u015blub cywilny lub ko\u015bcielny. Prawo do modowego eksperymentu maj\u0105 te\u017c panie, kt\u00f3re mog\u0105 postawi\u0107 na kolorze czerwonym, je\u015bli ceni\u0105 efektowno\u015b\u0107. Warto dobra\u0107 subtelne dodatki i wygodne buty na obcasie, kt\u00f3re zapewni\u0105 komfort przez ca\u0142y dzie\u0144 i wyj\u0105tkowy wiecz\u00f3r.<\/p>\n\n\n\n<p>Po 40. roku \u017cycia figura mo\u017ce si\u0119 delikatnie zmienia\u0107, dlatego \u015bwietnie sprawdzaj\u0105 si\u0119 sukienki midi z modeluj\u0105cymi przeszyciami lub lu\u017aniejszym do\u0142em, kt\u00f3ry maskuje biodra. W tym wieku kobiety cz\u0119sto wiedz\u0105 ju\u017c, co lubi\u0105 i w czym czuj\u0105 si\u0119 dobrze \u2013 nie rezygnuj wi\u0119c z kolor\u00f3w ani print\u00f3w, je\u015bli s\u0105 cz\u0119\u015bci\u0105 Twojego stylu. Wesele to r\u00f3wnie\u017c czas, by zab\u0142ysn\u0105\u0107 \u2013 dos\u0142ownie i w przeno\u015bni \u2013 dlatego delikatny po\u0142ysk materia\u0142u czy sukienka z ozdobnymi r\u0119kawami mog\u0105 by\u0107 strza\u0142em w dziesi\u0105tk\u0119.<\/p>\n\n\n\r\n<div class=\"product-block-container swiper mySwiperProductBlock\">\r\n    <div class=\"product-block-swiper swiper-wrapper\">\r\n                    <div class=\"swiper-slide product-block-item\" data-id=\"147255\">\r\n                <a href=\"https:\/\/bialcon.pl\/dopasowana-sukienka-z-elastycznej-granatowej-koronki?utm_source=blog&utm_medium=nowosci&utm_campaign=040925\" class=\"product-block-url\" target=\"_blank\">\r\n                    <div class=\"product-block-image\">\r\n                        <img decoding=\"async\" width=\"300\" height=\"400\" src=\"https:\/\/bialcon.pl\/picture\/dopasowana-sukienka-z-elastycznej-granatowej-koronki_1.jpg\" alt=\"Dopasowana sukienka z elastycznej granatowej koronki\">\r\n                    <\/div>\r\n                    <div class=\"product-block-name\">\r\n                        <p>Dopasowana sukienka z elastycznej granatowej koronki<\/p>\r\n                    <\/div>\r\n                <\/a>\r\n            <\/div>\r\n                    <div class=\"swiper-slide product-block-item\" data-id=\"147173\">\r\n                <a href=\"https:\/\/bialcon.pl\/czarna-sukienki-z-koronki-o-dlugosci-midi?utm_source=blog&utm_medium=nowosci&utm_campaign=040925\" class=\"product-block-url\" target=\"_blank\">\r\n                    <div class=\"product-block-image\">\r\n                        <img decoding=\"async\" width=\"300\" height=\"400\" src=\"https:\/\/bialcon.pl\/picture\/czarna-sukienki-z-koronki-o-dlugosci-midi_1.jpg\" alt=\"Czarna sukienki z koronki o d\u0142ugo\u015bci midi\">\r\n                    <\/div>\r\n                    <div class=\"product-block-name\">\r\n                        <p>Czarna sukienki z koronki o d\u0142ugo\u015bci midi<\/p>\r\n                    <\/div>\r\n                <\/a>\r\n            <\/div>\r\n                    <div class=\"swiper-slide product-block-item\" data-id=\"147810\">\r\n                <a href=\"https:\/\/bialcon.pl\/sukienka-z-koronki-w-kolorze-zgaszonego-rozu?utm_source=blog&utm_medium=nowosci&utm_campaign=040925\" class=\"product-block-url\" target=\"_blank\">\r\n                    <div class=\"product-block-image\">\r\n                        <img decoding=\"async\" width=\"300\" height=\"400\" src=\"https:\/\/bialcon.pl\/picture\/sukienka-z-koronki-w-kolorze-zgaszonego-rozu_1.jpg\" alt=\"Sukienka z koronki w kolorze zgaszonego r\u00f3\u017cu\">\r\n                    <\/div>\r\n                    <div class=\"product-block-name\">\r\n                        <p>Sukienka z koronki w kolorze zgaszonego r\u00f3\u017cu<\/p>\r\n                    <\/div>\r\n                <\/a>\r\n            <\/div>\r\n            <\/div>\r\n<\/div>\r\n\n\n\n\n<h2 class=\"wp-block-heading\"><span class=\"ez-toc-section\" id=\"Stylizacja_mamy_po_50_%E2%80%93_klasyka_w_nowoczesnym_wydaniu\"><\/span>Stylizacja mamy po 50. \u2013 klasyka w nowoczesnym wydaniu<span class=\"ez-toc-section-end\"><\/span><\/h2>\n\n\n\n<p>Panie po pi\u0119\u0107dziesi\u0105tce coraz cz\u0119\u015bciej ceni\u0105 modne sukienki eleganckie, kt\u00f3re \u0142\u0105cz\u0105 klasyczny fason z delikatnym twistem. Kr\u00f3tki r\u0119kaw, sukienki midi o\u0142\u00f3wkowe lub z delikatnym rozkloszowaniem pozwalaj\u0105 wyeksponowa\u0107 figur\u0119 bez przesady. Dla mam pana m\u0142odego lub mamy panny m\u0142odej idealny kolor sukienki weselnych to jasne be\u017ce, pudrowe odcienie r\u00f3\u017cu, stonowana ziele\u0144 lub granat. Sukienka midi z ozdobnymi r\u0119kawami lub z dekoltem typu \u0142\u00f3dka mo\u017ce by\u0107 \u015bwietnym wyborem. Je\u015bli uroczysto\u015b\u0107 odbywa si\u0119 jesieni\u0105 lub zim\u0105, dobrym rozwi\u0105zaniem jest model z d\u0142u\u017cszym r\u0119kawem lub delikatn\u0105 warstw\u0105 tiulu. Takie stylizacje podkre\u015blaj\u0105 jej klasy, daj\u0105 pewno\u015b\u0107 siebie i elegancj\u0119 na ca\u0142ym tle wesela.<\/p>\n\n\n\n<p>Dojrza\u0142a kobieta wie, \u017ce komfort jest r\u00f3wnie wa\u017cny jak wygl\u0105d \u2013 dlatego zwr\u00f3\u0107 uwag\u0119 na sk\u0142ad materia\u0142u i dopasowanie sukienki do figury. Modele z delikatn\u0105 tali\u0105, dekoltem V i marszczeniami w okolicach brzucha b\u0119d\u0105 prezentowa\u0107 si\u0119 pi\u0119knie i naturalnie. Zrezygnuj z nadmiaru b\u0142ysku na rzecz wysokiej jako\u015bci tkanin. W tej grupie wiekowej \u015bwietnie sprawdzaj\u0105 si\u0119 tak\u017ce zestawy z eleganck\u0105 marynark\u0105 lub narzutk\u0105 \u2013 zapewni\u0105 dodatkowy komfort i nadadz\u0105 ca\u0142o\u015bci uroczystego charakteru.<\/p>\n\n\n\r\n<div class=\"product-block-container swiper mySwiperProductBlock\">\r\n    <div class=\"product-block-swiper swiper-wrapper\">\r\n                    <div class=\"swiper-slide product-block-item\" data-id=\"147575\">\r\n                <a href=\"https:\/\/bialcon.pl\/dluga-satynowa-sukienka-z-odkrytym-ramieniem?utm_source=blog&utm_medium=nowosci&utm_campaign=040925\" class=\"product-block-url\" target=\"_blank\">\r\n                    <div class=\"product-block-image\">\r\n                        <img decoding=\"async\" width=\"300\" height=\"400\" src=\"https:\/\/bialcon.pl\/picture\/dluga-satynowa-sukienka-z-odkrytym-ramieniem_1.jpg\" alt=\"D\u0142uga satynowa sukienka z odkrytym ramieniem\">\r\n                    <\/div>\r\n                    <div class=\"product-block-name\">\r\n                        <p>D\u0142uga satynowa sukienka z odkrytym ramieniem<\/p>\r\n                    <\/div>\r\n                <\/a>\r\n            <\/div>\r\n                    <div class=\"swiper-slide product-block-item\" data-id=\"147606\">\r\n                <a href=\"https:\/\/bialcon.pl\/wizytowa-turkusowa-sukienka-z-lekkiej-posykujacej-tafty?utm_source=blog&utm_medium=nowosci&utm_campaign=040925\" class=\"product-block-url\" target=\"_blank\">\r\n                    <div class=\"product-block-image\">\r\n                        <img decoding=\"async\" width=\"300\" height=\"400\" src=\"https:\/\/bialcon.pl\/picture\/wizytowa-turkusowa-sukienka-z-lekkiej-posykujacej-tafty_2.jpg\" alt=\"Wizytowa turkusowa sukienka z lekkiej posykuj\u0105cej tafty\">\r\n                    <\/div>\r\n                    <div class=\"product-block-name\">\r\n                        <p>Wizytowa turkusowa sukienka z lekkiej posykuj\u0105cej tafty<\/p>\r\n                    <\/div>\r\n                <\/a>\r\n            <\/div>\r\n                    <div class=\"swiper-slide product-block-item\" data-id=\"147615\">\r\n                <a href=\"https:\/\/bialcon.pl\/dzianinowa-sukienka-z-marszczeniem-i-ozdoba-w-talii?utm_source=blog&utm_medium=nowosci&utm_campaign=040925\" class=\"product-block-url\" target=\"_blank\">\r\n                    <div class=\"product-block-image\">\r\n                        <img decoding=\"async\" width=\"300\" height=\"400\" src=\"https:\/\/bialcon.pl\/picture\/dzianinowa-sukienka-z-marszczeniem-i-ozdoba-w-talii_3.jpg\" alt=\"Dzianinowa sukienka z marszczeniem i ozdob\u0105 w talii\">\r\n                    <\/div>\r\n                    <div class=\"product-block-name\">\r\n                        <p>Dzianinowa sukienka z marszczeniem i ozdob\u0105 w talii<\/p>\r\n                    <\/div>\r\n                <\/a>\r\n            <\/div>\r\n            <\/div>\r\n<\/div>\r\n\n\n\n\n<h2 class=\"wp-block-heading\"><span class=\"ez-toc-section\" id=\"Stylizacja_mamy_po_60_%E2%80%93_elegancja_i_dystynkcja\"><\/span>Stylizacja mamy po 60. \u2013 elegancja i dystynkcja<span class=\"ez-toc-section-end\"><\/span><\/h2>\n\n\n\n<p>Dla matek po sze\u015b\u0107dziesi\u0105tce elegancka sukienka wieczorowa powinna by\u0107 stonowana, ale wci\u0105\u017c kobieca. Dobrze sprawdzi si\u0119 d\u0142uga sukienka z r\u0119kawem \u00be, w g\u0142adkim jednolitym kolorze, np. butelkowej zieleni, grafitowej szaro\u015bci, granatu. Unikamy krzykliwej kolorystyki \u2013 lepsze s\u0105 barwy stonowane, kt\u00f3re podkre\u015blaj\u0105 elegancj\u0119 i nie zak\u0142\u00f3caj\u0105 kompozycji ceremonii. Dopuszczalne s\u0105 subtelne zdobienia \u2013 koronka, haft, delikatne falbanki, ozdobne r\u0119kawy lub asymetryczny dekolt. Stylizacja na wesele dla mamy w tym wieku to po\u0142\u0105czenie komfortu \u2013 lu\u017aniejszy fason, nie obciskaj\u0105cy \u2013 z wyrafinowan\u0105 prostot\u0105 i dobrym smakiem.<\/p>\n\n\n\n<p>Nie oznacza to jednak nudy \u2013 wiele kobiet po 60. wygl\u0105da zjawiskowo w odcieniach brzoskwini, oliwki czy ciep\u0142ej ceg\u0142y. Postaw na sukienki weselne z wyra\u017anie zaznaczon\u0105 lini\u0105 ramion, subtelnie zdobione koralikami czy satynowym paskiem. Do takich kreacji \u015bwietnie pasuj\u0105 eleganckie buty na niskim s\u0142upku oraz bi\u017cuteria, kt\u00f3ra podkre\u015bli jej urod\u0119, a nie przyt\u0142oczy ca\u0142o\u015bci. Wiek nie ogranicza stylu \u2013 wr\u0119cz przeciwnie, mo\u017ce by\u0107 jego najpi\u0119kniejsz\u0105 wersj\u0105.<\/p>\n\n\n\n<h2 class=\"wp-block-heading\"><span class=\"ez-toc-section\" id=\"Sukienki_dlugie_czy_midi_%E2%80%93_co_wybrac\"><\/span>Sukienki d\u0142ugie czy midi \u2013 co wybra\u0107?<span class=\"ez-toc-section-end\"><\/span><\/h2>\n\n\n\n<p>W przypadku mam na wesele cz\u0119sto rozwa\u017cany jest wyb\u00f3r pomi\u0119dzy d\u0142ugimi sukienkami a d\u0142ugo\u015bci\u0105 midi. D\u0142ugie sukienki gwarantuj\u0105 elegancj\u0119 i efektowno\u015b\u0107, zw\u0142aszcza dla mam panny m\u0142odej lub matki pana m\u0142odego stoj\u0105cej w centrum uwagi. Z kolei sukienka midi na wesele daje wi\u0119cej mobilno\u015bci i jest bardziej uniwersalna \u2013 \u015bwietna alternatywa do ta\u0144ca, spaceru, zdj\u0119\u0107. Sukienki midi z ozdobnymi r\u0119kawami czy falbanami mog\u0105 by\u0107 r\u00f3wnie eleganckie, a cz\u0119sto wygodniejsze przy zmianach pogody. Wersja midi to doskona\u0142y wyb\u00f3r dla mam pragn\u0105cych balans pomi\u0119dzy stylem a lekko\u015bci\u0105.<\/p>\n\n\n\r\n<div class=\"product-block-container swiper mySwiperProductBlock\">\r\n    <div class=\"product-block-swiper swiper-wrapper\">\r\n                    <div class=\"swiper-slide product-block-item\" data-id=\"145691\">\r\n                <a href=\"https:\/\/bialcon.pl\/sukienka-koszulowa-z-rozcieciami-po-bokach?utm_source=blog&utm_medium=nowosci&utm_campaign=040925\" class=\"product-block-url\" target=\"_blank\">\r\n                    <div class=\"product-block-image\">\r\n                        <img decoding=\"async\" width=\"300\" height=\"400\" src=\"https:\/\/bialcon.pl\/picture\/sukienka-szmizjerka-z-bocznymi-rozcieciami_9.jpg\" alt=\"Sukienka koszulowa z rozci\u0119ciami po bokach\">\r\n                    <\/div>\r\n                    <div class=\"product-block-name\">\r\n                        <p>Sukienka koszulowa z rozci\u0119ciami po bokach<\/p>\r\n                    <\/div>\r\n                <\/a>\r\n            <\/div>\r\n                    <div class=\"swiper-slide product-block-item\" data-id=\"144683\">\r\n                <a href=\"https:\/\/bialcon.pl\/wizytowa-sukienka-z-linii-bialcon-art?utm_source=blog&utm_medium=nowosci&utm_campaign=040925\" class=\"product-block-url\" target=\"_blank\">\r\n                    <div class=\"product-block-image\">\r\n                        <img decoding=\"async\" width=\"300\" height=\"400\" src=\"https:\/\/bialcon.pl\/picture\/wizytowa-sukienka-z-linii-bialcon-art_1.jpg\" alt=\"Wizytowa sukienka z linii Bialcon Art\">\r\n                    <\/div>\r\n                    <div class=\"product-block-name\">\r\n                        <p>Wizytowa sukienka z linii Bialcon Art<\/p>\r\n                    <\/div>\r\n                <\/a>\r\n            <\/div>\r\n                    <div class=\"swiper-slide product-block-item\" data-id=\"144233\">\r\n                <a href=\"https:\/\/bialcon.pl\/czarna-dzianinowa-sukienka-z-kontrafalda?utm_source=blog&utm_medium=nowosci&utm_campaign=040925\" class=\"product-block-url\" target=\"_blank\">\r\n                    <div class=\"product-block-image\">\r\n                        <img decoding=\"async\" width=\"300\" height=\"400\" src=\"https:\/\/bialcon.pl\/picture\/sukienka-czarny-home-o_6.jpg\" alt=\"Czarna dzianinowa sukienka z kontrafa\u0142d\u0105\">\r\n                    <\/div>\r\n                    <div class=\"product-block-name\">\r\n                        <p>Czarna dzianinowa sukienka z kontrafa\u0142d\u0105<\/p>\r\n                    <\/div>\r\n                <\/a>\r\n            <\/div>\r\n            <\/div>\r\n<\/div>\r\n\n\n\n\n<h2 class=\"wp-block-heading\"><span class=\"ez-toc-section\" id=\"Jak_dobrac_fason_do_sylwetki_mamy\"><\/span>Jak dobra\u0107 fason do sylwetki mamy?<span class=\"ez-toc-section-end\"><\/span><\/h2>\n\n\n\n<p>Przy wyborze fasonu najwa\u017cniejsze jest dopasowanie do typu sylwetki. Dla kobiet z bardziej umi\u0119\u015bnionymi ramionami dobrym wyborem s\u0105 sukienki z d\u0142ugim r\u0119kawem i prostym krojem. Dla sylwetki gruszki lepszy b\u0119dzie fason z zaznaczeniem talii i lekko rozkloszowanym do\u0142em, kt\u00f3ry wyr\u00f3wna proporcje. Cienki pas i lekko zak\u0142adany dekolt to \u015bwietny trik na wysmuklenie sylwetki. Fasony z tali\u0105 empire i p\u0142yn\u0105ce tkaniny tworz\u0105 efekt subtelnej struktury, natomiast kroje o\u0142\u00f3wkowe dodaj\u0105 stylu i wyrafinowanego charakteru. Warto postawi\u0107 na sukienk\u0119, kt\u00f3ra podkre\u015bli sylwetk\u0119, ale zapewni wygod\u0119 ca\u0142ego dnia.<\/p>\n\n\n\n<p>Je\u015bli masz pe\u0142niejszy biust, wybierz model z dekoltem w kszta\u0142cie litery V lub z szerokimi rami\u0105czkami. Kobiety o figurze jab\u0142ka dobrze wygl\u0105daj\u0105 w sukienkach z marszczeniem pod biustem i lu\u017anym do\u0142em. Sylwetka typu klepsydra mo\u017ce sobie pozwoli\u0107 na sukienk\u0119 midi z dopasowan\u0105 tali\u0105 i g\u0142adkim do\u0142em. Warto przymierzy\u0107 kilka fason\u00f3w, by znale\u017a\u0107 ten jeden, kt\u00f3ry sprawi, \u017ce stylizacja mamy na wesele stanie si\u0119 Twoj\u0105 ulubion\u0105 kreacj\u0105.<\/p>\n\n\n\r\n<div class=\"product-block-container swiper mySwiperProductBlock\">\r\n    <div class=\"product-block-swiper swiper-wrapper\">\r\n                    <div class=\"swiper-slide product-block-item\" data-id=\"147620\">\r\n                <a href=\"https:\/\/bialcon.pl\/oryginalna-sukienka-inspirowana-malarstwem-chelmonskiego?utm_source=blog&utm_medium=nowosci&utm_campaign=040925\" class=\"product-block-url\" target=\"_blank\">\r\n                    <div class=\"product-block-image\">\r\n                        <img decoding=\"async\" width=\"300\" height=\"400\" src=\"https:\/\/bialcon.pl\/picture\/oryginalna-sukienka-inspirowana-malarstwem-chelmonskiego_1.jpg\" alt=\"Oryginalna sukienka inspirowana malarstwem Che\u0142mo\u0144skiego\">\r\n                    <\/div>\r\n                    <div class=\"product-block-name\">\r\n                        <p>Oryginalna sukienka inspirowana malarstwem Che\u0142mo\u0144skiego<\/p>\r\n                    <\/div>\r\n                <\/a>\r\n            <\/div>\r\n                    <div class=\"swiper-slide product-block-item\" data-id=\"147621\">\r\n                <a href=\"https:\/\/bialcon.pl\/efektowna-rozowa-sukienka-z-tafty?utm_source=blog&utm_medium=nowosci&utm_campaign=040925\" class=\"product-block-url\" target=\"_blank\">\r\n                    <div class=\"product-block-image\">\r\n                        <img decoding=\"async\" width=\"300\" height=\"400\" src=\"https:\/\/bialcon.pl\/picture\/efektowna-rozowa-sukienka-z-tafty.jpg\" alt=\"Efektowna r\u00f3\u017cowa sukienka z tafty\">\r\n                    <\/div>\r\n                    <div class=\"product-block-name\">\r\n                        <p>Efektowna r\u00f3\u017cowa sukienka z tafty<\/p>\r\n                    <\/div>\r\n                <\/a>\r\n            <\/div>\r\n                    <div class=\"swiper-slide product-block-item\" data-id=\"147626\">\r\n                <a href=\"https:\/\/bialcon.pl\/taftowa-sukienka-midi-z-paskiem-i-kieszeniami?utm_source=blog&utm_medium=nowosci&utm_campaign=040925\" class=\"product-block-url\" target=\"_blank\">\r\n                    <div class=\"product-block-image\">\r\n                        <img decoding=\"async\" width=\"300\" height=\"400\" src=\"https:\/\/bialcon.pl\/picture\/taftowa-sukienka-midi-z-paskiem-i-kieszeniami.jpg\" alt=\"Taftowa sukienka midi z paskiem i kieszeniami\">\r\n                    <\/div>\r\n                    <div class=\"product-block-name\">\r\n                        <p>Taftowa sukienka midi z paskiem i kieszeniami<\/p>\r\n                    <\/div>\r\n                <\/a>\r\n            <\/div>\r\n            <\/div>\r\n<\/div>\r\n\n\n\n\n<h2 class=\"wp-block-heading\"><span class=\"ez-toc-section\" id=\"Kolory_sukienek_weselnych_%E2%80%93_jak_dobrac_barwe_do_wieku_i_uroczystosci\"><\/span>Kolory sukienek weselnych \u2013 jak dobra\u0107 barw\u0119 do wieku i uroczysto\u015bci<span class=\"ez-toc-section-end\"><\/span><\/h2>\n\n\n\n<p>W wyborze koloru sukienki weselnych bardzo istotne jest dopasowanie do urody i stylu uroczysto\u015bci. Dla mam po 40. cz\u0119sto wybierana jest g\u0142\u0119boka ziele\u0144 lub bordo, kt\u00f3re pi\u0119knie wsp\u00f3\u0142graj\u0105 z naturaln\u0105 opalenizn\u0105 czy rudawymi w\u0142osami. Dla mam po 50. \u015bwietnie sprawdzi si\u0119 be\u017c, pudrowy r\u00f3\u017c, granat, ziele\u0144. Dla mam po 60. najlepiej stonowane tony: grafit, jasny seledyn, cappuccino. Jasna paleta dobrze wygl\u0105da w miesi\u0105cach letnich, a zim\u0105 warto postawi\u0107 na g\u0142\u0119bsze barwy. Je\u015bli panna m\u0142oda \u017cyczy sobie neutralnego t\u0142a lub wskazany jest motyw kolorystyczny pary m\u0142odej, zawsze kieruj si\u0119 tonacj\u0105 wesela jako subtelnym wsparciem stylizacji.<\/p>\n\n\n\n<p>Warto te\u017c pami\u0119ta\u0107 o kontra\u015bcie \u2013 je\u017celi masz jasn\u0105 cer\u0119 i jasne w\u0142osy, pastelowe kolory mog\u0105 Ci\u0119 \u201ezgubi\u0107\u201d. W\u00f3wczas lepiej wybra\u0107 zdecydowany ton \u2013 np. butelkowa ziele\u0144, przygaszona czerwie\u0144 lub \u015bliwkowy fiolet. Dla brunetek i szatynek \u015bwietnie sprawdzaj\u0105 si\u0119 kolory natury \u2013 oliwka, karmel, be\u017c, kt\u00f3re podkre\u015bl\u0105 urod\u0119 bez zdominowania ca\u0142ej stylizacji. W ka\u017cdym wieku dobrze sprawdzaj\u0105 si\u0119 te\u017c sukienki w kolorze niebieskim, kt\u00f3ry dodaje \u015bwie\u017co\u015bci i klasy.<\/p>\n\n\n\n<h2 class=\"wp-block-heading\"><span class=\"ez-toc-section\" id=\"Dodatki_i_buty_do_kreacji_mam_weselnych\"><\/span>Dodatki i buty do kreacji mam weselnych<span class=\"ez-toc-section-end\"><\/span><\/h2>\n\n\n\n<p>W doborze dodatk\u00f3w do eleganckiej sukienki mamy ma decyduj\u0105cy wp\u0142yw elementy \u2013 bi\u017cuteria w z\u0142otym lub srebrnym tonie, subtelna torebka kopert\u00f3wka, eleganckie buty na obcasie lub niewysoka koturna. Przy d\u0142ugiej sukience najlepiej sprawdzaj\u0105 si\u0119 buty na obcasie w kolorze nude lub metalicznym. Sukienki midi mo\u017cna po\u0142\u0105czy\u0107 z sanda\u0142ami lub cz\u00f3\u0142enkami na stabilnym obcasie. Je\u015bli kreacja ma ozdobne r\u0119kawki, warto ograniczy\u0107 bi\u017cuteri\u0119 do kolczyk\u00f3w lub delikatnego naszyjnika. Kluczem jest r\u00f3wnowaga \u2013 dodatki maj\u0105 uzupe\u0142nia\u0107 styl, a nie dominowa\u0107 go.<\/p>\n\n\n\r\n<div class=\"product-block-container swiper mySwiperProductBlock\">\r\n    <div class=\"product-block-swiper swiper-wrapper\">\r\n                    <div class=\"swiper-slide product-block-item\" data-id=\"147799\">\r\n                <a href=\"https:\/\/bialcon.pl\/karmelowa-torebka-z-wysokogatunkowej-skory-naturalnej?utm_source=blog&utm_medium=nowosci&utm_campaign=040925\" class=\"product-block-url\" target=\"_blank\">\r\n                    <div class=\"product-block-image\">\r\n                        <img decoding=\"async\" width=\"300\" height=\"400\" src=\"https:\/\/bialcon.pl\/picture\/torba-k772-bis-bezowy-karen_3.webp\" alt=\"Karmelowa torebka z wysokogatunkowej sk\u00f3ry naturalnej\">\r\n                    <\/div>\r\n                    <div class=\"product-block-name\">\r\n                        <p>Karmelowa torebka z wysokogatunkowej sk\u00f3ry naturalnej<\/p>\r\n                    <\/div>\r\n                <\/a>\r\n            <\/div>\r\n                    <div class=\"swiper-slide product-block-item\" data-id=\"147800\">\r\n                <a href=\"https:\/\/bialcon.pl\/torba-kuferek-z-naturalnej-skory-groszkowanej?utm_source=blog&utm_medium=nowosci&utm_campaign=040925\" class=\"product-block-url\" target=\"_blank\">\r\n                    <div class=\"product-block-image\">\r\n                        <img decoding=\"async\" width=\"300\" height=\"400\" src=\"https:\/\/bialcon.pl\/picture\/torba-sm8050-brazowy-karen_3.png\" alt=\"Torba - kuferek z naturalnej sk\u00f3ry groszkowanej\">\r\n                    <\/div>\r\n                    <div class=\"product-block-name\">\r\n                        <p>Torba - kuferek z naturalnej sk\u00f3ry groszkowanej<\/p>\r\n                    <\/div>\r\n                <\/a>\r\n            <\/div>\r\n                    <div class=\"swiper-slide product-block-item\" data-id=\"147801\">\r\n                <a href=\"https:\/\/bialcon.pl\/mala-stylowa-torebka-z-brazowego-zamszu?utm_source=blog&utm_medium=nowosci&utm_campaign=040925\" class=\"product-block-url\" target=\"_blank\">\r\n                    <div class=\"product-block-image\">\r\n                        <img decoding=\"async\" width=\"300\" height=\"400\" src=\"https:\/\/bialcon.pl\/picture\/torba-e6027-brazowy-karen_1.png\" alt=\"Ma\u0142a stylowa torebka z br\u0105zowego zamszu\">\r\n                    <\/div>\r\n                    <div class=\"product-block-name\">\r\n                        <p>Ma\u0142a stylowa torebka z br\u0105zowego zamszu<\/p>\r\n                    <\/div>\r\n                <\/a>\r\n            <\/div>\r\n            <\/div>\r\n<\/div>\r\n\n\n\n\n<h2 class=\"wp-block-heading\"><span class=\"ez-toc-section\" id=\"Zimowe_i_jesienne_rozwiazania_%E2%80%93_elegancja_przez_caly_sezon\"><\/span>Zimowe i jesienne rozwi\u0105zania \u2013 elegancja przez ca\u0142y sezon<span class=\"ez-toc-section-end\"><\/span><\/h2>\n\n\n\n<p>Je\u015bli wesele odbywa si\u0119 jesieni\u0105 lub zim\u0105, warto rozwa\u017cy\u0107 sukienki z d\u0142u\u017cszym r\u0119kawem, grubszej tkaniny lub zestawy z eleganck\u0105 marynark\u0105 lub bolerkiem. Stawiaj na elegancka sukienka wieczorowa w kolorze ciemnej zieleni, bordo lub klasycznej czerni, uzupe\u0142nionej o kobiece dodatki \u2013 \u017cakiet, lekki p\u0142aszcz, szal z delikatnej we\u0142ny. D\u0142ugi r\u0119kaw zapewnia komfort, a jednocze\u015bnie wpisuje si\u0119 w klimat pory roku. To rozwi\u0105zanie idealne dla mam ceni\u0105cych styl i funkcjonalno\u015b\u0107.<\/p>\n\n\n\n<h2 class=\"wp-block-heading\"><span class=\"ez-toc-section\" id=\"Stylowo_i_komfortowo_%E2%80%93_ostatnie_slowo_o_wyborze_sukienki\"><\/span>Stylowo i komfortowo \u2013 ostatnie s\u0142owo o wyborze sukienki<span class=\"ez-toc-section-end\"><\/span><\/h2>\n\n\n\n<p>Podsumowuj\u0105c, stylizacja mamy na wesele to balans mi\u0119dzy elegancj\u0105, komfortem i dopasowaniem do swojej figury i wieku. Elegancka sukienka, czy to maxi, czy midi, mo\u017ce by\u0107 idealnym wyborem, je\u015bli jest dobrana do figury, urody i stylu uroczysto\u015bci. Kolor, fason, d\u0142ugo\u015b\u0107 i dodatki wp\u0142ywaj\u0105 na efekt ko\u0144cowy. W ofercie Bialcon znajdziesz szerok\u0105 gam\u0119 sukienek dla mamy weselnej, kt\u00f3re \u0142\u0105cz\u0105 klasyk\u0119 z nowoczesno\u015bci\u0105, wyj\u0105tkowym wykonaniem i komfortem. Ka\u017cda kobieta zas\u0142uguje na szykowny i przyjazny styl \u2013 bez kompromis\u00f3w.<\/p>\n","protected":false},"excerpt":{"rendered":"<p>Ka\u017cda matka panny m\u0142odej, a tak\u017ce mama pana m\u0142odego zas\u0142uguje na moment, w kt\u00f3rym czuje si\u0119 wyj\u0105tkowo i pi\u0119knie. Stylizacja na wesele dla mamy to temat wra\u017cliwy \u2013 wymaga wyboru eleganckiej sukienki, kt\u00f3ra jednocze\u015bnie b\u0119dzie wygodna, modna i odpowiednia do wieku. D\u0142ugie, eleganckie sukienki czy d\u0142ugo\u015bci midi z ozdobnymi r\u0119kawami to tylko niekt\u00f3re propozycje. Jak [&hellip;]<\/p>\n","protected":false},"author":8,"featured_media":12340,"comment_status":"closed","ping_status":"open","sticky":false,"template":"","format":"standard","meta":{"_acf_changed":false,"site-sidebar-layout":"default","site-content-layout":"","ast-site-content-layout":"default","site-content-style":"default","site-sidebar-style":"default","ast-global-header-display":"","ast-banner-title-visibility":"","ast-main-header-display":"","ast-hfb-above-header-display":"","ast-hfb-below-header-display":"","ast-hfb-mobile-header-display":"","site-post-title":"","ast-breadcrumbs-content":"","ast-featured-img":"","footer-sml-layout":"","theme-transparent-header-meta":"","adv-header-id-meta":"","stick-header-meta":"","header-above-stick-meta":"","header-main-stick-meta":"","header-below-stick-meta":"","astra-migrate-meta-layouts":"set","ast-page-background-enabled":"default","ast-page-background-meta":{"desktop":{"background-color":"","background-image":"","background-repeat":"repeat","background-position":"center center","background-size":"auto","background-attachment":"scroll","background-type":"","background-media":"","overlay-type":"","overlay-color":"","overlay-opacity":"","overlay-gradient":""},"tablet":{"background-color":"","background-image":"","background-repeat":"repeat","background-position":"center center","background-size":"auto","background-attachment":"scroll","background-type":"","background-media":"","overlay-type":"","overlay-color":"","overlay-opacity":"","overlay-gradient":""},"mobile":{"background-color":"","background-image":"","background-repeat":"repeat","background-position":"center center","background-size":"auto","background-attachment":"scroll","background-type":"","background-media":"","overlay-type":"","overlay-color":"","overlay-opacity":"","overlay-gradient":""}},"ast-content-background-meta":{"desktop":{"background-color":"var(--ast-global-color-5)","background-image":"","background-repeat":"repeat","background-position":"center center","background-size":"auto","background-attachment":"scroll","background-type":"","background-media":"","overlay-type":"","overlay-color":"","overlay-opacity":"","overlay-gradient":""},"tablet":{"background-color":"var(--ast-global-color-5)","background-image":"","background-repeat":"repeat","background-position":"center center","background-size":"auto","background-attachment":"scroll","background-type":"","background-media":"","overlay-type":"","overlay-color":"","overlay-opacity":"","overlay-gradient":""},"mobile":{"background-color":"var(--ast-global-color-5)","background-image":"","background-repeat":"repeat","background-position":"center center","background-size":"auto","background-attachment":"scroll","background-type":"","background-media":"","overlay-type":"","overlay-color":"","overlay-opacity":"","overlay-gradient":""}},"footnotes":""},"categories":[10,14],"tags":[],"class_list":["post-12336","post","type-post","status-publish","format-standard","has-post-thumbnail","hentry","category-porady-stylistki","category-wszystkie-wpisy"],"acf":[],"yoast_head":"<!-- This site is optimized with the Yoast SEO plugin v27.4 - https:\/\/yoast.com\/product\/yoast-seo-wordpress\/ -->\n<title>Stylizacja na wesele dla mamy po 40., 50. i 60. \u2013 inspiracje na ka\u017cd\u0105 figur\u0119 i wiek - Bialcon<\/title>\n<meta name=\"description\" content=\"Stylizacja na wesele dla mamy po 40., 50. i 60. Inspiracje na eleganckie sukienki maxi i midi, kolory i fasony dopasowane do wieku.\" \/>\n<meta name=\"robots\" content=\"index, follow, max-snippet:-1, max-image-preview:large, max-video-preview:-1\" \/>\n<link rel=\"canonical\" href=\"https:\/\/bialcon.pl\/blog\/stylizacja-na-wesele-dla-mamy-po-40-50-60\/\" \/>\n<meta name=\"twitter:label1\" content=\"Napisane przez\" \/>\n\t<meta name=\"twitter:data1\" content=\"Marta Osuch\" \/>\n\t<meta name=\"twitter:label2\" content=\"Szacowany czas czytania\" \/>\n\t<meta name=\"twitter:data2\" content=\"9 minut\" \/>\n<script type=\"application\/ld+json\" class=\"yoast-schema-graph\">{\"@context\":\"https:\\\/\\\/schema.org\",\"@graph\":[{\"@type\":\"Article\",\"@id\":\"https:\\\/\\\/bialcon.pl\\\/blog\\\/stylizacja-na-wesele-dla-mamy-po-40-50-60\\\/#article\",\"isPartOf\":{\"@id\":\"https:\\\/\\\/bialcon.pl\\\/blog\\\/stylizacja-na-wesele-dla-mamy-po-40-50-60\\\/\"},\"author\":{\"name\":\"Marta Osuch\",\"@id\":\"https:\\\/\\\/bialcon.pl\\\/blog\\\/#\\\/schema\\\/person\\\/d607966042d507bd761f9e2cab07df62\"},\"headline\":\"Stylizacja na wesele dla mamy po 40., 50. i 60. \u2013 inspiracje na ka\u017cd\u0105 figur\u0119 i wiek\",\"datePublished\":\"2025-09-04T08:00:00+00:00\",\"dateModified\":\"2025-11-24T12:59:23+00:00\",\"mainEntityOfPage\":{\"@id\":\"https:\\\/\\\/bialcon.pl\\\/blog\\\/stylizacja-na-wesele-dla-mamy-po-40-50-60\\\/\"},\"wordCount\":1798,\"image\":{\"@id\":\"https:\\\/\\\/bialcon.pl\\\/blog\\\/stylizacja-na-wesele-dla-mamy-po-40-50-60\\\/#primaryimage\"},\"thumbnailUrl\":\"https:\\\/\\\/bialcon.pl\\\/blog\\\/wp-content\\\/uploads\\\/2025\\\/09\\\/Projekt-bez-nazwy-1.png\",\"articleSection\":[\"Porady Stylistki\",\"Wszystkie wpisy\"],\"inLanguage\":\"pl-PL\"},{\"@type\":\"WebPage\",\"@id\":\"https:\\\/\\\/bialcon.pl\\\/blog\\\/stylizacja-na-wesele-dla-mamy-po-40-50-60\\\/\",\"url\":\"https:\\\/\\\/bialcon.pl\\\/blog\\\/stylizacja-na-wesele-dla-mamy-po-40-50-60\\\/\",\"name\":\"Stylizacja na wesele dla mamy po 40., 50. i 60. \u2013 inspiracje na ka\u017cd\u0105 figur\u0119 i wiek - Bialcon\",\"isPartOf\":{\"@id\":\"https:\\\/\\\/bialcon.pl\\\/blog\\\/#website\"},\"primaryImageOfPage\":{\"@id\":\"https:\\\/\\\/bialcon.pl\\\/blog\\\/stylizacja-na-wesele-dla-mamy-po-40-50-60\\\/#primaryimage\"},\"image\":{\"@id\":\"https:\\\/\\\/bialcon.pl\\\/blog\\\/stylizacja-na-wesele-dla-mamy-po-40-50-60\\\/#primaryimage\"},\"thumbnailUrl\":\"https:\\\/\\\/bialcon.pl\\\/blog\\\/wp-content\\\/uploads\\\/2025\\\/09\\\/Projekt-bez-nazwy-1.png\",\"datePublished\":\"2025-09-04T08:00:00+00:00\",\"dateModified\":\"2025-11-24T12:59:23+00:00\",\"author\":{\"@id\":\"https:\\\/\\\/bialcon.pl\\\/blog\\\/#\\\/schema\\\/person\\\/d607966042d507bd761f9e2cab07df62\"},\"description\":\"Stylizacja na wesele dla mamy po 40., 50. i 60. Inspiracje na eleganckie sukienki maxi i midi, kolory i fasony dopasowane do wieku.\",\"breadcrumb\":{\"@id\":\"https:\\\/\\\/bialcon.pl\\\/blog\\\/stylizacja-na-wesele-dla-mamy-po-40-50-60\\\/#breadcrumb\"},\"inLanguage\":\"pl-PL\",\"potentialAction\":[{\"@type\":\"ReadAction\",\"target\":[\"https:\\\/\\\/bialcon.pl\\\/blog\\\/stylizacja-na-wesele-dla-mamy-po-40-50-60\\\/\"]}]},{\"@type\":\"ImageObject\",\"inLanguage\":\"pl-PL\",\"@id\":\"https:\\\/\\\/bialcon.pl\\\/blog\\\/stylizacja-na-wesele-dla-mamy-po-40-50-60\\\/#primaryimage\",\"url\":\"https:\\\/\\\/bialcon.pl\\\/blog\\\/wp-content\\\/uploads\\\/2025\\\/09\\\/Projekt-bez-nazwy-1.png\",\"contentUrl\":\"https:\\\/\\\/bialcon.pl\\\/blog\\\/wp-content\\\/uploads\\\/2025\\\/09\\\/Projekt-bez-nazwy-1.png\",\"width\":960,\"height\":850,\"caption\":\"Wizualizacja kobiety w granatowej sukience maxi w pomara\u0144czowe kwiaty, z dekoltem V i szerokimi r\u0119kawami typu dzwon\"},{\"@type\":\"BreadcrumbList\",\"@id\":\"https:\\\/\\\/bialcon.pl\\\/blog\\\/stylizacja-na-wesele-dla-mamy-po-40-50-60\\\/#breadcrumb\",\"itemListElement\":[{\"@type\":\"ListItem\",\"position\":1,\"name\":\"Strona g\u0142\u00f3wna\",\"item\":\"https:\\\/\\\/bialcon.pl\\\/blog\\\/\"},{\"@type\":\"ListItem\",\"position\":2,\"name\":\"Porady Stylistki\",\"item\":\"https:\\\/\\\/bialcon.pl\\\/blog\\\/porady-stylistki\\\/\"},{\"@type\":\"ListItem\",\"position\":3,\"name\":\"Stylizacja na wesele dla mamy po 40., 50. i 60. \u2013 inspiracje na ka\u017cd\u0105 figur\u0119 i wiek\"}]},{\"@type\":\"WebSite\",\"@id\":\"https:\\\/\\\/bialcon.pl\\\/blog\\\/#website\",\"url\":\"https:\\\/\\\/bialcon.pl\\\/blog\\\/\",\"name\":\"bialcon.pl\\\/blog\\\/\",\"description\":\"Fashion Blog w zasi\u0119gu Twojej r\u0119ki\",\"potentialAction\":[{\"@type\":\"SearchAction\",\"target\":{\"@type\":\"EntryPoint\",\"urlTemplate\":\"https:\\\/\\\/bialcon.pl\\\/blog\\\/?s={search_term_string}\"},\"query-input\":{\"@type\":\"PropertyValueSpecification\",\"valueRequired\":true,\"valueName\":\"search_term_string\"}}],\"inLanguage\":\"pl-PL\"},{\"@type\":\"Person\",\"@id\":\"https:\\\/\\\/bialcon.pl\\\/blog\\\/#\\\/schema\\\/person\\\/d607966042d507bd761f9e2cab07df62\",\"name\":\"Marta Osuch\",\"image\":{\"@type\":\"ImageObject\",\"inLanguage\":\"pl-PL\",\"@id\":\"https:\\\/\\\/secure.gravatar.com\\\/avatar\\\/e92ecceaeb1c6e5e7cf1d28eb4215cad69403014f340b8f5b576adf09b89be60?s=96&d=mm&r=g\",\"url\":\"https:\\\/\\\/secure.gravatar.com\\\/avatar\\\/e92ecceaeb1c6e5e7cf1d28eb4215cad69403014f340b8f5b576adf09b89be60?s=96&d=mm&r=g\",\"contentUrl\":\"https:\\\/\\\/secure.gravatar.com\\\/avatar\\\/e92ecceaeb1c6e5e7cf1d28eb4215cad69403014f340b8f5b576adf09b89be60?s=96&d=mm&r=g\",\"caption\":\"Marta Osuch\"},\"description\":\"Z wykszta\u0142cenia specjalistka ds. bezpiecze\u0144stwa narodowego, z pasji \u2014 tw\u00f3rczyni tre\u015bci i mi\u0142o\u015bniczka mody. Na co dzie\u0144 \u0142\u0105czy zami\u0142owanie do content marketingu z uwa\u017cn\u0105 obserwacj\u0105 trend\u00f3w, szczeg\u00f3lnie tych inspirowanych stylem najwi\u0119kszych gwiazd. Ch\u0119tnie podpatruje codzienne stylizacje i przek\u0142ada je na mod\u0119 blisk\u0105 \u017cyciu \u2014 kobiec\u0105, stylow\u0105 i pe\u0142n\u0105 charakteru. Prywatnie najch\u0119tniej si\u0119ga po krymina\u0142y i sp\u0119dza czas na spacerach z synkiem.\",\"sameAs\":[\"https:\\\/\\\/www.linkedin.com\\\/in\\\/marta-osuch-b71aa8186\\\/\"],\"url\":\"https:\\\/\\\/bialcon.pl\\\/blog\\\/author\\\/martao\\\/\"}]}<\/script>\n<!-- \/ Yoast SEO plugin. -->","yoast_head_json":{"title":"Stylizacja na wesele dla mamy po 40., 50. i 60. \u2013 inspiracje na ka\u017cd\u0105 figur\u0119 i wiek - Bialcon","description":"Stylizacja na wesele dla mamy po 40., 50. i 60. Inspiracje na eleganckie sukienki maxi i midi, kolory i fasony dopasowane do wieku.","robots":{"index":"index","follow":"follow","max-snippet":"max-snippet:-1","max-image-preview":"max-image-preview:large","max-video-preview":"max-video-preview:-1"},"canonical":"https:\/\/bialcon.pl\/blog\/stylizacja-na-wesele-dla-mamy-po-40-50-60\/","twitter_misc":{"Napisane przez":"Marta Osuch","Szacowany czas czytania":"9 minut"},"schema":{"@context":"https:\/\/schema.org","@graph":[{"@type":"Article","@id":"https:\/\/bialcon.pl\/blog\/stylizacja-na-wesele-dla-mamy-po-40-50-60\/#article","isPartOf":{"@id":"https:\/\/bialcon.pl\/blog\/stylizacja-na-wesele-dla-mamy-po-40-50-60\/"},"author":{"name":"Marta Osuch","@id":"https:\/\/bialcon.pl\/blog\/#\/schema\/person\/d607966042d507bd761f9e2cab07df62"},"headline":"Stylizacja na wesele dla mamy po 40., 50. i 60. \u2013 inspiracje na ka\u017cd\u0105 figur\u0119 i wiek","datePublished":"2025-09-04T08:00:00+00:00","dateModified":"2025-11-24T12:59:23+00:00","mainEntityOfPage":{"@id":"https:\/\/bialcon.pl\/blog\/stylizacja-na-wesele-dla-mamy-po-40-50-60\/"},"wordCount":1798,"image":{"@id":"https:\/\/bialcon.pl\/blog\/stylizacja-na-wesele-dla-mamy-po-40-50-60\/#primaryimage"},"thumbnailUrl":"https:\/\/bialcon.pl\/blog\/wp-content\/uploads\/2025\/09\/Projekt-bez-nazwy-1.png","articleSection":["Porady Stylistki","Wszystkie wpisy"],"inLanguage":"pl-PL"},{"@type":"WebPage","@id":"https:\/\/bialcon.pl\/blog\/stylizacja-na-wesele-dla-mamy-po-40-50-60\/","url":"https:\/\/bialcon.pl\/blog\/stylizacja-na-wesele-dla-mamy-po-40-50-60\/","name":"Stylizacja na wesele dla mamy po 40., 50. i 60. \u2013 inspiracje na ka\u017cd\u0105 figur\u0119 i wiek - Bialcon","isPartOf":{"@id":"https:\/\/bialcon.pl\/blog\/#website"},"primaryImageOfPage":{"@id":"https:\/\/bialcon.pl\/blog\/stylizacja-na-wesele-dla-mamy-po-40-50-60\/#primaryimage"},"image":{"@id":"https:\/\/bialcon.pl\/blog\/stylizacja-na-wesele-dla-mamy-po-40-50-60\/#primaryimage"},"thumbnailUrl":"https:\/\/bialcon.pl\/blog\/wp-content\/uploads\/2025\/09\/Projekt-bez-nazwy-1.png","datePublished":"2025-09-04T08:00:00+00:00","dateModified":"2025-11-24T12:59:23+00:00","author":{"@id":"https:\/\/bialcon.pl\/blog\/#\/schema\/person\/d607966042d507bd761f9e2cab07df62"},"description":"Stylizacja na wesele dla mamy po 40., 50. i 60. Inspiracje na eleganckie sukienki maxi i midi, kolory i fasony dopasowane do wieku.","breadcrumb":{"@id":"https:\/\/bialcon.pl\/blog\/stylizacja-na-wesele-dla-mamy-po-40-50-60\/#breadcrumb"},"inLanguage":"pl-PL","potentialAction":[{"@type":"ReadAction","target":["https:\/\/bialcon.pl\/blog\/stylizacja-na-wesele-dla-mamy-po-40-50-60\/"]}]},{"@type":"ImageObject","inLanguage":"pl-PL","@id":"https:\/\/bialcon.pl\/blog\/stylizacja-na-wesele-dla-mamy-po-40-50-60\/#primaryimage","url":"https:\/\/bialcon.pl\/blog\/wp-content\/uploads\/2025\/09\/Projekt-bez-nazwy-1.png","contentUrl":"https:\/\/bialcon.pl\/blog\/wp-content\/uploads\/2025\/09\/Projekt-bez-nazwy-1.png","width":960,"height":850,"caption":"Wizualizacja kobiety w granatowej sukience maxi w pomara\u0144czowe kwiaty, z dekoltem V i szerokimi r\u0119kawami typu dzwon"},{"@type":"BreadcrumbList","@id":"https:\/\/bialcon.pl\/blog\/stylizacja-na-wesele-dla-mamy-po-40-50-60\/#breadcrumb","itemListElement":[{"@type":"ListItem","position":1,"name":"Strona g\u0142\u00f3wna","item":"https:\/\/bialcon.pl\/blog\/"},{"@type":"ListItem","position":2,"name":"Porady Stylistki","item":"https:\/\/bialcon.pl\/blog\/porady-stylistki\/"},{"@type":"ListItem","position":3,"name":"Stylizacja na wesele dla mamy po 40., 50. i 60. \u2013 inspiracje na ka\u017cd\u0105 figur\u0119 i wiek"}]},{"@type":"WebSite","@id":"https:\/\/bialcon.pl\/blog\/#website","url":"https:\/\/bialcon.pl\/blog\/","name":"bialcon.pl\/blog\/","description":"Fashion Blog w zasi\u0119gu Twojej r\u0119ki","potentialAction":[{"@type":"SearchAction","target":{"@type":"EntryPoint","urlTemplate":"https:\/\/bialcon.pl\/blog\/?s={search_term_string}"},"query-input":{"@type":"PropertyValueSpecification","valueRequired":true,"valueName":"search_term_string"}}],"inLanguage":"pl-PL"},{"@type":"Person","@id":"https:\/\/bialcon.pl\/blog\/#\/schema\/person\/d607966042d507bd761f9e2cab07df62","name":"Marta Osuch","image":{"@type":"ImageObject","inLanguage":"pl-PL","@id":"https:\/\/secure.gravatar.com\/avatar\/e92ecceaeb1c6e5e7cf1d28eb4215cad69403014f340b8f5b576adf09b89be60?s=96&d=mm&r=g","url":"https:\/\/secure.gravatar.com\/avatar\/e92ecceaeb1c6e5e7cf1d28eb4215cad69403014f340b8f5b576adf09b89be60?s=96&d=mm&r=g","contentUrl":"https:\/\/secure.gravatar.com\/avatar\/e92ecceaeb1c6e5e7cf1d28eb4215cad69403014f340b8f5b576adf09b89be60?s=96&d=mm&r=g","caption":"Marta Osuch"},"description":"Z wykszta\u0142cenia specjalistka ds. bezpiecze\u0144stwa narodowego, z pasji \u2014 tw\u00f3rczyni tre\u015bci i mi\u0142o\u015bniczka mody. Na co dzie\u0144 \u0142\u0105czy zami\u0142owanie do content marketingu z uwa\u017cn\u0105 obserwacj\u0105 trend\u00f3w, szczeg\u00f3lnie tych inspirowanych stylem najwi\u0119kszych gwiazd. Ch\u0119tnie podpatruje codzienne stylizacje i przek\u0142ada je na mod\u0119 blisk\u0105 \u017cyciu \u2014 kobiec\u0105, stylow\u0105 i pe\u0142n\u0105 charakteru. Prywatnie najch\u0119tniej si\u0119ga po krymina\u0142y i sp\u0119dza czas na spacerach z synkiem.","sameAs":["https:\/\/www.linkedin.com\/in\/marta-osuch-b71aa8186\/"],"url":"https:\/\/bialcon.pl\/blog\/author\/martao\/"}]}},"_links":{"self":[{"href":"https:\/\/bialcon.pl\/blog\/wp-json\/wp\/v2\/posts\/12336","targetHints":{"allow":["GET"]}}],"collection":[{"href":"https:\/\/bialcon.pl\/blog\/wp-json\/wp\/v2\/posts"}],"about":[{"href":"https:\/\/bialcon.pl\/blog\/wp-json\/wp\/v2\/types\/post"}],"author":[{"embeddable":true,"href":"https:\/\/bialcon.pl\/blog\/wp-json\/wp\/v2\/users\/8"}],"replies":[{"embeddable":true,"href":"https:\/\/bialcon.pl\/blog\/wp-json\/wp\/v2\/comments?post=12336"}],"version-history":[{"count":3,"href":"https:\/\/bialcon.pl\/blog\/wp-json\/wp\/v2\/posts\/12336\/revisions"}],"predecessor-version":[{"id":12341,"href":"https:\/\/bialcon.pl\/blog\/wp-json\/wp\/v2\/posts\/12336\/revisions\/12341"}],"wp:featuredmedia":[{"embeddable":true,"href":"https:\/\/bialcon.pl\/blog\/wp-json\/wp\/v2\/media\/12340"}],"wp:attachment":[{"href":"https:\/\/bialcon.pl\/blog\/wp-json\/wp\/v2\/media?parent=12336"}],"wp:term":[{"taxonomy":"category","embeddable":true,"href":"https:\/\/bialcon.pl\/blog\/wp-json\/wp\/v2\/categories?post=12336"},{"taxonomy":"post_tag","embeddable":true,"href":"https:\/\/bialcon.pl\/blog\/wp-json\/wp\/v2\/tags?post=12336"}],"curies":[{"name":"wp","href":"https:\/\/api.w.org\/{rel}","templated":true}]}}