{"id":12282,"date":"2025-08-21T15:30:45","date_gmt":"2025-08-21T13:30:45","guid":{"rendered":"https:\/\/bialcon.pl\/blog\/?p=12282"},"modified":"2025-11-24T13:56:11","modified_gmt":"2025-11-24T12:56:11","slug":"wloski-styl","status":"publish","type":"post","link":"https:\/\/bialcon.pl\/blog\/wloski-styl\/","title":{"rendered":"W\u0142oski styl \u2013 jak ubiera\u0107 si\u0119 z klas\u0105 i lekko\u015bci\u0105 jak W\u0142oszki?"},"content":{"rendered":"<div id=\"ez-toc-container\" class=\"ez-toc-v2_0_82_2 counter-hierarchy ez-toc-counter ez-toc-custom ez-toc-container-direction\">\n<div class=\"ez-toc-title-container\"><p class=\"ez-toc-title\" style=\"cursor:inherit\">Spis Tre\u015bci<\/p>\n<\/div><nav><ul class='ez-toc-list ez-toc-list-level-1 ' ><li class='ez-toc-page-1 ez-toc-heading-level-2'><a class=\"ez-toc-link ez-toc-heading-1\" href=\"https:\/\/bialcon.pl\/blog\/wloski-styl\/#Czym_wyroznia_sie_styl_wloski\" >Czym wyr\u00f3\u017cnia si\u0119 styl w\u0142oski?<\/a><\/li><li class='ez-toc-page-1 ez-toc-heading-level-2'><a class=\"ez-toc-link ez-toc-heading-2\" href=\"https:\/\/bialcon.pl\/blog\/wloski-styl\/#Kluczowe_elementy_garderoby_w_stylu_wloskim\" >Kluczowe elementy garderoby w stylu w\u0142oskim<\/a><\/li><li class='ez-toc-page-1 ez-toc-heading-level-2'><a class=\"ez-toc-link ez-toc-heading-3\" href=\"https:\/\/bialcon.pl\/blog\/wloski-styl\/#Kolory_%E2%80%93_kiedy_siegnac_po_intensywne_barwy\" >Kolory \u2013 kiedy si\u0119gn\u0105\u0107 po intensywne barwy?<\/a><\/li><li class='ez-toc-page-1 ez-toc-heading-level-2'><a class=\"ez-toc-link ez-toc-heading-4\" href=\"https:\/\/bialcon.pl\/blog\/wloski-styl\/#Okulary_przeciwsloneczne_%E2%80%93_nieodlaczny_element\" >Okulary przeciws\u0142oneczne \u2013 nieod\u0142\u0105czny element<\/a><\/li><li class='ez-toc-page-1 ez-toc-heading-level-2'><a class=\"ez-toc-link ez-toc-heading-5\" href=\"https:\/\/bialcon.pl\/blog\/wloski-styl\/#Klasyczne_szpilki_i_eleganckie_mokasyny\" >Klasyczne szpilki i eleganckie mokasyny<\/a><\/li><li class='ez-toc-page-1 ez-toc-heading-level-2'><a class=\"ez-toc-link ez-toc-heading-6\" href=\"https:\/\/bialcon.pl\/blog\/wloski-styl\/#Dolce_Vita_%E2%80%93_styl_zycia_w_codziennych_stylizacjach\" >Dolce Vita \u2013 styl \u017cycia w codziennych stylizacjach<\/a><\/li><li class='ez-toc-page-1 ez-toc-heading-level-2'><a class=\"ez-toc-link ez-toc-heading-7\" href=\"https:\/\/bialcon.pl\/blog\/wloski-styl\/#Minimalizm_z_twistem_%E2%80%93_nowoczesnosc_w_modzie_wloskiej\" >Minimalizm z twistem \u2013 nowoczesno\u015b\u0107 w modzie w\u0142oskiej<\/a><\/li><li class='ez-toc-page-1 ez-toc-heading-level-2'><a class=\"ez-toc-link ez-toc-heading-8\" href=\"https:\/\/bialcon.pl\/blog\/wloski-styl\/#Podsumowanie_%E2%80%93_jak_przemycic_wloski_styl_do_swojej_garderoby\" >Podsumowanie \u2013 jak przemyci\u0107 w\u0142oski styl do swojej garderoby?<\/a><\/li><\/ul><\/nav><\/div>\n\n<p><strong>W\u0142oski styl to co\u015b wi\u0119cej ni\u017c moda \u2013 to styl \u017cycia, celebracja pi\u0119kna, nonszalancji i klasy w jednym. Kobiety we W\u0142oszech \u0142\u0105cz\u0105 elegancj\u0119 z lekko\u015bci\u0105, minimalizm z wyra\u017anym charakterem i komfort z kobieco\u015bci\u0105. W ich garderobach znajdziemy skrojone ubrania, klasyczne barwy i ubrania, kt\u00f3re podkre\u015blaj\u0105 figur\u0119, a nie j\u0105 ukrywaj\u0105. W tym artykule odkryjemy tajniki w\u0142oskiego stylu ubierania \u2013 dowiesz si\u0119, jakie kluczowe elementy garderoby powinna\u015b mie\u0107, jak je zestawia\u0107, by tworzy\u0107 stylizacje z klas\u0105 i charakterem.<\/strong><\/p>\n\n\n\n<h2 class=\"wp-block-heading\"><span class=\"ez-toc-section\" id=\"Czym_wyroznia_sie_styl_wloski\"><\/span>Czym wyr\u00f3\u017cnia si\u0119 styl w\u0142oski?<span class=\"ez-toc-section-end\"><\/span><\/h2>\n\n\n\n<p>W\u0142oski styl to co\u015b wi\u0119cej ni\u017c spos\u00f3b ubierania si\u0119 \u2013 to postawa wobec \u017cycia, moda ugruntowana w kulturze i estetyce codzienno\u015bci. W\u0142oszki s\u0142yn\u0105 z tego, \u017ce potrafi\u0105 wygl\u0105da\u0107 perfekcyjnie zar\u00f3wno w czasie zakup\u00f3w na lokalnym targu, jak i podczas wieczornego aperitivo. W\u0142oski styl ubierania si\u0119 to po\u0142\u0105czenie zmys\u0142owo\u015bci, prostoty i wyrazisto\u015bci. Tu nie chodzi o przerysowane stylizacje czy pogo\u0144 za trendami \u2013 najwa\u017cniejsze s\u0105 skrojone ubrania, klasyczne barwy, jako\u015b\u0107 i naturalno\u015b\u0107 w ruchu. W\u0142oszki wiedz\u0105, jak podkre\u015bli\u0107 sylwetki przy pomocy dobrze dobranych kroj\u00f3w, jak doda\u0107 stylizacji charakteru jednym dodatkiem i jak wydoby\u0107 kobieco\u015b\u0107 z najprostszej sukienki. Ich pewno\u015b\u0107 siebie bije z prostoty, nonszalancji i g\u0142\u0119bokiej \u015bwiadomo\u015bci stylu. Dlatego styl w\u0142oski jest tak uniwersalny \u2013 pasuje do kobiet w ka\u017cdym wieku i o r\u00f3\u017cnych typach urody.<\/p>\n\n\n\r\n<div class=\"product-block-container swiper mySwiperProductBlock\">\r\n    <div class=\"product-block-swiper swiper-wrapper\">\r\n                    <div class=\"swiper-slide product-block-item\" data-id=\"147599\">\r\n                <a href=\"https:\/\/bialcon.pl\/taliowany-waniliowy-zakiet-z-delikatnymi-poduszkami?utm_source=blog&utm_medium=wyprzedaz&utm_campaign=210825\" class=\"product-block-url\" target=\"_blank\">\r\n                    <div class=\"product-block-image\">\r\n                        <img decoding=\"async\" width=\"300\" height=\"400\" src=\"https:\/\/bialcon.pl\/picture\/taliowany-waniliowy-zakiet-z-delikatnymi-poduszkami_2.jpg\" alt=\"Taliowany waniliowy \u017cakiet z delikatnymi poduszkami\">\r\n                    <\/div>\r\n                    <div class=\"product-block-name\">\r\n                        <p>Taliowany waniliowy \u017cakiet z delikatnymi poduszkami<\/p>\r\n                    <\/div>\r\n                <\/a>\r\n            <\/div>\r\n                    <div class=\"swiper-slide product-block-item\" data-id=\"147450\">\r\n                <a href=\"https:\/\/bialcon.pl\/seledynowy-krotki-zakiet-zapinany-na-haftke?utm_source=blog&utm_medium=wyprzedaz&utm_campaign=210825\" class=\"product-block-url\" target=\"_blank\">\r\n                    <div class=\"product-block-image\">\r\n                        <img decoding=\"async\" width=\"300\" height=\"400\" src=\"https:\/\/bialcon.pl\/picture\/seledynowy-krotki-zakiet-zapinany-na-haftke_3.jpg\" alt=\"Seledynowy kr\u00f3tki \u017cakiet zapinany na haftk\u0119\">\r\n                    <\/div>\r\n                    <div class=\"product-block-name\">\r\n                        <p>Seledynowy kr\u00f3tki \u017cakiet zapinany na haftk\u0119<\/p>\r\n                    <\/div>\r\n                <\/a>\r\n            <\/div>\r\n                    <div class=\"swiper-slide product-block-item\" data-id=\"147492\">\r\n                <a href=\"https:\/\/bialcon.pl\/stylowa-dwurzedowa-marynarka-z-asymetrycznym-kolnierzem?utm_source=blog&utm_medium=wyprzedaz&utm_campaign=210825\" class=\"product-block-url\" target=\"_blank\">\r\n                    <div class=\"product-block-image\">\r\n                        <img decoding=\"async\" width=\"300\" height=\"400\" src=\"https:\/\/bialcon.pl\/picture\/stylowa-dwurzedowa-marynarka-z-asymetrycznym-kolnierzem_2.jpg\" alt=\"Stylowa dwurz\u0119dowa marynarka z asymetrycznym ko\u0142nierzem\">\r\n                    <\/div>\r\n                    <div class=\"product-block-name\">\r\n                        <p>Stylowa dwurz\u0119dowa marynarka z asymetrycznym ko\u0142nierzem<\/p>\r\n                    <\/div>\r\n                <\/a>\r\n            <\/div>\r\n            <\/div>\r\n<\/div>\r\n\n\n\n\n<h2 class=\"wp-block-heading\"><span class=\"ez-toc-section\" id=\"Kluczowe_elementy_garderoby_w_stylu_wloskim\"><\/span>Kluczowe elementy garderoby w stylu w\u0142oskim<span class=\"ez-toc-section-end\"><\/span><\/h2>\n\n\n\n<p>W stylu w\u0142oskim nie chodzi o prze\u0142adowan\u0105 szaf\u0119, ale o dobrze dobrane i jako\u015bciowe elementy garderoby. W\u0142oszki ch\u0119tnie si\u0119gaj\u0105 po ubrania, kt\u00f3re pozwalaj\u0105 im tworzy\u0107 r\u00f3\u017cnorodne stylizacje, nie trac\u0105c przy tym swojej to\u017csamo\u015bci. W ich szafach nie mo\u017ce zabrakn\u0105\u0107 dopasowanej marynarki, bia\u0142a koszula, idealnie skrojonych spodni oraz sp\u00f3dnicy midi z wysokim stanem. Du\u017c\u0105 wag\u0119 przyk\u0142adaj\u0105 do tkanin \u2013 we\u0142na, kaszmir, bawe\u0142na i len to podstawy, kt\u00f3re gwarantuj\u0105 nie tylko wygl\u0105d, ale i komfort. Kaszmiry i we\u0142niane p\u0142aszcze, klasyczne garnitury, dobrze dobrane buty i dodatki, jak z\u0142ota bi\u017cuteria czy du\u017ce okulary przeciws\u0142oneczne, to znaki rozpoznawcze modnego w\u0142oskiego stylu. Ka\u017cdy z tych element\u00f3w nie tylko spe\u0142nia funkcj\u0119 u\u017cytkow\u0105, ale niesie te\u017c przekaz o pewno\u015bci siebie i rado\u015bci \u017cycia.<\/p>\n\n\n\n<h3 class=\"wp-block-heading\">Bia\u0142a koszula \u2013 uniwersalna i ponadczasowa<\/h3>\n\n\n\n<p>Jednym z najbardziej uniwersalnych i stylowych ubra\u0144 w w\u0142oskim stylu ubioru jest bia\u0142a koszula. Mo\u017ce by\u0107 klasyczna, oversize, z haftem, z wi\u0105zaniem pod szyj\u0105 albo z per\u0142owymi guzikami. Najwa\u017cniejsze jest jednak to, jak j\u0105 nosisz. W\u0142oszki ch\u0119tnie si\u0119gaj\u0105 po ten element nie tylko do pracy, ale te\u017c na weekend, wakacje czy wieczorne wyj\u015bcia. Bia\u0142a koszula zestawiona z o\u0142\u00f3wkow\u0105 sp\u00f3dnic\u0105 tworzy kobiecy i profesjonalny look. Z kolei w po\u0142\u0105czeniu z jeansami i kaszmirowym swetrem daje efekt luzu i naturalnego uroku. To r\u00f3wnie\u017c doskona\u0142a baza pod du\u017ce okulary przeciws\u0142oneczne, kt\u00f3re dodaj\u0105 szyku nawet najprostszemu zestawowi. Kluczem do sukcesu jest skrojona sylwetka koszuli, jako\u015b\u0107 materia\u0142u oraz swoboda ruch\u00f3w.<\/p>\n\n\n\r\n<div class=\"product-block-container swiper mySwiperProductBlock\">\r\n    <div class=\"product-block-swiper swiper-wrapper\">\r\n                    <div class=\"swiper-slide product-block-item\" data-id=\"146366\">\r\n                <a href=\"https:\/\/bialcon.pl\/bawelniana-biala-koszula-o-prostym-luznym-kroju?utm_source=blog&utm_medium=wyprzedaz&utm_campaign=210825\" class=\"product-block-url\" target=\"_blank\">\r\n                    <div class=\"product-block-image\">\r\n                        <img decoding=\"async\" width=\"300\" height=\"400\" src=\"https:\/\/bialcon.pl\/picture\/bawelniana-biala-koszula-o-prostym-luznym-kroju.jpg\" alt=\"Bawe\u0142niana bia\u0142a koszula o prostym lu\u017anym kroju\">\r\n                    <\/div>\r\n                    <div class=\"product-block-name\">\r\n                        <p>Bawe\u0142niana bia\u0142a koszula o prostym lu\u017anym kroju<\/p>\r\n                    <\/div>\r\n                <\/a>\r\n            <\/div>\r\n                    <div class=\"swiper-slide product-block-item\" data-id=\"146446\">\r\n                <a href=\"https:\/\/bialcon.pl\/elegancka-biala-koszula-z-zabotem?utm_source=blog&utm_medium=wyprzedaz&utm_campaign=210825\" class=\"product-block-url\" target=\"_blank\">\r\n                    <div class=\"product-block-image\">\r\n                        <img decoding=\"async\" width=\"300\" height=\"400\" src=\"https:\/\/bialcon.pl\/picture\/elegancka-biala-koszula-z-zabotem_5.jpg\" alt=\"Elegancka bia\u0142a koszula z \u017cabotem\">\r\n                    <\/div>\r\n                    <div class=\"product-block-name\">\r\n                        <p>Elegancka bia\u0142a koszula z \u017cabotem<\/p>\r\n                    <\/div>\r\n                <\/a>\r\n            <\/div>\r\n                    <div class=\"swiper-slide product-block-item\" data-id=\"146231\">\r\n                <a href=\"https:\/\/bialcon.pl\/biala-dluga-koszula-z-oryginalnym-paskiem?utm_source=blog&utm_medium=wyprzedaz&utm_campaign=210825\" class=\"product-block-url\" target=\"_blank\">\r\n                    <div class=\"product-block-image\">\r\n                        <img decoding=\"async\" width=\"300\" height=\"400\" src=\"https:\/\/bialcon.pl\/picture\/biala-dluga-koszula-z-oryginalnym-paskiem_1.jpg\" alt=\"Bia\u0142a d\u0142uga koszula z oryginalnym paskiem\">\r\n                    <\/div>\r\n                    <div class=\"product-block-name\">\r\n                        <p>Bia\u0142a d\u0142uga koszula z oryginalnym paskiem<\/p>\r\n                    <\/div>\r\n                <\/a>\r\n            <\/div>\r\n            <\/div>\r\n<\/div>\r\n\n\n\n\n<h3 class=\"wp-block-heading\">Skrojona marynarka \u2013 podstawa stylu w\u0142oskiego<\/h3>\n\n\n\n<p>Skrojona marynarka to bezdyskusyjna baza stylizacji w duchu italian chic. W\u0142oski styl damski opiera si\u0119 na ubraniach, kt\u00f3re dobrze le\u017c\u0105, podkre\u015blaj\u0105 tali\u0119, wysmuklaj\u0105 ramiona i wydobywaj\u0105 kobiec\u0105 sylwetk\u0119. Dlatego idealna marynarka powinna by\u0107 dopasowana w talii, mie\u0107 odpowiednio dobran\u0105 d\u0142ugo\u015b\u0107 i wykonan\u0105 z naturalnej, wysokogatunkowej tkaniny. W\u0142oszki \u0142\u0105cz\u0105 j\u0105 zar\u00f3wno z garniturem, jak i z sukienk\u0105, spodniami typu palazzo czy nawet z o\u0142\u00f3wkow\u0105 sp\u00f3dnic\u0105. Cz\u0119sto dodaj\u0105 do niej z\u0142ot\u0105 bi\u017cuteri\u0119 i mocny akcent kolorystyczny, kt\u00f3ry podkre\u015bla ich temperament. W klasycznej palecie dominuj\u0105 czer\u0144, granat i be\u017c, ale w w\u0142oskiej modzie liczy si\u0119 tak\u017ce efekt \u2013 dlatego dopasowana marynarka w wyrazistym kolorze to \u015bwietny wyb\u00f3r.<\/p>\n\n\n\n<h3 class=\"wp-block-heading\">Sp\u00f3dnica midi i o\u0142\u00f3wkowa \u2013 klasyczne fasony<\/h3>\n\n\n\n<p>Sp\u00f3dnica midi to jeden z tych element\u00f3w, kt\u00f3re doskonale wpisuj\u0105 si\u0119 w w\u0142oski styl ubierania. Delikatna, lekko rozkloszowana, z wysokim stanem \u2013 jest wygodna i stylowa zarazem. Z kolei o\u0142\u00f3wkowe sp\u00f3dnice to symbol elegancji i kobieco\u015bci \u2013 pi\u0119knie podkre\u015blaj\u0105 biodra i lini\u0119 talii. W\u0142oszki ch\u0119tnie si\u0119gaj\u0105 po obie wersje \u2013 w zale\u017cno\u015bci od okazji, pogody i nastroju. Sp\u00f3dnica midi w po\u0142\u0105czeniu z kaszmirowym swetrem lub jedwabn\u0105 bluzk\u0105 tworzy look idealny na dzie\u0144, natomiast o\u0142\u00f3wkowa sp\u00f3dnica i bia\u0142a koszula to klasyk do biura. Styl w\u0142oski nie ucieka od mocnych kolor\u00f3w, ale bazuje na neutralnej palecie \u2013 czerni, be\u017cu, bieli \u2013 z dodatkiem jednej barwy, kt\u00f3ra nadaje wyrazisto\u015bci.<\/p>\n\n\n\r\n<div class=\"product-block-container swiper mySwiperProductBlock\">\r\n    <div class=\"product-block-swiper swiper-wrapper\">\r\n                    <div class=\"swiper-slide product-block-item\" data-id=\"147601\">\r\n                <a href=\"https:\/\/bialcon.pl\/spodnica-olowkowa-w-kolorze-bezowym?utm_source=blog&utm_medium=wyprzedaz&utm_campaign=210825\" class=\"product-block-url\" target=\"_blank\">\r\n                    <div class=\"product-block-image\">\r\n                        <img decoding=\"async\" width=\"300\" height=\"400\" src=\"https:\/\/bialcon.pl\/picture\/spodnica-olowkowa-w-kolorze-bezowym_3.jpg\" alt=\"Sp\u00f3dnica o\u0142\u00f3wkowa w kolorze be\u017cowym\">\r\n                    <\/div>\r\n                    <div class=\"product-block-name\">\r\n                        <p>Sp\u00f3dnica o\u0142\u00f3wkowa w kolorze be\u017cowym<\/p>\r\n                    <\/div>\r\n                <\/a>\r\n            <\/div>\r\n                    <div class=\"swiper-slide product-block-item\" data-id=\"147363\">\r\n                <a href=\"https:\/\/bialcon.pl\/dopasowana-spodnica-midi-z-rozporkiem-z-tylu?utm_source=blog&utm_medium=wyprzedaz&utm_campaign=210825\" class=\"product-block-url\" target=\"_blank\">\r\n                    <div class=\"product-block-image\">\r\n                        <img decoding=\"async\" width=\"300\" height=\"400\" src=\"https:\/\/bialcon.pl\/picture\/dopasowana-spodnica-midi-z-rozporkiem-z-tylu_1.jpg\" alt=\"Dopasowana sp\u00f3dnica midi z rozporkiem z ty\u0142u\">\r\n                    <\/div>\r\n                    <div class=\"product-block-name\">\r\n                        <p>Dopasowana sp\u00f3dnica midi z rozporkiem z ty\u0142u<\/p>\r\n                    <\/div>\r\n                <\/a>\r\n            <\/div>\r\n                    <div class=\"swiper-slide product-block-item\" data-id=\"147484\">\r\n                <a href=\"https:\/\/bialcon.pl\/dopasowana-bezowa-spodnica-z-ozdobnymi-patkami?utm_source=blog&utm_medium=wyprzedaz&utm_campaign=210825\" class=\"product-block-url\" target=\"_blank\">\r\n                    <div class=\"product-block-image\">\r\n                        <img decoding=\"async\" width=\"300\" height=\"400\" src=\"https:\/\/bialcon.pl\/picture\/dopasowana-bezowa-spodnica-z-ozdobnymi-patkami.jpg\" alt=\"Dopasowana be\u017cowa sp\u00f3dnica z ozdobnymi patkami\">\r\n                    <\/div>\r\n                    <div class=\"product-block-name\">\r\n                        <p>Dopasowana be\u017cowa sp\u00f3dnica z ozdobnymi patkami<\/p>\r\n                    <\/div>\r\n                <\/a>\r\n            <\/div>\r\n            <\/div>\r\n<\/div>\r\n\n\n\n\n<h3 class=\"wp-block-heading\">Sukienki \u2013 kobieco\u015b\u0107 na co dzie\u0144 i na wiecz\u00f3r<\/h3>\n\n\n\n<p>Sukienki s\u0105 nieod\u0142\u0105cznym elementem stylu w\u0142oskiego. Podkre\u015blaj\u0105 sylwetk\u0119, eksponuj\u0105 tali\u0119, cz\u0119sto maj\u0105 odwa\u017cne rozci\u0119cia lub dekolty \u2013 ale zawsze zachowuj\u0105 elegancj\u0119. W\u0142oszki ch\u0119tnie si\u0119gaj\u0105 po modele kopertowe, sukienki o\u0142\u00f3wkowe i sukienki midi z rozkloszowanym do\u0142em. Kluczowa jest tu jako\u015b\u0107 materia\u0142u i wyko\u0144czenie \u2013 \u017cadnych zb\u0119dnych ozdobnik\u00f3w, za to perfekcyjne szwy i pi\u0119kna linia. Na wieczorne wyj\u015bcia idealna b\u0119dzie sukienka z jedwabiu, z cienkimi rami\u0105czkami, do kt\u00f3rej mo\u017cna dobra\u0107 z\u0142ot\u0105 bi\u017cuteri\u0119, du\u017ce okulary przeciws\u0142oneczne i klasyczne szpilki. Moda w\u0142oska pokazuje, \u017ce sukienka nie musi by\u0107 skomplikowana, by robi\u0142a efekt \u201ewow\u201d.<\/p>\n\n\n\r\n<div class=\"product-block-container swiper mySwiperProductBlock\">\r\n    <div class=\"product-block-swiper swiper-wrapper\">\r\n                    <div class=\"swiper-slide product-block-item\" data-id=\"147615\">\r\n                <a href=\"https:\/\/bialcon.pl\/dzianinowa-sukienka-z-marszczeniem-i-ozdoba-w-talii?utm_source=blog&utm_medium=wyprzedaz&utm_campaign=210825\" class=\"product-block-url\" target=\"_blank\">\r\n                    <div class=\"product-block-image\">\r\n                        <img decoding=\"async\" width=\"300\" height=\"400\" src=\"https:\/\/bialcon.pl\/picture\/dzianinowa-sukienka-z-marszczeniem-i-ozdoba-w-talii_3.jpg\" alt=\"Dzianinowa sukienka z marszczeniem i ozdob\u0105 w talii\">\r\n                    <\/div>\r\n                    <div class=\"product-block-name\">\r\n                        <p>Dzianinowa sukienka z marszczeniem i ozdob\u0105 w talii<\/p>\r\n                    <\/div>\r\n                <\/a>\r\n            <\/div>\r\n                    <div class=\"swiper-slide product-block-item\" data-id=\"147694\">\r\n                <a href=\"https:\/\/bialcon.pl\/elegancka-granatowa-sukienka-kopertowa-z-bawelna?utm_source=blog&utm_medium=wyprzedaz&utm_campaign=210825\" class=\"product-block-url\" target=\"_blank\">\r\n                    <div class=\"product-block-image\">\r\n                        <img decoding=\"async\" width=\"300\" height=\"400\" src=\"https:\/\/bialcon.pl\/picture\/elegancka-granatowa-sukienka-kopertowa-z-bawelna_1.jpg\" alt=\"Elegancka granatowa sukienka kopertowa z bawe\u0142n\u0105\">\r\n                    <\/div>\r\n                    <div class=\"product-block-name\">\r\n                        <p>Elegancka granatowa sukienka kopertowa z bawe\u0142n\u0105<\/p>\r\n                    <\/div>\r\n                <\/a>\r\n            <\/div>\r\n                    <div class=\"swiper-slide product-block-item\" data-id=\"147723\">\r\n                <a href=\"https:\/\/bialcon.pl\/dopasowana-sukienka-w-paski-z-dzianiny-bawelnianej?utm_source=blog&utm_medium=wyprzedaz&utm_campaign=210825\" class=\"product-block-url\" target=\"_blank\">\r\n                    <div class=\"product-block-image\">\r\n                        <img decoding=\"async\" width=\"300\" height=\"400\" src=\"https:\/\/bialcon.pl\/picture\/dopasowana-sukienka-w-paski-z-dzianiny-bawelnianej_1.jpg\" alt=\"Dopasowana sukienka w paski z dzianiny bawe\u0142nianej\">\r\n                    <\/div>\r\n                    <div class=\"product-block-name\">\r\n                        <p>Dopasowana sukienka w paski z dzianiny bawe\u0142nianej<\/p>\r\n                    <\/div>\r\n                <\/a>\r\n            <\/div>\r\n            <\/div>\r\n<\/div>\r\n\n\n\n\n<h3 class=\"wp-block-heading\">We\u0142niane p\u0142aszcze i kaszmirowe swetry<\/h3>\n\n\n\n<p>Gdy przychodzi ch\u0142odniejsza pora roku, w\u0142oski styl ubioru zmienia si\u0119, ale nie traci lekko\u015bci. We\u0142niane p\u0142aszcze i kaszmirowe swetry pojawiaj\u0105 si\u0119 w garderobach W\u0142oszek, oferuj\u0105c nie tylko ciep\u0142o, ale i nieod\u0142\u0105czny szyk. Stawiaj\u0105 na klasyczne barwy \u2013 camel, granat, szaro\u015b\u0107 \u2013 i wysokiej jako\u015bci materia\u0142y, kt\u00f3re zachowuj\u0105 form\u0119 i pi\u0119kno przez lata. P\u0142aszcz mo\u017ce by\u0107 dopasowany lub oversize, ale zawsze stylowy i perfekcyjnie wyko\u0144czony. Sweter z kaszmiru \u015bwietnie wsp\u00f3\u0142gra z o\u0142\u00f3wkow\u0105 sp\u00f3dnic\u0105, spodniami z wysokim stanem lub po prostu z sukienk\u0105, tworz\u0105c codzienne stylizacje, kt\u00f3re s\u0105 pe\u0142ne nowoczesno\u015bci i elegancji.<\/p>\n\n\n\r\n<div class=\"product-block-container swiper mySwiperProductBlock\">\r\n    <div class=\"product-block-swiper swiper-wrapper\">\r\n                    <div class=\"swiper-slide product-block-item\" data-id=\"147008\">\r\n                <a href=\"https:\/\/bialcon.pl\/plaszcz-z-grubej-tkaniny-boucle-z-dodatkiem-welny?utm_source=blog&utm_medium=wyprzedaz&utm_campaign=210825\" class=\"product-block-url\" target=\"_blank\">\r\n                    <div class=\"product-block-image\">\r\n                        <img decoding=\"async\" width=\"300\" height=\"400\" src=\"https:\/\/bialcon.pl\/picture\/plaszcz-z-grubej-tkaniny-boucle-z-dodatkiem-welny_1.jpg\" alt=\"P\u0142aszcz z grubej tkaniny boucle z dodatkiem we\u0142ny\">\r\n                    <\/div>\r\n                    <div class=\"product-block-name\">\r\n                        <p>P\u0142aszcz z grubej tkaniny boucle z dodatkiem we\u0142ny<\/p>\r\n                    <\/div>\r\n                <\/a>\r\n            <\/div>\r\n                    <div class=\"swiper-slide product-block-item\" data-id=\"147027\">\r\n                <a href=\"https:\/\/bialcon.pl\/welniany-dwurzedowy-szary-plaszcz-w-jodelke?utm_source=blog&utm_medium=wyprzedaz&utm_campaign=210825\" class=\"product-block-url\" target=\"_blank\">\r\n                    <div class=\"product-block-image\">\r\n                        <img decoding=\"async\" width=\"300\" height=\"400\" src=\"https:\/\/bialcon.pl\/picture\/welniany-dwurzedowy-szary-plaszcz-w-jodelke_1.jpg\" alt=\"We\u0142niany dwurz\u0119dowy szary p\u0142aszcz w jode\u0142k\u0119\">\r\n                    <\/div>\r\n                    <div class=\"product-block-name\">\r\n                        <p>We\u0142niany dwurz\u0119dowy szary p\u0142aszcz w jode\u0142k\u0119<\/p>\r\n                    <\/div>\r\n                <\/a>\r\n            <\/div>\r\n                    <div class=\"swiper-slide product-block-item\" data-id=\"147029\">\r\n                <a href=\"https:\/\/bialcon.pl\/stylowy-dlugi-plaszcz-w-pepitke-z-dodatkiem-welny?utm_source=blog&utm_medium=wyprzedaz&utm_campaign=210825\" class=\"product-block-url\" target=\"_blank\">\r\n                    <div class=\"product-block-image\">\r\n                        <img decoding=\"async\" width=\"300\" height=\"400\" src=\"https:\/\/bialcon.pl\/picture\/stylowy-dlugi-plaszcz-w-pepitke-z-dodatkiem-welny_7.jpg\" alt=\"Stylowy d\u0142ugi p\u0142aszcz w pepitk\u0119 z dodatkiem we\u0142ny\">\r\n                    <\/div>\r\n                    <div class=\"product-block-name\">\r\n                        <p>Stylowy d\u0142ugi p\u0142aszcz w pepitk\u0119 z dodatkiem we\u0142ny<\/p>\r\n                    <\/div>\r\n                <\/a>\r\n            <\/div>\r\n            <\/div>\r\n<\/div>\r\n\n\n\n\n<h2 class=\"wp-block-heading\"><span class=\"ez-toc-section\" id=\"Kolory_%E2%80%93_kiedy_siegnac_po_intensywne_barwy\"><\/span>Kolory \u2013 kiedy si\u0119gn\u0105\u0107 po intensywne barwy?<span class=\"ez-toc-section-end\"><\/span><\/h2>\n\n\n\n<p>W\u0142oski styl ubierania opiera si\u0119 na balansie \u2013 klasyczne barwy s\u0105 fundamentem, ale intensywne kolory stanowi\u0105 wyraz rado\u015bci \u017cycia i wyra\u017cenia siebie. W\u0142oszki ch\u0119tnie si\u0119gaj\u0105 po mocnych kolor\u00f3w \u2013 czerwieni, pomara\u0144czu, \u017c\u00f3\u0142ci czy kobaltu \u2013 zw\u0142aszcza latem i wiosn\u0105. Umiej\u0119tnie \u0142\u0105cz\u0105 je z neutraln\u0105 baz\u0105: bia\u0142a koszula, sp\u00f3dnica midi w kolorze ziemi czy skrojona marynarka w czerni pozwalaj\u0105 wydoby\u0107 pe\u0142ni\u0119 barw. Kolory maj\u0105 znaczenie \u2013 wp\u0142ywaj\u0105 na nastr\u00f3j i odbi\u00f3r ca\u0142o\u015bci. Styl w\u0142oski moda damska to dow\u00f3d na to, \u017ce z kolorem nie trzeba si\u0119 ba\u0107 \u2013 wystarczy wiedzie\u0107, kiedy i jak go zastosowa\u0107.<\/p>\n\n\n\n<h2 class=\"wp-block-heading\"><span class=\"ez-toc-section\" id=\"Okulary_przeciwsloneczne_%E2%80%93_nieodlaczny_element\"><\/span>Okulary przeciws\u0142oneczne \u2013 nieod\u0142\u0105czny element<span class=\"ez-toc-section-end\"><\/span><\/h2>\n\n\n\n<p>Du\u017ce okulary przeciws\u0142oneczne to znak rozpoznawczy wielu ikon w\u0142oskiej mody. Dodaj\u0105 stylizacji nie tylko szyku, ale i nuty tajemniczo\u015bci. W\u0142oszki traktuj\u0105 je jako nieod\u0142\u0105cznym elementem nie tylko letnich, ale i wiosennych czy jesiennych zestaw\u00f3w. Pasuj\u0105 zar\u00f3wno do dopasowanej marynarki, jak i do we\u0142nianego p\u0142aszcza. Klasyczne czarne oprawki, modele retro, a tak\u017ce nowoczesne fasony \u2013 wszystkie pe\u0142ni\u0105 rol\u0119 funkcjonaln\u0105 i estetyczn\u0105. To w\u0142a\u015bnie detale \u2013 jak du\u017ce okulary przeciws\u0142oneczne \u2013 dodaj\u0105 stylizacji charakteru.<\/p>\n\n\n\n<h2 class=\"wp-block-heading\"><span class=\"ez-toc-section\" id=\"Klasyczne_szpilki_i_eleganckie_mokasyny\"><\/span>Klasyczne szpilki i eleganckie mokasyny<span class=\"ez-toc-section-end\"><\/span><\/h2>\n\n\n\n<p>Klasyczne szpilki i eleganckie mokasyny to dwa bieguny w\u0142oskiego stylu, kt\u00f3re doskonale si\u0119 uzupe\u0142niaj\u0105. Szpilki, najlepiej w odcieniu nude lub czerni, wysokim obcasie, z ostrym noskiem \u2013 pasuj\u0105 na wiecz\u00f3r i do biura. Z kolei eleganckie mokasyny W\u0142oszki nosz\u0105 co dzie\u0144, cz\u0119sto zestawiaj\u0105c je z garniturami, sukienkami lub nawet sp\u00f3dnic\u0105 mini. Oba typy obuwia s\u0105 wyrazem nowoczesno\u015bci i klasy, pozwalaj\u0105 utrzyma\u0107 komfort bez rezygnacji z elegancji.<\/p>\n\n\n\n<h2 class=\"wp-block-heading\"><span class=\"ez-toc-section\" id=\"Dolce_Vita_%E2%80%93_styl_zycia_w_codziennych_stylizacjach\"><\/span>Dolce Vita \u2013 styl \u017cycia w codziennych stylizacjach<span class=\"ez-toc-section-end\"><\/span><\/h2>\n\n\n\n<p>Dolce Vita to filozofia \u017cycia \u2013 dostrzeganie pi\u0119kna w codzienno\u015bci, celebrowanie ma\u0142ych przyjemno\u015bci. W\u0142oski styl ubierania idealnie odzwierciedla t\u0119 postaw\u0119: codzienne stylizacje nie s\u0105 nudne, lecz przemy\u015blane, komfortowe i efektowne. W\u0142oszki ch\u0119tnie si\u0119gaj\u0105 po lekkie sukienki, kaszmirowe swetry, sp\u00f3dnice midi, dopasowane marynarki. \u0141\u0105cz\u0105 to z du\u017cymi okularami przeciws\u0142onecznymi, z\u0142ot\u0105 bi\u017cuteri\u0105, a czasem nawet z mocnym kolorem, kt\u00f3ry dodaje dnia energii.<\/p>\n\n\n\r\n<div class=\"product-block-container swiper mySwiperProductBlock\">\r\n    <div class=\"product-block-swiper swiper-wrapper\">\r\n                    <div class=\"swiper-slide product-block-item\" data-id=\"147719\">\r\n                <a href=\"https:\/\/bialcon.pl\/bezowa-asymetryczna-spodnica-w-eleganckim-wydaniu?utm_source=blog&utm_medium=wyprzedaz&utm_campaign=210825\" class=\"product-block-url\" target=\"_blank\">\r\n                    <div class=\"product-block-image\">\r\n                        <img decoding=\"async\" width=\"300\" height=\"400\" src=\"https:\/\/bialcon.pl\/picture\/bezowa-asymetryczna-spodnica-w-eleganckim-wydaniu.jpg\" alt=\"Be\u017cowa asymetryczna sp\u00f3dnica w eleganckim wydaniu\">\r\n                    <\/div>\r\n                    <div class=\"product-block-name\">\r\n                        <p>Be\u017cowa asymetryczna sp\u00f3dnica w eleganckim wydaniu<\/p>\r\n                    <\/div>\r\n                <\/a>\r\n            <\/div>\r\n                    <div class=\"swiper-slide product-block-item\" data-id=\"147613\">\r\n                <a href=\"https:\/\/bialcon.pl\/dzianinowa-rozkloszowana-spodnica-z-wywijanym-pasem?utm_source=blog&utm_medium=wyprzedaz&utm_campaign=210825\" class=\"product-block-url\" target=\"_blank\">\r\n                    <div class=\"product-block-image\">\r\n                        <img decoding=\"async\" width=\"300\" height=\"400\" src=\"https:\/\/bialcon.pl\/picture\/dzianinowa-rozkloszowana-spodnica-z-wywijanym-pasem_3.jpg\" alt=\"Dzianinowa rozkloszowana sp\u00f3dnica z wywijanym pasem\">\r\n                    <\/div>\r\n                    <div class=\"product-block-name\">\r\n                        <p>Dzianinowa rozkloszowana sp\u00f3dnica z wywijanym pasem<\/p>\r\n                    <\/div>\r\n                <\/a>\r\n            <\/div>\r\n                    <div class=\"swiper-slide product-block-item\" data-id=\"147614\">\r\n                <a href=\"https:\/\/bialcon.pl\/bawelniana-dluga-spodnica-w-etniczny-wzor?utm_source=blog&utm_medium=wyprzedaz&utm_campaign=210825\" class=\"product-block-url\" target=\"_blank\">\r\n                    <div class=\"product-block-image\">\r\n                        <img decoding=\"async\" width=\"300\" height=\"400\" src=\"https:\/\/bialcon.pl\/picture\/bawelniana-dluga-spodnica-w-etniczny-wzor_1.jpg\" alt=\"Bawe\u0142niana d\u0142uga sp\u00f3dnica w etniczny wz\u00f3r\">\r\n                    <\/div>\r\n                    <div class=\"product-block-name\">\r\n                        <p>Bawe\u0142niana d\u0142uga sp\u00f3dnica w etniczny wz\u00f3r<\/p>\r\n                    <\/div>\r\n                <\/a>\r\n            <\/div>\r\n            <\/div>\r\n<\/div>\r\n\n\n\n\n<h2 class=\"wp-block-heading\"><span class=\"ez-toc-section\" id=\"Minimalizm_z_twistem_%E2%80%93_nowoczesnosc_w_modzie_wloskiej\"><\/span>Minimalizm z twistem \u2013 nowoczesno\u015b\u0107 w modzie w\u0142oskiej<span class=\"ez-toc-section-end\"><\/span><\/h2>\n\n\n\n<p>Cho\u0107 styl w\u0142oski kojarzy si\u0119 z klasyk\u0105, nie brak w nim miejsca na nowoczesno\u015b\u0107. W\u0142oszki kochaj\u0105 minimalizm \u2013 proste kroje, jednolit\u0105 kolorystyk\u0119, wysokiej jako\u015bci tkaniny \u2013 ale potrafi\u0105 doda\u0107 do tego element zaskoczenia. Mo\u017ce to by\u0107 nietypowy kr\u00f3j sp\u00f3dnicy, kontrastowy guzik, z\u0142ota bi\u017cuteria czy mocne usta. To detale dodaj\u0105 stylizacji charakteru i tworz\u0105 niepowtarzalny look. Taka forma ekspresji pozwala wyrazi\u0107 siebie i uczyni\u0107 z codziennej mody prawdziw\u0105 sztuk\u0119.<\/p>\n\n\n\n<h2 class=\"wp-block-heading\"><span class=\"ez-toc-section\" id=\"Podsumowanie_%E2%80%93_jak_przemycic_wloski_styl_do_swojej_garderoby\"><\/span>Podsumowanie \u2013 jak przemyci\u0107 w\u0142oski styl do swojej garderoby?<span class=\"ez-toc-section-end\"><\/span><\/h2>\n\n\n\n<p>Styl w\u0142oski to lekko\u015b\u0107, klasa i \u015bwiadomo\u015b\u0107 estetyki. Je\u015bli chcesz poczu\u0107 w\u0142oski szyk i dolce vita, postaw na klasyczne elementy \u2013 bia\u0142\u0105 koszul\u0119, skrojone ubrania, sp\u00f3dnic\u0119 midi, kaszmirowy sweter, okulary przeciws\u0142oneczne i buty w dobrym kr\u00f3j. W ofercie Bialcon znajdziesz ubrania, kt\u00f3re pozwol\u0105 Ci stworzy\u0107 stylizacje w stylu w\u0142oskim \u2013 od casualowych po wieczorowe \u2013 ze smakiem i lekko\u015bci\u0105. Sprawd\u017a kluczowe elementy garderoby i odkryj rado\u015b\u0107 \u017cycia zakl\u0119t\u0105 w modzie w\u0142oskiej.<\/p>\n","protected":false},"excerpt":{"rendered":"<p>W\u0142oski styl to co\u015b wi\u0119cej ni\u017c moda \u2013 to styl \u017cycia, celebracja pi\u0119kna, nonszalancji i klasy w jednym. Kobiety we W\u0142oszech \u0142\u0105cz\u0105 elegancj\u0119 z lekko\u015bci\u0105, minimalizm z wyra\u017anym charakterem i komfort z kobieco\u015bci\u0105. W ich garderobach znajdziemy skrojone ubrania, klasyczne barwy i ubrania, kt\u00f3re podkre\u015blaj\u0105 figur\u0119, a nie j\u0105 ukrywaj\u0105. W tym artykule odkryjemy tajniki [&hellip;]<\/p>\n","protected":false},"author":8,"featured_media":12283,"comment_status":"closed","ping_status":"open","sticky":false,"template":"","format":"standard","meta":{"_acf_changed":false,"site-sidebar-layout":"default","site-content-layout":"","ast-site-content-layout":"default","site-content-style":"default","site-sidebar-style":"default","ast-global-header-display":"","ast-banner-title-visibility":"","ast-main-header-display":"","ast-hfb-above-header-display":"","ast-hfb-below-header-display":"","ast-hfb-mobile-header-display":"","site-post-title":"","ast-breadcrumbs-content":"","ast-featured-img":"","footer-sml-layout":"","theme-transparent-header-meta":"","adv-header-id-meta":"","stick-header-meta":"","header-above-stick-meta":"","header-main-stick-meta":"","header-below-stick-meta":"","astra-migrate-meta-layouts":"set","ast-page-background-enabled":"default","ast-page-background-meta":{"desktop":{"background-color":"","background-image":"","background-repeat":"repeat","background-position":"center center","background-size":"auto","background-attachment":"scroll","background-type":"","background-media":"","overlay-type":"","overlay-color":"","overlay-opacity":"","overlay-gradient":""},"tablet":{"background-color":"","background-image":"","background-repeat":"repeat","background-position":"center center","background-size":"auto","background-attachment":"scroll","background-type":"","background-media":"","overlay-type":"","overlay-color":"","overlay-opacity":"","overlay-gradient":""},"mobile":{"background-color":"","background-image":"","background-repeat":"repeat","background-position":"center center","background-size":"auto","background-attachment":"scroll","background-type":"","background-media":"","overlay-type":"","overlay-color":"","overlay-opacity":"","overlay-gradient":""}},"ast-content-background-meta":{"desktop":{"background-color":"var(--ast-global-color-5)","background-image":"","background-repeat":"repeat","background-position":"center center","background-size":"auto","background-attachment":"scroll","background-type":"","background-media":"","overlay-type":"","overlay-color":"","overlay-opacity":"","overlay-gradient":""},"tablet":{"background-color":"var(--ast-global-color-5)","background-image":"","background-repeat":"repeat","background-position":"center center","background-size":"auto","background-attachment":"scroll","background-type":"","background-media":"","overlay-type":"","overlay-color":"","overlay-opacity":"","overlay-gradient":""},"mobile":{"background-color":"var(--ast-global-color-5)","background-image":"","background-repeat":"repeat","background-position":"center center","background-size":"auto","background-attachment":"scroll","background-type":"","background-media":"","overlay-type":"","overlay-color":"","overlay-opacity":"","overlay-gradient":""}},"footnotes":""},"categories":[1,14],"tags":[],"class_list":["post-12282","post","type-post","status-publish","format-standard","has-post-thumbnail","hentry","category-styl-zycia","category-wszystkie-wpisy"],"acf":[],"yoast_head":"<!-- This site is optimized with the Yoast SEO plugin v27.4 - https:\/\/yoast.com\/product\/yoast-seo-wordpress\/ -->\n<title>W\u0142oski styl \u2013 jak ubiera\u0107 si\u0119 z klas\u0105 i lekko\u015bci\u0105 jak W\u0142oszki? - Bialcon<\/title>\n<meta name=\"description\" content=\"Poznaj w\u0142oski styl \u2013 elegancj\u0119 z lekko\u015bci\u0105 i nonszalancj\u0105. Zainspiruj si\u0119 w\u0142oskim szykiem i odkryj kolekcj\u0119 Bialcon pe\u0142n\u0105 klasycznych element\u00f3w garderoby.\" \/>\n<meta name=\"robots\" content=\"index, follow, max-snippet:-1, max-image-preview:large, max-video-preview:-1\" \/>\n<link rel=\"canonical\" href=\"https:\/\/bialcon.pl\/blog\/wloski-styl\/\" \/>\n<meta name=\"twitter:label1\" content=\"Napisane przez\" \/>\n\t<meta name=\"twitter:data1\" content=\"Marta Osuch\" \/>\n\t<meta name=\"twitter:label2\" content=\"Szacowany czas czytania\" \/>\n\t<meta name=\"twitter:data2\" content=\"9 minut\" \/>\n<script type=\"application\/ld+json\" class=\"yoast-schema-graph\">{\"@context\":\"https:\\\/\\\/schema.org\",\"@graph\":[{\"@type\":\"Article\",\"@id\":\"https:\\\/\\\/bialcon.pl\\\/blog\\\/wloski-styl\\\/#article\",\"isPartOf\":{\"@id\":\"https:\\\/\\\/bialcon.pl\\\/blog\\\/wloski-styl\\\/\"},\"author\":{\"name\":\"Marta Osuch\",\"@id\":\"https:\\\/\\\/bialcon.pl\\\/blog\\\/#\\\/schema\\\/person\\\/d607966042d507bd761f9e2cab07df62\"},\"headline\":\"W\u0142oski styl \u2013 jak ubiera\u0107 si\u0119 z klas\u0105 i lekko\u015bci\u0105 jak W\u0142oszki?\",\"datePublished\":\"2025-08-21T13:30:45+00:00\",\"dateModified\":\"2025-11-24T12:56:11+00:00\",\"mainEntityOfPage\":{\"@id\":\"https:\\\/\\\/bialcon.pl\\\/blog\\\/wloski-styl\\\/\"},\"wordCount\":1663,\"image\":{\"@id\":\"https:\\\/\\\/bialcon.pl\\\/blog\\\/wloski-styl\\\/#primaryimage\"},\"thumbnailUrl\":\"https:\\\/\\\/bialcon.pl\\\/blog\\\/wp-content\\\/uploads\\\/2025\\\/08\\\/Projekt-bez-nazwy-8.png\",\"articleSection\":[\"Styl \u017bycia\",\"Wszystkie wpisy\"],\"inLanguage\":\"pl-PL\"},{\"@type\":\"WebPage\",\"@id\":\"https:\\\/\\\/bialcon.pl\\\/blog\\\/wloski-styl\\\/\",\"url\":\"https:\\\/\\\/bialcon.pl\\\/blog\\\/wloski-styl\\\/\",\"name\":\"W\u0142oski styl \u2013 jak ubiera\u0107 si\u0119 z klas\u0105 i lekko\u015bci\u0105 jak W\u0142oszki? - Bialcon\",\"isPartOf\":{\"@id\":\"https:\\\/\\\/bialcon.pl\\\/blog\\\/#website\"},\"primaryImageOfPage\":{\"@id\":\"https:\\\/\\\/bialcon.pl\\\/blog\\\/wloski-styl\\\/#primaryimage\"},\"image\":{\"@id\":\"https:\\\/\\\/bialcon.pl\\\/blog\\\/wloski-styl\\\/#primaryimage\"},\"thumbnailUrl\":\"https:\\\/\\\/bialcon.pl\\\/blog\\\/wp-content\\\/uploads\\\/2025\\\/08\\\/Projekt-bez-nazwy-8.png\",\"datePublished\":\"2025-08-21T13:30:45+00:00\",\"dateModified\":\"2025-11-24T12:56:11+00:00\",\"author\":{\"@id\":\"https:\\\/\\\/bialcon.pl\\\/blog\\\/#\\\/schema\\\/person\\\/d607966042d507bd761f9e2cab07df62\"},\"description\":\"Poznaj w\u0142oski styl \u2013 elegancj\u0119 z lekko\u015bci\u0105 i nonszalancj\u0105. Zainspiruj si\u0119 w\u0142oskim szykiem i odkryj kolekcj\u0119 Bialcon pe\u0142n\u0105 klasycznych element\u00f3w garderoby.\",\"breadcrumb\":{\"@id\":\"https:\\\/\\\/bialcon.pl\\\/blog\\\/wloski-styl\\\/#breadcrumb\"},\"inLanguage\":\"pl-PL\",\"potentialAction\":[{\"@type\":\"ReadAction\",\"target\":[\"https:\\\/\\\/bialcon.pl\\\/blog\\\/wloski-styl\\\/\"]}]},{\"@type\":\"ImageObject\",\"inLanguage\":\"pl-PL\",\"@id\":\"https:\\\/\\\/bialcon.pl\\\/blog\\\/wloski-styl\\\/#primaryimage\",\"url\":\"https:\\\/\\\/bialcon.pl\\\/blog\\\/wp-content\\\/uploads\\\/2025\\\/08\\\/Projekt-bez-nazwy-8.png\",\"contentUrl\":\"https:\\\/\\\/bialcon.pl\\\/blog\\\/wp-content\\\/uploads\\\/2025\\\/08\\\/Projekt-bez-nazwy-8.png\",\"width\":960,\"height\":850,\"caption\":\"Wizualizacja kobiety w d\u0142ugiej, czarnej sukni wieczorowej na jedno rami\u0119, z ozdobnym marszczeniem i rozci\u0119ciem na nodze\"},{\"@type\":\"BreadcrumbList\",\"@id\":\"https:\\\/\\\/bialcon.pl\\\/blog\\\/wloski-styl\\\/#breadcrumb\",\"itemListElement\":[{\"@type\":\"ListItem\",\"position\":1,\"name\":\"Strona g\u0142\u00f3wna\",\"item\":\"https:\\\/\\\/bialcon.pl\\\/blog\\\/\"},{\"@type\":\"ListItem\",\"position\":2,\"name\":\"Styl \u017bycia\",\"item\":\"https:\\\/\\\/bialcon.pl\\\/blog\\\/styl-zycia\\\/\"},{\"@type\":\"ListItem\",\"position\":3,\"name\":\"W\u0142oski styl \u2013 jak ubiera\u0107 si\u0119 z klas\u0105 i lekko\u015bci\u0105 jak W\u0142oszki?\"}]},{\"@type\":\"WebSite\",\"@id\":\"https:\\\/\\\/bialcon.pl\\\/blog\\\/#website\",\"url\":\"https:\\\/\\\/bialcon.pl\\\/blog\\\/\",\"name\":\"bialcon.pl\\\/blog\\\/\",\"description\":\"Fashion Blog w zasi\u0119gu Twojej r\u0119ki\",\"potentialAction\":[{\"@type\":\"SearchAction\",\"target\":{\"@type\":\"EntryPoint\",\"urlTemplate\":\"https:\\\/\\\/bialcon.pl\\\/blog\\\/?s={search_term_string}\"},\"query-input\":{\"@type\":\"PropertyValueSpecification\",\"valueRequired\":true,\"valueName\":\"search_term_string\"}}],\"inLanguage\":\"pl-PL\"},{\"@type\":\"Person\",\"@id\":\"https:\\\/\\\/bialcon.pl\\\/blog\\\/#\\\/schema\\\/person\\\/d607966042d507bd761f9e2cab07df62\",\"name\":\"Marta Osuch\",\"image\":{\"@type\":\"ImageObject\",\"inLanguage\":\"pl-PL\",\"@id\":\"https:\\\/\\\/secure.gravatar.com\\\/avatar\\\/e92ecceaeb1c6e5e7cf1d28eb4215cad69403014f340b8f5b576adf09b89be60?s=96&d=mm&r=g\",\"url\":\"https:\\\/\\\/secure.gravatar.com\\\/avatar\\\/e92ecceaeb1c6e5e7cf1d28eb4215cad69403014f340b8f5b576adf09b89be60?s=96&d=mm&r=g\",\"contentUrl\":\"https:\\\/\\\/secure.gravatar.com\\\/avatar\\\/e92ecceaeb1c6e5e7cf1d28eb4215cad69403014f340b8f5b576adf09b89be60?s=96&d=mm&r=g\",\"caption\":\"Marta Osuch\"},\"description\":\"Z wykszta\u0142cenia specjalistka ds. bezpiecze\u0144stwa narodowego, z pasji \u2014 tw\u00f3rczyni tre\u015bci i mi\u0142o\u015bniczka mody. Na co dzie\u0144 \u0142\u0105czy zami\u0142owanie do content marketingu z uwa\u017cn\u0105 obserwacj\u0105 trend\u00f3w, szczeg\u00f3lnie tych inspirowanych stylem najwi\u0119kszych gwiazd. Ch\u0119tnie podpatruje codzienne stylizacje i przek\u0142ada je na mod\u0119 blisk\u0105 \u017cyciu \u2014 kobiec\u0105, stylow\u0105 i pe\u0142n\u0105 charakteru. Prywatnie najch\u0119tniej si\u0119ga po krymina\u0142y i sp\u0119dza czas na spacerach z synkiem.\",\"sameAs\":[\"https:\\\/\\\/www.linkedin.com\\\/in\\\/marta-osuch-b71aa8186\\\/\"],\"url\":\"https:\\\/\\\/bialcon.pl\\\/blog\\\/author\\\/martao\\\/\"}]}<\/script>\n<!-- \/ Yoast SEO plugin. -->","yoast_head_json":{"title":"W\u0142oski styl \u2013 jak ubiera\u0107 si\u0119 z klas\u0105 i lekko\u015bci\u0105 jak W\u0142oszki? - Bialcon","description":"Poznaj w\u0142oski styl \u2013 elegancj\u0119 z lekko\u015bci\u0105 i nonszalancj\u0105. Zainspiruj si\u0119 w\u0142oskim szykiem i odkryj kolekcj\u0119 Bialcon pe\u0142n\u0105 klasycznych element\u00f3w garderoby.","robots":{"index":"index","follow":"follow","max-snippet":"max-snippet:-1","max-image-preview":"max-image-preview:large","max-video-preview":"max-video-preview:-1"},"canonical":"https:\/\/bialcon.pl\/blog\/wloski-styl\/","twitter_misc":{"Napisane przez":"Marta Osuch","Szacowany czas czytania":"9 minut"},"schema":{"@context":"https:\/\/schema.org","@graph":[{"@type":"Article","@id":"https:\/\/bialcon.pl\/blog\/wloski-styl\/#article","isPartOf":{"@id":"https:\/\/bialcon.pl\/blog\/wloski-styl\/"},"author":{"name":"Marta Osuch","@id":"https:\/\/bialcon.pl\/blog\/#\/schema\/person\/d607966042d507bd761f9e2cab07df62"},"headline":"W\u0142oski styl \u2013 jak ubiera\u0107 si\u0119 z klas\u0105 i lekko\u015bci\u0105 jak W\u0142oszki?","datePublished":"2025-08-21T13:30:45+00:00","dateModified":"2025-11-24T12:56:11+00:00","mainEntityOfPage":{"@id":"https:\/\/bialcon.pl\/blog\/wloski-styl\/"},"wordCount":1663,"image":{"@id":"https:\/\/bialcon.pl\/blog\/wloski-styl\/#primaryimage"},"thumbnailUrl":"https:\/\/bialcon.pl\/blog\/wp-content\/uploads\/2025\/08\/Projekt-bez-nazwy-8.png","articleSection":["Styl \u017bycia","Wszystkie wpisy"],"inLanguage":"pl-PL"},{"@type":"WebPage","@id":"https:\/\/bialcon.pl\/blog\/wloski-styl\/","url":"https:\/\/bialcon.pl\/blog\/wloski-styl\/","name":"W\u0142oski styl \u2013 jak ubiera\u0107 si\u0119 z klas\u0105 i lekko\u015bci\u0105 jak W\u0142oszki? - Bialcon","isPartOf":{"@id":"https:\/\/bialcon.pl\/blog\/#website"},"primaryImageOfPage":{"@id":"https:\/\/bialcon.pl\/blog\/wloski-styl\/#primaryimage"},"image":{"@id":"https:\/\/bialcon.pl\/blog\/wloski-styl\/#primaryimage"},"thumbnailUrl":"https:\/\/bialcon.pl\/blog\/wp-content\/uploads\/2025\/08\/Projekt-bez-nazwy-8.png","datePublished":"2025-08-21T13:30:45+00:00","dateModified":"2025-11-24T12:56:11+00:00","author":{"@id":"https:\/\/bialcon.pl\/blog\/#\/schema\/person\/d607966042d507bd761f9e2cab07df62"},"description":"Poznaj w\u0142oski styl \u2013 elegancj\u0119 z lekko\u015bci\u0105 i nonszalancj\u0105. Zainspiruj si\u0119 w\u0142oskim szykiem i odkryj kolekcj\u0119 Bialcon pe\u0142n\u0105 klasycznych element\u00f3w garderoby.","breadcrumb":{"@id":"https:\/\/bialcon.pl\/blog\/wloski-styl\/#breadcrumb"},"inLanguage":"pl-PL","potentialAction":[{"@type":"ReadAction","target":["https:\/\/bialcon.pl\/blog\/wloski-styl\/"]}]},{"@type":"ImageObject","inLanguage":"pl-PL","@id":"https:\/\/bialcon.pl\/blog\/wloski-styl\/#primaryimage","url":"https:\/\/bialcon.pl\/blog\/wp-content\/uploads\/2025\/08\/Projekt-bez-nazwy-8.png","contentUrl":"https:\/\/bialcon.pl\/blog\/wp-content\/uploads\/2025\/08\/Projekt-bez-nazwy-8.png","width":960,"height":850,"caption":"Wizualizacja kobiety w d\u0142ugiej, czarnej sukni wieczorowej na jedno rami\u0119, z ozdobnym marszczeniem i rozci\u0119ciem na nodze"},{"@type":"BreadcrumbList","@id":"https:\/\/bialcon.pl\/blog\/wloski-styl\/#breadcrumb","itemListElement":[{"@type":"ListItem","position":1,"name":"Strona g\u0142\u00f3wna","item":"https:\/\/bialcon.pl\/blog\/"},{"@type":"ListItem","position":2,"name":"Styl \u017bycia","item":"https:\/\/bialcon.pl\/blog\/styl-zycia\/"},{"@type":"ListItem","position":3,"name":"W\u0142oski styl \u2013 jak ubiera\u0107 si\u0119 z klas\u0105 i lekko\u015bci\u0105 jak W\u0142oszki?"}]},{"@type":"WebSite","@id":"https:\/\/bialcon.pl\/blog\/#website","url":"https:\/\/bialcon.pl\/blog\/","name":"bialcon.pl\/blog\/","description":"Fashion Blog w zasi\u0119gu Twojej r\u0119ki","potentialAction":[{"@type":"SearchAction","target":{"@type":"EntryPoint","urlTemplate":"https:\/\/bialcon.pl\/blog\/?s={search_term_string}"},"query-input":{"@type":"PropertyValueSpecification","valueRequired":true,"valueName":"search_term_string"}}],"inLanguage":"pl-PL"},{"@type":"Person","@id":"https:\/\/bialcon.pl\/blog\/#\/schema\/person\/d607966042d507bd761f9e2cab07df62","name":"Marta Osuch","image":{"@type":"ImageObject","inLanguage":"pl-PL","@id":"https:\/\/secure.gravatar.com\/avatar\/e92ecceaeb1c6e5e7cf1d28eb4215cad69403014f340b8f5b576adf09b89be60?s=96&d=mm&r=g","url":"https:\/\/secure.gravatar.com\/avatar\/e92ecceaeb1c6e5e7cf1d28eb4215cad69403014f340b8f5b576adf09b89be60?s=96&d=mm&r=g","contentUrl":"https:\/\/secure.gravatar.com\/avatar\/e92ecceaeb1c6e5e7cf1d28eb4215cad69403014f340b8f5b576adf09b89be60?s=96&d=mm&r=g","caption":"Marta Osuch"},"description":"Z wykszta\u0142cenia specjalistka ds. bezpiecze\u0144stwa narodowego, z pasji \u2014 tw\u00f3rczyni tre\u015bci i mi\u0142o\u015bniczka mody. Na co dzie\u0144 \u0142\u0105czy zami\u0142owanie do content marketingu z uwa\u017cn\u0105 obserwacj\u0105 trend\u00f3w, szczeg\u00f3lnie tych inspirowanych stylem najwi\u0119kszych gwiazd. Ch\u0119tnie podpatruje codzienne stylizacje i przek\u0142ada je na mod\u0119 blisk\u0105 \u017cyciu \u2014 kobiec\u0105, stylow\u0105 i pe\u0142n\u0105 charakteru. Prywatnie najch\u0119tniej si\u0119ga po krymina\u0142y i sp\u0119dza czas na spacerach z synkiem.","sameAs":["https:\/\/www.linkedin.com\/in\/marta-osuch-b71aa8186\/"],"url":"https:\/\/bialcon.pl\/blog\/author\/martao\/"}]}},"_links":{"self":[{"href":"https:\/\/bialcon.pl\/blog\/wp-json\/wp\/v2\/posts\/12282","targetHints":{"allow":["GET"]}}],"collection":[{"href":"https:\/\/bialcon.pl\/blog\/wp-json\/wp\/v2\/posts"}],"about":[{"href":"https:\/\/bialcon.pl\/blog\/wp-json\/wp\/v2\/types\/post"}],"author":[{"embeddable":true,"href":"https:\/\/bialcon.pl\/blog\/wp-json\/wp\/v2\/users\/8"}],"replies":[{"embeddable":true,"href":"https:\/\/bialcon.pl\/blog\/wp-json\/wp\/v2\/comments?post=12282"}],"version-history":[{"count":1,"href":"https:\/\/bialcon.pl\/blog\/wp-json\/wp\/v2\/posts\/12282\/revisions"}],"predecessor-version":[{"id":12284,"href":"https:\/\/bialcon.pl\/blog\/wp-json\/wp\/v2\/posts\/12282\/revisions\/12284"}],"wp:featuredmedia":[{"embeddable":true,"href":"https:\/\/bialcon.pl\/blog\/wp-json\/wp\/v2\/media\/12283"}],"wp:attachment":[{"href":"https:\/\/bialcon.pl\/blog\/wp-json\/wp\/v2\/media?parent=12282"}],"wp:term":[{"taxonomy":"category","embeddable":true,"href":"https:\/\/bialcon.pl\/blog\/wp-json\/wp\/v2\/categories?post=12282"},{"taxonomy":"post_tag","embeddable":true,"href":"https:\/\/bialcon.pl\/blog\/wp-json\/wp\/v2\/tags?post=12282"}],"curies":[{"name":"wp","href":"https:\/\/api.w.org\/{rel}","templated":true}]}}