{"id":12231,"date":"2025-08-14T10:00:00","date_gmt":"2025-08-14T08:00:00","guid":{"rendered":"https:\/\/bialcon.pl\/blog\/?p=12231"},"modified":"2026-04-16T11:29:26","modified_gmt":"2026-04-16T09:29:26","slug":"stylizacje-na-wesele","status":"publish","type":"post","link":"https:\/\/bialcon.pl\/blog\/stylizacje-na-wesele\/","title":{"rendered":"Stylizacje na wesele \u2013 jak wygl\u0105da\u0107 zjawiskowo i czu\u0107 si\u0119 komfortowo?"},"content":{"rendered":"<div id=\"ez-toc-container\" class=\"ez-toc-v2_0_82_2 counter-hierarchy ez-toc-counter ez-toc-custom ez-toc-container-direction\">\n<div class=\"ez-toc-title-container\"><p class=\"ez-toc-title\" style=\"cursor:inherit\">Spis Tre\u015bci<\/p>\n<\/div><nav><ul class='ez-toc-list ez-toc-list-level-1 ' ><li class='ez-toc-page-1 ez-toc-heading-level-2'><a class=\"ez-toc-link ez-toc-heading-1\" href=\"https:\/\/bialcon.pl\/blog\/stylizacje-na-wesele\/#Stylizacje_na_wesele_dopasowane_do_charakteru_uroczystosci\" >Stylizacje na wesele dopasowane do charakteru uroczysto\u015bci<\/a><\/li><li class='ez-toc-page-1 ez-toc-heading-level-2'><a class=\"ez-toc-link ez-toc-heading-2\" href=\"https:\/\/bialcon.pl\/blog\/stylizacje-na-wesele\/#Jak_sie_ubrac_na_przyjecie_weselne_w_plenerze\" >Jak si\u0119 ubra\u0107 na przyj\u0119cie weselne w plenerze?<\/a><\/li><li class='ez-toc-page-1 ez-toc-heading-level-2'><a class=\"ez-toc-link ez-toc-heading-3\" href=\"https:\/\/bialcon.pl\/blog\/stylizacje-na-wesele\/#Stroj_na_wesele_w_eleganckiej_sali_%E2%80%93_szyk_i_klasa\" >Str\u00f3j na wesele w eleganckiej sali \u2013 szyk i klasa<\/a><\/li><li class='ez-toc-page-1 ez-toc-heading-level-2'><a class=\"ez-toc-link ez-toc-heading-4\" href=\"https:\/\/bialcon.pl\/blog\/stylizacje-na-wesele\/#Co_ubrac_na_wesele_latem\" >Co ubra\u0107 na wesele latem?<\/a><\/li><li class='ez-toc-page-1 ez-toc-heading-level-2'><a class=\"ez-toc-link ez-toc-heading-5\" href=\"https:\/\/bialcon.pl\/blog\/stylizacje-na-wesele\/#Co_ubrac_na_wesele_zima\" >Co ubra\u0107 na wesele zim\u0105?<\/a><\/li><li class='ez-toc-page-1 ez-toc-heading-level-2'><a class=\"ez-toc-link ez-toc-heading-6\" href=\"https:\/\/bialcon.pl\/blog\/stylizacje-na-wesele\/#Sukienki_na_wesele_%E2%80%93_co_jest_teraz_modne\" >Sukienki na wesele \u2013 co jest teraz modne?<\/a><\/li><li class='ez-toc-page-1 ez-toc-heading-level-2'><a class=\"ez-toc-link ez-toc-heading-7\" href=\"https:\/\/bialcon.pl\/blog\/stylizacje-na-wesele\/#Stylizacje_plus_size_%E2%80%93_pewnosc_siebie_w_kazdym_rozmiarze\" >Stylizacje plus size \u2013 pewno\u015b\u0107 siebie w ka\u017cdym rozmiarze<\/a><\/li><li class='ez-toc-page-1 ez-toc-heading-level-2'><a class=\"ez-toc-link ez-toc-heading-8\" href=\"https:\/\/bialcon.pl\/blog\/stylizacje-na-wesele\/#Alternatywa_dla_sukienki_na_wesele_%E2%80%93_czyli_co_jesli_nie_sukienka\" >Alternatywa dla sukienki na wesele \u2013 czyli co, je\u015bli nie sukienka?<\/a><\/li><li class='ez-toc-page-1 ez-toc-heading-level-2'><a class=\"ez-toc-link ez-toc-heading-9\" href=\"https:\/\/bialcon.pl\/blog\/stylizacje-na-wesele\/#Dress_code_na_wesele_%E2%80%93_najwazniejsze_zasady\" >Dress code na wesele \u2013 najwa\u017cniejsze zasady<\/a><\/li><li class='ez-toc-page-1 ez-toc-heading-level-2'><a class=\"ez-toc-link ez-toc-heading-10\" href=\"https:\/\/bialcon.pl\/blog\/stylizacje-na-wesele\/#Stylizacje_na_wesele_w_stylu_boho_%E2%80%93_powiew_wolnosci\" >Stylizacje na wesele w stylu boho \u2013 powiew wolno\u015bci<\/a><\/li><li class='ez-toc-page-1 ez-toc-heading-level-2'><a class=\"ez-toc-link ez-toc-heading-11\" href=\"https:\/\/bialcon.pl\/blog\/stylizacje-na-wesele\/#Stylizacje_na_wesele_w_stylu_glamour_%E2%80%93_blask_i_elegancja\" >Stylizacje na wesele w stylu glamour \u2013 blask i elegancja<\/a><\/li><li class='ez-toc-page-1 ez-toc-heading-level-2'><a class=\"ez-toc-link ez-toc-heading-12\" href=\"https:\/\/bialcon.pl\/blog\/stylizacje-na-wesele\/#Jak_ubrac_sie_na_wesele_jako_mama_panny_mlodej_lub_pana_mlodego\" >Jak ubra\u0107 si\u0119 na wesele jako mama panny m\u0142odej lub pana m\u0142odego?<\/a><\/li><li class='ez-toc-page-1 ez-toc-heading-level-2'><a class=\"ez-toc-link ez-toc-heading-13\" href=\"https:\/\/bialcon.pl\/blog\/stylizacje-na-wesele\/#Co_ubrac_na_wesele_jako_osoba_towarzyszaca\" >Co ubra\u0107 na wesele jako osoba towarzysz\u0105ca?<\/a><\/li><li class='ez-toc-page-1 ez-toc-heading-level-2'><a class=\"ez-toc-link ez-toc-heading-14\" href=\"https:\/\/bialcon.pl\/blog\/stylizacje-na-wesele\/#Jak_dobrac_dodatki_do_stylizacji_na_wesele\" >Jak dobra\u0107 dodatki do stylizacji na wesele?<\/a><\/li><li class='ez-toc-page-1 ez-toc-heading-level-2'><a class=\"ez-toc-link ez-toc-heading-15\" href=\"https:\/\/bialcon.pl\/blog\/stylizacje-na-wesele\/#Gotowe_stylizacje_na_wesele_z_butikow_i_sieciowek\" >Gotowe stylizacje na wesele z butik\u00f3w i sieci\u00f3wek<\/a><\/li><li class='ez-toc-page-1 ez-toc-heading-level-2'><a class=\"ez-toc-link ez-toc-heading-16\" href=\"https:\/\/bialcon.pl\/blog\/stylizacje-na-wesele\/#Jak_ubrac_sie_na_wesele_z_klasa_i_luzem\" >Jak ubra\u0107 si\u0119 na wesele z klas\u0105 i luzem?<\/a><\/li><li class='ez-toc-page-1 ez-toc-heading-level-2'><a class=\"ez-toc-link ez-toc-heading-17\" href=\"https:\/\/bialcon.pl\/blog\/stylizacje-na-wesele\/#Personalizacja_stylizacji_%E2%80%93_pokaz_siebie_i_baw_sie_moda\" >Personalizacja stylizacji \u2013 poka\u017c siebie i baw si\u0119 mod\u0105<\/a><\/li><li class='ez-toc-page-1 ez-toc-heading-level-2'><a class=\"ez-toc-link ez-toc-heading-18\" href=\"https:\/\/bialcon.pl\/blog\/stylizacje-na-wesele\/#Podsumowanie_%E2%80%93_Twoja_idealna_stylizacja_na_wesele\" >Podsumowanie \u2013 Twoja idealna stylizacja na wesele<\/a><\/li><li class='ez-toc-page-1 ez-toc-heading-level-2'><a class=\"ez-toc-link ez-toc-heading-19\" href=\"https:\/\/bialcon.pl\/blog\/stylizacje-na-wesele\/#FAQ\" >FAQ<\/a><\/li><\/ul><\/nav><\/div>\n\n<p>Wesele to \u015bwi\u0119to rado\u015bci, mi\u0142o\u015bci i\u2026 stylu. Chocia\u017c pierwsze skrzypce gra para m\u0142oda, go\u015bcie tak\u017ce pragn\u0105 prezentowa\u0107 si\u0119 ol\u015bniewaj\u0105co. Jednocze\u015bnie ka\u017cdy marzy, by wybrany str\u00f3j na wesele nie uwiera\u0142, nie kr\u0119powa\u0142 ruch\u00f3w i pozwoli\u0142 bez wahania wskoczy\u0107 na parkiet, kiedy orkiestra zagra pierwszy przeb\u00f3j. Jak zatem znale\u017a\u0107 z\u0142oty \u015brodek mi\u0119dzy elegancj\u0105 a wygod\u0105, mi\u0119dzy najnowszymi trendami a w\u0142asnym charakterem? W tym poradniku znajdziesz praktyczne, przyjazne wskaz\u00f3wki i inspiracje \u2013 wszystko po to, by Twoje gotowe stylizacje na wesele zachwyci\u0142y otoczenie, a Ty sama czu\u0142a si\u0119 pewnie i swobodnie od ceremonii a\u017c po ostatni taniec o \u015bwicie.<\/p>\n\n\n\n<h2 class=\"wp-block-heading\"><span class=\"ez-toc-section\" id=\"Stylizacje_na_wesele_dopasowane_do_charakteru_uroczystosci\"><\/span>Stylizacje na wesele dopasowane do charakteru uroczysto\u015bci<span class=\"ez-toc-section-end\"><\/span><\/h2>\n\n\n\n<p>Zanim wpadniesz w wir zakup\u00f3w, odpowiedz sobie na kilka prostych pyta\u0144: w jakim miejscu odbywa si\u0119 przyj\u0119cie, jaki motyw przewodni wybrali nowo\u017ce\u0144cy, jaki dress code widnieje na zaproszeniu? Inna b\u0119dzie idealna stylizacja na wesele zorganizowane w barokowym pa\u0142acu, a inna na swobodne garden party po\u015br\u00f3d kwitn\u0105cych jab\u0142oni i drewnianych sto\u0142\u00f3w, krytych lnianymi obrusami.<\/p>\n\n\n\n<p>Elegancka suknia z jedwabiu, kt\u00f3ra mieni si\u0119 w blasku kryszta\u0142owych \u017cyrandoli, mo\u017ce wygl\u0105da\u0107 teatralnie w rustykalnej stodole, gdzie kr\u00f3luj\u0105 drewno i polne kwiaty. Odwr\u00f3cona sytuacja dzia\u0142a podobnie: lniana sukienka boho, cho\u0107 urocza, straci urok po\u015br\u00f3d marmur\u00f3w i czerwonych dywan\u00f3w. Gdy znasz klimat przyj\u0119cia, \u0142atwiej zdecydowa\u0107 czy stawiasz na klasyczny wieczorowy look, czy raczej na lekko\u015b\u0107 i naturalno\u015b\u0107.<\/p>\n\n\n\r\n<div class=\"product-block-container swiper mySwiperProductBlock\">\r\n    <div class=\"product-block-swiper swiper-wrapper\">\r\n                    <div class=\"swiper-slide product-block-item\" data-id=\"147575\">\r\n                <a href=\"https:\/\/bialcon.pl\/dluga-satynowa-sukienka-z-odkrytym-ramieniem?utm_source=blog&utm_medium=wyprzedaz&utm_campaign=140825\" class=\"product-block-url\" target=\"_blank\">\r\n                    <div class=\"product-block-image\">\r\n                        <img decoding=\"async\" width=\"300\" height=\"400\" src=\"https:\/\/bialcon.pl\/picture\/dluga-satynowa-sukienka-z-odkrytym-ramieniem_1.jpg\" alt=\"D\u0142uga satynowa sukienka z odkrytym ramieniem\">\r\n                    <\/div>\r\n                    <div class=\"product-block-name\">\r\n                        <p>D\u0142uga satynowa sukienka z odkrytym ramieniem<\/p>\r\n                    <\/div>\r\n                <\/a>\r\n            <\/div>\r\n                    <div class=\"swiper-slide product-block-item\" data-id=\"147503\">\r\n                <a href=\"https:\/\/bialcon.pl\/stalowa-taftowa-sukienka-maxi-z-ozdobna-kokarda?utm_source=blog&utm_medium=wyprzedaz&utm_campaign=140825\" class=\"product-block-url\" target=\"_blank\">\r\n                    <div class=\"product-block-image\">\r\n                        <img decoding=\"async\" width=\"300\" height=\"400\" src=\"https:\/\/bialcon.pl\/picture\/stalowa-taftowa-sukienka-maxi-z-ozdobna-kokarda_1.jpg\" alt=\"Stalowa taftowa sukienka maxi z ozdobn\u0105 kokard\u0105\">\r\n                    <\/div>\r\n                    <div class=\"product-block-name\">\r\n                        <p>Stalowa taftowa sukienka maxi z ozdobn\u0105 kokard\u0105<\/p>\r\n                    <\/div>\r\n                <\/a>\r\n            <\/div>\r\n                    <div class=\"swiper-slide product-block-item\" data-id=\"147507\">\r\n                <a href=\"https:\/\/bialcon.pl\/plisowana-sukienka-w-kolorze-pastelowej-miety?utm_source=blog&utm_medium=wyprzedaz&utm_campaign=140825\" class=\"product-block-url\" target=\"_blank\">\r\n                    <div class=\"product-block-image\">\r\n                        <img decoding=\"async\" width=\"300\" height=\"400\" src=\"https:\/\/bialcon.pl\/picture\/plisowana-sukienka-w-kolorze-pastelowej-miety_3.jpg\" alt=\"Plisowana sukienka w kolorze pastelowej mi\u0119ty\">\r\n                    <\/div>\r\n                    <div class=\"product-block-name\">\r\n                        <p>Plisowana sukienka w kolorze pastelowej mi\u0119ty<\/p>\r\n                    <\/div>\r\n                <\/a>\r\n            <\/div>\r\n            <\/div>\r\n<\/div>\r\n\n\n\n\n<h2 class=\"wp-block-heading\"><span class=\"ez-toc-section\" id=\"Jak_sie_ubrac_na_przyjecie_weselne_w_plenerze\"><\/span>Jak si\u0119 ubra\u0107 na przyj\u0119cie weselne w plenerze?<span class=\"ez-toc-section-end\"><\/span><\/h2>\n\n\n\n<p>\u015alub pod go\u0142ym niebem kusi romantycznym nastrojem, ale kaprysy pogody potrafi\u0105 pokrzy\u017cowa\u0107 nawet najlepsze plany. Wybieraj\u0105c si\u0119 na przyj\u0119cie w ogrodzie lub na pla\u017cy, postaw na tkaniny, kt\u00f3re oddychaj\u0105: mi\u0119kk\u0105 wiskoz\u0119, mu\u015blin, lekkie lny i bawe\u0142ny z domieszk\u0105 jedwabiu.<\/p>\n\n\n\n<p>Zwiewna maxi w pastelowych barwach pi\u0119knie wsp\u00f3\u0142gra z natur\u0105, a jednocze\u015bnie os\u0142ania nogi przed wieczornym ch\u0142odem. Je\u015bli boisz si\u0119, \u017ce szpilki ugrz\u0119zn\u0105 w trawie, wybierz sanda\u0142ki na ni\u017cszym s\u0142upku albo eleganckie baleriny z paseczkiem \u2011 zyskasz stabilno\u015b\u0107 i nadal pozostaniesz w stylistyce \u201esmart\u201d. Nie zapomnij o planie awaryjnym: delikatnym szalu, kt\u00f3ry otuli ramiona, oraz parasolce w zbli\u017conym odcieniu do kreacji. Gdy w po\u0142owie ceremonii spadnie letnia m\u017cawka, zachowasz klas\u0119 i such\u0105 g\u0142ow\u0119.<\/p>\n\n\n\n<h2 class=\"wp-block-heading\"><span class=\"ez-toc-section\" id=\"Stroj_na_wesele_w_eleganckiej_sali_%E2%80%93_szyk_i_klasa\"><\/span>Str\u00f3j na wesele w eleganckiej sali \u2013 szyk i klasa<span class=\"ez-toc-section-end\"><\/span><\/h2>\n\n\n\n<p>Ceremonie w zabytkowych salach, hotelach pi\u0119ciogwiazdkowych lub miejskich pa\u0142acach lubi\u0105 przepych i subtelny blask. Sukienki na wesele z satyny, jedwabiu czy szyfonu fantastycznie odbijaj\u0105 \u015bwiat\u0142o \u017cyrandoli, podobnie jak jedwabne kombinezony albo damskie smokingi z subteln\u0105 po\u0142yskliw\u0105 nitk\u0105.<\/p>\n\n\n\n<p>Je\u015bli liczysz na klasyczny efekt wow, wybierz g\u0142\u0119boki kolor: szmaragd, burgund czy kobalt podkre\u015bl\u0105 urod\u0119, nie zlewaj\u0105c si\u0119 z otoczeniem. Pami\u0119taj o d\u0142ugo\u015bci \u2013 tren czy zbyt d\u0142uga sp\u00f3dnica mog\u0105 pi\u0119knie wygl\u0105da\u0107 w kadrze, ale na parkiecie bywa z nimi niewygodnie. Buty dobieraj realistycznie: lepiej o dwa centymetry ni\u017cszy obcas, w kt\u00f3rym dasz rad\u0119 przeta\u0144czy\u0107 ca\u0142\u0105 noc, ni\u017c spektakularna szpilka zdj\u0119ta i rzucona w k\u0105t po pierwszym walcu.<\/p>\n\n\n\r\n<div class=\"product-block-container swiper mySwiperProductBlock\">\r\n    <div class=\"product-block-swiper swiper-wrapper\">\r\n                    <div class=\"swiper-slide product-block-item\" data-id=\"147507\">\r\n                <a href=\"https:\/\/bialcon.pl\/plisowana-sukienka-w-kolorze-pastelowej-miety?utm_source=blog&utm_medium=wyprzedaz&utm_campaign=140825\" class=\"product-block-url\" target=\"_blank\">\r\n                    <div class=\"product-block-image\">\r\n                        <img decoding=\"async\" width=\"300\" height=\"400\" src=\"https:\/\/bialcon.pl\/picture\/plisowana-sukienka-w-kolorze-pastelowej-miety_3.jpg\" alt=\"Plisowana sukienka w kolorze pastelowej mi\u0119ty\">\r\n                    <\/div>\r\n                    <div class=\"product-block-name\">\r\n                        <p>Plisowana sukienka w kolorze pastelowej mi\u0119ty<\/p>\r\n                    <\/div>\r\n                <\/a>\r\n            <\/div>\r\n                    <div class=\"swiper-slide product-block-item\" data-id=\"147514\">\r\n                <a href=\"https:\/\/bialcon.pl\/blyszczaca-bordowa-sukienka-z-wiskozowa-podszewka?utm_source=blog&utm_medium=wyprzedaz&utm_campaign=140825\" class=\"product-block-url\" target=\"_blank\">\r\n                    <div class=\"product-block-image\">\r\n                        <img decoding=\"async\" width=\"300\" height=\"400\" src=\"https:\/\/bialcon.pl\/picture\/blyszczaca-bordowa-sukienka-z-wiskozowa-podszewka_4.jpg\" alt=\"B\u0142yszcz\u0105ca bordowa sukienka z wiskozow\u0105 podszewk\u0105\">\r\n                    <\/div>\r\n                    <div class=\"product-block-name\">\r\n                        <p>B\u0142yszcz\u0105ca bordowa sukienka z wiskozow\u0105 podszewk\u0105<\/p>\r\n                    <\/div>\r\n                <\/a>\r\n            <\/div>\r\n                    <div class=\"swiper-slide product-block-item\" data-id=\"147515\">\r\n                <a href=\"https:\/\/bialcon.pl\/blekitna-zwiewna-sukienka-za-kolano-z-zorzety?utm_source=blog&utm_medium=wyprzedaz&utm_campaign=140825\" class=\"product-block-url\" target=\"_blank\">\r\n                    <div class=\"product-block-image\">\r\n                        <img decoding=\"async\" width=\"300\" height=\"400\" src=\"https:\/\/bialcon.pl\/picture\/blekitna-zwiewna-sukienka-za-kolano-z-zorzety.jpg\" alt=\"B\u0142\u0119kitna zwiewna sukienka za kolano z \u017cor\u017cety\">\r\n                    <\/div>\r\n                    <div class=\"product-block-name\">\r\n                        <p>B\u0142\u0119kitna zwiewna sukienka za kolano z \u017cor\u017cety<\/p>\r\n                    <\/div>\r\n                <\/a>\r\n            <\/div>\r\n            <\/div>\r\n<\/div>\r\n\n\n\n\n<h2 class=\"wp-block-heading\"><span class=\"ez-toc-section\" id=\"Co_ubrac_na_wesele_latem\"><\/span>Co ubra\u0107 na wesele latem?<span class=\"ez-toc-section-end\"><\/span><\/h2>\n\n\n\n<p>Lipiec i sierpie\u0144 to czas kolor\u00f3w i beztroski, ale te\u017c rekordowych temperatur. W gor\u0105cy dzie\u0144 wybierz przewiewne kroje i jasne odcienie, kt\u00f3re odbijaj\u0105 promienie s\u0142oneczne. Sukienka na cienkich rami\u0105czkach w kolorze rozbielonej brzoskwini, plisowana sp\u00f3dnica midi ze z\u0142ot\u0105 nitk\u0105 zestawiona z jedwabnym topem czy lniany garnitur w cytrynowym odcieniu \u2013 ka\u017cda z tych stylizacji \u0142\u0105czy wygod\u0119 z elegancj\u0105.<\/p>\n\n\n\n<p>Je\u015bli obawiasz si\u0119 zagniece\u0144 na naturalnej tkaninie, si\u0119gnij po mieszank\u0119 we\u0142ny z wiskoz\u0105: zachowa form\u0119, a jednocze\u015bnie b\u0119dzie przewiewna. Zabierz lekk\u0105 marynark\u0119; noc\u0105 r\u00f3\u017cnica temperatur potrafi by\u0107 zaskakuj\u0105ca, a nie chcesz psu\u0107 urokliwych rozm\u00f3w w ogrodzie dr\u017ceniem ramion.<\/p>\n\n\n\r\n<div class=\"product-block-container swiper mySwiperProductBlock\">\r\n    <div class=\"product-block-swiper swiper-wrapper\">\r\n                    <div class=\"swiper-slide product-block-item\" data-id=\"146894\">\r\n                <a href=\"https:\/\/bialcon.pl\/plisowana-blekitna-spodnica-z-elastyczna-talia?utm_source=blog&utm_medium=wyprzedaz&utm_campaign=140825\" class=\"product-block-url\" target=\"_blank\">\r\n                    <div class=\"product-block-image\">\r\n                        <img decoding=\"async\" width=\"300\" height=\"400\" src=\"https:\/\/bialcon.pl\/picture\/plisowana-blekitna-spodnica-z-elastyczna-talia_1.jpg\" alt=\"Plisowana b\u0142\u0119kitna sp\u00f3dnica z elastyczn\u0105 tali\u0105\">\r\n                    <\/div>\r\n                    <div class=\"product-block-name\">\r\n                        <p>Plisowana b\u0142\u0119kitna sp\u00f3dnica z elastyczn\u0105 tali\u0105<\/p>\r\n                    <\/div>\r\n                <\/a>\r\n            <\/div>\r\n                    <div class=\"swiper-slide product-block-item\" data-id=\"147596\">\r\n                <a href=\"https:\/\/bialcon.pl\/plisowana-spodnica-midi-z-lekkiego-zwiewnego-materialu?utm_source=blog&utm_medium=wyprzedaz&utm_campaign=140825\" class=\"product-block-url\" target=\"_blank\">\r\n                    <div class=\"product-block-image\">\r\n                        <img decoding=\"async\" width=\"300\" height=\"400\" src=\"https:\/\/bialcon.pl\/picture\/plisowana-spodnica-midi-z-lekkiego-zwiewnego-materialu_1.jpg\" alt=\"Plisowana sp\u00f3dnica midi z lekkiego zwiewnego materia\u0142u\">\r\n                    <\/div>\r\n                    <div class=\"product-block-name\">\r\n                        <p>Plisowana sp\u00f3dnica midi z lekkiego zwiewnego materia\u0142u<\/p>\r\n                    <\/div>\r\n                <\/a>\r\n            <\/div>\r\n                    <div class=\"swiper-slide product-block-item\" data-id=\"147600\">\r\n                <a href=\"https:\/\/bialcon.pl\/plisowana-spodnica-midi-z-morskiego-zwiewnego-materialu?utm_source=blog&utm_medium=wyprzedaz&utm_campaign=140825\" class=\"product-block-url\" target=\"_blank\">\r\n                    <div class=\"product-block-image\">\r\n                        <img decoding=\"async\" width=\"300\" height=\"400\" src=\"https:\/\/bialcon.pl\/picture\/plisowana-spodnica-midi-z-morskiego-zwiewnego-materialu.jpg\" alt=\"Plisowana sp\u00f3dnica midi z morskiego zwiewnego materia\u0142u\">\r\n                    <\/div>\r\n                    <div class=\"product-block-name\">\r\n                        <p>Plisowana sp\u00f3dnica midi z morskiego zwiewnego materia\u0142u<\/p>\r\n                    <\/div>\r\n                <\/a>\r\n            <\/div>\r\n            <\/div>\r\n<\/div>\r\n\n\n\n\n<h2 class=\"wp-block-heading\"><span class=\"ez-toc-section\" id=\"Co_ubrac_na_wesele_zima\"><\/span>Co ubra\u0107 na wesele zim\u0105?<span class=\"ez-toc-section-end\"><\/span><\/h2>\n\n\n\n<p>Zimowa sceneria sprzyja g\u0142\u0119bokim barwom i luksusowym fakturom. Welur w odcieniu butelkowej zieleni, aksamitna sukienka z bufkami w kolorze \u015bliwkowym, satynowy garnitur w granacie z po\u0142yskiem \u2013 to propozycje, kt\u00f3re ogrzej\u0105 i oczaruj\u0105 jednocze\u015bnie. Pami\u0119taj o warstwach: p\u0142aszcz z alpaki lub we\u0142ny mo\u017ce sta\u0107 si\u0119 integraln\u0105 cz\u0119\u015bci\u0105 stylizacji, podobnie jak szeroki kaszmirowy szal nonszalancko narzucony na ramiona.<\/p>\n\n\n\n<p>W pomieszczeniach ogrzewanie cz\u0119sto bywa intensywne, dlatego pod spodem warto mie\u0107 kreacj\u0119 z ods\u0142oni\u0119tymi ramionami czy zmys\u0142owym dekoltem na plecach. Obuwie dostosuj do pogody \u2013 zamszowe cz\u00f3\u0142enka na stabilnym s\u0142upku poradz\u0105 sobie ze \u015bniegiem przy wej\u015bciu, a w \u015brodku wci\u0105\u017c b\u0119d\u0105 wygl\u0105da\u0107 lekko.<\/p>\n\n\n\n<h2 class=\"wp-block-heading\"><span class=\"ez-toc-section\" id=\"Sukienki_na_wesele_%E2%80%93_co_jest_teraz_modne\"><\/span>Sukienki na wesele \u2013 co jest teraz modne?<span class=\"ez-toc-section-end\"><\/span><\/h2>\n\n\n\n<p>Trendy na rok 2025 \u0142\u0105cz\u0105 nostalgi\u0119 z nowoczesno\u015bci\u0105. Projektanci kochaj\u0105 pi\u00f3ra, romantyczne falbany czy tr\u00f3jwymiarowe koronki, ale r\u00f3wnie ch\u0119tnie si\u0119gaj\u0105 po minimalistyczne kroje na cienkich rami\u0105czkach, inspirowane latami dziewi\u0119\u0107dziesi\u0105tymi.<\/p>\n\n\n\n<p>Prawdziwym hitem s\u0105 pastelowe total looki \u2013 mi\u0119ta, lawenda i pudrowy r\u00f3\u017c od st\u00f3p do g\u0142\u00f3w \u2013 kt\u00f3re dodaj\u0105 \u015bwie\u017co\u015bci i pi\u0119knie prezentuj\u0105 si\u0119 na zdj\u0119ciach. Je\u015bli zale\u017cy Ci na optycznym wyd\u0142u\u017ceniu sylwetki, postaw na fason z rozci\u0119ciem z przodu lub z boku; je\u015bli preferujesz obj\u0119to\u015b\u0107, wybierz sukni\u0119 o linii empire, kt\u00f3ra podkre\u015bli biust i zatuszuje biodra. Wa\u017cne, aby sukienka harmonizowa\u0142a z temperamentem w\u0142a\u015bcicielki \u2013 zbyt \u015bmia\u0142e trendy potrafi\u0105 przy\u0107mi\u0107 naturalny urok.<\/p>\n\n\n\r\n<div class=\"product-block-container swiper mySwiperProductBlock\">\r\n    <div class=\"product-block-swiper swiper-wrapper\">\r\n                    <div class=\"swiper-slide product-block-item\" data-id=\"147693\">\r\n                <a href=\"https:\/\/bialcon.pl\/czarna-wiskozowa-sukienka-midi-na-ramiaczkach?utm_source=blog&utm_medium=wyprzedaz&utm_campaign=140825\" class=\"product-block-url\" target=\"_blank\">\r\n                    <div class=\"product-block-image\">\r\n                        <img decoding=\"async\" width=\"300\" height=\"400\" src=\"https:\/\/bialcon.pl\/picture\/czarna-wiskozowa-sukienka-midi-na-ramiaczkach_1.jpg\" alt=\"Czarna wiskozowa sukienka midi na rami\u0105czkach\">\r\n                    <\/div>\r\n                    <div class=\"product-block-name\">\r\n                        <p>Czarna wiskozowa sukienka midi na rami\u0105czkach<\/p>\r\n                    <\/div>\r\n                <\/a>\r\n            <\/div>\r\n                    <div class=\"swiper-slide product-block-item\" data-id=\"147723\">\r\n                <a href=\"https:\/\/bialcon.pl\/dopasowana-sukienka-w-paski-z-dzianiny-bawelnianej?utm_source=blog&utm_medium=wyprzedaz&utm_campaign=140825\" class=\"product-block-url\" target=\"_blank\">\r\n                    <div class=\"product-block-image\">\r\n                        <img decoding=\"async\" width=\"300\" height=\"400\" src=\"https:\/\/bialcon.pl\/picture\/dopasowana-sukienka-w-paski-z-dzianiny-bawelnianej_1.jpg\" alt=\"Dopasowana sukienka w paski z dzianiny bawe\u0142nianej\">\r\n                    <\/div>\r\n                    <div class=\"product-block-name\">\r\n                        <p>Dopasowana sukienka w paski z dzianiny bawe\u0142nianej<\/p>\r\n                    <\/div>\r\n                <\/a>\r\n            <\/div>\r\n                    <div class=\"swiper-slide product-block-item\" data-id=\"147767\">\r\n                <a href=\"https:\/\/bialcon.pl\/wiskozowy-kombinezon-na-ramiaczkach-z-malarskim-wzorem?utm_source=blog&utm_medium=wyprzedaz&utm_campaign=140825\" class=\"product-block-url\" target=\"_blank\">\r\n                    <div class=\"product-block-image\">\r\n                        <img decoding=\"async\" width=\"300\" height=\"400\" src=\"https:\/\/bialcon.pl\/picture\/wiskozowy-kombinezon-na-ramiaczkach-z-malarskim-wzorem_2.jpg\" alt=\"Wiskozowy kombinezon na rami\u0105czkach z malarskim wzorem\">\r\n                    <\/div>\r\n                    <div class=\"product-block-name\">\r\n                        <p>Wiskozowy kombinezon na rami\u0105czkach z malarskim wzorem<\/p>\r\n                    <\/div>\r\n                <\/a>\r\n            <\/div>\r\n            <\/div>\r\n<\/div>\r\n\n\n\n\n<h2 class=\"wp-block-heading\"><span class=\"ez-toc-section\" id=\"Stylizacje_plus_size_%E2%80%93_pewnosc_siebie_w_kazdym_rozmiarze\"><\/span>Stylizacje plus size \u2013 pewno\u015b\u0107 siebie w ka\u017cdym rozmiarze<span class=\"ez-toc-section-end\"><\/span><\/h2>\n\n\n\n<p>Rozmiar to tylko liczba, licz\u0105 si\u0119 proporcje i komfort. Monochromatyczna sukienka kopertowa w granacie b\u0142yskawicznie zaznaczy tali\u0119, a p\u0142ynna linia dekoltu w liter\u0119 V optycznie wyd\u0142u\u017cy szyj\u0119. Je\u017celi wolisz spodnie, wybierz wysoki stan i szerok\u0105 nogawk\u0119 zaprasowan\u0105 w kant; nogi wydadz\u0105 si\u0119 d\u0142u\u017csze, a ca\u0142a sylwetka smuklejsza.<\/p>\n\n\n\n<p>Drobnym detalem, kt\u00f3ry czyni cuda, jest ods\u0142oni\u0119cie nadgarstk\u00f3w \u2013 skr\u00f3cony r\u0119kaw dodaje lekko\u015bci i odci\u0105ga uwag\u0119 od newralgicznych stref. Materia\u0142 powinien pracowa\u0107 razem z Tob\u0105; elastyczna tkanina, kt\u00f3ra delikatnie dopasowuje si\u0119 do kszta\u0142t\u00f3w, sprawia, \u017ce przez ca\u0142\u0105 noc czujesz si\u0119 wolna, a nie zamkni\u0119ta w gorset stylistycznych ogranicze\u0144.<\/p>\n\n\n\n<h2 class=\"wp-block-heading\"><span class=\"ez-toc-section\" id=\"Alternatywa_dla_sukienki_na_wesele_%E2%80%93_czyli_co_jesli_nie_sukienka\"><\/span>Alternatywa dla sukienki na wesele \u2013 czyli co, je\u015bli nie sukienka?<span class=\"ez-toc-section-end\"><\/span><\/h2>\n\n\n\n<p>Nie ka\u017cda kobieta marzy o falbanach i tiulach. Je\u015bli wolisz nowoczesny sznyt, pomy\u015bl o kombinezonie z lej\u0105cej satyny. Przy w\u0105skiej g\u00f3rze i szerokich nogawkach uzyskasz sylwetk\u0119 modelki, a pasek w talii podkre\u015bli jej wci\u0119cie.<\/p>\n\n\n\n<p>Damski garnitur to kolejny pewniak; w pistacjowym lub koralowym odcieniu zrobi furor\u0119, szczeg\u00f3lnie gdy zestawisz go z jedwabnym topem i geometrycznymi kolczykami. A je\u015bli obawiasz si\u0119, \u017ce spodnie odbior\u0105 stylizacji kobieco\u015b\u0107, dodaj apaszk\u0119 w kontrastowym kolorze i mocny makija\u017c ust \u2013 efekt zaskoczy nawet najwi\u0119kszych sceptyk\u00f3w.<\/p>\n\n\n\r\n<div class=\"product-block-container swiper mySwiperProductBlock\">\r\n    <div class=\"product-block-swiper swiper-wrapper\">\r\n                    <div class=\"swiper-slide product-block-item\" data-id=\"147516\">\r\n                <a href=\"https:\/\/bialcon.pl\/taliowana-pastelowa-marynarka-z-delikatnymi-poduszkami?utm_source=blog&utm_medium=wyprzedaz&utm_campaign=140825\" class=\"product-block-url\" target=\"_blank\">\r\n                    <div class=\"product-block-image\">\r\n                        <img decoding=\"async\" width=\"300\" height=\"400\" src=\"https:\/\/bialcon.pl\/picture\/taliowana-pastelowa-marynarka-z-delikatnymi-poduszkami_4.jpg\" alt=\"Taliowana pastelowa marynarka z delikatnymi poduszkami\">\r\n                    <\/div>\r\n                    <div class=\"product-block-name\">\r\n                        <p>Taliowana pastelowa marynarka z delikatnymi poduszkami<\/p>\r\n                    <\/div>\r\n                <\/a>\r\n            <\/div>\r\n                    <div class=\"swiper-slide product-block-item\" data-id=\"147542\">\r\n                <a href=\"https:\/\/bialcon.pl\/klasyczny-bezowy-zakiet-z-zapieciem-na-jeden-guzik?utm_source=blog&utm_medium=wyprzedaz&utm_campaign=140825\" class=\"product-block-url\" target=\"_blank\">\r\n                    <div class=\"product-block-image\">\r\n                        <img decoding=\"async\" width=\"300\" height=\"400\" src=\"https:\/\/bialcon.pl\/picture\/klasyczny-bezowy-zakiet-z-zapieciem-na-jeden-guzik_3.jpg\" alt=\"Klasyczny be\u017cowy \u017cakiet z zapi\u0119ciem na jeden guzik\">\r\n                    <\/div>\r\n                    <div class=\"product-block-name\">\r\n                        <p>Klasyczny be\u017cowy \u017cakiet z zapi\u0119ciem na jeden guzik<\/p>\r\n                    <\/div>\r\n                <\/a>\r\n            <\/div>\r\n                    <div class=\"swiper-slide product-block-item\" data-id=\"147562\">\r\n                <a href=\"https:\/\/bialcon.pl\/klasyczny-smietankowy-zakiet-z-zapieciem-na-jeden-guzik?utm_source=blog&utm_medium=wyprzedaz&utm_campaign=140825\" class=\"product-block-url\" target=\"_blank\">\r\n                    <div class=\"product-block-image\">\r\n                        <img decoding=\"async\" width=\"300\" height=\"400\" src=\"https:\/\/bialcon.pl\/picture\/klasyczny-smietankowy-zakiet-z-zapieciem-na-jeden-guzik_1.jpg\" alt=\"Klasyczny \u015bmietankowy \u017cakiet z zapi\u0119ciem na jeden guzik\">\r\n                    <\/div>\r\n                    <div class=\"product-block-name\">\r\n                        <p>Klasyczny \u015bmietankowy \u017cakiet z zapi\u0119ciem na jeden guzik<\/p>\r\n                    <\/div>\r\n                <\/a>\r\n            <\/div>\r\n            <\/div>\r\n<\/div>\r\n\n\n\n\n<h2 class=\"wp-block-heading\"><span class=\"ez-toc-section\" id=\"Dress_code_na_wesele_%E2%80%93_najwazniejsze_zasady\"><\/span>Dress code na wesele \u2013 najwa\u017cniejsze zasady<span class=\"ez-toc-section-end\"><\/span><\/h2>\n\n\n\n<p>Cho\u0107 moda coraz cz\u0119\u015bciej \u0142amie regu\u0142y, pewne zasady wci\u0105\u017c s\u0105 aktualne. Biel w odcieniu \u015blubnej sukni niech pozostanie przywilejem panny m\u0142odej. Czer\u0144 jest dozwolona, je\u015bli prze\u0142amiesz j\u0105 kolorowymi dodatkami lub metalicznym po\u0142yskiem, dzi\u0119ki czemu nie b\u0119dzie kojarzy\u0107 si\u0119 z \u017ca\u0142ob\u0105. Str\u00f3j na wesele powinien by\u0107 elegancki, ale nie wyzywaj\u0105cy \u2013 zbyt g\u0142\u0119boki dekolt czy bardzo kr\u00f3tka sp\u00f3dnica odwracaj\u0105 uwag\u0119 od uroczysto\u015bci.<\/p>\n\n\n\n<p>Pami\u0119taj, \u017ce dress code to forma szacunku dla gospodarzy, a nie modowe wi\u0119zy; mo\u017cna go interpretowa\u0107 kreatywnie, byle w granicach dobrego smaku. Je\u015bli zaproszenie wspomina o \u201eblack tie\u201d, wybierz d\u0142ug\u0105 sukni\u0119 lub wytworny smoking, gdy natomiast pada has\u0142o \u201esmart casual\u201d, lekki kombinezon lub pastelowa midi w zupe\u0142no\u015bci wystarcz\u0105.<\/p>\n\n\n\n<h2 class=\"wp-block-heading\"><span class=\"ez-toc-section\" id=\"Stylizacje_na_wesele_w_stylu_boho_%E2%80%93_powiew_wolnosci\"><\/span>Stylizacje na wesele w stylu boho \u2013 powiew wolno\u015bci<span class=\"ez-toc-section-end\"><\/span><\/h2>\n\n\n\n<p>Styl boho to synonim swobody i blisko\u015bci natury. D\u0142ugie, lej\u0105ce suknie z motywem \u0142\u0105czki, koronki, fr\u0119dzle i naturalne dodatki wprowadzaj\u0105 luz, a jednocze\u015bnie maj\u0105 w sobie co\u015b niezwykle romantycznego. Je\u015bli wesele odbywa si\u0119 w stodole pe\u0142nej girland i drewnianych detali, postaw na pastelow\u0105 maxi z koronki lub mu\u015blinu, do kt\u00f3rej dobierzesz plecion\u0105 torebk\u0119 i delikatny wianek z \u017cywych kwiat\u00f3w.<\/p>\n\n\n\n<p>Buty? Najlepiej zamszowe botki na niskim obcasie lub sanda\u0142y na s\u0142upku, kt\u00f3re poradz\u0105 sobie na nier\u00f3wnym pod\u0142o\u017cu. Boho to tak\u017ce kolory ziemi i odrobina etno \u2013 bransoletka z koralik\u00f3w czy d\u0142ugi naszyjnik z pi\u00f3r subtelnie podkre\u015bl\u0105 stylizacj\u0119 i sprawi\u0105, \u017ce poczujesz si\u0119 jak wolny duch ta\u0144cz\u0105cy boso na \u0142\u0105ce.<\/p>\n\n\n\r\n<div class=\"product-block-container swiper mySwiperProductBlock\">\r\n    <div class=\"product-block-swiper swiper-wrapper\">\r\n                    <div class=\"swiper-slide product-block-item\" data-id=\"147810\">\r\n                <a href=\"https:\/\/bialcon.pl\/sukienka-z-koronki-w-kolorze-zgaszonego-rozu?utm_source=blog&utm_medium=wyprzedaz&utm_campaign=140825\" class=\"product-block-url\" target=\"_blank\">\r\n                    <div class=\"product-block-image\">\r\n                        <img decoding=\"async\" width=\"300\" height=\"400\" src=\"https:\/\/bialcon.pl\/picture\/sukienka-z-koronki-w-kolorze-zgaszonego-rozu_1.jpg\" alt=\"Sukienka z koronki w kolorze zgaszonego r\u00f3\u017cu\">\r\n                    <\/div>\r\n                    <div class=\"product-block-name\">\r\n                        <p>Sukienka z koronki w kolorze zgaszonego r\u00f3\u017cu<\/p>\r\n                    <\/div>\r\n                <\/a>\r\n            <\/div>\r\n                    <div class=\"swiper-slide product-block-item\" data-id=\"147255\">\r\n                <a href=\"https:\/\/bialcon.pl\/dopasowana-sukienka-z-elastycznej-granatowej-koronki?utm_source=blog&utm_medium=wyprzedaz&utm_campaign=140825\" class=\"product-block-url\" target=\"_blank\">\r\n                    <div class=\"product-block-image\">\r\n                        <img decoding=\"async\" width=\"300\" height=\"400\" src=\"https:\/\/bialcon.pl\/picture\/dopasowana-sukienka-z-elastycznej-granatowej-koronki_1.jpg\" alt=\"Dopasowana sukienka z elastycznej granatowej koronki\">\r\n                    <\/div>\r\n                    <div class=\"product-block-name\">\r\n                        <p>Dopasowana sukienka z elastycznej granatowej koronki<\/p>\r\n                    <\/div>\r\n                <\/a>\r\n            <\/div>\r\n                    <div class=\"swiper-slide product-block-item\" data-id=\"147173\">\r\n                <a href=\"https:\/\/bialcon.pl\/czarna-sukienki-z-koronki-o-dlugosci-midi?utm_source=blog&utm_medium=wyprzedaz&utm_campaign=140825\" class=\"product-block-url\" target=\"_blank\">\r\n                    <div class=\"product-block-image\">\r\n                        <img decoding=\"async\" width=\"300\" height=\"400\" src=\"https:\/\/bialcon.pl\/picture\/czarna-sukienki-z-koronki-o-dlugosci-midi_1.jpg\" alt=\"Czarna sukienki z koronki o d\u0142ugo\u015bci midi\">\r\n                    <\/div>\r\n                    <div class=\"product-block-name\">\r\n                        <p>Czarna sukienki z koronki o d\u0142ugo\u015bci midi<\/p>\r\n                    <\/div>\r\n                <\/a>\r\n            <\/div>\r\n            <\/div>\r\n<\/div>\r\n\n\n\n\n<h2 class=\"wp-block-heading\"><span class=\"ez-toc-section\" id=\"Stylizacje_na_wesele_w_stylu_glamour_%E2%80%93_blask_i_elegancja\"><\/span>Stylizacje na wesele w stylu glamour \u2013 blask i elegancja<span class=\"ez-toc-section-end\"><\/span><\/h2>\n\n\n\n<p>Glamour to \u015bwiat cekin\u00f3w, lustrzanego po\u0142ysku i kroj\u00f3w podkre\u015blaj\u0105cych sylwetk\u0119 niczym suknie hollywoodzkich gwiazd. Wspaniale sprawdzi si\u0119 d\u0142uga, op\u0142ywaj\u0105ca cia\u0142o suknia z satyny ci\u0119tej po skosie, zestawiona z minimalistycznymi szpilkami i kopert\u00f3wk\u0105 wysadzan\u0105 kryszta\u0142kami.<\/p>\n\n\n\n<p>Mo\u017cesz te\u017c si\u0119gn\u0105\u0107 po sukni\u0119\u2011syrenk\u0119 ozdobion\u0105 drobnym haftem z koralikami, kt\u00f3ra zjawiskowo mieni si\u0119 przy ka\u017cdym ruchu. Pami\u0119taj jednak o umiarze: gdy kreacja b\u0142yszczy, bi\u017cuteria powinna by\u0107 stonowana. Kilka dyskretnych akcent\u00f3w \u2013 kolczyki\u2011sztyfty, cienka bransoleta, g\u0142adka obr\u0105czka \u2013 wystarcz\u0105, by ca\u0142o\u015b\u0107 nabra\u0142a wyrafinowania.<\/p>\n\n\n\n<h2 class=\"wp-block-heading\"><span class=\"ez-toc-section\" id=\"Jak_ubrac_sie_na_wesele_jako_mama_panny_mlodej_lub_pana_mlodego\"><\/span>Jak ubra\u0107 si\u0119 na wesele jako mama panny m\u0142odej lub pana m\u0142odego?<span class=\"ez-toc-section-end\"><\/span><\/h2>\n\n\n\n<p>Dla rodzic\u00f3w pary m\u0142odej ten dzie\u0144 jest r\u00f3wnie wzruszaj\u0105cy co dla zakochanych, dlatego warto zadba\u0107 o elegancj\u0119 po\u0142\u0105czon\u0105 z wygod\u0105. Kreacja mamy panny m\u0142odej lub pana m\u0142odego powinna wsp\u00f3\u0142gra\u0107 z kolorystyk\u0105 \u015blubu, ale nie mo\u017ce przy\u0107mi\u0107 g\u0142\u00f3wnej bohaterki.<\/p>\n\n\n\n<p>Klasyczna sukienka do kolan z \u017cakardu, garsonka z jedwabiu czy kombinezon z szerok\u0105 nogawk\u0105 i subtelnym drapowaniem to sprawdzone wybory. Stonowane odcienie \u2013 pudrowy b\u0142\u0119kit, ciep\u0142y be\u017c, szaro\u015b\u0107 z per\u0142owym po\u0142yskiem \u2013 wpisuj\u0105 si\u0119 w weselny szyk, a jednocze\u015bnie s\u0105 uniwersalne. Komfortowe cz\u00f3\u0142enka na s\u0142upku i elegancki p\u0142aszcz dope\u0142ni\u0105 stylizacji; w ko\u0144cu mama te\u017c zamierza ruszy\u0107 w tany, a nie tylko przyjmowa\u0107 komplementy przy stoliku.<\/p>\n\n\n\r\n<div class=\"product-block-container swiper mySwiperProductBlock\">\r\n    <div class=\"product-block-swiper swiper-wrapper\">\r\n                    <div class=\"swiper-slide product-block-item\" data-id=\"147552\">\r\n                <a href=\"https:\/\/bialcon.pl\/chabrowy-zwiewny-kombinezon-z-szerokimi-nogawkami?utm_source=blog&utm_medium=wyprzedaz&utm_campaign=140825\" class=\"product-block-url\" target=\"_blank\">\r\n                    <div class=\"product-block-image\">\r\n                        <img decoding=\"async\" width=\"300\" height=\"400\" src=\"https:\/\/bialcon.pl\/picture\/chabrowy-zwiewny-kombinezon-z-szerokimi-nogawkami_2.jpg\" alt=\"Chabrowy zwiewny kombinezon z szerokimi nogawkami\">\r\n                    <\/div>\r\n                    <div class=\"product-block-name\">\r\n                        <p>Chabrowy zwiewny kombinezon z szerokimi nogawkami<\/p>\r\n                    <\/div>\r\n                <\/a>\r\n            <\/div>\r\n                    <div class=\"swiper-slide product-block-item\" data-id=\"147743\">\r\n                <a href=\"https:\/\/bialcon.pl\/wiskozowy-kolorowy-kombinezon-z-krotkim-rekawem?utm_source=blog&utm_medium=wyprzedaz&utm_campaign=140825\" class=\"product-block-url\" target=\"_blank\">\r\n                    <div class=\"product-block-image\">\r\n                        <img decoding=\"async\" width=\"300\" height=\"400\" src=\"https:\/\/bialcon.pl\/picture\/wiskozowy-kolorowy-kombinezon-z-krotkim-rekawem.jpg\" alt=\"Wiskozowy kolorowy kombinezon z kr\u00f3tkim r\u0119kawem\">\r\n                    <\/div>\r\n                    <div class=\"product-block-name\">\r\n                        <p>Wiskozowy kolorowy kombinezon z kr\u00f3tkim r\u0119kawem<\/p>\r\n                    <\/div>\r\n                <\/a>\r\n            <\/div>\r\n                    <div class=\"swiper-slide product-block-item\" data-id=\"147486\">\r\n                <a href=\"https:\/\/bialcon.pl\/szykowny-dlugi-kombinezon-ecru-z-kwiatami-3d?utm_source=blog&utm_medium=wyprzedaz&utm_campaign=140825\" class=\"product-block-url\" target=\"_blank\">\r\n                    <div class=\"product-block-image\">\r\n                        <img decoding=\"async\" width=\"300\" height=\"400\" src=\"https:\/\/bialcon.pl\/picture\/szykowny-dlugi-kombinezon-ecru-z-kwiatami-3d_1.jpg\" alt=\"Szykowny d\u0142ugi kombinezon ecru z kwiatami 3D\">\r\n                    <\/div>\r\n                    <div class=\"product-block-name\">\r\n                        <p>Szykowny d\u0142ugi kombinezon ecru z kwiatami 3D<\/p>\r\n                    <\/div>\r\n                <\/a>\r\n            <\/div>\r\n            <\/div>\r\n<\/div>\r\n\n\n\n\n<h2 class=\"wp-block-heading\"><span class=\"ez-toc-section\" id=\"Co_ubrac_na_wesele_jako_osoba_towarzyszaca\"><\/span>Co ubra\u0107 na wesele jako osoba towarzysz\u0105ca?<span class=\"ez-toc-section-end\"><\/span><\/h2>\n\n\n\n<p>Kiedy uczestniczysz w uroczysto\u015bci jako partner lub partnerka kogo\u015b z rodziny albo przyjaci\u00f3\u0142, Twoim zadaniem jest harmonijnie dope\u0142nia\u0107 ca\u0142o\u015b\u0107. Je\u015bli Tw\u00f3j towarzysz wybiera grafitowy garnitur, sukienka w koralowym lub malinowym odcieniu podkre\u015bli kontrast i o\u017cywi wsp\u00f3lne zdj\u0119cia. Panowie mog\u0105 postawi\u0107 na jednorz\u0119dowy garnitur w odcieniu midnight blue, a je\u015bli chc\u0105 wprowadzi\u0107 odrobin\u0119 fantazji, zamieni\u0107 klasyczny krawat na wzorzyst\u0105 much\u0119. Wa\u017cne, by kolory i faktury nie gryz\u0142y si\u0119 ze sob\u0105; subtelne nawi\u0105zania, takie jak poszetka w kolorze sukienki partnerki, wygl\u0105daj\u0105 na przemy\u015blane, a nie przypadkowe.<\/p>\n\n\n\r\n<div class=\"product-block-container swiper mySwiperProductBlock\">\r\n    <div class=\"product-block-swiper swiper-wrapper\">\r\n                    <div class=\"swiper-slide product-block-item\" data-id=\"147555\">\r\n                <a href=\"https:\/\/bialcon.pl\/lekka-wizytowa-sukienka-w-kolorze-lososiowego-rozu?utm_source=blog&utm_medium=wyprzedaz&utm_campaign=140825\" class=\"product-block-url\" target=\"_blank\">\r\n                    <div class=\"product-block-image\">\r\n                        <img decoding=\"async\" width=\"300\" height=\"400\" src=\"https:\/\/bialcon.pl\/picture\/lekka-wizytowa-sukienka-w-kolorze-lososiowego-rozu_3.jpg\" alt=\"Lekka wizytowa sukienka w kolorze \u0142ososiowego r\u00f3\u017cu\">\r\n                    <\/div>\r\n                    <div class=\"product-block-name\">\r\n                        <p>Lekka wizytowa sukienka w kolorze \u0142ososiowego r\u00f3\u017cu<\/p>\r\n                    <\/div>\r\n                <\/a>\r\n            <\/div>\r\n                    <div class=\"swiper-slide product-block-item\" data-id=\"147570\">\r\n                <a href=\"https:\/\/bialcon.pl\/dopasowana-jasnorozowa-sukienka-za-kolano?utm_source=blog&utm_medium=wyprzedaz&utm_campaign=140825\" class=\"product-block-url\" target=\"_blank\">\r\n                    <div class=\"product-block-image\">\r\n                        <img decoding=\"async\" width=\"300\" height=\"400\" src=\"https:\/\/bialcon.pl\/picture\/dopasowana-jasnorozowa-sukienka-za-kolano_1.jpg\" alt=\"Dopasowana jasnor\u00f3\u017cowa sukienka za kolano\">\r\n                    <\/div>\r\n                    <div class=\"product-block-name\">\r\n                        <p>Dopasowana jasnor\u00f3\u017cowa sukienka za kolano<\/p>\r\n                    <\/div>\r\n                <\/a>\r\n            <\/div>\r\n                    <div class=\"swiper-slide product-block-item\" data-id=\"147692\">\r\n                <a href=\"https:\/\/bialcon.pl\/elegancka-zwiewna-sukienka-midi-z-kontrafalda?utm_source=blog&utm_medium=wyprzedaz&utm_campaign=140825\" class=\"product-block-url\" target=\"_blank\">\r\n                    <div class=\"product-block-image\">\r\n                        <img decoding=\"async\" width=\"300\" height=\"400\" src=\"https:\/\/bialcon.pl\/picture\/elegancka-zwiewna-sukienka-midi-z-kontrafalda_6.jpg\" alt=\"Elegancka zwiewna sukienka midi z kontrafa\u0142d\u0105\">\r\n                    <\/div>\r\n                    <div class=\"product-block-name\">\r\n                        <p>Elegancka zwiewna sukienka midi z kontrafa\u0142d\u0105<\/p>\r\n                    <\/div>\r\n                <\/a>\r\n            <\/div>\r\n            <\/div>\r\n<\/div>\r\n\n\n\n\n<h2 class=\"wp-block-heading\"><span class=\"ez-toc-section\" id=\"Jak_dobrac_dodatki_do_stylizacji_na_wesele\"><\/span>Jak dobra\u0107 dodatki do stylizacji na wesele?<span class=\"ez-toc-section-end\"><\/span><\/h2>\n\n\n\n<p>Dodatki potrafi\u0105 wynie\u015b\u0107 stylizacj\u0119 na wy\u017cszy poziom lub zupe\u0142nie j\u0105 zepsu\u0107. Je\u015bli kreacja jest bogato zdobiona, postaw na delikatn\u0105 bi\u017cuteri\u0119 i g\u0142adk\u0105 kopert\u00f3wk\u0119; gdy str\u00f3j jest minimalistyczny, mo\u017cesz pozwoli\u0107 sobie na wyrazistsze akcenty, na przyk\u0142ad du\u017ce kolczyki w stylu art d\u00e9co albo metaliczn\u0105 torebk\u0119\u2011puzderko.<\/p>\n\n\n\n<p>Buty powinny by\u0107 przede wszystkim komfortowe \u2013 nawet najpi\u0119kniejsze szpilki nie uratuj\u0105 wieczoru, je\u015bli po godzinie nie b\u0119dziesz mog\u0142a zrobi\u0107 kroku. Zwr\u00f3\u0107 uwag\u0119 na perfumy: w t\u0142umie lepiej sprawdz\u0105 si\u0119 l\u017cejsze kompozycje kwiatowo\u2011owocowe ni\u017c ci\u0119\u017ckie aldehydy.<\/p>\n\n\n\r\n<div class=\"product-block-container swiper mySwiperProductBlock\">\r\n    <div class=\"product-block-swiper swiper-wrapper\">\r\n                    <div class=\"swiper-slide product-block-item\" data-id=\"147707\">\r\n                <a href=\"https:\/\/bialcon.pl\/broszka-kwiat-z-czarnego-tiulu?utm_source=blog&utm_medium=wyprzedaz&utm_campaign=140825\" class=\"product-block-url\" target=\"_blank\">\r\n                    <div class=\"product-block-image\">\r\n                        <img decoding=\"async\" width=\"300\" height=\"400\" src=\"https:\/\/bialcon.pl\/picture\/broszka-kwiat-czarny.jpg\" alt=\"Broszka kwiat z czarnego tiulu\">\r\n                    <\/div>\r\n                    <div class=\"product-block-name\">\r\n                        <p>Broszka kwiat z czarnego tiulu<\/p>\r\n                    <\/div>\r\n                <\/a>\r\n            <\/div>\r\n                    <div class=\"swiper-slide product-block-item\" data-id=\"147656\">\r\n                <a href=\"https:\/\/bialcon.pl\/stylowa-broszka-z-efektowym-zielonym-kamieniem?utm_source=blog&utm_medium=wyprzedaz&utm_campaign=140825\" class=\"product-block-url\" target=\"_blank\">\r\n                    <div class=\"product-block-image\">\r\n                        <img decoding=\"async\" width=\"300\" height=\"400\" src=\"https:\/\/bialcon.pl\/picture\/broszka-br97494.jpeg\" alt=\"Stylowa broszka z efektowym zielonym kamieniem\">\r\n                    <\/div>\r\n                    <div class=\"product-block-name\">\r\n                        <p>Stylowa broszka z efektowym zielonym kamieniem<\/p>\r\n                    <\/div>\r\n                <\/a>\r\n            <\/div>\r\n                    <div class=\"swiper-slide product-block-item\" data-id=\"147658\">\r\n                <a href=\"https:\/\/bialcon.pl\/bransoletka-z-metalu-szczotkowanego-i-skory-naturalnej?utm_source=blog&utm_medium=wyprzedaz&utm_campaign=140825\" class=\"product-block-url\" target=\"_blank\">\r\n                    <div class=\"product-block-image\">\r\n                        <img decoding=\"async\" width=\"300\" height=\"400\" src=\"https:\/\/bialcon.pl\/picture\/bransoletka-z-metalu-szczotkowanego-i-skory-naturalnej.jpeg\" alt=\"Bransoletka z metalu szczotkowanego i sk\u00f3ry naturalnej\">\r\n                    <\/div>\r\n                    <div class=\"product-block-name\">\r\n                        <p>Bransoletka z metalu szczotkowanego i sk\u00f3ry naturalnej<\/p>\r\n                    <\/div>\r\n                <\/a>\r\n            <\/div>\r\n            <\/div>\r\n<\/div>\r\n\n\n\n\n<h2 class=\"wp-block-heading\"><span class=\"ez-toc-section\" id=\"Gotowe_stylizacje_na_wesele_z_butikow_i_sieciowek\"><\/span>Gotowe stylizacje na wesele z butik\u00f3w i sieci\u00f3wek<span class=\"ez-toc-section-end\"><\/span><\/h2>\n\n\n\n<p>Nie ka\u017cdy ma czas, by godzinami kompletowa\u0107 elementy, dopasowywa\u0107 odcienie i kszta\u0142ty dekolt\u00f3w. Sklepy internetowe i stacjonarne butiki coraz cz\u0119\u015bciej proponuj\u0105 gotowe stylizacje na wesele \u2013 sukienka, buty, torebka i bi\u017cuteria skomponowane w jednym stylu. To \u015bwietne rozwi\u0105zanie, gdy czasu jest niewiele, a chcesz wygl\u0105da\u0107 jak milion dolar\u00f3w.<\/p>\n\n\n\n<p>Warto skorzysta\u0107 z konsultacji stylisty online; pi\u0119tna\u015bcie minut rozmowy pozwala unikn\u0105\u0107 kosztownych pomy\u0142ek i stresu na ostatniej prostej. Je\u015bli wolisz stacjonarne zakupy, zabierz przyjaci\u00f3\u0142k\u0119 \u2013 obiektywne oko to bezcenny doradca.<\/p>\n\n\n\r\n<div class=\"product-block-container swiper mySwiperProductBlock\">\r\n    <div class=\"product-block-swiper swiper-wrapper\">\r\n                    <div class=\"swiper-slide product-block-item\" data-id=\"147797\">\r\n                <a href=\"https:\/\/bialcon.pl\/duza-skorzana-brazowa-torba-na-co-dzien?utm_source=blog&utm_medium=wyprzedaz&utm_campaign=140825\" class=\"product-block-url\" target=\"_blank\">\r\n                    <div class=\"product-block-image\">\r\n                        <img decoding=\"async\" width=\"300\" height=\"400\" src=\"https:\/\/bialcon.pl\/picture\/duza-skorzana-brazowa-torba-na-co-dzien.jpg\" alt=\"Du\u017ca sk\u00f3rzana br\u0105zowa torba na co dzie\u0144\">\r\n                    <\/div>\r\n                    <div class=\"product-block-name\">\r\n                        <p>Du\u017ca sk\u00f3rzana br\u0105zowa torba na co dzie\u0144<\/p>\r\n                    <\/div>\r\n                <\/a>\r\n            <\/div>\r\n                    <div class=\"swiper-slide product-block-item\" data-id=\"147798\">\r\n                <a href=\"https:\/\/bialcon.pl\/duza-skorzana-bezowa-torba-na-co-dzien?utm_source=blog&utm_medium=wyprzedaz&utm_campaign=140825\" class=\"product-block-url\" target=\"_blank\">\r\n                    <div class=\"product-block-image\">\r\n                        <img decoding=\"async\" width=\"300\" height=\"400\" src=\"https:\/\/bialcon.pl\/picture\/torba-m8044-bezowy-karen.jpg\" alt=\"Du\u017ca sk\u00f3rzana be\u017cowa torba na co dzie\u0144\">\r\n                    <\/div>\r\n                    <div class=\"product-block-name\">\r\n                        <p>Du\u017ca sk\u00f3rzana be\u017cowa torba na co dzie\u0144<\/p>\r\n                    <\/div>\r\n                <\/a>\r\n            <\/div>\r\n                    <div class=\"swiper-slide product-block-item\" data-id=\"147799\">\r\n                <a href=\"https:\/\/bialcon.pl\/karmelowa-torebka-z-wysokogatunkowej-skory-naturalnej?utm_source=blog&utm_medium=wyprzedaz&utm_campaign=140825\" class=\"product-block-url\" target=\"_blank\">\r\n                    <div class=\"product-block-image\">\r\n                        <img decoding=\"async\" width=\"300\" height=\"400\" src=\"https:\/\/bialcon.pl\/picture\/torba-k772-bis-bezowy-karen_3.webp\" alt=\"Karmelowa torebka z wysokogatunkowej sk\u00f3ry naturalnej\">\r\n                    <\/div>\r\n                    <div class=\"product-block-name\">\r\n                        <p>Karmelowa torebka z wysokogatunkowej sk\u00f3ry naturalnej<\/p>\r\n                    <\/div>\r\n                <\/a>\r\n            <\/div>\r\n            <\/div>\r\n<\/div>\r\n\n\n\n\n<h2 class=\"wp-block-heading\"><span class=\"ez-toc-section\" id=\"Jak_ubrac_sie_na_wesele_z_klasa_i_luzem\"><\/span>Jak ubra\u0107 si\u0119 na wesele z klas\u0105 i luzem?<span class=\"ez-toc-section-end\"><\/span><\/h2>\n\n\n\n<p>Wyobra\u017a sobie stylizacj\u0119, kt\u00f3ra wygl\u0105da efektownie, ale nie onie\u015bmiela. Jedwabna sp\u00f3dnica bias cut po\u0142\u0105czona z bia\u0142ymi sk\u00f3rzanymi sneakersami, je\u015bli dress code jest nieco lu\u017aniejszy, to idealny przyk\u0142ad po\u0142\u0105czenia wygody i szyku.<\/p>\n\n\n\n<p>Innym pomys\u0142em mo\u017ce by\u0107 sukienka z mi\u0119kkiej dzianiny przypominaj\u0105ca drug\u0105 sk\u00f3r\u0119, zestawiona z klasycznymi szpilkami. Kluczem jest zawsze balans: gdy d\u00f3\u0142 stroju jest swobodny, g\u00f3ra mo\u017ce by\u0107 bardziej elegancka i odwrotnie. Moda jest zabaw\u0105, a wesele doskona\u0142\u0105 okazj\u0105, by t\u0119 zabaw\u0119 celebrowa\u0107.<\/p>\n\n\n\n<h2 class=\"wp-block-heading\"><span class=\"ez-toc-section\" id=\"Personalizacja_stylizacji_%E2%80%93_pokaz_siebie_i_baw_sie_moda\"><\/span>Personalizacja stylizacji \u2013 poka\u017c siebie i baw si\u0119 mod\u0105<span class=\"ez-toc-section-end\"><\/span><\/h2>\n\n\n\n<p>Najpi\u0119kniejsza stylizacja na wesele to ta, kt\u00f3ra opowiada Twoj\u0105 histori\u0119. Mo\u017ce to by\u0107 zegarek po dziadku, spinki do mankiet\u00f3w z inicja\u0142ami albo torebka vintage kupiona na pchlim targu. Je\u015bli kochasz kolor, nie rezygnuj z niego ze strachu przed ocen\u0105 \u2013 neonowy akcent na ustach czy intensywnie r\u00f3\u017cowy manicure potrafi\u0105 doda\u0107 charakteru nawet najspokojniejszej sukni.<\/p>\n\n\n\n<p>Odwaga w detalach zdradza pewno\u015b\u0107 siebie, a ta jest bezcennym dodatkiem, kt\u00f3ry b\u0142yszczy mocniej ni\u017c najdro\u017cszy diament. To tak\u017ce \u015bwietny spos\u00f3b na wyra\u017cenie w\u0142asnego stylu.<\/p>\n\n\n\n<h2 class=\"wp-block-heading\"><span class=\"ez-toc-section\" id=\"Podsumowanie_%E2%80%93_Twoja_idealna_stylizacja_na_wesele\"><\/span>Podsumowanie \u2013 Twoja idealna stylizacja na wesele<span class=\"ez-toc-section-end\"><\/span><\/h2>\n\n\n\n<p>Gdy kto\u015b pyta, jak ubra\u0107 si\u0119 na wesele, odpowied\u017a nigdy nie jest jednowymiarowa. Moda \u015blubna to mieszanka szacunku dla pary m\u0142odej, \u015bwiadomo\u015bci w\u0142asnego stylu, wygody i odrobiny fantazji. Wybieraj\u0105c ubranie na wesele, kieruj si\u0119 charakterem uroczysto\u015bci, por\u0105 roku i swoj\u0105 osobowo\u015bci\u0105. Czy b\u0119dzie to zwiewna sukienka boho, koronkowa kreacja glamour, czy mo\u017ce garnitur w kolorze sorbetu \u2013 najwa\u017cniejsze, by\u015b czu\u0142a si\u0119 sob\u0105.<\/p>\n\n\n\n<p>Kiedy w to uwierzysz, ka\u017cdy str\u00f3j stanie si\u0119 Twoj\u0105 drug\u0105 sk\u00f3r\u0105, a parkiet \u2013 naturalnym \u015brodowiskiem. To najbardziej prosta droga do tego, aby\u015b podczas kolejnego przyj\u0119cia weselnego b\u0142yszcza\u0142a nie tylko strojem, lecz przede wszystkim u\u015bmiechem, bo w\u0142a\u015bnie on jest najpi\u0119kniejsz\u0105 ozdob\u0105.<\/p>\n\n\n\r\n<div class=\"product-block-container swiper mySwiperProductBlock\">\r\n    <div class=\"product-block-swiper swiper-wrapper\">\r\n                    <div class=\"swiper-slide product-block-item\" data-id=\"147644\">\r\n                <a href=\"https:\/\/bialcon.pl\/wiskozowa-letnia-sukienka-z-kimonowym-rekawem?utm_source=blog&utm_medium=wyprzedaz&utm_campaign=140825\" class=\"product-block-url\" target=\"_blank\">\r\n                    <div class=\"product-block-image\">\r\n                        <img decoding=\"async\" width=\"300\" height=\"400\" src=\"https:\/\/bialcon.pl\/picture\/wiskozowa-letnia-sukienka-z-kimonowym-rekawem.jpg\" alt=\"Wiskozowa letnia sukienka z kimonowym r\u0119kawem\">\r\n                    <\/div>\r\n                    <div class=\"product-block-name\">\r\n                        <p>Wiskozowa letnia sukienka z kimonowym r\u0119kawem<\/p>\r\n                    <\/div>\r\n                <\/a>\r\n            <\/div>\r\n                    <div class=\"swiper-slide product-block-item\" data-id=\"147655\">\r\n                <a href=\"https:\/\/bialcon.pl\/kolorowa-sukienka-ze-zwiewnej-wiskozy-z-falbana?utm_source=blog&utm_medium=wyprzedaz&utm_campaign=140825\" class=\"product-block-url\" target=\"_blank\">\r\n                    <div class=\"product-block-image\">\r\n                        <img decoding=\"async\" width=\"300\" height=\"400\" src=\"https:\/\/bialcon.pl\/picture\/kolorowa-sukienka-ze-zwiewnej-wiskozy-z-falbana_2.jpg\" alt=\"Kolorowa sukienka ze zwiewnej wiskozy z falban\u0105\">\r\n                    <\/div>\r\n                    <div class=\"product-block-name\">\r\n                        <p>Kolorowa sukienka ze zwiewnej wiskozy z falban\u0105<\/p>\r\n                    <\/div>\r\n                <\/a>\r\n            <\/div>\r\n                    <div class=\"swiper-slide product-block-item\" data-id=\"147449\">\r\n                <a href=\"https:\/\/bialcon.pl\/bezowa-azurowa-sukienka-z-krotkim-rekawem?utm_source=blog&utm_medium=wyprzedaz&utm_campaign=140825\" class=\"product-block-url\" target=\"_blank\">\r\n                    <div class=\"product-block-image\">\r\n                        <img decoding=\"async\" width=\"300\" height=\"400\" src=\"https:\/\/bialcon.pl\/picture\/bezowa-azurowa-sukienka-z-krotkim-rekawem_3.jpg\" alt=\"Be\u017cowa a\u017curowa sukienka z kr\u00f3tkim r\u0119kawem\">\r\n                    <\/div>\r\n                    <div class=\"product-block-name\">\r\n                        <p>Be\u017cowa a\u017curowa sukienka z kr\u00f3tkim r\u0119kawem<\/p>\r\n                    <\/div>\r\n                <\/a>\r\n            <\/div>\r\n            <\/div>\r\n<\/div>\r\n\n\n\n\n<h2 class=\"wp-block-heading\"><span class=\"ez-toc-section\" id=\"FAQ\"><\/span>FAQ<span class=\"ez-toc-section-end\"><\/span><\/h2>\n\n\n\n<h3 class=\"wp-block-heading\">1. Jak si\u0119 ubra\u0107 na wesele, by wygl\u0105da\u0107 elegancko i czu\u0107 si\u0119 swobodnie?<\/h3>\n\n\n\n<p>Zastanawiasz si\u0119, <strong>jak si\u0119 ubra\u0107 na wesele<\/strong>, by po\u0142\u0105czy\u0107 szyk z wygod\u0105? Klucz tkwi w dopasowaniu stylizacji do pory roku, miejsca przyj\u0119cia i w\u0142asnego stylu. Warto postawi\u0107 na lekkie, przewiewne tkaniny, dobrze dopasowany fason i wygodne buty. Idealny <strong>str\u00f3j na wesele<\/strong> to taki, w kt\u00f3rym przeta\u0144czysz ca\u0142\u0105 noc bez uczucia dyskomfortu.<\/p>\n\n\n\n<hr class=\"wp-block-separator has-alpha-channel-opacity\"\/>\n\n\n\n<h3 class=\"wp-block-heading\">2. Co ubra\u0107 na wesele latem, a co zim\u0105?<\/h3>\n\n\n\n<p>To, <strong>co ubra\u0107 na wesele<\/strong>, zale\u017cy w du\u017cej mierze od sezonu. Latem sprawdz\u0105 si\u0119 zwiewne sukienki, pastelowe kolory i sanda\u0142ki na s\u0142upku, natomiast zim\u0105 warto postawi\u0107 na eleganckie tkaniny (aksamit, satyna) i d\u0142u\u017csze fasony. Zim\u0105 uzupe\u0142nij <strong>ubi\u00f3r na wesele<\/strong> o stylowe okrycie wierzchnie, np. p\u0142aszcz w klasycznym kroju.<\/p>\n\n\n\n<hr class=\"wp-block-separator has-alpha-channel-opacity\"\/>\n\n\n\n<h3 class=\"wp-block-heading\">3. Jakie gotowe stylizacje na wesele sprawdzaj\u0105 si\u0119 najlepiej?<\/h3>\n\n\n\n<p>Je\u015bli nie masz czasu na kompletowanie zestawu, <strong>gotowe stylizacje na wesele<\/strong> to \u015bwietne rozwi\u0105zanie. Wiele marek oferuje gotowe sety \u2013 sukienka, buty i dodatki w jednym stylu. Warto te\u017c zwr\u00f3ci\u0107 uwag\u0119 na modne kombinezony czy garnitury damskie \u2013 coraz cz\u0119\u015bciej pojawiaj\u0105 si\u0119 jako nowoczesna alternatywa dla klasycznych sukienek.<\/p>\n\n\n\n<hr class=\"wp-block-separator has-alpha-channel-opacity\"\/>\n\n\n\n<h3 class=\"wp-block-heading\">4. Jak ubra\u0107 si\u0119 na wesele, by nie pope\u0142ni\u0107 modowej wpadki?<\/h3>\n\n\n\n<p>Zasady savoir-vivre\u2019u s\u0105 jasne \u2013 na wesele nie zak\u0142adamy bieli, zarezerwowanej dla panny m\u0142odej, ani czerni w zbyt pogrzebowym wydaniu. Je\u015bli nie wiesz, <strong>jak ubra\u0107 si\u0119 na wesele<\/strong>, wybierz sprawdzony fason w kolorze, kt\u00f3ry podkre\u015bli Twoj\u0105 urod\u0119. <strong>Ubranie na wesele<\/strong> powinno by\u0107 eleganckie, ale te\u017c dopasowane do miejsca \u2013 inaczej ubieramy si\u0119 na wesele w plenerze, a inaczej w sali bankietowej.<\/p>\n\n\n\n<script type=\"application\/ld+json\">\n{\n  \"@context\": \"https:\/\/schema.org\",\n  \"@type\": \"FAQPage\",\n  \"mainEntity\": [\n    {\n      \"@type\": \"Question\",\n      \"name\": \"Jak si\u0119 ubra\u0107 na wesele, by wygl\u0105da\u0107 elegancko i czu\u0107 si\u0119 swobodnie?\",\n      \"acceptedAnswer\": {\n        \"@type\": \"Answer\",\n        \"text\": \"Zastanawiasz si\u0119, jak si\u0119 ubra\u0107 na wesele, by po\u0142\u0105czy\u0107 szyk z wygod\u0105? Klucz tkwi w dopasowaniu stylizacji do pory roku, miejsca przyj\u0119cia i w\u0142asnego stylu. Warto postawi\u0107 na lekkie, przewiewne tkaniny, dobrze dopasowany fason i wygodne buty. Idealny str\u00f3j na wesele to taki, w kt\u00f3rym przeta\u0144czysz ca\u0142\u0105 noc bez uczucia dyskomfortu.\"\n      }\n    },\n    {\n      \"@type\": \"Question\",\n      \"name\": \"Co ubra\u0107 na wesele latem, a co zim\u0105?\",\n      \"acceptedAnswer\": {\n        \"@type\": \"Answer\",\n        \"text\": \"To, co ubra\u0107 na wesele, zale\u017cy w du\u017cej mierze od sezonu. Latem sprawdz\u0105 si\u0119 zwiewne sukienki, pastelowe kolory i sanda\u0142ki na s\u0142upku, natomiast zim\u0105 warto postawi\u0107 na eleganckie tkaniny, takie jak aksamit czy satyna, oraz d\u0142u\u017csze fasony. Zim\u0105 uzupe\u0142nij ubi\u00f3r na wesele o stylowe okrycie wierzchnie, np. p\u0142aszcz w klasycznym kroju.\"\n      }\n    },\n    {\n      \"@type\": \"Question\",\n      \"name\": \"Jakie gotowe stylizacje na wesele sprawdzaj\u0105 si\u0119 najlepiej?\",\n      \"acceptedAnswer\": {\n        \"@type\": \"Answer\",\n        \"text\": \"Je\u015bli nie masz czasu na kompletowanie zestawu, gotowe stylizacje na wesele to \u015bwietne rozwi\u0105zanie. Wiele marek oferuje gotowe sety \u2013 sukienka, buty i dodatki w jednym stylu. Warto te\u017c zwr\u00f3ci\u0107 uwag\u0119 na modne kombinezony czy garnitury damskie \u2013 coraz cz\u0119\u015bciej pojawiaj\u0105 si\u0119 jako nowoczesna alternatywa dla klasycznych sukienek.\"\n      }\n    },\n    {\n      \"@type\": \"Question\",\n      \"name\": \"Jak ubra\u0107 si\u0119 na wesele, by nie pope\u0142ni\u0107 modowej wpadki?\",\n      \"acceptedAnswer\": {\n        \"@type\": \"Answer\",\n        \"text\": \"Zasady savoir-vivre\u2019u s\u0105 jasne \u2013 na wesele nie zak\u0142adamy bieli, zarezerwowanej dla panny m\u0142odej, ani czerni w zbyt pogrzebowym wydaniu. Je\u015bli nie wiesz, jak ubra\u0107 si\u0119 na wesele, wybierz sprawdzony fason w kolorze, kt\u00f3ry podkre\u015bli Twoj\u0105 urod\u0119. Ubranie na wesele powinno by\u0107 eleganckie, ale te\u017c dopasowane do miejsca \u2013 inaczej ubieramy si\u0119 na wesele w plenerze, a inaczej w sali bankietowej.\"\n      }\n    }\n  ]\n}\n<\/script>\n\n\n\n<p><\/p>\n","protected":false},"excerpt":{"rendered":"<p>Wesele to \u015bwi\u0119to rado\u015bci, mi\u0142o\u015bci i\u2026 stylu. Chocia\u017c pierwsze skrzypce gra para m\u0142oda, go\u015bcie tak\u017ce pragn\u0105 prezentowa\u0107 si\u0119 ol\u015bniewaj\u0105co. Jednocze\u015bnie ka\u017cdy marzy, by wybrany str\u00f3j na wesele nie uwiera\u0142, nie kr\u0119powa\u0142 ruch\u00f3w i pozwoli\u0142 bez wahania wskoczy\u0107 na parkiet, kiedy orkiestra zagra pierwszy przeb\u00f3j. Jak zatem znale\u017a\u0107 z\u0142oty \u015brodek mi\u0119dzy elegancj\u0105 a wygod\u0105, mi\u0119dzy najnowszymi [&hellip;]<\/p>\n","protected":false},"author":10,"featured_media":12233,"comment_status":"closed","ping_status":"open","sticky":false,"template":"","format":"standard","meta":{"_acf_changed":false,"site-sidebar-layout":"default","site-content-layout":"","ast-site-content-layout":"default","site-content-style":"default","site-sidebar-style":"default","ast-global-header-display":"","ast-banner-title-visibility":"","ast-main-header-display":"","ast-hfb-above-header-display":"","ast-hfb-below-header-display":"","ast-hfb-mobile-header-display":"","site-post-title":"","ast-breadcrumbs-content":"","ast-featured-img":"","footer-sml-layout":"","theme-transparent-header-meta":"","adv-header-id-meta":"","stick-header-meta":"","header-above-stick-meta":"","header-main-stick-meta":"","header-below-stick-meta":"","astra-migrate-meta-layouts":"set","ast-page-background-enabled":"default","ast-page-background-meta":{"desktop":{"background-color":"","background-image":"","background-repeat":"repeat","background-position":"center center","background-size":"auto","background-attachment":"scroll","background-type":"","background-media":"","overlay-type":"","overlay-color":"","overlay-opacity":"","overlay-gradient":""},"tablet":{"background-color":"","background-image":"","background-repeat":"repeat","background-position":"center center","background-size":"auto","background-attachment":"scroll","background-type":"","background-media":"","overlay-type":"","overlay-color":"","overlay-opacity":"","overlay-gradient":""},"mobile":{"background-color":"","background-image":"","background-repeat":"repeat","background-position":"center center","background-size":"auto","background-attachment":"scroll","background-type":"","background-media":"","overlay-type":"","overlay-color":"","overlay-opacity":"","overlay-gradient":""}},"ast-content-background-meta":{"desktop":{"background-color":"var(--ast-global-color-5)","background-image":"","background-repeat":"repeat","background-position":"center center","background-size":"auto","background-attachment":"scroll","background-type":"","background-media":"","overlay-type":"","overlay-color":"","overlay-opacity":"","overlay-gradient":""},"tablet":{"background-color":"var(--ast-global-color-5)","background-image":"","background-repeat":"repeat","background-position":"center center","background-size":"auto","background-attachment":"scroll","background-type":"","background-media":"","overlay-type":"","overlay-color":"","overlay-opacity":"","overlay-gradient":""},"mobile":{"background-color":"var(--ast-global-color-5)","background-image":"","background-repeat":"repeat","background-position":"center center","background-size":"auto","background-attachment":"scroll","background-type":"","background-media":"","overlay-type":"","overlay-color":"","overlay-opacity":"","overlay-gradient":""}},"footnotes":""},"categories":[10,14],"tags":[],"class_list":["post-12231","post","type-post","status-publish","format-standard","has-post-thumbnail","hentry","category-porady-stylistki","category-wszystkie-wpisy"],"acf":[],"yoast_head":"<!-- This site is optimized with the Yoast SEO plugin v27.4 - https:\/\/yoast.com\/product\/yoast-seo-wordpress\/ -->\n<title>Stylizacje na wesele \u2013 jak wygl\u0105da\u0107 zjawiskowo i czu\u0107 si\u0119 komfortowo? - Bialcon<\/title>\n<meta name=\"description\" content=\"Wesele to \u015bwi\u0119to rado\u015bci, mi\u0142o\u015bci i\u2026 stylu. Chocia\u017c pierwsze skrzypce gra para m\u0142oda, go\u015bcie tak\u017ce pragn\u0105 prezentowa\u0107 si\u0119 ol\u015bniewaj\u0105co.\" \/>\n<meta name=\"robots\" content=\"index, follow, max-snippet:-1, max-image-preview:large, max-video-preview:-1\" \/>\n<link rel=\"canonical\" href=\"https:\/\/bialcon.pl\/blog\/stylizacje-na-wesele\/\" \/>\n<meta name=\"twitter:label1\" content=\"Napisane przez\" \/>\n\t<meta name=\"twitter:data1\" content=\"Ma\u0142gorzata Brzezi\u0144ska\" \/>\n\t<meta name=\"twitter:label2\" content=\"Szacowany czas czytania\" \/>\n\t<meta name=\"twitter:data2\" content=\"14 minut\" \/>\n<script type=\"application\/ld+json\" class=\"yoast-schema-graph\">{\"@context\":\"https:\\\/\\\/schema.org\",\"@graph\":[{\"@type\":\"Article\",\"@id\":\"https:\\\/\\\/bialcon.pl\\\/blog\\\/stylizacje-na-wesele\\\/#article\",\"isPartOf\":{\"@id\":\"https:\\\/\\\/bialcon.pl\\\/blog\\\/stylizacje-na-wesele\\\/\"},\"author\":{\"name\":\"Ma\u0142gorzata Brzezi\u0144ska\",\"@id\":\"https:\\\/\\\/bialcon.pl\\\/blog\\\/#\\\/schema\\\/person\\\/cbbe4ae2297c5abd7376399985d5fabb\"},\"headline\":\"Stylizacje na wesele \u2013 jak wygl\u0105da\u0107 zjawiskowo i czu\u0107 si\u0119 komfortowo?\",\"datePublished\":\"2025-08-14T08:00:00+00:00\",\"dateModified\":\"2026-04-16T09:29:26+00:00\",\"mainEntityOfPage\":{\"@id\":\"https:\\\/\\\/bialcon.pl\\\/blog\\\/stylizacje-na-wesele\\\/\"},\"wordCount\":2743,\"image\":{\"@id\":\"https:\\\/\\\/bialcon.pl\\\/blog\\\/stylizacje-na-wesele\\\/#primaryimage\"},\"thumbnailUrl\":\"https:\\\/\\\/bialcon.pl\\\/blog\\\/wp-content\\\/uploads\\\/2025\\\/08\\\/Projekt-bez-nazwy-1-1.png\",\"articleSection\":[\"Porady Stylistki\",\"Wszystkie wpisy\"],\"inLanguage\":\"pl-PL\"},{\"@type\":\"WebPage\",\"@id\":\"https:\\\/\\\/bialcon.pl\\\/blog\\\/stylizacje-na-wesele\\\/\",\"url\":\"https:\\\/\\\/bialcon.pl\\\/blog\\\/stylizacje-na-wesele\\\/\",\"name\":\"Stylizacje na wesele \u2013 jak wygl\u0105da\u0107 zjawiskowo i czu\u0107 si\u0119 komfortowo? - Bialcon\",\"isPartOf\":{\"@id\":\"https:\\\/\\\/bialcon.pl\\\/blog\\\/#website\"},\"primaryImageOfPage\":{\"@id\":\"https:\\\/\\\/bialcon.pl\\\/blog\\\/stylizacje-na-wesele\\\/#primaryimage\"},\"image\":{\"@id\":\"https:\\\/\\\/bialcon.pl\\\/blog\\\/stylizacje-na-wesele\\\/#primaryimage\"},\"thumbnailUrl\":\"https:\\\/\\\/bialcon.pl\\\/blog\\\/wp-content\\\/uploads\\\/2025\\\/08\\\/Projekt-bez-nazwy-1-1.png\",\"datePublished\":\"2025-08-14T08:00:00+00:00\",\"dateModified\":\"2026-04-16T09:29:26+00:00\",\"author\":{\"@id\":\"https:\\\/\\\/bialcon.pl\\\/blog\\\/#\\\/schema\\\/person\\\/cbbe4ae2297c5abd7376399985d5fabb\"},\"description\":\"Wesele to \u015bwi\u0119to rado\u015bci, mi\u0142o\u015bci i\u2026 stylu. Chocia\u017c pierwsze skrzypce gra para m\u0142oda, go\u015bcie tak\u017ce pragn\u0105 prezentowa\u0107 si\u0119 ol\u015bniewaj\u0105co.\",\"breadcrumb\":{\"@id\":\"https:\\\/\\\/bialcon.pl\\\/blog\\\/stylizacje-na-wesele\\\/#breadcrumb\"},\"inLanguage\":\"pl-PL\",\"potentialAction\":[{\"@type\":\"ReadAction\",\"target\":[\"https:\\\/\\\/bialcon.pl\\\/blog\\\/stylizacje-na-wesele\\\/\"]}]},{\"@type\":\"ImageObject\",\"inLanguage\":\"pl-PL\",\"@id\":\"https:\\\/\\\/bialcon.pl\\\/blog\\\/stylizacje-na-wesele\\\/#primaryimage\",\"url\":\"https:\\\/\\\/bialcon.pl\\\/blog\\\/wp-content\\\/uploads\\\/2025\\\/08\\\/Projekt-bez-nazwy-1-1.png\",\"contentUrl\":\"https:\\\/\\\/bialcon.pl\\\/blog\\\/wp-content\\\/uploads\\\/2025\\\/08\\\/Projekt-bez-nazwy-1-1.png\",\"width\":960,\"height\":850,\"caption\":\"Wizualizacja kobiety w d\u0142ugiej, lej\u0105cej si\u0119 sukni wieczorowej w kolorze pudrowego r\u00f3\u017cu, z peleryn\u0105 z szyfonu\"},{\"@type\":\"BreadcrumbList\",\"@id\":\"https:\\\/\\\/bialcon.pl\\\/blog\\\/stylizacje-na-wesele\\\/#breadcrumb\",\"itemListElement\":[{\"@type\":\"ListItem\",\"position\":1,\"name\":\"Strona g\u0142\u00f3wna\",\"item\":\"https:\\\/\\\/bialcon.pl\\\/blog\\\/\"},{\"@type\":\"ListItem\",\"position\":2,\"name\":\"Porady Stylistki\",\"item\":\"https:\\\/\\\/bialcon.pl\\\/blog\\\/porady-stylistki\\\/\"},{\"@type\":\"ListItem\",\"position\":3,\"name\":\"Stylizacje na wesele \u2013 jak wygl\u0105da\u0107 zjawiskowo i czu\u0107 si\u0119 komfortowo?\"}]},{\"@type\":\"WebSite\",\"@id\":\"https:\\\/\\\/bialcon.pl\\\/blog\\\/#website\",\"url\":\"https:\\\/\\\/bialcon.pl\\\/blog\\\/\",\"name\":\"bialcon.pl\\\/blog\\\/\",\"description\":\"Fashion Blog w zasi\u0119gu Twojej r\u0119ki\",\"potentialAction\":[{\"@type\":\"SearchAction\",\"target\":{\"@type\":\"EntryPoint\",\"urlTemplate\":\"https:\\\/\\\/bialcon.pl\\\/blog\\\/?s={search_term_string}\"},\"query-input\":{\"@type\":\"PropertyValueSpecification\",\"valueRequired\":true,\"valueName\":\"search_term_string\"}}],\"inLanguage\":\"pl-PL\"},{\"@type\":\"Person\",\"@id\":\"https:\\\/\\\/bialcon.pl\\\/blog\\\/#\\\/schema\\\/person\\\/cbbe4ae2297c5abd7376399985d5fabb\",\"name\":\"Ma\u0142gorzata Brzezi\u0144ska\",\"image\":{\"@type\":\"ImageObject\",\"inLanguage\":\"pl-PL\",\"@id\":\"https:\\\/\\\/secure.gravatar.com\\\/avatar\\\/3fc4a4cdba63586f503a5c5711e9b04d01ab1234b186b03e727ad902b6f4912d?s=96&d=mm&r=g\",\"url\":\"https:\\\/\\\/secure.gravatar.com\\\/avatar\\\/3fc4a4cdba63586f503a5c5711e9b04d01ab1234b186b03e727ad902b6f4912d?s=96&d=mm&r=g\",\"contentUrl\":\"https:\\\/\\\/secure.gravatar.com\\\/avatar\\\/3fc4a4cdba63586f503a5c5711e9b04d01ab1234b186b03e727ad902b6f4912d?s=96&d=mm&r=g\",\"caption\":\"Ma\u0142gorzata Brzezi\u0144ska\"},\"description\":\"Autorka tre\u015bci z zakresu mody, urody i stylu \u017cycia. Tworzy artyku\u0142y i poradniki oparte na analizie trend\u00f3w oraz potrzeb u\u017cytkownik\u00f3w, \u0142\u0105cz\u0105c wiedz\u0119 z zakresu komunikacji marketingowej i praktyki contentowej. Specjalizuje si\u0119 w bran\u017cach fashion, beauty &amp; health oraz gourmet food, przygotowuj\u0105c tre\u015bci dopasowane do realnych sytuacji i wybor\u00f3w konsumenckich. Na co dzie\u0144 zajmuje si\u0119 r\u00f3wnie\u017c content marketingiem i SEO.\",\"sameAs\":[\"https:\\\/\\\/www.linkedin.com\\\/in\\\/gosia-brzezinska-827052b4\\\/\"],\"url\":\"https:\\\/\\\/bialcon.pl\\\/blog\\\/author\\\/brzezinska\\\/\"}]}<\/script>\n<!-- \/ Yoast SEO plugin. -->","yoast_head_json":{"title":"Stylizacje na wesele \u2013 jak wygl\u0105da\u0107 zjawiskowo i czu\u0107 si\u0119 komfortowo? - Bialcon","description":"Wesele to \u015bwi\u0119to rado\u015bci, mi\u0142o\u015bci i\u2026 stylu. Chocia\u017c pierwsze skrzypce gra para m\u0142oda, go\u015bcie tak\u017ce pragn\u0105 prezentowa\u0107 si\u0119 ol\u015bniewaj\u0105co.","robots":{"index":"index","follow":"follow","max-snippet":"max-snippet:-1","max-image-preview":"max-image-preview:large","max-video-preview":"max-video-preview:-1"},"canonical":"https:\/\/bialcon.pl\/blog\/stylizacje-na-wesele\/","twitter_misc":{"Napisane przez":"Ma\u0142gorzata Brzezi\u0144ska","Szacowany czas czytania":"14 minut"},"schema":{"@context":"https:\/\/schema.org","@graph":[{"@type":"Article","@id":"https:\/\/bialcon.pl\/blog\/stylizacje-na-wesele\/#article","isPartOf":{"@id":"https:\/\/bialcon.pl\/blog\/stylizacje-na-wesele\/"},"author":{"name":"Ma\u0142gorzata Brzezi\u0144ska","@id":"https:\/\/bialcon.pl\/blog\/#\/schema\/person\/cbbe4ae2297c5abd7376399985d5fabb"},"headline":"Stylizacje na wesele \u2013 jak wygl\u0105da\u0107 zjawiskowo i czu\u0107 si\u0119 komfortowo?","datePublished":"2025-08-14T08:00:00+00:00","dateModified":"2026-04-16T09:29:26+00:00","mainEntityOfPage":{"@id":"https:\/\/bialcon.pl\/blog\/stylizacje-na-wesele\/"},"wordCount":2743,"image":{"@id":"https:\/\/bialcon.pl\/blog\/stylizacje-na-wesele\/#primaryimage"},"thumbnailUrl":"https:\/\/bialcon.pl\/blog\/wp-content\/uploads\/2025\/08\/Projekt-bez-nazwy-1-1.png","articleSection":["Porady Stylistki","Wszystkie wpisy"],"inLanguage":"pl-PL"},{"@type":"WebPage","@id":"https:\/\/bialcon.pl\/blog\/stylizacje-na-wesele\/","url":"https:\/\/bialcon.pl\/blog\/stylizacje-na-wesele\/","name":"Stylizacje na wesele \u2013 jak wygl\u0105da\u0107 zjawiskowo i czu\u0107 si\u0119 komfortowo? - Bialcon","isPartOf":{"@id":"https:\/\/bialcon.pl\/blog\/#website"},"primaryImageOfPage":{"@id":"https:\/\/bialcon.pl\/blog\/stylizacje-na-wesele\/#primaryimage"},"image":{"@id":"https:\/\/bialcon.pl\/blog\/stylizacje-na-wesele\/#primaryimage"},"thumbnailUrl":"https:\/\/bialcon.pl\/blog\/wp-content\/uploads\/2025\/08\/Projekt-bez-nazwy-1-1.png","datePublished":"2025-08-14T08:00:00+00:00","dateModified":"2026-04-16T09:29:26+00:00","author":{"@id":"https:\/\/bialcon.pl\/blog\/#\/schema\/person\/cbbe4ae2297c5abd7376399985d5fabb"},"description":"Wesele to \u015bwi\u0119to rado\u015bci, mi\u0142o\u015bci i\u2026 stylu. Chocia\u017c pierwsze skrzypce gra para m\u0142oda, go\u015bcie tak\u017ce pragn\u0105 prezentowa\u0107 si\u0119 ol\u015bniewaj\u0105co.","breadcrumb":{"@id":"https:\/\/bialcon.pl\/blog\/stylizacje-na-wesele\/#breadcrumb"},"inLanguage":"pl-PL","potentialAction":[{"@type":"ReadAction","target":["https:\/\/bialcon.pl\/blog\/stylizacje-na-wesele\/"]}]},{"@type":"ImageObject","inLanguage":"pl-PL","@id":"https:\/\/bialcon.pl\/blog\/stylizacje-na-wesele\/#primaryimage","url":"https:\/\/bialcon.pl\/blog\/wp-content\/uploads\/2025\/08\/Projekt-bez-nazwy-1-1.png","contentUrl":"https:\/\/bialcon.pl\/blog\/wp-content\/uploads\/2025\/08\/Projekt-bez-nazwy-1-1.png","width":960,"height":850,"caption":"Wizualizacja kobiety w d\u0142ugiej, lej\u0105cej si\u0119 sukni wieczorowej w kolorze pudrowego r\u00f3\u017cu, z peleryn\u0105 z szyfonu"},{"@type":"BreadcrumbList","@id":"https:\/\/bialcon.pl\/blog\/stylizacje-na-wesele\/#breadcrumb","itemListElement":[{"@type":"ListItem","position":1,"name":"Strona g\u0142\u00f3wna","item":"https:\/\/bialcon.pl\/blog\/"},{"@type":"ListItem","position":2,"name":"Porady Stylistki","item":"https:\/\/bialcon.pl\/blog\/porady-stylistki\/"},{"@type":"ListItem","position":3,"name":"Stylizacje na wesele \u2013 jak wygl\u0105da\u0107 zjawiskowo i czu\u0107 si\u0119 komfortowo?"}]},{"@type":"WebSite","@id":"https:\/\/bialcon.pl\/blog\/#website","url":"https:\/\/bialcon.pl\/blog\/","name":"bialcon.pl\/blog\/","description":"Fashion Blog w zasi\u0119gu Twojej r\u0119ki","potentialAction":[{"@type":"SearchAction","target":{"@type":"EntryPoint","urlTemplate":"https:\/\/bialcon.pl\/blog\/?s={search_term_string}"},"query-input":{"@type":"PropertyValueSpecification","valueRequired":true,"valueName":"search_term_string"}}],"inLanguage":"pl-PL"},{"@type":"Person","@id":"https:\/\/bialcon.pl\/blog\/#\/schema\/person\/cbbe4ae2297c5abd7376399985d5fabb","name":"Ma\u0142gorzata Brzezi\u0144ska","image":{"@type":"ImageObject","inLanguage":"pl-PL","@id":"https:\/\/secure.gravatar.com\/avatar\/3fc4a4cdba63586f503a5c5711e9b04d01ab1234b186b03e727ad902b6f4912d?s=96&d=mm&r=g","url":"https:\/\/secure.gravatar.com\/avatar\/3fc4a4cdba63586f503a5c5711e9b04d01ab1234b186b03e727ad902b6f4912d?s=96&d=mm&r=g","contentUrl":"https:\/\/secure.gravatar.com\/avatar\/3fc4a4cdba63586f503a5c5711e9b04d01ab1234b186b03e727ad902b6f4912d?s=96&d=mm&r=g","caption":"Ma\u0142gorzata Brzezi\u0144ska"},"description":"Autorka tre\u015bci z zakresu mody, urody i stylu \u017cycia. Tworzy artyku\u0142y i poradniki oparte na analizie trend\u00f3w oraz potrzeb u\u017cytkownik\u00f3w, \u0142\u0105cz\u0105c wiedz\u0119 z zakresu komunikacji marketingowej i praktyki contentowej. Specjalizuje si\u0119 w bran\u017cach fashion, beauty &amp; health oraz gourmet food, przygotowuj\u0105c tre\u015bci dopasowane do realnych sytuacji i wybor\u00f3w konsumenckich. Na co dzie\u0144 zajmuje si\u0119 r\u00f3wnie\u017c content marketingiem i SEO.","sameAs":["https:\/\/www.linkedin.com\/in\/gosia-brzezinska-827052b4\/"],"url":"https:\/\/bialcon.pl\/blog\/author\/brzezinska\/"}]}},"_links":{"self":[{"href":"https:\/\/bialcon.pl\/blog\/wp-json\/wp\/v2\/posts\/12231","targetHints":{"allow":["GET"]}}],"collection":[{"href":"https:\/\/bialcon.pl\/blog\/wp-json\/wp\/v2\/posts"}],"about":[{"href":"https:\/\/bialcon.pl\/blog\/wp-json\/wp\/v2\/types\/post"}],"author":[{"embeddable":true,"href":"https:\/\/bialcon.pl\/blog\/wp-json\/wp\/v2\/users\/10"}],"replies":[{"embeddable":true,"href":"https:\/\/bialcon.pl\/blog\/wp-json\/wp\/v2\/comments?post=12231"}],"version-history":[{"count":2,"href":"https:\/\/bialcon.pl\/blog\/wp-json\/wp\/v2\/posts\/12231\/revisions"}],"predecessor-version":[{"id":12903,"href":"https:\/\/bialcon.pl\/blog\/wp-json\/wp\/v2\/posts\/12231\/revisions\/12903"}],"wp:featuredmedia":[{"embeddable":true,"href":"https:\/\/bialcon.pl\/blog\/wp-json\/wp\/v2\/media\/12233"}],"wp:attachment":[{"href":"https:\/\/bialcon.pl\/blog\/wp-json\/wp\/v2\/media?parent=12231"}],"wp:term":[{"taxonomy":"category","embeddable":true,"href":"https:\/\/bialcon.pl\/blog\/wp-json\/wp\/v2\/categories?post=12231"},{"taxonomy":"post_tag","embeddable":true,"href":"https:\/\/bialcon.pl\/blog\/wp-json\/wp\/v2\/tags?post=12231"}],"curies":[{"name":"wp","href":"https:\/\/api.w.org\/{rel}","templated":true}]}}