{"id":11749,"date":"2025-06-05T10:00:00","date_gmt":"2025-06-05T08:00:00","guid":{"rendered":"https:\/\/bialcon.pl\/blog\/?p=11749"},"modified":"2025-11-24T13:27:23","modified_gmt":"2025-11-24T12:27:23","slug":"okrycie-wierzchnie-wiosenne","status":"publish","type":"post","link":"https:\/\/bialcon.pl\/blog\/okrycie-wierzchnie-wiosenne\/","title":{"rendered":"Okrycie wierzchnie damskie wiosenne na ch\u0142odne poranki i ciep\u0142e popo\u0142udnia"},"content":{"rendered":"<div id=\"ez-toc-container\" class=\"ez-toc-v2_0_82_2 counter-hierarchy ez-toc-counter ez-toc-custom ez-toc-container-direction\">\n<div class=\"ez-toc-title-container\"><p class=\"ez-toc-title\" style=\"cursor:inherit\">Spis Tre\u015bci<\/p>\n<\/div><nav><ul class='ez-toc-list ez-toc-list-level-1 ' ><li class='ez-toc-page-1 ez-toc-heading-level-2'><a class=\"ez-toc-link ez-toc-heading-1\" href=\"https:\/\/bialcon.pl\/blog\/okrycie-wierzchnie-wiosenne\/#Praktyczne_okrycie_wierzchnie_damskie_wiosenne_%E2%80%93_jak_dopasowac_do_pogody\" >Praktyczne okrycie wierzchnie damskie wiosenne \u2013 jak dopasowa\u0107 do pogody?<\/a><\/li><li class='ez-toc-page-1 ez-toc-heading-level-2'><a class=\"ez-toc-link ez-toc-heading-2\" href=\"https:\/\/bialcon.pl\/blog\/okrycie-wierzchnie-wiosenne\/#Kurtki_i_plaszcze_%E2%80%93_od_klasyki_po_miejska_nonszalancje\" >Kurtki i p\u0142aszcze \u2013 od klasyki po miejsk\u0105 nonszalancj\u0119<\/a><\/li><li class='ez-toc-page-1 ez-toc-heading-level-2'><a class=\"ez-toc-link ez-toc-heading-3\" href=\"https:\/\/bialcon.pl\/blog\/okrycie-wierzchnie-wiosenne\/#Stylowe_okrycia_wierzchnie_damskie_do_biura_i_na_formalne_okazje\" >Stylowe okrycia wierzchnie damskie do biura i na formalne okazje<\/a><\/li><li class='ez-toc-page-1 ez-toc-heading-level-2'><a class=\"ez-toc-link ez-toc-heading-4\" href=\"https:\/\/bialcon.pl\/blog\/okrycie-wierzchnie-wiosenne\/#Kurtki_przeciwdeszczowe_damskie_%E2%80%93_komfort_w_mokre_dni\" >Kurtki przeciwdeszczowe damskie \u2013 komfort w mokre dni<\/a><\/li><li class='ez-toc-page-1 ez-toc-heading-level-2'><a class=\"ez-toc-link ez-toc-heading-5\" href=\"https:\/\/bialcon.pl\/blog\/okrycie-wierzchnie-wiosenne\/#Okrycie_wiosenne_damskie_w_stylu_casual\" >Okrycie wiosenne damskie w stylu casual<\/a><\/li><li class='ez-toc-page-1 ez-toc-heading-level-2'><a class=\"ez-toc-link ez-toc-heading-6\" href=\"https:\/\/bialcon.pl\/blog\/okrycie-wierzchnie-wiosenne\/#Jeansowe_kurtki_wiosenne_%E2%80%93_niezawodne_okrycie_wierzchnie\" >Jeansowe kurtki wiosenne \u2013 niezawodne okrycie wierzchnie<\/a><\/li><li class='ez-toc-page-1 ez-toc-heading-level-2'><a class=\"ez-toc-link ez-toc-heading-7\" href=\"https:\/\/bialcon.pl\/blog\/okrycie-wierzchnie-wiosenne\/#Modne_kurtki_wiosenne_%E2%80%93_idealne_dlugosci_na_sezon_przejsciowy\" >Modne kurtki wiosenne &#8211; idealne d\u0142ugo\u015bci na sezon przej\u015bciowy<\/a><\/li><li class='ez-toc-page-1 ez-toc-heading-level-2'><a class=\"ez-toc-link ez-toc-heading-8\" href=\"https:\/\/bialcon.pl\/blog\/okrycie-wierzchnie-wiosenne\/#Plaszcze_damskie_na_rozne_dni_%E2%80%93_czy_jedno_okrycie_wystarczy\" >P\u0142aszcze damskie na r\u00f3\u017cne dni \u2013 czy jedno okrycie wystarczy?<\/a><\/li><li class='ez-toc-page-1 ez-toc-heading-level-2'><a class=\"ez-toc-link ez-toc-heading-9\" href=\"https:\/\/bialcon.pl\/blog\/okrycie-wierzchnie-wiosenne\/#Najlepsze_okrycia_wierzchnie_w_sklepie_internetowym_%E2%80%93_wygoda_zakupow_online\" >Najlepsze okrycia wierzchnie w sklepie internetowym \u2013 wygoda zakup\u00f3w online<\/a><\/li><li class='ez-toc-page-1 ez-toc-heading-level-2'><a class=\"ez-toc-link ez-toc-heading-10\" href=\"https:\/\/bialcon.pl\/blog\/okrycie-wierzchnie-wiosenne\/#FAQ_%E2%80%93_Najczesciej_zadawane_pytania\" >FAQ \u2013 Najcz\u0119\u015bciej zadawane pytania<\/a><\/li><\/ul><\/nav><\/div>\n\n<p>Wiosna jest czasem przej\u015bciowym, kt\u00f3ry wymaga od nas modowej elastyczno\u015bci. Poranki bywaj\u0105 jeszcze zimne, a popo\u0142udnia potrafi\u0105 zaskoczy\u0107 prawdziwie letni\u0105 temperatur\u0105. Dlatego potrzebne jest nam odpowiednie okrycie wierzchnie damskie wiosenne, kt\u00f3re ochroni przed ch\u0142odem i wiatrem oraz zapewni komfort przez ca\u0142y dzie\u0144. W tym sezonie kr\u00f3luj\u0105 praktyczne i stylowe rozwi\u0105zania \u2013 klasyczne trencze, cienkie puch\u00f3wki, modne kurtki damskie, a tak\u017ce ponadczasowe marynarki. W tym artykule podpowiadamy, jak wybra\u0107 idealne okrycie na zmienn\u0105 aur\u0119 i jak je nosi\u0107 w codziennych stylizacjach.<\/p>\n\n\n\n<h2 class=\"wp-block-heading\"><span class=\"ez-toc-section\" id=\"Praktyczne_okrycie_wierzchnie_damskie_wiosenne_%E2%80%93_jak_dopasowac_do_pogody\"><\/span>Praktyczne okrycie wierzchnie damskie wiosenne \u2013 jak dopasowa\u0107 do pogody?<span class=\"ez-toc-section-end\"><\/span><\/h2>\n\n\n\n<p>Wiosenna pogoda potrafi by\u0107 kapry\u015bna \u2013 rankiem ch\u0142odna i mglista, w po\u0142udnie s\u0142oneczna, a wieczorem zn\u00f3w wietrzna lub deszczowa. Dlatego wybieraj\u0105c okrycie wierzchnie damskie wiosenne, warto postawi\u0107 na uniwersalno\u015b\u0107 i komfort. Najlepiej sprawdzaj\u0105 si\u0119 lekkie, oddychaj\u0105ce materia\u0142y, takie jak bawe\u0142na, tencel, len, czy we\u0142na z domieszk\u0105 syntetyk\u00f3w, kt\u00f3re utrzymuj\u0105 ciep\u0142o, a przy tym pozwalaj\u0105 sk\u00f3rze oddycha\u0107. Trencz z paskiem w talii, przej\u015bciowa kurtka z podszewk\u0105, a nawet przed\u0142u\u017cana marynarka oversize to modele, kt\u00f3re warto mie\u0107 w szafie. Warto te\u017c zwr\u00f3ci\u0107 uwag\u0119 na modne pikowane kurtki damskie.<\/p>\n\n\n\n<p>Dla os\u00f3b, kt\u00f3re poruszaj\u0105 si\u0119 pieszo lub korzystaj\u0105 z komunikacji miejskiej, kluczowe b\u0119dzie te\u017c to, aby okrycie nie kr\u0119powa\u0142o ruch\u00f3w, a jednocze\u015bnie dobrze chroni\u0142o przed ch\u0142odem i ewentualnym deszczem. Dodatkowym atutem b\u0119dzie mo\u017cliwo\u015b\u0107 warstwowego ubierania si\u0119 \u2013 cienki sweter lub bluza pod kurtk\u0105 znacz\u0105co zwi\u0119kszaj\u0105 komfort \u2013 gdy w autobusie jest nam za ciep\u0142o, po prostu zdejmujemy kurtk\u0119.<\/p>\n\n\n\r\n<div class=\"product-block-container swiper mySwiperProductBlock\">\r\n    <div class=\"product-block-swiper swiper-wrapper\">\r\n                    <div class=\"swiper-slide product-block-item\" data-id=\"147724\">\r\n                <a href=\"https:\/\/bialcon.pl\/bawelniana-kurtka-khaki-sciagana-w-talii?utm_source=blog&utm_medium=wyprzedaz&utm_campaign=050625\" class=\"product-block-url\" target=\"_blank\">\r\n                    <div class=\"product-block-image\">\r\n                        <img decoding=\"async\" width=\"300\" height=\"400\" src=\"https:\/\/bialcon.pl\/picture\/kurtka-ble-252679-f-khaki_2.jpg\" alt=\"Bawe\u0142niana kurtka khaki \u015bci\u0105gana w talii\">\r\n                    <\/div>\r\n                    <div class=\"product-block-name\">\r\n                        <p>Bawe\u0142niana kurtka khaki \u015bci\u0105gana w talii<\/p>\r\n                    <\/div>\r\n                <\/a>\r\n            <\/div>\r\n                    <div class=\"swiper-slide product-block-item\" data-id=\"147725\">\r\n                <a href=\"https:\/\/bialcon.pl\/ciemnogranatowa-bawelniana-kurtka-sciagana-w-talii?utm_source=blog&utm_medium=wyprzedaz&utm_campaign=050625\" class=\"product-block-url\" target=\"_blank\">\r\n                    <div class=\"product-block-image\">\r\n                        <img decoding=\"async\" width=\"300\" height=\"400\" src=\"https:\/\/bialcon.pl\/picture\/kurtka-ble-252679-f-granat_3.jpg\" alt=\"Ciemnogranatowa bawe\u0142niana kurtka \u015bci\u0105gana w talii\">\r\n                    <\/div>\r\n                    <div class=\"product-block-name\">\r\n                        <p>Ciemnogranatowa bawe\u0142niana kurtka \u015bci\u0105gana w talii<\/p>\r\n                    <\/div>\r\n                <\/a>\r\n            <\/div>\r\n                    <div class=\"swiper-slide product-block-item\" data-id=\"147726\">\r\n                <a href=\"https:\/\/bialcon.pl\/krotki-dwurzedowy-trencz-pastelowy-z-paskiem-i-podszewka?utm_source=blog&utm_medium=wyprzedaz&utm_campaign=050625\" class=\"product-block-url\" target=\"_blank\">\r\n                    <div class=\"product-block-image\">\r\n                        <img decoding=\"async\" width=\"300\" height=\"400\" src=\"https:\/\/bialcon.pl\/picture\/kurtka-ble-252682-f-j-rozowy_2.jpg\" alt=\"Kr\u00f3tki dwurz\u0119dowy trencz pastelowy z paskiem i podszewk\u0105\">\r\n                    <\/div>\r\n                    <div class=\"product-block-name\">\r\n                        <p>Kr\u00f3tki dwurz\u0119dowy trencz pastelowy z paskiem i podszewk\u0105<\/p>\r\n                    <\/div>\r\n                <\/a>\r\n            <\/div>\r\n            <\/div>\r\n<\/div>\r\n\n\n\n\n<h2 class=\"wp-block-heading\"><span class=\"ez-toc-section\" id=\"Kurtki_i_plaszcze_%E2%80%93_od_klasyki_po_miejska_nonszalancje\"><\/span>Kurtki i p\u0142aszcze \u2013 od klasyki po miejsk\u0105 nonszalancj\u0119<span class=\"ez-toc-section-end\"><\/span><\/h2>\n\n\n\n<p>Wiosn\u0105 modne s\u0105 okrycia wierzchnie \u0142\u0105cz\u0105ce funkcjonalno\u015b\u0107 z nowoczesnym designem. Kobiety ch\u0119tnie si\u0119gaj\u0105 po fasony inspirowane m\u0119sk\u0105 garderob\u0105, takie jak lu\u017ane marynarki czy kurtki typu \u201eshirt jacket\u201d. Trencz to nadal numer jeden \u2013 jego klasyczna linia, neutralne kolory i mo\u017cliwo\u015b\u0107 wi\u0105zania w pasie sprawiaj\u0105, \u017ce pasuje do niemal ka\u017cdej figury i stylu. W tym sezonie warto te\u017c zwr\u00f3ci\u0107 uwag\u0119 na modele w pastelowych odcieniach \u2013 jasny be\u017c, b\u0142\u0119kit, pudrowy r\u00f3\u017c czy sza\u0142wia doskonale wpisuj\u0105 si\u0119 w wiosenne trendy.<\/p>\n\n\n\n<p>Nie mniej popularne s\u0105 pikowane cienkie puch\u00f3wki, kt\u00f3re zyska\u0142y now\u0105 ods\u0142on\u0119 w wersji oversize. S\u0105 niezwykle lekkie, cz\u0119sto mo\u017cna je zwin\u0105\u0107 do niewielkich rozmiar\u00f3w i schowa\u0107 do torby, co sprawia, \u017ce idealnie nadaj\u0105 si\u0119 na wyjazdy.<\/p>\n\n\n\n<h2 class=\"wp-block-heading\"><span class=\"ez-toc-section\" id=\"Stylowe_okrycia_wierzchnie_damskie_do_biura_i_na_formalne_okazje\"><\/span>Stylowe okrycia wierzchnie damskie do biura i na formalne okazje<span class=\"ez-toc-section-end\"><\/span><\/h2>\n\n\n\n<p>W sytuacjach zawodowych najlepiej sprawdzaj\u0105 si\u0119 proste, eleganckie okrycia wierzchnie damskie, kt\u00f3re mo\u017cna \u0142atwo zestawi\u0107 z klasycznymi elementami garderoby. Eleganckie p\u0142aszcze jednorz\u0119dowe, d\u0142u\u017csze \u017cakiety czy trencz w stonowanej kolorystyce doskonale komponuj\u0105 si\u0119 z koszulami, cygaretkami czy sukienkami o\u0142\u00f3wkowymi. Dobrze skrojone okrycie zapewnia ciep\u0142o i nadaje stylizacji elegancji. Wiele kobiet wybiera taliowane p\u0142aszcze, gdy\u017c pi\u0119knie podkre\u015blaj\u0105 atuty sylwetki.<\/p>\n\n\n\n<p>Warto wybiera\u0107 modele o minimalistycznym kroju \u2013 bez nadmiaru zdobie\u0144, z dyskretnymi guzikami czy klapami. Materia\u0142 r\u00f3wnie\u017c ma znaczenie \u2013 we\u0142na z dodatkiem poliestru lub wiskoza dobrze si\u0119 uk\u0142ada, nie gniecie i jest odporna na wilgo\u0107.<\/p>\n\n\n\r\n<div class=\"product-block-container swiper mySwiperProductBlock\">\r\n    <div class=\"product-block-swiper swiper-wrapper\">\r\n                    <div class=\"swiper-slide product-block-item\" data-id=\"147681\">\r\n                <a href=\"https:\/\/bialcon.pl\/prosty-kremowy-plaszcz-z-wiazaniem?utm_source=blog&utm_medium=wyprzedaz&utm_campaign=050625\" class=\"product-block-url\" target=\"_blank\">\r\n                    <div class=\"product-block-image\">\r\n                        <img decoding=\"async\" width=\"300\" height=\"400\" src=\"https:\/\/bialcon.pl\/picture\/plaszcz-carmen-ecru-relis.jpg\" alt=\"Prosty kremowy p\u0142aszcz z wi\u0105zaniem\">\r\n                    <\/div>\r\n                    <div class=\"product-block-name\">\r\n                        <p>Prosty kremowy p\u0142aszcz z wi\u0105zaniem<\/p>\r\n                    <\/div>\r\n                <\/a>\r\n            <\/div>\r\n                    <div class=\"swiper-slide product-block-item\" data-id=\"147682\">\r\n                <a href=\"https:\/\/bialcon.pl\/prosty-kamelowy-plaszcz-z-wiazaniem?utm_source=blog&utm_medium=wyprzedaz&utm_campaign=050625\" class=\"product-block-url\" target=\"_blank\">\r\n                    <div class=\"product-block-image\">\r\n                        <img decoding=\"async\" width=\"300\" height=\"400\" src=\"https:\/\/bialcon.pl\/picture\/plaszcz-carmen-bezowy-relis.jpg\" alt=\"Prosty kamelowy p\u0142aszcz z wi\u0105zaniem\">\r\n                    <\/div>\r\n                    <div class=\"product-block-name\">\r\n                        <p>Prosty kamelowy p\u0142aszcz z wi\u0105zaniem<\/p>\r\n                    <\/div>\r\n                <\/a>\r\n            <\/div>\r\n                    <div class=\"swiper-slide product-block-item\" data-id=\"147683\">\r\n                <a href=\"https:\/\/bialcon.pl\/czarny-dwurzedowy-plaszcz-na-wiosne?utm_source=blog&utm_medium=wyprzedaz&utm_campaign=050625\" class=\"product-block-url\" target=\"_blank\">\r\n                    <div class=\"product-block-image\">\r\n                        <img decoding=\"async\" width=\"300\" height=\"400\" src=\"https:\/\/bialcon.pl\/picture\/plaszcz-flora-czarny-relis.jpg\" alt=\"Czarny dwurz\u0119dowy p\u0142aszcz na wiosn\u0119\">\r\n                    <\/div>\r\n                    <div class=\"product-block-name\">\r\n                        <p>Czarny dwurz\u0119dowy p\u0142aszcz na wiosn\u0119<\/p>\r\n                    <\/div>\r\n                <\/a>\r\n            <\/div>\r\n            <\/div>\r\n<\/div>\r\n\n\n\n\n<h2 class=\"wp-block-heading\"><span class=\"ez-toc-section\" id=\"Kurtki_przeciwdeszczowe_damskie_%E2%80%93_komfort_w_mokre_dni\"><\/span>Kurtki przeciwdeszczowe damskie \u2013 komfort w mokre dni<span class=\"ez-toc-section-end\"><\/span><\/h2>\n\n\n\n<p>Kurtki przeciwdeszczowe damskie s\u0105 niezast\u0105pione, gdy nadchodz\u0105 wiosenne dni pe\u0142ne deszczu i wilgoci. Dzi\u0119ki wodoodpornym materia\u0142om i praktycznym detalom, takim jak kaptur czy zgrzewane szwy, zapewniaj\u0105 skuteczn\u0105 ochron\u0119 przed przemokni\u0119ciem. Nowoczesne modele s\u0105 funkcjonalne i stylowe, zaskakuj\u0105 modnym wygl\u0105dem, dlatego \u015bwietnie sprawdz\u0105 si\u0119 zar\u00f3wno na spacer, jak i do pracy.<\/p>\n\n\n\n<h2 class=\"wp-block-heading\"><span class=\"ez-toc-section\" id=\"Okrycie_wiosenne_damskie_w_stylu_casual\"><\/span>Okrycie wiosenne damskie w stylu casual<span class=\"ez-toc-section-end\"><\/span><\/h2>\n\n\n\n<p>Na co dzie\u0144 liczy si\u0119 wygoda, ale coraz wi\u0119cej kobiet chce te\u017c wygl\u0105da\u0107 stylowo niezale\u017cnie od sytuacji. Modne okrycia wierzchnie damskie w miejskim stylu to koszulowe kurtki w krat\u0119, d\u017cinsowe katany, wiatr\u00f3wki oraz lu\u017ane kardigany. Hitem s\u0105 modele z kieszeniami, kapturami i troczkami w talii, kt\u00f3re pozwalaj\u0105 dopasowa\u0107 fason do sylwetki. \u015awietnym wyborem b\u0119d\u0105 te\u017c kr\u00f3tkie kurtki pikowane. Na ch\u0142odniejsze dni dobrym wyborem jest kurtka parka z odpinanym kapturem lub kurtka ocieplana.<\/p>\n\n\n\n<p>Do stylizacji casualowych pasuj\u0105 zar\u00f3wno sneakersy, jak i botki czy baleriny. Kurtki koszulowe \u015bwietnie prezentuj\u0105 si\u0119 z legginsami i t-shirtem, natomiast d\u0142u\u017csza marynarka dobrze wygl\u0105da z jeansami i topem z bawe\u0142ny. Takie zestawienie sprawdza si\u0119 zar\u00f3wno w pracy zdalnej, jak i podczas weekendowych spacer\u00f3w. Do eleganckiej sukienki warto natomiast wybra\u0107 p\u0142aszcz.<\/p>\n\n\n\r\n<div class=\"product-block-container swiper mySwiperProductBlock\">\r\n    <div class=\"product-block-swiper swiper-wrapper\">\r\n                    <div class=\"swiper-slide product-block-item\" data-id=\"147557\">\r\n                <a href=\"https:\/\/bialcon.pl\/czarna-kamizelka-o-kroju-bomberki?utm_source=blog&utm_medium=wyprzedaz&utm_campaign=050625\" class=\"product-block-url\" target=\"_blank\">\r\n                    <div class=\"product-block-image\">\r\n                        <img decoding=\"async\" width=\"300\" height=\"400\" src=\"https:\/\/bialcon.pl\/picture\/czarna-kamizelka-o-kroju-bomberki_1.jpg\" alt=\"Czarna kamizelka o kroju bomberki\">\r\n                    <\/div>\r\n                    <div class=\"product-block-name\">\r\n                        <p>Czarna kamizelka o kroju bomberki<\/p>\r\n                    <\/div>\r\n                <\/a>\r\n            <\/div>\r\n                    <div class=\"swiper-slide product-block-item\" data-id=\"147573\">\r\n                <a href=\"https:\/\/bialcon.pl\/bezowa-kamizelka-o-kroju-bomberki?utm_source=blog&utm_medium=wyprzedaz&utm_campaign=050625\" class=\"product-block-url\" target=\"_blank\">\r\n                    <div class=\"product-block-image\">\r\n                        <img decoding=\"async\" width=\"300\" height=\"400\" src=\"https:\/\/bialcon.pl\/picture\/bezowa-kamizelka-o-kroju-bomberki_2.jpg\" alt=\"Be\u017cowa kamizelka o kroju bomberki\">\r\n                    <\/div>\r\n                    <div class=\"product-block-name\">\r\n                        <p>Be\u017cowa kamizelka o kroju bomberki<\/p>\r\n                    <\/div>\r\n                <\/a>\r\n            <\/div>\r\n                    <div class=\"swiper-slide product-block-item\" data-id=\"147444\">\r\n                <a href=\"https:\/\/bialcon.pl\/wzorzysta-wygodna-bluza-z-miekkiej-bawelny?utm_source=blog&utm_medium=wyprzedaz&utm_campaign=050625\" class=\"product-block-url\" target=\"_blank\">\r\n                    <div class=\"product-block-image\">\r\n                        <img decoding=\"async\" width=\"300\" height=\"400\" src=\"https:\/\/bialcon.pl\/picture\/wzorzysta-wygodna-bluza-z-miekkiej-bawelny_1.jpg\" alt=\"Wzorzysta wygodna bluza z mi\u0119kkiej bawe\u0142ny\">\r\n                    <\/div>\r\n                    <div class=\"product-block-name\">\r\n                        <p>Wzorzysta wygodna bluza z mi\u0119kkiej bawe\u0142ny<\/p>\r\n                    <\/div>\r\n                <\/a>\r\n            <\/div>\r\n            <\/div>\r\n<\/div>\r\n\n\n\n\n<h2 class=\"wp-block-heading\"><span class=\"ez-toc-section\" id=\"Jeansowe_kurtki_wiosenne_%E2%80%93_niezawodne_okrycie_wierzchnie\"><\/span>Jeansowe kurtki wiosenne \u2013 niezawodne okrycie wierzchnie<span class=\"ez-toc-section-end\"><\/span><\/h2>\n\n\n\n<p>Jeansowa kurtka to absolutna klasyka, je\u015bli chodzi o wiosenne okrycie. Od lat nie wychodzi z mody, a jej uniwersalno\u015b\u0107 sprawia, \u017ce mo\u017cna j\u0105 nosi\u0107 na wiele sposob\u00f3w. W ch\u0142odniejsze dni mo\u017cna j\u0105 \u0142\u0105czy\u0107 z grubsz\u0105 bluz\u0105 lub swetrem, a kiedy temperatura ro\u015bnie \u2013 nosi\u0107 jako jedyne okrycie. Doskonale wygl\u0105da z sukienkami maxi, spodniami z wysokim stanem czy sp\u00f3dnic\u0105 midi.<\/p>\n\n\n\n<p>Warto mie\u0107 w szafie przynajmniej jeden klasyczny model \u2013 niebieski z lekko spranym efektem. Dla bardziej odwa\u017cnych stylizacji mo\u017cna si\u0119gn\u0105\u0107 po wersj\u0119 oversize, z naszywkami lub kolorowymi przeszyciami. Kurtki denimowe powracaj\u0105 do \u0142ask w kolejnych sezonach.<\/p>\n\n\n\n<h2 class=\"wp-block-heading\"><span class=\"ez-toc-section\" id=\"Modne_kurtki_wiosenne_%E2%80%93_idealne_dlugosci_na_sezon_przejsciowy\"><\/span>Modne kurtki wiosenne &#8211; idealne d\u0142ugo\u015bci na sezon przej\u015bciowy<span class=\"ez-toc-section-end\"><\/span><\/h2>\n\n\n\n<p>D\u0142ugo\u015b\u0107 okrycia wierzchniego to wa\u017cna kwestia nie tylko stylistyczna, ale i praktyczna. Modele ko\u0144cz\u0105ce si\u0119 na wysoko\u015bci bioder lub nieco za nimi zapewniaj\u0105 ochron\u0119 przed ch\u0142odem, ale jednocze\u015bnie nie ograniczaj\u0105 ruch\u00f3w. To idealne rozwi\u0105zanie dla kobiet aktywnych, kt\u00f3re potrzebuj\u0105 uniwersalnego elementu garderoby na wiele okazji.<\/p>\n\n\n\n<p>D\u0142u\u017csze p\u0142aszcze \u2013 do kolan lub za kolana \u2013 \u015bwietnie sprawdzaj\u0105 si\u0119 z kolei w bardziej formalnych stylizacjach. Chroni\u0105 wi\u0119ksz\u0105 powierzchni\u0119 cia\u0142a przed ch\u0142odem, a przy tym wyd\u0142u\u017caj\u0105 optycznie sylwetk\u0119 i nadaj\u0105 jej smuk\u0142o\u015bci. Kr\u00f3tkie kurtki za\u015b, np. bomberki czy ramoneski, idealnie pasuj\u0105 do stylizacji z sukienk\u0105 mini lub jeansami z wysokim stanem.<\/p>\n\n\n\r\n<div class=\"product-block-container swiper mySwiperProductBlock\">\r\n    <div class=\"product-block-swiper swiper-wrapper\">\r\n                    <div class=\"swiper-slide product-block-item\" data-id=\"147724\">\r\n                <a href=\"https:\/\/bialcon.pl\/bawelniana-kurtka-khaki-sciagana-w-talii?utm_source=blog&utm_medium=wyprzedaz&utm_campaign=050625\" class=\"product-block-url\" target=\"_blank\">\r\n                    <div class=\"product-block-image\">\r\n                        <img decoding=\"async\" width=\"300\" height=\"400\" src=\"https:\/\/bialcon.pl\/picture\/kurtka-ble-252679-f-khaki_2.jpg\" alt=\"Bawe\u0142niana kurtka khaki \u015bci\u0105gana w talii\">\r\n                    <\/div>\r\n                    <div class=\"product-block-name\">\r\n                        <p>Bawe\u0142niana kurtka khaki \u015bci\u0105gana w talii<\/p>\r\n                    <\/div>\r\n                <\/a>\r\n            <\/div>\r\n                    <div class=\"swiper-slide product-block-item\" data-id=\"147725\">\r\n                <a href=\"https:\/\/bialcon.pl\/ciemnogranatowa-bawelniana-kurtka-sciagana-w-talii?utm_source=blog&utm_medium=wyprzedaz&utm_campaign=050625\" class=\"product-block-url\" target=\"_blank\">\r\n                    <div class=\"product-block-image\">\r\n                        <img decoding=\"async\" width=\"300\" height=\"400\" src=\"https:\/\/bialcon.pl\/picture\/kurtka-ble-252679-f-granat_3.jpg\" alt=\"Ciemnogranatowa bawe\u0142niana kurtka \u015bci\u0105gana w talii\">\r\n                    <\/div>\r\n                    <div class=\"product-block-name\">\r\n                        <p>Ciemnogranatowa bawe\u0142niana kurtka \u015bci\u0105gana w talii<\/p>\r\n                    <\/div>\r\n                <\/a>\r\n            <\/div>\r\n                    <div class=\"swiper-slide product-block-item\" data-id=\"147726\">\r\n                <a href=\"https:\/\/bialcon.pl\/krotki-dwurzedowy-trencz-pastelowy-z-paskiem-i-podszewka?utm_source=blog&utm_medium=wyprzedaz&utm_campaign=050625\" class=\"product-block-url\" target=\"_blank\">\r\n                    <div class=\"product-block-image\">\r\n                        <img decoding=\"async\" width=\"300\" height=\"400\" src=\"https:\/\/bialcon.pl\/picture\/kurtka-ble-252682-f-j-rozowy_2.jpg\" alt=\"Kr\u00f3tki dwurz\u0119dowy trencz pastelowy z paskiem i podszewk\u0105\">\r\n                    <\/div>\r\n                    <div class=\"product-block-name\">\r\n                        <p>Kr\u00f3tki dwurz\u0119dowy trencz pastelowy z paskiem i podszewk\u0105<\/p>\r\n                    <\/div>\r\n                <\/a>\r\n            <\/div>\r\n            <\/div>\r\n<\/div>\r\n\n\n\n\n<h2 class=\"wp-block-heading\"><span class=\"ez-toc-section\" id=\"Plaszcze_damskie_na_rozne_dni_%E2%80%93_czy_jedno_okrycie_wystarczy\"><\/span>P\u0142aszcze damskie na r\u00f3\u017cne dni \u2013 czy jedno okrycie wystarczy?<span class=\"ez-toc-section-end\"><\/span><\/h2>\n\n\n\n<p>Cho\u0107 kusz\u0105ca jest wizja jednego, idealnego p\u0142aszcza na ca\u0142y sezon, w praktyce warto mie\u0107 przynajmniej dwa r\u00f3\u017cne okrycia wierzchnie damskie. Lekkie \u2013 np. cienka marynarka, jeansowa kurtka czy kardigan \u2013 sprawdz\u0105 si\u0119 w cieplejsze dni, kiedy temperatura przekracza 15\u00b0C. Natomiast na ch\u0142odne poranki, deszcz lub silny wiatr warto mie\u0107 przygotowan\u0105 grubsz\u0105 opcj\u0119 \u2013 pikowan\u0105 kurtk\u0119, trencz z podszewk\u0105 czy we\u0142niany p\u0142aszcz.<\/p>\n\n\n\n<p>Taka rotacja pozwala nie tylko zadba\u0107 o zdrowie, ale i budowa\u0107 sp\u00f3jny wizerunek, niezale\u017cnie od pogody. Dwa lub trzy r\u00f3\u017cne modele okry\u0107 mo\u017cna dowolnie miksowa\u0107 ze stylizacjami biurowymi, codziennymi czy sportowymi, co daje du\u017c\u0105 elastyczno\u015b\u0107 i wygod\u0119.<\/p>\n\n\n\r\n<div class=\"product-block-container swiper mySwiperProductBlock\">\r\n    <div class=\"product-block-swiper swiper-wrapper\">\r\n                    <div class=\"swiper-slide product-block-item\" data-id=\"147728\">\r\n                <a href=\"https:\/\/bialcon.pl\/pikowana-przejsciowa-kurtka-w-kolorze-czarnym?utm_source=blog&utm_medium=wyprzedaz&utm_campaign=050625\" class=\"product-block-url\" target=\"_blank\">\r\n                    <div class=\"product-block-image\">\r\n                        <img decoding=\"async\" width=\"300\" height=\"400\" src=\"https:\/\/bialcon.pl\/picture\/pikowana-przejsciowa-kurtka-w-kolorze-czarnym.jpg\" alt=\"Pikowana przej\u015bciowa kurtka w kolorze czarnym\">\r\n                    <\/div>\r\n                    <div class=\"product-block-name\">\r\n                        <p>Pikowana przej\u015bciowa kurtka w kolorze czarnym<\/p>\r\n                    <\/div>\r\n                <\/a>\r\n            <\/div>\r\n                    <div class=\"swiper-slide product-block-item\" data-id=\"147729\">\r\n                <a href=\"https:\/\/bialcon.pl\/pikowana-przejsciowa-kurtka-w-kolorze-ciemnego-granatu?utm_source=blog&utm_medium=wyprzedaz&utm_campaign=050625\" class=\"product-block-url\" target=\"_blank\">\r\n                    <div class=\"product-block-image\">\r\n                        <img decoding=\"async\" width=\"300\" height=\"400\" src=\"https:\/\/bialcon.pl\/picture\/pikowana-przejsciowa-kurtka-w-kolorze-ciemnego-granatu.jpg\" alt=\"Pikowana przej\u015bciowa kurtka w kolorze ciemnego granatu\">\r\n                    <\/div>\r\n                    <div class=\"product-block-name\">\r\n                        <p>Pikowana przej\u015bciowa kurtka w kolorze ciemnego granatu<\/p>\r\n                    <\/div>\r\n                <\/a>\r\n            <\/div>\r\n                    <div class=\"swiper-slide product-block-item\" data-id=\"147730\">\r\n                <a href=\"https:\/\/bialcon.pl\/przejsciowa-kurtka-z-pikowanej-czarnej-tkaniny?utm_source=blog&utm_medium=wyprzedaz&utm_campaign=050625\" class=\"product-block-url\" target=\"_blank\">\r\n                    <div class=\"product-block-image\">\r\n                        <img decoding=\"async\" width=\"300\" height=\"400\" src=\"https:\/\/bialcon.pl\/picture\/kurtka-ble-260048-f-czarny_2.jpg\" alt=\"Przej\u015bciowa kurtka z pikowanej czarnej tkaniny\">\r\n                    <\/div>\r\n                    <div class=\"product-block-name\">\r\n                        <p>Przej\u015bciowa kurtka z pikowanej czarnej tkaniny<\/p>\r\n                    <\/div>\r\n                <\/a>\r\n            <\/div>\r\n            <\/div>\r\n<\/div>\r\n\n\n\n\n<h2 class=\"wp-block-heading\"><span class=\"ez-toc-section\" id=\"Najlepsze_okrycia_wierzchnie_w_sklepie_internetowym_%E2%80%93_wygoda_zakupow_online\"><\/span>Najlepsze okrycia wierzchnie w sklepie internetowym \u2013 wygoda zakup\u00f3w online<span class=\"ez-toc-section-end\"><\/span><\/h2>\n\n\n\n<p>Zakupy online to doskona\u0142e rozwi\u0105zanie dla zabieganych \u2013 szeroki wyb\u00f3r fason\u00f3w, kolor\u00f3w i rozmiar\u00f3w czeka w ka\u017cdym dobrym sklepie internetowym. Warto korzysta\u0107 z filtr\u00f3w umo\u017cliwiaj\u0105cych wyb\u00f3r d\u0142ugo\u015bci, materia\u0142u, koloru i stylu okrycia. Dodatkow\u0105 zalet\u0105 jest mo\u017cliwo\u015b\u0107 spokojnego por\u00f3wnania produkt\u00f3w i przeczytania opinii innych klientek.<\/p>\n\n\n\n<p>Niekt\u00f3re sklepy oferuj\u0105 tak\u017ce opcj\u0119 wirtualnej przymierzalni czy zwrotu w ci\u0105gu 30 dni, co zwi\u0119ksza komfort zakup\u00f3w i eliminuje ryzyko nietrafionego wyboru. W sezonie wiosennym szczeg\u00f3lnie warto \u015bledzi\u0107 promocje i nowo\u015bci \u2013 najlepsze modele znikaj\u0105 bardzo szybko.<\/p>\n\n\n\n<h2 class=\"wp-block-heading\"><span class=\"ez-toc-section\" id=\"FAQ_%E2%80%93_Najczesciej_zadawane_pytania\"><\/span>FAQ \u2013 Najcz\u0119\u015bciej zadawane pytania<span class=\"ez-toc-section-end\"><\/span><\/h2>\n\n\n\n<h3 class=\"wp-block-heading\">Jakie okrycie wierzchnie damskie wiosenne sprawdzi si\u0119 na zmienn\u0105 pogod\u0119?<\/h3>\n\n\n\n<p>Najlepszy wyb\u00f3r to lekki trencz, kurtka przej\u015bciowa lub d\u0142u\u017csza marynarka. Tego typu <strong>okrycie wierzchnie damskie wiosenne<\/strong> zapewnia komfort termiczny rano i nie przegrzewa w cieplejsze godziny dnia. Dobrze, je\u015bli wykonane jest z oddychaj\u0105cego materia\u0142u i umo\u017cliwia warstwowe noszenie.<\/p>\n\n\n\n<h3 class=\"wp-block-heading\">Jakie fasony okry\u0107 wierzchnich s\u0105 najcz\u0119\u015bciej wybierane na przej\u015bciowy okres?<\/h3>\n\n\n\n<p>Popularno\u015bci\u0105 ciesz\u0105 si\u0119 oversize\u2019owe marynarki, cienkie puch\u00f3wki, kurtki koszulowe i trencze. Du\u017cym zainteresowaniem ciesz\u0105 si\u0119 te\u017c <strong>okrycia wierzchnie na wiosn\u0119<\/strong> wykonane z naturalnych tkanin \u2013 bawe\u0142ny, lnu czy we\u0142ny z domieszk\u0105.<\/p>\n\n\n\r\n<div class=\"product-block-container swiper mySwiperProductBlock\">\r\n    <div class=\"product-block-swiper swiper-wrapper\">\r\n                    <div class=\"swiper-slide product-block-item\" data-id=\"147516\">\r\n                <a href=\"https:\/\/bialcon.pl\/taliowana-pastelowa-marynarka-z-delikatnymi-poduszkami?utm_source=blog&utm_medium=wyprzedaz&utm_campaign=050625\" class=\"product-block-url\" target=\"_blank\">\r\n                    <div class=\"product-block-image\">\r\n                        <img decoding=\"async\" width=\"300\" height=\"400\" src=\"https:\/\/bialcon.pl\/picture\/taliowana-pastelowa-marynarka-z-delikatnymi-poduszkami_4.jpg\" alt=\"Taliowana pastelowa marynarka z delikatnymi poduszkami\">\r\n                    <\/div>\r\n                    <div class=\"product-block-name\">\r\n                        <p>Taliowana pastelowa marynarka z delikatnymi poduszkami<\/p>\r\n                    <\/div>\r\n                <\/a>\r\n            <\/div>\r\n                    <div class=\"swiper-slide product-block-item\" data-id=\"147562\">\r\n                <a href=\"https:\/\/bialcon.pl\/klasyczny-smietankowy-zakiet-z-zapieciem-na-jeden-guzik?utm_source=blog&utm_medium=wyprzedaz&utm_campaign=050625\" class=\"product-block-url\" target=\"_blank\">\r\n                    <div class=\"product-block-image\">\r\n                        <img decoding=\"async\" width=\"300\" height=\"400\" src=\"https:\/\/bialcon.pl\/picture\/klasyczny-smietankowy-zakiet-z-zapieciem-na-jeden-guzik_1.jpg\" alt=\"Klasyczny \u015bmietankowy \u017cakiet z zapi\u0119ciem na jeden guzik\">\r\n                    <\/div>\r\n                    <div class=\"product-block-name\">\r\n                        <p>Klasyczny \u015bmietankowy \u017cakiet z zapi\u0119ciem na jeden guzik<\/p>\r\n                    <\/div>\r\n                <\/a>\r\n            <\/div>\r\n                    <div class=\"swiper-slide product-block-item\" data-id=\"147417\">\r\n                <a href=\"https:\/\/bialcon.pl\/oliwkowy-dwurzedowy-zakiet?utm_source=blog&utm_medium=wyprzedaz&utm_campaign=050625\" class=\"product-block-url\" target=\"_blank\">\r\n                    <div class=\"product-block-image\">\r\n                        <img decoding=\"async\" width=\"300\" height=\"400\" src=\"https:\/\/bialcon.pl\/picture\/oliwkowy-dwurzedowy-zakiet_1.jpg\" alt=\"Oliwkowy dwurz\u0119dowy \u017cakiet\">\r\n                    <\/div>\r\n                    <div class=\"product-block-name\">\r\n                        <p>Oliwkowy dwurz\u0119dowy \u017cakiet<\/p>\r\n                    <\/div>\r\n                <\/a>\r\n            <\/div>\r\n            <\/div>\r\n<\/div>\r\n\n\n\n\n<h3 class=\"wp-block-heading\">Co wybra\u0107 jako wiosenne okrycie damskie do pracy?<\/h3>\n\n\n\n<p>Do pracy dobrze sprawdzaj\u0105 si\u0119 klasyczne p\u0142aszcze, d\u0142u\u017csze \u017cakiety lub eleganckie kardigany. <strong>Wiosenne okrycie damskie<\/strong> powinno by\u0107 proste, uniwersalne i \u0142atwe do zestawienia z koszul\u0105, sukienk\u0105 czy spodniami materia\u0142owymi.<\/p>\n\n\n\n<h3 class=\"wp-block-heading\">Czy kurtka jeansowa to dobre okrycie wierzchnie wiosn\u0105?<\/h3>\n\n\n\n<p>Tak \u2013 klasyczna jeansowa kurtka to ponadczasowe <strong>okrycie wierzchnie wiosna<\/strong>, kt\u00f3re \u015bwietnie pasuje zar\u00f3wno do sukienek, jak i spodni. W ch\u0142odniejsze dni mo\u017cna j\u0105 \u0142\u0105czy\u0107 z bluz\u0105, a w cieplejsze \u2013 nosi\u0107 solo.<\/p>\n\n\n\n<h3 class=\"wp-block-heading\">Jakie d\u0142ugo\u015bci okry\u0107 wierzchnich s\u0105 najbardziej praktyczne?<\/h3>\n\n\n\n<p>Uniwersalne s\u0105 d\u0142ugo\u015bci do bioder, za biodra lub do kolan. Takie <strong>okrycie wierzchnie wiosenne<\/strong> skutecznie chroni przed ch\u0142odem, a jednocze\u015bnie nie ogranicza ruch\u00f3w i pasuje do wielu stylizacji.<\/p>\n\n\n\n<h3 class=\"wp-block-heading\">Czy jedno okrycie wystarczy na ca\u0142\u0105 wiosn\u0119?<\/h3>\n\n\n\n<p>Warto mie\u0107 przynajmniej dwa warianty: l\u017cejsze <strong>wiosenne okrycie damskie<\/strong> na cieplejsze dni i co\u015b cieplejszego na poranki lub deszcz. Dzi\u0119ki temu mo\u017cna swobodnie dopasowa\u0107 si\u0119 do ka\u017cdej pogody bez kompromis\u00f3w stylizacyjnych.<\/p>\n","protected":false},"excerpt":{"rendered":"<p>Wiosna jest czasem przej\u015bciowym, kt\u00f3ry wymaga od nas modowej elastyczno\u015bci. Poranki bywaj\u0105 jeszcze zimne, a popo\u0142udnia potrafi\u0105 zaskoczy\u0107 prawdziwie letni\u0105 temperatur\u0105. Dlatego potrzebne jest nam odpowiednie okrycie wierzchnie damskie wiosenne, kt\u00f3re ochroni przed ch\u0142odem i wiatrem oraz zapewni komfort przez ca\u0142y dzie\u0144. W tym sezonie kr\u00f3luj\u0105 praktyczne i stylowe rozwi\u0105zania \u2013 klasyczne trencze, cienkie puch\u00f3wki, [&hellip;]<\/p>\n","protected":false},"author":10,"featured_media":11758,"comment_status":"closed","ping_status":"open","sticky":false,"template":"","format":"standard","meta":{"_acf_changed":false,"site-sidebar-layout":"default","site-content-layout":"","ast-site-content-layout":"default","site-content-style":"default","site-sidebar-style":"default","ast-global-header-display":"","ast-banner-title-visibility":"","ast-main-header-display":"","ast-hfb-above-header-display":"","ast-hfb-below-header-display":"","ast-hfb-mobile-header-display":"","site-post-title":"","ast-breadcrumbs-content":"","ast-featured-img":"","footer-sml-layout":"","theme-transparent-header-meta":"","adv-header-id-meta":"","stick-header-meta":"","header-above-stick-meta":"","header-main-stick-meta":"","header-below-stick-meta":"","astra-migrate-meta-layouts":"set","ast-page-background-enabled":"default","ast-page-background-meta":{"desktop":{"background-color":"","background-image":"","background-repeat":"repeat","background-position":"center center","background-size":"auto","background-attachment":"scroll","background-type":"","background-media":"","overlay-type":"","overlay-color":"","overlay-opacity":"","overlay-gradient":""},"tablet":{"background-color":"","background-image":"","background-repeat":"repeat","background-position":"center center","background-size":"auto","background-attachment":"scroll","background-type":"","background-media":"","overlay-type":"","overlay-color":"","overlay-opacity":"","overlay-gradient":""},"mobile":{"background-color":"","background-image":"","background-repeat":"repeat","background-position":"center center","background-size":"auto","background-attachment":"scroll","background-type":"","background-media":"","overlay-type":"","overlay-color":"","overlay-opacity":"","overlay-gradient":""}},"ast-content-background-meta":{"desktop":{"background-color":"var(--ast-global-color-5)","background-image":"","background-repeat":"repeat","background-position":"center center","background-size":"auto","background-attachment":"scroll","background-type":"","background-media":"","overlay-type":"","overlay-color":"","overlay-opacity":"","overlay-gradient":""},"tablet":{"background-color":"var(--ast-global-color-5)","background-image":"","background-repeat":"repeat","background-position":"center center","background-size":"auto","background-attachment":"scroll","background-type":"","background-media":"","overlay-type":"","overlay-color":"","overlay-opacity":"","overlay-gradient":""},"mobile":{"background-color":"var(--ast-global-color-5)","background-image":"","background-repeat":"repeat","background-position":"center center","background-size":"auto","background-attachment":"scroll","background-type":"","background-media":"","overlay-type":"","overlay-color":"","overlay-opacity":"","overlay-gradient":""}},"footnotes":""},"categories":[10,14],"tags":[],"class_list":["post-11749","post","type-post","status-publish","format-standard","has-post-thumbnail","hentry","category-porady-stylistki","category-wszystkie-wpisy"],"acf":[],"yoast_head":"<!-- This site is optimized with the Yoast SEO plugin v27.4 - https:\/\/yoast.com\/product\/yoast-seo-wordpress\/ -->\n<title>Okrycie wierzchnie damskie wiosenne na ch\u0142odne poranki i ciep\u0142e popo\u0142udnia - Bialcon<\/title>\n<meta name=\"description\" content=\"Wiosna jest czasem przej\u015bciowym, kt\u00f3ry wymaga od nas elastyczno\u015bci. Poranki bywaj\u0105 zimne, a popo\u0142udnia potrafi\u0105 zaskoczy\u0107 prawdziwie letni\u0105 temperatur\u0105.\" \/>\n<meta name=\"robots\" content=\"index, follow, max-snippet:-1, max-image-preview:large, max-video-preview:-1\" \/>\n<link rel=\"canonical\" href=\"https:\/\/bialcon.pl\/blog\/okrycie-wierzchnie-wiosenne\/\" \/>\n<meta name=\"twitter:label1\" content=\"Napisane przez\" \/>\n\t<meta name=\"twitter:data1\" content=\"Ma\u0142gorzata Brzezi\u0144ska\" \/>\n\t<meta name=\"twitter:label2\" content=\"Szacowany czas czytania\" \/>\n\t<meta name=\"twitter:data2\" content=\"9 minut\" \/>\n<script type=\"application\/ld+json\" class=\"yoast-schema-graph\">{\"@context\":\"https:\\\/\\\/schema.org\",\"@graph\":[{\"@type\":\"Article\",\"@id\":\"https:\\\/\\\/bialcon.pl\\\/blog\\\/okrycie-wierzchnie-wiosenne\\\/#article\",\"isPartOf\":{\"@id\":\"https:\\\/\\\/bialcon.pl\\\/blog\\\/okrycie-wierzchnie-wiosenne\\\/\"},\"author\":{\"name\":\"Ma\u0142gorzata Brzezi\u0144ska\",\"@id\":\"https:\\\/\\\/bialcon.pl\\\/blog\\\/#\\\/schema\\\/person\\\/cbbe4ae2297c5abd7376399985d5fabb\"},\"headline\":\"Okrycie wierzchnie damskie wiosenne na ch\u0142odne poranki i ciep\u0142e popo\u0142udnia\",\"datePublished\":\"2025-06-05T08:00:00+00:00\",\"dateModified\":\"2025-11-24T12:27:23+00:00\",\"mainEntityOfPage\":{\"@id\":\"https:\\\/\\\/bialcon.pl\\\/blog\\\/okrycie-wierzchnie-wiosenne\\\/\"},\"wordCount\":1587,\"image\":{\"@id\":\"https:\\\/\\\/bialcon.pl\\\/blog\\\/okrycie-wierzchnie-wiosenne\\\/#primaryimage\"},\"thumbnailUrl\":\"https:\\\/\\\/bialcon.pl\\\/blog\\\/wp-content\\\/uploads\\\/2025\\\/06\\\/Projekt-bez-nazwy-41.png\",\"articleSection\":[\"Porady Stylistki\",\"Wszystkie wpisy\"],\"inLanguage\":\"pl-PL\"},{\"@type\":\"WebPage\",\"@id\":\"https:\\\/\\\/bialcon.pl\\\/blog\\\/okrycie-wierzchnie-wiosenne\\\/\",\"url\":\"https:\\\/\\\/bialcon.pl\\\/blog\\\/okrycie-wierzchnie-wiosenne\\\/\",\"name\":\"Okrycie wierzchnie damskie wiosenne na ch\u0142odne poranki i ciep\u0142e popo\u0142udnia - Bialcon\",\"isPartOf\":{\"@id\":\"https:\\\/\\\/bialcon.pl\\\/blog\\\/#website\"},\"primaryImageOfPage\":{\"@id\":\"https:\\\/\\\/bialcon.pl\\\/blog\\\/okrycie-wierzchnie-wiosenne\\\/#primaryimage\"},\"image\":{\"@id\":\"https:\\\/\\\/bialcon.pl\\\/blog\\\/okrycie-wierzchnie-wiosenne\\\/#primaryimage\"},\"thumbnailUrl\":\"https:\\\/\\\/bialcon.pl\\\/blog\\\/wp-content\\\/uploads\\\/2025\\\/06\\\/Projekt-bez-nazwy-41.png\",\"datePublished\":\"2025-06-05T08:00:00+00:00\",\"dateModified\":\"2025-11-24T12:27:23+00:00\",\"author\":{\"@id\":\"https:\\\/\\\/bialcon.pl\\\/blog\\\/#\\\/schema\\\/person\\\/cbbe4ae2297c5abd7376399985d5fabb\"},\"description\":\"Wiosna jest czasem przej\u015bciowym, kt\u00f3ry wymaga od nas elastyczno\u015bci. Poranki bywaj\u0105 zimne, a popo\u0142udnia potrafi\u0105 zaskoczy\u0107 prawdziwie letni\u0105 temperatur\u0105.\",\"breadcrumb\":{\"@id\":\"https:\\\/\\\/bialcon.pl\\\/blog\\\/okrycie-wierzchnie-wiosenne\\\/#breadcrumb\"},\"inLanguage\":\"pl-PL\",\"potentialAction\":[{\"@type\":\"ReadAction\",\"target\":[\"https:\\\/\\\/bialcon.pl\\\/blog\\\/okrycie-wierzchnie-wiosenne\\\/\"]}]},{\"@type\":\"ImageObject\",\"inLanguage\":\"pl-PL\",\"@id\":\"https:\\\/\\\/bialcon.pl\\\/blog\\\/okrycie-wierzchnie-wiosenne\\\/#primaryimage\",\"url\":\"https:\\\/\\\/bialcon.pl\\\/blog\\\/wp-content\\\/uploads\\\/2025\\\/06\\\/Projekt-bez-nazwy-41.png\",\"contentUrl\":\"https:\\\/\\\/bialcon.pl\\\/blog\\\/wp-content\\\/uploads\\\/2025\\\/06\\\/Projekt-bez-nazwy-41.png\",\"width\":960,\"height\":850,\"caption\":\"Wizualizacja kobiety w kr\u00f3tkim \u017cakiecie w kolorze spranej niebiesko\u015bci z r\u0119kawami 3\\\/4 oraz w szerokich spodniach\"},{\"@type\":\"BreadcrumbList\",\"@id\":\"https:\\\/\\\/bialcon.pl\\\/blog\\\/okrycie-wierzchnie-wiosenne\\\/#breadcrumb\",\"itemListElement\":[{\"@type\":\"ListItem\",\"position\":1,\"name\":\"Strona g\u0142\u00f3wna\",\"item\":\"https:\\\/\\\/bialcon.pl\\\/blog\\\/\"},{\"@type\":\"ListItem\",\"position\":2,\"name\":\"Porady Stylistki\",\"item\":\"https:\\\/\\\/bialcon.pl\\\/blog\\\/porady-stylistki\\\/\"},{\"@type\":\"ListItem\",\"position\":3,\"name\":\"Okrycie wierzchnie damskie wiosenne na ch\u0142odne poranki i ciep\u0142e popo\u0142udnia\"}]},{\"@type\":\"WebSite\",\"@id\":\"https:\\\/\\\/bialcon.pl\\\/blog\\\/#website\",\"url\":\"https:\\\/\\\/bialcon.pl\\\/blog\\\/\",\"name\":\"bialcon.pl\\\/blog\\\/\",\"description\":\"Fashion Blog w zasi\u0119gu Twojej r\u0119ki\",\"potentialAction\":[{\"@type\":\"SearchAction\",\"target\":{\"@type\":\"EntryPoint\",\"urlTemplate\":\"https:\\\/\\\/bialcon.pl\\\/blog\\\/?s={search_term_string}\"},\"query-input\":{\"@type\":\"PropertyValueSpecification\",\"valueRequired\":true,\"valueName\":\"search_term_string\"}}],\"inLanguage\":\"pl-PL\"},{\"@type\":\"Person\",\"@id\":\"https:\\\/\\\/bialcon.pl\\\/blog\\\/#\\\/schema\\\/person\\\/cbbe4ae2297c5abd7376399985d5fabb\",\"name\":\"Ma\u0142gorzata Brzezi\u0144ska\",\"image\":{\"@type\":\"ImageObject\",\"inLanguage\":\"pl-PL\",\"@id\":\"https:\\\/\\\/secure.gravatar.com\\\/avatar\\\/3fc4a4cdba63586f503a5c5711e9b04d01ab1234b186b03e727ad902b6f4912d?s=96&d=mm&r=g\",\"url\":\"https:\\\/\\\/secure.gravatar.com\\\/avatar\\\/3fc4a4cdba63586f503a5c5711e9b04d01ab1234b186b03e727ad902b6f4912d?s=96&d=mm&r=g\",\"contentUrl\":\"https:\\\/\\\/secure.gravatar.com\\\/avatar\\\/3fc4a4cdba63586f503a5c5711e9b04d01ab1234b186b03e727ad902b6f4912d?s=96&d=mm&r=g\",\"caption\":\"Ma\u0142gorzata Brzezi\u0144ska\"},\"description\":\"Autorka tre\u015bci z zakresu mody, urody i stylu \u017cycia. Tworzy artyku\u0142y i poradniki oparte na analizie trend\u00f3w oraz potrzeb u\u017cytkownik\u00f3w, \u0142\u0105cz\u0105c wiedz\u0119 z zakresu komunikacji marketingowej i praktyki contentowej. Specjalizuje si\u0119 w bran\u017cach fashion, beauty &amp; health oraz gourmet food, przygotowuj\u0105c tre\u015bci dopasowane do realnych sytuacji i wybor\u00f3w konsumenckich. Na co dzie\u0144 zajmuje si\u0119 r\u00f3wnie\u017c content marketingiem i SEO.\",\"sameAs\":[\"https:\\\/\\\/www.linkedin.com\\\/in\\\/gosia-brzezinska-827052b4\\\/\"],\"url\":\"https:\\\/\\\/bialcon.pl\\\/blog\\\/author\\\/brzezinska\\\/\"}]}<\/script>\n<!-- \/ Yoast SEO plugin. -->","yoast_head_json":{"title":"Okrycie wierzchnie damskie wiosenne na ch\u0142odne poranki i ciep\u0142e popo\u0142udnia - Bialcon","description":"Wiosna jest czasem przej\u015bciowym, kt\u00f3ry wymaga od nas elastyczno\u015bci. Poranki bywaj\u0105 zimne, a popo\u0142udnia potrafi\u0105 zaskoczy\u0107 prawdziwie letni\u0105 temperatur\u0105.","robots":{"index":"index","follow":"follow","max-snippet":"max-snippet:-1","max-image-preview":"max-image-preview:large","max-video-preview":"max-video-preview:-1"},"canonical":"https:\/\/bialcon.pl\/blog\/okrycie-wierzchnie-wiosenne\/","twitter_misc":{"Napisane przez":"Ma\u0142gorzata Brzezi\u0144ska","Szacowany czas czytania":"9 minut"},"schema":{"@context":"https:\/\/schema.org","@graph":[{"@type":"Article","@id":"https:\/\/bialcon.pl\/blog\/okrycie-wierzchnie-wiosenne\/#article","isPartOf":{"@id":"https:\/\/bialcon.pl\/blog\/okrycie-wierzchnie-wiosenne\/"},"author":{"name":"Ma\u0142gorzata Brzezi\u0144ska","@id":"https:\/\/bialcon.pl\/blog\/#\/schema\/person\/cbbe4ae2297c5abd7376399985d5fabb"},"headline":"Okrycie wierzchnie damskie wiosenne na ch\u0142odne poranki i ciep\u0142e popo\u0142udnia","datePublished":"2025-06-05T08:00:00+00:00","dateModified":"2025-11-24T12:27:23+00:00","mainEntityOfPage":{"@id":"https:\/\/bialcon.pl\/blog\/okrycie-wierzchnie-wiosenne\/"},"wordCount":1587,"image":{"@id":"https:\/\/bialcon.pl\/blog\/okrycie-wierzchnie-wiosenne\/#primaryimage"},"thumbnailUrl":"https:\/\/bialcon.pl\/blog\/wp-content\/uploads\/2025\/06\/Projekt-bez-nazwy-41.png","articleSection":["Porady Stylistki","Wszystkie wpisy"],"inLanguage":"pl-PL"},{"@type":"WebPage","@id":"https:\/\/bialcon.pl\/blog\/okrycie-wierzchnie-wiosenne\/","url":"https:\/\/bialcon.pl\/blog\/okrycie-wierzchnie-wiosenne\/","name":"Okrycie wierzchnie damskie wiosenne na ch\u0142odne poranki i ciep\u0142e popo\u0142udnia - Bialcon","isPartOf":{"@id":"https:\/\/bialcon.pl\/blog\/#website"},"primaryImageOfPage":{"@id":"https:\/\/bialcon.pl\/blog\/okrycie-wierzchnie-wiosenne\/#primaryimage"},"image":{"@id":"https:\/\/bialcon.pl\/blog\/okrycie-wierzchnie-wiosenne\/#primaryimage"},"thumbnailUrl":"https:\/\/bialcon.pl\/blog\/wp-content\/uploads\/2025\/06\/Projekt-bez-nazwy-41.png","datePublished":"2025-06-05T08:00:00+00:00","dateModified":"2025-11-24T12:27:23+00:00","author":{"@id":"https:\/\/bialcon.pl\/blog\/#\/schema\/person\/cbbe4ae2297c5abd7376399985d5fabb"},"description":"Wiosna jest czasem przej\u015bciowym, kt\u00f3ry wymaga od nas elastyczno\u015bci. Poranki bywaj\u0105 zimne, a popo\u0142udnia potrafi\u0105 zaskoczy\u0107 prawdziwie letni\u0105 temperatur\u0105.","breadcrumb":{"@id":"https:\/\/bialcon.pl\/blog\/okrycie-wierzchnie-wiosenne\/#breadcrumb"},"inLanguage":"pl-PL","potentialAction":[{"@type":"ReadAction","target":["https:\/\/bialcon.pl\/blog\/okrycie-wierzchnie-wiosenne\/"]}]},{"@type":"ImageObject","inLanguage":"pl-PL","@id":"https:\/\/bialcon.pl\/blog\/okrycie-wierzchnie-wiosenne\/#primaryimage","url":"https:\/\/bialcon.pl\/blog\/wp-content\/uploads\/2025\/06\/Projekt-bez-nazwy-41.png","contentUrl":"https:\/\/bialcon.pl\/blog\/wp-content\/uploads\/2025\/06\/Projekt-bez-nazwy-41.png","width":960,"height":850,"caption":"Wizualizacja kobiety w kr\u00f3tkim \u017cakiecie w kolorze spranej niebiesko\u015bci z r\u0119kawami 3\/4 oraz w szerokich spodniach"},{"@type":"BreadcrumbList","@id":"https:\/\/bialcon.pl\/blog\/okrycie-wierzchnie-wiosenne\/#breadcrumb","itemListElement":[{"@type":"ListItem","position":1,"name":"Strona g\u0142\u00f3wna","item":"https:\/\/bialcon.pl\/blog\/"},{"@type":"ListItem","position":2,"name":"Porady Stylistki","item":"https:\/\/bialcon.pl\/blog\/porady-stylistki\/"},{"@type":"ListItem","position":3,"name":"Okrycie wierzchnie damskie wiosenne na ch\u0142odne poranki i ciep\u0142e popo\u0142udnia"}]},{"@type":"WebSite","@id":"https:\/\/bialcon.pl\/blog\/#website","url":"https:\/\/bialcon.pl\/blog\/","name":"bialcon.pl\/blog\/","description":"Fashion Blog w zasi\u0119gu Twojej r\u0119ki","potentialAction":[{"@type":"SearchAction","target":{"@type":"EntryPoint","urlTemplate":"https:\/\/bialcon.pl\/blog\/?s={search_term_string}"},"query-input":{"@type":"PropertyValueSpecification","valueRequired":true,"valueName":"search_term_string"}}],"inLanguage":"pl-PL"},{"@type":"Person","@id":"https:\/\/bialcon.pl\/blog\/#\/schema\/person\/cbbe4ae2297c5abd7376399985d5fabb","name":"Ma\u0142gorzata Brzezi\u0144ska","image":{"@type":"ImageObject","inLanguage":"pl-PL","@id":"https:\/\/secure.gravatar.com\/avatar\/3fc4a4cdba63586f503a5c5711e9b04d01ab1234b186b03e727ad902b6f4912d?s=96&d=mm&r=g","url":"https:\/\/secure.gravatar.com\/avatar\/3fc4a4cdba63586f503a5c5711e9b04d01ab1234b186b03e727ad902b6f4912d?s=96&d=mm&r=g","contentUrl":"https:\/\/secure.gravatar.com\/avatar\/3fc4a4cdba63586f503a5c5711e9b04d01ab1234b186b03e727ad902b6f4912d?s=96&d=mm&r=g","caption":"Ma\u0142gorzata Brzezi\u0144ska"},"description":"Autorka tre\u015bci z zakresu mody, urody i stylu \u017cycia. Tworzy artyku\u0142y i poradniki oparte na analizie trend\u00f3w oraz potrzeb u\u017cytkownik\u00f3w, \u0142\u0105cz\u0105c wiedz\u0119 z zakresu komunikacji marketingowej i praktyki contentowej. Specjalizuje si\u0119 w bran\u017cach fashion, beauty &amp; health oraz gourmet food, przygotowuj\u0105c tre\u015bci dopasowane do realnych sytuacji i wybor\u00f3w konsumenckich. Na co dzie\u0144 zajmuje si\u0119 r\u00f3wnie\u017c content marketingiem i SEO.","sameAs":["https:\/\/www.linkedin.com\/in\/gosia-brzezinska-827052b4\/"],"url":"https:\/\/bialcon.pl\/blog\/author\/brzezinska\/"}]}},"_links":{"self":[{"href":"https:\/\/bialcon.pl\/blog\/wp-json\/wp\/v2\/posts\/11749","targetHints":{"allow":["GET"]}}],"collection":[{"href":"https:\/\/bialcon.pl\/blog\/wp-json\/wp\/v2\/posts"}],"about":[{"href":"https:\/\/bialcon.pl\/blog\/wp-json\/wp\/v2\/types\/post"}],"author":[{"embeddable":true,"href":"https:\/\/bialcon.pl\/blog\/wp-json\/wp\/v2\/users\/10"}],"replies":[{"embeddable":true,"href":"https:\/\/bialcon.pl\/blog\/wp-json\/wp\/v2\/comments?post=11749"}],"version-history":[{"count":5,"href":"https:\/\/bialcon.pl\/blog\/wp-json\/wp\/v2\/posts\/11749\/revisions"}],"predecessor-version":[{"id":11757,"href":"https:\/\/bialcon.pl\/blog\/wp-json\/wp\/v2\/posts\/11749\/revisions\/11757"}],"wp:featuredmedia":[{"embeddable":true,"href":"https:\/\/bialcon.pl\/blog\/wp-json\/wp\/v2\/media\/11758"}],"wp:attachment":[{"href":"https:\/\/bialcon.pl\/blog\/wp-json\/wp\/v2\/media?parent=11749"}],"wp:term":[{"taxonomy":"category","embeddable":true,"href":"https:\/\/bialcon.pl\/blog\/wp-json\/wp\/v2\/categories?post=11749"},{"taxonomy":"post_tag","embeddable":true,"href":"https:\/\/bialcon.pl\/blog\/wp-json\/wp\/v2\/tags?post=11749"}],"curies":[{"name":"wp","href":"https:\/\/api.w.org\/{rel}","templated":true}]}}