{"id":10823,"date":"2025-05-15T10:00:00","date_gmt":"2025-05-15T08:00:00","guid":{"rendered":"https:\/\/bialcon.pl\/blog\/?p=10823"},"modified":"2026-04-28T12:12:26","modified_gmt":"2026-04-28T10:12:26","slug":"paryski-szyk","status":"publish","type":"post","link":"https:\/\/bialcon.pl\/blog\/paryski-szyk\/","title":{"rendered":"Paryski szyk \u2013 jak stworzy\u0107 typowo francuski look?"},"content":{"rendered":"<div id=\"ez-toc-container\" class=\"ez-toc-v2_0_82_2 counter-hierarchy ez-toc-counter ez-toc-custom ez-toc-container-direction\">\n<div class=\"ez-toc-title-container\"><p class=\"ez-toc-title\" style=\"cursor:inherit\">Spis Tre\u015bci<\/p>\n<\/div><nav><ul class='ez-toc-list ez-toc-list-level-1 ' ><li class='ez-toc-page-1 ez-toc-heading-level-2'><a class=\"ez-toc-link ez-toc-heading-1\" href=\"https:\/\/bialcon.pl\/blog\/paryski-szyk\/#Styl_paryski_%E2%80%93_moda_dla_kobiet_z_klasa\" >Styl paryski \u2013 moda dla kobiet z klas\u0105<\/a><\/li><li class='ez-toc-page-1 ez-toc-heading-level-2'><a class=\"ez-toc-link ez-toc-heading-2\" href=\"https:\/\/bialcon.pl\/blog\/paryski-szyk\/#1_Inwestuj_w_klasyczne_ubrania\" >1. Inwestuj w klasyczne ubrania<\/a><\/li><li class='ez-toc-page-1 ez-toc-heading-level-2'><a class=\"ez-toc-link ez-toc-heading-3\" href=\"https:\/\/bialcon.pl\/blog\/paryski-szyk\/#2_Polub_minimalistyczny_styl_ubioru\" >2. Polub minimalistyczny styl ubioru<\/a><\/li><li class='ez-toc-page-1 ez-toc-heading-level-2'><a class=\"ez-toc-link ez-toc-heading-4\" href=\"https:\/\/bialcon.pl\/blog\/paryski-szyk\/#3_Nie_przesadzaj_z_kolorami\" >3. Nie przesadzaj z kolorami<\/a><\/li><li class='ez-toc-page-1 ez-toc-heading-level-2'><a class=\"ez-toc-link ez-toc-heading-5\" href=\"https:\/\/bialcon.pl\/blog\/paryski-szyk\/#4_Wybieraj_printy_w_paryskim_stylu\" >4. Wybieraj printy w paryskim stylu<\/a><\/li><li class='ez-toc-page-1 ez-toc-heading-level-2'><a class=\"ez-toc-link ez-toc-heading-6\" href=\"https:\/\/bialcon.pl\/blog\/paryski-szyk\/#5_Dobieraj_dodatki_z_rozmyslem\" >5. Dobieraj dodatki z rozmys\u0142em<\/a><\/li><li class='ez-toc-page-1 ez-toc-heading-level-2'><a class=\"ez-toc-link ez-toc-heading-7\" href=\"https:\/\/bialcon.pl\/blog\/paryski-szyk\/#6_Stawiaj_na_wysoka_jakosc\" >6. Stawiaj na wysok\u0105 jako\u015b\u0107<\/a><\/li><li class='ez-toc-page-1 ez-toc-heading-level-2'><a class=\"ez-toc-link ez-toc-heading-8\" href=\"https:\/\/bialcon.pl\/blog\/paryski-szyk\/#7_Nie_gon_za_najnowszymi_trendami\" >7. Nie go\u0144 za najnowszymi trendami<\/a><\/li><li class='ez-toc-page-1 ez-toc-heading-level-2'><a class=\"ez-toc-link ez-toc-heading-9\" href=\"https:\/\/bialcon.pl\/blog\/paryski-szyk\/#8_Stawiaj_na_wartosciowe_inspiracje\" >8. Stawiaj na warto\u015bciowe inspiracje<\/a><\/li><li class='ez-toc-page-1 ez-toc-heading-level-2'><a class=\"ez-toc-link ez-toc-heading-10\" href=\"https:\/\/bialcon.pl\/blog\/paryski-szyk\/#9_Ubierz_sie_w_pewnosc_siebie\" >9. Ubierz si\u0119 w pewno\u015b\u0107 siebie<\/a><\/li><li class='ez-toc-page-1 ez-toc-heading-level-2'><a class=\"ez-toc-link ez-toc-heading-11\" href=\"https:\/\/bialcon.pl\/blog\/paryski-szyk\/#10_Badz_zadbana_jak_paryzanka\" >10. B\u0105d\u017a zadbana jak pary\u017canka<\/a><\/li><li class='ez-toc-page-1 ez-toc-heading-level-2'><a class=\"ez-toc-link ez-toc-heading-12\" href=\"https:\/\/bialcon.pl\/blog\/paryski-szyk\/#Paryski_styl_i_jego_tajniki_%E2%80%93_FAQ\" >Paryski styl i jego tajniki \u2013 FAQ<\/a><\/li><\/ul><\/nav><\/div>\n\n<p>W modzie skarbnic\u0105 inspiracji s\u0105 r\u00f3\u017cne style ubioru uto\u017csamiane z konkretnymi cz\u0119\u015bciami \u015bwiata. W\u015br\u00f3d nich prym wiedzie francuski szyk, kt\u00f3ry jest kobiecy, ponadczasowo modny i stosunkowo \u0142atwy do zaadaptowania. Poznaj 10 wskaz\u00f3wek, dzi\u0119ki kt\u00f3rym styl pary\u017canek zago\u015bci w Twojej garderobie, a Ty b\u0119dziesz \u015bwietnie wygl\u0105da\u0107!<\/p>\n\n\n\n<h2 class=\"wp-block-heading\"><span class=\"ez-toc-section\" id=\"Styl_paryski_%E2%80%93_moda_dla_kobiet_z_klasa\"><\/span>Styl paryski <strong>\u2013<\/strong> moda dla kobiet z klas\u0105<span class=\"ez-toc-section-end\"><\/span><\/h2>\n\n\n\n<p>Pary\u017c to stolica mody i ojczyzna wielkich projektant\u00f3w. Poj\u0119cie francuskiego stylu zmienia\u0142o si\u0119 w czasie, a prekursork\u0105 jego wsp\u00f3\u0142czesnej odmiany by\u0142a Gabrielle Chanel, kt\u00f3ra w\u0142\u0105czy\u0142a do damskiej garderoby d\u017cersej oraz fasony pozbawione wielu ozd\u00f3b.<\/p>\n\n\n\n<p>Francuski szyk zyska\u0142 na popularno\u015bci na prze\u0142omie lat 50. i 60. XX wieku. Wtedy Brigitte Bardot, Jane Birkin oraz b\u0119d\u0105ca muz\u0105 Huberta de Givenchy, Audrey Hepburn zachwyca\u0142y stylizacjami \u0142\u0105cz\u0105cymi dziewcz\u0119cy wdzi\u0119k i prostot\u0119.<\/p>\n\n\n\n<p>Aktualnie francuski styl cieszy si\u0119 wzi\u0119ciem i jest wyborem kobiet lubi\u0105cych wygl\u0105da\u0107 dobrze bez wk\u0142adania w to wielkiego wysi\u0142ku. Paryski szyk jest bliski smart casualowej elegancji, kt\u00f3ra promuje klasyk\u0119, pozostawiaj\u0105c nieco miejsca na swobod\u0119.<\/p>\n\n\n\r\n<div class=\"product-block-container swiper mySwiperProductBlock\">\r\n    <div class=\"product-block-swiper swiper-wrapper\">\r\n                    <div class=\"swiper-slide product-block-item\" data-id=\"147615\">\r\n                <a href=\"https:\/\/bialcon.pl\/dzianinowa-sukienka-z-marszczeniem-i-ozdoba-w-talii?utm_source=blog&utm_medium=wyprzedaz&utm_campaign=150525\" class=\"product-block-url\" target=\"_blank\">\r\n                    <div class=\"product-block-image\">\r\n                        <img decoding=\"async\" width=\"300\" height=\"400\" src=\"https:\/\/bialcon.pl\/picture\/dzianinowa-sukienka-z-marszczeniem-i-ozdoba-w-talii_3.jpg\" alt=\"Dzianinowa sukienka z marszczeniem i ozdob\u0105 w talii\">\r\n                    <\/div>\r\n                    <div class=\"product-block-name\">\r\n                        <p>Dzianinowa sukienka z marszczeniem i ozdob\u0105 w talii<\/p>\r\n                    <\/div>\r\n                <\/a>\r\n            <\/div>\r\n                    <div class=\"swiper-slide product-block-item\" data-id=\"147694\">\r\n                <a href=\"https:\/\/bialcon.pl\/elegancka-granatowa-sukienka-kopertowa-z-bawelna?utm_source=blog&utm_medium=wyprzedaz&utm_campaign=150525\" class=\"product-block-url\" target=\"_blank\">\r\n                    <div class=\"product-block-image\">\r\n                        <img decoding=\"async\" width=\"300\" height=\"400\" src=\"https:\/\/bialcon.pl\/picture\/elegancka-granatowa-sukienka-kopertowa-z-bawelna_1.jpg\" alt=\"Elegancka granatowa sukienka kopertowa z bawe\u0142n\u0105\">\r\n                    <\/div>\r\n                    <div class=\"product-block-name\">\r\n                        <p>Elegancka granatowa sukienka kopertowa z bawe\u0142n\u0105<\/p>\r\n                    <\/div>\r\n                <\/a>\r\n            <\/div>\r\n                    <div class=\"swiper-slide product-block-item\" data-id=\"147723\">\r\n                <a href=\"https:\/\/bialcon.pl\/dopasowana-sukienka-w-paski-z-dzianiny-bawelnianej?utm_source=blog&utm_medium=wyprzedaz&utm_campaign=150525\" class=\"product-block-url\" target=\"_blank\">\r\n                    <div class=\"product-block-image\">\r\n                        <img decoding=\"async\" width=\"300\" height=\"400\" src=\"https:\/\/bialcon.pl\/picture\/dopasowana-sukienka-w-paski-z-dzianiny-bawelnianej_1.jpg\" alt=\"Dopasowana sukienka w paski z dzianiny bawe\u0142nianej\">\r\n                    <\/div>\r\n                    <div class=\"product-block-name\">\r\n                        <p>Dopasowana sukienka w paski z dzianiny bawe\u0142nianej<\/p>\r\n                    <\/div>\r\n                <\/a>\r\n            <\/div>\r\n            <\/div>\r\n<\/div>\r\n\n\n\n\n<h2 class=\"wp-block-heading\"><span class=\"ez-toc-section\" id=\"1_Inwestuj_w_klasyczne_ubrania\"><\/span>1. Inwestuj w klasyczne ubrania<span class=\"ez-toc-section-end\"><\/span><\/h2>\n\n\n\n<p>B\u0105d\u017a jak prawdziwa pary\u017canka, no\u015b klasyczne ubrania! Jakie elementy stroju s\u0105 niezast\u0105pione? Z pewno\u015bci\u0105 powinna\u015b uwzgl\u0119dni\u0107 takie cz\u0119\u015bci garderoby, jak \u017cakiet chanelka, bia\u0142a koszula, eleganckie spodnie z kantem i jeansy albo chinosy.<\/p>\n\n\n\n<p>Przydadz\u0105 Ci tak\u017ce proste sukienki, takie jak kultowa ma\u0142a czarna i kopertowa sukienka w drobne wzory. Paryski szyk to r\u00f3wnie\u017c p\u0142aszcz trencz i jasny t-shirt w paski. W mojej szafie znajdziesz tak\u017ce rozkloszowane sp\u00f3dnice w kszta\u0142cie litery &#8222;A&#8221;, plisowane solejki oraz o\u0142\u00f3wkowe sp\u00f3dnice z wysokim stanem.<\/p>\n\n\n\n<h2 class=\"wp-block-heading\"><span class=\"ez-toc-section\" id=\"2_Polub_minimalistyczny_styl_ubioru\"><\/span>2. Polub minimalistyczny styl ubioru<span class=\"ez-toc-section-end\"><\/span><\/h2>\n\n\n\n<p>Mniej znaczy wi\u0119cej, a zasada ta jest wa\u017cna we francuskim stylu ubierania. Minimalizm stanowi jeden z filar\u00f3w stylu pary\u017canek. Neutralne kolory, proste, klasyczne kroje i wysoka jako\u015b\u0107 ubra\u0144 to przepis na ponadczasowy styl, w kt\u00f3rym nie ma miejsca na przepych i krzykliwo\u015b\u0107.<\/p>\n\n\n\n<p>We francuskiej modzie sprawdza si\u0119 koncepcja szafy kapsu\u0142owej, dzi\u0119ki kt\u00f3rej bez du\u017cego wysi\u0142ku i wielu wydatk\u00f3w mo\u017cna tworzy\u0107 zr\u00f3\u017cnicowane stylizacje. Dzi\u0119ki takiemu podej\u015bciu, aby z codziennego zestawu stworzy\u0107 wieczorowy nie potrzeba wiele.<\/p>\n\n\n\n<p>Masz na sobie prosty biurowy look z cygaretkami i balerinami? Nawet je\u015bli jeste\u015b tu\u017c przed wielkim wyj\u015bciem, wystarczy, \u017ce zamienisz sweter na prost\u0105 koszul\u0119 z szarf\u0105 pod szyj\u0105, a w uszy wepniesz per\u0142owe kolczyki.<\/p>\n\n\n\r\n<div class=\"product-block-container swiper mySwiperProductBlock\">\r\n    <div class=\"product-block-swiper swiper-wrapper\">\r\n                    <div class=\"swiper-slide product-block-item\" data-id=\"147574\">\r\n                <a href=\"https:\/\/bialcon.pl\/oliwkowe-bawelniane-spodnie-w-kant?utm_source=blog&utm_medium=wyprzedaz&utm_campaign=150525\" class=\"product-block-url\" target=\"_blank\">\r\n                    <div class=\"product-block-image\">\r\n                        <img decoding=\"async\" width=\"300\" height=\"400\" src=\"https:\/\/bialcon.pl\/picture\/oliwkowe-bawelniane-spodnie-w-kant_1.jpg\" alt=\"Oliwkowe bawe\u0142niane spodnie w kant\">\r\n                    <\/div>\r\n                    <div class=\"product-block-name\">\r\n                        <p>Oliwkowe bawe\u0142niane spodnie w kant<\/p>\r\n                    <\/div>\r\n                <\/a>\r\n            <\/div>\r\n                    <div class=\"swiper-slide product-block-item\" data-id=\"147590\">\r\n                <a href=\"https:\/\/bialcon.pl\/zwezane-jasne-spodnie-w-kant-o-klasycznym-fasonie?utm_source=blog&utm_medium=wyprzedaz&utm_campaign=150525\" class=\"product-block-url\" target=\"_blank\">\r\n                    <div class=\"product-block-image\">\r\n                        <img decoding=\"async\" width=\"300\" height=\"400\" src=\"https:\/\/bialcon.pl\/picture\/zwezane-jasne-spodnie-w-kant-o-klasycznym-fasonie_5.jpg\" alt=\"Zw\u0119\u017cane jasne spodnie w kant o klasycznym fasonie\">\r\n                    <\/div>\r\n                    <div class=\"product-block-name\">\r\n                        <p>Zw\u0119\u017cane jasne spodnie w kant o klasycznym fasonie<\/p>\r\n                    <\/div>\r\n                <\/a>\r\n            <\/div>\r\n                    <div class=\"swiper-slide product-block-item\" data-id=\"147602\">\r\n                <a href=\"https:\/\/bialcon.pl\/zwezane-bezowe-spodnie-w-kant-o-klasycznym-fasonie?utm_source=blog&utm_medium=wyprzedaz&utm_campaign=150525\" class=\"product-block-url\" target=\"_blank\">\r\n                    <div class=\"product-block-image\">\r\n                        <img decoding=\"async\" width=\"300\" height=\"400\" src=\"https:\/\/bialcon.pl\/picture\/zwezane-bezowe-spodnie-w-kant-o-klasycznym-fasonie_5.jpg\" alt=\"Zw\u0119\u017cane be\u017cowe spodnie w kant o klasycznym fasonie\">\r\n                    <\/div>\r\n                    <div class=\"product-block-name\">\r\n                        <p>Zw\u0119\u017cane be\u017cowe spodnie w kant o klasycznym fasonie<\/p>\r\n                    <\/div>\r\n                <\/a>\r\n            <\/div>\r\n            <\/div>\r\n<\/div>\r\n\n\n\n\n<h2 class=\"wp-block-heading\"><span class=\"ez-toc-section\" id=\"3_Nie_przesadzaj_z_kolorami\"><\/span>3. Nie przesadzaj z kolorami<span class=\"ez-toc-section-end\"><\/span><\/h2>\n\n\n\n<p>Pary\u017canki stawiaj\u0105 na do\u015b\u0107 stonowane kolory, kt\u00f3rych ponadczasowo\u015b\u0107 na pewno Ci\u0119 nie zawiedzie. Kompletuj\u0105c francuski zestaw, lepiej unika\u0107 zbyt jaskrawych kolor\u00f3w.<\/p>\n\n\n\n<p>Zamiast nich stawiaj na neutralne odcienie be\u017cu, szaro\u015bci, bieli, ecru oraz czerni. Moda paryska lubi tak\u017ce karmelowy br\u0105z, khaki albo granatowy, cz\u0119sto \u0142\u0105czone z czerwieni\u0105, bordo i akcentami z\u0142ota.<\/p>\n\n\n\n<p>Warto ograniczy\u0107 si\u0119 do co najwy\u017cej trzech kolor\u00f3w w zestawie. Czy to oznacza, \u017ce trzeba zrezygnowa\u0107 z innych barw? Absolutnie nie, ale pami\u0119taj o tym, aby zawsze dobiera\u0107 twarzowe dla siebie tonacje kolor\u00f3w. Czy ju\u017c wiesz, jakim typem kolorystycznym jeste\u015b?<\/p>\n\n\n\n<h2 class=\"wp-block-heading\"><span class=\"ez-toc-section\" id=\"4_Wybieraj_printy_w_paryskim_stylu\"><\/span>4. Wybieraj printy w paryskim stylu<span class=\"ez-toc-section-end\"><\/span><\/h2>\n\n\n\n<p>Skomponuj outfit wykorzystuj\u0105c wzory charakterystyczne dla paryskiego szyku. Kt\u00f3re motywy warto wprowadzi\u0107 do swojej garderoby?<\/p>\n\n\n\n<p>Pepitka zwana kurz\u0105 stopk\u0105 to kultowy wz\u00f3r kojarzony z paryskim szykiem. Charakterystyczna kratka zosta\u0142a spopularyzowana przez sam\u0105 Chanel, podobnie jak marynarskie paski.<\/p>\n\n\n\n<p>Opr\u00f3cz nich warto mie\u0107 oko na ponadczasowe wzory, takie jak biznesowe pr\u0105\u017cki, drobna kratka vichy oraz groszki podkre\u015blaj\u0105ce styl pary\u017canek.<\/p>\n\n\n\r\n<div class=\"product-block-container swiper mySwiperProductBlock\">\r\n    <div class=\"product-block-swiper swiper-wrapper\">\r\n                    <div class=\"swiper-slide product-block-item\" data-id=\"147227\">\r\n                <a href=\"https:\/\/bialcon.pl\/taliowany-zakiet-w-pepitke-z-eleganckimi-patkami?utm_source=blog&utm_medium=wyprzedaz&utm_campaign=150525\" class=\"product-block-url\" target=\"_blank\">\r\n                    <div class=\"product-block-image\">\r\n                        <img decoding=\"async\" width=\"300\" height=\"400\" src=\"https:\/\/bialcon.pl\/picture\/taliowany-zakiet-w-pepitke-z-eleganckimi-patkami_1.jpg\" alt=\"Taliowany \u017cakiet w pepitk\u0119 z eleganckimi patkami\">\r\n                    <\/div>\r\n                    <div class=\"product-block-name\">\r\n                        <p>Taliowany \u017cakiet w pepitk\u0119 z eleganckimi patkami<\/p>\r\n                    <\/div>\r\n                <\/a>\r\n            <\/div>\r\n                    <div class=\"swiper-slide product-block-item\" data-id=\"147246\">\r\n                <a href=\"https:\/\/bialcon.pl\/stylowy-szary-zakiet-w-brazowa-kratke?utm_source=blog&utm_medium=wyprzedaz&utm_campaign=150525\" class=\"product-block-url\" target=\"_blank\">\r\n                    <div class=\"product-block-image\">\r\n                        <img decoding=\"async\" width=\"300\" height=\"400\" src=\"https:\/\/bialcon.pl\/picture\/stylowy-szary-zakiet-w-brazowa-kratke.jpg\" alt=\"Stylowy szary \u017cakiet w br\u0105zow\u0105 kratk\u0119\">\r\n                    <\/div>\r\n                    <div class=\"product-block-name\">\r\n                        <p>Stylowy szary \u017cakiet w br\u0105zow\u0105 kratk\u0119<\/p>\r\n                    <\/div>\r\n                <\/a>\r\n            <\/div>\r\n                    <div class=\"swiper-slide product-block-item\" data-id=\"147105\">\r\n                <a href=\"https:\/\/bialcon.pl\/oversizowa-marynarka-z-modnej-tweedowej-tkaniny?utm_source=blog&utm_medium=wyprzedaz&utm_campaign=150525\" class=\"product-block-url\" target=\"_blank\">\r\n                    <div class=\"product-block-image\">\r\n                        <img decoding=\"async\" width=\"300\" height=\"400\" src=\"https:\/\/bialcon.pl\/picture\/oversizowa-marynarka-z-modnej-tweedowej-tkaniny_1.jpg\" alt=\"Oversizowa marynarka z modnej tweedowej tkaniny\">\r\n                    <\/div>\r\n                    <div class=\"product-block-name\">\r\n                        <p>Oversizowa marynarka z modnej tweedowej tkaniny<\/p>\r\n                    <\/div>\r\n                <\/a>\r\n            <\/div>\r\n            <\/div>\r\n<\/div>\r\n\n\n\n\n<h2 class=\"wp-block-heading\"><span class=\"ez-toc-section\" id=\"5_Dobieraj_dodatki_z_rozmyslem\"><\/span>5. Dobieraj dodatki z rozmys\u0142em<span class=\"ez-toc-section-end\"><\/span><\/h2>\n\n\n\n<p>Dob\u00f3r akcesori\u00f3w nie mo\u017ce by\u0107 przypadkowy i nieprzemy\u015blany. Dzi\u0119ki dobrze dopasowanym dodatkom pe\u0142niej wyrazisz w\u0142asny styl i dodasz strojom paryskiego vibe&#8217;u. Jedwabna apaszka, proste baleriny, dyskretna bi\u017cuteria, sk\u00f3rzany cienki pasek albo sk\u00f3rzana torba w stylu Birkin Bag s\u0105 tym, co warto mie\u0107 pod r\u0119k\u0105, komponuj\u0105c paryski set.<\/p>\n\n\n\n<p>Pierwsze skrzypce w stylizacji french chic grasz w\u0142a\u015bnie Ty, dlatego zachowaj umiar i nie przesadzaj z akcesoriami. Je\u015bli decydujesz si\u0119 na &#8222;francuski beret&#8221;, zrezygnuj z noszenia w jednym zestawie \u017cakietu chanelki i o\u0142\u00f3wkowej sp\u00f3dnicy w pepitk\u0119.<\/p>\n\n\n\n<p>Pami\u0119taj, \u017ce Francuzki lubi\u0105 prze\u0142amywa\u0107 ubi\u00f3r niekiedy zaskakuj\u0105cymi akcesoriami. Nietuzinkowa bi\u017cuteria vintage sprawia, \u017ce oversizowe swetry zyskuj\u0105 na kobieco\u015bci, a kolorowe klapki na obcasie wp\u0142ywaj\u0105 na to, \u017ce trencz, t-shirt w paski i jeansy zyskuj\u0105 now\u0105 energi\u0119.<\/p>\n\n\n\n<h2 class=\"wp-block-heading\"><span class=\"ez-toc-section\" id=\"6_Stawiaj_na_wysoka_jakosc\"><\/span>6. Stawiaj na wysok\u0105 jako\u015b\u0107<span class=\"ez-toc-section-end\"><\/span><\/h2>\n\n\n\n<p>Dobrej jako\u015bci materia\u0142y to absolutna oczywisto\u015b\u0107 we francuskiej modzie. Starannie dobrane tkaniny i dzianiny pozwalaj\u0105 osi\u0105gn\u0105\u0107 elegancj\u0119 w stylu pary\u017canek. Dzi\u0119ki nim nawet pozornie nonszalanckie zestawy wygl\u0105daj\u0105 szykownie. We\u0142na, len, bawe\u0142na i jedwab to dobry trop!<\/p>\n\n\n\n<p>Jako\u015bciowe materia\u0142y to jednak nie wszystko. Tak samo wa\u017cna jest og\u00f3lna schludno\u015b\u0107 ubioru, a wi\u0119c perfekcyjny kr\u00f3j i optymalne dopasowanie do sylwetki. Paryski szyk ma w sobie nieco sprzeczno\u015bci, a jego nonszalancja jest pozorna. Nie ma w niej miejsca na ubrania z przekr\u0119caj\u0105cymi si\u0119 szwami.<\/p>\n\n\n\n<p>Stawiaj\u0105c na wysok\u0105 jako\u015b\u0107 odzie\u017cy, inwestujesz w sw\u00f3j wizerunek na lata.<\/p>\n\n\n\r\n<div class=\"product-block-container swiper mySwiperProductBlock\">\r\n    <div class=\"product-block-swiper swiper-wrapper\">\r\n                    <div class=\"swiper-slide product-block-item\" data-id=\"147636\">\r\n                <a href=\"https:\/\/bialcon.pl\/brokatowa-zlota-sukienka-o-klasycznym-kroju?utm_source=blog&utm_medium=wyprzedaz&utm_campaign=150525\" class=\"product-block-url\" target=\"_blank\">\r\n                    <div class=\"product-block-image\">\r\n                        <img decoding=\"async\" width=\"300\" height=\"400\" src=\"https:\/\/bialcon.pl\/picture\/brokatowa-zlota-sukienka-o-klasycznym-kroju.jpg\" alt=\"Brokatowa z\u0142ota sukienka o klasycznym kroju\">\r\n                    <\/div>\r\n                    <div class=\"product-block-name\">\r\n                        <p>Brokatowa z\u0142ota sukienka o klasycznym kroju<\/p>\r\n                    <\/div>\r\n                <\/a>\r\n            <\/div>\r\n                    <div class=\"swiper-slide product-block-item\" data-id=\"147561\">\r\n                <a href=\"https:\/\/bialcon.pl\/bezowa-sukienka-midi-z-lnem-o-fasonie-bombki?utm_source=blog&utm_medium=wyprzedaz&utm_campaign=150525\" class=\"product-block-url\" target=\"_blank\">\r\n                    <div class=\"product-block-image\">\r\n                        <img decoding=\"async\" width=\"300\" height=\"400\" src=\"https:\/\/bialcon.pl\/picture\/bezowa-sukienka-midi-z-lnem-o-fasonie-bombki_1.jpg\" alt=\"Be\u017cowa sukienka midi z lnem o fasonie bombki\">\r\n                    <\/div>\r\n                    <div class=\"product-block-name\">\r\n                        <p>Be\u017cowa sukienka midi z lnem o fasonie bombki<\/p>\r\n                    <\/div>\r\n                <\/a>\r\n            <\/div>\r\n                    <div class=\"swiper-slide product-block-item\" data-id=\"146147\">\r\n                <a href=\"https:\/\/bialcon.pl\/oliwkowy-kombinezon-z-mieszanki-lnu-i-wiskozy?utm_source=blog&utm_medium=wyprzedaz&utm_campaign=150525\" class=\"product-block-url\" target=\"_blank\">\r\n                    <div class=\"product-block-image\">\r\n                        <img decoding=\"async\" width=\"300\" height=\"400\" src=\"https:\/\/bialcon.pl\/picture\/oliwkowy-kombinezon-z-mieszanki-lnu-i-wiskozy_1.jpg\" alt=\"Oliwkowy kombinezon z mieszanki lnu i wiskozy\">\r\n                    <\/div>\r\n                    <div class=\"product-block-name\">\r\n                        <p>Oliwkowy kombinezon z mieszanki lnu i wiskozy<\/p>\r\n                    <\/div>\r\n                <\/a>\r\n            <\/div>\r\n            <\/div>\r\n<\/div>\r\n\n\n\n\n<h2 class=\"wp-block-heading\"><span class=\"ez-toc-section\" id=\"7_Nie_gon_za_najnowszymi_trendami\"><\/span>7. Nie go\u0144 za najnowszymi trendami<span class=\"ez-toc-section-end\"><\/span><\/h2>\n\n\n\n<p>Je\u015bli chcesz ubiera\u0107 si\u0119 jak pary\u017canki, lepiej zrezygnuj z ekstrawaganckich outfit\u00f3w, ale pozosta\u0144 wierna klasycznym wyborom.<\/p>\n\n\n\n<p>Czy to znaczy, \u017ce moda paryska i trendy wzajemnie si\u0119 wykluczaj\u0105? Nic podobnego! Modowe nowinki mo\u017cesz w\u0142\u0105cza\u0107 do codziennej stylizacji w postaci dodatk\u00f3w, kt\u00f3re nie zdominuj\u0105 ca\u0142o\u015bci.<\/p>\n\n\n\n<p>Najmodniejsze okulary przeciws\u0142oneczne, designerska torebka bagietka lub sneakersy z nowej kolekcji zaktualizuj\u0105 Tw\u00f3j ubi\u00f3r, wskazuj\u0105c na umiej\u0119tno\u015b\u0107 \u0142\u0105czenia tego, co nowe, z tym, co ju\u017c znane.<\/p>\n\n\n\n<h2 class=\"wp-block-heading\"><span class=\"ez-toc-section\" id=\"8_Stawiaj_na_wartosciowe_inspiracje\"><\/span>8. Stawiaj na warto\u015bciowe inspiracje<span class=\"ez-toc-section-end\"><\/span><\/h2>\n\n\n\n<p>Zadbaj o inspiracje, dzi\u0119ki kt\u00f3rym lepiej wczujesz si\u0119 w ulubion\u0105 estetyk\u0119 pary\u017canek. Sk\u0105d je czerpa\u0107? Najpro\u015bciej <strong>\u2013<\/strong> z sieci, \u015bledz\u0105c stylizacje trendsetterek, takich jak Jeanne Damas, Lou Doillon lub Caroline de Maigret. Styl paryski to ich specjalno\u015b\u0107.<\/p>\n\n\n\n<p>Innym pomys\u0142em na to, jak oswoi\u0107 francusk\u0105 mod\u0119 jest wypad typu city break do Pary\u017ca, podczas kt\u00f3rego zobaczysz na \u017cywo stylizacje, na kt\u00f3re pary\u017canki stawiaj\u0105 najch\u0119tniej.<\/p>\n\n\n\n<p>Pami\u0119taj, \u017ce styl paryski sporo czerpie tak\u017ce z m\u0119skiej mody. Garniturowa kamizelka, prosta koszula albo kaszkiet typu gawroszka to cz\u0119\u015bci garderoby, kt\u00f3re wyra\u017caj\u0105 paryski styl ubierania, gdy umiej\u0119tnie w\u0142\u0105czysz je do stroju. Spr\u00f3buj po\u0142\u0105czy\u0107 m\u0119sko\u015b\u0107 i kobieco\u015b\u0107 w ubiorze.<\/p>\n\n\n\r\n<div class=\"product-block-container swiper mySwiperProductBlock\">\r\n    <div class=\"product-block-swiper swiper-wrapper\">\r\n                    <div class=\"swiper-slide product-block-item\" data-id=\"146366\">\r\n                <a href=\"https:\/\/bialcon.pl\/bawelniana-biala-koszula-o-prostym-luznym-kroju?utm_source=blog&utm_medium=wyprzedaz&utm_campaign=150525\" class=\"product-block-url\" target=\"_blank\">\r\n                    <div class=\"product-block-image\">\r\n                        <img decoding=\"async\" width=\"300\" height=\"400\" src=\"https:\/\/bialcon.pl\/picture\/bawelniana-biala-koszula-o-prostym-luznym-kroju.jpg\" alt=\"Bawe\u0142niana bia\u0142a koszula o prostym lu\u017anym kroju\">\r\n                    <\/div>\r\n                    <div class=\"product-block-name\">\r\n                        <p>Bawe\u0142niana bia\u0142a koszula o prostym lu\u017anym kroju<\/p>\r\n                    <\/div>\r\n                <\/a>\r\n            <\/div>\r\n                    <div class=\"swiper-slide product-block-item\" data-id=\"146446\">\r\n                <a href=\"https:\/\/bialcon.pl\/elegancka-biala-koszula-z-zabotem?utm_source=blog&utm_medium=wyprzedaz&utm_campaign=150525\" class=\"product-block-url\" target=\"_blank\">\r\n                    <div class=\"product-block-image\">\r\n                        <img decoding=\"async\" width=\"300\" height=\"400\" src=\"https:\/\/bialcon.pl\/picture\/elegancka-biala-koszula-z-zabotem_5.jpg\" alt=\"Elegancka bia\u0142a koszula z \u017cabotem\">\r\n                    <\/div>\r\n                    <div class=\"product-block-name\">\r\n                        <p>Elegancka bia\u0142a koszula z \u017cabotem<\/p>\r\n                    <\/div>\r\n                <\/a>\r\n            <\/div>\r\n                    <div class=\"swiper-slide product-block-item\" data-id=\"146231\">\r\n                <a href=\"https:\/\/bialcon.pl\/biala-dluga-koszula-z-oryginalnym-paskiem?utm_source=blog&utm_medium=wyprzedaz&utm_campaign=150525\" class=\"product-block-url\" target=\"_blank\">\r\n                    <div class=\"product-block-image\">\r\n                        <img decoding=\"async\" width=\"300\" height=\"400\" src=\"https:\/\/bialcon.pl\/picture\/biala-dluga-koszula-z-oryginalnym-paskiem_1.jpg\" alt=\"Bia\u0142a d\u0142uga koszula z oryginalnym paskiem\">\r\n                    <\/div>\r\n                    <div class=\"product-block-name\">\r\n                        <p>Bia\u0142a d\u0142uga koszula z oryginalnym paskiem<\/p>\r\n                    <\/div>\r\n                <\/a>\r\n            <\/div>\r\n            <\/div>\r\n<\/div>\r\n\n\n\n\n<h2 class=\"wp-block-heading\"><span class=\"ez-toc-section\" id=\"9_Ubierz_sie_w_pewnosc_siebie\"><\/span>9. Ubierz si\u0119 w pewno\u015b\u0107 siebie<span class=\"ez-toc-section-end\"><\/span><\/h2>\n\n\n\n<p>Francuski styl to pewno\u015b\u0107 siebie, \u015bwiadomo\u015b\u0107 swojego cia\u0142a i jego mocnych stron. Co sprawia, \u017ce prosta stylizacja z trenczem robi wra\u017cenie na tle innych? To, w du\u017cej mierze, energia i wdzi\u0119k, jakimi emanuje pary\u017canka. Jeste\u015b warta spojrze\u0144 i komplement\u00f3w, niezale\u017cnie od tego, czy nosisz rozmiar S, czy XL.<\/p>\n\n\n\n<p>Wybieraj klasyczne stroje, si\u0119gaj\u0105c po takie modele, kt\u00f3re rzeczywi\u015bcie podkre\u015blaj\u0105 Twoje atuty. Kluczowe jest to, by\u015b nie czu\u0142a si\u0119 przebrana za kogo\u015b, kim nie jeste\u015b.<\/p>\n\n\n\n<p>Wyobra\u017a sobie, \u017ce kroczysz dumnie po najbardziej eleganckich ulicach Pary\u017ca, dlatego zadbaj o w\u0142a\u015bciw\u0105 postaw\u0119 cia\u0142a, a przed wi\u0119kszym wyj\u015bciem koniecznie prze\u0107wicz chodzenie na obcasach.<\/p>\n\n\n\n<h2 class=\"wp-block-heading\"><span class=\"ez-toc-section\" id=\"10_Badz_zadbana_jak_paryzanka\"><\/span>10. B\u0105d\u017a zadbana jak pary\u017canka<span class=\"ez-toc-section-end\"><\/span><\/h2>\n\n\n\n<p>Zazwyczaj Francuzki nie po\u015bwi\u0119caj\u0105 d\u0142ugich godzin na to, by wykona\u0107 precyzyjny makija\u017c, a i tak wygl\u0105daj\u0105 \u015bwietnie. Kluczowym kosmetykiem dla Francuzki jest czerwona szminka, kt\u00f3ra o\u017cywia stonowane stylizacje.<\/p>\n\n\n\n<p>Pary\u017canki lubi\u0105 delikatne kreski na powiekach, a lekki krem BB cz\u0119sto zast\u0119puje im podk\u0142ad. Roz\u015bwietlona, nawil\u017cona sk\u00f3ra to sekret urody paryskich pi\u0119kno\u015bci, a do jej uzyskania konieczna jest systematyczna piel\u0119gnacja. Dominuj\u0105 w niej apteczne preparaty i bogata w minera\u0142y woda termalna.<\/p>\n\n\n\n<p>Dobrze podci\u0119te, l\u015bni\u0105ce w\u0142osy oraz nieskazitelna cera to baza, dzi\u0119ki kt\u00f3rej szybko wyszykujesz si\u0119 na r\u00f3\u017cne okazje. Fryzury w stylu francuskim s\u0105 nieprzesadzone i sprawiaj\u0105 wra\u017cenie do\u015b\u0107 naturalnych.<\/p>\n\n\n\n<p>Kr\u00f3luj\u0105 proste, d\u0142ugie w\u0142osy, minimalistyczne kucyki oraz upi\u0119cia w stylu koka. Cz\u0119sto pojawiaj\u0105 si\u0119 grzywki, kt\u00f3re towarzysz\u0105 m.in. modnej fryzurze french bob.<\/p>\n\n\n\n<h2 class=\"wp-block-heading\"><span class=\"ez-toc-section\" id=\"Paryski_styl_i_jego_tajniki_%E2%80%93_FAQ\"><\/span>Paryski styl i jego tajniki <strong>\u2013<\/strong> FAQ<span class=\"ez-toc-section-end\"><\/span><\/h2>\n\n\n\n<p>Paryski szyk nie musi by\u0107 nudny i zachowawczy. Wystarczy, \u017ce stworzysz jego w\u0142asn\u0105 ods\u0142on\u0119, co jest bardzo francuskim podej\u015bciem do tematu. Aby tak si\u0119 sta\u0142o, warto wiedzie\u0107 o nim jak najwi\u0119cej.<\/p>\n\n\n\n<h3 class=\"wp-block-heading\">Na czym polega paryski styl ubierania?<\/h3>\n\n\n\n<p>Paryski szyk promuje elegancj\u0119 bazuj\u0105c\u0105 na prostocie z nut\u0105 nonszalancji. Jego filarem jest minimalizm, dzi\u0119ki kt\u00f3remu paryskie outfity s\u0105 harmonijne i pe\u0142ne niewymuszonego wdzi\u0119ku.<\/p>\n\n\n\n<p>Francuska moda \u0142\u0105czy casualow\u0105 swobod\u0119 i klasyczny szyk, co owocuje smart casualow\u0105 estetyk\u0105.<\/p>\n\n\n\n<h3 class=\"wp-block-heading\">Jakie kolory s\u0105 typowe dla francuskiego stylu?<\/h3>\n\n\n\n<p>Francuski szyk promuje stonowane kolory, kt\u00f3re doskonale \u0142\u0105cz\u0105 si\u0119 ze sob\u0105, tworz\u0105c harmonijne zestawienia.<\/p>\n\n\n\n<p>Biel, czer\u0144, szaro\u015b\u0107, odcienie be\u017cu i granatu to modowa baza, kt\u00f3rej cz\u0119sto towarzysz\u0105 odcienie czerwieni i akcenty z\u0142ota. W paryski szyk wkomponuje si\u0119 te\u017c karmelowy br\u0105z i khaki.<\/p>\n\n\n\n<h3 class=\"wp-block-heading\">Jaka odzie\u017c wyra\u017ca paryski styl w modzie?<\/h3>\n\n\n\n<p>Taka, kt\u00f3r\u0105 cechuj\u0105 klasyczne kroje i prostota. Wa\u017cna jest wysoka jako\u015b\u0107 ubra\u0144 i ich ponadczasowa elegancja.<\/p>\n\n\n\n<p>W garderobie warto mie\u0107 pude\u0142kowy \u017cakiet, ma\u0142\u0105 czarn\u0105 sukienk\u0119, p\u0142aszcz typu trencz, t-shirt w paski, cygaretki i balerinki lub mokasyny.<\/p>\n\n\n\n<script type=\"application\/ld+json\">\n{\n  \"@context\": \"https:\/\/schema.org\",\n  \"@type\": \"FAQPage\",\n  \"name\": \"Paryski styl i jego tajniki \u2013 FAQ\",\n  \"description\": \"Paryski szyk nie musi by\u0107 nudny i zachowawczy. Wystarczy, \u017ce stworzysz jego w\u0142asn\u0105 ods\u0142on\u0119, co jest bardzo francuskim podej\u015bciem do tematu.\",\n  \"mainEntity\": [\n    {\n      \"@type\": \"Question\",\n      \"name\": \"Na czym polega paryski styl ubierania?\",\n      \"acceptedAnswer\": {\n        \"@type\": \"Answer\",\n        \"text\": \"Paryski szyk promuje elegancj\u0119 bazuj\u0105c\u0105 na prostocie z nut\u0105 nonszalancji. Jego filarem jest minimalizm, dzi\u0119ki kt\u00f3remu paryskie outfity s\u0105 harmonijne i pe\u0142ne niewymuszonego wdzi\u0119ku. Francuska moda \u0142\u0105czy casualow\u0105 swobod\u0119 i klasyczny szyk, co owocuje smart casualow\u0105 estetyk\u0105.\"\n      }\n    },\n    {\n      \"@type\": \"Question\",\n      \"name\": \"Jakie kolory s\u0105 typowe dla francuskiego stylu?\",\n      \"acceptedAnswer\": {\n        \"@type\": \"Answer\",\n        \"text\": \"Francuski szyk promuje stonowane kolory, kt\u00f3re doskonale \u0142\u0105cz\u0105 si\u0119 ze sob\u0105, tworz\u0105c harmonijne zestawienia. Biel, czer\u0144, szaro\u015b\u0107, odcienie be\u017cu i granatu to modowa baza, kt\u00f3rej cz\u0119sto towarzysz\u0105 odcienie czerwieni i akcenty z\u0142ota. W paryski szyk wkomponuje si\u0119 te\u017c karmelowy br\u0105z i khaki.\"\n      }\n    },\n    {\n      \"@type\": \"Question\",\n      \"name\": \"Jaka odzie\u017c wyra\u017ca paryski styl w modzie?\",\n      \"acceptedAnswer\": {\n        \"@type\": \"Answer\",\n        \"text\": \"Paryski styl w modzie wyra\u017ca odzie\u017c, kt\u00f3r\u0105 cechuj\u0105 klasyczne kroje i prostota. Wa\u017cna jest wysoka jako\u015b\u0107 ubra\u0144 oraz ich ponadczasowa elegancja. W garderobie warto mie\u0107 pude\u0142kowy \u017cakiet, ma\u0142\u0105 czarn\u0105 sukienk\u0119, p\u0142aszcz typu trencz, t-shirt w paski, cygaretki i balerinki lub mokasyny.\"\n      }\n    }\n  ]\n}\n<\/script>\n\n\n\n<p><\/p>\n","protected":false},"excerpt":{"rendered":"<p>W modzie skarbnic\u0105 inspiracji s\u0105 r\u00f3\u017cne style ubioru uto\u017csamiane z konkretnymi cz\u0119\u015bciami \u015bwiata. W\u015br\u00f3d nich prym wiedzie francuski szyk, kt\u00f3ry jest kobiecy, ponadczasowo modny i stosunkowo \u0142atwy do zaadaptowania. Poznaj 10 wskaz\u00f3wek, dzi\u0119ki kt\u00f3rym styl pary\u017canek zago\u015bci w Twojej garderobie, a Ty b\u0119dziesz \u015bwietnie wygl\u0105da\u0107! Styl paryski \u2013 moda dla kobiet z klas\u0105 Pary\u017c to [&hellip;]<\/p>\n","protected":false},"author":14,"featured_media":10842,"comment_status":"closed","ping_status":"open","sticky":false,"template":"","format":"standard","meta":{"_acf_changed":false,"site-sidebar-layout":"default","site-content-layout":"","ast-site-content-layout":"default","site-content-style":"default","site-sidebar-style":"default","ast-global-header-display":"","ast-banner-title-visibility":"","ast-main-header-display":"","ast-hfb-above-header-display":"","ast-hfb-below-header-display":"","ast-hfb-mobile-header-display":"","site-post-title":"","ast-breadcrumbs-content":"","ast-featured-img":"","footer-sml-layout":"","theme-transparent-header-meta":"","adv-header-id-meta":"","stick-header-meta":"","header-above-stick-meta":"","header-main-stick-meta":"","header-below-stick-meta":"","astra-migrate-meta-layouts":"set","ast-page-background-enabled":"default","ast-page-background-meta":{"desktop":{"background-color":"","background-image":"","background-repeat":"repeat","background-position":"center center","background-size":"auto","background-attachment":"scroll","background-type":"","background-media":"","overlay-type":"","overlay-color":"","overlay-opacity":"","overlay-gradient":""},"tablet":{"background-color":"","background-image":"","background-repeat":"repeat","background-position":"center center","background-size":"auto","background-attachment":"scroll","background-type":"","background-media":"","overlay-type":"","overlay-color":"","overlay-opacity":"","overlay-gradient":""},"mobile":{"background-color":"","background-image":"","background-repeat":"repeat","background-position":"center center","background-size":"auto","background-attachment":"scroll","background-type":"","background-media":"","overlay-type":"","overlay-color":"","overlay-opacity":"","overlay-gradient":""}},"ast-content-background-meta":{"desktop":{"background-color":"var(--ast-global-color-5)","background-image":"","background-repeat":"repeat","background-position":"center center","background-size":"auto","background-attachment":"scroll","background-type":"","background-media":"","overlay-type":"","overlay-color":"","overlay-opacity":"","overlay-gradient":""},"tablet":{"background-color":"var(--ast-global-color-5)","background-image":"","background-repeat":"repeat","background-position":"center center","background-size":"auto","background-attachment":"scroll","background-type":"","background-media":"","overlay-type":"","overlay-color":"","overlay-opacity":"","overlay-gradient":""},"mobile":{"background-color":"var(--ast-global-color-5)","background-image":"","background-repeat":"repeat","background-position":"center center","background-size":"auto","background-attachment":"scroll","background-type":"","background-media":"","overlay-type":"","overlay-color":"","overlay-opacity":"","overlay-gradient":""}},"footnotes":""},"categories":[10,14],"tags":[],"class_list":["post-10823","post","type-post","status-publish","format-standard","has-post-thumbnail","hentry","category-porady-stylistki","category-wszystkie-wpisy"],"acf":[],"yoast_head":"<!-- This site is optimized with the Yoast SEO plugin v27.4 - https:\/\/yoast.com\/product\/yoast-seo-wordpress\/ -->\n<title>Paryski szyk \u2013 jak stworzy\u0107 typowo francuski look? - Bialcon<\/title>\n<meta name=\"description\" content=\"W modzie skarbnic\u0105 inspiracji s\u0105 r\u00f3\u017cne style ubioru uto\u017csamiane z konkretnymi cz\u0119\u015bciami \u015bwiata.\" \/>\n<meta name=\"robots\" content=\"index, follow, max-snippet:-1, max-image-preview:large, max-video-preview:-1\" \/>\n<link rel=\"canonical\" href=\"https:\/\/bialcon.pl\/blog\/paryski-szyk\/\" \/>\n<meta name=\"twitter:label1\" content=\"Napisane przez\" \/>\n\t<meta name=\"twitter:data1\" content=\"Daria Woszczaty\u0144ska-Przybylska\" \/>\n\t<meta name=\"twitter:label2\" content=\"Szacowany czas czytania\" \/>\n\t<meta name=\"twitter:data2\" content=\"9 minut\" \/>\n<script type=\"application\/ld+json\" class=\"yoast-schema-graph\">{\"@context\":\"https:\\\/\\\/schema.org\",\"@graph\":[{\"@type\":\"Article\",\"@id\":\"https:\\\/\\\/bialcon.pl\\\/blog\\\/paryski-szyk\\\/#article\",\"isPartOf\":{\"@id\":\"https:\\\/\\\/bialcon.pl\\\/blog\\\/paryski-szyk\\\/\"},\"author\":{\"name\":\"Daria Woszczaty\u0144ska-Przybylska\",\"@id\":\"https:\\\/\\\/bialcon.pl\\\/blog\\\/#\\\/schema\\\/person\\\/ba17cc8b0900b2a06eecf843eb117760\"},\"headline\":\"Paryski szyk \u2013 jak stworzy\u0107 typowo francuski look?\",\"datePublished\":\"2025-05-15T08:00:00+00:00\",\"dateModified\":\"2026-04-28T10:12:26+00:00\",\"mainEntityOfPage\":{\"@id\":\"https:\\\/\\\/bialcon.pl\\\/blog\\\/paryski-szyk\\\/\"},\"wordCount\":1634,\"image\":{\"@id\":\"https:\\\/\\\/bialcon.pl\\\/blog\\\/paryski-szyk\\\/#primaryimage\"},\"thumbnailUrl\":\"https:\\\/\\\/bialcon.pl\\\/blog\\\/wp-content\\\/uploads\\\/2025\\\/05\\\/Projekt-bez-nazwy-35.png\",\"articleSection\":[\"Porady Stylistki\",\"Wszystkie wpisy\"],\"inLanguage\":\"pl-PL\"},{\"@type\":\"WebPage\",\"@id\":\"https:\\\/\\\/bialcon.pl\\\/blog\\\/paryski-szyk\\\/\",\"url\":\"https:\\\/\\\/bialcon.pl\\\/blog\\\/paryski-szyk\\\/\",\"name\":\"Paryski szyk \u2013 jak stworzy\u0107 typowo francuski look? - Bialcon\",\"isPartOf\":{\"@id\":\"https:\\\/\\\/bialcon.pl\\\/blog\\\/#website\"},\"primaryImageOfPage\":{\"@id\":\"https:\\\/\\\/bialcon.pl\\\/blog\\\/paryski-szyk\\\/#primaryimage\"},\"image\":{\"@id\":\"https:\\\/\\\/bialcon.pl\\\/blog\\\/paryski-szyk\\\/#primaryimage\"},\"thumbnailUrl\":\"https:\\\/\\\/bialcon.pl\\\/blog\\\/wp-content\\\/uploads\\\/2025\\\/05\\\/Projekt-bez-nazwy-35.png\",\"datePublished\":\"2025-05-15T08:00:00+00:00\",\"dateModified\":\"2026-04-28T10:12:26+00:00\",\"author\":{\"@id\":\"https:\\\/\\\/bialcon.pl\\\/blog\\\/#\\\/schema\\\/person\\\/ba17cc8b0900b2a06eecf843eb117760\"},\"description\":\"W modzie skarbnic\u0105 inspiracji s\u0105 r\u00f3\u017cne style ubioru uto\u017csamiane z konkretnymi cz\u0119\u015bciami \u015bwiata.\",\"breadcrumb\":{\"@id\":\"https:\\\/\\\/bialcon.pl\\\/blog\\\/paryski-szyk\\\/#breadcrumb\"},\"inLanguage\":\"pl-PL\",\"potentialAction\":[{\"@type\":\"ReadAction\",\"target\":[\"https:\\\/\\\/bialcon.pl\\\/blog\\\/paryski-szyk\\\/\"]}]},{\"@type\":\"ImageObject\",\"inLanguage\":\"pl-PL\",\"@id\":\"https:\\\/\\\/bialcon.pl\\\/blog\\\/paryski-szyk\\\/#primaryimage\",\"url\":\"https:\\\/\\\/bialcon.pl\\\/blog\\\/wp-content\\\/uploads\\\/2025\\\/05\\\/Projekt-bez-nazwy-35.png\",\"contentUrl\":\"https:\\\/\\\/bialcon.pl\\\/blog\\\/wp-content\\\/uploads\\\/2025\\\/05\\\/Projekt-bez-nazwy-35.png\",\"width\":960,\"height\":850,\"caption\":\"Wizualizacja kobiety w czarnej dopasowanej sukience midi z kr\u00f3tkim r\u0119kawem, z ozdobn\u0105 jedwabn\u0105 apaszk\u0105 pod szyj\u0105\"},{\"@type\":\"BreadcrumbList\",\"@id\":\"https:\\\/\\\/bialcon.pl\\\/blog\\\/paryski-szyk\\\/#breadcrumb\",\"itemListElement\":[{\"@type\":\"ListItem\",\"position\":1,\"name\":\"Strona g\u0142\u00f3wna\",\"item\":\"https:\\\/\\\/bialcon.pl\\\/blog\\\/\"},{\"@type\":\"ListItem\",\"position\":2,\"name\":\"Porady Stylistki\",\"item\":\"https:\\\/\\\/bialcon.pl\\\/blog\\\/porady-stylistki\\\/\"},{\"@type\":\"ListItem\",\"position\":3,\"name\":\"Paryski szyk \u2013 jak stworzy\u0107 typowo francuski look?\"}]},{\"@type\":\"WebSite\",\"@id\":\"https:\\\/\\\/bialcon.pl\\\/blog\\\/#website\",\"url\":\"https:\\\/\\\/bialcon.pl\\\/blog\\\/\",\"name\":\"bialcon.pl\\\/blog\\\/\",\"description\":\"Fashion Blog w zasi\u0119gu Twojej r\u0119ki\",\"potentialAction\":[{\"@type\":\"SearchAction\",\"target\":{\"@type\":\"EntryPoint\",\"urlTemplate\":\"https:\\\/\\\/bialcon.pl\\\/blog\\\/?s={search_term_string}\"},\"query-input\":{\"@type\":\"PropertyValueSpecification\",\"valueRequired\":true,\"valueName\":\"search_term_string\"}}],\"inLanguage\":\"pl-PL\"},{\"@type\":\"Person\",\"@id\":\"https:\\\/\\\/bialcon.pl\\\/blog\\\/#\\\/schema\\\/person\\\/ba17cc8b0900b2a06eecf843eb117760\",\"name\":\"Daria Woszczaty\u0144ska-Przybylska\",\"image\":{\"@type\":\"ImageObject\",\"inLanguage\":\"pl-PL\",\"@id\":\"https:\\\/\\\/secure.gravatar.com\\\/avatar\\\/624792ad5428294ab99ef3d7d452e28d140144dac597c3725127e5d3ea759f0b?s=96&d=mm&r=g\",\"url\":\"https:\\\/\\\/secure.gravatar.com\\\/avatar\\\/624792ad5428294ab99ef3d7d452e28d140144dac597c3725127e5d3ea759f0b?s=96&d=mm&r=g\",\"contentUrl\":\"https:\\\/\\\/secure.gravatar.com\\\/avatar\\\/624792ad5428294ab99ef3d7d452e28d140144dac597c3725127e5d3ea759f0b?s=96&d=mm&r=g\",\"caption\":\"Daria Woszczaty\u0144ska-Przybylska\"},\"description\":\"Autorka tre\u015bci o modzie, copywriterka i content writerka, z wykszta\u0142cenia projektantka ubioru. Zajmuje si\u0119 analiz\u0105 przemian w modzie oraz przyst\u0119pnym wyja\u015bnianiem trend\u00f3w, pomagaj\u0105c odbiorcom \u015bwiadomie budowa\u0107 w\u0142asny styl. Interesuje j\u0105 kreowanie osobistego stylu, ilustracja modowa oraz ubi\u00f3r traktowany jako forma sztuki. Jej najnowsze teksty o modzie znajdziesz na blogu Bialcon.\",\"sameAs\":[\"https:\\\/\\\/www.facebook.com\\\/daria.woszczatynska\\\/\"],\"url\":\"https:\\\/\\\/bialcon.pl\\\/blog\\\/author\\\/daria-woszczatynska-przybylska\\\/\"}]}<\/script>\n<!-- \/ Yoast SEO plugin. -->","yoast_head_json":{"title":"Paryski szyk \u2013 jak stworzy\u0107 typowo francuski look? - Bialcon","description":"W modzie skarbnic\u0105 inspiracji s\u0105 r\u00f3\u017cne style ubioru uto\u017csamiane z konkretnymi cz\u0119\u015bciami \u015bwiata.","robots":{"index":"index","follow":"follow","max-snippet":"max-snippet:-1","max-image-preview":"max-image-preview:large","max-video-preview":"max-video-preview:-1"},"canonical":"https:\/\/bialcon.pl\/blog\/paryski-szyk\/","twitter_misc":{"Napisane przez":"Daria Woszczaty\u0144ska-Przybylska","Szacowany czas czytania":"9 minut"},"schema":{"@context":"https:\/\/schema.org","@graph":[{"@type":"Article","@id":"https:\/\/bialcon.pl\/blog\/paryski-szyk\/#article","isPartOf":{"@id":"https:\/\/bialcon.pl\/blog\/paryski-szyk\/"},"author":{"name":"Daria Woszczaty\u0144ska-Przybylska","@id":"https:\/\/bialcon.pl\/blog\/#\/schema\/person\/ba17cc8b0900b2a06eecf843eb117760"},"headline":"Paryski szyk \u2013 jak stworzy\u0107 typowo francuski look?","datePublished":"2025-05-15T08:00:00+00:00","dateModified":"2026-04-28T10:12:26+00:00","mainEntityOfPage":{"@id":"https:\/\/bialcon.pl\/blog\/paryski-szyk\/"},"wordCount":1634,"image":{"@id":"https:\/\/bialcon.pl\/blog\/paryski-szyk\/#primaryimage"},"thumbnailUrl":"https:\/\/bialcon.pl\/blog\/wp-content\/uploads\/2025\/05\/Projekt-bez-nazwy-35.png","articleSection":["Porady Stylistki","Wszystkie wpisy"],"inLanguage":"pl-PL"},{"@type":"WebPage","@id":"https:\/\/bialcon.pl\/blog\/paryski-szyk\/","url":"https:\/\/bialcon.pl\/blog\/paryski-szyk\/","name":"Paryski szyk \u2013 jak stworzy\u0107 typowo francuski look? - Bialcon","isPartOf":{"@id":"https:\/\/bialcon.pl\/blog\/#website"},"primaryImageOfPage":{"@id":"https:\/\/bialcon.pl\/blog\/paryski-szyk\/#primaryimage"},"image":{"@id":"https:\/\/bialcon.pl\/blog\/paryski-szyk\/#primaryimage"},"thumbnailUrl":"https:\/\/bialcon.pl\/blog\/wp-content\/uploads\/2025\/05\/Projekt-bez-nazwy-35.png","datePublished":"2025-05-15T08:00:00+00:00","dateModified":"2026-04-28T10:12:26+00:00","author":{"@id":"https:\/\/bialcon.pl\/blog\/#\/schema\/person\/ba17cc8b0900b2a06eecf843eb117760"},"description":"W modzie skarbnic\u0105 inspiracji s\u0105 r\u00f3\u017cne style ubioru uto\u017csamiane z konkretnymi cz\u0119\u015bciami \u015bwiata.","breadcrumb":{"@id":"https:\/\/bialcon.pl\/blog\/paryski-szyk\/#breadcrumb"},"inLanguage":"pl-PL","potentialAction":[{"@type":"ReadAction","target":["https:\/\/bialcon.pl\/blog\/paryski-szyk\/"]}]},{"@type":"ImageObject","inLanguage":"pl-PL","@id":"https:\/\/bialcon.pl\/blog\/paryski-szyk\/#primaryimage","url":"https:\/\/bialcon.pl\/blog\/wp-content\/uploads\/2025\/05\/Projekt-bez-nazwy-35.png","contentUrl":"https:\/\/bialcon.pl\/blog\/wp-content\/uploads\/2025\/05\/Projekt-bez-nazwy-35.png","width":960,"height":850,"caption":"Wizualizacja kobiety w czarnej dopasowanej sukience midi z kr\u00f3tkim r\u0119kawem, z ozdobn\u0105 jedwabn\u0105 apaszk\u0105 pod szyj\u0105"},{"@type":"BreadcrumbList","@id":"https:\/\/bialcon.pl\/blog\/paryski-szyk\/#breadcrumb","itemListElement":[{"@type":"ListItem","position":1,"name":"Strona g\u0142\u00f3wna","item":"https:\/\/bialcon.pl\/blog\/"},{"@type":"ListItem","position":2,"name":"Porady Stylistki","item":"https:\/\/bialcon.pl\/blog\/porady-stylistki\/"},{"@type":"ListItem","position":3,"name":"Paryski szyk \u2013 jak stworzy\u0107 typowo francuski look?"}]},{"@type":"WebSite","@id":"https:\/\/bialcon.pl\/blog\/#website","url":"https:\/\/bialcon.pl\/blog\/","name":"bialcon.pl\/blog\/","description":"Fashion Blog w zasi\u0119gu Twojej r\u0119ki","potentialAction":[{"@type":"SearchAction","target":{"@type":"EntryPoint","urlTemplate":"https:\/\/bialcon.pl\/blog\/?s={search_term_string}"},"query-input":{"@type":"PropertyValueSpecification","valueRequired":true,"valueName":"search_term_string"}}],"inLanguage":"pl-PL"},{"@type":"Person","@id":"https:\/\/bialcon.pl\/blog\/#\/schema\/person\/ba17cc8b0900b2a06eecf843eb117760","name":"Daria Woszczaty\u0144ska-Przybylska","image":{"@type":"ImageObject","inLanguage":"pl-PL","@id":"https:\/\/secure.gravatar.com\/avatar\/624792ad5428294ab99ef3d7d452e28d140144dac597c3725127e5d3ea759f0b?s=96&d=mm&r=g","url":"https:\/\/secure.gravatar.com\/avatar\/624792ad5428294ab99ef3d7d452e28d140144dac597c3725127e5d3ea759f0b?s=96&d=mm&r=g","contentUrl":"https:\/\/secure.gravatar.com\/avatar\/624792ad5428294ab99ef3d7d452e28d140144dac597c3725127e5d3ea759f0b?s=96&d=mm&r=g","caption":"Daria Woszczaty\u0144ska-Przybylska"},"description":"Autorka tre\u015bci o modzie, copywriterka i content writerka, z wykszta\u0142cenia projektantka ubioru. Zajmuje si\u0119 analiz\u0105 przemian w modzie oraz przyst\u0119pnym wyja\u015bnianiem trend\u00f3w, pomagaj\u0105c odbiorcom \u015bwiadomie budowa\u0107 w\u0142asny styl. Interesuje j\u0105 kreowanie osobistego stylu, ilustracja modowa oraz ubi\u00f3r traktowany jako forma sztuki. Jej najnowsze teksty o modzie znajdziesz na blogu Bialcon.","sameAs":["https:\/\/www.facebook.com\/daria.woszczatynska\/"],"url":"https:\/\/bialcon.pl\/blog\/author\/daria-woszczatynska-przybylska\/"}]}},"_links":{"self":[{"href":"https:\/\/bialcon.pl\/blog\/wp-json\/wp\/v2\/posts\/10823","targetHints":{"allow":["GET"]}}],"collection":[{"href":"https:\/\/bialcon.pl\/blog\/wp-json\/wp\/v2\/posts"}],"about":[{"href":"https:\/\/bialcon.pl\/blog\/wp-json\/wp\/v2\/types\/post"}],"author":[{"embeddable":true,"href":"https:\/\/bialcon.pl\/blog\/wp-json\/wp\/v2\/users\/14"}],"replies":[{"embeddable":true,"href":"https:\/\/bialcon.pl\/blog\/wp-json\/wp\/v2\/comments?post=10823"}],"version-history":[{"count":6,"href":"https:\/\/bialcon.pl\/blog\/wp-json\/wp\/v2\/posts\/10823\/revisions"}],"predecessor-version":[{"id":12917,"href":"https:\/\/bialcon.pl\/blog\/wp-json\/wp\/v2\/posts\/10823\/revisions\/12917"}],"wp:featuredmedia":[{"embeddable":true,"href":"https:\/\/bialcon.pl\/blog\/wp-json\/wp\/v2\/media\/10842"}],"wp:attachment":[{"href":"https:\/\/bialcon.pl\/blog\/wp-json\/wp\/v2\/media?parent=10823"}],"wp:term":[{"taxonomy":"category","embeddable":true,"href":"https:\/\/bialcon.pl\/blog\/wp-json\/wp\/v2\/categories?post=10823"},{"taxonomy":"post_tag","embeddable":true,"href":"https:\/\/bialcon.pl\/blog\/wp-json\/wp\/v2\/tags?post=10823"}],"curies":[{"name":"wp","href":"https:\/\/api.w.org\/{rel}","templated":true}]}}