{"id":10723,"date":"2025-04-10T10:00:00","date_gmt":"2025-04-10T08:00:00","guid":{"rendered":"https:\/\/bialcon.pl\/blog\/?p=10723"},"modified":"2025-11-24T13:11:51","modified_gmt":"2025-11-24T12:11:51","slug":"szafa-kapsulowa","status":"publish","type":"post","link":"https:\/\/bialcon.pl\/blog\/szafa-kapsulowa\/","title":{"rendered":"Szafa kapsu\u0142owa: Przewodnik po minimalistycznej garderobie dla ka\u017cdego"},"content":{"rendered":"<div id=\"ez-toc-container\" class=\"ez-toc-v2_0_82_2 counter-hierarchy ez-toc-counter ez-toc-custom ez-toc-container-direction\">\n<div class=\"ez-toc-title-container\"><p class=\"ez-toc-title\" style=\"cursor:inherit\">Spis Tre\u015bci<\/p>\n<\/div><nav><ul class='ez-toc-list ez-toc-list-level-1 ' ><li class='ez-toc-page-1 ez-toc-heading-level-2'><a class=\"ez-toc-link ez-toc-heading-1\" href=\"https:\/\/bialcon.pl\/blog\/szafa-kapsulowa\/#Co_to_jest_szafa_kapsulowa\" >Co to jest szafa kapsu\u0142owa?<\/a><\/li><li class='ez-toc-page-1 ez-toc-heading-level-2'><a class=\"ez-toc-link ez-toc-heading-2\" href=\"https:\/\/bialcon.pl\/blog\/szafa-kapsulowa\/#Zalety_posiadania_garderoby_kapsulowej\" >Zalety posiadania garderoby kapsu\u0142owej<\/a><\/li><li class='ez-toc-page-1 ez-toc-heading-level-2'><a class=\"ez-toc-link ez-toc-heading-3\" href=\"https:\/\/bialcon.pl\/blog\/szafa-kapsulowa\/#Jak_stworzyc_swoja_szafe_kapsulowa\" >Jak stworzy\u0107 swoj\u0105 szaf\u0119 kapsu\u0142ow\u0105?<\/a><\/li><li class='ez-toc-page-1 ez-toc-heading-level-2'><a class=\"ez-toc-link ez-toc-heading-4\" href=\"https:\/\/bialcon.pl\/blog\/szafa-kapsulowa\/#Podstawy_garderoby_minimalistki\" >Podstawy garderoby minimalistki<\/a><\/li><li class='ez-toc-page-1 ez-toc-heading-level-2'><a class=\"ez-toc-link ez-toc-heading-5\" href=\"https:\/\/bialcon.pl\/blog\/szafa-kapsulowa\/#Ile_rzeczy_w_szafie_kapsulowej\" >Ile rzeczy w szafie kapsu\u0142owej?<\/a><\/li><li class='ez-toc-page-1 ez-toc-heading-level-2'><a class=\"ez-toc-link ez-toc-heading-6\" href=\"https:\/\/bialcon.pl\/blog\/szafa-kapsulowa\/#Rodzaje_kapsul_w_szafie\" >Rodzaje kapsu\u0142 w szafie<\/a><\/li><li class='ez-toc-page-1 ez-toc-heading-level-2'><a class=\"ez-toc-link ez-toc-heading-7\" href=\"https:\/\/bialcon.pl\/blog\/szafa-kapsulowa\/#Szafa_kapsulowa_na_co_dzien_vs_do_pracy\" >Szafa kapsu\u0142owa na co dzie\u0144 vs do pracy<\/a><\/li><li class='ez-toc-page-1 ez-toc-heading-level-2'><a class=\"ez-toc-link ez-toc-heading-8\" href=\"https:\/\/bialcon.pl\/blog\/szafa-kapsulowa\/#Wskazowki_dla_poczatkujacych\" >Wskaz\u00f3wki dla pocz\u0105tkuj\u0105cych<\/a><\/li><li class='ez-toc-page-1 ez-toc-heading-level-2'><a class=\"ez-toc-link ez-toc-heading-9\" href=\"https:\/\/bialcon.pl\/blog\/szafa-kapsulowa\/#Optymalizacja_szafy_kapsulowej\" >Optymalizacja szafy kapsu\u0142owej<\/a><\/li><li class='ez-toc-page-1 ez-toc-heading-level-2'><a class=\"ez-toc-link ez-toc-heading-10\" href=\"https:\/\/bialcon.pl\/blog\/szafa-kapsulowa\/#Szafa_kapsulowa_a_osobisty_styl\" >Szafa kapsu\u0142owa a osobisty styl<\/a><\/li><\/ul><\/nav><\/div>\n\n<h2 class=\"wp-block-heading\"><span class=\"ez-toc-section\" id=\"Co_to_jest_szafa_kapsulowa\"><\/span>Co to jest szafa kapsu\u0142owa?<span class=\"ez-toc-section-end\"><\/span><\/h2>\n\n\n\n<p>Szafa kapsu\u0142owa to koncepcja budowania garderoby w spos\u00f3b \u015bwiadomy i funkcjonalny. Szafa powinna zawiera\u0107 kilkuna\u015bcie uniwersalnych element\u00f3w, kt\u00f3re mo\u017cna dowolnie \u0142\u0105czy\u0107. Jej celem jest maksymalne wykorzystanie ka\u017cdego ubrania i dodatku, eliminacja przypadkowych zakup\u00f3w oraz uproszczenie codziennego wyboru stylizacji. Dzi\u0119ki temu zamiast przepe\u0142nionej szafy pe\u0142nej niepasuj\u0105cych rzeczy, mamy starannie dobran\u0105 kolekcj\u0119, kt\u00f3ra sprawdza si\u0119 w r\u00f3\u017cnych sytuacjach, a cz\u0119sto pojawiaj\u0105cy si\u0119 problem \u2013 \u201eNie mam si\u0119 w co ubra\u0107\u201d znika raz na zawsze.<\/p>\n\n\n\n<p>Poj\u0119cie \u201ecapsule wardrobe\u201d stworzy\u0142a w latach 70. XX wieku Susie Faux, w\u0142a\u015bcicielka butiku Wardrobe. Zauwa\u017cy\u0142a, \u017ce wiele os\u00f3b kupuje ubrania impulsywnie, przez co ich garderoby s\u0105 chaotyczne i niepraktyczne. Jej idea minimalizmu w modzie opiera\u0142a si\u0119 na klasycznych fasonach i wysokiej jako\u015bci materia\u0142ach, co pozwala\u0142o na tworzenie sp\u00f3jnych stylizacji bez potrzeby ci\u0105g\u0142ego kupowania nowych ubra\u0144. Koncept ten rozwin\u0119\u0142a w latach 80. ameryka\u0144ska projektantka, Donna Karan, prezentuj\u0105c kolekcj\u0119 \u201eSeven Easy Pieces\u201d \u2013 zestaw ubra\u0144, kt\u00f3ry mia\u0142 zaspokoi\u0107 wszystkie modowe potrzeby wsp\u00f3\u0142czesnej kobiety.<\/p>\n\n\n\n<p>Dzi\u015b szafa kapsu\u0142owa to nie tylko spos\u00f3b na uporz\u0105dkowanie stylu, ale tak\u017ce \u015bwiadome podej\u015bcie do mody i ekologii. Stawiaj\u0105c na ponadczasowe fasony zamiast sezonowych trend\u00f3w, ograniczamy konsumpcj\u0119 i redukujemy ilo\u015b\u0107 odpad\u00f3w tekstylnych. To rozwi\u0105zanie dla os\u00f3b, kt\u00f3re ceni\u0105 prostot\u0119, funkcjonalno\u015b\u0107 i odpowiedzialne zakupy, a jednocze\u015bnie chc\u0105 wygl\u0105da\u0107 stylowo bez nadmiaru rzeczy w szafie.<\/p>\n\n\n\r\n<div class=\"product-block-container swiper mySwiperProductBlock\">\r\n    <div class=\"product-block-swiper swiper-wrapper\">\r\n                    <div class=\"swiper-slide product-block-item\" data-id=\"147415\">\r\n                <a href=\"https:\/\/bialcon.pl\/oliwkowe-spodnie-z-szeroka-nogawka?utm_source=blog&utm_medium=wyprzedaz&utm_campaign=100425\" class=\"product-block-url\" target=\"_blank\">\r\n                    <div class=\"product-block-image\">\r\n                        <img decoding=\"async\" width=\"300\" height=\"400\" src=\"https:\/\/bialcon.pl\/picture\/oliwkowe-spodnie-z-szeroka-nogawka_4.jpg\" alt=\"Oliwkowe spodnie z szerok\u0105 nogawk\u0105\">\r\n                    <\/div>\r\n                    <div class=\"product-block-name\">\r\n                        <p>Oliwkowe spodnie z szerok\u0105 nogawk\u0105<\/p>\r\n                    <\/div>\r\n                <\/a>\r\n            <\/div>\r\n                    <div class=\"swiper-slide product-block-item\" data-id=\"145710\">\r\n                <a href=\"https:\/\/bialcon.pl\/dlugie-bezowe-spodnie-z-lekkiej-tkaniny-wiskozowej?utm_source=blog&utm_medium=wyprzedaz&utm_campaign=100425\" class=\"product-block-url\" target=\"_blank\">\r\n                    <div class=\"product-block-image\">\r\n                        <img decoding=\"async\" width=\"300\" height=\"400\" src=\"https:\/\/bialcon.pl\/picture\/dlugie-bezowe-spodnie-z-lekkiej-tkaniny-wiskozowej_1.jpg\" alt=\"D\u0142ugie be\u017cowe spodnie z lekkiej tkaniny wiskozowej\">\r\n                    <\/div>\r\n                    <div class=\"product-block-name\">\r\n                        <p>D\u0142ugie be\u017cowe spodnie z lekkiej tkaniny wiskozowej<\/p>\r\n                    <\/div>\r\n                <\/a>\r\n            <\/div>\r\n                    <div class=\"swiper-slide product-block-item\" data-id=\"145668\">\r\n                <a href=\"https:\/\/bialcon.pl\/szerokie-eleganckie-spodnie-w-kant-z-bezowej-wiskozy?utm_source=blog&utm_medium=wyprzedaz&utm_campaign=100425\" class=\"product-block-url\" target=\"_blank\">\r\n                    <div class=\"product-block-image\">\r\n                        <img decoding=\"async\" width=\"300\" height=\"400\" src=\"https:\/\/bialcon.pl\/picture\/szerokie-eleganckie-spodnie-w-kant-z-bezowej-wiskozy_1.jpg\" alt=\"Szerokie eleganckie spodnie w kant z be\u017cowej wiskozy\">\r\n                    <\/div>\r\n                    <div class=\"product-block-name\">\r\n                        <p>Szerokie eleganckie spodnie w kant z be\u017cowej wiskozy<\/p>\r\n                    <\/div>\r\n                <\/a>\r\n            <\/div>\r\n            <\/div>\r\n<\/div>\r\n\n\n\n\n<h2 class=\"wp-block-heading\"><span class=\"ez-toc-section\" id=\"Zalety_posiadania_garderoby_kapsulowej\"><\/span>Zalety posiadania garderoby kapsu\u0142owej<span class=\"ez-toc-section-end\"><\/span><\/h2>\n\n\n\n<p>Szafa kapsu\u0142owa to doskona\u0142e rozwi\u0105zanie dla os\u00f3b, kt\u00f3re chc\u0105 zaoszcz\u0119dzi\u0107 czas i unikn\u0105\u0107 porannego stresu zwi\u0105zanego z wyborem stylizacji. Dzi\u0119ki starannie dobranym elementom, kt\u00f3re wzajemnie si\u0119 uzupe\u0142niaj\u0105, dzi\u0119ki temu ka\u017cda stylizacja wygl\u0105da dobrze. Zamiast sp\u0119dza\u0107 d\u0142ugie chwile przed szaf\u0105, masz pewno\u015b\u0107, \u017ce ka\u017cda rzecz pasuje do reszty garderoby, a stworzenie eleganckiego lub casualowego zestawu zajmuje zaledwie kilka minut.<\/p>\n\n\n\n<p>Kolejn\u0105 zalet\u0105 jest perfekcyjne dopasowanie ubra\u0144 do sylwetki. W kapsu\u0142owej szafie liczy si\u0119 jako\u015b\u0107, a nie ilo\u015b\u0107, dlatego ka\u017cdy element garderoby jest dobrze skrojony, wygodny i podkre\u015bla atuty figury. Zamiast przypadkowych, niepasuj\u0105cych ubra\u0144, masz zestaw sprawdzonych fason\u00f3w, kt\u00f3re zawsze prezentuj\u0105 si\u0119 dobrze. Ograniczona liczba rzeczy sprawia te\u017c, \u017ce ka\u017cda stylizacja jest intuicyjna \u2013 zamiast eksperymentowa\u0107 z przypadkowymi trendami, bazujesz na sprawdzonych krojach i kolorach, kt\u00f3re harmonijnie ze sob\u0105 wsp\u00f3\u0142graj\u0105.<\/p>\n\n\n\n<p>Oszcz\u0119dno\u015b\u0107 to kolejny argument przemawiaj\u0105cy za kapsu\u0142ow\u0105 garderob\u0105. Inwestuj\u0105c w ponadczasowe i wysokiej jako\u015bci ubrania, unikasz impulsywnych zakup\u00f3w i wydawania pieni\u0119dzy na chwilowe trendy. Mniejsza liczba ubra\u0144 oznacza r\u00f3wnie\u017c mniej wydatk\u00f3w na ich przechowywanie, pranie i konserwacj\u0119. To rozwi\u0105zanie nie tylko korzystne dla portfela, ale tak\u017ce dla \u015brodowiska \u2013 ograniczenie nadprodukcji odzie\u017cy i \u015bwiadome zakupy to krok w stron\u0119 bardziej zr\u00f3wnowa\u017conego stylu \u017cycia.<\/p>\n\n\n\r\n<div class=\"product-block-container swiper mySwiperProductBlock\">\r\n    <div class=\"product-block-swiper swiper-wrapper\">\r\n                    <div class=\"swiper-slide product-block-item\" data-id=\"147623\">\r\n                <a href=\"https:\/\/bialcon.pl\/kopertowa-dzianinowa-bluzka-z-marszczeniem?utm_source=blog&utm_medium=wyprzedaz&utm_campaign=100425\" class=\"product-block-url\" target=\"_blank\">\r\n                    <div class=\"product-block-image\">\r\n                        <img decoding=\"async\" width=\"300\" height=\"400\" src=\"https:\/\/bialcon.pl\/picture\/kopertowa-dzianinowa-bluzka-z-marszczeniem_1.jpg\" alt=\"Kopertowa dzianinowa bluzka z marszczeniem\">\r\n                    <\/div>\r\n                    <div class=\"product-block-name\">\r\n                        <p>Kopertowa dzianinowa bluzka z marszczeniem<\/p>\r\n                    <\/div>\r\n                <\/a>\r\n            <\/div>\r\n                    <div class=\"swiper-slide product-block-item\" data-id=\"147536\">\r\n                <a href=\"https:\/\/bialcon.pl\/dzianinowa-bluzka-ecru-z-kobiecym-dekoltem-woda?utm_source=blog&utm_medium=wyprzedaz&utm_campaign=100425\" class=\"product-block-url\" target=\"_blank\">\r\n                    <div class=\"product-block-image\">\r\n                        <img decoding=\"async\" width=\"300\" height=\"400\" src=\"https:\/\/bialcon.pl\/picture\/dzianinowa-bluzka-ecru-z-kobiecym-dekoltem-woda_1.jpg\" alt=\"Dzianinowa bluzka ecru z kobiecym dekoltem woda\">\r\n                    <\/div>\r\n                    <div class=\"product-block-name\">\r\n                        <p>Dzianinowa bluzka ecru z kobiecym dekoltem woda<\/p>\r\n                    <\/div>\r\n                <\/a>\r\n            <\/div>\r\n                    <div class=\"swiper-slide product-block-item\" data-id=\"147780\">\r\n                <a href=\"https:\/\/bialcon.pl\/bawelniana-bluzka-z-nadrukiem-abstrakcyjnego-kwiatu?utm_source=blog&utm_medium=wyprzedaz&utm_campaign=100425\" class=\"product-block-url\" target=\"_blank\">\r\n                    <div class=\"product-block-image\">\r\n                        <img decoding=\"async\" width=\"300\" height=\"400\" src=\"https:\/\/bialcon.pl\/picture\/bawelniana-bluzka-z-nadrukiem-abstrakcyjnego-kwiatu.jpg\" alt=\"Bawe\u0142niana bluzka z nadrukiem abstrakcyjnego kwiatu\">\r\n                    <\/div>\r\n                    <div class=\"product-block-name\">\r\n                        <p>Bawe\u0142niana bluzka z nadrukiem abstrakcyjnego kwiatu<\/p>\r\n                    <\/div>\r\n                <\/a>\r\n            <\/div>\r\n            <\/div>\r\n<\/div>\r\n\n\n\n\n<h2 class=\"wp-block-heading\"><span class=\"ez-toc-section\" id=\"Jak_stworzyc_swoja_szafe_kapsulowa\"><\/span>Jak stworzy\u0107 swoj\u0105 szaf\u0119 kapsu\u0142ow\u0105?<span class=\"ez-toc-section-end\"><\/span><\/h2>\n\n\n\n<p>Budowanie szafy kapsu\u0142owej to proces, kt\u00f3ry wymaga przemy\u015blanego podej\u015bcia, konsekwencji i cierpliwo\u015bci. Kluczowe jest staranne dobranie ubra\u0144 i dodatk\u00f3w tak, aby idealnie pasowa\u0142y do sylwetki i mog\u0142y by\u0107 \u0142atwo \u0142\u0105czone w r\u00f3\u017cne stylizacje. To nie tylko kwestia ograniczenia liczby ubra\u0144, ale przede wszystkim \u015bwiadomego wyboru tych, kt\u00f3re s\u0105 funkcjonalne, dobrze skrojone i wykonane z wysokiej jako\u015bci materia\u0142\u00f3w. Szafa kapsu\u0142owa powinna by\u0107 sp\u00f3jna zar\u00f3wno pod wzgl\u0119dem kolorystyki, jak i stylu, aby ka\u017cda rzecz mia\u0142a swoje miejsce i zastosowanie.<\/p>\n\n\n\n<p>Pierwszym krokiem do stworzenia kapsu\u0142owej garderoby jest dok\u0142adny przegl\u0105d aktualnej zawarto\u015bci szafy. Warto po\u015bwi\u0119ci\u0107 czas na ocen\u0119, kt\u00f3re ubrania rzeczywi\u015bcie nosimy, a kt\u00f3re zalegaj\u0105 na p\u00f3\u0142kach i zajmuj\u0105 niepotrzebnie miejsce. Dobr\u0105 metod\u0105 jest posegregowanie rzeczy na trzy kategorie: te, kt\u00f3re pasuj\u0105 do koncepcji szafy kapsu\u0142owej, te do oddania lub sprzeda\u017cy oraz te, kt\u00f3re wymagaj\u0105 zast\u0105pienia lepszymi odpowiednikami. Dzi\u0119ki temu \u0142atwiej dostrzec, jakie elementy ju\u017c posiadamy i czego faktycznie nam brakuje, aby stworzy\u0107 sp\u00f3jn\u0105 garderob\u0119.<\/p>\n\n\n\n<p>Podstaw\u0105 szafy kapsu\u0142owej s\u0105 klasyczne, ponadczasowe ubrania, kt\u00f3re nigdy nie wychodz\u0105 z mody i sprawdzaj\u0105 si\u0119 na r\u00f3\u017cne okazje. Warto pozostawi\u0107 w niej dobrze skrojon\u0105 marynark\u0119, eleganckie koszule, g\u0142adkie T-shirty, uniwersalne d\u017cinsy, sp\u00f3dnice oraz garnitur, kt\u00f3ry mo\u017cna nosi\u0107 zar\u00f3wno w formalnych, jak i codziennych stylizacjach. Kolorystyka powinna by\u0107 neutralna \u2013 biele, be\u017ce, szaro\u015bci, granaty i czer\u0144 tworz\u0105 doskona\u0142\u0105 baz\u0119, kt\u00f3r\u0105 mo\u017cna uzupe\u0142ni\u0107 o kilka akcent\u00f3w kolorystycznych. Dzi\u0119ki temu ka\u017cda rzecz w szafie spe\u0142nia okre\u015blon\u0105 rol\u0119, a komponowanie stylizacji staje si\u0119 szybkie i intuicyjne.<\/p>\n\n\n\r\n<div class=\"product-block-container swiper mySwiperProductBlock\">\r\n    <div class=\"product-block-swiper swiper-wrapper\">\r\n                    <div class=\"swiper-slide product-block-item\" data-id=\"146446\">\r\n                <a href=\"https:\/\/bialcon.pl\/elegancka-biala-koszula-z-zabotem?utm_source=blog&utm_medium=wyprzedaz&utm_campaign=100425\" class=\"product-block-url\" target=\"_blank\">\r\n                    <div class=\"product-block-image\">\r\n                        <img decoding=\"async\" width=\"300\" height=\"400\" src=\"https:\/\/bialcon.pl\/picture\/elegancka-biala-koszula-z-zabotem_5.jpg\" alt=\"Elegancka bia\u0142a koszula z \u017cabotem\">\r\n                    <\/div>\r\n                    <div class=\"product-block-name\">\r\n                        <p>Elegancka bia\u0142a koszula z \u017cabotem<\/p>\r\n                    <\/div>\r\n                <\/a>\r\n            <\/div>\r\n                    <div class=\"swiper-slide product-block-item\" data-id=\"146366\">\r\n                <a href=\"https:\/\/bialcon.pl\/bawelniana-biala-koszula-o-prostym-luznym-kroju?utm_source=blog&utm_medium=wyprzedaz&utm_campaign=100425\" class=\"product-block-url\" target=\"_blank\">\r\n                    <div class=\"product-block-image\">\r\n                        <img decoding=\"async\" width=\"300\" height=\"400\" src=\"https:\/\/bialcon.pl\/picture\/bawelniana-biala-koszula-o-prostym-luznym-kroju.jpg\" alt=\"Bawe\u0142niana bia\u0142a koszula o prostym lu\u017anym kroju\">\r\n                    <\/div>\r\n                    <div class=\"product-block-name\">\r\n                        <p>Bawe\u0142niana bia\u0142a koszula o prostym lu\u017anym kroju<\/p>\r\n                    <\/div>\r\n                <\/a>\r\n            <\/div>\r\n                    <div class=\"swiper-slide product-block-item\" data-id=\"146231\">\r\n                <a href=\"https:\/\/bialcon.pl\/biala-dluga-koszula-z-oryginalnym-paskiem?utm_source=blog&utm_medium=wyprzedaz&utm_campaign=100425\" class=\"product-block-url\" target=\"_blank\">\r\n                    <div class=\"product-block-image\">\r\n                        <img decoding=\"async\" width=\"300\" height=\"400\" src=\"https:\/\/bialcon.pl\/picture\/biala-dluga-koszula-z-oryginalnym-paskiem_1.jpg\" alt=\"Bia\u0142a d\u0142uga koszula z oryginalnym paskiem\">\r\n                    <\/div>\r\n                    <div class=\"product-block-name\">\r\n                        <p>Bia\u0142a d\u0142uga koszula z oryginalnym paskiem<\/p>\r\n                    <\/div>\r\n                <\/a>\r\n            <\/div>\r\n            <\/div>\r\n<\/div>\r\n\n\n\n\n<h2 class=\"wp-block-heading\"><span class=\"ez-toc-section\" id=\"Podstawy_garderoby_minimalistki\"><\/span>Podstawy garderoby minimalistki<span class=\"ez-toc-section-end\"><\/span><\/h2>\n\n\n\n<p>Tworz\u0105c szaf\u0119 kapsu\u0142ow\u0105, kluczowe jest zachowanie sp\u00f3jno\u015bci zar\u00f3wno w stylu, jak i kolorystyce, aby wszystkie elementy harmonijnie ze sob\u0105 wsp\u00f3\u0142gra\u0142y. Warto wybiera\u0107 ubrania od sprawdzonych marek, kt\u00f3re oferuj\u0105 wysokiej jako\u015bci materia\u0142y i trwa\u0142e wykonanie, co zapewni d\u0142ugowieczno\u015b\u0107 garderoby.<\/p>\n\n\n\n<p>Zamiast gromadzi\u0107 du\u017c\u0105 liczb\u0119 ubra\u0144, koncentruj si\u0119 na starannie dobranych, ponadczasowych fasonach, kt\u00f3re pos\u0142u\u017c\u0105 przez lata. Minimalizm w ilo\u015bci nie oznacza nudy \u2013 odpowiedzialne zakupy pozwalaj\u0105 na budowanie stylu opartego na jako\u015bci, funkcjonalno\u015bci i \u015bwiadomym podej\u015bciu do mody.<\/p>\n\n\n\n<h2 class=\"wp-block-heading\"><span class=\"ez-toc-section\" id=\"Ile_rzeczy_w_szafie_kapsulowej\"><\/span>Ile rzeczy w szafie kapsu\u0142owej?<span class=\"ez-toc-section-end\"><\/span><\/h2>\n\n\n\n<p>Powszechnie uwa\u017ca si\u0119, \u017ce garderoba kapsu\u0142owa powinna sk\u0142ada\u0107 si\u0119 z oko\u0142o 30-40 sztuk bazowych ubra\u0144. Warto pami\u0119ta\u0107, \u017ce idea dobrze zorganizowanej szafy opiera si\u0119 na minimalizmie i d\u0105\u017cenia do ograniczenia konsumpcjonizmu, dlatego warto zmierza\u0107 do celu, aby posiada\u0107 maksymalnie 50-60 ubra\u0144 na ca\u0142y rok.<\/p>\n\n\n\n<h2 class=\"wp-block-heading\"><span class=\"ez-toc-section\" id=\"Rodzaje_kapsul_w_szafie\"><\/span>Rodzaje kapsu\u0142 w szafie<span class=\"ez-toc-section-end\"><\/span><\/h2>\n\n\n\n<p>Przyk\u0142adowa lista kapsu\u0142 do &nbsp;Twojej szafy:<\/p>\n\n\n\n<h3 class=\"wp-block-heading\">1. Kapsu\u0142a codzienna (casual)<\/h3>\n\n\n\n<ul class=\"wp-block-list\">\n<li>Bia\u0142a i czarna koszulka (T-shirt)<\/li>\n\n\n\n<li>Klasyczne d\u017cinsy (granatowe lub czarne)<\/li>\n\n\n\n<li>Wygodne spodnie materia\u0142owe (np. chinosy)<\/li>\n\n\n\n<li>Sweter z dobrej jako\u015bci we\u0142ny lub bawe\u0142ny<\/li>\n\n\n\n<li>Kurtka jeansowa lub ramoneska<\/li>\n\n\n\n<li>Sneakersy lub mokasyny<\/li>\n<\/ul>\n\n\n\r\n<div class=\"product-block-container swiper mySwiperProductBlock\">\r\n    <div class=\"product-block-swiper swiper-wrapper\">\r\n                    <div class=\"swiper-slide product-block-item\" data-id=\"145223\">\r\n                <a href=\"https:\/\/bialcon.pl\/jeansowe-szerokie-spodnie-z-bawelny?utm_source=blog&utm_medium=wyprzedaz&utm_campaign=100425\" class=\"product-block-url\" target=\"_blank\">\r\n                    <div class=\"product-block-image\">\r\n                        <img decoding=\"async\" width=\"300\" height=\"400\" src=\"https:\/\/bialcon.pl\/picture\/jeansowe-szerokie-spodnie-z-bawelny_1.jpg\" alt=\"Jeansowe szerokie spodnie z bawe\u0142ny\">\r\n                    <\/div>\r\n                    <div class=\"product-block-name\">\r\n                        <p>Jeansowe szerokie spodnie z bawe\u0142ny<\/p>\r\n                    <\/div>\r\n                <\/a>\r\n            <\/div>\r\n                    <div class=\"swiper-slide product-block-item\" data-id=\"142386\">\r\n                <a href=\"https:\/\/bialcon.pl\/ciemnogranatowe-jeansy?utm_source=blog&utm_medium=wyprzedaz&utm_campaign=100425\" class=\"product-block-url\" target=\"_blank\">\r\n                    <div class=\"product-block-image\">\r\n                        <img decoding=\"async\" width=\"300\" height=\"400\" src=\"https:\/\/bialcon.pl\/picture\/ciemnogranatowe-jeansy_7.jpg\" alt=\"Ciemnogranatowe jeansy\">\r\n                    <\/div>\r\n                    <div class=\"product-block-name\">\r\n                        <p>Ciemnogranatowe jeansy<\/p>\r\n                    <\/div>\r\n                <\/a>\r\n            <\/div>\r\n                    <div class=\"swiper-slide product-block-item\" data-id=\"142385\">\r\n                <a href=\"https:\/\/bialcon.pl\/elastyczne-niebieskie-jeansy?utm_source=blog&utm_medium=wyprzedaz&utm_campaign=100425\" class=\"product-block-url\" target=\"_blank\">\r\n                    <div class=\"product-block-image\">\r\n                        <img decoding=\"async\" width=\"300\" height=\"400\" src=\"https:\/\/bialcon.pl\/picture\/elastyczne-niebieskie-jeansy_13.jpg\" alt=\"Elastyczne niebieskie jeansy\">\r\n                    <\/div>\r\n                    <div class=\"product-block-name\">\r\n                        <p>Elastyczne niebieskie jeansy<\/p>\r\n                    <\/div>\r\n                <\/a>\r\n            <\/div>\r\n            <\/div>\r\n<\/div>\r\n\n\n\n\n<h3 class=\"wp-block-heading\">2. Kapsu\u0142a elegancka (formalna\/wyj\u015bciowa)<\/h3>\n\n\n\n<ul class=\"wp-block-list\">\n<li>Ma\u0142a czarna sukienka lub dobrze skrojony garnitur<\/li>\n\n\n\n<li>Elegancka bluzka z jedwabiu lub wysokiej jako\u015bci bawe\u0142ny<\/li>\n\n\n\n<li>Szpilki lub eleganckie loafersy<\/li>\n\n\n\n<li>Kopert\u00f3wka lub minimalistyczna torebka<\/li>\n\n\n\n<li>Subtelny p\u0142aszcz we\u0142niany<\/li>\n<\/ul>\n\n\n\r\n<div class=\"product-block-container swiper mySwiperProductBlock\">\r\n    <div class=\"product-block-swiper swiper-wrapper\">\r\n                    <div class=\"swiper-slide product-block-item\" data-id=\"147722\">\r\n                <a href=\"https:\/\/bialcon.pl\/czarna-dzianinowa-sukienka-w-rozowe-kwiaty?utm_source=blog&utm_medium=wyprzedaz&utm_campaign=100425\" class=\"product-block-url\" target=\"_blank\">\r\n                    <div class=\"product-block-image\">\r\n                        <img decoding=\"async\" width=\"300\" height=\"400\" src=\"https:\/\/bialcon.pl\/picture\/czarna-dzianinowa-sukienka-w-rozowe-kwiaty.jpg\" alt=\"Czarna dzianinowa sukienka w r\u00f3\u017cowe kwiaty\">\r\n                    <\/div>\r\n                    <div class=\"product-block-name\">\r\n                        <p>Czarna dzianinowa sukienka w r\u00f3\u017cowe kwiaty<\/p>\r\n                    <\/div>\r\n                <\/a>\r\n            <\/div>\r\n                    <div class=\"swiper-slide product-block-item\" data-id=\"147693\">\r\n                <a href=\"https:\/\/bialcon.pl\/czarna-wiskozowa-sukienka-midi-na-ramiaczkach?utm_source=blog&utm_medium=wyprzedaz&utm_campaign=100425\" class=\"product-block-url\" target=\"_blank\">\r\n                    <div class=\"product-block-image\">\r\n                        <img decoding=\"async\" width=\"300\" height=\"400\" src=\"https:\/\/bialcon.pl\/picture\/czarna-wiskozowa-sukienka-midi-na-ramiaczkach_1.jpg\" alt=\"Czarna wiskozowa sukienka midi na rami\u0105czkach\">\r\n                    <\/div>\r\n                    <div class=\"product-block-name\">\r\n                        <p>Czarna wiskozowa sukienka midi na rami\u0105czkach<\/p>\r\n                    <\/div>\r\n                <\/a>\r\n            <\/div>\r\n                    <div class=\"swiper-slide product-block-item\" data-id=\"147584\">\r\n                <a href=\"https:\/\/bialcon.pl\/czarna-sukienka-z-gumka-w-talii?utm_source=blog&utm_medium=wyprzedaz&utm_campaign=100425\" class=\"product-block-url\" target=\"_blank\">\r\n                    <div class=\"product-block-image\">\r\n                        <img decoding=\"async\" width=\"300\" height=\"400\" src=\"https:\/\/bialcon.pl\/picture\/czarna-sukienka-z-gumka-w-talii_2.jpg\" alt=\"Czarna sukienka z gumk\u0105 w talii\">\r\n                    <\/div>\r\n                    <div class=\"product-block-name\">\r\n                        <p>Czarna sukienka z gumk\u0105 w talii<\/p>\r\n                    <\/div>\r\n                <\/a>\r\n            <\/div>\r\n            <\/div>\r\n<\/div>\r\n\n\n\n\n<h3 class=\"wp-block-heading\">3. Kapsu\u0142a sezonowa (zimowa\/letnia)<\/h3>\n\n\n\n<p><strong>Zima:<\/strong><\/p>\n\n\n\n<ul class=\"wp-block-list\">\n<li>Ciep\u0142y p\u0142aszcz we\u0142niany lub pikowana kurtka<\/li>\n\n\n\n<li>We\u0142niany sweter i golf<\/li>\n\n\n\n<li>Sk\u00f3rzane r\u0119kawiczki, szalik i czapka<\/li>\n\n\n\n<li>Kozaki lub botki<\/li>\n<\/ul>\n\n\n\r\n<div class=\"product-block-container swiper mySwiperProductBlock\">\r\n    <div class=\"product-block-swiper swiper-wrapper\">\r\n                    <div class=\"swiper-slide product-block-item\" data-id=\"147088\">\r\n                <a href=\"https:\/\/bialcon.pl\/welniany-plaszcz-z-dzianinowym-czarnym-sciagaczem?utm_source=blog&utm_medium=wyprzedaz&utm_campaign=100425\" class=\"product-block-url\" target=\"_blank\">\r\n                    <div class=\"product-block-image\">\r\n                        <img decoding=\"async\" width=\"300\" height=\"400\" src=\"https:\/\/bialcon.pl\/picture\/welniany-plaszcz-z-dzianinowym-czarnym-sciagaczem_1.jpg\" alt=\"We\u0142niany p\u0142aszcz z dzianinowym czarnym \u015bci\u0105gaczem\">\r\n                    <\/div>\r\n                    <div class=\"product-block-name\">\r\n                        <p>We\u0142niany p\u0142aszcz z dzianinowym czarnym \u015bci\u0105gaczem<\/p>\r\n                    <\/div>\r\n                <\/a>\r\n            <\/div>\r\n                    <div class=\"swiper-slide product-block-item\" data-id=\"146871\">\r\n                <a href=\"https:\/\/bialcon.pl\/jesienny-plaszcz-w-jodelke-o-skroconym-fasonie?utm_source=blog&utm_medium=wyprzedaz&utm_campaign=100425\" class=\"product-block-url\" target=\"_blank\">\r\n                    <div class=\"product-block-image\">\r\n                        <img decoding=\"async\" width=\"300\" height=\"400\" src=\"https:\/\/bialcon.pl\/picture\/jesienny-plaszcz-w-jodelke-o-skroconym-fasonie_1.jpg\" alt=\"Jesienny p\u0142aszcz w jode\u0142k\u0119 o skr\u00f3conym fasonie\">\r\n                    <\/div>\r\n                    <div class=\"product-block-name\">\r\n                        <p>Jesienny p\u0142aszcz w jode\u0142k\u0119 o skr\u00f3conym fasonie<\/p>\r\n                    <\/div>\r\n                <\/a>\r\n            <\/div>\r\n                    <div class=\"swiper-slide product-block-item\" data-id=\"146872\">\r\n                <a href=\"https:\/\/bialcon.pl\/blekitny-jesienny-plaszcz-z-welny-zapinany-na-napy?utm_source=blog&utm_medium=wyprzedaz&utm_campaign=100425\" class=\"product-block-url\" target=\"_blank\">\r\n                    <div class=\"product-block-image\">\r\n                        <img decoding=\"async\" width=\"300\" height=\"400\" src=\"https:\/\/bialcon.pl\/picture\/blekitny-plaszcz-z-welny-zapinany-na-napy.jpg\" alt=\"B\u0142\u0119kitny jesienny p\u0142aszcz z we\u0142ny zapinany na napy\">\r\n                    <\/div>\r\n                    <div class=\"product-block-name\">\r\n                        <p>B\u0142\u0119kitny jesienny p\u0142aszcz z we\u0142ny zapinany na napy<\/p>\r\n                    <\/div>\r\n                <\/a>\r\n            <\/div>\r\n            <\/div>\r\n<\/div>\r\n\n\n\n\n<p><strong>Lato:<\/strong><\/p>\n\n\n\n<ul class=\"wp-block-list\">\n<li>Zwiewna sukienka i sp\u00f3dnica midi<\/li>\n\n\n\n<li>Lniana koszula i lekkie spodnie<\/li>\n\n\n\n<li>Sanda\u0142y lub espadryle<\/li>\n\n\n\n<li>Okulary przeciws\u0142oneczne i kapelusz<\/li>\n<\/ul>\n\n\n\r\n<div class=\"product-block-container swiper mySwiperProductBlock\">\r\n    <div class=\"product-block-swiper swiper-wrapper\">\r\n                    <div class=\"swiper-slide product-block-item\" data-id=\"147719\">\r\n                <a href=\"https:\/\/bialcon.pl\/bezowa-asymetryczna-spodnica-w-eleganckim-wydaniu?utm_source=blog&utm_medium=wyprzedaz&utm_campaign=100425\" class=\"product-block-url\" target=\"_blank\">\r\n                    <div class=\"product-block-image\">\r\n                        <img decoding=\"async\" width=\"300\" height=\"400\" src=\"https:\/\/bialcon.pl\/picture\/bezowa-asymetryczna-spodnica-w-eleganckim-wydaniu.jpg\" alt=\"Be\u017cowa asymetryczna sp\u00f3dnica w eleganckim wydaniu\">\r\n                    <\/div>\r\n                    <div class=\"product-block-name\">\r\n                        <p>Be\u017cowa asymetryczna sp\u00f3dnica w eleganckim wydaniu<\/p>\r\n                    <\/div>\r\n                <\/a>\r\n            <\/div>\r\n                    <div class=\"swiper-slide product-block-item\" data-id=\"147596\">\r\n                <a href=\"https:\/\/bialcon.pl\/plisowana-spodnica-midi-z-lekkiego-zwiewnego-materialu?utm_source=blog&utm_medium=wyprzedaz&utm_campaign=100425\" class=\"product-block-url\" target=\"_blank\">\r\n                    <div class=\"product-block-image\">\r\n                        <img decoding=\"async\" width=\"300\" height=\"400\" src=\"https:\/\/bialcon.pl\/picture\/plisowana-spodnica-midi-z-lekkiego-zwiewnego-materialu_1.jpg\" alt=\"Plisowana sp\u00f3dnica midi z lekkiego zwiewnego materia\u0142u\">\r\n                    <\/div>\r\n                    <div class=\"product-block-name\">\r\n                        <p>Plisowana sp\u00f3dnica midi z lekkiego zwiewnego materia\u0142u<\/p>\r\n                    <\/div>\r\n                <\/a>\r\n            <\/div>\r\n                    <div class=\"swiper-slide product-block-item\" data-id=\"147632\">\r\n                <a href=\"https:\/\/bialcon.pl\/spodnica-bombka-z-naturalnej-bezowej-tkaniny?utm_source=blog&utm_medium=wyprzedaz&utm_campaign=100425\" class=\"product-block-url\" target=\"_blank\">\r\n                    <div class=\"product-block-image\">\r\n                        <img decoding=\"async\" width=\"300\" height=\"400\" src=\"https:\/\/bialcon.pl\/picture\/spodnica-bombka-z-naturalnej-bezowej-tkaniny.jpg\" alt=\"Sp\u00f3dnica bombka z naturalnej be\u017cowej tkaniny\">\r\n                    <\/div>\r\n                    <div class=\"product-block-name\">\r\n                        <p>Sp\u00f3dnica bombka z naturalnej be\u017cowej tkaniny<\/p>\r\n                    <\/div>\r\n                <\/a>\r\n            <\/div>\r\n            <\/div>\r\n<\/div>\r\n\n\n\n\n<p>Szafa kapsu\u0142owa nie musi by\u0107 sztywno ograniczona \u2013 kluczem jest uniwersalno\u015b\u0107, jako\u015b\u0107 i funkcjonalno\u015b\u0107 ubra\u0144. Mo\u017cesz dostosowa\u0107 liczb\u0119 kapsu\u0142 do swojego stylu \u017cycia, aby ka\u017cda z nich pasowa\u0142a do Twoich potrzeb.<\/p>\n\n\n\n<h2 class=\"wp-block-heading\"><span class=\"ez-toc-section\" id=\"Szafa_kapsulowa_na_co_dzien_vs_do_pracy\"><\/span>Szafa kapsu\u0142owa na co dzie\u0144 vs do pracy<span class=\"ez-toc-section-end\"><\/span><\/h2>\n\n\n\n<p>Na co dzie\u0144, ubrania powinny by\u0107 zar\u00f3wno wygodne, jak i praktyczne, umo\u017cliwiaj\u0105ce \u0142atwe tworzenie stylizacji na r\u00f3\u017cne okazje. W tej kapsule warto postawi\u0107 na klasyczne elementy, takie jak bia\u0142e i czarne koszulki, kt\u00f3re mo\u017cna \u0142\u0105czy\u0107 z d\u017cinsami, chinosami lub prostymi spodniami materia\u0142owymi. W ch\u0142odniejsze dni doskonale sprawdzi si\u0119 sweter z we\u0142ny lub bawe\u0142ny, kt\u00f3ry zapewnia komfort, a zarazem elegancki wygl\u0105d. Do tego kurtka, na przyk\u0142ad jeansowa lub ramoneska, oraz wygodne buty, jak sneakersy czy mokasyny, b\u0119d\u0105 idealnym wyborem na codzienne wyj\u015bcia, do pracy czy spotkania ze znajomymi.<\/p>\n\n\n\n<p>Z kolei w kapsule do pracy warto skupi\u0107 si\u0119 na elementach, kt\u00f3re s\u0105 bardziej formalne, ale wci\u0105\u017c wygodne. Klasyczna bia\u0142a koszula i koszule w pastelowych odcieniach to podstawowe elementy, kt\u00f3re z \u0142atwo\u015bci\u0105 mo\u017cna zestawi\u0107 z marynark\u0105 w neutralnym kolorze, np. czarn\u0105, granatow\u0105 lub be\u017cow\u0105. Spodnie cygaretki lub elegancka sp\u00f3dnica to doskona\u0142y wyb\u00f3r na biurowe stylizacje. Wa\u017cnym akcentem mo\u017ce by\u0107 tak\u017ce dopasowany top lub bluzka z wysokiej jako\u015bci materia\u0142\u00f3w, kt\u00f3re dodadz\u0105 klasy. Ca\u0142o\u015b\u0107 dope\u0142ni\u0105 elegancka torebka oraz sk\u00f3rzane baleriny lub klasyczne cz\u00f3\u0142enka, kt\u00f3re zapewni\u0105 wygod\u0119, ale i profesjonalny wygl\u0105d przez ca\u0142y dzie\u0144 w pracy.<\/p>\n\n\n\r\n<div class=\"product-block-container swiper mySwiperProductBlock\">\r\n    <div class=\"product-block-swiper swiper-wrapper\">\r\n                    <div class=\"swiper-slide product-block-item\" data-id=\"147599\">\r\n                <a href=\"https:\/\/bialcon.pl\/taliowany-waniliowy-zakiet-z-delikatnymi-poduszkami?utm_source=blog&utm_medium=wyprzedaz&utm_campaign=100425\" class=\"product-block-url\" target=\"_blank\">\r\n                    <div class=\"product-block-image\">\r\n                        <img decoding=\"async\" width=\"300\" height=\"400\" src=\"https:\/\/bialcon.pl\/picture\/taliowany-waniliowy-zakiet-z-delikatnymi-poduszkami_2.jpg\" alt=\"Taliowany waniliowy \u017cakiet z delikatnymi poduszkami\">\r\n                    <\/div>\r\n                    <div class=\"product-block-name\">\r\n                        <p>Taliowany waniliowy \u017cakiet z delikatnymi poduszkami<\/p>\r\n                    <\/div>\r\n                <\/a>\r\n            <\/div>\r\n                    <div class=\"swiper-slide product-block-item\" data-id=\"147580\">\r\n                <a href=\"https:\/\/bialcon.pl\/zakiet-ecru-z-zapieciem-na-haftke-i-rekawem-78?utm_source=blog&utm_medium=wyprzedaz&utm_campaign=100425\" class=\"product-block-url\" target=\"_blank\">\r\n                    <div class=\"product-block-image\">\r\n                        <img decoding=\"async\" width=\"300\" height=\"400\" src=\"https:\/\/bialcon.pl\/picture\/zakiet-ecru-z-zapieciem-na-haftke-i-rekawem-78_1.jpg\" alt=\"\u017bakiet ecru z zapi\u0119ciem na haftk\u0119 i r\u0119kawem 7\/8\">\r\n                    <\/div>\r\n                    <div class=\"product-block-name\">\r\n                        <p>\u017bakiet ecru z zapi\u0119ciem na haftk\u0119 i r\u0119kawem 7\/8<\/p>\r\n                    <\/div>\r\n                <\/a>\r\n            <\/div>\r\n                    <div class=\"swiper-slide product-block-item\" data-id=\"147210\">\r\n                <a href=\"https:\/\/bialcon.pl\/amarantowy-dopasowany-zakiet-ze-zlotymi-guzikami?utm_source=blog&utm_medium=wyprzedaz&utm_campaign=100425\" class=\"product-block-url\" target=\"_blank\">\r\n                    <div class=\"product-block-image\">\r\n                        <img decoding=\"async\" width=\"300\" height=\"400\" src=\"https:\/\/bialcon.pl\/picture\/amarantowy-dopasowany-zakiet-ze-zlotymi-guzikami_1.jpg\" alt=\"Amarantowy dopasowany \u017cakiet ze z\u0142otymi guzikami\">\r\n                    <\/div>\r\n                    <div class=\"product-block-name\">\r\n                        <p>Amarantowy dopasowany \u017cakiet ze z\u0142otymi guzikami<\/p>\r\n                    <\/div>\r\n                <\/a>\r\n            <\/div>\r\n            <\/div>\r\n<\/div>\r\n\n\n\n\n<h2 class=\"wp-block-heading\"><span class=\"ez-toc-section\" id=\"Wskazowki_dla_poczatkujacych\"><\/span>Wskaz\u00f3wki dla pocz\u0105tkuj\u0105cych<span class=\"ez-toc-section-end\"><\/span><\/h2>\n\n\n\n<p>Aby odpowiednio zorganizowa\u0107 now\u0105 przestrze\u0144 w szafie, pierwszy krok to gruntowne uporz\u0105dkowanie tego, co ju\u017c masz. Zacznij od przegl\u0105du wszystkich ubra\u0144 \u2013 zdecyduj, kt\u00f3re rzeczy rzeczywi\u015bcie pasuj\u0105 do twojego stylu \u017cycia, a kt\u00f3re s\u0105 ju\u017c niepotrzebne. To idealny moment, by pozby\u0107 si\u0119 ubra\u0144, do kt\u00f3rych masz sentyment, ale kt\u00f3re nie b\u0119d\u0105 pasowa\u0107 do kapsu\u0142owej szafy. Rozpocznij porz\u0105dkowanie, eliminuj\u0105c wszystko, co nie jest funkcjonalne ani uniwersalne. To b\u0119dzie dla ciebie trudne, ale pami\u0119taj, \u017ce to nie tylko rewolucja w szafie, ale tak\u017ce zmiana podej\u015bcia do mody i organizacji przestrzeni.<\/p>\n\n\n\n<p>Koniec z wym\u00f3wkami \u2013 czas na konkretn\u0105 decyzj\u0119! To naturalne, \u017ce \u0142atwiej trzyma\u0107 si\u0119 rzeczy, do kt\u00f3rych jeste\u015bmy przywi\u0105zani, ale nowa organizacja szafy wymaga od nas pozbycia si\u0119 rzeczy, kt\u00f3re nie pasuj\u0105 do koncepcji kapsu\u0142owej garderoby. Mo\u017cesz zacz\u0105\u0107 od rzeczy, kt\u00f3rych nie nosisz od d\u0142u\u017cszego czasu, i stopniowo przej\u015b\u0107 do reszty ubra\u0144. Pami\u0119taj, \u017ce celem jest stworzenie garderoby, w kt\u00f3rej ka\u017cda rzecz b\u0119dzie do siebie pasowa\u0107, a wyb\u00f3r stylizacji stanie si\u0119 prostszy i szybszy.<\/p>\n\n\n\n<p>Nie oczekuj, \u017ce stworzenie kapsu\u0142owej szafy zajmie ci jeden dzie\u0144 \u2013 to proces, kt\u00f3ry wymaga czasu., dyscypliny, przemy\u015blenia oraz nak\u0142ad\u00f3w finansowych. Stw\u00f3rz plan i b\u0105d\u017a cierpliwa. Wybieraj\u0105c ubrania, kt\u00f3re pasuj\u0105 do twojego stylu, celuj w te, kt\u00f3re s\u0105 ponadczasowe, uniwersalne i dobrze wykonane. Stopniowo b\u0119dziesz w stanie zbudowa\u0107 kolekcj\u0119, kt\u00f3ra spe\u0142ni wszystkie twoje potrzeby, a ca\u0142y proces organizacji stanie si\u0119 naturalny i przyjemny.<\/p>\n\n\n\r\n<div class=\"product-block-container swiper mySwiperProductBlock\">\r\n    <div class=\"product-block-swiper swiper-wrapper\">\r\n                    <div class=\"swiper-slide product-block-item\" data-id=\"147688\">\r\n                <a href=\"https:\/\/bialcon.pl\/letnia-luzna-bluzka-w-brazowe-kwiaty?utm_source=blog&utm_medium=wyprzedaz&utm_campaign=100425\" class=\"product-block-url\" target=\"_blank\">\r\n                    <div class=\"product-block-image\">\r\n                        <img decoding=\"async\" width=\"300\" height=\"400\" src=\"https:\/\/bialcon.pl\/picture\/letnia-luzna-bluzka-w-brazowe-kwiaty_1.jpg\" alt=\"Letnia lu\u017ana bluzka w br\u0105zowe kwiaty\">\r\n                    <\/div>\r\n                    <div class=\"product-block-name\">\r\n                        <p>Letnia lu\u017ana bluzka w br\u0105zowe kwiaty<\/p>\r\n                    <\/div>\r\n                <\/a>\r\n            <\/div>\r\n                    <div class=\"swiper-slide product-block-item\" data-id=\"147718\">\r\n                <a href=\"https:\/\/bialcon.pl\/koszula-z-dlugim-rekawem-w-kolorze-denim?utm_source=blog&utm_medium=wyprzedaz&utm_campaign=100425\" class=\"product-block-url\" target=\"_blank\">\r\n                    <div class=\"product-block-image\">\r\n                        <img decoding=\"async\" width=\"300\" height=\"400\" src=\"https:\/\/bialcon.pl\/picture\/koszula-z-dlugim-rekawem-w-kolorze-denim_1.jpg\" alt=\"Koszula z d\u0142ugim r\u0119kawem w kolorze denim\">\r\n                    <\/div>\r\n                    <div class=\"product-block-name\">\r\n                        <p>Koszula z d\u0142ugim r\u0119kawem w kolorze denim<\/p>\r\n                    <\/div>\r\n                <\/a>\r\n            <\/div>\r\n                    <div class=\"swiper-slide product-block-item\" data-id=\"147734\">\r\n                <a href=\"https:\/\/bialcon.pl\/bluzka-w-letnich-kolorach-z-regulowanym-dekoltem?utm_source=blog&utm_medium=wyprzedaz&utm_campaign=100425\" class=\"product-block-url\" target=\"_blank\">\r\n                    <div class=\"product-block-image\">\r\n                        <img decoding=\"async\" width=\"300\" height=\"400\" src=\"https:\/\/bialcon.pl\/picture\/bluzka-w-letnich-kolorach-z-regulowanym-dekoltem_5.jpg\" alt=\"Bluzka w letnich kolorach z regulowanym dekoltem\">\r\n                    <\/div>\r\n                    <div class=\"product-block-name\">\r\n                        <p>Bluzka w letnich kolorach z regulowanym dekoltem<\/p>\r\n                    <\/div>\r\n                <\/a>\r\n            <\/div>\r\n            <\/div>\r\n<\/div>\r\n\n\n\n\n<h2 class=\"wp-block-heading\"><span class=\"ez-toc-section\" id=\"Optymalizacja_szafy_kapsulowej\"><\/span>Optymalizacja szafy kapsu\u0142owej<span class=\"ez-toc-section-end\"><\/span><\/h2>\n\n\n\n<p>Optymalizacja szafy kapsu\u0142owej polega na ograniczeniu ilo\u015bci ubra\u0144, co pomaga w utrzymaniu porz\u0105dku i sprawia, \u017ce wyb\u00f3r stylizacji staje si\u0119 prostszy. Aby przyspieszy\u0107 codzienne kompletowanie outfit\u00f3w, warto posegregowa\u0107 ubrania wed\u0142ug kategorii, a tak\u017ce kolor\u00f3w, co pozwala na szybsze dopasowanie element\u00f3w. Dodatkowo, zastosowanie odpowiednich wieszak\u00f3w i szuflad, w kt\u00f3rych mo\u017cna przechowywa\u0107 delikatne ubrania, jak we\u0142niane swetry, pomo\u017ce utrzyma\u0107 ich form\u0119 i pozwoli na d\u0142ugo korzysta\u0107 z ubra\u0144.<\/p>\n\n\n\n<h2 class=\"wp-block-heading\"><span class=\"ez-toc-section\" id=\"Szafa_kapsulowa_a_osobisty_styl\"><\/span>Szafa kapsu\u0142owa a osobisty styl<span class=\"ez-toc-section-end\"><\/span><\/h2>\n\n\n\n<p>Wypracowanie osobistego stylu i konsekwentne trzymanie si\u0119 go wymaga du\u017cej \u015bwiadomo\u015bci i znajomo\u015bci samego siebie, poniewa\u017c to, co nosimy, powinno odzwierciedla\u0107 nasz\u0105 osobowo\u015b\u0107 oraz styl \u017cycia. Minimalistyczna szafa kapsu\u0142owa jest doskona\u0142ym punktem wyj\u015bcia na tej drodze, poniewa\u017c ogranicza wyb\u00f3r do kluczowych element\u00f3w, kt\u00f3re mo\u017cna \u0142atwo \u0142\u0105czy\u0107 w sp\u00f3jne, eleganckie stylizacje.<\/p>\n\n\n\n<p>Decyduj\u0105c si\u0119 na odzie\u017c w jednym, wybranym stylu, oszcz\u0119dzamy czas, unikamy chaosu w szafie i mamy pewno\u015b\u0107, \u017ce nasze outfity b\u0119d\u0105 zawsze dopracowane, ponadczasowe i odpowiednie na r\u00f3\u017cne okazje. To spos\u00f3b na stworzenie garderoby, kt\u00f3ra nie tylko jest funkcjonalna, ale r\u00f3wnie\u017c pozwala na pe\u0142ne wyra\u017cenie siebie.<\/p>\n\n\n\n<p>Szafa kapsu\u0142owa to koncepcja, kt\u00f3ra zyskuje na popularno\u015bci z roku na rok, staj\u0105c si\u0119 coraz bardziej doceniana przez osoby szukaj\u0105ce prostoty i funkcjonalno\u015bci w swojej garderobie. Podobnie jak inne &#8222;kapsu\u0142owe&#8221; rozwi\u0105zania, takie jak domy czy hotele kapsu\u0142owe, ta filozofia polega na minimalizmie i optymalizacji przestrzeni. Szafa kapsu\u0142owa to idealne rozwi\u0105zanie, kt\u00f3re odpowiada na potrzeby ka\u017cdej z nas, oferuj\u0105c wygod\u0119, porz\u0105dek oraz \u0142atwo\u015b\u0107 w tworzeniu stylowych, ponadczasowych zestaw\u00f3w.<\/p>\n","protected":false},"excerpt":{"rendered":"<p>Co to jest szafa kapsu\u0142owa? Szafa kapsu\u0142owa to koncepcja budowania garderoby w spos\u00f3b \u015bwiadomy i funkcjonalny. Szafa powinna zawiera\u0107 kilkuna\u015bcie uniwersalnych element\u00f3w, kt\u00f3re mo\u017cna dowolnie \u0142\u0105czy\u0107. Jej celem jest maksymalne wykorzystanie ka\u017cdego ubrania i dodatku, eliminacja przypadkowych zakup\u00f3w oraz uproszczenie codziennego wyboru stylizacji. Dzi\u0119ki temu zamiast przepe\u0142nionej szafy pe\u0142nej niepasuj\u0105cych rzeczy, mamy starannie dobran\u0105 kolekcj\u0119, [&hellip;]<\/p>\n","protected":false},"author":10,"featured_media":10740,"comment_status":"closed","ping_status":"open","sticky":false,"template":"","format":"standard","meta":{"_acf_changed":false,"site-sidebar-layout":"default","site-content-layout":"","ast-site-content-layout":"default","site-content-style":"default","site-sidebar-style":"default","ast-global-header-display":"","ast-banner-title-visibility":"","ast-main-header-display":"","ast-hfb-above-header-display":"","ast-hfb-below-header-display":"","ast-hfb-mobile-header-display":"","site-post-title":"","ast-breadcrumbs-content":"","ast-featured-img":"","footer-sml-layout":"","theme-transparent-header-meta":"","adv-header-id-meta":"","stick-header-meta":"","header-above-stick-meta":"","header-main-stick-meta":"","header-below-stick-meta":"","astra-migrate-meta-layouts":"set","ast-page-background-enabled":"default","ast-page-background-meta":{"desktop":{"background-color":"","background-image":"","background-repeat":"repeat","background-position":"center center","background-size":"auto","background-attachment":"scroll","background-type":"","background-media":"","overlay-type":"","overlay-color":"","overlay-opacity":"","overlay-gradient":""},"tablet":{"background-color":"","background-image":"","background-repeat":"repeat","background-position":"center center","background-size":"auto","background-attachment":"scroll","background-type":"","background-media":"","overlay-type":"","overlay-color":"","overlay-opacity":"","overlay-gradient":""},"mobile":{"background-color":"","background-image":"","background-repeat":"repeat","background-position":"center center","background-size":"auto","background-attachment":"scroll","background-type":"","background-media":"","overlay-type":"","overlay-color":"","overlay-opacity":"","overlay-gradient":""}},"ast-content-background-meta":{"desktop":{"background-color":"var(--ast-global-color-5)","background-image":"","background-repeat":"repeat","background-position":"center center","background-size":"auto","background-attachment":"scroll","background-type":"","background-media":"","overlay-type":"","overlay-color":"","overlay-opacity":"","overlay-gradient":""},"tablet":{"background-color":"var(--ast-global-color-5)","background-image":"","background-repeat":"repeat","background-position":"center center","background-size":"auto","background-attachment":"scroll","background-type":"","background-media":"","overlay-type":"","overlay-color":"","overlay-opacity":"","overlay-gradient":""},"mobile":{"background-color":"var(--ast-global-color-5)","background-image":"","background-repeat":"repeat","background-position":"center center","background-size":"auto","background-attachment":"scroll","background-type":"","background-media":"","overlay-type":"","overlay-color":"","overlay-opacity":"","overlay-gradient":""}},"footnotes":""},"categories":[1,14],"tags":[],"class_list":["post-10723","post","type-post","status-publish","format-standard","has-post-thumbnail","hentry","category-styl-zycia","category-wszystkie-wpisy"],"acf":[],"yoast_head":"<!-- This site is optimized with the Yoast SEO plugin v27.4 - https:\/\/yoast.com\/product\/yoast-seo-wordpress\/ -->\n<title>Szafa kapsu\u0142owa: Przewodnik po minimalistycznej garderobie dla ka\u017cdego - Bialcon<\/title>\n<meta name=\"description\" content=\"Szafa kapsu\u0142owa to koncepcja budowania garderoby w spos\u00f3b \u015bwiadomy i funkcjonalny. Jej celem jest maksymalne wykorzystanie ka\u017cdego ubrania i dodatku.\" \/>\n<meta name=\"robots\" content=\"index, follow, max-snippet:-1, max-image-preview:large, max-video-preview:-1\" \/>\n<link rel=\"canonical\" href=\"https:\/\/bialcon.pl\/blog\/szafa-kapsulowa\/\" \/>\n<meta name=\"twitter:label1\" content=\"Napisane przez\" \/>\n\t<meta name=\"twitter:data1\" content=\"Ma\u0142gorzata Brzezi\u0144ska\" \/>\n\t<meta name=\"twitter:label2\" content=\"Szacowany czas czytania\" \/>\n\t<meta name=\"twitter:data2\" content=\"10 minut\" \/>\n<script type=\"application\/ld+json\" class=\"yoast-schema-graph\">{\"@context\":\"https:\\\/\\\/schema.org\",\"@graph\":[{\"@type\":\"Article\",\"@id\":\"https:\\\/\\\/bialcon.pl\\\/blog\\\/szafa-kapsulowa\\\/#article\",\"isPartOf\":{\"@id\":\"https:\\\/\\\/bialcon.pl\\\/blog\\\/szafa-kapsulowa\\\/\"},\"author\":{\"name\":\"Ma\u0142gorzata Brzezi\u0144ska\",\"@id\":\"https:\\\/\\\/bialcon.pl\\\/blog\\\/#\\\/schema\\\/person\\\/cbbe4ae2297c5abd7376399985d5fabb\"},\"headline\":\"Szafa kapsu\u0142owa: Przewodnik po minimalistycznej garderobie dla ka\u017cdego\",\"datePublished\":\"2025-04-10T08:00:00+00:00\",\"dateModified\":\"2025-11-24T12:11:51+00:00\",\"mainEntityOfPage\":{\"@id\":\"https:\\\/\\\/bialcon.pl\\\/blog\\\/szafa-kapsulowa\\\/\"},\"wordCount\":2043,\"image\":{\"@id\":\"https:\\\/\\\/bialcon.pl\\\/blog\\\/szafa-kapsulowa\\\/#primaryimage\"},\"thumbnailUrl\":\"https:\\\/\\\/bialcon.pl\\\/blog\\\/wp-content\\\/uploads\\\/2025\\\/04\\\/Projekt-bez-nazwy-25.png\",\"articleSection\":[\"Styl \u017bycia\",\"Wszystkie wpisy\"],\"inLanguage\":\"pl-PL\"},{\"@type\":\"WebPage\",\"@id\":\"https:\\\/\\\/bialcon.pl\\\/blog\\\/szafa-kapsulowa\\\/\",\"url\":\"https:\\\/\\\/bialcon.pl\\\/blog\\\/szafa-kapsulowa\\\/\",\"name\":\"Szafa kapsu\u0142owa: Przewodnik po minimalistycznej garderobie dla ka\u017cdego - Bialcon\",\"isPartOf\":{\"@id\":\"https:\\\/\\\/bialcon.pl\\\/blog\\\/#website\"},\"primaryImageOfPage\":{\"@id\":\"https:\\\/\\\/bialcon.pl\\\/blog\\\/szafa-kapsulowa\\\/#primaryimage\"},\"image\":{\"@id\":\"https:\\\/\\\/bialcon.pl\\\/blog\\\/szafa-kapsulowa\\\/#primaryimage\"},\"thumbnailUrl\":\"https:\\\/\\\/bialcon.pl\\\/blog\\\/wp-content\\\/uploads\\\/2025\\\/04\\\/Projekt-bez-nazwy-25.png\",\"datePublished\":\"2025-04-10T08:00:00+00:00\",\"dateModified\":\"2025-11-24T12:11:51+00:00\",\"author\":{\"@id\":\"https:\\\/\\\/bialcon.pl\\\/blog\\\/#\\\/schema\\\/person\\\/cbbe4ae2297c5abd7376399985d5fabb\"},\"description\":\"Szafa kapsu\u0142owa to koncepcja budowania garderoby w spos\u00f3b \u015bwiadomy i funkcjonalny. Jej celem jest maksymalne wykorzystanie ka\u017cdego ubrania i dodatku.\",\"breadcrumb\":{\"@id\":\"https:\\\/\\\/bialcon.pl\\\/blog\\\/szafa-kapsulowa\\\/#breadcrumb\"},\"inLanguage\":\"pl-PL\",\"potentialAction\":[{\"@type\":\"ReadAction\",\"target\":[\"https:\\\/\\\/bialcon.pl\\\/blog\\\/szafa-kapsulowa\\\/\"]}]},{\"@type\":\"ImageObject\",\"inLanguage\":\"pl-PL\",\"@id\":\"https:\\\/\\\/bialcon.pl\\\/blog\\\/szafa-kapsulowa\\\/#primaryimage\",\"url\":\"https:\\\/\\\/bialcon.pl\\\/blog\\\/wp-content\\\/uploads\\\/2025\\\/04\\\/Projekt-bez-nazwy-25.png\",\"contentUrl\":\"https:\\\/\\\/bialcon.pl\\\/blog\\\/wp-content\\\/uploads\\\/2025\\\/04\\\/Projekt-bez-nazwy-25.png\",\"width\":960,\"height\":850,\"caption\":\"Wizualizacja kobiety w br\u0105zowym dzianinowym zestawie, z topem, d\u0142ugim kardiganem z rozci\u0119ciem i szerokimi spodniami\"},{\"@type\":\"BreadcrumbList\",\"@id\":\"https:\\\/\\\/bialcon.pl\\\/blog\\\/szafa-kapsulowa\\\/#breadcrumb\",\"itemListElement\":[{\"@type\":\"ListItem\",\"position\":1,\"name\":\"Strona g\u0142\u00f3wna\",\"item\":\"https:\\\/\\\/bialcon.pl\\\/blog\\\/\"},{\"@type\":\"ListItem\",\"position\":2,\"name\":\"Styl \u017bycia\",\"item\":\"https:\\\/\\\/bialcon.pl\\\/blog\\\/styl-zycia\\\/\"},{\"@type\":\"ListItem\",\"position\":3,\"name\":\"Szafa kapsu\u0142owa: Przewodnik po minimalistycznej garderobie dla ka\u017cdego\"}]},{\"@type\":\"WebSite\",\"@id\":\"https:\\\/\\\/bialcon.pl\\\/blog\\\/#website\",\"url\":\"https:\\\/\\\/bialcon.pl\\\/blog\\\/\",\"name\":\"bialcon.pl\\\/blog\\\/\",\"description\":\"Fashion Blog w zasi\u0119gu Twojej r\u0119ki\",\"potentialAction\":[{\"@type\":\"SearchAction\",\"target\":{\"@type\":\"EntryPoint\",\"urlTemplate\":\"https:\\\/\\\/bialcon.pl\\\/blog\\\/?s={search_term_string}\"},\"query-input\":{\"@type\":\"PropertyValueSpecification\",\"valueRequired\":true,\"valueName\":\"search_term_string\"}}],\"inLanguage\":\"pl-PL\"},{\"@type\":\"Person\",\"@id\":\"https:\\\/\\\/bialcon.pl\\\/blog\\\/#\\\/schema\\\/person\\\/cbbe4ae2297c5abd7376399985d5fabb\",\"name\":\"Ma\u0142gorzata Brzezi\u0144ska\",\"image\":{\"@type\":\"ImageObject\",\"inLanguage\":\"pl-PL\",\"@id\":\"https:\\\/\\\/secure.gravatar.com\\\/avatar\\\/3fc4a4cdba63586f503a5c5711e9b04d01ab1234b186b03e727ad902b6f4912d?s=96&d=mm&r=g\",\"url\":\"https:\\\/\\\/secure.gravatar.com\\\/avatar\\\/3fc4a4cdba63586f503a5c5711e9b04d01ab1234b186b03e727ad902b6f4912d?s=96&d=mm&r=g\",\"contentUrl\":\"https:\\\/\\\/secure.gravatar.com\\\/avatar\\\/3fc4a4cdba63586f503a5c5711e9b04d01ab1234b186b03e727ad902b6f4912d?s=96&d=mm&r=g\",\"caption\":\"Ma\u0142gorzata Brzezi\u0144ska\"},\"description\":\"Autorka tre\u015bci z zakresu mody, urody i stylu \u017cycia. Tworzy artyku\u0142y i poradniki oparte na analizie trend\u00f3w oraz potrzeb u\u017cytkownik\u00f3w, \u0142\u0105cz\u0105c wiedz\u0119 z zakresu komunikacji marketingowej i praktyki contentowej. Specjalizuje si\u0119 w bran\u017cach fashion, beauty &amp; health oraz gourmet food, przygotowuj\u0105c tre\u015bci dopasowane do realnych sytuacji i wybor\u00f3w konsumenckich. Na co dzie\u0144 zajmuje si\u0119 r\u00f3wnie\u017c content marketingiem i SEO.\",\"sameAs\":[\"https:\\\/\\\/www.linkedin.com\\\/in\\\/gosia-brzezinska-827052b4\\\/\"],\"url\":\"https:\\\/\\\/bialcon.pl\\\/blog\\\/author\\\/brzezinska\\\/\"}]}<\/script>\n<!-- \/ Yoast SEO plugin. -->","yoast_head_json":{"title":"Szafa kapsu\u0142owa: Przewodnik po minimalistycznej garderobie dla ka\u017cdego - Bialcon","description":"Szafa kapsu\u0142owa to koncepcja budowania garderoby w spos\u00f3b \u015bwiadomy i funkcjonalny. Jej celem jest maksymalne wykorzystanie ka\u017cdego ubrania i dodatku.","robots":{"index":"index","follow":"follow","max-snippet":"max-snippet:-1","max-image-preview":"max-image-preview:large","max-video-preview":"max-video-preview:-1"},"canonical":"https:\/\/bialcon.pl\/blog\/szafa-kapsulowa\/","twitter_misc":{"Napisane przez":"Ma\u0142gorzata Brzezi\u0144ska","Szacowany czas czytania":"10 minut"},"schema":{"@context":"https:\/\/schema.org","@graph":[{"@type":"Article","@id":"https:\/\/bialcon.pl\/blog\/szafa-kapsulowa\/#article","isPartOf":{"@id":"https:\/\/bialcon.pl\/blog\/szafa-kapsulowa\/"},"author":{"name":"Ma\u0142gorzata Brzezi\u0144ska","@id":"https:\/\/bialcon.pl\/blog\/#\/schema\/person\/cbbe4ae2297c5abd7376399985d5fabb"},"headline":"Szafa kapsu\u0142owa: Przewodnik po minimalistycznej garderobie dla ka\u017cdego","datePublished":"2025-04-10T08:00:00+00:00","dateModified":"2025-11-24T12:11:51+00:00","mainEntityOfPage":{"@id":"https:\/\/bialcon.pl\/blog\/szafa-kapsulowa\/"},"wordCount":2043,"image":{"@id":"https:\/\/bialcon.pl\/blog\/szafa-kapsulowa\/#primaryimage"},"thumbnailUrl":"https:\/\/bialcon.pl\/blog\/wp-content\/uploads\/2025\/04\/Projekt-bez-nazwy-25.png","articleSection":["Styl \u017bycia","Wszystkie wpisy"],"inLanguage":"pl-PL"},{"@type":"WebPage","@id":"https:\/\/bialcon.pl\/blog\/szafa-kapsulowa\/","url":"https:\/\/bialcon.pl\/blog\/szafa-kapsulowa\/","name":"Szafa kapsu\u0142owa: Przewodnik po minimalistycznej garderobie dla ka\u017cdego - Bialcon","isPartOf":{"@id":"https:\/\/bialcon.pl\/blog\/#website"},"primaryImageOfPage":{"@id":"https:\/\/bialcon.pl\/blog\/szafa-kapsulowa\/#primaryimage"},"image":{"@id":"https:\/\/bialcon.pl\/blog\/szafa-kapsulowa\/#primaryimage"},"thumbnailUrl":"https:\/\/bialcon.pl\/blog\/wp-content\/uploads\/2025\/04\/Projekt-bez-nazwy-25.png","datePublished":"2025-04-10T08:00:00+00:00","dateModified":"2025-11-24T12:11:51+00:00","author":{"@id":"https:\/\/bialcon.pl\/blog\/#\/schema\/person\/cbbe4ae2297c5abd7376399985d5fabb"},"description":"Szafa kapsu\u0142owa to koncepcja budowania garderoby w spos\u00f3b \u015bwiadomy i funkcjonalny. Jej celem jest maksymalne wykorzystanie ka\u017cdego ubrania i dodatku.","breadcrumb":{"@id":"https:\/\/bialcon.pl\/blog\/szafa-kapsulowa\/#breadcrumb"},"inLanguage":"pl-PL","potentialAction":[{"@type":"ReadAction","target":["https:\/\/bialcon.pl\/blog\/szafa-kapsulowa\/"]}]},{"@type":"ImageObject","inLanguage":"pl-PL","@id":"https:\/\/bialcon.pl\/blog\/szafa-kapsulowa\/#primaryimage","url":"https:\/\/bialcon.pl\/blog\/wp-content\/uploads\/2025\/04\/Projekt-bez-nazwy-25.png","contentUrl":"https:\/\/bialcon.pl\/blog\/wp-content\/uploads\/2025\/04\/Projekt-bez-nazwy-25.png","width":960,"height":850,"caption":"Wizualizacja kobiety w br\u0105zowym dzianinowym zestawie, z topem, d\u0142ugim kardiganem z rozci\u0119ciem i szerokimi spodniami"},{"@type":"BreadcrumbList","@id":"https:\/\/bialcon.pl\/blog\/szafa-kapsulowa\/#breadcrumb","itemListElement":[{"@type":"ListItem","position":1,"name":"Strona g\u0142\u00f3wna","item":"https:\/\/bialcon.pl\/blog\/"},{"@type":"ListItem","position":2,"name":"Styl \u017bycia","item":"https:\/\/bialcon.pl\/blog\/styl-zycia\/"},{"@type":"ListItem","position":3,"name":"Szafa kapsu\u0142owa: Przewodnik po minimalistycznej garderobie dla ka\u017cdego"}]},{"@type":"WebSite","@id":"https:\/\/bialcon.pl\/blog\/#website","url":"https:\/\/bialcon.pl\/blog\/","name":"bialcon.pl\/blog\/","description":"Fashion Blog w zasi\u0119gu Twojej r\u0119ki","potentialAction":[{"@type":"SearchAction","target":{"@type":"EntryPoint","urlTemplate":"https:\/\/bialcon.pl\/blog\/?s={search_term_string}"},"query-input":{"@type":"PropertyValueSpecification","valueRequired":true,"valueName":"search_term_string"}}],"inLanguage":"pl-PL"},{"@type":"Person","@id":"https:\/\/bialcon.pl\/blog\/#\/schema\/person\/cbbe4ae2297c5abd7376399985d5fabb","name":"Ma\u0142gorzata Brzezi\u0144ska","image":{"@type":"ImageObject","inLanguage":"pl-PL","@id":"https:\/\/secure.gravatar.com\/avatar\/3fc4a4cdba63586f503a5c5711e9b04d01ab1234b186b03e727ad902b6f4912d?s=96&d=mm&r=g","url":"https:\/\/secure.gravatar.com\/avatar\/3fc4a4cdba63586f503a5c5711e9b04d01ab1234b186b03e727ad902b6f4912d?s=96&d=mm&r=g","contentUrl":"https:\/\/secure.gravatar.com\/avatar\/3fc4a4cdba63586f503a5c5711e9b04d01ab1234b186b03e727ad902b6f4912d?s=96&d=mm&r=g","caption":"Ma\u0142gorzata Brzezi\u0144ska"},"description":"Autorka tre\u015bci z zakresu mody, urody i stylu \u017cycia. Tworzy artyku\u0142y i poradniki oparte na analizie trend\u00f3w oraz potrzeb u\u017cytkownik\u00f3w, \u0142\u0105cz\u0105c wiedz\u0119 z zakresu komunikacji marketingowej i praktyki contentowej. Specjalizuje si\u0119 w bran\u017cach fashion, beauty &amp; health oraz gourmet food, przygotowuj\u0105c tre\u015bci dopasowane do realnych sytuacji i wybor\u00f3w konsumenckich. Na co dzie\u0144 zajmuje si\u0119 r\u00f3wnie\u017c content marketingiem i SEO.","sameAs":["https:\/\/www.linkedin.com\/in\/gosia-brzezinska-827052b4\/"],"url":"https:\/\/bialcon.pl\/blog\/author\/brzezinska\/"}]}},"_links":{"self":[{"href":"https:\/\/bialcon.pl\/blog\/wp-json\/wp\/v2\/posts\/10723","targetHints":{"allow":["GET"]}}],"collection":[{"href":"https:\/\/bialcon.pl\/blog\/wp-json\/wp\/v2\/posts"}],"about":[{"href":"https:\/\/bialcon.pl\/blog\/wp-json\/wp\/v2\/types\/post"}],"author":[{"embeddable":true,"href":"https:\/\/bialcon.pl\/blog\/wp-json\/wp\/v2\/users\/10"}],"replies":[{"embeddable":true,"href":"https:\/\/bialcon.pl\/blog\/wp-json\/wp\/v2\/comments?post=10723"}],"version-history":[{"count":3,"href":"https:\/\/bialcon.pl\/blog\/wp-json\/wp\/v2\/posts\/10723\/revisions"}],"predecessor-version":[{"id":11934,"href":"https:\/\/bialcon.pl\/blog\/wp-json\/wp\/v2\/posts\/10723\/revisions\/11934"}],"wp:featuredmedia":[{"embeddable":true,"href":"https:\/\/bialcon.pl\/blog\/wp-json\/wp\/v2\/media\/10740"}],"wp:attachment":[{"href":"https:\/\/bialcon.pl\/blog\/wp-json\/wp\/v2\/media?parent=10723"}],"wp:term":[{"taxonomy":"category","embeddable":true,"href":"https:\/\/bialcon.pl\/blog\/wp-json\/wp\/v2\/categories?post=10723"},{"taxonomy":"post_tag","embeddable":true,"href":"https:\/\/bialcon.pl\/blog\/wp-json\/wp\/v2\/tags?post=10723"}],"curies":[{"name":"wp","href":"https:\/\/api.w.org\/{rel}","templated":true}]}}