{"id":10693,"date":"2025-04-03T10:00:00","date_gmt":"2025-04-03T08:00:00","guid":{"rendered":"https:\/\/bialcon.pl\/blog\/?p=10693"},"modified":"2026-04-16T10:49:42","modified_gmt":"2026-04-16T08:49:42","slug":"ubrania-w-paski-poradnik","status":"publish","type":"post","link":"https:\/\/bialcon.pl\/blog\/ubrania-w-paski-poradnik\/","title":{"rendered":"Jak stylizowa\u0107 ubrania w paski? Poradnik dla ka\u017cdej sylwetki"},"content":{"rendered":"<div id=\"ez-toc-container\" class=\"ez-toc-v2_0_82_2 counter-hierarchy ez-toc-counter ez-toc-custom ez-toc-container-direction\">\n<div class=\"ez-toc-title-container\"><p class=\"ez-toc-title\" style=\"cursor:inherit\">Spis Tre\u015bci<\/p>\n<\/div><nav><ul class='ez-toc-list ez-toc-list-level-1 ' ><li class='ez-toc-page-1 ez-toc-heading-level-2'><a class=\"ez-toc-link ez-toc-heading-1\" href=\"https:\/\/bialcon.pl\/blog\/ubrania-w-paski-poradnik\/#Paski_czyli_ponadczasowy_wzor_w_modzie\" >Paski, czyli ponadczasowy wz\u00f3r w modzie<\/a><\/li><li class='ez-toc-page-1 ez-toc-heading-level-2'><a class=\"ez-toc-link ez-toc-heading-2\" href=\"https:\/\/bialcon.pl\/blog\/ubrania-w-paski-poradnik\/#Paski_poziome_i_pionowe_oraz_modowe_mozliwosci\" >Paski poziome i pionowe oraz modowe mo\u017cliwo\u015bci<\/a><\/li><li class='ez-toc-page-1 ez-toc-heading-level-2'><a class=\"ez-toc-link ez-toc-heading-3\" href=\"https:\/\/bialcon.pl\/blog\/ubrania-w-paski-poradnik\/#Z_czym_nosic_odziez_w_paski\" >Z czym nosi\u0107 odzie\u017c w paski?<\/a><\/li><li class='ez-toc-page-1 ez-toc-heading-level-2'><a class=\"ez-toc-link ez-toc-heading-4\" href=\"https:\/\/bialcon.pl\/blog\/ubrania-w-paski-poradnik\/#Sukienka_w_paski_%E2%80%93_modowa_baza\" >Sukienka w paski \u2013 modowa baza<\/a><\/li><li class='ez-toc-page-1 ez-toc-heading-level-2'><a class=\"ez-toc-link ez-toc-heading-5\" href=\"https:\/\/bialcon.pl\/blog\/ubrania-w-paski-poradnik\/#Ponadczasowy_wzor_na_sukienki\" >Ponadczasowy wz\u00f3r na sukienki<\/a><\/li><li class='ez-toc-page-1 ez-toc-heading-level-2'><a class=\"ez-toc-link ez-toc-heading-6\" href=\"https:\/\/bialcon.pl\/blog\/ubrania-w-paski-poradnik\/#FAQ_%E2%80%93_odziez_w_paski_%E2%80%93_stylizacje\" >FAQ \u2013 odzie\u017c w paski \u2013 stylizacje<\/a><\/li><\/ul><\/nav><\/div>\n\n<p>Czy w Twojej szafie s\u0105 jakie\u015b ubrania w paski? Je\u015bli nie, czas wzbogaci\u0107 garderob\u0119 o pasiasty print, kt\u00f3ry nigdy nie wychodzi z mody i nadaje si\u0119 na r\u00f3\u017cne okazje. Podpowiadamy, jak nosi\u0107 odzie\u017c z motywem pask\u00f3w, by cieszy\u0107 si\u0119 szykown\u0105 stylizacj\u0105. \u0141ap pomys\u0142y na outfity, w kt\u00f3rych g\u0142\u00f3wn\u0105 rol\u0119 graj\u0105 paski i paseczki!<\/p>\n\n\n\n<h2 class=\"wp-block-heading\"><span class=\"ez-toc-section\" id=\"Paski_czyli_ponadczasowy_wzor_w_modzie\"><\/span>Paski, czyli ponadczasowy wz\u00f3r w modzie<span class=\"ez-toc-section-end\"><\/span><\/h2>\n\n\n\n<p>Motyw pask\u00f3w jest znany ludzko\u015bci ju\u017c od czas\u00f3w dawnych, jednak pocz\u0105tkowo, w wiekach \u015brednich, noszenie ubra\u0144 w paski nie by\u0142o czym\u015b nobilituj\u0105cym. W najdawniejszych wiekach paski na odzie\u017cy mia\u0142y by\u0107 wyr\u00f3\u017cnikiem os\u00f3b wykluczonych spo\u0142ecznie, a nawet by\u0142y kojarzone z mocami ciemno\u015bci.<\/p>\n\n\n\n<p>Na swoj\u0105 chwa\u0142\u0119 pasiasty dese\u0144 musia\u0142 czeka\u0107 do\u015b\u0107 d\u0142ugo, zdobywaj\u0105c wi\u0119ksze uznanie dopiero w XIX wieku. W\u0142a\u015bnie wtedy, prosto z ubior\u00f3w wie\u015bniak\u00f3w i rybak\u00f3w breto\u0144skich trafi\u0142y one do stroju marynarzy. Bluzki w paski mia\u0142y zwi\u0119ksza\u0107 widoczno\u015b\u0107 na morzu, a ich liczba upami\u0119tnia\u0142a 21 zwyci\u0119stw Napoleona.<\/p>\n\n\n\n<p>Marynarskie paski zainspirowa\u0142y Coco Chanel, kt\u00f3ra wypromowa\u0142a je w swojej kolekcji z 1917 roku. Uszyte z d\u017cerseju koszulki w bia\u0142o-granatowe pasy \u015bwietnie wpisywa\u0142y si\u0119 w wizerunek kobiety aktywnej i nowoczesnej. P\u00f3\u017aniej by\u0142o ju\u017c z g\u00f3rki \u2013 pasiaste stroje zyskiwa\u0142y na popularno\u015bci, wyst\u0119puj\u0105c w r\u00f3\u017cnych kolorach i stylach.<\/p>\n\n\n\n<p>Pasiaste stroje ch\u0119tnie nosi\u0142y s\u0142awy, takie jak Pablo Picasso, Brigitte Bardot, Jeanne Moreau czy Jean Paul Gaultier. Wsp\u00f3\u0142cze\u015bnie wiele inspiracji w zakresie tego, jak nosi\u0107 paski, znajdziesz w stylizacjach Kate Middleton, Hailey Baldwin oraz Pernille Taisebaek. Ka\u017cda z nich nosi je nieco inaczej, a jednak ka\u017cdej jest w nich do twarzy.<\/p>\n\n\n\r\n<div class=\"product-block-container swiper mySwiperProductBlock\">\r\n    <div class=\"product-block-swiper swiper-wrapper\">\r\n                    <div class=\"swiper-slide product-block-item\" data-id=\"147604\">\r\n                <a href=\"https:\/\/bialcon.pl\/bawelniany-t-shirt-w-zielone-paski?utm_source=blog&utm_medium=wyprzedaz&utm_campaign=030425\" class=\"product-block-url\" target=\"_blank\">\r\n                    <div class=\"product-block-image\">\r\n                        <img decoding=\"async\" width=\"300\" height=\"400\" src=\"https:\/\/bialcon.pl\/picture\/bawelniany-t-shirt-w-zielone-paski_3.jpg\" alt=\"Bawe\u0142niany t-shirt w zielone paski\">\r\n                    <\/div>\r\n                    <div class=\"product-block-name\">\r\n                        <p>Bawe\u0142niany t-shirt w zielone paski<\/p>\r\n                    <\/div>\r\n                <\/a>\r\n            <\/div>\r\n                    <div class=\"swiper-slide product-block-item\" data-id=\"147630\">\r\n                <a href=\"https:\/\/bialcon.pl\/bluzka-w-granatowe-paski-z-regulowanym-dolem?utm_source=blog&utm_medium=wyprzedaz&utm_campaign=030425\" class=\"product-block-url\" target=\"_blank\">\r\n                    <div class=\"product-block-image\">\r\n                        <img decoding=\"async\" width=\"300\" height=\"400\" src=\"https:\/\/bialcon.pl\/picture\/bluzka-w-granatowe-paski-z-regulowanym-dolem_1.jpg\" alt=\"Bluzka w granatowe paski z regulowanym do\u0142em\">\r\n                    <\/div>\r\n                    <div class=\"product-block-name\">\r\n                        <p>Bluzka w granatowe paski z regulowanym do\u0142em<\/p>\r\n                    <\/div>\r\n                <\/a>\r\n            <\/div>\r\n                    <div class=\"swiper-slide product-block-item\" data-id=\"147511\">\r\n                <a href=\"https:\/\/bialcon.pl\/lekki-seledynowy-sweterek-w-brazowe-paski?utm_source=blog&utm_medium=wyprzedaz&utm_campaign=030425\" class=\"product-block-url\" target=\"_blank\">\r\n                    <div class=\"product-block-image\">\r\n                        <img decoding=\"async\" width=\"300\" height=\"400\" src=\"https:\/\/bialcon.pl\/picture\/lekki-seledynowy-sweterek-w-brazowe-paski.jpg\" alt=\"Lekki seledynowy sweterek w br\u0105zowe paski\">\r\n                    <\/div>\r\n                    <div class=\"product-block-name\">\r\n                        <p>Lekki seledynowy sweterek w br\u0105zowe paski<\/p>\r\n                    <\/div>\r\n                <\/a>\r\n            <\/div>\r\n            <\/div>\r\n<\/div>\r\n\n\n\n\n<h2 class=\"wp-block-heading\"><span class=\"ez-toc-section\" id=\"Paski_poziome_i_pionowe_oraz_modowe_mozliwosci\"><\/span>Paski poziome i pionowe oraz modowe mo\u017cliwo\u015bci<span class=\"ez-toc-section-end\"><\/span><\/h2>\n\n\n\n<p>Kultowy motyw, jakim s\u0105 paski jest ceniony za wiele zalet, a jedn\u0105 z nich jest mo\u017cliwo\u015b\u0107 optycznego modelowania sylwetki. Kwestia tego, jak dzia\u0142aj\u0105 one na percepcj\u0119 nie jest jednak jednoznaczna. Pasiaste wzory potrafi\u0105 dzia\u0142a\u0107 na oko w zaskakuj\u0105cy spos\u00f3b.<\/p>\n\n\n\n<p>Powszechnie uwa\u017ca si\u0119, \u017ce pionowe paski zapewniaj\u0105 wyszczuplenie, za\u015b poziome optycznie poszerzaj\u0105. Jednak iluzja Hermanna von Helmholtza zadaje temu k\u0142am. Por\u00f3wnanie dw\u00f3ch pokrytych poziomymi i pionowymi liniami kwadrat\u00f3w pozwala zauwa\u017cy\u0107, \u017ce na d\u0142u\u017cszy i w\u0119\u017cszy z nich wygl\u0105da ten z horyzontalnymi paskami.<\/p>\n\n\n\n<p>Jaki p\u0142ynie z tego wniosek? Sam uk\u0142ad pask\u00f3w to za ma\u0142o, by przes\u0105dza\u0107 o tym, czy wysmukl\u0105 one, czy te\u017c pogrubi\u0105 cia\u0142o. Co nale\u017cy bra\u0107 pod uwag\u0119, wybieraj\u0105c uk\u0142ad pask\u00f3w na odzie\u017cy? Ich zag\u0119szczenie oraz kolorystyk\u0119.<\/p>\n\n\n\n<p>Drobne, poziome paseczki komplementuj\u0105 ka\u017cd\u0105 figur\u0119, podczas gdy horyzontalne szerokie paski s\u0105 nieco bardziej wymagaj\u0105ce, szczeg\u00f3lnie je\u015bli s\u0105 w mocno kontrastuj\u0105cych kolorach. Uniwersalnym modowym wyborem s\u0105 natomiast pr\u0105\u017cki. Ekstremalnie drobny pionowy dese\u0144 zajmuje szczeg\u00f3lne miejsce w kanonie biznesowej elegancji.<\/p>\n\n\n\n<p>Poziome i pionowe pasy to jednak nie wszystko, co moda ma do zaoferowania. Je\u015bli lubisz wyr\u00f3\u017cnia\u0107 si\u0119 z t\u0142umu, a wyszczuplenie to efekt, na jakim szczeg\u00f3lnie Ci zale\u017cy, postaw na sko\u015bne paski. Szczeg\u00f3lnie dobrze sprawdz\u0105 si\u0119 te biegn\u0105ce przez wi\u0119ksz\u0105 cz\u0119\u015b\u0107 ubioru. Tak zadzia\u0142a, na przyk\u0142ad, sukienka z asymetrycznym dekoltem, kt\u00f3rego sko\u015bn\u0105 lini\u0119 powielaj\u0105 poprzeczne paski.<\/p>\n\n\n\r\n<div class=\"product-block-container swiper mySwiperProductBlock\">\r\n    <div class=\"product-block-swiper swiper-wrapper\">\r\n                    <div class=\"swiper-slide product-block-item\" data-id=\"147227\">\r\n                <a href=\"https:\/\/bialcon.pl\/taliowany-zakiet-w-pepitke-z-eleganckimi-patkami?utm_source=blog&utm_medium=wyprzedaz&utm_campaign=030425\" class=\"product-block-url\" target=\"_blank\">\r\n                    <div class=\"product-block-image\">\r\n                        <img decoding=\"async\" width=\"300\" height=\"400\" src=\"https:\/\/bialcon.pl\/picture\/taliowany-zakiet-w-pepitke-z-eleganckimi-patkami_1.jpg\" alt=\"Taliowany \u017cakiet w pepitk\u0119 z eleganckimi patkami\">\r\n                    <\/div>\r\n                    <div class=\"product-block-name\">\r\n                        <p>Taliowany \u017cakiet w pepitk\u0119 z eleganckimi patkami<\/p>\r\n                    <\/div>\r\n                <\/a>\r\n            <\/div>\r\n                    <div class=\"swiper-slide product-block-item\" data-id=\"147246\">\r\n                <a href=\"https:\/\/bialcon.pl\/stylowy-szary-zakiet-w-brazowa-kratke?utm_source=blog&utm_medium=wyprzedaz&utm_campaign=030425\" class=\"product-block-url\" target=\"_blank\">\r\n                    <div class=\"product-block-image\">\r\n                        <img decoding=\"async\" width=\"300\" height=\"400\" src=\"https:\/\/bialcon.pl\/picture\/stylowy-szary-zakiet-w-brazowa-kratke.jpg\" alt=\"Stylowy szary \u017cakiet w br\u0105zow\u0105 kratk\u0119\">\r\n                    <\/div>\r\n                    <div class=\"product-block-name\">\r\n                        <p>Stylowy szary \u017cakiet w br\u0105zow\u0105 kratk\u0119<\/p>\r\n                    <\/div>\r\n                <\/a>\r\n            <\/div>\r\n                    <div class=\"swiper-slide product-block-item\" data-id=\"147105\">\r\n                <a href=\"https:\/\/bialcon.pl\/oversizowa-marynarka-z-modnej-tweedowej-tkaniny?utm_source=blog&utm_medium=wyprzedaz&utm_campaign=030425\" class=\"product-block-url\" target=\"_blank\">\r\n                    <div class=\"product-block-image\">\r\n                        <img decoding=\"async\" width=\"300\" height=\"400\" src=\"https:\/\/bialcon.pl\/picture\/oversizowa-marynarka-z-modnej-tweedowej-tkaniny_1.jpg\" alt=\"Oversizowa marynarka z modnej tweedowej tkaniny\">\r\n                    <\/div>\r\n                    <div class=\"product-block-name\">\r\n                        <p>Oversizowa marynarka z modnej tweedowej tkaniny<\/p>\r\n                    <\/div>\r\n                <\/a>\r\n            <\/div>\r\n            <\/div>\r\n<\/div>\r\n\n\n\n\n<h2 class=\"wp-block-heading\"><span class=\"ez-toc-section\" id=\"Z_czym_nosic_odziez_w_paski\"><\/span>Z czym nosi\u0107 odzie\u017c w paski?<span class=\"ez-toc-section-end\"><\/span><\/h2>\n\n\n\n<p>Koszule, spodnie, \u017cakiety albo sukienki w paski to cz\u0119\u015bci garderoby, kt\u00f3re zdecydowanie warto wple\u015b\u0107 w sw\u00f3j wizerunek. Klasyczny motyw wpisuje si\u0119 w elitarny styl preppy, dodaj\u0105c szyku zestawom przeznaczonym na co dzie\u0144, jak i tym zaplanowanym do pracy.<\/p>\n\n\n\n<p>Poziome granatowe paski na jasnym tle to spos\u00f3b na kreacj\u0119 w marynarskim wydaniu. Kultowy dese\u0144 wspaniale oddaje ducha zrelaksowanej elegancji.<\/p>\n\n\n\n<p>Paski w tym wydaniu znajdziesz tak\u017ce w kolekcji Bialcon. Mo\u017cna \u0142\u0105czy\u0107 je z czerwieni\u0105, biel\u0105, odcieniami ecru albo b\u0142\u0119kitem. Z\u0142ote akcenty, takie jak bi\u017cuteria, a nawet guziki b\u0119d\u0105 idealnie prezentowa\u0107 si\u0119 w takich zestawach.<\/p>\n\n\n\n<p>Z czym nosi\u0107 pasiaste ubiory? Pami\u0119taj, \u017ce co do zasady ciuchy w paski najlepiej wygl\u0105daj\u0105 w towarzystwie g\u0142adkich tkanin i prostych fason\u00f3w, dzi\u0119ki kt\u00f3rym dese\u0144 nie zostanie przy\u0107miony.<\/p>\n\n\n\n<p>Czy paski pasuj\u0105 do innych wzor\u00f3w? Tak, je\u015bli lubisz bardziej odwa\u017cne po\u0142\u0105czenia, mo\u017cesz \u0142\u0105czy\u0107 paski i inne desenie w ubiorze. Pami\u0119taj jednak o tym, \u017ce je\u015bli zale\u017cy Ci na sp\u00f3jnym zestawie, nale\u017cy \u0142\u0105czy\u0107 wzory maj\u0105ce ze sob\u0105 co\u015b wsp\u00f3lnego.<\/p>\n\n\n\n<p>Mo\u017ce by\u0107 to kolor lub og\u00f3lny styl nadruku. Przyk\u0142adowo czarno-bia\u0142a sp\u00f3dnica w paseczki b\u0119dzie wybornie prezentowa\u0107 si\u0119 z bluzk\u0105 w du\u017c\u0105 bia\u0142o-czarn\u0105 krat\u0119.<\/p>\n\n\n\n<p>Aby stylizacji nie mo\u017cna by\u0142o nic zarzuci\u0107, lepiej nie przesadza\u0107 z nagromadzeniem wzor\u00f3w. Zamiast tego warto zadba\u0107 o neutralny element zestawu. Przyk\u0142ad? Do topu w kropki i spodni w pr\u0105\u017cki za\u0142\u00f3\u017c g\u0142adk\u0105, prost\u0105 marynark\u0119, kt\u00f3ra optycznie stonuje ca\u0142o\u015b\u0107.<\/p>\n\n\n\n<p>Zdaniem ekspert\u00f3w korzystnie jest \u0142\u0105czy\u0107 nadruki o zr\u00f3\u017cnicowanej wielko\u015bci. Taki miks pozwala unikn\u0105\u0107 nudy i sprawia wra\u017cenie bardziej stylowego. Drobne linie i du\u017ce grochy wygl\u0105daj\u0105 lepiej ni\u017c drobne paseczki i kropeczki.<\/p>\n\n\n\n<p>Jakie wzory pasuj\u0105 do pasiastych motyw\u00f3w? Najbezpieczniej postawi\u0107 na klasyk\u0119. Z pewno\u015bci\u0105 paski pasuj\u0105 do innych pask\u00f3w, ale to ju\u017c pewnie wiesz. W zale\u017cno\u015bci od okoliczno\u015bci i gustu, postaw na kwiaty, grochy, krat\u0119 lub pepitk\u0119. Je\u015bli nie boisz si\u0119 ekstrawagancji, mo\u017cesz wypr\u00f3bowa\u0107 miks ze zwierz\u0119cymi deseniami, ale takie zestawienie wymaga sporo wyczucia.<\/p>\n\n\n\n<p>Masz pod r\u0119k\u0105 bluzk\u0119 w paski? To \u015bwietna baza do r\u00f3\u017cnych stylizacji. Za\u0142\u00f3\u017c do niej jeansowe spodnie i zamszowe loafersy albo dobierz granatow\u0105 sp\u00f3dnic\u0119 solejk\u0119 do kolan i czerwone baleriny. Zestaw mo\u017cesz wzbogaci\u0107 o czerwon\u0105 apaszk\u0119 przy prostej be\u017cowej torebce.<\/p>\n\n\n\r\n<div class=\"product-block-container swiper mySwiperProductBlock\">\r\n    <div class=\"product-block-swiper swiper-wrapper\">\r\n                    <div class=\"swiper-slide product-block-item\" data-id=\"147688\">\r\n                <a href=\"https:\/\/bialcon.pl\/letnia-luzna-bluzka-w-brazowe-kwiaty?utm_source=blog&utm_medium=wyprzedaz&utm_campaign=030425\" class=\"product-block-url\" target=\"_blank\">\r\n                    <div class=\"product-block-image\">\r\n                        <img decoding=\"async\" width=\"300\" height=\"400\" src=\"https:\/\/bialcon.pl\/picture\/letnia-luzna-bluzka-w-brazowe-kwiaty_1.jpg\" alt=\"Letnia lu\u017ana bluzka w br\u0105zowe kwiaty\">\r\n                    <\/div>\r\n                    <div class=\"product-block-name\">\r\n                        <p>Letnia lu\u017ana bluzka w br\u0105zowe kwiaty<\/p>\r\n                    <\/div>\r\n                <\/a>\r\n            <\/div>\r\n                    <div class=\"swiper-slide product-block-item\" data-id=\"147650\">\r\n                <a href=\"https:\/\/bialcon.pl\/przewiewna-bluzka-ecu-w-granatowe-kwiaty?utm_source=blog&utm_medium=wyprzedaz&utm_campaign=030425\" class=\"product-block-url\" target=\"_blank\">\r\n                    <div class=\"product-block-image\">\r\n                        <img decoding=\"async\" width=\"300\" height=\"400\" src=\"https:\/\/bialcon.pl\/picture\/przewiewna-bluzka-ecu-w-granatowe-kwiaty_2.jpg\" alt=\"Przewiewna bluzka ecu w granatowe kwiaty\">\r\n                    <\/div>\r\n                    <div class=\"product-block-name\">\r\n                        <p>Przewiewna bluzka ecu w granatowe kwiaty<\/p>\r\n                    <\/div>\r\n                <\/a>\r\n            <\/div>\r\n                    <div class=\"swiper-slide product-block-item\" data-id=\"147696\">\r\n                <a href=\"https:\/\/bialcon.pl\/dzianinowa-kimonowa-bluzka-ze-sciagaczem-w-talii?utm_source=blog&utm_medium=wyprzedaz&utm_campaign=030425\" class=\"product-block-url\" target=\"_blank\">\r\n                    <div class=\"product-block-image\">\r\n                        <img decoding=\"async\" width=\"300\" height=\"400\" src=\"https:\/\/bialcon.pl\/picture\/dzianinowa-kimonowa-bluzka-ze-sciagaczem-w-talii_1.jpg\" alt=\"Dzianinowa kimonowa bluzka ze \u015bci\u0105gaczem w talii\">\r\n                    <\/div>\r\n                    <div class=\"product-block-name\">\r\n                        <p>Dzianinowa kimonowa bluzka ze \u015bci\u0105gaczem w talii<\/p>\r\n                    <\/div>\r\n                <\/a>\r\n            <\/div>\r\n            <\/div>\r\n<\/div>\r\n\n\n\n\n<h2 class=\"wp-block-heading\"><span class=\"ez-toc-section\" id=\"Sukienka_w_paski_%E2%80%93_modowa_baza\"><\/span>Sukienka w paski \u2013 modowa baza<span class=\"ez-toc-section-end\"><\/span><\/h2>\n\n\n\n<p>Klasyczne wzory wygl\u0105daj\u0105 znakomicie na r\u00f3\u017cnych cz\u0119\u015bciach garderoby. Nie inaczej jest w przypadku pasiastego motywu. Zar\u00f3wno koszula, spodnie, sp\u00f3dnica, sweter, bluzka albo marynarka w paski s\u0105 tym, czym warto wzbogaci\u0107 swoje stylizacje. Wybieraj w zale\u017cno\u015bci od tego, co lubisz w ubiorze.<\/p>\n\n\n\n<p>Absolutnym modowym przebojem s\u0105 natomiast sukienki w pasy. Znajdziesz je w niemal ka\u017cdym wydaniu, ale najbardziej warte uwagi s\u0105 szmizjerki z ko\u0142nierzykiem oraz elastyczne sukienki casualowe. Bez wzgl\u0119du na to, czy postawisz na kolorowe, czy bardziej spokojne motywy, tak\u0105 kreacj\u0119 mo\u017cna nosi\u0107 przy r\u00f3\u017cnych wyj\u015bciach, odmieniaj\u0105c jej styl dodatkami.<\/p>\n\n\n\n<p>Sukienka w cienkie paseczki sprawdzi si\u0119 w r\u00f3\u017cnych stylizacjach, ze szczeg\u00f3lnym uwzgl\u0119dnieniem tych na lato. Pami\u0119taj, \u017ce klasyczny dese\u0144 nie wymaga wiele zachodu, by prezentowa\u0107 si\u0119 \u015bwietnie. Je\u015bli nie czujesz si\u0119 zbyt pewnie w zakresie stylizacji sukienki we wzory, skorzystaj z naszych pomys\u0142\u00f3w na zestawy, w kt\u00f3rych kr\u00f3luj\u0105 paski.<\/p>\n\n\n\n<p>Bia\u0142a koszulowa sukienka w paski z pewno\u015bci\u0105 sprawdzi si\u0119 jako stylizacja do pracy. Si\u0119gaj\u0105cy poni\u017cej kolan model wsp\u00f3\u0142gra z zapi\u0119tym w talii paskiem i pasuj\u0105c\u0105 kolorystycznie prost\u0105 torb\u0105 do r\u0119ki. Ca\u0142o\u015b\u0107 uzupe\u0142ni\u0105 be\u017cowe szpilki lub cz\u00f3\u0142enka.<\/p>\n\n\n\n<h2 class=\"wp-block-heading\"><span class=\"ez-toc-section\" id=\"Ponadczasowy_wzor_na_sukienki\"><\/span>Ponadczasowy wz\u00f3r na sukienki<span class=\"ez-toc-section-end\"><\/span><\/h2>\n\n\n\n<p>Pasiaste sukienki koszulowe spisuj\u0105 si\u0119 te\u017c w wakacyjnym wydaniu. Lu\u017ana sukienka w paski, proste sanda\u0142y i du\u017cy kapelusz ze s\u0142omki to pe\u0142en uroku look na pla\u017c\u0119. Gdy zrobi si\u0119 nieco ch\u0142odniej, na ramionach mo\u017cesz zawi\u0105za\u0107 lekki, g\u0142adki sweter w neutralnym kolorze.<\/p>\n\n\n\n<p>W naszej ofercie znajdziesz tak\u017ce casualow\u0105 sukienk\u0119 w kolorowe paski o r\u00f3\u017cnej szeroko\u015bci. Z czym nosi\u0107 takie sukienki? Dobierz proste dodatki w kolorach barwnego motywu, ale nie musisz ogranicza\u0107 si\u0119 tylko do nich. R\u00f3wnie dobrze sprawdz\u0105 si\u0119 spokojne, neutralne kolory, takie jak be\u017c, biel lub szary.<\/p>\n\n\n\n<p>Doskona\u0142\u0105 propozycj\u0105 na co dzie\u0144 jest dzianinowa sukienka w paski. Stylizacja z jej udzia\u0142em przypadnie do gustu mi\u0142o\u015bniczkom wygodnej elegancji. Szczeg\u00f3lnie polecamy t-shirtowy kr\u00f3j, kt\u00f3ry sprawdza si\u0119 w r\u00f3\u017cnych po\u0142\u0105czeniach.<\/p>\n\n\n\n<p>Zak\u0142adaj\u0105c t\u0119 kreacj\u0119, rozwa\u017c si\u0119gni\u0119cie po nieco lu\u017aniejsz\u0105 jeansow\u0105 kurtk\u0119, du\u017ce okulary przeciws\u0142oneczne, tenis\u00f3wki oraz torb\u0119 shopperk\u0119, albo postaw na nieco wi\u0119cej elegancji, zak\u0142adaj\u0105c na wierzch sukienki lekko taliowany g\u0142adki \u017cakiet albo g\u0142adk\u0105 narzutk\u0119 bez zapi\u0119cia. Ca\u0142o\u015b\u0107 uzupe\u0142ni\u0105 delikatne kolczyki oraz cz\u00f3\u0142enka na s\u0142upku.<\/p>\n\n\n\r\n<div class=\"product-block-container swiper mySwiperProductBlock\">\r\n    <div class=\"product-block-swiper swiper-wrapper\">\r\n                    <div class=\"swiper-slide product-block-item\" data-id=\"147723\">\r\n                <a href=\"https:\/\/bialcon.pl\/dopasowana-sukienka-w-paski-z-dzianiny-bawelnianej?utm_source=blog&utm_medium=wyprzedaz&utm_campaign=030425\" class=\"product-block-url\" target=\"_blank\">\r\n                    <div class=\"product-block-image\">\r\n                        <img decoding=\"async\" width=\"300\" height=\"400\" src=\"https:\/\/bialcon.pl\/picture\/dopasowana-sukienka-w-paski-z-dzianiny-bawelnianej_1.jpg\" alt=\"Dopasowana sukienka w paski z dzianiny bawe\u0142nianej\">\r\n                    <\/div>\r\n                    <div class=\"product-block-name\">\r\n                        <p>Dopasowana sukienka w paski z dzianiny bawe\u0142nianej<\/p>\r\n                    <\/div>\r\n                <\/a>\r\n            <\/div>\r\n                    <div class=\"swiper-slide product-block-item\" data-id=\"147327\">\r\n                <a href=\"https:\/\/bialcon.pl\/dzianinowa-sukienka-w-kontrastowe-bialo-czarne-pasy?utm_source=blog&utm_medium=wyprzedaz&utm_campaign=030425\" class=\"product-block-url\" target=\"_blank\">\r\n                    <div class=\"product-block-image\">\r\n                        <img decoding=\"async\" width=\"300\" height=\"400\" src=\"https:\/\/bialcon.pl\/picture\/dzianinowa-sukienka-w-kontrastowe-bialo-czarne-pasy_1.jpg\" alt=\"Dzianinowa sukienka w kontrastowe bia\u0142o-czarne pasy\">\r\n                    <\/div>\r\n                    <div class=\"product-block-name\">\r\n                        <p>Dzianinowa sukienka w kontrastowe bia\u0142o-czarne pasy<\/p>\r\n                    <\/div>\r\n                <\/a>\r\n            <\/div>\r\n                    <div class=\"swiper-slide product-block-item\" data-id=\"147491\">\r\n                <a href=\"https:\/\/bialcon.pl\/dzianinowa-jesienna-sukienka-w-bezowe-paski?utm_source=blog&utm_medium=wyprzedaz&utm_campaign=030425\" class=\"product-block-url\" target=\"_blank\">\r\n                    <div class=\"product-block-image\">\r\n                        <img decoding=\"async\" width=\"300\" height=\"400\" src=\"https:\/\/bialcon.pl\/picture\/dzianinowa-jesienna-sukienka-w-bezowe-paski.jpg\" alt=\"Dzianinowa jesienna sukienka w be\u017cowe paski\">\r\n                    <\/div>\r\n                    <div class=\"product-block-name\">\r\n                        <p>Dzianinowa jesienna sukienka w be\u017cowe paski<\/p>\r\n                    <\/div>\r\n                <\/a>\r\n            <\/div>\r\n            <\/div>\r\n<\/div>\r\n\n\n\n\n<h2 class=\"wp-block-heading\"><span class=\"ez-toc-section\" id=\"FAQ_%E2%80%93_odziez_w_paski_%E2%80%93_stylizacje\"><\/span>FAQ \u2013 odzie\u017c w paski \u2013 stylizacje<span class=\"ez-toc-section-end\"><\/span><\/h2>\n\n\n\n<p>Pasiaste stroje wygl\u0105daj\u0105 \u015bwietnie zar\u00f3wno w casualowych, jak i bardziej formalnych stylizacjach. Latem kojarz\u0105 si\u0119 z nimi lekkie sukienki i koszulki, natomiast w ch\u0142odniejszych porach roku ch\u0119tnie otulamy si\u0119 swetrami i szalami z motywem paseczk\u00f3w. Uniwersalno\u015b\u0107 pask\u00f3w robi wra\u017cenie.<\/p>\n\n\n\n<p>Dzi\u0119ki umiej\u0119tnie zastosowanym w stylizacji pasiastym wzorom mo\u017cna odj\u0105\u0107 sobie kilogram\u00f3w, doda\u0107 wzrostu lub zwr\u00f3ci\u0107 uwag\u0119 na pi\u0119kn\u0105 tali\u0119. Poza tym klasyczny dese\u0144 urozmaica look, dodaj\u0105c mu charakteru i elegancji.<\/p>\n\n\n\n<p>Je\u015bli wci\u0105\u017c si\u0119 wahasz, jak\u0105 kreacj\u0119 wybra\u0107, zacznij od prostego t-shirtu w pr\u0105\u017cki, a szybko przekonasz si\u0119, ile outfit\u00f3w mo\u017cesz z nim skomponowa\u0107.<\/p>\n\n\n\n<h3 class=\"wp-block-heading\">Czy odzie\u017c w paski pogrubia?<\/h3>\n\n\n\n<p>Nie, wbrew obiegowym opiniom, pasiaste ubrania wcale nie musz\u0105 pogrubia\u0107. Pewne ryzyko optycznego poszerzenia niesie horyzontalny uk\u0142ad i kontrastowe barwy.<\/p>\n\n\n\n<p>Najkorzystniejsze dla figury s\u0105 pionowe pr\u0105\u017cki oraz poziome paski o wi\u0119kszym zag\u0119szczeniu.<\/p>\n\n\n\n<p>Niezale\u017cnie od printu, koniecznie dobierz fason, w kt\u00f3rym Twoja figura korzystnie si\u0119 prezentuje.<\/p>\n\n\n\n<h3 class=\"wp-block-heading\">Czy spodnie w pasy s\u0105 teraz modne?<\/h3>\n\n\n\n<p>Tak, spodnie z pasiastym motywem s\u0105 nadal modne. Szczeg\u00f3lnie popularne s\u0105 casualowe modele w kolorowe paseczki, kt\u00f3re wygl\u0105daj\u0105 stylowo i o\u017cywiaj\u0105 codzienne outfity.<\/p>\n\n\n\n<p>Opr\u00f3cz nich warto zainwestowa\u0107 w biurow\u0105 klasyk\u0119, jak\u0105 s\u0105 spodnie w pr\u0105\u017cki. Cz\u0119sto posiadaj\u0105 one nieco szersze nogawki i wysmuklaj\u0105ce kanty, co sprawia, \u017ce s\u0105 korzystnym strojem tak\u017ce dla Pa\u0144 plus size.<\/p>\n\n\n\r\n<div class=\"product-block-container swiper mySwiperProductBlock\">\r\n    <div class=\"product-block-swiper swiper-wrapper\">\r\n                    <div class=\"swiper-slide product-block-item\" data-id=\"147253\">\r\n                <a href=\"https:\/\/bialcon.pl\/szare-luzne-spodnie-w-brazowa-kratke?utm_source=blog&utm_medium=wyprzedaz&utm_campaign=030425\" class=\"product-block-url\" target=\"_blank\">\r\n                    <div class=\"product-block-image\">\r\n                        <img decoding=\"async\" width=\"300\" height=\"400\" src=\"https:\/\/bialcon.pl\/picture\/szare-luzne-spodnie-w-brazowa-kratke_1.jpg\" alt=\"Szare lu\u017ane spodnie w br\u0105zow\u0105 kratk\u0119\">\r\n                    <\/div>\r\n                    <div class=\"product-block-name\">\r\n                        <p>Szare lu\u017ane spodnie w br\u0105zow\u0105 kratk\u0119<\/p>\r\n                    <\/div>\r\n                <\/a>\r\n            <\/div>\r\n                    <div class=\"swiper-slide product-block-item\" data-id=\"146153\">\r\n                <a href=\"https:\/\/bialcon.pl\/szerokie-luzne-spodnie-w-kratke-z-elastyczna-talia?utm_source=blog&utm_medium=wyprzedaz&utm_campaign=030425\" class=\"product-block-url\" target=\"_blank\">\r\n                    <div class=\"product-block-image\">\r\n                        <img decoding=\"async\" width=\"300\" height=\"400\" src=\"https:\/\/bialcon.pl\/picture\/szerokie-luzne-spodnie-w-kratke-z-elastyczna-talia_1.jpg\" alt=\"Szerokie lu\u017ane spodnie w kratk\u0119 z elastyczn\u0105 tali\u0105\">\r\n                    <\/div>\r\n                    <div class=\"product-block-name\">\r\n                        <p>Szerokie lu\u017ane spodnie w kratk\u0119 z elastyczn\u0105 tali\u0105<\/p>\r\n                    <\/div>\r\n                <\/a>\r\n            <\/div>\r\n                    <div class=\"swiper-slide product-block-item\" data-id=\"145069\">\r\n                <a href=\"https:\/\/bialcon.pl\/kuloty-w-szkocka-krate-z-kieszeniami?utm_source=blog&utm_medium=wyprzedaz&utm_campaign=030425\" class=\"product-block-url\" target=\"_blank\">\r\n                    <div class=\"product-block-image\">\r\n                        <img decoding=\"async\" width=\"300\" height=\"400\" src=\"https:\/\/bialcon.pl\/picture\/kuloty-w-szkocka-krate-z-kieszeniami_1.jpg\" alt=\"Kuloty w szkock\u0105 krat\u0119 z kieszeniami\">\r\n                    <\/div>\r\n                    <div class=\"product-block-name\">\r\n                        <p>Kuloty w szkock\u0105 krat\u0119 z kieszeniami<\/p>\r\n                    <\/div>\r\n                <\/a>\r\n            <\/div>\r\n            <\/div>\r\n<\/div>\r\n\n\n\n\n<h3 class=\"wp-block-heading\">Czy warto nosi\u0107 sukienki w paski?<\/h3>\n\n\n\n<p>Tak, tego typu kreacje mo\u017cesz mie\u0107 w wielu r\u00f3\u017cnych ods\u0142onach, od tych bardziej eleganckich po zupe\u0142nie nieformalne. Wybieraj\u0105c pasiaste sukienki, zyskujesz pewno\u015b\u0107 szykownej stylizacji w ponadczasowym wydaniu. Mo\u017cesz stylizowa\u0107 je na r\u00f3\u017cne sposoby.<\/p>\n\n\n\n<p>Szmizjerka w drobne paseczki to dobry wyb\u00f3r do biura, a \u017cakietowe sukienki w pr\u0105\u017cek s\u0105 idealne na biznesow\u0105 konferencj\u0119. T-shirtowa sukienka w poziome wzory niesie wraz z sob\u0105 wakacyjny luz, a asymetryczne rozkloszowane sukienki ze sko\u015bnym motywem nadaj\u0105 si\u0119 jako stylizacja na wesele lub randk\u0119.<\/p>\n\n\n\n<script type=\"application\/ld+json\">\n{\n  \"@context\": \"https:\/\/schema.org\",\n  \"@type\": \"FAQPage\",\n  \"mainEntity\": [\n    {\n      \"@type\": \"Question\",\n      \"name\": \"Czy odzie\u017c w paski pogrubia?\",\n      \"acceptedAnswer\": {\n        \"@type\": \"Answer\",\n        \"text\": \"Nie, wbrew obiegowym opiniom, pasiaste ubrania wcale nie musz\u0105 pogrubia\u0107. Pewne ryzyko optycznego poszerzenia niesie horyzontalny uk\u0142ad i kontrastowe barwy. Najkorzystniejsze dla figury s\u0105 pionowe pr\u0105\u017cki oraz poziome paski o wi\u0119kszym zag\u0119szczeniu. Niezale\u017cnie od printu, koniecznie dobierz fason, w kt\u00f3rym Twoja figura korzystnie si\u0119 prezentuje.\"\n      }\n    },\n    {\n      \"@type\": \"Question\",\n      \"name\": \"Czy spodnie w pasy s\u0105 teraz modne?\",\n      \"acceptedAnswer\": {\n        \"@type\": \"Answer\",\n        \"text\": \"Tak, spodnie z pasiastym motywem s\u0105 nadal modne. Szczeg\u00f3lnie popularne s\u0105 casualowe modele w kolorowe paseczki, kt\u00f3re wygl\u0105daj\u0105 stylowo i o\u017cywiaj\u0105 codzienne outfity. Opr\u00f3cz nich warto zainwestowa\u0107 w biurow\u0105 klasyk\u0119, jak\u0105 s\u0105 spodnie w pr\u0105\u017cki. Cz\u0119sto posiadaj\u0105 one nieco szersze nogawki i wysmuklaj\u0105ce kanty, co sprawia, \u017ce s\u0105 korzystnym strojem tak\u017ce dla Pa\u0144 plus size.\"\n      }\n    },\n    {\n      \"@type\": \"Question\",\n      \"name\": \"Czy warto nosi\u0107 sukienki w paski?\",\n      \"acceptedAnswer\": {\n        \"@type\": \"Answer\",\n        \"text\": \"Tak, tego typu kreacje mo\u017cesz mie\u0107 w wielu r\u00f3\u017cnych ods\u0142onach, od tych bardziej eleganckich po zupe\u0142nie nieformalne. Wybieraj\u0105c pasiaste sukienki, zyskujesz pewno\u015b\u0107 szykownej stylizacji w ponadczasowym wydaniu. Mo\u017cesz stylizowa\u0107 je na r\u00f3\u017cne sposoby. Szmizjerka w drobne paseczki to dobry wyb\u00f3r do biura, a \u017cakietowe sukienki w pr\u0105\u017cek s\u0105 idealne na biznesow\u0105 konferencj\u0119. T-shirtowa sukienka w poziome wzory niesie wraz z sob\u0105 wakacyjny luz, a asymetryczne rozkloszowane sukienki ze sko\u015bnym motywem nadaj\u0105 si\u0119 jako stylizacja na wesele lub randk\u0119.\"\n      }\n    }\n  ]\n}\n<\/script>\n","protected":false},"excerpt":{"rendered":"<p>Czy w Twojej szafie s\u0105 jakie\u015b ubrania w paski? Je\u015bli nie, czas wzbogaci\u0107 garderob\u0119 o pasiasty print, kt\u00f3ry nigdy nie wychodzi z mody i nadaje si\u0119 na r\u00f3\u017cne okazje. Podpowiadamy, jak nosi\u0107 odzie\u017c z motywem pask\u00f3w, by cieszy\u0107 si\u0119 szykown\u0105 stylizacj\u0105. \u0141ap pomys\u0142y na outfity, w kt\u00f3rych g\u0142\u00f3wn\u0105 rol\u0119 graj\u0105 paski i paseczki! Paski, czyli [&hellip;]<\/p>\n","protected":false},"author":14,"featured_media":10710,"comment_status":"closed","ping_status":"open","sticky":false,"template":"","format":"standard","meta":{"_acf_changed":false,"site-sidebar-layout":"default","site-content-layout":"","ast-site-content-layout":"default","site-content-style":"default","site-sidebar-style":"default","ast-global-header-display":"","ast-banner-title-visibility":"","ast-main-header-display":"","ast-hfb-above-header-display":"","ast-hfb-below-header-display":"","ast-hfb-mobile-header-display":"","site-post-title":"","ast-breadcrumbs-content":"","ast-featured-img":"","footer-sml-layout":"","theme-transparent-header-meta":"","adv-header-id-meta":"","stick-header-meta":"","header-above-stick-meta":"","header-main-stick-meta":"","header-below-stick-meta":"","astra-migrate-meta-layouts":"set","ast-page-background-enabled":"default","ast-page-background-meta":{"desktop":{"background-color":"","background-image":"","background-repeat":"repeat","background-position":"center center","background-size":"auto","background-attachment":"scroll","background-type":"","background-media":"","overlay-type":"","overlay-color":"","overlay-opacity":"","overlay-gradient":""},"tablet":{"background-color":"","background-image":"","background-repeat":"repeat","background-position":"center center","background-size":"auto","background-attachment":"scroll","background-type":"","background-media":"","overlay-type":"","overlay-color":"","overlay-opacity":"","overlay-gradient":""},"mobile":{"background-color":"","background-image":"","background-repeat":"repeat","background-position":"center center","background-size":"auto","background-attachment":"scroll","background-type":"","background-media":"","overlay-type":"","overlay-color":"","overlay-opacity":"","overlay-gradient":""}},"ast-content-background-meta":{"desktop":{"background-color":"var(--ast-global-color-5)","background-image":"","background-repeat":"repeat","background-position":"center center","background-size":"auto","background-attachment":"scroll","background-type":"","background-media":"","overlay-type":"","overlay-color":"","overlay-opacity":"","overlay-gradient":""},"tablet":{"background-color":"var(--ast-global-color-5)","background-image":"","background-repeat":"repeat","background-position":"center center","background-size":"auto","background-attachment":"scroll","background-type":"","background-media":"","overlay-type":"","overlay-color":"","overlay-opacity":"","overlay-gradient":""},"mobile":{"background-color":"var(--ast-global-color-5)","background-image":"","background-repeat":"repeat","background-position":"center center","background-size":"auto","background-attachment":"scroll","background-type":"","background-media":"","overlay-type":"","overlay-color":"","overlay-opacity":"","overlay-gradient":""}},"footnotes":""},"categories":[10,14],"tags":[],"class_list":["post-10693","post","type-post","status-publish","format-standard","has-post-thumbnail","hentry","category-porady-stylistki","category-wszystkie-wpisy"],"acf":[],"yoast_head":"<!-- This site is optimized with the Yoast SEO plugin v27.4 - https:\/\/yoast.com\/product\/yoast-seo-wordpress\/ -->\n<title>Jak stylizowa\u0107 ubrania w paski? Poradnik dla ka\u017cdej sylwetki - Bialcon<\/title>\n<meta name=\"description\" content=\"Podpowiadamy, jak nosi\u0107 odzie\u017c z motywem pask\u00f3w, by cieszy\u0107 si\u0119 szykown\u0105 stylizacj\u0105. \u0141ap pomys\u0142y na outfity, w kt\u00f3rych g\u0142\u00f3wn\u0105 rol\u0119 graj\u0105 paski i paseczki!\" \/>\n<meta name=\"robots\" content=\"index, follow, max-snippet:-1, max-image-preview:large, max-video-preview:-1\" \/>\n<link rel=\"canonical\" href=\"https:\/\/bialcon.pl\/blog\/ubrania-w-paski-poradnik\/\" \/>\n<meta name=\"twitter:label1\" content=\"Napisane przez\" \/>\n\t<meta name=\"twitter:data1\" content=\"Daria Woszczaty\u0144ska-Przybylska\" \/>\n\t<meta name=\"twitter:label2\" content=\"Szacowany czas czytania\" \/>\n\t<meta name=\"twitter:data2\" content=\"10 minut\" \/>\n<script type=\"application\/ld+json\" class=\"yoast-schema-graph\">{\"@context\":\"https:\\\/\\\/schema.org\",\"@graph\":[{\"@type\":\"Article\",\"@id\":\"https:\\\/\\\/bialcon.pl\\\/blog\\\/ubrania-w-paski-poradnik\\\/#article\",\"isPartOf\":{\"@id\":\"https:\\\/\\\/bialcon.pl\\\/blog\\\/ubrania-w-paski-poradnik\\\/\"},\"author\":{\"name\":\"Daria Woszczaty\u0144ska-Przybylska\",\"@id\":\"https:\\\/\\\/bialcon.pl\\\/blog\\\/#\\\/schema\\\/person\\\/ba17cc8b0900b2a06eecf843eb117760\"},\"headline\":\"Jak stylizowa\u0107 ubrania w paski? Poradnik dla ka\u017cdej sylwetki\",\"datePublished\":\"2025-04-03T08:00:00+00:00\",\"dateModified\":\"2026-04-16T08:49:42+00:00\",\"mainEntityOfPage\":{\"@id\":\"https:\\\/\\\/bialcon.pl\\\/blog\\\/ubrania-w-paski-poradnik\\\/\"},\"wordCount\":1822,\"image\":{\"@id\":\"https:\\\/\\\/bialcon.pl\\\/blog\\\/ubrania-w-paski-poradnik\\\/#primaryimage\"},\"thumbnailUrl\":\"https:\\\/\\\/bialcon.pl\\\/blog\\\/wp-content\\\/uploads\\\/2025\\\/04\\\/Projekt-bez-nazwy-23.png\",\"articleSection\":[\"Porady Stylistki\",\"Wszystkie wpisy\"],\"inLanguage\":\"pl-PL\"},{\"@type\":\"WebPage\",\"@id\":\"https:\\\/\\\/bialcon.pl\\\/blog\\\/ubrania-w-paski-poradnik\\\/\",\"url\":\"https:\\\/\\\/bialcon.pl\\\/blog\\\/ubrania-w-paski-poradnik\\\/\",\"name\":\"Jak stylizowa\u0107 ubrania w paski? Poradnik dla ka\u017cdej sylwetki - Bialcon\",\"isPartOf\":{\"@id\":\"https:\\\/\\\/bialcon.pl\\\/blog\\\/#website\"},\"primaryImageOfPage\":{\"@id\":\"https:\\\/\\\/bialcon.pl\\\/blog\\\/ubrania-w-paski-poradnik\\\/#primaryimage\"},\"image\":{\"@id\":\"https:\\\/\\\/bialcon.pl\\\/blog\\\/ubrania-w-paski-poradnik\\\/#primaryimage\"},\"thumbnailUrl\":\"https:\\\/\\\/bialcon.pl\\\/blog\\\/wp-content\\\/uploads\\\/2025\\\/04\\\/Projekt-bez-nazwy-23.png\",\"datePublished\":\"2025-04-03T08:00:00+00:00\",\"dateModified\":\"2026-04-16T08:49:42+00:00\",\"author\":{\"@id\":\"https:\\\/\\\/bialcon.pl\\\/blog\\\/#\\\/schema\\\/person\\\/ba17cc8b0900b2a06eecf843eb117760\"},\"description\":\"Podpowiadamy, jak nosi\u0107 odzie\u017c z motywem pask\u00f3w, by cieszy\u0107 si\u0119 szykown\u0105 stylizacj\u0105. \u0141ap pomys\u0142y na outfity, w kt\u00f3rych g\u0142\u00f3wn\u0105 rol\u0119 graj\u0105 paski i paseczki!\",\"breadcrumb\":{\"@id\":\"https:\\\/\\\/bialcon.pl\\\/blog\\\/ubrania-w-paski-poradnik\\\/#breadcrumb\"},\"inLanguage\":\"pl-PL\",\"potentialAction\":[{\"@type\":\"ReadAction\",\"target\":[\"https:\\\/\\\/bialcon.pl\\\/blog\\\/ubrania-w-paski-poradnik\\\/\"]}]},{\"@type\":\"ImageObject\",\"inLanguage\":\"pl-PL\",\"@id\":\"https:\\\/\\\/bialcon.pl\\\/blog\\\/ubrania-w-paski-poradnik\\\/#primaryimage\",\"url\":\"https:\\\/\\\/bialcon.pl\\\/blog\\\/wp-content\\\/uploads\\\/2025\\\/04\\\/Projekt-bez-nazwy-23.png\",\"contentUrl\":\"https:\\\/\\\/bialcon.pl\\\/blog\\\/wp-content\\\/uploads\\\/2025\\\/04\\\/Projekt-bez-nazwy-23.png\",\"width\":960,\"height\":850,\"caption\":\"Wizualizacja kobiety w czarno-bia\u0142ej sukience midi w szerokie poziome paski, z okr\u0105g\u0142ym dekoltem i kr\u00f3tkimi r\u0119kawami\"},{\"@type\":\"BreadcrumbList\",\"@id\":\"https:\\\/\\\/bialcon.pl\\\/blog\\\/ubrania-w-paski-poradnik\\\/#breadcrumb\",\"itemListElement\":[{\"@type\":\"ListItem\",\"position\":1,\"name\":\"Strona g\u0142\u00f3wna\",\"item\":\"https:\\\/\\\/bialcon.pl\\\/blog\\\/\"},{\"@type\":\"ListItem\",\"position\":2,\"name\":\"Porady Stylistki\",\"item\":\"https:\\\/\\\/bialcon.pl\\\/blog\\\/porady-stylistki\\\/\"},{\"@type\":\"ListItem\",\"position\":3,\"name\":\"Jak stylizowa\u0107 ubrania w paski? Poradnik dla ka\u017cdej sylwetki\"}]},{\"@type\":\"WebSite\",\"@id\":\"https:\\\/\\\/bialcon.pl\\\/blog\\\/#website\",\"url\":\"https:\\\/\\\/bialcon.pl\\\/blog\\\/\",\"name\":\"bialcon.pl\\\/blog\\\/\",\"description\":\"Fashion Blog w zasi\u0119gu Twojej r\u0119ki\",\"potentialAction\":[{\"@type\":\"SearchAction\",\"target\":{\"@type\":\"EntryPoint\",\"urlTemplate\":\"https:\\\/\\\/bialcon.pl\\\/blog\\\/?s={search_term_string}\"},\"query-input\":{\"@type\":\"PropertyValueSpecification\",\"valueRequired\":true,\"valueName\":\"search_term_string\"}}],\"inLanguage\":\"pl-PL\"},{\"@type\":\"Person\",\"@id\":\"https:\\\/\\\/bialcon.pl\\\/blog\\\/#\\\/schema\\\/person\\\/ba17cc8b0900b2a06eecf843eb117760\",\"name\":\"Daria Woszczaty\u0144ska-Przybylska\",\"image\":{\"@type\":\"ImageObject\",\"inLanguage\":\"pl-PL\",\"@id\":\"https:\\\/\\\/secure.gravatar.com\\\/avatar\\\/624792ad5428294ab99ef3d7d452e28d140144dac597c3725127e5d3ea759f0b?s=96&d=mm&r=g\",\"url\":\"https:\\\/\\\/secure.gravatar.com\\\/avatar\\\/624792ad5428294ab99ef3d7d452e28d140144dac597c3725127e5d3ea759f0b?s=96&d=mm&r=g\",\"contentUrl\":\"https:\\\/\\\/secure.gravatar.com\\\/avatar\\\/624792ad5428294ab99ef3d7d452e28d140144dac597c3725127e5d3ea759f0b?s=96&d=mm&r=g\",\"caption\":\"Daria Woszczaty\u0144ska-Przybylska\"},\"description\":\"Autorka tre\u015bci o modzie, copywriterka i content writerka, z wykszta\u0142cenia projektantka ubioru. Zajmuje si\u0119 analiz\u0105 przemian w modzie oraz przyst\u0119pnym wyja\u015bnianiem trend\u00f3w, pomagaj\u0105c odbiorcom \u015bwiadomie budowa\u0107 w\u0142asny styl. Interesuje j\u0105 kreowanie osobistego stylu, ilustracja modowa oraz ubi\u00f3r traktowany jako forma sztuki. Jej najnowsze teksty o modzie znajdziesz na blogu Bialcon.\",\"sameAs\":[\"https:\\\/\\\/www.facebook.com\\\/daria.woszczatynska\\\/\"],\"url\":\"https:\\\/\\\/bialcon.pl\\\/blog\\\/author\\\/daria-woszczatynska-przybylska\\\/\"}]}<\/script>\n<!-- \/ Yoast SEO plugin. -->","yoast_head_json":{"title":"Jak stylizowa\u0107 ubrania w paski? Poradnik dla ka\u017cdej sylwetki - Bialcon","description":"Podpowiadamy, jak nosi\u0107 odzie\u017c z motywem pask\u00f3w, by cieszy\u0107 si\u0119 szykown\u0105 stylizacj\u0105. \u0141ap pomys\u0142y na outfity, w kt\u00f3rych g\u0142\u00f3wn\u0105 rol\u0119 graj\u0105 paski i paseczki!","robots":{"index":"index","follow":"follow","max-snippet":"max-snippet:-1","max-image-preview":"max-image-preview:large","max-video-preview":"max-video-preview:-1"},"canonical":"https:\/\/bialcon.pl\/blog\/ubrania-w-paski-poradnik\/","twitter_misc":{"Napisane przez":"Daria Woszczaty\u0144ska-Przybylska","Szacowany czas czytania":"10 minut"},"schema":{"@context":"https:\/\/schema.org","@graph":[{"@type":"Article","@id":"https:\/\/bialcon.pl\/blog\/ubrania-w-paski-poradnik\/#article","isPartOf":{"@id":"https:\/\/bialcon.pl\/blog\/ubrania-w-paski-poradnik\/"},"author":{"name":"Daria Woszczaty\u0144ska-Przybylska","@id":"https:\/\/bialcon.pl\/blog\/#\/schema\/person\/ba17cc8b0900b2a06eecf843eb117760"},"headline":"Jak stylizowa\u0107 ubrania w paski? Poradnik dla ka\u017cdej sylwetki","datePublished":"2025-04-03T08:00:00+00:00","dateModified":"2026-04-16T08:49:42+00:00","mainEntityOfPage":{"@id":"https:\/\/bialcon.pl\/blog\/ubrania-w-paski-poradnik\/"},"wordCount":1822,"image":{"@id":"https:\/\/bialcon.pl\/blog\/ubrania-w-paski-poradnik\/#primaryimage"},"thumbnailUrl":"https:\/\/bialcon.pl\/blog\/wp-content\/uploads\/2025\/04\/Projekt-bez-nazwy-23.png","articleSection":["Porady Stylistki","Wszystkie wpisy"],"inLanguage":"pl-PL"},{"@type":"WebPage","@id":"https:\/\/bialcon.pl\/blog\/ubrania-w-paski-poradnik\/","url":"https:\/\/bialcon.pl\/blog\/ubrania-w-paski-poradnik\/","name":"Jak stylizowa\u0107 ubrania w paski? Poradnik dla ka\u017cdej sylwetki - Bialcon","isPartOf":{"@id":"https:\/\/bialcon.pl\/blog\/#website"},"primaryImageOfPage":{"@id":"https:\/\/bialcon.pl\/blog\/ubrania-w-paski-poradnik\/#primaryimage"},"image":{"@id":"https:\/\/bialcon.pl\/blog\/ubrania-w-paski-poradnik\/#primaryimage"},"thumbnailUrl":"https:\/\/bialcon.pl\/blog\/wp-content\/uploads\/2025\/04\/Projekt-bez-nazwy-23.png","datePublished":"2025-04-03T08:00:00+00:00","dateModified":"2026-04-16T08:49:42+00:00","author":{"@id":"https:\/\/bialcon.pl\/blog\/#\/schema\/person\/ba17cc8b0900b2a06eecf843eb117760"},"description":"Podpowiadamy, jak nosi\u0107 odzie\u017c z motywem pask\u00f3w, by cieszy\u0107 si\u0119 szykown\u0105 stylizacj\u0105. \u0141ap pomys\u0142y na outfity, w kt\u00f3rych g\u0142\u00f3wn\u0105 rol\u0119 graj\u0105 paski i paseczki!","breadcrumb":{"@id":"https:\/\/bialcon.pl\/blog\/ubrania-w-paski-poradnik\/#breadcrumb"},"inLanguage":"pl-PL","potentialAction":[{"@type":"ReadAction","target":["https:\/\/bialcon.pl\/blog\/ubrania-w-paski-poradnik\/"]}]},{"@type":"ImageObject","inLanguage":"pl-PL","@id":"https:\/\/bialcon.pl\/blog\/ubrania-w-paski-poradnik\/#primaryimage","url":"https:\/\/bialcon.pl\/blog\/wp-content\/uploads\/2025\/04\/Projekt-bez-nazwy-23.png","contentUrl":"https:\/\/bialcon.pl\/blog\/wp-content\/uploads\/2025\/04\/Projekt-bez-nazwy-23.png","width":960,"height":850,"caption":"Wizualizacja kobiety w czarno-bia\u0142ej sukience midi w szerokie poziome paski, z okr\u0105g\u0142ym dekoltem i kr\u00f3tkimi r\u0119kawami"},{"@type":"BreadcrumbList","@id":"https:\/\/bialcon.pl\/blog\/ubrania-w-paski-poradnik\/#breadcrumb","itemListElement":[{"@type":"ListItem","position":1,"name":"Strona g\u0142\u00f3wna","item":"https:\/\/bialcon.pl\/blog\/"},{"@type":"ListItem","position":2,"name":"Porady Stylistki","item":"https:\/\/bialcon.pl\/blog\/porady-stylistki\/"},{"@type":"ListItem","position":3,"name":"Jak stylizowa\u0107 ubrania w paski? Poradnik dla ka\u017cdej sylwetki"}]},{"@type":"WebSite","@id":"https:\/\/bialcon.pl\/blog\/#website","url":"https:\/\/bialcon.pl\/blog\/","name":"bialcon.pl\/blog\/","description":"Fashion Blog w zasi\u0119gu Twojej r\u0119ki","potentialAction":[{"@type":"SearchAction","target":{"@type":"EntryPoint","urlTemplate":"https:\/\/bialcon.pl\/blog\/?s={search_term_string}"},"query-input":{"@type":"PropertyValueSpecification","valueRequired":true,"valueName":"search_term_string"}}],"inLanguage":"pl-PL"},{"@type":"Person","@id":"https:\/\/bialcon.pl\/blog\/#\/schema\/person\/ba17cc8b0900b2a06eecf843eb117760","name":"Daria Woszczaty\u0144ska-Przybylska","image":{"@type":"ImageObject","inLanguage":"pl-PL","@id":"https:\/\/secure.gravatar.com\/avatar\/624792ad5428294ab99ef3d7d452e28d140144dac597c3725127e5d3ea759f0b?s=96&d=mm&r=g","url":"https:\/\/secure.gravatar.com\/avatar\/624792ad5428294ab99ef3d7d452e28d140144dac597c3725127e5d3ea759f0b?s=96&d=mm&r=g","contentUrl":"https:\/\/secure.gravatar.com\/avatar\/624792ad5428294ab99ef3d7d452e28d140144dac597c3725127e5d3ea759f0b?s=96&d=mm&r=g","caption":"Daria Woszczaty\u0144ska-Przybylska"},"description":"Autorka tre\u015bci o modzie, copywriterka i content writerka, z wykszta\u0142cenia projektantka ubioru. Zajmuje si\u0119 analiz\u0105 przemian w modzie oraz przyst\u0119pnym wyja\u015bnianiem trend\u00f3w, pomagaj\u0105c odbiorcom \u015bwiadomie budowa\u0107 w\u0142asny styl. Interesuje j\u0105 kreowanie osobistego stylu, ilustracja modowa oraz ubi\u00f3r traktowany jako forma sztuki. Jej najnowsze teksty o modzie znajdziesz na blogu Bialcon.","sameAs":["https:\/\/www.facebook.com\/daria.woszczatynska\/"],"url":"https:\/\/bialcon.pl\/blog\/author\/daria-woszczatynska-przybylska\/"}]}},"_links":{"self":[{"href":"https:\/\/bialcon.pl\/blog\/wp-json\/wp\/v2\/posts\/10693","targetHints":{"allow":["GET"]}}],"collection":[{"href":"https:\/\/bialcon.pl\/blog\/wp-json\/wp\/v2\/posts"}],"about":[{"href":"https:\/\/bialcon.pl\/blog\/wp-json\/wp\/v2\/types\/post"}],"author":[{"embeddable":true,"href":"https:\/\/bialcon.pl\/blog\/wp-json\/wp\/v2\/users\/14"}],"replies":[{"embeddable":true,"href":"https:\/\/bialcon.pl\/blog\/wp-json\/wp\/v2\/comments?post=10693"}],"version-history":[{"count":3,"href":"https:\/\/bialcon.pl\/blog\/wp-json\/wp\/v2\/posts\/10693\/revisions"}],"predecessor-version":[{"id":12880,"href":"https:\/\/bialcon.pl\/blog\/wp-json\/wp\/v2\/posts\/10693\/revisions\/12880"}],"wp:featuredmedia":[{"embeddable":true,"href":"https:\/\/bialcon.pl\/blog\/wp-json\/wp\/v2\/media\/10710"}],"wp:attachment":[{"href":"https:\/\/bialcon.pl\/blog\/wp-json\/wp\/v2\/media?parent=10693"}],"wp:term":[{"taxonomy":"category","embeddable":true,"href":"https:\/\/bialcon.pl\/blog\/wp-json\/wp\/v2\/categories?post=10693"},{"taxonomy":"post_tag","embeddable":true,"href":"https:\/\/bialcon.pl\/blog\/wp-json\/wp\/v2\/tags?post=10693"}],"curies":[{"name":"wp","href":"https:\/\/api.w.org\/{rel}","templated":true}]}}