{"id":10663,"date":"2025-03-27T10:00:00","date_gmt":"2025-03-27T09:00:00","guid":{"rendered":"https:\/\/bialcon.pl\/blog\/?p=10663"},"modified":"2025-11-24T13:10:05","modified_gmt":"2025-11-24T12:10:05","slug":"stylizacja-z-kamizelka","status":"publish","type":"post","link":"https:\/\/bialcon.pl\/blog\/stylizacja-z-kamizelka\/","title":{"rendered":"Stylizacja z kamizelk\u0105: 7 modnych zestaw\u00f3w, kt\u00f3re musisz wypr\u00f3bowa\u0107"},"content":{"rendered":"<div id=\"ez-toc-container\" class=\"ez-toc-v2_0_82_2 counter-hierarchy ez-toc-counter ez-toc-custom ez-toc-container-direction\">\n<div class=\"ez-toc-title-container\"><p class=\"ez-toc-title\" style=\"cursor:inherit\">Spis Tre\u015bci<\/p>\n<\/div><nav><ul class='ez-toc-list ez-toc-list-level-1 ' ><li class='ez-toc-page-1 ez-toc-heading-level-2'><a class=\"ez-toc-link ez-toc-heading-1\" href=\"https:\/\/bialcon.pl\/blog\/stylizacja-z-kamizelka\/#Wybor_idealnej_kamizelki\" >Wyb\u00f3r idealnej kamizelki<\/a><\/li><li class='ez-toc-page-1 ez-toc-heading-level-2'><a class=\"ez-toc-link ez-toc-heading-2\" href=\"https:\/\/bialcon.pl\/blog\/stylizacja-z-kamizelka\/#Stylizacje_z_kamizelka\" >Stylizacje z kamizelk\u0105<\/a><\/li><li class='ez-toc-page-1 ez-toc-heading-level-2'><a class=\"ez-toc-link ez-toc-heading-3\" href=\"https:\/\/bialcon.pl\/blog\/stylizacja-z-kamizelka\/#Zestawy_z_kamizelka_na_chlodniejsze_dni\" >Zestawy z kamizelk\u0105 na ch\u0142odniejsze dni<\/a><\/li><li class='ez-toc-page-1 ez-toc-heading-level-2'><a class=\"ez-toc-link ez-toc-heading-4\" href=\"https:\/\/bialcon.pl\/blog\/stylizacja-z-kamizelka\/#Stylizacje_z_krotka_kamizelka\" >Stylizacje z kr\u00f3tk\u0105 kamizelk\u0105<\/a><\/li><li class='ez-toc-page-1 ez-toc-heading-level-2'><a class=\"ez-toc-link ez-toc-heading-5\" href=\"https:\/\/bialcon.pl\/blog\/stylizacja-z-kamizelka\/#Stylizacje_z_dluga_kamizelka\" >Stylizacje z d\u0142ug\u0105 kamizelk\u0105<\/a><\/li><li class='ez-toc-page-1 ez-toc-heading-level-2'><a class=\"ez-toc-link ez-toc-heading-6\" href=\"https:\/\/bialcon.pl\/blog\/stylizacja-z-kamizelka\/#Modne_kamizelki_damskie\" >Modne kamizelki damskie<\/a><\/li><li class='ez-toc-page-1 ez-toc-heading-level-2'><a class=\"ez-toc-link ez-toc-heading-7\" href=\"https:\/\/bialcon.pl\/blog\/stylizacja-z-kamizelka\/#Damskie_kamizelki_garniturowe\" >Damskie kamizelki garniturowe<\/a><\/li><li class='ez-toc-page-1 ez-toc-heading-level-2'><a class=\"ez-toc-link ez-toc-heading-8\" href=\"https:\/\/bialcon.pl\/blog\/stylizacja-z-kamizelka\/#Jakie_dodatki_pasuja_do_kamizelki_damskiej\" >Jakie dodatki pasuj\u0105 do kamizelki damskiej?<\/a><\/li><li class='ez-toc-page-1 ez-toc-heading-level-2'><a class=\"ez-toc-link ez-toc-heading-9\" href=\"https:\/\/bialcon.pl\/blog\/stylizacja-z-kamizelka\/#Wyraziste_dodatki_do_kamizelki\" >Wyraziste dodatki do kamizelki<\/a><\/li><\/ul><\/nav><\/div>\n\n<p>Kamizelka \u2013 modny dodatek, kt\u00f3ry pasuje zar\u00f3wno do codziennych, jak i bardziej eleganckich stylizacji, dodaj\u0105c im charakteru. Wybieraj\u0105c idealny model, warto zwr\u00f3ci\u0107 uwag\u0119 na materia\u0142, kolor i fason. We\u0142niane kamizelki sprawdz\u0105 si\u0119 jesieni\u0105 i zim\u0105, lniane i bawe\u0142niane latem, a sk\u00f3rzane sprawi\u0105, \u017ce look b\u0119dzie bardziej wyrazisty. Sprawd\u017a, jak \u0142atwo mo\u017cesz stworzy\u0107 modny z look z kamizelk\u0105.<\/p>\n\n\n\n<h2 class=\"wp-block-heading\"><span class=\"ez-toc-section\" id=\"Wybor_idealnej_kamizelki\"><\/span>Wyb\u00f3r idealnej kamizelki<span class=\"ez-toc-section-end\"><\/span><\/h2>\n\n\n\n<p>Zacznijmy od wyboru koloru. Klasyczne barwy, takie jak czer\u0144, granat czy be\u017c, s\u0105 uniwersalne, natomiast odwa\u017cniejsze odcienie i wzory mog\u0105 podkre\u015bli\u0107 indywidualny styl. Fason r\u00f3wnie\u017c ma znaczenie \u2013 modele oversize pasuj\u0105 do casualowych stylizacji, a taliowane podkre\u015blaj\u0105 figur\u0119.<\/p>\n\n\n\n<h2 class=\"wp-block-heading\"><span class=\"ez-toc-section\" id=\"Stylizacje_z_kamizelka\"><\/span>Stylizacje z kamizelk\u0105<span class=\"ez-toc-section-end\"><\/span><\/h2>\n\n\n\n<p>Dla os\u00f3b szukaj\u0105cych codziennych, lu\u017aniejszych stylizacji kamizelka doskonale komponuje si\u0119 z jeansami, t-shirtem i sportowymi butami. Taki zestaw idealnie sprawdzi si\u0119 na spacerach, spotkaniach ze znajomymi czy codziennych obowi\u0105zkach. Wybieraj\u0105c kamizelk\u0119 w odwa\u017cniejszym kolorze, np. musztardowym, czerwonym czy z ciekawym wzorem, mo\u017cna nada\u0107 stylizacji wyrazisto\u015bci i indywidualnego charakteru.<\/p>\n\n\n\n<p>Kamizelka garniturowa, z kolei, to doskona\u0142y wyb\u00f3r na eleganckie wyj\u015bcia, takie jak wieczorne spotkania, kolacje czy imprezy. W po\u0142\u0105czeniu z klasyczn\u0105 koszul\u0105, spodniami lub sp\u00f3dnic\u0105 o\u0142\u00f3wkow\u0105 tworzy szykown\u0105 i profesjonaln\u0105 stylizacj\u0119, idealn\u0105 na wa\u017cne wydarzenia, prezentacje czy spotkania biznesowe. Kamizelka garniturowa \u015bwietnie wygl\u0105da r\u00f3wnie\u017c z eleganckimi szpilkami, kt\u00f3re dope\u0142niaj\u0105 ca\u0142o\u015b\u0107, dodaj\u0105c jej jeszcze wi\u0119cej klasy. Mo\u017cna j\u0105 r\u00f3wnie\u017c nosi\u0107 solo, tworz\u0105c elegancki i nowoczesny look.<\/p>\n\n\n\r\n<div class=\"product-block-container swiper mySwiperProductBlock\">\r\n    <div class=\"product-block-swiper swiper-wrapper\">\r\n                    <div class=\"swiper-slide product-block-item\" data-id=\"145223\">\r\n                <a href=\"https:\/\/bialcon.pl\/jeansowe-szerokie-spodnie-z-bawelny?utm_source=blog&utm_medium=wyprzedaz&utm_campaign=270325\" class=\"product-block-url\" target=\"_blank\">\r\n                    <div class=\"product-block-image\">\r\n                        <img decoding=\"async\" width=\"300\" height=\"400\" src=\"https:\/\/bialcon.pl\/picture\/jeansowe-szerokie-spodnie-z-bawelny_1.jpg\" alt=\"Jeansowe szerokie spodnie z bawe\u0142ny\">\r\n                    <\/div>\r\n                    <div class=\"product-block-name\">\r\n                        <p>Jeansowe szerokie spodnie z bawe\u0142ny<\/p>\r\n                    <\/div>\r\n                <\/a>\r\n            <\/div>\r\n                    <div class=\"swiper-slide product-block-item\" data-id=\"142385\">\r\n                <a href=\"https:\/\/bialcon.pl\/elastyczne-niebieskie-jeansy?utm_source=blog&utm_medium=wyprzedaz&utm_campaign=270325\" class=\"product-block-url\" target=\"_blank\">\r\n                    <div class=\"product-block-image\">\r\n                        <img decoding=\"async\" width=\"300\" height=\"400\" src=\"https:\/\/bialcon.pl\/picture\/elastyczne-niebieskie-jeansy_13.jpg\" alt=\"Elastyczne niebieskie jeansy\">\r\n                    <\/div>\r\n                    <div class=\"product-block-name\">\r\n                        <p>Elastyczne niebieskie jeansy<\/p>\r\n                    <\/div>\r\n                <\/a>\r\n            <\/div>\r\n                    <div class=\"swiper-slide product-block-item\" data-id=\"142386\">\r\n                <a href=\"https:\/\/bialcon.pl\/ciemnogranatowe-jeansy?utm_source=blog&utm_medium=wyprzedaz&utm_campaign=270325\" class=\"product-block-url\" target=\"_blank\">\r\n                    <div class=\"product-block-image\">\r\n                        <img decoding=\"async\" width=\"300\" height=\"400\" src=\"https:\/\/bialcon.pl\/picture\/ciemnogranatowe-jeansy_7.jpg\" alt=\"Ciemnogranatowe jeansy\">\r\n                    <\/div>\r\n                    <div class=\"product-block-name\">\r\n                        <p>Ciemnogranatowe jeansy<\/p>\r\n                    <\/div>\r\n                <\/a>\r\n            <\/div>\r\n            <\/div>\r\n<\/div>\r\n\n\n\n\n<h2 class=\"wp-block-heading\"><span class=\"ez-toc-section\" id=\"Zestawy_z_kamizelka_na_chlodniejsze_dni\"><\/span>Zestawy z kamizelk\u0105 na ch\u0142odniejsze dni<span class=\"ez-toc-section-end\"><\/span><\/h2>\n\n\n\n<p>Na ch\u0142odniejsze dni warto postawi\u0107 na kamizelki we\u0142niane lub puchowe, kt\u00f3re stanowi\u0105 doskona\u0142\u0105 alternatyw\u0119 dla kurtek. Takie kamizelki \u015bwietnie komponuj\u0105 si\u0119 z ciep\u0142ymi swetrami, legginsami czy spodniami dresowymi, tworz\u0105c wygodn\u0105 i modn\u0105 stylizacj\u0119 na co dzie\u0144. Warto r\u00f3wnie\u017c doda\u0107 do tego stylowy szal, kt\u00f3ry doda ca\u0142o\u015bci elegancji i ciep\u0142a.<\/p>\n\n\n\n<p>Dzi\u0119ki swojej uniwersalno\u015bci kamizelka jest idealnym elementem, kt\u00f3ry mo\u017cna \u0142atwo wkomponowa\u0107 w r\u00f3\u017cnorodne stylizacje, od casualowych po bardziej eleganckie, zale\u017cnie od okazji. Jest to must-have w ka\u017cdej szafie, kt\u00f3ry pozwala na tworzenie modnych, wygodnych i dopasowanych do indywidualnego stylu zestaw\u00f3w.<\/p>\n\n\n\r\n<div class=\"product-block-container swiper mySwiperProductBlock\">\r\n    <div class=\"product-block-swiper swiper-wrapper\">\r\n                    <div class=\"swiper-slide product-block-item\" data-id=\"147511\">\r\n                <a href=\"https:\/\/bialcon.pl\/lekki-seledynowy-sweterek-w-brazowe-paski?utm_source=blog&utm_medium=wyprzedaz&utm_campaign=270325\" class=\"product-block-url\" target=\"_blank\">\r\n                    <div class=\"product-block-image\">\r\n                        <img decoding=\"async\" width=\"300\" height=\"400\" src=\"https:\/\/bialcon.pl\/picture\/lekki-seledynowy-sweterek-w-brazowe-paski.jpg\" alt=\"Lekki seledynowy sweterek w br\u0105zowe paski\">\r\n                    <\/div>\r\n                    <div class=\"product-block-name\">\r\n                        <p>Lekki seledynowy sweterek w br\u0105zowe paski<\/p>\r\n                    <\/div>\r\n                <\/a>\r\n            <\/div>\r\n                    <div class=\"swiper-slide product-block-item\" data-id=\"147543\">\r\n                <a href=\"https:\/\/bialcon.pl\/bluzka-z-brazowej-dzianiny-sweterkowej-z-dekoracyjnym-sciagaczem?utm_source=blog&utm_medium=wyprzedaz&utm_campaign=270325\" class=\"product-block-url\" target=\"_blank\">\r\n                    <div class=\"product-block-image\">\r\n                        <img decoding=\"async\" width=\"300\" height=\"400\" src=\"https:\/\/bialcon.pl\/picture\/bluzka-z-brazowej-dzianiny-sweterkowej-z-dekoracyjnym-sciagaczem.jpg\" alt=\"Bluzka z br\u0105zowej dzianiny sweterkowej z dekoracyjnym \u015bci\u0105gaczem\">\r\n                    <\/div>\r\n                    <div class=\"product-block-name\">\r\n                        <p>Bluzka z br\u0105zowej dzianiny sweterkowej z dekoracyjnym \u015bci\u0105gaczem<\/p>\r\n                    <\/div>\r\n                <\/a>\r\n            <\/div>\r\n                    <div class=\"swiper-slide product-block-item\" data-id=\"147544\">\r\n                <a href=\"https:\/\/bialcon.pl\/bluzka-ecru-z-dzianiny-sweterkowej-z-dekoracyjnym-sciagaczem?utm_source=blog&utm_medium=wyprzedaz&utm_campaign=270325\" class=\"product-block-url\" target=\"_blank\">\r\n                    <div class=\"product-block-image\">\r\n                        <img decoding=\"async\" width=\"300\" height=\"400\" src=\"https:\/\/bialcon.pl\/picture\/bluzka-ecru-z-dzianiny-sweterkowej-z-dekoracyjnym-sciagaczem_1.jpg\" alt=\"Bluzka ecru z dzianiny sweterkowej z dekoracyjnym \u015bci\u0105gaczem\">\r\n                    <\/div>\r\n                    <div class=\"product-block-name\">\r\n                        <p>Bluzka ecru z dzianiny sweterkowej z dekoracyjnym \u015bci\u0105gaczem<\/p>\r\n                    <\/div>\r\n                <\/a>\r\n            <\/div>\r\n            <\/div>\r\n<\/div>\r\n\n\n\n\n<h2 class=\"wp-block-heading\"><span class=\"ez-toc-section\" id=\"Stylizacje_z_krotka_kamizelka\"><\/span>Stylizacje z kr\u00f3tk\u0105 kamizelk\u0105<span class=\"ez-toc-section-end\"><\/span><\/h2>\n\n\n\n<p>Kr\u00f3tka kamizelka to \u015bwietna opcja na co dzie\u0144, kt\u00f3ra nadaje stylizacji lekko\u015bci i nowoczesnego charakteru. Mo\u017cesz j\u0105 nosi\u0107 zar\u00f3wno do casualowych, jak i bardziej eleganckich zestaw\u00f3w, tworz\u0105c wygodne i stylowe looki na r\u00f3\u017cne okazje. Kr\u00f3tka kamizelka doskonale komponuje si\u0119 z prost\u0105 sukienk\u0105 lub sp\u00f3dnic\u0105 midi, szczeg\u00f3lnie w ciep\u0142ych miesi\u0105cach. Taki zestaw b\u0119dzie idealny na wiosenne spacery czy letnie spotkania z przyjaci\u00f3\u0142mi. Kamizelka \u015bwietnie podkre\u015bla tali\u0119, nadaj\u0105c sylwetce kobieco\u015bci i elegancji, a zarazem zapewnia wygod\u0119.<\/p>\n\n\n\n<p>Dodatkowo, mo\u017cesz po\u0142\u0105czy\u0107 j\u0105 z bia\u0142\u0105 koszul\u0105 oraz dopasowanymi spodniami, tworz\u0105c bardziej formalny, ale wci\u0105\u017c komfortowy look. Taki zestaw sprawdzi si\u0119 doskonale w pracy, na spotkaniu biznesowym czy podczas wieczornego wyj\u015bcia. Kr\u00f3tka kamizelka dodaje charakteru i stylu, a jej klasyczny fason pasuje niemal do ka\u017cdej sylwetki. Tego typu stylizacja b\u0119dzie wygl\u0105da\u0107 elegancko, ale jednocze\u015bnie lekko i \u015bwie\u017co.<\/p>\n\n\n\r\n<div class=\"product-block-container swiper mySwiperProductBlock\">\r\n    <div class=\"product-block-swiper swiper-wrapper\">\r\n                    <div class=\"swiper-slide product-block-item\" data-id=\"147522\">\r\n                <a href=\"https:\/\/bialcon.pl\/bawelniana-letnia-sukienka-z-paskiem-w-kolorze-oliwki?utm_source=blog&utm_medium=wyprzedaz&utm_campaign=270325\" class=\"product-block-url\" target=\"_blank\">\r\n                    <div class=\"product-block-image\">\r\n                        <img decoding=\"async\" width=\"300\" height=\"400\" src=\"https:\/\/bialcon.pl\/picture\/bawelniana-letnia-sukienka-z-paskiem-w-kolorze-oliwki_1.jpg\" alt=\"Bawe\u0142niana letnia sukienka z paskiem w kolorze oliwki\">\r\n                    <\/div>\r\n                    <div class=\"product-block-name\">\r\n                        <p>Bawe\u0142niana letnia sukienka z paskiem w kolorze oliwki<\/p>\r\n                    <\/div>\r\n                <\/a>\r\n            <\/div>\r\n                    <div class=\"swiper-slide product-block-item\" data-id=\"147559\">\r\n                <a href=\"https:\/\/bialcon.pl\/letnia-sukienka-z-fakturowanej-bezowej-tkaniny-wiskozowej?utm_source=blog&utm_medium=wyprzedaz&utm_campaign=270325\" class=\"product-block-url\" target=\"_blank\">\r\n                    <div class=\"product-block-image\">\r\n                        <img decoding=\"async\" width=\"300\" height=\"400\" src=\"https:\/\/bialcon.pl\/picture\/letnia-sukienka-z-fakturowanej-bezowej-tkaniny-wiskozowej.jpg\" alt=\"Letnia sukienka z fakturowanej be\u017cowej tkaniny wiskozowej\">\r\n                    <\/div>\r\n                    <div class=\"product-block-name\">\r\n                        <p>Letnia sukienka z fakturowanej be\u017cowej tkaniny wiskozowej<\/p>\r\n                    <\/div>\r\n                <\/a>\r\n            <\/div>\r\n                    <div class=\"swiper-slide product-block-item\" data-id=\"147584\">\r\n                <a href=\"https:\/\/bialcon.pl\/czarna-sukienka-z-gumka-w-talii?utm_source=blog&utm_medium=wyprzedaz&utm_campaign=270325\" class=\"product-block-url\" target=\"_blank\">\r\n                    <div class=\"product-block-image\">\r\n                        <img decoding=\"async\" width=\"300\" height=\"400\" src=\"https:\/\/bialcon.pl\/picture\/czarna-sukienka-z-gumka-w-talii_2.jpg\" alt=\"Czarna sukienka z gumk\u0105 w talii\">\r\n                    <\/div>\r\n                    <div class=\"product-block-name\">\r\n                        <p>Czarna sukienka z gumk\u0105 w talii<\/p>\r\n                    <\/div>\r\n                <\/a>\r\n            <\/div>\r\n            <\/div>\r\n<\/div>\r\n\n\n\n\n<h2 class=\"wp-block-heading\"><span class=\"ez-toc-section\" id=\"Stylizacje_z_dluga_kamizelka\"><\/span>Stylizacje z d\u0142ug\u0105 kamizelk\u0105<span class=\"ez-toc-section-end\"><\/span><\/h2>\n\n\n\n<p>D\u0142ug\u0105 kamizelk\u0119 proponujemy kobietom, kt\u00f3re ceni\u0105 elegancj\u0119, ale tak\u017ce wygod\u0119 w codziennych stylizacjach. Jest to ponadczasowy element garderoby i \u015bwietny pomys\u0142, by uzyska\u0107 wyrafinowany wygl\u0105d. D\u0142uga kamizelka \u015bwietnie komponuje si\u0119 zar\u00f3wno w zestawieniach casualowych, jak i na bardziej formalne okazje. Mo\u017cna j\u0105 nosi\u0107 na r\u00f3\u017cne sposoby \u2013 na przyk\u0142ad z klasycznym swetrem, jak i w cieplejsze dni, zak\u0142adaj\u0105c j\u0105 na cienk\u0105 bluzk\u0119 lub top bez r\u0119kaw\u00f3w.<\/p>\n\n\n\n<p>Do takiej kamizelki doskonale pasuje elegancka sukienka \u2013 prosta, ale efektowna, najlepiej w stonowanych kolorach, kt\u00f3re podkre\u015bl\u0105 subteln\u0105 elegancj\u0119 ca\u0142o\u015bci. D\u0142ug\u0105 kamizelk\u0119 warto po\u0142\u0105czy\u0107 r\u00f3wnie\u017c z jedwabn\u0105 koszul\u0105, tworz\u0105c zestaw na wyj\u0105tkowe okazje. Taki look sprawdzi si\u0119 na spotkania biznesowe, wieczorne wyj\u015bcia czy eleganckie kolacje. Ca\u0142o\u015b\u0107 mo\u017cna dope\u0142ni\u0107 subtelnymi dodatkami, takimi jak z\u0142ote kolczyki, torebka na \u0142a\u0144cuszku czy klasyczne szpilki, kt\u00f3re wprowadz\u0105 styl i elegancj\u0119 do ka\u017cdej sytuacji.<\/p>\n\n\n\r\n<div class=\"product-block-container swiper mySwiperProductBlock\">\r\n    <div class=\"product-block-swiper swiper-wrapper\">\r\n                    <div class=\"swiper-slide product-block-item\" data-id=\"147504\">\r\n                <a href=\"https:\/\/bialcon.pl\/codzienny-wygodny-top-z-brazowej-dzianiny?utm_source=blog&utm_medium=wyprzedaz&utm_campaign=270325\" class=\"product-block-url\" target=\"_blank\">\r\n                    <div class=\"product-block-image\">\r\n                        <img decoding=\"async\" width=\"300\" height=\"400\" src=\"https:\/\/bialcon.pl\/picture\/codzienny-wygodny-top-z-brazowej-dzianiny.jpg\" alt=\"Codzienny wygodny top z br\u0105zowej dzianiny\">\r\n                    <\/div>\r\n                    <div class=\"product-block-name\">\r\n                        <p>Codzienny wygodny top z br\u0105zowej dzianiny<\/p>\r\n                    <\/div>\r\n                <\/a>\r\n            <\/div>\r\n                    <div class=\"swiper-slide product-block-item\" data-id=\"147510\">\r\n                <a href=\"https:\/\/bialcon.pl\/brazowy-dzianinowy-top-z-dekoltem?utm_source=blog&utm_medium=wyprzedaz&utm_campaign=270325\" class=\"product-block-url\" target=\"_blank\">\r\n                    <div class=\"product-block-image\">\r\n                        <img decoding=\"async\" width=\"300\" height=\"400\" src=\"https:\/\/bialcon.pl\/picture\/brazowy-dzianinowy-top-z-dekoltem_10.jpg\" alt=\"Br\u0105zowy dzianinowy top z dekoltem\">\r\n                    <\/div>\r\n                    <div class=\"product-block-name\">\r\n                        <p>Br\u0105zowy dzianinowy top z dekoltem<\/p>\r\n                    <\/div>\r\n                <\/a>\r\n            <\/div>\r\n                    <div class=\"swiper-slide product-block-item\" data-id=\"147631\">\r\n                <a href=\"https:\/\/bialcon.pl\/ceglany-top-z-dzianiny-wiskozowej?utm_source=blog&utm_medium=wyprzedaz&utm_campaign=270325\" class=\"product-block-url\" target=\"_blank\">\r\n                    <div class=\"product-block-image\">\r\n                        <img decoding=\"async\" width=\"300\" height=\"400\" src=\"https:\/\/bialcon.pl\/picture\/ceglany-top-z-dzianiny-wiskozowej_1.jpg\" alt=\"Ceglany top z dzianiny wiskozowej\">\r\n                    <\/div>\r\n                    <div class=\"product-block-name\">\r\n                        <p>Ceglany top z dzianiny wiskozowej<\/p>\r\n                    <\/div>\r\n                <\/a>\r\n            <\/div>\r\n            <\/div>\r\n<\/div>\r\n\n\n\n\n<h2 class=\"wp-block-heading\"><span class=\"ez-toc-section\" id=\"Modne_kamizelki_damskie\"><\/span>Modne kamizelki damskie<span class=\"ez-toc-section-end\"><\/span><\/h2>\n\n\n\n<p>Modne kamizelki damskie warto traktowa\u0107 jak absolutny must-have, kt\u00f3ry ka\u017cda kobieta powinna mie\u0107 w swojej szafie. S\u0105 nie tylko praktycznym, ale przede wszystkim stylowym elementem garderoby, kt\u00f3ry pozwala na tworzenie r\u00f3\u017cnorodnych, modnych zestaw\u00f3w na ka\u017cd\u0105 okazj\u0119. Kamizelki dost\u0119pne s\u0105 w wielu fasonach, materia\u0142ach i kolorach, dzi\u0119ki czemu ka\u017cda kobieta mo\u017ce znale\u017a\u0107 idealny model dopasowany do swojego stylu i indywidualnych potrzeb. Niezale\u017cnie od tego, czy preferujesz elegancj\u0119, casualowy luz, czy nowoczesny, streetwearowy look \u2013 kamizelka z pewno\u015bci\u0105 b\u0119dzie doskona\u0142ym uzupe\u0142nieniem Twojej garderoby.<\/p>\n\n\n\n<p>Wybieraj\u0105c kamizelk\u0119, warto zwr\u00f3ci\u0107 uwag\u0119 na fason, kt\u00f3ry b\u0119dzie najbardziej odpowiedni do sylwetki oraz okazji. Kamizelki z tkanin naturalnych, takich jak len czy bawe\u0142na, \u015bwietnie sprawdz\u0105 si\u0119 w cieplejsze dni, natomiast we\u0142niane modele to idealny wyb\u00f3r na ch\u0142odniejsze pory roku.<\/p>\n\n\n\n<h2 class=\"wp-block-heading\"><span class=\"ez-toc-section\" id=\"Damskie_kamizelki_garniturowe\"><\/span>Damskie kamizelki garniturowe<span class=\"ez-toc-section-end\"><\/span><\/h2>\n\n\n\n<p>Damskie kamizelki garniturowe stanowi\u0105 doskona\u0142\u0105 opcj\u0119 dla kobiet, kt\u00f3re pragn\u0105 wygl\u0105da\u0107 elegancko, ale jednocze\u015bnie czu\u0107 si\u0119 komfortowo. Oto \u015bwietny wyb\u00f3r na bardziej formalne okazje, takie jak spotkania biznesowe, wieczorne wyj\u015bcia czy eleganckie kolacje. Kamizelka garniturowa dodaje klasy i wyrafinowania, idealnie komponuj\u0105c si\u0119 z eleganckimi zestawami. Mo\u017cna j\u0105 nosi\u0107 na specjalne okazje, zestawiaj\u0105c z klasyczn\u0105 koszul\u0105 lub dopasowan\u0105 sukienk\u0105, tworz\u0105c szykowny look. W po\u0142\u0105czeniu z prost\u0105 sukienk\u0105, kamizelka garniturowa podkre\u015bla tali\u0119, nadaj\u0105c sylwetce kobiecy, ale elegancki wygl\u0105d.<\/p>\n\n\n\r\n<div class=\"product-block-container swiper mySwiperProductBlock\">\r\n    <div class=\"product-block-swiper swiper-wrapper\">\r\n                    <div class=\"swiper-slide product-block-item\" data-id=\"146366\">\r\n                <a href=\"https:\/\/bialcon.pl\/bawelniana-biala-koszula-o-prostym-luznym-kroju?utm_source=blog&utm_medium=wyprzedaz&utm_campaign=270325\" class=\"product-block-url\" target=\"_blank\">\r\n                    <div class=\"product-block-image\">\r\n                        <img decoding=\"async\" width=\"300\" height=\"400\" src=\"https:\/\/bialcon.pl\/picture\/bawelniana-biala-koszula-o-prostym-luznym-kroju.jpg\" alt=\"Bawe\u0142niana bia\u0142a koszula o prostym lu\u017anym kroju\">\r\n                    <\/div>\r\n                    <div class=\"product-block-name\">\r\n                        <p>Bawe\u0142niana bia\u0142a koszula o prostym lu\u017anym kroju<\/p>\r\n                    <\/div>\r\n                <\/a>\r\n            <\/div>\r\n                    <div class=\"swiper-slide product-block-item\" data-id=\"146446\">\r\n                <a href=\"https:\/\/bialcon.pl\/elegancka-biala-koszula-z-zabotem?utm_source=blog&utm_medium=wyprzedaz&utm_campaign=270325\" class=\"product-block-url\" target=\"_blank\">\r\n                    <div class=\"product-block-image\">\r\n                        <img decoding=\"async\" width=\"300\" height=\"400\" src=\"https:\/\/bialcon.pl\/picture\/elegancka-biala-koszula-z-zabotem_5.jpg\" alt=\"Elegancka bia\u0142a koszula z \u017cabotem\">\r\n                    <\/div>\r\n                    <div class=\"product-block-name\">\r\n                        <p>Elegancka bia\u0142a koszula z \u017cabotem<\/p>\r\n                    <\/div>\r\n                <\/a>\r\n            <\/div>\r\n                    <div class=\"swiper-slide product-block-item\" data-id=\"146231\">\r\n                <a href=\"https:\/\/bialcon.pl\/biala-dluga-koszula-z-oryginalnym-paskiem?utm_source=blog&utm_medium=wyprzedaz&utm_campaign=270325\" class=\"product-block-url\" target=\"_blank\">\r\n                    <div class=\"product-block-image\">\r\n                        <img decoding=\"async\" width=\"300\" height=\"400\" src=\"https:\/\/bialcon.pl\/picture\/biala-dluga-koszula-z-oryginalnym-paskiem_1.jpg\" alt=\"Bia\u0142a d\u0142uga koszula z oryginalnym paskiem\">\r\n                    <\/div>\r\n                    <div class=\"product-block-name\">\r\n                        <p>Bia\u0142a d\u0142uga koszula z oryginalnym paskiem<\/p>\r\n                    <\/div>\r\n                <\/a>\r\n            <\/div>\r\n            <\/div>\r\n<\/div>\r\n\n\n\n\n<h2 class=\"wp-block-heading\"><span class=\"ez-toc-section\" id=\"Jakie_dodatki_pasuja_do_kamizelki_damskiej\"><\/span>Jakie dodatki pasuj\u0105 do kamizelki damskiej?<span class=\"ez-toc-section-end\"><\/span><\/h2>\n\n\n\n<p>Do damskiej kamizelki \u015bwietnie pasuj\u0105 delikatne i eleganckie dodatki, kt\u00f3re podkre\u015bl\u0105 jej charakter. Je\u015bli wybierasz klasyczn\u0105, eleganck\u0105 kamizelk\u0119, warto postawi\u0107 na subteln\u0105 bi\u017cuteri\u0119, tak\u0105 jak cienkie \u0142a\u0144cuszki, minimalistyczne kolczyki czy eleganckie broszki. W ch\u0142odniejsze dni doskona\u0142ym uzupe\u0142nieniem b\u0119dzie jedwabna apaszka, kt\u00f3ra doda szyku i wyrafinowania. Do bardziej formalnych stylizacji sprawdz\u0105 si\u0119 r\u00f3wnie\u017c stylowe zegarki oraz cienkie paski podkre\u015blaj\u0105ce tali\u0119.<\/p>\n\n\n\r\n<div class=\"product-block-container swiper mySwiperProductBlock\">\r\n    <div class=\"product-block-swiper swiper-wrapper\">\r\n                    <div class=\"swiper-slide product-block-item\" data-id=\"147707\">\r\n                <a href=\"https:\/\/bialcon.pl\/broszka-kwiat-z-czarnego-tiulu?utm_source=blog&utm_medium=wyprzedaz&utm_campaign=270325\" class=\"product-block-url\" target=\"_blank\">\r\n                    <div class=\"product-block-image\">\r\n                        <img decoding=\"async\" width=\"300\" height=\"400\" src=\"https:\/\/bialcon.pl\/picture\/broszka-kwiat-czarny.jpg\" alt=\"Broszka kwiat z czarnego tiulu\">\r\n                    <\/div>\r\n                    <div class=\"product-block-name\">\r\n                        <p>Broszka kwiat z czarnego tiulu<\/p>\r\n                    <\/div>\r\n                <\/a>\r\n            <\/div>\r\n                    <div class=\"swiper-slide product-block-item\" data-id=\"147656\">\r\n                <a href=\"https:\/\/bialcon.pl\/stylowa-broszka-z-efektowym-zielonym-kamieniem?utm_source=blog&utm_medium=wyprzedaz&utm_campaign=270325\" class=\"product-block-url\" target=\"_blank\">\r\n                    <div class=\"product-block-image\">\r\n                        <img decoding=\"async\" width=\"300\" height=\"400\" src=\"https:\/\/bialcon.pl\/picture\/broszka-br97494.jpeg\" alt=\"Stylowa broszka z efektowym zielonym kamieniem\">\r\n                    <\/div>\r\n                    <div class=\"product-block-name\">\r\n                        <p>Stylowa broszka z efektowym zielonym kamieniem<\/p>\r\n                    <\/div>\r\n                <\/a>\r\n            <\/div>\r\n                    <div class=\"swiper-slide product-block-item\" data-id=\"147658\">\r\n                <a href=\"https:\/\/bialcon.pl\/bransoletka-z-metalu-szczotkowanego-i-skory-naturalnej?utm_source=blog&utm_medium=wyprzedaz&utm_campaign=270325\" class=\"product-block-url\" target=\"_blank\">\r\n                    <div class=\"product-block-image\">\r\n                        <img decoding=\"async\" width=\"300\" height=\"400\" src=\"https:\/\/bialcon.pl\/picture\/bransoletka-z-metalu-szczotkowanego-i-skory-naturalnej.jpeg\" alt=\"Bransoletka z metalu szczotkowanego i sk\u00f3ry naturalnej\">\r\n                    <\/div>\r\n                    <div class=\"product-block-name\">\r\n                        <p>Bransoletka z metalu szczotkowanego i sk\u00f3ry naturalnej<\/p>\r\n                    <\/div>\r\n                <\/a>\r\n            <\/div>\r\n            <\/div>\r\n<\/div>\r\n\n\n\n\n<h2 class=\"wp-block-heading\"><span class=\"ez-toc-section\" id=\"Wyraziste_dodatki_do_kamizelki\"><\/span>Wyraziste dodatki do kamizelki<span class=\"ez-toc-section-end\"><\/span><\/h2>\n\n\n\n<p>W przypadku casualowych lub bardziej odwa\u017cnych zestaw\u00f3w mo\u017cna postawi\u0107 na wyraziste dodatki. D\u0142ugie naszyjniki, szerokie bransolety czy du\u017ce kolczyki dodadz\u0105 stylizacji charakteru i oryginalno\u015bci. Kamizelka \u015bwietnie komponuje si\u0119 tak\u017ce z kapeluszami, zw\u0142aszcza w stylu fedora czy beretami, kt\u00f3re nadaj\u0105 jej artystycznego sznytu. Torebka r\u00f3wnie\u017c ma znaczenie \u2013 do eleganckiego zestawu najlepiej sprawdzi si\u0119 kopert\u00f3wka lub ma\u0142a torebka na \u0142a\u0144cuszku, natomiast do codziennych stylizacji mo\u017cna dobra\u0107 shopperk\u0119 lub stylowy plecak.<\/p>\n\n\n\n<p>Kamizelka to wszechstronny element garderoby, kt\u00f3ry pasuje do r\u00f3\u017cnych stylizacji. Wybieraj\u0105c j\u0105, warto dopasowa\u0107 do swojego stylu i okazji. Kamizelki garniturowe sprawdz\u0105 si\u0119 \u015bwietnie na eleganckie wyj\u015bcia, dodaj\u0105c klasy i szyku ka\u017cdemu lookowi.<\/p>\n\n\n\r\n<div class=\"product-block-container swiper mySwiperProductBlock\">\r\n    <div class=\"product-block-swiper swiper-wrapper\">\r\n                    <div class=\"swiper-slide product-block-item\" data-id=\"147797\">\r\n                <a href=\"https:\/\/bialcon.pl\/duza-skorzana-brazowa-torba-na-co-dzien?utm_source=blog&utm_medium=wyprzedaz&utm_campaign=270325\" class=\"product-block-url\" target=\"_blank\">\r\n                    <div class=\"product-block-image\">\r\n                        <img decoding=\"async\" width=\"300\" height=\"400\" src=\"https:\/\/bialcon.pl\/picture\/duza-skorzana-brazowa-torba-na-co-dzien.jpg\" alt=\"Du\u017ca sk\u00f3rzana br\u0105zowa torba na co dzie\u0144\">\r\n                    <\/div>\r\n                    <div class=\"product-block-name\">\r\n                        <p>Du\u017ca sk\u00f3rzana br\u0105zowa torba na co dzie\u0144<\/p>\r\n                    <\/div>\r\n                <\/a>\r\n            <\/div>\r\n                    <div class=\"swiper-slide product-block-item\" data-id=\"147798\">\r\n                <a href=\"https:\/\/bialcon.pl\/duza-skorzana-bezowa-torba-na-co-dzien?utm_source=blog&utm_medium=wyprzedaz&utm_campaign=270325\" class=\"product-block-url\" target=\"_blank\">\r\n                    <div class=\"product-block-image\">\r\n                        <img decoding=\"async\" width=\"300\" height=\"400\" src=\"https:\/\/bialcon.pl\/picture\/torba-m8044-bezowy-karen.jpg\" alt=\"Du\u017ca sk\u00f3rzana be\u017cowa torba na co dzie\u0144\">\r\n                    <\/div>\r\n                    <div class=\"product-block-name\">\r\n                        <p>Du\u017ca sk\u00f3rzana be\u017cowa torba na co dzie\u0144<\/p>\r\n                    <\/div>\r\n                <\/a>\r\n            <\/div>\r\n                    <div class=\"swiper-slide product-block-item\" data-id=\"147799\">\r\n                <a href=\"https:\/\/bialcon.pl\/karmelowa-torebka-z-wysokogatunkowej-skory-naturalnej?utm_source=blog&utm_medium=wyprzedaz&utm_campaign=270325\" class=\"product-block-url\" target=\"_blank\">\r\n                    <div class=\"product-block-image\">\r\n                        <img decoding=\"async\" width=\"300\" height=\"400\" src=\"https:\/\/bialcon.pl\/picture\/torba-k772-bis-bezowy-karen_3.webp\" alt=\"Karmelowa torebka z wysokogatunkowej sk\u00f3ry naturalnej\">\r\n                    <\/div>\r\n                    <div class=\"product-block-name\">\r\n                        <p>Karmelowa torebka z wysokogatunkowej sk\u00f3ry naturalnej<\/p>\r\n                    <\/div>\r\n                <\/a>\r\n            <\/div>\r\n            <\/div>\r\n<\/div>\r\n\n","protected":false},"excerpt":{"rendered":"<p>Kamizelka \u2013 modny dodatek, kt\u00f3ry pasuje zar\u00f3wno do codziennych, jak i bardziej eleganckich stylizacji, dodaj\u0105c im charakteru. Wybieraj\u0105c idealny model, warto zwr\u00f3ci\u0107 uwag\u0119 na materia\u0142, kolor i fason. We\u0142niane kamizelki sprawdz\u0105 si\u0119 jesieni\u0105 i zim\u0105, lniane i bawe\u0142niane latem, a sk\u00f3rzane sprawi\u0105, \u017ce look b\u0119dzie bardziej wyrazisty. Sprawd\u017a, jak \u0142atwo mo\u017cesz stworzy\u0107 modny z look [&hellip;]<\/p>\n","protected":false},"author":10,"featured_media":10676,"comment_status":"closed","ping_status":"open","sticky":false,"template":"","format":"standard","meta":{"_acf_changed":false,"site-sidebar-layout":"default","site-content-layout":"","ast-site-content-layout":"default","site-content-style":"default","site-sidebar-style":"default","ast-global-header-display":"","ast-banner-title-visibility":"","ast-main-header-display":"","ast-hfb-above-header-display":"","ast-hfb-below-header-display":"","ast-hfb-mobile-header-display":"","site-post-title":"","ast-breadcrumbs-content":"","ast-featured-img":"","footer-sml-layout":"","theme-transparent-header-meta":"","adv-header-id-meta":"","stick-header-meta":"","header-above-stick-meta":"","header-main-stick-meta":"","header-below-stick-meta":"","astra-migrate-meta-layouts":"set","ast-page-background-enabled":"default","ast-page-background-meta":{"desktop":{"background-color":"","background-image":"","background-repeat":"repeat","background-position":"center center","background-size":"auto","background-attachment":"scroll","background-type":"","background-media":"","overlay-type":"","overlay-color":"","overlay-opacity":"","overlay-gradient":""},"tablet":{"background-color":"","background-image":"","background-repeat":"repeat","background-position":"center center","background-size":"auto","background-attachment":"scroll","background-type":"","background-media":"","overlay-type":"","overlay-color":"","overlay-opacity":"","overlay-gradient":""},"mobile":{"background-color":"","background-image":"","background-repeat":"repeat","background-position":"center center","background-size":"auto","background-attachment":"scroll","background-type":"","background-media":"","overlay-type":"","overlay-color":"","overlay-opacity":"","overlay-gradient":""}},"ast-content-background-meta":{"desktop":{"background-color":"var(--ast-global-color-5)","background-image":"","background-repeat":"repeat","background-position":"center center","background-size":"auto","background-attachment":"scroll","background-type":"","background-media":"","overlay-type":"","overlay-color":"","overlay-opacity":"","overlay-gradient":""},"tablet":{"background-color":"var(--ast-global-color-5)","background-image":"","background-repeat":"repeat","background-position":"center center","background-size":"auto","background-attachment":"scroll","background-type":"","background-media":"","overlay-type":"","overlay-color":"","overlay-opacity":"","overlay-gradient":""},"mobile":{"background-color":"var(--ast-global-color-5)","background-image":"","background-repeat":"repeat","background-position":"center center","background-size":"auto","background-attachment":"scroll","background-type":"","background-media":"","overlay-type":"","overlay-color":"","overlay-opacity":"","overlay-gradient":""}},"footnotes":""},"categories":[10,14],"tags":[],"class_list":["post-10663","post","type-post","status-publish","format-standard","has-post-thumbnail","hentry","category-porady-stylistki","category-wszystkie-wpisy"],"acf":[],"yoast_head":"<!-- This site is optimized with the Yoast SEO plugin v27.4 - https:\/\/yoast.com\/product\/yoast-seo-wordpress\/ -->\n<title>Stylizacja z kamizelk\u0105: 7 modnych zestaw\u00f3w, kt\u00f3re musisz wypr\u00f3bowa\u0107 - Bialcon<\/title>\n<meta name=\"description\" content=\"Kamizelka \u2013 modny dodatek, kt\u00f3ry pasuje zar\u00f3wno do codziennych, jak i bardziej eleganckich stylizacji, dodaj\u0105c im charakteru.\" \/>\n<meta name=\"robots\" content=\"index, follow, max-snippet:-1, max-image-preview:large, max-video-preview:-1\" \/>\n<link rel=\"canonical\" href=\"https:\/\/bialcon.pl\/blog\/stylizacja-z-kamizelka\/\" \/>\n<meta name=\"twitter:label1\" content=\"Napisane przez\" \/>\n\t<meta name=\"twitter:data1\" content=\"Ma\u0142gorzata Brzezi\u0144ska\" \/>\n\t<meta name=\"twitter:label2\" content=\"Szacowany czas czytania\" \/>\n\t<meta name=\"twitter:data2\" content=\"7 minut\" \/>\n<script type=\"application\/ld+json\" class=\"yoast-schema-graph\">{\"@context\":\"https:\\\/\\\/schema.org\",\"@graph\":[{\"@type\":\"Article\",\"@id\":\"https:\\\/\\\/bialcon.pl\\\/blog\\\/stylizacja-z-kamizelka\\\/#article\",\"isPartOf\":{\"@id\":\"https:\\\/\\\/bialcon.pl\\\/blog\\\/stylizacja-z-kamizelka\\\/\"},\"author\":{\"name\":\"Ma\u0142gorzata Brzezi\u0144ska\",\"@id\":\"https:\\\/\\\/bialcon.pl\\\/blog\\\/#\\\/schema\\\/person\\\/cbbe4ae2297c5abd7376399985d5fabb\"},\"headline\":\"Stylizacja z kamizelk\u0105: 7 modnych zestaw\u00f3w, kt\u00f3re musisz wypr\u00f3bowa\u0107\",\"datePublished\":\"2025-03-27T09:00:00+00:00\",\"dateModified\":\"2025-11-24T12:10:05+00:00\",\"mainEntityOfPage\":{\"@id\":\"https:\\\/\\\/bialcon.pl\\\/blog\\\/stylizacja-z-kamizelka\\\/\"},\"wordCount\":1256,\"image\":{\"@id\":\"https:\\\/\\\/bialcon.pl\\\/blog\\\/stylizacja-z-kamizelka\\\/#primaryimage\"},\"thumbnailUrl\":\"https:\\\/\\\/bialcon.pl\\\/blog\\\/wp-content\\\/uploads\\\/2025\\\/03\\\/Projekt-bez-nazwy-21.png\",\"articleSection\":[\"Porady Stylistki\",\"Wszystkie wpisy\"],\"inLanguage\":\"pl-PL\"},{\"@type\":\"WebPage\",\"@id\":\"https:\\\/\\\/bialcon.pl\\\/blog\\\/stylizacja-z-kamizelka\\\/\",\"url\":\"https:\\\/\\\/bialcon.pl\\\/blog\\\/stylizacja-z-kamizelka\\\/\",\"name\":\"Stylizacja z kamizelk\u0105: 7 modnych zestaw\u00f3w, kt\u00f3re musisz wypr\u00f3bowa\u0107 - Bialcon\",\"isPartOf\":{\"@id\":\"https:\\\/\\\/bialcon.pl\\\/blog\\\/#website\"},\"primaryImageOfPage\":{\"@id\":\"https:\\\/\\\/bialcon.pl\\\/blog\\\/stylizacja-z-kamizelka\\\/#primaryimage\"},\"image\":{\"@id\":\"https:\\\/\\\/bialcon.pl\\\/blog\\\/stylizacja-z-kamizelka\\\/#primaryimage\"},\"thumbnailUrl\":\"https:\\\/\\\/bialcon.pl\\\/blog\\\/wp-content\\\/uploads\\\/2025\\\/03\\\/Projekt-bez-nazwy-21.png\",\"datePublished\":\"2025-03-27T09:00:00+00:00\",\"dateModified\":\"2025-11-24T12:10:05+00:00\",\"author\":{\"@id\":\"https:\\\/\\\/bialcon.pl\\\/blog\\\/#\\\/schema\\\/person\\\/cbbe4ae2297c5abd7376399985d5fabb\"},\"description\":\"Kamizelka \u2013 modny dodatek, kt\u00f3ry pasuje zar\u00f3wno do codziennych, jak i bardziej eleganckich stylizacji, dodaj\u0105c im charakteru.\",\"breadcrumb\":{\"@id\":\"https:\\\/\\\/bialcon.pl\\\/blog\\\/stylizacja-z-kamizelka\\\/#breadcrumb\"},\"inLanguage\":\"pl-PL\",\"potentialAction\":[{\"@type\":\"ReadAction\",\"target\":[\"https:\\\/\\\/bialcon.pl\\\/blog\\\/stylizacja-z-kamizelka\\\/\"]}]},{\"@type\":\"ImageObject\",\"inLanguage\":\"pl-PL\",\"@id\":\"https:\\\/\\\/bialcon.pl\\\/blog\\\/stylizacja-z-kamizelka\\\/#primaryimage\",\"url\":\"https:\\\/\\\/bialcon.pl\\\/blog\\\/wp-content\\\/uploads\\\/2025\\\/03\\\/Projekt-bez-nazwy-21.png\",\"contentUrl\":\"https:\\\/\\\/bialcon.pl\\\/blog\\\/wp-content\\\/uploads\\\/2025\\\/03\\\/Projekt-bez-nazwy-21.png\",\"width\":960,\"height\":850,\"caption\":\"Wizualizacja kobiety w be\u017cowej kamizelce na guziki z dekoltem V, noszonej do szerokich be\u017cowych spodni\"},{\"@type\":\"BreadcrumbList\",\"@id\":\"https:\\\/\\\/bialcon.pl\\\/blog\\\/stylizacja-z-kamizelka\\\/#breadcrumb\",\"itemListElement\":[{\"@type\":\"ListItem\",\"position\":1,\"name\":\"Strona g\u0142\u00f3wna\",\"item\":\"https:\\\/\\\/bialcon.pl\\\/blog\\\/\"},{\"@type\":\"ListItem\",\"position\":2,\"name\":\"Porady Stylistki\",\"item\":\"https:\\\/\\\/bialcon.pl\\\/blog\\\/porady-stylistki\\\/\"},{\"@type\":\"ListItem\",\"position\":3,\"name\":\"Stylizacja z kamizelk\u0105: 7 modnych zestaw\u00f3w, kt\u00f3re musisz wypr\u00f3bowa\u0107\"}]},{\"@type\":\"WebSite\",\"@id\":\"https:\\\/\\\/bialcon.pl\\\/blog\\\/#website\",\"url\":\"https:\\\/\\\/bialcon.pl\\\/blog\\\/\",\"name\":\"bialcon.pl\\\/blog\\\/\",\"description\":\"Fashion Blog w zasi\u0119gu Twojej r\u0119ki\",\"potentialAction\":[{\"@type\":\"SearchAction\",\"target\":{\"@type\":\"EntryPoint\",\"urlTemplate\":\"https:\\\/\\\/bialcon.pl\\\/blog\\\/?s={search_term_string}\"},\"query-input\":{\"@type\":\"PropertyValueSpecification\",\"valueRequired\":true,\"valueName\":\"search_term_string\"}}],\"inLanguage\":\"pl-PL\"},{\"@type\":\"Person\",\"@id\":\"https:\\\/\\\/bialcon.pl\\\/blog\\\/#\\\/schema\\\/person\\\/cbbe4ae2297c5abd7376399985d5fabb\",\"name\":\"Ma\u0142gorzata Brzezi\u0144ska\",\"image\":{\"@type\":\"ImageObject\",\"inLanguage\":\"pl-PL\",\"@id\":\"https:\\\/\\\/secure.gravatar.com\\\/avatar\\\/3fc4a4cdba63586f503a5c5711e9b04d01ab1234b186b03e727ad902b6f4912d?s=96&d=mm&r=g\",\"url\":\"https:\\\/\\\/secure.gravatar.com\\\/avatar\\\/3fc4a4cdba63586f503a5c5711e9b04d01ab1234b186b03e727ad902b6f4912d?s=96&d=mm&r=g\",\"contentUrl\":\"https:\\\/\\\/secure.gravatar.com\\\/avatar\\\/3fc4a4cdba63586f503a5c5711e9b04d01ab1234b186b03e727ad902b6f4912d?s=96&d=mm&r=g\",\"caption\":\"Ma\u0142gorzata Brzezi\u0144ska\"},\"description\":\"Autorka tre\u015bci z zakresu mody, urody i stylu \u017cycia. Tworzy artyku\u0142y i poradniki oparte na analizie trend\u00f3w oraz potrzeb u\u017cytkownik\u00f3w, \u0142\u0105cz\u0105c wiedz\u0119 z zakresu komunikacji marketingowej i praktyki contentowej. Specjalizuje si\u0119 w bran\u017cach fashion, beauty &amp; health oraz gourmet food, przygotowuj\u0105c tre\u015bci dopasowane do realnych sytuacji i wybor\u00f3w konsumenckich. Na co dzie\u0144 zajmuje si\u0119 r\u00f3wnie\u017c content marketingiem i SEO.\",\"sameAs\":[\"https:\\\/\\\/www.linkedin.com\\\/in\\\/gosia-brzezinska-827052b4\\\/\"],\"url\":\"https:\\\/\\\/bialcon.pl\\\/blog\\\/author\\\/brzezinska\\\/\"}]}<\/script>\n<!-- \/ Yoast SEO plugin. -->","yoast_head_json":{"title":"Stylizacja z kamizelk\u0105: 7 modnych zestaw\u00f3w, kt\u00f3re musisz wypr\u00f3bowa\u0107 - Bialcon","description":"Kamizelka \u2013 modny dodatek, kt\u00f3ry pasuje zar\u00f3wno do codziennych, jak i bardziej eleganckich stylizacji, dodaj\u0105c im charakteru.","robots":{"index":"index","follow":"follow","max-snippet":"max-snippet:-1","max-image-preview":"max-image-preview:large","max-video-preview":"max-video-preview:-1"},"canonical":"https:\/\/bialcon.pl\/blog\/stylizacja-z-kamizelka\/","twitter_misc":{"Napisane przez":"Ma\u0142gorzata Brzezi\u0144ska","Szacowany czas czytania":"7 minut"},"schema":{"@context":"https:\/\/schema.org","@graph":[{"@type":"Article","@id":"https:\/\/bialcon.pl\/blog\/stylizacja-z-kamizelka\/#article","isPartOf":{"@id":"https:\/\/bialcon.pl\/blog\/stylizacja-z-kamizelka\/"},"author":{"name":"Ma\u0142gorzata Brzezi\u0144ska","@id":"https:\/\/bialcon.pl\/blog\/#\/schema\/person\/cbbe4ae2297c5abd7376399985d5fabb"},"headline":"Stylizacja z kamizelk\u0105: 7 modnych zestaw\u00f3w, kt\u00f3re musisz wypr\u00f3bowa\u0107","datePublished":"2025-03-27T09:00:00+00:00","dateModified":"2025-11-24T12:10:05+00:00","mainEntityOfPage":{"@id":"https:\/\/bialcon.pl\/blog\/stylizacja-z-kamizelka\/"},"wordCount":1256,"image":{"@id":"https:\/\/bialcon.pl\/blog\/stylizacja-z-kamizelka\/#primaryimage"},"thumbnailUrl":"https:\/\/bialcon.pl\/blog\/wp-content\/uploads\/2025\/03\/Projekt-bez-nazwy-21.png","articleSection":["Porady Stylistki","Wszystkie wpisy"],"inLanguage":"pl-PL"},{"@type":"WebPage","@id":"https:\/\/bialcon.pl\/blog\/stylizacja-z-kamizelka\/","url":"https:\/\/bialcon.pl\/blog\/stylizacja-z-kamizelka\/","name":"Stylizacja z kamizelk\u0105: 7 modnych zestaw\u00f3w, kt\u00f3re musisz wypr\u00f3bowa\u0107 - Bialcon","isPartOf":{"@id":"https:\/\/bialcon.pl\/blog\/#website"},"primaryImageOfPage":{"@id":"https:\/\/bialcon.pl\/blog\/stylizacja-z-kamizelka\/#primaryimage"},"image":{"@id":"https:\/\/bialcon.pl\/blog\/stylizacja-z-kamizelka\/#primaryimage"},"thumbnailUrl":"https:\/\/bialcon.pl\/blog\/wp-content\/uploads\/2025\/03\/Projekt-bez-nazwy-21.png","datePublished":"2025-03-27T09:00:00+00:00","dateModified":"2025-11-24T12:10:05+00:00","author":{"@id":"https:\/\/bialcon.pl\/blog\/#\/schema\/person\/cbbe4ae2297c5abd7376399985d5fabb"},"description":"Kamizelka \u2013 modny dodatek, kt\u00f3ry pasuje zar\u00f3wno do codziennych, jak i bardziej eleganckich stylizacji, dodaj\u0105c im charakteru.","breadcrumb":{"@id":"https:\/\/bialcon.pl\/blog\/stylizacja-z-kamizelka\/#breadcrumb"},"inLanguage":"pl-PL","potentialAction":[{"@type":"ReadAction","target":["https:\/\/bialcon.pl\/blog\/stylizacja-z-kamizelka\/"]}]},{"@type":"ImageObject","inLanguage":"pl-PL","@id":"https:\/\/bialcon.pl\/blog\/stylizacja-z-kamizelka\/#primaryimage","url":"https:\/\/bialcon.pl\/blog\/wp-content\/uploads\/2025\/03\/Projekt-bez-nazwy-21.png","contentUrl":"https:\/\/bialcon.pl\/blog\/wp-content\/uploads\/2025\/03\/Projekt-bez-nazwy-21.png","width":960,"height":850,"caption":"Wizualizacja kobiety w be\u017cowej kamizelce na guziki z dekoltem V, noszonej do szerokich be\u017cowych spodni"},{"@type":"BreadcrumbList","@id":"https:\/\/bialcon.pl\/blog\/stylizacja-z-kamizelka\/#breadcrumb","itemListElement":[{"@type":"ListItem","position":1,"name":"Strona g\u0142\u00f3wna","item":"https:\/\/bialcon.pl\/blog\/"},{"@type":"ListItem","position":2,"name":"Porady Stylistki","item":"https:\/\/bialcon.pl\/blog\/porady-stylistki\/"},{"@type":"ListItem","position":3,"name":"Stylizacja z kamizelk\u0105: 7 modnych zestaw\u00f3w, kt\u00f3re musisz wypr\u00f3bowa\u0107"}]},{"@type":"WebSite","@id":"https:\/\/bialcon.pl\/blog\/#website","url":"https:\/\/bialcon.pl\/blog\/","name":"bialcon.pl\/blog\/","description":"Fashion Blog w zasi\u0119gu Twojej r\u0119ki","potentialAction":[{"@type":"SearchAction","target":{"@type":"EntryPoint","urlTemplate":"https:\/\/bialcon.pl\/blog\/?s={search_term_string}"},"query-input":{"@type":"PropertyValueSpecification","valueRequired":true,"valueName":"search_term_string"}}],"inLanguage":"pl-PL"},{"@type":"Person","@id":"https:\/\/bialcon.pl\/blog\/#\/schema\/person\/cbbe4ae2297c5abd7376399985d5fabb","name":"Ma\u0142gorzata Brzezi\u0144ska","image":{"@type":"ImageObject","inLanguage":"pl-PL","@id":"https:\/\/secure.gravatar.com\/avatar\/3fc4a4cdba63586f503a5c5711e9b04d01ab1234b186b03e727ad902b6f4912d?s=96&d=mm&r=g","url":"https:\/\/secure.gravatar.com\/avatar\/3fc4a4cdba63586f503a5c5711e9b04d01ab1234b186b03e727ad902b6f4912d?s=96&d=mm&r=g","contentUrl":"https:\/\/secure.gravatar.com\/avatar\/3fc4a4cdba63586f503a5c5711e9b04d01ab1234b186b03e727ad902b6f4912d?s=96&d=mm&r=g","caption":"Ma\u0142gorzata Brzezi\u0144ska"},"description":"Autorka tre\u015bci z zakresu mody, urody i stylu \u017cycia. Tworzy artyku\u0142y i poradniki oparte na analizie trend\u00f3w oraz potrzeb u\u017cytkownik\u00f3w, \u0142\u0105cz\u0105c wiedz\u0119 z zakresu komunikacji marketingowej i praktyki contentowej. Specjalizuje si\u0119 w bran\u017cach fashion, beauty &amp; health oraz gourmet food, przygotowuj\u0105c tre\u015bci dopasowane do realnych sytuacji i wybor\u00f3w konsumenckich. Na co dzie\u0144 zajmuje si\u0119 r\u00f3wnie\u017c content marketingiem i SEO.","sameAs":["https:\/\/www.linkedin.com\/in\/gosia-brzezinska-827052b4\/"],"url":"https:\/\/bialcon.pl\/blog\/author\/brzezinska\/"}]}},"_links":{"self":[{"href":"https:\/\/bialcon.pl\/blog\/wp-json\/wp\/v2\/posts\/10663","targetHints":{"allow":["GET"]}}],"collection":[{"href":"https:\/\/bialcon.pl\/blog\/wp-json\/wp\/v2\/posts"}],"about":[{"href":"https:\/\/bialcon.pl\/blog\/wp-json\/wp\/v2\/types\/post"}],"author":[{"embeddable":true,"href":"https:\/\/bialcon.pl\/blog\/wp-json\/wp\/v2\/users\/10"}],"replies":[{"embeddable":true,"href":"https:\/\/bialcon.pl\/blog\/wp-json\/wp\/v2\/comments?post=10663"}],"version-history":[{"count":3,"href":"https:\/\/bialcon.pl\/blog\/wp-json\/wp\/v2\/posts\/10663\/revisions"}],"predecessor-version":[{"id":11929,"href":"https:\/\/bialcon.pl\/blog\/wp-json\/wp\/v2\/posts\/10663\/revisions\/11929"}],"wp:featuredmedia":[{"embeddable":true,"href":"https:\/\/bialcon.pl\/blog\/wp-json\/wp\/v2\/media\/10676"}],"wp:attachment":[{"href":"https:\/\/bialcon.pl\/blog\/wp-json\/wp\/v2\/media?parent=10663"}],"wp:term":[{"taxonomy":"category","embeddable":true,"href":"https:\/\/bialcon.pl\/blog\/wp-json\/wp\/v2\/categories?post=10663"},{"taxonomy":"post_tag","embeddable":true,"href":"https:\/\/bialcon.pl\/blog\/wp-json\/wp\/v2\/tags?post=10663"}],"curies":[{"name":"wp","href":"https:\/\/api.w.org\/{rel}","templated":true}]}}