{"id":10619,"date":"2025-03-13T10:00:00","date_gmt":"2025-03-13T09:00:00","guid":{"rendered":"https:\/\/bialcon.pl\/blog\/?p=10619"},"modified":"2025-11-24T13:08:14","modified_gmt":"2025-11-24T12:08:14","slug":"dlugi-plaszcz-do-kostek-jak-go-nosic","status":"publish","type":"post","link":"https:\/\/bialcon.pl\/blog\/dlugi-plaszcz-do-kostek-jak-go-nosic\/","title":{"rendered":"D\u0142ugi p\u0142aszcz do kostek \u2013 jak go nosi\u0107, aby wygl\u0105da\u0107 stylowo?"},"content":{"rendered":"\n<p>D\u0142ugi p\u0142aszcz pikowany to doskona\u0142a propozycja dla kobiet wysokich, szczeg\u00f3lnie warto go nosi\u0107 w sezonie zimowym. Jego d\u0142ugo\u015b\u0107 zapewnia optymaln\u0105 ochron\u0119 przed zimnem, a odpowiedni kr\u00f3j mo\u017ce podkre\u015bli\u0107 atuty figury, nadaj\u0105c sylwetce smuk\u0142o\u015bci i elegancji. P\u0142aszcze si\u0119gaj\u0105ce za kolano lub do po\u0142owy \u0142ydki sprawiaj\u0105, \u017ce sylwetka wydaje si\u0119 bardziej proporcjonalna, co jest szczeg\u00f3lnie istotne dla wysokich kobiet. Modele z paskiem w talii pozwalaj\u0105 dodatkowo podkre\u015bli\u0107 kobiece kszta\u0142ty, a fasony oversize zapewniaj\u0105 nowoczesny, nonszalancki look. Sprawd\u017a, jak nosi\u0107 d\u0142ugi p\u0142aszcz i czu\u0107 si\u0119 komfortowo.<\/p>\n\n\n\n<h2 class=\"wp-block-heading\">Wyb\u00f3r d\u0142ugiego p\u0142aszcza<\/h2>\n\n\n\n<p>Podczas wyboru d\u0142ugiego p\u0142aszcza warto zwr\u00f3ci\u0107 uwag\u0119 na materia\u0142 oraz kolor. Tkaniny wysokiej jako\u015bci, takie jak we\u0142na, kaszmir czy mieszanki z dodatkiem alpaki, gwarantuj\u0105 nie tylko ciep\u0142o, ale tak\u017ce trwa\u0142o\u015b\u0107 i elegancki wygl\u0105d. Je\u015bli zale\u017cy nam na jeszcze lepszej ochronie przed mrozem, dobrym wyborem b\u0119d\u0105 p\u0142aszcze pikowane z wype\u0142nieniem z naturalnego puchu lub nowoczesnych materia\u0142\u00f3w syntetycznych. Pikowane modele s\u0105 wyj\u0105tkowo lekkie, a jednocze\u015bnie skutecznie zapewniaj\u0105 ciep\u0142o podczas niskich temperatur, jest to wi\u0119c idealny wyb\u00f3r modowy na zim\u0119.<\/p>\n\n\n\n<p>Kolor p\u0142aszcza ma du\u017ce znaczenie zar\u00f3wno pod wzgl\u0119dem estetycznym, jak i praktycznym. Klasycznym i ponadczasowym wyborem jest d\u0142ugi p\u0142aszcz pikowany w kolorze be\u017cowym, kt\u00f3ry doskonale komponuje si\u0119 z innymi barwami i pasuje do wielu stylizacji. Be\u017c to neutralny odcie\u0144, kt\u00f3ry \u015bwietnie wsp\u00f3\u0142gra z br\u0105zami, biel\u0105, czerni\u0105, a nawet bardziej wyrazistymi kolorami, jak butelkowa ziele\u0144 czy bordo. Dla mi\u0142o\u015bniczek klasyki r\u00f3wnie dobrym wyborem b\u0119dzie p\u0142aszcz w stonowanej kolorystyce, czyli odcieniu np. camelowym, szarym \u2013 te barwy nigdy nie wychodz\u0105 z mody i pasuj\u0105 zar\u00f3wno do codziennych, jak i eleganckich stylizacji. Czarny d\u0142ugi p\u0142aszcz to klasyka gatunku i uniwersalny element garderoby, \u015bwietnie sprawdza si\u0119 w zimowych stylizacjach, z uwagi na walory praktyczne.<\/p>\n\n\n\n<p>Kobiety, kt\u00f3re preferuj\u0105 odwa\u017cniejsze rozwi\u0105zania, mog\u0105 postawi\u0107 na d\u0142ugie p\u0142aszcze w intensywnych kolorach, takich jak czerwie\u0144, granat, butelkowa ziele\u0144 czy g\u0142\u0119boki fiolet. W ostatnich sezonach coraz wi\u0119ksz\u0105 popularno\u015b\u0107 zyskuj\u0105 r\u00f3wnie\u017c p\u0142aszcze w krat\u0119, pepitk\u0119 czy inne modne wzory, kt\u00f3re dodaj\u0105 charakteru nawet najprostszej stylizacji.<\/p>\n\n\n\n<p>Opr\u00f3cz koloru i materia\u0142u warto zwr\u00f3ci\u0107 uwag\u0119 na detale, kt\u00f3re wp\u0142ywaj\u0105 na wygod\u0119 i funkcjonalno\u015b\u0107 p\u0142aszcza. Modele z g\u0142\u0119bokim kapturem i wysokim ko\u0142nierzem skutecznie chroni\u0105 przed wiatrem i \u015bniegiem, natomiast wersje z du\u017cymi kieszeniami s\u0105 praktyczne na co dzie\u0144. Z kolei guziki czy zamki b\u0142yskawiczne mog\u0105 podkre\u015bla\u0107 styl p\u0142aszcza \u2013 klasyczne jednorz\u0119dowe zapi\u0119cia nadaj\u0105 mu formalnego wygl\u0105du, podczas gdy modele dwurz\u0119dowe s\u0105 bardziej eleganckie i stylowe.<\/p>\n\n\n\r\n<div class=\"product-block-container swiper mySwiperProductBlock\">\r\n    <div class=\"product-block-swiper swiper-wrapper\">\r\n                    <div class=\"swiper-slide product-block-item\" data-id=\"147782\">\r\n                <a href=\"https:\/\/bialcon.pl\/czarny-dwurzedowy-trencz-z-podszewka-i-paskiem?utm_source=blog&utm_medium=wyprzedaz&utm_campaign=130325\" class=\"product-block-url\" target=\"_blank\">\r\n                    <div class=\"product-block-image\">\r\n                        <img decoding=\"async\" width=\"300\" height=\"400\" src=\"https:\/\/bialcon.pl\/picture\/kurtka-ble-262678-f-czarny_2.jpg\" alt=\"Czarny dwurz\u0119dowy trencz z podszewk\u0105 i paskiem\">\r\n                    <\/div>\r\n                    <div class=\"product-block-name\">\r\n                        <p>Czarny dwurz\u0119dowy trencz z podszewk\u0105 i paskiem<\/p>\r\n                    <\/div>\r\n                <\/a>\r\n            <\/div>\r\n                    <div class=\"swiper-slide product-block-item\" data-id=\"147681\">\r\n                <a href=\"https:\/\/bialcon.pl\/prosty-kremowy-plaszcz-z-wiazaniem?utm_source=blog&utm_medium=wyprzedaz&utm_campaign=130325\" class=\"product-block-url\" target=\"_blank\">\r\n                    <div class=\"product-block-image\">\r\n                        <img decoding=\"async\" width=\"300\" height=\"400\" src=\"https:\/\/bialcon.pl\/picture\/plaszcz-carmen-ecru-relis.jpg\" alt=\"Prosty kremowy p\u0142aszcz z wi\u0105zaniem\">\r\n                    <\/div>\r\n                    <div class=\"product-block-name\">\r\n                        <p>Prosty kremowy p\u0142aszcz z wi\u0105zaniem<\/p>\r\n                    <\/div>\r\n                <\/a>\r\n            <\/div>\r\n                    <div class=\"swiper-slide product-block-item\" data-id=\"147682\">\r\n                <a href=\"https:\/\/bialcon.pl\/prosty-kamelowy-plaszcz-z-wiazaniem?utm_source=blog&utm_medium=wyprzedaz&utm_campaign=130325\" class=\"product-block-url\" target=\"_blank\">\r\n                    <div class=\"product-block-image\">\r\n                        <img decoding=\"async\" width=\"300\" height=\"400\" src=\"https:\/\/bialcon.pl\/picture\/plaszcz-carmen-bezowy-relis.jpg\" alt=\"Prosty kamelowy p\u0142aszcz z wi\u0105zaniem\">\r\n                    <\/div>\r\n                    <div class=\"product-block-name\">\r\n                        <p>Prosty kamelowy p\u0142aszcz z wi\u0105zaniem<\/p>\r\n                    <\/div>\r\n                <\/a>\r\n            <\/div>\r\n            <\/div>\r\n<\/div>\r\n\n\n\n\n<h2 class=\"wp-block-heading\">D\u0142ugi pikowany p\u0142aszcz<\/h2>\n\n\n\n<p>Elegancki p\u0142aszcz pikowany z marszczeniami to dodatkowy element, kt\u00f3ry sprawia, \u017ce stylizacja staje si\u0119 wyj\u0105tkowa. Marszczenia i dekoracyjne przeszycia nie tylko wp\u0142ywaj\u0105 na estetyk\u0119 p\u0142aszcza, ale tak\u017ce mog\u0105 pe\u0142ni\u0107 funkcj\u0119 modeluj\u0105c\u0105, nadaj\u0105c sylwetce bardziej dynamiczny wygl\u0105d. Modele z marszczeniami w talii lub w okolicy bioder sprawiaj\u0105, \u017ce p\u0142aszcz nabiera kobiecego kszta\u0142tu i podkre\u015bla proporcje cia\u0142a. Taki fason szczeg\u00f3lnie dobrze komponuje si\u0119 z nowoczesnymi, miejskimi stylizacjami \u2013 mo\u017cna go nosi\u0107 zar\u00f3wno do eleganckich kozak\u00f3w na wy\u017cszym obcasie, jak i sportowych but\u00f3w czy worker\u00f3w, tworz\u0105c nieco bardziej nonszalancki, streetwearowy look.<\/p>\n\n\n\n<p>Opr\u00f3cz klasycznych modeli warto r\u00f3wnie\u017c zwr\u00f3ci\u0107 uwag\u0119 na inne ciekawe fasony. D\u0142ugi p\u0142aszcz pikowany z paskiem w talii to idealne rozwi\u0105zanie dla kobiet, kt\u00f3re chc\u0105 podkre\u015bli\u0107 swoj\u0105 sylwetk\u0119 i nada\u0107 jej bardziej kobiecy kszta\u0142t. Pasek sprawia, \u017ce p\u0142aszcz nie wygl\u0105da na zbyt obszerny, co jest szczeg\u00f3lnie istotne przy d\u0142ugich modelach. P\u0142aszcz zimowy z futrzanym kapturem to z kolei propozycja dla tych, kt\u00f3re ceni\u0105 sobie zar\u00f3wno styl, jak i funkcjonalno\u015b\u0107 \u2013 futrzany element dodaje szyku, a jednocze\u015bnie skutecznie chroni przed zimnym wiatrem.<\/p>\n\n\n\r\n<div class=\"product-block-container swiper mySwiperProductBlock\">\r\n    <div class=\"product-block-swiper swiper-wrapper\">\r\n                    <div class=\"swiper-slide product-block-item\" data-id=\"147072\">\r\n                <a href=\"https:\/\/bialcon.pl\/zimowa-stalowa-kurtka-za-kolano-z-naturalnym-ociepleniem?utm_source=blog&utm_medium=wyprzedaz&utm_campaign=130325\" class=\"product-block-url\" target=\"_blank\">\r\n                    <div class=\"product-block-image\">\r\n                        <img decoding=\"async\" width=\"300\" height=\"400\" src=\"https:\/\/bialcon.pl\/picture\/kurtka-blh-251037-fx-niebieski.png\" alt=\"Zimowa stalowa kurtka za kolano z naturalnym ociepleniem\">\r\n                    <\/div>\r\n                    <div class=\"product-block-name\">\r\n                        <p>Zimowa stalowa kurtka za kolano z naturalnym ociepleniem<\/p>\r\n                    <\/div>\r\n                <\/a>\r\n            <\/div>\r\n                    <div class=\"swiper-slide product-block-item\" data-id=\"147075\">\r\n                <a href=\"https:\/\/bialcon.pl\/prosta-funkcjonalna-kurtka-zimowa-w-kolorze-czarnym?utm_source=blog&utm_medium=wyprzedaz&utm_campaign=130325\" class=\"product-block-url\" target=\"_blank\">\r\n                    <div class=\"product-block-image\">\r\n                        <img decoding=\"async\" width=\"300\" height=\"400\" src=\"https:\/\/bialcon.pl\/picture\/kurtka-blh-251010-f-czarny.png\" alt=\"Prosta funkcjonalna kurtka zimowa w kolorze czarnym\">\r\n                    <\/div>\r\n                    <div class=\"product-block-name\">\r\n                        <p>Prosta funkcjonalna kurtka zimowa w kolorze czarnym<\/p>\r\n                    <\/div>\r\n                <\/a>\r\n            <\/div>\r\n                    <div class=\"swiper-slide product-block-item\" data-id=\"147076\">\r\n                <a href=\"https:\/\/bialcon.pl\/prosta-funkcjonalna-kurtka-zimowa-w-kolorze-khaki?utm_source=blog&utm_medium=wyprzedaz&utm_campaign=130325\" class=\"product-block-url\" target=\"_blank\">\r\n                    <div class=\"product-block-image\">\r\n                        <img decoding=\"async\" width=\"300\" height=\"400\" src=\"https:\/\/bialcon.pl\/picture\/kurtka-blh-251010-f-khaki_6.png\" alt=\"Prosta funkcjonalna kurtka zimowa w kolorze khaki\">\r\n                    <\/div>\r\n                    <div class=\"product-block-name\">\r\n                        <p>Prosta funkcjonalna kurtka zimowa w kolorze khaki<\/p>\r\n                    <\/div>\r\n                <\/a>\r\n            <\/div>\r\n            <\/div>\r\n<\/div>\r\n\n\n\n\n<h2 class=\"wp-block-heading\">&nbsp;Jakie dodatki pasuj\u0105 do d\u0142ugiego p\u0142aszcza pikowanego?<\/h2>\n\n\n\n<h3 class=\"wp-block-heading\">Czapki, szaliki i r\u0119kawiczki \u2013 ciep\u0142o i styl<\/h3>\n\n\n\n<p>&nbsp;Czapka \u2013 Do d\u0142ugiego p\u0142aszcza pikowanego najlepiej pasuj\u0105 grube, we\u0142niane czapki beanie, kt\u00f3re dodaj\u0105 stylizacji miejskiego, nowoczesnego charakteru. Je\u015bli chcesz postawi\u0107 na bardziej elegancki look, wybierz klasyczny beret lub kaszmirow\u0105 czapk\u0119 w stonowanym kolorze, np. be\u017cowym, szarym czy czarnym.<\/p>\n\n\n\n<p>&nbsp;Szaliki \u2013 Du\u017ce we\u0142niane lub kaszmirowe szale s\u0105 idealnym uzupe\u0142nieniem d\u0142ugiego p\u0142aszcza. Mo\u017cesz postawi\u0107 na klasyczne jednokolorowe modele lub modne szale w krat\u0119, kt\u00f3re nadadz\u0105 stylizacji wyrazisto\u015bci.<\/p>\n\n\n\n<p>R\u0119kawiczki \u2013 Sk\u00f3rzane r\u0119kawiczki w kolorze pasuj\u0105cym do p\u0142aszcza nadadz\u0105 elegancji, natomiast we\u0142niane lub kaszmirowe r\u0119kawiczki b\u0119d\u0105 \u015bwietnym wyborem na ch\u0142odniejsze dni.<\/p>\n\n\n\n<h3 class=\"wp-block-heading\">&nbsp;Stylizacja d\u0142ugiego p\u0142aszcza<\/h3>\n\n\n\n<p>D\u0142ugi p\u0142aszcz to wszechstronny element garderoby, kt\u00f3ry mo\u017cna nosi\u0107 na wiele sposob\u00f3w, dostosowuj\u0105c go do okazji oraz indywidualnego stylu. W zale\u017cno\u015bci od dodatk\u00f3w i obuwia, b\u0119dzie stanowi\u0107 zar\u00f3wno eleganck\u0105 stylizacj\u0119 na specjalne okazje, jak i codzienny, wygodny zestaw.<\/p>\n\n\n\n<p>D\u0142ugi p\u0142aszcz pikowany doskonale sprawdza si\u0119 w eleganckich stylizacjach. W po\u0142\u0105czeniu z wysokimi kozakami na obcasie lub sk\u00f3rzanymi botkami na s\u0142upku nadaje ca\u0142o\u015bci szyku i klasy. Do takiej stylizacji najlepiej pasuj\u0105 r\u00f3wnie\u017c sk\u00f3rzane r\u0119kawiczki, we\u0142niany lub kaszmirowy szalik oraz ma\u0142a torebka na \u0142a\u0144cuszku, kt\u00f3re dope\u0142niaj\u0105 ca\u0142o\u015bci. Stonowane kolory, takie jak be\u017c, czer\u0144 czy granat, podkre\u015blaj\u0105 ponadczasowy charakter stylizacji, czyni\u0105c j\u0105 odpowiedni\u0105 na biznesowe spotkania czy wieczorne wyj\u015bcia.<\/p>\n\n\n\n<h2 class=\"wp-block-heading\">D\u0142ugi p\u0142aszcz damski &#8211; stylizacje casualowe<\/h2>\n\n\n\n<p>W bardziej casualowych zestawieniach d\u0142ugi p\u0142aszcz pikowany mo\u017cna nosi\u0107 z wygodnymi elementami garderoby, kt\u00f3re sprawdz\u0105 si\u0119 na co dzie\u0144. W po\u0142\u0105czeniu z jeansami, ciep\u0142ym swetrem i sneakersami lub traperami tworzy komfortow\u0105, ale nadal stylow\u0105 propozycj\u0119 na ch\u0142odniejsze dni. Do takiego zestawu pasuje r\u00f3wnie\u017c du\u017cy szalik, we\u0142niana czapka oraz shopper bag lub sk\u00f3rzany plecak, kt\u00f3re dodaj\u0105 miejskiego charakteru. To doskona\u0142e rozwi\u0105zanie na spacer, zakupy czy spotkanie ze znajomymi.<\/p>\n\n\n\r\n<div class=\"product-block-container swiper mySwiperProductBlock\">\r\n    <div class=\"product-block-swiper swiper-wrapper\">\r\n                    <div class=\"swiper-slide product-block-item\" data-id=\"145223\">\r\n                <a href=\"https:\/\/bialcon.pl\/jeansowe-szerokie-spodnie-z-bawelny?utm_source=blog&utm_medium=wyprzedaz&utm_campaign=130325\" class=\"product-block-url\" target=\"_blank\">\r\n                    <div class=\"product-block-image\">\r\n                        <img decoding=\"async\" width=\"300\" height=\"400\" src=\"https:\/\/bialcon.pl\/picture\/jeansowe-szerokie-spodnie-z-bawelny_1.jpg\" alt=\"Jeansowe szerokie spodnie z bawe\u0142ny\">\r\n                    <\/div>\r\n                    <div class=\"product-block-name\">\r\n                        <p>Jeansowe szerokie spodnie z bawe\u0142ny<\/p>\r\n                    <\/div>\r\n                <\/a>\r\n            <\/div>\r\n                    <div class=\"swiper-slide product-block-item\" data-id=\"142385\">\r\n                <a href=\"https:\/\/bialcon.pl\/elastyczne-niebieskie-jeansy?utm_source=blog&utm_medium=wyprzedaz&utm_campaign=130325\" class=\"product-block-url\" target=\"_blank\">\r\n                    <div class=\"product-block-image\">\r\n                        <img decoding=\"async\" width=\"300\" height=\"400\" src=\"https:\/\/bialcon.pl\/picture\/elastyczne-niebieskie-jeansy_13.jpg\" alt=\"Elastyczne niebieskie jeansy\">\r\n                    <\/div>\r\n                    <div class=\"product-block-name\">\r\n                        <p>Elastyczne niebieskie jeansy<\/p>\r\n                    <\/div>\r\n                <\/a>\r\n            <\/div>\r\n                    <div class=\"swiper-slide product-block-item\" data-id=\"142386\">\r\n                <a href=\"https:\/\/bialcon.pl\/ciemnogranatowe-jeansy?utm_source=blog&utm_medium=wyprzedaz&utm_campaign=130325\" class=\"product-block-url\" target=\"_blank\">\r\n                    <div class=\"product-block-image\">\r\n                        <img decoding=\"async\" width=\"300\" height=\"400\" src=\"https:\/\/bialcon.pl\/picture\/ciemnogranatowe-jeansy_7.jpg\" alt=\"Ciemnogranatowe jeansy\">\r\n                    <\/div>\r\n                    <div class=\"product-block-name\">\r\n                        <p>Ciemnogranatowe jeansy<\/p>\r\n                    <\/div>\r\n                <\/a>\r\n            <\/div>\r\n            <\/div>\r\n<\/div>\r\n\n\n\n\n<h2 class=\"wp-block-heading\">D\u0142ugi p\u0142aszcz pikowany w duchu sportowej elegancji<\/h2>\n\n\n\n<p>P\u0142aszcze d\u0142ugie pikowane tak\u017ce wystylizowa\u0107 w duchu sportowej elegancji. Wystarczy po\u0142\u0105czy\u0107 go z nowoczesnymi sneakersami na grubej podeszwie, sportow\u0105 czapk\u0105 z daszkiem i minimalistycznym plecakiem. Taki look jest nie tylko wygodny, ale tak\u017ce modny i idealnie wpisuje si\u0119 w dynamiczny, miejski styl. Dodatkowym elementem mog\u0105 by\u0107 okulary przeciws\u0142oneczne i klasyczny golf, kt\u00f3re nadadz\u0105 ca\u0142o\u015bci nowoczesnego wyrazu. W stylizacjach sportowych dobrze sprawdza si\u0119 rozpi\u0119ty p\u0142aszcz &#8211; oczywi\u015bcie je\u015bli pozwalaj\u0105 na to warunki pogodowe.<\/p>\n\n\n\n<p>W ch\u0142odniejsze dni warto zadba\u0107 o odpowiednie ocieplenie stylizacji. D\u0142ugi p\u0142aszcz damski doskonale \u0142\u0105czy si\u0119 z ciep\u0142ymi warstwami odzie\u017cy, takimi jak we\u0142niane swetry, golfy czy dzianinowe sukienki. Dope\u0142nieniem zimowego looku mog\u0105 by\u0107 ocieplane botki, gruby szalik oraz r\u0119kawiczki, kt\u00f3re zapewni\u0105 komfort i ochron\u0119 przed zimnem. Wyb\u00f3r p\u0142aszcza w neutralnym kolorze, takim jak szaro\u015b\u0107, karmel czy oliwkowa ziele\u0144, sprawi, \u017ce \u0142atwo dopasuje si\u0119 on do r\u00f3\u017cnych stylizacji.<\/p>\n\n\n\n<p>Dzi\u0119ki odpowiedniemu doborowi dodatk\u00f3w i obuwia d\u0142ugi p\u0142aszcz pikowany mo\u017ce sta\u0107 si\u0119 kluczowym elementem garderoby, kt\u00f3ry sprawdzi si\u0119 na ka\u017cd\u0105 okazj\u0119. Niezale\u017cnie od tego, czy stylizacja ma by\u0107 elegancka, codzienna, sportowa czy zimowa, d\u0142ugi p\u0142aszcz zawsze b\u0119dzie modnym i praktycznym wyborem.<\/p>\n\n\n\r\n<div class=\"product-block-container swiper mySwiperProductBlock\">\r\n    <div class=\"product-block-swiper swiper-wrapper\">\r\n                    <div class=\"swiper-slide product-block-item\" data-id=\"147511\">\r\n                <a href=\"https:\/\/bialcon.pl\/lekki-seledynowy-sweterek-w-brazowe-paski?utm_source=blog&utm_medium=wyprzedaz&utm_campaign=130325\" class=\"product-block-url\" target=\"_blank\">\r\n                    <div class=\"product-block-image\">\r\n                        <img decoding=\"async\" width=\"300\" height=\"400\" src=\"https:\/\/bialcon.pl\/picture\/lekki-seledynowy-sweterek-w-brazowe-paski.jpg\" alt=\"Lekki seledynowy sweterek w br\u0105zowe paski\">\r\n                    <\/div>\r\n                    <div class=\"product-block-name\">\r\n                        <p>Lekki seledynowy sweterek w br\u0105zowe paski<\/p>\r\n                    <\/div>\r\n                <\/a>\r\n            <\/div>\r\n                    <div class=\"swiper-slide product-block-item\" data-id=\"147543\">\r\n                <a href=\"https:\/\/bialcon.pl\/bluzka-z-brazowej-dzianiny-sweterkowej-z-dekoracyjnym-sciagaczem?utm_source=blog&utm_medium=wyprzedaz&utm_campaign=130325\" class=\"product-block-url\" target=\"_blank\">\r\n                    <div class=\"product-block-image\">\r\n                        <img decoding=\"async\" width=\"300\" height=\"400\" src=\"https:\/\/bialcon.pl\/picture\/bluzka-z-brazowej-dzianiny-sweterkowej-z-dekoracyjnym-sciagaczem.jpg\" alt=\"Bluzka z br\u0105zowej dzianiny sweterkowej z dekoracyjnym \u015bci\u0105gaczem\">\r\n                    <\/div>\r\n                    <div class=\"product-block-name\">\r\n                        <p>Bluzka z br\u0105zowej dzianiny sweterkowej z dekoracyjnym \u015bci\u0105gaczem<\/p>\r\n                    <\/div>\r\n                <\/a>\r\n            <\/div>\r\n                    <div class=\"swiper-slide product-block-item\" data-id=\"147544\">\r\n                <a href=\"https:\/\/bialcon.pl\/bluzka-ecru-z-dzianiny-sweterkowej-z-dekoracyjnym-sciagaczem?utm_source=blog&utm_medium=wyprzedaz&utm_campaign=130325\" class=\"product-block-url\" target=\"_blank\">\r\n                    <div class=\"product-block-image\">\r\n                        <img decoding=\"async\" width=\"300\" height=\"400\" src=\"https:\/\/bialcon.pl\/picture\/bluzka-ecru-z-dzianiny-sweterkowej-z-dekoracyjnym-sciagaczem_1.jpg\" alt=\"Bluzka ecru z dzianiny sweterkowej z dekoracyjnym \u015bci\u0105gaczem\">\r\n                    <\/div>\r\n                    <div class=\"product-block-name\">\r\n                        <p>Bluzka ecru z dzianiny sweterkowej z dekoracyjnym \u015bci\u0105gaczem<\/p>\r\n                    <\/div>\r\n                <\/a>\r\n            <\/div>\r\n            <\/div>\r\n<\/div>\r\n\n\n\n\n<p><\/p>\n","protected":false},"excerpt":{"rendered":"<p>D\u0142ugi p\u0142aszcz pikowany to doskona\u0142a propozycja dla kobiet wysokich, szczeg\u00f3lnie warto go nosi\u0107 w sezonie zimowym. Jego d\u0142ugo\u015b\u0107 zapewnia optymaln\u0105 ochron\u0119 przed zimnem, a odpowiedni kr\u00f3j mo\u017ce podkre\u015bli\u0107 atuty figury, nadaj\u0105c sylwetce smuk\u0142o\u015bci i elegancji. P\u0142aszcze si\u0119gaj\u0105ce za kolano lub do po\u0142owy \u0142ydki sprawiaj\u0105, \u017ce sylwetka wydaje si\u0119 bardziej proporcjonalna, co jest szczeg\u00f3lnie istotne dla [&hellip;]<\/p>\n","protected":false},"author":10,"featured_media":10627,"comment_status":"closed","ping_status":"open","sticky":false,"template":"","format":"standard","meta":{"_acf_changed":false,"site-sidebar-layout":"default","site-content-layout":"","ast-site-content-layout":"default","site-content-style":"default","site-sidebar-style":"default","ast-global-header-display":"","ast-banner-title-visibility":"","ast-main-header-display":"","ast-hfb-above-header-display":"","ast-hfb-below-header-display":"","ast-hfb-mobile-header-display":"","site-post-title":"","ast-breadcrumbs-content":"","ast-featured-img":"","footer-sml-layout":"","theme-transparent-header-meta":"","adv-header-id-meta":"","stick-header-meta":"","header-above-stick-meta":"","header-main-stick-meta":"","header-below-stick-meta":"","astra-migrate-meta-layouts":"set","ast-page-background-enabled":"default","ast-page-background-meta":{"desktop":{"background-color":"","background-image":"","background-repeat":"repeat","background-position":"center center","background-size":"auto","background-attachment":"scroll","background-type":"","background-media":"","overlay-type":"","overlay-color":"","overlay-opacity":"","overlay-gradient":""},"tablet":{"background-color":"","background-image":"","background-repeat":"repeat","background-position":"center center","background-size":"auto","background-attachment":"scroll","background-type":"","background-media":"","overlay-type":"","overlay-color":"","overlay-opacity":"","overlay-gradient":""},"mobile":{"background-color":"","background-image":"","background-repeat":"repeat","background-position":"center center","background-size":"auto","background-attachment":"scroll","background-type":"","background-media":"","overlay-type":"","overlay-color":"","overlay-opacity":"","overlay-gradient":""}},"ast-content-background-meta":{"desktop":{"background-color":"var(--ast-global-color-5)","background-image":"","background-repeat":"repeat","background-position":"center center","background-size":"auto","background-attachment":"scroll","background-type":"","background-media":"","overlay-type":"","overlay-color":"","overlay-opacity":"","overlay-gradient":""},"tablet":{"background-color":"var(--ast-global-color-5)","background-image":"","background-repeat":"repeat","background-position":"center center","background-size":"auto","background-attachment":"scroll","background-type":"","background-media":"","overlay-type":"","overlay-color":"","overlay-opacity":"","overlay-gradient":""},"mobile":{"background-color":"var(--ast-global-color-5)","background-image":"","background-repeat":"repeat","background-position":"center center","background-size":"auto","background-attachment":"scroll","background-type":"","background-media":"","overlay-type":"","overlay-color":"","overlay-opacity":"","overlay-gradient":""}},"footnotes":""},"categories":[10,14],"tags":[],"class_list":["post-10619","post","type-post","status-publish","format-standard","has-post-thumbnail","hentry","category-porady-stylistki","category-wszystkie-wpisy"],"acf":[],"yoast_head":"<!-- This site is optimized with the Yoast SEO plugin v27.4 - https:\/\/yoast.com\/product\/yoast-seo-wordpress\/ -->\n<title>D\u0142ugi p\u0142aszcz do kostek \u2013 jak nosi\u0107 go stylowo? - Bialcon<\/title>\n<meta name=\"description\" content=\"D\u0142ugi p\u0142aszcz pikowany to doskona\u0142a propozycja dla kobiet wysokich, szczeg\u00f3lnie warto go nosi\u0107 w sezonie zimowym.\" \/>\n<meta name=\"robots\" content=\"index, follow, max-snippet:-1, max-image-preview:large, max-video-preview:-1\" \/>\n<link rel=\"canonical\" href=\"https:\/\/bialcon.pl\/blog\/dlugi-plaszcz-do-kostek-jak-go-nosic\/\" \/>\n<meta name=\"twitter:label1\" content=\"Napisane przez\" \/>\n\t<meta name=\"twitter:data1\" content=\"Ma\u0142gorzata Brzezi\u0144ska\" \/>\n\t<meta name=\"twitter:label2\" content=\"Szacowany czas czytania\" \/>\n\t<meta name=\"twitter:data2\" content=\"7 minut\" \/>\n<script type=\"application\/ld+json\" class=\"yoast-schema-graph\">{\"@context\":\"https:\\\/\\\/schema.org\",\"@graph\":[{\"@type\":\"Article\",\"@id\":\"https:\\\/\\\/bialcon.pl\\\/blog\\\/dlugi-plaszcz-do-kostek-jak-go-nosic\\\/#article\",\"isPartOf\":{\"@id\":\"https:\\\/\\\/bialcon.pl\\\/blog\\\/dlugi-plaszcz-do-kostek-jak-go-nosic\\\/\"},\"author\":{\"name\":\"Ma\u0142gorzata Brzezi\u0144ska\",\"@id\":\"https:\\\/\\\/bialcon.pl\\\/blog\\\/#\\\/schema\\\/person\\\/cbbe4ae2297c5abd7376399985d5fabb\"},\"headline\":\"D\u0142ugi p\u0142aszcz do kostek \u2013 jak go nosi\u0107, aby wygl\u0105da\u0107 stylowo?\",\"datePublished\":\"2025-03-13T09:00:00+00:00\",\"dateModified\":\"2025-11-24T12:08:14+00:00\",\"mainEntityOfPage\":{\"@id\":\"https:\\\/\\\/bialcon.pl\\\/blog\\\/dlugi-plaszcz-do-kostek-jak-go-nosic\\\/\"},\"wordCount\":1337,\"image\":{\"@id\":\"https:\\\/\\\/bialcon.pl\\\/blog\\\/dlugi-plaszcz-do-kostek-jak-go-nosic\\\/#primaryimage\"},\"thumbnailUrl\":\"https:\\\/\\\/bialcon.pl\\\/blog\\\/wp-content\\\/uploads\\\/2025\\\/03\\\/Projekt-bez-nazwy-5.png\",\"articleSection\":[\"Porady Stylistki\",\"Wszystkie wpisy\"],\"inLanguage\":\"pl-PL\"},{\"@type\":\"WebPage\",\"@id\":\"https:\\\/\\\/bialcon.pl\\\/blog\\\/dlugi-plaszcz-do-kostek-jak-go-nosic\\\/\",\"url\":\"https:\\\/\\\/bialcon.pl\\\/blog\\\/dlugi-plaszcz-do-kostek-jak-go-nosic\\\/\",\"name\":\"D\u0142ugi p\u0142aszcz do kostek \u2013 jak nosi\u0107 go stylowo? - Bialcon\",\"isPartOf\":{\"@id\":\"https:\\\/\\\/bialcon.pl\\\/blog\\\/#website\"},\"primaryImageOfPage\":{\"@id\":\"https:\\\/\\\/bialcon.pl\\\/blog\\\/dlugi-plaszcz-do-kostek-jak-go-nosic\\\/#primaryimage\"},\"image\":{\"@id\":\"https:\\\/\\\/bialcon.pl\\\/blog\\\/dlugi-plaszcz-do-kostek-jak-go-nosic\\\/#primaryimage\"},\"thumbnailUrl\":\"https:\\\/\\\/bialcon.pl\\\/blog\\\/wp-content\\\/uploads\\\/2025\\\/03\\\/Projekt-bez-nazwy-5.png\",\"datePublished\":\"2025-03-13T09:00:00+00:00\",\"dateModified\":\"2025-11-24T12:08:14+00:00\",\"author\":{\"@id\":\"https:\\\/\\\/bialcon.pl\\\/blog\\\/#\\\/schema\\\/person\\\/cbbe4ae2297c5abd7376399985d5fabb\"},\"description\":\"D\u0142ugi p\u0142aszcz pikowany to doskona\u0142a propozycja dla kobiet wysokich, szczeg\u00f3lnie warto go nosi\u0107 w sezonie zimowym.\",\"breadcrumb\":{\"@id\":\"https:\\\/\\\/bialcon.pl\\\/blog\\\/dlugi-plaszcz-do-kostek-jak-go-nosic\\\/#breadcrumb\"},\"inLanguage\":\"pl-PL\",\"potentialAction\":[{\"@type\":\"ReadAction\",\"target\":[\"https:\\\/\\\/bialcon.pl\\\/blog\\\/dlugi-plaszcz-do-kostek-jak-go-nosic\\\/\"]}]},{\"@type\":\"ImageObject\",\"inLanguage\":\"pl-PL\",\"@id\":\"https:\\\/\\\/bialcon.pl\\\/blog\\\/dlugi-plaszcz-do-kostek-jak-go-nosic\\\/#primaryimage\",\"url\":\"https:\\\/\\\/bialcon.pl\\\/blog\\\/wp-content\\\/uploads\\\/2025\\\/03\\\/Projekt-bez-nazwy-5.png\",\"contentUrl\":\"https:\\\/\\\/bialcon.pl\\\/blog\\\/wp-content\\\/uploads\\\/2025\\\/03\\\/Projekt-bez-nazwy-5.png\",\"width\":960,\"height\":850,\"caption\":\"Wizualizacja kobiety w d\u0142ugim, be\u017cowym p\u0142aszczu z kapturem, z wi\u0105zaniem w talii i d\u0142ugimi, szerokimi r\u0119kawami\"},{\"@type\":\"BreadcrumbList\",\"@id\":\"https:\\\/\\\/bialcon.pl\\\/blog\\\/dlugi-plaszcz-do-kostek-jak-go-nosic\\\/#breadcrumb\",\"itemListElement\":[{\"@type\":\"ListItem\",\"position\":1,\"name\":\"Strona g\u0142\u00f3wna\",\"item\":\"https:\\\/\\\/bialcon.pl\\\/blog\\\/\"},{\"@type\":\"ListItem\",\"position\":2,\"name\":\"Wszystkie wpisy\",\"item\":\"https:\\\/\\\/bialcon.pl\\\/blog\\\/wszystkie-wpisy\\\/\"},{\"@type\":\"ListItem\",\"position\":3,\"name\":\"D\u0142ugi p\u0142aszcz do kostek \u2013 jak go nosi\u0107, aby wygl\u0105da\u0107 stylowo?\"}]},{\"@type\":\"WebSite\",\"@id\":\"https:\\\/\\\/bialcon.pl\\\/blog\\\/#website\",\"url\":\"https:\\\/\\\/bialcon.pl\\\/blog\\\/\",\"name\":\"bialcon.pl\\\/blog\\\/\",\"description\":\"Fashion Blog w zasi\u0119gu Twojej r\u0119ki\",\"potentialAction\":[{\"@type\":\"SearchAction\",\"target\":{\"@type\":\"EntryPoint\",\"urlTemplate\":\"https:\\\/\\\/bialcon.pl\\\/blog\\\/?s={search_term_string}\"},\"query-input\":{\"@type\":\"PropertyValueSpecification\",\"valueRequired\":true,\"valueName\":\"search_term_string\"}}],\"inLanguage\":\"pl-PL\"},{\"@type\":\"Person\",\"@id\":\"https:\\\/\\\/bialcon.pl\\\/blog\\\/#\\\/schema\\\/person\\\/cbbe4ae2297c5abd7376399985d5fabb\",\"name\":\"Ma\u0142gorzata Brzezi\u0144ska\",\"image\":{\"@type\":\"ImageObject\",\"inLanguage\":\"pl-PL\",\"@id\":\"https:\\\/\\\/secure.gravatar.com\\\/avatar\\\/3fc4a4cdba63586f503a5c5711e9b04d01ab1234b186b03e727ad902b6f4912d?s=96&d=mm&r=g\",\"url\":\"https:\\\/\\\/secure.gravatar.com\\\/avatar\\\/3fc4a4cdba63586f503a5c5711e9b04d01ab1234b186b03e727ad902b6f4912d?s=96&d=mm&r=g\",\"contentUrl\":\"https:\\\/\\\/secure.gravatar.com\\\/avatar\\\/3fc4a4cdba63586f503a5c5711e9b04d01ab1234b186b03e727ad902b6f4912d?s=96&d=mm&r=g\",\"caption\":\"Ma\u0142gorzata Brzezi\u0144ska\"},\"description\":\"Autorka tre\u015bci z zakresu mody, urody i stylu \u017cycia. Tworzy artyku\u0142y i poradniki oparte na analizie trend\u00f3w oraz potrzeb u\u017cytkownik\u00f3w, \u0142\u0105cz\u0105c wiedz\u0119 z zakresu komunikacji marketingowej i praktyki contentowej. Specjalizuje si\u0119 w bran\u017cach fashion, beauty &amp; health oraz gourmet food, przygotowuj\u0105c tre\u015bci dopasowane do realnych sytuacji i wybor\u00f3w konsumenckich. Na co dzie\u0144 zajmuje si\u0119 r\u00f3wnie\u017c content marketingiem i SEO.\",\"sameAs\":[\"https:\\\/\\\/www.linkedin.com\\\/in\\\/gosia-brzezinska-827052b4\\\/\"],\"url\":\"https:\\\/\\\/bialcon.pl\\\/blog\\\/author\\\/brzezinska\\\/\"}]}<\/script>\n<!-- \/ Yoast SEO plugin. -->","yoast_head_json":{"title":"D\u0142ugi p\u0142aszcz do kostek \u2013 jak nosi\u0107 go stylowo? - Bialcon","description":"D\u0142ugi p\u0142aszcz pikowany to doskona\u0142a propozycja dla kobiet wysokich, szczeg\u00f3lnie warto go nosi\u0107 w sezonie zimowym.","robots":{"index":"index","follow":"follow","max-snippet":"max-snippet:-1","max-image-preview":"max-image-preview:large","max-video-preview":"max-video-preview:-1"},"canonical":"https:\/\/bialcon.pl\/blog\/dlugi-plaszcz-do-kostek-jak-go-nosic\/","twitter_misc":{"Napisane przez":"Ma\u0142gorzata Brzezi\u0144ska","Szacowany czas czytania":"7 minut"},"schema":{"@context":"https:\/\/schema.org","@graph":[{"@type":"Article","@id":"https:\/\/bialcon.pl\/blog\/dlugi-plaszcz-do-kostek-jak-go-nosic\/#article","isPartOf":{"@id":"https:\/\/bialcon.pl\/blog\/dlugi-plaszcz-do-kostek-jak-go-nosic\/"},"author":{"name":"Ma\u0142gorzata Brzezi\u0144ska","@id":"https:\/\/bialcon.pl\/blog\/#\/schema\/person\/cbbe4ae2297c5abd7376399985d5fabb"},"headline":"D\u0142ugi p\u0142aszcz do kostek \u2013 jak go nosi\u0107, aby wygl\u0105da\u0107 stylowo?","datePublished":"2025-03-13T09:00:00+00:00","dateModified":"2025-11-24T12:08:14+00:00","mainEntityOfPage":{"@id":"https:\/\/bialcon.pl\/blog\/dlugi-plaszcz-do-kostek-jak-go-nosic\/"},"wordCount":1337,"image":{"@id":"https:\/\/bialcon.pl\/blog\/dlugi-plaszcz-do-kostek-jak-go-nosic\/#primaryimage"},"thumbnailUrl":"https:\/\/bialcon.pl\/blog\/wp-content\/uploads\/2025\/03\/Projekt-bez-nazwy-5.png","articleSection":["Porady Stylistki","Wszystkie wpisy"],"inLanguage":"pl-PL"},{"@type":"WebPage","@id":"https:\/\/bialcon.pl\/blog\/dlugi-plaszcz-do-kostek-jak-go-nosic\/","url":"https:\/\/bialcon.pl\/blog\/dlugi-plaszcz-do-kostek-jak-go-nosic\/","name":"D\u0142ugi p\u0142aszcz do kostek \u2013 jak nosi\u0107 go stylowo? - Bialcon","isPartOf":{"@id":"https:\/\/bialcon.pl\/blog\/#website"},"primaryImageOfPage":{"@id":"https:\/\/bialcon.pl\/blog\/dlugi-plaszcz-do-kostek-jak-go-nosic\/#primaryimage"},"image":{"@id":"https:\/\/bialcon.pl\/blog\/dlugi-plaszcz-do-kostek-jak-go-nosic\/#primaryimage"},"thumbnailUrl":"https:\/\/bialcon.pl\/blog\/wp-content\/uploads\/2025\/03\/Projekt-bez-nazwy-5.png","datePublished":"2025-03-13T09:00:00+00:00","dateModified":"2025-11-24T12:08:14+00:00","author":{"@id":"https:\/\/bialcon.pl\/blog\/#\/schema\/person\/cbbe4ae2297c5abd7376399985d5fabb"},"description":"D\u0142ugi p\u0142aszcz pikowany to doskona\u0142a propozycja dla kobiet wysokich, szczeg\u00f3lnie warto go nosi\u0107 w sezonie zimowym.","breadcrumb":{"@id":"https:\/\/bialcon.pl\/blog\/dlugi-plaszcz-do-kostek-jak-go-nosic\/#breadcrumb"},"inLanguage":"pl-PL","potentialAction":[{"@type":"ReadAction","target":["https:\/\/bialcon.pl\/blog\/dlugi-plaszcz-do-kostek-jak-go-nosic\/"]}]},{"@type":"ImageObject","inLanguage":"pl-PL","@id":"https:\/\/bialcon.pl\/blog\/dlugi-plaszcz-do-kostek-jak-go-nosic\/#primaryimage","url":"https:\/\/bialcon.pl\/blog\/wp-content\/uploads\/2025\/03\/Projekt-bez-nazwy-5.png","contentUrl":"https:\/\/bialcon.pl\/blog\/wp-content\/uploads\/2025\/03\/Projekt-bez-nazwy-5.png","width":960,"height":850,"caption":"Wizualizacja kobiety w d\u0142ugim, be\u017cowym p\u0142aszczu z kapturem, z wi\u0105zaniem w talii i d\u0142ugimi, szerokimi r\u0119kawami"},{"@type":"BreadcrumbList","@id":"https:\/\/bialcon.pl\/blog\/dlugi-plaszcz-do-kostek-jak-go-nosic\/#breadcrumb","itemListElement":[{"@type":"ListItem","position":1,"name":"Strona g\u0142\u00f3wna","item":"https:\/\/bialcon.pl\/blog\/"},{"@type":"ListItem","position":2,"name":"Wszystkie wpisy","item":"https:\/\/bialcon.pl\/blog\/wszystkie-wpisy\/"},{"@type":"ListItem","position":3,"name":"D\u0142ugi p\u0142aszcz do kostek \u2013 jak go nosi\u0107, aby wygl\u0105da\u0107 stylowo?"}]},{"@type":"WebSite","@id":"https:\/\/bialcon.pl\/blog\/#website","url":"https:\/\/bialcon.pl\/blog\/","name":"bialcon.pl\/blog\/","description":"Fashion Blog w zasi\u0119gu Twojej r\u0119ki","potentialAction":[{"@type":"SearchAction","target":{"@type":"EntryPoint","urlTemplate":"https:\/\/bialcon.pl\/blog\/?s={search_term_string}"},"query-input":{"@type":"PropertyValueSpecification","valueRequired":true,"valueName":"search_term_string"}}],"inLanguage":"pl-PL"},{"@type":"Person","@id":"https:\/\/bialcon.pl\/blog\/#\/schema\/person\/cbbe4ae2297c5abd7376399985d5fabb","name":"Ma\u0142gorzata Brzezi\u0144ska","image":{"@type":"ImageObject","inLanguage":"pl-PL","@id":"https:\/\/secure.gravatar.com\/avatar\/3fc4a4cdba63586f503a5c5711e9b04d01ab1234b186b03e727ad902b6f4912d?s=96&d=mm&r=g","url":"https:\/\/secure.gravatar.com\/avatar\/3fc4a4cdba63586f503a5c5711e9b04d01ab1234b186b03e727ad902b6f4912d?s=96&d=mm&r=g","contentUrl":"https:\/\/secure.gravatar.com\/avatar\/3fc4a4cdba63586f503a5c5711e9b04d01ab1234b186b03e727ad902b6f4912d?s=96&d=mm&r=g","caption":"Ma\u0142gorzata Brzezi\u0144ska"},"description":"Autorka tre\u015bci z zakresu mody, urody i stylu \u017cycia. Tworzy artyku\u0142y i poradniki oparte na analizie trend\u00f3w oraz potrzeb u\u017cytkownik\u00f3w, \u0142\u0105cz\u0105c wiedz\u0119 z zakresu komunikacji marketingowej i praktyki contentowej. Specjalizuje si\u0119 w bran\u017cach fashion, beauty &amp; health oraz gourmet food, przygotowuj\u0105c tre\u015bci dopasowane do realnych sytuacji i wybor\u00f3w konsumenckich. Na co dzie\u0144 zajmuje si\u0119 r\u00f3wnie\u017c content marketingiem i SEO.","sameAs":["https:\/\/www.linkedin.com\/in\/gosia-brzezinska-827052b4\/"],"url":"https:\/\/bialcon.pl\/blog\/author\/brzezinska\/"}]}},"_links":{"self":[{"href":"https:\/\/bialcon.pl\/blog\/wp-json\/wp\/v2\/posts\/10619","targetHints":{"allow":["GET"]}}],"collection":[{"href":"https:\/\/bialcon.pl\/blog\/wp-json\/wp\/v2\/posts"}],"about":[{"href":"https:\/\/bialcon.pl\/blog\/wp-json\/wp\/v2\/types\/post"}],"author":[{"embeddable":true,"href":"https:\/\/bialcon.pl\/blog\/wp-json\/wp\/v2\/users\/10"}],"replies":[{"embeddable":true,"href":"https:\/\/bialcon.pl\/blog\/wp-json\/wp\/v2\/comments?post=10619"}],"version-history":[{"count":5,"href":"https:\/\/bialcon.pl\/blog\/wp-json\/wp\/v2\/posts\/10619\/revisions"}],"predecessor-version":[{"id":11926,"href":"https:\/\/bialcon.pl\/blog\/wp-json\/wp\/v2\/posts\/10619\/revisions\/11926"}],"wp:featuredmedia":[{"embeddable":true,"href":"https:\/\/bialcon.pl\/blog\/wp-json\/wp\/v2\/media\/10627"}],"wp:attachment":[{"href":"https:\/\/bialcon.pl\/blog\/wp-json\/wp\/v2\/media?parent=10619"}],"wp:term":[{"taxonomy":"category","embeddable":true,"href":"https:\/\/bialcon.pl\/blog\/wp-json\/wp\/v2\/categories?post=10619"},{"taxonomy":"post_tag","embeddable":true,"href":"https:\/\/bialcon.pl\/blog\/wp-json\/wp\/v2\/tags?post=10619"}],"curies":[{"name":"wp","href":"https:\/\/api.w.org\/{rel}","templated":true}]}}