{"id":10616,"date":"2025-03-06T10:00:00","date_gmt":"2025-03-06T09:00:00","guid":{"rendered":"https:\/\/bialcon.pl\/blog\/?p=10616"},"modified":"2026-04-16T11:01:07","modified_gmt":"2026-04-16T09:01:07","slug":"pastelowe-kolory-w-zimowych-stylizacjach","status":"publish","type":"post","link":"https:\/\/bialcon.pl\/blog\/pastelowe-kolory-w-zimowych-stylizacjach\/","title":{"rendered":"Jak wykorzysta\u0107 pastelowe kolory w zimowych stylizacjach?"},"content":{"rendered":"<div id=\"ez-toc-container\" class=\"ez-toc-v2_0_82_2 counter-hierarchy ez-toc-counter ez-toc-custom ez-toc-container-direction\">\n<div class=\"ez-toc-title-container\"><p class=\"ez-toc-title\" style=\"cursor:inherit\">Spis Tre\u015bci<\/p>\n<\/div><nav><ul class='ez-toc-list ez-toc-list-level-1 ' ><li class='ez-toc-page-1 ez-toc-heading-level-2'><a class=\"ez-toc-link ez-toc-heading-1\" href=\"https:\/\/bialcon.pl\/blog\/pastelowe-kolory-w-zimowych-stylizacjach\/#Jakie_pastelowe_kolory_ubran_wybierac\" >Jakie pastelowe kolory ubra\u0144 wybiera\u0107?<\/a><\/li><li class='ez-toc-page-1 ez-toc-heading-level-2'><a class=\"ez-toc-link ez-toc-heading-2\" href=\"https:\/\/bialcon.pl\/blog\/pastelowe-kolory-w-zimowych-stylizacjach\/#Pastelowe_stylizacje_na_zimowy_czas\" >Pastelowe stylizacje na zimowy czas<\/a><\/li><li class='ez-toc-page-1 ez-toc-heading-level-2'><a class=\"ez-toc-link ez-toc-heading-3\" href=\"https:\/\/bialcon.pl\/blog\/pastelowe-kolory-w-zimowych-stylizacjach\/#Postaw_na_pastelowe_ubrania_na_zime\" >Postaw na pastelowe ubrania na zim\u0119<\/a><\/li><li class='ez-toc-page-1 ez-toc-heading-level-2'><a class=\"ez-toc-link ez-toc-heading-4\" href=\"https:\/\/bialcon.pl\/blog\/pastelowe-kolory-w-zimowych-stylizacjach\/#Rozbielone_kolory_w_Twojej_garderobie\" >Rozbielone kolory w Twojej garderobie<\/a><\/li><li class='ez-toc-page-1 ez-toc-heading-level-2'><a class=\"ez-toc-link ez-toc-heading-5\" href=\"https:\/\/bialcon.pl\/blog\/pastelowe-kolory-w-zimowych-stylizacjach\/#Z_czym_laczyc_pastele_w_stylizacji\" >Z czym \u0142\u0105czy\u0107 pastele w stylizacji?<\/a><\/li><li class='ez-toc-page-1 ez-toc-heading-level-2'><a class=\"ez-toc-link ez-toc-heading-6\" href=\"https:\/\/bialcon.pl\/blog\/pastelowe-kolory-w-zimowych-stylizacjach\/#Inspiracje_na_to_jak_laczyc_pastelowe_kolory_ubran\" >Inspiracje na to, jak \u0142\u0105czy\u0107 pastelowe kolory ubra\u0144<\/a><\/li><li class='ez-toc-page-1 ez-toc-heading-level-2'><a class=\"ez-toc-link ez-toc-heading-7\" href=\"https:\/\/bialcon.pl\/blog\/pastelowe-kolory-w-zimowych-stylizacjach\/#Pastelowe_dodatki_maja_moc\" >Pastelowe dodatki maj\u0105 moc<\/a><\/li><li class='ez-toc-page-1 ez-toc-heading-level-2'><a class=\"ez-toc-link ez-toc-heading-8\" href=\"https:\/\/bialcon.pl\/blog\/pastelowe-kolory-w-zimowych-stylizacjach\/#FAQ_pastelowe_stylizacje\" >FAQ pastelowe stylizacje<\/a><\/li><\/ul><\/nav><\/div>\n\n<p>Czy pastelowe kolory ubra\u0144 pasuj\u0105 na zim\u0119? Oczywi\u015bcie, \u017ce tak <strong>\u2013<\/strong> pastelowe tonacje dzia\u0142aj\u0105 niczym naturalny roz\u015bwietlacz, a ich delikatno\u015b\u0107 sprawia, \u017ce stylizacja zyskuje na lekko\u015bci. Je\u015bli chcesz tworzy\u0107 ciep\u0142e outfity, kt\u00f3re s\u0105 modne i bazuj\u0105 na pastelach, nie mog\u0142a\u015b trafi\u0107 lepiej! Sprawd\u017a, kt\u00f3re pastelowe stylizacje b\u0119d\u0105 idealne dla Ciebie i zainspiruj si\u0119 naszymi pomys\u0142ami.<\/p>\n\n\n\n<h2 class=\"wp-block-heading\"><span class=\"ez-toc-section\" id=\"Jakie_pastelowe_kolory_ubran_wybierac\"><\/span>Jakie pastelowe kolory ubra\u0144 wybiera\u0107?<span class=\"ez-toc-section-end\"><\/span><\/h2>\n\n\n\n<p>Pastele sprawdzaj\u0105 si\u0119 na ka\u017cd\u0105 por\u0119 roku. W tym sezonie modne s\u0105 ubrania w odcieniu pudrowo r\u00f3\u017cowym, brzoskwiniowym oraz b\u0142\u0119kitnym. Ale trendy nie s\u0105 wa\u017cniejsze od tego, co lubisz. Niezale\u017cnie od pory roku liczy si\u0119 Tw\u00f3j osobisty styl oraz koloryt. Pastelowe kolory, podobnie jak inne barwy, mog\u0105 by\u0107 ciep\u0142e lub zimne, a tak\u017ce mniej lub bardziej rozbielone.<\/p>\n\n\n\n<p>Je\u015bli zgodnie ze wskazaniami analizy kolorystycznej jeste\u015b wiosn\u0105 albo jesieni\u0105, \u015bmia\u0142o si\u0119gaj po nieco cieplejsze pastelowe kolory takie jak ciep\u0142y be\u017c, brzoskwiniowy, koralowo i pudrowo r\u00f3\u017cowy oraz ma\u015blany \u017c\u00f3\u0142ty. Tonacje, takie jak baby blue, liliowy albo mi\u0119towy s\u0105 bardziej korzystne dla ch\u0142odniejszych typ\u00f3w urody, do kt\u00f3rych zalicza si\u0119 lato i zima.<\/p>\n\n\n\r\n<div class=\"product-block-container swiper mySwiperProductBlock\">\r\n    <div class=\"product-block-swiper swiper-wrapper\">\r\n                    <div class=\"swiper-slide product-block-item\" data-id=\"147575\">\r\n                <a href=\"https:\/\/bialcon.pl\/dluga-satynowa-sukienka-z-odkrytym-ramieniem?utm_source=blog&utm_medium=wyprzedaz&utm_campaign=060325\" class=\"product-block-url\" target=\"_blank\">\r\n                    <div class=\"product-block-image\">\r\n                        <img decoding=\"async\" width=\"300\" height=\"400\" src=\"https:\/\/bialcon.pl\/picture\/dluga-satynowa-sukienka-z-odkrytym-ramieniem_1.jpg\" alt=\"D\u0142uga satynowa sukienka z odkrytym ramieniem\">\r\n                    <\/div>\r\n                    <div class=\"product-block-name\">\r\n                        <p>D\u0142uga satynowa sukienka z odkrytym ramieniem<\/p>\r\n                    <\/div>\r\n                <\/a>\r\n            <\/div>\r\n                    <div class=\"swiper-slide product-block-item\" data-id=\"147606\">\r\n                <a href=\"https:\/\/bialcon.pl\/wizytowa-turkusowa-sukienka-z-lekkiej-posykujacej-tafty?utm_source=blog&utm_medium=wyprzedaz&utm_campaign=060325\" class=\"product-block-url\" target=\"_blank\">\r\n                    <div class=\"product-block-image\">\r\n                        <img decoding=\"async\" width=\"300\" height=\"400\" src=\"https:\/\/bialcon.pl\/picture\/wizytowa-turkusowa-sukienka-z-lekkiej-posykujacej-tafty_2.jpg\" alt=\"Wizytowa turkusowa sukienka z lekkiej posykuj\u0105cej tafty\">\r\n                    <\/div>\r\n                    <div class=\"product-block-name\">\r\n                        <p>Wizytowa turkusowa sukienka z lekkiej posykuj\u0105cej tafty<\/p>\r\n                    <\/div>\r\n                <\/a>\r\n            <\/div>\r\n                    <div class=\"swiper-slide product-block-item\" data-id=\"147607\">\r\n                <a href=\"https:\/\/bialcon.pl\/sukienka-z-dzianiny-bawelnianej-w-kolorze-indyjskiego-rozu?utm_source=blog&utm_medium=wyprzedaz&utm_campaign=060325\" class=\"product-block-url\" target=\"_blank\">\r\n                    <div class=\"product-block-image\">\r\n                        <img decoding=\"async\" width=\"300\" height=\"400\" src=\"https:\/\/bialcon.pl\/picture\/sukienka-z-dzianiny-bawelnianej-w-kolorze-indyjskiego-rozu_3.jpg\" alt=\"Sukienka z dzianiny bawe\u0142nianej w kolorze indyjskiego r\u00f3\u017cu\">\r\n                    <\/div>\r\n                    <div class=\"product-block-name\">\r\n                        <p>Sukienka z dzianiny bawe\u0142nianej w kolorze indyjskiego r\u00f3\u017cu<\/p>\r\n                    <\/div>\r\n                <\/a>\r\n            <\/div>\r\n            <\/div>\r\n<\/div>\r\n\n\n\n\n<h2 class=\"wp-block-heading\"><span class=\"ez-toc-section\" id=\"Pastelowe_stylizacje_na_zimowy_czas\"><\/span>Pastelowe stylizacje na zimowy czas<span class=\"ez-toc-section-end\"><\/span><\/h2>\n\n\n\n<p>Dla wielu z nas domy\u015bln\u0105 palet\u0105 barw na ch\u0142odne miesi\u0105ce s\u0105 czernie i szaro\u015bci, od czasu do czasu urozmaicone granatem lub br\u0105zem. Niezale\u017cnie od tego, czy komponujesz outfit na co dzie\u0144, czy od \u015bwi\u0119ta, spr\u00f3buj prze\u0142ama\u0107 schemat, decyduj\u0105c si\u0119 na bardziej pogodne barwy.<\/p>\n\n\n\n<p>Przyj\u0119\u0142o si\u0119 uwa\u017ca\u0107, \u017ce jasne barwy najlepiej sprawdzaj\u0105 si\u0119 u jasnow\u0142osych kobiet. Nic bardziej mylnego! Rozbielone kolory s\u0105 odpowiednie do ka\u017cdego typu urody, a w\u0142osy szatynek i brunetek doskonale kontrastuj\u0105 z rozbielonymi kolorami.<\/p>\n\n\n\n<p>W pastelowych tonacjach wygl\u0105daj\u0105 dobrze zar\u00f3wno posiadaczki jasnych, jak i ciemnych karnacji. Noszone blisko twarzy jasne ubrania dzia\u0142aj\u0105 roz\u015bwietlaj\u0105co i odm\u0142adzaj\u0105co, nadaj\u0105c promienny wygl\u0105d, o kt\u00f3ry bywa trudno zim\u0105.<\/p>\n\n\n\n<h2 class=\"wp-block-heading\"><span class=\"ez-toc-section\" id=\"Postaw_na_pastelowe_ubrania_na_zime\"><\/span>Postaw na pastelowe ubrania na zim\u0119<span class=\"ez-toc-section-end\"><\/span><\/h2>\n\n\n\n<p>Modowym must have na ch\u0142odniejsze dni s\u0105 pastelowe sukienki z nieco grubszych materia\u0142\u00f3w. Swetrowe sukienki ze splotem idealnie wygl\u0105daj\u0105 w kolorach, takich jak jasny szary, b\u0142\u0119kitny albo be\u017cowy.<\/p>\n\n\n\n<p>Obok dzianinowych sukienek niezb\u0119dne s\u0105 rzecz jasna swetry. W pastelowych tonacjach \u015bwietnie wygl\u0105daj\u0105 zar\u00f3wno modele oversize, jak i dopasowane kardigany z nut\u0105 retro.<\/p>\n\n\n\n<p>Modny zimowy look tworz\u0105 tak\u017ce grube bluzy w rozbielonych kolorach. Wybierz d\u0142u\u017csz\u0105 bluz\u0119 w pastelowym odcieniu i za\u0142\u00f3\u017c do niej ciep\u0142e, kryj\u0105ce rajstopy, ocieplane botki na obcasie i pastelow\u0105 sp\u00f3dnic\u0119 z falbankami, co pozwoli uzyska\u0107 kobiecy set na co dzie\u0144.<\/p>\n\n\n\r\n<div class=\"product-block-container swiper mySwiperProductBlock\">\r\n    <div class=\"product-block-swiper swiper-wrapper\">\r\n                    <div class=\"swiper-slide product-block-item\" data-id=\"147511\">\r\n                <a href=\"https:\/\/bialcon.pl\/lekki-seledynowy-sweterek-w-brazowe-paski?utm_source=blog&utm_medium=wyprzedaz&utm_campaign=060325\" class=\"product-block-url\" target=\"_blank\">\r\n                    <div class=\"product-block-image\">\r\n                        <img decoding=\"async\" width=\"300\" height=\"400\" src=\"https:\/\/bialcon.pl\/picture\/lekki-seledynowy-sweterek-w-brazowe-paski.jpg\" alt=\"Lekki seledynowy sweterek w br\u0105zowe paski\">\r\n                    <\/div>\r\n                    <div class=\"product-block-name\">\r\n                        <p>Lekki seledynowy sweterek w br\u0105zowe paski<\/p>\r\n                    <\/div>\r\n                <\/a>\r\n            <\/div>\r\n                    <div class=\"swiper-slide product-block-item\" data-id=\"147543\">\r\n                <a href=\"https:\/\/bialcon.pl\/bluzka-z-brazowej-dzianiny-sweterkowej-z-dekoracyjnym-sciagaczem?utm_source=blog&utm_medium=wyprzedaz&utm_campaign=060325\" class=\"product-block-url\" target=\"_blank\">\r\n                    <div class=\"product-block-image\">\r\n                        <img decoding=\"async\" width=\"300\" height=\"400\" src=\"https:\/\/bialcon.pl\/picture\/bluzka-z-brazowej-dzianiny-sweterkowej-z-dekoracyjnym-sciagaczem.jpg\" alt=\"Bluzka z br\u0105zowej dzianiny sweterkowej z dekoracyjnym \u015bci\u0105gaczem\">\r\n                    <\/div>\r\n                    <div class=\"product-block-name\">\r\n                        <p>Bluzka z br\u0105zowej dzianiny sweterkowej z dekoracyjnym \u015bci\u0105gaczem<\/p>\r\n                    <\/div>\r\n                <\/a>\r\n            <\/div>\r\n                    <div class=\"swiper-slide product-block-item\" data-id=\"147544\">\r\n                <a href=\"https:\/\/bialcon.pl\/bluzka-ecru-z-dzianiny-sweterkowej-z-dekoracyjnym-sciagaczem?utm_source=blog&utm_medium=wyprzedaz&utm_campaign=060325\" class=\"product-block-url\" target=\"_blank\">\r\n                    <div class=\"product-block-image\">\r\n                        <img decoding=\"async\" width=\"300\" height=\"400\" src=\"https:\/\/bialcon.pl\/picture\/bluzka-ecru-z-dzianiny-sweterkowej-z-dekoracyjnym-sciagaczem_1.jpg\" alt=\"Bluzka ecru z dzianiny sweterkowej z dekoracyjnym \u015bci\u0105gaczem\">\r\n                    <\/div>\r\n                    <div class=\"product-block-name\">\r\n                        <p>Bluzka ecru z dzianiny sweterkowej z dekoracyjnym \u015bci\u0105gaczem<\/p>\r\n                    <\/div>\r\n                <\/a>\r\n            <\/div>\r\n            <\/div>\r\n<\/div>\r\n\n\n\n\n<h2 class=\"wp-block-heading\"><span class=\"ez-toc-section\" id=\"Rozbielone_kolory_w_Twojej_garderobie\"><\/span>Rozbielone kolory w Twojej garderobie<span class=\"ez-toc-section-end\"><\/span><\/h2>\n\n\n\n<p>Tak jak w innych sezonach, tak i zim\u0105, jako szykowny look do pracy lub na wyj\u015bcie sprawdzi si\u0119 damski garnitur. Komplet w odcieniu b\u0142\u0119kitu, brzoskwini lub pistacjowej zieleni sprawi, \u017ce formalny ubi\u00f3r stanie si\u0119 bardziej przyst\u0119pny, wpisuj\u0105c si\u0119 w smart casualow\u0105 elegancj\u0119.<\/p>\n\n\n\n<p>O\u0142\u00f3wkowa sp\u00f3dnica i \u017cakiet w jasnym kolorze, jasne spodnie chino, albo szerokie spodnie palazzo to kolejne cz\u0119\u015bci stroju, kt\u00f3re wygl\u0105daj\u0105 \u015bwietnie w pastelowej ods\u0142onie. Niezast\u0105piony zim\u0105 jest ciep\u0142y p\u0142aszcz.<\/p>\n\n\n\n<p>Prostym sposobem na wprowadzenie pasteli do stylizacji jest si\u0119gni\u0119cie po okrycie wierzchnie w jasnym be\u017cu, b\u0142\u0119kicie, seledynowej zieleni albo cukierkowym r\u00f3\u017cu.<\/p>\n\n\n\n<h2 class=\"wp-block-heading\"><span class=\"ez-toc-section\" id=\"Z_czym_laczyc_pastele_w_stylizacji\"><\/span>Z czym \u0142\u0105czy\u0107 pastele w stylizacji?<span class=\"ez-toc-section-end\"><\/span><\/h2>\n\n\n\n<p>Zacznijmy od najprostszych rozwi\u0105za\u0144. \u015awiat mody kocha monochromatyczne stylizacje, a jasne barwy wygl\u0105daj\u0105 szykownie w zestawach total look.<\/p>\n\n\n\n<p>Zobacz, jak interesuj\u0105co prezentuje si\u0119 outfit, w kt\u00f3rych ten sam kolor pojawia si\u0119 na r\u00f3\u017cnych cz\u0119\u015bciach stroju, r\u00f3\u017cni\u0105cych si\u0119 od siebie tylko faktur\u0105. Total look w pudrowym r\u00f3\u017cu, mi\u0119towej zieleni lub b\u0142\u0119kicie to spos\u00f3b na zimow\u0105 stylizacj\u0119 marze\u0144.<\/p>\n\n\n\n<p>Pastele wygl\u0105daj\u0105 \u015bwietnie w po\u0142\u0105czeniu z biel\u0105, co pozwala uzyska\u0107 lekko\u015b\u0107 i \u015bwie\u017co\u015b\u0107 w ciep\u0142ej stylizacji. Innym pomys\u0142em jest noszenie rozbielonych kolor\u00f3w w s\u0105siedztwie neutralnych barw, takich jak szaro\u015b\u0107 albo czer\u0144.<\/p>\n\n\n\n<p>Po\u0142\u0105czenie pastelowego odcienia i kolor\u00f3w, od kt\u00f3rych si\u0119 on wywodzi jest doskona\u0142ym sposobem na sp\u00f3jn\u0105 styl\u00f3wk\u0119. Sweter w odcieniu baby blue wygl\u0105da \u015bwietnie z niebiesk\u0105 sp\u00f3dnic\u0105, bia\u0142\u0105 koszul\u0105 i bia\u0142ymi butami, a mi\u0119towa bluzka zada szyku z kremowymi spodniami i ciemnozielonym \u017cakietem oraz botkami.<\/p>\n\n\n\r\n<div class=\"product-block-container swiper mySwiperProductBlock\">\r\n    <div class=\"product-block-swiper swiper-wrapper\">\r\n                    <div class=\"swiper-slide product-block-item\" data-id=\"147607\">\r\n                <a href=\"https:\/\/bialcon.pl\/sukienka-z-dzianiny-bawelnianej-w-kolorze-indyjskiego-rozu?utm_source=blog&utm_medium=wyprzedaz&utm_campaign=060325\" class=\"product-block-url\" target=\"_blank\">\r\n                    <div class=\"product-block-image\">\r\n                        <img decoding=\"async\" width=\"300\" height=\"400\" src=\"https:\/\/bialcon.pl\/picture\/sukienka-z-dzianiny-bawelnianej-w-kolorze-indyjskiego-rozu_3.jpg\" alt=\"Sukienka z dzianiny bawe\u0142nianej w kolorze indyjskiego r\u00f3\u017cu\">\r\n                    <\/div>\r\n                    <div class=\"product-block-name\">\r\n                        <p>Sukienka z dzianiny bawe\u0142nianej w kolorze indyjskiego r\u00f3\u017cu<\/p>\r\n                    <\/div>\r\n                <\/a>\r\n            <\/div>\r\n                    <div class=\"swiper-slide product-block-item\" data-id=\"147621\">\r\n                <a href=\"https:\/\/bialcon.pl\/efektowna-rozowa-sukienka-z-tafty?utm_source=blog&utm_medium=wyprzedaz&utm_campaign=060325\" class=\"product-block-url\" target=\"_blank\">\r\n                    <div class=\"product-block-image\">\r\n                        <img decoding=\"async\" width=\"300\" height=\"400\" src=\"https:\/\/bialcon.pl\/picture\/efektowna-rozowa-sukienka-z-tafty.jpg\" alt=\"Efektowna r\u00f3\u017cowa sukienka z tafty\">\r\n                    <\/div>\r\n                    <div class=\"product-block-name\">\r\n                        <p>Efektowna r\u00f3\u017cowa sukienka z tafty<\/p>\r\n                    <\/div>\r\n                <\/a>\r\n            <\/div>\r\n                    <div class=\"swiper-slide product-block-item\" data-id=\"147692\">\r\n                <a href=\"https:\/\/bialcon.pl\/elegancka-zwiewna-sukienka-midi-z-kontrafalda?utm_source=blog&utm_medium=wyprzedaz&utm_campaign=060325\" class=\"product-block-url\" target=\"_blank\">\r\n                    <div class=\"product-block-image\">\r\n                        <img decoding=\"async\" width=\"300\" height=\"400\" src=\"https:\/\/bialcon.pl\/picture\/elegancka-zwiewna-sukienka-midi-z-kontrafalda_6.jpg\" alt=\"Elegancka zwiewna sukienka midi z kontrafa\u0142d\u0105\">\r\n                    <\/div>\r\n                    <div class=\"product-block-name\">\r\n                        <p>Elegancka zwiewna sukienka midi z kontrafa\u0142d\u0105<\/p>\r\n                    <\/div>\r\n                <\/a>\r\n            <\/div>\r\n            <\/div>\r\n<\/div>\r\n\n\n\n\n<h2 class=\"wp-block-heading\"><span class=\"ez-toc-section\" id=\"Inspiracje_na_to_jak_laczyc_pastelowe_kolory_ubran\"><\/span>Inspiracje na to, jak \u0142\u0105czy\u0107 pastelowe kolory ubra\u0144<span class=\"ez-toc-section-end\"><\/span><\/h2>\n\n\n\n<p>Je\u015bli lubisz si\u0119 wyr\u00f3\u017cnia\u0107, spr\u00f3buj nosi\u0107 pastele, inspiruj\u0105c si\u0119 po\u0142\u0105czeniami kolor\u00f3w dope\u0142niaj\u0105cych. Pozwoli to uzyska\u0107 bardziej \u0142agodny efekt ni\u017c standardowe miksy przeciwstawnych odcieni. Przyk\u0142adowo <strong>\u2013<\/strong> brzoskwiniow\u0105 bluzk\u0119 po\u0142\u0105cz z niebieskimi spodniami, a liliow\u0105 sukienk\u0119 uzupe\u0142nij \u017c\u00f3\u0142tymi dodatkami.<\/p>\n\n\n\n<p>Rozbielone kolory tworz\u0105 pe\u0142ne rado\u015bci po\u0142\u0105czenia z innymi pastelami. Taki miks sprawdzi si\u0119 nie tylko na lato. We\u0142niany r\u00f3\u017cowy p\u0142aszcz, szara bluza i niebieskie jeansy oraz kremowe trapery wygl\u0105daj\u0105 razem zaskakuj\u0105co dobrze, nadaj\u0105c outfitowi m\u0142odzie\u0144czy wyraz.<\/p>\n\n\n\n<p>Pastelowe stylizacje nadaj\u0105 si\u0119 na r\u00f3\u017cne okazje. Je\u015bli szykujesz wyj\u015bciowy look, wypr\u00f3buj miks pastelowych ubra\u0144 z b\u0142yszcz\u0105cymi dodatkami. A wzorzyst\u0105 sukienk\u0119 fantastycznie stonujesz, dobieraj\u0105c prost\u0105, be\u017cow\u0105 torebk\u0119 lub jasny \u017cakiet.<\/p>\n\n\n\r\n<div class=\"product-block-container swiper mySwiperProductBlock\">\r\n    <div class=\"product-block-swiper swiper-wrapper\">\r\n                    <div class=\"swiper-slide product-block-item\" data-id=\"145223\">\r\n                <a href=\"https:\/\/bialcon.pl\/jeansowe-szerokie-spodnie-z-bawelny?utm_source=blog&utm_medium=wyprzedaz&utm_campaign=060325\" class=\"product-block-url\" target=\"_blank\">\r\n                    <div class=\"product-block-image\">\r\n                        <img decoding=\"async\" width=\"300\" height=\"400\" src=\"https:\/\/bialcon.pl\/picture\/jeansowe-szerokie-spodnie-z-bawelny_1.jpg\" alt=\"Jeansowe szerokie spodnie z bawe\u0142ny\">\r\n                    <\/div>\r\n                    <div class=\"product-block-name\">\r\n                        <p>Jeansowe szerokie spodnie z bawe\u0142ny<\/p>\r\n                    <\/div>\r\n                <\/a>\r\n            <\/div>\r\n                    <div class=\"swiper-slide product-block-item\" data-id=\"142385\">\r\n                <a href=\"https:\/\/bialcon.pl\/elastyczne-niebieskie-jeansy?utm_source=blog&utm_medium=wyprzedaz&utm_campaign=060325\" class=\"product-block-url\" target=\"_blank\">\r\n                    <div class=\"product-block-image\">\r\n                        <img decoding=\"async\" width=\"300\" height=\"400\" src=\"https:\/\/bialcon.pl\/picture\/elastyczne-niebieskie-jeansy_13.jpg\" alt=\"Elastyczne niebieskie jeansy\">\r\n                    <\/div>\r\n                    <div class=\"product-block-name\">\r\n                        <p>Elastyczne niebieskie jeansy<\/p>\r\n                    <\/div>\r\n                <\/a>\r\n            <\/div>\r\n                    <div class=\"swiper-slide product-block-item\" data-id=\"142386\">\r\n                <a href=\"https:\/\/bialcon.pl\/ciemnogranatowe-jeansy?utm_source=blog&utm_medium=wyprzedaz&utm_campaign=060325\" class=\"product-block-url\" target=\"_blank\">\r\n                    <div class=\"product-block-image\">\r\n                        <img decoding=\"async\" width=\"300\" height=\"400\" src=\"https:\/\/bialcon.pl\/picture\/ciemnogranatowe-jeansy_7.jpg\" alt=\"Ciemnogranatowe jeansy\">\r\n                    <\/div>\r\n                    <div class=\"product-block-name\">\r\n                        <p>Ciemnogranatowe jeansy<\/p>\r\n                    <\/div>\r\n                <\/a>\r\n            <\/div>\r\n            <\/div>\r\n<\/div>\r\n\n\n\n\n<h2 class=\"wp-block-heading\"><span class=\"ez-toc-section\" id=\"Pastelowe_dodatki_maja_moc\"><\/span>Pastelowe dodatki maj\u0105 moc<span class=\"ez-toc-section-end\"><\/span><\/h2>\n\n\n\n<p>Nie jeste\u015b przekonana do rozbielonych tonacji w ubiorze? Nie musisz od razu inwestowa\u0107 w pastelowy garnitur lub sukienk\u0119, by uzyska\u0107 najmodniejszy look sezonu.<\/p>\n\n\n\n<p>Pastelowe kolory prezentuj\u0105 si\u0119 pi\u0119knie tak\u017ce na szalach, czapkach i r\u0119kawiczkach. Mog\u0105 towarzyszy\u0107 one innym, jasnym barwom albo stanowi\u0107 pastelowy akcent w ciemniejszym ubiorze. Chcesz pozna\u0107 nasz trik? Dodaj\u0105c do ciep\u0142ej, zimowej stylizacji jasn\u0105 torebk\u0119, optycznie j\u0105 odci\u0105\u017cysz.<\/p>\n\n\n\n<p>W ciep\u0142ej, warstwowej stylizacji warto postawi\u0107 na starannie dobrany pastelowy akcent, jakim mo\u017ce by\u0107 na przyk\u0142ad pasek do spodni, apaszka albo ko\u0142nierzyk. Dodaj do bazuj\u0105cego na ciemnych barwach outfitu kwiecist\u0105 chust\u0119 w odcieniu pudrowego r\u00f3\u017cu, a ten sam kolor warto wple\u015b\u0107 w manicure.<\/p>\n\n\n\r\n<div class=\"product-block-container swiper mySwiperProductBlock\">\r\n    <div class=\"product-block-swiper swiper-wrapper\">\r\n                    <div class=\"swiper-slide product-block-item\" data-id=\"147623\">\r\n                <a href=\"https:\/\/bialcon.pl\/kopertowa-dzianinowa-bluzka-z-marszczeniem?utm_source=blog&utm_medium=wyprzedaz&utm_campaign=060325\" class=\"product-block-url\" target=\"_blank\">\r\n                    <div class=\"product-block-image\">\r\n                        <img decoding=\"async\" width=\"300\" height=\"400\" src=\"https:\/\/bialcon.pl\/picture\/kopertowa-dzianinowa-bluzka-z-marszczeniem_1.jpg\" alt=\"Kopertowa dzianinowa bluzka z marszczeniem\">\r\n                    <\/div>\r\n                    <div class=\"product-block-name\">\r\n                        <p>Kopertowa dzianinowa bluzka z marszczeniem<\/p>\r\n                    <\/div>\r\n                <\/a>\r\n            <\/div>\r\n                    <div class=\"swiper-slide product-block-item\" data-id=\"147697\">\r\n                <a href=\"https:\/\/bialcon.pl\/bawelniany-jasny-t-shirt-z-nadrukiem-wisni?utm_source=blog&utm_medium=wyprzedaz&utm_campaign=060325\" class=\"product-block-url\" target=\"_blank\">\r\n                    <div class=\"product-block-image\">\r\n                        <img decoding=\"async\" width=\"300\" height=\"400\" src=\"https:\/\/bialcon.pl\/picture\/bawelniany-jasny-t-shirt-z-nadrukiem-wisni_1.jpg\" alt=\"Bawe\u0142niany jasny t-shirt z nadrukiem wi\u015bni\">\r\n                    <\/div>\r\n                    <div class=\"product-block-name\">\r\n                        <p>Bawe\u0142niany jasny t-shirt z nadrukiem wi\u015bni<\/p>\r\n                    <\/div>\r\n                <\/a>\r\n            <\/div>\r\n                    <div class=\"swiper-slide product-block-item\" data-id=\"147509\">\r\n                <a href=\"https:\/\/bialcon.pl\/wizytowa-koronkowa-bluzka-ecu-z-baskinka?utm_source=blog&utm_medium=wyprzedaz&utm_campaign=060325\" class=\"product-block-url\" target=\"_blank\">\r\n                    <div class=\"product-block-image\">\r\n                        <img decoding=\"async\" width=\"300\" height=\"400\" src=\"https:\/\/bialcon.pl\/picture\/wizytowa-koronkowa-bluzka-ecu-z-baskinka.jpg\" alt=\"Wizytowa koronkowa bluzka ecu z baskink\u0105\">\r\n                    <\/div>\r\n                    <div class=\"product-block-name\">\r\n                        <p>Wizytowa koronkowa bluzka ecu z baskink\u0105<\/p>\r\n                    <\/div>\r\n                <\/a>\r\n            <\/div>\r\n            <\/div>\r\n<\/div>\r\n\n\n\n\n<h2 class=\"wp-block-heading\"><span class=\"ez-toc-section\" id=\"FAQ_pastelowe_stylizacje\"><\/span>FAQ pastelowe stylizacje<span class=\"ez-toc-section-end\"><\/span><\/h2>\n\n\n\n<p>Zima trwa ju\u017c zbyt d\u0142ugo, a lato zdaje si\u0119 by\u0107 niewyobra\u017calnie daleko? Przywo\u0142aj wiosenny klimat, stawiaj\u0105c na pastelowe ubrania, dzi\u0119ki kt\u00f3rym poczujesz przyp\u0142yw pozytywnej energii. Rozbielone kolory wpisuj\u0105 si\u0119 w modowe trendy i pozwalaj\u0105 na wiele przy tworzeniu stylizacji.<\/p>\n\n\n\n<p>Co powiesz na pe\u0142en wigoru jasny \u017c\u00f3\u0142ty lub b\u0142\u0119kit baby blue? A mo\u017ce uzupe\u0142nisz garderob\u0119 o pistacjowo zielon\u0105 torebk\u0119 lub mieni\u0105cy si\u0119 kremowymi kryszta\u0142kami sweter?<\/p>\n\n\n\n<h3 class=\"wp-block-heading\">Jak \u0142\u0105czy\u0107 pastelowe kolory ubra\u0144 w stroju?<\/h3>\n\n\n\n<p>Mo\u017cesz nosi\u0107 odzie\u017c w rozbielonych kolorach w zestawieniu z bia\u0142ymi ubraniami i dodatkami albo postawi\u0107 na uniwersalne kolory, takie jak be\u017c, szaro\u015b\u0107 i czer\u0144.<\/p>\n\n\n\n<p>Innym sposobem jest \u0142\u0105czenie pastelowych ubra\u0144 z ich nasyconymi odpowiednikami. Przyk\u0142ad? Mi\u0119towa ziele\u0144 wygl\u0105da \u015bwietnie z ciemn\u0105 zieleni\u0105.<\/p>\n\n\n\n<p>Jasne kolory wygl\u0105daj\u0105 sp\u00f3jnie z innymi rozbielonymi odcieniami. \u015amia\u0142o po\u0142\u0105cz w ubiorze kilka pastelowych barw.<\/p>\n\n\n\n<p>Atrakcyjnie b\u0119dziesz wygl\u0105da\u0107 tak\u017ce w tym samym odcieniu od st\u00f3p do g\u0142\u00f3w.<\/p>\n\n\n\n<h3 class=\"wp-block-heading\">Czy pastelowe stylizacje b\u0119d\u0105 mi pasowa\u0107?<\/h3>\n\n\n\n<p>Niezale\u017cnie od wieku i urody, pastelowe kolory ubra\u0144 s\u0105 odpowiednie dla ka\u017cdego. Kluczowy jest tylko taki wyb\u00f3r odcienia, jego temperatury i nasycenia, by harmonizowa\u0142 on z osobistym kolorytem, podkre\u015blaj\u0105c naturalne pi\u0119kno.<\/p>\n\n\n\n<p>Je\u015bli nie czujesz si\u0119 dobrze w pastelowym odcieniu, zastosuj go w postaci dodatk\u00f3w, kt\u00f3re o\u017cywi\u0105 ciemne stylizacje, dodaj\u0105c im \u015bwie\u017co\u015bci.<\/p>\n\n\n\n<h3 class=\"wp-block-heading\">Czy pastelowe kolory ubra\u0144 pasuj\u0105 tak\u017ce m\u0119\u017cczyznom?<\/h3>\n\n\n\n<p>Tak, aktualne trendy modowe lansuj\u0105 pastelowe kolory jako odpowiedni wyb\u00f3r tak\u017ce dla m\u0119\u017cczyzn. Jasne barwy dodaj\u0105 m\u0119skiej garderobie subtelno\u015bci i urozmaicaj\u0105 ciemne zestawy ubra\u0144.<\/p>\n\n\n\n<p>B\u0142\u0119kitna koszula wygl\u0105da \u015bwietnie z grafitowym swetrem i be\u017cowymi spodniami, a kamizelka w odcieniu \u0142ososiowym mo\u017ce interesuj\u0105co uzupe\u0142ni\u0107 set z br\u0105zowymi spodniami, be\u017cow\u0105 marynark\u0105 w krat\u0119 i kremow\u0105 koszul\u0105.<\/p>\n\n\n\n<p>W m\u0119skiej modzie sprawdzaj\u0105 si\u0119 tak\u017ce pastelowe dodatki, takie jak cho\u0107by krawat, poszetka, mucha albo pasek do spodni.<\/p>\n\n\n\n<script type=\"application\/ld+json\">\n{\n  \"@context\": \"https:\/\/schema.org\",\n  \"@type\": \"FAQPage\",\n  \"mainEntity\": [\n    {\n      \"@type\": \"Question\",\n      \"name\": \"Jak \u0142\u0105czy\u0107 pastelowe kolory ubra\u0144 w stroju?\",\n      \"acceptedAnswer\": {\n        \"@type\": \"Answer\",\n        \"text\": \"Mo\u017cesz nosi\u0107 odzie\u017c w rozbielonych kolorach w zestawieniu z bia\u0142ymi ubraniami i dodatkami albo postawi\u0107 na uniwersalne kolory, takie jak be\u017c, szaro\u015b\u0107 i czer\u0144. Innym sposobem jest \u0142\u0105czenie pastelowych ubra\u0144 z ich nasyconymi odpowiednikami. Przyk\u0142ad? Mi\u0119towa ziele\u0144 wygl\u0105da \u015bwietnie z ciemn\u0105 zieleni\u0105. Jasne kolory wygl\u0105daj\u0105 sp\u00f3jnie z innymi rozbielonymi odcieniami. \u015amia\u0142o po\u0142\u0105cz w ubiorze kilka pastelowych barw. Atrakcyjnie b\u0119dziesz wygl\u0105da\u0107 tak\u017ce w tym samym odcieniu od st\u00f3p do g\u0142\u00f3w.\"\n      }\n    },\n    {\n      \"@type\": \"Question\",\n      \"name\": \"Czy pastelowe stylizacje b\u0119d\u0105 mi pasowa\u0107?\",\n      \"acceptedAnswer\": {\n        \"@type\": \"Answer\",\n        \"text\": \"Niezale\u017cnie od wieku i urody, pastelowe kolory ubra\u0144 s\u0105 odpowiednie dla ka\u017cdego. Kluczowy jest tylko taki wyb\u00f3r odcienia, jego temperatury i nasycenia, by harmonizowa\u0142 on z osobistym kolorytem, podkre\u015blaj\u0105c naturalne pi\u0119kno. Je\u015bli nie czujesz si\u0119 dobrze w pastelowym odcieniu, zastosuj go w postaci dodatk\u00f3w, kt\u00f3re o\u017cywi\u0105 ciemne stylizacje, dodaj\u0105c im \u015bwie\u017co\u015bci.\"\n      }\n    },\n    {\n      \"@type\": \"Question\",\n      \"name\": \"Czy pastelowe kolory ubra\u0144 pasuj\u0105 tak\u017ce m\u0119\u017cczyznom?\",\n      \"acceptedAnswer\": {\n        \"@type\": \"Answer\",\n        \"text\": \"Tak, aktualne trendy modowe lansuj\u0105 pastelowe kolory jako odpowiedni wyb\u00f3r tak\u017ce dla m\u0119\u017cczyzn. Jasne barwy dodaj\u0105 m\u0119skiej garderobie subtelno\u015bci i urozmaicaj\u0105 ciemne zestawy ubra\u0144. B\u0142\u0119kitna koszula wygl\u0105da \u015bwietnie z grafitowym swetrem i be\u017cowymi spodniami, a kamizelka w odcieniu \u0142ososiowym mo\u017ce interesuj\u0105co uzupe\u0142ni\u0107 set z br\u0105zowymi spodniami, be\u017cow\u0105 marynark\u0105 w krat\u0119 i kremow\u0105 koszul\u0105. W m\u0119skiej modzie sprawdzaj\u0105 si\u0119 tak\u017ce pastelowe dodatki, takie jak cho\u0107by krawat, poszetka, mucha albo pasek do spodni.\"\n      }\n    }\n  ]\n}\n<\/script>\n","protected":false},"excerpt":{"rendered":"<p>Czy pastelowe kolory ubra\u0144 pasuj\u0105 na zim\u0119? Oczywi\u015bcie, \u017ce tak \u2013 pastelowe tonacje dzia\u0142aj\u0105 niczym naturalny roz\u015bwietlacz, a ich delikatno\u015b\u0107 sprawia, \u017ce stylizacja zyskuje na lekko\u015bci. Je\u015bli chcesz tworzy\u0107 ciep\u0142e outfity, kt\u00f3re s\u0105 modne i bazuj\u0105 na pastelach, nie mog\u0142a\u015b trafi\u0107 lepiej! Sprawd\u017a, kt\u00f3re pastelowe stylizacje b\u0119d\u0105 idealne dla Ciebie i zainspiruj si\u0119 naszymi pomys\u0142ami. [&hellip;]<\/p>\n","protected":false},"author":14,"featured_media":10617,"comment_status":"closed","ping_status":"open","sticky":false,"template":"","format":"standard","meta":{"_acf_changed":false,"site-sidebar-layout":"default","site-content-layout":"","ast-site-content-layout":"default","site-content-style":"default","site-sidebar-style":"default","ast-global-header-display":"","ast-banner-title-visibility":"","ast-main-header-display":"","ast-hfb-above-header-display":"","ast-hfb-below-header-display":"","ast-hfb-mobile-header-display":"","site-post-title":"","ast-breadcrumbs-content":"","ast-featured-img":"","footer-sml-layout":"","theme-transparent-header-meta":"","adv-header-id-meta":"","stick-header-meta":"","header-above-stick-meta":"","header-main-stick-meta":"","header-below-stick-meta":"","astra-migrate-meta-layouts":"set","ast-page-background-enabled":"default","ast-page-background-meta":{"desktop":{"background-color":"","background-image":"","background-repeat":"repeat","background-position":"center center","background-size":"auto","background-attachment":"scroll","background-type":"","background-media":"","overlay-type":"","overlay-color":"","overlay-opacity":"","overlay-gradient":""},"tablet":{"background-color":"","background-image":"","background-repeat":"repeat","background-position":"center center","background-size":"auto","background-attachment":"scroll","background-type":"","background-media":"","overlay-type":"","overlay-color":"","overlay-opacity":"","overlay-gradient":""},"mobile":{"background-color":"","background-image":"","background-repeat":"repeat","background-position":"center center","background-size":"auto","background-attachment":"scroll","background-type":"","background-media":"","overlay-type":"","overlay-color":"","overlay-opacity":"","overlay-gradient":""}},"ast-content-background-meta":{"desktop":{"background-color":"var(--ast-global-color-5)","background-image":"","background-repeat":"repeat","background-position":"center center","background-size":"auto","background-attachment":"scroll","background-type":"","background-media":"","overlay-type":"","overlay-color":"","overlay-opacity":"","overlay-gradient":""},"tablet":{"background-color":"var(--ast-global-color-5)","background-image":"","background-repeat":"repeat","background-position":"center center","background-size":"auto","background-attachment":"scroll","background-type":"","background-media":"","overlay-type":"","overlay-color":"","overlay-opacity":"","overlay-gradient":""},"mobile":{"background-color":"var(--ast-global-color-5)","background-image":"","background-repeat":"repeat","background-position":"center center","background-size":"auto","background-attachment":"scroll","background-type":"","background-media":"","overlay-type":"","overlay-color":"","overlay-opacity":"","overlay-gradient":""}},"footnotes":""},"categories":[10,14],"tags":[],"class_list":["post-10616","post","type-post","status-publish","format-standard","has-post-thumbnail","hentry","category-porady-stylistki","category-wszystkie-wpisy"],"acf":[],"yoast_head":"<!-- This site is optimized with the Yoast SEO plugin v27.4 - https:\/\/yoast.com\/product\/yoast-seo-wordpress\/ -->\n<title>Jak wykorzysta\u0107 pastelowe kolory w zimowych stylizacjach? - Bialcon<\/title>\n<meta name=\"description\" content=\"Czy pastelowe kolory ubra\u0144 pasuj\u0105 na zim\u0119? [...] Sprawd\u017a, kt\u00f3re pastelowe stylizacje b\u0119d\u0105 idealne dla Ciebie i zainspiruj si\u0119 naszymi pomys\u0142ami.\" \/>\n<meta name=\"robots\" content=\"index, follow, max-snippet:-1, max-image-preview:large, max-video-preview:-1\" \/>\n<link rel=\"canonical\" href=\"https:\/\/bialcon.pl\/blog\/pastelowe-kolory-w-zimowych-stylizacjach\/\" \/>\n<meta name=\"twitter:label1\" content=\"Napisane przez\" \/>\n\t<meta name=\"twitter:data1\" content=\"Daria Woszczaty\u0144ska-Przybylska\" \/>\n\t<meta name=\"twitter:label2\" content=\"Szacowany czas czytania\" \/>\n\t<meta name=\"twitter:data2\" content=\"7 minut\" \/>\n<script type=\"application\/ld+json\" class=\"yoast-schema-graph\">{\"@context\":\"https:\\\/\\\/schema.org\",\"@graph\":[{\"@type\":\"Article\",\"@id\":\"https:\\\/\\\/bialcon.pl\\\/blog\\\/pastelowe-kolory-w-zimowych-stylizacjach\\\/#article\",\"isPartOf\":{\"@id\":\"https:\\\/\\\/bialcon.pl\\\/blog\\\/pastelowe-kolory-w-zimowych-stylizacjach\\\/\"},\"author\":{\"name\":\"Daria Woszczaty\u0144ska-Przybylska\",\"@id\":\"https:\\\/\\\/bialcon.pl\\\/blog\\\/#\\\/schema\\\/person\\\/ba17cc8b0900b2a06eecf843eb117760\"},\"headline\":\"Jak wykorzysta\u0107 pastelowe kolory w zimowych stylizacjach?\",\"datePublished\":\"2025-03-06T09:00:00+00:00\",\"dateModified\":\"2026-04-16T09:01:07+00:00\",\"mainEntityOfPage\":{\"@id\":\"https:\\\/\\\/bialcon.pl\\\/blog\\\/pastelowe-kolory-w-zimowych-stylizacjach\\\/\"},\"wordCount\":1403,\"image\":{\"@id\":\"https:\\\/\\\/bialcon.pl\\\/blog\\\/pastelowe-kolory-w-zimowych-stylizacjach\\\/#primaryimage\"},\"thumbnailUrl\":\"https:\\\/\\\/bialcon.pl\\\/blog\\\/wp-content\\\/uploads\\\/2025\\\/03\\\/Projekt-bez-nazwy-1.png\",\"articleSection\":[\"Porady Stylistki\",\"Wszystkie wpisy\"],\"inLanguage\":\"pl-PL\"},{\"@type\":\"WebPage\",\"@id\":\"https:\\\/\\\/bialcon.pl\\\/blog\\\/pastelowe-kolory-w-zimowych-stylizacjach\\\/\",\"url\":\"https:\\\/\\\/bialcon.pl\\\/blog\\\/pastelowe-kolory-w-zimowych-stylizacjach\\\/\",\"name\":\"Jak wykorzysta\u0107 pastelowe kolory w zimowych stylizacjach? - Bialcon\",\"isPartOf\":{\"@id\":\"https:\\\/\\\/bialcon.pl\\\/blog\\\/#website\"},\"primaryImageOfPage\":{\"@id\":\"https:\\\/\\\/bialcon.pl\\\/blog\\\/pastelowe-kolory-w-zimowych-stylizacjach\\\/#primaryimage\"},\"image\":{\"@id\":\"https:\\\/\\\/bialcon.pl\\\/blog\\\/pastelowe-kolory-w-zimowych-stylizacjach\\\/#primaryimage\"},\"thumbnailUrl\":\"https:\\\/\\\/bialcon.pl\\\/blog\\\/wp-content\\\/uploads\\\/2025\\\/03\\\/Projekt-bez-nazwy-1.png\",\"datePublished\":\"2025-03-06T09:00:00+00:00\",\"dateModified\":\"2026-04-16T09:01:07+00:00\",\"author\":{\"@id\":\"https:\\\/\\\/bialcon.pl\\\/blog\\\/#\\\/schema\\\/person\\\/ba17cc8b0900b2a06eecf843eb117760\"},\"description\":\"Czy pastelowe kolory ubra\u0144 pasuj\u0105 na zim\u0119? [...] Sprawd\u017a, kt\u00f3re pastelowe stylizacje b\u0119d\u0105 idealne dla Ciebie i zainspiruj si\u0119 naszymi pomys\u0142ami.\",\"breadcrumb\":{\"@id\":\"https:\\\/\\\/bialcon.pl\\\/blog\\\/pastelowe-kolory-w-zimowych-stylizacjach\\\/#breadcrumb\"},\"inLanguage\":\"pl-PL\",\"potentialAction\":[{\"@type\":\"ReadAction\",\"target\":[\"https:\\\/\\\/bialcon.pl\\\/blog\\\/pastelowe-kolory-w-zimowych-stylizacjach\\\/\"]}]},{\"@type\":\"ImageObject\",\"inLanguage\":\"pl-PL\",\"@id\":\"https:\\\/\\\/bialcon.pl\\\/blog\\\/pastelowe-kolory-w-zimowych-stylizacjach\\\/#primaryimage\",\"url\":\"https:\\\/\\\/bialcon.pl\\\/blog\\\/wp-content\\\/uploads\\\/2025\\\/03\\\/Projekt-bez-nazwy-1.png\",\"contentUrl\":\"https:\\\/\\\/bialcon.pl\\\/blog\\\/wp-content\\\/uploads\\\/2025\\\/03\\\/Projekt-bez-nazwy-1.png\",\"width\":960,\"height\":850,\"caption\":\"Wizualizacja kobiety w niebieskim swetrze w serek, noszonym na wzorzyst\u0105 koszul\u0119, i w ciemnych spodniach\"},{\"@type\":\"BreadcrumbList\",\"@id\":\"https:\\\/\\\/bialcon.pl\\\/blog\\\/pastelowe-kolory-w-zimowych-stylizacjach\\\/#breadcrumb\",\"itemListElement\":[{\"@type\":\"ListItem\",\"position\":1,\"name\":\"Strona g\u0142\u00f3wna\",\"item\":\"https:\\\/\\\/bialcon.pl\\\/blog\\\/\"},{\"@type\":\"ListItem\",\"position\":2,\"name\":\"Porady Stylistki\",\"item\":\"https:\\\/\\\/bialcon.pl\\\/blog\\\/porady-stylistki\\\/\"},{\"@type\":\"ListItem\",\"position\":3,\"name\":\"Jak wykorzysta\u0107 pastelowe kolory w zimowych stylizacjach?\"}]},{\"@type\":\"WebSite\",\"@id\":\"https:\\\/\\\/bialcon.pl\\\/blog\\\/#website\",\"url\":\"https:\\\/\\\/bialcon.pl\\\/blog\\\/\",\"name\":\"bialcon.pl\\\/blog\\\/\",\"description\":\"Fashion Blog w zasi\u0119gu Twojej r\u0119ki\",\"potentialAction\":[{\"@type\":\"SearchAction\",\"target\":{\"@type\":\"EntryPoint\",\"urlTemplate\":\"https:\\\/\\\/bialcon.pl\\\/blog\\\/?s={search_term_string}\"},\"query-input\":{\"@type\":\"PropertyValueSpecification\",\"valueRequired\":true,\"valueName\":\"search_term_string\"}}],\"inLanguage\":\"pl-PL\"},{\"@type\":\"Person\",\"@id\":\"https:\\\/\\\/bialcon.pl\\\/blog\\\/#\\\/schema\\\/person\\\/ba17cc8b0900b2a06eecf843eb117760\",\"name\":\"Daria Woszczaty\u0144ska-Przybylska\",\"image\":{\"@type\":\"ImageObject\",\"inLanguage\":\"pl-PL\",\"@id\":\"https:\\\/\\\/secure.gravatar.com\\\/avatar\\\/624792ad5428294ab99ef3d7d452e28d140144dac597c3725127e5d3ea759f0b?s=96&d=mm&r=g\",\"url\":\"https:\\\/\\\/secure.gravatar.com\\\/avatar\\\/624792ad5428294ab99ef3d7d452e28d140144dac597c3725127e5d3ea759f0b?s=96&d=mm&r=g\",\"contentUrl\":\"https:\\\/\\\/secure.gravatar.com\\\/avatar\\\/624792ad5428294ab99ef3d7d452e28d140144dac597c3725127e5d3ea759f0b?s=96&d=mm&r=g\",\"caption\":\"Daria Woszczaty\u0144ska-Przybylska\"},\"description\":\"Autorka tre\u015bci o modzie, copywriterka i content writerka, z wykszta\u0142cenia projektantka ubioru. Zajmuje si\u0119 analiz\u0105 przemian w modzie oraz przyst\u0119pnym wyja\u015bnianiem trend\u00f3w, pomagaj\u0105c odbiorcom \u015bwiadomie budowa\u0107 w\u0142asny styl. Interesuje j\u0105 kreowanie osobistego stylu, ilustracja modowa oraz ubi\u00f3r traktowany jako forma sztuki. Jej najnowsze teksty o modzie znajdziesz na blogu Bialcon.\",\"sameAs\":[\"https:\\\/\\\/www.facebook.com\\\/daria.woszczatynska\\\/\"],\"url\":\"https:\\\/\\\/bialcon.pl\\\/blog\\\/author\\\/daria-woszczatynska-przybylska\\\/\"}]}<\/script>\n<!-- \/ Yoast SEO plugin. -->","yoast_head_json":{"title":"Jak wykorzysta\u0107 pastelowe kolory w zimowych stylizacjach? - Bialcon","description":"Czy pastelowe kolory ubra\u0144 pasuj\u0105 na zim\u0119? [...] Sprawd\u017a, kt\u00f3re pastelowe stylizacje b\u0119d\u0105 idealne dla Ciebie i zainspiruj si\u0119 naszymi pomys\u0142ami.","robots":{"index":"index","follow":"follow","max-snippet":"max-snippet:-1","max-image-preview":"max-image-preview:large","max-video-preview":"max-video-preview:-1"},"canonical":"https:\/\/bialcon.pl\/blog\/pastelowe-kolory-w-zimowych-stylizacjach\/","twitter_misc":{"Napisane przez":"Daria Woszczaty\u0144ska-Przybylska","Szacowany czas czytania":"7 minut"},"schema":{"@context":"https:\/\/schema.org","@graph":[{"@type":"Article","@id":"https:\/\/bialcon.pl\/blog\/pastelowe-kolory-w-zimowych-stylizacjach\/#article","isPartOf":{"@id":"https:\/\/bialcon.pl\/blog\/pastelowe-kolory-w-zimowych-stylizacjach\/"},"author":{"name":"Daria Woszczaty\u0144ska-Przybylska","@id":"https:\/\/bialcon.pl\/blog\/#\/schema\/person\/ba17cc8b0900b2a06eecf843eb117760"},"headline":"Jak wykorzysta\u0107 pastelowe kolory w zimowych stylizacjach?","datePublished":"2025-03-06T09:00:00+00:00","dateModified":"2026-04-16T09:01:07+00:00","mainEntityOfPage":{"@id":"https:\/\/bialcon.pl\/blog\/pastelowe-kolory-w-zimowych-stylizacjach\/"},"wordCount":1403,"image":{"@id":"https:\/\/bialcon.pl\/blog\/pastelowe-kolory-w-zimowych-stylizacjach\/#primaryimage"},"thumbnailUrl":"https:\/\/bialcon.pl\/blog\/wp-content\/uploads\/2025\/03\/Projekt-bez-nazwy-1.png","articleSection":["Porady Stylistki","Wszystkie wpisy"],"inLanguage":"pl-PL"},{"@type":"WebPage","@id":"https:\/\/bialcon.pl\/blog\/pastelowe-kolory-w-zimowych-stylizacjach\/","url":"https:\/\/bialcon.pl\/blog\/pastelowe-kolory-w-zimowych-stylizacjach\/","name":"Jak wykorzysta\u0107 pastelowe kolory w zimowych stylizacjach? - Bialcon","isPartOf":{"@id":"https:\/\/bialcon.pl\/blog\/#website"},"primaryImageOfPage":{"@id":"https:\/\/bialcon.pl\/blog\/pastelowe-kolory-w-zimowych-stylizacjach\/#primaryimage"},"image":{"@id":"https:\/\/bialcon.pl\/blog\/pastelowe-kolory-w-zimowych-stylizacjach\/#primaryimage"},"thumbnailUrl":"https:\/\/bialcon.pl\/blog\/wp-content\/uploads\/2025\/03\/Projekt-bez-nazwy-1.png","datePublished":"2025-03-06T09:00:00+00:00","dateModified":"2026-04-16T09:01:07+00:00","author":{"@id":"https:\/\/bialcon.pl\/blog\/#\/schema\/person\/ba17cc8b0900b2a06eecf843eb117760"},"description":"Czy pastelowe kolory ubra\u0144 pasuj\u0105 na zim\u0119? [...] Sprawd\u017a, kt\u00f3re pastelowe stylizacje b\u0119d\u0105 idealne dla Ciebie i zainspiruj si\u0119 naszymi pomys\u0142ami.","breadcrumb":{"@id":"https:\/\/bialcon.pl\/blog\/pastelowe-kolory-w-zimowych-stylizacjach\/#breadcrumb"},"inLanguage":"pl-PL","potentialAction":[{"@type":"ReadAction","target":["https:\/\/bialcon.pl\/blog\/pastelowe-kolory-w-zimowych-stylizacjach\/"]}]},{"@type":"ImageObject","inLanguage":"pl-PL","@id":"https:\/\/bialcon.pl\/blog\/pastelowe-kolory-w-zimowych-stylizacjach\/#primaryimage","url":"https:\/\/bialcon.pl\/blog\/wp-content\/uploads\/2025\/03\/Projekt-bez-nazwy-1.png","contentUrl":"https:\/\/bialcon.pl\/blog\/wp-content\/uploads\/2025\/03\/Projekt-bez-nazwy-1.png","width":960,"height":850,"caption":"Wizualizacja kobiety w niebieskim swetrze w serek, noszonym na wzorzyst\u0105 koszul\u0119, i w ciemnych spodniach"},{"@type":"BreadcrumbList","@id":"https:\/\/bialcon.pl\/blog\/pastelowe-kolory-w-zimowych-stylizacjach\/#breadcrumb","itemListElement":[{"@type":"ListItem","position":1,"name":"Strona g\u0142\u00f3wna","item":"https:\/\/bialcon.pl\/blog\/"},{"@type":"ListItem","position":2,"name":"Porady Stylistki","item":"https:\/\/bialcon.pl\/blog\/porady-stylistki\/"},{"@type":"ListItem","position":3,"name":"Jak wykorzysta\u0107 pastelowe kolory w zimowych stylizacjach?"}]},{"@type":"WebSite","@id":"https:\/\/bialcon.pl\/blog\/#website","url":"https:\/\/bialcon.pl\/blog\/","name":"bialcon.pl\/blog\/","description":"Fashion Blog w zasi\u0119gu Twojej r\u0119ki","potentialAction":[{"@type":"SearchAction","target":{"@type":"EntryPoint","urlTemplate":"https:\/\/bialcon.pl\/blog\/?s={search_term_string}"},"query-input":{"@type":"PropertyValueSpecification","valueRequired":true,"valueName":"search_term_string"}}],"inLanguage":"pl-PL"},{"@type":"Person","@id":"https:\/\/bialcon.pl\/blog\/#\/schema\/person\/ba17cc8b0900b2a06eecf843eb117760","name":"Daria Woszczaty\u0144ska-Przybylska","image":{"@type":"ImageObject","inLanguage":"pl-PL","@id":"https:\/\/secure.gravatar.com\/avatar\/624792ad5428294ab99ef3d7d452e28d140144dac597c3725127e5d3ea759f0b?s=96&d=mm&r=g","url":"https:\/\/secure.gravatar.com\/avatar\/624792ad5428294ab99ef3d7d452e28d140144dac597c3725127e5d3ea759f0b?s=96&d=mm&r=g","contentUrl":"https:\/\/secure.gravatar.com\/avatar\/624792ad5428294ab99ef3d7d452e28d140144dac597c3725127e5d3ea759f0b?s=96&d=mm&r=g","caption":"Daria Woszczaty\u0144ska-Przybylska"},"description":"Autorka tre\u015bci o modzie, copywriterka i content writerka, z wykszta\u0142cenia projektantka ubioru. Zajmuje si\u0119 analiz\u0105 przemian w modzie oraz przyst\u0119pnym wyja\u015bnianiem trend\u00f3w, pomagaj\u0105c odbiorcom \u015bwiadomie budowa\u0107 w\u0142asny styl. Interesuje j\u0105 kreowanie osobistego stylu, ilustracja modowa oraz ubi\u00f3r traktowany jako forma sztuki. Jej najnowsze teksty o modzie znajdziesz na blogu Bialcon.","sameAs":["https:\/\/www.facebook.com\/daria.woszczatynska\/"],"url":"https:\/\/bialcon.pl\/blog\/author\/daria-woszczatynska-przybylska\/"}]}},"_links":{"self":[{"href":"https:\/\/bialcon.pl\/blog\/wp-json\/wp\/v2\/posts\/10616","targetHints":{"allow":["GET"]}}],"collection":[{"href":"https:\/\/bialcon.pl\/blog\/wp-json\/wp\/v2\/posts"}],"about":[{"href":"https:\/\/bialcon.pl\/blog\/wp-json\/wp\/v2\/types\/post"}],"author":[{"embeddable":true,"href":"https:\/\/bialcon.pl\/blog\/wp-json\/wp\/v2\/users\/14"}],"replies":[{"embeddable":true,"href":"https:\/\/bialcon.pl\/blog\/wp-json\/wp\/v2\/comments?post=10616"}],"version-history":[{"count":3,"href":"https:\/\/bialcon.pl\/blog\/wp-json\/wp\/v2\/posts\/10616\/revisions"}],"predecessor-version":[{"id":12888,"href":"https:\/\/bialcon.pl\/blog\/wp-json\/wp\/v2\/posts\/10616\/revisions\/12888"}],"wp:featuredmedia":[{"embeddable":true,"href":"https:\/\/bialcon.pl\/blog\/wp-json\/wp\/v2\/media\/10617"}],"wp:attachment":[{"href":"https:\/\/bialcon.pl\/blog\/wp-json\/wp\/v2\/media?parent=10616"}],"wp:term":[{"taxonomy":"category","embeddable":true,"href":"https:\/\/bialcon.pl\/blog\/wp-json\/wp\/v2\/categories?post=10616"},{"taxonomy":"post_tag","embeddable":true,"href":"https:\/\/bialcon.pl\/blog\/wp-json\/wp\/v2\/tags?post=10616"}],"curies":[{"name":"wp","href":"https:\/\/api.w.org\/{rel}","templated":true}]}}