{"id":10545,"date":"2025-01-31T10:00:00","date_gmt":"2025-01-31T09:00:00","guid":{"rendered":"https:\/\/bialcon.pl\/blog\/?p=10545"},"modified":"2025-11-24T12:56:59","modified_gmt":"2025-11-24T11:56:59","slug":"jak-dobrac-kolor-torebki-do-stylizacji","status":"publish","type":"post","link":"https:\/\/bialcon.pl\/blog\/jak-dobrac-kolor-torebki-do-stylizacji\/","title":{"rendered":"Jak dobra\u0107 kolor torebki do stylizacji?"},"content":{"rendered":"<div id=\"ez-toc-container\" class=\"ez-toc-v2_0_82_2 counter-hierarchy ez-toc-counter ez-toc-custom ez-toc-container-direction\">\n<div class=\"ez-toc-title-container\"><p class=\"ez-toc-title\" style=\"cursor:inherit\">Spis Tre\u015bci<\/p>\n<\/div><nav><ul class='ez-toc-list ez-toc-list-level-1 ' ><li class='ez-toc-page-1 ez-toc-heading-level-2'><a class=\"ez-toc-link ez-toc-heading-1\" href=\"https:\/\/bialcon.pl\/blog\/jak-dobrac-kolor-torebki-do-stylizacji\/#Jaki_kolor_torebki_na_jaka_okazje\" >Jaki kolor torebki na jak\u0105 okazj\u0119?<\/a><\/li><li class='ez-toc-page-1 ez-toc-heading-level-2'><a class=\"ez-toc-link ez-toc-heading-2\" href=\"https:\/\/bialcon.pl\/blog\/jak-dobrac-kolor-torebki-do-stylizacji\/#Kolorowa_torebka_a_Twoj_styl_ubierania\" >Kolorowa torebka a Tw\u00f3j styl ubierania<\/a><\/li><li class='ez-toc-page-1 ez-toc-heading-level-2'><a class=\"ez-toc-link ez-toc-heading-3\" href=\"https:\/\/bialcon.pl\/blog\/jak-dobrac-kolor-torebki-do-stylizacji\/#Czy_wiesz_jak_dobrac_torebke_do_butow\" >Czy wiesz, jak dobra\u0107 torebk\u0119 do but\u00f3w?<\/a><\/li><li class='ez-toc-page-1 ez-toc-heading-level-2'><a class=\"ez-toc-link ez-toc-heading-4\" href=\"https:\/\/bialcon.pl\/blog\/jak-dobrac-kolor-torebki-do-stylizacji\/#Wlasciwy_dobor_torebki_i_jego_sekrety\" >W\u0142a\u015bciwy dob\u00f3r torebki i jego sekrety<\/a><\/li><li class='ez-toc-page-1 ez-toc-heading-level-2'><a class=\"ez-toc-link ez-toc-heading-5\" href=\"https:\/\/bialcon.pl\/blog\/jak-dobrac-kolor-torebki-do-stylizacji\/#Odpowiedzi_na_pytania_w_temacie_jak_dopasowac_torebke_do_stroju\" >Odpowiedzi na pytania w temacie, jak dopasowa\u0107 torebk\u0119 do stroju<\/a><\/li><\/ul><\/nav><\/div>\n\n<p>Zastanawiasz si\u0119, jaki kolor torebki pasuje do Twojego stroju? W udanej stylizacji powinny pasowa\u0107 do siebie wszystkie elementy garderoby oraz dodatki. Dzi\u0119ki temu ca\u0142y outfit zrobi wra\u017cenie sp\u00f3jno\u015bci\u0105, a Ty b\u0119dziesz wygl\u0105da\u0107 elegancko i modnie. Dowiedz si\u0119, jaka torebka b\u0119dzie pasowa\u0107 na r\u00f3\u017cne okazje i wybierz akcesorium zgodne z Twoim stylem ubioru.<\/p>\n\n\n\n<h2 class=\"wp-block-heading\"><span class=\"ez-toc-section\" id=\"Jaki_kolor_torebki_na_jaka_okazje\"><\/span>Jaki kolor torebki na jak\u0105 okazj\u0119?<span class=\"ez-toc-section-end\"><\/span><\/h2>\n\n\n\n<p>Podpowiedzi\u0105 przy wyborze torebki mo\u017ce by\u0107 okazja, na jak\u0105 szykujesz sw\u00f3j outfit. Niekt\u00f3rych zasad nie trzeba nikomu przypomina\u0107 <strong>\u2013<\/strong> cekinowe kopert\u00f3wki nie nadaj\u0105 si\u0119 na rozmow\u0119 kwalifikacyjn\u0105, a mocno znoszona, zamszowa torebka XXL nie sprawdzi si\u0119 jako element outfitu na eleganckie wesele. To jednak nie wszystko, bo wa\u017cnym kryterium jest nie tylko materia\u0142 i estetyka dodatku, ale tak\u017ce jego kolor.<\/p>\n\n\n\n<p>Czer\u0144, be\u017c i biel oraz proste formy to ponadczasowy wyb\u00f3r do niemal ka\u017cdego zestawu. Stonowane barwy pasuj\u0105 zar\u00f3wno do stonowanych outfit\u00f3w do biura, jak r\u00f3wnie\u017c sprawdzaj\u0105 si\u0119 w towarzystwie wyrazistych, bogato zdobionych kreacji, wizualnie je tonuj\u0105c. Na wesele lub wyj\u015bcie do teatru, warto wzi\u0105\u0107 pod uwag\u0119 torebeczk\u0119 w b\u0142yszcz\u0105cym wydaniu. Z\u0142ota lub srebrna kopert\u00f3wka to dobry pomys\u0142 na specjalne okazje, gdy oczekuje si\u0119 splendoru i elegancji z nut\u0105 glamour.<\/p>\n\n\n\n<p>Szukasz inspiracji w zakresie tego, jaki kolor torebki wybra\u0107 na co dzie\u0144? Je\u015bli chcesz doda\u0107 sobie energii i ubarwi\u0107 sw\u00f3j look, \u015bmia\u0142o stawiaj na intensywne kolory, kt\u00f3re zwracaj\u0105 uwag\u0119. Czerwony, kobaltowy lub pomara\u0144czowy dodatek to strza\u0142 w dziesi\u0105tk\u0119 i spos\u00f3b na podkr\u0119cenie casualowej stylizacji. Nie zapominaj o tym, \u017ce torebka to wizyt\u00f3wka Twojego stylu, dlatego wybierz taki kolor, kt\u00f3ry jest zgodny z Twoim gustem oraz osobowo\u015bci\u0105.<\/p>\n\n\n\r\n<div class=\"product-block-container swiper mySwiperProductBlock\">\r\n    <div class=\"product-block-swiper swiper-wrapper\">\r\n                    <div class=\"swiper-slide product-block-item\" data-id=\"147799\">\r\n                <a href=\"https:\/\/bialcon.pl\/karmelowa-torebka-z-wysokogatunkowej-skory-naturalnej?utm_source=blog&utm_medium=wyprzedaz&utm_campaign=310125\" class=\"product-block-url\" target=\"_blank\">\r\n                    <div class=\"product-block-image\">\r\n                        <img decoding=\"async\" width=\"300\" height=\"400\" src=\"https:\/\/bialcon.pl\/picture\/torba-k772-bis-bezowy-karen_3.webp\" alt=\"Karmelowa torebka z wysokogatunkowej sk\u00f3ry naturalnej\">\r\n                    <\/div>\r\n                    <div class=\"product-block-name\">\r\n                        <p>Karmelowa torebka z wysokogatunkowej sk\u00f3ry naturalnej<\/p>\r\n                    <\/div>\r\n                <\/a>\r\n            <\/div>\r\n                    <div class=\"swiper-slide product-block-item\" data-id=\"147800\">\r\n                <a href=\"https:\/\/bialcon.pl\/torba-kuferek-z-naturalnej-skory-groszkowanej?utm_source=blog&utm_medium=wyprzedaz&utm_campaign=310125\" class=\"product-block-url\" target=\"_blank\">\r\n                    <div class=\"product-block-image\">\r\n                        <img decoding=\"async\" width=\"300\" height=\"400\" src=\"https:\/\/bialcon.pl\/picture\/torba-sm8050-brazowy-karen_3.png\" alt=\"Torba - kuferek z naturalnej sk\u00f3ry groszkowanej\">\r\n                    <\/div>\r\n                    <div class=\"product-block-name\">\r\n                        <p>Torba - kuferek z naturalnej sk\u00f3ry groszkowanej<\/p>\r\n                    <\/div>\r\n                <\/a>\r\n            <\/div>\r\n                    <div class=\"swiper-slide product-block-item\" data-id=\"147801\">\r\n                <a href=\"https:\/\/bialcon.pl\/mala-stylowa-torebka-z-brazowego-zamszu?utm_source=blog&utm_medium=wyprzedaz&utm_campaign=310125\" class=\"product-block-url\" target=\"_blank\">\r\n                    <div class=\"product-block-image\">\r\n                        <img decoding=\"async\" width=\"300\" height=\"400\" src=\"https:\/\/bialcon.pl\/picture\/torba-e6027-brazowy-karen_1.png\" alt=\"Ma\u0142a stylowa torebka z br\u0105zowego zamszu\">\r\n                    <\/div>\r\n                    <div class=\"product-block-name\">\r\n                        <p>Ma\u0142a stylowa torebka z br\u0105zowego zamszu<\/p>\r\n                    <\/div>\r\n                <\/a>\r\n            <\/div>\r\n            <\/div>\r\n<\/div>\r\n\n\n\n\n<h2 class=\"wp-block-heading\"><span class=\"ez-toc-section\" id=\"Kolorowa_torebka_a_Twoj_styl_ubierania\"><\/span>Kolorowa torebka a Tw\u00f3j styl ubierania<span class=\"ez-toc-section-end\"><\/span><\/h2>\n\n\n\n<p>Idealnym no\u015bnikiem osobistego stylu s\u0105 dodatki, w\u015br\u00f3d kt\u00f3rych szczeg\u00f3lne miejsce zajmuj\u0105 torby. Czarna torebka z okuciami stanowi przemy\u015blany dodatek do outfit\u00f3w w duchu vintage, a szary, prosty kuferek skradnie serce fanki modowego minimalizmu.<\/p>\n\n\n\n<p>Bia\u0142a torebka do czego pasuje? Taki dodatek \u015bwietnie komponuje si\u0119 zar\u00f3wno z casualowymi, jak i formalnymi zestawami. Nic nie stoi na przeszkodzie, by bia\u0142ym akcesorium u\u015bwietni\u0107 wyj\u015bciowy, elegancki look albo po\u0142\u0105czy\u0107 je ze sukienk\u0105 w groszki w stylu retro. Biel wygl\u0105da szykownie z ka\u017cdym kolorem, co u\u0142atwia spraw\u0119.<\/p>\n\n\n\n<p>Br\u0105zowa torebka do czego pasuje? To doskona\u0142y wyb\u00f3r do stroj\u00f3w w stylu boho, ale nie tylko, poniewa\u017c kolor br\u0105zowy harmonizuje z rozmaitymi kolorami, fakturami i fasonami. Wykonana z wysokiej jako\u015bci sk\u00f3ry br\u0105zowa torba o klasycznym kszta\u0142cie powinna pojawi\u0107 si\u0119 w outfitach w duchu preppy chic, a p\u0142\u00f3cienna br\u0105zowa torba z drewnianymi uchwytami harmonizuje z zestawami inspirowanymi stylem safari lub etnicznym.<\/p>\n\n\n\r\n<div class=\"product-block-container swiper mySwiperProductBlock\">\r\n    <div class=\"product-block-swiper swiper-wrapper\">\r\n                    <div class=\"swiper-slide product-block-item\" data-id=\"146716\">\r\n                <a href=\"https:\/\/bialcon.pl\/trapezowa-wizytowa-sukienka-z-satynowej-wiskozy?utm_source=blog&utm_medium=wyprzedaz&utm_campaign=310125\" class=\"product-block-url\" target=\"_blank\">\r\n                    <div class=\"product-block-image\">\r\n                        <img decoding=\"async\" width=\"300\" height=\"400\" src=\"https:\/\/bialcon.pl\/picture\/trapezowa-wizytowa-sukienka-z-satynowej-wiskozy.jpg\" alt=\"Trapezowa wizytowa sukienka z satynowej wiskozy\">\r\n                    <\/div>\r\n                    <div class=\"product-block-name\">\r\n                        <p>Trapezowa wizytowa sukienka z satynowej wiskozy<\/p>\r\n                    <\/div>\r\n                <\/a>\r\n            <\/div>\r\n                    <div class=\"swiper-slide product-block-item\" data-id=\"146584\">\r\n                <a href=\"https:\/\/bialcon.pl\/czarna-sukienka-wiskozowa-w-kropeczki-z-ozdobnym-mankietem?utm_source=blog&utm_medium=wyprzedaz&utm_campaign=310125\" class=\"product-block-url\" target=\"_blank\">\r\n                    <div class=\"product-block-image\">\r\n                        <img decoding=\"async\" width=\"300\" height=\"400\" src=\"https:\/\/bialcon.pl\/picture\/czarna-sukienka-wiskozowa-w-kropeczki-z-ozdobnym-mankietem_1.jpg\" alt=\"Czarna sukienka wiskozowa w kropeczki z ozdobnym mankietem\">\r\n                    <\/div>\r\n                    <div class=\"product-block-name\">\r\n                        <p>Czarna sukienka wiskozowa w kropeczki z ozdobnym mankietem<\/p>\r\n                    <\/div>\r\n                <\/a>\r\n            <\/div>\r\n                    <div class=\"swiper-slide product-block-item\" data-id=\"146360\">\r\n                <a href=\"https:\/\/bialcon.pl\/czarna-szmizjerka-w-grochy-z-bufiastym-rekawem?utm_source=blog&utm_medium=wyprzedaz&utm_campaign=310125\" class=\"product-block-url\" target=\"_blank\">\r\n                    <div class=\"product-block-image\">\r\n                        <img decoding=\"async\" width=\"300\" height=\"400\" src=\"https:\/\/bialcon.pl\/picture\/czarna-szmizjerka-w-grochy-z-bufiastym-rekawem.jpg\" alt=\"Czarna szmizjerka w grochy z bufiastym r\u0119kawem\">\r\n                    <\/div>\r\n                    <div class=\"product-block-name\">\r\n                        <p>Czarna szmizjerka w grochy z bufiastym r\u0119kawem<\/p>\r\n                    <\/div>\r\n                <\/a>\r\n            <\/div>\r\n            <\/div>\r\n<\/div>\r\n\n\n\n\n<h2 class=\"wp-block-heading\"><span class=\"ez-toc-section\" id=\"Czy_wiesz_jak_dobrac_torebke_do_butow\"><\/span>Czy wiesz, jak dobra\u0107 torebk\u0119 do but\u00f3w?<span class=\"ez-toc-section-end\"><\/span><\/h2>\n\n\n\n<p>Wsp\u00f3\u0142czesna moda pozwala na wi\u0119cej ni\u017c stylowe wytyczne z poprzednich dekad. Kiedy\u015b kolor torebki i buty musia\u0142y by\u0107 takie same, co skutecznie ogranicza\u0142o inwencj\u0119 przy komponowaniu stroju, nierzadko zmuszaj\u0105c do ograniczania si\u0119 do barw, takich jak czer\u0144 lub br\u0105z.<\/p>\n\n\n\n<p>Teraz jest ju\u017c inaczej <strong>\u2013<\/strong> mo\u017cesz wybra\u0107 zupe\u0142nie inny kolor but\u00f3w i torebki, o ile masz na to ochot\u0119. Zach\u0119ca do tego imponuj\u0105ca dost\u0119pno\u015b\u0107 toreb w rozmaitych odcieniach, jak r\u00f3wnie\u017c wygodne zakupy online, dzi\u0119ki kt\u00f3rym mo\u017cesz znale\u017a\u0107 akcesoria w ciekawych barwach.<\/p>\n\n\n\n<p>Warto natomiast zadba\u0107 o to, by kolorystyka oraz estetyka ca\u0142ej stylizacji by\u0142y przemy\u015blane. Obfituj\u0105ca w zdobienia torebka albo torebka w kolorowe wzory zazwyczaj najlepiej spisuje si\u0119 w towarzystwie bardziej stonowanego ubioru. Je\u015bli chcesz po\u0142\u0105czy\u0107 w ubiorze kolory, najlepiej postawi\u0107 na maksymalnie trzy odcienie, jeden z nich traktuj\u0105c jako rodzaj akcentu, jakim mo\u017ce by\u0107 w\u0142a\u015bnie torebka.<\/p>\n\n\n\n<h2 class=\"wp-block-heading\"><span class=\"ez-toc-section\" id=\"Wlasciwy_dobor_torebki_i_jego_sekrety\"><\/span>W\u0142a\u015bciwy dob\u00f3r torebki i jego sekrety<span class=\"ez-toc-section-end\"><\/span><\/h2>\n\n\n\n<p>Od tego, jaka torebka uzupe\u0142ni Tw\u00f3j look zale\u017cy ca\u0142kiem sporo. Dodatki posiadaj\u0105 moc, kt\u00f3r\u0105 warto wykorzysta\u0107 na swoj\u0105 korzy\u015b\u0107, a perfekcyjna stylizacja to nie tylko pi\u0119knie skrojone ubrania, ale tak\u017ce akcesoria nadaj\u0105ce ca\u0142o\u015bci ostateczny ton. Dobieraj\u0105c torebk\u0119, warto wzi\u0105\u0107 pod uwag\u0119 kilka kryteri\u00f3w, kt\u00f3re wp\u0142ywaj\u0105 na to, czy ca\u0142\u0105 stylizacj\u0119 b\u0119dzie mo\u017cna nazwa\u0107 udan\u0105, czy te\u017c nie.<\/p>\n\n\n\n<p>Odcie\u0144 torby powinien wsp\u00f3\u0142gra\u0107 z Twoim stylem ubierania, harmonizuj\u0105c z zawarto\u015bci\u0105 garderoby. Torebka w tym samym kolorze, co buty to prosty spos\u00f3b na to, by stylizacja wygl\u0105da\u0142a sp\u00f3jnie. Je\u015bli nie masz wprawy w komponowaniu modnych zestaw\u00f3w ubra\u0144, takie podej\u015bcie do tematu zagwarantuje Ci modowy sukces.<\/p>\n\n\n\n<p>Kolejn\u0105 spraw\u0105 o jakiej trzeba pami\u0119ta\u0107 jest to, by wybrana przez Ciebie torebka wsp\u00f3\u0142gra\u0142a kolorystycznie z okazj\u0105, korzystnie \u015bwiadcz\u0105c o Twoim gu\u015bcie. Lakierowany, neonowy kuferek lepiej zabra\u0107 na imprez\u0119 ni\u017c na biznesowe negocjacje, na kt\u00f3rych lepszym wyborem b\u0119dzie grafitowa akt\u00f3wka ze sk\u00f3ry o ciekawej fakturze.<\/p>\n\n\n\n<h2 class=\"wp-block-heading\"><span class=\"ez-toc-section\" id=\"Odpowiedzi_na_pytania_w_temacie_jak_dopasowac_torebke_do_stroju\"><\/span>Odpowiedzi na pytania w temacie, jak dopasowa\u0107 torebk\u0119 do stroju<span class=\"ez-toc-section-end\"><\/span><\/h2>\n\n\n\n<p>Je\u015bli szukasz torebki, dzi\u0119ki kt\u00f3rej Tw\u00f3j outfit b\u0119dzie sp\u00f3jny, przydadz\u0105 Ci si\u0119 wy\u017cej podane praktyczne wskaz\u00f3wki na ten temat. Mamy nadziej\u0119, \u017ce doskonale wiesz ju\u017c, jaki kolor torebki wybra\u0107 na wieczorne wyj\u015bcie, a jaka torba b\u0119dzie nadawa\u0107 si\u0119 do pracy.<\/p>\n\n\n\n<h3 class=\"wp-block-heading\">O jakich zasadach pami\u0119ta\u0107, dobieraj\u0105c kolor torebki?<\/h3>\n\n\n\n<p>Dobrze, gdy kolor torebki pasuje do ubioru, tworz\u0105c harmonijn\u0105 ca\u0142o\u015b\u0107 lub przyci\u0105gaj\u0105c wzrok kontrastem. Kolory ziemi w stylizacji wygl\u0105daj\u0105 szykownie, gdy towarzyszy im br\u0105zowa torebka, a fioletowa sukienka, liliowe buty i \u017c\u00f3\u0142ta listonoszka to zestaw pe\u0142en wiosennej lekko\u015bci.<\/p>\n\n\n\n<p>Torebka mo\u017ce stanowi\u0107 g\u0142\u00f3wny akcent kolorystyczny w stylizacji. Biznesowy outfit, w kt\u00f3rym kr\u00f3luje czer\u0144 dyskretnie rozja\u015bni be\u017cowa torebka, a intensywnie pomara\u0144czowa listonoszka podkr\u0119ci outfit utrzymany w szaro\u015bciach.<\/p>\n\n\n\r\n<div class=\"product-block-container swiper mySwiperProductBlock\">\r\n    <div class=\"product-block-swiper swiper-wrapper\">\r\n                    <div class=\"swiper-slide product-block-item\" data-id=\"147575\">\r\n                <a href=\"https:\/\/bialcon.pl\/dluga-satynowa-sukienka-z-odkrytym-ramieniem?utm_source=blog&utm_medium=wyprzedaz&utm_campaign=310125\" class=\"product-block-url\" target=\"_blank\">\r\n                    <div class=\"product-block-image\">\r\n                        <img decoding=\"async\" width=\"300\" height=\"400\" src=\"https:\/\/bialcon.pl\/picture\/dluga-satynowa-sukienka-z-odkrytym-ramieniem_1.jpg\" alt=\"D\u0142uga satynowa sukienka z odkrytym ramieniem\">\r\n                    <\/div>\r\n                    <div class=\"product-block-name\">\r\n                        <p>D\u0142uga satynowa sukienka z odkrytym ramieniem<\/p>\r\n                    <\/div>\r\n                <\/a>\r\n            <\/div>\r\n                    <div class=\"swiper-slide product-block-item\" data-id=\"147416\">\r\n                <a href=\"https:\/\/bialcon.pl\/sukienka-maxi-w-odcieniu-fioletu-z-drapowana-gora?utm_source=blog&utm_medium=wyprzedaz&utm_campaign=310125\" class=\"product-block-url\" target=\"_blank\">\r\n                    <div class=\"product-block-image\">\r\n                        <img decoding=\"async\" width=\"300\" height=\"400\" src=\"https:\/\/bialcon.pl\/picture\/sukienka-maxi-w-odcieniu-fioletu-z-drapowana-gora_1.jpg\" alt=\"Sukienka maxi w odcieniu fioletu z drapowan\u0105 g\u00f3r\u0105\">\r\n                    <\/div>\r\n                    <div class=\"product-block-name\">\r\n                        <p>Sukienka maxi w odcieniu fioletu z drapowan\u0105 g\u00f3r\u0105<\/p>\r\n                    <\/div>\r\n                <\/a>\r\n            <\/div>\r\n                    <div class=\"swiper-slide product-block-item\" data-id=\"146293\">\r\n                <a href=\"https:\/\/bialcon.pl\/liliowa-sukienka-midi-z-tafty-z-kwiatem-i-zakladkami?utm_source=blog&utm_medium=wyprzedaz&utm_campaign=310125\" class=\"product-block-url\" target=\"_blank\">\r\n                    <div class=\"product-block-image\">\r\n                        <img decoding=\"async\" width=\"300\" height=\"400\" src=\"https:\/\/bialcon.pl\/picture\/liliowa-sukienka-midi-z-tafty-z-kwiatem-i-zakladkami_3.jpg\" alt=\"Liliowa sukienka midi z tafty z kwiatem i zak\u0142adkami\">\r\n                    <\/div>\r\n                    <div class=\"product-block-name\">\r\n                        <p>Liliowa sukienka midi z tafty z kwiatem i zak\u0142adkami<\/p>\r\n                    <\/div>\r\n                <\/a>\r\n            <\/div>\r\n            <\/div>\r\n<\/div>\r\n\n\n\n\n<h3 class=\"wp-block-heading\">Czy torebka powinna pasowa\u0107 do but\u00f3w kolorem?<\/h3>\n\n\n\n<p>Je\u015bli zastanawiasz si\u0119, jak dobra\u0107 torebk\u0119 do but\u00f3w, ucieszy Ci\u0119 to, \u017ce torebka wcale nie musi by\u0107 w tym samym kolorze, co buty. Modowym faux pas nie jest zatem po\u0142\u0105czenie w stylizacji obuwia i torebki w r\u00f3\u017cnych odcieniach. Mo\u017cesz nosi\u0107 torebki w r\u00f3\u017cnych kolorach i fasonach, nie istnieje lista zakaz\u00f3w w tym temacie. Buty musz\u0105 pasowa\u0107 do torebki i reszty stroju pod wzgl\u0119dem stylu, okazji i pory roku.<\/p>\n\n\n\n<h3 class=\"wp-block-heading\">Do czego pasuje czerwona torebka?<\/h3>\n\n\n\n<p>Czerwona torebka wygl\u0105da \u015bwietnie w wielu po\u0142\u0105czeniach. Na zasadzie kontrastu, mo\u017cesz o\u017cywi\u0107 ni\u0105 czarn\u0105 sukienk\u0119 i czarne buty lub zdecydowa\u0107 si\u0119 na miks z granatowo-bia\u0142ym outfitem w marynarskim stylu. Do eleganckiej kopert\u00f3wki w czerwieni pasuje be\u017cowa sukienka i z\u0142ote dodatki, a czerwona torebka i fuksjowa koszula oraz zielone spodnie i czarne buty stworz\u0105 outfit w duchu color blocking.<\/p>\n\n\n\r\n<div class=\"product-block-container swiper mySwiperProductBlock\">\r\n    <div class=\"product-block-swiper swiper-wrapper\">\r\n                    <div class=\"swiper-slide product-block-item\" data-id=\"147584\">\r\n                <a href=\"https:\/\/bialcon.pl\/czarna-sukienka-z-gumka-w-talii?utm_source=blog&utm_medium=wyprzedaz&utm_campaign=310125\" class=\"product-block-url\" target=\"_blank\">\r\n                    <div class=\"product-block-image\">\r\n                        <img decoding=\"async\" width=\"300\" height=\"400\" src=\"https:\/\/bialcon.pl\/picture\/czarna-sukienka-z-gumka-w-talii_2.jpg\" alt=\"Czarna sukienka z gumk\u0105 w talii\">\r\n                    <\/div>\r\n                    <div class=\"product-block-name\">\r\n                        <p>Czarna sukienka z gumk\u0105 w talii<\/p>\r\n                    <\/div>\r\n                <\/a>\r\n            <\/div>\r\n                    <div class=\"swiper-slide product-block-item\" data-id=\"147693\">\r\n                <a href=\"https:\/\/bialcon.pl\/czarna-wiskozowa-sukienka-midi-na-ramiaczkach?utm_source=blog&utm_medium=wyprzedaz&utm_campaign=310125\" class=\"product-block-url\" target=\"_blank\">\r\n                    <div class=\"product-block-image\">\r\n                        <img decoding=\"async\" width=\"300\" height=\"400\" src=\"https:\/\/bialcon.pl\/picture\/czarna-wiskozowa-sukienka-midi-na-ramiaczkach_1.jpg\" alt=\"Czarna wiskozowa sukienka midi na rami\u0105czkach\">\r\n                    <\/div>\r\n                    <div class=\"product-block-name\">\r\n                        <p>Czarna wiskozowa sukienka midi na rami\u0105czkach<\/p>\r\n                    <\/div>\r\n                <\/a>\r\n            <\/div>\r\n                    <div class=\"swiper-slide product-block-item\" data-id=\"147423\">\r\n                <a href=\"https:\/\/bialcon.pl\/czarna-dluga-sukienka-z-kwiecistej-wiskozy?utm_source=blog&utm_medium=wyprzedaz&utm_campaign=310125\" class=\"product-block-url\" target=\"_blank\">\r\n                    <div class=\"product-block-image\">\r\n                        <img decoding=\"async\" width=\"300\" height=\"400\" src=\"https:\/\/bialcon.pl\/picture\/czarna-dluga-sukienka-z-kwiecistej-wiskozy_3.jpg\" alt=\"Czarna d\u0142uga sukienka z kwiecistej wiskozy\">\r\n                    <\/div>\r\n                    <div class=\"product-block-name\">\r\n                        <p>Czarna d\u0142uga sukienka z kwiecistej wiskozy<\/p>\r\n                    <\/div>\r\n                <\/a>\r\n            <\/div>\r\n            <\/div>\r\n<\/div>\r\n\n\n\n\n<h3 class=\"wp-block-heading\">Jaki kolor torebki sprawdza si\u0119 do wszystkich ubra\u0144?<\/h3>\n\n\n\n<p>Zawsze sprawdzaj\u0105 si\u0119 kolory neutralne, kt\u00f3re wydaj\u0105 si\u0119 pasowa\u0107 niemal do ka\u017cdej stylizacji. W\u0142a\u015bnie dlatego warto mie\u0107 bia\u0142\u0105, szar\u0105, be\u017cow\u0105 albo czarn\u0105 torebk\u0119. Stonowane kolory nigdy nie wychodz\u0105 z mody i \u0142atwo skomponowa\u0107 je ze strojem zar\u00f3wno w stylu smart casual, formalnym, jak i sportowym.<\/p>\n","protected":false},"excerpt":{"rendered":"<p>Zastanawiasz si\u0119, jaki kolor torebki pasuje do Twojego stroju? W udanej stylizacji powinny pasowa\u0107 do siebie wszystkie elementy garderoby oraz dodatki. Dzi\u0119ki temu ca\u0142y outfit zrobi wra\u017cenie sp\u00f3jno\u015bci\u0105, a Ty b\u0119dziesz wygl\u0105da\u0107 elegancko i modnie. Dowiedz si\u0119, jaka torebka b\u0119dzie pasowa\u0107 na r\u00f3\u017cne okazje i wybierz akcesorium zgodne z Twoim stylem ubioru. Jaki kolor torebki [&hellip;]<\/p>\n","protected":false},"author":14,"featured_media":12332,"comment_status":"closed","ping_status":"open","sticky":false,"template":"","format":"standard","meta":{"_acf_changed":false,"site-sidebar-layout":"default","site-content-layout":"","ast-site-content-layout":"default","site-content-style":"default","site-sidebar-style":"default","ast-global-header-display":"","ast-banner-title-visibility":"","ast-main-header-display":"","ast-hfb-above-header-display":"","ast-hfb-below-header-display":"","ast-hfb-mobile-header-display":"","site-post-title":"","ast-breadcrumbs-content":"","ast-featured-img":"","footer-sml-layout":"","theme-transparent-header-meta":"","adv-header-id-meta":"","stick-header-meta":"","header-above-stick-meta":"","header-main-stick-meta":"","header-below-stick-meta":"","astra-migrate-meta-layouts":"set","ast-page-background-enabled":"default","ast-page-background-meta":{"desktop":{"background-color":"","background-image":"","background-repeat":"repeat","background-position":"center center","background-size":"auto","background-attachment":"scroll","background-type":"","background-media":"","overlay-type":"","overlay-color":"","overlay-opacity":"","overlay-gradient":""},"tablet":{"background-color":"","background-image":"","background-repeat":"repeat","background-position":"center center","background-size":"auto","background-attachment":"scroll","background-type":"","background-media":"","overlay-type":"","overlay-color":"","overlay-opacity":"","overlay-gradient":""},"mobile":{"background-color":"","background-image":"","background-repeat":"repeat","background-position":"center center","background-size":"auto","background-attachment":"scroll","background-type":"","background-media":"","overlay-type":"","overlay-color":"","overlay-opacity":"","overlay-gradient":""}},"ast-content-background-meta":{"desktop":{"background-color":"var(--ast-global-color-5)","background-image":"","background-repeat":"repeat","background-position":"center center","background-size":"auto","background-attachment":"scroll","background-type":"","background-media":"","overlay-type":"","overlay-color":"","overlay-opacity":"","overlay-gradient":""},"tablet":{"background-color":"var(--ast-global-color-5)","background-image":"","background-repeat":"repeat","background-position":"center center","background-size":"auto","background-attachment":"scroll","background-type":"","background-media":"","overlay-type":"","overlay-color":"","overlay-opacity":"","overlay-gradient":""},"mobile":{"background-color":"var(--ast-global-color-5)","background-image":"","background-repeat":"repeat","background-position":"center center","background-size":"auto","background-attachment":"scroll","background-type":"","background-media":"","overlay-type":"","overlay-color":"","overlay-opacity":"","overlay-gradient":""}},"footnotes":""},"categories":[10,14],"tags":[],"class_list":["post-10545","post","type-post","status-publish","format-standard","has-post-thumbnail","hentry","category-porady-stylistki","category-wszystkie-wpisy"],"acf":[],"yoast_head":"<!-- This site is optimized with the Yoast SEO plugin v27.4 - https:\/\/yoast.com\/product\/yoast-seo-wordpress\/ -->\n<title>Jak dobra\u0107 kolor torebki do stylizacji? - Bialcon<\/title>\n<meta name=\"description\" content=\"Zastanawiasz si\u0119, jaki kolor torebki pasuje do Twojego stroju? W udanej stylizacji powinny pasowa\u0107 do siebie wszystkie elementy garderoby oraz dodatki.\" \/>\n<meta name=\"robots\" content=\"index, follow, max-snippet:-1, max-image-preview:large, max-video-preview:-1\" \/>\n<link rel=\"canonical\" href=\"https:\/\/bialcon.pl\/blog\/jak-dobrac-kolor-torebki-do-stylizacji\/\" \/>\n<meta name=\"twitter:label1\" content=\"Napisane przez\" \/>\n\t<meta name=\"twitter:data1\" content=\"Daria Woszczaty\u0144ska-Przybylska\" \/>\n\t<meta name=\"twitter:label2\" content=\"Szacowany czas czytania\" \/>\n\t<meta name=\"twitter:data2\" content=\"7 minut\" \/>\n<script type=\"application\/ld+json\" class=\"yoast-schema-graph\">{\"@context\":\"https:\\\/\\\/schema.org\",\"@graph\":[{\"@type\":\"Article\",\"@id\":\"https:\\\/\\\/bialcon.pl\\\/blog\\\/jak-dobrac-kolor-torebki-do-stylizacji\\\/#article\",\"isPartOf\":{\"@id\":\"https:\\\/\\\/bialcon.pl\\\/blog\\\/jak-dobrac-kolor-torebki-do-stylizacji\\\/\"},\"author\":{\"name\":\"Daria Woszczaty\u0144ska-Przybylska\",\"@id\":\"https:\\\/\\\/bialcon.pl\\\/blog\\\/#\\\/schema\\\/person\\\/ba17cc8b0900b2a06eecf843eb117760\"},\"headline\":\"Jak dobra\u0107 kolor torebki do stylizacji?\",\"datePublished\":\"2025-01-31T09:00:00+00:00\",\"dateModified\":\"2025-11-24T11:56:59+00:00\",\"mainEntityOfPage\":{\"@id\":\"https:\\\/\\\/bialcon.pl\\\/blog\\\/jak-dobrac-kolor-torebki-do-stylizacji\\\/\"},\"wordCount\":1254,\"image\":{\"@id\":\"https:\\\/\\\/bialcon.pl\\\/blog\\\/jak-dobrac-kolor-torebki-do-stylizacji\\\/#primaryimage\"},\"thumbnailUrl\":\"https:\\\/\\\/bialcon.pl\\\/blog\\\/wp-content\\\/uploads\\\/2025\\\/01\\\/Projekt-bez-nazwy-28.png\",\"articleSection\":[\"Porady Stylistki\",\"Wszystkie wpisy\"],\"inLanguage\":\"pl-PL\"},{\"@type\":\"WebPage\",\"@id\":\"https:\\\/\\\/bialcon.pl\\\/blog\\\/jak-dobrac-kolor-torebki-do-stylizacji\\\/\",\"url\":\"https:\\\/\\\/bialcon.pl\\\/blog\\\/jak-dobrac-kolor-torebki-do-stylizacji\\\/\",\"name\":\"Jak dobra\u0107 kolor torebki do stylizacji? - Bialcon\",\"isPartOf\":{\"@id\":\"https:\\\/\\\/bialcon.pl\\\/blog\\\/#website\"},\"primaryImageOfPage\":{\"@id\":\"https:\\\/\\\/bialcon.pl\\\/blog\\\/jak-dobrac-kolor-torebki-do-stylizacji\\\/#primaryimage\"},\"image\":{\"@id\":\"https:\\\/\\\/bialcon.pl\\\/blog\\\/jak-dobrac-kolor-torebki-do-stylizacji\\\/#primaryimage\"},\"thumbnailUrl\":\"https:\\\/\\\/bialcon.pl\\\/blog\\\/wp-content\\\/uploads\\\/2025\\\/01\\\/Projekt-bez-nazwy-28.png\",\"datePublished\":\"2025-01-31T09:00:00+00:00\",\"dateModified\":\"2025-11-24T11:56:59+00:00\",\"author\":{\"@id\":\"https:\\\/\\\/bialcon.pl\\\/blog\\\/#\\\/schema\\\/person\\\/ba17cc8b0900b2a06eecf843eb117760\"},\"description\":\"Zastanawiasz si\u0119, jaki kolor torebki pasuje do Twojego stroju? W udanej stylizacji powinny pasowa\u0107 do siebie wszystkie elementy garderoby oraz dodatki.\",\"breadcrumb\":{\"@id\":\"https:\\\/\\\/bialcon.pl\\\/blog\\\/jak-dobrac-kolor-torebki-do-stylizacji\\\/#breadcrumb\"},\"inLanguage\":\"pl-PL\",\"potentialAction\":[{\"@type\":\"ReadAction\",\"target\":[\"https:\\\/\\\/bialcon.pl\\\/blog\\\/jak-dobrac-kolor-torebki-do-stylizacji\\\/\"]}]},{\"@type\":\"ImageObject\",\"inLanguage\":\"pl-PL\",\"@id\":\"https:\\\/\\\/bialcon.pl\\\/blog\\\/jak-dobrac-kolor-torebki-do-stylizacji\\\/#primaryimage\",\"url\":\"https:\\\/\\\/bialcon.pl\\\/blog\\\/wp-content\\\/uploads\\\/2025\\\/01\\\/Projekt-bez-nazwy-28.png\",\"contentUrl\":\"https:\\\/\\\/bialcon.pl\\\/blog\\\/wp-content\\\/uploads\\\/2025\\\/01\\\/Projekt-bez-nazwy-28.png\",\"width\":960,\"height\":850,\"caption\":\"Wizualizacja kobiety w d\u0142ugiej sukience w paski i geometryczne wzory, z kr\u00f3tkim r\u0119kawem, w kolorach czerni i be\u017cu\"},{\"@type\":\"BreadcrumbList\",\"@id\":\"https:\\\/\\\/bialcon.pl\\\/blog\\\/jak-dobrac-kolor-torebki-do-stylizacji\\\/#breadcrumb\",\"itemListElement\":[{\"@type\":\"ListItem\",\"position\":1,\"name\":\"Strona g\u0142\u00f3wna\",\"item\":\"https:\\\/\\\/bialcon.pl\\\/blog\\\/\"},{\"@type\":\"ListItem\",\"position\":2,\"name\":\"Porady Stylistki\",\"item\":\"https:\\\/\\\/bialcon.pl\\\/blog\\\/porady-stylistki\\\/\"},{\"@type\":\"ListItem\",\"position\":3,\"name\":\"Jak dobra\u0107 kolor torebki do stylizacji?\"}]},{\"@type\":\"WebSite\",\"@id\":\"https:\\\/\\\/bialcon.pl\\\/blog\\\/#website\",\"url\":\"https:\\\/\\\/bialcon.pl\\\/blog\\\/\",\"name\":\"bialcon.pl\\\/blog\\\/\",\"description\":\"Fashion Blog w zasi\u0119gu Twojej r\u0119ki\",\"potentialAction\":[{\"@type\":\"SearchAction\",\"target\":{\"@type\":\"EntryPoint\",\"urlTemplate\":\"https:\\\/\\\/bialcon.pl\\\/blog\\\/?s={search_term_string}\"},\"query-input\":{\"@type\":\"PropertyValueSpecification\",\"valueRequired\":true,\"valueName\":\"search_term_string\"}}],\"inLanguage\":\"pl-PL\"},{\"@type\":\"Person\",\"@id\":\"https:\\\/\\\/bialcon.pl\\\/blog\\\/#\\\/schema\\\/person\\\/ba17cc8b0900b2a06eecf843eb117760\",\"name\":\"Daria Woszczaty\u0144ska-Przybylska\",\"image\":{\"@type\":\"ImageObject\",\"inLanguage\":\"pl-PL\",\"@id\":\"https:\\\/\\\/secure.gravatar.com\\\/avatar\\\/624792ad5428294ab99ef3d7d452e28d140144dac597c3725127e5d3ea759f0b?s=96&d=mm&r=g\",\"url\":\"https:\\\/\\\/secure.gravatar.com\\\/avatar\\\/624792ad5428294ab99ef3d7d452e28d140144dac597c3725127e5d3ea759f0b?s=96&d=mm&r=g\",\"contentUrl\":\"https:\\\/\\\/secure.gravatar.com\\\/avatar\\\/624792ad5428294ab99ef3d7d452e28d140144dac597c3725127e5d3ea759f0b?s=96&d=mm&r=g\",\"caption\":\"Daria Woszczaty\u0144ska-Przybylska\"},\"description\":\"Autorka tre\u015bci o modzie, copywriterka i content writerka, z wykszta\u0142cenia projektantka ubioru. Zajmuje si\u0119 analiz\u0105 przemian w modzie oraz przyst\u0119pnym wyja\u015bnianiem trend\u00f3w, pomagaj\u0105c odbiorcom \u015bwiadomie budowa\u0107 w\u0142asny styl. Interesuje j\u0105 kreowanie osobistego stylu, ilustracja modowa oraz ubi\u00f3r traktowany jako forma sztuki. Jej najnowsze teksty o modzie znajdziesz na blogu Bialcon.\",\"sameAs\":[\"https:\\\/\\\/www.facebook.com\\\/daria.woszczatynska\\\/\"],\"url\":\"https:\\\/\\\/bialcon.pl\\\/blog\\\/author\\\/daria-woszczatynska-przybylska\\\/\"}]}<\/script>\n<!-- \/ Yoast SEO plugin. -->","yoast_head_json":{"title":"Jak dobra\u0107 kolor torebki do stylizacji? - Bialcon","description":"Zastanawiasz si\u0119, jaki kolor torebki pasuje do Twojego stroju? W udanej stylizacji powinny pasowa\u0107 do siebie wszystkie elementy garderoby oraz dodatki.","robots":{"index":"index","follow":"follow","max-snippet":"max-snippet:-1","max-image-preview":"max-image-preview:large","max-video-preview":"max-video-preview:-1"},"canonical":"https:\/\/bialcon.pl\/blog\/jak-dobrac-kolor-torebki-do-stylizacji\/","twitter_misc":{"Napisane przez":"Daria Woszczaty\u0144ska-Przybylska","Szacowany czas czytania":"7 minut"},"schema":{"@context":"https:\/\/schema.org","@graph":[{"@type":"Article","@id":"https:\/\/bialcon.pl\/blog\/jak-dobrac-kolor-torebki-do-stylizacji\/#article","isPartOf":{"@id":"https:\/\/bialcon.pl\/blog\/jak-dobrac-kolor-torebki-do-stylizacji\/"},"author":{"name":"Daria Woszczaty\u0144ska-Przybylska","@id":"https:\/\/bialcon.pl\/blog\/#\/schema\/person\/ba17cc8b0900b2a06eecf843eb117760"},"headline":"Jak dobra\u0107 kolor torebki do stylizacji?","datePublished":"2025-01-31T09:00:00+00:00","dateModified":"2025-11-24T11:56:59+00:00","mainEntityOfPage":{"@id":"https:\/\/bialcon.pl\/blog\/jak-dobrac-kolor-torebki-do-stylizacji\/"},"wordCount":1254,"image":{"@id":"https:\/\/bialcon.pl\/blog\/jak-dobrac-kolor-torebki-do-stylizacji\/#primaryimage"},"thumbnailUrl":"https:\/\/bialcon.pl\/blog\/wp-content\/uploads\/2025\/01\/Projekt-bez-nazwy-28.png","articleSection":["Porady Stylistki","Wszystkie wpisy"],"inLanguage":"pl-PL"},{"@type":"WebPage","@id":"https:\/\/bialcon.pl\/blog\/jak-dobrac-kolor-torebki-do-stylizacji\/","url":"https:\/\/bialcon.pl\/blog\/jak-dobrac-kolor-torebki-do-stylizacji\/","name":"Jak dobra\u0107 kolor torebki do stylizacji? - Bialcon","isPartOf":{"@id":"https:\/\/bialcon.pl\/blog\/#website"},"primaryImageOfPage":{"@id":"https:\/\/bialcon.pl\/blog\/jak-dobrac-kolor-torebki-do-stylizacji\/#primaryimage"},"image":{"@id":"https:\/\/bialcon.pl\/blog\/jak-dobrac-kolor-torebki-do-stylizacji\/#primaryimage"},"thumbnailUrl":"https:\/\/bialcon.pl\/blog\/wp-content\/uploads\/2025\/01\/Projekt-bez-nazwy-28.png","datePublished":"2025-01-31T09:00:00+00:00","dateModified":"2025-11-24T11:56:59+00:00","author":{"@id":"https:\/\/bialcon.pl\/blog\/#\/schema\/person\/ba17cc8b0900b2a06eecf843eb117760"},"description":"Zastanawiasz si\u0119, jaki kolor torebki pasuje do Twojego stroju? W udanej stylizacji powinny pasowa\u0107 do siebie wszystkie elementy garderoby oraz dodatki.","breadcrumb":{"@id":"https:\/\/bialcon.pl\/blog\/jak-dobrac-kolor-torebki-do-stylizacji\/#breadcrumb"},"inLanguage":"pl-PL","potentialAction":[{"@type":"ReadAction","target":["https:\/\/bialcon.pl\/blog\/jak-dobrac-kolor-torebki-do-stylizacji\/"]}]},{"@type":"ImageObject","inLanguage":"pl-PL","@id":"https:\/\/bialcon.pl\/blog\/jak-dobrac-kolor-torebki-do-stylizacji\/#primaryimage","url":"https:\/\/bialcon.pl\/blog\/wp-content\/uploads\/2025\/01\/Projekt-bez-nazwy-28.png","contentUrl":"https:\/\/bialcon.pl\/blog\/wp-content\/uploads\/2025\/01\/Projekt-bez-nazwy-28.png","width":960,"height":850,"caption":"Wizualizacja kobiety w d\u0142ugiej sukience w paski i geometryczne wzory, z kr\u00f3tkim r\u0119kawem, w kolorach czerni i be\u017cu"},{"@type":"BreadcrumbList","@id":"https:\/\/bialcon.pl\/blog\/jak-dobrac-kolor-torebki-do-stylizacji\/#breadcrumb","itemListElement":[{"@type":"ListItem","position":1,"name":"Strona g\u0142\u00f3wna","item":"https:\/\/bialcon.pl\/blog\/"},{"@type":"ListItem","position":2,"name":"Porady Stylistki","item":"https:\/\/bialcon.pl\/blog\/porady-stylistki\/"},{"@type":"ListItem","position":3,"name":"Jak dobra\u0107 kolor torebki do stylizacji?"}]},{"@type":"WebSite","@id":"https:\/\/bialcon.pl\/blog\/#website","url":"https:\/\/bialcon.pl\/blog\/","name":"bialcon.pl\/blog\/","description":"Fashion Blog w zasi\u0119gu Twojej r\u0119ki","potentialAction":[{"@type":"SearchAction","target":{"@type":"EntryPoint","urlTemplate":"https:\/\/bialcon.pl\/blog\/?s={search_term_string}"},"query-input":{"@type":"PropertyValueSpecification","valueRequired":true,"valueName":"search_term_string"}}],"inLanguage":"pl-PL"},{"@type":"Person","@id":"https:\/\/bialcon.pl\/blog\/#\/schema\/person\/ba17cc8b0900b2a06eecf843eb117760","name":"Daria Woszczaty\u0144ska-Przybylska","image":{"@type":"ImageObject","inLanguage":"pl-PL","@id":"https:\/\/secure.gravatar.com\/avatar\/624792ad5428294ab99ef3d7d452e28d140144dac597c3725127e5d3ea759f0b?s=96&d=mm&r=g","url":"https:\/\/secure.gravatar.com\/avatar\/624792ad5428294ab99ef3d7d452e28d140144dac597c3725127e5d3ea759f0b?s=96&d=mm&r=g","contentUrl":"https:\/\/secure.gravatar.com\/avatar\/624792ad5428294ab99ef3d7d452e28d140144dac597c3725127e5d3ea759f0b?s=96&d=mm&r=g","caption":"Daria Woszczaty\u0144ska-Przybylska"},"description":"Autorka tre\u015bci o modzie, copywriterka i content writerka, z wykszta\u0142cenia projektantka ubioru. Zajmuje si\u0119 analiz\u0105 przemian w modzie oraz przyst\u0119pnym wyja\u015bnianiem trend\u00f3w, pomagaj\u0105c odbiorcom \u015bwiadomie budowa\u0107 w\u0142asny styl. Interesuje j\u0105 kreowanie osobistego stylu, ilustracja modowa oraz ubi\u00f3r traktowany jako forma sztuki. Jej najnowsze teksty o modzie znajdziesz na blogu Bialcon.","sameAs":["https:\/\/www.facebook.com\/daria.woszczatynska\/"],"url":"https:\/\/bialcon.pl\/blog\/author\/daria-woszczatynska-przybylska\/"}]}},"_links":{"self":[{"href":"https:\/\/bialcon.pl\/blog\/wp-json\/wp\/v2\/posts\/10545","targetHints":{"allow":["GET"]}}],"collection":[{"href":"https:\/\/bialcon.pl\/blog\/wp-json\/wp\/v2\/posts"}],"about":[{"href":"https:\/\/bialcon.pl\/blog\/wp-json\/wp\/v2\/types\/post"}],"author":[{"embeddable":true,"href":"https:\/\/bialcon.pl\/blog\/wp-json\/wp\/v2\/users\/14"}],"replies":[{"embeddable":true,"href":"https:\/\/bialcon.pl\/blog\/wp-json\/wp\/v2\/comments?post=10545"}],"version-history":[{"count":3,"href":"https:\/\/bialcon.pl\/blog\/wp-json\/wp\/v2\/posts\/10545\/revisions"}],"predecessor-version":[{"id":11906,"href":"https:\/\/bialcon.pl\/blog\/wp-json\/wp\/v2\/posts\/10545\/revisions\/11906"}],"wp:featuredmedia":[{"embeddable":true,"href":"https:\/\/bialcon.pl\/blog\/wp-json\/wp\/v2\/media\/12332"}],"wp:attachment":[{"href":"https:\/\/bialcon.pl\/blog\/wp-json\/wp\/v2\/media?parent=10545"}],"wp:term":[{"taxonomy":"category","embeddable":true,"href":"https:\/\/bialcon.pl\/blog\/wp-json\/wp\/v2\/categories?post=10545"},{"taxonomy":"post_tag","embeddable":true,"href":"https:\/\/bialcon.pl\/blog\/wp-json\/wp\/v2\/tags?post=10545"}],"curies":[{"name":"wp","href":"https:\/\/api.w.org\/{rel}","templated":true}]}}