{"id":10496,"date":"2024-12-19T10:00:00","date_gmt":"2024-12-19T09:00:00","guid":{"rendered":"https:\/\/bialcon.pl\/blog\/?p=10496"},"modified":"2025-11-24T12:49:46","modified_gmt":"2025-11-24T11:49:46","slug":"minimalistyczny-styl-ubioru","status":"publish","type":"post","link":"https:\/\/bialcon.pl\/blog\/minimalistyczny-styl-ubioru\/","title":{"rendered":"Minimalistyczny styl ubioru \u2013 na czym polega minimalizm w modzie?"},"content":{"rendered":"<div id=\"ez-toc-container\" class=\"ez-toc-v2_0_82_2 counter-hierarchy ez-toc-counter ez-toc-custom ez-toc-container-direction\">\n<div class=\"ez-toc-title-container\"><p class=\"ez-toc-title\" style=\"cursor:inherit\">Spis Tre\u015bci<\/p>\n<\/div><nav><ul class='ez-toc-list ez-toc-list-level-1 ' ><li class='ez-toc-page-1 ez-toc-heading-level-2'><a class=\"ez-toc-link ez-toc-heading-1\" href=\"https:\/\/bialcon.pl\/blog\/minimalistyczny-styl-ubioru\/#Damski_styl_minimalistyczny_%E2%80%93_moda_na_ubior_z_klasa\" >Damski styl minimalistyczny \u2013 moda na ubi\u00f3r z klas\u0105<\/a><\/li><li class='ez-toc-page-1 ez-toc-heading-level-2'><a class=\"ez-toc-link ez-toc-heading-2\" href=\"https:\/\/bialcon.pl\/blog\/minimalistyczny-styl-ubioru\/#Minimalistyczna_moda_%E2%80%93_styl_minimalistyczny_ubior\" >Minimalistyczna moda \u2013 styl minimalistyczny ubi\u00f3r<\/a><\/li><li class='ez-toc-page-1 ez-toc-heading-level-2'><a class=\"ez-toc-link ez-toc-heading-3\" href=\"https:\/\/bialcon.pl\/blog\/minimalistyczny-styl-ubioru\/#Minimalistyczne_ubrania_%E2%80%93_w_co_zainwestowac\" >Minimalistyczne ubrania \u2013 w co zainwestowa\u0107?<\/a><\/li><li class='ez-toc-page-1 ez-toc-heading-level-2'><a class=\"ez-toc-link ez-toc-heading-4\" href=\"https:\/\/bialcon.pl\/blog\/minimalistyczny-styl-ubioru\/#Styl_minimalistyczny_%E2%80%93_jakie_kolory_wybrac\" >Styl minimalistyczny \u2013 jakie kolory wybra\u0107?<\/a><\/li><li class='ez-toc-page-1 ez-toc-heading-level-2'><a class=\"ez-toc-link ez-toc-heading-5\" href=\"https:\/\/bialcon.pl\/blog\/minimalistyczny-styl-ubioru\/#Stylizacje_na_bazie_minimalistycznych_ubran\" >Stylizacje na bazie minimalistycznych ubra\u0144<\/a><\/li><li class='ez-toc-page-1 ez-toc-heading-level-2'><a class=\"ez-toc-link ez-toc-heading-6\" href=\"https:\/\/bialcon.pl\/blog\/minimalistyczny-styl-ubioru\/#Odpowiedzi_na_pytania_o_styl_minimalistyczny_w_modzie_damskiej\" >Odpowiedzi na pytania o styl minimalistyczny w modzie damskiej<\/a><\/li><\/ul><\/nav><\/div>\n\n<p>Minimalistyczna moda kojarzy si\u0119 ze szlachetn\u0105 prostot\u0105 i nowoczesno\u015bci\u0105. W\u0142a\u015bnie dlatego tak ch\u0119tnie stawiaj\u0105 na ni\u0105 osoby wywodz\u0105ce si\u0119 z elit oraz niekt\u00f3re z gwiazd. Je\u015bli i Tobie podobaj\u0105 si\u0119 klasyczne ubrania i nie lubisz przepychu, minimalizm jest tym, na co powinna\u015b postawi\u0107. Poznaj tajniki minimalistycznego stylu, dzi\u0119ki kt\u00f3rym skomponujesz idealn\u0105 garderob\u0119 kapsu\u0142ow\u0105.<\/p>\n\n\n\n<h2 class=\"wp-block-heading\"><span class=\"ez-toc-section\" id=\"Damski_styl_minimalistyczny_%E2%80%93_moda_na_ubior_z_klasa\"><\/span>Damski styl minimalistyczny <strong>\u2013<\/strong> moda na ubi\u00f3r z klas\u0105<span class=\"ez-toc-section-end\"><\/span><\/h2>\n\n\n\n<p>O stylu minimalistycznym s\u0142ysza\u0142a chyba ka\u017cda z nas. Ju\u017c sama jego nazwa wiele m\u00f3wi o specyfice tego rodzaju estetyki. Minimalizm jest przeciwie\u0144stwem eklektyzmu oraz maksymalizmu. Moda minimalistyczna redukuje do minimum bogactwo \u015brodk\u00f3w, takich jak kolory, fasony i detale. Minimalistyczny outfit jest prosty i emanuje klasyczn\u0105 elegancj\u0105. Tym, co go wyr\u00f3\u017cnia, jest wysoka jako\u015b\u0107 poszczeg\u00f3lnych element\u00f3w stroju. Wiedzia\u0142a o tym zar\u00f3wno Coco Chanel, kt\u00f3ra wprowadzi\u0142a minimalizm do mody lat 20, jak i Calvin Klein, kt\u00f3ry zas\u0142yn\u0105\u0142 minimalistycznymi ubraniami w latach 90. XX wieku.<\/p>\n\n\n\n<p>Minimalizm sprawdza si\u0119 w formalnym dress codzie, chocia\u017c nie tylko. Po minimalistyczne stylizacje warto si\u0119ga\u0107 te\u017c w czasie wolnym oraz wieczorem. Trzeba przyzna\u0107, \u017ce prosta d\u0142uga sukienka z oryginalnym wyci\u0119ciem robi o wiele wi\u0119ksze wra\u017cenie, gdy nosi si\u0119 j\u0105 solo, ni\u017c w po\u0142\u0105czeniu z wieloma dodatkami, kt\u00f3re odci\u0105gaj\u0105 uwag\u0119 od pi\u0119knej formy o czystych liniach.<\/p>\n\n\n\n<p>Zastanawiasz si\u0119, komu pasuje minimalistyczny styl ubierania? Uog\u00f3lniaj\u0105c, mo\u017cna powiedzie\u0107, \u017ce ka\u017cdej z nas. Pami\u0119taj jednak, \u017ce nie ka\u017cda z nas musi mie\u0107 w pe\u0142ni minimalistyczn\u0105 garderob\u0119. Na stylizacje w duchu minimalizmu mo\u017cesz si\u0119ga\u0107 jedynie od czasu do czasu, wtedy gdy wymaga tego okazja albo gdy chcesz poczu\u0107 si\u0119 wyj\u0105tkowo elegancko.<\/p>\n\n\n\n<p>Cho\u0107 w ostatnim czasie wyj\u0105tkowo modna sta\u0142a si\u0119 koncepcja garderoby kapsu\u0142owej, je\u015bli ponad wszystko kochasz glamour lub styl boho, nie ma powodu, by\u015b ca\u0142kowicie zamieni\u0142a ulubione, bogato zdobione ubrania na proste fasony i spokojne barwy. Mo\u017cesz natomiast wiele zaczerpn\u0105\u0107 z minimalistycznego stylu.<\/p>\n\n\n\r\n<div class=\"product-block-container swiper mySwiperProductBlock\">\r\n    <div class=\"product-block-swiper swiper-wrapper\">\r\n                    <div class=\"swiper-slide product-block-item\" data-id=\"146366\">\r\n                <a href=\"https:\/\/bialcon.pl\/bawelniana-biala-koszula-o-prostym-luznym-kroju?utm_source=blog&utm_medium=wyprzedaz&utm_campaign=191224\" class=\"product-block-url\" target=\"_blank\">\r\n                    <div class=\"product-block-image\">\r\n                        <img decoding=\"async\" width=\"300\" height=\"400\" src=\"https:\/\/bialcon.pl\/picture\/bawelniana-biala-koszula-o-prostym-luznym-kroju.jpg\" alt=\"Bawe\u0142niana bia\u0142a koszula o prostym lu\u017anym kroju\">\r\n                    <\/div>\r\n                    <div class=\"product-block-name\">\r\n                        <p>Bawe\u0142niana bia\u0142a koszula o prostym lu\u017anym kroju<\/p>\r\n                    <\/div>\r\n                <\/a>\r\n            <\/div>\r\n                    <div class=\"swiper-slide product-block-item\" data-id=\"146446\">\r\n                <a href=\"https:\/\/bialcon.pl\/elegancka-biala-koszula-z-zabotem?utm_source=blog&utm_medium=wyprzedaz&utm_campaign=191224\" class=\"product-block-url\" target=\"_blank\">\r\n                    <div class=\"product-block-image\">\r\n                        <img decoding=\"async\" width=\"300\" height=\"400\" src=\"https:\/\/bialcon.pl\/picture\/elegancka-biala-koszula-z-zabotem_5.jpg\" alt=\"Elegancka bia\u0142a koszula z \u017cabotem\">\r\n                    <\/div>\r\n                    <div class=\"product-block-name\">\r\n                        <p>Elegancka bia\u0142a koszula z \u017cabotem<\/p>\r\n                    <\/div>\r\n                <\/a>\r\n            <\/div>\r\n                    <div class=\"swiper-slide product-block-item\" data-id=\"146231\">\r\n                <a href=\"https:\/\/bialcon.pl\/biala-dluga-koszula-z-oryginalnym-paskiem?utm_source=blog&utm_medium=wyprzedaz&utm_campaign=191224\" class=\"product-block-url\" target=\"_blank\">\r\n                    <div class=\"product-block-image\">\r\n                        <img decoding=\"async\" width=\"300\" height=\"400\" src=\"https:\/\/bialcon.pl\/picture\/biala-dluga-koszula-z-oryginalnym-paskiem_1.jpg\" alt=\"Bia\u0142a d\u0142uga koszula z oryginalnym paskiem\">\r\n                    <\/div>\r\n                    <div class=\"product-block-name\">\r\n                        <p>Bia\u0142a d\u0142uga koszula z oryginalnym paskiem<\/p>\r\n                    <\/div>\r\n                <\/a>\r\n            <\/div>\r\n            <\/div>\r\n<\/div>\r\n\n\n\n\n<h2 class=\"wp-block-heading\"><span class=\"ez-toc-section\" id=\"Minimalistyczna_moda_%E2%80%93_styl_minimalistyczny_ubior\"><\/span>Minimalistyczna moda <strong>\u2013<\/strong> styl minimalistyczny ubi\u00f3r<span class=\"ez-toc-section-end\"><\/span><\/h2>\n\n\n\n<p>Dlaczego minimalizm \u015bwi\u0119ci triumfy w modzie? Przyczyn takiego stanu rzeczy jest co najmniej kilka i warto przyjrze\u0107 si\u0119 im bli\u017cej.<\/p>\n\n\n\n<p>Po pierwsze, minimalizm w modzie jest du\u017cym u\u0142atwieniem przy komponowaniu ubioru. Dotyczy to zar\u00f3wno stylizacji na co dzie\u0144, jak i tych przeznaczonych na wi\u0119ksze okazje. Nie musisz zastanawia\u0107 si\u0119 zbyt d\u0142ugo nad tym, co za\u0142o\u017cy\u0107 do pracy, poniewa\u017c w Twojej szafie znajduj\u0105 si\u0119 jedynie takie ubrania, kt\u00f3re do siebie pasuj\u0105 i nie nios\u0105 ze sob\u0105 ryzyka modowego faux pas.<\/p>\n\n\n\n<p>Po drugie, minimalistyczny styl ubierania jest zarazem ponadczasowy, jak i wpisuj\u0105cy si\u0119 w aktualne modowe tendencje. Oszcz\u0119dne stosowanie kolor\u00f3w i dodatk\u00f3w oraz liczne nawi\u0105zania do krawieckiej klasyki pozwalaj\u0105 uzyska\u0107 elegancki, perfekcyjnie wywa\u017cony look. Panuj\u0105ce od kilku sezon\u00f3w trendy old money, quiet luxury, normcore a nawet preppy promuj\u0105 stylizacje szykowne, funkcjonalne i oparte na wysokiej klasy naturalnych tkaninach. Wniosek nasuwa si\u0119 sam <strong>\u2013<\/strong> wybieraj\u0105c minimalizm, mo\u017cesz wygl\u0105da\u0107 luksusowo bez ostentacji.<\/p>\n\n\n\n<p>Ostatni\u0105, ale r\u00f3wnie wa\u017cn\u0105 przyczyn\u0105 popularno\u015bci minimalizmu jest rosn\u0105ca \u015bwiadomo\u015b\u0107 w zakresie mody zr\u00f3wnowa\u017conej. Je\u015bli w garderobie znajduj\u0105 si\u0119 ubrania i dodatki na lata, pozwala to w rozs\u0105dny spos\u00f3b planowa\u0107 kolejne modowe zakupy. Takie podej\u015bcie pozytywnie wp\u0142ywa nie tylko na bud\u017cet, ale sprzyja tak\u017ce \u015brodowisku naturalnemu, zmniejszaj\u0105c popyt na tani\u0105 mod\u0119 fast fashion i ograniczaj\u0105c ilo\u015b\u0107 odpad\u00f3w.<\/p>\n\n\n\r\n<div class=\"product-block-container swiper mySwiperProductBlock\">\r\n    <div class=\"product-block-swiper swiper-wrapper\">\r\n                    <div class=\"swiper-slide product-block-item\" data-id=\"147722\">\r\n                <a href=\"https:\/\/bialcon.pl\/czarna-dzianinowa-sukienka-w-rozowe-kwiaty?utm_source=blog&utm_medium=wyprzedaz&utm_campaign=191224\" class=\"product-block-url\" target=\"_blank\">\r\n                    <div class=\"product-block-image\">\r\n                        <img decoding=\"async\" width=\"300\" height=\"400\" src=\"https:\/\/bialcon.pl\/picture\/czarna-dzianinowa-sukienka-w-rozowe-kwiaty.jpg\" alt=\"Czarna dzianinowa sukienka w r\u00f3\u017cowe kwiaty\">\r\n                    <\/div>\r\n                    <div class=\"product-block-name\">\r\n                        <p>Czarna dzianinowa sukienka w r\u00f3\u017cowe kwiaty<\/p>\r\n                    <\/div>\r\n                <\/a>\r\n            <\/div>\r\n                    <div class=\"swiper-slide product-block-item\" data-id=\"147723\">\r\n                <a href=\"https:\/\/bialcon.pl\/dopasowana-sukienka-w-paski-z-dzianiny-bawelnianej?utm_source=blog&utm_medium=wyprzedaz&utm_campaign=191224\" class=\"product-block-url\" target=\"_blank\">\r\n                    <div class=\"product-block-image\">\r\n                        <img decoding=\"async\" width=\"300\" height=\"400\" src=\"https:\/\/bialcon.pl\/picture\/dopasowana-sukienka-w-paski-z-dzianiny-bawelnianej_1.jpg\" alt=\"Dopasowana sukienka w paski z dzianiny bawe\u0142nianej\">\r\n                    <\/div>\r\n                    <div class=\"product-block-name\">\r\n                        <p>Dopasowana sukienka w paski z dzianiny bawe\u0142nianej<\/p>\r\n                    <\/div>\r\n                <\/a>\r\n            <\/div>\r\n                    <div class=\"swiper-slide product-block-item\" data-id=\"147742\">\r\n                <a href=\"https:\/\/bialcon.pl\/czarna-dzianinowa-sukienka-z-nadrukiem-czerwonej-rozy?utm_source=blog&utm_medium=wyprzedaz&utm_campaign=191224\" class=\"product-block-url\" target=\"_blank\">\r\n                    <div class=\"product-block-image\">\r\n                        <img decoding=\"async\" width=\"300\" height=\"400\" src=\"https:\/\/bialcon.pl\/picture\/czarna-dzianinowa-sukienka-z-nadrukiem-czerwonej-rozy.jpg\" alt=\"Czarna dzianinowa sukienka z nadrukiem czerwonej r\u00f3\u017cy\">\r\n                    <\/div>\r\n                    <div class=\"product-block-name\">\r\n                        <p>Czarna dzianinowa sukienka z nadrukiem czerwonej r\u00f3\u017cy<\/p>\r\n                    <\/div>\r\n                <\/a>\r\n            <\/div>\r\n            <\/div>\r\n<\/div>\r\n\n\n\n\n<h2 class=\"wp-block-heading\"><span class=\"ez-toc-section\" id=\"Minimalistyczne_ubrania_%E2%80%93_w_co_zainwestowac\"><\/span>Minimalistyczne ubrania <strong>\u2013<\/strong> w co zainwestowa\u0107?<span class=\"ez-toc-section-end\"><\/span><\/h2>\n\n\n\n<p>Aby zbudowa\u0107 minimalistyczn\u0105 garderob\u0119, lepiej wystrzega\u0107 si\u0119 ubra\u0144, kt\u00f3re s\u0105 nadmiernie ozdobne i trudno nosi\u0107 je w wi\u0119cej ni\u017c jednym po\u0142\u0105czeniu. Nawet je\u015bli kusz\u0105 Ci\u0119 przeceny i wyprzeda\u017ce, pami\u0119taj o tym, by nie gromadzi\u0107 odzie\u017cy i akcesori\u00f3w, kt\u00f3re nie s\u0105 w Twoim stylu i istnieje spore prawdopodobie\u0144stwo tego, \u017ce nie b\u0119dziesz ich nosi\u0107.<\/p>\n\n\n\n<p>W swojej szafie powinna\u015b uwzgl\u0119dni\u0107 ponadczasow\u0105 klasyk\u0119, kt\u00f3ra zawsze dobrze wygl\u0105da i pozwala tworzy\u0107 wiele eleganckich zestaw\u00f3w. Je\u015bli chcesz wprowadzi\u0107 minimalizm do ubioru, zainwestuj w minimalistyczne ubrania. Spopularyzowana przez Coco Chanel ma\u0142a czarna sukienka, g\u0142adkie koszule i bluzki, proste \u017cakiety, eleganckie spodnie, trapezowe oraz o\u0142\u00f3wkowe sp\u00f3dnice stanowi\u0105 baz\u0119, kt\u00f3r\u0105 trzeba mie\u0107 w swojej garderobie. Sprawd\u017a, czy masz buty pasuj\u0105ce do minimalistycznych set\u00f3w, takie jak proste szpilki, baleriny, bia\u0142e sneakersy, pozbawione zdobie\u0144 sk\u00f3rzane klapki i p\u00f3\u0142buty.<\/p>\n\n\n\n<p>Przydadz\u0105 Ci si\u0119 dobrze uszyty klasyczny p\u0142aszcz, jednolite t-shirty bez nadruk\u00f3w, a tak\u017ce g\u0142adkie golfy i swetry oraz wolne od wielu detali sk\u00f3rzane torebki o geometrycznych formach. W minimalistycznej szafie jest tak\u017ce miejsce na nieco bardziej awangardowe projekty <strong>\u2013<\/strong> takie, w kt\u00f3rych liczy si\u0119 umiej\u0119tnie zastosowany detal. Proste bia\u0142e koszule z podw\u00f3jnym ko\u0142nierzykiem albo bufiastymi r\u0119kawami, czarna sp\u00f3dnica z oryginalnymi guzikami albo sukienka z mocno zarysowan\u0105 kontrafa\u0142d\u0105 z przodu to przyk\u0142ady ubra\u0144, kt\u00f3re zwracaj\u0105 uwag\u0119 ciekawym detalem uwypuklaj\u0105cym ich szlachetn\u0105 prostot\u0119.<\/p>\n\n\n\r\n<div class=\"product-block-container swiper mySwiperProductBlock\">\r\n    <div class=\"product-block-swiper swiper-wrapper\">\r\n                    <div class=\"swiper-slide product-block-item\" data-id=\"147722\">\r\n                <a href=\"https:\/\/bialcon.pl\/czarna-dzianinowa-sukienka-w-rozowe-kwiaty?utm_source=blog&utm_medium=wyprzedaz&utm_campaign=191224\" class=\"product-block-url\" target=\"_blank\">\r\n                    <div class=\"product-block-image\">\r\n                        <img decoding=\"async\" width=\"300\" height=\"400\" src=\"https:\/\/bialcon.pl\/picture\/czarna-dzianinowa-sukienka-w-rozowe-kwiaty.jpg\" alt=\"Czarna dzianinowa sukienka w r\u00f3\u017cowe kwiaty\">\r\n                    <\/div>\r\n                    <div class=\"product-block-name\">\r\n                        <p>Czarna dzianinowa sukienka w r\u00f3\u017cowe kwiaty<\/p>\r\n                    <\/div>\r\n                <\/a>\r\n            <\/div>\r\n                    <div class=\"swiper-slide product-block-item\" data-id=\"147742\">\r\n                <a href=\"https:\/\/bialcon.pl\/czarna-dzianinowa-sukienka-z-nadrukiem-czerwonej-rozy?utm_source=blog&utm_medium=wyprzedaz&utm_campaign=191224\" class=\"product-block-url\" target=\"_blank\">\r\n                    <div class=\"product-block-image\">\r\n                        <img decoding=\"async\" width=\"300\" height=\"400\" src=\"https:\/\/bialcon.pl\/picture\/czarna-dzianinowa-sukienka-z-nadrukiem-czerwonej-rozy.jpg\" alt=\"Czarna dzianinowa sukienka z nadrukiem czerwonej r\u00f3\u017cy\">\r\n                    <\/div>\r\n                    <div class=\"product-block-name\">\r\n                        <p>Czarna dzianinowa sukienka z nadrukiem czerwonej r\u00f3\u017cy<\/p>\r\n                    <\/div>\r\n                <\/a>\r\n            <\/div>\r\n                    <div class=\"swiper-slide product-block-item\" data-id=\"147787\">\r\n                <a href=\"https:\/\/bialcon.pl\/bawelniana-czarna-sukienka-midi-z-dzianinowa-gora?utm_source=blog&utm_medium=wyprzedaz&utm_campaign=191224\" class=\"product-block-url\" target=\"_blank\">\r\n                    <div class=\"product-block-image\">\r\n                        <img decoding=\"async\" width=\"300\" height=\"400\" src=\"https:\/\/bialcon.pl\/picture\/bawelniana-czarna-sukienka-midi-z-dzianinowa-gora.jpg\" alt=\"Bawe\u0142niana czarna sukienka midi z dzianinow\u0105 g\u00f3r\u0105\">\r\n                    <\/div>\r\n                    <div class=\"product-block-name\">\r\n                        <p>Bawe\u0142niana czarna sukienka midi z dzianinow\u0105 g\u00f3r\u0105<\/p>\r\n                    <\/div>\r\n                <\/a>\r\n            <\/div>\r\n            <\/div>\r\n<\/div>\r\n\n\n\n\n<h2 class=\"wp-block-heading\"><span class=\"ez-toc-section\" id=\"Styl_minimalistyczny_%E2%80%93_jakie_kolory_wybrac\"><\/span>Styl minimalistyczny \u2013 jakie kolory wybra\u0107?<span class=\"ez-toc-section-end\"><\/span><\/h2>\n\n\n\n<p>Styl minimalistyczny jest kojarzony z neutralnymi barwami, kt\u00f3re nadaj\u0105 stylizacjom spokojny, harmonijny charakter, a przy tym mo\u017cesz \u0142\u0105czy\u0107 je w dowolnych konfiguracjach.<\/p>\n\n\n\n<p>Ubrania w kolorze be\u017cu, szaro\u015bci, czerni i bieli s\u0105 nieprzeci\u0119tnie uniwersalne, ale mo\u017cesz si\u0119ga\u0107 tak\u017ce po inne barwy. Czer\u0144 i biel mo\u017cesz zast\u0105pi\u0107 granatowym i kremowym, a do palety kolor\u00f3w warto w\u0142\u0105czy\u0107 \u0142agodne pastelowe tonacje, kt\u00f3re zapewniaj\u0105 harmonijny i stonowany outfit.<\/p>\n\n\n\n<p>Je\u015bli masz ochot\u0119 na mocniejsze barwy, zachowaj umiar i najlepiej zastosuj je w postaci delikatnych, nielicznych dodatk\u00f3w traktowanych jako barwny akcent. Sprawd\u017a tak\u017ce modowy potencja\u0142 stylizacji typu total look. Noszony od st\u00f3p do g\u0142\u00f3w jeden, konkretny kolor zawsze wygl\u0105da atrakcyjnie i wpisuje si\u0119 w kryteria minimalizmu.<\/p>\n\n\n\n<p>Minimalizm w modzie to z regu\u0142y brak mocnych kolorystycznych kontrast\u00f3w. Ca\u0142o\u015b\u0107 stylizacji daje wra\u017cenie idealnej harmonii i pewnego rodzaju czysto\u015bci. A czy modne w minimalizmie stonowane kolory wymagaj\u0105 rezygnacji z ubra\u0144 we wzory? Nie, ale desenie powinny by\u0107 stosowane mo\u017cliwie oszcz\u0119dnie, a ich wielko\u015b\u0107 nie powinna przyt\u0142acza\u0107 stylizacji. Drobne pr\u0105\u017cki, cienkie paseczki lub niewielkie kropki to klasyczne motywy oddaj\u0105ce styl minimalistyczny w modzie.<\/p>\n\n\n\r\n<div class=\"product-block-container swiper mySwiperProductBlock\">\r\n    <div class=\"product-block-swiper swiper-wrapper\">\r\n                    <div class=\"swiper-slide product-block-item\" data-id=\"147542\">\r\n                <a href=\"https:\/\/bialcon.pl\/klasyczny-bezowy-zakiet-z-zapieciem-na-jeden-guzik?utm_source=blog&utm_medium=wyprzedaz&utm_campaign=191224\" class=\"product-block-url\" target=\"_blank\">\r\n                    <div class=\"product-block-image\">\r\n                        <img decoding=\"async\" width=\"300\" height=\"400\" src=\"https:\/\/bialcon.pl\/picture\/klasyczny-bezowy-zakiet-z-zapieciem-na-jeden-guzik_3.jpg\" alt=\"Klasyczny be\u017cowy \u017cakiet z zapi\u0119ciem na jeden guzik\">\r\n                    <\/div>\r\n                    <div class=\"product-block-name\">\r\n                        <p>Klasyczny be\u017cowy \u017cakiet z zapi\u0119ciem na jeden guzik<\/p>\r\n                    <\/div>\r\n                <\/a>\r\n            <\/div>\r\n                    <div class=\"swiper-slide product-block-item\" data-id=\"147562\">\r\n                <a href=\"https:\/\/bialcon.pl\/klasyczny-smietankowy-zakiet-z-zapieciem-na-jeden-guzik?utm_source=blog&utm_medium=wyprzedaz&utm_campaign=191224\" class=\"product-block-url\" target=\"_blank\">\r\n                    <div class=\"product-block-image\">\r\n                        <img decoding=\"async\" width=\"300\" height=\"400\" src=\"https:\/\/bialcon.pl\/picture\/klasyczny-smietankowy-zakiet-z-zapieciem-na-jeden-guzik_1.jpg\" alt=\"Klasyczny \u015bmietankowy \u017cakiet z zapi\u0119ciem na jeden guzik\">\r\n                    <\/div>\r\n                    <div class=\"product-block-name\">\r\n                        <p>Klasyczny \u015bmietankowy \u017cakiet z zapi\u0119ciem na jeden guzik<\/p>\r\n                    <\/div>\r\n                <\/a>\r\n            <\/div>\r\n                    <div class=\"swiper-slide product-block-item\" data-id=\"147580\">\r\n                <a href=\"https:\/\/bialcon.pl\/zakiet-ecru-z-zapieciem-na-haftke-i-rekawem-78?utm_source=blog&utm_medium=wyprzedaz&utm_campaign=191224\" class=\"product-block-url\" target=\"_blank\">\r\n                    <div class=\"product-block-image\">\r\n                        <img decoding=\"async\" width=\"300\" height=\"400\" src=\"https:\/\/bialcon.pl\/picture\/zakiet-ecru-z-zapieciem-na-haftke-i-rekawem-78_1.jpg\" alt=\"\u017bakiet ecru z zapi\u0119ciem na haftk\u0119 i r\u0119kawem 7\/8\">\r\n                    <\/div>\r\n                    <div class=\"product-block-name\">\r\n                        <p>\u017bakiet ecru z zapi\u0119ciem na haftk\u0119 i r\u0119kawem 7\/8<\/p>\r\n                    <\/div>\r\n                <\/a>\r\n            <\/div>\r\n            <\/div>\r\n<\/div>\r\n\n\n\n\n<h2 class=\"wp-block-heading\"><span class=\"ez-toc-section\" id=\"Stylizacje_na_bazie_minimalistycznych_ubran\"><\/span>Stylizacje na bazie minimalistycznych ubra\u0144<span class=\"ez-toc-section-end\"><\/span><\/h2>\n\n\n\n<p>Jak oswoi\u0107 styl minimalistyczny? Moda dotyczy wielu aspekt\u00f3w kreowania wizerunku. Ograniczaj ilo\u015b\u0107 rzeczy <strong>\u2013<\/strong> dotyczy to zar\u00f3wno garderoby, jak i stylizacji. Regularnie przegl\u0105daj zawarto\u015b\u0107 szafy, stopniowo pozbywaj\u0105c si\u0119 niepotrzebnych ciuch\u00f3w oraz ubra\u0144, na kt\u00f3re wci\u0105\u017c nie masz pomys\u0142u, a w rezultacie niemal nigdy ich nie nosisz.<\/p>\n\n\n\n<p>Czarny p\u00f3\u0142golf, utrzymane w tonacji szaro\u015bci spodnie z zak\u0142adkami oraz loafersy to doskona\u0142y minimalistyczny zestaw do pracy. Te same spodnie mo\u017cesz \u0142\u0105czy\u0107 z wpadaj\u0105c\u0105 w kremow\u0105 biel koszul\u0105 i szar\u0105 kamizelk\u0105 garniturow\u0105, a p\u0142askie buty zamieni\u0107 na szpilki.<\/p>\n\n\n\n<p>Marynarka oversize wygl\u0105da \u015bwietnie narzucona na satynow\u0105 sukienk\u0119 noszon\u0105 w towarzystwie wieczorowych sanda\u0142k\u00f3w z paseczkami. G\u0142\u0119bok\u0105 czer\u0144 zestawu roz\u015bwietli cienki \u0142a\u0144cuszek na szyi.<\/p>\n\n\n\n<p>Styl minimalistyczny na co dzie\u0144 to na przyk\u0142ad czarna dresowa sukienka, wspomniane wcze\u015bniej loafersy oraz prosta saszetka nerka w ciemnym kolorze. R\u00f3wnie dobrze mo\u017cesz za\u0142o\u017cy\u0107 niebieskie jeansy, g\u0142adki be\u017cowy sweter, baleriny i minimalistyczne kolczyki wkr\u0119tki.<\/p>\n\n\n\r\n<div class=\"product-block-container swiper mySwiperProductBlock\">\r\n    <div class=\"product-block-swiper swiper-wrapper\">\r\n                    <div class=\"swiper-slide product-block-item\" data-id=\"145223\">\r\n                <a href=\"https:\/\/bialcon.pl\/jeansowe-szerokie-spodnie-z-bawelny?utm_source=blog&utm_medium=wyprzedaz&utm_campaign=191224\" class=\"product-block-url\" target=\"_blank\">\r\n                    <div class=\"product-block-image\">\r\n                        <img decoding=\"async\" width=\"300\" height=\"400\" src=\"https:\/\/bialcon.pl\/picture\/jeansowe-szerokie-spodnie-z-bawelny_1.jpg\" alt=\"Jeansowe szerokie spodnie z bawe\u0142ny\">\r\n                    <\/div>\r\n                    <div class=\"product-block-name\">\r\n                        <p>Jeansowe szerokie spodnie z bawe\u0142ny<\/p>\r\n                    <\/div>\r\n                <\/a>\r\n            <\/div>\r\n                    <div class=\"swiper-slide product-block-item\" data-id=\"142385\">\r\n                <a href=\"https:\/\/bialcon.pl\/elastyczne-niebieskie-jeansy?utm_source=blog&utm_medium=wyprzedaz&utm_campaign=191224\" class=\"product-block-url\" target=\"_blank\">\r\n                    <div class=\"product-block-image\">\r\n                        <img decoding=\"async\" width=\"300\" height=\"400\" src=\"https:\/\/bialcon.pl\/picture\/elastyczne-niebieskie-jeansy_13.jpg\" alt=\"Elastyczne niebieskie jeansy\">\r\n                    <\/div>\r\n                    <div class=\"product-block-name\">\r\n                        <p>Elastyczne niebieskie jeansy<\/p>\r\n                    <\/div>\r\n                <\/a>\r\n            <\/div>\r\n                    <div class=\"swiper-slide product-block-item\" data-id=\"142386\">\r\n                <a href=\"https:\/\/bialcon.pl\/ciemnogranatowe-jeansy?utm_source=blog&utm_medium=wyprzedaz&utm_campaign=191224\" class=\"product-block-url\" target=\"_blank\">\r\n                    <div class=\"product-block-image\">\r\n                        <img decoding=\"async\" width=\"300\" height=\"400\" src=\"https:\/\/bialcon.pl\/picture\/ciemnogranatowe-jeansy_7.jpg\" alt=\"Ciemnogranatowe jeansy\">\r\n                    <\/div>\r\n                    <div class=\"product-block-name\">\r\n                        <p>Ciemnogranatowe jeansy<\/p>\r\n                    <\/div>\r\n                <\/a>\r\n            <\/div>\r\n            <\/div>\r\n<\/div>\r\n\n\n\n\n<h2 class=\"wp-block-heading\"><span class=\"ez-toc-section\" id=\"Odpowiedzi_na_pytania_o_styl_minimalistyczny_w_modzie_damskiej\"><\/span>Odpowiedzi na pytania o styl minimalistyczny w modzie damskiej<span class=\"ez-toc-section-end\"><\/span><\/h2>\n\n\n\n<p>Komponowania minimalistycznych outfit\u00f3w mo\u017cna si\u0119 zawsze nauczy\u0107. Nawet je\u015bli przez d\u0142ugi czas w Twojej szafie przewa\u017ca\u0142y ubrania we wszystkich mo\u017cliwych stylach, kt\u00f3re trudno by\u0142o ze sob\u0105 po\u0142\u0105czy\u0107, odkrywaj\u0105c minimalizm w modzie mo\u017cesz uporz\u0105dkowa\u0107 i upro\u015bci\u0107 sw\u00f3j spos\u00f3b ubierania.<\/p>\n\n\n\n<h3 class=\"wp-block-heading\">Na czym polega minimalizm w ubraniach?<\/h3>\n\n\n\n<p>Styl minimalistyczny w modzie bazuje na prostocie, elegancji oraz funkcjonalno\u015bci. Kr\u00f3luj\u0105 w nim do\u015b\u0107 neutralne i stonowane kolory, klasyczne fasony oraz wysokogatunkowe, naturalne tkaniny i dzianiny.<\/p>\n\n\n\n<p>Aby wprowadzi\u0107 minimalizm do swojego stylu, nale\u017cy zachowa\u0107 umiar w \u0142\u0105czeniu ubra\u0144 i dodatk\u00f3w, ograniczaj\u0105c si\u0119 do ich niewielkiej ilo\u015bci. Kompletuj\u0105c zawarto\u015b\u0107 garderoby, dobrze pami\u0119ta\u0107 o tym, \u017ce &#8222;mniej znaczy wi\u0119cej&#8221;, a jako\u015b\u0107 jest o wiele wa\u017cniejsza od ilo\u015bci.<\/p>\n\n\n\n<h3 class=\"wp-block-heading\">Jakimi zasadami rz\u0105dzi si\u0119 minimalizm w ubiorze?<\/h3>\n\n\n\n<p>Je\u015bli chcesz wprowadzi\u0107 w \u017cycie zasady mody minimalistycznej, postaw na prostot\u0119, kt\u00f3ra jest kluczowa dla minimalistycznego stylu ubioru. Proste formy, neutralne kolory, unikanie przepychu i mocnych kontrast\u00f3w to spos\u00f3b na mod\u0119 w stylu minimalistycznym.<\/p>\n\n\n\n<p>Zrezygnuj z wyrazistych deseni, ozdobnych fason\u00f3w i licznych dodatk\u00f3w. Przyda Ci si\u0119 basicowa odzie\u017c w odcieniach szaro\u015bci, be\u017cu, czerni, granatu i bieli oraz klasyczne fasony marynarek, koszul i spodnie typu chinosy albo cygaretki.<\/p>\n\n\n\r\n<div class=\"product-block-container swiper mySwiperProductBlock\">\r\n    <div class=\"product-block-swiper swiper-wrapper\">\r\n                    <div class=\"swiper-slide product-block-item\" data-id=\"147785\">\r\n                <a href=\"https:\/\/bialcon.pl\/dzianinowa-czarna-bluzka-ze-sciagaczem-w-talii?utm_source=blog&utm_medium=wyprzedaz&utm_campaign=191224\" class=\"product-block-url\" target=\"_blank\">\r\n                    <div class=\"product-block-image\">\r\n                        <img decoding=\"async\" width=\"300\" height=\"400\" src=\"https:\/\/bialcon.pl\/picture\/dzianinowa-czarna-bluzka-ze-sciagaczem-w-talii_1.jpg\" alt=\"Dzianinowa czarna bluzka ze \u015bci\u0105gaczem w talii\">\r\n                    <\/div>\r\n                    <div class=\"product-block-name\">\r\n                        <p>Dzianinowa czarna bluzka ze \u015bci\u0105gaczem w talii<\/p>\r\n                    <\/div>\r\n                <\/a>\r\n            <\/div>\r\n                    <div class=\"swiper-slide product-block-item\" data-id=\"147535\">\r\n                <a href=\"https:\/\/bialcon.pl\/czarny-bawelniany-t-shirt-z-artystyczna-grafika?utm_source=blog&utm_medium=wyprzedaz&utm_campaign=191224\" class=\"product-block-url\" target=\"_blank\">\r\n                    <div class=\"product-block-image\">\r\n                        <img decoding=\"async\" width=\"300\" height=\"400\" src=\"https:\/\/bialcon.pl\/picture\/bluzka-wzory_1541.jpg\" alt=\"Czarny bawe\u0142niany t-shirt z artystyczn\u0105 grafik\u0105\">\r\n                    <\/div>\r\n                    <div class=\"product-block-name\">\r\n                        <p>Czarny bawe\u0142niany t-shirt z artystyczn\u0105 grafik\u0105<\/p>\r\n                    <\/div>\r\n                <\/a>\r\n            <\/div>\r\n                    <div class=\"swiper-slide product-block-item\" data-id=\"147557\">\r\n                <a href=\"https:\/\/bialcon.pl\/czarna-kamizelka-o-kroju-bomberki?utm_source=blog&utm_medium=wyprzedaz&utm_campaign=191224\" class=\"product-block-url\" target=\"_blank\">\r\n                    <div class=\"product-block-image\">\r\n                        <img decoding=\"async\" width=\"300\" height=\"400\" src=\"https:\/\/bialcon.pl\/picture\/czarna-kamizelka-o-kroju-bomberki_1.jpg\" alt=\"Czarna kamizelka o kroju bomberki\">\r\n                    <\/div>\r\n                    <div class=\"product-block-name\">\r\n                        <p>Czarna kamizelka o kroju bomberki<\/p>\r\n                    <\/div>\r\n                <\/a>\r\n            <\/div>\r\n            <\/div>\r\n<\/div>\r\n\n\n\n\n<h3 class=\"wp-block-heading\">Jakie stylizacje wpisuj\u0105 si\u0119 w minimalistyczny styl ubioru?<\/h3>\n\n\n\n<p>Klasyczny pude\u0142kowy \u017cakiet wygl\u0105da \u015bwietnie, gdy towarzysz\u0105 mu spodnie w kant i baleriny, a o\u0142\u00f3wkowe sp\u00f3dnice zadaj\u0105 szyku w towarzystwie bia\u0142ej koszuli i cz\u00f3\u0142enek. Prost\u0105 czarn\u0105 marynark\u0119 mo\u017cesz narzuci\u0107 na ma\u0142\u0105 czarn\u0105 sukienk\u0119, a do tego za\u0142o\u017cy\u0107 minimalistyczne, czarne sanda\u0142y na szpilce. Ca\u0142o\u015b\u0107 mo\u017cesz o\u017cywi\u0107 bordowym paskiem albo be\u017cow\u0105 apaszk\u0105 w kropki.<\/p>\n\n\n\n<p>Outfity w stylu minimalistycznym sk\u0142adaj\u0105 si\u0119 z co najwy\u017cej kilku element\u00f3w, kt\u00f3re idealnie do siebie pasuj\u0105. Minimalistyczne ubrania tworz\u0105 minimalistyczne stylizacje zachwycaj\u0105ce prostot\u0105 i uniwersalno\u015bci\u0105.<\/p>\n\n\n\n<h3 class=\"wp-block-heading\">Czy warto stosowa\u0107 styl minimalistyczny w ubiorze?<\/h3>\n\n\n\n<p>Tak, zdecydowanie warto, poniewa\u017c \u0142\u0105czy si\u0119 to z licznymi korzy\u015bciami. Minimalistyczne ubrania to bezpieczny wyb\u00f3r, dzi\u0119ki kt\u00f3remu stylizacja na pewno b\u0119dzie udana i pe\u0142na elegancji. Je\u015bli nie masz wprawy w \u0142\u0105czeniu wzor\u00f3w, kolor\u00f3w i fason\u00f3w, stylowy minimalizm w modzie rozwi\u0105\u017ce dylematy w Twojej szafie.<\/p>\n\n\n\n<p>Styl minimalistyczny w modzie jest ponadczasowy i opiera si\u0119 na wysokiej jako\u015bci, co pozwala unika\u0107 ci\u0105g\u0142ego kupowania nowych ubra\u0144 i wi\u0105\u017ce si\u0119 z oszcz\u0119dno\u015bci\u0105 pieni\u0119dzy. Przek\u0142ada si\u0119 to tak\u017ce na bardziej \u015bwiadome modowe wybory, wpisuj\u0105c si\u0119 w trend mody zr\u00f3wnowa\u017conej. Minimalizm stoi w opozycji do konsumpcjonizmu, dlatego znajduje uznanie u os\u00f3b dokonuj\u0105cych przemy\u015blanych wybor\u00f3w w kwestii garderoby i ludzi troszcz\u0105cych si\u0119 o planet\u0119.<\/p>\n\n\n\n<p><\/p>\n","protected":false},"excerpt":{"rendered":"<p>Minimalistyczna moda kojarzy si\u0119 ze szlachetn\u0105 prostot\u0105 i nowoczesno\u015bci\u0105. W\u0142a\u015bnie dlatego tak ch\u0119tnie stawiaj\u0105 na ni\u0105 osoby wywodz\u0105ce si\u0119 z elit oraz niekt\u00f3re z gwiazd. Je\u015bli i Tobie podobaj\u0105 si\u0119 klasyczne ubrania i nie lubisz przepychu, minimalizm jest tym, na co powinna\u015b postawi\u0107. Poznaj tajniki minimalistycznego stylu, dzi\u0119ki kt\u00f3rym skomponujesz idealn\u0105 garderob\u0119 kapsu\u0142ow\u0105. Damski styl [&hellip;]<\/p>\n","protected":false},"author":14,"featured_media":10497,"comment_status":"closed","ping_status":"open","sticky":false,"template":"","format":"standard","meta":{"_acf_changed":false,"site-sidebar-layout":"default","site-content-layout":"","ast-site-content-layout":"default","site-content-style":"default","site-sidebar-style":"default","ast-global-header-display":"","ast-banner-title-visibility":"","ast-main-header-display":"","ast-hfb-above-header-display":"","ast-hfb-below-header-display":"","ast-hfb-mobile-header-display":"","site-post-title":"","ast-breadcrumbs-content":"","ast-featured-img":"","footer-sml-layout":"","theme-transparent-header-meta":"","adv-header-id-meta":"","stick-header-meta":"","header-above-stick-meta":"","header-main-stick-meta":"","header-below-stick-meta":"","astra-migrate-meta-layouts":"set","ast-page-background-enabled":"default","ast-page-background-meta":{"desktop":{"background-color":"","background-image":"","background-repeat":"repeat","background-position":"center center","background-size":"auto","background-attachment":"scroll","background-type":"","background-media":"","overlay-type":"","overlay-color":"","overlay-opacity":"","overlay-gradient":""},"tablet":{"background-color":"","background-image":"","background-repeat":"repeat","background-position":"center center","background-size":"auto","background-attachment":"scroll","background-type":"","background-media":"","overlay-type":"","overlay-color":"","overlay-opacity":"","overlay-gradient":""},"mobile":{"background-color":"","background-image":"","background-repeat":"repeat","background-position":"center center","background-size":"auto","background-attachment":"scroll","background-type":"","background-media":"","overlay-type":"","overlay-color":"","overlay-opacity":"","overlay-gradient":""}},"ast-content-background-meta":{"desktop":{"background-color":"var(--ast-global-color-5)","background-image":"","background-repeat":"repeat","background-position":"center center","background-size":"auto","background-attachment":"scroll","background-type":"","background-media":"","overlay-type":"","overlay-color":"","overlay-opacity":"","overlay-gradient":""},"tablet":{"background-color":"var(--ast-global-color-5)","background-image":"","background-repeat":"repeat","background-position":"center center","background-size":"auto","background-attachment":"scroll","background-type":"","background-media":"","overlay-type":"","overlay-color":"","overlay-opacity":"","overlay-gradient":""},"mobile":{"background-color":"var(--ast-global-color-5)","background-image":"","background-repeat":"repeat","background-position":"center center","background-size":"auto","background-attachment":"scroll","background-type":"","background-media":"","overlay-type":"","overlay-color":"","overlay-opacity":"","overlay-gradient":""}},"footnotes":""},"categories":[1,14],"tags":[],"class_list":["post-10496","post","type-post","status-publish","format-standard","has-post-thumbnail","hentry","category-styl-zycia","category-wszystkie-wpisy"],"acf":[],"yoast_head":"<!-- This site is optimized with the Yoast SEO plugin v27.4 - https:\/\/yoast.com\/product\/yoast-seo-wordpress\/ -->\n<title>Minimalizm w modzie \u2013 na czym polega? - Bialcon<\/title>\n<meta name=\"description\" content=\"Minimalistyczna moda kojarzy si\u0119 ze szlachetn\u0105 prostot\u0105 i nowoczesno\u015bci\u0105. W\u0142a\u015bnie dlatego tak ch\u0119tnie stawiaj\u0105 na ni\u0105 elity oraz gwiazdy.\" \/>\n<meta name=\"robots\" content=\"index, follow, max-snippet:-1, max-image-preview:large, max-video-preview:-1\" \/>\n<link rel=\"canonical\" href=\"https:\/\/bialcon.pl\/blog\/minimalistyczny-styl-ubioru\/\" \/>\n<meta name=\"twitter:label1\" content=\"Napisane przez\" \/>\n\t<meta name=\"twitter:data1\" content=\"Daria Woszczaty\u0144ska-Przybylska\" \/>\n\t<meta name=\"twitter:label2\" content=\"Szacowany czas czytania\" \/>\n\t<meta name=\"twitter:data2\" content=\"9 minut\" \/>\n<script type=\"application\/ld+json\" class=\"yoast-schema-graph\">{\"@context\":\"https:\\\/\\\/schema.org\",\"@graph\":[{\"@type\":\"Article\",\"@id\":\"https:\\\/\\\/bialcon.pl\\\/blog\\\/minimalistyczny-styl-ubioru\\\/#article\",\"isPartOf\":{\"@id\":\"https:\\\/\\\/bialcon.pl\\\/blog\\\/minimalistyczny-styl-ubioru\\\/\"},\"author\":{\"name\":\"Daria Woszczaty\u0144ska-Przybylska\",\"@id\":\"https:\\\/\\\/bialcon.pl\\\/blog\\\/#\\\/schema\\\/person\\\/ba17cc8b0900b2a06eecf843eb117760\"},\"headline\":\"Minimalistyczny styl ubioru \u2013 na czym polega minimalizm w modzie?\",\"datePublished\":\"2024-12-19T09:00:00+00:00\",\"dateModified\":\"2025-11-24T11:49:46+00:00\",\"mainEntityOfPage\":{\"@id\":\"https:\\\/\\\/bialcon.pl\\\/blog\\\/minimalistyczny-styl-ubioru\\\/\"},\"wordCount\":1799,\"image\":{\"@id\":\"https:\\\/\\\/bialcon.pl\\\/blog\\\/minimalistyczny-styl-ubioru\\\/#primaryimage\"},\"thumbnailUrl\":\"https:\\\/\\\/bialcon.pl\\\/blog\\\/wp-content\\\/uploads\\\/2024\\\/12\\\/Projekt-bez-nazwy-29.png\",\"articleSection\":[\"Styl \u017bycia\",\"Wszystkie wpisy\"],\"inLanguage\":\"pl-PL\"},{\"@type\":\"WebPage\",\"@id\":\"https:\\\/\\\/bialcon.pl\\\/blog\\\/minimalistyczny-styl-ubioru\\\/\",\"url\":\"https:\\\/\\\/bialcon.pl\\\/blog\\\/minimalistyczny-styl-ubioru\\\/\",\"name\":\"Minimalizm w modzie \u2013 na czym polega? - Bialcon\",\"isPartOf\":{\"@id\":\"https:\\\/\\\/bialcon.pl\\\/blog\\\/#website\"},\"primaryImageOfPage\":{\"@id\":\"https:\\\/\\\/bialcon.pl\\\/blog\\\/minimalistyczny-styl-ubioru\\\/#primaryimage\"},\"image\":{\"@id\":\"https:\\\/\\\/bialcon.pl\\\/blog\\\/minimalistyczny-styl-ubioru\\\/#primaryimage\"},\"thumbnailUrl\":\"https:\\\/\\\/bialcon.pl\\\/blog\\\/wp-content\\\/uploads\\\/2024\\\/12\\\/Projekt-bez-nazwy-29.png\",\"datePublished\":\"2024-12-19T09:00:00+00:00\",\"dateModified\":\"2025-11-24T11:49:46+00:00\",\"author\":{\"@id\":\"https:\\\/\\\/bialcon.pl\\\/blog\\\/#\\\/schema\\\/person\\\/ba17cc8b0900b2a06eecf843eb117760\"},\"description\":\"Minimalistyczna moda kojarzy si\u0119 ze szlachetn\u0105 prostot\u0105 i nowoczesno\u015bci\u0105. W\u0142a\u015bnie dlatego tak ch\u0119tnie stawiaj\u0105 na ni\u0105 elity oraz gwiazdy.\",\"breadcrumb\":{\"@id\":\"https:\\\/\\\/bialcon.pl\\\/blog\\\/minimalistyczny-styl-ubioru\\\/#breadcrumb\"},\"inLanguage\":\"pl-PL\",\"potentialAction\":[{\"@type\":\"ReadAction\",\"target\":[\"https:\\\/\\\/bialcon.pl\\\/blog\\\/minimalistyczny-styl-ubioru\\\/\"]}]},{\"@type\":\"ImageObject\",\"inLanguage\":\"pl-PL\",\"@id\":\"https:\\\/\\\/bialcon.pl\\\/blog\\\/minimalistyczny-styl-ubioru\\\/#primaryimage\",\"url\":\"https:\\\/\\\/bialcon.pl\\\/blog\\\/wp-content\\\/uploads\\\/2024\\\/12\\\/Projekt-bez-nazwy-29.png\",\"contentUrl\":\"https:\\\/\\\/bialcon.pl\\\/blog\\\/wp-content\\\/uploads\\\/2024\\\/12\\\/Projekt-bez-nazwy-29.png\",\"width\":960,\"height\":850,\"caption\":\"Wizualizacja kobiety w br\u0105zowej bluzce z d\u0142ugim r\u0119kawem z okr\u0105g\u0142ym dekoltem i w szerokich, be\u017cowych spodniach\"},{\"@type\":\"BreadcrumbList\",\"@id\":\"https:\\\/\\\/bialcon.pl\\\/blog\\\/minimalistyczny-styl-ubioru\\\/#breadcrumb\",\"itemListElement\":[{\"@type\":\"ListItem\",\"position\":1,\"name\":\"Strona g\u0142\u00f3wna\",\"item\":\"https:\\\/\\\/bialcon.pl\\\/blog\\\/\"},{\"@type\":\"ListItem\",\"position\":2,\"name\":\"Wszystkie wpisy\",\"item\":\"https:\\\/\\\/bialcon.pl\\\/blog\\\/wszystkie-wpisy\\\/\"},{\"@type\":\"ListItem\",\"position\":3,\"name\":\"Minimalistyczny styl ubioru \u2013 na czym polega minimalizm w modzie?\"}]},{\"@type\":\"WebSite\",\"@id\":\"https:\\\/\\\/bialcon.pl\\\/blog\\\/#website\",\"url\":\"https:\\\/\\\/bialcon.pl\\\/blog\\\/\",\"name\":\"bialcon.pl\\\/blog\\\/\",\"description\":\"Fashion Blog w zasi\u0119gu Twojej r\u0119ki\",\"potentialAction\":[{\"@type\":\"SearchAction\",\"target\":{\"@type\":\"EntryPoint\",\"urlTemplate\":\"https:\\\/\\\/bialcon.pl\\\/blog\\\/?s={search_term_string}\"},\"query-input\":{\"@type\":\"PropertyValueSpecification\",\"valueRequired\":true,\"valueName\":\"search_term_string\"}}],\"inLanguage\":\"pl-PL\"},{\"@type\":\"Person\",\"@id\":\"https:\\\/\\\/bialcon.pl\\\/blog\\\/#\\\/schema\\\/person\\\/ba17cc8b0900b2a06eecf843eb117760\",\"name\":\"Daria Woszczaty\u0144ska-Przybylska\",\"image\":{\"@type\":\"ImageObject\",\"inLanguage\":\"pl-PL\",\"@id\":\"https:\\\/\\\/secure.gravatar.com\\\/avatar\\\/624792ad5428294ab99ef3d7d452e28d140144dac597c3725127e5d3ea759f0b?s=96&d=mm&r=g\",\"url\":\"https:\\\/\\\/secure.gravatar.com\\\/avatar\\\/624792ad5428294ab99ef3d7d452e28d140144dac597c3725127e5d3ea759f0b?s=96&d=mm&r=g\",\"contentUrl\":\"https:\\\/\\\/secure.gravatar.com\\\/avatar\\\/624792ad5428294ab99ef3d7d452e28d140144dac597c3725127e5d3ea759f0b?s=96&d=mm&r=g\",\"caption\":\"Daria Woszczaty\u0144ska-Przybylska\"},\"description\":\"Autorka tre\u015bci o modzie, copywriterka i content writerka, z wykszta\u0142cenia projektantka ubioru. Zajmuje si\u0119 analiz\u0105 przemian w modzie oraz przyst\u0119pnym wyja\u015bnianiem trend\u00f3w, pomagaj\u0105c odbiorcom \u015bwiadomie budowa\u0107 w\u0142asny styl. Interesuje j\u0105 kreowanie osobistego stylu, ilustracja modowa oraz ubi\u00f3r traktowany jako forma sztuki. Jej najnowsze teksty o modzie znajdziesz na blogu Bialcon.\",\"sameAs\":[\"https:\\\/\\\/www.facebook.com\\\/daria.woszczatynska\\\/\"],\"url\":\"https:\\\/\\\/bialcon.pl\\\/blog\\\/author\\\/daria-woszczatynska-przybylska\\\/\"}]}<\/script>\n<!-- \/ Yoast SEO plugin. -->","yoast_head_json":{"title":"Minimalizm w modzie \u2013 na czym polega? - Bialcon","description":"Minimalistyczna moda kojarzy si\u0119 ze szlachetn\u0105 prostot\u0105 i nowoczesno\u015bci\u0105. W\u0142a\u015bnie dlatego tak ch\u0119tnie stawiaj\u0105 na ni\u0105 elity oraz gwiazdy.","robots":{"index":"index","follow":"follow","max-snippet":"max-snippet:-1","max-image-preview":"max-image-preview:large","max-video-preview":"max-video-preview:-1"},"canonical":"https:\/\/bialcon.pl\/blog\/minimalistyczny-styl-ubioru\/","twitter_misc":{"Napisane przez":"Daria Woszczaty\u0144ska-Przybylska","Szacowany czas czytania":"9 minut"},"schema":{"@context":"https:\/\/schema.org","@graph":[{"@type":"Article","@id":"https:\/\/bialcon.pl\/blog\/minimalistyczny-styl-ubioru\/#article","isPartOf":{"@id":"https:\/\/bialcon.pl\/blog\/minimalistyczny-styl-ubioru\/"},"author":{"name":"Daria Woszczaty\u0144ska-Przybylska","@id":"https:\/\/bialcon.pl\/blog\/#\/schema\/person\/ba17cc8b0900b2a06eecf843eb117760"},"headline":"Minimalistyczny styl ubioru \u2013 na czym polega minimalizm w modzie?","datePublished":"2024-12-19T09:00:00+00:00","dateModified":"2025-11-24T11:49:46+00:00","mainEntityOfPage":{"@id":"https:\/\/bialcon.pl\/blog\/minimalistyczny-styl-ubioru\/"},"wordCount":1799,"image":{"@id":"https:\/\/bialcon.pl\/blog\/minimalistyczny-styl-ubioru\/#primaryimage"},"thumbnailUrl":"https:\/\/bialcon.pl\/blog\/wp-content\/uploads\/2024\/12\/Projekt-bez-nazwy-29.png","articleSection":["Styl \u017bycia","Wszystkie wpisy"],"inLanguage":"pl-PL"},{"@type":"WebPage","@id":"https:\/\/bialcon.pl\/blog\/minimalistyczny-styl-ubioru\/","url":"https:\/\/bialcon.pl\/blog\/minimalistyczny-styl-ubioru\/","name":"Minimalizm w modzie \u2013 na czym polega? - Bialcon","isPartOf":{"@id":"https:\/\/bialcon.pl\/blog\/#website"},"primaryImageOfPage":{"@id":"https:\/\/bialcon.pl\/blog\/minimalistyczny-styl-ubioru\/#primaryimage"},"image":{"@id":"https:\/\/bialcon.pl\/blog\/minimalistyczny-styl-ubioru\/#primaryimage"},"thumbnailUrl":"https:\/\/bialcon.pl\/blog\/wp-content\/uploads\/2024\/12\/Projekt-bez-nazwy-29.png","datePublished":"2024-12-19T09:00:00+00:00","dateModified":"2025-11-24T11:49:46+00:00","author":{"@id":"https:\/\/bialcon.pl\/blog\/#\/schema\/person\/ba17cc8b0900b2a06eecf843eb117760"},"description":"Minimalistyczna moda kojarzy si\u0119 ze szlachetn\u0105 prostot\u0105 i nowoczesno\u015bci\u0105. W\u0142a\u015bnie dlatego tak ch\u0119tnie stawiaj\u0105 na ni\u0105 elity oraz gwiazdy.","breadcrumb":{"@id":"https:\/\/bialcon.pl\/blog\/minimalistyczny-styl-ubioru\/#breadcrumb"},"inLanguage":"pl-PL","potentialAction":[{"@type":"ReadAction","target":["https:\/\/bialcon.pl\/blog\/minimalistyczny-styl-ubioru\/"]}]},{"@type":"ImageObject","inLanguage":"pl-PL","@id":"https:\/\/bialcon.pl\/blog\/minimalistyczny-styl-ubioru\/#primaryimage","url":"https:\/\/bialcon.pl\/blog\/wp-content\/uploads\/2024\/12\/Projekt-bez-nazwy-29.png","contentUrl":"https:\/\/bialcon.pl\/blog\/wp-content\/uploads\/2024\/12\/Projekt-bez-nazwy-29.png","width":960,"height":850,"caption":"Wizualizacja kobiety w br\u0105zowej bluzce z d\u0142ugim r\u0119kawem z okr\u0105g\u0142ym dekoltem i w szerokich, be\u017cowych spodniach"},{"@type":"BreadcrumbList","@id":"https:\/\/bialcon.pl\/blog\/minimalistyczny-styl-ubioru\/#breadcrumb","itemListElement":[{"@type":"ListItem","position":1,"name":"Strona g\u0142\u00f3wna","item":"https:\/\/bialcon.pl\/blog\/"},{"@type":"ListItem","position":2,"name":"Wszystkie wpisy","item":"https:\/\/bialcon.pl\/blog\/wszystkie-wpisy\/"},{"@type":"ListItem","position":3,"name":"Minimalistyczny styl ubioru \u2013 na czym polega minimalizm w modzie?"}]},{"@type":"WebSite","@id":"https:\/\/bialcon.pl\/blog\/#website","url":"https:\/\/bialcon.pl\/blog\/","name":"bialcon.pl\/blog\/","description":"Fashion Blog w zasi\u0119gu Twojej r\u0119ki","potentialAction":[{"@type":"SearchAction","target":{"@type":"EntryPoint","urlTemplate":"https:\/\/bialcon.pl\/blog\/?s={search_term_string}"},"query-input":{"@type":"PropertyValueSpecification","valueRequired":true,"valueName":"search_term_string"}}],"inLanguage":"pl-PL"},{"@type":"Person","@id":"https:\/\/bialcon.pl\/blog\/#\/schema\/person\/ba17cc8b0900b2a06eecf843eb117760","name":"Daria Woszczaty\u0144ska-Przybylska","image":{"@type":"ImageObject","inLanguage":"pl-PL","@id":"https:\/\/secure.gravatar.com\/avatar\/624792ad5428294ab99ef3d7d452e28d140144dac597c3725127e5d3ea759f0b?s=96&d=mm&r=g","url":"https:\/\/secure.gravatar.com\/avatar\/624792ad5428294ab99ef3d7d452e28d140144dac597c3725127e5d3ea759f0b?s=96&d=mm&r=g","contentUrl":"https:\/\/secure.gravatar.com\/avatar\/624792ad5428294ab99ef3d7d452e28d140144dac597c3725127e5d3ea759f0b?s=96&d=mm&r=g","caption":"Daria Woszczaty\u0144ska-Przybylska"},"description":"Autorka tre\u015bci o modzie, copywriterka i content writerka, z wykszta\u0142cenia projektantka ubioru. Zajmuje si\u0119 analiz\u0105 przemian w modzie oraz przyst\u0119pnym wyja\u015bnianiem trend\u00f3w, pomagaj\u0105c odbiorcom \u015bwiadomie budowa\u0107 w\u0142asny styl. Interesuje j\u0105 kreowanie osobistego stylu, ilustracja modowa oraz ubi\u00f3r traktowany jako forma sztuki. Jej najnowsze teksty o modzie znajdziesz na blogu Bialcon.","sameAs":["https:\/\/www.facebook.com\/daria.woszczatynska\/"],"url":"https:\/\/bialcon.pl\/blog\/author\/daria-woszczatynska-przybylska\/"}]}},"_links":{"self":[{"href":"https:\/\/bialcon.pl\/blog\/wp-json\/wp\/v2\/posts\/10496","targetHints":{"allow":["GET"]}}],"collection":[{"href":"https:\/\/bialcon.pl\/blog\/wp-json\/wp\/v2\/posts"}],"about":[{"href":"https:\/\/bialcon.pl\/blog\/wp-json\/wp\/v2\/types\/post"}],"author":[{"embeddable":true,"href":"https:\/\/bialcon.pl\/blog\/wp-json\/wp\/v2\/users\/14"}],"replies":[{"embeddable":true,"href":"https:\/\/bialcon.pl\/blog\/wp-json\/wp\/v2\/comments?post=10496"}],"version-history":[{"count":2,"href":"https:\/\/bialcon.pl\/blog\/wp-json\/wp\/v2\/posts\/10496\/revisions"}],"predecessor-version":[{"id":11891,"href":"https:\/\/bialcon.pl\/blog\/wp-json\/wp\/v2\/posts\/10496\/revisions\/11891"}],"wp:featuredmedia":[{"embeddable":true,"href":"https:\/\/bialcon.pl\/blog\/wp-json\/wp\/v2\/media\/10497"}],"wp:attachment":[{"href":"https:\/\/bialcon.pl\/blog\/wp-json\/wp\/v2\/media?parent=10496"}],"wp:term":[{"taxonomy":"category","embeddable":true,"href":"https:\/\/bialcon.pl\/blog\/wp-json\/wp\/v2\/categories?post=10496"},{"taxonomy":"post_tag","embeddable":true,"href":"https:\/\/bialcon.pl\/blog\/wp-json\/wp\/v2\/tags?post=10496"}],"curies":[{"name":"wp","href":"https:\/\/api.w.org\/{rel}","templated":true}]}}