{"id":10406,"date":"2024-11-14T10:00:00","date_gmt":"2024-11-14T09:00:00","guid":{"rendered":"https:\/\/bialcon.pl\/blog\/?p=10406"},"modified":"2025-11-24T12:47:05","modified_gmt":"2025-11-24T11:47:05","slug":"wesele-jesienia-w-co-sie-ubrac","status":"publish","type":"post","link":"https:\/\/bialcon.pl\/blog\/wesele-jesienia-w-co-sie-ubrac\/","title":{"rendered":"Wesele jesieni\u0105 \u2013 w co si\u0119 ubra\u0107? Jak\u0105 stylizacj\u0119 wybra\u0107?"},"content":{"rendered":"<div id=\"ez-toc-container\" class=\"ez-toc-v2_0_82_2 counter-hierarchy ez-toc-counter ez-toc-custom ez-toc-container-direction\">\n<div class=\"ez-toc-title-container\"><p class=\"ez-toc-title\" style=\"cursor:inherit\">Spis Tre\u015bci<\/p>\n<\/div><nav><ul class='ez-toc-list ez-toc-list-level-1 ' ><li class='ez-toc-page-1 ez-toc-heading-level-2'><a class=\"ez-toc-link ez-toc-heading-1\" href=\"https:\/\/bialcon.pl\/blog\/wesele-jesienia-w-co-sie-ubrac\/#Sekrety_udanej_jesiennej_stylizacji_na_wesele\" >Sekrety udanej jesiennej stylizacji na wesele<\/a><\/li><li class='ez-toc-page-1 ez-toc-heading-level-2'><a class=\"ez-toc-link ez-toc-heading-2\" href=\"https:\/\/bialcon.pl\/blog\/wesele-jesienia-w-co-sie-ubrac\/#W_co_sie_ubrac_na_wesele_jesienia_%E2%80%93_kolory_i_tkaniny\" >W co si\u0119 ubra\u0107 na wesele jesieni\u0105 \u2013 kolory i tkaniny<\/a><\/li><li class='ez-toc-page-1 ez-toc-heading-level-2'><a class=\"ez-toc-link ez-toc-heading-3\" href=\"https:\/\/bialcon.pl\/blog\/wesele-jesienia-w-co-sie-ubrac\/#Wesele_jesienia_w_co_sie_ubrac_%E2%80%93_elegancko_i_komfortowo\" >Wesele jesieni\u0105, w co si\u0119 ubra\u0107 \u2013 elegancko i komfortowo<\/a><\/li><li class='ez-toc-page-1 ez-toc-heading-level-2'><a class=\"ez-toc-link ez-toc-heading-4\" href=\"https:\/\/bialcon.pl\/blog\/wesele-jesienia-w-co-sie-ubrac\/#O_czym_pamietac_wybierajac_sukienke_na_wesele_jesienia\" >O czym pami\u0119ta\u0107, wybieraj\u0105c sukienk\u0119 na wesele jesieni\u0105?<\/a><\/li><li class='ez-toc-page-1 ez-toc-heading-level-2'><a class=\"ez-toc-link ez-toc-heading-5\" href=\"https:\/\/bialcon.pl\/blog\/wesele-jesienia-w-co-sie-ubrac\/#Jakie_zakiety_pasuja_do_sukienek_na_wesele_jesienia\" >Jakie \u017cakiety pasuj\u0105 do sukienek na wesele jesieni\u0105?<\/a><\/li><li class='ez-toc-page-1 ez-toc-heading-level-2'><a class=\"ez-toc-link ez-toc-heading-6\" href=\"https:\/\/bialcon.pl\/blog\/wesele-jesienia-w-co-sie-ubrac\/#Wesele_jesienia_stylizacje_ktore_robia_wrazenie\" >Wesele jesieni\u0105 stylizacje, kt\u00f3re robi\u0105 wra\u017cenie<\/a><\/li><li class='ez-toc-page-1 ez-toc-heading-level-2'><a class=\"ez-toc-link ez-toc-heading-7\" href=\"https:\/\/bialcon.pl\/blog\/wesele-jesienia-w-co-sie-ubrac\/#Outfit_na_jesienne_wesele_%E2%80%93_czego_unikac\" >Outfit na jesienne wesele \u2013 czego unika\u0107?<\/a><\/li><li class='ez-toc-page-1 ez-toc-heading-level-2'><a class=\"ez-toc-link ez-toc-heading-8\" href=\"https:\/\/bialcon.pl\/blog\/wesele-jesienia-w-co-sie-ubrac\/#W_co_sie_ubrac_na_wesele_jesienia_by_nie_popelnic_faux_pas\" >W co si\u0119 ubra\u0107 na wesele jesieni\u0105, by nie pope\u0142ni\u0107 faux pas?<\/a><\/li><li class='ez-toc-page-1 ez-toc-heading-level-2'><a class=\"ez-toc-link ez-toc-heading-9\" href=\"https:\/\/bialcon.pl\/blog\/wesele-jesienia-w-co-sie-ubrac\/#Jakie_buty_zalozyc_na_jesienne_wesele\" >Jakie buty za\u0142o\u017cy\u0107 na jesienne wesele?<\/a><\/li><li class='ez-toc-page-1 ez-toc-heading-level-2'><a class=\"ez-toc-link ez-toc-heading-10\" href=\"https:\/\/bialcon.pl\/blog\/wesele-jesienia-w-co-sie-ubrac\/#W_co_sie_ubrac_na_wesele_jesienia_%E2%80%93_pytania_i_odpowiedzi\" >W co si\u0119 ubra\u0107 na wesele jesieni\u0105? \u2013 pytania i odpowiedzi<\/a><\/li><\/ul><\/nav><\/div>\n\n<p>Stylizacje na wesele jesieni\u0105 to temat, kt\u00f3remu warto po\u015bwi\u0119ci\u0107 wi\u0119cej uwagi. Je\u015bli wybierasz si\u0119 na jesienny \u015blub i przyj\u0119cie, najlepiej postawi\u0107 na elegancj\u0119 dostosowan\u0105 do ch\u0142odniejszej pogody. Podpowiadamy, jak stworzy\u0107 szykowny outfit na jesienne wesele i pokazujemy stylizacje, kt\u00f3re robi\u0105 wra\u017cenie.<\/p>\n\n\n\n<h2 class=\"wp-block-heading\"><span class=\"ez-toc-section\" id=\"Sekrety_udanej_jesiennej_stylizacji_na_wesele\"><\/span>Sekrety udanej jesiennej stylizacji na wesele<span class=\"ez-toc-section-end\"><\/span><\/h2>\n\n\n\n<p>Jeste\u015b zaproszona na \u015blub w pa\u017adzierniku lub listopadzie? Jesienne wesele mo\u017ce by\u0107 nawet bardziej nastrojowe ni\u017c uroczysto\u015bci odbywaj\u0105ce si\u0119 w \u015brodku lata. Mieni\u0105ca si\u0119 z\u0142otem i czerwieni\u0105 przyroda i brak upa\u0142\u00f3w to niezaprzeczalne atuty takiego terminu. Z drugiej strony w okresie jesiennym jest zdecydowanie ch\u0142odniej, szczeg\u00f3lnie wieczorem i w nocy.<\/p>\n\n\n\n<p>W zwi\u0105zku z tym idealny wyb\u00f3r stanowi\u0105 jesienne stylizacje na wesele \u0142\u0105cz\u0105ce kilka aspekt\u00f3w. Str\u00f3j powinien by\u0107 dostosowany do szczeg\u00f3lnej uroczysto\u015bci, jak\u0105 jest wesele, a jednocze\u015bnie sprawdza\u0107 si\u0119 nawet przy kapry\u015bnej pogodzie. Z regu\u0142y doskona\u0142ym wyborem s\u0105 stylizacje nieco bardziej zabudowane oraz warstwowe. W wielu przypadkach dobrze jest rozwa\u017cy\u0107 si\u0119gni\u0119cie po cienkie, eleganckie rajstopy oraz halk\u0119.<\/p>\n\n\n\r\n<div class=\"product-block-container swiper mySwiperProductBlock\">\r\n    <div class=\"product-block-swiper swiper-wrapper\">\r\n                    <div class=\"swiper-slide product-block-item\" data-id=\"147575\">\r\n                <a href=\"https:\/\/bialcon.pl\/dluga-satynowa-sukienka-z-odkrytym-ramieniem?utm_source=blog&utm_medium=wyprzedaz&utm_campaign=141124\" class=\"product-block-url\" target=\"_blank\">\r\n                    <div class=\"product-block-image\">\r\n                        <img decoding=\"async\" width=\"300\" height=\"400\" src=\"https:\/\/bialcon.pl\/picture\/dluga-satynowa-sukienka-z-odkrytym-ramieniem_1.jpg\" alt=\"D\u0142uga satynowa sukienka z odkrytym ramieniem\">\r\n                    <\/div>\r\n                    <div class=\"product-block-name\">\r\n                        <p>D\u0142uga satynowa sukienka z odkrytym ramieniem<\/p>\r\n                    <\/div>\r\n                <\/a>\r\n            <\/div>\r\n                    <div class=\"swiper-slide product-block-item\" data-id=\"147615\">\r\n                <a href=\"https:\/\/bialcon.pl\/dzianinowa-sukienka-z-marszczeniem-i-ozdoba-w-talii?utm_source=blog&utm_medium=wyprzedaz&utm_campaign=141124\" class=\"product-block-url\" target=\"_blank\">\r\n                    <div class=\"product-block-image\">\r\n                        <img decoding=\"async\" width=\"300\" height=\"400\" src=\"https:\/\/bialcon.pl\/picture\/dzianinowa-sukienka-z-marszczeniem-i-ozdoba-w-talii_3.jpg\" alt=\"Dzianinowa sukienka z marszczeniem i ozdob\u0105 w talii\">\r\n                    <\/div>\r\n                    <div class=\"product-block-name\">\r\n                        <p>Dzianinowa sukienka z marszczeniem i ozdob\u0105 w talii<\/p>\r\n                    <\/div>\r\n                <\/a>\r\n            <\/div>\r\n                    <div class=\"swiper-slide product-block-item\" data-id=\"147743\">\r\n                <a href=\"https:\/\/bialcon.pl\/wiskozowy-kolorowy-kombinezon-z-krotkim-rekawem?utm_source=blog&utm_medium=wyprzedaz&utm_campaign=141124\" class=\"product-block-url\" target=\"_blank\">\r\n                    <div class=\"product-block-image\">\r\n                        <img decoding=\"async\" width=\"300\" height=\"400\" src=\"https:\/\/bialcon.pl\/picture\/wiskozowy-kolorowy-kombinezon-z-krotkim-rekawem.jpg\" alt=\"Wiskozowy kolorowy kombinezon z kr\u00f3tkim r\u0119kawem\">\r\n                    <\/div>\r\n                    <div class=\"product-block-name\">\r\n                        <p>Wiskozowy kolorowy kombinezon z kr\u00f3tkim r\u0119kawem<\/p>\r\n                    <\/div>\r\n                <\/a>\r\n            <\/div>\r\n            <\/div>\r\n<\/div>\r\n\n\n\n\n<h2 class=\"wp-block-heading\"><span class=\"ez-toc-section\" id=\"W_co_sie_ubrac_na_wesele_jesienia_%E2%80%93_kolory_i_tkaniny\"><\/span>W co si\u0119 ubra\u0107 na wesele jesieni\u0105 <strong>\u2013<\/strong> kolory i tkaniny<span class=\"ez-toc-section-end\"><\/span><\/h2>\n\n\n\n<p>Jesieni\u0105 warto postawi\u0107 na ciemniejsze, g\u0142\u0119bokie kolory, kt\u00f3re dodadz\u0105 ca\u0142ej stylizacji elegancji i wpisz\u0105 si\u0119 w sezonow\u0105 palet\u0119 barw. Jakie kolory najlepiej pasuj\u0105 na jesienne wesele? Prym wiod\u0105 wyrafinowane odcienie bordo, butelkowa ziele\u0144, czekoladowe i karmelowe br\u0105zy, jak r\u00f3wnie\u017c \u015bliwkowe fiolety i tonacje wrzosu.<\/p>\n\n\n\n<p>Sprawdz\u0105 si\u0119 te\u017c kolory klejnot\u00f3w, takie jak szafirowy, turkusowy, szmaragdowy lub rubinowo czerwony. Sukienka na wesele jesieni\u0105 mo\u017ce te\u017c by\u0107 czarna, je\u015bli w\u0142a\u015bnie taka kreacja najlepiej pasuje do Twojego stylu. Mo\u017cesz wybra\u0107 czarn\u0105 sukienk\u0119 w kwiaty, c\u0119tki lub inne wzory, albo zdecydowa\u0107 si\u0119 na g\u0142adk\u0105 czarn\u0105 sukienk\u0119 i uzupe\u0142nienie stylizacji dodatkami w mocnych kolorach.<\/p>\n\n\n\n<p>Wesele jesieni\u0105 to wyj\u0105tkowa okazja, kt\u00f3ra sprzyja nieco grubszym tkaninom. Aksamit, welur, tafta, cienka we\u0142na, zamsz i \u017cakard to materia\u0142y, kt\u00f3re zdecydowanie warto wzi\u0105\u0107 pod uwag\u0119. W stylizacji mo\u017cesz po\u0142\u0105czy\u0107 je ze zwiewnymi szyfonami i tiulami, co zapewni ciekawy efekt wizualny.<\/p>\n\n\n\r\n<div class=\"product-block-container swiper mySwiperProductBlock\">\r\n    <div class=\"product-block-swiper swiper-wrapper\">\r\n                    <div class=\"swiper-slide product-block-item\" data-id=\"147575\">\r\n                <a href=\"https:\/\/bialcon.pl\/dluga-satynowa-sukienka-z-odkrytym-ramieniem?utm_source=blog&utm_medium=wyprzedaz&utm_campaign=141124\" class=\"product-block-url\" target=\"_blank\">\r\n                    <div class=\"product-block-image\">\r\n                        <img decoding=\"async\" width=\"300\" height=\"400\" src=\"https:\/\/bialcon.pl\/picture\/dluga-satynowa-sukienka-z-odkrytym-ramieniem_1.jpg\" alt=\"D\u0142uga satynowa sukienka z odkrytym ramieniem\">\r\n                    <\/div>\r\n                    <div class=\"product-block-name\">\r\n                        <p>D\u0142uga satynowa sukienka z odkrytym ramieniem<\/p>\r\n                    <\/div>\r\n                <\/a>\r\n            <\/div>\r\n                    <div class=\"swiper-slide product-block-item\" data-id=\"147416\">\r\n                <a href=\"https:\/\/bialcon.pl\/sukienka-maxi-w-odcieniu-fioletu-z-drapowana-gora?utm_source=blog&utm_medium=wyprzedaz&utm_campaign=141124\" class=\"product-block-url\" target=\"_blank\">\r\n                    <div class=\"product-block-image\">\r\n                        <img decoding=\"async\" width=\"300\" height=\"400\" src=\"https:\/\/bialcon.pl\/picture\/sukienka-maxi-w-odcieniu-fioletu-z-drapowana-gora_1.jpg\" alt=\"Sukienka maxi w odcieniu fioletu z drapowan\u0105 g\u00f3r\u0105\">\r\n                    <\/div>\r\n                    <div class=\"product-block-name\">\r\n                        <p>Sukienka maxi w odcieniu fioletu z drapowan\u0105 g\u00f3r\u0105<\/p>\r\n                    <\/div>\r\n                <\/a>\r\n            <\/div>\r\n                    <div class=\"swiper-slide product-block-item\" data-id=\"146293\">\r\n                <a href=\"https:\/\/bialcon.pl\/liliowa-sukienka-midi-z-tafty-z-kwiatem-i-zakladkami?utm_source=blog&utm_medium=wyprzedaz&utm_campaign=141124\" class=\"product-block-url\" target=\"_blank\">\r\n                    <div class=\"product-block-image\">\r\n                        <img decoding=\"async\" width=\"300\" height=\"400\" src=\"https:\/\/bialcon.pl\/picture\/liliowa-sukienka-midi-z-tafty-z-kwiatem-i-zakladkami_3.jpg\" alt=\"Liliowa sukienka midi z tafty z kwiatem i zak\u0142adkami\">\r\n                    <\/div>\r\n                    <div class=\"product-block-name\">\r\n                        <p>Liliowa sukienka midi z tafty z kwiatem i zak\u0142adkami<\/p>\r\n                    <\/div>\r\n                <\/a>\r\n            <\/div>\r\n            <\/div>\r\n<\/div>\r\n\n\n\n\n<h2 class=\"wp-block-heading\"><span class=\"ez-toc-section\" id=\"Wesele_jesienia_w_co_sie_ubrac_%E2%80%93_elegancko_i_komfortowo\"><\/span>Wesele jesieni\u0105, w co si\u0119 ubra\u0107 <strong>\u2013<\/strong> elegancko i komfortowo<span class=\"ez-toc-section-end\"><\/span><\/h2>\n\n\n\n<p>Jaka sukienka na wesele jesieni\u0105? Sukienki kopertowe mi\u0119kko otulaj\u0105 i modeluj\u0105 sylwetk\u0119, cz\u0119sto wyst\u0119puj\u0105c w wariancie z d\u0142ugim r\u0119kawem. Rozkloszowane sukienki wspaniale podkre\u015blaj\u0105 tali\u0119, a d\u0142ugo\u015b\u0107 midi wpisuje si\u0119 w klasyczn\u0105 elegancj\u0119. Ciekawym pomys\u0142em na jesie\u0144 s\u0105 tak\u017ce sukienki szmizjerki. Aby podkre\u015bli\u0107 od\u015bwi\u0119tny charakter przyj\u0119cia, wybierz kreacj\u0119 uszyt\u0105 z tkaniny z po\u0142yskiem<\/p>\n\n\n\n<p>Sukienka na wesele jesieni\u0105 wygl\u0105da wspaniale tak\u017ce wtedy, gdy towarzysz\u0105 jej modne bufiaste r\u0119kawy lub przestrzenne aplikacje z kwiat\u00f3w. Aktualnie w cenie s\u0105 sukienki z drapowaniami, kt\u00f3re podkre\u015blaj\u0105 struktur\u0119 welurowej lub szyfonowej kreacji. Wolisz prost\u0105 sukienk\u0119? Wybierz model o ciekawej fakturze lub wyrazistym wzorze.<\/p>\n\n\n\n<h2 class=\"wp-block-heading\"><span class=\"ez-toc-section\" id=\"O_czym_pamietac_wybierajac_sukienke_na_wesele_jesienia\"><\/span>O czym pami\u0119ta\u0107, wybieraj\u0105c sukienk\u0119 na wesele jesieni\u0105?<span class=\"ez-toc-section-end\"><\/span><\/h2>\n\n\n\n<p>Wyb\u00f3r sukienki na wesele jesieni\u0105 nie mo\u017ce by\u0107 dzie\u0142em przypadku. Gdy planujesz sukienk\u0119 bez r\u0119kaw\u00f3w lub sukienk\u0119 z kr\u00f3tkim r\u0119kawem, kluczowe znaczenie ma to, czym okryjesz ramiona. Przyjrzyj si\u0119 wi\u0119c temu, jaki kr\u00f3j ma upatrzona przez Ciebie kreacja<\/p>\n\n\n\n<p>Sukienka musi &#8222;zmie\u015bci\u0107&#8221; si\u0119 pod marynark\u0105, tak by warstwy nie kolidowa\u0142y ze sob\u0105. Kreacja z du\u017cymi bufkami raczej nie sprawdzi si\u0119 w po\u0142\u0105czeniu z taliowan\u0105 marynark\u0105 o w\u0105skich r\u0119kawach, podobnie jak sukienka z lej\u0105cym dekoltem nie nadaje si\u0119 do po\u0142\u0105czenia z pude\u0142kowym \u017cakietem.<\/p>\n\n\n\n<p>Do wieczorowej sukienki na jesie\u0144 najlepiej pasuj\u0105 lekko przeskalowane marynarki, kt\u00f3re swobodnie op\u0142ywaj\u0105 sylwetk\u0119. Je\u015bli jednak chcesz wybra\u0107 sukienk\u0119 o rozkloszowanym fasonem, lepiej aby Tw\u00f3j str\u00f3j uzupe\u0142ni\u0142 taliowany \u017cakiet, kt\u00f3ry zadba o w\u0142a\u015bciwe proporcje ca\u0142o\u015bci.<\/p>\n\n\n\r\n<div class=\"product-block-container swiper mySwiperProductBlock\">\r\n    <div class=\"product-block-swiper swiper-wrapper\">\r\n                    <div class=\"swiper-slide product-block-item\" data-id=\"147562\">\r\n                <a href=\"https:\/\/bialcon.pl\/klasyczny-smietankowy-zakiet-z-zapieciem-na-jeden-guzik?utm_source=blog&utm_medium=wyprzedaz&utm_campaign=141124\" class=\"product-block-url\" target=\"_blank\">\r\n                    <div class=\"product-block-image\">\r\n                        <img decoding=\"async\" width=\"300\" height=\"400\" src=\"https:\/\/bialcon.pl\/picture\/klasyczny-smietankowy-zakiet-z-zapieciem-na-jeden-guzik_1.jpg\" alt=\"Klasyczny \u015bmietankowy \u017cakiet z zapi\u0119ciem na jeden guzik\">\r\n                    <\/div>\r\n                    <div class=\"product-block-name\">\r\n                        <p>Klasyczny \u015bmietankowy \u017cakiet z zapi\u0119ciem na jeden guzik<\/p>\r\n                    <\/div>\r\n                <\/a>\r\n            <\/div>\r\n                    <div class=\"swiper-slide product-block-item\" data-id=\"147417\">\r\n                <a href=\"https:\/\/bialcon.pl\/oliwkowy-dwurzedowy-zakiet?utm_source=blog&utm_medium=wyprzedaz&utm_campaign=141124\" class=\"product-block-url\" target=\"_blank\">\r\n                    <div class=\"product-block-image\">\r\n                        <img decoding=\"async\" width=\"300\" height=\"400\" src=\"https:\/\/bialcon.pl\/picture\/oliwkowy-dwurzedowy-zakiet_1.jpg\" alt=\"Oliwkowy dwurz\u0119dowy \u017cakiet\">\r\n                    <\/div>\r\n                    <div class=\"product-block-name\">\r\n                        <p>Oliwkowy dwurz\u0119dowy \u017cakiet<\/p>\r\n                    <\/div>\r\n                <\/a>\r\n            <\/div>\r\n                    <div class=\"swiper-slide product-block-item\" data-id=\"147311\">\r\n                <a href=\"https:\/\/bialcon.pl\/marynarka-z-kieszeniami-o-delikatnie-taliowanym-kroju?utm_source=blog&utm_medium=wyprzedaz&utm_campaign=141124\" class=\"product-block-url\" target=\"_blank\">\r\n                    <div class=\"product-block-image\">\r\n                        <img decoding=\"async\" width=\"300\" height=\"400\" src=\"https:\/\/bialcon.pl\/picture\/marynarka-z-kieszeniami-o-delikatnie-taliowanym-kroju_1.jpg\" alt=\"Marynarka z kieszeniami o delikatnie taliowanym kroju\">\r\n                    <\/div>\r\n                    <div class=\"product-block-name\">\r\n                        <p>Marynarka z kieszeniami o delikatnie taliowanym kroju<\/p>\r\n                    <\/div>\r\n                <\/a>\r\n            <\/div>\r\n            <\/div>\r\n<\/div>\r\n\n\n\n\n<h2 class=\"wp-block-heading\"><span class=\"ez-toc-section\" id=\"Jakie_zakiety_pasuja_do_sukienek_na_wesele_jesienia\"><\/span>Jakie \u017cakiety pasuj\u0105 do sukienek na wesele jesieni\u0105?<span class=\"ez-toc-section-end\"><\/span><\/h2>\n\n\n\n<p>Czy mo\u017cesz wybra\u0107 sukienk\u0119 i \u017cakiet w innych kolorach? Oczywi\u015bcie, \u017ce tak. Tak samo dobrze sprawdzi si\u0119 kontrast, co stonowane, harmonijne po\u0142\u0105czenie. Jednak je\u015bli masz ochot\u0119 na monochromatyczny look, wypr\u00f3buj po\u0142\u0105czenie \u017cakietu i sukienki w podobnym kolorze. Ca\u0142o\u015b\u0107 mo\u017cesz prze\u0142ama\u0107 b\u0142yszcz\u0105cymi lub bardziej kontrastowymi dodatkami, takimi jak na przyk\u0142ad cienki pasek, bransoletka lub torebka.<\/p>\n\n\n\n<p>Marynarka posiadaj\u0105ca ozdobne guziki, \u017cakiet obszyty cekinami, haftowany szal lub etola w intensywnym kolorze &#8211; ka\u017cdy z element\u00f3w mo\u017ce uzupe\u0142ni\u0107 weselny outfit jesieni\u0105, szczeg\u00f3lnie je\u015bli planujesz za\u0142o\u017cy\u0107 prost\u0105 sukienk\u0119 bez zdobie\u0144. \u017bakardowy albo ozdobiony aplikacjami z koronki \u017cakiet wygl\u0105da pi\u0119knie z g\u0142adk\u0105 sukienk\u0105 lub ciemnymi spodniami. Lubisz prze\u0142amywa\u0107 schematy? Si\u0119gnij po sk\u00f3rzany \u017cakiet w stylu ramoneski lub d\u0142ug\u0105 narzutk\u0119 z satyny.<\/p>\n\n\n\r\n<div class=\"product-block-container swiper mySwiperProductBlock\">\r\n    <div class=\"product-block-swiper swiper-wrapper\">\r\n                    <div class=\"swiper-slide product-block-item\" data-id=\"147562\">\r\n                <a href=\"https:\/\/bialcon.pl\/klasyczny-smietankowy-zakiet-z-zapieciem-na-jeden-guzik?utm_source=blog&utm_medium=wyprzedaz&utm_campaign=141124\" class=\"product-block-url\" target=\"_blank\">\r\n                    <div class=\"product-block-image\">\r\n                        <img decoding=\"async\" width=\"300\" height=\"400\" src=\"https:\/\/bialcon.pl\/picture\/klasyczny-smietankowy-zakiet-z-zapieciem-na-jeden-guzik_1.jpg\" alt=\"Klasyczny \u015bmietankowy \u017cakiet z zapi\u0119ciem na jeden guzik\">\r\n                    <\/div>\r\n                    <div class=\"product-block-name\">\r\n                        <p>Klasyczny \u015bmietankowy \u017cakiet z zapi\u0119ciem na jeden guzik<\/p>\r\n                    <\/div>\r\n                <\/a>\r\n            <\/div>\r\n                    <div class=\"swiper-slide product-block-item\" data-id=\"147571\">\r\n                <a href=\"https:\/\/bialcon.pl\/klasyczny-jasnorozowy-zakiet-z-zapieciem-na-jeden-guzik?utm_source=blog&utm_medium=wyprzedaz&utm_campaign=141124\" class=\"product-block-url\" target=\"_blank\">\r\n                    <div class=\"product-block-image\">\r\n                        <img decoding=\"async\" width=\"300\" height=\"400\" src=\"https:\/\/bialcon.pl\/picture\/klasyczny-jasnorozowy-zakiet-z-zapieciem-na-jeden-guzik_1.jpg\" alt=\"Klasyczny jasnor\u00f3\u017cowy \u017cakiet z zapi\u0119ciem na jeden guzik\">\r\n                    <\/div>\r\n                    <div class=\"product-block-name\">\r\n                        <p>Klasyczny jasnor\u00f3\u017cowy \u017cakiet z zapi\u0119ciem na jeden guzik<\/p>\r\n                    <\/div>\r\n                <\/a>\r\n            <\/div>\r\n                    <div class=\"swiper-slide product-block-item\" data-id=\"147580\">\r\n                <a href=\"https:\/\/bialcon.pl\/zakiet-ecru-z-zapieciem-na-haftke-i-rekawem-78?utm_source=blog&utm_medium=wyprzedaz&utm_campaign=141124\" class=\"product-block-url\" target=\"_blank\">\r\n                    <div class=\"product-block-image\">\r\n                        <img decoding=\"async\" width=\"300\" height=\"400\" src=\"https:\/\/bialcon.pl\/picture\/zakiet-ecru-z-zapieciem-na-haftke-i-rekawem-78_1.jpg\" alt=\"\u017bakiet ecru z zapi\u0119ciem na haftk\u0119 i r\u0119kawem 7\/8\">\r\n                    <\/div>\r\n                    <div class=\"product-block-name\">\r\n                        <p>\u017bakiet ecru z zapi\u0119ciem na haftk\u0119 i r\u0119kawem 7\/8<\/p>\r\n                    <\/div>\r\n                <\/a>\r\n            <\/div>\r\n            <\/div>\r\n<\/div>\r\n\n\n\n\n<h2 class=\"wp-block-heading\"><span class=\"ez-toc-section\" id=\"Wesele_jesienia_stylizacje_ktore_robia_wrazenie\"><\/span>Wesele jesieni\u0105 stylizacje, kt\u00f3re robi\u0105 wra\u017cenie<span class=\"ez-toc-section-end\"><\/span><\/h2>\n\n\n\n<p>Ciekaw\u0105 propozycj\u0105, kt\u00f3ra wygl\u0105da pi\u0119knie na weselu jest po\u0142\u0105czenie wieczorowej sukienki na rami\u0105czkach i noszonej pod spodem cienkiej, dopasowanej bluzki z d\u0142ugim r\u0119kawem. Mo\u017cesz postawi\u0107 na model uszyty z siateczki lub zdecydowa\u0107 si\u0119 na obcis\u0142\u0105 bluzk\u0119 z koronki <strong>\u2013<\/strong> dodaj\u0105cej prostej sukience elegancji.<\/p>\n\n\n\n<p>Stawiasz na komplet z\u0142o\u017cony z marynarki i garniturowych spodni w kant? Look mo\u017cesz uzupe\u0142ni\u0107 eleganck\u0105 bluzk\u0105 koszulow\u0105 lub postawi\u0107 na cienki dzianinowy golf o przylegaj\u0105cym kroju.<\/p>\n\n\n\n<p>Inn\u0105 opcj\u0105 jest zestaw z bluzk\u0105 z szarf\u0105 pod szyj\u0105 i wizytowymi spodniami albo eleganck\u0105 sp\u00f3dnic\u0105 . Do tego wystarczy do\u0142\u0105czy\u0107 prost\u0105 kopert\u00f3wk\u0119 z ciekawym detalem, buty na obcasie i ju\u017c jeste\u015b gotowa na wesele jesieni\u0105.<\/p>\n\n\n\n<p>O tej porze roku mo\u017cesz zdecydowa\u0107 si\u0119 na elegancki, wieczorowy kombinezon, na kt\u00f3ry mo\u017cesz na\u0142o\u017cy\u0107 marynark\u0119 w mocnym kolorze. Co powiesz na designerski czarny kombinezon z szerokimi nogawkami i g\u00f3r\u0105 ozdobion\u0105 kwiatami 3D? Wysokie szpilki i b\u0142yszcz\u0105ca bi\u017cuteria to wysmakowane uzupe\u0142nienie tej kreacji.<\/p>\n\n\n\r\n<div class=\"product-block-container swiper mySwiperProductBlock\">\r\n    <div class=\"product-block-swiper swiper-wrapper\">\r\n                    <div class=\"swiper-slide product-block-item\" data-id=\"147575\">\r\n                <a href=\"https:\/\/bialcon.pl\/dluga-satynowa-sukienka-z-odkrytym-ramieniem?utm_source=blog&utm_medium=wyprzedaz&utm_campaign=141124\" class=\"product-block-url\" target=\"_blank\">\r\n                    <div class=\"product-block-image\">\r\n                        <img decoding=\"async\" width=\"300\" height=\"400\" src=\"https:\/\/bialcon.pl\/picture\/dluga-satynowa-sukienka-z-odkrytym-ramieniem_1.jpg\" alt=\"D\u0142uga satynowa sukienka z odkrytym ramieniem\">\r\n                    <\/div>\r\n                    <div class=\"product-block-name\">\r\n                        <p>D\u0142uga satynowa sukienka z odkrytym ramieniem<\/p>\r\n                    <\/div>\r\n                <\/a>\r\n            <\/div>\r\n                    <div class=\"swiper-slide product-block-item\" data-id=\"147626\">\r\n                <a href=\"https:\/\/bialcon.pl\/taftowa-sukienka-midi-z-paskiem-i-kieszeniami?utm_source=blog&utm_medium=wyprzedaz&utm_campaign=141124\" class=\"product-block-url\" target=\"_blank\">\r\n                    <div class=\"product-block-image\">\r\n                        <img decoding=\"async\" width=\"300\" height=\"400\" src=\"https:\/\/bialcon.pl\/picture\/taftowa-sukienka-midi-z-paskiem-i-kieszeniami.jpg\" alt=\"Taftowa sukienka midi z paskiem i kieszeniami\">\r\n                    <\/div>\r\n                    <div class=\"product-block-name\">\r\n                        <p>Taftowa sukienka midi z paskiem i kieszeniami<\/p>\r\n                    <\/div>\r\n                <\/a>\r\n            <\/div>\r\n                    <div class=\"swiper-slide product-block-item\" data-id=\"147579\">\r\n                <a href=\"https:\/\/bialcon.pl\/bezowa-portfelowa-sukienka-midi-z-bocznym-wiazaniem?utm_source=blog&utm_medium=wyprzedaz&utm_campaign=141124\" class=\"product-block-url\" target=\"_blank\">\r\n                    <div class=\"product-block-image\">\r\n                        <img decoding=\"async\" width=\"300\" height=\"400\" src=\"https:\/\/bialcon.pl\/picture\/bezowa-portfelowa-sukienka-midi-z-bocznym-wiazaniem_1.jpg\" alt=\"Be\u017cowa portfelowa sukienka midi z bocznym wi\u0105zaniem\">\r\n                    <\/div>\r\n                    <div class=\"product-block-name\">\r\n                        <p>Be\u017cowa portfelowa sukienka midi z bocznym wi\u0105zaniem<\/p>\r\n                    <\/div>\r\n                <\/a>\r\n            <\/div>\r\n            <\/div>\r\n<\/div>\r\n\n\n\n\n<h2 class=\"wp-block-heading\"><span class=\"ez-toc-section\" id=\"Outfit_na_jesienne_wesele_%E2%80%93_czego_unikac\"><\/span>Outfit na jesienne wesele <strong>\u2013<\/strong> czego unika\u0107?<span class=\"ez-toc-section-end\"><\/span><\/h2>\n\n\n\n<p>Nie da si\u0119 ukry\u0107, \u017ce stylizacje na wesele jesieni\u0105 wymagaj\u0105 wi\u0119cej zachodu ni\u017c zestawy na cieplejsze pory roku. Aby beztrosko przeta\u0144czy\u0107 ca\u0142\u0105 noc i prezentowa\u0107 si\u0119 szykownie, warto pami\u0119ta\u0107 o tym, czego lepiej wystrzega\u0107 si\u0119 w strojach na jesienny \u015blub i przyj\u0119cie.<\/p>\n\n\n\n<p>Stylizacje na wesele jesieni\u0105 powinny gwarantowa\u0107 wygod\u0119 zar\u00f3wno pod wzgl\u0119dem swobody ruch\u00f3w, jak r\u00f3wnie\u017c temperatury. Nie przesadzaj jednak z ilo\u015bci\u0105 warstw w stroju. Nie b\u0119dziesz wygl\u0105da\u0107 zgrabnie ani czu\u0107 si\u0119 komfortowo, szczeg\u00f3lnie je\u015bli nie b\u0119dziesz mog\u0142a ich \u0142atwo zdj\u0105\u0107, gdy rozgrzejesz si\u0119 na parkiecie lub przy stole.<\/p>\n\n\n\n<p>B\u0142\u0119dem jest look zanadto casualowy, czyli ubrania zbyt codzienne. Nawet je\u015bli zamiast hucznego jesiennego wesela, planowany jest kameralny obiad, zwyczajna bluzka i jeansy nie s\u0105 odpowiednim wyborem. Cho\u0107 w takiej sytuacji nie musisz nadmiernie si\u0119 stroi\u0107, kaszmirowy sweterek, klasyczna bi\u017cuteria i sp\u00f3dnica b\u0119d\u0105 mile widziane.<\/p>\n\n\n\n<h2 class=\"wp-block-heading\"><span class=\"ez-toc-section\" id=\"W_co_sie_ubrac_na_wesele_jesienia_by_nie_popelnic_faux_pas\"><\/span>W co si\u0119 ubra\u0107 na wesele jesieni\u0105, by nie pope\u0142ni\u0107 faux pas?<span class=\"ez-toc-section-end\"><\/span><\/h2>\n\n\n\n<p>Modowym faux pas jest str\u00f3j niepasuj\u0105cy do stylu wesela. Je\u015bli wiesz o tym, \u017ce planowana uroczysto\u015b\u0107 b\u0119dzie jesiennym weselem w stylu boho, cekinowa kreacja w hollywoodzkim stylu zdecydowanie nie pasuje do stroj\u00f3w reszty go\u015bci. Z kolei na weselu w konwencji glamour mo\u017cliwe, \u017ce nie b\u0119dziesz czu\u0142a si\u0119 komfortowo w kolorowej bawe\u0142nianej sukience.<\/p>\n\n\n\n<p>Dbaj o szczeg\u00f3\u0142y <strong>\u2013<\/strong> zwyczajna, znoszona kurtka odbiera sporo uroku dopieszczonej w szczeg\u00f3\u0142ach stylizacji na jesienne wesele. Tak jesieni\u0105, jak i w innych porach roku nietaktem jest wyb\u00f3r sukienki b\u0119d\u0105cej konkurencj\u0105 dla stylizacji panny m\u0142odej. Odpadaj\u0105 zatem biele i odcienie ecru, szczeg\u00f3lnie je\u015bli towarzysz\u0105 im bogate zdobienia w stylu sukienki \u015blubnej.<\/p>\n\n\n\r\n<div class=\"product-block-container swiper mySwiperProductBlock\">\r\n    <div class=\"product-block-swiper swiper-wrapper\">\r\n                    <div class=\"swiper-slide product-block-item\" data-id=\"147644\">\r\n                <a href=\"https:\/\/bialcon.pl\/wiskozowa-letnia-sukienka-z-kimonowym-rekawem?utm_source=blog&utm_medium=wyprzedaz&utm_campaign=141124\" class=\"product-block-url\" target=\"_blank\">\r\n                    <div class=\"product-block-image\">\r\n                        <img decoding=\"async\" width=\"300\" height=\"400\" src=\"https:\/\/bialcon.pl\/picture\/wiskozowa-letnia-sukienka-z-kimonowym-rekawem.jpg\" alt=\"Wiskozowa letnia sukienka z kimonowym r\u0119kawem\">\r\n                    <\/div>\r\n                    <div class=\"product-block-name\">\r\n                        <p>Wiskozowa letnia sukienka z kimonowym r\u0119kawem<\/p>\r\n                    <\/div>\r\n                <\/a>\r\n            <\/div>\r\n                    <div class=\"swiper-slide product-block-item\" data-id=\"147655\">\r\n                <a href=\"https:\/\/bialcon.pl\/kolorowa-sukienka-ze-zwiewnej-wiskozy-z-falbana?utm_source=blog&utm_medium=wyprzedaz&utm_campaign=141124\" class=\"product-block-url\" target=\"_blank\">\r\n                    <div class=\"product-block-image\">\r\n                        <img decoding=\"async\" width=\"300\" height=\"400\" src=\"https:\/\/bialcon.pl\/picture\/kolorowa-sukienka-ze-zwiewnej-wiskozy-z-falbana_2.jpg\" alt=\"Kolorowa sukienka ze zwiewnej wiskozy z falban\u0105\">\r\n                    <\/div>\r\n                    <div class=\"product-block-name\">\r\n                        <p>Kolorowa sukienka ze zwiewnej wiskozy z falban\u0105<\/p>\r\n                    <\/div>\r\n                <\/a>\r\n            <\/div>\r\n                    <div class=\"swiper-slide product-block-item\" data-id=\"147449\">\r\n                <a href=\"https:\/\/bialcon.pl\/bezowa-azurowa-sukienka-z-krotkim-rekawem?utm_source=blog&utm_medium=wyprzedaz&utm_campaign=141124\" class=\"product-block-url\" target=\"_blank\">\r\n                    <div class=\"product-block-image\">\r\n                        <img decoding=\"async\" width=\"300\" height=\"400\" src=\"https:\/\/bialcon.pl\/picture\/bezowa-azurowa-sukienka-z-krotkim-rekawem_3.jpg\" alt=\"Be\u017cowa a\u017curowa sukienka z kr\u00f3tkim r\u0119kawem\">\r\n                    <\/div>\r\n                    <div class=\"product-block-name\">\r\n                        <p>Be\u017cowa a\u017curowa sukienka z kr\u00f3tkim r\u0119kawem<\/p>\r\n                    <\/div>\r\n                <\/a>\r\n            <\/div>\r\n            <\/div>\r\n<\/div>\r\n\n\n\n\n<h2 class=\"wp-block-heading\"><span class=\"ez-toc-section\" id=\"Jakie_buty_zalozyc_na_jesienne_wesele\"><\/span>Jakie buty za\u0142o\u017cy\u0107 na jesienne wesele?<span class=\"ez-toc-section-end\"><\/span><\/h2>\n\n\n\n<p>Wesela jesieni\u0105 \u0142\u0105cz\u0105 si\u0119 z dylematem dotycz\u0105cym tego, jakie buty za\u0142o\u017cy\u0107. Na jesienne wesele pasuj\u0105 buty, kt\u00f3re s\u0105 eleganckie, ale nie tak mocno odkryte jak delikatne sanda\u0142ki na wesele latem.<\/p>\n\n\n\n<p>Do sukienki na jesienne wesele wspaniale pasuj\u0105 szpilki i klasyczne cz\u00f3\u0142enka, mo\u017cesz cieszy\u0107 si\u0119 te\u017c elegancj\u0105, jak\u0105 zapewniaj\u0105 wieczorowe baleriny lub zgrabne p\u00f3\u0142buty o fasonie oksfordek. Jednak gdy robi si\u0119 naprawd\u0119 ch\u0142odno, a w planach jest cz\u0119\u015b\u0107 ceremonii lub jesienne przyj\u0119cie w plenerze, kwestia obuwia staje si\u0119 bardziej problematyczna.<\/p>\n\n\n\n<p>Wybierz buty, w kt\u00f3rych b\u0119dziesz czu\u0107 si\u0119 pewnie i nie b\u0119d\u0105 one k\u0142\u00f3ci\u0107 si\u0119 z wizytow\u0105 elegancj\u0105. Proste botki na niewysokim obcasie lub sk\u00f3rzane kozaki s\u0105 do przyj\u0119cia, o ile s\u0105 zadbane i pasuj\u0105 do stylizacji. Zwr\u00f3\u0107 uwag\u0119 na to, \u017ce niekt\u00f3re z sukienek i sp\u00f3dnic doskonale komponuj\u0105 si\u0119 z kozakami. A je\u015bli reszta przyj\u0119cia odb\u0119dzie si\u0119 w zamkni\u0119tej przestrzeni, we\u017a wymarzone szpilki na zmian\u0119 i za\u0142\u00f3\u017c je ju\u017c na miejscu.<\/p>\n\n\n\n<h2 class=\"wp-block-heading\"><span class=\"ez-toc-section\" id=\"W_co_sie_ubrac_na_wesele_jesienia_%E2%80%93_pytania_i_odpowiedzi\"><\/span>W co si\u0119 ubra\u0107 na wesele jesieni\u0105? <strong>\u2013<\/strong> pytania i odpowiedzi<span class=\"ez-toc-section-end\"><\/span><\/h2>\n\n\n\n<p>Mamy nadziej\u0119, \u017ce odnalaz\u0142a\u015b przydatne informacje w\u015br\u00f3d sugestii dotycz\u0105cych tego, jak si\u0119 ubra\u0107 na wesele jesieni\u0105. Ni\u017csza temperatura na zewn\u0105trz nie popsuje Ci zabawy, je\u015bli zaplanujesz sw\u00f3j look z wyprzedzeniem, dostosowuj\u0105c go do prognozy pogody.<\/p>\n\n\n\n<p>Niezale\u017cnie od tego, czy jesieni\u0105 wybierasz si\u0119 na skromne przyj\u0119cie i \u015blub cywilny, czy te\u017c zosta\u0142a\u015b zaproszona na ceremoni\u0119 w ko\u015bciele i wystawny bankiet, w naszej ofercie znajdziesz mn\u00f3stwo kreacji, kt\u00f3re b\u0119d\u0105 doskona\u0142ym wyborem na t\u0119 szczeg\u00f3ln\u0105 uroczysto\u015b\u0107.<\/p>\n\n\n\n<h3 class=\"wp-block-heading\">Jaka jest modna jesienna stylizacja na wesele?<\/h3>\n\n\n\n<p>Modne stylizacje na wesele jesieni\u0105 lansuj\u0105 sukienki z d\u0142ugim r\u0119kawem, sukienki d\u0142ugo\u015bci midi i maxi oraz dobrze skrojone damskie garnitury. W\u015br\u00f3d propozycji stylist\u00f3w pojawiaj\u0105 si\u0119 tak\u017ce eleganckie sp\u00f3dnice \u0142\u0105czone z bluzkami wizytowymi lub \u017cakietami z mi\u0119sistego materia\u0142u i bi\u017cuteri\u0105 z pere\u0142.<\/p>\n\n\n\n<p>W modnej stylizacji na jesienne wesele pojawiaj\u0105 si\u0119 g\u0142\u0119bokie, ciemniejsze barwy, takie jak butelkowa ziele\u0144, bordo, granat i fiolet. Towarzysz\u0105 im z\u0142ote i srebrne dodatki, kt\u00f3re podkre\u015blaj\u0105 wyj\u015bciowy charakter stylizacji. Cho\u0107 przewa\u017caj\u0105 ubrania z g\u0142adkich tkanin, pojawiaj\u0105 si\u0119 te\u017c sukienki w kwiaty oraz motywy kraty, a nawet panterki.<\/p>\n\n\n\r\n<div class=\"product-block-container swiper mySwiperProductBlock\">\r\n    <div class=\"product-block-swiper swiper-wrapper\">\r\n                    <div class=\"swiper-slide product-block-item\" data-id=\"147575\">\r\n                <a href=\"https:\/\/bialcon.pl\/dluga-satynowa-sukienka-z-odkrytym-ramieniem?utm_source=blog&utm_medium=wyprzedaz&utm_campaign=141124\" class=\"product-block-url\" target=\"_blank\">\r\n                    <div class=\"product-block-image\">\r\n                        <img decoding=\"async\" width=\"300\" height=\"400\" src=\"https:\/\/bialcon.pl\/picture\/dluga-satynowa-sukienka-z-odkrytym-ramieniem_1.jpg\" alt=\"D\u0142uga satynowa sukienka z odkrytym ramieniem\">\r\n                    <\/div>\r\n                    <div class=\"product-block-name\">\r\n                        <p>D\u0142uga satynowa sukienka z odkrytym ramieniem<\/p>\r\n                    <\/div>\r\n                <\/a>\r\n            <\/div>\r\n                    <div class=\"swiper-slide product-block-item\" data-id=\"147743\">\r\n                <a href=\"https:\/\/bialcon.pl\/wiskozowy-kolorowy-kombinezon-z-krotkim-rekawem?utm_source=blog&utm_medium=wyprzedaz&utm_campaign=141124\" class=\"product-block-url\" target=\"_blank\">\r\n                    <div class=\"product-block-image\">\r\n                        <img decoding=\"async\" width=\"300\" height=\"400\" src=\"https:\/\/bialcon.pl\/picture\/wiskozowy-kolorowy-kombinezon-z-krotkim-rekawem.jpg\" alt=\"Wiskozowy kolorowy kombinezon z kr\u00f3tkim r\u0119kawem\">\r\n                    <\/div>\r\n                    <div class=\"product-block-name\">\r\n                        <p>Wiskozowy kolorowy kombinezon z kr\u00f3tkim r\u0119kawem<\/p>\r\n                    <\/div>\r\n                <\/a>\r\n            <\/div>\r\n                    <div class=\"swiper-slide product-block-item\" data-id=\"147744\">\r\n                <a href=\"https:\/\/bialcon.pl\/wiskozowa-sukienka-szmizjerka-z-regulowana-talia?utm_source=blog&utm_medium=wyprzedaz&utm_campaign=141124\" class=\"product-block-url\" target=\"_blank\">\r\n                    <div class=\"product-block-image\">\r\n                        <img decoding=\"async\" width=\"300\" height=\"400\" src=\"https:\/\/bialcon.pl\/picture\/wiskozowa-sukienka-szmizjerka-z-regulowana-talia.jpg\" alt=\"Wiskozowa sukienka szmizjerka z regulowana tali\u0105\">\r\n                    <\/div>\r\n                    <div class=\"product-block-name\">\r\n                        <p>Wiskozowa sukienka szmizjerka z regulowana tali\u0105<\/p>\r\n                    <\/div>\r\n                <\/a>\r\n            <\/div>\r\n            <\/div>\r\n<\/div>\r\n\n\n\n\n<h3 class=\"wp-block-heading\">Jakimi dodatkami uzupe\u0142ni\u0107 look na wesele jesieni\u0105?<\/h3>\n\n\n\n<p>Dodatki s\u0105 bardzo wa\u017cne, gdy szykujesz si\u0119 na wesele jesieni\u0105. Stylizacje warto wzbogaci\u0107 akcesoriami w eleganckim, od\u015bwi\u0119tnym wydaniu. Mo\u017cesz postawi\u0107 na odcienie z\u0142ota, miedzi i czerwieni, albo wybra\u0107 inny szlachetny kolor pasuj\u0105cy do Twoich preferencji.<\/p>\n\n\n\n<p>Na pewno przydadz\u0105 Ci si\u0119 eleganckie cz\u00f3\u0142enka lub botki oraz szykowna kopert\u00f3wka na \u0142a\u0144cuszku. Warto by zwie\u0144czeniem zestawu by\u0142a efektowna bi\u017cuteria wsp\u00f3\u0142graj\u0105ca z reszt\u0105 stylizacji. Wesele jesieni\u0105 wymaga pami\u0119tania o okryciu wierzchnim, takim jak klasyczny, elegancki p\u0142aszcz damski.<\/p>\n\n\n\r\n<div class=\"product-block-container swiper mySwiperProductBlock\">\r\n    <div class=\"product-block-swiper swiper-wrapper\">\r\n                    <div class=\"swiper-slide product-block-item\" data-id=\"147707\">\r\n                <a href=\"https:\/\/bialcon.pl\/broszka-kwiat-z-czarnego-tiulu?utm_source=blog&utm_medium=wyprzedaz&utm_campaign=141124\" class=\"product-block-url\" target=\"_blank\">\r\n                    <div class=\"product-block-image\">\r\n                        <img decoding=\"async\" width=\"300\" height=\"400\" src=\"https:\/\/bialcon.pl\/picture\/broszka-kwiat-czarny.jpg\" alt=\"Broszka kwiat z czarnego tiulu\">\r\n                    <\/div>\r\n                    <div class=\"product-block-name\">\r\n                        <p>Broszka kwiat z czarnego tiulu<\/p>\r\n                    <\/div>\r\n                <\/a>\r\n            <\/div>\r\n                    <div class=\"swiper-slide product-block-item\" data-id=\"147664\">\r\n                <a href=\"https:\/\/bialcon.pl\/niebieska-broszka-owad-na-magnes?utm_source=blog&utm_medium=wyprzedaz&utm_campaign=141124\" class=\"product-block-url\" target=\"_blank\">\r\n                    <div class=\"product-block-image\">\r\n                        <img decoding=\"async\" width=\"300\" height=\"400\" src=\"https:\/\/bialcon.pl\/picture\/broszka-br97221.jpeg\" alt=\"Niebieska broszka owad na magnes\">\r\n                    <\/div>\r\n                    <div class=\"product-block-name\">\r\n                        <p>Niebieska broszka owad na magnes<\/p>\r\n                    <\/div>\r\n                <\/a>\r\n            <\/div>\r\n                    <div class=\"swiper-slide product-block-item\" data-id=\"147671\">\r\n                <a href=\"https:\/\/bialcon.pl\/naszyjnik-z-eleganckim-kamieniem-naturalnym?utm_source=blog&utm_medium=wyprzedaz&utm_campaign=141124\" class=\"product-block-url\" target=\"_blank\">\r\n                    <div class=\"product-block-image\">\r\n                        <img decoding=\"async\" width=\"300\" height=\"400\" src=\"https:\/\/bialcon.pl\/picture\/naszyjnik-n97501.jpeg\" alt=\"Naszyjnik z eleganckim kamieniem naturalnym\">\r\n                    <\/div>\r\n                    <div class=\"product-block-name\">\r\n                        <p>Naszyjnik z eleganckim kamieniem naturalnym<\/p>\r\n                    <\/div>\r\n                <\/a>\r\n            <\/div>\r\n            <\/div>\r\n<\/div>\r\n\n\n\n\n<h3 class=\"wp-block-heading\">Jak po\u0142\u0105czy\u0107 komfort cieplny i elegancki wygl\u0105d na weselu jesieni\u0105?<\/h3>\n\n\n\n<p>Poniewa\u017c jesienna pogoda bywa kapry\u015bna, nale\u017cy postawi\u0107 na zapewniaj\u0105ce komfort i szykowny wygl\u0105d warstwowe stylizacje na wesele. Jesieni\u0105 sprawdz\u0105 si\u0119 \u017cakiety, narzutki lub eleganckie szale, kt\u00f3re okrywaj\u0105 ramiona. Ich atutem jest to, \u017ce w razie czego mo\u017cesz szybko je zdj\u0105\u0107.<\/p>\n\n\n\n<p>Do stylizacji na wesele jesieni\u0105 warto doda\u0107 rajstopy oraz modeluj\u0105c\u0105 halk\u0119, kt\u00f3re zapewni\u0105 zgrabny wygl\u0105d i b\u0119d\u0105 dodatkow\u0105 warstw\u0105 izoluj\u0105c\u0105 od ch\u0142odu. Wybieraj\u0105c model obuwia, zamiast odkrytych szpilek mo\u017cesz postawi\u0107 na botki.<\/p>\n\n\n\n<h3 class=\"wp-block-heading\">Jak si\u0119 ubra\u0107 na wesele jesieni\u0105 w ch\u0142odny dzie\u0144?<\/h3>\n\n\n\n<p>Stylizacje na wesele jesieni\u0105 powinny by\u0107 eleganckie, jednocze\u015bnie zapewniaj\u0105c komfort termiczny. W\u0142a\u015bnie dlatego warto postawi\u0107 na sukienk\u0119 z d\u0142ugim r\u0119kawem i botki lub damski garnitur z koszul\u0105 lub bluzk\u0105 pod spodem.<\/p>\n\n\n\n<p>Dobrym pomys\u0142em jest wyb\u00f3r ubra\u0144 z nieco cieplejszych tkanin, takich jak aksamit, \u017cakard lub we\u0142na garniturowa. W przypadku odzie\u017cy z cienkich materia\u0142\u00f3w sprawdz\u0105 si\u0119 warstwowe stylizacje na wesele z marynarkami lub narzutkami.<\/p>\n\n\n\n<p><\/p>\n","protected":false},"excerpt":{"rendered":"<p>Stylizacje na wesele jesieni\u0105 to temat, kt\u00f3remu warto po\u015bwi\u0119ci\u0107 wi\u0119cej uwagi. Je\u015bli wybierasz si\u0119 na jesienny \u015blub i przyj\u0119cie, najlepiej postawi\u0107 na elegancj\u0119 dostosowan\u0105 do ch\u0142odniejszej pogody. Podpowiadamy, jak stworzy\u0107 szykowny outfit na jesienne wesele i pokazujemy stylizacje, kt\u00f3re robi\u0105 wra\u017cenie. Sekrety udanej jesiennej stylizacji na wesele Jeste\u015b zaproszona na \u015blub w pa\u017adzierniku lub listopadzie? [&hellip;]<\/p>\n","protected":false},"author":14,"featured_media":10422,"comment_status":"closed","ping_status":"open","sticky":false,"template":"","format":"standard","meta":{"_acf_changed":false,"site-sidebar-layout":"default","site-content-layout":"","ast-site-content-layout":"default","site-content-style":"default","site-sidebar-style":"default","ast-global-header-display":"","ast-banner-title-visibility":"","ast-main-header-display":"","ast-hfb-above-header-display":"","ast-hfb-below-header-display":"","ast-hfb-mobile-header-display":"","site-post-title":"","ast-breadcrumbs-content":"","ast-featured-img":"","footer-sml-layout":"","theme-transparent-header-meta":"","adv-header-id-meta":"","stick-header-meta":"","header-above-stick-meta":"","header-main-stick-meta":"","header-below-stick-meta":"","astra-migrate-meta-layouts":"set","ast-page-background-enabled":"default","ast-page-background-meta":{"desktop":{"background-color":"","background-image":"","background-repeat":"repeat","background-position":"center center","background-size":"auto","background-attachment":"scroll","background-type":"","background-media":"","overlay-type":"","overlay-color":"","overlay-opacity":"","overlay-gradient":""},"tablet":{"background-color":"","background-image":"","background-repeat":"repeat","background-position":"center center","background-size":"auto","background-attachment":"scroll","background-type":"","background-media":"","overlay-type":"","overlay-color":"","overlay-opacity":"","overlay-gradient":""},"mobile":{"background-color":"","background-image":"","background-repeat":"repeat","background-position":"center center","background-size":"auto","background-attachment":"scroll","background-type":"","background-media":"","overlay-type":"","overlay-color":"","overlay-opacity":"","overlay-gradient":""}},"ast-content-background-meta":{"desktop":{"background-color":"var(--ast-global-color-5)","background-image":"","background-repeat":"repeat","background-position":"center center","background-size":"auto","background-attachment":"scroll","background-type":"","background-media":"","overlay-type":"","overlay-color":"","overlay-opacity":"","overlay-gradient":""},"tablet":{"background-color":"var(--ast-global-color-5)","background-image":"","background-repeat":"repeat","background-position":"center center","background-size":"auto","background-attachment":"scroll","background-type":"","background-media":"","overlay-type":"","overlay-color":"","overlay-opacity":"","overlay-gradient":""},"mobile":{"background-color":"var(--ast-global-color-5)","background-image":"","background-repeat":"repeat","background-position":"center center","background-size":"auto","background-attachment":"scroll","background-type":"","background-media":"","overlay-type":"","overlay-color":"","overlay-opacity":"","overlay-gradient":""}},"footnotes":""},"categories":[10,14],"tags":[],"class_list":["post-10406","post","type-post","status-publish","format-standard","has-post-thumbnail","hentry","category-porady-stylistki","category-wszystkie-wpisy"],"acf":[],"yoast_head":"<!-- This site is optimized with the Yoast SEO plugin v27.4 - https:\/\/yoast.com\/product\/yoast-seo-wordpress\/ -->\n<title>Wesele jesieni\u0105 \u2013 w co si\u0119 ubra\u0107? Jak\u0105 stylizacj\u0119 wybra\u0107? - Bialcon<\/title>\n<meta name=\"description\" content=\"Stylizacje na wesele jesieni\u0105 to temat, kt\u00f3remu warto po\u015bwi\u0119ci\u0107 wi\u0119cej uwagi. Podpowiadamy, jak stworzy\u0107 szykowny outfit na jesienne wesele.\" \/>\n<meta name=\"robots\" content=\"index, follow, max-snippet:-1, max-image-preview:large, max-video-preview:-1\" \/>\n<link rel=\"canonical\" href=\"https:\/\/bialcon.pl\/blog\/wesele-jesienia-w-co-sie-ubrac\/\" \/>\n<meta name=\"twitter:label1\" content=\"Napisane przez\" \/>\n\t<meta name=\"twitter:data1\" content=\"Daria Woszczaty\u0144ska-Przybylska\" \/>\n\t<meta name=\"twitter:label2\" content=\"Szacowany czas czytania\" \/>\n\t<meta name=\"twitter:data2\" content=\"11 minut\" \/>\n<script type=\"application\/ld+json\" class=\"yoast-schema-graph\">{\"@context\":\"https:\\\/\\\/schema.org\",\"@graph\":[{\"@type\":\"Article\",\"@id\":\"https:\\\/\\\/bialcon.pl\\\/blog\\\/wesele-jesienia-w-co-sie-ubrac\\\/#article\",\"isPartOf\":{\"@id\":\"https:\\\/\\\/bialcon.pl\\\/blog\\\/wesele-jesienia-w-co-sie-ubrac\\\/\"},\"author\":{\"name\":\"Daria Woszczaty\u0144ska-Przybylska\",\"@id\":\"https:\\\/\\\/bialcon.pl\\\/blog\\\/#\\\/schema\\\/person\\\/ba17cc8b0900b2a06eecf843eb117760\"},\"headline\":\"Wesele jesieni\u0105 \u2013 w co si\u0119 ubra\u0107? Jak\u0105 stylizacj\u0119 wybra\u0107?\",\"datePublished\":\"2024-11-14T09:00:00+00:00\",\"dateModified\":\"2025-11-24T11:47:05+00:00\",\"mainEntityOfPage\":{\"@id\":\"https:\\\/\\\/bialcon.pl\\\/blog\\\/wesele-jesienia-w-co-sie-ubrac\\\/\"},\"wordCount\":2065,\"image\":{\"@id\":\"https:\\\/\\\/bialcon.pl\\\/blog\\\/wesele-jesienia-w-co-sie-ubrac\\\/#primaryimage\"},\"thumbnailUrl\":\"https:\\\/\\\/bialcon.pl\\\/blog\\\/wp-content\\\/uploads\\\/2024\\\/11\\\/Projekt-bez-nazwy-20.png\",\"articleSection\":[\"Porady Stylistki\",\"Wszystkie wpisy\"],\"inLanguage\":\"pl-PL\"},{\"@type\":\"WebPage\",\"@id\":\"https:\\\/\\\/bialcon.pl\\\/blog\\\/wesele-jesienia-w-co-sie-ubrac\\\/\",\"url\":\"https:\\\/\\\/bialcon.pl\\\/blog\\\/wesele-jesienia-w-co-sie-ubrac\\\/\",\"name\":\"Wesele jesieni\u0105 \u2013 w co si\u0119 ubra\u0107? Jak\u0105 stylizacj\u0119 wybra\u0107? - Bialcon\",\"isPartOf\":{\"@id\":\"https:\\\/\\\/bialcon.pl\\\/blog\\\/#website\"},\"primaryImageOfPage\":{\"@id\":\"https:\\\/\\\/bialcon.pl\\\/blog\\\/wesele-jesienia-w-co-sie-ubrac\\\/#primaryimage\"},\"image\":{\"@id\":\"https:\\\/\\\/bialcon.pl\\\/blog\\\/wesele-jesienia-w-co-sie-ubrac\\\/#primaryimage\"},\"thumbnailUrl\":\"https:\\\/\\\/bialcon.pl\\\/blog\\\/wp-content\\\/uploads\\\/2024\\\/11\\\/Projekt-bez-nazwy-20.png\",\"datePublished\":\"2024-11-14T09:00:00+00:00\",\"dateModified\":\"2025-11-24T11:47:05+00:00\",\"author\":{\"@id\":\"https:\\\/\\\/bialcon.pl\\\/blog\\\/#\\\/schema\\\/person\\\/ba17cc8b0900b2a06eecf843eb117760\"},\"description\":\"Stylizacje na wesele jesieni\u0105 to temat, kt\u00f3remu warto po\u015bwi\u0119ci\u0107 wi\u0119cej uwagi. Podpowiadamy, jak stworzy\u0107 szykowny outfit na jesienne wesele.\",\"breadcrumb\":{\"@id\":\"https:\\\/\\\/bialcon.pl\\\/blog\\\/wesele-jesienia-w-co-sie-ubrac\\\/#breadcrumb\"},\"inLanguage\":\"pl-PL\",\"potentialAction\":[{\"@type\":\"ReadAction\",\"target\":[\"https:\\\/\\\/bialcon.pl\\\/blog\\\/wesele-jesienia-w-co-sie-ubrac\\\/\"]}]},{\"@type\":\"ImageObject\",\"inLanguage\":\"pl-PL\",\"@id\":\"https:\\\/\\\/bialcon.pl\\\/blog\\\/wesele-jesienia-w-co-sie-ubrac\\\/#primaryimage\",\"url\":\"https:\\\/\\\/bialcon.pl\\\/blog\\\/wp-content\\\/uploads\\\/2024\\\/11\\\/Projekt-bez-nazwy-20.png\",\"contentUrl\":\"https:\\\/\\\/bialcon.pl\\\/blog\\\/wp-content\\\/uploads\\\/2024\\\/11\\\/Projekt-bez-nazwy-20.png\",\"width\":960,\"height\":850,\"caption\":\"Wizualizacja kobiety w d\u0142ugiej, fioletowej sukience maxi z dekoltem carmen, z bufiastymi r\u0119kawami i rozkloszowanym do\u0142em\"},{\"@type\":\"BreadcrumbList\",\"@id\":\"https:\\\/\\\/bialcon.pl\\\/blog\\\/wesele-jesienia-w-co-sie-ubrac\\\/#breadcrumb\",\"itemListElement\":[{\"@type\":\"ListItem\",\"position\":1,\"name\":\"Strona g\u0142\u00f3wna\",\"item\":\"https:\\\/\\\/bialcon.pl\\\/blog\\\/\"},{\"@type\":\"ListItem\",\"position\":2,\"name\":\"Porady Stylistki\",\"item\":\"https:\\\/\\\/bialcon.pl\\\/blog\\\/porady-stylistki\\\/\"},{\"@type\":\"ListItem\",\"position\":3,\"name\":\"Wesele jesieni\u0105 \u2013 w co si\u0119 ubra\u0107? Jak\u0105 stylizacj\u0119 wybra\u0107?\"}]},{\"@type\":\"WebSite\",\"@id\":\"https:\\\/\\\/bialcon.pl\\\/blog\\\/#website\",\"url\":\"https:\\\/\\\/bialcon.pl\\\/blog\\\/\",\"name\":\"bialcon.pl\\\/blog\\\/\",\"description\":\"Fashion Blog w zasi\u0119gu Twojej r\u0119ki\",\"potentialAction\":[{\"@type\":\"SearchAction\",\"target\":{\"@type\":\"EntryPoint\",\"urlTemplate\":\"https:\\\/\\\/bialcon.pl\\\/blog\\\/?s={search_term_string}\"},\"query-input\":{\"@type\":\"PropertyValueSpecification\",\"valueRequired\":true,\"valueName\":\"search_term_string\"}}],\"inLanguage\":\"pl-PL\"},{\"@type\":\"Person\",\"@id\":\"https:\\\/\\\/bialcon.pl\\\/blog\\\/#\\\/schema\\\/person\\\/ba17cc8b0900b2a06eecf843eb117760\",\"name\":\"Daria Woszczaty\u0144ska-Przybylska\",\"image\":{\"@type\":\"ImageObject\",\"inLanguage\":\"pl-PL\",\"@id\":\"https:\\\/\\\/secure.gravatar.com\\\/avatar\\\/624792ad5428294ab99ef3d7d452e28d140144dac597c3725127e5d3ea759f0b?s=96&d=mm&r=g\",\"url\":\"https:\\\/\\\/secure.gravatar.com\\\/avatar\\\/624792ad5428294ab99ef3d7d452e28d140144dac597c3725127e5d3ea759f0b?s=96&d=mm&r=g\",\"contentUrl\":\"https:\\\/\\\/secure.gravatar.com\\\/avatar\\\/624792ad5428294ab99ef3d7d452e28d140144dac597c3725127e5d3ea759f0b?s=96&d=mm&r=g\",\"caption\":\"Daria Woszczaty\u0144ska-Przybylska\"},\"description\":\"Autorka tre\u015bci o modzie, copywriterka i content writerka, z wykszta\u0142cenia projektantka ubioru. Zajmuje si\u0119 analiz\u0105 przemian w modzie oraz przyst\u0119pnym wyja\u015bnianiem trend\u00f3w, pomagaj\u0105c odbiorcom \u015bwiadomie budowa\u0107 w\u0142asny styl. Interesuje j\u0105 kreowanie osobistego stylu, ilustracja modowa oraz ubi\u00f3r traktowany jako forma sztuki. Jej najnowsze teksty o modzie znajdziesz na blogu Bialcon.\",\"sameAs\":[\"https:\\\/\\\/www.facebook.com\\\/daria.woszczatynska\\\/\"],\"url\":\"https:\\\/\\\/bialcon.pl\\\/blog\\\/author\\\/daria-woszczatynska-przybylska\\\/\"}]}<\/script>\n<!-- \/ Yoast SEO plugin. -->","yoast_head_json":{"title":"Wesele jesieni\u0105 \u2013 w co si\u0119 ubra\u0107? Jak\u0105 stylizacj\u0119 wybra\u0107? - Bialcon","description":"Stylizacje na wesele jesieni\u0105 to temat, kt\u00f3remu warto po\u015bwi\u0119ci\u0107 wi\u0119cej uwagi. Podpowiadamy, jak stworzy\u0107 szykowny outfit na jesienne wesele.","robots":{"index":"index","follow":"follow","max-snippet":"max-snippet:-1","max-image-preview":"max-image-preview:large","max-video-preview":"max-video-preview:-1"},"canonical":"https:\/\/bialcon.pl\/blog\/wesele-jesienia-w-co-sie-ubrac\/","twitter_misc":{"Napisane przez":"Daria Woszczaty\u0144ska-Przybylska","Szacowany czas czytania":"11 minut"},"schema":{"@context":"https:\/\/schema.org","@graph":[{"@type":"Article","@id":"https:\/\/bialcon.pl\/blog\/wesele-jesienia-w-co-sie-ubrac\/#article","isPartOf":{"@id":"https:\/\/bialcon.pl\/blog\/wesele-jesienia-w-co-sie-ubrac\/"},"author":{"name":"Daria Woszczaty\u0144ska-Przybylska","@id":"https:\/\/bialcon.pl\/blog\/#\/schema\/person\/ba17cc8b0900b2a06eecf843eb117760"},"headline":"Wesele jesieni\u0105 \u2013 w co si\u0119 ubra\u0107? Jak\u0105 stylizacj\u0119 wybra\u0107?","datePublished":"2024-11-14T09:00:00+00:00","dateModified":"2025-11-24T11:47:05+00:00","mainEntityOfPage":{"@id":"https:\/\/bialcon.pl\/blog\/wesele-jesienia-w-co-sie-ubrac\/"},"wordCount":2065,"image":{"@id":"https:\/\/bialcon.pl\/blog\/wesele-jesienia-w-co-sie-ubrac\/#primaryimage"},"thumbnailUrl":"https:\/\/bialcon.pl\/blog\/wp-content\/uploads\/2024\/11\/Projekt-bez-nazwy-20.png","articleSection":["Porady Stylistki","Wszystkie wpisy"],"inLanguage":"pl-PL"},{"@type":"WebPage","@id":"https:\/\/bialcon.pl\/blog\/wesele-jesienia-w-co-sie-ubrac\/","url":"https:\/\/bialcon.pl\/blog\/wesele-jesienia-w-co-sie-ubrac\/","name":"Wesele jesieni\u0105 \u2013 w co si\u0119 ubra\u0107? Jak\u0105 stylizacj\u0119 wybra\u0107? - Bialcon","isPartOf":{"@id":"https:\/\/bialcon.pl\/blog\/#website"},"primaryImageOfPage":{"@id":"https:\/\/bialcon.pl\/blog\/wesele-jesienia-w-co-sie-ubrac\/#primaryimage"},"image":{"@id":"https:\/\/bialcon.pl\/blog\/wesele-jesienia-w-co-sie-ubrac\/#primaryimage"},"thumbnailUrl":"https:\/\/bialcon.pl\/blog\/wp-content\/uploads\/2024\/11\/Projekt-bez-nazwy-20.png","datePublished":"2024-11-14T09:00:00+00:00","dateModified":"2025-11-24T11:47:05+00:00","author":{"@id":"https:\/\/bialcon.pl\/blog\/#\/schema\/person\/ba17cc8b0900b2a06eecf843eb117760"},"description":"Stylizacje na wesele jesieni\u0105 to temat, kt\u00f3remu warto po\u015bwi\u0119ci\u0107 wi\u0119cej uwagi. Podpowiadamy, jak stworzy\u0107 szykowny outfit na jesienne wesele.","breadcrumb":{"@id":"https:\/\/bialcon.pl\/blog\/wesele-jesienia-w-co-sie-ubrac\/#breadcrumb"},"inLanguage":"pl-PL","potentialAction":[{"@type":"ReadAction","target":["https:\/\/bialcon.pl\/blog\/wesele-jesienia-w-co-sie-ubrac\/"]}]},{"@type":"ImageObject","inLanguage":"pl-PL","@id":"https:\/\/bialcon.pl\/blog\/wesele-jesienia-w-co-sie-ubrac\/#primaryimage","url":"https:\/\/bialcon.pl\/blog\/wp-content\/uploads\/2024\/11\/Projekt-bez-nazwy-20.png","contentUrl":"https:\/\/bialcon.pl\/blog\/wp-content\/uploads\/2024\/11\/Projekt-bez-nazwy-20.png","width":960,"height":850,"caption":"Wizualizacja kobiety w d\u0142ugiej, fioletowej sukience maxi z dekoltem carmen, z bufiastymi r\u0119kawami i rozkloszowanym do\u0142em"},{"@type":"BreadcrumbList","@id":"https:\/\/bialcon.pl\/blog\/wesele-jesienia-w-co-sie-ubrac\/#breadcrumb","itemListElement":[{"@type":"ListItem","position":1,"name":"Strona g\u0142\u00f3wna","item":"https:\/\/bialcon.pl\/blog\/"},{"@type":"ListItem","position":2,"name":"Porady Stylistki","item":"https:\/\/bialcon.pl\/blog\/porady-stylistki\/"},{"@type":"ListItem","position":3,"name":"Wesele jesieni\u0105 \u2013 w co si\u0119 ubra\u0107? Jak\u0105 stylizacj\u0119 wybra\u0107?"}]},{"@type":"WebSite","@id":"https:\/\/bialcon.pl\/blog\/#website","url":"https:\/\/bialcon.pl\/blog\/","name":"bialcon.pl\/blog\/","description":"Fashion Blog w zasi\u0119gu Twojej r\u0119ki","potentialAction":[{"@type":"SearchAction","target":{"@type":"EntryPoint","urlTemplate":"https:\/\/bialcon.pl\/blog\/?s={search_term_string}"},"query-input":{"@type":"PropertyValueSpecification","valueRequired":true,"valueName":"search_term_string"}}],"inLanguage":"pl-PL"},{"@type":"Person","@id":"https:\/\/bialcon.pl\/blog\/#\/schema\/person\/ba17cc8b0900b2a06eecf843eb117760","name":"Daria Woszczaty\u0144ska-Przybylska","image":{"@type":"ImageObject","inLanguage":"pl-PL","@id":"https:\/\/secure.gravatar.com\/avatar\/624792ad5428294ab99ef3d7d452e28d140144dac597c3725127e5d3ea759f0b?s=96&d=mm&r=g","url":"https:\/\/secure.gravatar.com\/avatar\/624792ad5428294ab99ef3d7d452e28d140144dac597c3725127e5d3ea759f0b?s=96&d=mm&r=g","contentUrl":"https:\/\/secure.gravatar.com\/avatar\/624792ad5428294ab99ef3d7d452e28d140144dac597c3725127e5d3ea759f0b?s=96&d=mm&r=g","caption":"Daria Woszczaty\u0144ska-Przybylska"},"description":"Autorka tre\u015bci o modzie, copywriterka i content writerka, z wykszta\u0142cenia projektantka ubioru. Zajmuje si\u0119 analiz\u0105 przemian w modzie oraz przyst\u0119pnym wyja\u015bnianiem trend\u00f3w, pomagaj\u0105c odbiorcom \u015bwiadomie budowa\u0107 w\u0142asny styl. Interesuje j\u0105 kreowanie osobistego stylu, ilustracja modowa oraz ubi\u00f3r traktowany jako forma sztuki. Jej najnowsze teksty o modzie znajdziesz na blogu Bialcon.","sameAs":["https:\/\/www.facebook.com\/daria.woszczatynska\/"],"url":"https:\/\/bialcon.pl\/blog\/author\/daria-woszczatynska-przybylska\/"}]}},"_links":{"self":[{"href":"https:\/\/bialcon.pl\/blog\/wp-json\/wp\/v2\/posts\/10406","targetHints":{"allow":["GET"]}}],"collection":[{"href":"https:\/\/bialcon.pl\/blog\/wp-json\/wp\/v2\/posts"}],"about":[{"href":"https:\/\/bialcon.pl\/blog\/wp-json\/wp\/v2\/types\/post"}],"author":[{"embeddable":true,"href":"https:\/\/bialcon.pl\/blog\/wp-json\/wp\/v2\/users\/14"}],"replies":[{"embeddable":true,"href":"https:\/\/bialcon.pl\/blog\/wp-json\/wp\/v2\/comments?post=10406"}],"version-history":[{"count":5,"href":"https:\/\/bialcon.pl\/blog\/wp-json\/wp\/v2\/posts\/10406\/revisions"}],"predecessor-version":[{"id":11880,"href":"https:\/\/bialcon.pl\/blog\/wp-json\/wp\/v2\/posts\/10406\/revisions\/11880"}],"wp:featuredmedia":[{"embeddable":true,"href":"https:\/\/bialcon.pl\/blog\/wp-json\/wp\/v2\/media\/10422"}],"wp:attachment":[{"href":"https:\/\/bialcon.pl\/blog\/wp-json\/wp\/v2\/media?parent=10406"}],"wp:term":[{"taxonomy":"category","embeddable":true,"href":"https:\/\/bialcon.pl\/blog\/wp-json\/wp\/v2\/categories?post=10406"},{"taxonomy":"post_tag","embeddable":true,"href":"https:\/\/bialcon.pl\/blog\/wp-json\/wp\/v2\/tags?post=10406"}],"curies":[{"name":"wp","href":"https:\/\/api.w.org\/{rel}","templated":true}]}}